{"id":99778,"date":"2023-11-10T20:43:09","date_gmt":"2023-11-10T23:43:09","guid":{"rendered":"https:\/\/webdelmaestrocmf.com\/portal\/?p=99778"},"modified":"2023-11-10T20:55:13","modified_gmt":"2023-11-10T23:55:13","slug":"papa-francisco-es-nuestro-deber-dar-voz-a-las-mujeres-victimas-de-abusos","status":"publish","type":"post","link":"https:\/\/webdelmaestrocmf.com\/portal\/papa-francisco-es-nuestro-deber-dar-voz-a-las-mujeres-victimas-de-abusos\/","title":{"rendered":"Papa Francisco: Es nuestro deber dar voz a las mujeres v\u00edctimas de abusos"},"content":{"rendered":"<p style=\"text-align: justify;\"><strong>Papa Francisco: Es nuestro deber, la responsabilidad de todos, dar voz a nuestras hermanas sin voz: mujeres que son v\u00edctimas de abuso, explotaci\u00f3n, marginaci\u00f3n y presiones inapropiadas\u201d.\u00a0En un mensaje dirigido a una campa\u00f1a italiana con el prop\u00f3sito de erradicar la violencia contra las mujeres, el Papa enfatiz\u00f3 la importancia de la responsabilidad compartida y la acci\u00f3n colectiva.<\/strong><!--more--><\/p>\n<p style=\"text-align: justify;\">El pronunciamiento del Papa Francisco respecto a la responsabilidad de dar voz a las mujeres v\u00edctimas de abusos y violencia dom\u00e9stica revela un compromiso destacado con la defensa de los derechos de las mujeres y la lucha contra la discriminaci\u00f3n de g\u00e9nero. Este mensaje se enmarca en una campa\u00f1a italiana para erradicar la violencia contra las mujeres, subrayando la importancia de la acci\u00f3n colectiva y la participaci\u00f3n activa de la sociedad en este proceso.<\/p>\n<p>Art\u00edculo relacionado: <a href=\"https:\/\/webdelmaestrocmf.com\/portal\/seis-factores-y-ocho-recomendaciones-para-erradicar-el-acoso-escolar\/\" target=\"_top\" rel=\"noopener\">Seis factores y ocho recomendaciones para erradicar el acoso escolar<\/a><\/p>\n<p style=\"text-align: justify;\">El Papa destaca que esta responsabilidad no recae \u00fanicamente en un grupo espec\u00edfico, sino que es un deber compartido por todos. La inclusi\u00f3n del t\u00e9rmino \u00abnuestras hermanas sin voz\u00bb refleja un llamado a la solidaridad y empat\u00eda, buscando crear conciencia sobre la situaci\u00f3n de vulnerabilidad de las mujeres que sufren abusos y explotaci\u00f3n. El uso de la palabra \u00abhermanas\u00bb sugiere una conexi\u00f3n humana m\u00e1s profunda, instando a la sociedad a considerar a estas mujeres como parte de una comunidad global que merece apoyo y protecci\u00f3n.<\/p>\n<p><img loading=\"lazy\" decoding=\"async\" class=\"alignnone size-full wp-image-99779\" src=\"https:\/\/webdelmaestrocmf.com\/portal\/wp-content\/uploads\/2023\/11\/AF6QYNmoW0AA4t6-4.jpg\" alt=\"papa francisco\" width=\"800\" height=\"418\" srcset=\"https:\/\/webdelmaestrocmf.com\/portal\/wp-content\/uploads\/2023\/11\/AF6QYNmoW0AA4t6-4.jpg 800w, https:\/\/webdelmaestrocmf.com\/portal\/wp-content\/uploads\/2023\/11\/AF6QYNmoW0AA4t6-4-300x157.jpg 300w, https:\/\/webdelmaestrocmf.com\/portal\/wp-content\/uploads\/2023\/11\/AF6QYNmoW0AA4t6-4-768x401.jpg 768w, https:\/\/webdelmaestrocmf.com\/portal\/wp-content\/uploads\/2023\/11\/AF6QYNmoW0AA4t6-4-380x199.jpg 380w, https:\/\/webdelmaestrocmf.com\/portal\/wp-content\/uploads\/2023\/11\/AF6QYNmoW0AA4t6-4-550x287.jpg 550w\" sizes=\"auto, (max-width: 800px) 100vw, 800px\" \/><\/p>\n<p style=\"text-align: justify;\">La expresi\u00f3n \u00abactuar ahora, en todos los niveles\u00bb resalta la urgencia de abordar el problema de la violencia contra las mujeres de manera integral. Este llamado a la acci\u00f3n implica no solo medidas gubernamentales, sino tambi\u00e9n la participaci\u00f3n activa de la sociedad civil, organizaciones no gubernamentales y la comunidad religiosa. La menci\u00f3n de la \u00abdeterminaci\u00f3n, urgencia y valent\u00eda\u00bb indica la necesidad de superar la pasividad y enfrentar este desaf\u00edo con determinaci\u00f3n y coraje.<\/p>\n<p style=\"text-align: justify;\">El hecho de que el Papa Francisco aborde espec\u00edficamente la violencia contra las mujeres como un problema que requiere atenci\u00f3n inmediata sugiere un reconocimiento de la gravedad de la situaci\u00f3n y la necesidad de medidas concretas. Este posicionamiento puede tener un impacto significativo en la conciencia p\u00fablica, al destacar la importancia de abordar la violencia de g\u00e9nero como una cuesti\u00f3n moral y social apremiante.<\/p>\n<p style=\"text-align: justify;\">El pronunciamiento del Papa Francisco destaca la importancia de abordar la violencia contra las mujeres como un problema colectivo que requiere la participaci\u00f3n activa de la sociedad. Este llamado a la acci\u00f3n y la solidaridad puede tener un impacto positivo en la conciencia p\u00fablica, pero tambi\u00e9n plantea preguntas sobre la consistencia de la postura de la Iglesia Cat\u00f3lica en cuestiones de g\u00e9nero. La efectividad de este mensaje depender\u00e1 de la implementaci\u00f3n de medidas concretas a nivel societal y gubernamental para combatir la violencia contra las mujeres.<\/p>\n<p><strong>Fuente<\/strong>: <a href=\"https:\/\/twitter.com\/Infovaticana\/status\/1722896216852164615\" target=\"_blank\" rel=\"noopener\">Infovaticana<\/a><\/p>\n\t\t<div class=\"pk-inline-posts\">\n\t\t\t\n\t\t\t<div class=\"pk-inline-posts-container pk-inline-posts-template-list\"\n\t\t\t\tdata-columns=\"1\">\n\t\t\t\t\t\t<article id=\"post-117930\" class=\"post-117930 post type-post status-publish format-standard has-post-thumbnail category-pastoral category-noticias-internacionales category-papa-leon-xiv tag-conflictos tag-derechos-humanos tag-educacion-en-valores-2 tag-etica-3 tag-justicia-social tag-liderazgo tag-papa-2 tag-paz tag-reflexion-2 tag-solidaridad cs-entry cs-video-wrap\">\n\t\t\t<div class=\"pk-post-outer\">\n\n\t\t\t\t\t\t\t\t<div class=\"pk-post-inner\">\n\t\t\t\t\t<div class=\"entry-thumbnail\">\n\t\t\t\t\t\t<div class=\"pk-overlay pk-overlay-ratio pk-ratio-landscape\">\n\t\t\t\t\t\t\t<div class=\"pk-overlay-background\">\n\t\t\t\t\t\t\t\t<a href=\"https:\/\/webdelmaestrocmf.com\/portal\/papa-leon-xiv-el-mundo-esta-siendo-destruido-por-unos-pocos-tiranos-en-referencia-a-trump\/\" class=\"pk-overlay-link\">\n\t\t\t\t\t\t\t\t\t<img loading=\"lazy\" decoding=\"async\" width=\"300\" height=\"225\" src=\"https:\/\/webdelmaestrocmf.com\/portal\/wp-content\/uploads\/2026\/04\/1AA-Banner-1-portada-imagen-10-1-copia-30-300x225.webp\" class=\"attachment-pk-thumbnail size-pk-thumbnail wp-post-image\" alt=\"\" \/>\t\t\t\t\t\t\t\t<\/a>\n\t\t\t\t\t\t\t<\/div>\n\t\t\t\t\t\t<\/div>\n\t\t\t\t\t<\/div>\n\t\t\t\t<\/div>\n\t\t\t\t\n\t\t\t\t<div class=\"pk-post-inner\">\n\t\t\t\t\t<header>\n\t\t\t\t\t\t<h3 class=\"pk-title\"><a href=\"https:\/\/webdelmaestrocmf.com\/portal\/papa-leon-xiv-el-mundo-esta-siendo-destruido-por-unos-pocos-tiranos-en-referencia-a-trump\/\" rel=\"bookmark\">Papa Le\u00f3n XIV: \u201cEl mundo est\u00e1 siendo destruido por unos pocos tiranos\u201d, en referencia a Trump<\/a><\/h3>\t\t\t\t\t<\/header><!-- .entry-header -->\n\t\t\t\t<\/div><!-- .post-inner -->\n\n\t\t\t<\/div><!-- .post-outer -->\n\t\t<\/article>\n\t\t\t<article id=\"post-117688\" class=\"post-117688 post type-post status-publish format-standard has-post-thumbnail category-pastoral category-noticias-internacionales category-papa-leon-xiv tag-actualidad-educativa tag-conflictos-internacionales tag-donald-trump tag-educacion-civica tag-liderazgo-etico tag-papa-leon-xiv-2 tag-paz-mundial tag-pensamiento-critico-3 tag-sociedad-global tag-valores-humanos cs-entry cs-video-wrap\">\n\t\t\t<div class=\"pk-post-outer\">\n\n\t\t\t\t\t\t\t\t<div class=\"pk-post-inner\">\n\t\t\t\t\t<div class=\"entry-thumbnail\">\n\t\t\t\t\t\t<div class=\"pk-overlay pk-overlay-ratio pk-ratio-landscape\">\n\t\t\t\t\t\t\t<div class=\"pk-overlay-background\">\n\t\t\t\t\t\t\t\t<a href=\"https:\/\/webdelmaestrocmf.com\/portal\/papa-leon-xiv-responde-al-mandatario-tras-criticas-por-llamar-a-la-paz-no-le-tengo-miedo-a-la-administracion-de-trump\/\" class=\"pk-overlay-link\">\n\t\t\t\t\t\t\t\t\t<img loading=\"lazy\" decoding=\"async\" width=\"300\" height=\"225\" src=\"https:\/\/webdelmaestrocmf.com\/portal\/wp-content\/uploads\/2026\/04\/1AA-Banner-1-portada-imagen-10-1-copia-8-1-300x225.webp\" class=\"attachment-pk-thumbnail size-pk-thumbnail wp-post-image\" alt=\"\" \/>\t\t\t\t\t\t\t\t<\/a>\n\t\t\t\t\t\t\t<\/div>\n\t\t\t\t\t\t<\/div>\n\t\t\t\t\t<\/div>\n\t\t\t\t<\/div>\n\t\t\t\t\n\t\t\t\t<div class=\"pk-post-inner\">\n\t\t\t\t\t<header>\n\t\t\t\t\t\t<h3 class=\"pk-title\"><a href=\"https:\/\/webdelmaestrocmf.com\/portal\/papa-leon-xiv-responde-al-mandatario-tras-criticas-por-llamar-a-la-paz-no-le-tengo-miedo-a-la-administracion-de-trump\/\" rel=\"bookmark\">Papa Le\u00f3n XIV responde al mandatario tras cr\u00edticas por llamar a la paz: No le tengo miedo a la administraci\u00f3n de Trump<\/a><\/h3>\t\t\t\t\t<\/header><!-- .entry-header -->\n\t\t\t\t<\/div><!-- .post-inner -->\n\n\t\t\t<\/div><!-- .post-outer -->\n\t\t<\/article>\n\t\t\t<article id=\"post-117434\" class=\"post-117434 post type-post status-publish format-standard has-post-thumbnail category-entrevistas category-iglesia-catolica category-pastoral category-noticias tag-aprendizaje tag-docencia tag-educacion-humanista tag-educacion-superior-2 tag-formacion-integral-2 tag-liderazgo tag-papa-francisco tag-pedagogia-3 tag-universidad tag-valores cs-entry cs-video-wrap\">\n\t\t\t<div class=\"pk-post-outer\">\n\n\t\t\t\t\t\t\t\t<div class=\"pk-post-inner\">\n\t\t\t\t\t<div class=\"entry-thumbnail\">\n\t\t\t\t\t\t<div class=\"pk-overlay pk-overlay-ratio pk-ratio-landscape\">\n\t\t\t\t\t\t\t<div class=\"pk-overlay-background\">\n\t\t\t\t\t\t\t\t<a href=\"https:\/\/webdelmaestrocmf.com\/portal\/cual-es-la-mision-de-la-universidad-segun-el-papa-francisco-formar-personas-completas-no-solo-profesionales\/\" class=\"pk-overlay-link\">\n\t\t\t\t\t\t\t\t\t<img loading=\"lazy\" decoding=\"async\" width=\"300\" height=\"225\" src=\"https:\/\/webdelmaestrocmf.com\/portal\/wp-content\/uploads\/2026\/04\/1-3-300x225.webp\" class=\"attachment-pk-thumbnail size-pk-thumbnail wp-post-image\" alt=\"\" \/>\t\t\t\t\t\t\t\t<\/a>\n\t\t\t\t\t\t\t<\/div>\n\t\t\t\t\t\t<\/div>\n\t\t\t\t\t<\/div>\n\t\t\t\t<\/div>\n\t\t\t\t\n\t\t\t\t<div class=\"pk-post-inner\">\n\t\t\t\t\t<header>\n\t\t\t\t\t\t<h3 class=\"pk-title\"><a href=\"https:\/\/webdelmaestrocmf.com\/portal\/cual-es-la-mision-de-la-universidad-segun-el-papa-francisco-formar-personas-completas-no-solo-profesionales\/\" rel=\"bookmark\">Cu\u00e1l es la misi\u00f3n de la universidad seg\u00fan el Papa Francisco: formar personas completas, no solo profesionales<\/a><\/h3>\t\t\t\t\t<\/header><!-- .entry-header -->\n\t\t\t\t<\/div><!-- .post-inner -->\n\n\t\t\t<\/div><!-- .post-outer -->\n\t\t<\/article>\n\t\t\t\t<\/div>\n\t\t<\/div>\n\t\t\n","protected":false},"excerpt":{"rendered":"Papa Francisco: Es nuestro deber, la responsabilidad de todos, dar voz a nuestras hermanas sin voz: mujeres que&hellip;","protected":false},"author":1,"featured_media":99780,"comment_status":"open","ping_status":"closed","sticky":false,"template":"","format":"standard","meta":{"csco_display_header_overlay":false,"csco_singular_sidebar":"","csco_page_header_type":"","csco_page_load_nextpost":"","csco_post_video_location":[],"csco_post_video_location_hash":"","csco_post_video_url":"","csco_post_video_bg_start_time":0,"csco_post_video_bg_end_time":0,"csco_post_video_bg_volume":false,"_jetpack_memberships_contains_paid_content":false,"footnotes":""},"categories":[431,467],"tags":[4148,14669,22984,218],"class_list":{"0":"post-99778","1":"post","2":"type-post","3":"status-publish","4":"format-standard","5":"has-post-thumbnail","7":"category-pastoral","8":"category-papa-francisco","9":"tag-abusos","10":"tag-deber","11":"tag-mujeres-victimas","12":"tag-papa-francisco","13":"cs-entry","14":"cs-video-wrap"},"yoast_head":"<!-- This site is optimized with the Yoast SEO plugin v27.5 - https:\/\/yoast.com\/product\/yoast-seo-wordpress\/ -->\n<title>Papa Francisco: Es nuestro deber dar voz a las mujeres v\u00edctimas de abusos - 2026<\/title>\n<meta name=\"description\" content=\"Papa Francisco propone responsabilidad compartida para erradicar la violencia contra las mujeres v\u00edctimas de abuso. Escuchemos su mensaje\" \/>\n<meta name=\"robots\" content=\"index, follow, max-snippet:-1, max-image-preview:large, max-video-preview:-1\" \/>\n<link rel=\"canonical\" href=\"https:\/\/webdelmaestrocmf.com\/portal\/papa-francisco-es-nuestro-deber-dar-voz-a-las-mujeres-victimas-de-abusos\/\" \/>\n<meta property=\"og:locale\" content=\"es_ES\" \/>\n<meta property=\"og:type\" content=\"article\" \/>\n<meta property=\"og:title\" content=\"Papa Francisco: Es nuestro deber dar voz a las mujeres v\u00edctimas de abusos - 2026\" \/>\n<meta property=\"og:description\" content=\"Papa Francisco propone responsabilidad compartida para erradicar la violencia contra las mujeres v\u00edctimas de abuso. Escuchemos su mensaje\" \/>\n<meta property=\"og:url\" content=\"https:\/\/webdelmaestrocmf.com\/portal\/papa-francisco-es-nuestro-deber-dar-voz-a-las-mujeres-victimas-de-abusos\/\" \/>\n<meta property=\"og:site_name\" content=\"Web del Maestro CMF\" \/>\n<meta property=\"article:publisher\" content=\"https:\/\/www.facebook.com\/WebdelMaestroCMF\/\" \/>\n<meta property=\"article:author\" content=\"https:\/\/www.facebook.com\/WebdelMaestroCMF\/\" \/>\n<meta property=\"article:published_time\" content=\"2023-11-10T23:43:09+00:00\" \/>\n<meta property=\"article:modified_time\" content=\"2023-11-10T23:55:13+00:00\" \/>\n<meta property=\"og:image\" content=\"https:\/\/webdelmaestrocmf.com\/portal\/wp-content\/uploads\/2023\/11\/A12B3C4D-1-2.jpg\" \/>\n\t<meta property=\"og:image:width\" content=\"900\" \/>\n\t<meta property=\"og:image:height\" content=\"556\" \/>\n\t<meta property=\"og:image:type\" content=\"image\/jpeg\" \/>\n<meta name=\"author\" content=\"Web del Maestro CMF\" \/>\n<meta name=\"twitter:card\" content=\"summary_large_image\" \/>\n<meta name=\"twitter:creator\" content=\"@cmf_w\" \/>\n<meta name=\"twitter:site\" content=\"@cmf_w\" \/>\n<script type=\"application\/ld+json\" class=\"yoast-schema-graph\">{\"@context\":\"https:\\\/\\\/schema.org\",\"@graph\":[{\"@type\":\"ScholarlyArticle\",\"@id\":\"https:\\\/\\\/webdelmaestrocmf.com\\\/portal\\\/papa-francisco-es-nuestro-deber-dar-voz-a-las-mujeres-victimas-de-abusos\\\/#article\",\"isPartOf\":{\"@id\":\"https:\\\/\\\/webdelmaestrocmf.com\\\/portal\\\/papa-francisco-es-nuestro-deber-dar-voz-a-las-mujeres-victimas-de-abusos\\\/\"},\"author\":{\"name\":\"Web del Maestro CMF\",\"@id\":\"https:\\\/\\\/webdelmaestrocmf.com\\\/portal\\\/#\\\/schema\\\/person\\\/1072a2ed7bd960df8ef99a551fa35dc5\"},\"headline\":\"Papa Francisco: Es nuestro deber dar voz a las mujeres v\u00edctimas de abusos\",\"datePublished\":\"2023-11-10T23:43:09+00:00\",\"dateModified\":\"2023-11-10T23:55:13+00:00\",\"mainEntityOfPage\":{\"@id\":\"https:\\\/\\\/webdelmaestrocmf.com\\\/portal\\\/papa-francisco-es-nuestro-deber-dar-voz-a-las-mujeres-victimas-de-abusos\\\/\"},\"wordCount\":516,\"commentCount\":1,\"publisher\":{\"@id\":\"https:\\\/\\\/webdelmaestrocmf.com\\\/portal\\\/#organization\"},\"image\":{\"@id\":\"https:\\\/\\\/webdelmaestrocmf.com\\\/portal\\\/papa-francisco-es-nuestro-deber-dar-voz-a-las-mujeres-victimas-de-abusos\\\/#primaryimage\"},\"thumbnailUrl\":\"https:\\\/\\\/webdelmaestrocmf.com\\\/portal\\\/wp-content\\\/uploads\\\/2023\\\/11\\\/A12B3C4D-1-2.jpg\",\"keywords\":[\"ABUSOS\",\"deber\",\"mujeres v\u00edctimas\",\"Papa Francisco\"],\"articleSection\":[\"Mundo cart\u00f3lico\",\"Papa Francisco\"],\"inLanguage\":\"es\",\"potentialAction\":[{\"@type\":\"CommentAction\",\"name\":\"Comment\",\"target\":[\"https:\\\/\\\/webdelmaestrocmf.com\\\/portal\\\/papa-francisco-es-nuestro-deber-dar-voz-a-las-mujeres-victimas-de-abusos\\\/#respond\"]}]},{\"@type\":\"WebPage\",\"@id\":\"https:\\\/\\\/webdelmaestrocmf.com\\\/portal\\\/papa-francisco-es-nuestro-deber-dar-voz-a-las-mujeres-victimas-de-abusos\\\/\",\"url\":\"https:\\\/\\\/webdelmaestrocmf.com\\\/portal\\\/papa-francisco-es-nuestro-deber-dar-voz-a-las-mujeres-victimas-de-abusos\\\/\",\"name\":\"Papa Francisco: Es nuestro deber dar voz a las mujeres v\u00edctimas de abusos - 2026\",\"isPartOf\":{\"@id\":\"https:\\\/\\\/webdelmaestrocmf.com\\\/portal\\\/#website\"},\"primaryImageOfPage\":{\"@id\":\"https:\\\/\\\/webdelmaestrocmf.com\\\/portal\\\/papa-francisco-es-nuestro-deber-dar-voz-a-las-mujeres-victimas-de-abusos\\\/#primaryimage\"},\"image\":{\"@id\":\"https:\\\/\\\/webdelmaestrocmf.com\\\/portal\\\/papa-francisco-es-nuestro-deber-dar-voz-a-las-mujeres-victimas-de-abusos\\\/#primaryimage\"},\"thumbnailUrl\":\"https:\\\/\\\/webdelmaestrocmf.com\\\/portal\\\/wp-content\\\/uploads\\\/2023\\\/11\\\/A12B3C4D-1-2.jpg\",\"datePublished\":\"2023-11-10T23:43:09+00:00\",\"dateModified\":\"2023-11-10T23:55:13+00:00\",\"description\":\"Papa Francisco propone responsabilidad compartida para erradicar la violencia contra las mujeres v\u00edctimas de abuso. Escuchemos su mensaje\",\"breadcrumb\":{\"@id\":\"https:\\\/\\\/webdelmaestrocmf.com\\\/portal\\\/papa-francisco-es-nuestro-deber-dar-voz-a-las-mujeres-victimas-de-abusos\\\/#breadcrumb\"},\"inLanguage\":\"es\",\"potentialAction\":[{\"@type\":\"ReadAction\",\"target\":[\"https:\\\/\\\/webdelmaestrocmf.com\\\/portal\\\/papa-francisco-es-nuestro-deber-dar-voz-a-las-mujeres-victimas-de-abusos\\\/\"]}]},{\"@type\":\"ImageObject\",\"inLanguage\":\"es\",\"@id\":\"https:\\\/\\\/webdelmaestrocmf.com\\\/portal\\\/papa-francisco-es-nuestro-deber-dar-voz-a-las-mujeres-victimas-de-abusos\\\/#primaryimage\",\"url\":\"https:\\\/\\\/webdelmaestrocmf.com\\\/portal\\\/wp-content\\\/uploads\\\/2023\\\/11\\\/A12B3C4D-1-2.jpg\",\"contentUrl\":\"https:\\\/\\\/webdelmaestrocmf.com\\\/portal\\\/wp-content\\\/uploads\\\/2023\\\/11\\\/A12B3C4D-1-2.jpg\",\"width\":900,\"height\":556,\"caption\":\"francisco\"},{\"@type\":\"BreadcrumbList\",\"@id\":\"https:\\\/\\\/webdelmaestrocmf.com\\\/portal\\\/papa-francisco-es-nuestro-deber-dar-voz-a-las-mujeres-victimas-de-abusos\\\/#breadcrumb\",\"itemListElement\":[{\"@type\":\"ListItem\",\"position\":1,\"name\":\"Portada\",\"item\":\"https:\\\/\\\/webdelmaestrocmf.com\\\/portal\\\/\"},{\"@type\":\"ListItem\",\"position\":2,\"name\":\"Mundo cart\u00f3lico\",\"item\":\"https:\\\/\\\/webdelmaestrocmf.com\\\/portal\\\/category\\\/pastoral\\\/\"},{\"@type\":\"ListItem\",\"position\":3,\"name\":\"Papa Francisco: Es nuestro deber dar voz a las mujeres v\u00edctimas de abusos\"}]},{\"@type\":\"WebSite\",\"@id\":\"https:\\\/\\\/webdelmaestrocmf.com\\\/portal\\\/#website\",\"url\":\"https:\\\/\\\/webdelmaestrocmf.com\\\/portal\\\/\",\"name\":\"Web del Maestro CMF\",\"description\":\"Maestros al servicio de la educaci\u00f3n\",\"publisher\":{\"@id\":\"https:\\\/\\\/webdelmaestrocmf.com\\\/portal\\\/#organization\"},\"alternateName\":\"WMCMF\",\"potentialAction\":[{\"@type\":\"SearchAction\",\"target\":{\"@type\":\"EntryPoint\",\"urlTemplate\":\"https:\\\/\\\/webdelmaestrocmf.com\\\/portal\\\/?s={search_term_string}\"},\"query-input\":{\"@type\":\"PropertyValueSpecification\",\"valueRequired\":true,\"valueName\":\"search_term_string\"}}],\"inLanguage\":\"es\"},{\"@type\":\"Organization\",\"@id\":\"https:\\\/\\\/webdelmaestrocmf.com\\\/portal\\\/#organization\",\"name\":\"Web del Maestro CMF\",\"alternateName\":\"WMCMF\",\"url\":\"https:\\\/\\\/webdelmaestrocmf.com\\\/portal\\\/\",\"logo\":{\"@type\":\"ImageObject\",\"inLanguage\":\"es\",\"@id\":\"https:\\\/\\\/webdelmaestrocmf.com\\\/portal\\\/#\\\/schema\\\/logo\\\/image\\\/\",\"url\":\"https:\\\/\\\/webdelmaestrocmf.com\\\/portal\\\/wp-content\\\/uploads\\\/2023\\\/01\\\/logo-wmcmf-2.png\",\"contentUrl\":\"https:\\\/\\\/webdelmaestrocmf.com\\\/portal\\\/wp-content\\\/uploads\\\/2023\\\/01\\\/logo-wmcmf-2.png\",\"width\":200,\"height\":60,\"caption\":\"Web del Maestro CMF\"},\"image\":{\"@id\":\"https:\\\/\\\/webdelmaestrocmf.com\\\/portal\\\/#\\\/schema\\\/logo\\\/image\\\/\"},\"sameAs\":[\"https:\\\/\\\/www.facebook.com\\\/WebdelMaestroCMF\\\/\",\"https:\\\/\\\/x.com\\\/cmf_w\",\"https:\\\/\\\/www.pinterest.com\\\/WMCMF\\\/\",\"https:\\\/\\\/www.linkedin.com\\\/company\\\/web-del-maestro-cmf\\\/\",\"https:\\\/\\\/www.instagram.com\\\/wmcmf\\\/\",\"https:\\\/\\\/www.youtube.com\\\/channel\\\/UCDPSvjbdodE5sHnC3OxutHw\",\"https:\\\/\\\/mastodon.social\\\/@wmcmf\",\"https:\\\/\\\/www.tiktok.com\\\/@webdelmaestrocmf\"]},{\"@type\":\"Person\",\"@id\":\"https:\\\/\\\/webdelmaestrocmf.com\\\/portal\\\/#\\\/schema\\\/person\\\/1072a2ed7bd960df8ef99a551fa35dc5\",\"name\":\"Web del Maestro CMF\",\"image\":{\"@type\":\"ImageObject\",\"inLanguage\":\"es\",\"@id\":\"https:\\\/\\\/secure.gravatar.com\\\/avatar\\\/23291dd5b5ae1077dcff3dbb04c3e02bd28403fa75af6d8787d5e97c5bbbe30b?s=96&d=mm&r=g\",\"url\":\"https:\\\/\\\/secure.gravatar.com\\\/avatar\\\/23291dd5b5ae1077dcff3dbb04c3e02bd28403fa75af6d8787d5e97c5bbbe30b?s=96&d=mm&r=g\",\"contentUrl\":\"https:\\\/\\\/secure.gravatar.com\\\/avatar\\\/23291dd5b5ae1077dcff3dbb04c3e02bd28403fa75af6d8787d5e97c5bbbe30b?s=96&d=mm&r=g\",\"caption\":\"Web del Maestro CMF\"},\"description\":\"Esta Web se cre\u00f3 sin fines de lucro, con fines educativos, cient\u00edficos y acad\u00e9micos, para personas que tengan dificultades y\\\/o inconvenientes en visualizar el material original. El objetivo es entregar recursos, compartir experiencias y materiales que ayuden a los padres de familia, maestros y estudiantes en su actualizaci\u00f3n y formaci\u00f3n permanente, en bien de la Educaci\u00f3n.\",\"sameAs\":[\"http:\\\/\\\/webdelmaestrocmf.com\\\/portal\",\"https:\\\/\\\/www.facebook.com\\\/WebdelMaestroCMF\\\/\",\"https:\\\/\\\/www.instagram.com\\\/wmcmf\\\/\",\"https:\\\/\\\/cl.linkedin.com\\\/company\\\/web-del-maestro-cmf\",\"https:\\\/\\\/www.pinterest.com\\\/WMCMF\\\/publicaciones\\\/\",\"https:\\\/\\\/x.com\\\/cmf_w\",\"https:\\\/\\\/www.youtube.com\\\/@WMCMF\"]}]}<\/script>\n<!-- \/ Yoast SEO plugin. -->","yoast_head_json":{"title":"Papa Francisco: Es nuestro deber dar voz a las mujeres v\u00edctimas de abusos - 2026","description":"Papa Francisco propone responsabilidad compartida para erradicar la violencia contra las mujeres v\u00edctimas de abuso. Escuchemos su mensaje","robots":{"index":"index","follow":"follow","max-snippet":"max-snippet:-1","max-image-preview":"max-image-preview:large","max-video-preview":"max-video-preview:-1"},"canonical":"https:\/\/webdelmaestrocmf.com\/portal\/papa-francisco-es-nuestro-deber-dar-voz-a-las-mujeres-victimas-de-abusos\/","og_locale":"es_ES","og_type":"article","og_title":"Papa Francisco: Es nuestro deber dar voz a las mujeres v\u00edctimas de abusos - 2026","og_description":"Papa Francisco propone responsabilidad compartida para erradicar la violencia contra las mujeres v\u00edctimas de abuso. Escuchemos su mensaje","og_url":"https:\/\/webdelmaestrocmf.com\/portal\/papa-francisco-es-nuestro-deber-dar-voz-a-las-mujeres-victimas-de-abusos\/","og_site_name":"Web del Maestro CMF","article_publisher":"https:\/\/www.facebook.com\/WebdelMaestroCMF\/","article_author":"https:\/\/www.facebook.com\/WebdelMaestroCMF\/","article_published_time":"2023-11-10T23:43:09+00:00","article_modified_time":"2023-11-10T23:55:13+00:00","og_image":[{"width":900,"height":556,"url":"https:\/\/webdelmaestrocmf.com\/portal\/wp-content\/uploads\/2023\/11\/A12B3C4D-1-2.jpg","type":"image\/jpeg"}],"author":"Web del Maestro CMF","twitter_card":"summary_large_image","twitter_creator":"@cmf_w","twitter_site":"@cmf_w","schema":{"@context":"https:\/\/schema.org","@graph":[{"@type":"ScholarlyArticle","@id":"https:\/\/webdelmaestrocmf.com\/portal\/papa-francisco-es-nuestro-deber-dar-voz-a-las-mujeres-victimas-de-abusos\/#article","isPartOf":{"@id":"https:\/\/webdelmaestrocmf.com\/portal\/papa-francisco-es-nuestro-deber-dar-voz-a-las-mujeres-victimas-de-abusos\/"},"author":{"name":"Web del Maestro CMF","@id":"https:\/\/webdelmaestrocmf.com\/portal\/#\/schema\/person\/1072a2ed7bd960df8ef99a551fa35dc5"},"headline":"Papa Francisco: Es nuestro deber dar voz a las mujeres v\u00edctimas de abusos","datePublished":"2023-11-10T23:43:09+00:00","dateModified":"2023-11-10T23:55:13+00:00","mainEntityOfPage":{"@id":"https:\/\/webdelmaestrocmf.com\/portal\/papa-francisco-es-nuestro-deber-dar-voz-a-las-mujeres-victimas-de-abusos\/"},"wordCount":516,"commentCount":1,"publisher":{"@id":"https:\/\/webdelmaestrocmf.com\/portal\/#organization"},"image":{"@id":"https:\/\/webdelmaestrocmf.com\/portal\/papa-francisco-es-nuestro-deber-dar-voz-a-las-mujeres-victimas-de-abusos\/#primaryimage"},"thumbnailUrl":"https:\/\/webdelmaestrocmf.com\/portal\/wp-content\/uploads\/2023\/11\/A12B3C4D-1-2.jpg","keywords":["ABUSOS","deber","mujeres v\u00edctimas","Papa Francisco"],"articleSection":["Mundo cart\u00f3lico","Papa Francisco"],"inLanguage":"es","potentialAction":[{"@type":"CommentAction","name":"Comment","target":["https:\/\/webdelmaestrocmf.com\/portal\/papa-francisco-es-nuestro-deber-dar-voz-a-las-mujeres-victimas-de-abusos\/#respond"]}]},{"@type":"WebPage","@id":"https:\/\/webdelmaestrocmf.com\/portal\/papa-francisco-es-nuestro-deber-dar-voz-a-las-mujeres-victimas-de-abusos\/","url":"https:\/\/webdelmaestrocmf.com\/portal\/papa-francisco-es-nuestro-deber-dar-voz-a-las-mujeres-victimas-de-abusos\/","name":"Papa Francisco: Es nuestro deber dar voz a las mujeres v\u00edctimas de abusos - 2026","isPartOf":{"@id":"https:\/\/webdelmaestrocmf.com\/portal\/#website"},"primaryImageOfPage":{"@id":"https:\/\/webdelmaestrocmf.com\/portal\/papa-francisco-es-nuestro-deber-dar-voz-a-las-mujeres-victimas-de-abusos\/#primaryimage"},"image":{"@id":"https:\/\/webdelmaestrocmf.com\/portal\/papa-francisco-es-nuestro-deber-dar-voz-a-las-mujeres-victimas-de-abusos\/#primaryimage"},"thumbnailUrl":"https:\/\/webdelmaestrocmf.com\/portal\/wp-content\/uploads\/2023\/11\/A12B3C4D-1-2.jpg","datePublished":"2023-11-10T23:43:09+00:00","dateModified":"2023-11-10T23:55:13+00:00","description":"Papa Francisco propone responsabilidad compartida para erradicar la violencia contra las mujeres v\u00edctimas de abuso. Escuchemos su mensaje","breadcrumb":{"@id":"https:\/\/webdelmaestrocmf.com\/portal\/papa-francisco-es-nuestro-deber-dar-voz-a-las-mujeres-victimas-de-abusos\/#breadcrumb"},"inLanguage":"es","potentialAction":[{"@type":"ReadAction","target":["https:\/\/webdelmaestrocmf.com\/portal\/papa-francisco-es-nuestro-deber-dar-voz-a-las-mujeres-victimas-de-abusos\/"]}]},{"@type":"ImageObject","inLanguage":"es","@id":"https:\/\/webdelmaestrocmf.com\/portal\/papa-francisco-es-nuestro-deber-dar-voz-a-las-mujeres-victimas-de-abusos\/#primaryimage","url":"https:\/\/webdelmaestrocmf.com\/portal\/wp-content\/uploads\/2023\/11\/A12B3C4D-1-2.jpg","contentUrl":"https:\/\/webdelmaestrocmf.com\/portal\/wp-content\/uploads\/2023\/11\/A12B3C4D-1-2.jpg","width":900,"height":556,"caption":"francisco"},{"@type":"BreadcrumbList","@id":"https:\/\/webdelmaestrocmf.com\/portal\/papa-francisco-es-nuestro-deber-dar-voz-a-las-mujeres-victimas-de-abusos\/#breadcrumb","itemListElement":[{"@type":"ListItem","position":1,"name":"Portada","item":"https:\/\/webdelmaestrocmf.com\/portal\/"},{"@type":"ListItem","position":2,"name":"Mundo cart\u00f3lico","item":"https:\/\/webdelmaestrocmf.com\/portal\/category\/pastoral\/"},{"@type":"ListItem","position":3,"name":"Papa Francisco: Es nuestro deber dar voz a las mujeres v\u00edctimas de abusos"}]},{"@type":"WebSite","@id":"https:\/\/webdelmaestrocmf.com\/portal\/#website","url":"https:\/\/webdelmaestrocmf.com\/portal\/","name":"Web del Maestro CMF","description":"Maestros al servicio de la educaci\u00f3n","publisher":{"@id":"https:\/\/webdelmaestrocmf.com\/portal\/#organization"},"alternateName":"WMCMF","potentialAction":[{"@type":"SearchAction","target":{"@type":"EntryPoint","urlTemplate":"https:\/\/webdelmaestrocmf.com\/portal\/?s={search_term_string}"},"query-input":{"@type":"PropertyValueSpecification","valueRequired":true,"valueName":"search_term_string"}}],"inLanguage":"es"},{"@type":"Organization","@id":"https:\/\/webdelmaestrocmf.com\/portal\/#organization","name":"Web del Maestro CMF","alternateName":"WMCMF","url":"https:\/\/webdelmaestrocmf.com\/portal\/","logo":{"@type":"ImageObject","inLanguage":"es","@id":"https:\/\/webdelmaestrocmf.com\/portal\/#\/schema\/logo\/image\/","url":"https:\/\/webdelmaestrocmf.com\/portal\/wp-content\/uploads\/2023\/01\/logo-wmcmf-2.png","contentUrl":"https:\/\/webdelmaestrocmf.com\/portal\/wp-content\/uploads\/2023\/01\/logo-wmcmf-2.png","width":200,"height":60,"caption":"Web del Maestro CMF"},"image":{"@id":"https:\/\/webdelmaestrocmf.com\/portal\/#\/schema\/logo\/image\/"},"sameAs":["https:\/\/www.facebook.com\/WebdelMaestroCMF\/","https:\/\/x.com\/cmf_w","https:\/\/www.pinterest.com\/WMCMF\/","https:\/\/www.linkedin.com\/company\/web-del-maestro-cmf\/","https:\/\/www.instagram.com\/wmcmf\/","https:\/\/www.youtube.com\/channel\/UCDPSvjbdodE5sHnC3OxutHw","https:\/\/mastodon.social\/@wmcmf","https:\/\/www.tiktok.com\/@webdelmaestrocmf"]},{"@type":"Person","@id":"https:\/\/webdelmaestrocmf.com\/portal\/#\/schema\/person\/1072a2ed7bd960df8ef99a551fa35dc5","name":"Web del Maestro CMF","image":{"@type":"ImageObject","inLanguage":"es","@id":"https:\/\/secure.gravatar.com\/avatar\/23291dd5b5ae1077dcff3dbb04c3e02bd28403fa75af6d8787d5e97c5bbbe30b?s=96&d=mm&r=g","url":"https:\/\/secure.gravatar.com\/avatar\/23291dd5b5ae1077dcff3dbb04c3e02bd28403fa75af6d8787d5e97c5bbbe30b?s=96&d=mm&r=g","contentUrl":"https:\/\/secure.gravatar.com\/avatar\/23291dd5b5ae1077dcff3dbb04c3e02bd28403fa75af6d8787d5e97c5bbbe30b?s=96&d=mm&r=g","caption":"Web del Maestro CMF"},"description":"Esta Web se cre\u00f3 sin fines de lucro, con fines educativos, cient\u00edficos y acad\u00e9micos, para personas que tengan dificultades y\/o inconvenientes en visualizar el material original. El objetivo es entregar recursos, compartir experiencias y materiales que ayuden a los padres de familia, maestros y estudiantes en su actualizaci\u00f3n y formaci\u00f3n permanente, en bien de la Educaci\u00f3n.","sameAs":["http:\/\/webdelmaestrocmf.com\/portal","https:\/\/www.facebook.com\/WebdelMaestroCMF\/","https:\/\/www.instagram.com\/wmcmf\/","https:\/\/cl.linkedin.com\/company\/web-del-maestro-cmf","https:\/\/www.pinterest.com\/WMCMF\/publicaciones\/","https:\/\/x.com\/cmf_w","https:\/\/www.youtube.com\/@WMCMF"]}]}},"jetpack_featured_media_url":"https:\/\/webdelmaestrocmf.com\/portal\/wp-content\/uploads\/2023\/11\/A12B3C4D-1-2.jpg","jetpack_sharing_enabled":true,"jetpack-related-posts":[{"id":35285,"url":"https:\/\/webdelmaestrocmf.com\/portal\/papa-francisco-debemos-combatir-los-abusos-sexuales-hasta-el-final\/","url_meta":{"origin":99778,"position":0},"title":"Papa Francisco: debemos combatir los abusos sexuales hasta el final","author":"Web del Maestro CMF","date":"25 febrero, 2019","format":false,"excerpt":"En el \u00e1ngelus del domingo, el Papa Francisco explic\u00f3 que amar a los enemigos no es una opci\u00f3n, sino una orden de Jes\u00fas. Incluso dio claves para lidiar con las personas que cotillean. \u201cRecordad las cosas buenas de la gente, y cuando uno venga con un chisme, y hable mal\u2026","rel":"","context":"En \u00abMundo cart\u00f3lico\u00bb","block_context":{"text":"Mundo cart\u00f3lico","link":"https:\/\/webdelmaestrocmf.com\/portal\/category\/pastoral\/"},"img":{"alt_text":"","src":"https:\/\/i0.wp.com\/webdelmaestrocmf.com\/portal\/wp-content\/uploads\/2019\/02\/1-36.jpg?resize=350%2C200&ssl=1","width":350,"height":200,"srcset":"https:\/\/i0.wp.com\/webdelmaestrocmf.com\/portal\/wp-content\/uploads\/2019\/02\/1-36.jpg?resize=350%2C200&ssl=1 1x, https:\/\/i0.wp.com\/webdelmaestrocmf.com\/portal\/wp-content\/uploads\/2019\/02\/1-36.jpg?resize=525%2C300&ssl=1 1.5x, https:\/\/i0.wp.com\/webdelmaestrocmf.com\/portal\/wp-content\/uploads\/2019\/02\/1-36.jpg?resize=700%2C400&ssl=1 2x, https:\/\/i0.wp.com\/webdelmaestrocmf.com\/portal\/wp-content\/uploads\/2019\/02\/1-36.jpg?resize=1050%2C600&ssl=1 3x"},"classes":[]},{"id":23302,"url":"https:\/\/webdelmaestrocmf.com\/portal\/papa-francisco-tras-atentado-en-manhattan-que-dios-convierta-los-corazones-de-terrorista\/","url_meta":{"origin":99778,"position":1},"title":"Papa Francisco tras atentado en manhattan: que dios convierta los corazones de terroristas","author":"Web del Maestro CMF","date":"1 noviembre, 2017","format":false,"excerpt":"Luego del rezo del \u00c1ngelus este mi\u00e9rcoles 1 de noviembre en la Plaza de San Pedro, el Papa Francisco expres\u00f3 su dolor por los recientes atentados ocurridos en\u00a0Somalia,\u00a0Nueva York\u00a0y Afganist\u00e1n. \u201cEstoy adolorido por los ataques terroristas de estos \u00faltimos d\u00edas en Somalia, Afganist\u00e1n y ayer en Nueva York. Al deplorar\u2026","rel":"","context":"En \u00abMundo cart\u00f3lico\u00bb","block_context":{"text":"Mundo cart\u00f3lico","link":"https:\/\/webdelmaestrocmf.com\/portal\/category\/pastoral\/"},"img":{"alt_text":"","src":"https:\/\/i0.wp.com\/webdelmaestrocmf.com\/portal\/wp-content\/uploads\/2021\/10\/1papa.jpg?resize=350%2C200&ssl=1","width":350,"height":200,"srcset":"https:\/\/i0.wp.com\/webdelmaestrocmf.com\/portal\/wp-content\/uploads\/2021\/10\/1papa.jpg?resize=350%2C200&ssl=1 1x, https:\/\/i0.wp.com\/webdelmaestrocmf.com\/portal\/wp-content\/uploads\/2021\/10\/1papa.jpg?resize=525%2C300&ssl=1 1.5x, https:\/\/i0.wp.com\/webdelmaestrocmf.com\/portal\/wp-content\/uploads\/2021\/10\/1papa.jpg?resize=700%2C400&ssl=1 2x, https:\/\/i0.wp.com\/webdelmaestrocmf.com\/portal\/wp-content\/uploads\/2021\/10\/1papa.jpg?resize=1050%2C600&ssl=1 3x"},"classes":[]},{"id":110059,"url":"https:\/\/webdelmaestrocmf.com\/portal\/el-papa-leon-xiv-clama-por-la-paz-cada-conflicto-es-una-derrota-para-la-humanidad\/","url_meta":{"origin":99778,"position":2},"title":"El Papa Le\u00f3n XIV clama por la paz: Cada conflicto es una derrota para la humanidad","author":"Web del Maestro CMF","date":"18 junio, 2025","format":false,"excerpt":"\u201cLa guerra es siempre una derrota\u201d, dice citando al Papa Francisco. Y evocando a P\u00edo XII, afirma: \u201cNada se pierde con la paz. Todo puede perderse con la guerra\u201d.","rel":"","context":"En \u00abMundo cart\u00f3lico\u00bb","block_context":{"text":"Mundo cart\u00f3lico","link":"https:\/\/webdelmaestrocmf.com\/portal\/category\/pastoral\/"},"img":{"alt_text":"","src":"https:\/\/i0.wp.com\/webdelmaestrocmf.com\/portal\/wp-content\/uploads\/2025\/06\/1A-Banner-1-portada-imagen-10-1-copia-1-1.jpg?resize=350%2C200&ssl=1","width":350,"height":200,"srcset":"https:\/\/i0.wp.com\/webdelmaestrocmf.com\/portal\/wp-content\/uploads\/2025\/06\/1A-Banner-1-portada-imagen-10-1-copia-1-1.jpg?resize=350%2C200&ssl=1 1x, https:\/\/i0.wp.com\/webdelmaestrocmf.com\/portal\/wp-content\/uploads\/2025\/06\/1A-Banner-1-portada-imagen-10-1-copia-1-1.jpg?resize=525%2C300&ssl=1 1.5x, https:\/\/i0.wp.com\/webdelmaestrocmf.com\/portal\/wp-content\/uploads\/2025\/06\/1A-Banner-1-portada-imagen-10-1-copia-1-1.jpg?resize=700%2C400&ssl=1 2x"},"classes":[]},{"id":29780,"url":"https:\/\/webdelmaestrocmf.com\/portal\/papa-francisco-educar-es-afrontar-positivamente-los-cambios-sociales\/","url_meta":{"origin":99778,"position":3},"title":"Papa Francisco: educar es afrontar positivamente los cambios sociales","author":"Web del Maestro CMF","date":"2 agosto, 2018","format":false,"excerpt":"\u201cSolo si se cambia la educaci\u00f3n se puede cambiar el mundo\u201d, afirma el Papa Francisco, como un llamado a los educadores a encontrar un momento y reflexionar sobre su tarea educativa, tanto como padres de familia, y\/o como maestros en los hogares y en las escuelas; para consolidar lo bueno\u2026","rel":"","context":"En \u00abMundo cart\u00f3lico\u00bb","block_context":{"text":"Mundo cart\u00f3lico","link":"https:\/\/webdelmaestrocmf.com\/portal\/category\/pastoral\/"},"img":{"alt_text":"","src":"https:\/\/i0.wp.com\/webdelmaestrocmf.com\/portal\/wp-content\/uploads\/2018\/08\/1-8.jpg?resize=350%2C200&ssl=1","width":350,"height":200,"srcset":"https:\/\/i0.wp.com\/webdelmaestrocmf.com\/portal\/wp-content\/uploads\/2018\/08\/1-8.jpg?resize=350%2C200&ssl=1 1x, https:\/\/i0.wp.com\/webdelmaestrocmf.com\/portal\/wp-content\/uploads\/2018\/08\/1-8.jpg?resize=525%2C300&ssl=1 1.5x, https:\/\/i0.wp.com\/webdelmaestrocmf.com\/portal\/wp-content\/uploads\/2018\/08\/1-8.jpg?resize=700%2C400&ssl=1 2x, https:\/\/i0.wp.com\/webdelmaestrocmf.com\/portal\/wp-content\/uploads\/2018\/08\/1-8.jpg?resize=1050%2C600&ssl=1 3x, https:\/\/i0.wp.com\/webdelmaestrocmf.com\/portal\/wp-content\/uploads\/2018\/08\/1-8.jpg?resize=1400%2C800&ssl=1 4x"},"classes":[]},{"id":13905,"url":"https:\/\/webdelmaestrocmf.com\/portal\/papa-francisco-las-mujeres-mas-valientes-los-hombres\/","url_meta":{"origin":99778,"position":4},"title":"Papa Francisco: \u00ablas mujeres son m\u00e1s valientes que los hombres\u00bb","author":"Web del Maestro CMF","date":"25 enero, 2017","format":false,"excerpt":"El Pont\u00edfice dijo estas palabras en una audiencia general al hablar sobre el personaje b\u00edblico de Judit, una mujer reconocida por su belleza y sabidur\u00eda. El Papa Francisco afirm\u00f3 hoy que, en su opini\u00f3n, \u201clas mujeres son m\u00e1s valientes que los hombres\u201d al hablar durante la audiencia general sobre la\u2026","rel":"","context":"En \u00abMundo cart\u00f3lico\u00bb","block_context":{"text":"Mundo cart\u00f3lico","link":"https:\/\/webdelmaestrocmf.com\/portal\/category\/pastoral\/"},"img":{"alt_text":"","src":"https:\/\/i0.wp.com\/webdelmaestrocmf.com\/portal\/wp-content\/uploads\/2017\/10\/1ss.jpg?resize=350%2C200&ssl=1","width":350,"height":200,"srcset":"https:\/\/i0.wp.com\/webdelmaestrocmf.com\/portal\/wp-content\/uploads\/2017\/10\/1ss.jpg?resize=350%2C200&ssl=1 1x, https:\/\/i0.wp.com\/webdelmaestrocmf.com\/portal\/wp-content\/uploads\/2017\/10\/1ss.jpg?resize=525%2C300&ssl=1 1.5x"},"classes":[]},{"id":17703,"url":"https:\/\/webdelmaestrocmf.com\/portal\/dia-del-trabajo-25-frases-del-papa-francisco\/","url_meta":{"origin":99778,"position":5},"title":"D\u00eda del trabajo: 25 frases del Papa Francisco","author":"Web del Maestro CMF","date":"1 mayo, 2021","format":false,"excerpt":"Presentamos 25 frases del Papa Francisco\u00a0por el d\u00eda del Trabajador (1 de Mayo):\u00a0\u201ctrabajar \u2013repito, en mil modos\u2013 es propio de la persona humana. Expresa su dignidad de ser creada a imagen de Dios. Por eso se dice que el trabajo es sagrado, el trabajo es sagrado\u201d. Esperamos que las siguientes\u2026","rel":"","context":"En \u00abYo opino - WMCMF\u00bb","block_context":{"text":"Yo opino - WMCMF","link":"https:\/\/webdelmaestrocmf.com\/portal\/category\/jamb\/"},"img":{"alt_text":"","src":"https:\/\/i0.wp.com\/webdelmaestrocmf.com\/portal\/wp-content\/uploads\/2019\/05\/1-122.jpg?resize=350%2C200&ssl=1","width":350,"height":200,"srcset":"https:\/\/i0.wp.com\/webdelmaestrocmf.com\/portal\/wp-content\/uploads\/2019\/05\/1-122.jpg?resize=350%2C200&ssl=1 1x, https:\/\/i0.wp.com\/webdelmaestrocmf.com\/portal\/wp-content\/uploads\/2019\/05\/1-122.jpg?resize=525%2C300&ssl=1 1.5x, https:\/\/i0.wp.com\/webdelmaestrocmf.com\/portal\/wp-content\/uploads\/2019\/05\/1-122.jpg?resize=700%2C400&ssl=1 2x, https:\/\/i0.wp.com\/webdelmaestrocmf.com\/portal\/wp-content\/uploads\/2019\/05\/1-122.jpg?resize=1050%2C600&ssl=1 3x"},"classes":[]}],"_links":{"self":[{"href":"https:\/\/webdelmaestrocmf.com\/portal\/wp-json\/wp\/v2\/posts\/99778","targetHints":{"allow":["GET"]}}],"collection":[{"href":"https:\/\/webdelmaestrocmf.com\/portal\/wp-json\/wp\/v2\/posts"}],"about":[{"href":"https:\/\/webdelmaestrocmf.com\/portal\/wp-json\/wp\/v2\/types\/post"}],"author":[{"embeddable":true,"href":"https:\/\/webdelmaestrocmf.com\/portal\/wp-json\/wp\/v2\/users\/1"}],"replies":[{"embeddable":true,"href":"https:\/\/webdelmaestrocmf.com\/portal\/wp-json\/wp\/v2\/comments?post=99778"}],"version-history":[{"count":0,"href":"https:\/\/webdelmaestrocmf.com\/portal\/wp-json\/wp\/v2\/posts\/99778\/revisions"}],"wp:featuredmedia":[{"embeddable":true,"href":"https:\/\/webdelmaestrocmf.com\/portal\/wp-json\/wp\/v2\/media\/99780"}],"wp:attachment":[{"href":"https:\/\/webdelmaestrocmf.com\/portal\/wp-json\/wp\/v2\/media?parent=99778"}],"wp:term":[{"taxonomy":"category","embeddable":true,"href":"https:\/\/webdelmaestrocmf.com\/portal\/wp-json\/wp\/v2\/categories?post=99778"},{"taxonomy":"post_tag","embeddable":true,"href":"https:\/\/webdelmaestrocmf.com\/portal\/wp-json\/wp\/v2\/tags?post=99778"}],"curies":[{"name":"wp","href":"https:\/\/api.w.org\/{rel}","templated":true}]}}