{"id":99566,"date":"2023-11-08T18:54:29","date_gmt":"2023-11-08T21:54:29","guid":{"rendered":"https:\/\/webdelmaestrocmf.com\/portal\/?p=99566"},"modified":"2023-11-09T11:22:50","modified_gmt":"2023-11-09T14:22:50","slug":"principios-basicos-del-pensamiento-critico","status":"publish","type":"post","link":"https:\/\/webdelmaestrocmf.com\/portal\/principios-basicos-del-pensamiento-critico\/","title":{"rendered":"Principios b\u00e1sicos del pensamiento cr\u00edtico"},"content":{"rendered":"<p style=\"text-align: justify;\"><strong>En un mundo cada vez m\u00e1s complejo y saturado de informaci\u00f3n, el pensamiento cr\u00edtico se alza como una herramienta invaluable. Nos permite analizar, comprender y discernir la vasta cantidad de datos que enfrentamos a diario. En este art\u00edculo, exploraremos los principios b\u00e1sicos del pensamiento cr\u00edtico, desglosando su definici\u00f3n y destacando su importancia en nuestra vida cotidiana y en la educaci\u00f3n.<\/strong><!--more--><\/p>\n<p style=\"text-align: justify;\">El <a title=\"Ir a iberdrola\" href=\"https:\/\/www.iberdrola.com\/talento\/que-es-pensamiento-critico-como-desarrollarlo\" target=\"_blank\" rel=\"noopener\">pensamiento cr\u00edtico<\/a>, en su esencia, implica un enfoque reflexivo y anal\u00edtico hacia la toma de decisiones y la resoluci\u00f3n de problemas. A medida que avanzamos, entenderemos c\u00f3mo este enfoque puede ayudarnos a tomar decisiones m\u00e1s informadas, afrontar desaf\u00edos con confianza y cultivar una mentalidad que cuestiona lo aparentemente evidente. Acomp\u00e1\u00f1anos en esta exploraci\u00f3n de los cimientos del pensamiento cr\u00edtico y descubre c\u00f3mo esta habilidad puede potenciar tu capacidad de comprender y enfrentar el mundo que te rodea.<\/p>\n<p>Art\u00edculo relacionado:\u00a0 <a title=\"Ir a WMCMF\" href=\"https:\/\/webdelmaestrocmf.com\/portal\/48-preguntas-para-fomentar-pensamiento-critico\/\" target=\"_top\" rel=\"noopener\">Preguntas para fomentar Pensamiento Cr\u00edtico<\/a><\/p>\n<h2>Definici\u00f3n de pensamiento cr\u00edtico<\/h2>\n<p style=\"text-align: justify;\">El pensamiento cr\u00edtico se refiere a la capacidad de evaluar, analizar y cuestionar informaci\u00f3n de manera objetiva. Implica la habilidad de no tomar decisiones impulsivas, sino considerar todos los aspectos antes de llegar a una conclusi\u00f3n. Es la br\u00fajula que gu\u00eda nuestras decisiones y acciones, porque nos permite ver m\u00e1s all\u00e1 de la superficie.<\/p>\n<h3>Caracter\u00edsticas del pensamiento cr\u00edtico<\/h3>\n<p style=\"text-align: justify;\">El pensamiento cr\u00edtico se manifiesta a trav\u00e9s de caracter\u00edsticas como la curiosidad, la apertura a diferentes perspectivas, la habilidad de argumentar de manera coherente y la disposici\u00f3n para cuestionar suposiciones. Adem\u00e1s, involucra la capacidad de distinguir entre informaci\u00f3n confiable y sesgada, lo que se traduce en tomar decisiones informadas y fundamentadas.<\/p>\n<h3>Principios b\u00e1sicos del pensamiento cr\u00edtico<\/h3>\n<p>Los principios b\u00e1sicos del pensamiento cr\u00edtico son fundamentales para desarrollar esta habilidad esencial. A continuaci\u00f3n, describir\u00e9 algunos de los principales principios que gu\u00edan el pensamiento cr\u00edtico:<\/p>\n<h4 style=\"padding-left: 40px;\"><strong>Evaluaci\u00f3n de la evidencia<\/strong>:<\/h4>\n<p style=\"padding-left: 40px; text-align: justify;\">Uno de los principios fundamentales del pensamiento cr\u00edtico es la capacidad de analizar la evidencia disponible antes de tomar una decisi\u00f3n. Esto implica cuestionar la fuente de la informaci\u00f3n, su fiabilidad y su relevancia para el problema en cuesti\u00f3n. En otras palabras, no aceptar la informaci\u00f3n de manera acr\u00edtica, sino examinarla con escepticismo informado.<\/p>\n<h4 style=\"padding-left: 40px; text-align: justify;\"><strong>An\u00e1lisis objetivo<\/strong>:<\/h4>\n<p style=\"padding-left: 40px; text-align: justify;\">El pensamiento cr\u00edtico se caracteriza por la b\u00fasqueda de una perspectiva imparcial y objetiva. Evita el sesgo personal y prejuicios, y se esfuerza por examinar los hechos y argumentos desde m\u00faltiples \u00e1ngulos antes de llegar a una conclusi\u00f3n.<\/p>\n<h4 style=\"padding-left: 40px; text-align: left;\"><strong>Claridad en la formulaci\u00f3n de problemas<\/strong>:<\/h4>\n<p style=\"padding-left: 40px; text-align: justify;\">El pensamiento cr\u00edtico se inicia con una comprensi\u00f3n clara del problema que se est\u00e1 abordando. Esto implica definir cuidadosamente los t\u00e9rminos y condiciones del problema, identificar sus componentes esenciales y comprender el contexto en el que se presenta.<\/p>\n<h4 style=\"padding-left: 40px; text-align: left;\"><strong>Habilidades de an\u00e1lisis y s\u00edntesis<\/strong>:<\/h4>\n<p style=\"padding-left: 40px; text-align: justify;\">El pensamiento cr\u00edtico implica desglosar problemas complejos en partes m\u00e1s manejables para su an\u00e1lisis y, a su vez, la capacidad de sintetizar informaci\u00f3n de m\u00faltiples fuentes para comprender la imagen general.<\/p>\n<h4 style=\"padding-left: 40px; text-align: justify;\"><strong>Pregunta constante<\/strong>:<\/h4>\n<p style=\"padding-left: 40px; text-align: justify;\">En el pensamiento cr\u00edtico, la pregunta \u00ab\u00bfpor qu\u00e9?\u00bb se convierte en un lema. Se fomenta la curiosidad y la b\u00fasqueda de razones y justificaciones detr\u00e1s de afirmaciones y decisiones. Esto ayuda a profundizar en la comprensi\u00f3n de un tema.<\/p>\n<h4 style=\"padding-left: 40px; text-align: justify;\"><strong>Resoluci\u00f3n de problemas<\/strong>:<\/h4>\n<p style=\"padding-left: 40px; text-align: justify;\">El pensamiento cr\u00edtico busca soluciones efectivas a los problemas. Esto implica la identificaci\u00f3n de posibles soluciones, la evaluaci\u00f3n de sus ventajas y desventajas, y la selecci\u00f3n de la mejor opci\u00f3n fundamentada en la informaci\u00f3n disponible.<\/p>\n<h4 style=\"padding-left: 40px; text-align: left;\"><strong>Toma de decisiones informada<\/strong>:<\/h4>\n<p style=\"padding-left: 40px; text-align: justify;\">El pensamiento cr\u00edtico se traduce en tomar decisiones respaldadas por una evaluaci\u00f3n cuidadosa de la informaci\u00f3n y el razonamiento s\u00f3lido. Esto permite minimizar la toma de decisiones impulsivas o basadas en suposiciones no fundamentadas.<\/p>\n<h4 style=\"padding-left: 40px; text-align: justify;\"><strong>Comunicaci\u00f3n efectiva<\/strong>:<\/h4>\n<p style=\"padding-left: 40px; text-align: justify;\">El pensamiento cr\u00edtico no se limita a la reflexi\u00f3n interna; tambi\u00e9n se relaciona con la habilidad de comunicar ideas y argumentos de manera clara y convincente. La capacidad de expresar pensamientos cr\u00edticos de manera efectiva es esencial en el \u00e1mbito acad\u00e9mico y profesional.<\/p>\n<h3>Niveles de pensamiento cr\u00edtico:<\/h3>\n<p data-sourcepos=\"1:1-1:175\">Estos niveles se basan en la capacidad de una persona para aplicar las habilidades de pensamiento cr\u00edtico.<\/p>\n<h4 style=\"padding-left: 40px;\" data-sourcepos=\"3:1-3:20\"><strong>Pensador cr\u00edtico<\/strong><\/h4>\n<p style=\"padding-left: 40px; text-align: justify;\" data-sourcepos=\"5:1-5:247\">Este es el nivel m\u00e1s b\u00e1sico de pensamiento cr\u00edtico. Las personas en este nivel son capaces de identificar informaci\u00f3n relevante, evaluar la fiabilidad de las fuentes, y formar opiniones. Sin embargo, pueden ser propensos a los sesgos y prejuicios.<\/p>\n<h4 style=\"padding-left: 40px; text-align: justify;\" data-sourcepos=\"7:1-7:19\"><strong>Pensador retado<\/strong><\/h4>\n<p style=\"padding-left: 40px; text-align: justify;\" data-sourcepos=\"9:1-9:193\">Las personas en este nivel son capaces de identificar y evitar los sesgos y prejuicios. Tambi\u00e9n son capaces de evaluar la l\u00f3gica de los argumentos y de llegar a conclusiones bien fundamentadas.<\/p>\n<h4 style=\"padding-left: 40px; text-align: justify;\" data-sourcepos=\"11:1-11:25\"><strong>Pensador principiante<\/strong><\/h4>\n<p style=\"padding-left: 40px; text-align: justify;\" data-sourcepos=\"13:1-13:228\">Las personas en este nivel son capaces de aplicar las habilidades de pensamiento cr\u00edtico en un contexto espec\u00edfico. Por ejemplo, pueden ser capaces de evaluar la informaci\u00f3n de un art\u00edculo de noticias o de un informe cient\u00edfico.<\/p>\n<h4 style=\"padding-left: 40px; text-align: justify;\" data-sourcepos=\"15:1-15:24\"><strong>Pensador practicante<\/strong><\/h4>\n<p style=\"padding-left: 40px; text-align: justify;\" data-sourcepos=\"17:1-17:185\">Las personas en este nivel son capaces de aplicar las habilidades de pensamiento cr\u00edtico en una variedad de contextos. Tambi\u00e9n son capaces de identificar y resolver problemas complejos.<\/p>\n<h4 style=\"padding-left: 40px; text-align: justify;\" data-sourcepos=\"19:1-19:21\"><strong>Pensador avanzado<\/strong><\/h4>\n<p style=\"padding-left: 40px; text-align: justify;\" data-sourcepos=\"21:1-21:200\">Las personas en este nivel son capaces de aplicar las habilidades de pensamiento cr\u00edtico a un nivel experto. Tambi\u00e9n son capaces de generar nuevas ideas y de liderar a otros en el pensamiento cr\u00edtico.<\/p>\n<h5 style=\"padding-left: 40px; text-align: justify;\" data-sourcepos=\"23:1-23:20\"><strong>Pensador maestro<\/strong><\/h5>\n<p style=\"padding-left: 40px; text-align: justify;\" data-sourcepos=\"25:1-25:190\">Las personas en este nivel son capaces de aplicar las habilidades de pensamiento cr\u00edtico de forma creativa y original. Tambi\u00e9n son capaces de comunicar sus ideas de forma clara y persuasiva.<\/p>\n<p data-sourcepos=\"25:1-25:190\"><img loading=\"lazy\" decoding=\"async\" class=\"alignnone wp-image-99567 size-full\" src=\"https:\/\/webdelmaestrocmf.com\/portal\/wp-content\/uploads\/2023\/11\/1.png\" alt=\"pensamiento cr\u00edtico\" width=\"891\" height=\"457\" srcset=\"https:\/\/webdelmaestrocmf.com\/portal\/wp-content\/uploads\/2023\/11\/1.png 891w, https:\/\/webdelmaestrocmf.com\/portal\/wp-content\/uploads\/2023\/11\/1-300x154.png 300w, https:\/\/webdelmaestrocmf.com\/portal\/wp-content\/uploads\/2023\/11\/1-768x394.png 768w, https:\/\/webdelmaestrocmf.com\/portal\/wp-content\/uploads\/2023\/11\/1-380x195.png 380w, https:\/\/webdelmaestrocmf.com\/portal\/wp-content\/uploads\/2023\/11\/1-550x282.png 550w, https:\/\/webdelmaestrocmf.com\/portal\/wp-content\/uploads\/2023\/11\/1-800x410.png 800w\" sizes=\"auto, (max-width: 891px) 100vw, 891px\" \/><\/p>\n<h3>Importancia del pensamiento cr\u00edtico<\/h3>\n<p style=\"text-align: justify;\">El pensamiento cr\u00edtico es una habilidad vital en la sociedad actual. Nos ayuda a evitar trampas cognitivas y a tomar decisiones m\u00e1s acertadas en todas las \u00e1reas de la vida. Adem\u00e1s, nos permite afrontar los desaf\u00edos con confianza, adapt\u00e1ndonos a nuevas situaciones y resolviendo problemas de manera eficaz.<\/p>\n<h3>C\u00f3mo desarrollar el pensamiento cr\u00edtico<\/h3>\n<p style=\"text-align: justify;\">Desarrollar el pensamiento cr\u00edtico requiere pr\u00e1ctica y esfuerzo constante. La reflexi\u00f3n y la autoevaluaci\u00f3n son claves. Pregunta \u00ab\u00bfpor qu\u00e9?\u00bb con frecuencia y busca evidencia para respaldar tus conclusiones. La lectura, la discusi\u00f3n con otros y la exposici\u00f3n a diversas perspectivas tambi\u00e9n son formas efectivas de fortalecer esta habilidad.<\/p>\n<h3>Estrategias y recursos para desarrollar el pensamiento cr\u00edtico<\/h3>\n<p style=\"text-align: justify;\">Existen diversas estrategias para mejorar el pensamiento cr\u00edtico, como el an\u00e1lisis de problemas, la toma de notas, la identificaci\u00f3n de sesgos y la evaluaci\u00f3n de fuentes de informaci\u00f3n. Recursos como libros, cursos en l\u00ednea y grupos de discusi\u00f3n son herramientas valiosas para perfeccionar esta habilidad.<\/p>\n<h3>10 ejemplos de pensamiento cr\u00edtico en la vida cotidiana<\/h3>\n<ol>\n<li style=\"text-align: justify;\"><strong>Elecci\u00f3n de carrera<\/strong>: Reflexionar sobre tus habilidades, intereses y objetivos antes de elegir una carrera.<\/li>\n<li style=\"text-align: justify;\"><strong>Decisi\u00f3n de compra<\/strong>: Comparar productos y leer rese\u00f1as antes de adquirir uno.<\/li>\n<li style=\"text-align: justify;\"><strong>Evaluaci\u00f3n de noticias<\/strong>: Cuestionar la veracidad de las noticias antes de compartirlas en redes sociales.<\/li>\n<li style=\"text-align: justify;\"><strong>Resoluci\u00f3n de conflictos<\/strong>: Escuchar a todas las partes involucradas antes de tomar una decisi\u00f3n.<\/li>\n<li style=\"text-align: justify;\"><strong>An\u00e1lisis de problemas \u00e9ticos<\/strong>: Considerar las implicaciones morales de tus acciones.<\/li>\n<li style=\"text-align: justify;\"><strong>Planificaci\u00f3n financiera<\/strong>: Evaluar inversiones y gastos antes de tomar decisiones financieras importantes.<\/li>\n<li style=\"text-align: justify;\"><strong>Debate pol\u00edtico<\/strong>: Escuchar a diferentes candidatos y analizar sus propuestas antes de votar.<\/li>\n<li style=\"text-align: justify;\"><strong>Toma de decisiones en el trabajo<\/strong>: Evaluar pros y contras antes de tomar decisiones empresariales.<\/li>\n<li style=\"text-align: justify;\"><strong>Identificaci\u00f3n de estafas en l\u00ednea<\/strong>: Ser esc\u00e9ptico frente a ofertas que parecen demasiado buenas para ser ciertas.<\/li>\n<li style=\"text-align: justify;\"><strong>Resoluci\u00f3n de problemas familiares<\/strong>: Considerar las perspectivas de todos los miembros de la familia al abordar conflictos.<\/li>\n<\/ol>\n<h3>C\u00f3mo hacer que los alumnos piensen cr\u00edticamente<\/h3>\n<p style=\"text-align: justify;\">En el \u00e1mbito educativo, fomentar el pensamiento cr\u00edtico es esencial. Los educadores pueden lograrlo planteando preguntas abiertas, promoviendo la discusi\u00f3n en el aula y alentando a los estudiantes a buscar evidencia para respaldar sus argumentos. Tambi\u00e9n es importante exponerlos a diferentes perspectivas y fomentar la curiosidad intelectual.<\/p>\n<p>Art\u00edculo relacionado: <a title=\"Ir a WMCMF\" href=\"https:\/\/webdelmaestrocmf.com\/portal\/como-crear-un-aula-de-pensamiento-critico-y-creativo\/\" target=\"_top\" rel=\"noopener\">C\u00f3mo crear un aula de pensamiento cr\u00edtico y creativo<\/a><\/p>\n<h3>Ejemplos para que los alumnos piensen cr\u00edticamente en nuestro curso<\/h3>\n<ol>\n<li style=\"text-align: justify;\"><strong>Historia<\/strong>: Debatir sobre el impacto de eventos hist\u00f3ricos en la sociedad actual.<\/li>\n<li style=\"text-align: justify;\"><strong>Ciencias<\/strong>: Investigar y discutir el cambio clim\u00e1tico y sus implicaciones.<\/li>\n<li style=\"text-align: justify;\"><strong>Literatura<\/strong>: Analizar diferentes interpretaciones de una obra literaria.<\/li>\n<li style=\"text-align: justify;\"><strong>Matem\u00e1ticas<\/strong>: Resolver problemas complejos que requieran razonamiento l\u00f3gico.<\/li>\n<li style=\"text-align: justify;\"><strong>\u00c9tica<\/strong>: Explorar dilemas \u00e9ticos y debatir sobre posibles soluciones.<\/li>\n<\/ol>\n<h3>Conclusi\u00f3n<\/h3>\n<p style=\"text-align: justify;\">En resumen, el pensamiento cr\u00edtico es una habilidad esencial que todos deber\u00edamos cultivar. Nos ayuda a tomar decisiones informadas, resolver problemas y adaptarnos a un mundo en constante cambio. Tanto en nuestra vida cotidiana como en la educaci\u00f3n, el pensamiento cr\u00edtico nos empodera. \u00a1Te animamos a comenzar a desarrollar esta habilidad hoy mismo y a fomentarla en los dem\u00e1s! La capacidad de pensar cr\u00edticamente nos har\u00e1 ciudadanos m\u00e1s informados y preparados para enfrentar los desaf\u00edos del futuro.<\/p>\n\t\t<div class=\"pk-inline-posts\">\n\t\t\t\n\t\t\t<div class=\"pk-inline-posts-container pk-inline-posts-template-list\"\n\t\t\t\tdata-columns=\"1\">\n\t\t\t\t\t\t<article id=\"post-118056\" class=\"post-118056 post type-post status-publish format-standard has-post-thumbnail category-juegos category-pensamiento-critico category-pedagogia tag-ajedrez-educativo tag-aprendizaje tag-crianza tag-desarrollo-cognitivo tag-docentes tag-educacion-infantil tag-habilidades-emocionales tag-neuroeducacion tag-pensamiento-critico-2 tag-uso-de-pantallas cs-entry cs-video-wrap\">\n\t\t\t<div class=\"pk-post-outer\">\n\n\t\t\t\t\t\t\t\t<div class=\"pk-post-inner\">\n\t\t\t\t\t<div class=\"entry-thumbnail\">\n\t\t\t\t\t\t<div class=\"pk-overlay pk-overlay-ratio pk-ratio-landscape\">\n\t\t\t\t\t\t\t<div class=\"pk-overlay-background\">\n\t\t\t\t\t\t\t\t<a href=\"https:\/\/webdelmaestrocmf.com\/portal\/padres-cambien-el-movil-la-tablet-y-la-playstation-por-el-ajedrez-u-otros-juegos-que-desarrollen-la-creatividad-el-pensamiento-critico-la-estrategia-y-el-pensamiento-lateral\/\" class=\"pk-overlay-link\">\n\t\t\t\t\t\t\t\t\t<img loading=\"lazy\" decoding=\"async\" width=\"300\" height=\"225\" src=\"https:\/\/webdelmaestrocmf.com\/portal\/wp-content\/uploads\/2026\/04\/1AA-Banner-1-portada-imagen-10-1-copia-3-4-300x225.webp\" class=\"attachment-pk-thumbnail size-pk-thumbnail wp-post-image\" alt=\"\" \/>\t\t\t\t\t\t\t\t<\/a>\n\t\t\t\t\t\t\t<\/div>\n\t\t\t\t\t\t<\/div>\n\t\t\t\t\t<\/div>\n\t\t\t\t<\/div>\n\t\t\t\t\n\t\t\t\t<div class=\"pk-post-inner\">\n\t\t\t\t\t<header>\n\t\t\t\t\t\t<h3 class=\"pk-title\"><a href=\"https:\/\/webdelmaestrocmf.com\/portal\/padres-cambien-el-movil-la-tablet-y-la-playstation-por-el-ajedrez-u-otros-juegos-que-desarrollen-la-creatividad-el-pensamiento-critico-la-estrategia-y-el-pensamiento-lateral\/\" rel=\"bookmark\">Padres: cambien el m\u00f3vil, la tablet y la PlayStation por el ajedrez u otros juegos que desarrollen la creatividad, el pensamiento cr\u00edtico, la estrategia y el pensamiento lateral<\/a><\/h3>\t\t\t\t\t<\/header><!-- .entry-header -->\n\t\t\t\t<\/div><!-- .post-inner -->\n\n\t\t\t<\/div><!-- .post-outer -->\n\t\t<\/article>\n\t\t\t<article id=\"post-67762\" class=\"post-67762 post type-post status-publish format-standard has-post-thumbnail category-pensamiento-critico category-pedagogia tag-alumnos tag-critico tag-fomentar-pensamiento tag-preguntas cs-entry cs-video-wrap\">\n\t\t\t<div class=\"pk-post-outer\">\n\n\t\t\t\t\t\t\t\t<div class=\"pk-post-inner\">\n\t\t\t\t\t<div class=\"entry-thumbnail\">\n\t\t\t\t\t\t<div class=\"pk-overlay pk-overlay-ratio pk-ratio-landscape\">\n\t\t\t\t\t\t\t<div class=\"pk-overlay-background\">\n\t\t\t\t\t\t\t\t<a href=\"https:\/\/webdelmaestrocmf.com\/portal\/50-preguntas-para-fomentar-pensamiento-critico-en-los-alumnos\/\" class=\"pk-overlay-link\">\n\t\t\t\t\t\t\t\t\t<img loading=\"lazy\" decoding=\"async\" width=\"300\" height=\"225\" src=\"https:\/\/webdelmaestrocmf.com\/portal\/wp-content\/uploads\/2025\/10\/Descarga-gratis-las-Actividades-de-Estimulacion-Cognitiva-con-Fichas2-300x225.png\" class=\"attachment-pk-thumbnail size-pk-thumbnail wp-post-image\" alt=\"\" \/>\t\t\t\t\t\t\t\t<\/a>\n\t\t\t\t\t\t\t<\/div>\n\t\t\t\t\t\t<\/div>\n\t\t\t\t\t<\/div>\n\t\t\t\t<\/div>\n\t\t\t\t\n\t\t\t\t<div class=\"pk-post-inner\">\n\t\t\t\t\t<header>\n\t\t\t\t\t\t<h3 class=\"pk-title\"><a href=\"https:\/\/webdelmaestrocmf.com\/portal\/50-preguntas-para-fomentar-pensamiento-critico-en-los-alumnos\/\" rel=\"bookmark\">50 preguntas para fomentar Pensamiento Cr\u00edtico en los alumnos: descarga el manual del Pensamiento cr\u00edtico<\/a><\/h3>\t\t\t\t\t<\/header><!-- .entry-header -->\n\t\t\t\t<\/div><!-- .post-inner -->\n\n\t\t\t<\/div><!-- .post-outer -->\n\t\t<\/article>\n\t\t\t<article id=\"post-111600\" class=\"post-111600 post type-post status-publish format-standard has-post-thumbnail category-pensamiento-critico category-pedagogia category-taxonomia-de-bloom tag-pensamiento-critico-2 tag-taxonomia-de-bloom cs-entry cs-video-wrap\">\n\t\t\t<div class=\"pk-post-outer\">\n\n\t\t\t\t\t\t\t\t<div class=\"pk-post-inner\">\n\t\t\t\t\t<div class=\"entry-thumbnail\">\n\t\t\t\t\t\t<div class=\"pk-overlay pk-overlay-ratio pk-ratio-landscape\">\n\t\t\t\t\t\t\t<div class=\"pk-overlay-background\">\n\t\t\t\t\t\t\t\t<a href=\"https:\/\/webdelmaestrocmf.com\/portal\/6-claves-para-desarrollar-el-pensamiento-critico-en-el-aula-segun-la-taxonomia-de-bloom\/\" class=\"pk-overlay-link\">\n\t\t\t\t\t\t\t\t\t<img loading=\"lazy\" decoding=\"async\" width=\"300\" height=\"225\" src=\"https:\/\/webdelmaestrocmf.com\/portal\/wp-content\/uploads\/2025\/07\/1A-Banner-1-portada-imagen-10-1-copia-2-1-300x225.webp\" class=\"attachment-pk-thumbnail size-pk-thumbnail wp-post-image\" alt=\"\" \/>\t\t\t\t\t\t\t\t<\/a>\n\t\t\t\t\t\t\t<\/div>\n\t\t\t\t\t\t<\/div>\n\t\t\t\t\t<\/div>\n\t\t\t\t<\/div>\n\t\t\t\t\n\t\t\t\t<div class=\"pk-post-inner\">\n\t\t\t\t\t<header>\n\t\t\t\t\t\t<h3 class=\"pk-title\"><a href=\"https:\/\/webdelmaestrocmf.com\/portal\/6-claves-para-desarrollar-el-pensamiento-critico-en-el-aula-segun-la-taxonomia-de-bloom\/\" rel=\"bookmark\">6 claves para desarrollar el pensamiento cr\u00edtico en el aula seg\u00fan la taxonom\u00eda de Bloom<\/a><\/h3>\t\t\t\t\t<\/header><!-- .entry-header -->\n\t\t\t\t<\/div><!-- .post-inner -->\n\n\t\t\t<\/div><!-- .post-outer -->\n\t\t<\/article>\n\t\t\t\t<\/div>\n\t\t<\/div>\n\t\t\n","protected":false},"excerpt":{"rendered":"En un mundo cada vez m\u00e1s complejo y saturado de informaci\u00f3n, el pensamiento cr\u00edtico se alza como una&hellip;","protected":false},"author":1,"featured_media":99571,"comment_status":"open","ping_status":"closed","sticky":false,"template":"","format":"standard","meta":{"csco_display_header_overlay":false,"csco_singular_sidebar":"","csco_page_header_type":"","csco_page_load_nextpost":"","csco_post_video_location":[],"csco_post_video_location_hash":"","csco_post_video_url":"","csco_post_video_bg_start_time":0,"csco_post_video_bg_end_time":0,"csco_post_video_bg_volume":false,"_jetpack_memberships_contains_paid_content":false,"footnotes":""},"categories":[13792,735],"tags":[2535,1215,22955,22956,22957,2165,3988,2534],"class_list":{"0":"post-99566","1":"post","2":"type-post","3":"status-publish","4":"format-standard","5":"has-post-thumbnail","7":"category-pensamiento-critico","8":"category-pedagogia","9":"tag-basicos","10":"tag-critico","11":"tag-definicion-de-pensamiento-critico","12":"tag-desarrollar-el-pensamiento-critico","13":"tag-ejemplo-de-pensamiento-critico","14":"tag-pensamiento","15":"tag-pensamiento-critico","16":"tag-principios","17":"cs-entry","18":"cs-video-wrap"},"yoast_head":"<!-- This site is optimized with the Yoast SEO plugin v27.5 - https:\/\/yoast.com\/product\/yoast-seo-wordpress\/ -->\n<title>Principios b\u00e1sicos del pensamiento cr\u00edtico - 2026<\/title>\n<meta name=\"description\" content=\"En un mundo cada vez m\u00e1s complejo y saturado de informaci\u00f3n, el pensamiento cr\u00edtico se alza como una herramienta invaluable.\" \/>\n<meta name=\"robots\" content=\"index, follow, max-snippet:-1, max-image-preview:large, max-video-preview:-1\" \/>\n<link rel=\"canonical\" href=\"https:\/\/webdelmaestrocmf.com\/portal\/principios-basicos-del-pensamiento-critico\/\" \/>\n<meta property=\"og:locale\" content=\"es_ES\" \/>\n<meta property=\"og:type\" content=\"article\" \/>\n<meta property=\"og:title\" content=\"Principios b\u00e1sicos del pensamiento cr\u00edtico - 2026\" \/>\n<meta property=\"og:description\" content=\"En un mundo cada vez m\u00e1s complejo y saturado de informaci\u00f3n, el pensamiento cr\u00edtico se alza como una herramienta invaluable.\" \/>\n<meta property=\"og:url\" content=\"https:\/\/webdelmaestrocmf.com\/portal\/principios-basicos-del-pensamiento-critico\/\" \/>\n<meta property=\"og:site_name\" content=\"Web del Maestro CMF\" \/>\n<meta property=\"article:publisher\" content=\"https:\/\/www.facebook.com\/WebdelMaestroCMF\/\" \/>\n<meta property=\"article:author\" content=\"https:\/\/www.facebook.com\/WebdelMaestroCMF\/\" \/>\n<meta property=\"article:published_time\" content=\"2023-11-08T21:54:29+00:00\" \/>\n<meta property=\"article:modified_time\" content=\"2023-11-09T14:22:50+00:00\" \/>\n<meta property=\"og:image\" content=\"https:\/\/webdelmaestrocmf.com\/portal\/wp-content\/uploads\/2023\/11\/A12B3C4D-22.jpg\" \/>\n\t<meta property=\"og:image:width\" content=\"900\" \/>\n\t<meta property=\"og:image:height\" content=\"556\" \/>\n\t<meta property=\"og:image:type\" content=\"image\/jpeg\" \/>\n<meta name=\"author\" content=\"Web del Maestro CMF\" \/>\n<meta name=\"twitter:card\" content=\"summary_large_image\" \/>\n<meta name=\"twitter:creator\" content=\"@cmf_w\" \/>\n<meta name=\"twitter:site\" content=\"@cmf_w\" \/>\n<script type=\"application\/ld+json\" class=\"yoast-schema-graph\">{\"@context\":\"https:\\\/\\\/schema.org\",\"@graph\":[{\"@type\":\"ScholarlyArticle\",\"@id\":\"https:\\\/\\\/webdelmaestrocmf.com\\\/portal\\\/principios-basicos-del-pensamiento-critico\\\/#article\",\"isPartOf\":{\"@id\":\"https:\\\/\\\/webdelmaestrocmf.com\\\/portal\\\/principios-basicos-del-pensamiento-critico\\\/\"},\"author\":{\"name\":\"Web del Maestro CMF\",\"@id\":\"https:\\\/\\\/webdelmaestrocmf.com\\\/portal\\\/#\\\/schema\\\/person\\\/1072a2ed7bd960df8ef99a551fa35dc5\"},\"headline\":\"Principios b\u00e1sicos del pensamiento cr\u00edtico\",\"datePublished\":\"2023-11-08T21:54:29+00:00\",\"dateModified\":\"2023-11-09T14:22:50+00:00\",\"mainEntityOfPage\":{\"@id\":\"https:\\\/\\\/webdelmaestrocmf.com\\\/portal\\\/principios-basicos-del-pensamiento-critico\\\/\"},\"wordCount\":1547,\"commentCount\":0,\"publisher\":{\"@id\":\"https:\\\/\\\/webdelmaestrocmf.com\\\/portal\\\/#organization\"},\"image\":{\"@id\":\"https:\\\/\\\/webdelmaestrocmf.com\\\/portal\\\/principios-basicos-del-pensamiento-critico\\\/#primaryimage\"},\"thumbnailUrl\":\"https:\\\/\\\/webdelmaestrocmf.com\\\/portal\\\/wp-content\\\/uploads\\\/2023\\\/11\\\/A12B3C4D-22.jpg\",\"keywords\":[\"B\u00c1SICOS\",\"CR\u00cdTICO\",\"definici\u00f3n de pensamiento critico\",\"desarrollar el pensamiento critico\",\"ejemplo de pensamiento critico\",\"PENSAMIENTO\",\"PENSAMIENTO CR\u00cdTICO\",\"PRINCIPIOS\"],\"articleSection\":[\"Pensamiento critico\",\"Recursos\"],\"inLanguage\":\"es\",\"potentialAction\":[{\"@type\":\"CommentAction\",\"name\":\"Comment\",\"target\":[\"https:\\\/\\\/webdelmaestrocmf.com\\\/portal\\\/principios-basicos-del-pensamiento-critico\\\/#respond\"]}]},{\"@type\":\"WebPage\",\"@id\":\"https:\\\/\\\/webdelmaestrocmf.com\\\/portal\\\/principios-basicos-del-pensamiento-critico\\\/\",\"url\":\"https:\\\/\\\/webdelmaestrocmf.com\\\/portal\\\/principios-basicos-del-pensamiento-critico\\\/\",\"name\":\"Principios b\u00e1sicos del pensamiento cr\u00edtico - 2026\",\"isPartOf\":{\"@id\":\"https:\\\/\\\/webdelmaestrocmf.com\\\/portal\\\/#website\"},\"primaryImageOfPage\":{\"@id\":\"https:\\\/\\\/webdelmaestrocmf.com\\\/portal\\\/principios-basicos-del-pensamiento-critico\\\/#primaryimage\"},\"image\":{\"@id\":\"https:\\\/\\\/webdelmaestrocmf.com\\\/portal\\\/principios-basicos-del-pensamiento-critico\\\/#primaryimage\"},\"thumbnailUrl\":\"https:\\\/\\\/webdelmaestrocmf.com\\\/portal\\\/wp-content\\\/uploads\\\/2023\\\/11\\\/A12B3C4D-22.jpg\",\"datePublished\":\"2023-11-08T21:54:29+00:00\",\"dateModified\":\"2023-11-09T14:22:50+00:00\",\"description\":\"En un mundo cada vez m\u00e1s complejo y saturado de informaci\u00f3n, el pensamiento cr\u00edtico se alza como una herramienta invaluable.\",\"breadcrumb\":{\"@id\":\"https:\\\/\\\/webdelmaestrocmf.com\\\/portal\\\/principios-basicos-del-pensamiento-critico\\\/#breadcrumb\"},\"inLanguage\":\"es\",\"potentialAction\":[{\"@type\":\"ReadAction\",\"target\":[\"https:\\\/\\\/webdelmaestrocmf.com\\\/portal\\\/principios-basicos-del-pensamiento-critico\\\/\"]}]},{\"@type\":\"ImageObject\",\"inLanguage\":\"es\",\"@id\":\"https:\\\/\\\/webdelmaestrocmf.com\\\/portal\\\/principios-basicos-del-pensamiento-critico\\\/#primaryimage\",\"url\":\"https:\\\/\\\/webdelmaestrocmf.com\\\/portal\\\/wp-content\\\/uploads\\\/2023\\\/11\\\/A12B3C4D-22.jpg\",\"contentUrl\":\"https:\\\/\\\/webdelmaestrocmf.com\\\/portal\\\/wp-content\\\/uploads\\\/2023\\\/11\\\/A12B3C4D-22.jpg\",\"width\":900,\"height\":556,\"caption\":\"pensamiento cr\u00edtico\"},{\"@type\":\"BreadcrumbList\",\"@id\":\"https:\\\/\\\/webdelmaestrocmf.com\\\/portal\\\/principios-basicos-del-pensamiento-critico\\\/#breadcrumb\",\"itemListElement\":[{\"@type\":\"ListItem\",\"position\":1,\"name\":\"Portada\",\"item\":\"https:\\\/\\\/webdelmaestrocmf.com\\\/portal\\\/\"},{\"@type\":\"ListItem\",\"position\":2,\"name\":\"Recursos\",\"item\":\"https:\\\/\\\/webdelmaestrocmf.com\\\/portal\\\/category\\\/pedagogia\\\/\"},{\"@type\":\"ListItem\",\"position\":3,\"name\":\"Principios b\u00e1sicos del pensamiento cr\u00edtico\"}]},{\"@type\":\"WebSite\",\"@id\":\"https:\\\/\\\/webdelmaestrocmf.com\\\/portal\\\/#website\",\"url\":\"https:\\\/\\\/webdelmaestrocmf.com\\\/portal\\\/\",\"name\":\"Web del Maestro CMF\",\"description\":\"Maestros al servicio de la educaci\u00f3n\",\"publisher\":{\"@id\":\"https:\\\/\\\/webdelmaestrocmf.com\\\/portal\\\/#organization\"},\"alternateName\":\"WMCMF\",\"potentialAction\":[{\"@type\":\"SearchAction\",\"target\":{\"@type\":\"EntryPoint\",\"urlTemplate\":\"https:\\\/\\\/webdelmaestrocmf.com\\\/portal\\\/?s={search_term_string}\"},\"query-input\":{\"@type\":\"PropertyValueSpecification\",\"valueRequired\":true,\"valueName\":\"search_term_string\"}}],\"inLanguage\":\"es\"},{\"@type\":\"Organization\",\"@id\":\"https:\\\/\\\/webdelmaestrocmf.com\\\/portal\\\/#organization\",\"name\":\"Web del Maestro CMF\",\"alternateName\":\"WMCMF\",\"url\":\"https:\\\/\\\/webdelmaestrocmf.com\\\/portal\\\/\",\"logo\":{\"@type\":\"ImageObject\",\"inLanguage\":\"es\",\"@id\":\"https:\\\/\\\/webdelmaestrocmf.com\\\/portal\\\/#\\\/schema\\\/logo\\\/image\\\/\",\"url\":\"https:\\\/\\\/webdelmaestrocmf.com\\\/portal\\\/wp-content\\\/uploads\\\/2023\\\/01\\\/logo-wmcmf-2.png\",\"contentUrl\":\"https:\\\/\\\/webdelmaestrocmf.com\\\/portal\\\/wp-content\\\/uploads\\\/2023\\\/01\\\/logo-wmcmf-2.png\",\"width\":200,\"height\":60,\"caption\":\"Web del Maestro CMF\"},\"image\":{\"@id\":\"https:\\\/\\\/webdelmaestrocmf.com\\\/portal\\\/#\\\/schema\\\/logo\\\/image\\\/\"},\"sameAs\":[\"https:\\\/\\\/www.facebook.com\\\/WebdelMaestroCMF\\\/\",\"https:\\\/\\\/x.com\\\/cmf_w\",\"https:\\\/\\\/www.pinterest.com\\\/WMCMF\\\/\",\"https:\\\/\\\/www.linkedin.com\\\/company\\\/web-del-maestro-cmf\\\/\",\"https:\\\/\\\/www.instagram.com\\\/wmcmf\\\/\",\"https:\\\/\\\/www.youtube.com\\\/channel\\\/UCDPSvjbdodE5sHnC3OxutHw\",\"https:\\\/\\\/mastodon.social\\\/@wmcmf\",\"https:\\\/\\\/www.tiktok.com\\\/@webdelmaestrocmf\"]},{\"@type\":\"Person\",\"@id\":\"https:\\\/\\\/webdelmaestrocmf.com\\\/portal\\\/#\\\/schema\\\/person\\\/1072a2ed7bd960df8ef99a551fa35dc5\",\"name\":\"Web del Maestro CMF\",\"image\":{\"@type\":\"ImageObject\",\"inLanguage\":\"es\",\"@id\":\"https:\\\/\\\/secure.gravatar.com\\\/avatar\\\/23291dd5b5ae1077dcff3dbb04c3e02bd28403fa75af6d8787d5e97c5bbbe30b?s=96&d=mm&r=g\",\"url\":\"https:\\\/\\\/secure.gravatar.com\\\/avatar\\\/23291dd5b5ae1077dcff3dbb04c3e02bd28403fa75af6d8787d5e97c5bbbe30b?s=96&d=mm&r=g\",\"contentUrl\":\"https:\\\/\\\/secure.gravatar.com\\\/avatar\\\/23291dd5b5ae1077dcff3dbb04c3e02bd28403fa75af6d8787d5e97c5bbbe30b?s=96&d=mm&r=g\",\"caption\":\"Web del Maestro CMF\"},\"description\":\"Esta Web se cre\u00f3 sin fines de lucro, con fines educativos, cient\u00edficos y acad\u00e9micos, para personas que tengan dificultades y\\\/o inconvenientes en visualizar el material original. El objetivo es entregar recursos, compartir experiencias y materiales que ayuden a los padres de familia, maestros y estudiantes en su actualizaci\u00f3n y formaci\u00f3n permanente, en bien de la Educaci\u00f3n.\",\"sameAs\":[\"http:\\\/\\\/webdelmaestrocmf.com\\\/portal\",\"https:\\\/\\\/www.facebook.com\\\/WebdelMaestroCMF\\\/\",\"https:\\\/\\\/www.instagram.com\\\/wmcmf\\\/\",\"https:\\\/\\\/cl.linkedin.com\\\/company\\\/web-del-maestro-cmf\",\"https:\\\/\\\/www.pinterest.com\\\/WMCMF\\\/publicaciones\\\/\",\"https:\\\/\\\/x.com\\\/cmf_w\",\"https:\\\/\\\/www.youtube.com\\\/@WMCMF\"]}]}<\/script>\n<!-- \/ Yoast SEO plugin. -->","yoast_head_json":{"title":"Principios b\u00e1sicos del pensamiento cr\u00edtico - 2026","description":"En un mundo cada vez m\u00e1s complejo y saturado de informaci\u00f3n, el pensamiento cr\u00edtico se alza como una herramienta invaluable.","robots":{"index":"index","follow":"follow","max-snippet":"max-snippet:-1","max-image-preview":"max-image-preview:large","max-video-preview":"max-video-preview:-1"},"canonical":"https:\/\/webdelmaestrocmf.com\/portal\/principios-basicos-del-pensamiento-critico\/","og_locale":"es_ES","og_type":"article","og_title":"Principios b\u00e1sicos del pensamiento cr\u00edtico - 2026","og_description":"En un mundo cada vez m\u00e1s complejo y saturado de informaci\u00f3n, el pensamiento cr\u00edtico se alza como una herramienta invaluable.","og_url":"https:\/\/webdelmaestrocmf.com\/portal\/principios-basicos-del-pensamiento-critico\/","og_site_name":"Web del Maestro CMF","article_publisher":"https:\/\/www.facebook.com\/WebdelMaestroCMF\/","article_author":"https:\/\/www.facebook.com\/WebdelMaestroCMF\/","article_published_time":"2023-11-08T21:54:29+00:00","article_modified_time":"2023-11-09T14:22:50+00:00","og_image":[{"width":900,"height":556,"url":"https:\/\/webdelmaestrocmf.com\/portal\/wp-content\/uploads\/2023\/11\/A12B3C4D-22.jpg","type":"image\/jpeg"}],"author":"Web del Maestro CMF","twitter_card":"summary_large_image","twitter_creator":"@cmf_w","twitter_site":"@cmf_w","schema":{"@context":"https:\/\/schema.org","@graph":[{"@type":"ScholarlyArticle","@id":"https:\/\/webdelmaestrocmf.com\/portal\/principios-basicos-del-pensamiento-critico\/#article","isPartOf":{"@id":"https:\/\/webdelmaestrocmf.com\/portal\/principios-basicos-del-pensamiento-critico\/"},"author":{"name":"Web del Maestro CMF","@id":"https:\/\/webdelmaestrocmf.com\/portal\/#\/schema\/person\/1072a2ed7bd960df8ef99a551fa35dc5"},"headline":"Principios b\u00e1sicos del pensamiento cr\u00edtico","datePublished":"2023-11-08T21:54:29+00:00","dateModified":"2023-11-09T14:22:50+00:00","mainEntityOfPage":{"@id":"https:\/\/webdelmaestrocmf.com\/portal\/principios-basicos-del-pensamiento-critico\/"},"wordCount":1547,"commentCount":0,"publisher":{"@id":"https:\/\/webdelmaestrocmf.com\/portal\/#organization"},"image":{"@id":"https:\/\/webdelmaestrocmf.com\/portal\/principios-basicos-del-pensamiento-critico\/#primaryimage"},"thumbnailUrl":"https:\/\/webdelmaestrocmf.com\/portal\/wp-content\/uploads\/2023\/11\/A12B3C4D-22.jpg","keywords":["B\u00c1SICOS","CR\u00cdTICO","definici\u00f3n de pensamiento critico","desarrollar el pensamiento critico","ejemplo de pensamiento critico","PENSAMIENTO","PENSAMIENTO CR\u00cdTICO","PRINCIPIOS"],"articleSection":["Pensamiento critico","Recursos"],"inLanguage":"es","potentialAction":[{"@type":"CommentAction","name":"Comment","target":["https:\/\/webdelmaestrocmf.com\/portal\/principios-basicos-del-pensamiento-critico\/#respond"]}]},{"@type":"WebPage","@id":"https:\/\/webdelmaestrocmf.com\/portal\/principios-basicos-del-pensamiento-critico\/","url":"https:\/\/webdelmaestrocmf.com\/portal\/principios-basicos-del-pensamiento-critico\/","name":"Principios b\u00e1sicos del pensamiento cr\u00edtico - 2026","isPartOf":{"@id":"https:\/\/webdelmaestrocmf.com\/portal\/#website"},"primaryImageOfPage":{"@id":"https:\/\/webdelmaestrocmf.com\/portal\/principios-basicos-del-pensamiento-critico\/#primaryimage"},"image":{"@id":"https:\/\/webdelmaestrocmf.com\/portal\/principios-basicos-del-pensamiento-critico\/#primaryimage"},"thumbnailUrl":"https:\/\/webdelmaestrocmf.com\/portal\/wp-content\/uploads\/2023\/11\/A12B3C4D-22.jpg","datePublished":"2023-11-08T21:54:29+00:00","dateModified":"2023-11-09T14:22:50+00:00","description":"En un mundo cada vez m\u00e1s complejo y saturado de informaci\u00f3n, el pensamiento cr\u00edtico se alza como una herramienta invaluable.","breadcrumb":{"@id":"https:\/\/webdelmaestrocmf.com\/portal\/principios-basicos-del-pensamiento-critico\/#breadcrumb"},"inLanguage":"es","potentialAction":[{"@type":"ReadAction","target":["https:\/\/webdelmaestrocmf.com\/portal\/principios-basicos-del-pensamiento-critico\/"]}]},{"@type":"ImageObject","inLanguage":"es","@id":"https:\/\/webdelmaestrocmf.com\/portal\/principios-basicos-del-pensamiento-critico\/#primaryimage","url":"https:\/\/webdelmaestrocmf.com\/portal\/wp-content\/uploads\/2023\/11\/A12B3C4D-22.jpg","contentUrl":"https:\/\/webdelmaestrocmf.com\/portal\/wp-content\/uploads\/2023\/11\/A12B3C4D-22.jpg","width":900,"height":556,"caption":"pensamiento cr\u00edtico"},{"@type":"BreadcrumbList","@id":"https:\/\/webdelmaestrocmf.com\/portal\/principios-basicos-del-pensamiento-critico\/#breadcrumb","itemListElement":[{"@type":"ListItem","position":1,"name":"Portada","item":"https:\/\/webdelmaestrocmf.com\/portal\/"},{"@type":"ListItem","position":2,"name":"Recursos","item":"https:\/\/webdelmaestrocmf.com\/portal\/category\/pedagogia\/"},{"@type":"ListItem","position":3,"name":"Principios b\u00e1sicos del pensamiento cr\u00edtico"}]},{"@type":"WebSite","@id":"https:\/\/webdelmaestrocmf.com\/portal\/#website","url":"https:\/\/webdelmaestrocmf.com\/portal\/","name":"Web del Maestro CMF","description":"Maestros al servicio de la educaci\u00f3n","publisher":{"@id":"https:\/\/webdelmaestrocmf.com\/portal\/#organization"},"alternateName":"WMCMF","potentialAction":[{"@type":"SearchAction","target":{"@type":"EntryPoint","urlTemplate":"https:\/\/webdelmaestrocmf.com\/portal\/?s={search_term_string}"},"query-input":{"@type":"PropertyValueSpecification","valueRequired":true,"valueName":"search_term_string"}}],"inLanguage":"es"},{"@type":"Organization","@id":"https:\/\/webdelmaestrocmf.com\/portal\/#organization","name":"Web del Maestro CMF","alternateName":"WMCMF","url":"https:\/\/webdelmaestrocmf.com\/portal\/","logo":{"@type":"ImageObject","inLanguage":"es","@id":"https:\/\/webdelmaestrocmf.com\/portal\/#\/schema\/logo\/image\/","url":"https:\/\/webdelmaestrocmf.com\/portal\/wp-content\/uploads\/2023\/01\/logo-wmcmf-2.png","contentUrl":"https:\/\/webdelmaestrocmf.com\/portal\/wp-content\/uploads\/2023\/01\/logo-wmcmf-2.png","width":200,"height":60,"caption":"Web del Maestro CMF"},"image":{"@id":"https:\/\/webdelmaestrocmf.com\/portal\/#\/schema\/logo\/image\/"},"sameAs":["https:\/\/www.facebook.com\/WebdelMaestroCMF\/","https:\/\/x.com\/cmf_w","https:\/\/www.pinterest.com\/WMCMF\/","https:\/\/www.linkedin.com\/company\/web-del-maestro-cmf\/","https:\/\/www.instagram.com\/wmcmf\/","https:\/\/www.youtube.com\/channel\/UCDPSvjbdodE5sHnC3OxutHw","https:\/\/mastodon.social\/@wmcmf","https:\/\/www.tiktok.com\/@webdelmaestrocmf"]},{"@type":"Person","@id":"https:\/\/webdelmaestrocmf.com\/portal\/#\/schema\/person\/1072a2ed7bd960df8ef99a551fa35dc5","name":"Web del Maestro CMF","image":{"@type":"ImageObject","inLanguage":"es","@id":"https:\/\/secure.gravatar.com\/avatar\/23291dd5b5ae1077dcff3dbb04c3e02bd28403fa75af6d8787d5e97c5bbbe30b?s=96&d=mm&r=g","url":"https:\/\/secure.gravatar.com\/avatar\/23291dd5b5ae1077dcff3dbb04c3e02bd28403fa75af6d8787d5e97c5bbbe30b?s=96&d=mm&r=g","contentUrl":"https:\/\/secure.gravatar.com\/avatar\/23291dd5b5ae1077dcff3dbb04c3e02bd28403fa75af6d8787d5e97c5bbbe30b?s=96&d=mm&r=g","caption":"Web del Maestro CMF"},"description":"Esta Web se cre\u00f3 sin fines de lucro, con fines educativos, cient\u00edficos y acad\u00e9micos, para personas que tengan dificultades y\/o inconvenientes en visualizar el material original. El objetivo es entregar recursos, compartir experiencias y materiales que ayuden a los padres de familia, maestros y estudiantes en su actualizaci\u00f3n y formaci\u00f3n permanente, en bien de la Educaci\u00f3n.","sameAs":["http:\/\/webdelmaestrocmf.com\/portal","https:\/\/www.facebook.com\/WebdelMaestroCMF\/","https:\/\/www.instagram.com\/wmcmf\/","https:\/\/cl.linkedin.com\/company\/web-del-maestro-cmf","https:\/\/www.pinterest.com\/WMCMF\/publicaciones\/","https:\/\/x.com\/cmf_w","https:\/\/www.youtube.com\/@WMCMF"]}]}},"jetpack_featured_media_url":"https:\/\/webdelmaestrocmf.com\/portal\/wp-content\/uploads\/2023\/11\/A12B3C4D-22.jpg","jetpack_sharing_enabled":true,"jetpack-related-posts":[{"id":108624,"url":"https:\/\/webdelmaestrocmf.com\/portal\/pensamiento-critico-que-es-ejemplos-y-claves-para-desarrollarlo-al-estilo-aristotelico\/","url_meta":{"origin":99566,"position":0},"title":"Pensamiento cr\u00edtico: qu\u00e9 es, ejemplos y claves para desarrollarlo al estilo aristot\u00e9lico","author":"Web del Maestro CMF","date":"3 abril, 2025","format":false,"excerpt":"A lo largo del tiempo, innumerables fil\u00f3sofos, cient\u00edficos y eruditos han tratado de alcanzar la verdad a trav\u00e9s del pensamiento cr\u00edtico. Y es que esta habilidad \u00fanica de los humanos ofrece la oportunidad de dejar a un lado las creencias y las supersticiones en favor de la l\u00f3gica y la\u2026","rel":"","context":"En \u00abPensamiento critico\u00bb","block_context":{"text":"Pensamiento critico","link":"https:\/\/webdelmaestrocmf.com\/portal\/category\/pedagogia\/pensamiento-critico\/"},"img":{"alt_text":"","src":"https:\/\/i0.wp.com\/webdelmaestrocmf.com\/portal\/wp-content\/uploads\/2025\/04\/1A-Banner-1-portada-imagen-10-1-2.jpg?resize=350%2C200&ssl=1","width":350,"height":200,"srcset":"https:\/\/i0.wp.com\/webdelmaestrocmf.com\/portal\/wp-content\/uploads\/2025\/04\/1A-Banner-1-portada-imagen-10-1-2.jpg?resize=350%2C200&ssl=1 1x, https:\/\/i0.wp.com\/webdelmaestrocmf.com\/portal\/wp-content\/uploads\/2025\/04\/1A-Banner-1-portada-imagen-10-1-2.jpg?resize=525%2C300&ssl=1 1.5x, https:\/\/i0.wp.com\/webdelmaestrocmf.com\/portal\/wp-content\/uploads\/2025\/04\/1A-Banner-1-portada-imagen-10-1-2.jpg?resize=700%2C400&ssl=1 2x"},"classes":[]},{"id":99573,"url":"https:\/\/webdelmaestrocmf.com\/portal\/por-que-es-importante-ensenar-a-pensar\/","url_meta":{"origin":99566,"position":1},"title":"\u00bfPor qu\u00e9 es importante ense\u00f1ar a pensar?","author":"Web del Maestro CMF","date":"8 noviembre, 2023","format":false,"excerpt":"En un mundo cada vez m\u00e1s complejo y cambiante, la habilidad de pensar cr\u00edticamente se erige como un pilar fundamental para el \u00e9xito en diversos aspectos de la vida. Ya sea en el \u00e1mbito escolar, laboral o en nuestras decisiones cotidianas, el pensamiento cr\u00edtico se alza como un aliado invaluable\u2026","rel":"","context":"En \u00abPensamiento\u00bb","block_context":{"text":"Pensamiento","link":"https:\/\/webdelmaestrocmf.com\/portal\/category\/pedagogia\/pensamiento\/"},"img":{"alt_text":"ense\u00f1ar a pensar","src":"https:\/\/i0.wp.com\/webdelmaestrocmf.com\/portal\/wp-content\/uploads\/2023\/11\/A12B3C4D-23.jpg?resize=350%2C200&ssl=1","width":350,"height":200,"srcset":"https:\/\/i0.wp.com\/webdelmaestrocmf.com\/portal\/wp-content\/uploads\/2023\/11\/A12B3C4D-23.jpg?resize=350%2C200&ssl=1 1x, https:\/\/i0.wp.com\/webdelmaestrocmf.com\/portal\/wp-content\/uploads\/2023\/11\/A12B3C4D-23.jpg?resize=525%2C300&ssl=1 1.5x, https:\/\/i0.wp.com\/webdelmaestrocmf.com\/portal\/wp-content\/uploads\/2023\/11\/A12B3C4D-23.jpg?resize=700%2C400&ssl=1 2x"},"classes":[]},{"id":7148,"url":"https:\/\/webdelmaestrocmf.com\/portal\/5-caracteristicas-del-pensador-critico-infografia\/","url_meta":{"origin":99566,"position":2},"title":"Caracter\u00edsticas del Pensador Cr\u00edtico, una habilidad cognitiva esencial en la sociedad actual","author":"Web del Maestro CMF","date":"19 agosto, 2023","format":false,"excerpt":"El pensamiento cr\u00edtico es esa forma de pensar sobre cualquier tema, contenido o problema en el cual el pensante mejora la calidad de su pensamiento al apoderarse de las estructuras inherentes del acto de pensar y al someterlas a est\u00e1ndares intelectuales. El pensamiento cr\u00edtico es una habilidad cognitiva esencial en\u2026","rel":"","context":"En \u00abDocentes\u00bb","block_context":{"text":"Docentes","link":"https:\/\/webdelmaestrocmf.com\/portal\/category\/pedagogia\/docentes\/"},"img":{"alt_text":"","src":"https:\/\/i0.wp.com\/webdelmaestrocmf.com\/portal\/wp-content\/uploads\/2023\/08\/A12B3C4D-65.jpg?resize=350%2C200&ssl=1","width":350,"height":200,"srcset":"https:\/\/i0.wp.com\/webdelmaestrocmf.com\/portal\/wp-content\/uploads\/2023\/08\/A12B3C4D-65.jpg?resize=350%2C200&ssl=1 1x, https:\/\/i0.wp.com\/webdelmaestrocmf.com\/portal\/wp-content\/uploads\/2023\/08\/A12B3C4D-65.jpg?resize=525%2C300&ssl=1 1.5x, https:\/\/i0.wp.com\/webdelmaestrocmf.com\/portal\/wp-content\/uploads\/2023\/08\/A12B3C4D-65.jpg?resize=700%2C400&ssl=1 2x"},"classes":[]},{"id":75127,"url":"https:\/\/webdelmaestrocmf.com\/portal\/como-trabajar-el-pensamiento-critico-de-tus-alumnos-de-secundaria-en-tu-clase-de-matematicas\/","url_meta":{"origin":99566,"position":3},"title":"C\u00f3mo trabajar el pensamiento cr\u00edtico en clases de matem\u00e1ticas","author":"Web del Maestro CMF","date":"9 noviembre, 2023","format":false,"excerpt":"El pensamiento cr\u00edtico es una habilidad fundamental que los estudiantes deben adquirir en su educaci\u00f3n. En la sociedad actual, caracterizada por un flujo constante de informaci\u00f3n y desaf\u00edos complejos, la capacidad de analizar, evaluar y resolver problemas de manera l\u00f3gica y efectiva se ha convertido en un activo invaluable. Una\u2026","rel":"","context":"En \u00abDescargas Manuales PDF\u00bb","block_context":{"text":"Descargas Manuales PDF","link":"https:\/\/webdelmaestrocmf.com\/portal\/category\/pedagogia\/descargas-manuales-pdf\/"},"img":{"alt_text":"pensamiento cr\u00edtico matem\u00e1ticas","src":"https:\/\/i0.wp.com\/webdelmaestrocmf.com\/portal\/wp-content\/uploads\/2022\/03\/1ss-3.jpg?resize=350%2C200&ssl=1","width":350,"height":200,"srcset":"https:\/\/i0.wp.com\/webdelmaestrocmf.com\/portal\/wp-content\/uploads\/2022\/03\/1ss-3.jpg?resize=350%2C200&ssl=1 1x, https:\/\/i0.wp.com\/webdelmaestrocmf.com\/portal\/wp-content\/uploads\/2022\/03\/1ss-3.jpg?resize=525%2C300&ssl=1 1.5x, https:\/\/i0.wp.com\/webdelmaestrocmf.com\/portal\/wp-content\/uploads\/2022\/03\/1ss-3.jpg?resize=700%2C400&ssl=1 2x, https:\/\/i0.wp.com\/webdelmaestrocmf.com\/portal\/wp-content\/uploads\/2022\/03\/1ss-3.jpg?resize=1050%2C600&ssl=1 3x"},"classes":[]},{"id":99656,"url":"https:\/\/webdelmaestrocmf.com\/portal\/fomentando-el-pensamiento-critico-en-el-aula-con-chatgpt\/","url_meta":{"origin":99566,"position":4},"title":"Fomentando el Pensamiento Cr\u00edtico en el Aula con ChatGPT","author":"Web del Maestro CMF","date":"9 noviembre, 2023","format":false,"excerpt":"El pensamiento cr\u00edtico es fundamental en la educaci\u00f3n contempor\u00e1nea. En este art\u00edculo, exploraremos c\u00f3mo utilizar ChatGPT en el aula para promover el desarrollo de estas habilidades en los estudiantes, potenciando su capacidad para analizar, evaluar y cuestionar la informaci\u00f3n de manera reflexiva. En esta oportunidad, exploramos nueve emocionantes formas de\u2026","rel":"","context":"En \u00abChatGPT\u00bb","block_context":{"text":"ChatGPT","link":"https:\/\/webdelmaestrocmf.com\/portal\/category\/tecnologia\/chatgpt\/"},"img":{"alt_text":"Pensamiento Cr\u00edtico con ChatGPT","src":"https:\/\/i0.wp.com\/webdelmaestrocmf.com\/portal\/wp-content\/uploads\/2023\/11\/A12B3C4D-24.jpg?resize=350%2C200&ssl=1","width":350,"height":200,"srcset":"https:\/\/i0.wp.com\/webdelmaestrocmf.com\/portal\/wp-content\/uploads\/2023\/11\/A12B3C4D-24.jpg?resize=350%2C200&ssl=1 1x, https:\/\/i0.wp.com\/webdelmaestrocmf.com\/portal\/wp-content\/uploads\/2023\/11\/A12B3C4D-24.jpg?resize=525%2C300&ssl=1 1.5x, https:\/\/i0.wp.com\/webdelmaestrocmf.com\/portal\/wp-content\/uploads\/2023\/11\/A12B3C4D-24.jpg?resize=700%2C400&ssl=1 2x"},"classes":[]},{"id":100405,"url":"https:\/\/webdelmaestrocmf.com\/portal\/el-pensamiento-sus-elementos-y-caracteristicas\/","url_meta":{"origin":99566,"position":5},"title":"El pensamiento, sus elementos y caracter\u00edsticas","author":"Web del Maestro CMF","date":"17 noviembre, 2023","format":false,"excerpt":"El pensamiento es un proceso complejo que nos permite comprender el mundo que nos rodea. Es una capacidad fundamental para el aprendizaje, la resoluci\u00f3n de problemas y la toma de decisiones.\u00a0Para los docentes, es importante comprender los elementos del pensamiento y sus caracter\u00edsticas. Esto les permitir\u00e1 dise\u00f1ar experiencias de aprendizaje\u2026","rel":"","context":"En \u00abPensamiento\u00bb","block_context":{"text":"Pensamiento","link":"https:\/\/webdelmaestrocmf.com\/portal\/category\/pedagogia\/pensamiento\/"},"img":{"alt_text":"pensamiento elementos y caracter\u00edsticas","src":"https:\/\/i0.wp.com\/webdelmaestrocmf.com\/portal\/wp-content\/uploads\/2023\/11\/A12B3C4D-11-1.jpg?resize=350%2C200&ssl=1","width":350,"height":200,"srcset":"https:\/\/i0.wp.com\/webdelmaestrocmf.com\/portal\/wp-content\/uploads\/2023\/11\/A12B3C4D-11-1.jpg?resize=350%2C200&ssl=1 1x, https:\/\/i0.wp.com\/webdelmaestrocmf.com\/portal\/wp-content\/uploads\/2023\/11\/A12B3C4D-11-1.jpg?resize=525%2C300&ssl=1 1.5x, https:\/\/i0.wp.com\/webdelmaestrocmf.com\/portal\/wp-content\/uploads\/2023\/11\/A12B3C4D-11-1.jpg?resize=700%2C400&ssl=1 2x"},"classes":[]}],"_links":{"self":[{"href":"https:\/\/webdelmaestrocmf.com\/portal\/wp-json\/wp\/v2\/posts\/99566","targetHints":{"allow":["GET"]}}],"collection":[{"href":"https:\/\/webdelmaestrocmf.com\/portal\/wp-json\/wp\/v2\/posts"}],"about":[{"href":"https:\/\/webdelmaestrocmf.com\/portal\/wp-json\/wp\/v2\/types\/post"}],"author":[{"embeddable":true,"href":"https:\/\/webdelmaestrocmf.com\/portal\/wp-json\/wp\/v2\/users\/1"}],"replies":[{"embeddable":true,"href":"https:\/\/webdelmaestrocmf.com\/portal\/wp-json\/wp\/v2\/comments?post=99566"}],"version-history":[{"count":0,"href":"https:\/\/webdelmaestrocmf.com\/portal\/wp-json\/wp\/v2\/posts\/99566\/revisions"}],"wp:featuredmedia":[{"embeddable":true,"href":"https:\/\/webdelmaestrocmf.com\/portal\/wp-json\/wp\/v2\/media\/99571"}],"wp:attachment":[{"href":"https:\/\/webdelmaestrocmf.com\/portal\/wp-json\/wp\/v2\/media?parent=99566"}],"wp:term":[{"taxonomy":"category","embeddable":true,"href":"https:\/\/webdelmaestrocmf.com\/portal\/wp-json\/wp\/v2\/categories?post=99566"},{"taxonomy":"post_tag","embeddable":true,"href":"https:\/\/webdelmaestrocmf.com\/portal\/wp-json\/wp\/v2\/tags?post=99566"}],"curies":[{"name":"wp","href":"https:\/\/api.w.org\/{rel}","templated":true}]}}