{"id":99484,"date":"2023-11-07T22:50:46","date_gmt":"2023-11-08T01:50:46","guid":{"rendered":"https:\/\/webdelmaestrocmf.com\/portal\/?p=99484"},"modified":"2023-11-07T22:50:46","modified_gmt":"2023-11-08T01:50:46","slug":"duilio-bompadre-la-practica-de-la-escucha-interior","status":"publish","type":"post","link":"https:\/\/webdelmaestrocmf.com\/portal\/duilio-bompadre-la-practica-de-la-escucha-interior\/","title":{"rendered":"[Duilio Bompadre] La pr\u00e1ctica de la escucha interior"},"content":{"rendered":"<p style=\"text-align: justify;\"><strong><em>\u201cLa persona humana tiene un doble movimiento vital. Por un lado, un movimiento centr\u00edfugo en el que desarrolla sus capacidades participando como un ser en el mundo. El otro movimiento es el centr\u00edpeto, que expresa una funci\u00f3n interna, subjetiva, individual, la cual consiste en replegarse sobre s\u00ed mismo para discernir, reflexionar, pensar y contemplar. Es as\u00ed como el desarrollo se entiende como un ensanchamiento exterior, en perspectiva, y como un descenso interior, en profundidad.\u201d <\/em>Antonio Blay<\/strong><!--more--><\/p>\n<p style=\"text-align: justify;\">Escuchar a quienes nos rodean nos permite aprender y crecer interiormente. Sin embargo, tambi\u00e9n, es necesario que nos escuchemos a nosotros mismos, porque al escuchar \u201chacia dentro\u201d descubrimos qu\u00e9 necesitamos y qu\u00e9 nos hace sentir mejor.<\/p>\n<p style=\"text-align: justify;\">En la actualidad, hay tendencia a una hiperactividad, especialmente, una centr\u00edfuga, es decir, vivir hacia fuera. Esto crea una descompensaci\u00f3n importante con el movimiento hacia dentro. En este rumbo, se desatiende el espacio interior y se reducen sus posibilidades de desarrollo.<\/p>\n<p style=\"text-align: justify;\">Las investigaciones de H. Gardner (1995) y D. Goleman (1996) han puesto de manifiesto la presencia de inteligencias diversas. Entre ellas, la inteligencia interpersonal, que es la que se dirige hacia los dem\u00e1s, y la inteligencia intrapersonal, una habilidad dirigida hacia nuestro interior que nos permite reconstruir una imagen m\u00e1s ajustada de nosotros mismos.<\/p>\n<ol style=\"text-align: justify;\">\n<li>MacGilchrist, J. Myers y K. Reed (en Day, 1997) realizaron un nuevo aporte: se\u00f1alan a la inteligencia espiritual como la valoraci\u00f3n fundamental de la vida y del desarrollo de todos los miembros de una comunidad escolar.<em> La espiritualidad es una fuente de creatividad abierta. Lleva consigo la cualidad de la conciencia que impulsa la investigaci\u00f3n, las ideas, las observaciones, la perspicacia, la empat\u00eda, la expresi\u00f3n art\u00edstica, los esfuerzos serios y el deseo de juego. Nos abre a la vida y a los dem\u00e1s. La espiritualidad es un hilo que atraviesa nuestra vida llevando esperanza, compasi\u00f3n, agradecimiento, valor, paz y un sentido de finalidad a lo cotidiano, al tiempo que trasciende el mundo inmediato de lo visible y lo tangible. Nos impulsa a buscar y ser consecuentes con los valores que no se rigen por el \u00e9xito material <\/em>(Burns y Lamont, 1995).<\/li>\n<\/ol>\n<p style=\"text-align: justify;\">Ser espiritualmente inteligentes es integrar dos de las inteligencias m\u00faltiples \u2212 la intra y la interpersonal \u2212 con el fin de comprender de modo m\u00e1s pleno qui\u00e9nes somos, qu\u00e9 valoramos y c\u00f3mo desarrollamos el afecto y la preocupaci\u00f3n por los dem\u00e1s, para en nuestro caso, utilizarlos en la ense\u00f1anza.<\/p>\n<p style=\"text-align: justify;\">Mirar hacia dentro para encontrar el espacio interior<\/p>\n<p style=\"text-align: justify;\">Todo docente requiere de un espacio interior donde buscar el propio conocimiento. La clave son las herramientas que utilice para ello. Deber\u00e1 escoger aquellas que puedan ayudarlo a sentirse mejor, a prevenir trastornos, a enfrentar las demandas y presiones, a centrarse y ajustarse al medio en el que desenvuelve su tarea.<em> Con\u00f3cete a ti mismo<\/em> (Aforismo griego inscrito en la entrada del templo de Apolo en Delfos). <em>Si no me conozco a m\u00ed mismo, no puedo saber qui\u00e9nes son mis alumnos, los veo a trav\u00e9s de un cristal oscuro, en la sombra de mi vida no revisada; y cuando no puedo verlos con claridad, no puedo ense\u00f1arles bien. Cuando no me conozco a m\u00ed mismo, no puedo conocer mi materia; no en los niveles m\u00e1s profundos del significado asumido y personal <\/em>(Palmer, 1998).<\/p>\n<p style=\"text-align: justify;\">El docente necesita reconstruirse por dentro, encontrar su espacio \u00edntimo. Fortalecer la capacidad de pensar y de ser aut\u00f3nomo. La construcci\u00f3n de su trayectoria es singular e irrepetible. Esta necesidad no se contrapone con el trabajo colaborativo, sino que lo potencia. Trabajar en equipo es fundamental para aunar esfuerzos y obtener resultados. De ese modo, se supera la cultura individualista. No obstante, a veces, los docentes sentimos la necesidad de tomar distancia de la clase y de los colegas para encontrarnos a nosotros mismos. Muchas de las ideas genuinas, creativas y originales surgen en \u00e1mbitos donde fluye el pensamiento sin condicionantes. En esos momentos de distanciamiento, aparecen im\u00e1genes, ideas o reflexiones que mejoran nuestra pr\u00e1ctica docente. La creaci\u00f3n, el pensamiento reflexivo y la intuici\u00f3n nacen en esos tiempos distendidos, que debemos aprovechar para sembrar ideas transformadoras.<\/p>\n<p style=\"text-align: justify;\">El docente necesita un encuentro \u00edntimo con su yo interior para recordar que puede encarar satisfactoriamente la vida. Ese encuentro personal le posibilita el conocimiento de s\u00ed mismo para crecer interiormente y procesar las vivencias cotidianas de forma positiva.<\/p>\n<p style=\"text-align: justify;\">Un ejercicio para favorecer la identificaci\u00f3n de los aspectos centrales:<\/p>\n<ol style=\"text-align: justify;\">\n<li>Reflexionar a diario sobre lo vivido, repasar lo positivo, lo negativo y lo que queremos priorizar a futuro.<\/li>\n<li>Constatar qu\u00e9 necesidades urgen.<\/li>\n<li>Destacar qu\u00e9 podemos ofrecerles a los dem\u00e1s.<\/li>\n<\/ol>\n<p style=\"text-align: justify;\">El peligro de estar siempre con otras personas y no reencontrarnos nunca a solas con nosotros mismos puede ser una defensa para no afrontar nuestra autonom\u00eda como seres individuales.<\/p>\n<p style=\"text-align: justify;\">Busquemos momentos para saber estar solos, contactarnos con nosotros mismos y atrevernos a la contemplaci\u00f3n que nos permite encontrar la llave que abre y activa nuestro despertador interior.<\/p>\n<p style=\"text-align: justify;\">Distingamos el \u201cestar solos\u201d del \u201csentirnos solos\u201d. Saber estar solo es una actitud que comporta una retirada voluntaria o serena hacia dentro. Saber estar solo atiende a la necesidad de preservar el propio espacio personal de autonom\u00eda e intimidad. La madurez de una persona implica la conciencia de un proceso de individuaci\u00f3n y de diferenciaci\u00f3n para disfrutar, reflexionar y construirse como persona y como profesional.<\/p>\n<p style=\"text-align: justify;\">Sugerencias para pensar y reflexionar:<\/p>\n<ul style=\"text-align: justify;\">\n<li>Exploremos nuestros propios espacios. Incluso, para no hacer nada.<\/li>\n<li>Conect\u00e9monos con nosotros mismos.<\/li>\n<li>Valoremos el momento de soledad voluntaria como indicador positivo de la autoestima.<\/li>\n<li>Encontremos un espacio de creatividad y de goce en la vida cotidiana.<\/li>\n<li>Disfrutemos de la experiencia de pasar un tiempo en soledad, en silencio.<\/li>\n<li>Realicemos alguna actividad art\u00edstica, dibujo, m\u00fasica, danza, escritura, pintura, entre otras.<\/li>\n<\/ul>\n<p style=\"text-align: justify;\"><strong>Practicando la Reflexi\u00f3n <\/strong><\/p>\n<p style=\"text-align: justify;\">Preguntas que nos pueden ayudar:<\/p>\n<ol style=\"text-align: justify;\">\n<li>\u00bfEncontramos espacios de creatividad y de goce en la vida cotidiana?<\/li>\n<li>\u00bfSomos capaces de disfrutar de la experiencia de pasar un tiempo en soledad, en silencio y reflexi\u00f3n?<\/li>\n<li>\u00bfBuscamos espacios propios, incluso para no hacer nada sin culpas, pero sinti\u00e9ndonos interiormente conectado?<\/li>\n<li>\u00bfSomos conscientes de que si desarrollamos ese espacio interior se afina una atenci\u00f3n diferente hacia el entorno, que nos permite valorar de manera distinta nuestra actividad y las relaciones con los dem\u00e1s?<\/li>\n<\/ol>\n<p style=\"text-align: justify;\"><strong>Bibliograf\u00eda utilizada:<\/strong><\/p>\n<ul style=\"text-align: justify;\">\n<li style=\"text-align: justify;\">Bompadre Duilio (2016). Sentirnos bien en la escuela. Editorial Stella. Bs.As.<\/li>\n<li style=\"text-align: justify;\">Day, C. (2006). <em>Pasi\u00f3n por ense\u00f1ar<\/em>. Madrid: Nancea S. A. de ediciones.<\/li>\n<li style=\"text-align: justify;\">Scaraf\u00eda C., Vilanova P., Valladares L. y N. Rufo (2016). <em>Habilidades Socioemocionales. Potenciar aprendizajes y nutrir la vocaci\u00f3n de educar<\/em>. Buenos Aires: Bonum.<\/li>\n<\/ul>\n<p style=\"text-align: justify;\"><strong>NOTA DE REDACCI\u00d3N:<\/strong> La Web del Maestro CMF publica los textos originales de su autor, no necesariamente coincide con lo expuesto en el tema, no se hace responsable de las opiniones expresadas, y no promociona ning\u00fan producto, servicio, marca o empresa. Sugerimos a nuestros lectores conocer la identidad de la fuente o de su autor o autores, para tener mayores elementos de juicio y la pertinencia a su realidad educativa.<\/p>\n<table border=\"0\" width=\"100%\" cellspacing=\"10\" cellpadding=\"10\">\n<tbody>\n<tr>\n<td width=\"30%\"><img loading=\"lazy\" decoding=\"async\" class=\"size-full wp-image-73181 aligncenter\" src=\"https:\/\/webdelmaestrocmf.com\/portal\/wp-content\/uploads\/2021\/01\/1-198.jpg\" alt=\"\" width=\"200\" height=\"200\" srcset=\"https:\/\/webdelmaestrocmf.com\/portal\/wp-content\/uploads\/2021\/01\/1-198.jpg 200w, https:\/\/webdelmaestrocmf.com\/portal\/wp-content\/uploads\/2021\/01\/1-198-150x150.jpg 150w, https:\/\/webdelmaestrocmf.com\/portal\/wp-content\/uploads\/2021\/01\/1-198-80x80.jpg 80w, https:\/\/webdelmaestrocmf.com\/portal\/wp-content\/uploads\/2021\/01\/1-198-110x110.jpg 110w\" sizes=\"auto, (max-width: 200px) 100vw, 200px\" \/><\/p>\n<p style=\"text-align: center;\"><strong>Autor: <\/strong>Duilio Bompadre, ciudadano argentino, nacido en Buenos Aires, Argentina.<br \/>\n<strong>Experiencia laboral:<\/strong> Doctor y Lic. en Ciencias de la Educaci\u00f3n (UCALP). Especializaci\u00f3n en EVA (UCA\/OEI). Bachiller universitario y profesor en Teolog\u00eda (UCA). 35 a\u00f1os de experiencia en la gesti\u00f3n docente en los niveles de educaci\u00f3n media y superior y 13 a\u00f1os en la gesti\u00f3n como directivo y supervisor de nivel superior. Cursos de posgrado propios de la especialidad; Evaluador y director de tesis.<br \/>\nAutor del libro \u201cSentirnos bien en la escuela\u201d, Edit. Stella y de varias publicaciones.<br \/>\n<strong>Correo electr\u00f3nico:<\/strong> <a href=\"mailto:duiliobompadre@yahoo.com.ar\">duiliobompadre@yahoo.com.ar<\/a><br \/>\n<strong>Cuenta de Twitter:<\/strong> <a href=\"https:\/\/twitter.com\/dbompadre\" target=\"_blank\" rel=\"noopener\">@dbompadre<\/a><strong><a href=\"mailto:duiliobompadre@yahoo.com.ar\" target=\"_blank\" rel=\"noopener noreferrer\"><br \/>\n<\/a><\/strong><\/p>\n<\/td>\n<\/tr>\n<\/tbody>\n<\/table>\n\t\t<div class=\"pk-inline-posts\">\n\t\t\t\n\t\t\t<div class=\"pk-inline-posts-container pk-inline-posts-template-list\"\n\t\t\t\tdata-columns=\"1\">\n\t\t\t\t\t\t<article id=\"post-105954\" class=\"post-105954 post type-post status-publish format-standard has-post-thumbnail category-z-colaborador-dulio-bompadre category-colaborador tag-armonia tag-bompadre tag-buen tag-cabeza tag-corazon tag-ejercicio tag-liderazgo tag-manos cs-entry cs-video-wrap\">\n\t\t\t<div class=\"pk-post-outer\">\n\n\t\t\t\t\t\t\t\t<div class=\"pk-post-inner\">\n\t\t\t\t\t<div class=\"entry-thumbnail\">\n\t\t\t\t\t\t<div class=\"pk-overlay pk-overlay-ratio pk-ratio-landscape\">\n\t\t\t\t\t\t\t<div class=\"pk-overlay-background\">\n\t\t\t\t\t\t\t\t<a href=\"https:\/\/webdelmaestrocmf.com\/portal\/duilio-bompadre-la-armonia-de-la-cabeza-del-corazon-y-de-las-manos-en-el-buen-ejercicio-del-liderazgo\/\" class=\"pk-overlay-link\">\n\t\t\t\t\t\t\t\t\t<img loading=\"lazy\" decoding=\"async\" width=\"300\" height=\"225\" src=\"https:\/\/webdelmaestrocmf.com\/portal\/wp-content\/uploads\/2024\/06\/1-2-300x225.jpg\" class=\"attachment-pk-thumbnail size-pk-thumbnail wp-post-image\" alt=\"\" \/>\t\t\t\t\t\t\t\t<\/a>\n\t\t\t\t\t\t\t<\/div>\n\t\t\t\t\t\t<\/div>\n\t\t\t\t\t<\/div>\n\t\t\t\t<\/div>\n\t\t\t\t\n\t\t\t\t<div class=\"pk-post-inner\">\n\t\t\t\t\t<header>\n\t\t\t\t\t\t<h3 class=\"pk-title\"><a href=\"https:\/\/webdelmaestrocmf.com\/portal\/duilio-bompadre-la-armonia-de-la-cabeza-del-corazon-y-de-las-manos-en-el-buen-ejercicio-del-liderazgo\/\" rel=\"bookmark\">[Duilio Bompadre] La armon\u00eda de la cabeza, del coraz\u00f3n y de las manos en el buen ejercicio del liderazgo<\/a><\/h3>\t\t\t\t\t<\/header><!-- .entry-header -->\n\t\t\t\t<\/div><!-- .post-inner -->\n\n\t\t\t<\/div><!-- .post-outer -->\n\t\t<\/article>\n\t\t\t<article id=\"post-105820\" class=\"post-105820 post type-post status-publish format-standard has-post-thumbnail category-z-colaborador-dulio-bompadre category-colaborador tag-creacion tag-duilio-bompadre tag-interpersonales tag-lazos tag-vinculos cs-entry cs-video-wrap\">\n\t\t\t<div class=\"pk-post-outer\">\n\n\t\t\t\t\t\t\t\t<div class=\"pk-post-inner\">\n\t\t\t\t\t<div class=\"entry-thumbnail\">\n\t\t\t\t\t\t<div class=\"pk-overlay pk-overlay-ratio pk-ratio-landscape\">\n\t\t\t\t\t\t\t<div class=\"pk-overlay-background\">\n\t\t\t\t\t\t\t\t<a href=\"https:\/\/webdelmaestrocmf.com\/portal\/duilio-bompadre-los-vinculos-interpersonales-y-la-creacion-de-lazos\/\" class=\"pk-overlay-link\">\n\t\t\t\t\t\t\t\t\t<img loading=\"lazy\" decoding=\"async\" width=\"300\" height=\"225\" src=\"https:\/\/webdelmaestrocmf.com\/portal\/wp-content\/uploads\/2024\/05\/Banner-1-portada-imagen-10-1-2024-05-31T211731.897-300x225.jpg\" class=\"attachment-pk-thumbnail size-pk-thumbnail wp-post-image\" alt=\"\" \/>\t\t\t\t\t\t\t\t<\/a>\n\t\t\t\t\t\t\t<\/div>\n\t\t\t\t\t\t<\/div>\n\t\t\t\t\t<\/div>\n\t\t\t\t<\/div>\n\t\t\t\t\n\t\t\t\t<div class=\"pk-post-inner\">\n\t\t\t\t\t<header>\n\t\t\t\t\t\t<h3 class=\"pk-title\"><a href=\"https:\/\/webdelmaestrocmf.com\/portal\/duilio-bompadre-los-vinculos-interpersonales-y-la-creacion-de-lazos\/\" rel=\"bookmark\">[Duilio Bompadre] Los v\u00ednculos interpersonales y la creaci\u00f3n de lazos<\/a><\/h3>\t\t\t\t\t<\/header><!-- .entry-header -->\n\t\t\t\t<\/div><!-- .post-inner -->\n\n\t\t\t<\/div><!-- .post-outer -->\n\t\t<\/article>\n\t\t\t<article id=\"post-97229\" class=\"post-97229 post type-post status-publish format-standard has-post-thumbnail category-z-colaborador-dulio-bompadre tag-duilio-bompadre tag-escucha tag-practica cs-entry cs-video-wrap\">\n\t\t\t<div class=\"pk-post-outer\">\n\n\t\t\t\t\t\t\t\t<div class=\"pk-post-inner\">\n\t\t\t\t\t<div class=\"entry-thumbnail\">\n\t\t\t\t\t\t<div class=\"pk-overlay pk-overlay-ratio pk-ratio-landscape\">\n\t\t\t\t\t\t\t<div class=\"pk-overlay-background\">\n\t\t\t\t\t\t\t\t<a href=\"https:\/\/webdelmaestrocmf.com\/portal\/duilio-bompadre-la-practica-de-la-escucha\/\" class=\"pk-overlay-link\">\n\t\t\t\t\t\t\t\t\t<img loading=\"lazy\" decoding=\"async\" width=\"300\" height=\"225\" src=\"https:\/\/webdelmaestrocmf.com\/portal\/wp-content\/uploads\/2023\/10\/A12B3C4D-1-3-300x225.jpg\" class=\"attachment-pk-thumbnail size-pk-thumbnail wp-post-image\" alt=\"\" \/>\t\t\t\t\t\t\t\t<\/a>\n\t\t\t\t\t\t\t<\/div>\n\t\t\t\t\t\t<\/div>\n\t\t\t\t\t<\/div>\n\t\t\t\t<\/div>\n\t\t\t\t\n\t\t\t\t<div class=\"pk-post-inner\">\n\t\t\t\t\t<header>\n\t\t\t\t\t\t<h3 class=\"pk-title\"><a href=\"https:\/\/webdelmaestrocmf.com\/portal\/duilio-bompadre-la-practica-de-la-escucha\/\" rel=\"bookmark\">[Duilio Bompadre] La pr\u00e1ctica de la escucha<\/a><\/h3>\t\t\t\t\t<\/header><!-- .entry-header -->\n\t\t\t\t<\/div><!-- .post-inner -->\n\n\t\t\t<\/div><!-- .post-outer -->\n\t\t<\/article>\n\t\t\t\t<\/div>\n\t\t<\/div>\n\t\t\n","protected":false},"excerpt":{"rendered":"\u201cLa persona humana tiene un doble movimiento vital. Por un lado, un movimiento centr\u00edfugo en el que desarrolla&hellip;","protected":false},"author":1,"featured_media":99485,"comment_status":"open","ping_status":"closed","sticky":false,"template":"","format":"standard","meta":{"csco_display_header_overlay":false,"csco_singular_sidebar":"","csco_page_header_type":"","csco_page_load_nextpost":"","csco_post_video_location":[],"csco_post_video_location_hash":"","csco_post_video_url":"","csco_post_video_bg_start_time":0,"csco_post_video_bg_end_time":0,"csco_post_video_bg_volume":false,"_jetpack_memberships_contains_paid_content":false,"footnotes":""},"categories":[2274],"tags":[2275,4007,3981,2336],"class_list":{"0":"post-99484","1":"post","2":"type-post","3":"status-publish","4":"format-standard","5":"has-post-thumbnail","7":"category-z-colaborador-dulio-bompadre","8":"tag-duilio-bompadre","9":"tag-escucha","10":"tag-interior","11":"tag-practica","12":"cs-entry","13":"cs-video-wrap"},"yoast_head":"<!-- This site is optimized with the Yoast SEO plugin v27.5 - https:\/\/yoast.com\/product\/yoast-seo-wordpress\/ -->\n<title>[Duilio Bompadre] La pr\u00e1ctica de la escucha interior - 2026<\/title>\n<meta name=\"description\" content=\"\u201cLa persona humana tiene un doble movimiento vital. Por un lado, un movimiento centr\u00edfugo en el que desarrolla sus capacidades...\" \/>\n<meta name=\"robots\" content=\"index, follow, max-snippet:-1, max-image-preview:large, max-video-preview:-1\" \/>\n<link rel=\"canonical\" href=\"https:\/\/webdelmaestrocmf.com\/portal\/duilio-bompadre-la-practica-de-la-escucha-interior\/\" \/>\n<meta property=\"og:locale\" content=\"es_ES\" \/>\n<meta property=\"og:type\" content=\"article\" \/>\n<meta property=\"og:title\" content=\"[Duilio Bompadre] La pr\u00e1ctica de la escucha interior - 2026\" \/>\n<meta property=\"og:description\" content=\"\u201cLa persona humana tiene un doble movimiento vital. Por un lado, un movimiento centr\u00edfugo en el que desarrolla sus capacidades...\" \/>\n<meta property=\"og:url\" content=\"https:\/\/webdelmaestrocmf.com\/portal\/duilio-bompadre-la-practica-de-la-escucha-interior\/\" \/>\n<meta property=\"og:site_name\" content=\"Web del Maestro CMF\" \/>\n<meta property=\"article:publisher\" content=\"https:\/\/www.facebook.com\/WebdelMaestroCMF\/\" \/>\n<meta property=\"article:author\" content=\"https:\/\/www.facebook.com\/WebdelMaestroCMF\/\" \/>\n<meta property=\"article:published_time\" content=\"2023-11-08T01:50:46+00:00\" \/>\n<meta property=\"og:image\" content=\"https:\/\/webdelmaestrocmf.com\/portal\/wp-content\/uploads\/2023\/11\/A12B3C4D-7.jpg\" \/>\n\t<meta property=\"og:image:width\" content=\"900\" \/>\n\t<meta property=\"og:image:height\" content=\"556\" \/>\n\t<meta property=\"og:image:type\" content=\"image\/jpeg\" \/>\n<meta name=\"author\" content=\"Web del Maestro CMF\" \/>\n<meta name=\"twitter:card\" content=\"summary_large_image\" \/>\n<meta name=\"twitter:creator\" content=\"@cmf_w\" \/>\n<meta name=\"twitter:site\" content=\"@cmf_w\" \/>\n<script type=\"application\/ld+json\" class=\"yoast-schema-graph\">{\"@context\":\"https:\\\/\\\/schema.org\",\"@graph\":[{\"@type\":\"ScholarlyArticle\",\"@id\":\"https:\\\/\\\/webdelmaestrocmf.com\\\/portal\\\/duilio-bompadre-la-practica-de-la-escucha-interior\\\/#article\",\"isPartOf\":{\"@id\":\"https:\\\/\\\/webdelmaestrocmf.com\\\/portal\\\/duilio-bompadre-la-practica-de-la-escucha-interior\\\/\"},\"author\":{\"name\":\"Web del Maestro CMF\",\"@id\":\"https:\\\/\\\/webdelmaestrocmf.com\\\/portal\\\/#\\\/schema\\\/person\\\/1072a2ed7bd960df8ef99a551fa35dc5\"},\"headline\":\"[Duilio Bompadre] La pr\u00e1ctica de la escucha interior\",\"datePublished\":\"2023-11-08T01:50:46+00:00\",\"mainEntityOfPage\":{\"@id\":\"https:\\\/\\\/webdelmaestrocmf.com\\\/portal\\\/duilio-bompadre-la-practica-de-la-escucha-interior\\\/\"},\"wordCount\":1303,\"commentCount\":0,\"publisher\":{\"@id\":\"https:\\\/\\\/webdelmaestrocmf.com\\\/portal\\\/#organization\"},\"image\":{\"@id\":\"https:\\\/\\\/webdelmaestrocmf.com\\\/portal\\\/duilio-bompadre-la-practica-de-la-escucha-interior\\\/#primaryimage\"},\"thumbnailUrl\":\"https:\\\/\\\/webdelmaestrocmf.com\\\/portal\\\/wp-content\\\/uploads\\\/2023\\\/11\\\/A12B3C4D-7.jpg\",\"keywords\":[\"DUILIO BOMPADRE\",\"ESCUCHA\",\"INTERIOR\",\"PR\u00c1CTICA\"],\"articleSection\":[\"Z-Colaborador-Dulio-Bompadre\"],\"inLanguage\":\"es\",\"potentialAction\":[{\"@type\":\"CommentAction\",\"name\":\"Comment\",\"target\":[\"https:\\\/\\\/webdelmaestrocmf.com\\\/portal\\\/duilio-bompadre-la-practica-de-la-escucha-interior\\\/#respond\"]}]},{\"@type\":\"WebPage\",\"@id\":\"https:\\\/\\\/webdelmaestrocmf.com\\\/portal\\\/duilio-bompadre-la-practica-de-la-escucha-interior\\\/\",\"url\":\"https:\\\/\\\/webdelmaestrocmf.com\\\/portal\\\/duilio-bompadre-la-practica-de-la-escucha-interior\\\/\",\"name\":\"[Duilio Bompadre] La pr\u00e1ctica de la escucha interior - 2026\",\"isPartOf\":{\"@id\":\"https:\\\/\\\/webdelmaestrocmf.com\\\/portal\\\/#website\"},\"primaryImageOfPage\":{\"@id\":\"https:\\\/\\\/webdelmaestrocmf.com\\\/portal\\\/duilio-bompadre-la-practica-de-la-escucha-interior\\\/#primaryimage\"},\"image\":{\"@id\":\"https:\\\/\\\/webdelmaestrocmf.com\\\/portal\\\/duilio-bompadre-la-practica-de-la-escucha-interior\\\/#primaryimage\"},\"thumbnailUrl\":\"https:\\\/\\\/webdelmaestrocmf.com\\\/portal\\\/wp-content\\\/uploads\\\/2023\\\/11\\\/A12B3C4D-7.jpg\",\"datePublished\":\"2023-11-08T01:50:46+00:00\",\"description\":\"\u201cLa persona humana tiene un doble movimiento vital. Por un lado, un movimiento centr\u00edfugo en el que desarrolla sus capacidades...\",\"breadcrumb\":{\"@id\":\"https:\\\/\\\/webdelmaestrocmf.com\\\/portal\\\/duilio-bompadre-la-practica-de-la-escucha-interior\\\/#breadcrumb\"},\"inLanguage\":\"es\",\"potentialAction\":[{\"@type\":\"ReadAction\",\"target\":[\"https:\\\/\\\/webdelmaestrocmf.com\\\/portal\\\/duilio-bompadre-la-practica-de-la-escucha-interior\\\/\"]}]},{\"@type\":\"ImageObject\",\"inLanguage\":\"es\",\"@id\":\"https:\\\/\\\/webdelmaestrocmf.com\\\/portal\\\/duilio-bompadre-la-practica-de-la-escucha-interior\\\/#primaryimage\",\"url\":\"https:\\\/\\\/webdelmaestrocmf.com\\\/portal\\\/wp-content\\\/uploads\\\/2023\\\/11\\\/A12B3C4D-7.jpg\",\"contentUrl\":\"https:\\\/\\\/webdelmaestrocmf.com\\\/portal\\\/wp-content\\\/uploads\\\/2023\\\/11\\\/A12B3C4D-7.jpg\",\"width\":900,\"height\":556},{\"@type\":\"BreadcrumbList\",\"@id\":\"https:\\\/\\\/webdelmaestrocmf.com\\\/portal\\\/duilio-bompadre-la-practica-de-la-escucha-interior\\\/#breadcrumb\",\"itemListElement\":[{\"@type\":\"ListItem\",\"position\":1,\"name\":\"Portada\",\"item\":\"https:\\\/\\\/webdelmaestrocmf.com\\\/portal\\\/\"},{\"@type\":\"ListItem\",\"position\":2,\"name\":\"Z-Colaboradores\",\"item\":\"https:\\\/\\\/webdelmaestrocmf.com\\\/portal\\\/category\\\/colaborador\\\/\"},{\"@type\":\"ListItem\",\"position\":3,\"name\":\"Z-Colaborador-Dulio-Bompadre\",\"item\":\"https:\\\/\\\/webdelmaestrocmf.com\\\/portal\\\/category\\\/colaborador\\\/z-colaborador-dulio-bompadre\\\/\"},{\"@type\":\"ListItem\",\"position\":4,\"name\":\"[Duilio Bompadre] La pr\u00e1ctica de la escucha interior\"}]},{\"@type\":\"WebSite\",\"@id\":\"https:\\\/\\\/webdelmaestrocmf.com\\\/portal\\\/#website\",\"url\":\"https:\\\/\\\/webdelmaestrocmf.com\\\/portal\\\/\",\"name\":\"Web del Maestro CMF\",\"description\":\"Maestros al servicio de la educaci\u00f3n\",\"publisher\":{\"@id\":\"https:\\\/\\\/webdelmaestrocmf.com\\\/portal\\\/#organization\"},\"alternateName\":\"WMCMF\",\"potentialAction\":[{\"@type\":\"SearchAction\",\"target\":{\"@type\":\"EntryPoint\",\"urlTemplate\":\"https:\\\/\\\/webdelmaestrocmf.com\\\/portal\\\/?s={search_term_string}\"},\"query-input\":{\"@type\":\"PropertyValueSpecification\",\"valueRequired\":true,\"valueName\":\"search_term_string\"}}],\"inLanguage\":\"es\"},{\"@type\":\"Organization\",\"@id\":\"https:\\\/\\\/webdelmaestrocmf.com\\\/portal\\\/#organization\",\"name\":\"Web del Maestro CMF\",\"alternateName\":\"WMCMF\",\"url\":\"https:\\\/\\\/webdelmaestrocmf.com\\\/portal\\\/\",\"logo\":{\"@type\":\"ImageObject\",\"inLanguage\":\"es\",\"@id\":\"https:\\\/\\\/webdelmaestrocmf.com\\\/portal\\\/#\\\/schema\\\/logo\\\/image\\\/\",\"url\":\"https:\\\/\\\/webdelmaestrocmf.com\\\/portal\\\/wp-content\\\/uploads\\\/2023\\\/01\\\/logo-wmcmf-2.png\",\"contentUrl\":\"https:\\\/\\\/webdelmaestrocmf.com\\\/portal\\\/wp-content\\\/uploads\\\/2023\\\/01\\\/logo-wmcmf-2.png\",\"width\":200,\"height\":60,\"caption\":\"Web del Maestro CMF\"},\"image\":{\"@id\":\"https:\\\/\\\/webdelmaestrocmf.com\\\/portal\\\/#\\\/schema\\\/logo\\\/image\\\/\"},\"sameAs\":[\"https:\\\/\\\/www.facebook.com\\\/WebdelMaestroCMF\\\/\",\"https:\\\/\\\/x.com\\\/cmf_w\",\"https:\\\/\\\/www.pinterest.com\\\/WMCMF\\\/\",\"https:\\\/\\\/www.linkedin.com\\\/company\\\/web-del-maestro-cmf\\\/\",\"https:\\\/\\\/www.instagram.com\\\/wmcmf\\\/\",\"https:\\\/\\\/www.youtube.com\\\/channel\\\/UCDPSvjbdodE5sHnC3OxutHw\",\"https:\\\/\\\/mastodon.social\\\/@wmcmf\",\"https:\\\/\\\/www.tiktok.com\\\/@webdelmaestrocmf\"]},{\"@type\":\"Person\",\"@id\":\"https:\\\/\\\/webdelmaestrocmf.com\\\/portal\\\/#\\\/schema\\\/person\\\/1072a2ed7bd960df8ef99a551fa35dc5\",\"name\":\"Web del Maestro CMF\",\"image\":{\"@type\":\"ImageObject\",\"inLanguage\":\"es\",\"@id\":\"https:\\\/\\\/secure.gravatar.com\\\/avatar\\\/23291dd5b5ae1077dcff3dbb04c3e02bd28403fa75af6d8787d5e97c5bbbe30b?s=96&d=mm&r=g\",\"url\":\"https:\\\/\\\/secure.gravatar.com\\\/avatar\\\/23291dd5b5ae1077dcff3dbb04c3e02bd28403fa75af6d8787d5e97c5bbbe30b?s=96&d=mm&r=g\",\"contentUrl\":\"https:\\\/\\\/secure.gravatar.com\\\/avatar\\\/23291dd5b5ae1077dcff3dbb04c3e02bd28403fa75af6d8787d5e97c5bbbe30b?s=96&d=mm&r=g\",\"caption\":\"Web del Maestro CMF\"},\"description\":\"Esta Web se cre\u00f3 sin fines de lucro, con fines educativos, cient\u00edficos y acad\u00e9micos, para personas que tengan dificultades y\\\/o inconvenientes en visualizar el material original. El objetivo es entregar recursos, compartir experiencias y materiales que ayuden a los padres de familia, maestros y estudiantes en su actualizaci\u00f3n y formaci\u00f3n permanente, en bien de la Educaci\u00f3n.\",\"sameAs\":[\"http:\\\/\\\/webdelmaestrocmf.com\\\/portal\",\"https:\\\/\\\/www.facebook.com\\\/WebdelMaestroCMF\\\/\",\"https:\\\/\\\/www.instagram.com\\\/wmcmf\\\/\",\"https:\\\/\\\/cl.linkedin.com\\\/company\\\/web-del-maestro-cmf\",\"https:\\\/\\\/www.pinterest.com\\\/WMCMF\\\/publicaciones\\\/\",\"https:\\\/\\\/x.com\\\/cmf_w\",\"https:\\\/\\\/www.youtube.com\\\/@WMCMF\"]}]}<\/script>\n<!-- \/ Yoast SEO plugin. -->","yoast_head_json":{"title":"[Duilio Bompadre] La pr\u00e1ctica de la escucha interior - 2026","description":"\u201cLa persona humana tiene un doble movimiento vital. Por un lado, un movimiento centr\u00edfugo en el que desarrolla sus capacidades...","robots":{"index":"index","follow":"follow","max-snippet":"max-snippet:-1","max-image-preview":"max-image-preview:large","max-video-preview":"max-video-preview:-1"},"canonical":"https:\/\/webdelmaestrocmf.com\/portal\/duilio-bompadre-la-practica-de-la-escucha-interior\/","og_locale":"es_ES","og_type":"article","og_title":"[Duilio Bompadre] La pr\u00e1ctica de la escucha interior - 2026","og_description":"\u201cLa persona humana tiene un doble movimiento vital. Por un lado, un movimiento centr\u00edfugo en el que desarrolla sus capacidades...","og_url":"https:\/\/webdelmaestrocmf.com\/portal\/duilio-bompadre-la-practica-de-la-escucha-interior\/","og_site_name":"Web del Maestro CMF","article_publisher":"https:\/\/www.facebook.com\/WebdelMaestroCMF\/","article_author":"https:\/\/www.facebook.com\/WebdelMaestroCMF\/","article_published_time":"2023-11-08T01:50:46+00:00","og_image":[{"width":900,"height":556,"url":"https:\/\/webdelmaestrocmf.com\/portal\/wp-content\/uploads\/2023\/11\/A12B3C4D-7.jpg","type":"image\/jpeg"}],"author":"Web del Maestro CMF","twitter_card":"summary_large_image","twitter_creator":"@cmf_w","twitter_site":"@cmf_w","schema":{"@context":"https:\/\/schema.org","@graph":[{"@type":"ScholarlyArticle","@id":"https:\/\/webdelmaestrocmf.com\/portal\/duilio-bompadre-la-practica-de-la-escucha-interior\/#article","isPartOf":{"@id":"https:\/\/webdelmaestrocmf.com\/portal\/duilio-bompadre-la-practica-de-la-escucha-interior\/"},"author":{"name":"Web del Maestro CMF","@id":"https:\/\/webdelmaestrocmf.com\/portal\/#\/schema\/person\/1072a2ed7bd960df8ef99a551fa35dc5"},"headline":"[Duilio Bompadre] La pr\u00e1ctica de la escucha interior","datePublished":"2023-11-08T01:50:46+00:00","mainEntityOfPage":{"@id":"https:\/\/webdelmaestrocmf.com\/portal\/duilio-bompadre-la-practica-de-la-escucha-interior\/"},"wordCount":1303,"commentCount":0,"publisher":{"@id":"https:\/\/webdelmaestrocmf.com\/portal\/#organization"},"image":{"@id":"https:\/\/webdelmaestrocmf.com\/portal\/duilio-bompadre-la-practica-de-la-escucha-interior\/#primaryimage"},"thumbnailUrl":"https:\/\/webdelmaestrocmf.com\/portal\/wp-content\/uploads\/2023\/11\/A12B3C4D-7.jpg","keywords":["DUILIO BOMPADRE","ESCUCHA","INTERIOR","PR\u00c1CTICA"],"articleSection":["Z-Colaborador-Dulio-Bompadre"],"inLanguage":"es","potentialAction":[{"@type":"CommentAction","name":"Comment","target":["https:\/\/webdelmaestrocmf.com\/portal\/duilio-bompadre-la-practica-de-la-escucha-interior\/#respond"]}]},{"@type":"WebPage","@id":"https:\/\/webdelmaestrocmf.com\/portal\/duilio-bompadre-la-practica-de-la-escucha-interior\/","url":"https:\/\/webdelmaestrocmf.com\/portal\/duilio-bompadre-la-practica-de-la-escucha-interior\/","name":"[Duilio Bompadre] La pr\u00e1ctica de la escucha interior - 2026","isPartOf":{"@id":"https:\/\/webdelmaestrocmf.com\/portal\/#website"},"primaryImageOfPage":{"@id":"https:\/\/webdelmaestrocmf.com\/portal\/duilio-bompadre-la-practica-de-la-escucha-interior\/#primaryimage"},"image":{"@id":"https:\/\/webdelmaestrocmf.com\/portal\/duilio-bompadre-la-practica-de-la-escucha-interior\/#primaryimage"},"thumbnailUrl":"https:\/\/webdelmaestrocmf.com\/portal\/wp-content\/uploads\/2023\/11\/A12B3C4D-7.jpg","datePublished":"2023-11-08T01:50:46+00:00","description":"\u201cLa persona humana tiene un doble movimiento vital. Por un lado, un movimiento centr\u00edfugo en el que desarrolla sus capacidades...","breadcrumb":{"@id":"https:\/\/webdelmaestrocmf.com\/portal\/duilio-bompadre-la-practica-de-la-escucha-interior\/#breadcrumb"},"inLanguage":"es","potentialAction":[{"@type":"ReadAction","target":["https:\/\/webdelmaestrocmf.com\/portal\/duilio-bompadre-la-practica-de-la-escucha-interior\/"]}]},{"@type":"ImageObject","inLanguage":"es","@id":"https:\/\/webdelmaestrocmf.com\/portal\/duilio-bompadre-la-practica-de-la-escucha-interior\/#primaryimage","url":"https:\/\/webdelmaestrocmf.com\/portal\/wp-content\/uploads\/2023\/11\/A12B3C4D-7.jpg","contentUrl":"https:\/\/webdelmaestrocmf.com\/portal\/wp-content\/uploads\/2023\/11\/A12B3C4D-7.jpg","width":900,"height":556},{"@type":"BreadcrumbList","@id":"https:\/\/webdelmaestrocmf.com\/portal\/duilio-bompadre-la-practica-de-la-escucha-interior\/#breadcrumb","itemListElement":[{"@type":"ListItem","position":1,"name":"Portada","item":"https:\/\/webdelmaestrocmf.com\/portal\/"},{"@type":"ListItem","position":2,"name":"Z-Colaboradores","item":"https:\/\/webdelmaestrocmf.com\/portal\/category\/colaborador\/"},{"@type":"ListItem","position":3,"name":"Z-Colaborador-Dulio-Bompadre","item":"https:\/\/webdelmaestrocmf.com\/portal\/category\/colaborador\/z-colaborador-dulio-bompadre\/"},{"@type":"ListItem","position":4,"name":"[Duilio Bompadre] La pr\u00e1ctica de la escucha interior"}]},{"@type":"WebSite","@id":"https:\/\/webdelmaestrocmf.com\/portal\/#website","url":"https:\/\/webdelmaestrocmf.com\/portal\/","name":"Web del Maestro CMF","description":"Maestros al servicio de la educaci\u00f3n","publisher":{"@id":"https:\/\/webdelmaestrocmf.com\/portal\/#organization"},"alternateName":"WMCMF","potentialAction":[{"@type":"SearchAction","target":{"@type":"EntryPoint","urlTemplate":"https:\/\/webdelmaestrocmf.com\/portal\/?s={search_term_string}"},"query-input":{"@type":"PropertyValueSpecification","valueRequired":true,"valueName":"search_term_string"}}],"inLanguage":"es"},{"@type":"Organization","@id":"https:\/\/webdelmaestrocmf.com\/portal\/#organization","name":"Web del Maestro CMF","alternateName":"WMCMF","url":"https:\/\/webdelmaestrocmf.com\/portal\/","logo":{"@type":"ImageObject","inLanguage":"es","@id":"https:\/\/webdelmaestrocmf.com\/portal\/#\/schema\/logo\/image\/","url":"https:\/\/webdelmaestrocmf.com\/portal\/wp-content\/uploads\/2023\/01\/logo-wmcmf-2.png","contentUrl":"https:\/\/webdelmaestrocmf.com\/portal\/wp-content\/uploads\/2023\/01\/logo-wmcmf-2.png","width":200,"height":60,"caption":"Web del Maestro CMF"},"image":{"@id":"https:\/\/webdelmaestrocmf.com\/portal\/#\/schema\/logo\/image\/"},"sameAs":["https:\/\/www.facebook.com\/WebdelMaestroCMF\/","https:\/\/x.com\/cmf_w","https:\/\/www.pinterest.com\/WMCMF\/","https:\/\/www.linkedin.com\/company\/web-del-maestro-cmf\/","https:\/\/www.instagram.com\/wmcmf\/","https:\/\/www.youtube.com\/channel\/UCDPSvjbdodE5sHnC3OxutHw","https:\/\/mastodon.social\/@wmcmf","https:\/\/www.tiktok.com\/@webdelmaestrocmf"]},{"@type":"Person","@id":"https:\/\/webdelmaestrocmf.com\/portal\/#\/schema\/person\/1072a2ed7bd960df8ef99a551fa35dc5","name":"Web del Maestro CMF","image":{"@type":"ImageObject","inLanguage":"es","@id":"https:\/\/secure.gravatar.com\/avatar\/23291dd5b5ae1077dcff3dbb04c3e02bd28403fa75af6d8787d5e97c5bbbe30b?s=96&d=mm&r=g","url":"https:\/\/secure.gravatar.com\/avatar\/23291dd5b5ae1077dcff3dbb04c3e02bd28403fa75af6d8787d5e97c5bbbe30b?s=96&d=mm&r=g","contentUrl":"https:\/\/secure.gravatar.com\/avatar\/23291dd5b5ae1077dcff3dbb04c3e02bd28403fa75af6d8787d5e97c5bbbe30b?s=96&d=mm&r=g","caption":"Web del Maestro CMF"},"description":"Esta Web se cre\u00f3 sin fines de lucro, con fines educativos, cient\u00edficos y acad\u00e9micos, para personas que tengan dificultades y\/o inconvenientes en visualizar el material original. El objetivo es entregar recursos, compartir experiencias y materiales que ayuden a los padres de familia, maestros y estudiantes en su actualizaci\u00f3n y formaci\u00f3n permanente, en bien de la Educaci\u00f3n.","sameAs":["http:\/\/webdelmaestrocmf.com\/portal","https:\/\/www.facebook.com\/WebdelMaestroCMF\/","https:\/\/www.instagram.com\/wmcmf\/","https:\/\/cl.linkedin.com\/company\/web-del-maestro-cmf","https:\/\/www.pinterest.com\/WMCMF\/publicaciones\/","https:\/\/x.com\/cmf_w","https:\/\/www.youtube.com\/@WMCMF"]}]}},"jetpack_featured_media_url":"https:\/\/webdelmaestrocmf.com\/portal\/wp-content\/uploads\/2023\/11\/A12B3C4D-7.jpg","jetpack_sharing_enabled":true,"jetpack-related-posts":[{"id":97229,"url":"https:\/\/webdelmaestrocmf.com\/portal\/duilio-bompadre-la-practica-de-la-escucha\/","url_meta":{"origin":99484,"position":0},"title":"[Duilio Bompadre] La pr\u00e1ctica de la escucha","author":"Web del Maestro CMF","date":"12 octubre, 2023","format":false,"excerpt":"Necesito que me escuches\u2026 \u201cUna educaci\u00f3n integral otorga un particular relieve a la tarea de escuchar. Los alumnos llevan a la escuela algo m\u00e1s que sus libros y cuadernos. Cada vez con mayor frecuencia, acarrean dificultades, malos tratos, conflictos o malestares profundos provenientes de su familia. El tiempo que se\u2026","rel":"","context":"En \u00abZ-Colaborador-Dulio-Bompadre\u00bb","block_context":{"text":"Z-Colaborador-Dulio-Bompadre","link":"https:\/\/webdelmaestrocmf.com\/portal\/category\/colaborador\/z-colaborador-dulio-bompadre\/"},"img":{"alt_text":"","src":"https:\/\/i0.wp.com\/webdelmaestrocmf.com\/portal\/wp-content\/uploads\/2023\/10\/A12B3C4D-1-3.jpg?resize=350%2C200&ssl=1","width":350,"height":200,"srcset":"https:\/\/i0.wp.com\/webdelmaestrocmf.com\/portal\/wp-content\/uploads\/2023\/10\/A12B3C4D-1-3.jpg?resize=350%2C200&ssl=1 1x, https:\/\/i0.wp.com\/webdelmaestrocmf.com\/portal\/wp-content\/uploads\/2023\/10\/A12B3C4D-1-3.jpg?resize=525%2C300&ssl=1 1.5x, https:\/\/i0.wp.com\/webdelmaestrocmf.com\/portal\/wp-content\/uploads\/2023\/10\/A12B3C4D-1-3.jpg?resize=700%2C400&ssl=1 2x"},"classes":[]},{"id":73179,"url":"https:\/\/webdelmaestrocmf.com\/portal\/duilio-bompadre-cultura-del-encuentro-en-la-escuela\/","url_meta":{"origin":99484,"position":1},"title":"[Duilio Bompadre] Cultura del encuentro en la escuela","author":"Web del Maestro CMF","date":"17 enero, 2022","format":false,"excerpt":"Los ritos otorgan un sentido especial: lo esencial de la costumbre, el sabor que le dan a la vida, el sentido de la vida que crean. Son en el tiempo lo que el hogar es en el espacio. Pueden otorgarnos la posibilidad de constituirse en un tiempo de calor humano.\u2026","rel":"","context":"En \u00abZ-Colaborador-Dulio-Bompadre\u00bb","block_context":{"text":"Z-Colaborador-Dulio-Bompadre","link":"https:\/\/webdelmaestrocmf.com\/portal\/category\/colaborador\/z-colaborador-dulio-bompadre\/"},"img":{"alt_text":"","src":"https:\/\/i0.wp.com\/webdelmaestrocmf.com\/portal\/wp-content\/uploads\/2022\/01\/1-100.jpg?resize=350%2C200&ssl=1","width":350,"height":200,"srcset":"https:\/\/i0.wp.com\/webdelmaestrocmf.com\/portal\/wp-content\/uploads\/2022\/01\/1-100.jpg?resize=350%2C200&ssl=1 1x, https:\/\/i0.wp.com\/webdelmaestrocmf.com\/portal\/wp-content\/uploads\/2022\/01\/1-100.jpg?resize=525%2C300&ssl=1 1.5x, https:\/\/i0.wp.com\/webdelmaestrocmf.com\/portal\/wp-content\/uploads\/2022\/01\/1-100.jpg?resize=700%2C400&ssl=1 2x, https:\/\/i0.wp.com\/webdelmaestrocmf.com\/portal\/wp-content\/uploads\/2022\/01\/1-100.jpg?resize=1050%2C600&ssl=1 3x"},"classes":[]},{"id":19041,"url":"https:\/\/webdelmaestrocmf.com\/portal\/duilio-bompadre-el-docente-y-el-clima-escolar\/","url_meta":{"origin":99484,"position":2},"title":"[Duilio Bompadre] El docente y el clima escolar","author":"Web del Maestro CMF","date":"3 junio, 2017","format":false,"excerpt":"En los ambientes t\u00f3xicos, se puede gritar, pero no hablar; existe la queja, pero no la propuesta. Est\u00e1 instalado un malestar, pero de eso no se habla. \u00a0Bernardo Blejmar. Cuando entramos a una escuela, percibimos el ambiente que en ella circula con solo mirar, escuchar y hablar. Existen dos tipos\u2026","rel":"","context":"En \u00abZ-Colaborador-Dulio-Bompadre\u00bb","block_context":{"text":"Z-Colaborador-Dulio-Bompadre","link":"https:\/\/webdelmaestrocmf.com\/portal\/category\/colaborador\/z-colaborador-dulio-bompadre\/"},"img":{"alt_text":"","src":"https:\/\/i0.wp.com\/webdelmaestrocmf.com\/portal\/wp-content\/uploads\/2017\/06\/A12B3C4D-30.jpg?resize=350%2C200&ssl=1","width":350,"height":200,"srcset":"https:\/\/i0.wp.com\/webdelmaestrocmf.com\/portal\/wp-content\/uploads\/2017\/06\/A12B3C4D-30.jpg?resize=350%2C200&ssl=1 1x, https:\/\/i0.wp.com\/webdelmaestrocmf.com\/portal\/wp-content\/uploads\/2017\/06\/A12B3C4D-30.jpg?resize=525%2C300&ssl=1 1.5x, https:\/\/i0.wp.com\/webdelmaestrocmf.com\/portal\/wp-content\/uploads\/2017\/06\/A12B3C4D-30.jpg?resize=700%2C400&ssl=1 2x"},"classes":[]},{"id":57428,"url":"https:\/\/webdelmaestrocmf.com\/portal\/duilio-bompadre-la-practica-de-la-mirada\/","url_meta":{"origin":99484,"position":3},"title":"[Duilio Bompadre] La pr\u00e1ctica de la mirada","author":"Web del Maestro CMF","date":"11 enero, 2021","format":false,"excerpt":"\u201cEl verdadero viaje de descubrimiento no consiste en buscar nuevas tierras, sino en mirar con ojos nuevos\u201d. \u00a0(Marcel Proust). Mirar con ojos nuevos es un viaje de descubrimiento cotidiano en la instituci\u00f3n educativa. Nos abre posibilidades que a\u00fan no conocemos y a las que no se accede solo con el\u2026","rel":"","context":"En \u00abZ-Colaborador-Dulio-Bompadre\u00bb","block_context":{"text":"Z-Colaborador-Dulio-Bompadre","link":"https:\/\/webdelmaestrocmf.com\/portal\/category\/colaborador\/z-colaborador-dulio-bompadre\/"},"img":{"alt_text":"","src":"https:\/\/i0.wp.com\/webdelmaestrocmf.com\/portal\/wp-content\/uploads\/2021\/01\/1-copia-60.jpg?resize=350%2C200&ssl=1","width":350,"height":200,"srcset":"https:\/\/i0.wp.com\/webdelmaestrocmf.com\/portal\/wp-content\/uploads\/2021\/01\/1-copia-60.jpg?resize=350%2C200&ssl=1 1x, https:\/\/i0.wp.com\/webdelmaestrocmf.com\/portal\/wp-content\/uploads\/2021\/01\/1-copia-60.jpg?resize=525%2C300&ssl=1 1.5x, https:\/\/i0.wp.com\/webdelmaestrocmf.com\/portal\/wp-content\/uploads\/2021\/01\/1-copia-60.jpg?resize=700%2C400&ssl=1 2x, https:\/\/i0.wp.com\/webdelmaestrocmf.com\/portal\/wp-content\/uploads\/2021\/01\/1-copia-60.jpg?resize=1050%2C600&ssl=1 3x"},"classes":[]},{"id":105954,"url":"https:\/\/webdelmaestrocmf.com\/portal\/duilio-bompadre-la-armonia-de-la-cabeza-del-corazon-y-de-las-manos-en-el-buen-ejercicio-del-liderazgo\/","url_meta":{"origin":99484,"position":4},"title":"[Duilio Bompadre] La armon\u00eda de la cabeza, del coraz\u00f3n y de las manos en el buen ejercicio del liderazgo","author":"Web del Maestro CMF","date":"10 junio, 2024","format":false,"excerpt":"\u201cUn cambio en nuestra pr\u00e1ctica requiere un cambio en nuestro pensamiento.\u00a0 Nuestra pr\u00e1ctica de liderazgo no puede separarse de sus teor\u00edas subyacentes.\u201d (Thomas Sergiovanni). Puede suceder en la velocidad de situaciones que vivimos a diario en la instituci\u00f3n educativa, que ante un problema a resolver (tomar decisiones) nos \u201cabramos\u201d solamente\u2026","rel":"","context":"En \u00abZ-Colaborador-Dulio-Bompadre\u00bb","block_context":{"text":"Z-Colaborador-Dulio-Bompadre","link":"https:\/\/webdelmaestrocmf.com\/portal\/category\/colaborador\/z-colaborador-dulio-bompadre\/"},"img":{"alt_text":"","src":"https:\/\/i0.wp.com\/webdelmaestrocmf.com\/portal\/wp-content\/uploads\/2024\/06\/1-2.jpg?resize=350%2C200&ssl=1","width":350,"height":200,"srcset":"https:\/\/i0.wp.com\/webdelmaestrocmf.com\/portal\/wp-content\/uploads\/2024\/06\/1-2.jpg?resize=350%2C200&ssl=1 1x, https:\/\/i0.wp.com\/webdelmaestrocmf.com\/portal\/wp-content\/uploads\/2024\/06\/1-2.jpg?resize=525%2C300&ssl=1 1.5x, https:\/\/i0.wp.com\/webdelmaestrocmf.com\/portal\/wp-content\/uploads\/2024\/06\/1-2.jpg?resize=700%2C400&ssl=1 2x"},"classes":[]},{"id":105820,"url":"https:\/\/webdelmaestrocmf.com\/portal\/duilio-bompadre-los-vinculos-interpersonales-y-la-creacion-de-lazos\/","url_meta":{"origin":99484,"position":5},"title":"[Duilio Bompadre] Los v\u00ednculos interpersonales y la creaci\u00f3n de lazos","author":"Web del Maestro CMF","date":"31 mayo, 2024","format":false,"excerpt":"\u201cEn este v\u00ednculo encontramos afectos, cuidados, impulsos y determinado grado de identidad institucional; sentirse miembro, sentirse parte, ser \u201cperteneciente\u201d, que se relaciona con niveles de autoestima o desvalorizaci\u00f3n derivados de la pertenencia.\u201d \u00a0(Lidia Fern\u00e1ndez) Los v\u00ednculos interpersonales se dan en todas las oportunidades que tienen los actores directivos, docentes, alumnos,\u2026","rel":"","context":"En \u00abZ-Colaborador-Dulio-Bompadre\u00bb","block_context":{"text":"Z-Colaborador-Dulio-Bompadre","link":"https:\/\/webdelmaestrocmf.com\/portal\/category\/colaborador\/z-colaborador-dulio-bompadre\/"},"img":{"alt_text":"","src":"https:\/\/i0.wp.com\/webdelmaestrocmf.com\/portal\/wp-content\/uploads\/2024\/05\/Banner-1-portada-imagen-10-1-2024-05-31T211731.897.jpg?resize=350%2C200&ssl=1","width":350,"height":200,"srcset":"https:\/\/i0.wp.com\/webdelmaestrocmf.com\/portal\/wp-content\/uploads\/2024\/05\/Banner-1-portada-imagen-10-1-2024-05-31T211731.897.jpg?resize=350%2C200&ssl=1 1x, https:\/\/i0.wp.com\/webdelmaestrocmf.com\/portal\/wp-content\/uploads\/2024\/05\/Banner-1-portada-imagen-10-1-2024-05-31T211731.897.jpg?resize=525%2C300&ssl=1 1.5x, https:\/\/i0.wp.com\/webdelmaestrocmf.com\/portal\/wp-content\/uploads\/2024\/05\/Banner-1-portada-imagen-10-1-2024-05-31T211731.897.jpg?resize=700%2C400&ssl=1 2x"},"classes":[]}],"_links":{"self":[{"href":"https:\/\/webdelmaestrocmf.com\/portal\/wp-json\/wp\/v2\/posts\/99484","targetHints":{"allow":["GET"]}}],"collection":[{"href":"https:\/\/webdelmaestrocmf.com\/portal\/wp-json\/wp\/v2\/posts"}],"about":[{"href":"https:\/\/webdelmaestrocmf.com\/portal\/wp-json\/wp\/v2\/types\/post"}],"author":[{"embeddable":true,"href":"https:\/\/webdelmaestrocmf.com\/portal\/wp-json\/wp\/v2\/users\/1"}],"replies":[{"embeddable":true,"href":"https:\/\/webdelmaestrocmf.com\/portal\/wp-json\/wp\/v2\/comments?post=99484"}],"version-history":[{"count":0,"href":"https:\/\/webdelmaestrocmf.com\/portal\/wp-json\/wp\/v2\/posts\/99484\/revisions"}],"wp:featuredmedia":[{"embeddable":true,"href":"https:\/\/webdelmaestrocmf.com\/portal\/wp-json\/wp\/v2\/media\/99485"}],"wp:attachment":[{"href":"https:\/\/webdelmaestrocmf.com\/portal\/wp-json\/wp\/v2\/media?parent=99484"}],"wp:term":[{"taxonomy":"category","embeddable":true,"href":"https:\/\/webdelmaestrocmf.com\/portal\/wp-json\/wp\/v2\/categories?post=99484"},{"taxonomy":"post_tag","embeddable":true,"href":"https:\/\/webdelmaestrocmf.com\/portal\/wp-json\/wp\/v2\/tags?post=99484"}],"curies":[{"name":"wp","href":"https:\/\/api.w.org\/{rel}","templated":true}]}}