{"id":9881,"date":"2020-01-21T19:25:11","date_gmt":"2020-01-21T22:25:11","guid":{"rendered":"http:\/\/webdelmaestrocmf.com\/inicio\/?p=9881"},"modified":"2023-03-18T11:12:09","modified_gmt":"2023-03-18T14:12:09","slug":"10-pautas-para-motivar-a-los-ninos-y-ninas-por-el-estudio","status":"publish","type":"post","link":"https:\/\/webdelmaestrocmf.com\/portal\/10-pautas-para-motivar-a-los-ninos-y-ninas-por-el-estudio\/","title":{"rendered":"Diez pautas para motivar a los ni\u00f1os y ni\u00f1as por el estudio"},"content":{"rendered":"<h5 style=\"text-align: justify;\" align=\"center\">El \u00e9xito parte de la motivaci\u00f3n interior que impulsa a cada uno a hacer lo que hace.\u00a0La motivaci\u00f3n forma parte de las personas, dirige su conducta. Por eso decir que un ni\u00f1o\/a \u00a0no est\u00e1 motivado es un error.<\/h5>\n<h5 style=\"text-align: justify;\" align=\"center\">Todas las conductas, est\u00e1n motivadas, dirigidas por alg\u00fan motivo o inter\u00e9s. No es que los peque\u00f1os no est\u00e9n motivados, s\u00ed que lo est\u00e1n, pero su motivaci\u00f3n dirige su conducta hac\u00eda metas que no son las deseadas.<\/h5>\n<p style=\"text-align: justify;\">Las personas tienen una curiosidad innata que les impulsa al aprendizaje, a explorar y a conocer cosas nuevas. <b>Entonces \u00bfpor qu\u00e9 muchos ni\u00f1os\/as \u00a0no se motivan con el estudio?<\/b><\/p>\n<p style=\"text-align: justify;\"><!--more--><\/p>\n<p style=\"text-align: justify;\">En este sentido es fundamental que como padres y educadores motivemos la actuaci\u00f3n del ni\u00f1o\/a hac\u00eda lo deseado. <b>De forma que su conducta les dirija a la consecuci\u00f3n de sus metas acad\u00e9micas, personales, sociales, etc. Y con ello a su desarrollo sano y feliz y a su felicidad personal.<\/b><\/p>\n<h5>\u00bfQu\u00e9 es la motivaci\u00f3n?<\/h5>\n<p style=\"text-align: justify;\"><b>Es el inter\u00e9s que los ni\u00f1os y ni\u00f1as tienen por aprender, tanto por su propio aprendizaje como por los caminos que les llevan a este aprendizaje<\/b>. El inter\u00e9s de los peque\u00f1os se puede <b>adquirir, mantener o aumentar<\/b>.<\/p>\n<p style=\"text-align: justify;\">Debemos hacer que <b>los ni\u00f1os y ni\u00f1as se motiven hac\u00eda su aprendizaje<\/b>. Nuestra labor con nuestros peque\u00f1os es despertar su inter\u00e9s hacia el proceso mismo y hac\u00eda los caminos que les llevan a aprender.<\/p>\n<h5>\u00bfC\u00f3mo motivar a los estudiantes?<\/h5>\n<p style=\"text-align: justify;\">Para motivar a los estudiantes debemos<b><\/b><\/p>\n<ul>\n<li style=\"text-align: justify;\"><b>Provocar el inter\u00e9s por el propio aprendizaje<\/b>.<\/li>\n<li style=\"text-align: justify;\"><b>Dirigir y mantener ese inter\u00e9s,<\/b> para que se traduzca en <b>esfuerzo personal<\/b> por la consecuci\u00f3n de la meta.<\/li>\n<li><b>Lograr con esto la construcci\u00f3n de los aprendizajes y las consiguientes metas acad\u00e9micas.<\/b><\/li>\n<\/ul>\n<p><img loading=\"lazy\" decoding=\"async\" class=\"alignnone size-large wp-image-85813\" src=\"https:\/\/webdelmaestrocmf.com\/portal\/wp-content\/uploads\/2020\/01\/2-15-1024x629.jpg\" alt=\"\" width=\"1024\" height=\"629\" srcset=\"https:\/\/webdelmaestrocmf.com\/portal\/wp-content\/uploads\/2020\/01\/2-15-1024x629.jpg 1024w, https:\/\/webdelmaestrocmf.com\/portal\/wp-content\/uploads\/2020\/01\/2-15-300x184.jpg 300w, https:\/\/webdelmaestrocmf.com\/portal\/wp-content\/uploads\/2020\/01\/2-15-768x472.jpg 768w, https:\/\/webdelmaestrocmf.com\/portal\/wp-content\/uploads\/2020\/01\/2-15-110x68.jpg 110w, https:\/\/webdelmaestrocmf.com\/portal\/wp-content\/uploads\/2020\/01\/2-15-200x123.jpg 200w, https:\/\/webdelmaestrocmf.com\/portal\/wp-content\/uploads\/2020\/01\/2-15-380x234.jpg 380w, https:\/\/webdelmaestrocmf.com\/portal\/wp-content\/uploads\/2020\/01\/2-15-255x157.jpg 255w, https:\/\/webdelmaestrocmf.com\/portal\/wp-content\/uploads\/2020\/01\/2-15-550x338.jpg 550w, https:\/\/webdelmaestrocmf.com\/portal\/wp-content\/uploads\/2020\/01\/2-15-800x492.jpg 800w, https:\/\/webdelmaestrocmf.com\/portal\/wp-content\/uploads\/2020\/01\/2-15-1160x713.jpg 1160w, https:\/\/webdelmaestrocmf.com\/portal\/wp-content\/uploads\/2020\/01\/2-15.jpg 1240w\" sizes=\"auto, (max-width: 1024px) 100vw, 1024px\" \/><\/p>\n<h5>\u00a010 Pautas para motivar a los ni\u00f1os y ni\u00f1as por el estudio<\/h5>\n<ol>\n<li style=\"text-align: justify;\"><b>Haz que el ni\u00f1o se divierta<\/b>. Divertirse no quita valor a lo aprendido, hace que se disfrute de ello. Utiliza el valor de la risa, todas las personas cuando se aburren desconectan, <b>si se divierten conectan y despiertan su inter\u00e9s.<\/b><\/li>\n<li style=\"text-align: justify;\"><b>Provoca curiosidad y misterio, capta su atenci\u00f3n y su inter\u00e9s.<\/b> Simplifica lo que tiene que aprender.<\/li>\n<li style=\"text-align: justify;\"><b>Conoce a qui\u00e9n educas y dale lo que necesita:<\/b> habla su lenguaje, utiliza ejemplos que le interesen, hazle preguntas, etc.<\/li>\n<li style=\"text-align: justify;\"><b>Fomenta la variedad y el juego.<\/b> Los ni\u00f1os aprenden jugando, una actividad puede resultar atractiva, pero si no var\u00eda acaba aburriendo.<\/li>\n<li style=\"text-align: justify;\"><b>Favorece el movimiento, la acci\u00f3n.<\/b> La naturaleza de los ni\u00f1os le lleva a moverse, a explorar, a estar activo, que aprendan mientras act\u00faen.<\/li>\n<li style=\"text-align: justify;\"><b>Hazle participe del proceso,<\/b> que descubra el mismo lo que tiene que aprender, que cre\u00e9 el aprendizaje.<\/li>\n<li style=\"text-align: justify;\"><b>Mant\u00e9n la motivaci\u00f3n hasta el final del proceso de aprendizaje.<\/b> Si tiene \u00e9xito y conseguimos motivar al peque\u00f1o por su aprendizaje, conseguiremos que esto sirva de motivaci\u00f3n para aprendizajes futuros<\/li>\n<li style=\"text-align: justify;\"><b>Presta atenci\u00f3n a la Individualizaci\u00f3n y adec\u00faa la ense\u00f1anza a las peculiaridades de cada alumno. \u00a0<\/b>Cada persona es \u00fanica, por lo tanto los motivos que les pueden llevar a poner inter\u00e9s en sus tareas son diversos y diferentes para cada uno. Incluso son diferentes para cada persona en distintos momentos.<b>\u00a0<\/b><\/li>\n<li style=\"text-align: justify;\"><b>Empieza creando inter\u00e9s por la actividad.<\/b> En un principio es m\u00e1s importante crear inter\u00e9s por la actividad que por el mensaje<\/li>\n<li style=\"text-align: justify;\"><b>Aporta a los ni\u00f1os y ni\u00f1as aprendizajes significativos,<\/b> que tengan sentido y significado. De esta forma hacemos que se interesen por ellos.<\/li>\n<\/ol>\n<p><b><strong class=\"last-child first-child\"><span class=\"last-child first-child\">Este contenido ha sido publicado originalmente por Educa y Aprende\u00a0en la siguiente direcci\u00f3n:\u00a0<a href=\"http:\/\/educayaprende.com\/\" target=\"_blank\" rel=\"noopener noreferrer\">educayaprende.com<\/a><\/span><\/strong>\u00a0| Celia Rodr\u00edguez Ruiz<\/b><\/p>\n\t\t<div class=\"pk-inline-posts\">\n\t\t\t\n\t\t\t<div class=\"pk-inline-posts-container pk-inline-posts-template-list\"\n\t\t\t\tdata-columns=\"1\">\n\t\t\t\t\t\t<article id=\"post-74558\" class=\"post-74558 post type-post status-publish format-standard has-post-thumbnail category-descargas-manuales-pdf category-docentes category-pedagogia category-violencia tag-adolescentes tag-prevenir tag-suicidio cs-entry cs-video-wrap\">\n\t\t\t<div class=\"pk-post-outer\">\n\n\t\t\t\t\t\t\t\t<div class=\"pk-post-inner\">\n\t\t\t\t\t<div class=\"entry-thumbnail\">\n\t\t\t\t\t\t<div class=\"pk-overlay pk-overlay-ratio pk-ratio-landscape\">\n\t\t\t\t\t\t\t<div class=\"pk-overlay-background\">\n\t\t\t\t\t\t\t\t<a href=\"https:\/\/webdelmaestrocmf.com\/portal\/como-prevenir-el-suicidio-en-adolescentes-que-pueden-hacer-las-escuelas-los-docentes-y-las-familias\/\" class=\"pk-overlay-link\">\n\t\t\t\t\t\t\t\t\t<img loading=\"lazy\" decoding=\"async\" width=\"300\" height=\"225\" src=\"https:\/\/webdelmaestrocmf.com\/portal\/wp-content\/uploads\/2022\/07\/1AA-Banner-1-portada-imagen-10-1-copia-10-300x225.webp\" class=\"attachment-pk-thumbnail size-pk-thumbnail wp-post-image\" alt=\"\" \/>\t\t\t\t\t\t\t\t<\/a>\n\t\t\t\t\t\t\t<\/div>\n\t\t\t\t\t\t<\/div>\n\t\t\t\t\t<\/div>\n\t\t\t\t<\/div>\n\t\t\t\t\n\t\t\t\t<div class=\"pk-post-inner\">\n\t\t\t\t\t<header>\n\t\t\t\t\t\t<h3 class=\"pk-title\"><a href=\"https:\/\/webdelmaestrocmf.com\/portal\/como-prevenir-el-suicidio-en-adolescentes-que-pueden-hacer-las-escuelas-los-docentes-y-las-familias\/\" rel=\"bookmark\">C\u00f3mo pueden los docentes prevenir el riesgo de suicidio juvenil desde la escuela: Descarga la gu\u00eda recomendada para docentes y fadres de familia<\/a><\/h3>\t\t\t\t\t<\/header><!-- .entry-header -->\n\t\t\t\t<\/div><!-- .post-inner -->\n\n\t\t\t<\/div><!-- .post-outer -->\n\t\t<\/article>\n\t\t\t\t<\/div>\n\t\t<\/div>\n\t\t\n","protected":false},"excerpt":{"rendered":"El \u00e9xito parte de la motivaci\u00f3n interior que impulsa a cada uno a hacer lo que hace.\u00a0La motivaci\u00f3n&hellip;","protected":false},"author":1,"featured_media":85257,"comment_status":"open","ping_status":"open","sticky":false,"template":"","format":"standard","meta":{"_jetpack_newsletter_access":"","_jetpack_dont_email_post_to_subs":false,"_jetpack_newsletter_tier_id":0,"_jetpack_memberships_contains_paywalled_content":false,"csco_display_header_overlay":false,"csco_singular_sidebar":"default","csco_page_header_type":"default","csco_page_load_nextpost":"default","csco_post_video_location":[],"csco_post_video_location_hash":"","csco_post_video_url":"","csco_post_video_bg_start_time":0,"csco_post_video_bg_end_time":0,"csco_post_video_bg_volume":false,"_jetpack_feature_clip_id":0,"_jetpack_memberships_contains_paid_content":false,"footnotes":"","jetpack_post_was_ever_published":false},"categories":[570,443,139,735],"tags":[1281,1271,1282,297],"class_list":["post-9881","post","type-post","status-publish","format-standard","has-post-thumbnail","category-docentes","category-educacion-y-familia","category-visitadas","category-pedagogia","tag-10-pautas","tag-estudio","tag-motivar","tag-ninos","cs-entry","cs-video-wrap"],"yoast_head":"<!-- This site is optimized with the Yoast SEO plugin v28.4 - https:\/\/yoast.com\/product\/yoast-seo-wordpress\/ -->\n<title>Diez pautas para motivar a los ni\u00f1os y ni\u00f1as por el estudio<\/title>\n<meta name=\"description\" content=\"El \u00e9xito parte de la motivaci\u00f3n interior que impulsa a cada uno a hacer lo que hace.\u00a0La motivaci\u00f3n forma parte de las personas...\" \/>\n<meta name=\"robots\" content=\"index, follow, max-snippet:-1, max-image-preview:large, max-video-preview:-1\" \/>\n<link rel=\"canonical\" href=\"https:\/\/webdelmaestrocmf.com\/portal\/10-pautas-para-motivar-a-los-ninos-y-ninas-por-el-estudio\/\" \/>\n<meta property=\"og:locale\" content=\"es_ES\" \/>\n<meta property=\"og:type\" content=\"article\" \/>\n<meta property=\"og:title\" content=\"Diez pautas para motivar a los ni\u00f1os y ni\u00f1as por el estudio\" \/>\n<meta property=\"og:description\" content=\"El \u00e9xito parte de la motivaci\u00f3n interior que impulsa a cada uno a hacer lo que hace.\u00a0La motivaci\u00f3n forma parte de las personas...\" \/>\n<meta property=\"og:url\" content=\"https:\/\/webdelmaestrocmf.com\/portal\/10-pautas-para-motivar-a-los-ninos-y-ninas-por-el-estudio\/\" \/>\n<meta property=\"og:site_name\" content=\"Web del Maestro CMF\" \/>\n<meta property=\"article:publisher\" content=\"https:\/\/www.facebook.com\/WebdelMaestroCMF\/\" \/>\n<meta property=\"article:author\" content=\"https:\/\/www.facebook.com\/WebdelMaestroCMF\/\" \/>\n<meta property=\"article:published_time\" content=\"2020-01-21T22:25:11+00:00\" \/>\n<meta property=\"article:modified_time\" content=\"2023-03-18T14:12:09+00:00\" \/>\n<meta property=\"og:image\" content=\"https:\/\/i0.wp.com\/webdelmaestrocmf.com\/portal\/wp-content\/uploads\/2023\/03\/BANNER-MUESTRA-2019-M.jpg?fit=900%2C556&ssl=1\" \/>\n\t<meta property=\"og:image:width\" content=\"900\" \/>\n\t<meta property=\"og:image:height\" content=\"556\" \/>\n\t<meta property=\"og:image:type\" content=\"image\/jpeg\" \/>\n<meta name=\"author\" content=\"Web del Maestro CMF\" \/>\n<meta name=\"twitter:card\" content=\"summary_large_image\" \/>\n<meta name=\"twitter:creator\" content=\"@cmf_w\" \/>\n<meta name=\"twitter:site\" content=\"@cmf_w\" \/>\n<script type=\"application\/ld+json\" class=\"yoast-schema-graph\">{\"@context\":\"https:\\\/\\\/schema.org\",\"@graph\":[{\"@type\":\"ScholarlyArticle\",\"@id\":\"https:\\\/\\\/webdelmaestrocmf.com\\\/portal\\\/10-pautas-para-motivar-a-los-ninos-y-ninas-por-el-estudio\\\/#article\",\"isPartOf\":{\"@id\":\"https:\\\/\\\/webdelmaestrocmf.com\\\/portal\\\/10-pautas-para-motivar-a-los-ninos-y-ninas-por-el-estudio\\\/\"},\"author\":{\"name\":\"Web del Maestro CMF\",\"@id\":\"https:\\\/\\\/webdelmaestrocmf.com\\\/portal\\\/#\\\/schema\\\/person\\\/1072a2ed7bd960df8ef99a551fa35dc5\"},\"headline\":\"Diez pautas para motivar a los ni\u00f1os y ni\u00f1as por el estudio\",\"datePublished\":\"2020-01-21T22:25:11+00:00\",\"dateModified\":\"2023-03-18T14:12:09+00:00\",\"mainEntityOfPage\":{\"@id\":\"https:\\\/\\\/webdelmaestrocmf.com\\\/portal\\\/10-pautas-para-motivar-a-los-ninos-y-ninas-por-el-estudio\\\/\"},\"wordCount\":649,\"commentCount\":0,\"publisher\":{\"@id\":\"https:\\\/\\\/webdelmaestrocmf.com\\\/portal\\\/#organization\"},\"image\":{\"@id\":\"https:\\\/\\\/webdelmaestrocmf.com\\\/portal\\\/10-pautas-para-motivar-a-los-ninos-y-ninas-por-el-estudio\\\/#primaryimage\"},\"thumbnailUrl\":\"https:\\\/\\\/webdelmaestrocmf.com\\\/portal\\\/wp-content\\\/uploads\\\/2023\\\/03\\\/BANNER-MUESTRA-2019-M.jpg\",\"keywords\":[\"10 PAUTAS\",\"ESTUDIO\",\"MOTIVAR\",\"Ni\u00f1os\"],\"articleSection\":[\"Docentes\",\"Educaci\u00f3n y Familia\",\"Las m\u00e1s vistas\",\"Recursos\"],\"inLanguage\":\"es\",\"potentialAction\":[{\"@type\":\"CommentAction\",\"name\":\"Comment\",\"target\":[\"https:\\\/\\\/webdelmaestrocmf.com\\\/portal\\\/10-pautas-para-motivar-a-los-ninos-y-ninas-por-el-estudio\\\/#respond\"]}]},{\"@type\":\"WebPage\",\"@id\":\"https:\\\/\\\/webdelmaestrocmf.com\\\/portal\\\/10-pautas-para-motivar-a-los-ninos-y-ninas-por-el-estudio\\\/\",\"url\":\"https:\\\/\\\/webdelmaestrocmf.com\\\/portal\\\/10-pautas-para-motivar-a-los-ninos-y-ninas-por-el-estudio\\\/\",\"name\":\"Diez pautas para motivar a los ni\u00f1os y ni\u00f1as por el estudio\",\"isPartOf\":{\"@id\":\"https:\\\/\\\/webdelmaestrocmf.com\\\/portal\\\/#website\"},\"primaryImageOfPage\":{\"@id\":\"https:\\\/\\\/webdelmaestrocmf.com\\\/portal\\\/10-pautas-para-motivar-a-los-ninos-y-ninas-por-el-estudio\\\/#primaryimage\"},\"image\":{\"@id\":\"https:\\\/\\\/webdelmaestrocmf.com\\\/portal\\\/10-pautas-para-motivar-a-los-ninos-y-ninas-por-el-estudio\\\/#primaryimage\"},\"thumbnailUrl\":\"https:\\\/\\\/webdelmaestrocmf.com\\\/portal\\\/wp-content\\\/uploads\\\/2023\\\/03\\\/BANNER-MUESTRA-2019-M.jpg\",\"datePublished\":\"2020-01-21T22:25:11+00:00\",\"dateModified\":\"2023-03-18T14:12:09+00:00\",\"description\":\"El \u00e9xito parte de la motivaci\u00f3n interior que impulsa a cada uno a hacer lo que hace.\u00a0La motivaci\u00f3n forma parte de las personas...\",\"breadcrumb\":{\"@id\":\"https:\\\/\\\/webdelmaestrocmf.com\\\/portal\\\/10-pautas-para-motivar-a-los-ninos-y-ninas-por-el-estudio\\\/#breadcrumb\"},\"inLanguage\":\"es\",\"potentialAction\":[{\"@type\":\"ReadAction\",\"target\":[\"https:\\\/\\\/webdelmaestrocmf.com\\\/portal\\\/10-pautas-para-motivar-a-los-ninos-y-ninas-por-el-estudio\\\/\"]}]},{\"@type\":\"ImageObject\",\"inLanguage\":\"es\",\"@id\":\"https:\\\/\\\/webdelmaestrocmf.com\\\/portal\\\/10-pautas-para-motivar-a-los-ninos-y-ninas-por-el-estudio\\\/#primaryimage\",\"url\":\"https:\\\/\\\/webdelmaestrocmf.com\\\/portal\\\/wp-content\\\/uploads\\\/2023\\\/03\\\/BANNER-MUESTRA-2019-M.jpg\",\"contentUrl\":\"https:\\\/\\\/webdelmaestrocmf.com\\\/portal\\\/wp-content\\\/uploads\\\/2023\\\/03\\\/BANNER-MUESTRA-2019-M.jpg\",\"width\":900,\"height\":556,\"caption\":\"lectoescritura\"},{\"@type\":\"BreadcrumbList\",\"@id\":\"https:\\\/\\\/webdelmaestrocmf.com\\\/portal\\\/10-pautas-para-motivar-a-los-ninos-y-ninas-por-el-estudio\\\/#breadcrumb\",\"itemListElement\":[{\"@type\":\"ListItem\",\"position\":1,\"name\":\"Portada\",\"item\":\"https:\\\/\\\/webdelmaestrocmf.com\\\/portal\\\/\"},{\"@type\":\"ListItem\",\"position\":2,\"name\":\"Recursos\",\"item\":\"https:\\\/\\\/webdelmaestrocmf.com\\\/portal\\\/category\\\/pedagogia\\\/\"},{\"@type\":\"ListItem\",\"position\":3,\"name\":\"Educaci\u00f3n y Familia\",\"item\":\"https:\\\/\\\/webdelmaestrocmf.com\\\/portal\\\/category\\\/pedagogia\\\/educacion-y-familia\\\/\"},{\"@type\":\"ListItem\",\"position\":4,\"name\":\"Diez pautas para motivar a los ni\u00f1os y ni\u00f1as por el estudio\"}]},{\"@type\":\"WebSite\",\"@id\":\"https:\\\/\\\/webdelmaestrocmf.com\\\/portal\\\/#website\",\"url\":\"https:\\\/\\\/webdelmaestrocmf.com\\\/portal\\\/\",\"name\":\"Web del Maestro CMF\",\"description\":\"Maestros al servicio de la educaci\u00f3n\",\"publisher\":{\"@id\":\"https:\\\/\\\/webdelmaestrocmf.com\\\/portal\\\/#organization\"},\"alternateName\":\"WMCMF\",\"potentialAction\":[{\"@type\":\"SearchAction\",\"target\":{\"@type\":\"EntryPoint\",\"urlTemplate\":\"https:\\\/\\\/webdelmaestrocmf.com\\\/portal\\\/?s={search_term_string}\"},\"query-input\":{\"@type\":\"PropertyValueSpecification\",\"valueRequired\":true,\"valueName\":\"search_term_string\"}}],\"inLanguage\":\"es\"},{\"@type\":\"Organization\",\"@id\":\"https:\\\/\\\/webdelmaestrocmf.com\\\/portal\\\/#organization\",\"name\":\"Web del Maestro CMF\",\"alternateName\":\"WMCMF\",\"url\":\"https:\\\/\\\/webdelmaestrocmf.com\\\/portal\\\/\",\"logo\":{\"@type\":\"ImageObject\",\"inLanguage\":\"es\",\"@id\":\"https:\\\/\\\/webdelmaestrocmf.com\\\/portal\\\/#\\\/schema\\\/logo\\\/image\\\/\",\"url\":\"https:\\\/\\\/webdelmaestrocmf.com\\\/portal\\\/wp-content\\\/uploads\\\/2023\\\/01\\\/logo-wmcmf-2.png\",\"contentUrl\":\"https:\\\/\\\/webdelmaestrocmf.com\\\/portal\\\/wp-content\\\/uploads\\\/2023\\\/01\\\/logo-wmcmf-2.png\",\"width\":200,\"height\":60,\"caption\":\"Web del Maestro CMF\"},\"image\":{\"@id\":\"https:\\\/\\\/webdelmaestrocmf.com\\\/portal\\\/#\\\/schema\\\/logo\\\/image\\\/\"},\"sameAs\":[\"https:\\\/\\\/www.facebook.com\\\/WebdelMaestroCMF\\\/\",\"https:\\\/\\\/x.com\\\/cmf_w\",\"https:\\\/\\\/www.pinterest.com\\\/WMCMF\\\/\",\"https:\\\/\\\/www.linkedin.com\\\/company\\\/web-del-maestro-cmf\\\/\",\"https:\\\/\\\/www.instagram.com\\\/wmcmf\\\/\",\"https:\\\/\\\/www.youtube.com\\\/channel\\\/UCDPSvjbdodE5sHnC3OxutHw\",\"https:\\\/\\\/mastodon.social\\\/@wmcmf\",\"https:\\\/\\\/www.tiktok.com\\\/@webdelmaestrocmf\"]},{\"@type\":\"Person\",\"@id\":\"https:\\\/\\\/webdelmaestrocmf.com\\\/portal\\\/#\\\/schema\\\/person\\\/1072a2ed7bd960df8ef99a551fa35dc5\",\"name\":\"Web del Maestro CMF\",\"image\":{\"@type\":\"ImageObject\",\"inLanguage\":\"es\",\"@id\":\"https:\\\/\\\/secure.gravatar.com\\\/avatar\\\/23291dd5b5ae1077dcff3dbb04c3e02bd28403fa75af6d8787d5e97c5bbbe30b?s=96&d=mm&r=g\",\"url\":\"https:\\\/\\\/secure.gravatar.com\\\/avatar\\\/23291dd5b5ae1077dcff3dbb04c3e02bd28403fa75af6d8787d5e97c5bbbe30b?s=96&d=mm&r=g\",\"contentUrl\":\"https:\\\/\\\/secure.gravatar.com\\\/avatar\\\/23291dd5b5ae1077dcff3dbb04c3e02bd28403fa75af6d8787d5e97c5bbbe30b?s=96&d=mm&r=g\",\"caption\":\"Web del Maestro CMF\"},\"description\":\"Esta Web se cre\u00f3 sin fines de lucro, con fines educativos, cient\u00edficos y acad\u00e9micos, para personas que tengan dificultades y\\\/o inconvenientes en visualizar el material original. El objetivo es entregar recursos, compartir experiencias y materiales que ayuden a los padres de familia, maestros y estudiantes en su actualizaci\u00f3n y formaci\u00f3n permanente, en bien de la Educaci\u00f3n.\",\"sameAs\":[\"http:\\\/\\\/webdelmaestrocmf.com\\\/portal\",\"https:\\\/\\\/www.facebook.com\\\/WebdelMaestroCMF\\\/\",\"https:\\\/\\\/www.instagram.com\\\/wmcmf\\\/\",\"https:\\\/\\\/cl.linkedin.com\\\/company\\\/web-del-maestro-cmf\",\"https:\\\/\\\/www.pinterest.com\\\/WMCMF\\\/publicaciones\\\/\",\"https:\\\/\\\/x.com\\\/cmf_w\",\"https:\\\/\\\/www.youtube.com\\\/@WMCMF\"]}]}<\/script>\n<!-- \/ Yoast SEO plugin. -->","yoast_head_json":{"title":"Diez pautas para motivar a los ni\u00f1os y ni\u00f1as por el estudio","description":"El \u00e9xito parte de la motivaci\u00f3n interior que impulsa a cada uno a hacer lo que hace.\u00a0La motivaci\u00f3n forma parte de las personas...","robots":{"index":"index","follow":"follow","max-snippet":"max-snippet:-1","max-image-preview":"max-image-preview:large","max-video-preview":"max-video-preview:-1"},"canonical":"https:\/\/webdelmaestrocmf.com\/portal\/10-pautas-para-motivar-a-los-ninos-y-ninas-por-el-estudio\/","og_locale":"es_ES","og_type":"article","og_title":"Diez pautas para motivar a los ni\u00f1os y ni\u00f1as por el estudio","og_description":"El \u00e9xito parte de la motivaci\u00f3n interior que impulsa a cada uno a hacer lo que hace.\u00a0La motivaci\u00f3n forma parte de las personas...","og_url":"https:\/\/webdelmaestrocmf.com\/portal\/10-pautas-para-motivar-a-los-ninos-y-ninas-por-el-estudio\/","og_site_name":"Web del Maestro CMF","article_publisher":"https:\/\/www.facebook.com\/WebdelMaestroCMF\/","article_author":"https:\/\/www.facebook.com\/WebdelMaestroCMF\/","article_published_time":"2020-01-21T22:25:11+00:00","article_modified_time":"2023-03-18T14:12:09+00:00","og_image":[{"width":900,"height":556,"url":"https:\/\/i0.wp.com\/webdelmaestrocmf.com\/portal\/wp-content\/uploads\/2023\/03\/BANNER-MUESTRA-2019-M.jpg?fit=900%2C556&ssl=1","type":"image\/jpeg"}],"author":"Web del Maestro CMF","twitter_card":"summary_large_image","twitter_creator":"@cmf_w","twitter_site":"@cmf_w","schema":{"@context":"https:\/\/schema.org","@graph":[{"@type":"ScholarlyArticle","@id":"https:\/\/webdelmaestrocmf.com\/portal\/10-pautas-para-motivar-a-los-ninos-y-ninas-por-el-estudio\/#article","isPartOf":{"@id":"https:\/\/webdelmaestrocmf.com\/portal\/10-pautas-para-motivar-a-los-ninos-y-ninas-por-el-estudio\/"},"author":{"name":"Web del Maestro CMF","@id":"https:\/\/webdelmaestrocmf.com\/portal\/#\/schema\/person\/1072a2ed7bd960df8ef99a551fa35dc5"},"headline":"Diez pautas para motivar a los ni\u00f1os y ni\u00f1as por el estudio","datePublished":"2020-01-21T22:25:11+00:00","dateModified":"2023-03-18T14:12:09+00:00","mainEntityOfPage":{"@id":"https:\/\/webdelmaestrocmf.com\/portal\/10-pautas-para-motivar-a-los-ninos-y-ninas-por-el-estudio\/"},"wordCount":649,"commentCount":0,"publisher":{"@id":"https:\/\/webdelmaestrocmf.com\/portal\/#organization"},"image":{"@id":"https:\/\/webdelmaestrocmf.com\/portal\/10-pautas-para-motivar-a-los-ninos-y-ninas-por-el-estudio\/#primaryimage"},"thumbnailUrl":"https:\/\/webdelmaestrocmf.com\/portal\/wp-content\/uploads\/2023\/03\/BANNER-MUESTRA-2019-M.jpg","keywords":["10 PAUTAS","ESTUDIO","MOTIVAR","Ni\u00f1os"],"articleSection":["Docentes","Educaci\u00f3n y Familia","Las m\u00e1s vistas","Recursos"],"inLanguage":"es","potentialAction":[{"@type":"CommentAction","name":"Comment","target":["https:\/\/webdelmaestrocmf.com\/portal\/10-pautas-para-motivar-a-los-ninos-y-ninas-por-el-estudio\/#respond"]}]},{"@type":"WebPage","@id":"https:\/\/webdelmaestrocmf.com\/portal\/10-pautas-para-motivar-a-los-ninos-y-ninas-por-el-estudio\/","url":"https:\/\/webdelmaestrocmf.com\/portal\/10-pautas-para-motivar-a-los-ninos-y-ninas-por-el-estudio\/","name":"Diez pautas para motivar a los ni\u00f1os y ni\u00f1as por el estudio","isPartOf":{"@id":"https:\/\/webdelmaestrocmf.com\/portal\/#website"},"primaryImageOfPage":{"@id":"https:\/\/webdelmaestrocmf.com\/portal\/10-pautas-para-motivar-a-los-ninos-y-ninas-por-el-estudio\/#primaryimage"},"image":{"@id":"https:\/\/webdelmaestrocmf.com\/portal\/10-pautas-para-motivar-a-los-ninos-y-ninas-por-el-estudio\/#primaryimage"},"thumbnailUrl":"https:\/\/webdelmaestrocmf.com\/portal\/wp-content\/uploads\/2023\/03\/BANNER-MUESTRA-2019-M.jpg","datePublished":"2020-01-21T22:25:11+00:00","dateModified":"2023-03-18T14:12:09+00:00","description":"El \u00e9xito parte de la motivaci\u00f3n interior que impulsa a cada uno a hacer lo que hace.\u00a0La motivaci\u00f3n forma parte de las personas...","breadcrumb":{"@id":"https:\/\/webdelmaestrocmf.com\/portal\/10-pautas-para-motivar-a-los-ninos-y-ninas-por-el-estudio\/#breadcrumb"},"inLanguage":"es","potentialAction":[{"@type":"ReadAction","target":["https:\/\/webdelmaestrocmf.com\/portal\/10-pautas-para-motivar-a-los-ninos-y-ninas-por-el-estudio\/"]}]},{"@type":"ImageObject","inLanguage":"es","@id":"https:\/\/webdelmaestrocmf.com\/portal\/10-pautas-para-motivar-a-los-ninos-y-ninas-por-el-estudio\/#primaryimage","url":"https:\/\/webdelmaestrocmf.com\/portal\/wp-content\/uploads\/2023\/03\/BANNER-MUESTRA-2019-M.jpg","contentUrl":"https:\/\/webdelmaestrocmf.com\/portal\/wp-content\/uploads\/2023\/03\/BANNER-MUESTRA-2019-M.jpg","width":900,"height":556,"caption":"lectoescritura"},{"@type":"BreadcrumbList","@id":"https:\/\/webdelmaestrocmf.com\/portal\/10-pautas-para-motivar-a-los-ninos-y-ninas-por-el-estudio\/#breadcrumb","itemListElement":[{"@type":"ListItem","position":1,"name":"Portada","item":"https:\/\/webdelmaestrocmf.com\/portal\/"},{"@type":"ListItem","position":2,"name":"Recursos","item":"https:\/\/webdelmaestrocmf.com\/portal\/category\/pedagogia\/"},{"@type":"ListItem","position":3,"name":"Educaci\u00f3n y Familia","item":"https:\/\/webdelmaestrocmf.com\/portal\/category\/pedagogia\/educacion-y-familia\/"},{"@type":"ListItem","position":4,"name":"Diez pautas para motivar a los ni\u00f1os y ni\u00f1as por el estudio"}]},{"@type":"WebSite","@id":"https:\/\/webdelmaestrocmf.com\/portal\/#website","url":"https:\/\/webdelmaestrocmf.com\/portal\/","name":"Web del Maestro CMF","description":"Maestros al servicio de la educaci\u00f3n","publisher":{"@id":"https:\/\/webdelmaestrocmf.com\/portal\/#organization"},"alternateName":"WMCMF","potentialAction":[{"@type":"SearchAction","target":{"@type":"EntryPoint","urlTemplate":"https:\/\/webdelmaestrocmf.com\/portal\/?s={search_term_string}"},"query-input":{"@type":"PropertyValueSpecification","valueRequired":true,"valueName":"search_term_string"}}],"inLanguage":"es"},{"@type":"Organization","@id":"https:\/\/webdelmaestrocmf.com\/portal\/#organization","name":"Web del Maestro CMF","alternateName":"WMCMF","url":"https:\/\/webdelmaestrocmf.com\/portal\/","logo":{"@type":"ImageObject","inLanguage":"es","@id":"https:\/\/webdelmaestrocmf.com\/portal\/#\/schema\/logo\/image\/","url":"https:\/\/webdelmaestrocmf.com\/portal\/wp-content\/uploads\/2023\/01\/logo-wmcmf-2.png","contentUrl":"https:\/\/webdelmaestrocmf.com\/portal\/wp-content\/uploads\/2023\/01\/logo-wmcmf-2.png","width":200,"height":60,"caption":"Web del Maestro CMF"},"image":{"@id":"https:\/\/webdelmaestrocmf.com\/portal\/#\/schema\/logo\/image\/"},"sameAs":["https:\/\/www.facebook.com\/WebdelMaestroCMF\/","https:\/\/x.com\/cmf_w","https:\/\/www.pinterest.com\/WMCMF\/","https:\/\/www.linkedin.com\/company\/web-del-maestro-cmf\/","https:\/\/www.instagram.com\/wmcmf\/","https:\/\/www.youtube.com\/channel\/UCDPSvjbdodE5sHnC3OxutHw","https:\/\/mastodon.social\/@wmcmf","https:\/\/www.tiktok.com\/@webdelmaestrocmf"]},{"@type":"Person","@id":"https:\/\/webdelmaestrocmf.com\/portal\/#\/schema\/person\/1072a2ed7bd960df8ef99a551fa35dc5","name":"Web del Maestro CMF","image":{"@type":"ImageObject","inLanguage":"es","@id":"https:\/\/secure.gravatar.com\/avatar\/23291dd5b5ae1077dcff3dbb04c3e02bd28403fa75af6d8787d5e97c5bbbe30b?s=96&d=mm&r=g","url":"https:\/\/secure.gravatar.com\/avatar\/23291dd5b5ae1077dcff3dbb04c3e02bd28403fa75af6d8787d5e97c5bbbe30b?s=96&d=mm&r=g","contentUrl":"https:\/\/secure.gravatar.com\/avatar\/23291dd5b5ae1077dcff3dbb04c3e02bd28403fa75af6d8787d5e97c5bbbe30b?s=96&d=mm&r=g","caption":"Web del Maestro CMF"},"description":"Esta Web se cre\u00f3 sin fines de lucro, con fines educativos, cient\u00edficos y acad\u00e9micos, para personas que tengan dificultades y\/o inconvenientes en visualizar el material original. El objetivo es entregar recursos, compartir experiencias y materiales que ayuden a los padres de familia, maestros y estudiantes en su actualizaci\u00f3n y formaci\u00f3n permanente, en bien de la Educaci\u00f3n.","sameAs":["http:\/\/webdelmaestrocmf.com\/portal","https:\/\/www.facebook.com\/WebdelMaestroCMF\/","https:\/\/www.instagram.com\/wmcmf\/","https:\/\/cl.linkedin.com\/company\/web-del-maestro-cmf","https:\/\/www.pinterest.com\/WMCMF\/publicaciones\/","https:\/\/x.com\/cmf_w","https:\/\/www.youtube.com\/@WMCMF"]}]}},"jetpack_sharing_enabled":true,"jetpack-related-posts":[{"id":23619,"url":"https:\/\/webdelmaestrocmf.com\/portal\/motivar-al-nino-sienta-interes-aprender\/","url_meta":{"origin":9881,"position":0},"title":"Jos\u00e9 Antonio Marina: \u00bfC\u00f3mo motivar al ni\u00f1o para que sienta inter\u00e9s por aprender?","author":"Web del Maestro CMF","date":"13 agosto, 2025","format":false,"excerpt":"Jos\u00e9 Antonio Marina afirma que no se pueden inventar deseos nuevos para motivar a un ni\u00f1o; la clave est\u00e1 en conectar lo que necesita aprender con tres motores naturales: el deseo de pasarlo bien, el deseo de ser reconocido y el deseo de sentir que progresa.","rel":"","context":"En \u00abEducaci\u00f3n\u00bb","block_context":{"text":"Educaci\u00f3n","link":"https:\/\/webdelmaestrocmf.com\/portal\/category\/noticias\/educacion-noticias\/"},"img":{"alt_text":"","src":"https:\/\/i0.wp.com\/webdelmaestrocmf.com\/portal\/wp-content\/uploads\/2020\/12\/1A-Banner-1-portada-imagen-10-1-copia.webp?resize=350%2C200&ssl=1","width":350,"height":200,"srcset":"https:\/\/i0.wp.com\/webdelmaestrocmf.com\/portal\/wp-content\/uploads\/2020\/12\/1A-Banner-1-portada-imagen-10-1-copia.webp?resize=350%2C200&ssl=1 1x, https:\/\/i0.wp.com\/webdelmaestrocmf.com\/portal\/wp-content\/uploads\/2020\/12\/1A-Banner-1-portada-imagen-10-1-copia.webp?resize=525%2C300&ssl=1 1.5x, https:\/\/i0.wp.com\/webdelmaestrocmf.com\/portal\/wp-content\/uploads\/2020\/12\/1A-Banner-1-portada-imagen-10-1-copia.webp?resize=700%2C400&ssl=1 2x"},"classes":[]},{"id":84898,"url":"https:\/\/webdelmaestrocmf.com\/portal\/frases-para-motivar-a-los-estudiantes-antes-durante-y-despues-de-una-clase-descraga-en-pdf-word\/","url_meta":{"origin":9881,"position":1},"title":"Frases para impulsar el aprendizaje de los estudiantes","author":"Web del Maestro CMF","date":"27 febrero, 2023","format":false,"excerpt":"La motivaci\u00f3n es un factor clave para conseguir hacer frente a los retos y, en el terreno educativo, es muy importante apostar por ella con el fin de fomentar el inter\u00e9s del alumnado en su educaci\u00f3n y favorecer un mejor desarrollo educativo. De hecho, la neuroeducaci\u00f3n ha demostrado que es\u2026","rel":"","context":"En \u00abDescargas Manuales PDF\u00bb","block_context":{"text":"Descargas Manuales PDF","link":"https:\/\/webdelmaestrocmf.com\/portal\/category\/pedagogia\/descargas-manuales-pdf\/"},"img":{"alt_text":"frases aprendizaje de los estudiantes","src":"https:\/\/i0.wp.com\/webdelmaestrocmf.com\/portal\/wp-content\/uploads\/2023\/02\/1234-5.jpg?resize=350%2C200&ssl=1","width":350,"height":200,"srcset":"https:\/\/i0.wp.com\/webdelmaestrocmf.com\/portal\/wp-content\/uploads\/2023\/02\/1234-5.jpg?resize=350%2C200&ssl=1 1x, https:\/\/i0.wp.com\/webdelmaestrocmf.com\/portal\/wp-content\/uploads\/2023\/02\/1234-5.jpg?resize=525%2C300&ssl=1 1.5x, https:\/\/i0.wp.com\/webdelmaestrocmf.com\/portal\/wp-content\/uploads\/2023\/02\/1234-5.jpg?resize=700%2C400&ssl=1 2x"},"classes":[]},{"id":82634,"url":"https:\/\/webdelmaestrocmf.com\/portal\/claves-para-manejar-las-conductas-disruptivas-en-el-aula\/","url_meta":{"origin":9881,"position":2},"title":"Claves para manejar las conductas disruptivas en el aula","author":"Web del Maestro CMF","date":"10 enero, 2023","format":false,"excerpt":"Cuando hablamos de\u00a0conductas disruptivas\u00a0nos referimos a incumplimiento de normas,\u00a0desobediencia, ignorancia de los l\u00edmites\u2026, pero de forma ocasional, es decir, nunca hasta el punto de sobrepasar la gravedad suficiente como para ser adecuado diagnosticar un trastorno. Ahora bien, aunque no sea suficiente como para diagnosticar, tenemos que prestarle atenci\u00f3n, pues la\u2026","rel":"","context":"En \u00abDescargas Manuales PDF\u00bb","block_context":{"text":"Descargas Manuales PDF","link":"https:\/\/webdelmaestrocmf.com\/portal\/category\/pedagogia\/descargas-manuales-pdf\/"},"img":{"alt_text":"","src":"https:\/\/i0.wp.com\/webdelmaestrocmf.com\/portal\/wp-content\/uploads\/2023\/01\/1-15.jpeg?resize=350%2C200&ssl=1","width":350,"height":200,"srcset":"https:\/\/i0.wp.com\/webdelmaestrocmf.com\/portal\/wp-content\/uploads\/2023\/01\/1-15.jpeg?resize=350%2C200&ssl=1 1x, https:\/\/i0.wp.com\/webdelmaestrocmf.com\/portal\/wp-content\/uploads\/2023\/01\/1-15.jpeg?resize=525%2C300&ssl=1 1.5x, https:\/\/i0.wp.com\/webdelmaestrocmf.com\/portal\/wp-content\/uploads\/2023\/01\/1-15.jpeg?resize=700%2C400&ssl=1 2x"},"classes":[]},{"id":62367,"url":"https:\/\/webdelmaestrocmf.com\/portal\/claves-para-incluir-a-un-nino-o-nina-con-autismo-o-asperger-en-nuestras-clases-de-educacion-fisica-por-zoom\/","url_meta":{"origin":9881,"position":3},"title":"Claves para incluir a un ni\u00f1o o ni\u00f1a con Autismo o Asperger en nuestras clases de educaci\u00f3n f\u00edsica por Zoom","author":"Web del Maestro CMF","date":"28 abril, 2021","format":false,"excerpt":"El t\u00e9rmino \u201cautismo\u201d hace inclusi\u00f3n a una variedad de trastornos que se conocen como \u201cTrastornos del Espectro Autista\u201d (TEA). Estos trastornos son clasificados como TEA y se manifiestan en los primeros tres a\u00f1os de vida de un\u00a0ni\u00f1o, el cual es\u00a0neurobiol\u00f3gico\u00a0y\u00a0perdura durante todo el\u00a0ciclo vital. Uno de los mayores retos de\u2026","rel":"","context":"En \u00abSoftware\u00bb","block_context":{"text":"Software","link":"https:\/\/webdelmaestrocmf.com\/portal\/category\/tecnologia\/software\/"},"img":{"alt_text":"","src":"https:\/\/i0.wp.com\/webdelmaestrocmf.com\/portal\/wp-content\/uploads\/2021\/04\/1-153.jpg?resize=350%2C200&ssl=1","width":350,"height":200,"srcset":"https:\/\/i0.wp.com\/webdelmaestrocmf.com\/portal\/wp-content\/uploads\/2021\/04\/1-153.jpg?resize=350%2C200&ssl=1 1x, https:\/\/i0.wp.com\/webdelmaestrocmf.com\/portal\/wp-content\/uploads\/2021\/04\/1-153.jpg?resize=525%2C300&ssl=1 1.5x, https:\/\/i0.wp.com\/webdelmaestrocmf.com\/portal\/wp-content\/uploads\/2021\/04\/1-153.jpg?resize=700%2C400&ssl=1 2x, https:\/\/i0.wp.com\/webdelmaestrocmf.com\/portal\/wp-content\/uploads\/2021\/04\/1-153.jpg?resize=1050%2C600&ssl=1 3x"},"classes":[]},{"id":72177,"url":"https:\/\/webdelmaestrocmf.com\/portal\/para-desarrollar-las-funciones-ejecutivas-debemos-cambiar-de-una-vez-por-todas-la-manera-de-ensenar-y-trasmitir-conocimientos\/","url_meta":{"origin":9881,"position":4},"title":"Para desarrollar las funciones ejecutivas debemos cambiar de una vez por todas la manera de ense\u00f1ar y trasmitir conocimientos","author":"Web del Maestro CMF","date":"20 diciembre, 2021","format":false,"excerpt":"Esta publicaci\u00f3n pretende apoyar los programas de intervenci\u00f3n educativa para la mejora de las funciones ejecutivas e identificar los criterios que han resultado exitosos. Por eso, compartimos los recientes hallazgos y opiniones que nos pueden permitir planificar nuestras intervenciones educativas y tener la disposici\u00f3n de cambiar nuestra manera de ense\u00f1ar.\u2026","rel":"","context":"En \u00abYo opino - WMCMF\u00bb","block_context":{"text":"Yo opino - WMCMF","link":"https:\/\/webdelmaestrocmf.com\/portal\/category\/jamb\/"},"img":{"alt_text":"","src":"https:\/\/i0.wp.com\/webdelmaestrocmf.com\/portal\/wp-content\/uploads\/2021\/12\/1WEDRT-28.jpg?resize=350%2C200&ssl=1","width":350,"height":200,"srcset":"https:\/\/i0.wp.com\/webdelmaestrocmf.com\/portal\/wp-content\/uploads\/2021\/12\/1WEDRT-28.jpg?resize=350%2C200&ssl=1 1x, https:\/\/i0.wp.com\/webdelmaestrocmf.com\/portal\/wp-content\/uploads\/2021\/12\/1WEDRT-28.jpg?resize=525%2C300&ssl=1 1.5x, https:\/\/i0.wp.com\/webdelmaestrocmf.com\/portal\/wp-content\/uploads\/2021\/12\/1WEDRT-28.jpg?resize=700%2C400&ssl=1 2x, https:\/\/i0.wp.com\/webdelmaestrocmf.com\/portal\/wp-content\/uploads\/2021\/12\/1WEDRT-28.jpg?resize=1050%2C600&ssl=1 3x"},"classes":[]},{"id":49848,"url":"https:\/\/webdelmaestrocmf.com\/portal\/directores-aqui-tiene-algunas-orientaciones-para-motivar-a-los-profesores-en-tiempos-de-pandemia\/","url_meta":{"origin":9881,"position":5},"title":"Orientaciones para motivar a los profesores: Sugerencias para el Director","author":"Web del Maestro CMF","date":"10 junio, 2024","format":false,"excerpt":"Motivar a los profesores es un factor clave para el \u00e9xito de la escuela. Un equipo docente motivado est\u00e1 m\u00e1s dispuesto a dar lo mejor de s\u00ed mismo, a colaborar con los dem\u00e1s y a buscar nuevas formas de mejorar la ense\u00f1anza y el aprendizaje. El director de la escuela\u2026","rel":"","context":"En \u00abDirector\u00bb","block_context":{"text":"Director","link":"https:\/\/webdelmaestrocmf.com\/portal\/category\/pedagogia\/director\/"},"img":{"alt_text":"","src":"https:\/\/i0.wp.com\/webdelmaestrocmf.com\/portal\/wp-content\/uploads\/2024\/01\/1-2.jpg?resize=350%2C200&ssl=1","width":350,"height":200,"srcset":"https:\/\/i0.wp.com\/webdelmaestrocmf.com\/portal\/wp-content\/uploads\/2024\/01\/1-2.jpg?resize=350%2C200&ssl=1 1x, https:\/\/i0.wp.com\/webdelmaestrocmf.com\/portal\/wp-content\/uploads\/2024\/01\/1-2.jpg?resize=525%2C300&ssl=1 1.5x, https:\/\/i0.wp.com\/webdelmaestrocmf.com\/portal\/wp-content\/uploads\/2024\/01\/1-2.jpg?resize=700%2C400&ssl=1 2x"},"classes":[]}],"jetpack_featured_media_url":"https:\/\/webdelmaestrocmf.com\/portal\/wp-content\/uploads\/2023\/03\/BANNER-MUESTRA-2019-M.jpg","_links":{"self":[{"href":"https:\/\/webdelmaestrocmf.com\/portal\/wp-json\/wp\/v2\/posts\/9881","targetHints":{"allow":["GET"]}}],"collection":[{"href":"https:\/\/webdelmaestrocmf.com\/portal\/wp-json\/wp\/v2\/posts"}],"about":[{"href":"https:\/\/webdelmaestrocmf.com\/portal\/wp-json\/wp\/v2\/types\/post"}],"author":[{"embeddable":true,"href":"https:\/\/webdelmaestrocmf.com\/portal\/wp-json\/wp\/v2\/users\/1"}],"replies":[{"embeddable":true,"href":"https:\/\/webdelmaestrocmf.com\/portal\/wp-json\/wp\/v2\/comments?post=9881"}],"version-history":[{"count":0,"href":"https:\/\/webdelmaestrocmf.com\/portal\/wp-json\/wp\/v2\/posts\/9881\/revisions"}],"wp:featuredmedia":[{"embeddable":true,"href":"https:\/\/webdelmaestrocmf.com\/portal\/wp-json\/wp\/v2\/media\/85257"}],"wp:attachment":[{"href":"https:\/\/webdelmaestrocmf.com\/portal\/wp-json\/wp\/v2\/media?parent=9881"}],"wp:term":[{"taxonomy":"category","embeddable":true,"href":"https:\/\/webdelmaestrocmf.com\/portal\/wp-json\/wp\/v2\/categories?post=9881"},{"taxonomy":"post_tag","embeddable":true,"href":"https:\/\/webdelmaestrocmf.com\/portal\/wp-json\/wp\/v2\/tags?post=9881"}],"curies":[{"name":"wp","href":"https:\/\/api.w.org\/{rel}","templated":true}]}}