{"id":98052,"date":"2026-04-19T21:02:00","date_gmt":"2026-04-20T01:02:00","guid":{"rendered":"https:\/\/webdelmaestrocmf.com\/portal\/?p=98052"},"modified":"2026-04-20T11:15:06","modified_gmt":"2026-04-20T15:15:06","slug":"educacion-emocional-por-que-es-importante-y-como-implementarla-en-primaria-y-secundaria","status":"publish","type":"post","link":"https:\/\/webdelmaestrocmf.com\/portal\/educacion-emocional-por-que-es-importante-y-como-implementarla-en-primaria-y-secundaria\/","title":{"rendered":"Educaci\u00f3n emocional: descarga el cuaderno de regulaci\u00f3n emocional para primaria, herramientas pr\u00e1cticas para secundaria y una gu\u00eda completa para el docente"},"content":{"rendered":"\n<p>La educaci\u00f3n emocional ha ganado un lugar destacado en el mundo de la pedagog\u00eda en las \u00faltimas d\u00e9cadas, y no es dif\u00edcil entender por qu\u00e9. La ense\u00f1anza tradicional ha puesto un \u00e9nfasis abrumador en el desarrollo de habilidades acad\u00e9micas y cognitivas, dejando de lado, en gran medida, el aspecto emocional de la educaci\u00f3n. Sin embargo, hoy en d\u00eda, se reconoce cada vez m\u00e1s que la educaci\u00f3n emocional es una parte esencial de la formaci\u00f3n integral de los estudiantes. <\/p>\n\n\n\n<!--more-->\n\n\n\n<p>En este art\u00edculo, exploraremos la importancia de la educaci\u00f3n emocional en el aula y c\u00f3mo puede influir positivamente en el desarrollo de los estudiantes.<\/p>\n\n\n\n<p>Art\u00edculo relacionado: <a title=\"Ir a WMCMF\" href=\"https:\/\/webdelmaestrocmf.com\/portal\/profesor-emocionalmente-inteligente\/\" target=\"_top\" rel=\"noopener\">\u00bfEres un profesor emocionalmente inteligente?<\/a><\/p>\n\n\n\n<h2 class=\"wp-block-heading\"><strong>\u00bfQu\u00e9 es la educaci\u00f3n emocional?<\/strong><\/h2>\n\n\n\n<p>La educaci\u00f3n emocional se refiere a la capacitaci\u00f3n y el desarrollo de habilidades relacionadas con la gesti\u00f3n y comprensi\u00f3n de las emociones. Implica ense\u00f1ar a los estudiantes a reconocer y expresar sus propias emociones, comprender las emociones de los dem\u00e1s y aprender a regular sus respuestas emocionales de manera efectiva. La educaci\u00f3n emocional no se limita a la identificaci\u00f3n de emociones b\u00e1sicas, como la felicidad o la tristeza, sino que tambi\u00e9n abarca emociones m\u00e1s complejas, como la empat\u00eda, la gratitud, la tolerancia y la resiliencia.<\/p>\n\n\n\n<h2 class=\"wp-block-heading\"><strong>La importancia de la educaci\u00f3n emocional en el aula<\/strong><\/h2>\n\n\n\n<ol class=\"wp-block-list\">\n<li><strong> Fomenta el bienestar emocional: <\/strong>La educaci\u00f3n emocional ayuda a los estudiantes a comprender y gestionar sus emociones. Esto es fundamental para su bienestar emocional. Cuando los estudiantes pueden reconocer y expresar sus emociones de manera saludable, son menos propensos a experimentar problemas emocionales como la ansiedad, la depresi\u00f3n y el estr\u00e9s. Adem\u00e1s, la capacidad de lidiar con emociones negativas de manera constructiva es esencial para el desarrollo de la resiliencia.<\/li>\n\n\n\n<li><strong> Mejora las relaciones interpersonales: <\/strong>La educaci\u00f3n emocional tambi\u00e9n influye positivamente en las relaciones interpersonales. Al comprender sus propias emociones y las de los dem\u00e1s, los estudiantes pueden desarrollar una mayor empat\u00eda y habilidades de comunicaci\u00f3n efectivas. Esto es fundamental en la construcci\u00f3n de relaciones saludables y en la resoluci\u00f3n de conflictos de manera pac\u00edfica.<\/li>\n\n\n\n<li><strong> Contribuye al rendimiento acad\u00e9mico: <\/strong>Contrariamente a la creencia com\u00fan de que la educaci\u00f3n emocional es una distracci\u00f3n de los contenidos acad\u00e9micos, numerosas investigaciones sugieren que puede mejorar el rendimiento estudiantil. Los estudiantes que han desarrollado habilidades emocionales tienden a estar m\u00e1s motivados, concentrados y dispuestos a aprender. Adem\u00e1s, la regulaci\u00f3n emocional les permite enfrentar mejor los desaf\u00edos acad\u00e9micos y adaptarse a situaciones de estr\u00e9s.<\/li>\n\n\n\n<li><strong> Prepara a los estudiantes para el mundo real: <\/strong>En la vida cotidiana y profesional, las habilidades emocionales son esenciales. Los empleadores valoran a los trabajadores que pueden trabajar en equipo, comunicarse de manera efectiva y manejar situaciones emocionalmente cargadas. La educaci\u00f3n emocional prepara a los estudiantes para el mundo real, donde estas habilidades son tan importantes como el conocimiento acad\u00e9mico.<\/li>\n\n\n\n<li><strong> Promueve la toma de decisiones informadas: <\/strong>La educaci\u00f3n emocional tambi\u00e9n se relaciona con la toma de decisiones informadas. Cuando los estudiantes son conscientes de sus propias emociones y de c\u00f3mo las emociones pueden influir en sus elecciones, est\u00e1n mejor preparados para tomar decisiones reflexivas y ponderadas. Esto es especialmente relevante en situaciones que requieren un juicio \u00e9tico y moral.<\/li>\n<\/ol>\n\n\n\n<h2 class=\"wp-block-heading\"><strong>C\u00f3mo integrar la educaci\u00f3n emocional en el aula<\/strong><\/h2>\n\n\n\n<p>La educaci\u00f3n emocional se puede incorporar en el aula de diversas maneras:<\/p>\n\n\n\n<ol class=\"wp-block-list\">\n<li><strong>Incorporar actividades espec\u00edficas:<\/strong> Los maestros pueden dise\u00f1ar actividades que ayuden a los estudiantes a explorar sus emociones, como diarios emocionales, debates sobre temas emocionales o juegos de rol.<\/li>\n\n\n\n<li><strong>Fomentar la empat\u00eda:<\/strong> Los maestros pueden alentar a los estudiantes a ponerse en el lugar de los dem\u00e1s, lo que ayuda a desarrollar la empat\u00eda y la comprensi\u00f3n de las emociones ajenas.<\/li>\n\n\n\n<li><strong>Modelar comportamientos emocionalmente inteligentes:<\/strong> Los educadores pueden servir como modelos a seguir al expresar y gestionar sus propias emociones de manera saludable.<\/li>\n\n\n\n<li><strong>Incorporar temas emocionales en el curr\u00edculo:<\/strong> La literatura, la historia y otras materias pueden ser utilizadas para explorar temas emocionales y \u00e9ticos.<\/li>\n\n\n\n<li><strong>Promover la resoluci\u00f3n de conflictos:<\/strong> Ense\u00f1ar a los estudiantes a resolver conflictos de manera pac\u00edfica y respetuosa es una parte importante de la educaci\u00f3n emocional.<\/li>\n<\/ol>\n\n\n\n<p>Art\u00edculo relacionado: <a title=\"Ir a WMCMF\" href=\"https:\/\/webdelmaestrocmf.com\/portal\/actitudes-deben-los-docentes-mas-empaticos\/\" target=\"_top\" rel=\"noopener\">Actitudes que deben tener los docentes para ser m\u00e1s emp\u00e1ticos<\/a><\/p>\n\n\n\n<h2 class=\"wp-block-heading\"><strong>C\u00f3mo ense\u00f1ar educaci\u00f3n emocional en clases de primaria y secundaria<\/strong><\/h2>\n\n\n\n<p>La educaci\u00f3n emocional es un componente esencial de la formaci\u00f3n integral de los estudiantes en todos los niveles educativos. En las etapas de primaria y secundaria, es crucial brindar a los estudiantes las herramientas necesarias para comprender y gestionar sus emociones. A continuaci\u00f3n, exploraremos estrategias efectivas para ense\u00f1ar educaci\u00f3n emocional en clases de primaria y secundaria.<\/p>\n\n\n\n<ul class=\"wp-block-list\">\n<li><strong>Comprende el concepto de educaci\u00f3n emocional:&nbsp;<\/strong>Antes de ense\u00f1ar educaci\u00f3n emocional, es fundamental que los docentes comprendan el concepto y la importancia de esta disciplina. La educaci\u00f3n emocional se enfoca en el desarrollo de habilidades relacionadas con el reconocimiento y la gesti\u00f3n de emociones. Esto incluye la conciencia emocional, la regulaci\u00f3n emocional, la empat\u00eda y la toma de decisiones emocionalmente inteligentes.<\/li>\n\n\n\n<li><strong>Fomenta un ambiente de apoyo y confianza:&nbsp;<\/strong>Un ambiente de aula seguro y de confianza es fundamental para que los estudiantes se sientan c\u00f3modos compartiendo sus emociones y experiencias. Los docentes deben promover la empat\u00eda y la comprensi\u00f3n entre los estudiantes, lo que ayudar\u00e1 a crear un espacio propicio para la educaci\u00f3n emocional.<\/li>\n\n\n\n<li><strong>Incluye la educaci\u00f3n emocional en el plan de estudios:&nbsp;<\/strong>La educaci\u00f3n emocional no debe ser una actividad aislada, sino que debe integrarse de manera org\u00e1nica en el plan de estudios. Puedes relacionar temas emocionales con las materias que ya se est\u00e1n ense\u00f1ando. Por ejemplo, durante una lecci\u00f3n de historia, puedes explorar las emociones de los personajes hist\u00f3ricos o analizar c\u00f3mo los eventos pasados afectaron las emociones de las personas.<\/li>\n\n\n\n<li><strong>Fomenta la autoconciencia emocional:&nbsp;<\/strong>Ayuda a los estudiantes a identificar y etiquetar sus propias emociones. Puedes usar actividades como el \u00abregistro de emociones\u00bb en el que los estudiantes anotan c\u00f3mo se sienten en un momento dado. Fomenta la reflexi\u00f3n sobre por qu\u00e9 se sienten de cierta manera y c\u00f3mo pueden responder de manera positiva a esas emociones.<\/li>\n\n\n\n<li><strong>Ense\u00f1a habilidades de regulaci\u00f3n emocional:&nbsp;<\/strong>Una parte clave de la educaci\u00f3n emocional es ense\u00f1ar a los estudiantes c\u00f3mo regular sus emociones. Esto incluye estrategias de manejo del estr\u00e9s, t\u00e9cnicas de relajaci\u00f3n y la importancia de la autocontrol. Anima a los estudiantes a desarrollar un conjunto de herramientas que les ayuden a afrontar situaciones emocionales desafiantes.<\/li>\n\n\n\n<li><strong>Fomenta la empat\u00eda:&nbsp;<\/strong>La empat\u00eda es una habilidad vital en la educaci\u00f3n emocional. Ayuda a los estudiantes a comprender las emociones de los dem\u00e1s y a relacionarse de manera compasiva. Puedes usar ejercicios de role-playing, discusiones en grupo y actividades de narraci\u00f3n de historias para fomentar la empat\u00eda.<\/li>\n\n\n\n<li><strong>Promueve la toma de decisiones informadas:&nbsp;<\/strong>La educaci\u00f3n emocional tambi\u00e9n se relaciona con la toma de decisiones. Ayuda a los estudiantes a considerar c\u00f3mo sus emociones influyen en sus elecciones y c\u00f3mo tomar decisiones emocionalmente inteligentes. Fomenta la reflexi\u00f3n sobre las consecuencias de las decisiones y c\u00f3mo pueden afectar a las emociones de uno mismo y de los dem\u00e1s.<\/li>\n\n\n\n<li><strong>Fomenta la comunicaci\u00f3n abierta:&nbsp;<\/strong>Anima a los estudiantes a comunicar sus emociones de manera abierta y respetuosa. Los docentes pueden facilitar discusiones grupales sobre temas emocionales y proporcionar un espacio para que los estudiantes compartan sus experiencias y preocupaciones.<\/li>\n\n\n\n<li><strong>Eval\u00faa el progreso:&nbsp;<\/strong>La evaluaci\u00f3n en educaci\u00f3n emocional no siempre se traduce en calificaciones. En su lugar, considera evaluar el progreso de los estudiantes a trav\u00e9s de la observaci\u00f3n, la retroalimentaci\u00f3n y la mejora constante. Realiza seguimientos peri\u00f3dicos para asegurarte de que los estudiantes est\u00e9n adquiriendo habilidades emocionales y ajusta tu enfoque seg\u00fan sea necesario.<\/li>\n<\/ul>\n\n\n\n<p>La educaci\u00f3n emocional es una parte vital de la educaci\u00f3n de los estudiantes de primaria y secundaria. Al ense\u00f1arles a comprender y gestionar sus emociones, les est\u00e1s brindando herramientas esenciales para su bienestar y \u00e9xito a lo largo de sus vidas. La educaci\u00f3n emocional no solo beneficia a los estudiantes en el aula, sino que tambi\u00e9n los prepara para enfrentar con confianza los desaf\u00edos emocionales que encontrar\u00e1n en su vida cotidiana y futuras carreras.<\/p>\n\n\n\n<p>Al enfocarse en el aspecto emocional de la educaci\u00f3n, las escuelas pueden ayudar a los estudiantes a crecer no solo como acad\u00e9micos, sino tambi\u00e9n como individuos equilibrados, capaces de enfrentar los desaf\u00edos de la vida con empat\u00eda, resiliencia y habilidades de comunicaci\u00f3n efectivas.<\/p>\n\n\n\n<p class=\"has-text-align-right\"><strong>Redacci\u00f3n | Web del Maestro CMF<\/strong><\/p>\n\n\n\n<p class=\"has-text-align-center\">MATERIAL: <a href=\"https:\/\/drive.google.com\/file\/d\/1Bq8HFiJWjU6kSC4UWaak6tuGiKql-nCn\/view\" target=\"_blank\" rel=\"noreferrer noopener\">CUADERNO DE TRABAJO REGULACI\u00d3N EMOCIONAL<\/a> |  <a href=\"https:\/\/drive.google.com\/drive\/folders\/1ow7l4uq1Pq4lJcucaTkXniok0huWH09A?usp=sharing\" target=\"_blank\" rel=\"noreferrer noopener\">HERRAMIENTAS PARA GESTI\u00d3N EMOCIONAL<\/a><\/p>\n\n\n\t\t<div class=\"pk-inline-posts\">\n\t\t\t\t\t\t\t<h5 class=\"pk-inline-posts-title pk-title pk-font-block\">\n\t\t\t\t\t\u00daltimas entradas\t\t\t\t<\/h5>\n\t\t\t\n\t\t\t<div class=\"pk-inline-posts-container pk-inline-posts-template-list\"\n\t\t\t\tdata-columns=\"1\">\n\t\t\t\t\t\t<article id=\"post-118051\" class=\"post-118051 post type-post status-publish format-standard has-post-thumbnail category-lectoescritura category-leer category-libros category-pedagogia tag-aula tag-comprension-lectora tag-creatividad tag-dia-del-libro tag-docentes tag-fichas-educativas tag-lectura tag-manualidades tag-material-didactico tag-recursos-educativos cs-entry cs-video-wrap\">\n\t\t\t<div class=\"pk-post-outer\">\n\n\t\t\t\t\t\t\t\t<div class=\"pk-post-inner\">\n\t\t\t\t\t<div class=\"entry-thumbnail\">\n\t\t\t\t\t\t<div class=\"pk-overlay pk-overlay-ratio pk-ratio-landscape\">\n\t\t\t\t\t\t\t<div class=\"pk-overlay-background\">\n\t\t\t\t\t\t\t\t<a href=\"https:\/\/webdelmaestrocmf.com\/portal\/dia-del-libro-23-de-abril-descarga-las-actividades-recursos-fichas-manualidades-y-materiales-motivadores-para-transformar-la-lectura-en-el-aula\/\" class=\"pk-overlay-link\">\n\t\t\t\t\t\t\t\t\t<img loading=\"lazy\" decoding=\"async\" width=\"300\" height=\"225\" src=\"https:\/\/webdelmaestrocmf.com\/portal\/wp-content\/uploads\/2026\/04\/1AA-Banner-1-portada-imagen-10-1-copia-23-300x225.webp\" class=\"attachment-pk-thumbnail size-pk-thumbnail wp-post-image\" alt=\"\" \/>\t\t\t\t\t\t\t\t<\/a>\n\t\t\t\t\t\t\t<\/div>\n\t\t\t\t\t\t<\/div>\n\t\t\t\t\t<\/div>\n\t\t\t\t<\/div>\n\t\t\t\t\n\t\t\t\t<div class=\"pk-post-inner\">\n\t\t\t\t\t<header>\n\t\t\t\t\t\t<h3 class=\"pk-title\"><a href=\"https:\/\/webdelmaestrocmf.com\/portal\/dia-del-libro-23-de-abril-descarga-las-actividades-recursos-fichas-manualidades-y-materiales-motivadores-para-transformar-la-lectura-en-el-aula\/\" rel=\"bookmark\">D\u00eda del Libro (23 de abril): Descarga las actividades, recursos, fichas, manualidades, materiales y pulseras motivadores para transformar la lectura en el aula<\/a><\/h3>\t\t\t\t\t<\/header><!-- .entry-header -->\n\t\t\t\t<\/div><!-- .post-inner -->\n\n\t\t\t<\/div><!-- .post-outer -->\n\t\t<\/article>\n\t\t\t<article id=\"post-118127\" class=\"post-118127 post type-post status-publish format-standard has-post-thumbnail category-descarga category-libros category-pedagogia tag-aula tag-docentes tag-educacion-2 tag-evaluacion-2 tag-formacion-docente tag-innovacion-2 tag-inteligencia-artificial tag-planificacion-3 tag-recursos-educativos tag-tecnologia-educativa-2 cs-entry cs-video-wrap\">\n\t\t\t<div class=\"pk-post-outer\">\n\n\t\t\t\t\t\t\t\t<div class=\"pk-post-inner\">\n\t\t\t\t\t<div class=\"entry-thumbnail\">\n\t\t\t\t\t\t<div class=\"pk-overlay pk-overlay-ratio pk-ratio-landscape\">\n\t\t\t\t\t\t\t<div class=\"pk-overlay-background\">\n\t\t\t\t\t\t\t\t<a href=\"https:\/\/webdelmaestrocmf.com\/portal\/guia-completa-de-claude-que-es-esta-guia-y-por-que-es-relevante-para-los-docentes\/\" class=\"pk-overlay-link\">\n\t\t\t\t\t\t\t\t\t<img loading=\"lazy\" decoding=\"async\" width=\"300\" height=\"225\" src=\"https:\/\/webdelmaestrocmf.com\/portal\/wp-content\/uploads\/2026\/04\/1AA-Banner-1-portada-imagen-10-1-copia-32-300x225.webp\" class=\"attachment-pk-thumbnail size-pk-thumbnail wp-post-image\" alt=\"\" \/>\t\t\t\t\t\t\t\t<\/a>\n\t\t\t\t\t\t\t<\/div>\n\t\t\t\t\t\t<\/div>\n\t\t\t\t\t<\/div>\n\t\t\t\t<\/div>\n\t\t\t\t\n\t\t\t\t<div class=\"pk-post-inner\">\n\t\t\t\t\t<header>\n\t\t\t\t\t\t<h3 class=\"pk-title\"><a href=\"https:\/\/webdelmaestrocmf.com\/portal\/guia-completa-de-claude-que-es-esta-guia-y-por-que-es-relevante-para-los-docentes\/\" rel=\"bookmark\">Descarga la gu\u00eda completa de Claude en PDF: \u00bfQu\u00e9 es esta gu\u00eda y por qu\u00e9 es relevante para los docentes?<\/a><\/h3>\t\t\t\t\t<\/header><!-- .entry-header -->\n\t\t\t\t<\/div><!-- .post-inner -->\n\n\t\t\t<\/div><!-- .post-outer -->\n\t\t<\/article>\n\t\t\t<article id=\"post-26506\" class=\"post-26506 post type-post status-publish format-standard has-post-thumbnail category-libros category-pedagogia tag-libros tag-pedagogia tag-psicologia cs-entry cs-video-wrap\">\n\t\t\t<div class=\"pk-post-outer\">\n\n\t\t\t\t\t\t\t\t<div class=\"pk-post-inner\">\n\t\t\t\t\t<div class=\"entry-thumbnail\">\n\t\t\t\t\t\t<div class=\"pk-overlay pk-overlay-ratio pk-ratio-landscape\">\n\t\t\t\t\t\t\t<div class=\"pk-overlay-background\">\n\t\t\t\t\t\t\t\t<a href=\"https:\/\/webdelmaestrocmf.com\/portal\/55-libros-pedagogia-psicologia-pdf-gratis\/\" class=\"pk-overlay-link\">\n\t\t\t\t\t\t\t\t\t<img loading=\"lazy\" decoding=\"async\" width=\"300\" height=\"225\" src=\"https:\/\/webdelmaestrocmf.com\/portal\/wp-content\/uploads\/2026\/04\/1AA-Banner-1-portada-imagen-10-1-copia-1-300x225.webp\" class=\"attachment-pk-thumbnail size-pk-thumbnail wp-post-image\" alt=\"\" \/>\t\t\t\t\t\t\t\t<\/a>\n\t\t\t\t\t\t\t<\/div>\n\t\t\t\t\t\t<\/div>\n\t\t\t\t\t<\/div>\n\t\t\t\t<\/div>\n\t\t\t\t\n\t\t\t\t<div class=\"pk-post-inner\">\n\t\t\t\t\t<header>\n\t\t\t\t\t\t<h3 class=\"pk-title\"><a href=\"https:\/\/webdelmaestrocmf.com\/portal\/55-libros-pedagogia-psicologia-pdf-gratis\/\" rel=\"bookmark\">Por qu\u00e9 los docentes necesitan leer m\u00e1s all\u00e1 del aula: dos recursos clave para transformar su pr\u00e1ctica<\/a><\/h3>\t\t\t\t\t<\/header><!-- .entry-header -->\n\t\t\t\t<\/div><!-- .post-inner -->\n\n\t\t\t<\/div><!-- .post-outer -->\n\t\t<\/article>\n\t\t\t\t<\/div>\n\t\t<\/div>\n\t\t\n","protected":false},"excerpt":{"rendered":"Ayuda al ni\u00f1o a reconocer, expresar y regular sus emociones, mejorar su atenci\u00f3n y autocontrol, reducir el estr\u00e9s, fortalecer la autoestima y desarrollar habilidades sociales mediante actividades pr\u00e1cticas y reflexivas","protected":false},"author":1,"featured_media":117155,"comment_status":"open","ping_status":"closed","sticky":false,"template":"","format":"standard","meta":{"csco_display_header_overlay":false,"csco_singular_sidebar":"","csco_page_header_type":"","csco_page_load_nextpost":"","csco_post_video_location":[],"csco_post_video_location_hash":"","csco_post_video_url":"","csco_post_video_bg_start_time":0,"csco_post_video_bg_end_time":0,"csco_post_video_bg_volume":false,"_jetpack_memberships_contains_paid_content":false,"footnotes":""},"categories":[13914,504,735],"tags":[596,22099,22100,305,21327,22307,714],"class_list":{"0":"post-98052","1":"post","2":"type-post","3":"status-publish","4":"format-standard","5":"has-post-thumbnail","7":"category-educacion-emocional","8":"category-libros","9":"category-pedagogia","10":"tag-aula","11":"tag-beneficios-de-la-educacion-emocional","12":"tag-como-ensenar-educacion-emocional","13":"tag-educacion-emocional","14":"tag-educacion-emocional-en-el-aula","15":"tag-educacion-emocional-en-primaria","16":"tag-secundaria","17":"cs-entry","18":"cs-video-wrap"},"yoast_head":"<!-- This site is optimized with the Yoast SEO plugin v27.5 - https:\/\/yoast.com\/product\/yoast-seo-wordpress\/ -->\n<title>Educaci\u00f3n emocional: descarga el cuaderno de regulaci\u00f3n emocional para primaria, herramientas pr\u00e1cticas para secundaria y una gu\u00eda completa para el docente - 2026<\/title>\n<meta name=\"description\" content=\"Aprende c\u00f3mo garantizar el desarrollo integral de los estudiantes. Descubre los beneficios de la Educaci\u00f3n Emocional para tus clases.\" \/>\n<meta name=\"robots\" content=\"index, follow, max-snippet:-1, max-image-preview:large, max-video-preview:-1\" \/>\n<link rel=\"canonical\" href=\"https:\/\/webdelmaestrocmf.com\/portal\/educacion-emocional-por-que-es-importante-y-como-implementarla-en-primaria-y-secundaria\/\" \/>\n<meta property=\"og:locale\" content=\"es_ES\" \/>\n<meta property=\"og:type\" content=\"article\" \/>\n<meta property=\"og:title\" content=\"Educaci\u00f3n emocional: descarga el cuaderno de regulaci\u00f3n emocional para primaria, herramientas pr\u00e1cticas para secundaria y una gu\u00eda completa para el docente - 2026\" \/>\n<meta property=\"og:description\" content=\"Aprende c\u00f3mo garantizar el desarrollo integral de los estudiantes. Descubre los beneficios de la Educaci\u00f3n Emocional para tus clases.\" \/>\n<meta property=\"og:url\" content=\"https:\/\/webdelmaestrocmf.com\/portal\/educacion-emocional-por-que-es-importante-y-como-implementarla-en-primaria-y-secundaria\/\" \/>\n<meta property=\"og:site_name\" content=\"Web del Maestro CMF\" \/>\n<meta property=\"article:publisher\" content=\"https:\/\/www.facebook.com\/WebdelMaestroCMF\/\" \/>\n<meta property=\"article:author\" content=\"https:\/\/www.facebook.com\/WebdelMaestroCMF\/\" \/>\n<meta property=\"article:published_time\" content=\"2026-04-20T01:02:00+00:00\" \/>\n<meta property=\"article:modified_time\" content=\"2026-04-20T15:15:06+00:00\" \/>\n<meta property=\"og:image\" content=\"https:\/\/webdelmaestrocmf.com\/portal\/wp-content\/uploads\/2026\/03\/1AA-Banner-1-portada-imagen-10-1-copia-1-6.webp\" \/>\n\t<meta property=\"og:image:width\" content=\"1200\" \/>\n\t<meta property=\"og:image:height\" content=\"675\" \/>\n\t<meta property=\"og:image:type\" content=\"image\/webp\" \/>\n<meta name=\"author\" content=\"Web del Maestro CMF\" \/>\n<meta name=\"twitter:card\" content=\"summary_large_image\" \/>\n<meta name=\"twitter:creator\" content=\"@cmf_w\" \/>\n<meta name=\"twitter:site\" content=\"@cmf_w\" \/>\n<script type=\"application\/ld+json\" class=\"yoast-schema-graph\">{\"@context\":\"https:\\\/\\\/schema.org\",\"@graph\":[{\"@type\":\"ScholarlyArticle\",\"@id\":\"https:\\\/\\\/webdelmaestrocmf.com\\\/portal\\\/educacion-emocional-por-que-es-importante-y-como-implementarla-en-primaria-y-secundaria\\\/#article\",\"isPartOf\":{\"@id\":\"https:\\\/\\\/webdelmaestrocmf.com\\\/portal\\\/educacion-emocional-por-que-es-importante-y-como-implementarla-en-primaria-y-secundaria\\\/\"},\"author\":{\"name\":\"Web del Maestro CMF\",\"@id\":\"https:\\\/\\\/webdelmaestrocmf.com\\\/portal\\\/#\\\/schema\\\/person\\\/1072a2ed7bd960df8ef99a551fa35dc5\"},\"headline\":\"Educaci\u00f3n emocional: descarga el cuaderno de regulaci\u00f3n emocional para primaria, herramientas pr\u00e1cticas para secundaria y una gu\u00eda completa para el docente\",\"datePublished\":\"2026-04-20T01:02:00+00:00\",\"dateModified\":\"2026-04-20T15:15:06+00:00\",\"mainEntityOfPage\":{\"@id\":\"https:\\\/\\\/webdelmaestrocmf.com\\\/portal\\\/educacion-emocional-por-que-es-importante-y-como-implementarla-en-primaria-y-secundaria\\\/\"},\"wordCount\":1575,\"commentCount\":0,\"publisher\":{\"@id\":\"https:\\\/\\\/webdelmaestrocmf.com\\\/portal\\\/#organization\"},\"image\":{\"@id\":\"https:\\\/\\\/webdelmaestrocmf.com\\\/portal\\\/educacion-emocional-por-que-es-importante-y-como-implementarla-en-primaria-y-secundaria\\\/#primaryimage\"},\"thumbnailUrl\":\"https:\\\/\\\/webdelmaestrocmf.com\\\/portal\\\/wp-content\\\/uploads\\\/2026\\\/03\\\/1AA-Banner-1-portada-imagen-10-1-copia-1-6.webp\",\"keywords\":[\"aula\",\"Beneficios de la educaci\u00f3n emocional\",\"C\u00f3mo ense\u00f1ar educaci\u00f3n emocional\",\"EDUCACI\u00d3N EMOCIONAL\",\"Educaci\u00f3n emocional en el aula\",\"Educaci\u00f3n emocional en primaria\",\"SECUNDARIA\"],\"articleSection\":[\"Educaci\u00f3n Emocional\",\"Libros\",\"Recursos\"],\"inLanguage\":\"es\",\"potentialAction\":[{\"@type\":\"CommentAction\",\"name\":\"Comment\",\"target\":[\"https:\\\/\\\/webdelmaestrocmf.com\\\/portal\\\/educacion-emocional-por-que-es-importante-y-como-implementarla-en-primaria-y-secundaria\\\/#respond\"]}]},{\"@type\":\"WebPage\",\"@id\":\"https:\\\/\\\/webdelmaestrocmf.com\\\/portal\\\/educacion-emocional-por-que-es-importante-y-como-implementarla-en-primaria-y-secundaria\\\/\",\"url\":\"https:\\\/\\\/webdelmaestrocmf.com\\\/portal\\\/educacion-emocional-por-que-es-importante-y-como-implementarla-en-primaria-y-secundaria\\\/\",\"name\":\"Educaci\u00f3n emocional: descarga el cuaderno de regulaci\u00f3n emocional para primaria, herramientas pr\u00e1cticas para secundaria y una gu\u00eda completa para el docente - 2026\",\"isPartOf\":{\"@id\":\"https:\\\/\\\/webdelmaestrocmf.com\\\/portal\\\/#website\"},\"primaryImageOfPage\":{\"@id\":\"https:\\\/\\\/webdelmaestrocmf.com\\\/portal\\\/educacion-emocional-por-que-es-importante-y-como-implementarla-en-primaria-y-secundaria\\\/#primaryimage\"},\"image\":{\"@id\":\"https:\\\/\\\/webdelmaestrocmf.com\\\/portal\\\/educacion-emocional-por-que-es-importante-y-como-implementarla-en-primaria-y-secundaria\\\/#primaryimage\"},\"thumbnailUrl\":\"https:\\\/\\\/webdelmaestrocmf.com\\\/portal\\\/wp-content\\\/uploads\\\/2026\\\/03\\\/1AA-Banner-1-portada-imagen-10-1-copia-1-6.webp\",\"datePublished\":\"2026-04-20T01:02:00+00:00\",\"dateModified\":\"2026-04-20T15:15:06+00:00\",\"description\":\"Aprende c\u00f3mo garantizar el desarrollo integral de los estudiantes. Descubre los beneficios de la Educaci\u00f3n Emocional para tus clases.\",\"breadcrumb\":{\"@id\":\"https:\\\/\\\/webdelmaestrocmf.com\\\/portal\\\/educacion-emocional-por-que-es-importante-y-como-implementarla-en-primaria-y-secundaria\\\/#breadcrumb\"},\"inLanguage\":\"es\",\"potentialAction\":[{\"@type\":\"ReadAction\",\"target\":[\"https:\\\/\\\/webdelmaestrocmf.com\\\/portal\\\/educacion-emocional-por-que-es-importante-y-como-implementarla-en-primaria-y-secundaria\\\/\"]}]},{\"@type\":\"ImageObject\",\"inLanguage\":\"es\",\"@id\":\"https:\\\/\\\/webdelmaestrocmf.com\\\/portal\\\/educacion-emocional-por-que-es-importante-y-como-implementarla-en-primaria-y-secundaria\\\/#primaryimage\",\"url\":\"https:\\\/\\\/webdelmaestrocmf.com\\\/portal\\\/wp-content\\\/uploads\\\/2026\\\/03\\\/1AA-Banner-1-portada-imagen-10-1-copia-1-6.webp\",\"contentUrl\":\"https:\\\/\\\/webdelmaestrocmf.com\\\/portal\\\/wp-content\\\/uploads\\\/2026\\\/03\\\/1AA-Banner-1-portada-imagen-10-1-copia-1-6.webp\",\"width\":1200,\"height\":675},{\"@type\":\"BreadcrumbList\",\"@id\":\"https:\\\/\\\/webdelmaestrocmf.com\\\/portal\\\/educacion-emocional-por-que-es-importante-y-como-implementarla-en-primaria-y-secundaria\\\/#breadcrumb\",\"itemListElement\":[{\"@type\":\"ListItem\",\"position\":1,\"name\":\"Portada\",\"item\":\"https:\\\/\\\/webdelmaestrocmf.com\\\/portal\\\/\"},{\"@type\":\"ListItem\",\"position\":2,\"name\":\"Recursos\",\"item\":\"https:\\\/\\\/webdelmaestrocmf.com\\\/portal\\\/category\\\/pedagogia\\\/\"},{\"@type\":\"ListItem\",\"position\":3,\"name\":\"Educaci\u00f3n emocional: descarga el cuaderno de regulaci\u00f3n emocional para primaria, herramientas pr\u00e1cticas para secundaria y una gu\u00eda completa para el docente\"}]},{\"@type\":\"WebSite\",\"@id\":\"https:\\\/\\\/webdelmaestrocmf.com\\\/portal\\\/#website\",\"url\":\"https:\\\/\\\/webdelmaestrocmf.com\\\/portal\\\/\",\"name\":\"Web del Maestro CMF\",\"description\":\"Maestros al servicio de la educaci\u00f3n\",\"publisher\":{\"@id\":\"https:\\\/\\\/webdelmaestrocmf.com\\\/portal\\\/#organization\"},\"alternateName\":\"WMCMF\",\"potentialAction\":[{\"@type\":\"SearchAction\",\"target\":{\"@type\":\"EntryPoint\",\"urlTemplate\":\"https:\\\/\\\/webdelmaestrocmf.com\\\/portal\\\/?s={search_term_string}\"},\"query-input\":{\"@type\":\"PropertyValueSpecification\",\"valueRequired\":true,\"valueName\":\"search_term_string\"}}],\"inLanguage\":\"es\"},{\"@type\":\"Organization\",\"@id\":\"https:\\\/\\\/webdelmaestrocmf.com\\\/portal\\\/#organization\",\"name\":\"Web del Maestro CMF\",\"alternateName\":\"WMCMF\",\"url\":\"https:\\\/\\\/webdelmaestrocmf.com\\\/portal\\\/\",\"logo\":{\"@type\":\"ImageObject\",\"inLanguage\":\"es\",\"@id\":\"https:\\\/\\\/webdelmaestrocmf.com\\\/portal\\\/#\\\/schema\\\/logo\\\/image\\\/\",\"url\":\"https:\\\/\\\/webdelmaestrocmf.com\\\/portal\\\/wp-content\\\/uploads\\\/2023\\\/01\\\/logo-wmcmf-2.png\",\"contentUrl\":\"https:\\\/\\\/webdelmaestrocmf.com\\\/portal\\\/wp-content\\\/uploads\\\/2023\\\/01\\\/logo-wmcmf-2.png\",\"width\":200,\"height\":60,\"caption\":\"Web del Maestro CMF\"},\"image\":{\"@id\":\"https:\\\/\\\/webdelmaestrocmf.com\\\/portal\\\/#\\\/schema\\\/logo\\\/image\\\/\"},\"sameAs\":[\"https:\\\/\\\/www.facebook.com\\\/WebdelMaestroCMF\\\/\",\"https:\\\/\\\/x.com\\\/cmf_w\",\"https:\\\/\\\/www.pinterest.com\\\/WMCMF\\\/\",\"https:\\\/\\\/www.linkedin.com\\\/company\\\/web-del-maestro-cmf\\\/\",\"https:\\\/\\\/www.instagram.com\\\/wmcmf\\\/\",\"https:\\\/\\\/www.youtube.com\\\/channel\\\/UCDPSvjbdodE5sHnC3OxutHw\",\"https:\\\/\\\/mastodon.social\\\/@wmcmf\",\"https:\\\/\\\/www.tiktok.com\\\/@webdelmaestrocmf\"]},{\"@type\":\"Person\",\"@id\":\"https:\\\/\\\/webdelmaestrocmf.com\\\/portal\\\/#\\\/schema\\\/person\\\/1072a2ed7bd960df8ef99a551fa35dc5\",\"name\":\"Web del Maestro CMF\",\"image\":{\"@type\":\"ImageObject\",\"inLanguage\":\"es\",\"@id\":\"https:\\\/\\\/secure.gravatar.com\\\/avatar\\\/23291dd5b5ae1077dcff3dbb04c3e02bd28403fa75af6d8787d5e97c5bbbe30b?s=96&d=mm&r=g\",\"url\":\"https:\\\/\\\/secure.gravatar.com\\\/avatar\\\/23291dd5b5ae1077dcff3dbb04c3e02bd28403fa75af6d8787d5e97c5bbbe30b?s=96&d=mm&r=g\",\"contentUrl\":\"https:\\\/\\\/secure.gravatar.com\\\/avatar\\\/23291dd5b5ae1077dcff3dbb04c3e02bd28403fa75af6d8787d5e97c5bbbe30b?s=96&d=mm&r=g\",\"caption\":\"Web del Maestro CMF\"},\"description\":\"Esta Web se cre\u00f3 sin fines de lucro, con fines educativos, cient\u00edficos y acad\u00e9micos, para personas que tengan dificultades y\\\/o inconvenientes en visualizar el material original. El objetivo es entregar recursos, compartir experiencias y materiales que ayuden a los padres de familia, maestros y estudiantes en su actualizaci\u00f3n y formaci\u00f3n permanente, en bien de la Educaci\u00f3n.\",\"sameAs\":[\"http:\\\/\\\/webdelmaestrocmf.com\\\/portal\",\"https:\\\/\\\/www.facebook.com\\\/WebdelMaestroCMF\\\/\",\"https:\\\/\\\/www.instagram.com\\\/wmcmf\\\/\",\"https:\\\/\\\/cl.linkedin.com\\\/company\\\/web-del-maestro-cmf\",\"https:\\\/\\\/www.pinterest.com\\\/WMCMF\\\/publicaciones\\\/\",\"https:\\\/\\\/x.com\\\/cmf_w\",\"https:\\\/\\\/www.youtube.com\\\/@WMCMF\"]}]}<\/script>\n<!-- \/ Yoast SEO plugin. -->","yoast_head_json":{"title":"Educaci\u00f3n emocional: descarga el cuaderno de regulaci\u00f3n emocional para primaria, herramientas pr\u00e1cticas para secundaria y una gu\u00eda completa para el docente - 2026","description":"Aprende c\u00f3mo garantizar el desarrollo integral de los estudiantes. Descubre los beneficios de la Educaci\u00f3n Emocional para tus clases.","robots":{"index":"index","follow":"follow","max-snippet":"max-snippet:-1","max-image-preview":"max-image-preview:large","max-video-preview":"max-video-preview:-1"},"canonical":"https:\/\/webdelmaestrocmf.com\/portal\/educacion-emocional-por-que-es-importante-y-como-implementarla-en-primaria-y-secundaria\/","og_locale":"es_ES","og_type":"article","og_title":"Educaci\u00f3n emocional: descarga el cuaderno de regulaci\u00f3n emocional para primaria, herramientas pr\u00e1cticas para secundaria y una gu\u00eda completa para el docente - 2026","og_description":"Aprende c\u00f3mo garantizar el desarrollo integral de los estudiantes. Descubre los beneficios de la Educaci\u00f3n Emocional para tus clases.","og_url":"https:\/\/webdelmaestrocmf.com\/portal\/educacion-emocional-por-que-es-importante-y-como-implementarla-en-primaria-y-secundaria\/","og_site_name":"Web del Maestro CMF","article_publisher":"https:\/\/www.facebook.com\/WebdelMaestroCMF\/","article_author":"https:\/\/www.facebook.com\/WebdelMaestroCMF\/","article_published_time":"2026-04-20T01:02:00+00:00","article_modified_time":"2026-04-20T15:15:06+00:00","og_image":[{"width":1200,"height":675,"url":"https:\/\/webdelmaestrocmf.com\/portal\/wp-content\/uploads\/2026\/03\/1AA-Banner-1-portada-imagen-10-1-copia-1-6.webp","type":"image\/webp"}],"author":"Web del Maestro CMF","twitter_card":"summary_large_image","twitter_creator":"@cmf_w","twitter_site":"@cmf_w","schema":{"@context":"https:\/\/schema.org","@graph":[{"@type":"ScholarlyArticle","@id":"https:\/\/webdelmaestrocmf.com\/portal\/educacion-emocional-por-que-es-importante-y-como-implementarla-en-primaria-y-secundaria\/#article","isPartOf":{"@id":"https:\/\/webdelmaestrocmf.com\/portal\/educacion-emocional-por-que-es-importante-y-como-implementarla-en-primaria-y-secundaria\/"},"author":{"name":"Web del Maestro CMF","@id":"https:\/\/webdelmaestrocmf.com\/portal\/#\/schema\/person\/1072a2ed7bd960df8ef99a551fa35dc5"},"headline":"Educaci\u00f3n emocional: descarga el cuaderno de regulaci\u00f3n emocional para primaria, herramientas pr\u00e1cticas para secundaria y una gu\u00eda completa para el docente","datePublished":"2026-04-20T01:02:00+00:00","dateModified":"2026-04-20T15:15:06+00:00","mainEntityOfPage":{"@id":"https:\/\/webdelmaestrocmf.com\/portal\/educacion-emocional-por-que-es-importante-y-como-implementarla-en-primaria-y-secundaria\/"},"wordCount":1575,"commentCount":0,"publisher":{"@id":"https:\/\/webdelmaestrocmf.com\/portal\/#organization"},"image":{"@id":"https:\/\/webdelmaestrocmf.com\/portal\/educacion-emocional-por-que-es-importante-y-como-implementarla-en-primaria-y-secundaria\/#primaryimage"},"thumbnailUrl":"https:\/\/webdelmaestrocmf.com\/portal\/wp-content\/uploads\/2026\/03\/1AA-Banner-1-portada-imagen-10-1-copia-1-6.webp","keywords":["aula","Beneficios de la educaci\u00f3n emocional","C\u00f3mo ense\u00f1ar educaci\u00f3n emocional","EDUCACI\u00d3N EMOCIONAL","Educaci\u00f3n emocional en el aula","Educaci\u00f3n emocional en primaria","SECUNDARIA"],"articleSection":["Educaci\u00f3n Emocional","Libros","Recursos"],"inLanguage":"es","potentialAction":[{"@type":"CommentAction","name":"Comment","target":["https:\/\/webdelmaestrocmf.com\/portal\/educacion-emocional-por-que-es-importante-y-como-implementarla-en-primaria-y-secundaria\/#respond"]}]},{"@type":"WebPage","@id":"https:\/\/webdelmaestrocmf.com\/portal\/educacion-emocional-por-que-es-importante-y-como-implementarla-en-primaria-y-secundaria\/","url":"https:\/\/webdelmaestrocmf.com\/portal\/educacion-emocional-por-que-es-importante-y-como-implementarla-en-primaria-y-secundaria\/","name":"Educaci\u00f3n emocional: descarga el cuaderno de regulaci\u00f3n emocional para primaria, herramientas pr\u00e1cticas para secundaria y una gu\u00eda completa para el docente - 2026","isPartOf":{"@id":"https:\/\/webdelmaestrocmf.com\/portal\/#website"},"primaryImageOfPage":{"@id":"https:\/\/webdelmaestrocmf.com\/portal\/educacion-emocional-por-que-es-importante-y-como-implementarla-en-primaria-y-secundaria\/#primaryimage"},"image":{"@id":"https:\/\/webdelmaestrocmf.com\/portal\/educacion-emocional-por-que-es-importante-y-como-implementarla-en-primaria-y-secundaria\/#primaryimage"},"thumbnailUrl":"https:\/\/webdelmaestrocmf.com\/portal\/wp-content\/uploads\/2026\/03\/1AA-Banner-1-portada-imagen-10-1-copia-1-6.webp","datePublished":"2026-04-20T01:02:00+00:00","dateModified":"2026-04-20T15:15:06+00:00","description":"Aprende c\u00f3mo garantizar el desarrollo integral de los estudiantes. Descubre los beneficios de la Educaci\u00f3n Emocional para tus clases.","breadcrumb":{"@id":"https:\/\/webdelmaestrocmf.com\/portal\/educacion-emocional-por-que-es-importante-y-como-implementarla-en-primaria-y-secundaria\/#breadcrumb"},"inLanguage":"es","potentialAction":[{"@type":"ReadAction","target":["https:\/\/webdelmaestrocmf.com\/portal\/educacion-emocional-por-que-es-importante-y-como-implementarla-en-primaria-y-secundaria\/"]}]},{"@type":"ImageObject","inLanguage":"es","@id":"https:\/\/webdelmaestrocmf.com\/portal\/educacion-emocional-por-que-es-importante-y-como-implementarla-en-primaria-y-secundaria\/#primaryimage","url":"https:\/\/webdelmaestrocmf.com\/portal\/wp-content\/uploads\/2026\/03\/1AA-Banner-1-portada-imagen-10-1-copia-1-6.webp","contentUrl":"https:\/\/webdelmaestrocmf.com\/portal\/wp-content\/uploads\/2026\/03\/1AA-Banner-1-portada-imagen-10-1-copia-1-6.webp","width":1200,"height":675},{"@type":"BreadcrumbList","@id":"https:\/\/webdelmaestrocmf.com\/portal\/educacion-emocional-por-que-es-importante-y-como-implementarla-en-primaria-y-secundaria\/#breadcrumb","itemListElement":[{"@type":"ListItem","position":1,"name":"Portada","item":"https:\/\/webdelmaestrocmf.com\/portal\/"},{"@type":"ListItem","position":2,"name":"Recursos","item":"https:\/\/webdelmaestrocmf.com\/portal\/category\/pedagogia\/"},{"@type":"ListItem","position":3,"name":"Educaci\u00f3n emocional: descarga el cuaderno de regulaci\u00f3n emocional para primaria, herramientas pr\u00e1cticas para secundaria y una gu\u00eda completa para el docente"}]},{"@type":"WebSite","@id":"https:\/\/webdelmaestrocmf.com\/portal\/#website","url":"https:\/\/webdelmaestrocmf.com\/portal\/","name":"Web del Maestro CMF","description":"Maestros al servicio de la educaci\u00f3n","publisher":{"@id":"https:\/\/webdelmaestrocmf.com\/portal\/#organization"},"alternateName":"WMCMF","potentialAction":[{"@type":"SearchAction","target":{"@type":"EntryPoint","urlTemplate":"https:\/\/webdelmaestrocmf.com\/portal\/?s={search_term_string}"},"query-input":{"@type":"PropertyValueSpecification","valueRequired":true,"valueName":"search_term_string"}}],"inLanguage":"es"},{"@type":"Organization","@id":"https:\/\/webdelmaestrocmf.com\/portal\/#organization","name":"Web del Maestro CMF","alternateName":"WMCMF","url":"https:\/\/webdelmaestrocmf.com\/portal\/","logo":{"@type":"ImageObject","inLanguage":"es","@id":"https:\/\/webdelmaestrocmf.com\/portal\/#\/schema\/logo\/image\/","url":"https:\/\/webdelmaestrocmf.com\/portal\/wp-content\/uploads\/2023\/01\/logo-wmcmf-2.png","contentUrl":"https:\/\/webdelmaestrocmf.com\/portal\/wp-content\/uploads\/2023\/01\/logo-wmcmf-2.png","width":200,"height":60,"caption":"Web del Maestro CMF"},"image":{"@id":"https:\/\/webdelmaestrocmf.com\/portal\/#\/schema\/logo\/image\/"},"sameAs":["https:\/\/www.facebook.com\/WebdelMaestroCMF\/","https:\/\/x.com\/cmf_w","https:\/\/www.pinterest.com\/WMCMF\/","https:\/\/www.linkedin.com\/company\/web-del-maestro-cmf\/","https:\/\/www.instagram.com\/wmcmf\/","https:\/\/www.youtube.com\/channel\/UCDPSvjbdodE5sHnC3OxutHw","https:\/\/mastodon.social\/@wmcmf","https:\/\/www.tiktok.com\/@webdelmaestrocmf"]},{"@type":"Person","@id":"https:\/\/webdelmaestrocmf.com\/portal\/#\/schema\/person\/1072a2ed7bd960df8ef99a551fa35dc5","name":"Web del Maestro CMF","image":{"@type":"ImageObject","inLanguage":"es","@id":"https:\/\/secure.gravatar.com\/avatar\/23291dd5b5ae1077dcff3dbb04c3e02bd28403fa75af6d8787d5e97c5bbbe30b?s=96&d=mm&r=g","url":"https:\/\/secure.gravatar.com\/avatar\/23291dd5b5ae1077dcff3dbb04c3e02bd28403fa75af6d8787d5e97c5bbbe30b?s=96&d=mm&r=g","contentUrl":"https:\/\/secure.gravatar.com\/avatar\/23291dd5b5ae1077dcff3dbb04c3e02bd28403fa75af6d8787d5e97c5bbbe30b?s=96&d=mm&r=g","caption":"Web del Maestro CMF"},"description":"Esta Web se cre\u00f3 sin fines de lucro, con fines educativos, cient\u00edficos y acad\u00e9micos, para personas que tengan dificultades y\/o inconvenientes en visualizar el material original. El objetivo es entregar recursos, compartir experiencias y materiales que ayuden a los padres de familia, maestros y estudiantes en su actualizaci\u00f3n y formaci\u00f3n permanente, en bien de la Educaci\u00f3n.","sameAs":["http:\/\/webdelmaestrocmf.com\/portal","https:\/\/www.facebook.com\/WebdelMaestroCMF\/","https:\/\/www.instagram.com\/wmcmf\/","https:\/\/cl.linkedin.com\/company\/web-del-maestro-cmf","https:\/\/www.pinterest.com\/WMCMF\/publicaciones\/","https:\/\/x.com\/cmf_w","https:\/\/www.youtube.com\/@WMCMF"]}]}},"jetpack_featured_media_url":"https:\/\/webdelmaestrocmf.com\/portal\/wp-content\/uploads\/2026\/03\/1AA-Banner-1-portada-imagen-10-1-copia-1-6.webp","jetpack_sharing_enabled":true,"jetpack-related-posts":[{"id":28523,"url":"https:\/\/webdelmaestrocmf.com\/portal\/libro-para-docentes-y-psicologos-educacion-emocional-en-20-lecciones\/","url_meta":{"origin":98052,"position":0},"title":"Libro para docentes: Educaci\u00f3n emocional en 20 lecciones","author":"Web del Maestro CMF","date":"13 enero, 2024","format":false,"excerpt":"Educaci\u00f3n emocional en 20 lecciones es un libro del autor espa\u00f1ol Efra\u00edn Bartolom\u00e9, publicado en 2013. El libro est\u00e1 dirigido a un p\u00fablico general y tiene como objetivo ense\u00f1ar a las personas a gestionar sus emociones de forma saludable. El libro se divide en 20 lecciones, cada una de las\u2026","rel":"","context":"En \u00abLibros\u00bb","block_context":{"text":"Libros","link":"https:\/\/webdelmaestrocmf.com\/portal\/category\/pedagogia\/libros\/"},"img":{"alt_text":"libro Educaci\u00f3n emocional","src":"https:\/\/i0.wp.com\/webdelmaestrocmf.com\/portal\/wp-content\/uploads\/2021\/06\/Bannerdd-1-portada-imagen-0.jpg?resize=350%2C200&ssl=1","width":350,"height":200,"srcset":"https:\/\/i0.wp.com\/webdelmaestrocmf.com\/portal\/wp-content\/uploads\/2021\/06\/Bannerdd-1-portada-imagen-0.jpg?resize=350%2C200&ssl=1 1x, https:\/\/i0.wp.com\/webdelmaestrocmf.com\/portal\/wp-content\/uploads\/2021\/06\/Bannerdd-1-portada-imagen-0.jpg?resize=525%2C300&ssl=1 1.5x, https:\/\/i0.wp.com\/webdelmaestrocmf.com\/portal\/wp-content\/uploads\/2021\/06\/Bannerdd-1-portada-imagen-0.jpg?resize=700%2C400&ssl=1 2x"},"classes":[]},{"id":87524,"url":"https:\/\/webdelmaestrocmf.com\/portal\/105-fichas-de-actividades-sobre-educacion-emocional\/","url_meta":{"origin":98052,"position":1},"title":"Fichas de actividades sobre educaci\u00f3n emocional","author":"Web del Maestro CMF","date":"17 abril, 2023","format":false,"excerpt":"En un mundo en constante cambio, la importancia de la educaci\u00f3n emocional se ha vuelto cada vez m\u00e1s evidente. En busca de una mayor comprensi\u00f3n y equilibrio emocional, educadores, padres y cuidadores han recurrido a diversas estrategias para cultivar las habilidades emocionales en los ni\u00f1os y j\u00f3venes. En este contexto,\u2026","rel":"","context":"En \u00abEducaci\u00f3n Emocional\u00bb","block_context":{"text":"Educaci\u00f3n Emocional","link":"https:\/\/webdelmaestrocmf.com\/portal\/category\/pedagogia\/educacion-emocional\/"},"img":{"alt_text":"educaci\u00f3n emocional","src":"https:\/\/i0.wp.com\/webdelmaestrocmf.com\/portal\/wp-content\/uploads\/2023\/04\/A12B3C4D-6-3.jpg?resize=350%2C200&ssl=1","width":350,"height":200,"srcset":"https:\/\/i0.wp.com\/webdelmaestrocmf.com\/portal\/wp-content\/uploads\/2023\/04\/A12B3C4D-6-3.jpg?resize=350%2C200&ssl=1 1x, https:\/\/i0.wp.com\/webdelmaestrocmf.com\/portal\/wp-content\/uploads\/2023\/04\/A12B3C4D-6-3.jpg?resize=525%2C300&ssl=1 1.5x, https:\/\/i0.wp.com\/webdelmaestrocmf.com\/portal\/wp-content\/uploads\/2023\/04\/A12B3C4D-6-3.jpg?resize=700%2C400&ssl=1 2x"},"classes":[]},{"id":32223,"url":"https:\/\/webdelmaestrocmf.com\/portal\/libros-de-inteligencia-emocional-para-tutores-de-inicial-primaria-secundaria-y-bachiller-gratis\/","url_meta":{"origin":98052,"position":2},"title":"Libros sobre Inteligencia Emocional para tutores de inicial, primaria, secundaria y bachiller","author":"Web del Maestro CMF","date":"8 enero, 2020","format":false,"excerpt":"En el siglo XXI, el rol del profesor no se limita a la transmisi\u00f3n de conocimientos subido a un atril impartiendo clases magistrales, sino que los profesionales de la educaci\u00f3n actual deben promover\u00a0un nuevo perfil del docente\u00a0debido a los cambios sociales y econ\u00f3micos en los que estamos sumergidos. Para ello,\u2026","rel":"","context":"En \u00abInteligencia Emocional\u00bb","block_context":{"text":"Inteligencia Emocional","link":"https:\/\/webdelmaestrocmf.com\/portal\/category\/pedagogia\/inteligencia-emocional-educacion-y-familia\/"},"img":{"alt_text":"","src":"https:\/\/i0.wp.com\/webdelmaestrocmf.com\/portal\/wp-content\/uploads\/2020\/01\/1-16.jpg?resize=350%2C200&ssl=1","width":350,"height":200,"srcset":"https:\/\/i0.wp.com\/webdelmaestrocmf.com\/portal\/wp-content\/uploads\/2020\/01\/1-16.jpg?resize=350%2C200&ssl=1 1x, https:\/\/i0.wp.com\/webdelmaestrocmf.com\/portal\/wp-content\/uploads\/2020\/01\/1-16.jpg?resize=525%2C300&ssl=1 1.5x, https:\/\/i0.wp.com\/webdelmaestrocmf.com\/portal\/wp-content\/uploads\/2020\/01\/1-16.jpg?resize=700%2C400&ssl=1 2x, https:\/\/i0.wp.com\/webdelmaestrocmf.com\/portal\/wp-content\/uploads\/2020\/01\/1-16.jpg?resize=1050%2C600&ssl=1 3x"},"classes":[]},{"id":111092,"url":"https:\/\/webdelmaestrocmf.com\/portal\/colombia-crea-una-nueva-materia-obligatoria-educacion-emocional-sera-parte-del-curriculo-escolar\/","url_meta":{"origin":98052,"position":3},"title":"Colombia crea una nueva materia obligatoria: Educaci\u00f3n Emocional ser\u00e1 parte del curr\u00edculo escolar","author":"Web del Maestro CMF","date":"10 julio, 2025","format":false,"excerpt":"Por ley, todos los colegios del pa\u00eds deber\u00e1n incluir la asignatura desde preescolar hasta educaci\u00f3n media","rel":"","context":"En \u00abNoticias Internacionales\u00bb","block_context":{"text":"Noticias Internacionales","link":"https:\/\/webdelmaestrocmf.com\/portal\/category\/noticias-internacionales\/"},"img":{"alt_text":"","src":"https:\/\/i0.wp.com\/webdelmaestrocmf.com\/portal\/wp-content\/uploads\/2025\/07\/1A-Banner-1-portada-imagen-10-1-copia-37.webp?resize=350%2C200&ssl=1","width":350,"height":200,"srcset":"https:\/\/i0.wp.com\/webdelmaestrocmf.com\/portal\/wp-content\/uploads\/2025\/07\/1A-Banner-1-portada-imagen-10-1-copia-37.webp?resize=350%2C200&ssl=1 1x, https:\/\/i0.wp.com\/webdelmaestrocmf.com\/portal\/wp-content\/uploads\/2025\/07\/1A-Banner-1-portada-imagen-10-1-copia-37.webp?resize=525%2C300&ssl=1 1.5x, https:\/\/i0.wp.com\/webdelmaestrocmf.com\/portal\/wp-content\/uploads\/2025\/07\/1A-Banner-1-portada-imagen-10-1-copia-37.webp?resize=700%2C400&ssl=1 2x"},"classes":[]},{"id":21710,"url":"https:\/\/webdelmaestrocmf.com\/portal\/educacion-socioemocional-mejora-la-salud-mental-las-habilidades-sociales-los-resultados-academicos\/","url_meta":{"origin":98052,"position":4},"title":"Educaci\u00f3n socioemocional: mejora la salud mental, las habilidades sociales y los resultados acad\u00e9micos","author":"Web del Maestro CMF","date":"5 septiembre, 2017","format":false,"excerpt":"La educaci\u00f3n tiene hoy el gran reto de orientar hacia metas claras y capacitar para trabajar con otros, con una fuerte habilidad para autorregular emociones. Las habilidades sociales y emocionales que requerir\u00e1n los estudiantes para progresar en un contexto global hipercompetitivo e hiperexclusivo y excluyente, necesitan algo m\u00e1s que un\u2026","rel":"","context":"En \u00abYo opino - WMCMF\u00bb","block_context":{"text":"Yo opino - WMCMF","link":"https:\/\/webdelmaestrocmf.com\/portal\/category\/jamb\/"},"img":{"alt_text":"","src":"https:\/\/i0.wp.com\/webdelmaestrocmf.com\/portal\/wp-content\/uploads\/2017\/09\/A12B3C4D-2023-05-24T191731.935.jpg?resize=350%2C200&ssl=1","width":350,"height":200,"srcset":"https:\/\/i0.wp.com\/webdelmaestrocmf.com\/portal\/wp-content\/uploads\/2017\/09\/A12B3C4D-2023-05-24T191731.935.jpg?resize=350%2C200&ssl=1 1x, https:\/\/i0.wp.com\/webdelmaestrocmf.com\/portal\/wp-content\/uploads\/2017\/09\/A12B3C4D-2023-05-24T191731.935.jpg?resize=525%2C300&ssl=1 1.5x, https:\/\/i0.wp.com\/webdelmaestrocmf.com\/portal\/wp-content\/uploads\/2017\/09\/A12B3C4D-2023-05-24T191731.935.jpg?resize=700%2C400&ssl=1 2x"},"classes":[]},{"id":7270,"url":"https:\/\/webdelmaestrocmf.com\/portal\/un-educador-sin-conciencia-ni-competencia-emocional-proyecta-sus-emociones-no-resueltas\/","url_meta":{"origin":98052,"position":5},"title":"Eva Bach: Un educador sin conciencia ni competencia emocional proyecta sus emociones no resueltas","author":"Web del Maestro CMF","date":"24 septiembre, 2021","format":false,"excerpt":"La licenciada en Ciencias de la Educaci\u00f3n por la Universidad de Barcelona (Espa\u00f1a) Eva Bach Cobacho (1963) es Maestra, formadora de formadores, escritora, y es especialista en desarrollo personal, inteligencia emocional, comunicaci\u00f3n y relaciones interpersonales. Le apasionan la educaci\u00f3n y las relaciones humanas. Es profesora en varios postgrados universitarios y\u2026","rel":"","context":"En \u00abEntrevistas\u00bb","block_context":{"text":"Entrevistas","link":"https:\/\/webdelmaestrocmf.com\/portal\/category\/noticias\/entrevistas\/"},"img":{"alt_text":"","src":"https:\/\/i0.wp.com\/webdelmaestrocmf.com\/portal\/wp-content\/uploads\/2018\/02\/2-11.jpg?resize=350%2C200&ssl=1","width":350,"height":200,"srcset":"https:\/\/i0.wp.com\/webdelmaestrocmf.com\/portal\/wp-content\/uploads\/2018\/02\/2-11.jpg?resize=350%2C200&ssl=1 1x, https:\/\/i0.wp.com\/webdelmaestrocmf.com\/portal\/wp-content\/uploads\/2018\/02\/2-11.jpg?resize=525%2C300&ssl=1 1.5x, https:\/\/i0.wp.com\/webdelmaestrocmf.com\/portal\/wp-content\/uploads\/2018\/02\/2-11.jpg?resize=700%2C400&ssl=1 2x, https:\/\/i0.wp.com\/webdelmaestrocmf.com\/portal\/wp-content\/uploads\/2018\/02\/2-11.jpg?resize=1050%2C600&ssl=1 3x"},"classes":[]}],"_links":{"self":[{"href":"https:\/\/webdelmaestrocmf.com\/portal\/wp-json\/wp\/v2\/posts\/98052","targetHints":{"allow":["GET"]}}],"collection":[{"href":"https:\/\/webdelmaestrocmf.com\/portal\/wp-json\/wp\/v2\/posts"}],"about":[{"href":"https:\/\/webdelmaestrocmf.com\/portal\/wp-json\/wp\/v2\/types\/post"}],"author":[{"embeddable":true,"href":"https:\/\/webdelmaestrocmf.com\/portal\/wp-json\/wp\/v2\/users\/1"}],"replies":[{"embeddable":true,"href":"https:\/\/webdelmaestrocmf.com\/portal\/wp-json\/wp\/v2\/comments?post=98052"}],"version-history":[{"count":4,"href":"https:\/\/webdelmaestrocmf.com\/portal\/wp-json\/wp\/v2\/posts\/98052\/revisions"}],"predecessor-version":[{"id":118032,"href":"https:\/\/webdelmaestrocmf.com\/portal\/wp-json\/wp\/v2\/posts\/98052\/revisions\/118032"}],"wp:featuredmedia":[{"embeddable":true,"href":"https:\/\/webdelmaestrocmf.com\/portal\/wp-json\/wp\/v2\/media\/117155"}],"wp:attachment":[{"href":"https:\/\/webdelmaestrocmf.com\/portal\/wp-json\/wp\/v2\/media?parent=98052"}],"wp:term":[{"taxonomy":"category","embeddable":true,"href":"https:\/\/webdelmaestrocmf.com\/portal\/wp-json\/wp\/v2\/categories?post=98052"},{"taxonomy":"post_tag","embeddable":true,"href":"https:\/\/webdelmaestrocmf.com\/portal\/wp-json\/wp\/v2\/tags?post=98052"}],"curies":[{"name":"wp","href":"https:\/\/api.w.org\/{rel}","templated":true}]}}