{"id":97976,"date":"2023-10-19T11:10:54","date_gmt":"2023-10-19T14:10:54","guid":{"rendered":"https:\/\/webdelmaestrocmf.com\/portal\/?p=97976"},"modified":"2026-02-25T22:46:16","modified_gmt":"2026-02-26T01:46:16","slug":"como-crear-un-aula-de-pensamiento-critico-y-creativo","status":"publish","type":"post","link":"https:\/\/webdelmaestrocmf.com\/portal\/como-crear-un-aula-de-pensamiento-critico-y-creativo\/","title":{"rendered":"C\u00f3mo fomentar en el aula el pensamiento cr\u00edtico y creativo"},"content":{"rendered":"\n<p>La informaci\u00f3n digital, los ni\u00f1os y j\u00f3venes est\u00e1n expuestos constantemente a un flujo incesante de datos, provenientes de una variedad de fuentes, desde YouTube hasta Wikipedia. Ante este aluvi\u00f3n de informaci\u00f3n, es fundamental equipar a los estudiantes con las herramientas necesarias para analizar y discernir los contenidos a los que acceden. M\u00e1s importante a\u00fan, debemos cultivar su capacidad para ser aut\u00f3nomos intelectualmente y capaces de enfrentar cualquier contexto. Una v\u00eda efectiva para lograr esto es a trav\u00e9s del fomento del pensamiento cr\u00edtico en las escuelas y liceos.<\/p>\n\n\n\n<!--more-->\n\n\n\n<p>El pensamiento cr\u00edtico no es solo una habilidad valiosa, sino tambi\u00e9n esencial en el mundo actual. Seg\u00fan la Fundaci\u00f3n Chile, el pensamiento cr\u00edtico se define como \u00abel juicio autorregulado y con prop\u00f3sito que permite llevar a cabo un proceso disciplinado, activo e intelectualmente h\u00e1bil para la conceptualizaci\u00f3n, aplicaci\u00f3n, an\u00e1lisis, interpretaci\u00f3n, s\u00edntesis y\/o evaluaci\u00f3n, e inferencia, de informaci\u00f3n recolectada o generada, como gu\u00eda para la creencia y la acci\u00f3n\u00bb.<\/p>\n\n\n\n<p>Art\u00edculo relacionado: <a href=\"https:\/\/webdelmaestrocmf.com\/portal\/48-preguntas-para-fomentar-pensamiento-critico\/\" target=\"_top\" rel=\"noopener\">Preguntas para fomentar Pensamiento Cr\u00edtico<\/a><\/p>\n\n\n\n<h2 class=\"wp-block-heading\"><strong>Un pensador cr\u00edtico se distingue por diversas cualidades:<\/strong><\/h2>\n\n\n\n<ol class=\"wp-block-list\">\n<li><strong>Formular Preguntas Claras:<\/strong> Un pensador cr\u00edtico es inquisitivo y sabe c\u00f3mo formular preguntas relevantes.<\/li>\n\n\n\n<li><strong>Estar Bien Informado:<\/strong> Tiene la capacidad de acumular y evaluar informaci\u00f3n de manera efectiva, as\u00ed como de interpretarla correctamente.<\/li>\n\n\n\n<li><strong>Argumentar y Reconocer Sesgos:<\/strong> Puede argumentar sus juicios y opiniones de manera l\u00f3gica y es honesto con respecto a sus propios sesgos personales.<\/li>\n\n\n\n<li><strong>Mente Abierta:<\/strong> Es receptivo a nuevas ideas y conf\u00eda en la raz\u00f3n como gu\u00eda para la toma de decisiones.<\/li>\n\n\n\n<li><strong>Comunicaci\u00f3n Efectiva:<\/strong> Puede comunicar de manera efectiva su proceso de razonamiento, sus conclusiones y soluciones a los dem\u00e1s.<\/li>\n\n\n\n<li><strong>Disposici\u00f3n a Reconsiderar:<\/strong> Est\u00e1 dispuesto a reconsiderar y retractarse si es necesario, mostrando flexibilidad mental.<\/li>\n<\/ol>\n\n\n\n<h2 class=\"wp-block-heading\"><strong>\u00bfQu\u00e9 puede observar un docente cuando los estudiantes ponen en acci\u00f3n el pensamiento cr\u00edtico?<\/strong><\/h2>\n\n\n\n<p>Seg\u00fan los est\u00e1ndares de la Organizaci\u00f3n ISTE para Estudiantes, los alumnos ser\u00e1n capaces de:<\/p>\n\n\n\n<ul class=\"wp-block-list\">\n<li><strong>Identificar y Definir Problemas:<\/strong> Pueden identificar problemas y formular preguntas relevantes para la investigaci\u00f3n.<\/li>\n\n\n\n<li><strong>Planificar y Administrar Actividades:<\/strong> Tienen la capacidad de planificar y administrar actividades para resolver problemas o completar proyectos.<\/li>\n\n\n\n<li><strong>Obtener y Analizar Datos:<\/strong> Saben c\u00f3mo obtener y analizar datos para la toma de decisiones informadas.<\/li>\n\n\n\n<li><strong>Tomar Decisiones Informadas:<\/strong> Utilizan las herramientas y recursos adecuados para tomar decisiones basadas en datos y hechos.<\/li>\n<\/ul>\n\n\n\n<h2 class=\"wp-block-heading\"><strong>Aplicando en el Aula<\/strong><\/h2>\n\n\n\n<p>Si eres un docente interesado en desarrollar el pensamiento cr\u00edtico en tu sala de clases, aqu\u00ed hay algunas acciones que puedes considerar:<\/p>\n\n\n\n<ol class=\"wp-block-list\">\n<li><strong>Fomenta Valores Cr\u00edticos:<\/strong> Crea un aula que incentive valores como la verdad, mentalidad abierta, empat\u00eda, racionalidad, autonom\u00eda y autocr\u00edtica.<\/li>\n\n\n\n<li><strong>Promueve la Expresi\u00f3n:<\/strong> Proporciona un ambiente donde los estudiantes puedan describir y explorar sus propias creencias, expresar libremente sus sentimientos y comunicar sus opiniones.<\/li>\n\n\n\n<li><strong>Claridad en Objetivos:<\/strong> Explica los prop\u00f3sitos, la metodolog\u00eda y las formas de evaluaci\u00f3n de los objetivos de aprendizaje antes de comenzar las clases.<\/li>\n\n\n\n<li><strong>Fomenta el Debate:<\/strong> Anima el debate en voz alta para que los alumnos desarrollen confianza en su capacidad de razonamiento y expresi\u00f3n de ideas.<\/li>\n\n\n\n<li><strong>Menos Exposici\u00f3n, M\u00e1s Pensamiento:<\/strong> Evita la exposici\u00f3n excesiva y da m\u00e1s espacio al pensamiento cr\u00edtico de los estudiantes.<\/li>\n\n\n\n<li><strong>Ense\u00f1a a Procesar la Informaci\u00f3n:<\/strong> Ens\u00e9\u00f1ales c\u00f3mo leer, analizar y procesar la informaci\u00f3n en lugar de hacerlo por ellos.<\/li>\n\n\n\n<li><strong>Complejidad y Diversidad:<\/strong> Presenta temas complejos junto con sus conceptos y posibles problemas a resolver, fomentando el pensamiento cr\u00edtico.<\/li>\n\n\n\n<li><strong>Inclusi\u00f3n de Todos:<\/strong> Fortalece los puntos de vista ofreciendo la palabra a quienes no levantan la mano y pidiendo a los dem\u00e1s sintetizar lo que dicen.<\/li>\n\n\n\n<li><strong>Retroalimentaci\u00f3n Constructiva:<\/strong> Ofrece retroalimentaci\u00f3n constante para guiar el desarrollo del pensamiento cr\u00edtico.<\/li>\n\n\n\n<li><strong>Comunicaci\u00f3n del Razonamiento:<\/strong> Incentiva a los estudiantes a comunicar su razonamiento y conclusiones finales de manera efectiva.<\/li>\n<\/ol>\n\n\n\n<div class=\"field__item\" style=\"text-align: justify;\">\n<div class=\"paragraph paragraph--type--seccion-plantilla paragraph--view-mode--default\">\n<div class=\"paragraph--wrapper\">\n<h2 class=\"seccion-plantilla field__item\" style=\"text-align: left;\"><strong>Componentes e indicadores<\/strong><\/h2>\n<\/div>\n<\/div>\n<\/div>\n\n\n\n<div class=\"field__item\" style=\"text-align: justify;\">\n<div class=\"paragraph paragraph--type--solo-texto paragraph--view-mode--default\">\n<div class=\"paragraph--wrapper\">\n<div class=\"clearfix text-formatted field field--name-field-descripcion field--type-text-with-summary field--label-hidden field__items\">\n<div class=\"field__item\">\n<p>El&nbsp;pensamiento cr\u00edtico&nbsp;se compone de los siguientes conocimientos, habilidades y actitudes.<\/p>\n<table border=\"1\" cellspacing=\"1\" cellpadding=\"1\">\n<thead>\n<tr>\n<th scope=\"col\">CONOCIMIENTOS<br>(LO QUE S\u00c9)<\/th>\n<th scope=\"col\">HABILIDADES<br>(LO QUE S\u00c9 HACER CON LO QUE S\u00c9)<\/th>\n<th scope=\"col\">ACTITUDES<br>(COMO ME COMPORTO EN EL MUNDO CON LO QUE S\u00c9 HACER)<\/th>\n<\/tr>\n<\/thead>\n<tbody>\n<tr>\n<td class=\"text-align-justify\">Integraci\u00f3n de manera clara de los estudiantes de una investigaci\u00f3n<\/td>\n<td>\n<p class=\"text-align-justify\">Determinar la manera en que los elementos de un sistema interact\u00faan entre s\u00ed para producir los resultados observados en dicho sistema<\/p>\n<\/td>\n<td class=\"text-align-justify\">Considera y eval\u00faa diversos puntos de vista<\/td>\n<\/tr>\n<tr>\n<td class=\"text-align-justify\">Manejo de sistemas y estrategias para enfrentarse a problemas desconocidos<\/td>\n<td class=\"text-align-justify\">Examina e identifica ideas, producir resultados generales y analizar argumentos<\/td>\n<td class=\"text-align-justify\">Reflexiona acerca de las experiencias y procesos de aprendizaje.<\/td>\n<\/tr>\n<tr>\n<td class=\"text-align-justify\">Comprensi\u00f3n de la importancia que tiene la evidencia en la formaci\u00f3n de una creencia<\/td>\n<td class=\"text-align-justify\">Sintetiza y establece conexiones entre la informaci\u00f3n y los argumentos<\/td>\n<td class=\"text-align-justify\">Utiliza sus reflexiones para tomar decisiones<\/td>\n<\/tr>\n<tr>\n<td>\n<p class=\"text-align-justify\">Revisi\u00f3n de ideas cuando aparece evidencia que no est\u00e1 de acuerdo con ella.<\/p>\n<\/td>\n<td class=\"text-align-justify\">Interpreta informaci\u00f3n y obtiene conclusiones basadas en un an\u00e1lisis.<\/td>\n<td class=\"text-align-justify\">Es receptivo a soluciones innovadoras y modos no convencionales de solucionar problemas.<\/td>\n<\/tr>\n<tr>\n<td class=\"text-align-justify\">Identificaci\u00f3n de vac\u00edos en el conocimiento<\/td>\n<td class=\"text-align-justify\">Eval\u00faa afirmaciones y argumentos<\/td>\n<td class=\"text-align-justify\">Formula preguntas con sentido que tiendan a aclarar los distintos puntos de vista y conduzcan a una mejor soluci\u00f3n.<\/td>\n<\/tr>\n<tr>\n<td class=\"text-align-justify\">Formulaci\u00f3n de preguntas que aclaren los distintos puntos de vista y conduzcan a una soluci\u00f3n mejorada.<\/td>\n<td class=\"text-align-justify\">Considera evidencia y supuestos alternativos para obtener conclusiones.<\/td>\n<td class=\"text-align-justify\">Conf\u00eda en su razonamiento.<\/td>\n<\/tr>\n<tr>\n<td class=\"text-align-justify\">&nbsp;<\/td>\n<td class=\"text-align-justify\">Establece resultados, justifica procedimientos y expone argumentos.<\/td>\n<td class=\"text-align-justify\">Es inquisitivo y se preocupa por estar bien informado.<\/td>\n<\/tr>\n<tr>\n<td class=\"text-align-justify\">&nbsp;<\/td>\n<td class=\"text-align-justify\">Utiliza razonamiento inductivo o deductivo de acuerdo a la situaci\u00f3n planteada.<\/td>\n<td class=\"text-align-justify\">Es receptivo y equilibrado.<\/td>\n<\/tr>\n<tr>\n<td class=\"text-align-justify\">&nbsp;<\/td>\n<td class=\"text-align-justify\">&nbsp;<\/td>\n<td class=\"text-align-justify\">Eval\u00faa de manera honesta sus propias preferencias.<\/td>\n<\/tr>\n<tr>\n<td class=\"text-align-justify\">&nbsp;<\/td>\n<td class=\"text-align-justify\">&nbsp;<\/td>\n<td class=\"text-align-justify\">Est\u00e1 dispuesto a reconsiderar o revisar sus ideas cuando sea necesario.<\/td>\n<\/tr>\n<\/tbody>\n<\/table>\n<\/div>\n<\/div>\n<\/div>\n<\/div>\n<\/div>\n\n\n\n<p>Los docentes pueden fomentar el pensamiento cr\u00edtico en el aula haciendo preguntas que desaf\u00eden a los estudiantes a pensar de manera m\u00e1s profunda y reflexiva. Estas preguntas deben ser abiertas, desafiantes y que no tengan una respuesta \u00fanica.<\/p>\n\n\n\n<p>Art\u00edculo relacionado: <a href=\"https:\/\/webdelmaestrocmf.com\/portal\/como-hacer-que-los-alumnos-desarrollen-la-creatividad\/\" target=\"_top\" rel=\"noopener\">C\u00f3mo hacer que los alumnos desarrollen la creatividad sin limitarlos<\/a>,<\/p>\n\n\n\n<h5 class=\"wp-block-heading\"><strong>Qu\u00e9 debe tener en consideraci\u00f3n el docente al formular preguntas para fomentar el pensamiento cr\u00edtico:<\/strong><\/h5>\n\n\n\n<ul class=\"wp-block-list\">\n<li><strong>El nivel de desarrollo de los estudiantes:<\/strong>\u00a0Las preguntas deben ser adecuadas para el nivel de comprensi\u00f3n de los estudiantes.<\/li>\n\n\n\n<li><strong>Los objetivos de aprendizaje:<\/strong>\u00a0Las preguntas deben estar alineadas con los objetivos de aprendizaje de la lecci\u00f3n.<\/li>\n\n\n\n<li><strong>El contexto:<\/strong>\u00a0Las preguntas deben ser relevantes para el tema que se est\u00e1 estudiando.<\/li>\n<\/ul>\n\n\n\n<h5 class=\"wp-block-heading\"><strong>En qu\u00e9 momentos debe hacer el docente las preguntas:<\/strong><\/h5>\n\n\n\n<ul class=\"wp-block-list\">\n<li><strong>Al inicio de la lecci\u00f3n:<\/strong>\u00a0Las preguntas pueden ayudar a los estudiantes a comprender los conceptos b\u00e1sicos del tema.<\/li>\n\n\n\n<li><strong>Durante la lecci\u00f3n:<\/strong>\u00a0Las preguntas pueden ayudar a los estudiantes a profundizar su comprensi\u00f3n del tema.<\/li>\n\n\n\n<li><strong>Al final de la lecci\u00f3n:<\/strong>\u00a0Las preguntas pueden ayudar a los estudiantes a evaluar su propio aprendizaje.<\/li>\n<\/ul>\n\n\n\n<h5 class=\"wp-block-heading\"><strong>C\u00f3mo debe hacer el docente las preguntas:<\/strong><\/h5>\n\n\n\n<ul class=\"wp-block-list\">\n<li><strong>Debe esperar que los estudiantes respondan de manera reflexiva:<\/strong>\u00a0Las preguntas no deben tener una respuesta \u00fanica, sino que deben invitar a los estudiantes a pensar de manera cr\u00edtica.<\/li>\n\n\n\n<li><strong>Debe dar tiempo a los estudiantes para pensar:<\/strong>\u00a0Los estudiantes necesitan tiempo para procesar la informaci\u00f3n y formular sus respuestas.<\/li>\n\n\n\n<li><strong>Debe respetar las respuestas de los estudiantes:<\/strong>\u00a0Las respuestas de los estudiantes, incluso si son incorrectas, deben ser respetadas.<\/li>\n<\/ul>\n\n\n\n<h5 class=\"wp-block-heading\"><strong>Algunos ejemplos de preguntas para fomentar el pensamiento cr\u00edtico:<\/strong><\/h5>\n\n\n\n<ul class=\"wp-block-list\">\n<li>\u00bfQu\u00e9 evidencia hay para apoyar esa afirmaci\u00f3n?<\/li>\n\n\n\n<li>\u00bfQu\u00e9 otros puntos de vista hay sobre este tema?<\/li>\n\n\n\n<li>\u00bfC\u00f3mo podr\u00edas probar esa hip\u00f3tesis?<\/li>\n\n\n\n<li>\u00bfCu\u00e1les son las implicaciones de esta conclusi\u00f3n?<\/li>\n\n\n\n<li>\u00bfHay otras formas de resolver este problema?<\/li>\n<\/ul>\n\n\n\n<h5 class=\"wp-block-heading\"><strong>Ejemplos para Primaria y secundaria:&nbsp;<\/strong><\/h5>\n\n\n\n<p>Aqu\u00ed tienes un ejemplo de c\u00f3mo un docente puede fomentar el pensamiento cr\u00edtico en el aula en primaria y secundaria:<\/p>\n\n\n\n<p><strong>Ejemplo para primaria:<\/strong><\/p>\n\n\n\n<p><strong>Tema:<\/strong> Los animales<\/p>\n\n\n\n<p><strong>Objetivo de aprendizaje:<\/strong> Los estudiantes podr\u00e1n identificar los diferentes tipos de animales y sus caracter\u00edsticas.<\/p>\n\n\n\n<p><strong>Pregunta al inicio de la lecci\u00f3n:<\/strong> \u00bfQu\u00e9 sabes sobre los animales?<\/p>\n\n\n\n<p>Esta pregunta es abierta y desafiante, ya que invita a los estudiantes a pensar de manera reflexiva sobre lo que saben sobre los animales. El docente puede esperar que los estudiantes respondan con informaci\u00f3n que hayan aprendido en casa o en la escuela.<\/p>\n\n\n\n<p><strong>Pregunta durante la lecci\u00f3n:<\/strong> \u00bfPor qu\u00e9 crees que los animales tienen diferentes tipos de pelaje?<\/p>\n\n\n\n<p>Esta pregunta es desafiante, ya que pide a los estudiantes que piensen en las causas de un fen\u00f3meno natural. El docente puede esperar que los estudiantes respondan con hip\u00f3tesis que puedan ser probadas o refutadas con evidencia.<\/p>\n\n\n\n<p><strong>Pregunta al final de la lecci\u00f3n:<\/strong> \u00bfC\u00f3mo crees que los animales se adaptan a su entorno?<\/p>\n\n\n\n<p>Esta pregunta es abierta, ya que invita a los estudiantes a pensar de manera creativa sobre c\u00f3mo los animales sobreviven en la naturaleza. El docente puede esperar que los estudiantes respondan con diferentes ideas, que pueden ser discutidas y evaluadas.<\/p>\n\n\n\n<p><strong>Ejemplo para secundaria:<\/strong><\/p>\n\n\n\n<p><strong>Tema:<\/strong> La Revoluci\u00f3n Francesa<\/p>\n\n\n\n<p><strong>Objetivo de aprendizaje:<\/strong> Los estudiantes podr\u00e1n analizar las causas y consecuencias de la Revoluci\u00f3n Francesa.<\/p>\n\n\n\n<p><strong>Pregunta al inicio de la lecci\u00f3n:<\/strong> \u00bfQu\u00e9 sabes sobre la Revoluci\u00f3n Francesa?<\/p>\n\n\n\n<p>Esta pregunta es abierta y desafiante, ya que invita a los estudiantes a pensar de manera reflexiva sobre un evento hist\u00f3rico complejo. El docente puede esperar que los estudiantes respondan con informaci\u00f3n general sobre la Revoluci\u00f3n Francesa.<\/p>\n\n\n\n<p><strong>Pregunta durante la lecci\u00f3n:<\/strong> \u00bfPor qu\u00e9 crees que la Revoluci\u00f3n Francesa fue un evento tan importante?<\/p>\n\n\n\n<p>Esta pregunta es desafiante, ya que pide a los estudiantes que piensen en las causas y consecuencias de un evento hist\u00f3rico. El docente puede esperar que los estudiantes respondan con argumentos que pueden ser apoyados con evidencia.<\/p>\n\n\n\n<p><strong>Pregunta al final de la lecci\u00f3n:<\/strong> \u00bfQu\u00e9 lecciones podemos aprender de la Revoluci\u00f3n Francesa?<\/p>\n\n\n\n<p>Esta pregunta es abierta, ya que invita a los estudiantes a pensar de manera cr\u00edtica sobre un evento hist\u00f3rico. El docente puede esperar que los estudiantes respondan con diferentes ideas, que pueden ser discutidas y evaluadas.<\/p>\n\n\n\n<figure class=\"wp-block-image\"><img loading=\"lazy\" decoding=\"async\" width=\"800\" height=\"418\" src=\"https:\/\/webdelmaestrocmf.com\/portal\/wp-content\/uploads\/2023\/10\/AF6QYNmoW0AA4t6-18-1.jpg\" alt=\"pensamiento cr\u00edtico\" class=\"wp-image-97978\" srcset=\"https:\/\/webdelmaestrocmf.com\/portal\/wp-content\/uploads\/2023\/10\/AF6QYNmoW0AA4t6-18-1.jpg 800w, https:\/\/webdelmaestrocmf.com\/portal\/wp-content\/uploads\/2023\/10\/AF6QYNmoW0AA4t6-18-1-300x157.jpg 300w, https:\/\/webdelmaestrocmf.com\/portal\/wp-content\/uploads\/2023\/10\/AF6QYNmoW0AA4t6-18-1-768x401.jpg 768w, https:\/\/webdelmaestrocmf.com\/portal\/wp-content\/uploads\/2023\/10\/AF6QYNmoW0AA4t6-18-1-380x199.jpg 380w, https:\/\/webdelmaestrocmf.com\/portal\/wp-content\/uploads\/2023\/10\/AF6QYNmoW0AA4t6-18-1-550x287.jpg 550w\" sizes=\"auto, (max-width: 800px) 100vw, 800px\" \/><\/figure>\n\n\n\n<p><\/p>\n\n\n\n<p>Estos son solo algunos ejemplos de c\u00f3mo los docentes pueden fomentar el pensamiento cr\u00edtico en el aula. Es importante que los docentes sean flexibles y adapten sus preguntas a las necesidades y al nivel de desarrollo de sus estudiantes.<\/p>\n\n\n\n<p>En conclusi\u00f3n, el pensamiento cr\u00edtico es una habilidad esencial para la vida en la era de la informaci\u00f3n. Los educadores desempe\u00f1an un papel fundamental en el fomento de esta habilidad, preparando a los estudiantes para analizar, cuestionar y tomar decisiones informadas en un mundo lleno de datos y opiniones. El cultivo del pensamiento cr\u00edtico no solo les servir\u00e1 en el aula, sino que tambi\u00e9n ser\u00e1 una habilidad invaluable en sus vidas cotidianas y futuras carreras.<\/p>\n\n\n\n<p><iframe loading=\"lazy\" src=\"https:\/\/drive.google.com\/file\/d\/1bQ4QjqpadAQljhZ4ecKG0jVCD5biZ19B\/preview\" width=\"100%\" height=\"400\"><span data-mce-type=\"bookmark\" style=\"display: inline-block; width: 0px; overflow: hidden; line-height: 0;\" class=\"mce_SELRES_start\">\ufeff<\/span><\/iframe><\/p>\n\n\n\n<iframe loading=\"lazy\" src=\"https:\/\/drive.google.com\/file\/d\/1CHK_L6Nuda6pLfphnQDhec8AkYTaqEK6\/preview\" width=\"100%\" height=\"600\"><\/iframe>\n\n\n\n<iframe loading=\"lazy\" src=\"https:\/\/drive.google.com\/file\/d\/1_ggFAbOyf31-BmPVjD3S8T8AyOqHt7US\/preview\" width=\"100%\" height=\"600\"><\/iframe>\n\n\n\n<p class=\"has-text-align-right\"><strong>Redacci\u00f3n | Web del Maestro CMF<\/strong><\/p>\n\n\n\n<p class=\"has-text-align-center\"><strong>ENLACE DE LECTURA:<\/strong> <a href=\"https:\/\/drive.google.com\/drive\/folders\/1QsFetIE0kPR6t7j5FnYLBq5HbYUWP-Cs?usp=sharing\" target=\"_blank\" rel=\"noopener\">GU\u00cdAS PENSAMIENTO CR\u00cdTICO EN LAS AULAS<\/a> | <\/p>\n\n\n\t\t<div class=\"pk-inline-posts\">\n\t\t\t\n\t\t\t<div class=\"pk-inline-posts-container pk-inline-posts-template-list\"\n\t\t\t\tdata-columns=\"1\">\n\t\t\t\t\t\t<article id=\"post-118056\" class=\"post-118056 post type-post status-publish format-standard has-post-thumbnail category-juegos category-pensamiento-critico category-pedagogia tag-ajedrez-educativo tag-aprendizaje tag-crianza tag-desarrollo-cognitivo tag-docentes tag-educacion-infantil tag-habilidades-emocionales tag-neuroeducacion tag-pensamiento-critico-2 tag-uso-de-pantallas cs-entry cs-video-wrap\">\n\t\t\t<div class=\"pk-post-outer\">\n\n\t\t\t\t\t\t\t\t<div class=\"pk-post-inner\">\n\t\t\t\t\t<div class=\"entry-thumbnail\">\n\t\t\t\t\t\t<div class=\"pk-overlay pk-overlay-ratio pk-ratio-landscape\">\n\t\t\t\t\t\t\t<div class=\"pk-overlay-background\">\n\t\t\t\t\t\t\t\t<a href=\"https:\/\/webdelmaestrocmf.com\/portal\/padres-cambien-el-movil-la-tablet-y-la-playstation-por-el-ajedrez-u-otros-juegos-que-desarrollen-la-creatividad-el-pensamiento-critico-la-estrategia-y-el-pensamiento-lateral\/\" class=\"pk-overlay-link\">\n\t\t\t\t\t\t\t\t\t<img loading=\"lazy\" decoding=\"async\" width=\"300\" height=\"225\" src=\"https:\/\/webdelmaestrocmf.com\/portal\/wp-content\/uploads\/2026\/04\/1AA-Banner-1-portada-imagen-10-1-copia-3-4-300x225.webp\" class=\"attachment-pk-thumbnail size-pk-thumbnail wp-post-image\" alt=\"\" \/>\t\t\t\t\t\t\t\t<\/a>\n\t\t\t\t\t\t\t<\/div>\n\t\t\t\t\t\t<\/div>\n\t\t\t\t\t<\/div>\n\t\t\t\t<\/div>\n\t\t\t\t\n\t\t\t\t<div class=\"pk-post-inner\">\n\t\t\t\t\t<header>\n\t\t\t\t\t\t<h3 class=\"pk-title\"><a href=\"https:\/\/webdelmaestrocmf.com\/portal\/padres-cambien-el-movil-la-tablet-y-la-playstation-por-el-ajedrez-u-otros-juegos-que-desarrollen-la-creatividad-el-pensamiento-critico-la-estrategia-y-el-pensamiento-lateral\/\" rel=\"bookmark\">Padres: cambien el m\u00f3vil, la tablet y la PlayStation por el ajedrez u otros juegos que desarrollen la creatividad, el pensamiento cr\u00edtico, la estrategia y el pensamiento lateral<\/a><\/h3>\t\t\t\t\t<\/header><!-- .entry-header -->\n\t\t\t\t<\/div><!-- .post-inner -->\n\n\t\t\t<\/div><!-- .post-outer -->\n\t\t<\/article>\n\t\t\t<article id=\"post-67762\" class=\"post-67762 post type-post status-publish format-standard has-post-thumbnail category-pensamiento-critico category-pedagogia tag-alumnos tag-critico tag-fomentar-pensamiento tag-preguntas cs-entry cs-video-wrap\">\n\t\t\t<div class=\"pk-post-outer\">\n\n\t\t\t\t\t\t\t\t<div class=\"pk-post-inner\">\n\t\t\t\t\t<div class=\"entry-thumbnail\">\n\t\t\t\t\t\t<div class=\"pk-overlay pk-overlay-ratio pk-ratio-landscape\">\n\t\t\t\t\t\t\t<div class=\"pk-overlay-background\">\n\t\t\t\t\t\t\t\t<a href=\"https:\/\/webdelmaestrocmf.com\/portal\/50-preguntas-para-fomentar-pensamiento-critico-en-los-alumnos\/\" class=\"pk-overlay-link\">\n\t\t\t\t\t\t\t\t\t<img loading=\"lazy\" decoding=\"async\" width=\"300\" height=\"225\" src=\"https:\/\/webdelmaestrocmf.com\/portal\/wp-content\/uploads\/2025\/10\/Descarga-gratis-las-Actividades-de-Estimulacion-Cognitiva-con-Fichas2-300x225.png\" class=\"attachment-pk-thumbnail size-pk-thumbnail wp-post-image\" alt=\"\" \/>\t\t\t\t\t\t\t\t<\/a>\n\t\t\t\t\t\t\t<\/div>\n\t\t\t\t\t\t<\/div>\n\t\t\t\t\t<\/div>\n\t\t\t\t<\/div>\n\t\t\t\t\n\t\t\t\t<div class=\"pk-post-inner\">\n\t\t\t\t\t<header>\n\t\t\t\t\t\t<h3 class=\"pk-title\"><a href=\"https:\/\/webdelmaestrocmf.com\/portal\/50-preguntas-para-fomentar-pensamiento-critico-en-los-alumnos\/\" rel=\"bookmark\">50 preguntas para fomentar Pensamiento Cr\u00edtico en los alumnos: descarga el manual del Pensamiento cr\u00edtico<\/a><\/h3>\t\t\t\t\t<\/header><!-- .entry-header -->\n\t\t\t\t<\/div><!-- .post-inner -->\n\n\t\t\t<\/div><!-- .post-outer -->\n\t\t<\/article>\n\t\t\t<article id=\"post-111600\" class=\"post-111600 post type-post status-publish format-standard has-post-thumbnail category-pensamiento-critico category-pedagogia category-taxonomia-de-bloom tag-pensamiento-critico-2 tag-taxonomia-de-bloom cs-entry cs-video-wrap\">\n\t\t\t<div class=\"pk-post-outer\">\n\n\t\t\t\t\t\t\t\t<div class=\"pk-post-inner\">\n\t\t\t\t\t<div class=\"entry-thumbnail\">\n\t\t\t\t\t\t<div class=\"pk-overlay pk-overlay-ratio pk-ratio-landscape\">\n\t\t\t\t\t\t\t<div class=\"pk-overlay-background\">\n\t\t\t\t\t\t\t\t<a href=\"https:\/\/webdelmaestrocmf.com\/portal\/6-claves-para-desarrollar-el-pensamiento-critico-en-el-aula-segun-la-taxonomia-de-bloom\/\" class=\"pk-overlay-link\">\n\t\t\t\t\t\t\t\t\t<img loading=\"lazy\" decoding=\"async\" width=\"300\" height=\"225\" src=\"https:\/\/webdelmaestrocmf.com\/portal\/wp-content\/uploads\/2025\/07\/1A-Banner-1-portada-imagen-10-1-copia-2-1-300x225.webp\" class=\"attachment-pk-thumbnail size-pk-thumbnail wp-post-image\" alt=\"\" \/>\t\t\t\t\t\t\t\t<\/a>\n\t\t\t\t\t\t\t<\/div>\n\t\t\t\t\t\t<\/div>\n\t\t\t\t\t<\/div>\n\t\t\t\t<\/div>\n\t\t\t\t\n\t\t\t\t<div class=\"pk-post-inner\">\n\t\t\t\t\t<header>\n\t\t\t\t\t\t<h3 class=\"pk-title\"><a href=\"https:\/\/webdelmaestrocmf.com\/portal\/6-claves-para-desarrollar-el-pensamiento-critico-en-el-aula-segun-la-taxonomia-de-bloom\/\" rel=\"bookmark\">6 claves para desarrollar el pensamiento cr\u00edtico en el aula seg\u00fan la taxonom\u00eda de Bloom<\/a><\/h3>\t\t\t\t\t<\/header><!-- .entry-header -->\n\t\t\t\t<\/div><!-- .post-inner -->\n\n\t\t\t<\/div><!-- .post-outer -->\n\t\t<\/article>\n\t\t\t\t<\/div>\n\t\t<\/div>\n\t\t\n","protected":false},"excerpt":{"rendered":"La informaci\u00f3n digital, los ni\u00f1os y j\u00f3venes est\u00e1n expuestos constantemente a un flujo incesante de datos, provenientes de&hellip;","protected":false},"author":1,"featured_media":104068,"comment_status":"open","ping_status":"closed","sticky":false,"template":"","format":"standard","meta":{"csco_display_header_overlay":false,"csco_singular_sidebar":"","csco_page_header_type":"","csco_page_load_nextpost":"","csco_post_video_location":[],"csco_post_video_location_hash":"","csco_post_video_url":"","csco_post_video_bg_start_time":0,"csco_post_video_bg_end_time":0,"csco_post_video_bg_volume":false,"_jetpack_memberships_contains_paid_content":false,"footnotes":""},"categories":[13792,735],"tags":[596,2483,358,2121,3988],"class_list":{"0":"post-97976","1":"post","2":"type-post","3":"status-publish","4":"format-standard","5":"has-post-thumbnail","7":"category-pensamiento-critico","8":"category-pedagogia","9":"tag-aula","10":"tag-creativo","11":"tag-desarrollar","12":"tag-guia","13":"tag-pensamiento-critico","14":"cs-entry","15":"cs-video-wrap"},"yoast_head":"<!-- This site is optimized with the Yoast SEO plugin v27.5 - https:\/\/yoast.com\/product\/yoast-seo-wordpress\/ -->\n<title>C\u00f3mo fomentar en el aula el pensamiento cr\u00edtico y creativo - 2026<\/title>\n<meta name=\"description\" content=\"Una v\u00eda efectiva para lograr esto es a trav\u00e9s del fomento del pensamiento cr\u00edtico en las escuelas y liceos.\" \/>\n<meta name=\"robots\" content=\"index, follow, max-snippet:-1, max-image-preview:large, max-video-preview:-1\" \/>\n<link rel=\"canonical\" href=\"https:\/\/webdelmaestrocmf.com\/portal\/como-crear-un-aula-de-pensamiento-critico-y-creativo\/\" \/>\n<meta property=\"og:locale\" content=\"es_ES\" \/>\n<meta property=\"og:type\" content=\"article\" \/>\n<meta property=\"og:title\" content=\"C\u00f3mo fomentar en el aula el pensamiento cr\u00edtico y creativo - 2026\" \/>\n<meta property=\"og:description\" content=\"Una v\u00eda efectiva para lograr esto es a trav\u00e9s del fomento del pensamiento cr\u00edtico en las escuelas y liceos.\" \/>\n<meta property=\"og:url\" content=\"https:\/\/webdelmaestrocmf.com\/portal\/como-crear-un-aula-de-pensamiento-critico-y-creativo\/\" \/>\n<meta property=\"og:site_name\" content=\"Web del Maestro CMF\" \/>\n<meta property=\"article:publisher\" content=\"https:\/\/www.facebook.com\/WebdelMaestroCMF\/\" \/>\n<meta property=\"article:author\" content=\"https:\/\/www.facebook.com\/WebdelMaestroCMF\/\" \/>\n<meta property=\"article:published_time\" content=\"2023-10-19T14:10:54+00:00\" \/>\n<meta property=\"article:modified_time\" content=\"2026-02-26T01:46:16+00:00\" \/>\n<meta property=\"og:image\" content=\"https:\/\/webdelmaestrocmf.com\/portal\/wp-content\/uploads\/2023\/10\/Banner-1-portada-imagen-10-1-17.jpg\" \/>\n\t<meta property=\"og:image:width\" content=\"1024\" \/>\n\t<meta property=\"og:image:height\" content=\"1024\" \/>\n\t<meta property=\"og:image:type\" content=\"image\/jpeg\" \/>\n<meta name=\"author\" content=\"Web del Maestro CMF\" \/>\n<meta name=\"twitter:card\" content=\"summary_large_image\" \/>\n<meta name=\"twitter:creator\" content=\"@cmf_w\" \/>\n<meta name=\"twitter:site\" content=\"@cmf_w\" \/>\n<script type=\"application\/ld+json\" class=\"yoast-schema-graph\">{\"@context\":\"https:\\\/\\\/schema.org\",\"@graph\":[{\"@type\":\"ScholarlyArticle\",\"@id\":\"https:\\\/\\\/webdelmaestrocmf.com\\\/portal\\\/como-crear-un-aula-de-pensamiento-critico-y-creativo\\\/#article\",\"isPartOf\":{\"@id\":\"https:\\\/\\\/webdelmaestrocmf.com\\\/portal\\\/como-crear-un-aula-de-pensamiento-critico-y-creativo\\\/\"},\"author\":{\"name\":\"Web del Maestro CMF\",\"@id\":\"https:\\\/\\\/webdelmaestrocmf.com\\\/portal\\\/#\\\/schema\\\/person\\\/1072a2ed7bd960df8ef99a551fa35dc5\"},\"headline\":\"C\u00f3mo fomentar en el aula el pensamiento cr\u00edtico y creativo\",\"datePublished\":\"2023-10-19T14:10:54+00:00\",\"dateModified\":\"2026-02-26T01:46:16+00:00\",\"mainEntityOfPage\":{\"@id\":\"https:\\\/\\\/webdelmaestrocmf.com\\\/portal\\\/como-crear-un-aula-de-pensamiento-critico-y-creativo\\\/\"},\"wordCount\":1864,\"commentCount\":1,\"publisher\":{\"@id\":\"https:\\\/\\\/webdelmaestrocmf.com\\\/portal\\\/#organization\"},\"image\":{\"@id\":\"https:\\\/\\\/webdelmaestrocmf.com\\\/portal\\\/como-crear-un-aula-de-pensamiento-critico-y-creativo\\\/#primaryimage\"},\"thumbnailUrl\":\"https:\\\/\\\/webdelmaestrocmf.com\\\/portal\\\/wp-content\\\/uploads\\\/2023\\\/10\\\/Banner-1-portada-imagen-10-1-17.jpg\",\"keywords\":[\"aula\",\"CREATIVO\",\"DESARROLLAR\",\"GU\u00cdA\",\"PENSAMIENTO CR\u00cdTICO\"],\"articleSection\":[\"Pensamiento critico\",\"Recursos\"],\"inLanguage\":\"es\",\"potentialAction\":[{\"@type\":\"CommentAction\",\"name\":\"Comment\",\"target\":[\"https:\\\/\\\/webdelmaestrocmf.com\\\/portal\\\/como-crear-un-aula-de-pensamiento-critico-y-creativo\\\/#respond\"]}]},{\"@type\":\"WebPage\",\"@id\":\"https:\\\/\\\/webdelmaestrocmf.com\\\/portal\\\/como-crear-un-aula-de-pensamiento-critico-y-creativo\\\/\",\"url\":\"https:\\\/\\\/webdelmaestrocmf.com\\\/portal\\\/como-crear-un-aula-de-pensamiento-critico-y-creativo\\\/\",\"name\":\"C\u00f3mo fomentar en el aula el pensamiento cr\u00edtico y creativo - 2026\",\"isPartOf\":{\"@id\":\"https:\\\/\\\/webdelmaestrocmf.com\\\/portal\\\/#website\"},\"primaryImageOfPage\":{\"@id\":\"https:\\\/\\\/webdelmaestrocmf.com\\\/portal\\\/como-crear-un-aula-de-pensamiento-critico-y-creativo\\\/#primaryimage\"},\"image\":{\"@id\":\"https:\\\/\\\/webdelmaestrocmf.com\\\/portal\\\/como-crear-un-aula-de-pensamiento-critico-y-creativo\\\/#primaryimage\"},\"thumbnailUrl\":\"https:\\\/\\\/webdelmaestrocmf.com\\\/portal\\\/wp-content\\\/uploads\\\/2023\\\/10\\\/Banner-1-portada-imagen-10-1-17.jpg\",\"datePublished\":\"2023-10-19T14:10:54+00:00\",\"dateModified\":\"2026-02-26T01:46:16+00:00\",\"description\":\"Una v\u00eda efectiva para lograr esto es a trav\u00e9s del fomento del pensamiento cr\u00edtico en las escuelas y liceos.\",\"breadcrumb\":{\"@id\":\"https:\\\/\\\/webdelmaestrocmf.com\\\/portal\\\/como-crear-un-aula-de-pensamiento-critico-y-creativo\\\/#breadcrumb\"},\"inLanguage\":\"es\",\"potentialAction\":[{\"@type\":\"ReadAction\",\"target\":[\"https:\\\/\\\/webdelmaestrocmf.com\\\/portal\\\/como-crear-un-aula-de-pensamiento-critico-y-creativo\\\/\"]}]},{\"@type\":\"ImageObject\",\"inLanguage\":\"es\",\"@id\":\"https:\\\/\\\/webdelmaestrocmf.com\\\/portal\\\/como-crear-un-aula-de-pensamiento-critico-y-creativo\\\/#primaryimage\",\"url\":\"https:\\\/\\\/webdelmaestrocmf.com\\\/portal\\\/wp-content\\\/uploads\\\/2023\\\/10\\\/Banner-1-portada-imagen-10-1-17.jpg\",\"contentUrl\":\"https:\\\/\\\/webdelmaestrocmf.com\\\/portal\\\/wp-content\\\/uploads\\\/2023\\\/10\\\/Banner-1-portada-imagen-10-1-17.jpg\",\"width\":1024,\"height\":1024},{\"@type\":\"BreadcrumbList\",\"@id\":\"https:\\\/\\\/webdelmaestrocmf.com\\\/portal\\\/como-crear-un-aula-de-pensamiento-critico-y-creativo\\\/#breadcrumb\",\"itemListElement\":[{\"@type\":\"ListItem\",\"position\":1,\"name\":\"Portada\",\"item\":\"https:\\\/\\\/webdelmaestrocmf.com\\\/portal\\\/\"},{\"@type\":\"ListItem\",\"position\":2,\"name\":\"Recursos\",\"item\":\"https:\\\/\\\/webdelmaestrocmf.com\\\/portal\\\/category\\\/pedagogia\\\/\"},{\"@type\":\"ListItem\",\"position\":3,\"name\":\"Pensamiento critico\",\"item\":\"https:\\\/\\\/webdelmaestrocmf.com\\\/portal\\\/category\\\/pedagogia\\\/pensamiento-critico\\\/\"},{\"@type\":\"ListItem\",\"position\":4,\"name\":\"C\u00f3mo fomentar en el aula el pensamiento cr\u00edtico y creativo\"}]},{\"@type\":\"WebSite\",\"@id\":\"https:\\\/\\\/webdelmaestrocmf.com\\\/portal\\\/#website\",\"url\":\"https:\\\/\\\/webdelmaestrocmf.com\\\/portal\\\/\",\"name\":\"Web del Maestro CMF\",\"description\":\"Maestros al servicio de la educaci\u00f3n\",\"publisher\":{\"@id\":\"https:\\\/\\\/webdelmaestrocmf.com\\\/portal\\\/#organization\"},\"alternateName\":\"WMCMF\",\"potentialAction\":[{\"@type\":\"SearchAction\",\"target\":{\"@type\":\"EntryPoint\",\"urlTemplate\":\"https:\\\/\\\/webdelmaestrocmf.com\\\/portal\\\/?s={search_term_string}\"},\"query-input\":{\"@type\":\"PropertyValueSpecification\",\"valueRequired\":true,\"valueName\":\"search_term_string\"}}],\"inLanguage\":\"es\"},{\"@type\":\"Organization\",\"@id\":\"https:\\\/\\\/webdelmaestrocmf.com\\\/portal\\\/#organization\",\"name\":\"Web del Maestro CMF\",\"alternateName\":\"WMCMF\",\"url\":\"https:\\\/\\\/webdelmaestrocmf.com\\\/portal\\\/\",\"logo\":{\"@type\":\"ImageObject\",\"inLanguage\":\"es\",\"@id\":\"https:\\\/\\\/webdelmaestrocmf.com\\\/portal\\\/#\\\/schema\\\/logo\\\/image\\\/\",\"url\":\"https:\\\/\\\/webdelmaestrocmf.com\\\/portal\\\/wp-content\\\/uploads\\\/2023\\\/01\\\/logo-wmcmf-2.png\",\"contentUrl\":\"https:\\\/\\\/webdelmaestrocmf.com\\\/portal\\\/wp-content\\\/uploads\\\/2023\\\/01\\\/logo-wmcmf-2.png\",\"width\":200,\"height\":60,\"caption\":\"Web del Maestro CMF\"},\"image\":{\"@id\":\"https:\\\/\\\/webdelmaestrocmf.com\\\/portal\\\/#\\\/schema\\\/logo\\\/image\\\/\"},\"sameAs\":[\"https:\\\/\\\/www.facebook.com\\\/WebdelMaestroCMF\\\/\",\"https:\\\/\\\/x.com\\\/cmf_w\",\"https:\\\/\\\/www.pinterest.com\\\/WMCMF\\\/\",\"https:\\\/\\\/www.linkedin.com\\\/company\\\/web-del-maestro-cmf\\\/\",\"https:\\\/\\\/www.instagram.com\\\/wmcmf\\\/\",\"https:\\\/\\\/www.youtube.com\\\/channel\\\/UCDPSvjbdodE5sHnC3OxutHw\",\"https:\\\/\\\/mastodon.social\\\/@wmcmf\",\"https:\\\/\\\/www.tiktok.com\\\/@webdelmaestrocmf\"]},{\"@type\":\"Person\",\"@id\":\"https:\\\/\\\/webdelmaestrocmf.com\\\/portal\\\/#\\\/schema\\\/person\\\/1072a2ed7bd960df8ef99a551fa35dc5\",\"name\":\"Web del Maestro CMF\",\"image\":{\"@type\":\"ImageObject\",\"inLanguage\":\"es\",\"@id\":\"https:\\\/\\\/secure.gravatar.com\\\/avatar\\\/23291dd5b5ae1077dcff3dbb04c3e02bd28403fa75af6d8787d5e97c5bbbe30b?s=96&d=mm&r=g\",\"url\":\"https:\\\/\\\/secure.gravatar.com\\\/avatar\\\/23291dd5b5ae1077dcff3dbb04c3e02bd28403fa75af6d8787d5e97c5bbbe30b?s=96&d=mm&r=g\",\"contentUrl\":\"https:\\\/\\\/secure.gravatar.com\\\/avatar\\\/23291dd5b5ae1077dcff3dbb04c3e02bd28403fa75af6d8787d5e97c5bbbe30b?s=96&d=mm&r=g\",\"caption\":\"Web del Maestro CMF\"},\"description\":\"Esta Web se cre\u00f3 sin fines de lucro, con fines educativos, cient\u00edficos y acad\u00e9micos, para personas que tengan dificultades y\\\/o inconvenientes en visualizar el material original. El objetivo es entregar recursos, compartir experiencias y materiales que ayuden a los padres de familia, maestros y estudiantes en su actualizaci\u00f3n y formaci\u00f3n permanente, en bien de la Educaci\u00f3n.\",\"sameAs\":[\"http:\\\/\\\/webdelmaestrocmf.com\\\/portal\",\"https:\\\/\\\/www.facebook.com\\\/WebdelMaestroCMF\\\/\",\"https:\\\/\\\/www.instagram.com\\\/wmcmf\\\/\",\"https:\\\/\\\/cl.linkedin.com\\\/company\\\/web-del-maestro-cmf\",\"https:\\\/\\\/www.pinterest.com\\\/WMCMF\\\/publicaciones\\\/\",\"https:\\\/\\\/x.com\\\/cmf_w\",\"https:\\\/\\\/www.youtube.com\\\/@WMCMF\"]}]}<\/script>\n<!-- \/ Yoast SEO plugin. -->","yoast_head_json":{"title":"C\u00f3mo fomentar en el aula el pensamiento cr\u00edtico y creativo - 2026","description":"Una v\u00eda efectiva para lograr esto es a trav\u00e9s del fomento del pensamiento cr\u00edtico en las escuelas y liceos.","robots":{"index":"index","follow":"follow","max-snippet":"max-snippet:-1","max-image-preview":"max-image-preview:large","max-video-preview":"max-video-preview:-1"},"canonical":"https:\/\/webdelmaestrocmf.com\/portal\/como-crear-un-aula-de-pensamiento-critico-y-creativo\/","og_locale":"es_ES","og_type":"article","og_title":"C\u00f3mo fomentar en el aula el pensamiento cr\u00edtico y creativo - 2026","og_description":"Una v\u00eda efectiva para lograr esto es a trav\u00e9s del fomento del pensamiento cr\u00edtico en las escuelas y liceos.","og_url":"https:\/\/webdelmaestrocmf.com\/portal\/como-crear-un-aula-de-pensamiento-critico-y-creativo\/","og_site_name":"Web del Maestro CMF","article_publisher":"https:\/\/www.facebook.com\/WebdelMaestroCMF\/","article_author":"https:\/\/www.facebook.com\/WebdelMaestroCMF\/","article_published_time":"2023-10-19T14:10:54+00:00","article_modified_time":"2026-02-26T01:46:16+00:00","og_image":[{"width":1024,"height":1024,"url":"https:\/\/webdelmaestrocmf.com\/portal\/wp-content\/uploads\/2023\/10\/Banner-1-portada-imagen-10-1-17.jpg","type":"image\/jpeg"}],"author":"Web del Maestro CMF","twitter_card":"summary_large_image","twitter_creator":"@cmf_w","twitter_site":"@cmf_w","schema":{"@context":"https:\/\/schema.org","@graph":[{"@type":"ScholarlyArticle","@id":"https:\/\/webdelmaestrocmf.com\/portal\/como-crear-un-aula-de-pensamiento-critico-y-creativo\/#article","isPartOf":{"@id":"https:\/\/webdelmaestrocmf.com\/portal\/como-crear-un-aula-de-pensamiento-critico-y-creativo\/"},"author":{"name":"Web del Maestro CMF","@id":"https:\/\/webdelmaestrocmf.com\/portal\/#\/schema\/person\/1072a2ed7bd960df8ef99a551fa35dc5"},"headline":"C\u00f3mo fomentar en el aula el pensamiento cr\u00edtico y creativo","datePublished":"2023-10-19T14:10:54+00:00","dateModified":"2026-02-26T01:46:16+00:00","mainEntityOfPage":{"@id":"https:\/\/webdelmaestrocmf.com\/portal\/como-crear-un-aula-de-pensamiento-critico-y-creativo\/"},"wordCount":1864,"commentCount":1,"publisher":{"@id":"https:\/\/webdelmaestrocmf.com\/portal\/#organization"},"image":{"@id":"https:\/\/webdelmaestrocmf.com\/portal\/como-crear-un-aula-de-pensamiento-critico-y-creativo\/#primaryimage"},"thumbnailUrl":"https:\/\/webdelmaestrocmf.com\/portal\/wp-content\/uploads\/2023\/10\/Banner-1-portada-imagen-10-1-17.jpg","keywords":["aula","CREATIVO","DESARROLLAR","GU\u00cdA","PENSAMIENTO CR\u00cdTICO"],"articleSection":["Pensamiento critico","Recursos"],"inLanguage":"es","potentialAction":[{"@type":"CommentAction","name":"Comment","target":["https:\/\/webdelmaestrocmf.com\/portal\/como-crear-un-aula-de-pensamiento-critico-y-creativo\/#respond"]}]},{"@type":"WebPage","@id":"https:\/\/webdelmaestrocmf.com\/portal\/como-crear-un-aula-de-pensamiento-critico-y-creativo\/","url":"https:\/\/webdelmaestrocmf.com\/portal\/como-crear-un-aula-de-pensamiento-critico-y-creativo\/","name":"C\u00f3mo fomentar en el aula el pensamiento cr\u00edtico y creativo - 2026","isPartOf":{"@id":"https:\/\/webdelmaestrocmf.com\/portal\/#website"},"primaryImageOfPage":{"@id":"https:\/\/webdelmaestrocmf.com\/portal\/como-crear-un-aula-de-pensamiento-critico-y-creativo\/#primaryimage"},"image":{"@id":"https:\/\/webdelmaestrocmf.com\/portal\/como-crear-un-aula-de-pensamiento-critico-y-creativo\/#primaryimage"},"thumbnailUrl":"https:\/\/webdelmaestrocmf.com\/portal\/wp-content\/uploads\/2023\/10\/Banner-1-portada-imagen-10-1-17.jpg","datePublished":"2023-10-19T14:10:54+00:00","dateModified":"2026-02-26T01:46:16+00:00","description":"Una v\u00eda efectiva para lograr esto es a trav\u00e9s del fomento del pensamiento cr\u00edtico en las escuelas y liceos.","breadcrumb":{"@id":"https:\/\/webdelmaestrocmf.com\/portal\/como-crear-un-aula-de-pensamiento-critico-y-creativo\/#breadcrumb"},"inLanguage":"es","potentialAction":[{"@type":"ReadAction","target":["https:\/\/webdelmaestrocmf.com\/portal\/como-crear-un-aula-de-pensamiento-critico-y-creativo\/"]}]},{"@type":"ImageObject","inLanguage":"es","@id":"https:\/\/webdelmaestrocmf.com\/portal\/como-crear-un-aula-de-pensamiento-critico-y-creativo\/#primaryimage","url":"https:\/\/webdelmaestrocmf.com\/portal\/wp-content\/uploads\/2023\/10\/Banner-1-portada-imagen-10-1-17.jpg","contentUrl":"https:\/\/webdelmaestrocmf.com\/portal\/wp-content\/uploads\/2023\/10\/Banner-1-portada-imagen-10-1-17.jpg","width":1024,"height":1024},{"@type":"BreadcrumbList","@id":"https:\/\/webdelmaestrocmf.com\/portal\/como-crear-un-aula-de-pensamiento-critico-y-creativo\/#breadcrumb","itemListElement":[{"@type":"ListItem","position":1,"name":"Portada","item":"https:\/\/webdelmaestrocmf.com\/portal\/"},{"@type":"ListItem","position":2,"name":"Recursos","item":"https:\/\/webdelmaestrocmf.com\/portal\/category\/pedagogia\/"},{"@type":"ListItem","position":3,"name":"Pensamiento critico","item":"https:\/\/webdelmaestrocmf.com\/portal\/category\/pedagogia\/pensamiento-critico\/"},{"@type":"ListItem","position":4,"name":"C\u00f3mo fomentar en el aula el pensamiento cr\u00edtico y creativo"}]},{"@type":"WebSite","@id":"https:\/\/webdelmaestrocmf.com\/portal\/#website","url":"https:\/\/webdelmaestrocmf.com\/portal\/","name":"Web del Maestro CMF","description":"Maestros al servicio de la educaci\u00f3n","publisher":{"@id":"https:\/\/webdelmaestrocmf.com\/portal\/#organization"},"alternateName":"WMCMF","potentialAction":[{"@type":"SearchAction","target":{"@type":"EntryPoint","urlTemplate":"https:\/\/webdelmaestrocmf.com\/portal\/?s={search_term_string}"},"query-input":{"@type":"PropertyValueSpecification","valueRequired":true,"valueName":"search_term_string"}}],"inLanguage":"es"},{"@type":"Organization","@id":"https:\/\/webdelmaestrocmf.com\/portal\/#organization","name":"Web del Maestro CMF","alternateName":"WMCMF","url":"https:\/\/webdelmaestrocmf.com\/portal\/","logo":{"@type":"ImageObject","inLanguage":"es","@id":"https:\/\/webdelmaestrocmf.com\/portal\/#\/schema\/logo\/image\/","url":"https:\/\/webdelmaestrocmf.com\/portal\/wp-content\/uploads\/2023\/01\/logo-wmcmf-2.png","contentUrl":"https:\/\/webdelmaestrocmf.com\/portal\/wp-content\/uploads\/2023\/01\/logo-wmcmf-2.png","width":200,"height":60,"caption":"Web del Maestro CMF"},"image":{"@id":"https:\/\/webdelmaestrocmf.com\/portal\/#\/schema\/logo\/image\/"},"sameAs":["https:\/\/www.facebook.com\/WebdelMaestroCMF\/","https:\/\/x.com\/cmf_w","https:\/\/www.pinterest.com\/WMCMF\/","https:\/\/www.linkedin.com\/company\/web-del-maestro-cmf\/","https:\/\/www.instagram.com\/wmcmf\/","https:\/\/www.youtube.com\/channel\/UCDPSvjbdodE5sHnC3OxutHw","https:\/\/mastodon.social\/@wmcmf","https:\/\/www.tiktok.com\/@webdelmaestrocmf"]},{"@type":"Person","@id":"https:\/\/webdelmaestrocmf.com\/portal\/#\/schema\/person\/1072a2ed7bd960df8ef99a551fa35dc5","name":"Web del Maestro CMF","image":{"@type":"ImageObject","inLanguage":"es","@id":"https:\/\/secure.gravatar.com\/avatar\/23291dd5b5ae1077dcff3dbb04c3e02bd28403fa75af6d8787d5e97c5bbbe30b?s=96&d=mm&r=g","url":"https:\/\/secure.gravatar.com\/avatar\/23291dd5b5ae1077dcff3dbb04c3e02bd28403fa75af6d8787d5e97c5bbbe30b?s=96&d=mm&r=g","contentUrl":"https:\/\/secure.gravatar.com\/avatar\/23291dd5b5ae1077dcff3dbb04c3e02bd28403fa75af6d8787d5e97c5bbbe30b?s=96&d=mm&r=g","caption":"Web del Maestro CMF"},"description":"Esta Web se cre\u00f3 sin fines de lucro, con fines educativos, cient\u00edficos y acad\u00e9micos, para personas que tengan dificultades y\/o inconvenientes en visualizar el material original. El objetivo es entregar recursos, compartir experiencias y materiales que ayuden a los padres de familia, maestros y estudiantes en su actualizaci\u00f3n y formaci\u00f3n permanente, en bien de la Educaci\u00f3n.","sameAs":["http:\/\/webdelmaestrocmf.com\/portal","https:\/\/www.facebook.com\/WebdelMaestroCMF\/","https:\/\/www.instagram.com\/wmcmf\/","https:\/\/cl.linkedin.com\/company\/web-del-maestro-cmf","https:\/\/www.pinterest.com\/WMCMF\/publicaciones\/","https:\/\/x.com\/cmf_w","https:\/\/www.youtube.com\/@WMCMF"]}]}},"jetpack_featured_media_url":"https:\/\/webdelmaestrocmf.com\/portal\/wp-content\/uploads\/2023\/10\/Banner-1-portada-imagen-10-1-17.jpg","jetpack_sharing_enabled":true,"jetpack-related-posts":[{"id":107926,"url":"https:\/\/webdelmaestrocmf.com\/portal\/lo-que-se-quiere-es-que-la-ia-no-sustituya-la-capacidad-de-pensamiento-critico-de-los-estudiantes\/","url_meta":{"origin":97976,"position":0},"title":"Lo que se quiere es que la IA no sustituya la capacidad de pensamiento cr\u00edtico de los estudiantes","author":"Web del Maestro CMF","date":"10 febrero, 2025","format":false,"excerpt":"La Inteligencia Artificial ha irrumpido en la educaci\u00f3n con un impacto irreversible. Su uso en el aula puede potenciar el aprendizaje, pero tambi\u00e9n puede despojar a los estudiantes de su capacidad de pensar de manera cr\u00edtica y creativa. Como docentes, la pregunta no es si la IA debe estar presente\u2026","rel":"","context":"En \u00abIA\u00bb","block_context":{"text":"IA","link":"https:\/\/webdelmaestrocmf.com\/portal\/category\/tecnologia\/ia\/"},"img":{"alt_text":"","src":"https:\/\/i0.wp.com\/webdelmaestrocmf.com\/portal\/wp-content\/uploads\/2025\/02\/1A-Banner-1-portada-imagen-10-1-63.jpg?resize=350%2C200&ssl=1","width":350,"height":200,"srcset":"https:\/\/i0.wp.com\/webdelmaestrocmf.com\/portal\/wp-content\/uploads\/2025\/02\/1A-Banner-1-portada-imagen-10-1-63.jpg?resize=350%2C200&ssl=1 1x, https:\/\/i0.wp.com\/webdelmaestrocmf.com\/portal\/wp-content\/uploads\/2025\/02\/1A-Banner-1-portada-imagen-10-1-63.jpg?resize=525%2C300&ssl=1 1.5x, https:\/\/i0.wp.com\/webdelmaestrocmf.com\/portal\/wp-content\/uploads\/2025\/02\/1A-Banner-1-portada-imagen-10-1-63.jpg?resize=700%2C400&ssl=1 2x"},"classes":[]},{"id":84599,"url":"https:\/\/webdelmaestrocmf.com\/portal\/pensamiento-critico-y-creatividad-en-el-aula-consejos-para-despertar-el-espiritu-critico\/","url_meta":{"origin":97976,"position":1},"title":"Pensamiento cr\u00edtico y creatividad en el aula: consejos para despertar el esp\u00edritu cr\u00edtico","author":"Web del Maestro CMF","date":"23 noviembre, 2024","format":false,"excerpt":"Durante el aprendizaje de un idioma, no solo se deben de trabajar\u00a0competencias comunicativas\u00a0que permitan al alumno comunicarse de forma eficaz en esa lengua extranjera. Hay otra serie de habilidades que contribuyen a que ese aprendizaje sea m\u00e1s efectivo a corto plazo. Hablamos del\u00a0pensamiento cr\u00edtico en el aula o critical thinking.\u2026","rel":"","context":"En \u00abAprendizaje basado en pensamiento\u00bb","block_context":{"text":"Aprendizaje basado en pensamiento","link":"https:\/\/webdelmaestrocmf.com\/portal\/category\/pedagogia\/aprendizaje-basado-en-pensamiento\/"},"img":{"alt_text":"","src":"https:\/\/i0.wp.com\/webdelmaestrocmf.com\/portal\/wp-content\/uploads\/2023\/02\/2-4.jpg?resize=350%2C200&ssl=1","width":350,"height":200,"srcset":"https:\/\/i0.wp.com\/webdelmaestrocmf.com\/portal\/wp-content\/uploads\/2023\/02\/2-4.jpg?resize=350%2C200&ssl=1 1x, https:\/\/i0.wp.com\/webdelmaestrocmf.com\/portal\/wp-content\/uploads\/2023\/02\/2-4.jpg?resize=525%2C300&ssl=1 1.5x, https:\/\/i0.wp.com\/webdelmaestrocmf.com\/portal\/wp-content\/uploads\/2023\/02\/2-4.jpg?resize=700%2C400&ssl=1 2x"},"classes":[]},{"id":111600,"url":"https:\/\/webdelmaestrocmf.com\/portal\/6-claves-para-desarrollar-el-pensamiento-critico-en-el-aula-segun-la-taxonomia-de-bloom\/","url_meta":{"origin":97976,"position":2},"title":"6 claves para desarrollar el pensamiento cr\u00edtico en el aula seg\u00fan la taxonom\u00eda de Bloom","author":"Web del Maestro CMF","date":"29 julio, 2025","format":false,"excerpt":"Una gu\u00eda pr\u00e1ctica para que los docentes desarrollen habilidades cognitivas y pensamiento cr\u00edtico en sus estudiantes, paso a paso.","rel":"","context":"En \u00abPensamiento critico\u00bb","block_context":{"text":"Pensamiento critico","link":"https:\/\/webdelmaestrocmf.com\/portal\/category\/pedagogia\/pensamiento-critico\/"},"img":{"alt_text":"","src":"https:\/\/i0.wp.com\/webdelmaestrocmf.com\/portal\/wp-content\/uploads\/2025\/07\/1A-Banner-1-portada-imagen-10-1-copia-2-1.webp?resize=350%2C200&ssl=1","width":350,"height":200,"srcset":"https:\/\/i0.wp.com\/webdelmaestrocmf.com\/portal\/wp-content\/uploads\/2025\/07\/1A-Banner-1-portada-imagen-10-1-copia-2-1.webp?resize=350%2C200&ssl=1 1x, https:\/\/i0.wp.com\/webdelmaestrocmf.com\/portal\/wp-content\/uploads\/2025\/07\/1A-Banner-1-portada-imagen-10-1-copia-2-1.webp?resize=525%2C300&ssl=1 1.5x, https:\/\/i0.wp.com\/webdelmaestrocmf.com\/portal\/wp-content\/uploads\/2025\/07\/1A-Banner-1-portada-imagen-10-1-copia-2-1.webp?resize=700%2C400&ssl=1 2x"},"classes":[]},{"id":99656,"url":"https:\/\/webdelmaestrocmf.com\/portal\/fomentando-el-pensamiento-critico-en-el-aula-con-chatgpt\/","url_meta":{"origin":97976,"position":3},"title":"Fomentando el Pensamiento Cr\u00edtico en el Aula con ChatGPT","author":"Web del Maestro CMF","date":"9 noviembre, 2023","format":false,"excerpt":"El pensamiento cr\u00edtico es fundamental en la educaci\u00f3n contempor\u00e1nea. En este art\u00edculo, exploraremos c\u00f3mo utilizar ChatGPT en el aula para promover el desarrollo de estas habilidades en los estudiantes, potenciando su capacidad para analizar, evaluar y cuestionar la informaci\u00f3n de manera reflexiva. En esta oportunidad, exploramos nueve emocionantes formas de\u2026","rel":"","context":"En \u00abChatGPT\u00bb","block_context":{"text":"ChatGPT","link":"https:\/\/webdelmaestrocmf.com\/portal\/category\/tecnologia\/chatgpt\/"},"img":{"alt_text":"Pensamiento Cr\u00edtico con ChatGPT","src":"https:\/\/i0.wp.com\/webdelmaestrocmf.com\/portal\/wp-content\/uploads\/2023\/11\/A12B3C4D-24.jpg?resize=350%2C200&ssl=1","width":350,"height":200,"srcset":"https:\/\/i0.wp.com\/webdelmaestrocmf.com\/portal\/wp-content\/uploads\/2023\/11\/A12B3C4D-24.jpg?resize=350%2C200&ssl=1 1x, https:\/\/i0.wp.com\/webdelmaestrocmf.com\/portal\/wp-content\/uploads\/2023\/11\/A12B3C4D-24.jpg?resize=525%2C300&ssl=1 1.5x, https:\/\/i0.wp.com\/webdelmaestrocmf.com\/portal\/wp-content\/uploads\/2023\/11\/A12B3C4D-24.jpg?resize=700%2C400&ssl=1 2x"},"classes":[]},{"id":112588,"url":"https:\/\/webdelmaestrocmf.com\/portal\/descarga-el-manual-de-tipos-de-pensamiento-una-herramienta-para-reflexionar-y-ensenar-mejor\/","url_meta":{"origin":97976,"position":4},"title":"Descarga el Manual de Tipos de Pensamiento: Una herramienta para reflexionar y ense\u00f1ar mejor","author":"Web del Maestro CMF","date":"25 marzo, 2026","format":false,"excerpt":"El manual re\u00fane 33 tipos de pensamiento que ayudan a los docentes a ense\u00f1ar, reflexionar y desarrollar inteligencia cr\u00edtica y creativa.","rel":"","context":"En \u00abLibros\u00bb","block_context":{"text":"Libros","link":"https:\/\/webdelmaestrocmf.com\/portal\/category\/pedagogia\/libros\/"},"img":{"alt_text":"","src":"https:\/\/i0.wp.com\/webdelmaestrocmf.com\/portal\/wp-content\/uploads\/2026\/03\/1AA-Banner-1-portada-imagen-10-1-copia-4-3.webp?resize=350%2C200&ssl=1","width":350,"height":200,"srcset":"https:\/\/i0.wp.com\/webdelmaestrocmf.com\/portal\/wp-content\/uploads\/2026\/03\/1AA-Banner-1-portada-imagen-10-1-copia-4-3.webp?resize=350%2C200&ssl=1 1x, https:\/\/i0.wp.com\/webdelmaestrocmf.com\/portal\/wp-content\/uploads\/2026\/03\/1AA-Banner-1-portada-imagen-10-1-copia-4-3.webp?resize=525%2C300&ssl=1 1.5x, https:\/\/i0.wp.com\/webdelmaestrocmf.com\/portal\/wp-content\/uploads\/2026\/03\/1AA-Banner-1-portada-imagen-10-1-copia-4-3.webp?resize=700%2C400&ssl=1 2x, https:\/\/i0.wp.com\/webdelmaestrocmf.com\/portal\/wp-content\/uploads\/2026\/03\/1AA-Banner-1-portada-imagen-10-1-copia-4-3.webp?resize=1050%2C600&ssl=1 3x"},"classes":[]},{"id":89451,"url":"https:\/\/webdelmaestrocmf.com\/portal\/como-evaluar-el-pensamiento-critico-como-medir-y-evaluar-las-habilidades-de-los-estudiantes\/","url_meta":{"origin":97976,"position":5},"title":"C\u00f3mo evaluar el pensamiento cr\u00edtico","author":"Web del Maestro CMF","date":"14 noviembre, 2023","format":false,"excerpt":"El pensamiento cr\u00edtico es un proceso mental que implica analizar, evaluar y cuestionar de manera objetiva la informaci\u00f3n, los argumentos y las ideas que se presentan. Se trata de una habilidad cognitiva que permite tomar decisiones informadas, resolver problemas, formar opiniones fundamentadas y desarrollar un razonamiento l\u00f3gico. Durante el aprendizaje\u2026","rel":"","context":"En \u00abPensamiento critico\u00bb","block_context":{"text":"Pensamiento critico","link":"https:\/\/webdelmaestrocmf.com\/portal\/category\/pedagogia\/pensamiento-critico\/"},"img":{"alt_text":"","src":"https:\/\/i0.wp.com\/webdelmaestrocmf.com\/portal\/wp-content\/uploads\/2023\/04\/Banner-1-portada-imagen-10-54.jpg?resize=350%2C200&ssl=1","width":350,"height":200,"srcset":"https:\/\/i0.wp.com\/webdelmaestrocmf.com\/portal\/wp-content\/uploads\/2023\/04\/Banner-1-portada-imagen-10-54.jpg?resize=350%2C200&ssl=1 1x, https:\/\/i0.wp.com\/webdelmaestrocmf.com\/portal\/wp-content\/uploads\/2023\/04\/Banner-1-portada-imagen-10-54.jpg?resize=525%2C300&ssl=1 1.5x, https:\/\/i0.wp.com\/webdelmaestrocmf.com\/portal\/wp-content\/uploads\/2023\/04\/Banner-1-portada-imagen-10-54.jpg?resize=700%2C400&ssl=1 2x"},"classes":[]}],"_links":{"self":[{"href":"https:\/\/webdelmaestrocmf.com\/portal\/wp-json\/wp\/v2\/posts\/97976","targetHints":{"allow":["GET"]}}],"collection":[{"href":"https:\/\/webdelmaestrocmf.com\/portal\/wp-json\/wp\/v2\/posts"}],"about":[{"href":"https:\/\/webdelmaestrocmf.com\/portal\/wp-json\/wp\/v2\/types\/post"}],"author":[{"embeddable":true,"href":"https:\/\/webdelmaestrocmf.com\/portal\/wp-json\/wp\/v2\/users\/1"}],"replies":[{"embeddable":true,"href":"https:\/\/webdelmaestrocmf.com\/portal\/wp-json\/wp\/v2\/comments?post=97976"}],"version-history":[{"count":1,"href":"https:\/\/webdelmaestrocmf.com\/portal\/wp-json\/wp\/v2\/posts\/97976\/revisions"}],"predecessor-version":[{"id":115564,"href":"https:\/\/webdelmaestrocmf.com\/portal\/wp-json\/wp\/v2\/posts\/97976\/revisions\/115564"}],"wp:featuredmedia":[{"embeddable":true,"href":"https:\/\/webdelmaestrocmf.com\/portal\/wp-json\/wp\/v2\/media\/104068"}],"wp:attachment":[{"href":"https:\/\/webdelmaestrocmf.com\/portal\/wp-json\/wp\/v2\/media?parent=97976"}],"wp:term":[{"taxonomy":"category","embeddable":true,"href":"https:\/\/webdelmaestrocmf.com\/portal\/wp-json\/wp\/v2\/categories?post=97976"},{"taxonomy":"post_tag","embeddable":true,"href":"https:\/\/webdelmaestrocmf.com\/portal\/wp-json\/wp\/v2\/tags?post=97976"}],"curies":[{"name":"wp","href":"https:\/\/api.w.org\/{rel}","templated":true}]}}