{"id":97939,"date":"2023-10-18T23:37:58","date_gmt":"2023-10-19T02:37:58","guid":{"rendered":"https:\/\/webdelmaestrocmf.com\/portal\/?p=97939"},"modified":"2024-01-21T18:21:19","modified_gmt":"2024-01-21T21:21:19","slug":"los-diez-rasgos-del-perfil-del-egresado-de-la-nueva-escuela-mexicana-nem","status":"publish","type":"post","link":"https:\/\/webdelmaestrocmf.com\/portal\/los-diez-rasgos-del-perfil-del-egresado-de-la-nueva-escuela-mexicana-nem\/","title":{"rendered":"Los diez rasgos del perfil del alumno egresado de la NEM"},"content":{"rendered":"<p style=\"text-align: justify;\"><strong>La educaci\u00f3n es un pilar fundamental en la formaci\u00f3n de ciudadanos responsables y comprometidos con su comunidad y el mundo. En M\u00e9xico, la Nueva Escuela Mexicana (NEM) ha establecido un conjunto de diez rasgos que definen el perfil del egresado de la educaci\u00f3n b\u00e1sica. Estos rasgos van m\u00e1s all\u00e1 de la adquisici\u00f3n de conocimientos acad\u00e9micos y buscan inculcar actitudes y valores esenciales para el desarrollo integral de los estudiantes.<\/strong> <!--more--><\/p>\n<p style=\"text-align: justify;\">A continuaci\u00f3n, exploramos detalladamente cada uno de estos diez rasgos.<\/p>\n<p style=\"text-align: justify;\" data-sourcepos=\"5:1-5:244\">La Nueva Escuela Mexicana (NEM) es un modelo educativo que busca transformar la educaci\u00f3n b\u00e1sica en M\u00e9xico. Uno de sus principales objetivos es formar ciudadanos y ciudadanas responsables, solidarios y comprometidos con su comunidad y el mundo.<\/p>\n<p data-sourcepos=\"5:1-5:244\">Art\u00edculo relacionado: <a title=\"Ir a WMCMF\" href=\"https:\/\/webdelmaestrocmf.com\/portal\/instrumentos-evaluacion-proceso-ensenanza-aprendizaje\/\" target=\"_top\" rel=\"noopener\">Instrumentos de evaluaci\u00f3n en el Proceso Ense\u00f1anza \u2013 Aprendizaje<\/a><\/p>\n<p style=\"text-align: justify;\" data-sourcepos=\"7:1-7:281\">Para lograr este objetivo, la NEM propone diez rasgos que los estudiantes deben desarrollar a lo largo de su educaci\u00f3n b\u00e1sica. Estos rasgos se definen como los aprendizajes, actitudes y valores que los estudiantes deben adquirir para convertirse en personas \u00edntegras y competentes.<\/p>\n<p data-sourcepos=\"7:1-7:281\"><img loading=\"lazy\" decoding=\"async\" class=\"alignnone size-large wp-image-102893\" src=\"https:\/\/webdelmaestrocmf.com\/portal\/wp-content\/uploads\/2023\/10\/original-1024x570.jpg\" alt=\"\" width=\"1024\" height=\"570\" srcset=\"https:\/\/webdelmaestrocmf.com\/portal\/wp-content\/uploads\/2023\/10\/original-1024x570.jpg 1024w, https:\/\/webdelmaestrocmf.com\/portal\/wp-content\/uploads\/2023\/10\/original-300x167.jpg 300w, https:\/\/webdelmaestrocmf.com\/portal\/wp-content\/uploads\/2023\/10\/original-768x428.jpg 768w, https:\/\/webdelmaestrocmf.com\/portal\/wp-content\/uploads\/2023\/10\/original-380x212.jpg 380w, https:\/\/webdelmaestrocmf.com\/portal\/wp-content\/uploads\/2023\/10\/original-550x306.jpg 550w, https:\/\/webdelmaestrocmf.com\/portal\/wp-content\/uploads\/2023\/10\/original-800x446.jpg 800w, https:\/\/webdelmaestrocmf.com\/portal\/wp-content\/uploads\/2023\/10\/original-1160x646.jpg 1160w, https:\/\/webdelmaestrocmf.com\/portal\/wp-content\/uploads\/2023\/10\/original.jpg 1280w\" sizes=\"auto, (max-width: 1024px) 100vw, 1024px\" \/><\/p>\n<p style=\"text-align: justify;\" data-sourcepos=\"11:1-11:69\">Los diez rasgos del perfil del egresado de la NEM son los siguientes:<\/p>\n<ol style=\"text-align: justify;\" data-sourcepos=\"13:1-23:0\">\n<li data-sourcepos=\"13:1-13:39\">Reconoce el derecho a una vida digna.<\/li>\n<li data-sourcepos=\"14:1-14:23\">Valora la diversidad.<\/li>\n<li data-sourcepos=\"15:1-15:47\">Reconoce la igualdad entre hombres y mujeres.<\/li>\n<li data-sourcepos=\"16:1-16:29\">Valora sus potencialidades.<\/li>\n<li data-sourcepos=\"17:1-17:35\">Desarrolla el pensamiento propio.<\/li>\n<li data-sourcepos=\"18:1-18:37\">Percibe la naturaleza como un todo.<\/li>\n<li data-sourcepos=\"19:1-19:45\">Interpreta fen\u00f3menos, hechos y situaciones.<\/li>\n<li data-sourcepos=\"20:1-20:33\">Se comunica de manera efectiva.<\/li>\n<li data-sourcepos=\"21:1-21:66\">Participa en la construcci\u00f3n de un mundo m\u00e1s justo y equitativo.<\/li>\n<li data-sourcepos=\"22:1-23:0\">Cuida su salud y bienestar.<\/li>\n<\/ol>\n<p style=\"text-align: justify;\" data-sourcepos=\"26:1-26:177\">Estos rasgos se desarrollan a trav\u00e9s de un enfoque educativo integral que promueve el aprendizaje activo, el pensamiento cr\u00edtico y el desarrollo de habilidades socioemocionales.<\/p>\n<p data-sourcepos=\"26:1-26:177\"><img loading=\"lazy\" decoding=\"async\" class=\"alignnone size-full wp-image-102891\" src=\"https:\/\/webdelmaestrocmf.com\/portal\/wp-content\/uploads\/2023\/10\/Banner-1-portada-imagen-10.jpg\" alt=\"rasgos del perfil del egresado\" width=\"1024\" height=\"1024\" srcset=\"https:\/\/webdelmaestrocmf.com\/portal\/wp-content\/uploads\/2023\/10\/Banner-1-portada-imagen-10.jpg 1024w, https:\/\/webdelmaestrocmf.com\/portal\/wp-content\/uploads\/2023\/10\/Banner-1-portada-imagen-10-300x300.jpg 300w, https:\/\/webdelmaestrocmf.com\/portal\/wp-content\/uploads\/2023\/10\/Banner-1-portada-imagen-10-150x150.jpg 150w, https:\/\/webdelmaestrocmf.com\/portal\/wp-content\/uploads\/2023\/10\/Banner-1-portada-imagen-10-768x768.jpg 768w, https:\/\/webdelmaestrocmf.com\/portal\/wp-content\/uploads\/2023\/10\/Banner-1-portada-imagen-10-80x80.jpg 80w, https:\/\/webdelmaestrocmf.com\/portal\/wp-content\/uploads\/2023\/10\/Banner-1-portada-imagen-10-110x110.jpg 110w, https:\/\/webdelmaestrocmf.com\/portal\/wp-content\/uploads\/2023\/10\/Banner-1-portada-imagen-10-380x380.jpg 380w, https:\/\/webdelmaestrocmf.com\/portal\/wp-content\/uploads\/2023\/10\/Banner-1-portada-imagen-10-550x550.jpg 550w, https:\/\/webdelmaestrocmf.com\/portal\/wp-content\/uploads\/2023\/10\/Banner-1-portada-imagen-10-800x800.jpg 800w\" sizes=\"auto, (max-width: 1024px) 100vw, 1024px\" \/><\/p>\n<p data-sourcepos=\"26:1-26:177\">Art\u00edculo relacionado: <a title=\"Ir a WMCMF\" href=\"https:\/\/webdelmaestrocmf.com\/portal\/cuales-son-los-principios-pedagogicos-de-la-nem\/\" target=\"_top\" rel=\"noopener\">Principios pedag\u00f3gicos que ponen a los estudiantes en el centro<\/a><\/p>\n<p style=\"text-align: justify;\" data-sourcepos=\"28:1-28:300\">La NEM est\u00e1 comprometida con la formaci\u00f3n de ciudadanos y ciudadanas que contribuyan a construir un M\u00e9xico m\u00e1s justo y equitativo. Los diez rasgos del perfil del egresado son un referente para la educaci\u00f3n b\u00e1sica en M\u00e9xico y representan el camino a seguir para formar personas \u00edntegras y competentes.<\/p>\n<p style=\"padding-left: 40px; text-align: justify;\"><strong>1. Reconoce el derecho a una vida digna<\/strong><\/p>\n<p style=\"padding-left: 40px; text-align: justify;\">El primer rasgo del perfil del egresado de la NEM se basa en el principio fundamental de que todos los seres humanos tienen derecho a vivir en condiciones de bienestar, seguridad y libertad. Esto implica que los estudiantes deben comprender la importancia de respetar la dignidad de todas las personas y trabajar activamente para promover sociedades m\u00e1s justas y equitativas.<\/p>\n<p style=\"padding-left: 40px; text-align: justify;\"><strong>2. Valora la diversidad<\/strong><\/p>\n<p style=\"padding-left: 40px; text-align: justify;\">La diversidad es una caracter\u00edstica inherente de la sociedad contempor\u00e1nea. Los estudiantes deben aprender a respetar y valorar las diferencias individuales y culturales, reconociendo que la diversidad enriquece a la sociedad. Promover la inclusi\u00f3n y la igualdad de oportunidades es esencial para lograr una convivencia armoniosa.<\/p>\n<p style=\"padding-left: 40px; text-align: justify;\"><strong>3. Reconoce la igualdad entre hombres y mujeres<\/strong><\/p>\n<p style=\"padding-left: 40px; text-align: justify;\">La igualdad de g\u00e9nero es un objetivo central en la NEM. Los estudiantes deben comprender y promover la igualdad de derechos y oportunidades para hombres y mujeres. Esto implica combatir estereotipos de g\u00e9nero y luchar contra la discriminaci\u00f3n de g\u00e9nero en todas sus formas.<\/p>\n<p style=\"padding-left: 40px; text-align: justify;\"><strong>4. Valora sus potencialidades<\/strong><\/p>\n<p style=\"padding-left: 40px; text-align: justify;\">El autoconocimiento es clave para el desarrollo personal. Los estudiantes deben reconocer sus capacidades, talentos y potencialidades. Fomentar la autoestima y la confianza en uno mismo es esencial para empoderar a los j\u00f3venes y permitirles alcanzar sus metas y contribuir al bienestar de la sociedad.<\/p>\n<p style=\"padding-left: 40px; text-align: justify;\"><strong>5. Desarrolla el pensamiento propio<\/strong><\/p>\n<p style=\"padding-left: 40px; text-align: justify;\">La capacidad de pensar cr\u00edticamente y tomar decisiones informadas es fundamental en una sociedad democr\u00e1tica. Los estudiantes deben aprender a analizar la informaci\u00f3n de manera objetiva y a formar opiniones fundamentadas. Esto les permitir\u00e1 participar activamente en la toma de decisiones y en la construcci\u00f3n de una sociedad m\u00e1s justa.<\/p>\n<p style=\"padding-left: 40px; text-align: justify;\"><strong>6. Percibe la naturaleza como un todo<\/strong><\/p>\n<p style=\"padding-left: 40px; text-align: justify;\">La NEM promueve una comprensi\u00f3n profunda de la interconexi\u00f3n entre los seres vivos y el medio ambiente. Los estudiantes deben reconocer que nuestras acciones tienen un impacto en el entorno natural y aprender a valorar y preservar la biodiversidad y los recursos naturales.<\/p>\n<p style=\"padding-left: 40px; text-align: justify;\"><strong>7. Interpreta fen\u00f3menos, hechos y situaciones<\/strong><\/p>\n<p style=\"padding-left: 40px; text-align: justify;\">Fomentar la capacidad de comprender y explicar los fen\u00f3menos que ocurren en el entorno es esencial para formar ciudadanos cr\u00edticos y reflexivos. Los estudiantes deben adquirir habilidades de an\u00e1lisis y pensamiento cr\u00edtico que les permitan comprender y afrontar los desaf\u00edos del mundo actual.<\/p>\n<p style=\"padding-left: 40px; text-align: justify;\"><strong>8. Se comunica de manera efectiva<\/strong><\/p>\n<p style=\"padding-left: 40px; text-align: justify;\">La comunicaci\u00f3n es un elemento central en la vida social y laboral. Los estudiantes deben aprender a expresarse de manera clara y concisa, tanto de forma oral como escrita. Esta habilidad les permitir\u00e1 comunicarse eficazmente, resolver conflictos de manera constructiva y contribuir al di\u00e1logo y la cooperaci\u00f3n.<\/p>\n<p style=\"padding-left: 40px; text-align: justify;\"><strong>9. Participa en la construcci\u00f3n de un mundo m\u00e1s justo y equitativo<\/strong><\/p>\n<p style=\"padding-left: 40px; text-align: justify;\">La NEM fomenta el compromiso social y la participaci\u00f3n ciudadana. Los estudiantes deben comprometerse a promover la justicia social y la equidad en su entorno y en la sociedad en su conjunto. Esto implica estar dispuestos a actuar de manera solidaria y a luchar contra la injusticia.<\/p>\n<p style=\"padding-left: 40px; text-align: justify;\"><strong>10. Cuida su salud y bienestar<\/strong><\/p>\n<p style=\"padding-left: 40px; text-align: justify;\">El \u00faltimo rasgo del perfil del egresado de la NEM pone \u00e9nfasis en la importancia de adoptar h\u00e1bitos saludables para cuidar el cuerpo y la mente. Esto incluye la promoci\u00f3n de una alimentaci\u00f3n balanceada, el ejercicio f\u00edsico regular y la gesti\u00f3n de las emociones. Un bienestar f\u00edsico y emocional s\u00f3lido es fundamental para un aprendizaje efectivo y una vida plena.<\/p>\n<p><img loading=\"lazy\" decoding=\"async\" class=\"alignnone size-full wp-image-102883\" src=\"https:\/\/webdelmaestrocmf.com\/portal\/wp-content\/uploads\/2023\/10\/1-18.jpg\" alt=\"\" width=\"940\" height=\"788\" srcset=\"https:\/\/webdelmaestrocmf.com\/portal\/wp-content\/uploads\/2023\/10\/1-18.jpg 940w, https:\/\/webdelmaestrocmf.com\/portal\/wp-content\/uploads\/2023\/10\/1-18-300x251.jpg 300w, https:\/\/webdelmaestrocmf.com\/portal\/wp-content\/uploads\/2023\/10\/1-18-768x644.jpg 768w, https:\/\/webdelmaestrocmf.com\/portal\/wp-content\/uploads\/2023\/10\/1-18-380x319.jpg 380w, https:\/\/webdelmaestrocmf.com\/portal\/wp-content\/uploads\/2023\/10\/1-18-550x461.jpg 550w, https:\/\/webdelmaestrocmf.com\/portal\/wp-content\/uploads\/2023\/10\/1-18-800x671.jpg 800w\" sizes=\"auto, (max-width: 940px) 100vw, 940px\" \/> <img loading=\"lazy\" decoding=\"async\" class=\"alignnone size-full wp-image-102882\" src=\"https:\/\/webdelmaestrocmf.com\/portal\/wp-content\/uploads\/2023\/10\/2-15.jpg\" alt=\"\" width=\"940\" height=\"788\" srcset=\"https:\/\/webdelmaestrocmf.com\/portal\/wp-content\/uploads\/2023\/10\/2-15.jpg 940w, https:\/\/webdelmaestrocmf.com\/portal\/wp-content\/uploads\/2023\/10\/2-15-300x251.jpg 300w, https:\/\/webdelmaestrocmf.com\/portal\/wp-content\/uploads\/2023\/10\/2-15-768x644.jpg 768w, https:\/\/webdelmaestrocmf.com\/portal\/wp-content\/uploads\/2023\/10\/2-15-380x319.jpg 380w, https:\/\/webdelmaestrocmf.com\/portal\/wp-content\/uploads\/2023\/10\/2-15-550x461.jpg 550w, https:\/\/webdelmaestrocmf.com\/portal\/wp-content\/uploads\/2023\/10\/2-15-800x671.jpg 800w\" sizes=\"auto, (max-width: 940px) 100vw, 940px\" \/> <img loading=\"lazy\" decoding=\"async\" class=\"alignnone size-full wp-image-102881\" src=\"https:\/\/webdelmaestrocmf.com\/portal\/wp-content\/uploads\/2023\/10\/3-15.jpg\" alt=\"\" width=\"940\" height=\"788\" srcset=\"https:\/\/webdelmaestrocmf.com\/portal\/wp-content\/uploads\/2023\/10\/3-15.jpg 940w, https:\/\/webdelmaestrocmf.com\/portal\/wp-content\/uploads\/2023\/10\/3-15-300x251.jpg 300w, https:\/\/webdelmaestrocmf.com\/portal\/wp-content\/uploads\/2023\/10\/3-15-768x644.jpg 768w, https:\/\/webdelmaestrocmf.com\/portal\/wp-content\/uploads\/2023\/10\/3-15-380x319.jpg 380w, https:\/\/webdelmaestrocmf.com\/portal\/wp-content\/uploads\/2023\/10\/3-15-550x461.jpg 550w, https:\/\/webdelmaestrocmf.com\/portal\/wp-content\/uploads\/2023\/10\/3-15-800x671.jpg 800w\" sizes=\"auto, (max-width: 940px) 100vw, 940px\" \/> <img loading=\"lazy\" decoding=\"async\" class=\"alignnone size-full wp-image-102880\" src=\"https:\/\/webdelmaestrocmf.com\/portal\/wp-content\/uploads\/2023\/10\/4-15.jpg\" alt=\"\" width=\"940\" height=\"788\" srcset=\"https:\/\/webdelmaestrocmf.com\/portal\/wp-content\/uploads\/2023\/10\/4-15.jpg 940w, https:\/\/webdelmaestrocmf.com\/portal\/wp-content\/uploads\/2023\/10\/4-15-300x251.jpg 300w, https:\/\/webdelmaestrocmf.com\/portal\/wp-content\/uploads\/2023\/10\/4-15-768x644.jpg 768w, https:\/\/webdelmaestrocmf.com\/portal\/wp-content\/uploads\/2023\/10\/4-15-380x319.jpg 380w, https:\/\/webdelmaestrocmf.com\/portal\/wp-content\/uploads\/2023\/10\/4-15-550x461.jpg 550w, https:\/\/webdelmaestrocmf.com\/portal\/wp-content\/uploads\/2023\/10\/4-15-800x671.jpg 800w\" sizes=\"auto, (max-width: 940px) 100vw, 940px\" \/> <img loading=\"lazy\" decoding=\"async\" class=\"alignnone size-full wp-image-102889\" src=\"https:\/\/webdelmaestrocmf.com\/portal\/wp-content\/uploads\/2023\/10\/5-13.jpg\" alt=\"\" width=\"940\" height=\"788\" srcset=\"https:\/\/webdelmaestrocmf.com\/portal\/wp-content\/uploads\/2023\/10\/5-13.jpg 940w, https:\/\/webdelmaestrocmf.com\/portal\/wp-content\/uploads\/2023\/10\/5-13-300x251.jpg 300w, https:\/\/webdelmaestrocmf.com\/portal\/wp-content\/uploads\/2023\/10\/5-13-768x644.jpg 768w, https:\/\/webdelmaestrocmf.com\/portal\/wp-content\/uploads\/2023\/10\/5-13-380x319.jpg 380w, https:\/\/webdelmaestrocmf.com\/portal\/wp-content\/uploads\/2023\/10\/5-13-550x461.jpg 550w, https:\/\/webdelmaestrocmf.com\/portal\/wp-content\/uploads\/2023\/10\/5-13-800x671.jpg 800w\" sizes=\"auto, (max-width: 940px) 100vw, 940px\" \/> <img loading=\"lazy\" decoding=\"async\" class=\"alignnone size-full wp-image-102888\" src=\"https:\/\/webdelmaestrocmf.com\/portal\/wp-content\/uploads\/2023\/10\/6-11.jpg\" alt=\"\" width=\"940\" height=\"788\" srcset=\"https:\/\/webdelmaestrocmf.com\/portal\/wp-content\/uploads\/2023\/10\/6-11.jpg 940w, https:\/\/webdelmaestrocmf.com\/portal\/wp-content\/uploads\/2023\/10\/6-11-300x251.jpg 300w, https:\/\/webdelmaestrocmf.com\/portal\/wp-content\/uploads\/2023\/10\/6-11-768x644.jpg 768w, https:\/\/webdelmaestrocmf.com\/portal\/wp-content\/uploads\/2023\/10\/6-11-380x319.jpg 380w, https:\/\/webdelmaestrocmf.com\/portal\/wp-content\/uploads\/2023\/10\/6-11-550x461.jpg 550w, https:\/\/webdelmaestrocmf.com\/portal\/wp-content\/uploads\/2023\/10\/6-11-800x671.jpg 800w\" sizes=\"auto, (max-width: 940px) 100vw, 940px\" \/> <img loading=\"lazy\" decoding=\"async\" class=\"alignnone size-full wp-image-102887\" src=\"https:\/\/webdelmaestrocmf.com\/portal\/wp-content\/uploads\/2023\/10\/7-10.jpg\" alt=\"\" width=\"940\" height=\"788\" srcset=\"https:\/\/webdelmaestrocmf.com\/portal\/wp-content\/uploads\/2023\/10\/7-10.jpg 940w, https:\/\/webdelmaestrocmf.com\/portal\/wp-content\/uploads\/2023\/10\/7-10-300x251.jpg 300w, https:\/\/webdelmaestrocmf.com\/portal\/wp-content\/uploads\/2023\/10\/7-10-768x644.jpg 768w, https:\/\/webdelmaestrocmf.com\/portal\/wp-content\/uploads\/2023\/10\/7-10-380x319.jpg 380w, https:\/\/webdelmaestrocmf.com\/portal\/wp-content\/uploads\/2023\/10\/7-10-550x461.jpg 550w, https:\/\/webdelmaestrocmf.com\/portal\/wp-content\/uploads\/2023\/10\/7-10-800x671.jpg 800w\" sizes=\"auto, (max-width: 940px) 100vw, 940px\" \/> <img loading=\"lazy\" decoding=\"async\" class=\"alignnone size-full wp-image-102886\" src=\"https:\/\/webdelmaestrocmf.com\/portal\/wp-content\/uploads\/2023\/10\/8-9.jpg\" alt=\"\" width=\"940\" height=\"788\" srcset=\"https:\/\/webdelmaestrocmf.com\/portal\/wp-content\/uploads\/2023\/10\/8-9.jpg 940w, https:\/\/webdelmaestrocmf.com\/portal\/wp-content\/uploads\/2023\/10\/8-9-300x251.jpg 300w, https:\/\/webdelmaestrocmf.com\/portal\/wp-content\/uploads\/2023\/10\/8-9-768x644.jpg 768w, https:\/\/webdelmaestrocmf.com\/portal\/wp-content\/uploads\/2023\/10\/8-9-380x319.jpg 380w, https:\/\/webdelmaestrocmf.com\/portal\/wp-content\/uploads\/2023\/10\/8-9-550x461.jpg 550w, https:\/\/webdelmaestrocmf.com\/portal\/wp-content\/uploads\/2023\/10\/8-9-800x671.jpg 800w\" sizes=\"auto, (max-width: 940px) 100vw, 940px\" \/> <img loading=\"lazy\" decoding=\"async\" class=\"alignnone size-full wp-image-102885\" src=\"https:\/\/webdelmaestrocmf.com\/portal\/wp-content\/uploads\/2023\/10\/9-9.jpg\" alt=\"\" width=\"940\" height=\"788\" srcset=\"https:\/\/webdelmaestrocmf.com\/portal\/wp-content\/uploads\/2023\/10\/9-9.jpg 940w, https:\/\/webdelmaestrocmf.com\/portal\/wp-content\/uploads\/2023\/10\/9-9-300x251.jpg 300w, https:\/\/webdelmaestrocmf.com\/portal\/wp-content\/uploads\/2023\/10\/9-9-768x644.jpg 768w, https:\/\/webdelmaestrocmf.com\/portal\/wp-content\/uploads\/2023\/10\/9-9-380x319.jpg 380w, https:\/\/webdelmaestrocmf.com\/portal\/wp-content\/uploads\/2023\/10\/9-9-550x461.jpg 550w, https:\/\/webdelmaestrocmf.com\/portal\/wp-content\/uploads\/2023\/10\/9-9-800x671.jpg 800w\" sizes=\"auto, (max-width: 940px) 100vw, 940px\" \/> <img loading=\"lazy\" decoding=\"async\" class=\"alignnone size-full wp-image-102884\" src=\"https:\/\/webdelmaestrocmf.com\/portal\/wp-content\/uploads\/2023\/10\/10-7.jpg\" alt=\"\" width=\"940\" height=\"788\" srcset=\"https:\/\/webdelmaestrocmf.com\/portal\/wp-content\/uploads\/2023\/10\/10-7.jpg 940w, https:\/\/webdelmaestrocmf.com\/portal\/wp-content\/uploads\/2023\/10\/10-7-300x251.jpg 300w, https:\/\/webdelmaestrocmf.com\/portal\/wp-content\/uploads\/2023\/10\/10-7-768x644.jpg 768w, https:\/\/webdelmaestrocmf.com\/portal\/wp-content\/uploads\/2023\/10\/10-7-380x319.jpg 380w, https:\/\/webdelmaestrocmf.com\/portal\/wp-content\/uploads\/2023\/10\/10-7-550x461.jpg 550w, https:\/\/webdelmaestrocmf.com\/portal\/wp-content\/uploads\/2023\/10\/10-7-800x671.jpg 800w\" sizes=\"auto, (max-width: 940px) 100vw, 940px\" \/><\/p>\n<p style=\"text-align: justify;\">En conclusi\u00f3n, los diez rasgos del perfil del egresado de la Nueva Escuela Mexicana son una gu\u00eda esencial para la educaci\u00f3n en M\u00e9xico. Estos rasgos van m\u00e1s all\u00e1 de la mera adquisici\u00f3n de conocimientos acad\u00e9micos y buscan formar ciudadanos y ciudadanas responsables, solidarios y comprometidos con su comunidad y el mundo. La NEM aspira a empoderar a los estudiantes para que se conviertan en agentes de cambio positivo en una sociedad cada vez m\u00e1s diversa y desafiante.<\/p>\n\t\t<div class=\"pk-inline-posts\">\n\t\t\t\n\t\t\t<div class=\"pk-inline-posts-container pk-inline-posts-template-list\"\n\t\t\t\tdata-columns=\"1\">\n\t\t\t\t\t\t<article id=\"post-85361\" class=\"post-85361 post type-post status-publish format-standard has-post-thumbnail category-estudiantes category-pedagogia tag-ayuda-a-estudiantes tag-obligaciones tag-responsabilidades cs-entry cs-video-wrap\">\n\t\t\t<div class=\"pk-post-outer\">\n\n\t\t\t\t\t\t\t\t<div class=\"pk-post-inner\">\n\t\t\t\t\t<div class=\"entry-thumbnail\">\n\t\t\t\t\t\t<div class=\"pk-overlay pk-overlay-ratio pk-ratio-landscape\">\n\t\t\t\t\t\t\t<div class=\"pk-overlay-background\">\n\t\t\t\t\t\t\t\t<a href=\"https:\/\/webdelmaestrocmf.com\/portal\/obligaciones-y-responsabilidades-del-estudiante\/\" class=\"pk-overlay-link\">\n\t\t\t\t\t\t\t\t\t<img loading=\"lazy\" decoding=\"async\" width=\"300\" height=\"225\" src=\"https:\/\/webdelmaestrocmf.com\/portal\/wp-content\/uploads\/2023\/03\/1A-Banner-1-portada-imagen-10-1-copia-1-1-300x225.webp\" class=\"attachment-pk-thumbnail size-pk-thumbnail wp-post-image\" alt=\"\" \/>\t\t\t\t\t\t\t\t<\/a>\n\t\t\t\t\t\t\t<\/div>\n\t\t\t\t\t\t<\/div>\n\t\t\t\t\t<\/div>\n\t\t\t\t<\/div>\n\t\t\t\t\n\t\t\t\t<div class=\"pk-post-inner\">\n\t\t\t\t\t<header>\n\t\t\t\t\t\t<h3 class=\"pk-title\"><a href=\"https:\/\/webdelmaestrocmf.com\/portal\/obligaciones-y-responsabilidades-del-estudiante\/\" rel=\"bookmark\">Obligaciones y Responsabilidades del Estudiante<\/a><\/h3>\t\t\t\t\t<\/header><!-- .entry-header -->\n\t\t\t\t<\/div><!-- .post-inner -->\n\n\t\t\t<\/div><!-- .post-outer -->\n\t\t<\/article>\n\t\t\t<article id=\"post-95471\" class=\"post-95471 post type-post status-publish format-standard has-post-thumbnail category-estudiantes category-pedagogia category-tecnicas category-tecnicas-de-estudio tag-ambiente-de-aprendizaje tag-apoyo-individualizado tag-aprendizaje tag-aprendizaje-activo tag-autoevaluacion tag-bienestar-estudiantil tag-concentracion tag-desarrollo-de-habilidades tag-descansos-regulares tag-ejercicio-fisico tag-equilibrio tag-estilo-de-aprendizaje tag-estrategias-de-ensenanza tag-estrategias-de-estudio tag-estres-en-estudiantes tag-evaluaciones-formativas tag-feedback-constructivo tag-gestion-del-tiempo tag-habilidades-socioemocionales tag-meditacion tag-memoria tag-metas-educativas tag-metodos-de-ensenanza tag-mindfulness tag-nutricion-saludable tag-planificacion-del-tiempo tag-respiracion tag-tecnicas-de-concentracion tag-tecnicas-de-memorizacion cs-entry cs-video-wrap\">\n\t\t\t<div class=\"pk-post-outer\">\n\n\t\t\t\t\t\t\t\t<div class=\"pk-post-inner\">\n\t\t\t\t\t<div class=\"entry-thumbnail\">\n\t\t\t\t\t\t<div class=\"pk-overlay pk-overlay-ratio pk-ratio-landscape\">\n\t\t\t\t\t\t\t<div class=\"pk-overlay-background\">\n\t\t\t\t\t\t\t\t<a href=\"https:\/\/webdelmaestrocmf.com\/portal\/tecnicas-para-ayudar-a-sus-estudiantes-a-alcanzar-el-equilibrio-la-concentracion-y-mejorar-sus-habilidades-para-aprender-y-memorizar\/\" class=\"pk-overlay-link\">\n\t\t\t\t\t\t\t\t\t<img loading=\"lazy\" decoding=\"async\" width=\"300\" height=\"225\" src=\"https:\/\/webdelmaestrocmf.com\/portal\/wp-content\/uploads\/2023\/09\/1A-Banner-1-portada-imagen-10-1-copia-1-300x225.webp\" class=\"attachment-pk-thumbnail size-pk-thumbnail wp-post-image\" alt=\"\" \/>\t\t\t\t\t\t\t\t<\/a>\n\t\t\t\t\t\t\t<\/div>\n\t\t\t\t\t\t<\/div>\n\t\t\t\t\t<\/div>\n\t\t\t\t<\/div>\n\t\t\t\t\n\t\t\t\t<div class=\"pk-post-inner\">\n\t\t\t\t\t<header>\n\t\t\t\t\t\t<h3 class=\"pk-title\"><a href=\"https:\/\/webdelmaestrocmf.com\/portal\/tecnicas-para-ayudar-a-sus-estudiantes-a-alcanzar-el-equilibrio-la-concentracion-y-mejorar-sus-habilidades-para-aprender-y-memorizar\/\" rel=\"bookmark\">T\u00e9cnicas para ayudar a sus estudiantes a alcanzar el equilibrio, la concentraci\u00f3n y mejorar sus habilidades para aprender y memorizar<\/a><\/h3>\t\t\t\t\t<\/header><!-- .entry-header -->\n\t\t\t\t<\/div><!-- .post-inner -->\n\n\t\t\t<\/div><!-- .post-outer -->\n\t\t<\/article>\n\t\t\t<article id=\"post-112224\" class=\"post-112224 post type-post status-publish format-standard has-post-thumbnail category-estudiantes category-pedagogia tag-alumnos tag-desaprobaban tag-preocupacion-2 tag-verguenza cs-entry cs-video-wrap\">\n\t\t\t<div class=\"pk-post-outer\">\n\n\t\t\t\t\t\t\t\t<div class=\"pk-post-inner\">\n\t\t\t\t\t<div class=\"entry-thumbnail\">\n\t\t\t\t\t\t<div class=\"pk-overlay pk-overlay-ratio pk-ratio-landscape\">\n\t\t\t\t\t\t\t<div class=\"pk-overlay-background\">\n\t\t\t\t\t\t\t\t<a href=\"https:\/\/webdelmaestrocmf.com\/portal\/hasta-la-verguenza-cambio-antes-los-alumnos-que-desaprobaban-sentian-preocupacion-hoy-ni-eso-ya-no-les-importa-nada\/\" class=\"pk-overlay-link\">\n\t\t\t\t\t\t\t\t\t<img loading=\"lazy\" decoding=\"async\" width=\"300\" height=\"225\" src=\"https:\/\/webdelmaestrocmf.com\/portal\/wp-content\/uploads\/2025\/09\/1AA-Banner-1-portada-imagen-10-1-copia-4-300x225.webp\" class=\"attachment-pk-thumbnail size-pk-thumbnail wp-post-image\" alt=\"\" \/>\t\t\t\t\t\t\t\t<\/a>\n\t\t\t\t\t\t\t<\/div>\n\t\t\t\t\t\t<\/div>\n\t\t\t\t\t<\/div>\n\t\t\t\t<\/div>\n\t\t\t\t\n\t\t\t\t<div class=\"pk-post-inner\">\n\t\t\t\t\t<header>\n\t\t\t\t\t\t<h3 class=\"pk-title\"><a href=\"https:\/\/webdelmaestrocmf.com\/portal\/hasta-la-verguenza-cambio-antes-los-alumnos-que-desaprobaban-sentian-preocupacion-hoy-ni-eso-ya-no-les-importa-nada\/\" rel=\"bookmark\">Hasta la verg\u00fcenza cambi\u00f3: antes, los alumnos que desaprobaban sent\u00edan preocupaci\u00f3n; hoy, ni eso. Ya no les importa nada<\/a><\/h3>\t\t\t\t\t<\/header><!-- .entry-header -->\n\t\t\t\t<\/div><!-- .post-inner -->\n\n\t\t\t<\/div><!-- .post-outer -->\n\t\t<\/article>\n\t\t\t\t<\/div>\n\t\t<\/div>\n\t\t\n","protected":false},"excerpt":{"rendered":"La educaci\u00f3n es un pilar fundamental en la formaci\u00f3n de ciudadanos responsables y comprometidos con su comunidad y&hellip;","protected":false},"author":1,"featured_media":102891,"comment_status":"open","ping_status":"closed","sticky":false,"template":"","format":"standard","meta":{"csco_display_header_overlay":false,"csco_singular_sidebar":"","csco_page_header_type":"","csco_page_load_nextpost":"","csco_post_video_location":[],"csco_post_video_location_hash":"","csco_post_video_url":"","csco_post_video_bg_start_time":0,"csco_post_video_bg_end_time":0,"csco_post_video_bg_volume":false,"_jetpack_memberships_contains_paid_content":false,"footnotes":""},"categories":[15192,22093,735],"tags":[22094,22582,22095,18105,2548,22580,22581,2545,22579],"class_list":{"0":"post-97939","1":"post","2":"type-post","3":"status-publish","4":"format-standard","5":"has-post-thumbnail","7":"category-estudiantes","8":"category-perfil-del-egresado","9":"category-pedagogia","10":"tag-egresado","11":"tag-egresado-de-la-nem","12":"tag-nem","13":"tag-nueva-escuela-mexicana","14":"tag-perfil","15":"tag-perfil-del-egresado","16":"tag-perfil-del-egresado-de-la-nem","17":"tag-rasgos","18":"tag-rasgos-del-perfil-del-egresado","19":"cs-entry","20":"cs-video-wrap"},"yoast_head":"<!-- This site is optimized with the Yoast SEO plugin v27.5 - https:\/\/yoast.com\/product\/yoast-seo-wordpress\/ -->\n<title>Los diez rasgos del perfil del alumno egresado de la NEM - 2026<\/title>\n<meta name=\"description\" content=\"En M\u00e9xico, la Nueva Escuela Mexicana (NEM) ha establecido un conjunto de diez rasgos que definen el perfil del egresado\" \/>\n<meta name=\"robots\" content=\"index, follow, max-snippet:-1, max-image-preview:large, max-video-preview:-1\" \/>\n<link rel=\"canonical\" href=\"https:\/\/webdelmaestrocmf.com\/portal\/los-diez-rasgos-del-perfil-del-egresado-de-la-nueva-escuela-mexicana-nem\/\" \/>\n<meta property=\"og:locale\" content=\"es_ES\" \/>\n<meta property=\"og:type\" content=\"article\" \/>\n<meta property=\"og:title\" content=\"Los diez rasgos del perfil del alumno egresado de la NEM - 2026\" \/>\n<meta property=\"og:description\" content=\"En M\u00e9xico, la Nueva Escuela Mexicana (NEM) ha establecido un conjunto de diez rasgos que definen el perfil del egresado\" \/>\n<meta property=\"og:url\" content=\"https:\/\/webdelmaestrocmf.com\/portal\/los-diez-rasgos-del-perfil-del-egresado-de-la-nueva-escuela-mexicana-nem\/\" \/>\n<meta property=\"og:site_name\" content=\"Web del Maestro CMF\" \/>\n<meta property=\"article:publisher\" content=\"https:\/\/www.facebook.com\/WebdelMaestroCMF\/\" \/>\n<meta property=\"article:author\" content=\"https:\/\/www.facebook.com\/WebdelMaestroCMF\/\" \/>\n<meta property=\"article:published_time\" content=\"2023-10-19T02:37:58+00:00\" \/>\n<meta property=\"article:modified_time\" content=\"2024-01-21T21:21:19+00:00\" \/>\n<meta property=\"og:image\" content=\"https:\/\/webdelmaestrocmf.com\/portal\/wp-content\/uploads\/2023\/10\/Banner-1-portada-imagen-10.jpg\" \/>\n\t<meta property=\"og:image:width\" content=\"1024\" \/>\n\t<meta property=\"og:image:height\" content=\"1024\" \/>\n\t<meta property=\"og:image:type\" content=\"image\/jpeg\" \/>\n<meta name=\"author\" content=\"Web del Maestro CMF\" \/>\n<meta name=\"twitter:card\" content=\"summary_large_image\" \/>\n<meta name=\"twitter:creator\" content=\"@cmf_w\" \/>\n<meta name=\"twitter:site\" content=\"@cmf_w\" \/>\n<script type=\"application\/ld+json\" class=\"yoast-schema-graph\">{\"@context\":\"https:\\\/\\\/schema.org\",\"@graph\":[{\"@type\":\"ScholarlyArticle\",\"@id\":\"https:\\\/\\\/webdelmaestrocmf.com\\\/portal\\\/los-diez-rasgos-del-perfil-del-egresado-de-la-nueva-escuela-mexicana-nem\\\/#article\",\"isPartOf\":{\"@id\":\"https:\\\/\\\/webdelmaestrocmf.com\\\/portal\\\/los-diez-rasgos-del-perfil-del-egresado-de-la-nueva-escuela-mexicana-nem\\\/\"},\"author\":{\"name\":\"Web del Maestro CMF\",\"@id\":\"https:\\\/\\\/webdelmaestrocmf.com\\\/portal\\\/#\\\/schema\\\/person\\\/1072a2ed7bd960df8ef99a551fa35dc5\"},\"headline\":\"Los diez rasgos del perfil del alumno egresado de la NEM\",\"datePublished\":\"2023-10-19T02:37:58+00:00\",\"dateModified\":\"2024-01-21T21:21:19+00:00\",\"mainEntityOfPage\":{\"@id\":\"https:\\\/\\\/webdelmaestrocmf.com\\\/portal\\\/los-diez-rasgos-del-perfil-del-egresado-de-la-nueva-escuela-mexicana-nem\\\/\"},\"wordCount\":1029,\"commentCount\":0,\"publisher\":{\"@id\":\"https:\\\/\\\/webdelmaestrocmf.com\\\/portal\\\/#organization\"},\"image\":{\"@id\":\"https:\\\/\\\/webdelmaestrocmf.com\\\/portal\\\/los-diez-rasgos-del-perfil-del-egresado-de-la-nueva-escuela-mexicana-nem\\\/#primaryimage\"},\"thumbnailUrl\":\"https:\\\/\\\/webdelmaestrocmf.com\\\/portal\\\/wp-content\\\/uploads\\\/2023\\\/10\\\/Banner-1-portada-imagen-10.jpg\",\"keywords\":[\"egresado\",\"egresado de la NEM\",\"NEM\",\"Nueva Escuela Mexicana\",\"perfil\",\"perfil del egresado\",\"perfil del egresado de la NEM\",\"RASGOS\",\"rasgos del perfil del egresado\"],\"articleSection\":[\"Estudiantes\",\"Perfil del egresado\",\"Recursos\"],\"inLanguage\":\"es\",\"potentialAction\":[{\"@type\":\"CommentAction\",\"name\":\"Comment\",\"target\":[\"https:\\\/\\\/webdelmaestrocmf.com\\\/portal\\\/los-diez-rasgos-del-perfil-del-egresado-de-la-nueva-escuela-mexicana-nem\\\/#respond\"]}]},{\"@type\":\"WebPage\",\"@id\":\"https:\\\/\\\/webdelmaestrocmf.com\\\/portal\\\/los-diez-rasgos-del-perfil-del-egresado-de-la-nueva-escuela-mexicana-nem\\\/\",\"url\":\"https:\\\/\\\/webdelmaestrocmf.com\\\/portal\\\/los-diez-rasgos-del-perfil-del-egresado-de-la-nueva-escuela-mexicana-nem\\\/\",\"name\":\"Los diez rasgos del perfil del alumno egresado de la NEM - 2026\",\"isPartOf\":{\"@id\":\"https:\\\/\\\/webdelmaestrocmf.com\\\/portal\\\/#website\"},\"primaryImageOfPage\":{\"@id\":\"https:\\\/\\\/webdelmaestrocmf.com\\\/portal\\\/los-diez-rasgos-del-perfil-del-egresado-de-la-nueva-escuela-mexicana-nem\\\/#primaryimage\"},\"image\":{\"@id\":\"https:\\\/\\\/webdelmaestrocmf.com\\\/portal\\\/los-diez-rasgos-del-perfil-del-egresado-de-la-nueva-escuela-mexicana-nem\\\/#primaryimage\"},\"thumbnailUrl\":\"https:\\\/\\\/webdelmaestrocmf.com\\\/portal\\\/wp-content\\\/uploads\\\/2023\\\/10\\\/Banner-1-portada-imagen-10.jpg\",\"datePublished\":\"2023-10-19T02:37:58+00:00\",\"dateModified\":\"2024-01-21T21:21:19+00:00\",\"description\":\"En M\u00e9xico, la Nueva Escuela Mexicana (NEM) ha establecido un conjunto de diez rasgos que definen el perfil del egresado\",\"breadcrumb\":{\"@id\":\"https:\\\/\\\/webdelmaestrocmf.com\\\/portal\\\/los-diez-rasgos-del-perfil-del-egresado-de-la-nueva-escuela-mexicana-nem\\\/#breadcrumb\"},\"inLanguage\":\"es\",\"potentialAction\":[{\"@type\":\"ReadAction\",\"target\":[\"https:\\\/\\\/webdelmaestrocmf.com\\\/portal\\\/los-diez-rasgos-del-perfil-del-egresado-de-la-nueva-escuela-mexicana-nem\\\/\"]}]},{\"@type\":\"ImageObject\",\"inLanguage\":\"es\",\"@id\":\"https:\\\/\\\/webdelmaestrocmf.com\\\/portal\\\/los-diez-rasgos-del-perfil-del-egresado-de-la-nueva-escuela-mexicana-nem\\\/#primaryimage\",\"url\":\"https:\\\/\\\/webdelmaestrocmf.com\\\/portal\\\/wp-content\\\/uploads\\\/2023\\\/10\\\/Banner-1-portada-imagen-10.jpg\",\"contentUrl\":\"https:\\\/\\\/webdelmaestrocmf.com\\\/portal\\\/wp-content\\\/uploads\\\/2023\\\/10\\\/Banner-1-portada-imagen-10.jpg\",\"width\":1024,\"height\":1024,\"caption\":\"rasgos del perfil del egresado\"},{\"@type\":\"BreadcrumbList\",\"@id\":\"https:\\\/\\\/webdelmaestrocmf.com\\\/portal\\\/los-diez-rasgos-del-perfil-del-egresado-de-la-nueva-escuela-mexicana-nem\\\/#breadcrumb\",\"itemListElement\":[{\"@type\":\"ListItem\",\"position\":1,\"name\":\"Portada\",\"item\":\"https:\\\/\\\/webdelmaestrocmf.com\\\/portal\\\/\"},{\"@type\":\"ListItem\",\"position\":2,\"name\":\"Recursos\",\"item\":\"https:\\\/\\\/webdelmaestrocmf.com\\\/portal\\\/category\\\/pedagogia\\\/\"},{\"@type\":\"ListItem\",\"position\":3,\"name\":\"Los diez rasgos del perfil del alumno egresado de la NEM\"}]},{\"@type\":\"WebSite\",\"@id\":\"https:\\\/\\\/webdelmaestrocmf.com\\\/portal\\\/#website\",\"url\":\"https:\\\/\\\/webdelmaestrocmf.com\\\/portal\\\/\",\"name\":\"Web del Maestro CMF\",\"description\":\"Maestros al servicio de la educaci\u00f3n\",\"publisher\":{\"@id\":\"https:\\\/\\\/webdelmaestrocmf.com\\\/portal\\\/#organization\"},\"alternateName\":\"WMCMF\",\"potentialAction\":[{\"@type\":\"SearchAction\",\"target\":{\"@type\":\"EntryPoint\",\"urlTemplate\":\"https:\\\/\\\/webdelmaestrocmf.com\\\/portal\\\/?s={search_term_string}\"},\"query-input\":{\"@type\":\"PropertyValueSpecification\",\"valueRequired\":true,\"valueName\":\"search_term_string\"}}],\"inLanguage\":\"es\"},{\"@type\":\"Organization\",\"@id\":\"https:\\\/\\\/webdelmaestrocmf.com\\\/portal\\\/#organization\",\"name\":\"Web del Maestro CMF\",\"alternateName\":\"WMCMF\",\"url\":\"https:\\\/\\\/webdelmaestrocmf.com\\\/portal\\\/\",\"logo\":{\"@type\":\"ImageObject\",\"inLanguage\":\"es\",\"@id\":\"https:\\\/\\\/webdelmaestrocmf.com\\\/portal\\\/#\\\/schema\\\/logo\\\/image\\\/\",\"url\":\"https:\\\/\\\/webdelmaestrocmf.com\\\/portal\\\/wp-content\\\/uploads\\\/2023\\\/01\\\/logo-wmcmf-2.png\",\"contentUrl\":\"https:\\\/\\\/webdelmaestrocmf.com\\\/portal\\\/wp-content\\\/uploads\\\/2023\\\/01\\\/logo-wmcmf-2.png\",\"width\":200,\"height\":60,\"caption\":\"Web del Maestro CMF\"},\"image\":{\"@id\":\"https:\\\/\\\/webdelmaestrocmf.com\\\/portal\\\/#\\\/schema\\\/logo\\\/image\\\/\"},\"sameAs\":[\"https:\\\/\\\/www.facebook.com\\\/WebdelMaestroCMF\\\/\",\"https:\\\/\\\/x.com\\\/cmf_w\",\"https:\\\/\\\/www.pinterest.com\\\/WMCMF\\\/\",\"https:\\\/\\\/www.linkedin.com\\\/company\\\/web-del-maestro-cmf\\\/\",\"https:\\\/\\\/www.instagram.com\\\/wmcmf\\\/\",\"https:\\\/\\\/www.youtube.com\\\/channel\\\/UCDPSvjbdodE5sHnC3OxutHw\",\"https:\\\/\\\/mastodon.social\\\/@wmcmf\",\"https:\\\/\\\/www.tiktok.com\\\/@webdelmaestrocmf\"]},{\"@type\":\"Person\",\"@id\":\"https:\\\/\\\/webdelmaestrocmf.com\\\/portal\\\/#\\\/schema\\\/person\\\/1072a2ed7bd960df8ef99a551fa35dc5\",\"name\":\"Web del Maestro CMF\",\"image\":{\"@type\":\"ImageObject\",\"inLanguage\":\"es\",\"@id\":\"https:\\\/\\\/secure.gravatar.com\\\/avatar\\\/23291dd5b5ae1077dcff3dbb04c3e02bd28403fa75af6d8787d5e97c5bbbe30b?s=96&d=mm&r=g\",\"url\":\"https:\\\/\\\/secure.gravatar.com\\\/avatar\\\/23291dd5b5ae1077dcff3dbb04c3e02bd28403fa75af6d8787d5e97c5bbbe30b?s=96&d=mm&r=g\",\"contentUrl\":\"https:\\\/\\\/secure.gravatar.com\\\/avatar\\\/23291dd5b5ae1077dcff3dbb04c3e02bd28403fa75af6d8787d5e97c5bbbe30b?s=96&d=mm&r=g\",\"caption\":\"Web del Maestro CMF\"},\"description\":\"Esta Web se cre\u00f3 sin fines de lucro, con fines educativos, cient\u00edficos y acad\u00e9micos, para personas que tengan dificultades y\\\/o inconvenientes en visualizar el material original. El objetivo es entregar recursos, compartir experiencias y materiales que ayuden a los padres de familia, maestros y estudiantes en su actualizaci\u00f3n y formaci\u00f3n permanente, en bien de la Educaci\u00f3n.\",\"sameAs\":[\"http:\\\/\\\/webdelmaestrocmf.com\\\/portal\",\"https:\\\/\\\/www.facebook.com\\\/WebdelMaestroCMF\\\/\",\"https:\\\/\\\/www.instagram.com\\\/wmcmf\\\/\",\"https:\\\/\\\/cl.linkedin.com\\\/company\\\/web-del-maestro-cmf\",\"https:\\\/\\\/www.pinterest.com\\\/WMCMF\\\/publicaciones\\\/\",\"https:\\\/\\\/x.com\\\/cmf_w\",\"https:\\\/\\\/www.youtube.com\\\/@WMCMF\"]}]}<\/script>\n<!-- \/ Yoast SEO plugin. -->","yoast_head_json":{"title":"Los diez rasgos del perfil del alumno egresado de la NEM - 2026","description":"En M\u00e9xico, la Nueva Escuela Mexicana (NEM) ha establecido un conjunto de diez rasgos que definen el perfil del egresado","robots":{"index":"index","follow":"follow","max-snippet":"max-snippet:-1","max-image-preview":"max-image-preview:large","max-video-preview":"max-video-preview:-1"},"canonical":"https:\/\/webdelmaestrocmf.com\/portal\/los-diez-rasgos-del-perfil-del-egresado-de-la-nueva-escuela-mexicana-nem\/","og_locale":"es_ES","og_type":"article","og_title":"Los diez rasgos del perfil del alumno egresado de la NEM - 2026","og_description":"En M\u00e9xico, la Nueva Escuela Mexicana (NEM) ha establecido un conjunto de diez rasgos que definen el perfil del egresado","og_url":"https:\/\/webdelmaestrocmf.com\/portal\/los-diez-rasgos-del-perfil-del-egresado-de-la-nueva-escuela-mexicana-nem\/","og_site_name":"Web del Maestro CMF","article_publisher":"https:\/\/www.facebook.com\/WebdelMaestroCMF\/","article_author":"https:\/\/www.facebook.com\/WebdelMaestroCMF\/","article_published_time":"2023-10-19T02:37:58+00:00","article_modified_time":"2024-01-21T21:21:19+00:00","og_image":[{"width":1024,"height":1024,"url":"https:\/\/webdelmaestrocmf.com\/portal\/wp-content\/uploads\/2023\/10\/Banner-1-portada-imagen-10.jpg","type":"image\/jpeg"}],"author":"Web del Maestro CMF","twitter_card":"summary_large_image","twitter_creator":"@cmf_w","twitter_site":"@cmf_w","schema":{"@context":"https:\/\/schema.org","@graph":[{"@type":"ScholarlyArticle","@id":"https:\/\/webdelmaestrocmf.com\/portal\/los-diez-rasgos-del-perfil-del-egresado-de-la-nueva-escuela-mexicana-nem\/#article","isPartOf":{"@id":"https:\/\/webdelmaestrocmf.com\/portal\/los-diez-rasgos-del-perfil-del-egresado-de-la-nueva-escuela-mexicana-nem\/"},"author":{"name":"Web del Maestro CMF","@id":"https:\/\/webdelmaestrocmf.com\/portal\/#\/schema\/person\/1072a2ed7bd960df8ef99a551fa35dc5"},"headline":"Los diez rasgos del perfil del alumno egresado de la NEM","datePublished":"2023-10-19T02:37:58+00:00","dateModified":"2024-01-21T21:21:19+00:00","mainEntityOfPage":{"@id":"https:\/\/webdelmaestrocmf.com\/portal\/los-diez-rasgos-del-perfil-del-egresado-de-la-nueva-escuela-mexicana-nem\/"},"wordCount":1029,"commentCount":0,"publisher":{"@id":"https:\/\/webdelmaestrocmf.com\/portal\/#organization"},"image":{"@id":"https:\/\/webdelmaestrocmf.com\/portal\/los-diez-rasgos-del-perfil-del-egresado-de-la-nueva-escuela-mexicana-nem\/#primaryimage"},"thumbnailUrl":"https:\/\/webdelmaestrocmf.com\/portal\/wp-content\/uploads\/2023\/10\/Banner-1-portada-imagen-10.jpg","keywords":["egresado","egresado de la NEM","NEM","Nueva Escuela Mexicana","perfil","perfil del egresado","perfil del egresado de la NEM","RASGOS","rasgos del perfil del egresado"],"articleSection":["Estudiantes","Perfil del egresado","Recursos"],"inLanguage":"es","potentialAction":[{"@type":"CommentAction","name":"Comment","target":["https:\/\/webdelmaestrocmf.com\/portal\/los-diez-rasgos-del-perfil-del-egresado-de-la-nueva-escuela-mexicana-nem\/#respond"]}]},{"@type":"WebPage","@id":"https:\/\/webdelmaestrocmf.com\/portal\/los-diez-rasgos-del-perfil-del-egresado-de-la-nueva-escuela-mexicana-nem\/","url":"https:\/\/webdelmaestrocmf.com\/portal\/los-diez-rasgos-del-perfil-del-egresado-de-la-nueva-escuela-mexicana-nem\/","name":"Los diez rasgos del perfil del alumno egresado de la NEM - 2026","isPartOf":{"@id":"https:\/\/webdelmaestrocmf.com\/portal\/#website"},"primaryImageOfPage":{"@id":"https:\/\/webdelmaestrocmf.com\/portal\/los-diez-rasgos-del-perfil-del-egresado-de-la-nueva-escuela-mexicana-nem\/#primaryimage"},"image":{"@id":"https:\/\/webdelmaestrocmf.com\/portal\/los-diez-rasgos-del-perfil-del-egresado-de-la-nueva-escuela-mexicana-nem\/#primaryimage"},"thumbnailUrl":"https:\/\/webdelmaestrocmf.com\/portal\/wp-content\/uploads\/2023\/10\/Banner-1-portada-imagen-10.jpg","datePublished":"2023-10-19T02:37:58+00:00","dateModified":"2024-01-21T21:21:19+00:00","description":"En M\u00e9xico, la Nueva Escuela Mexicana (NEM) ha establecido un conjunto de diez rasgos que definen el perfil del egresado","breadcrumb":{"@id":"https:\/\/webdelmaestrocmf.com\/portal\/los-diez-rasgos-del-perfil-del-egresado-de-la-nueva-escuela-mexicana-nem\/#breadcrumb"},"inLanguage":"es","potentialAction":[{"@type":"ReadAction","target":["https:\/\/webdelmaestrocmf.com\/portal\/los-diez-rasgos-del-perfil-del-egresado-de-la-nueva-escuela-mexicana-nem\/"]}]},{"@type":"ImageObject","inLanguage":"es","@id":"https:\/\/webdelmaestrocmf.com\/portal\/los-diez-rasgos-del-perfil-del-egresado-de-la-nueva-escuela-mexicana-nem\/#primaryimage","url":"https:\/\/webdelmaestrocmf.com\/portal\/wp-content\/uploads\/2023\/10\/Banner-1-portada-imagen-10.jpg","contentUrl":"https:\/\/webdelmaestrocmf.com\/portal\/wp-content\/uploads\/2023\/10\/Banner-1-portada-imagen-10.jpg","width":1024,"height":1024,"caption":"rasgos del perfil del egresado"},{"@type":"BreadcrumbList","@id":"https:\/\/webdelmaestrocmf.com\/portal\/los-diez-rasgos-del-perfil-del-egresado-de-la-nueva-escuela-mexicana-nem\/#breadcrumb","itemListElement":[{"@type":"ListItem","position":1,"name":"Portada","item":"https:\/\/webdelmaestrocmf.com\/portal\/"},{"@type":"ListItem","position":2,"name":"Recursos","item":"https:\/\/webdelmaestrocmf.com\/portal\/category\/pedagogia\/"},{"@type":"ListItem","position":3,"name":"Los diez rasgos del perfil del alumno egresado de la NEM"}]},{"@type":"WebSite","@id":"https:\/\/webdelmaestrocmf.com\/portal\/#website","url":"https:\/\/webdelmaestrocmf.com\/portal\/","name":"Web del Maestro CMF","description":"Maestros al servicio de la educaci\u00f3n","publisher":{"@id":"https:\/\/webdelmaestrocmf.com\/portal\/#organization"},"alternateName":"WMCMF","potentialAction":[{"@type":"SearchAction","target":{"@type":"EntryPoint","urlTemplate":"https:\/\/webdelmaestrocmf.com\/portal\/?s={search_term_string}"},"query-input":{"@type":"PropertyValueSpecification","valueRequired":true,"valueName":"search_term_string"}}],"inLanguage":"es"},{"@type":"Organization","@id":"https:\/\/webdelmaestrocmf.com\/portal\/#organization","name":"Web del Maestro CMF","alternateName":"WMCMF","url":"https:\/\/webdelmaestrocmf.com\/portal\/","logo":{"@type":"ImageObject","inLanguage":"es","@id":"https:\/\/webdelmaestrocmf.com\/portal\/#\/schema\/logo\/image\/","url":"https:\/\/webdelmaestrocmf.com\/portal\/wp-content\/uploads\/2023\/01\/logo-wmcmf-2.png","contentUrl":"https:\/\/webdelmaestrocmf.com\/portal\/wp-content\/uploads\/2023\/01\/logo-wmcmf-2.png","width":200,"height":60,"caption":"Web del Maestro CMF"},"image":{"@id":"https:\/\/webdelmaestrocmf.com\/portal\/#\/schema\/logo\/image\/"},"sameAs":["https:\/\/www.facebook.com\/WebdelMaestroCMF\/","https:\/\/x.com\/cmf_w","https:\/\/www.pinterest.com\/WMCMF\/","https:\/\/www.linkedin.com\/company\/web-del-maestro-cmf\/","https:\/\/www.instagram.com\/wmcmf\/","https:\/\/www.youtube.com\/channel\/UCDPSvjbdodE5sHnC3OxutHw","https:\/\/mastodon.social\/@wmcmf","https:\/\/www.tiktok.com\/@webdelmaestrocmf"]},{"@type":"Person","@id":"https:\/\/webdelmaestrocmf.com\/portal\/#\/schema\/person\/1072a2ed7bd960df8ef99a551fa35dc5","name":"Web del Maestro CMF","image":{"@type":"ImageObject","inLanguage":"es","@id":"https:\/\/secure.gravatar.com\/avatar\/23291dd5b5ae1077dcff3dbb04c3e02bd28403fa75af6d8787d5e97c5bbbe30b?s=96&d=mm&r=g","url":"https:\/\/secure.gravatar.com\/avatar\/23291dd5b5ae1077dcff3dbb04c3e02bd28403fa75af6d8787d5e97c5bbbe30b?s=96&d=mm&r=g","contentUrl":"https:\/\/secure.gravatar.com\/avatar\/23291dd5b5ae1077dcff3dbb04c3e02bd28403fa75af6d8787d5e97c5bbbe30b?s=96&d=mm&r=g","caption":"Web del Maestro CMF"},"description":"Esta Web se cre\u00f3 sin fines de lucro, con fines educativos, cient\u00edficos y acad\u00e9micos, para personas que tengan dificultades y\/o inconvenientes en visualizar el material original. El objetivo es entregar recursos, compartir experiencias y materiales que ayuden a los padres de familia, maestros y estudiantes en su actualizaci\u00f3n y formaci\u00f3n permanente, en bien de la Educaci\u00f3n.","sameAs":["http:\/\/webdelmaestrocmf.com\/portal","https:\/\/www.facebook.com\/WebdelMaestroCMF\/","https:\/\/www.instagram.com\/wmcmf\/","https:\/\/cl.linkedin.com\/company\/web-del-maestro-cmf","https:\/\/www.pinterest.com\/WMCMF\/publicaciones\/","https:\/\/x.com\/cmf_w","https:\/\/www.youtube.com\/@WMCMF"]}]}},"jetpack_featured_media_url":"https:\/\/webdelmaestrocmf.com\/portal\/wp-content\/uploads\/2023\/10\/Banner-1-portada-imagen-10.jpg","jetpack_sharing_enabled":true,"jetpack-related-posts":[{"id":96034,"url":"https:\/\/webdelmaestrocmf.com\/portal\/perfil-de-egreso-de-la-educacion-basica\/","url_meta":{"origin":97939,"position":0},"title":"10 rasgos de los estudiantes al finalizar la educaci\u00f3n b\u00e1sica: Perfil de egresado","author":"Web del Maestro CMF","date":"29 octubre, 2023","format":false,"excerpt":"La culminaci\u00f3n de la educaci\u00f3n b\u00e1sica es un hito importante en la vida de cualquier estudiante. A medida que los j\u00f3venes se preparan para dar el siguiente paso en su viaje educativo, es esencial que no solo hayan adquirido conocimientos acad\u00e9micos, sino tambi\u00e9n una serie de rasgos y habilidades que\u2026","rel":"","context":"En \u00abEstudiantes\u00bb","block_context":{"text":"Estudiantes","link":"https:\/\/webdelmaestrocmf.com\/portal\/category\/pedagogia\/estudiantes\/"},"img":{"alt_text":"Perfil de egresado","src":"https:\/\/i0.wp.com\/webdelmaestrocmf.com\/portal\/wp-content\/uploads\/2023\/09\/A12B3C4D-38-1.jpg?resize=350%2C200&ssl=1","width":350,"height":200,"srcset":"https:\/\/i0.wp.com\/webdelmaestrocmf.com\/portal\/wp-content\/uploads\/2023\/09\/A12B3C4D-38-1.jpg?resize=350%2C200&ssl=1 1x, https:\/\/i0.wp.com\/webdelmaestrocmf.com\/portal\/wp-content\/uploads\/2023\/09\/A12B3C4D-38-1.jpg?resize=525%2C300&ssl=1 1.5x, https:\/\/i0.wp.com\/webdelmaestrocmf.com\/portal\/wp-content\/uploads\/2023\/09\/A12B3C4D-38-1.jpg?resize=700%2C400&ssl=1 2x"},"classes":[]},{"id":93599,"url":"https:\/\/webdelmaestrocmf.com\/portal\/cuales-son-los-principios-pedagogicos-de-la-nem\/","url_meta":{"origin":97939,"position":1},"title":"Principios pedag\u00f3gicos que ponen a los estudiantes en el centro","author":"Web del Maestro CMF","date":"18 noviembre, 2024","format":false,"excerpt":"En la actualidad, la educaci\u00f3n se encuentra inmersa en un profundo cambio de paradigma, alej\u00e1ndose de un enfoque tradicional centrado en el maestro para abrazar principios pedag\u00f3gicos que sit\u00faan a los estudiantes en el centro del proceso de aprendizaje. Esta transformaci\u00f3n no solo reconoce la singularidad de cada estudiante, sino\u2026","rel":"","context":"En \u00abPrincipios\u00bb","block_context":{"text":"Principios","link":"https:\/\/webdelmaestrocmf.com\/portal\/category\/pedagogia\/principios\/"},"img":{"alt_text":"","src":"https:\/\/i0.wp.com\/webdelmaestrocmf.com\/portal\/wp-content\/uploads\/2023\/08\/Banner-1-portada-imagen-10-1-16.jpg?resize=350%2C200&ssl=1","width":350,"height":200,"srcset":"https:\/\/i0.wp.com\/webdelmaestrocmf.com\/portal\/wp-content\/uploads\/2023\/08\/Banner-1-portada-imagen-10-1-16.jpg?resize=350%2C200&ssl=1 1x, https:\/\/i0.wp.com\/webdelmaestrocmf.com\/portal\/wp-content\/uploads\/2023\/08\/Banner-1-portada-imagen-10-1-16.jpg?resize=525%2C300&ssl=1 1.5x, https:\/\/i0.wp.com\/webdelmaestrocmf.com\/portal\/wp-content\/uploads\/2023\/08\/Banner-1-portada-imagen-10-1-16.jpg?resize=700%2C400&ssl=1 2x"},"classes":[]},{"id":90531,"url":"https:\/\/webdelmaestrocmf.com\/portal\/libros-para-el-maestro-de-la-nueva-escuela-mexicana\/","url_meta":{"origin":97939,"position":2},"title":"Libros para el maestro de la Nueva Escuela Mexicana","author":"Web del Maestro CMF","date":"14 julio, 2023","format":false,"excerpt":"La nueva escuela mexicana es una propuesta de transformaci\u00f3n educativa implementada en M\u00e9xico con el objetivo de mejorar la calidad y equidad en la educaci\u00f3n. Como parte de esta iniciativa, se han desarrollado una serie de materiales y recursos para apoyar a los maestros en su labor docente, entre ellos\u2026","rel":"","context":"En \u00abDescargas Manuales PDF\u00bb","block_context":{"text":"Descargas Manuales PDF","link":"https:\/\/webdelmaestrocmf.com\/portal\/category\/pedagogia\/descargas-manuales-pdf\/"},"img":{"alt_text":"","src":"https:\/\/i0.wp.com\/webdelmaestrocmf.com\/portal\/wp-content\/uploads\/2023\/07\/A12B3C4D-2023-07-14T114942.426.jpg?resize=350%2C200&ssl=1","width":350,"height":200,"srcset":"https:\/\/i0.wp.com\/webdelmaestrocmf.com\/portal\/wp-content\/uploads\/2023\/07\/A12B3C4D-2023-07-14T114942.426.jpg?resize=350%2C200&ssl=1 1x, https:\/\/i0.wp.com\/webdelmaestrocmf.com\/portal\/wp-content\/uploads\/2023\/07\/A12B3C4D-2023-07-14T114942.426.jpg?resize=525%2C300&ssl=1 1.5x, https:\/\/i0.wp.com\/webdelmaestrocmf.com\/portal\/wp-content\/uploads\/2023\/07\/A12B3C4D-2023-07-14T114942.426.jpg?resize=700%2C400&ssl=1 2x"},"classes":[]},{"id":82500,"url":"https:\/\/webdelmaestrocmf.com\/portal\/componentes-centrales-de-la-nueva-escuela-mexicana\/","url_meta":{"origin":97939,"position":3},"title":"Componentes centrales de la Nueva Escuela Mexicana (NEM) 2023-2024","author":"Web del Maestro CMF","date":"8 enero, 2023","format":false,"excerpt":"La Nueva Escuela Mexicana (NEM) es un ambicioso proyecto educativo de car\u00e1cter humanista, el cual busca cambiar radicalmente los esquemas curriculares de los programas de estudio, as\u00ed como la forma de ense\u00f1ar dentro y fuera de las aulas. \u00bfYa sabes cu\u00e1les son estos cambios? Descubre lo \u00faltimo sobre\u00a0la Nueva Escuela\u2026","rel":"","context":"En \u00abNoticias\u00bb","block_context":{"text":"Noticias","link":"https:\/\/webdelmaestrocmf.com\/portal\/category\/pedagogia\/noticias-pedagogia\/"},"img":{"alt_text":"","src":"https:\/\/i0.wp.com\/webdelmaestrocmf.com\/portal\/wp-content\/uploads\/2023\/01\/1-34.jpg?resize=350%2C200&ssl=1","width":350,"height":200,"srcset":"https:\/\/i0.wp.com\/webdelmaestrocmf.com\/portal\/wp-content\/uploads\/2023\/01\/1-34.jpg?resize=350%2C200&ssl=1 1x, https:\/\/i0.wp.com\/webdelmaestrocmf.com\/portal\/wp-content\/uploads\/2023\/01\/1-34.jpg?resize=525%2C300&ssl=1 1.5x, https:\/\/i0.wp.com\/webdelmaestrocmf.com\/portal\/wp-content\/uploads\/2023\/01\/1-34.jpg?resize=700%2C400&ssl=1 2x"},"classes":[]},{"id":74254,"url":"https:\/\/webdelmaestrocmf.com\/portal\/miguel-angel-gallegos-la-nueva-escuela-mexicana-utopia-o-realidad\/","url_meta":{"origin":97939,"position":4},"title":"[Miguel \u00c1ngel Gallegos] La Nueva Escuela Mexicana: Utop\u00eda o Realidad","author":"Web del Maestro CMF","date":"12 febrero, 2022","format":false,"excerpt":"Cuando un nuevo gobierno asume el poder, tambi\u00e9n llegan nuevas propuestas a implementar que por lo general responden a promesas realizadas en campa\u00f1a. En M\u00e9xico, en el terreno de la educaci\u00f3n, sepultar el pasado inmediato en cuanto a la \u201cmal llamada Reforma Educativa\u201d fue un compromiso que el gobierno de\u2026","rel":"","context":"En \u00abZ-Colaboradores\u00bb","block_context":{"text":"Z-Colaboradores","link":"https:\/\/webdelmaestrocmf.com\/portal\/category\/colaborador\/"},"img":{"alt_text":"","src":"https:\/\/i0.wp.com\/webdelmaestrocmf.com\/portal\/wp-content\/uploads\/2022\/02\/1-72.jpg?resize=350%2C200&ssl=1","width":350,"height":200,"srcset":"https:\/\/i0.wp.com\/webdelmaestrocmf.com\/portal\/wp-content\/uploads\/2022\/02\/1-72.jpg?resize=350%2C200&ssl=1 1x, https:\/\/i0.wp.com\/webdelmaestrocmf.com\/portal\/wp-content\/uploads\/2022\/02\/1-72.jpg?resize=525%2C300&ssl=1 1.5x, https:\/\/i0.wp.com\/webdelmaestrocmf.com\/portal\/wp-content\/uploads\/2022\/02\/1-72.jpg?resize=700%2C400&ssl=1 2x, https:\/\/i0.wp.com\/webdelmaestrocmf.com\/portal\/wp-content\/uploads\/2022\/02\/1-72.jpg?resize=1050%2C600&ssl=1 3x"},"classes":[]},{"id":59709,"url":"https:\/\/webdelmaestrocmf.com\/portal\/curso-de-habilidades-docentes-para-la-nueva-escuela\/","url_meta":{"origin":97939,"position":5},"title":"Curso de Habilidades Docentes para la Nueva Escuela","author":"Web del Maestro CMF","date":"22 febrero, 2021","format":false,"excerpt":"El\u00a0Sistema de Apreciaci\u00f3n de Conocimientos y Aptitudes es uno de los elementos Multifactoriales que se conforma del Curso de Habilidades Docentes para la Nueva Escuela Mexicana; la Acreditaci\u00f3n del Curso de Habilidades Docentes para la Nueva Escuela Mexicana; y el Instrumento de Valoraci\u00f3n de Conocimientos y Aptitudes Docentes. Estos son\u2026","rel":"","context":"En \u00abCursos\u00bb","block_context":{"text":"Cursos","link":"https:\/\/webdelmaestrocmf.com\/portal\/category\/cursos\/"},"img":{"alt_text":"","src":"https:\/\/i0.wp.com\/webdelmaestrocmf.com\/portal\/wp-content\/uploads\/2021\/02\/2-20.jpg?resize=350%2C200&ssl=1","width":350,"height":200,"srcset":"https:\/\/i0.wp.com\/webdelmaestrocmf.com\/portal\/wp-content\/uploads\/2021\/02\/2-20.jpg?resize=350%2C200&ssl=1 1x, https:\/\/i0.wp.com\/webdelmaestrocmf.com\/portal\/wp-content\/uploads\/2021\/02\/2-20.jpg?resize=525%2C300&ssl=1 1.5x, https:\/\/i0.wp.com\/webdelmaestrocmf.com\/portal\/wp-content\/uploads\/2021\/02\/2-20.jpg?resize=700%2C400&ssl=1 2x, https:\/\/i0.wp.com\/webdelmaestrocmf.com\/portal\/wp-content\/uploads\/2021\/02\/2-20.jpg?resize=1050%2C600&ssl=1 3x"},"classes":[]}],"_links":{"self":[{"href":"https:\/\/webdelmaestrocmf.com\/portal\/wp-json\/wp\/v2\/posts\/97939","targetHints":{"allow":["GET"]}}],"collection":[{"href":"https:\/\/webdelmaestrocmf.com\/portal\/wp-json\/wp\/v2\/posts"}],"about":[{"href":"https:\/\/webdelmaestrocmf.com\/portal\/wp-json\/wp\/v2\/types\/post"}],"author":[{"embeddable":true,"href":"https:\/\/webdelmaestrocmf.com\/portal\/wp-json\/wp\/v2\/users\/1"}],"replies":[{"embeddable":true,"href":"https:\/\/webdelmaestrocmf.com\/portal\/wp-json\/wp\/v2\/comments?post=97939"}],"version-history":[{"count":0,"href":"https:\/\/webdelmaestrocmf.com\/portal\/wp-json\/wp\/v2\/posts\/97939\/revisions"}],"wp:featuredmedia":[{"embeddable":true,"href":"https:\/\/webdelmaestrocmf.com\/portal\/wp-json\/wp\/v2\/media\/102891"}],"wp:attachment":[{"href":"https:\/\/webdelmaestrocmf.com\/portal\/wp-json\/wp\/v2\/media?parent=97939"}],"wp:term":[{"taxonomy":"category","embeddable":true,"href":"https:\/\/webdelmaestrocmf.com\/portal\/wp-json\/wp\/v2\/categories?post=97939"},{"taxonomy":"post_tag","embeddable":true,"href":"https:\/\/webdelmaestrocmf.com\/portal\/wp-json\/wp\/v2\/tags?post=97939"}],"curies":[{"name":"wp","href":"https:\/\/api.w.org\/{rel}","templated":true}]}}