{"id":9737,"date":"2020-01-18T19:14:50","date_gmt":"2020-01-18T22:14:50","guid":{"rendered":"http:\/\/webdelmaestrocmf.com\/inicio\/?p=9737"},"modified":"2021-02-08T00:29:08","modified_gmt":"2021-02-08T03:29:08","slug":"edgar-morin-los-6-tomos-del-metodo-descargar","status":"publish","type":"post","link":"https:\/\/webdelmaestrocmf.com\/portal\/edgar-morin-los-6-tomos-del-metodo-descargar\/","title":{"rendered":"Edgar Morin: Libro \u00abEl m\u00e9todo\u00bb"},"content":{"rendered":"<h5 style=\"text-align: justify;\"><strong>Edgar Morin public\u00f3 en su <a href=\"http:\/\/edgarmorinmultiversidad.org\/\" target=\"_blank\" rel=\"noopener noreferrer\">p\u00e1gina oficial la descarga gratuita<\/a> de los\u00a0seis t<\/strong><strong>omos de \u00abEl M\u00e9todo\u00bb quien\u00a0ha dedicado su investigaci\u00f3n a la b\u00fasqueda de un \u00abm\u00e9todo\u00bb apto que ponga de manifiesto el desaf\u00edo de la complejidad que se impone tanto al conocimiento cient\u00edfico como al estudio de los problemas humanos, sociales y pol\u00edticos.<\/strong><!--more--><\/h5>\n<p style=\"text-align: justify;\">Preocupado por mostrar un conocimiento sin divisiones ni compartimentos, respeta lo individual y lo singular considerando su interrelaci\u00f3n con el contexto y el todo. Su concepci\u00f3n de la complejidad \u00e1ntropo-social incluye las dimensiones de lo biol\u00f3gico y lo imaginario. Espero les sea \u00fatil este material y lo compartan entre sus allegados. Saludos desde Venezuela.<\/p>\n<p>Aqu\u00ed les dejamos los Seis Tomos y en la parte inferior de la entrada, tienen las descarga individuales y en grupo:<\/p>\n<ol>\n<li>LA NATURALEZA DE LA NATURALEZA<\/li>\n<li>LA VIDA DE LA VIDA<\/li>\n<li>EL CONOCIMIENTO DEL CONOCIMIENTO<\/li>\n<li>LAS IDEAS<\/li>\n<li>LA HUMANIDAD DE LA HUMANIDAD<\/li>\n<li>\u00c9TICA<\/li>\n<\/ol>\n<p><img loading=\"lazy\" decoding=\"async\" class=\"alignnone size-full wp-image-59074\" src=\"https:\/\/webdelmaestrocmf.com\/portal\/wp-content\/uploads\/2020\/01\/Captura-de-Pantalla-2021-02-08-a-las-00.26.14.png\" alt=\"\" width=\"2478\" height=\"1370\" srcset=\"https:\/\/webdelmaestrocmf.com\/portal\/wp-content\/uploads\/2020\/01\/Captura-de-Pantalla-2021-02-08-a-las-00.26.14.png 2478w, https:\/\/webdelmaestrocmf.com\/portal\/wp-content\/uploads\/2020\/01\/Captura-de-Pantalla-2021-02-08-a-las-00.26.14-300x166.png 300w, https:\/\/webdelmaestrocmf.com\/portal\/wp-content\/uploads\/2020\/01\/Captura-de-Pantalla-2021-02-08-a-las-00.26.14-1024x566.png 1024w, https:\/\/webdelmaestrocmf.com\/portal\/wp-content\/uploads\/2020\/01\/Captura-de-Pantalla-2021-02-08-a-las-00.26.14-768x425.png 768w, https:\/\/webdelmaestrocmf.com\/portal\/wp-content\/uploads\/2020\/01\/Captura-de-Pantalla-2021-02-08-a-las-00.26.14-1536x849.png 1536w, https:\/\/webdelmaestrocmf.com\/portal\/wp-content\/uploads\/2020\/01\/Captura-de-Pantalla-2021-02-08-a-las-00.26.14-2048x1132.png 2048w, https:\/\/webdelmaestrocmf.com\/portal\/wp-content\/uploads\/2020\/01\/Captura-de-Pantalla-2021-02-08-a-las-00.26.14-110x61.png 110w, https:\/\/webdelmaestrocmf.com\/portal\/wp-content\/uploads\/2020\/01\/Captura-de-Pantalla-2021-02-08-a-las-00.26.14-200x111.png 200w, https:\/\/webdelmaestrocmf.com\/portal\/wp-content\/uploads\/2020\/01\/Captura-de-Pantalla-2021-02-08-a-las-00.26.14-380x210.png 380w, https:\/\/webdelmaestrocmf.com\/portal\/wp-content\/uploads\/2020\/01\/Captura-de-Pantalla-2021-02-08-a-las-00.26.14-255x141.png 255w, https:\/\/webdelmaestrocmf.com\/portal\/wp-content\/uploads\/2020\/01\/Captura-de-Pantalla-2021-02-08-a-las-00.26.14-550x304.png 550w, https:\/\/webdelmaestrocmf.com\/portal\/wp-content\/uploads\/2020\/01\/Captura-de-Pantalla-2021-02-08-a-las-00.26.14-800x442.png 800w, https:\/\/webdelmaestrocmf.com\/portal\/wp-content\/uploads\/2020\/01\/Captura-de-Pantalla-2021-02-08-a-las-00.26.14-1160x641.png 1160w, https:\/\/webdelmaestrocmf.com\/portal\/wp-content\/uploads\/2020\/01\/Captura-de-Pantalla-2021-02-08-a-las-00.26.14-220x122.png 220w, https:\/\/webdelmaestrocmf.com\/portal\/wp-content\/uploads\/2020\/01\/Captura-de-Pantalla-2021-02-08-a-las-00.26.14-400x221.png 400w, https:\/\/webdelmaestrocmf.com\/portal\/wp-content\/uploads\/2020\/01\/Captura-de-Pantalla-2021-02-08-a-las-00.26.14-760x420.png 760w, https:\/\/webdelmaestrocmf.com\/portal\/wp-content\/uploads\/2020\/01\/Captura-de-Pantalla-2021-02-08-a-las-00.26.14-510x282.png 510w, https:\/\/webdelmaestrocmf.com\/portal\/wp-content\/uploads\/2020\/01\/Captura-de-Pantalla-2021-02-08-a-las-00.26.14-600x332.png 600w, https:\/\/webdelmaestrocmf.com\/portal\/wp-content\/uploads\/2020\/01\/Captura-de-Pantalla-2021-02-08-a-las-00.26.14-1100x608.png 1100w, https:\/\/webdelmaestrocmf.com\/portal\/wp-content\/uploads\/2020\/01\/Captura-de-Pantalla-2021-02-08-a-las-00.26.14-1600x885.png 1600w, https:\/\/webdelmaestrocmf.com\/portal\/wp-content\/uploads\/2020\/01\/Captura-de-Pantalla-2021-02-08-a-las-00.26.14-2320x1283.png 2320w\" sizes=\"auto, (max-width: 2478px) 100vw, 2478px\" \/><\/p>\n<p style=\"text-align: center;\">Recomendamos a la Comunidad Educativa Digital tener en cuenta que, el enlace y\/o la carpeta en donde est\u00e1n alojados los libros, recursos y\/o materiales, no es administrado por la Web del Maestro CMF, pueda ser que en cuesti\u00f3n de d\u00edas (o seg\u00fan el tiempo transcurrido desde su publicaci\u00f3n), los enlaces no funcionen y el material ya no se encuentre disponible. Gracias por su comprensi\u00f3n.<\/p>\n<h3>ENLACE DE LECTURA:<\/h3>\n<p style=\"text-align: center;\">\u00a1Comparte y as\u00ed m\u00e1s docentes utilizar\u00e1n estos recursos\u00a0gratis! Muchas gracias.<\/p>\n<p style=\"text-align: center;\"><span style=\"color: #000000;\">DESCARGAS: <a style=\"color: #000000;\" href=\"https:\/\/drive.google.com\/open?id=0B09ALcQG8dKvc203LVdWNHdZclU\" target=\"_blank\" rel=\"noopener noreferrer\">M\u00c9TODO 1<\/a>\u00a0&#8211;\u00a0<a style=\"color: #000000;\" href=\"https:\/\/drive.google.com\/open?id=0B09ALcQG8dKvbV9yMWtNMHhXb0k\" target=\"_blank\" rel=\"noopener noreferrer\">M\u00c9TODO 2<\/a>\u00a0&#8211;\u00a0<a style=\"color: #000000;\" href=\"https:\/\/drive.google.com\/file\/d\/0B09ALcQG8dKvZDFZdGVLWHV4T2c\/view\" target=\"_blank\" rel=\"noopener noreferrer\">M\u00c9TODO 3<\/a> &#8211;\u00a0<a style=\"color: #000000;\" href=\"https:\/\/drive.google.com\/file\/d\/0B09ALcQG8dKvSkFBMEIwTkVhR2c\/view\" target=\"_blank\" rel=\"noopener noreferrer\">M\u00c9TODO 4<\/a>\u00a0&#8211;\u00a0<a style=\"color: #000000;\" href=\"https:\/\/drive.google.com\/file\/d\/0B09ALcQG8dKvTmk3a0ZPcVNpc1E\/view\" target=\"_blank\" rel=\"noopener noreferrer\">M\u00c9TODO 5<\/a> &#8211;\u00a0<a style=\"color: #000000;\" href=\"https:\/\/drive.google.com\/file\/d\/0B09ALcQG8dKvX29pRTlSZktIMG8\/view\" target=\"_blank\" rel=\"noopener noreferrer\">M\u00c9TODO 6<\/a><br \/>\nDESCARGA:\u00a0\u00a0<a style=\"color: #000000;\" href=\"https:\/\/drive.google.com\/open?id=0B09ALcQG8dKvQWUzQ19rNm5BRlE\" target=\"_blank\" rel=\"noopener noreferrer\">DESCARGA DE LOS 6 TOMOS<\/a><\/span><\/p>\n\t\t<div class=\"pk-inline-posts\">\n\t\t\t\n\t\t\t<div class=\"pk-inline-posts-container pk-inline-posts-template-list\"\n\t\t\t\tdata-columns=\"1\">\n\t\t\t\t\t\t<article id=\"post-118051\" class=\"post-118051 post type-post status-publish format-standard has-post-thumbnail category-lectoescritura category-leer category-libros category-pedagogia tag-aula tag-comprension-lectora tag-creatividad tag-dia-del-libro tag-docentes tag-fichas-educativas tag-lectura tag-manualidades tag-material-didactico tag-recursos-educativos cs-entry cs-video-wrap\">\n\t\t\t<div class=\"pk-post-outer\">\n\n\t\t\t\t\t\t\t\t<div class=\"pk-post-inner\">\n\t\t\t\t\t<div class=\"entry-thumbnail\">\n\t\t\t\t\t\t<div class=\"pk-overlay pk-overlay-ratio pk-ratio-landscape\">\n\t\t\t\t\t\t\t<div class=\"pk-overlay-background\">\n\t\t\t\t\t\t\t\t<a href=\"https:\/\/webdelmaestrocmf.com\/portal\/dia-del-libro-23-de-abril-descarga-las-actividades-recursos-fichas-manualidades-y-materiales-motivadores-para-transformar-la-lectura-en-el-aula\/\" class=\"pk-overlay-link\">\n\t\t\t\t\t\t\t\t\t<img loading=\"lazy\" decoding=\"async\" width=\"300\" height=\"225\" src=\"https:\/\/webdelmaestrocmf.com\/portal\/wp-content\/uploads\/2026\/04\/1AA-Banner-1-portada-imagen-10-1-copia-23-300x225.webp\" class=\"attachment-pk-thumbnail size-pk-thumbnail wp-post-image\" alt=\"\" \/>\t\t\t\t\t\t\t\t<\/a>\n\t\t\t\t\t\t\t<\/div>\n\t\t\t\t\t\t<\/div>\n\t\t\t\t\t<\/div>\n\t\t\t\t<\/div>\n\t\t\t\t\n\t\t\t\t<div class=\"pk-post-inner\">\n\t\t\t\t\t<header>\n\t\t\t\t\t\t<h3 class=\"pk-title\"><a href=\"https:\/\/webdelmaestrocmf.com\/portal\/dia-del-libro-23-de-abril-descarga-las-actividades-recursos-fichas-manualidades-y-materiales-motivadores-para-transformar-la-lectura-en-el-aula\/\" rel=\"bookmark\">D\u00eda del Libro (23 de abril): Descarga las actividades, recursos, fichas, manualidades, materiales y pulseras motivadores para transformar la lectura en el aula<\/a><\/h3>\t\t\t\t\t<\/header><!-- .entry-header -->\n\t\t\t\t<\/div><!-- .post-inner -->\n\n\t\t\t<\/div><!-- .post-outer -->\n\t\t<\/article>\n\t\t\t\t<\/div>\n\t\t<\/div>\n\t\t\n","protected":false},"excerpt":{"rendered":"Edgar Morin public\u00f3 en su p\u00e1gina oficial la descarga gratuita de los\u00a0seis tomos de \u00abEl M\u00e9todo\u00bb quien\u00a0ha dedicado&hellip;","protected":false},"author":1,"featured_media":59072,"comment_status":"open","ping_status":"open","sticky":false,"template":"","format":"standard","meta":{"csco_display_header_overlay":false,"csco_singular_sidebar":"default","csco_page_header_type":"default","csco_page_load_nextpost":"default","csco_post_video_location":[],"csco_post_video_location_hash":"","csco_post_video_url":"","csco_post_video_bg_start_time":0,"csco_post_video_bg_end_time":0,"csco_post_video_bg_volume":false,"_jetpack_memberships_contains_paid_content":false,"footnotes":""},"categories":[139,504,735],"tags":[1275,89,629,1229],"class_list":{"0":"post-9737","1":"post","2":"type-post","3":"status-publish","4":"format-standard","5":"has-post-thumbnail","7":"category-visitadas","8":"category-libros","9":"category-pedagogia","10":"tag-6-tomos","11":"tag-edgar-morin","12":"tag-libros","13":"tag-metodo","14":"cs-entry","15":"cs-video-wrap"},"yoast_head":"<!-- This site is optimized with the Yoast SEO plugin v27.5 - https:\/\/yoast.com\/product\/yoast-seo-wordpress\/ -->\n<title>Edgar Morin: Libro &quot;El m\u00e9todo&quot; - Seis tomos - PDF<\/title>\n<meta name=\"description\" content=\"Edgar Morin publico en su p\u00e1gina oficial la descargar de los seis tomos de &quot;El M\u00e9todo&quot; quien ha dedicado su investigaci\u00f3n a la b\u00fasqueda de un \u00abm\u00e9todo\u00bb...\" \/>\n<meta name=\"robots\" content=\"index, follow, max-snippet:-1, max-image-preview:large, max-video-preview:-1\" \/>\n<link rel=\"canonical\" href=\"https:\/\/webdelmaestrocmf.com\/portal\/edgar-morin-los-6-tomos-del-metodo-descargar\/\" \/>\n<meta property=\"og:locale\" content=\"es_ES\" \/>\n<meta property=\"og:type\" content=\"article\" \/>\n<meta property=\"og:title\" content=\"Edgar Morin: Libro &quot;El m\u00e9todo&quot; - Seis tomos - PDF\" \/>\n<meta property=\"og:description\" content=\"Edgar Morin publico en su p\u00e1gina oficial la descargar de los seis tomos de &quot;El M\u00e9todo&quot; quien ha dedicado su investigaci\u00f3n a la b\u00fasqueda de un \u00abm\u00e9todo\u00bb...\" \/>\n<meta property=\"og:url\" content=\"https:\/\/webdelmaestrocmf.com\/portal\/edgar-morin-los-6-tomos-del-metodo-descargar\/\" \/>\n<meta property=\"og:site_name\" content=\"Web del Maestro CMF\" \/>\n<meta property=\"article:publisher\" content=\"https:\/\/www.facebook.com\/WebdelMaestroCMF\/\" \/>\n<meta property=\"article:author\" content=\"https:\/\/www.facebook.com\/WebdelMaestroCMF\/\" \/>\n<meta property=\"article:published_time\" content=\"2020-01-18T22:14:50+00:00\" \/>\n<meta property=\"article:modified_time\" content=\"2021-02-08T03:29:08+00:00\" \/>\n<meta property=\"og:image\" content=\"https:\/\/i0.wp.com\/webdelmaestrocmf.com\/portal\/wp-content\/uploads\/2020\/01\/1-copia-4.jpg?fit=1100%2C680&ssl=1\" \/>\n\t<meta property=\"og:image:width\" content=\"1100\" \/>\n\t<meta property=\"og:image:height\" content=\"680\" \/>\n\t<meta property=\"og:image:type\" content=\"image\/jpeg\" \/>\n<meta name=\"author\" content=\"Web del Maestro CMF\" \/>\n<meta name=\"twitter:card\" content=\"summary_large_image\" \/>\n<meta name=\"twitter:creator\" content=\"@cmf_w\" \/>\n<meta name=\"twitter:site\" content=\"@cmf_w\" \/>\n<script type=\"application\/ld+json\" class=\"yoast-schema-graph\">{\"@context\":\"https:\\\/\\\/schema.org\",\"@graph\":[{\"@type\":\"ScholarlyArticle\",\"@id\":\"https:\\\/\\\/webdelmaestrocmf.com\\\/portal\\\/edgar-morin-los-6-tomos-del-metodo-descargar\\\/#article\",\"isPartOf\":{\"@id\":\"https:\\\/\\\/webdelmaestrocmf.com\\\/portal\\\/edgar-morin-los-6-tomos-del-metodo-descargar\\\/\"},\"author\":{\"name\":\"Web del Maestro CMF\",\"@id\":\"https:\\\/\\\/webdelmaestrocmf.com\\\/portal\\\/#\\\/schema\\\/person\\\/1072a2ed7bd960df8ef99a551fa35dc5\"},\"headline\":\"Edgar Morin: Libro \u00abEl m\u00e9todo\u00bb\",\"datePublished\":\"2020-01-18T22:14:50+00:00\",\"dateModified\":\"2021-02-08T03:29:08+00:00\",\"mainEntityOfPage\":{\"@id\":\"https:\\\/\\\/webdelmaestrocmf.com\\\/portal\\\/edgar-morin-los-6-tomos-del-metodo-descargar\\\/\"},\"wordCount\":283,\"commentCount\":1,\"publisher\":{\"@id\":\"https:\\\/\\\/webdelmaestrocmf.com\\\/portal\\\/#organization\"},\"image\":{\"@id\":\"https:\\\/\\\/webdelmaestrocmf.com\\\/portal\\\/edgar-morin-los-6-tomos-del-metodo-descargar\\\/#primaryimage\"},\"thumbnailUrl\":\"https:\\\/\\\/webdelmaestrocmf.com\\\/portal\\\/wp-content\\\/uploads\\\/2020\\\/01\\\/1-copia-4.jpg\",\"keywords\":[\"6 TOMOS\",\"Edgar Morin\",\"Libros\",\"M\u00c9TODO\"],\"articleSection\":[\"Las m\u00e1s vistas\",\"Libros\",\"Recursos\"],\"inLanguage\":\"es\",\"potentialAction\":[{\"@type\":\"CommentAction\",\"name\":\"Comment\",\"target\":[\"https:\\\/\\\/webdelmaestrocmf.com\\\/portal\\\/edgar-morin-los-6-tomos-del-metodo-descargar\\\/#respond\"]}]},{\"@type\":\"WebPage\",\"@id\":\"https:\\\/\\\/webdelmaestrocmf.com\\\/portal\\\/edgar-morin-los-6-tomos-del-metodo-descargar\\\/\",\"url\":\"https:\\\/\\\/webdelmaestrocmf.com\\\/portal\\\/edgar-morin-los-6-tomos-del-metodo-descargar\\\/\",\"name\":\"Edgar Morin: Libro \\\"El m\u00e9todo\\\" - Seis tomos - PDF\",\"isPartOf\":{\"@id\":\"https:\\\/\\\/webdelmaestrocmf.com\\\/portal\\\/#website\"},\"primaryImageOfPage\":{\"@id\":\"https:\\\/\\\/webdelmaestrocmf.com\\\/portal\\\/edgar-morin-los-6-tomos-del-metodo-descargar\\\/#primaryimage\"},\"image\":{\"@id\":\"https:\\\/\\\/webdelmaestrocmf.com\\\/portal\\\/edgar-morin-los-6-tomos-del-metodo-descargar\\\/#primaryimage\"},\"thumbnailUrl\":\"https:\\\/\\\/webdelmaestrocmf.com\\\/portal\\\/wp-content\\\/uploads\\\/2020\\\/01\\\/1-copia-4.jpg\",\"datePublished\":\"2020-01-18T22:14:50+00:00\",\"dateModified\":\"2021-02-08T03:29:08+00:00\",\"description\":\"Edgar Morin publico en su p\u00e1gina oficial la descargar de los seis tomos de \\\"El M\u00e9todo\\\" quien ha dedicado su investigaci\u00f3n a la b\u00fasqueda de un \u00abm\u00e9todo\u00bb...\",\"breadcrumb\":{\"@id\":\"https:\\\/\\\/webdelmaestrocmf.com\\\/portal\\\/edgar-morin-los-6-tomos-del-metodo-descargar\\\/#breadcrumb\"},\"inLanguage\":\"es\",\"potentialAction\":[{\"@type\":\"ReadAction\",\"target\":[\"https:\\\/\\\/webdelmaestrocmf.com\\\/portal\\\/edgar-morin-los-6-tomos-del-metodo-descargar\\\/\"]}]},{\"@type\":\"ImageObject\",\"inLanguage\":\"es\",\"@id\":\"https:\\\/\\\/webdelmaestrocmf.com\\\/portal\\\/edgar-morin-los-6-tomos-del-metodo-descargar\\\/#primaryimage\",\"url\":\"https:\\\/\\\/webdelmaestrocmf.com\\\/portal\\\/wp-content\\\/uploads\\\/2020\\\/01\\\/1-copia-4.jpg\",\"contentUrl\":\"https:\\\/\\\/webdelmaestrocmf.com\\\/portal\\\/wp-content\\\/uploads\\\/2020\\\/01\\\/1-copia-4.jpg\",\"width\":1100,\"height\":680},{\"@type\":\"BreadcrumbList\",\"@id\":\"https:\\\/\\\/webdelmaestrocmf.com\\\/portal\\\/edgar-morin-los-6-tomos-del-metodo-descargar\\\/#breadcrumb\",\"itemListElement\":[{\"@type\":\"ListItem\",\"position\":1,\"name\":\"Portada\",\"item\":\"https:\\\/\\\/webdelmaestrocmf.com\\\/portal\\\/\"},{\"@type\":\"ListItem\",\"position\":2,\"name\":\"Recursos\",\"item\":\"https:\\\/\\\/webdelmaestrocmf.com\\\/portal\\\/category\\\/pedagogia\\\/\"},{\"@type\":\"ListItem\",\"position\":3,\"name\":\"Libros\",\"item\":\"https:\\\/\\\/webdelmaestrocmf.com\\\/portal\\\/category\\\/pedagogia\\\/libros\\\/\"},{\"@type\":\"ListItem\",\"position\":4,\"name\":\"Edgar Morin: Libro &#8220;El m\u00e9todo&#8221;\"}]},{\"@type\":\"WebSite\",\"@id\":\"https:\\\/\\\/webdelmaestrocmf.com\\\/portal\\\/#website\",\"url\":\"https:\\\/\\\/webdelmaestrocmf.com\\\/portal\\\/\",\"name\":\"Web del Maestro CMF\",\"description\":\"Maestros al servicio de la educaci\u00f3n\",\"publisher\":{\"@id\":\"https:\\\/\\\/webdelmaestrocmf.com\\\/portal\\\/#organization\"},\"alternateName\":\"WMCMF\",\"potentialAction\":[{\"@type\":\"SearchAction\",\"target\":{\"@type\":\"EntryPoint\",\"urlTemplate\":\"https:\\\/\\\/webdelmaestrocmf.com\\\/portal\\\/?s={search_term_string}\"},\"query-input\":{\"@type\":\"PropertyValueSpecification\",\"valueRequired\":true,\"valueName\":\"search_term_string\"}}],\"inLanguage\":\"es\"},{\"@type\":\"Organization\",\"@id\":\"https:\\\/\\\/webdelmaestrocmf.com\\\/portal\\\/#organization\",\"name\":\"Web del Maestro CMF\",\"alternateName\":\"WMCMF\",\"url\":\"https:\\\/\\\/webdelmaestrocmf.com\\\/portal\\\/\",\"logo\":{\"@type\":\"ImageObject\",\"inLanguage\":\"es\",\"@id\":\"https:\\\/\\\/webdelmaestrocmf.com\\\/portal\\\/#\\\/schema\\\/logo\\\/image\\\/\",\"url\":\"https:\\\/\\\/webdelmaestrocmf.com\\\/portal\\\/wp-content\\\/uploads\\\/2023\\\/01\\\/logo-wmcmf-2.png\",\"contentUrl\":\"https:\\\/\\\/webdelmaestrocmf.com\\\/portal\\\/wp-content\\\/uploads\\\/2023\\\/01\\\/logo-wmcmf-2.png\",\"width\":200,\"height\":60,\"caption\":\"Web del Maestro CMF\"},\"image\":{\"@id\":\"https:\\\/\\\/webdelmaestrocmf.com\\\/portal\\\/#\\\/schema\\\/logo\\\/image\\\/\"},\"sameAs\":[\"https:\\\/\\\/www.facebook.com\\\/WebdelMaestroCMF\\\/\",\"https:\\\/\\\/x.com\\\/cmf_w\",\"https:\\\/\\\/www.pinterest.com\\\/WMCMF\\\/\",\"https:\\\/\\\/www.linkedin.com\\\/company\\\/web-del-maestro-cmf\\\/\",\"https:\\\/\\\/www.instagram.com\\\/wmcmf\\\/\",\"https:\\\/\\\/www.youtube.com\\\/channel\\\/UCDPSvjbdodE5sHnC3OxutHw\",\"https:\\\/\\\/mastodon.social\\\/@wmcmf\",\"https:\\\/\\\/www.tiktok.com\\\/@webdelmaestrocmf\"]},{\"@type\":\"Person\",\"@id\":\"https:\\\/\\\/webdelmaestrocmf.com\\\/portal\\\/#\\\/schema\\\/person\\\/1072a2ed7bd960df8ef99a551fa35dc5\",\"name\":\"Web del Maestro CMF\",\"image\":{\"@type\":\"ImageObject\",\"inLanguage\":\"es\",\"@id\":\"https:\\\/\\\/secure.gravatar.com\\\/avatar\\\/23291dd5b5ae1077dcff3dbb04c3e02bd28403fa75af6d8787d5e97c5bbbe30b?s=96&d=mm&r=g\",\"url\":\"https:\\\/\\\/secure.gravatar.com\\\/avatar\\\/23291dd5b5ae1077dcff3dbb04c3e02bd28403fa75af6d8787d5e97c5bbbe30b?s=96&d=mm&r=g\",\"contentUrl\":\"https:\\\/\\\/secure.gravatar.com\\\/avatar\\\/23291dd5b5ae1077dcff3dbb04c3e02bd28403fa75af6d8787d5e97c5bbbe30b?s=96&d=mm&r=g\",\"caption\":\"Web del Maestro CMF\"},\"description\":\"Esta Web se cre\u00f3 sin fines de lucro, con fines educativos, cient\u00edficos y acad\u00e9micos, para personas que tengan dificultades y\\\/o inconvenientes en visualizar el material original. El objetivo es entregar recursos, compartir experiencias y materiales que ayuden a los padres de familia, maestros y estudiantes en su actualizaci\u00f3n y formaci\u00f3n permanente, en bien de la Educaci\u00f3n.\",\"sameAs\":[\"http:\\\/\\\/webdelmaestrocmf.com\\\/portal\",\"https:\\\/\\\/www.facebook.com\\\/WebdelMaestroCMF\\\/\",\"https:\\\/\\\/www.instagram.com\\\/wmcmf\\\/\",\"https:\\\/\\\/cl.linkedin.com\\\/company\\\/web-del-maestro-cmf\",\"https:\\\/\\\/www.pinterest.com\\\/WMCMF\\\/publicaciones\\\/\",\"https:\\\/\\\/x.com\\\/cmf_w\",\"https:\\\/\\\/www.youtube.com\\\/@WMCMF\"]}]}<\/script>\n<!-- \/ Yoast SEO plugin. -->","yoast_head_json":{"title":"Edgar Morin: Libro \"El m\u00e9todo\" - Seis tomos - PDF","description":"Edgar Morin publico en su p\u00e1gina oficial la descargar de los seis tomos de \"El M\u00e9todo\" quien ha dedicado su investigaci\u00f3n a la b\u00fasqueda de un \u00abm\u00e9todo\u00bb...","robots":{"index":"index","follow":"follow","max-snippet":"max-snippet:-1","max-image-preview":"max-image-preview:large","max-video-preview":"max-video-preview:-1"},"canonical":"https:\/\/webdelmaestrocmf.com\/portal\/edgar-morin-los-6-tomos-del-metodo-descargar\/","og_locale":"es_ES","og_type":"article","og_title":"Edgar Morin: Libro \"El m\u00e9todo\" - Seis tomos - PDF","og_description":"Edgar Morin publico en su p\u00e1gina oficial la descargar de los seis tomos de \"El M\u00e9todo\" quien ha dedicado su investigaci\u00f3n a la b\u00fasqueda de un \u00abm\u00e9todo\u00bb...","og_url":"https:\/\/webdelmaestrocmf.com\/portal\/edgar-morin-los-6-tomos-del-metodo-descargar\/","og_site_name":"Web del Maestro CMF","article_publisher":"https:\/\/www.facebook.com\/WebdelMaestroCMF\/","article_author":"https:\/\/www.facebook.com\/WebdelMaestroCMF\/","article_published_time":"2020-01-18T22:14:50+00:00","article_modified_time":"2021-02-08T03:29:08+00:00","og_image":[{"width":1100,"height":680,"url":"https:\/\/i0.wp.com\/webdelmaestrocmf.com\/portal\/wp-content\/uploads\/2020\/01\/1-copia-4.jpg?fit=1100%2C680&ssl=1","type":"image\/jpeg"}],"author":"Web del Maestro CMF","twitter_card":"summary_large_image","twitter_creator":"@cmf_w","twitter_site":"@cmf_w","schema":{"@context":"https:\/\/schema.org","@graph":[{"@type":"ScholarlyArticle","@id":"https:\/\/webdelmaestrocmf.com\/portal\/edgar-morin-los-6-tomos-del-metodo-descargar\/#article","isPartOf":{"@id":"https:\/\/webdelmaestrocmf.com\/portal\/edgar-morin-los-6-tomos-del-metodo-descargar\/"},"author":{"name":"Web del Maestro CMF","@id":"https:\/\/webdelmaestrocmf.com\/portal\/#\/schema\/person\/1072a2ed7bd960df8ef99a551fa35dc5"},"headline":"Edgar Morin: Libro \u00abEl m\u00e9todo\u00bb","datePublished":"2020-01-18T22:14:50+00:00","dateModified":"2021-02-08T03:29:08+00:00","mainEntityOfPage":{"@id":"https:\/\/webdelmaestrocmf.com\/portal\/edgar-morin-los-6-tomos-del-metodo-descargar\/"},"wordCount":283,"commentCount":1,"publisher":{"@id":"https:\/\/webdelmaestrocmf.com\/portal\/#organization"},"image":{"@id":"https:\/\/webdelmaestrocmf.com\/portal\/edgar-morin-los-6-tomos-del-metodo-descargar\/#primaryimage"},"thumbnailUrl":"https:\/\/webdelmaestrocmf.com\/portal\/wp-content\/uploads\/2020\/01\/1-copia-4.jpg","keywords":["6 TOMOS","Edgar Morin","Libros","M\u00c9TODO"],"articleSection":["Las m\u00e1s vistas","Libros","Recursos"],"inLanguage":"es","potentialAction":[{"@type":"CommentAction","name":"Comment","target":["https:\/\/webdelmaestrocmf.com\/portal\/edgar-morin-los-6-tomos-del-metodo-descargar\/#respond"]}]},{"@type":"WebPage","@id":"https:\/\/webdelmaestrocmf.com\/portal\/edgar-morin-los-6-tomos-del-metodo-descargar\/","url":"https:\/\/webdelmaestrocmf.com\/portal\/edgar-morin-los-6-tomos-del-metodo-descargar\/","name":"Edgar Morin: Libro \"El m\u00e9todo\" - Seis tomos - PDF","isPartOf":{"@id":"https:\/\/webdelmaestrocmf.com\/portal\/#website"},"primaryImageOfPage":{"@id":"https:\/\/webdelmaestrocmf.com\/portal\/edgar-morin-los-6-tomos-del-metodo-descargar\/#primaryimage"},"image":{"@id":"https:\/\/webdelmaestrocmf.com\/portal\/edgar-morin-los-6-tomos-del-metodo-descargar\/#primaryimage"},"thumbnailUrl":"https:\/\/webdelmaestrocmf.com\/portal\/wp-content\/uploads\/2020\/01\/1-copia-4.jpg","datePublished":"2020-01-18T22:14:50+00:00","dateModified":"2021-02-08T03:29:08+00:00","description":"Edgar Morin publico en su p\u00e1gina oficial la descargar de los seis tomos de \"El M\u00e9todo\" quien ha dedicado su investigaci\u00f3n a la b\u00fasqueda de un \u00abm\u00e9todo\u00bb...","breadcrumb":{"@id":"https:\/\/webdelmaestrocmf.com\/portal\/edgar-morin-los-6-tomos-del-metodo-descargar\/#breadcrumb"},"inLanguage":"es","potentialAction":[{"@type":"ReadAction","target":["https:\/\/webdelmaestrocmf.com\/portal\/edgar-morin-los-6-tomos-del-metodo-descargar\/"]}]},{"@type":"ImageObject","inLanguage":"es","@id":"https:\/\/webdelmaestrocmf.com\/portal\/edgar-morin-los-6-tomos-del-metodo-descargar\/#primaryimage","url":"https:\/\/webdelmaestrocmf.com\/portal\/wp-content\/uploads\/2020\/01\/1-copia-4.jpg","contentUrl":"https:\/\/webdelmaestrocmf.com\/portal\/wp-content\/uploads\/2020\/01\/1-copia-4.jpg","width":1100,"height":680},{"@type":"BreadcrumbList","@id":"https:\/\/webdelmaestrocmf.com\/portal\/edgar-morin-los-6-tomos-del-metodo-descargar\/#breadcrumb","itemListElement":[{"@type":"ListItem","position":1,"name":"Portada","item":"https:\/\/webdelmaestrocmf.com\/portal\/"},{"@type":"ListItem","position":2,"name":"Recursos","item":"https:\/\/webdelmaestrocmf.com\/portal\/category\/pedagogia\/"},{"@type":"ListItem","position":3,"name":"Libros","item":"https:\/\/webdelmaestrocmf.com\/portal\/category\/pedagogia\/libros\/"},{"@type":"ListItem","position":4,"name":"Edgar Morin: Libro &#8220;El m\u00e9todo&#8221;"}]},{"@type":"WebSite","@id":"https:\/\/webdelmaestrocmf.com\/portal\/#website","url":"https:\/\/webdelmaestrocmf.com\/portal\/","name":"Web del Maestro CMF","description":"Maestros al servicio de la educaci\u00f3n","publisher":{"@id":"https:\/\/webdelmaestrocmf.com\/portal\/#organization"},"alternateName":"WMCMF","potentialAction":[{"@type":"SearchAction","target":{"@type":"EntryPoint","urlTemplate":"https:\/\/webdelmaestrocmf.com\/portal\/?s={search_term_string}"},"query-input":{"@type":"PropertyValueSpecification","valueRequired":true,"valueName":"search_term_string"}}],"inLanguage":"es"},{"@type":"Organization","@id":"https:\/\/webdelmaestrocmf.com\/portal\/#organization","name":"Web del Maestro CMF","alternateName":"WMCMF","url":"https:\/\/webdelmaestrocmf.com\/portal\/","logo":{"@type":"ImageObject","inLanguage":"es","@id":"https:\/\/webdelmaestrocmf.com\/portal\/#\/schema\/logo\/image\/","url":"https:\/\/webdelmaestrocmf.com\/portal\/wp-content\/uploads\/2023\/01\/logo-wmcmf-2.png","contentUrl":"https:\/\/webdelmaestrocmf.com\/portal\/wp-content\/uploads\/2023\/01\/logo-wmcmf-2.png","width":200,"height":60,"caption":"Web del Maestro CMF"},"image":{"@id":"https:\/\/webdelmaestrocmf.com\/portal\/#\/schema\/logo\/image\/"},"sameAs":["https:\/\/www.facebook.com\/WebdelMaestroCMF\/","https:\/\/x.com\/cmf_w","https:\/\/www.pinterest.com\/WMCMF\/","https:\/\/www.linkedin.com\/company\/web-del-maestro-cmf\/","https:\/\/www.instagram.com\/wmcmf\/","https:\/\/www.youtube.com\/channel\/UCDPSvjbdodE5sHnC3OxutHw","https:\/\/mastodon.social\/@wmcmf","https:\/\/www.tiktok.com\/@webdelmaestrocmf"]},{"@type":"Person","@id":"https:\/\/webdelmaestrocmf.com\/portal\/#\/schema\/person\/1072a2ed7bd960df8ef99a551fa35dc5","name":"Web del Maestro CMF","image":{"@type":"ImageObject","inLanguage":"es","@id":"https:\/\/secure.gravatar.com\/avatar\/23291dd5b5ae1077dcff3dbb04c3e02bd28403fa75af6d8787d5e97c5bbbe30b?s=96&d=mm&r=g","url":"https:\/\/secure.gravatar.com\/avatar\/23291dd5b5ae1077dcff3dbb04c3e02bd28403fa75af6d8787d5e97c5bbbe30b?s=96&d=mm&r=g","contentUrl":"https:\/\/secure.gravatar.com\/avatar\/23291dd5b5ae1077dcff3dbb04c3e02bd28403fa75af6d8787d5e97c5bbbe30b?s=96&d=mm&r=g","caption":"Web del Maestro CMF"},"description":"Esta Web se cre\u00f3 sin fines de lucro, con fines educativos, cient\u00edficos y acad\u00e9micos, para personas que tengan dificultades y\/o inconvenientes en visualizar el material original. El objetivo es entregar recursos, compartir experiencias y materiales que ayuden a los padres de familia, maestros y estudiantes en su actualizaci\u00f3n y formaci\u00f3n permanente, en bien de la Educaci\u00f3n.","sameAs":["http:\/\/webdelmaestrocmf.com\/portal","https:\/\/www.facebook.com\/WebdelMaestroCMF\/","https:\/\/www.instagram.com\/wmcmf\/","https:\/\/cl.linkedin.com\/company\/web-del-maestro-cmf","https:\/\/www.pinterest.com\/WMCMF\/publicaciones\/","https:\/\/x.com\/cmf_w","https:\/\/www.youtube.com\/@WMCMF"]}]}},"jetpack_featured_media_url":"https:\/\/webdelmaestrocmf.com\/portal\/wp-content\/uploads\/2020\/01\/1-copia-4.jpg","jetpack_sharing_enabled":true,"jetpack-related-posts":[{"id":14971,"url":"https:\/\/webdelmaestrocmf.com\/portal\/los-siete-saberes-necesarios-para-la-educacion-del-futuro-ii\/","url_meta":{"origin":9737,"position":0},"title":"Los siete saberes necesarios para la educaci\u00f3n del futuro &#8211; (Parte II)","author":"Web del Maestro CMF","date":"20 febrero, 2017","format":false,"excerpt":"Edgar Nahum nace en Par\u00eds, el 8 de Julio de 1921, bajo el seno de una familia de origen jud\u00edo sefard\u00ed. Su padre, Vidal Nahum, naci\u00f3 en 1894 en Sal\u00f3nica (Grecia) y, posteriormente, se naturaliza franc\u00e9s. Su madre fue Luna Beressi, quien sufr\u00eda de una seria lesi\u00f3n en el coraz\u00f3n\u2026","rel":"","context":"En \u00abYo opino - WMCMF\u00bb","block_context":{"text":"Yo opino - WMCMF","link":"https:\/\/webdelmaestrocmf.com\/portal\/category\/jamb\/"},"img":{"alt_text":"","src":"https:\/\/i0.wp.com\/webdelmaestrocmf.com\/portal\/wp-content\/uploads\/2020\/08\/1-copia-99.jpg?resize=350%2C200&ssl=1","width":350,"height":200,"srcset":"https:\/\/i0.wp.com\/webdelmaestrocmf.com\/portal\/wp-content\/uploads\/2020\/08\/1-copia-99.jpg?resize=350%2C200&ssl=1 1x, https:\/\/i0.wp.com\/webdelmaestrocmf.com\/portal\/wp-content\/uploads\/2020\/08\/1-copia-99.jpg?resize=525%2C300&ssl=1 1.5x, https:\/\/i0.wp.com\/webdelmaestrocmf.com\/portal\/wp-content\/uploads\/2020\/08\/1-copia-99.jpg?resize=700%2C400&ssl=1 2x, https:\/\/i0.wp.com\/webdelmaestrocmf.com\/portal\/wp-content\/uploads\/2020\/08\/1-copia-99.jpg?resize=1050%2C600&ssl=1 3x"},"classes":[]},{"id":2947,"url":"https:\/\/webdelmaestrocmf.com\/portal\/los-siete-saberes-necesarios-para-la-educacion-del-futuro-i\/","url_meta":{"origin":9737,"position":1},"title":"Los siete saberes necesarios para la educaci\u00f3n del futuro &#8211; (Parte I)","author":"Web del Maestro CMF","date":"15 abril, 2021","format":false,"excerpt":"Para recordar la propuesta de Edgar Morin (Parte I).\u00a0\u00a0El soci\u00f3logo y antrop\u00f3logo franc\u00e9s, Edgar Morin\u00a0(Par\u00eds, 1921),\u00a0estudi\u00f3 la crisis interna del individuo y la comprensi\u00f3n del \u00abindividuo sociol\u00f3gico\u00bb a trav\u00e9s de lo que \u00e9l llama una \u00abinvestigaci\u00f3n\u00a0multidimensional\u00bb, es decir, utilizando los recursos de la sociolog\u00eda emp\u00edrica y de la observaci\u00f3n comprehensiva.\u2026","rel":"","context":"En \u00abYo opino - WMCMF\u00bb","block_context":{"text":"Yo opino - WMCMF","link":"https:\/\/webdelmaestrocmf.com\/portal\/category\/jamb\/"},"img":{"alt_text":"","src":"https:\/\/i0.wp.com\/webdelmaestrocmf.com\/portal\/wp-content\/uploads\/2020\/08\/1-copia-99.jpg?resize=350%2C200&ssl=1","width":350,"height":200,"srcset":"https:\/\/i0.wp.com\/webdelmaestrocmf.com\/portal\/wp-content\/uploads\/2020\/08\/1-copia-99.jpg?resize=350%2C200&ssl=1 1x, https:\/\/i0.wp.com\/webdelmaestrocmf.com\/portal\/wp-content\/uploads\/2020\/08\/1-copia-99.jpg?resize=525%2C300&ssl=1 1.5x, https:\/\/i0.wp.com\/webdelmaestrocmf.com\/portal\/wp-content\/uploads\/2020\/08\/1-copia-99.jpg?resize=700%2C400&ssl=1 2x, https:\/\/i0.wp.com\/webdelmaestrocmf.com\/portal\/wp-content\/uploads\/2020\/08\/1-copia-99.jpg?resize=1050%2C600&ssl=1 3x"},"classes":[]},{"id":80651,"url":"https:\/\/webdelmaestrocmf.com\/portal\/hemisferios-cerebrales-como-afectan-el-aprendizaje\/","url_meta":{"origin":9737,"position":2},"title":"Hemisferios cerebrales: \u00bfC\u00f3mo afectan el aprendizaje?","author":"Web del Maestro CMF","date":"6 noviembre, 2024","format":false,"excerpt":"Una relaci\u00f3n entre el intelecto y la emoci\u00f3n fue establecida por la Unesco y el pedagogo y fil\u00f3sofo franc\u00e9s Edgar Morin en el libro 'Los 7 saberes necesarios para la educaci\u00f3n del futuro'. A menudo se sostiene que para poder pensar \u201ccon cabeza fr\u00eda\u201d se deben dejar a un lado\u2026","rel":"","context":"En \u00abNeurociencia\u00bb","block_context":{"text":"Neurociencia","link":"https:\/\/webdelmaestrocmf.com\/portal\/category\/pedagogia\/neurociencia\/"},"img":{"alt_text":"","src":"https:\/\/i0.wp.com\/webdelmaestrocmf.com\/portal\/wp-content\/uploads\/2022\/11\/Banner-1-portada-imagen-10-1-28.jpg?resize=350%2C200&ssl=1","width":350,"height":200,"srcset":"https:\/\/i0.wp.com\/webdelmaestrocmf.com\/portal\/wp-content\/uploads\/2022\/11\/Banner-1-portada-imagen-10-1-28.jpg?resize=350%2C200&ssl=1 1x, https:\/\/i0.wp.com\/webdelmaestrocmf.com\/portal\/wp-content\/uploads\/2022\/11\/Banner-1-portada-imagen-10-1-28.jpg?resize=525%2C300&ssl=1 1.5x, https:\/\/i0.wp.com\/webdelmaestrocmf.com\/portal\/wp-content\/uploads\/2022\/11\/Banner-1-portada-imagen-10-1-28.jpg?resize=700%2C400&ssl=1 2x"},"classes":[]},{"id":103235,"url":"https:\/\/webdelmaestrocmf.com\/portal\/piramide-de-aprendizaje-de-edgar-dale\/","url_meta":{"origin":9737,"position":3},"title":"Pir\u00e1mide de Aprendizaje de Edgar Dale","author":"Web del Maestro CMF","date":"29 enero, 2024","format":false,"excerpt":"La pir\u00e1mide de aprendizaje de Edgar Dale es una herramienta visual que representa c\u00f3mo las personas aprenden y recuerdan mejor la informaci\u00f3n. La pir\u00e1mide consta de siete niveles, cada uno de los cuales representa un m\u00e9todo de aprendizaje diferente. Los niveles se ordenan de mayor a menor retenci\u00f3n de informaci\u00f3n,\u2026","rel":"","context":"En \u00abAprendizaje\u00bb","block_context":{"text":"Aprendizaje","link":"https:\/\/webdelmaestrocmf.com\/portal\/category\/pedagogia\/aprendizaje\/"},"img":{"alt_text":"Piramide de aprendizaje","src":"https:\/\/i0.wp.com\/webdelmaestrocmf.com\/portal\/wp-content\/uploads\/2024\/01\/Banner-1-portada-imagen-10-29.jpg?resize=350%2C200&ssl=1","width":350,"height":200,"srcset":"https:\/\/i0.wp.com\/webdelmaestrocmf.com\/portal\/wp-content\/uploads\/2024\/01\/Banner-1-portada-imagen-10-29.jpg?resize=350%2C200&ssl=1 1x, https:\/\/i0.wp.com\/webdelmaestrocmf.com\/portal\/wp-content\/uploads\/2024\/01\/Banner-1-portada-imagen-10-29.jpg?resize=525%2C300&ssl=1 1.5x, https:\/\/i0.wp.com\/webdelmaestrocmf.com\/portal\/wp-content\/uploads\/2024\/01\/Banner-1-portada-imagen-10-29.jpg?resize=700%2C400&ssl=1 2x"},"classes":[]},{"id":28923,"url":"https:\/\/webdelmaestrocmf.com\/portal\/elvira-zorrero-lara-es-posible-garantizar-la-educacion\/","url_meta":{"origin":9737,"position":4},"title":"[Elvira Zorrero Lara]  \u00bfEs posible garantizar la educaci\u00f3n?","author":"Web del Maestro CMF","date":"4 julio, 2018","format":false,"excerpt":"En semanas pasadas, una amiga compr\u00f3 un coche, al cual le dieron siete a\u00f1os de garant\u00eda. Esto me hizo reflexionar sobre la posibilidad de garantizar la educaci\u00f3n. En el caso de la formaci\u00f3n acad\u00e9mica no se puede garantizar como un autom\u00f3vil, no obstante vale la pena considerarlo como objetivo para\u2026","rel":"","context":"En \u00abZ-Colaboradores\u00bb","block_context":{"text":"Z-Colaboradores","link":"https:\/\/webdelmaestrocmf.com\/portal\/category\/colaborador\/"},"img":{"alt_text":"","src":"https:\/\/i0.wp.com\/webdelmaestrocmf.com\/portal\/wp-content\/uploads\/2018\/07\/1-1.jpg?resize=350%2C200&ssl=1","width":350,"height":200,"srcset":"https:\/\/i0.wp.com\/webdelmaestrocmf.com\/portal\/wp-content\/uploads\/2018\/07\/1-1.jpg?resize=350%2C200&ssl=1 1x, https:\/\/i0.wp.com\/webdelmaestrocmf.com\/portal\/wp-content\/uploads\/2018\/07\/1-1.jpg?resize=525%2C300&ssl=1 1.5x, https:\/\/i0.wp.com\/webdelmaestrocmf.com\/portal\/wp-content\/uploads\/2018\/07\/1-1.jpg?resize=700%2C400&ssl=1 2x, https:\/\/i0.wp.com\/webdelmaestrocmf.com\/portal\/wp-content\/uploads\/2018\/07\/1-1.jpg?resize=1050%2C600&ssl=1 3x"},"classes":[]},{"id":29846,"url":"https:\/\/webdelmaestrocmf.com\/portal\/hoy-la-ensenanza-es-una-invitacion-a-trabajar-interdisciplinariamente\/","url_meta":{"origin":9737,"position":5},"title":"Hoy la ense\u00f1anza es una invitaci\u00f3n a trabajar interdisciplinariamente","author":"Web del Maestro CMF","date":"3 agosto, 2018","format":false,"excerpt":"El Doctor en Psicolog\u00eda Norberto A. Boggino, de nacionalidad argentina, es autor de m\u00e1s de 20 libros, entre los que destacan \u201cDiversidad, aprendizaje e integraci\u00f3n en contextos escolares\u201d, \u201cC\u00f3mo prevenir la violencia en la escuela\u201d,\u00a0 \u201cDiversidad y convivencia escolar\u201d y \u201cLos Problemas de Aprendizaje No Existen: propuestas y alternativas desde\u2026","rel":"","context":"En \u00abEntrevistas\u00bb","block_context":{"text":"Entrevistas","link":"https:\/\/webdelmaestrocmf.com\/portal\/category\/noticias\/entrevistas\/"},"img":{"alt_text":"","src":"https:\/\/i0.wp.com\/webdelmaestrocmf.com\/portal\/wp-content\/uploads\/2018\/08\/1-11.jpg?resize=350%2C200&ssl=1","width":350,"height":200,"srcset":"https:\/\/i0.wp.com\/webdelmaestrocmf.com\/portal\/wp-content\/uploads\/2018\/08\/1-11.jpg?resize=350%2C200&ssl=1 1x, https:\/\/i0.wp.com\/webdelmaestrocmf.com\/portal\/wp-content\/uploads\/2018\/08\/1-11.jpg?resize=525%2C300&ssl=1 1.5x, https:\/\/i0.wp.com\/webdelmaestrocmf.com\/portal\/wp-content\/uploads\/2018\/08\/1-11.jpg?resize=700%2C400&ssl=1 2x, https:\/\/i0.wp.com\/webdelmaestrocmf.com\/portal\/wp-content\/uploads\/2018\/08\/1-11.jpg?resize=1050%2C600&ssl=1 3x"},"classes":[]}],"_links":{"self":[{"href":"https:\/\/webdelmaestrocmf.com\/portal\/wp-json\/wp\/v2\/posts\/9737","targetHints":{"allow":["GET"]}}],"collection":[{"href":"https:\/\/webdelmaestrocmf.com\/portal\/wp-json\/wp\/v2\/posts"}],"about":[{"href":"https:\/\/webdelmaestrocmf.com\/portal\/wp-json\/wp\/v2\/types\/post"}],"author":[{"embeddable":true,"href":"https:\/\/webdelmaestrocmf.com\/portal\/wp-json\/wp\/v2\/users\/1"}],"replies":[{"embeddable":true,"href":"https:\/\/webdelmaestrocmf.com\/portal\/wp-json\/wp\/v2\/comments?post=9737"}],"version-history":[{"count":0,"href":"https:\/\/webdelmaestrocmf.com\/portal\/wp-json\/wp\/v2\/posts\/9737\/revisions"}],"wp:featuredmedia":[{"embeddable":true,"href":"https:\/\/webdelmaestrocmf.com\/portal\/wp-json\/wp\/v2\/media\/59072"}],"wp:attachment":[{"href":"https:\/\/webdelmaestrocmf.com\/portal\/wp-json\/wp\/v2\/media?parent=9737"}],"wp:term":[{"taxonomy":"category","embeddable":true,"href":"https:\/\/webdelmaestrocmf.com\/portal\/wp-json\/wp\/v2\/categories?post=9737"},{"taxonomy":"post_tag","embeddable":true,"href":"https:\/\/webdelmaestrocmf.com\/portal\/wp-json\/wp\/v2\/tags?post=9737"}],"curies":[{"name":"wp","href":"https:\/\/api.w.org\/{rel}","templated":true}]}}