{"id":97204,"date":"2026-04-11T10:53:00","date_gmt":"2026-04-11T14:53:00","guid":{"rendered":"https:\/\/webdelmaestrocmf.com\/portal\/?p=97204"},"modified":"2026-04-19T15:34:08","modified_gmt":"2026-04-19T19:34:08","slug":"no-solo-revise-su-mochila-sino-que-tambien-evaluamos-sus-emociones-animo-autoestima-entre-otros-aspectos","status":"publish","type":"post","link":"https:\/\/webdelmaestrocmf.com\/portal\/no-solo-revise-su-mochila-sino-que-tambien-evaluamos-sus-emociones-animo-autoestima-entre-otros-aspectos\/","title":{"rendered":"No solo revise su mochila, sino que tambi\u00e9n evaluamos sus emociones, \u00e1nimo, autoestima, entre otros aspectos"},"content":{"rendered":"\n<p>En la actualidad, la seguridad escolar es una prioridad para todos los involucrados en el proceso educativo. Por ello, es importante que los docentes y dem\u00e1s personal escolar implementen medidas de prevenci\u00f3n y detecci\u00f3n de situaciones de riesgo, tanto f\u00edsicas como emocionales.<\/p>\n\n\n\n<!--more-->\n\n\n\n<p>En este sentido, es importante que los docentes no solo se limiten a revisar la mochila de los estudiantes, sino que tambi\u00e9n est\u00e9n atentos a sus emociones, \u00e1nimo y autoestima. Esto permitir\u00e1 identificar posibles se\u00f1ales de alerta que pueden indicar que el estudiante est\u00e1 experimentando alg\u00fan tipo de dificultad o problema.<\/p>\n\n\n\n<p>Algunos de los aspectos que los docentes pueden evaluar son:<\/p>\n\n\n\n<ul class=\"wp-block-list\">\n<li><strong>Cambios en el comportamiento:<\/strong>&nbsp;un cambio repentino en el comportamiento del estudiante, como por ejemplo, retraimiento, agresividad o aislamiento, puede ser una se\u00f1al de alerta.<\/li>\n\n\n\n<li><strong>Problemas de sue\u00f1o o alimentaci\u00f3n:<\/strong>&nbsp;los problemas de sue\u00f1o o alimentaci\u00f3n pueden ser indicadores de estr\u00e9s o ansiedad.<\/li>\n\n\n\n<li><strong>Dificultades en el aprendizaje:<\/strong>&nbsp;los estudiantes que est\u00e1n experimentando dificultades en el aprendizaje pueden sentirse frustrados o desmotivados, lo que puede afectar su autoestima.<\/li>\n\n\n\n<li><strong>Relaciones interpersonales:<\/strong>&nbsp;los estudiantes que tienen problemas en sus relaciones interpersonales pueden sentirse aislados o rechazados.<\/li>\n<\/ul>\n\n\n\n<p>En caso de identificar alguna de estas se\u00f1ales de alerta, es importante que el docente se comunique con el estudiante y su familia para brindarles apoyo y orientaci\u00f3n. Tambi\u00e9n puede ser necesario que el estudiante sea referido a un profesional de la salud mental para que reciba la atenci\u00f3n adecuada.<\/p>\n\n\n\n<p>A continuaci\u00f3n, se presentan algunas recomendaciones para que los docentes puedan evaluar las emociones, el \u00e1nimo y la autoestima de los estudiantes:<\/p>\n\n\n\n<ul class=\"wp-block-list\">\n<li><strong>Crear un ambiente de confianza:<\/strong>&nbsp;es importante que el estudiante se sienta c\u00f3modo para compartir sus emociones con el docente. Para ello, el docente debe crear un ambiente de confianza y respeto.<\/li>\n\n\n\n<li><strong>Ser observador:<\/strong>&nbsp;el docente debe estar atento a los cambios en el comportamiento del estudiante.<\/li>\n\n\n\n<li><strong>Hacer preguntas abiertas:<\/strong>&nbsp;las preguntas abiertas permiten que el estudiante exprese sus sentimientos y pensamientos.<\/li>\n\n\n\n<li><strong>Escuchar atentamente:<\/strong>&nbsp;es importante que el docente escuche atentamente lo que el estudiante tiene que decir.<\/li>\n<\/ul>\n\n\n\n<p>Evaluar las emociones, el \u00e1nimo y la autoestima de los estudiantes es una tarea importante que puede ayudar a prevenir situaciones de riesgo. Al estar atentos a las se\u00f1ales de alerta, los docentes pueden brindar apoyo y orientaci\u00f3n a los estudiantes que lo necesitan.<\/p>\n\n\n\n<h2 class=\"wp-block-heading\"><strong>No solo revise su mochila, sino que tambi\u00e9n hable con su hijo<\/strong><\/h2>\n\n\n\n<p>Los padres desempe\u00f1an un papel fundamental en la seguridad y el bienestar de sus hijos. Por ello, es importante que est\u00e9n atentos a sus emociones, \u00e1nimo y autoestima.<\/p>\n\n\n\n<p>En este sentido, es importante que los padres no solo se limiten a revisar la mochila de sus hijos, sino que tambi\u00e9n hablen con ellos sobre c\u00f3mo se sienten. Esto permitir\u00e1 identificar posibles se\u00f1ales de alerta que pueden indicar que el hijo est\u00e1 experimentando alg\u00fan tipo de dificultad o problema.<\/p>\n\n\n\n<p>Algunos de los aspectos que los padres pueden evaluar son:<\/p>\n\n\n\n<ul class=\"wp-block-list\">\n<li><strong>Cambios en el comportamiento:<\/strong>&nbsp;un cambio repentino en el comportamiento del hijo, como por ejemplo, retraimiento, agresividad o aislamiento, puede ser una se\u00f1al de alerta.<\/li>\n\n\n\n<li><strong>Problemas de sue\u00f1o o alimentaci\u00f3n:<\/strong>&nbsp;los problemas de sue\u00f1o o alimentaci\u00f3n pueden ser indicadores de estr\u00e9s o ansiedad.<\/li>\n\n\n\n<li><strong>Dificultades en el aprendizaje:<\/strong>&nbsp;los hijos que est\u00e1n experimentando dificultades en el aprendizaje pueden sentirse frustrados o desmotivados, lo que puede afectar su autoestima.<\/li>\n\n\n\n<li><strong>Relaciones interpersonales:<\/strong>&nbsp;los hijos que tienen problemas en sus relaciones interpersonales pueden sentirse aislados o rechazados.<\/li>\n<\/ul>\n\n\n\n<p>En caso de identificar alguna de estas se\u00f1ales de alerta, es importante que los padres se comuniquen con su hijo para brindarles apoyo y orientaci\u00f3n. Tambi\u00e9n puede ser necesario que el hijo sea referido a un profesional de la salud mental para que reciba la atenci\u00f3n adecuada.<\/p>\n\n\n\n<p>A continuaci\u00f3n, se presentan algunas recomendaciones para que los padres puedan evaluar las emociones, el \u00e1nimo y la autoestima de sus hijos:<\/p>\n\n\n\n<ul class=\"wp-block-list\">\n<li><strong>Crear un ambiente de confianza:<\/strong>&nbsp;es importante que el hijo se sienta c\u00f3modo para compartir sus emociones con los padres. Para ello, los padres deben crear un ambiente de confianza y respeto.<\/li>\n\n\n\n<li><strong>Ser observador:<\/strong>&nbsp;los padres deben estar atentos a los cambios en el comportamiento del hijo.<\/li>\n\n\n\n<li><strong>Hacer preguntas abiertas:<\/strong>&nbsp;las preguntas abiertas permiten que el hijo exprese sus sentimientos y pensamientos.<\/li>\n\n\n\n<li><strong>Escuchar atentamente:<\/strong>&nbsp;es importante que los padres escuchen atentamente lo que el hijo tiene que decir.<\/li>\n<\/ul>\n\n\n\n<p>Hablar con los hijos sobre c\u00f3mo se sienten es una tarea importante que puede ayudar a prevenir situaciones de riesgo. Al estar atentos a las se\u00f1ales de alerta, los padres pueden brindar apoyo y orientaci\u00f3n a sus hijos que lo necesitan.<\/p>\n\n\n\n<figure class=\"wp-block-image\"><img loading=\"lazy\" decoding=\"async\" width=\"800\" height=\"418\" src=\"https:\/\/webdelmaestrocmf.com\/portal\/wp-content\/uploads\/2023\/10\/AF6QYNmoW0AA4t6-13-1.jpg\" alt=\"emociones\" class=\"wp-image-97205\" srcset=\"https:\/\/webdelmaestrocmf.com\/portal\/wp-content\/uploads\/2023\/10\/AF6QYNmoW0AA4t6-13-1.jpg 800w, https:\/\/webdelmaestrocmf.com\/portal\/wp-content\/uploads\/2023\/10\/AF6QYNmoW0AA4t6-13-1-300x157.jpg 300w, https:\/\/webdelmaestrocmf.com\/portal\/wp-content\/uploads\/2023\/10\/AF6QYNmoW0AA4t6-13-1-768x401.jpg 768w, https:\/\/webdelmaestrocmf.com\/portal\/wp-content\/uploads\/2023\/10\/AF6QYNmoW0AA4t6-13-1-380x199.jpg 380w, https:\/\/webdelmaestrocmf.com\/portal\/wp-content\/uploads\/2023\/10\/AF6QYNmoW0AA4t6-13-1-550x287.jpg 550w\" sizes=\"auto, (max-width: 800px) 100vw, 800px\" \/><\/figure>\n\n\n\n<h2 class=\"wp-block-heading\"><strong>\u00bfC\u00f3mo hablar con su hijo?<\/strong><\/h2>\n\n\n\n<p>A continuaci\u00f3n, se presentan algunos consejos para hablar con su hijo sobre sus emociones, \u00e1nimo y autoestima:<\/p>\n\n\n\n<ul class=\"wp-block-list\">\n<li><strong>Elija un momento y lugar tranquilo para hablar.<\/strong><\/li>\n\n\n\n<li><strong>Comience por preguntarle c\u00f3mo se siente.<\/strong><\/li>\n\n\n\n<li><strong>Escuche atentamente lo que su hijo tiene que decir.<\/strong><\/li>\n\n\n\n<li><strong>No juzgue ni critique a su hijo.<\/strong><\/li>\n\n\n\n<li><strong>Ofrezca su apoyo y comprensi\u00f3n.<\/strong><\/li>\n\n\n\n<li><strong>Si su hijo est\u00e1 experimentando alg\u00fan problema, ay\u00fadele a buscar ayuda profesional.<\/strong><\/li>\n<\/ul>\n\n\n\n<p>Recuerda que hablar con su hijo es una forma de demostrarle que lo ama y que est\u00e1 ah\u00ed para \u00e9l.<\/p>\n\n\n\n<p class=\"has-text-align-right\"><strong>Redacci\u00f3n | Web del Maestro CMF<\/strong><\/p>\n\n\n\n<p style=\"display:block; background:#e5e7eb; color:#333; padding:10px 18px; border-radius:6px; font-size:16px; text-align:center; width:fit-content; margin:20px auto;\"> MATERIAL DE DESCARGA: <a href=\"https:\/\/drive.google.com\/drive\/folders\/1Pjo2JyHpDELFkoKYcCz6JVOfxGPA8iu2?usp=sharing\" target=\"_blank\" rel=\"noopener noreferrer\" style=\"text-decoration:none; color:#333;\"> MANUAL DE JUEGOS PARA LA AUTOESTIMA<\/a><\/p>\n\n\n\t\t<div class=\"pk-inline-posts\">\n\t\t\t\t\t\t\t<h5 class=\"pk-inline-posts-title pk-title pk-font-block\">\n\t\t\t\t\t\u00daltimas entradas\t\t\t\t<\/h5>\n\t\t\t\n\t\t\t<div class=\"pk-inline-posts-container pk-inline-posts-template-list\"\n\t\t\t\tdata-columns=\"1\">\n\t\t\t\t\t\t<article id=\"post-12225\" class=\"post-12225 post type-post status-publish format-standard has-post-thumbnail category-padres category-pedagogia tag-10-conductas tag-educacion tag-entorpecen tag-hijos tag-ninos tag-padres cs-entry cs-video-wrap\">\n\t\t\t<div class=\"pk-post-outer\">\n\n\t\t\t\t\t\t\t\t<div class=\"pk-post-inner\">\n\t\t\t\t\t<div class=\"entry-thumbnail\">\n\t\t\t\t\t\t<div class=\"pk-overlay pk-overlay-ratio pk-ratio-landscape\">\n\t\t\t\t\t\t\t<div class=\"pk-overlay-background\">\n\t\t\t\t\t\t\t\t<a href=\"https:\/\/webdelmaestrocmf.com\/portal\/las-10-conductas-de-los-padres-que-entorpecen-la-educacion-de-los-ninos\/\" class=\"pk-overlay-link\">\n\t\t\t\t\t\t\t\t\t<img loading=\"lazy\" decoding=\"async\" width=\"300\" height=\"225\" src=\"https:\/\/webdelmaestrocmf.com\/portal\/wp-content\/uploads\/2020\/02\/1AA-Banner-1-portada-imagen-10-1-copia-8-300x225.webp\" class=\"attachment-pk-thumbnail size-pk-thumbnail wp-post-image\" alt=\"\" \/>\t\t\t\t\t\t\t\t<\/a>\n\t\t\t\t\t\t\t<\/div>\n\t\t\t\t\t\t<\/div>\n\t\t\t\t\t<\/div>\n\t\t\t\t<\/div>\n\t\t\t\t\n\t\t\t\t<div class=\"pk-post-inner\">\n\t\t\t\t\t<header>\n\t\t\t\t\t\t<h3 class=\"pk-title\"><a href=\"https:\/\/webdelmaestrocmf.com\/portal\/las-10-conductas-de-los-padres-que-entorpecen-la-educacion-de-los-ninos\/\" rel=\"bookmark\">Las 10 conductas de los padres que entorpecen la educaci\u00f3n de los ni\u00f1os<\/a><\/h3>\t\t\t\t\t<\/header><!-- .entry-header -->\n\t\t\t\t<\/div><!-- .post-inner -->\n\n\t\t\t<\/div><!-- .post-outer -->\n\t\t<\/article>\n\t\t\t<article id=\"post-117803\" class=\"post-117803 post type-post status-publish format-standard has-post-thumbnail category-descarga category-emociones category-pedagogia tag-aprendizaje-ludico-2 tag-aula-innovadora tag-docentes tag-educacion-emocional-3 tag-estrategias-didacticas-2 tag-inteligencia-emocional tag-juego-educativo tag-powerpoint-educativo tag-recursos-educativos cs-entry cs-video-wrap\">\n\t\t\t<div class=\"pk-post-outer\">\n\n\t\t\t\t\t\t\t\t<div class=\"pk-post-inner\">\n\t\t\t\t\t<div class=\"entry-thumbnail\">\n\t\t\t\t\t\t<div class=\"pk-overlay pk-overlay-ratio pk-ratio-landscape\">\n\t\t\t\t\t\t\t<div class=\"pk-overlay-background\">\n\t\t\t\t\t\t\t\t<a href=\"https:\/\/webdelmaestrocmf.com\/portal\/descarga-el-juego-educativo-interactivo-desafios-intensamente-en-powerpoint-para-trabajar-las-emociones-incluye-una-consola-con-4-dinamicas-ludicas-y-didacticas\/\" class=\"pk-overlay-link\">\n\t\t\t\t\t\t\t\t\t<img loading=\"lazy\" decoding=\"async\" width=\"300\" height=\"225\" src=\"https:\/\/webdelmaestrocmf.com\/portal\/wp-content\/uploads\/2026\/04\/1AA-Banner-1-portada-imagen-10-1-copia-18-300x225.webp\" class=\"attachment-pk-thumbnail size-pk-thumbnail wp-post-image\" alt=\"\" \/>\t\t\t\t\t\t\t\t<\/a>\n\t\t\t\t\t\t\t<\/div>\n\t\t\t\t\t\t<\/div>\n\t\t\t\t\t<\/div>\n\t\t\t\t<\/div>\n\t\t\t\t\n\t\t\t\t<div class=\"pk-post-inner\">\n\t\t\t\t\t<header>\n\t\t\t\t\t\t<h3 class=\"pk-title\"><a href=\"https:\/\/webdelmaestrocmf.com\/portal\/descarga-el-juego-educativo-interactivo-desafios-intensamente-en-powerpoint-para-trabajar-las-emociones-incluye-una-consola-con-4-dinamicas-ludicas-y-didacticas\/\" rel=\"bookmark\">Descarga el Juego Educativo Interactivo \u201cDesaf\u00edos Intensamente\u201d en PowerPoint para trabajar las emociones: incluye una consola con 4 din\u00e1micas l\u00fadicas y did\u00e1cticas<\/a><\/h3>\t\t\t\t\t<\/header><!-- .entry-header -->\n\t\t\t\t<\/div><!-- .post-inner -->\n\n\t\t\t<\/div><!-- .post-outer -->\n\t\t<\/article>\n\t\t\t<article id=\"post-18096\" class=\"post-18096 post type-post status-publish format-standard has-post-thumbnail category-docentes category-padres category-pedagogia tag-aprendizaje tag-estudiantes tag-trastornos cs-entry cs-video-wrap\">\n\t\t\t<div class=\"pk-post-outer\">\n\n\t\t\t\t\t\t\t\t<div class=\"pk-post-inner\">\n\t\t\t\t\t<div class=\"entry-thumbnail\">\n\t\t\t\t\t\t<div class=\"pk-overlay pk-overlay-ratio pk-ratio-landscape\">\n\t\t\t\t\t\t\t<div class=\"pk-overlay-background\">\n\t\t\t\t\t\t\t\t<a href=\"https:\/\/webdelmaestrocmf.com\/portal\/trastornos-del-aprendizaje-en-los-estudiantes-como-identificarlos\/\" class=\"pk-overlay-link\">\n\t\t\t\t\t\t\t\t\t<img loading=\"lazy\" decoding=\"async\" width=\"300\" height=\"225\" src=\"https:\/\/webdelmaestrocmf.com\/portal\/wp-content\/uploads\/2021\/02\/Banner-1-portada-imagen-10-37-300x225.jpg\" class=\"attachment-pk-thumbnail size-pk-thumbnail wp-post-image\" alt=\"Trastornos\" \/>\t\t\t\t\t\t\t\t<\/a>\n\t\t\t\t\t\t\t<\/div>\n\t\t\t\t\t\t<\/div>\n\t\t\t\t\t<\/div>\n\t\t\t\t<\/div>\n\t\t\t\t\n\t\t\t\t<div class=\"pk-post-inner\">\n\t\t\t\t\t<header>\n\t\t\t\t\t\t<h3 class=\"pk-title\"><a href=\"https:\/\/webdelmaestrocmf.com\/portal\/trastornos-del-aprendizaje-en-los-estudiantes-como-identificarlos\/\" rel=\"bookmark\">Trastornos del aprendizaje en los estudiantes, \u00bfc\u00f3mo identificarlos? Descarga la gu\u00eda para padres y docentes<\/a><\/h3>\t\t\t\t\t<\/header><!-- .entry-header -->\n\t\t\t\t<\/div><!-- .post-inner -->\n\n\t\t\t<\/div><!-- .post-outer -->\n\t\t<\/article>\n\t\t\t\t<\/div>\n\t\t<\/div>\n\t\t\n","protected":false},"excerpt":{"rendered":"Docentes y padres deben observar emociones, autoestima y conductas de los estudiantes para detectar riesgos. Escuchar, dialogar y generar confianza permite intervenir oportunamente y brindar apoyo integral al bienestar infantil.","protected":false},"author":1,"featured_media":117625,"comment_status":"open","ping_status":"closed","sticky":false,"template":"","format":"standard","meta":{"csco_display_header_overlay":false,"csco_singular_sidebar":"","csco_page_header_type":"","csco_page_load_nextpost":"","csco_post_video_location":[],"csco_post_video_location_hash":"","csco_post_video_url":"","csco_post_video_bg_start_time":0,"csco_post_video_bg_end_time":0,"csco_post_video_bg_volume":false,"_jetpack_memberships_contains_paid_content":false,"footnotes":""},"categories":[3900,1577,735],"tags":[6444,5670,1302,276,14806,22073,22072,2759],"class_list":{"0":"post-97204","1":"post","2":"type-post","3":"status-publish","4":"format-standard","5":"has-post-thumbnail","7":"category-emociones","8":"category-padres","9":"category-pedagogia","10":"tag-animo","11":"tag-aspectos","12":"tag-autoestima","13":"tag-emociones","14":"tag-evaluamos","15":"tag-mochila","16":"tag-revise","17":"tag-tambien","18":"cs-entry","19":"cs-video-wrap"},"yoast_head":"<!-- This site is optimized with the Yoast SEO plugin v27.5 - https:\/\/yoast.com\/product\/yoast-seo-wordpress\/ -->\n<title>No solo revise su mochila, sino que tambi\u00e9n evaluamos sus emociones, \u00e1nimo, autoestima, entre otros aspectos - 2026<\/title>\n<meta name=\"description\" content=\"En la actualidad, la seguridad escolar es una prioridad para todos los involucrados en el proceso educativo. Por ello, es importante...\" \/>\n<meta name=\"robots\" content=\"index, follow, max-snippet:-1, max-image-preview:large, max-video-preview:-1\" \/>\n<link rel=\"canonical\" href=\"https:\/\/webdelmaestrocmf.com\/portal\/no-solo-revise-su-mochila-sino-que-tambien-evaluamos-sus-emociones-animo-autoestima-entre-otros-aspectos\/\" \/>\n<meta property=\"og:locale\" content=\"es_ES\" \/>\n<meta property=\"og:type\" content=\"article\" \/>\n<meta property=\"og:title\" content=\"No solo revise su mochila, sino que tambi\u00e9n evaluamos sus emociones, \u00e1nimo, autoestima, entre otros aspectos - 2026\" \/>\n<meta property=\"og:description\" content=\"En la actualidad, la seguridad escolar es una prioridad para todos los involucrados en el proceso educativo. Por ello, es importante...\" \/>\n<meta property=\"og:url\" content=\"https:\/\/webdelmaestrocmf.com\/portal\/no-solo-revise-su-mochila-sino-que-tambien-evaluamos-sus-emociones-animo-autoestima-entre-otros-aspectos\/\" \/>\n<meta property=\"og:site_name\" content=\"Web del Maestro CMF\" \/>\n<meta property=\"article:publisher\" content=\"https:\/\/www.facebook.com\/WebdelMaestroCMF\/\" \/>\n<meta property=\"article:author\" content=\"https:\/\/www.facebook.com\/WebdelMaestroCMF\/\" \/>\n<meta property=\"article:published_time\" content=\"2026-04-11T14:53:00+00:00\" \/>\n<meta property=\"article:modified_time\" content=\"2026-04-19T19:34:08+00:00\" \/>\n<meta property=\"og:image\" content=\"https:\/\/webdelmaestrocmf.com\/portal\/wp-content\/uploads\/2023\/10\/1AA-Banner-1-portada-imagen-10-1-copia-4.webp\" \/>\n\t<meta property=\"og:image:width\" content=\"1200\" \/>\n\t<meta property=\"og:image:height\" content=\"675\" \/>\n\t<meta property=\"og:image:type\" content=\"image\/webp\" \/>\n<meta name=\"author\" content=\"Web del Maestro CMF\" \/>\n<meta name=\"twitter:card\" content=\"summary_large_image\" \/>\n<meta name=\"twitter:creator\" content=\"@cmf_w\" \/>\n<meta name=\"twitter:site\" content=\"@cmf_w\" \/>\n<script type=\"application\/ld+json\" class=\"yoast-schema-graph\">{\"@context\":\"https:\\\/\\\/schema.org\",\"@graph\":[{\"@type\":\"ScholarlyArticle\",\"@id\":\"https:\\\/\\\/webdelmaestrocmf.com\\\/portal\\\/no-solo-revise-su-mochila-sino-que-tambien-evaluamos-sus-emociones-animo-autoestima-entre-otros-aspectos\\\/#article\",\"isPartOf\":{\"@id\":\"https:\\\/\\\/webdelmaestrocmf.com\\\/portal\\\/no-solo-revise-su-mochila-sino-que-tambien-evaluamos-sus-emociones-animo-autoestima-entre-otros-aspectos\\\/\"},\"author\":{\"name\":\"Web del Maestro CMF\",\"@id\":\"https:\\\/\\\/webdelmaestrocmf.com\\\/portal\\\/#\\\/schema\\\/person\\\/1072a2ed7bd960df8ef99a551fa35dc5\"},\"headline\":\"No solo revise su mochila, sino que tambi\u00e9n evaluamos sus emociones, \u00e1nimo, autoestima, entre otros aspectos\",\"datePublished\":\"2026-04-11T14:53:00+00:00\",\"dateModified\":\"2026-04-19T19:34:08+00:00\",\"mainEntityOfPage\":{\"@id\":\"https:\\\/\\\/webdelmaestrocmf.com\\\/portal\\\/no-solo-revise-su-mochila-sino-que-tambien-evaluamos-sus-emociones-animo-autoestima-entre-otros-aspectos\\\/\"},\"wordCount\":958,\"commentCount\":0,\"publisher\":{\"@id\":\"https:\\\/\\\/webdelmaestrocmf.com\\\/portal\\\/#organization\"},\"image\":{\"@id\":\"https:\\\/\\\/webdelmaestrocmf.com\\\/portal\\\/no-solo-revise-su-mochila-sino-que-tambien-evaluamos-sus-emociones-animo-autoestima-entre-otros-aspectos\\\/#primaryimage\"},\"thumbnailUrl\":\"https:\\\/\\\/webdelmaestrocmf.com\\\/portal\\\/wp-content\\\/uploads\\\/2023\\\/10\\\/1AA-Banner-1-portada-imagen-10-1-copia-4.webp\",\"keywords\":[\"\u00e1nimo\",\"Aspectos\",\"AUTOESTIMA\",\"EMOCIONES\",\"Evaluamos\",\"mochila\",\"revise\",\"TAMBI\u00c9N\"],\"articleSection\":[\"Emociones\",\"Padres\",\"Recursos\"],\"inLanguage\":\"es\",\"potentialAction\":[{\"@type\":\"CommentAction\",\"name\":\"Comment\",\"target\":[\"https:\\\/\\\/webdelmaestrocmf.com\\\/portal\\\/no-solo-revise-su-mochila-sino-que-tambien-evaluamos-sus-emociones-animo-autoestima-entre-otros-aspectos\\\/#respond\"]}]},{\"@type\":\"WebPage\",\"@id\":\"https:\\\/\\\/webdelmaestrocmf.com\\\/portal\\\/no-solo-revise-su-mochila-sino-que-tambien-evaluamos-sus-emociones-animo-autoestima-entre-otros-aspectos\\\/\",\"url\":\"https:\\\/\\\/webdelmaestrocmf.com\\\/portal\\\/no-solo-revise-su-mochila-sino-que-tambien-evaluamos-sus-emociones-animo-autoestima-entre-otros-aspectos\\\/\",\"name\":\"No solo revise su mochila, sino que tambi\u00e9n evaluamos sus emociones, \u00e1nimo, autoestima, entre otros aspectos - 2026\",\"isPartOf\":{\"@id\":\"https:\\\/\\\/webdelmaestrocmf.com\\\/portal\\\/#website\"},\"primaryImageOfPage\":{\"@id\":\"https:\\\/\\\/webdelmaestrocmf.com\\\/portal\\\/no-solo-revise-su-mochila-sino-que-tambien-evaluamos-sus-emociones-animo-autoestima-entre-otros-aspectos\\\/#primaryimage\"},\"image\":{\"@id\":\"https:\\\/\\\/webdelmaestrocmf.com\\\/portal\\\/no-solo-revise-su-mochila-sino-que-tambien-evaluamos-sus-emociones-animo-autoestima-entre-otros-aspectos\\\/#primaryimage\"},\"thumbnailUrl\":\"https:\\\/\\\/webdelmaestrocmf.com\\\/portal\\\/wp-content\\\/uploads\\\/2023\\\/10\\\/1AA-Banner-1-portada-imagen-10-1-copia-4.webp\",\"datePublished\":\"2026-04-11T14:53:00+00:00\",\"dateModified\":\"2026-04-19T19:34:08+00:00\",\"description\":\"En la actualidad, la seguridad escolar es una prioridad para todos los involucrados en el proceso educativo. Por ello, es importante...\",\"breadcrumb\":{\"@id\":\"https:\\\/\\\/webdelmaestrocmf.com\\\/portal\\\/no-solo-revise-su-mochila-sino-que-tambien-evaluamos-sus-emociones-animo-autoestima-entre-otros-aspectos\\\/#breadcrumb\"},\"inLanguage\":\"es\",\"potentialAction\":[{\"@type\":\"ReadAction\",\"target\":[\"https:\\\/\\\/webdelmaestrocmf.com\\\/portal\\\/no-solo-revise-su-mochila-sino-que-tambien-evaluamos-sus-emociones-animo-autoestima-entre-otros-aspectos\\\/\"]}]},{\"@type\":\"ImageObject\",\"inLanguage\":\"es\",\"@id\":\"https:\\\/\\\/webdelmaestrocmf.com\\\/portal\\\/no-solo-revise-su-mochila-sino-que-tambien-evaluamos-sus-emociones-animo-autoestima-entre-otros-aspectos\\\/#primaryimage\",\"url\":\"https:\\\/\\\/webdelmaestrocmf.com\\\/portal\\\/wp-content\\\/uploads\\\/2023\\\/10\\\/1AA-Banner-1-portada-imagen-10-1-copia-4.webp\",\"contentUrl\":\"https:\\\/\\\/webdelmaestrocmf.com\\\/portal\\\/wp-content\\\/uploads\\\/2023\\\/10\\\/1AA-Banner-1-portada-imagen-10-1-copia-4.webp\",\"width\":1200,\"height\":675},{\"@type\":\"BreadcrumbList\",\"@id\":\"https:\\\/\\\/webdelmaestrocmf.com\\\/portal\\\/no-solo-revise-su-mochila-sino-que-tambien-evaluamos-sus-emociones-animo-autoestima-entre-otros-aspectos\\\/#breadcrumb\",\"itemListElement\":[{\"@type\":\"ListItem\",\"position\":1,\"name\":\"Portada\",\"item\":\"https:\\\/\\\/webdelmaestrocmf.com\\\/portal\\\/\"},{\"@type\":\"ListItem\",\"position\":2,\"name\":\"Recursos\",\"item\":\"https:\\\/\\\/webdelmaestrocmf.com\\\/portal\\\/category\\\/pedagogia\\\/\"},{\"@type\":\"ListItem\",\"position\":3,\"name\":\"Emociones\",\"item\":\"https:\\\/\\\/webdelmaestrocmf.com\\\/portal\\\/category\\\/pedagogia\\\/emociones\\\/\"},{\"@type\":\"ListItem\",\"position\":4,\"name\":\"No solo revise su mochila, sino que tambi\u00e9n evaluamos sus emociones, \u00e1nimo, autoestima, entre otros aspectos\"}]},{\"@type\":\"WebSite\",\"@id\":\"https:\\\/\\\/webdelmaestrocmf.com\\\/portal\\\/#website\",\"url\":\"https:\\\/\\\/webdelmaestrocmf.com\\\/portal\\\/\",\"name\":\"Web del Maestro CMF\",\"description\":\"Maestros al servicio de la educaci\u00f3n\",\"publisher\":{\"@id\":\"https:\\\/\\\/webdelmaestrocmf.com\\\/portal\\\/#organization\"},\"alternateName\":\"WMCMF\",\"potentialAction\":[{\"@type\":\"SearchAction\",\"target\":{\"@type\":\"EntryPoint\",\"urlTemplate\":\"https:\\\/\\\/webdelmaestrocmf.com\\\/portal\\\/?s={search_term_string}\"},\"query-input\":{\"@type\":\"PropertyValueSpecification\",\"valueRequired\":true,\"valueName\":\"search_term_string\"}}],\"inLanguage\":\"es\"},{\"@type\":\"Organization\",\"@id\":\"https:\\\/\\\/webdelmaestrocmf.com\\\/portal\\\/#organization\",\"name\":\"Web del Maestro CMF\",\"alternateName\":\"WMCMF\",\"url\":\"https:\\\/\\\/webdelmaestrocmf.com\\\/portal\\\/\",\"logo\":{\"@type\":\"ImageObject\",\"inLanguage\":\"es\",\"@id\":\"https:\\\/\\\/webdelmaestrocmf.com\\\/portal\\\/#\\\/schema\\\/logo\\\/image\\\/\",\"url\":\"https:\\\/\\\/webdelmaestrocmf.com\\\/portal\\\/wp-content\\\/uploads\\\/2023\\\/01\\\/logo-wmcmf-2.png\",\"contentUrl\":\"https:\\\/\\\/webdelmaestrocmf.com\\\/portal\\\/wp-content\\\/uploads\\\/2023\\\/01\\\/logo-wmcmf-2.png\",\"width\":200,\"height\":60,\"caption\":\"Web del Maestro CMF\"},\"image\":{\"@id\":\"https:\\\/\\\/webdelmaestrocmf.com\\\/portal\\\/#\\\/schema\\\/logo\\\/image\\\/\"},\"sameAs\":[\"https:\\\/\\\/www.facebook.com\\\/WebdelMaestroCMF\\\/\",\"https:\\\/\\\/x.com\\\/cmf_w\",\"https:\\\/\\\/www.pinterest.com\\\/WMCMF\\\/\",\"https:\\\/\\\/www.linkedin.com\\\/company\\\/web-del-maestro-cmf\\\/\",\"https:\\\/\\\/www.instagram.com\\\/wmcmf\\\/\",\"https:\\\/\\\/www.youtube.com\\\/channel\\\/UCDPSvjbdodE5sHnC3OxutHw\",\"https:\\\/\\\/mastodon.social\\\/@wmcmf\",\"https:\\\/\\\/www.tiktok.com\\\/@webdelmaestrocmf\"]},{\"@type\":\"Person\",\"@id\":\"https:\\\/\\\/webdelmaestrocmf.com\\\/portal\\\/#\\\/schema\\\/person\\\/1072a2ed7bd960df8ef99a551fa35dc5\",\"name\":\"Web del Maestro CMF\",\"image\":{\"@type\":\"ImageObject\",\"inLanguage\":\"es\",\"@id\":\"https:\\\/\\\/secure.gravatar.com\\\/avatar\\\/23291dd5b5ae1077dcff3dbb04c3e02bd28403fa75af6d8787d5e97c5bbbe30b?s=96&d=mm&r=g\",\"url\":\"https:\\\/\\\/secure.gravatar.com\\\/avatar\\\/23291dd5b5ae1077dcff3dbb04c3e02bd28403fa75af6d8787d5e97c5bbbe30b?s=96&d=mm&r=g\",\"contentUrl\":\"https:\\\/\\\/secure.gravatar.com\\\/avatar\\\/23291dd5b5ae1077dcff3dbb04c3e02bd28403fa75af6d8787d5e97c5bbbe30b?s=96&d=mm&r=g\",\"caption\":\"Web del Maestro CMF\"},\"description\":\"Esta Web se cre\u00f3 sin fines de lucro, con fines educativos, cient\u00edficos y acad\u00e9micos, para personas que tengan dificultades y\\\/o inconvenientes en visualizar el material original. El objetivo es entregar recursos, compartir experiencias y materiales que ayuden a los padres de familia, maestros y estudiantes en su actualizaci\u00f3n y formaci\u00f3n permanente, en bien de la Educaci\u00f3n.\",\"sameAs\":[\"http:\\\/\\\/webdelmaestrocmf.com\\\/portal\",\"https:\\\/\\\/www.facebook.com\\\/WebdelMaestroCMF\\\/\",\"https:\\\/\\\/www.instagram.com\\\/wmcmf\\\/\",\"https:\\\/\\\/cl.linkedin.com\\\/company\\\/web-del-maestro-cmf\",\"https:\\\/\\\/www.pinterest.com\\\/WMCMF\\\/publicaciones\\\/\",\"https:\\\/\\\/x.com\\\/cmf_w\",\"https:\\\/\\\/www.youtube.com\\\/@WMCMF\"]}]}<\/script>\n<!-- \/ Yoast SEO plugin. -->","yoast_head_json":{"title":"No solo revise su mochila, sino que tambi\u00e9n evaluamos sus emociones, \u00e1nimo, autoestima, entre otros aspectos - 2026","description":"En la actualidad, la seguridad escolar es una prioridad para todos los involucrados en el proceso educativo. Por ello, es importante...","robots":{"index":"index","follow":"follow","max-snippet":"max-snippet:-1","max-image-preview":"max-image-preview:large","max-video-preview":"max-video-preview:-1"},"canonical":"https:\/\/webdelmaestrocmf.com\/portal\/no-solo-revise-su-mochila-sino-que-tambien-evaluamos-sus-emociones-animo-autoestima-entre-otros-aspectos\/","og_locale":"es_ES","og_type":"article","og_title":"No solo revise su mochila, sino que tambi\u00e9n evaluamos sus emociones, \u00e1nimo, autoestima, entre otros aspectos - 2026","og_description":"En la actualidad, la seguridad escolar es una prioridad para todos los involucrados en el proceso educativo. Por ello, es importante...","og_url":"https:\/\/webdelmaestrocmf.com\/portal\/no-solo-revise-su-mochila-sino-que-tambien-evaluamos-sus-emociones-animo-autoestima-entre-otros-aspectos\/","og_site_name":"Web del Maestro CMF","article_publisher":"https:\/\/www.facebook.com\/WebdelMaestroCMF\/","article_author":"https:\/\/www.facebook.com\/WebdelMaestroCMF\/","article_published_time":"2026-04-11T14:53:00+00:00","article_modified_time":"2026-04-19T19:34:08+00:00","og_image":[{"width":1200,"height":675,"url":"https:\/\/webdelmaestrocmf.com\/portal\/wp-content\/uploads\/2023\/10\/1AA-Banner-1-portada-imagen-10-1-copia-4.webp","type":"image\/webp"}],"author":"Web del Maestro CMF","twitter_card":"summary_large_image","twitter_creator":"@cmf_w","twitter_site":"@cmf_w","schema":{"@context":"https:\/\/schema.org","@graph":[{"@type":"ScholarlyArticle","@id":"https:\/\/webdelmaestrocmf.com\/portal\/no-solo-revise-su-mochila-sino-que-tambien-evaluamos-sus-emociones-animo-autoestima-entre-otros-aspectos\/#article","isPartOf":{"@id":"https:\/\/webdelmaestrocmf.com\/portal\/no-solo-revise-su-mochila-sino-que-tambien-evaluamos-sus-emociones-animo-autoestima-entre-otros-aspectos\/"},"author":{"name":"Web del Maestro CMF","@id":"https:\/\/webdelmaestrocmf.com\/portal\/#\/schema\/person\/1072a2ed7bd960df8ef99a551fa35dc5"},"headline":"No solo revise su mochila, sino que tambi\u00e9n evaluamos sus emociones, \u00e1nimo, autoestima, entre otros aspectos","datePublished":"2026-04-11T14:53:00+00:00","dateModified":"2026-04-19T19:34:08+00:00","mainEntityOfPage":{"@id":"https:\/\/webdelmaestrocmf.com\/portal\/no-solo-revise-su-mochila-sino-que-tambien-evaluamos-sus-emociones-animo-autoestima-entre-otros-aspectos\/"},"wordCount":958,"commentCount":0,"publisher":{"@id":"https:\/\/webdelmaestrocmf.com\/portal\/#organization"},"image":{"@id":"https:\/\/webdelmaestrocmf.com\/portal\/no-solo-revise-su-mochila-sino-que-tambien-evaluamos-sus-emociones-animo-autoestima-entre-otros-aspectos\/#primaryimage"},"thumbnailUrl":"https:\/\/webdelmaestrocmf.com\/portal\/wp-content\/uploads\/2023\/10\/1AA-Banner-1-portada-imagen-10-1-copia-4.webp","keywords":["\u00e1nimo","Aspectos","AUTOESTIMA","EMOCIONES","Evaluamos","mochila","revise","TAMBI\u00c9N"],"articleSection":["Emociones","Padres","Recursos"],"inLanguage":"es","potentialAction":[{"@type":"CommentAction","name":"Comment","target":["https:\/\/webdelmaestrocmf.com\/portal\/no-solo-revise-su-mochila-sino-que-tambien-evaluamos-sus-emociones-animo-autoestima-entre-otros-aspectos\/#respond"]}]},{"@type":"WebPage","@id":"https:\/\/webdelmaestrocmf.com\/portal\/no-solo-revise-su-mochila-sino-que-tambien-evaluamos-sus-emociones-animo-autoestima-entre-otros-aspectos\/","url":"https:\/\/webdelmaestrocmf.com\/portal\/no-solo-revise-su-mochila-sino-que-tambien-evaluamos-sus-emociones-animo-autoestima-entre-otros-aspectos\/","name":"No solo revise su mochila, sino que tambi\u00e9n evaluamos sus emociones, \u00e1nimo, autoestima, entre otros aspectos - 2026","isPartOf":{"@id":"https:\/\/webdelmaestrocmf.com\/portal\/#website"},"primaryImageOfPage":{"@id":"https:\/\/webdelmaestrocmf.com\/portal\/no-solo-revise-su-mochila-sino-que-tambien-evaluamos-sus-emociones-animo-autoestima-entre-otros-aspectos\/#primaryimage"},"image":{"@id":"https:\/\/webdelmaestrocmf.com\/portal\/no-solo-revise-su-mochila-sino-que-tambien-evaluamos-sus-emociones-animo-autoestima-entre-otros-aspectos\/#primaryimage"},"thumbnailUrl":"https:\/\/webdelmaestrocmf.com\/portal\/wp-content\/uploads\/2023\/10\/1AA-Banner-1-portada-imagen-10-1-copia-4.webp","datePublished":"2026-04-11T14:53:00+00:00","dateModified":"2026-04-19T19:34:08+00:00","description":"En la actualidad, la seguridad escolar es una prioridad para todos los involucrados en el proceso educativo. Por ello, es importante...","breadcrumb":{"@id":"https:\/\/webdelmaestrocmf.com\/portal\/no-solo-revise-su-mochila-sino-que-tambien-evaluamos-sus-emociones-animo-autoestima-entre-otros-aspectos\/#breadcrumb"},"inLanguage":"es","potentialAction":[{"@type":"ReadAction","target":["https:\/\/webdelmaestrocmf.com\/portal\/no-solo-revise-su-mochila-sino-que-tambien-evaluamos-sus-emociones-animo-autoestima-entre-otros-aspectos\/"]}]},{"@type":"ImageObject","inLanguage":"es","@id":"https:\/\/webdelmaestrocmf.com\/portal\/no-solo-revise-su-mochila-sino-que-tambien-evaluamos-sus-emociones-animo-autoestima-entre-otros-aspectos\/#primaryimage","url":"https:\/\/webdelmaestrocmf.com\/portal\/wp-content\/uploads\/2023\/10\/1AA-Banner-1-portada-imagen-10-1-copia-4.webp","contentUrl":"https:\/\/webdelmaestrocmf.com\/portal\/wp-content\/uploads\/2023\/10\/1AA-Banner-1-portada-imagen-10-1-copia-4.webp","width":1200,"height":675},{"@type":"BreadcrumbList","@id":"https:\/\/webdelmaestrocmf.com\/portal\/no-solo-revise-su-mochila-sino-que-tambien-evaluamos-sus-emociones-animo-autoestima-entre-otros-aspectos\/#breadcrumb","itemListElement":[{"@type":"ListItem","position":1,"name":"Portada","item":"https:\/\/webdelmaestrocmf.com\/portal\/"},{"@type":"ListItem","position":2,"name":"Recursos","item":"https:\/\/webdelmaestrocmf.com\/portal\/category\/pedagogia\/"},{"@type":"ListItem","position":3,"name":"Emociones","item":"https:\/\/webdelmaestrocmf.com\/portal\/category\/pedagogia\/emociones\/"},{"@type":"ListItem","position":4,"name":"No solo revise su mochila, sino que tambi\u00e9n evaluamos sus emociones, \u00e1nimo, autoestima, entre otros aspectos"}]},{"@type":"WebSite","@id":"https:\/\/webdelmaestrocmf.com\/portal\/#website","url":"https:\/\/webdelmaestrocmf.com\/portal\/","name":"Web del Maestro CMF","description":"Maestros al servicio de la educaci\u00f3n","publisher":{"@id":"https:\/\/webdelmaestrocmf.com\/portal\/#organization"},"alternateName":"WMCMF","potentialAction":[{"@type":"SearchAction","target":{"@type":"EntryPoint","urlTemplate":"https:\/\/webdelmaestrocmf.com\/portal\/?s={search_term_string}"},"query-input":{"@type":"PropertyValueSpecification","valueRequired":true,"valueName":"search_term_string"}}],"inLanguage":"es"},{"@type":"Organization","@id":"https:\/\/webdelmaestrocmf.com\/portal\/#organization","name":"Web del Maestro CMF","alternateName":"WMCMF","url":"https:\/\/webdelmaestrocmf.com\/portal\/","logo":{"@type":"ImageObject","inLanguage":"es","@id":"https:\/\/webdelmaestrocmf.com\/portal\/#\/schema\/logo\/image\/","url":"https:\/\/webdelmaestrocmf.com\/portal\/wp-content\/uploads\/2023\/01\/logo-wmcmf-2.png","contentUrl":"https:\/\/webdelmaestrocmf.com\/portal\/wp-content\/uploads\/2023\/01\/logo-wmcmf-2.png","width":200,"height":60,"caption":"Web del Maestro CMF"},"image":{"@id":"https:\/\/webdelmaestrocmf.com\/portal\/#\/schema\/logo\/image\/"},"sameAs":["https:\/\/www.facebook.com\/WebdelMaestroCMF\/","https:\/\/x.com\/cmf_w","https:\/\/www.pinterest.com\/WMCMF\/","https:\/\/www.linkedin.com\/company\/web-del-maestro-cmf\/","https:\/\/www.instagram.com\/wmcmf\/","https:\/\/www.youtube.com\/channel\/UCDPSvjbdodE5sHnC3OxutHw","https:\/\/mastodon.social\/@wmcmf","https:\/\/www.tiktok.com\/@webdelmaestrocmf"]},{"@type":"Person","@id":"https:\/\/webdelmaestrocmf.com\/portal\/#\/schema\/person\/1072a2ed7bd960df8ef99a551fa35dc5","name":"Web del Maestro CMF","image":{"@type":"ImageObject","inLanguage":"es","@id":"https:\/\/secure.gravatar.com\/avatar\/23291dd5b5ae1077dcff3dbb04c3e02bd28403fa75af6d8787d5e97c5bbbe30b?s=96&d=mm&r=g","url":"https:\/\/secure.gravatar.com\/avatar\/23291dd5b5ae1077dcff3dbb04c3e02bd28403fa75af6d8787d5e97c5bbbe30b?s=96&d=mm&r=g","contentUrl":"https:\/\/secure.gravatar.com\/avatar\/23291dd5b5ae1077dcff3dbb04c3e02bd28403fa75af6d8787d5e97c5bbbe30b?s=96&d=mm&r=g","caption":"Web del Maestro CMF"},"description":"Esta Web se cre\u00f3 sin fines de lucro, con fines educativos, cient\u00edficos y acad\u00e9micos, para personas que tengan dificultades y\/o inconvenientes en visualizar el material original. El objetivo es entregar recursos, compartir experiencias y materiales que ayuden a los padres de familia, maestros y estudiantes en su actualizaci\u00f3n y formaci\u00f3n permanente, en bien de la Educaci\u00f3n.","sameAs":["http:\/\/webdelmaestrocmf.com\/portal","https:\/\/www.facebook.com\/WebdelMaestroCMF\/","https:\/\/www.instagram.com\/wmcmf\/","https:\/\/cl.linkedin.com\/company\/web-del-maestro-cmf","https:\/\/www.pinterest.com\/WMCMF\/publicaciones\/","https:\/\/x.com\/cmf_w","https:\/\/www.youtube.com\/@WMCMF"]}]}},"jetpack_featured_media_url":"https:\/\/webdelmaestrocmf.com\/portal\/wp-content\/uploads\/2023\/10\/1AA-Banner-1-portada-imagen-10-1-copia-4.webp","jetpack_sharing_enabled":true,"jetpack-related-posts":[{"id":115708,"url":"https:\/\/webdelmaestrocmf.com\/portal\/ley-prohibe-revisar-mochilas-por-celulares-en-colegios-limites-legales-y-derechos-de-los-estudiantes\/","url_meta":{"origin":97204,"position":0},"title":"Ley proh\u00edbe revisar mochilas por celulares en colegios: l\u00edmites legales y derechos de los estudiantes","author":"Web del Maestro CMF","date":"4 marzo, 2026","format":false,"excerpt":"Ley regula uso de celulares en colegios: pueden prohibirlos en clase, pero no revisar mochilas ni pertenencias de estudiantes. Protecci\u00f3n de derechos.","rel":"","context":"En \u00abNoticias Internacionales\u00bb","block_context":{"text":"Noticias Internacionales","link":"https:\/\/webdelmaestrocmf.com\/portal\/category\/noticias-internacionales\/"},"img":{"alt_text":"","src":"https:\/\/i0.wp.com\/webdelmaestrocmf.com\/portal\/wp-content\/uploads\/2026\/03\/1A-Banner-1-portada-imagen-10-1-copia-1-1.webp?resize=350%2C200&ssl=1","width":350,"height":200,"srcset":"https:\/\/i0.wp.com\/webdelmaestrocmf.com\/portal\/wp-content\/uploads\/2026\/03\/1A-Banner-1-portada-imagen-10-1-copia-1-1.webp?resize=350%2C200&ssl=1 1x, https:\/\/i0.wp.com\/webdelmaestrocmf.com\/portal\/wp-content\/uploads\/2026\/03\/1A-Banner-1-portada-imagen-10-1-copia-1-1.webp?resize=525%2C300&ssl=1 1.5x, https:\/\/i0.wp.com\/webdelmaestrocmf.com\/portal\/wp-content\/uploads\/2026\/03\/1A-Banner-1-portada-imagen-10-1-copia-1-1.webp?resize=700%2C400&ssl=1 2x"},"classes":[]},{"id":112564,"url":"https:\/\/webdelmaestrocmf.com\/portal\/la-autoestima-del-docente-la-base-invisible-de-una-buena-ensenanza\/","url_meta":{"origin":97204,"position":1},"title":"La autoestima del docente: la base invisible de una buena ense\u00f1anza. Descarga el libro \u00abEducaci\u00f3n invisible\u00bb","author":"Web del Maestro CMF","date":"26 diciembre, 2025","format":false,"excerpt":"La ense\u00f1anza exige motivaci\u00f3n, equilibrio emocional y autoestima docente. M\u00e1s que transmitir contenidos, el maestro influye en el clima y aprendizaje. Un docente seguro, emp\u00e1tico y motivado potencia resultados; uno desanimado los limita. Cuidar su bienestar es clave para una educaci\u00f3n transformadora.","rel":"","context":"En \u00abBienestar docente\u00bb","block_context":{"text":"Bienestar docente","link":"https:\/\/webdelmaestrocmf.com\/portal\/category\/pedagogia\/bienestar-docente\/"},"img":{"alt_text":"","src":"https:\/\/i0.wp.com\/webdelmaestrocmf.com\/portal\/wp-content\/uploads\/2025\/10\/1A-Banner-1-portada-imagen-10-1-copia-3-4.webp?resize=350%2C200&ssl=1","width":350,"height":200,"srcset":"https:\/\/i0.wp.com\/webdelmaestrocmf.com\/portal\/wp-content\/uploads\/2025\/10\/1A-Banner-1-portada-imagen-10-1-copia-3-4.webp?resize=350%2C200&ssl=1 1x, https:\/\/i0.wp.com\/webdelmaestrocmf.com\/portal\/wp-content\/uploads\/2025\/10\/1A-Banner-1-portada-imagen-10-1-copia-3-4.webp?resize=525%2C300&ssl=1 1.5x, https:\/\/i0.wp.com\/webdelmaestrocmf.com\/portal\/wp-content\/uploads\/2025\/10\/1A-Banner-1-portada-imagen-10-1-copia-3-4.webp?resize=700%2C400&ssl=1 2x"},"classes":[]},{"id":112054,"url":"https:\/\/webdelmaestrocmf.com\/portal\/docentes-descarguen-la-nueva-guia-practica-para-trabajar-las-emociones-en-el-aula\/","url_meta":{"origin":97204,"position":2},"title":"Docentes, descarguen la nueva gu\u00eda pr\u00e1ctica para trabajar las emociones en el aula","author":"Web del Maestro CMF","date":"11 septiembre, 2025","format":false,"excerpt":"La gu\u00eda propone actividades pr\u00e1cticas para reconocer, expresar y gestionar emociones, fortaleciendo autoestima, empat\u00eda, convivencia escolar y aprendizaje significativo.","rel":"","context":"En \u00abEmociones\u00bb","block_context":{"text":"Emociones","link":"https:\/\/webdelmaestrocmf.com\/portal\/category\/pedagogia\/emociones\/"},"img":{"alt_text":"","src":"https:\/\/i0.wp.com\/webdelmaestrocmf.com\/portal\/wp-content\/uploads\/2025\/09\/1A-Banner-1-portada-imagen-10-1-copia-2025-09-11T132059.065.webp?resize=350%2C200&ssl=1","width":350,"height":200,"srcset":"https:\/\/i0.wp.com\/webdelmaestrocmf.com\/portal\/wp-content\/uploads\/2025\/09\/1A-Banner-1-portada-imagen-10-1-copia-2025-09-11T132059.065.webp?resize=350%2C200&ssl=1 1x, https:\/\/i0.wp.com\/webdelmaestrocmf.com\/portal\/wp-content\/uploads\/2025\/09\/1A-Banner-1-portada-imagen-10-1-copia-2025-09-11T132059.065.webp?resize=525%2C300&ssl=1 1.5x, https:\/\/i0.wp.com\/webdelmaestrocmf.com\/portal\/wp-content\/uploads\/2025\/09\/1A-Banner-1-portada-imagen-10-1-copia-2025-09-11T132059.065.webp?resize=700%2C400&ssl=1 2x"},"classes":[]},{"id":117746,"url":"https:\/\/webdelmaestrocmf.com\/portal\/la-mochila-invisible-del-docente-una-carga-que-el-sistema-aun-no-logra-ver\/","url_meta":{"origin":97204,"position":3},"title":"La mochila invisible del docente: una carga que el sistema a\u00fan no logra ver","author":"Web del Maestro CMF","date":"14 abril, 2026","format":false,"excerpt":"El docente no se cansa de ense\u00f1ar, se cansa de cargar solo con exigencias, presi\u00f3n, desgaste emocional y falta de apoyo en un sistema que a\u00fan no valora su labor.","rel":"","context":"En \u00abDocentes\u00bb","block_context":{"text":"Docentes","link":"https:\/\/webdelmaestrocmf.com\/portal\/category\/pedagogia\/docentes\/"},"img":{"alt_text":"","src":"https:\/\/i0.wp.com\/webdelmaestrocmf.com\/portal\/wp-content\/uploads\/2026\/04\/1AA-Banner-1-portada-imagen-10-1-copia-14-1.webp?resize=350%2C200&ssl=1","width":350,"height":200,"srcset":"https:\/\/i0.wp.com\/webdelmaestrocmf.com\/portal\/wp-content\/uploads\/2026\/04\/1AA-Banner-1-portada-imagen-10-1-copia-14-1.webp?resize=350%2C200&ssl=1 1x, https:\/\/i0.wp.com\/webdelmaestrocmf.com\/portal\/wp-content\/uploads\/2026\/04\/1AA-Banner-1-portada-imagen-10-1-copia-14-1.webp?resize=525%2C300&ssl=1 1.5x, https:\/\/i0.wp.com\/webdelmaestrocmf.com\/portal\/wp-content\/uploads\/2026\/04\/1AA-Banner-1-portada-imagen-10-1-copia-14-1.webp?resize=700%2C400&ssl=1 2x, https:\/\/i0.wp.com\/webdelmaestrocmf.com\/portal\/wp-content\/uploads\/2026\/04\/1AA-Banner-1-portada-imagen-10-1-copia-14-1.webp?resize=1050%2C600&ssl=1 3x"},"classes":[]},{"id":104452,"url":"https:\/\/webdelmaestrocmf.com\/portal\/nueva-guia-del-minedu-pasos-para-gestionar-emociones\/","url_meta":{"origin":97204,"position":4},"title":"Nueva gu\u00eda del MINEDU: Pasos para gestionar emociones","author":"Web del Maestro CMF","date":"30 julio, 2025","format":false,"excerpt":"Mi mochila de herramientas para el bienestar, elaborada para contribuir al fortalecimiento de tu salud f\u00edsica y socioemocional.","rel":"","context":"En \u00abDescargas Manuales PDF\u00bb","block_context":{"text":"Descargas Manuales PDF","link":"https:\/\/webdelmaestrocmf.com\/portal\/category\/pedagogia\/descargas-manuales-pdf\/"},"img":{"alt_text":"","src":"https:\/\/i0.wp.com\/webdelmaestrocmf.com\/portal\/wp-content\/uploads\/2024\/03\/Banner-1-portada-imagen-10-1-3.jpg?resize=350%2C200&ssl=1","width":350,"height":200,"srcset":"https:\/\/i0.wp.com\/webdelmaestrocmf.com\/portal\/wp-content\/uploads\/2024\/03\/Banner-1-portada-imagen-10-1-3.jpg?resize=350%2C200&ssl=1 1x, https:\/\/i0.wp.com\/webdelmaestrocmf.com\/portal\/wp-content\/uploads\/2024\/03\/Banner-1-portada-imagen-10-1-3.jpg?resize=525%2C300&ssl=1 1.5x, https:\/\/i0.wp.com\/webdelmaestrocmf.com\/portal\/wp-content\/uploads\/2024\/03\/Banner-1-portada-imagen-10-1-3.jpg?resize=700%2C400&ssl=1 2x"},"classes":[]},{"id":100572,"url":"https:\/\/webdelmaestrocmf.com\/portal\/que-frases-jamas-hay-que-decirle-a-un-nino\/","url_meta":{"origin":97204,"position":5},"title":"\u00bfQu\u00e9 frases no se les deben decir a los ni\u00f1os?","author":"Web del Maestro CMF","date":"2 octubre, 2024","format":false,"excerpt":"El impacto de las palabras de los padres y docentes en la vida de los ni\u00f1os es profundo y duradero. Las expresiones positivas y alentadoras construyen cimientos s\u00f3lidos para la autoestima y la confianza en s\u00ed mismos, permitiendo a los ni\u00f1os enfrentar desaf\u00edos con valent\u00eda y explorar el mundo con\u2026","rel":"","context":"En \u00abNi\u00f1os\u00bb","block_context":{"text":"Ni\u00f1os","link":"https:\/\/webdelmaestrocmf.com\/portal\/category\/pedagogia\/ninos\/"},"img":{"alt_text":"","src":"https:\/\/i0.wp.com\/webdelmaestrocmf.com\/portal\/wp-content\/uploads\/2023\/11\/Banner-1-portada-imagen-10-1-8-2.jpg?resize=350%2C200&ssl=1","width":350,"height":200,"srcset":"https:\/\/i0.wp.com\/webdelmaestrocmf.com\/portal\/wp-content\/uploads\/2023\/11\/Banner-1-portada-imagen-10-1-8-2.jpg?resize=350%2C200&ssl=1 1x, https:\/\/i0.wp.com\/webdelmaestrocmf.com\/portal\/wp-content\/uploads\/2023\/11\/Banner-1-portada-imagen-10-1-8-2.jpg?resize=525%2C300&ssl=1 1.5x, https:\/\/i0.wp.com\/webdelmaestrocmf.com\/portal\/wp-content\/uploads\/2023\/11\/Banner-1-portada-imagen-10-1-8-2.jpg?resize=700%2C400&ssl=1 2x"},"classes":[]}],"_links":{"self":[{"href":"https:\/\/webdelmaestrocmf.com\/portal\/wp-json\/wp\/v2\/posts\/97204","targetHints":{"allow":["GET"]}}],"collection":[{"href":"https:\/\/webdelmaestrocmf.com\/portal\/wp-json\/wp\/v2\/posts"}],"about":[{"href":"https:\/\/webdelmaestrocmf.com\/portal\/wp-json\/wp\/v2\/types\/post"}],"author":[{"embeddable":true,"href":"https:\/\/webdelmaestrocmf.com\/portal\/wp-json\/wp\/v2\/users\/1"}],"replies":[{"embeddable":true,"href":"https:\/\/webdelmaestrocmf.com\/portal\/wp-json\/wp\/v2\/comments?post=97204"}],"version-history":[{"count":5,"href":"https:\/\/webdelmaestrocmf.com\/portal\/wp-json\/wp\/v2\/posts\/97204\/revisions"}],"predecessor-version":[{"id":117999,"href":"https:\/\/webdelmaestrocmf.com\/portal\/wp-json\/wp\/v2\/posts\/97204\/revisions\/117999"}],"wp:featuredmedia":[{"embeddable":true,"href":"https:\/\/webdelmaestrocmf.com\/portal\/wp-json\/wp\/v2\/media\/117625"}],"wp:attachment":[{"href":"https:\/\/webdelmaestrocmf.com\/portal\/wp-json\/wp\/v2\/media?parent=97204"}],"wp:term":[{"taxonomy":"category","embeddable":true,"href":"https:\/\/webdelmaestrocmf.com\/portal\/wp-json\/wp\/v2\/categories?post=97204"},{"taxonomy":"post_tag","embeddable":true,"href":"https:\/\/webdelmaestrocmf.com\/portal\/wp-json\/wp\/v2\/tags?post=97204"}],"curies":[{"name":"wp","href":"https:\/\/api.w.org\/{rel}","templated":true}]}}