{"id":97040,"date":"2023-10-09T18:30:43","date_gmt":"2023-10-09T21:30:43","guid":{"rendered":"https:\/\/webdelmaestrocmf.com\/portal\/?p=97040"},"modified":"2023-10-10T10:47:02","modified_gmt":"2023-10-10T13:47:02","slug":"que-son-las-pausas-activas-y-como-incorporarlas-en-tus-clases-una-por-dia","status":"publish","type":"post","link":"https:\/\/webdelmaestrocmf.com\/portal\/que-son-las-pausas-activas-y-como-incorporarlas-en-tus-clases-una-por-dia\/","title":{"rendered":"Qu\u00e9 son las pausas activas y c\u00f3mo incorporarlas en tus clases una por d\u00eda"},"content":{"rendered":"<p style=\"text-align: justify;\"><strong>Las pausas activas son breves descansos o interrupciones planificadas durante una actividad o tarea para que las personas puedan estirarse, moverse y relajarse moment\u00e1neamente. Estas pausas tienen como objetivo principal reducir la fatiga f\u00edsica y mental, mejorar la concentraci\u00f3n, aumentar la circulaci\u00f3n sangu\u00ednea y promover el bienestar general.<\/strong> <!--more--><\/p>\n<p style=\"text-align: justify;\">La educaci\u00f3n es un proceso en constante evoluci\u00f3n, y los docentes desempe\u00f1an un papel fundamental en el desarrollo integral de los estudiantes. Como educadores, siempre estamos buscando formas efectivas de mejorar el aprendizaje y el bienestar de nuestros alumnos. Una herramienta poderosa que a menudo pasa desapercibida es la incorporaci\u00f3n de pausas activas en nuestras clases. Estos breves descansos dedicados a la actividad f\u00edsica y el estiramiento pueden tener un impacto significativo en la concentraci\u00f3n, el rendimiento y la salud general de nuestros estudiantes.<\/p>\n<p>Art\u00edculo relacionado: <a href=\"https:\/\/webdelmaestrocmf.com\/portal\/pausas-activas-ejemplos-graficos-de-como-los-docentes-deverian-aplicar-en-sus-clases\/\" target=\"_blank\" rel=\"noopener\">Pausas activas: ejemplos gr\u00e1ficos de como los docentes deber\u00edan aplicar en sus clases<\/a><\/p>\n<p style=\"text-align: justify;\"><strong>El Valor de las Pausas Activas en el Aula<\/strong><\/p>\n<p style=\"text-align: justify;\">Las pausas activas, tambi\u00e9n conocidas como \u00abbreaks activos\u00bb o \u00abdescansos activos\u00bb, son per\u00edodos cortos de tiempo durante la jornada escolar en los que los estudiantes se involucran en actividades f\u00edsicas suaves y estiramientos. Aunque pueden parecer triviales, estas pausas tienen una serie de beneficios notables para nuestros alumnos:<\/p>\n<p style=\"text-align: justify; padding-left: 40px;\"><strong>1. Mejora de la Concentraci\u00f3n y la Atenci\u00f3n:<\/strong> A lo largo del d\u00eda escolar, los estudiantes pueden experimentar fatiga mental y dificultades para mantenerse concentrados. Las pausas activas proporcionan un respiro necesario, ayudando a restablecer la atenci\u00f3n y la concentraci\u00f3n.<\/p>\n<p style=\"text-align: justify; padding-left: 40px;\"><strong>2. Reducci\u00f3n del Estr\u00e9s y la Ansiedad:<\/strong> La presi\u00f3n acad\u00e9mica puede generar estr\u00e9s y ansiedad en nuestros estudiantes. Las pausas activas ofrecen un espacio para relajarse, liberar tensiones y mejorar la salud mental de los alumnos.<\/p>\n<p style=\"text-align: justify; padding-left: 40px;\"><strong>3. Fomento de un Estilo de Vida Activo:<\/strong> La actividad f\u00edsica regular es esencial para mantener un estilo de vida saludable. Al incorporar pausas activas en nuestras clases, estamos promoviendo la importancia de la actividad f\u00edsica desde una edad temprana.<\/p>\n<p style=\"text-align: justify; padding-left: 40px;\"><strong>4. Fortalecimiento de las Relaciones Sociales:<\/strong> Los juegos y actividades f\u00edsicas en grupo durante las pausas activas pueden fortalecer las relaciones entre los estudiantes, promoviendo un ambiente de aula m\u00e1s inclusivo y amigable.<\/p>\n<p style=\"text-align: justify;\"><strong>C\u00f3mo Implementar Pausas Activas en el Aula<\/strong><\/p>\n<p style=\"text-align: justify;\">La implementaci\u00f3n de pausas activas en el aula es m\u00e1s sencilla de lo que parece. Aqu\u00ed hay algunas sugerencias para incorporarlas de manera efectiva:<\/p>\n<p style=\"text-align: justify; padding-left: 40px;\"><strong>1. Planificaci\u00f3n Estrat\u00e9gica:<\/strong> Programa pausas activas en momentos clave de la jornada escolar, como a mitad de la ma\u00f1ana o de la tarde. Esto ayudar\u00e1 a reenergizar a los estudiantes y a mantener su atenci\u00f3n durante las lecciones.<\/p>\n<p style=\"text-align: justify; padding-left: 40px;\"><strong>2. Variedad de Actividades:<\/strong> Ofrece una variedad de actividades durante las pausas activas para mantener el inter\u00e9s de los estudiantes. Estiramientos, ejercicios de respiraci\u00f3n, juegos activos y movimientos r\u00edtmicos son algunas opciones.<\/p>\n<p style=\"text-align: justify; padding-left: 40px;\"><strong>3. Adaptaci\u00f3n a la Edad:<\/strong> Ajusta las actividades de pausas activas seg\u00fan la edad de tus alumnos. Para los m\u00e1s j\u00f3venes, las actividades simples y l\u00fadicas son ideales, mientras que los estudiantes mayores pueden participar en ejercicios m\u00e1s complejos.<\/p>\n<p style=\"text-align: justify; padding-left: 40px;\"><strong>4. Participaci\u00f3n Activa:<\/strong> Participa junto con tus alumnos en las pausas activas. Esto no solo fomenta un ambiente inclusivo, sino que tambi\u00e9n te brinda la oportunidad de modelar comportamientos saludables.<\/p>\n<p style=\"text-align: justify; padding-left: 40px;\"><strong>5. Comunicaci\u00f3n:<\/strong> Explica a tus estudiantes los beneficios de las pausas activas para que entiendan por qu\u00e9 se llevan a cabo. Esto puede motivarlos a participar de manera m\u00e1s entusiasta.<\/p>\n<p>Para los docentes, las pausas activas son una herramienta efectiva para mantener la atenci\u00f3n y el compromiso de los estudiantes durante las clases. Aqu\u00ed tienes una idea de c\u00f3mo los docentes pueden aplicar pausas activas en sus clases, una por d\u00eda:<\/p>\n<ol>\n<li><strong>D\u00eda 1: Estiramientos suaves<\/strong>: Durante la primera pausa activa del d\u00eda, invita a tus estudiantes a levantarse de sus sillas y hacer algunos estiramientos suaves. Pueden estirar los brazos, las piernas y el cuello. Esto ayudar\u00e1 a relajar los m\u00fasculos y mejorar la circulaci\u00f3n.<\/li>\n<li><strong>D\u00eda 2: Respiraci\u00f3n consciente<\/strong>: En este d\u00eda, gu\u00eda a tus estudiantes a trav\u00e9s de una breve sesi\u00f3n de respiraci\u00f3n consciente. Puedes pedirles que cierren los ojos, respiren profundamente y se concentren en su respiraci\u00f3n durante unos minutos. Esto ayuda a reducir el estr\u00e9s y a mejorar la concentraci\u00f3n.<\/li>\n<li><strong>D\u00eda 3: Ejercicio de concentraci\u00f3n<\/strong>: Realiza un ejercicio de concentraci\u00f3n corto. Puedes mostrar una imagen o un objeto y pedir a los estudiantes que se concentren en los detalles durante unos minutos. Esto puede ayudar a mejorar su capacidad de atenci\u00f3n.<\/li>\n<li><strong>D\u00eda 4: Baile breve<\/strong>: Anima a tus estudiantes a levantarse y moverse al ritmo de una canci\u00f3n alegre durante unos minutos. Esto no solo les proporcionar\u00e1 un descanso f\u00edsico, sino que tambi\u00e9n mejorar\u00e1 su estado de \u00e1nimo.<\/li>\n<li><strong>D\u00eda 5: Juegos de palabras<\/strong>: Introduce un juego de palabras o acertijos durante la pausa activa. Los juegos mentales pueden ser una forma divertida de mantener a los estudiantes comprometidos y estimular sus mentes.<\/li>\n<li><strong>D\u00eda 6: Estiramientos en el lugar<\/strong>: En este d\u00eda, puedes guiar a los estudiantes a realizar estiramientos en su lugar sin necesidad de levantarse de sus sillas. Esto es especialmente \u00fatil si no hay mucho espacio en el aula.<\/li>\n<li><strong>D\u00eda 7: Mindfulness<\/strong>: Lleva a cabo una breve sesi\u00f3n de mindfulness. Puedes guiar a los estudiantes a prestar atenci\u00f3n a sus sentidos, como el tacto, el olfato o el o\u00eddo, durante unos minutos. Esto puede ayudarles a relajarse y estar m\u00e1s presentes en el momento.<\/li>\n<li><strong>D\u00eda 8: Preguntas reflexivas<\/strong>: Durante esta pausa activa, plantea una pregunta reflexiva a tus estudiantes y dales unos minutos para pensar en su respuesta. Esto fomenta la reflexi\u00f3n y la participaci\u00f3n activa.<\/li>\n<li><strong>D\u00eda 9: Respiraci\u00f3n profunda<\/strong>: Repite el ejercicio de respiraci\u00f3n consciente, pero esta vez enfatiza la respiraci\u00f3n profunda y relajante. Puedes incorporar t\u00e9cnicas de respiraci\u00f3n como la respiraci\u00f3n abdominal.<\/li>\n<li><strong>D\u00eda 10: Movimientos r\u00e1pidos<\/strong>: Anima a tus estudiantes a realizar movimientos r\u00e1pidos y energ\u00e9ticos durante unos minutos, como saltar en su lugar o hacer ejercicios de brazos. Esto puede ayudar a reactivar su energ\u00eda.<\/li>\n<\/ol>\n<p><img loading=\"lazy\" decoding=\"async\" class=\"alignnone wp-image-97045 size-full\" src=\"https:\/\/webdelmaestrocmf.com\/portal\/wp-content\/uploads\/2023\/10\/1-6.jpg\" alt=\"pausas activas\" width=\"940\" height=\"788\" srcset=\"https:\/\/webdelmaestrocmf.com\/portal\/wp-content\/uploads\/2023\/10\/1-6.jpg 940w, https:\/\/webdelmaestrocmf.com\/portal\/wp-content\/uploads\/2023\/10\/1-6-300x251.jpg 300w, https:\/\/webdelmaestrocmf.com\/portal\/wp-content\/uploads\/2023\/10\/1-6-768x644.jpg 768w, https:\/\/webdelmaestrocmf.com\/portal\/wp-content\/uploads\/2023\/10\/1-6-380x319.jpg 380w, https:\/\/webdelmaestrocmf.com\/portal\/wp-content\/uploads\/2023\/10\/1-6-550x461.jpg 550w, https:\/\/webdelmaestrocmf.com\/portal\/wp-content\/uploads\/2023\/10\/1-6-800x671.jpg 800w\" sizes=\"auto, (max-width: 940px) 100vw, 940px\" \/> <img loading=\"lazy\" decoding=\"async\" class=\"alignnone size-large wp-image-97050\" src=\"https:\/\/webdelmaestrocmf.com\/portal\/wp-content\/uploads\/2023\/10\/6-4.jpg\" alt=\"\" width=\"940\" height=\"788\" srcset=\"https:\/\/webdelmaestrocmf.com\/portal\/wp-content\/uploads\/2023\/10\/6-4.jpg 940w, https:\/\/webdelmaestrocmf.com\/portal\/wp-content\/uploads\/2023\/10\/6-4-300x251.jpg 300w, https:\/\/webdelmaestrocmf.com\/portal\/wp-content\/uploads\/2023\/10\/6-4-768x644.jpg 768w, https:\/\/webdelmaestrocmf.com\/portal\/wp-content\/uploads\/2023\/10\/6-4-380x319.jpg 380w, https:\/\/webdelmaestrocmf.com\/portal\/wp-content\/uploads\/2023\/10\/6-4-550x461.jpg 550w, https:\/\/webdelmaestrocmf.com\/portal\/wp-content\/uploads\/2023\/10\/6-4-800x671.jpg 800w\" sizes=\"auto, (max-width: 940px) 100vw, 940px\" \/><img loading=\"lazy\" decoding=\"async\" class=\"alignnone size-large wp-image-97047\" src=\"https:\/\/webdelmaestrocmf.com\/portal\/wp-content\/uploads\/2023\/10\/3-5.jpg\" alt=\"\" width=\"940\" height=\"788\" srcset=\"https:\/\/webdelmaestrocmf.com\/portal\/wp-content\/uploads\/2023\/10\/3-5.jpg 940w, https:\/\/webdelmaestrocmf.com\/portal\/wp-content\/uploads\/2023\/10\/3-5-300x251.jpg 300w, https:\/\/webdelmaestrocmf.com\/portal\/wp-content\/uploads\/2023\/10\/3-5-768x644.jpg 768w, https:\/\/webdelmaestrocmf.com\/portal\/wp-content\/uploads\/2023\/10\/3-5-380x319.jpg 380w, https:\/\/webdelmaestrocmf.com\/portal\/wp-content\/uploads\/2023\/10\/3-5-550x461.jpg 550w, https:\/\/webdelmaestrocmf.com\/portal\/wp-content\/uploads\/2023\/10\/3-5-800x671.jpg 800w\" sizes=\"auto, (max-width: 940px) 100vw, 940px\" \/> <img loading=\"lazy\" decoding=\"async\" class=\"alignnone size-large wp-image-97048\" src=\"https:\/\/webdelmaestrocmf.com\/portal\/wp-content\/uploads\/2023\/10\/4-4.jpg\" alt=\"\" width=\"940\" height=\"788\" srcset=\"https:\/\/webdelmaestrocmf.com\/portal\/wp-content\/uploads\/2023\/10\/4-4.jpg 940w, https:\/\/webdelmaestrocmf.com\/portal\/wp-content\/uploads\/2023\/10\/4-4-300x251.jpg 300w, https:\/\/webdelmaestrocmf.com\/portal\/wp-content\/uploads\/2023\/10\/4-4-768x644.jpg 768w, https:\/\/webdelmaestrocmf.com\/portal\/wp-content\/uploads\/2023\/10\/4-4-380x319.jpg 380w, https:\/\/webdelmaestrocmf.com\/portal\/wp-content\/uploads\/2023\/10\/4-4-550x461.jpg 550w, https:\/\/webdelmaestrocmf.com\/portal\/wp-content\/uploads\/2023\/10\/4-4-800x671.jpg 800w\" sizes=\"auto, (max-width: 940px) 100vw, 940px\" \/> <img loading=\"lazy\" decoding=\"async\" class=\"alignnone size-large wp-image-97049\" src=\"https:\/\/webdelmaestrocmf.com\/portal\/wp-content\/uploads\/2023\/10\/5-4.jpg\" alt=\"\" width=\"940\" height=\"788\" srcset=\"https:\/\/webdelmaestrocmf.com\/portal\/wp-content\/uploads\/2023\/10\/5-4.jpg 940w, https:\/\/webdelmaestrocmf.com\/portal\/wp-content\/uploads\/2023\/10\/5-4-300x251.jpg 300w, https:\/\/webdelmaestrocmf.com\/portal\/wp-content\/uploads\/2023\/10\/5-4-768x644.jpg 768w, https:\/\/webdelmaestrocmf.com\/portal\/wp-content\/uploads\/2023\/10\/5-4-380x319.jpg 380w, https:\/\/webdelmaestrocmf.com\/portal\/wp-content\/uploads\/2023\/10\/5-4-550x461.jpg 550w, https:\/\/webdelmaestrocmf.com\/portal\/wp-content\/uploads\/2023\/10\/5-4-800x671.jpg 800w\" sizes=\"auto, (max-width: 940px) 100vw, 940px\" \/><\/p>\n<p><img loading=\"lazy\" decoding=\"async\" class=\"alignnone size-large wp-image-97046\" src=\"https:\/\/webdelmaestrocmf.com\/portal\/wp-content\/uploads\/2023\/10\/2-5.jpg\" alt=\"\" width=\"940\" height=\"788\" srcset=\"https:\/\/webdelmaestrocmf.com\/portal\/wp-content\/uploads\/2023\/10\/2-5.jpg 940w, https:\/\/webdelmaestrocmf.com\/portal\/wp-content\/uploads\/2023\/10\/2-5-300x251.jpg 300w, https:\/\/webdelmaestrocmf.com\/portal\/wp-content\/uploads\/2023\/10\/2-5-768x644.jpg 768w, https:\/\/webdelmaestrocmf.com\/portal\/wp-content\/uploads\/2023\/10\/2-5-380x319.jpg 380w, https:\/\/webdelmaestrocmf.com\/portal\/wp-content\/uploads\/2023\/10\/2-5-550x461.jpg 550w, https:\/\/webdelmaestrocmf.com\/portal\/wp-content\/uploads\/2023\/10\/2-5-800x671.jpg 800w\" sizes=\"auto, (max-width: 940px) 100vw, 940px\" \/><\/p>\n<p><iframe loading=\"lazy\" src=\"https:\/\/drive.google.com\/file\/d\/12R6dmFxK9F8SCTv6QhyuYZLrLysnievX\/preview\" width=\"100%\" height=\"500\"><span data-mce-type=\"bookmark\" style=\"display: inline-block; width: 0px; overflow: hidden; line-height: 0;\" class=\"mce_SELRES_start\">\ufeff<\/span><\/iframe><\/p>\n<p>Recuerda que las pausas activas deben ser breves y adaptadas a las necesidades de tus estudiantes. El objetivo es refrescar la mente y el cuerpo, no interrumpir demasiado la clase. Adem\u00e1s, es importante ser consistente en la implementaci\u00f3n de estas pausas para que se conviertan en una rutina beneficiosa para todos en el aula.<\/p>\n<p style=\"text-align: justify;\"><strong>Conclusi\u00f3n<\/strong><\/p>\n<p style=\"text-align: justify;\">Las pausas activas son una herramienta valiosa que los docentes pueden utilizar para enriquecer la experiencia de aprendizaje de sus estudiantes. Al incorporar estas pausas de manera estrat\u00e9gica, podemos mejorar la concentraci\u00f3n, reducir el estr\u00e9s y fomentar un estilo de vida activo desde una edad temprana. Como educadores, nuestra misi\u00f3n es proporcionar a nuestros alumnos todas las herramientas que necesitan para tener \u00e9xito en la vida, y las pausas activas son una de esas herramientas que no debemos pasar por alto.<\/p>\n<p style=\"text-align: right;\"><strong>REDACCI\u00d3N WEB DEL MAESTRO CMF<\/strong><\/p>\n<p>Recomendamos a la Comunidad Educativa Digital tener en cuenta que, el enlace y\/o la carpeta en donde est\u00e1n alojados los libros, recursos y\/o materiales, no es administrado por la Web del Maestro CMF, pueda ser que en cuesti\u00f3n de d\u00edas (o seg\u00fan el tiempo transcurrido desde su publicaci\u00f3n), los enlaces no funcionen y el material ya no se encuentre disponible. Gracias por su comprensi\u00f3n.<\/p>\n<p style=\"text-align: center;\"><strong>ENLACE DE LECTURA:<\/strong>\u00a0<a href=\"https:\/\/mega.nz\/folder\/j3pT3SgQ#tUA3aM_aaa3qIYYQa36PXA\" target=\"_blank\" rel=\"noopener\">PAUSAS ACTIVAS<\/a><\/p>\n<p style=\"text-align: center;\"><strong>Si te sirvi\u00f3 el material, ap\u00f3yanos con un clic. Nos ayudar\u00e1 a mantener el servicio. \u00a1Comparte y as\u00ed m\u00e1s docentes utilizar\u00e1n estos recursos gratis! Muchas gracias.<\/strong><\/p>\n<p><img decoding=\"async\" src=\"https:\/\/webdelmaestrocmf.com\/portal\/wp-content\/uploads\/2023\/04\/banner_des.png\" \/><\/p>\n\t\t<div class=\"pk-inline-posts\">\n\t\t\t\n\t\t\t<div class=\"pk-inline-posts-container pk-inline-posts-template-list\"\n\t\t\t\tdata-columns=\"1\">\n\t\t\t\t\t\t<article id=\"post-87073\" class=\"post-87073 post type-post status-publish format-standard has-post-thumbnail category-pausas-activas category-pedagogia tag-activas tag-ejemplos tag-graficos tag-pausas cs-entry cs-video-wrap\">\n\t\t\t<div class=\"pk-post-outer\">\n\n\t\t\t\t\t\t\t\t<div class=\"pk-post-inner\">\n\t\t\t\t\t<div class=\"entry-thumbnail\">\n\t\t\t\t\t\t<div class=\"pk-overlay pk-overlay-ratio pk-ratio-landscape\">\n\t\t\t\t\t\t\t<div class=\"pk-overlay-background\">\n\t\t\t\t\t\t\t\t<a href=\"https:\/\/webdelmaestrocmf.com\/portal\/pausas-activas-ejemplos-graficos-de-como-los-docentes-deverian-aplicar-en-sus-clases\/\" class=\"pk-overlay-link\">\n\t\t\t\t\t\t\t\t\t<img loading=\"lazy\" decoding=\"async\" width=\"300\" height=\"225\" src=\"https:\/\/webdelmaestrocmf.com\/portal\/wp-content\/uploads\/2023\/04\/Banner-1-portada-imagen-10-4-300x225.jpg\" class=\"attachment-pk-thumbnail size-pk-thumbnail wp-post-image\" alt=\"PAUSAS ACTIVAS\" \/>\t\t\t\t\t\t\t\t<\/a>\n\t\t\t\t\t\t\t<\/div>\n\t\t\t\t\t\t<\/div>\n\t\t\t\t\t<\/div>\n\t\t\t\t<\/div>\n\t\t\t\t\n\t\t\t\t<div class=\"pk-post-inner\">\n\t\t\t\t\t<header>\n\t\t\t\t\t\t<h3 class=\"pk-title\"><a href=\"https:\/\/webdelmaestrocmf.com\/portal\/pausas-activas-ejemplos-graficos-de-como-los-docentes-deverian-aplicar-en-sus-clases\/\" rel=\"bookmark\">Pausas activas: qu\u00e9 son, c\u00f3mo aplicarlas y ejemplos<\/a><\/h3>\t\t\t\t\t<\/header><!-- .entry-header -->\n\t\t\t\t<\/div><!-- .post-inner -->\n\n\t\t\t<\/div><!-- .post-outer -->\n\t\t<\/article>\n\t\t\t\t<\/div>\n\t\t<\/div>\n\t\t\n","protected":false},"excerpt":{"rendered":"Las pausas activas son breves descansos o interrupciones planificadas durante una actividad o tarea para que las personas&hellip;","protected":false},"author":1,"featured_media":97052,"comment_status":"open","ping_status":"closed","sticky":false,"template":"","format":"standard","meta":{"csco_display_header_overlay":false,"csco_singular_sidebar":"","csco_page_header_type":"","csco_page_load_nextpost":"","csco_post_video_location":[],"csco_post_video_location_hash":"","csco_post_video_url":"","csco_post_video_bg_start_time":0,"csco_post_video_bg_end_time":0,"csco_post_video_bg_volume":false,"_jetpack_memberships_contains_paid_content":false,"footnotes":""},"categories":[16001,735],"tags":[634,22062,16002],"class_list":{"0":"post-97040","1":"post","2":"type-post","3":"status-publish","4":"format-standard","5":"has-post-thumbnail","7":"category-pausas-activas","8":"category-pedagogia","9":"tag-clases","10":"tag-incorporarlas","11":"tag-pausas-activas","12":"cs-entry","13":"cs-video-wrap"},"yoast_head":"<!-- This site is optimized with the Yoast SEO plugin v27.5 - https:\/\/yoast.com\/product\/yoast-seo-wordpress\/ -->\n<title>Qu\u00e9 son las pausas activas y c\u00f3mo incorporarlas en tus clases una por d\u00eda - 2026<\/title>\n<meta name=\"description\" content=\"Comunidad de Maestros, Docentes y Profesores, en donde encontrar\u00e1s material, informaci\u00f3n y noticias del \u00e1mbito nacional y mundial.\" \/>\n<meta name=\"robots\" content=\"index, follow, max-snippet:-1, max-image-preview:large, max-video-preview:-1\" \/>\n<link rel=\"canonical\" href=\"https:\/\/webdelmaestrocmf.com\/portal\/que-son-las-pausas-activas-y-como-incorporarlas-en-tus-clases-una-por-dia\/\" \/>\n<meta property=\"og:locale\" content=\"es_ES\" \/>\n<meta property=\"og:type\" content=\"article\" \/>\n<meta property=\"og:title\" content=\"Qu\u00e9 son las pausas activas y c\u00f3mo incorporarlas en tus clases una por d\u00eda - 2026\" \/>\n<meta property=\"og:description\" content=\"Comunidad de Maestros, Docentes y Profesores, en donde encontrar\u00e1s material, informaci\u00f3n y noticias del \u00e1mbito nacional y mundial.\" \/>\n<meta property=\"og:url\" content=\"https:\/\/webdelmaestrocmf.com\/portal\/que-son-las-pausas-activas-y-como-incorporarlas-en-tus-clases-una-por-dia\/\" \/>\n<meta property=\"og:site_name\" content=\"Web del Maestro CMF\" \/>\n<meta property=\"article:publisher\" content=\"https:\/\/www.facebook.com\/WebdelMaestroCMF\/\" \/>\n<meta property=\"article:author\" content=\"https:\/\/www.facebook.com\/WebdelMaestroCMF\/\" \/>\n<meta property=\"article:published_time\" content=\"2023-10-09T21:30:43+00:00\" \/>\n<meta property=\"article:modified_time\" content=\"2023-10-10T13:47:02+00:00\" \/>\n<meta property=\"og:image\" content=\"https:\/\/i0.wp.com\/webdelmaestrocmf.com\/portal\/wp-content\/uploads\/2023\/10\/A12B3C4D-27.jpg?fit=900%2C556&ssl=1\" \/>\n\t<meta property=\"og:image:width\" content=\"900\" \/>\n\t<meta property=\"og:image:height\" content=\"556\" \/>\n\t<meta property=\"og:image:type\" content=\"image\/jpeg\" \/>\n<meta name=\"author\" content=\"Web del Maestro CMF\" \/>\n<meta name=\"twitter:card\" content=\"summary_large_image\" \/>\n<meta name=\"twitter:creator\" content=\"@cmf_w\" \/>\n<meta name=\"twitter:site\" content=\"@cmf_w\" \/>\n<script type=\"application\/ld+json\" class=\"yoast-schema-graph\">{\"@context\":\"https:\\\/\\\/schema.org\",\"@graph\":[{\"@type\":\"ScholarlyArticle\",\"@id\":\"https:\\\/\\\/webdelmaestrocmf.com\\\/portal\\\/que-son-las-pausas-activas-y-como-incorporarlas-en-tus-clases-una-por-dia\\\/#article\",\"isPartOf\":{\"@id\":\"https:\\\/\\\/webdelmaestrocmf.com\\\/portal\\\/que-son-las-pausas-activas-y-como-incorporarlas-en-tus-clases-una-por-dia\\\/\"},\"author\":{\"name\":\"Web del Maestro CMF\",\"@id\":\"https:\\\/\\\/webdelmaestrocmf.com\\\/portal\\\/#\\\/schema\\\/person\\\/1072a2ed7bd960df8ef99a551fa35dc5\"},\"headline\":\"Qu\u00e9 son las pausas activas y c\u00f3mo incorporarlas en tus clases una por d\u00eda\",\"datePublished\":\"2023-10-09T21:30:43+00:00\",\"dateModified\":\"2023-10-10T13:47:02+00:00\",\"mainEntityOfPage\":{\"@id\":\"https:\\\/\\\/webdelmaestrocmf.com\\\/portal\\\/que-son-las-pausas-activas-y-como-incorporarlas-en-tus-clases-una-por-dia\\\/\"},\"wordCount\":1330,\"commentCount\":0,\"publisher\":{\"@id\":\"https:\\\/\\\/webdelmaestrocmf.com\\\/portal\\\/#organization\"},\"image\":{\"@id\":\"https:\\\/\\\/webdelmaestrocmf.com\\\/portal\\\/que-son-las-pausas-activas-y-como-incorporarlas-en-tus-clases-una-por-dia\\\/#primaryimage\"},\"thumbnailUrl\":\"https:\\\/\\\/webdelmaestrocmf.com\\\/portal\\\/wp-content\\\/uploads\\\/2023\\\/10\\\/A12B3C4D-27.jpg\",\"keywords\":[\"clases\",\"incorporarlas\",\"Pausas activas\"],\"articleSection\":[\"Pausas Activas\",\"Recursos\"],\"inLanguage\":\"es\",\"potentialAction\":[{\"@type\":\"CommentAction\",\"name\":\"Comment\",\"target\":[\"https:\\\/\\\/webdelmaestrocmf.com\\\/portal\\\/que-son-las-pausas-activas-y-como-incorporarlas-en-tus-clases-una-por-dia\\\/#respond\"]}]},{\"@type\":\"WebPage\",\"@id\":\"https:\\\/\\\/webdelmaestrocmf.com\\\/portal\\\/que-son-las-pausas-activas-y-como-incorporarlas-en-tus-clases-una-por-dia\\\/\",\"url\":\"https:\\\/\\\/webdelmaestrocmf.com\\\/portal\\\/que-son-las-pausas-activas-y-como-incorporarlas-en-tus-clases-una-por-dia\\\/\",\"name\":\"Qu\u00e9 son las pausas activas y c\u00f3mo incorporarlas en tus clases una por d\u00eda - 2026\",\"isPartOf\":{\"@id\":\"https:\\\/\\\/webdelmaestrocmf.com\\\/portal\\\/#website\"},\"primaryImageOfPage\":{\"@id\":\"https:\\\/\\\/webdelmaestrocmf.com\\\/portal\\\/que-son-las-pausas-activas-y-como-incorporarlas-en-tus-clases-una-por-dia\\\/#primaryimage\"},\"image\":{\"@id\":\"https:\\\/\\\/webdelmaestrocmf.com\\\/portal\\\/que-son-las-pausas-activas-y-como-incorporarlas-en-tus-clases-una-por-dia\\\/#primaryimage\"},\"thumbnailUrl\":\"https:\\\/\\\/webdelmaestrocmf.com\\\/portal\\\/wp-content\\\/uploads\\\/2023\\\/10\\\/A12B3C4D-27.jpg\",\"datePublished\":\"2023-10-09T21:30:43+00:00\",\"dateModified\":\"2023-10-10T13:47:02+00:00\",\"description\":\"Comunidad de Maestros, Docentes y Profesores, en donde encontrar\u00e1s material, informaci\u00f3n y noticias del \u00e1mbito nacional y mundial.\",\"breadcrumb\":{\"@id\":\"https:\\\/\\\/webdelmaestrocmf.com\\\/portal\\\/que-son-las-pausas-activas-y-como-incorporarlas-en-tus-clases-una-por-dia\\\/#breadcrumb\"},\"inLanguage\":\"es\",\"potentialAction\":[{\"@type\":\"ReadAction\",\"target\":[\"https:\\\/\\\/webdelmaestrocmf.com\\\/portal\\\/que-son-las-pausas-activas-y-como-incorporarlas-en-tus-clases-una-por-dia\\\/\"]}]},{\"@type\":\"ImageObject\",\"inLanguage\":\"es\",\"@id\":\"https:\\\/\\\/webdelmaestrocmf.com\\\/portal\\\/que-son-las-pausas-activas-y-como-incorporarlas-en-tus-clases-una-por-dia\\\/#primaryimage\",\"url\":\"https:\\\/\\\/webdelmaestrocmf.com\\\/portal\\\/wp-content\\\/uploads\\\/2023\\\/10\\\/A12B3C4D-27.jpg\",\"contentUrl\":\"https:\\\/\\\/webdelmaestrocmf.com\\\/portal\\\/wp-content\\\/uploads\\\/2023\\\/10\\\/A12B3C4D-27.jpg\",\"width\":900,\"height\":556,\"caption\":\"pausas activas\"},{\"@type\":\"BreadcrumbList\",\"@id\":\"https:\\\/\\\/webdelmaestrocmf.com\\\/portal\\\/que-son-las-pausas-activas-y-como-incorporarlas-en-tus-clases-una-por-dia\\\/#breadcrumb\",\"itemListElement\":[{\"@type\":\"ListItem\",\"position\":1,\"name\":\"Portada\",\"item\":\"https:\\\/\\\/webdelmaestrocmf.com\\\/portal\\\/\"},{\"@type\":\"ListItem\",\"position\":2,\"name\":\"Recursos\",\"item\":\"https:\\\/\\\/webdelmaestrocmf.com\\\/portal\\\/category\\\/pedagogia\\\/\"},{\"@type\":\"ListItem\",\"position\":3,\"name\":\"Qu\u00e9 son las pausas activas y c\u00f3mo incorporarlas en tus clases una por d\u00eda\"}]},{\"@type\":\"WebSite\",\"@id\":\"https:\\\/\\\/webdelmaestrocmf.com\\\/portal\\\/#website\",\"url\":\"https:\\\/\\\/webdelmaestrocmf.com\\\/portal\\\/\",\"name\":\"Web del Maestro CMF\",\"description\":\"Maestros al servicio de la educaci\u00f3n\",\"publisher\":{\"@id\":\"https:\\\/\\\/webdelmaestrocmf.com\\\/portal\\\/#organization\"},\"alternateName\":\"WMCMF\",\"potentialAction\":[{\"@type\":\"SearchAction\",\"target\":{\"@type\":\"EntryPoint\",\"urlTemplate\":\"https:\\\/\\\/webdelmaestrocmf.com\\\/portal\\\/?s={search_term_string}\"},\"query-input\":{\"@type\":\"PropertyValueSpecification\",\"valueRequired\":true,\"valueName\":\"search_term_string\"}}],\"inLanguage\":\"es\"},{\"@type\":\"Organization\",\"@id\":\"https:\\\/\\\/webdelmaestrocmf.com\\\/portal\\\/#organization\",\"name\":\"Web del Maestro CMF\",\"alternateName\":\"WMCMF\",\"url\":\"https:\\\/\\\/webdelmaestrocmf.com\\\/portal\\\/\",\"logo\":{\"@type\":\"ImageObject\",\"inLanguage\":\"es\",\"@id\":\"https:\\\/\\\/webdelmaestrocmf.com\\\/portal\\\/#\\\/schema\\\/logo\\\/image\\\/\",\"url\":\"https:\\\/\\\/webdelmaestrocmf.com\\\/portal\\\/wp-content\\\/uploads\\\/2023\\\/01\\\/logo-wmcmf-2.png\",\"contentUrl\":\"https:\\\/\\\/webdelmaestrocmf.com\\\/portal\\\/wp-content\\\/uploads\\\/2023\\\/01\\\/logo-wmcmf-2.png\",\"width\":200,\"height\":60,\"caption\":\"Web del Maestro CMF\"},\"image\":{\"@id\":\"https:\\\/\\\/webdelmaestrocmf.com\\\/portal\\\/#\\\/schema\\\/logo\\\/image\\\/\"},\"sameAs\":[\"https:\\\/\\\/www.facebook.com\\\/WebdelMaestroCMF\\\/\",\"https:\\\/\\\/x.com\\\/cmf_w\",\"https:\\\/\\\/www.pinterest.com\\\/WMCMF\\\/\",\"https:\\\/\\\/www.linkedin.com\\\/company\\\/web-del-maestro-cmf\\\/\",\"https:\\\/\\\/www.instagram.com\\\/wmcmf\\\/\",\"https:\\\/\\\/www.youtube.com\\\/channel\\\/UCDPSvjbdodE5sHnC3OxutHw\",\"https:\\\/\\\/mastodon.social\\\/@wmcmf\",\"https:\\\/\\\/www.tiktok.com\\\/@webdelmaestrocmf\"]},{\"@type\":\"Person\",\"@id\":\"https:\\\/\\\/webdelmaestrocmf.com\\\/portal\\\/#\\\/schema\\\/person\\\/1072a2ed7bd960df8ef99a551fa35dc5\",\"name\":\"Web del Maestro CMF\",\"image\":{\"@type\":\"ImageObject\",\"inLanguage\":\"es\",\"@id\":\"https:\\\/\\\/secure.gravatar.com\\\/avatar\\\/23291dd5b5ae1077dcff3dbb04c3e02bd28403fa75af6d8787d5e97c5bbbe30b?s=96&d=mm&r=g\",\"url\":\"https:\\\/\\\/secure.gravatar.com\\\/avatar\\\/23291dd5b5ae1077dcff3dbb04c3e02bd28403fa75af6d8787d5e97c5bbbe30b?s=96&d=mm&r=g\",\"contentUrl\":\"https:\\\/\\\/secure.gravatar.com\\\/avatar\\\/23291dd5b5ae1077dcff3dbb04c3e02bd28403fa75af6d8787d5e97c5bbbe30b?s=96&d=mm&r=g\",\"caption\":\"Web del Maestro CMF\"},\"description\":\"Esta Web se cre\u00f3 sin fines de lucro, con fines educativos, cient\u00edficos y acad\u00e9micos, para personas que tengan dificultades y\\\/o inconvenientes en visualizar el material original. El objetivo es entregar recursos, compartir experiencias y materiales que ayuden a los padres de familia, maestros y estudiantes en su actualizaci\u00f3n y formaci\u00f3n permanente, en bien de la Educaci\u00f3n.\",\"sameAs\":[\"http:\\\/\\\/webdelmaestrocmf.com\\\/portal\",\"https:\\\/\\\/www.facebook.com\\\/WebdelMaestroCMF\\\/\",\"https:\\\/\\\/www.instagram.com\\\/wmcmf\\\/\",\"https:\\\/\\\/cl.linkedin.com\\\/company\\\/web-del-maestro-cmf\",\"https:\\\/\\\/www.pinterest.com\\\/WMCMF\\\/publicaciones\\\/\",\"https:\\\/\\\/x.com\\\/cmf_w\",\"https:\\\/\\\/www.youtube.com\\\/@WMCMF\"]}]}<\/script>\n<!-- \/ Yoast SEO plugin. -->","yoast_head_json":{"title":"Qu\u00e9 son las pausas activas y c\u00f3mo incorporarlas en tus clases una por d\u00eda - 2026","description":"Comunidad de Maestros, Docentes y Profesores, en donde encontrar\u00e1s material, informaci\u00f3n y noticias del \u00e1mbito nacional y mundial.","robots":{"index":"index","follow":"follow","max-snippet":"max-snippet:-1","max-image-preview":"max-image-preview:large","max-video-preview":"max-video-preview:-1"},"canonical":"https:\/\/webdelmaestrocmf.com\/portal\/que-son-las-pausas-activas-y-como-incorporarlas-en-tus-clases-una-por-dia\/","og_locale":"es_ES","og_type":"article","og_title":"Qu\u00e9 son las pausas activas y c\u00f3mo incorporarlas en tus clases una por d\u00eda - 2026","og_description":"Comunidad de Maestros, Docentes y Profesores, en donde encontrar\u00e1s material, informaci\u00f3n y noticias del \u00e1mbito nacional y mundial.","og_url":"https:\/\/webdelmaestrocmf.com\/portal\/que-son-las-pausas-activas-y-como-incorporarlas-en-tus-clases-una-por-dia\/","og_site_name":"Web del Maestro CMF","article_publisher":"https:\/\/www.facebook.com\/WebdelMaestroCMF\/","article_author":"https:\/\/www.facebook.com\/WebdelMaestroCMF\/","article_published_time":"2023-10-09T21:30:43+00:00","article_modified_time":"2023-10-10T13:47:02+00:00","og_image":[{"width":900,"height":556,"url":"https:\/\/i0.wp.com\/webdelmaestrocmf.com\/portal\/wp-content\/uploads\/2023\/10\/A12B3C4D-27.jpg?fit=900%2C556&ssl=1","type":"image\/jpeg"}],"author":"Web del Maestro CMF","twitter_card":"summary_large_image","twitter_creator":"@cmf_w","twitter_site":"@cmf_w","schema":{"@context":"https:\/\/schema.org","@graph":[{"@type":"ScholarlyArticle","@id":"https:\/\/webdelmaestrocmf.com\/portal\/que-son-las-pausas-activas-y-como-incorporarlas-en-tus-clases-una-por-dia\/#article","isPartOf":{"@id":"https:\/\/webdelmaestrocmf.com\/portal\/que-son-las-pausas-activas-y-como-incorporarlas-en-tus-clases-una-por-dia\/"},"author":{"name":"Web del Maestro CMF","@id":"https:\/\/webdelmaestrocmf.com\/portal\/#\/schema\/person\/1072a2ed7bd960df8ef99a551fa35dc5"},"headline":"Qu\u00e9 son las pausas activas y c\u00f3mo incorporarlas en tus clases una por d\u00eda","datePublished":"2023-10-09T21:30:43+00:00","dateModified":"2023-10-10T13:47:02+00:00","mainEntityOfPage":{"@id":"https:\/\/webdelmaestrocmf.com\/portal\/que-son-las-pausas-activas-y-como-incorporarlas-en-tus-clases-una-por-dia\/"},"wordCount":1330,"commentCount":0,"publisher":{"@id":"https:\/\/webdelmaestrocmf.com\/portal\/#organization"},"image":{"@id":"https:\/\/webdelmaestrocmf.com\/portal\/que-son-las-pausas-activas-y-como-incorporarlas-en-tus-clases-una-por-dia\/#primaryimage"},"thumbnailUrl":"https:\/\/webdelmaestrocmf.com\/portal\/wp-content\/uploads\/2023\/10\/A12B3C4D-27.jpg","keywords":["clases","incorporarlas","Pausas activas"],"articleSection":["Pausas Activas","Recursos"],"inLanguage":"es","potentialAction":[{"@type":"CommentAction","name":"Comment","target":["https:\/\/webdelmaestrocmf.com\/portal\/que-son-las-pausas-activas-y-como-incorporarlas-en-tus-clases-una-por-dia\/#respond"]}]},{"@type":"WebPage","@id":"https:\/\/webdelmaestrocmf.com\/portal\/que-son-las-pausas-activas-y-como-incorporarlas-en-tus-clases-una-por-dia\/","url":"https:\/\/webdelmaestrocmf.com\/portal\/que-son-las-pausas-activas-y-como-incorporarlas-en-tus-clases-una-por-dia\/","name":"Qu\u00e9 son las pausas activas y c\u00f3mo incorporarlas en tus clases una por d\u00eda - 2026","isPartOf":{"@id":"https:\/\/webdelmaestrocmf.com\/portal\/#website"},"primaryImageOfPage":{"@id":"https:\/\/webdelmaestrocmf.com\/portal\/que-son-las-pausas-activas-y-como-incorporarlas-en-tus-clases-una-por-dia\/#primaryimage"},"image":{"@id":"https:\/\/webdelmaestrocmf.com\/portal\/que-son-las-pausas-activas-y-como-incorporarlas-en-tus-clases-una-por-dia\/#primaryimage"},"thumbnailUrl":"https:\/\/webdelmaestrocmf.com\/portal\/wp-content\/uploads\/2023\/10\/A12B3C4D-27.jpg","datePublished":"2023-10-09T21:30:43+00:00","dateModified":"2023-10-10T13:47:02+00:00","description":"Comunidad de Maestros, Docentes y Profesores, en donde encontrar\u00e1s material, informaci\u00f3n y noticias del \u00e1mbito nacional y mundial.","breadcrumb":{"@id":"https:\/\/webdelmaestrocmf.com\/portal\/que-son-las-pausas-activas-y-como-incorporarlas-en-tus-clases-una-por-dia\/#breadcrumb"},"inLanguage":"es","potentialAction":[{"@type":"ReadAction","target":["https:\/\/webdelmaestrocmf.com\/portal\/que-son-las-pausas-activas-y-como-incorporarlas-en-tus-clases-una-por-dia\/"]}]},{"@type":"ImageObject","inLanguage":"es","@id":"https:\/\/webdelmaestrocmf.com\/portal\/que-son-las-pausas-activas-y-como-incorporarlas-en-tus-clases-una-por-dia\/#primaryimage","url":"https:\/\/webdelmaestrocmf.com\/portal\/wp-content\/uploads\/2023\/10\/A12B3C4D-27.jpg","contentUrl":"https:\/\/webdelmaestrocmf.com\/portal\/wp-content\/uploads\/2023\/10\/A12B3C4D-27.jpg","width":900,"height":556,"caption":"pausas activas"},{"@type":"BreadcrumbList","@id":"https:\/\/webdelmaestrocmf.com\/portal\/que-son-las-pausas-activas-y-como-incorporarlas-en-tus-clases-una-por-dia\/#breadcrumb","itemListElement":[{"@type":"ListItem","position":1,"name":"Portada","item":"https:\/\/webdelmaestrocmf.com\/portal\/"},{"@type":"ListItem","position":2,"name":"Recursos","item":"https:\/\/webdelmaestrocmf.com\/portal\/category\/pedagogia\/"},{"@type":"ListItem","position":3,"name":"Qu\u00e9 son las pausas activas y c\u00f3mo incorporarlas en tus clases una por d\u00eda"}]},{"@type":"WebSite","@id":"https:\/\/webdelmaestrocmf.com\/portal\/#website","url":"https:\/\/webdelmaestrocmf.com\/portal\/","name":"Web del Maestro CMF","description":"Maestros al servicio de la educaci\u00f3n","publisher":{"@id":"https:\/\/webdelmaestrocmf.com\/portal\/#organization"},"alternateName":"WMCMF","potentialAction":[{"@type":"SearchAction","target":{"@type":"EntryPoint","urlTemplate":"https:\/\/webdelmaestrocmf.com\/portal\/?s={search_term_string}"},"query-input":{"@type":"PropertyValueSpecification","valueRequired":true,"valueName":"search_term_string"}}],"inLanguage":"es"},{"@type":"Organization","@id":"https:\/\/webdelmaestrocmf.com\/portal\/#organization","name":"Web del Maestro CMF","alternateName":"WMCMF","url":"https:\/\/webdelmaestrocmf.com\/portal\/","logo":{"@type":"ImageObject","inLanguage":"es","@id":"https:\/\/webdelmaestrocmf.com\/portal\/#\/schema\/logo\/image\/","url":"https:\/\/webdelmaestrocmf.com\/portal\/wp-content\/uploads\/2023\/01\/logo-wmcmf-2.png","contentUrl":"https:\/\/webdelmaestrocmf.com\/portal\/wp-content\/uploads\/2023\/01\/logo-wmcmf-2.png","width":200,"height":60,"caption":"Web del Maestro CMF"},"image":{"@id":"https:\/\/webdelmaestrocmf.com\/portal\/#\/schema\/logo\/image\/"},"sameAs":["https:\/\/www.facebook.com\/WebdelMaestroCMF\/","https:\/\/x.com\/cmf_w","https:\/\/www.pinterest.com\/WMCMF\/","https:\/\/www.linkedin.com\/company\/web-del-maestro-cmf\/","https:\/\/www.instagram.com\/wmcmf\/","https:\/\/www.youtube.com\/channel\/UCDPSvjbdodE5sHnC3OxutHw","https:\/\/mastodon.social\/@wmcmf","https:\/\/www.tiktok.com\/@webdelmaestrocmf"]},{"@type":"Person","@id":"https:\/\/webdelmaestrocmf.com\/portal\/#\/schema\/person\/1072a2ed7bd960df8ef99a551fa35dc5","name":"Web del Maestro CMF","image":{"@type":"ImageObject","inLanguage":"es","@id":"https:\/\/secure.gravatar.com\/avatar\/23291dd5b5ae1077dcff3dbb04c3e02bd28403fa75af6d8787d5e97c5bbbe30b?s=96&d=mm&r=g","url":"https:\/\/secure.gravatar.com\/avatar\/23291dd5b5ae1077dcff3dbb04c3e02bd28403fa75af6d8787d5e97c5bbbe30b?s=96&d=mm&r=g","contentUrl":"https:\/\/secure.gravatar.com\/avatar\/23291dd5b5ae1077dcff3dbb04c3e02bd28403fa75af6d8787d5e97c5bbbe30b?s=96&d=mm&r=g","caption":"Web del Maestro CMF"},"description":"Esta Web se cre\u00f3 sin fines de lucro, con fines educativos, cient\u00edficos y acad\u00e9micos, para personas que tengan dificultades y\/o inconvenientes en visualizar el material original. El objetivo es entregar recursos, compartir experiencias y materiales que ayuden a los padres de familia, maestros y estudiantes en su actualizaci\u00f3n y formaci\u00f3n permanente, en bien de la Educaci\u00f3n.","sameAs":["http:\/\/webdelmaestrocmf.com\/portal","https:\/\/www.facebook.com\/WebdelMaestroCMF\/","https:\/\/www.instagram.com\/wmcmf\/","https:\/\/cl.linkedin.com\/company\/web-del-maestro-cmf","https:\/\/www.pinterest.com\/WMCMF\/publicaciones\/","https:\/\/x.com\/cmf_w","https:\/\/www.youtube.com\/@WMCMF"]}]}},"jetpack_featured_media_url":"https:\/\/webdelmaestrocmf.com\/portal\/wp-content\/uploads\/2023\/10\/A12B3C4D-27.jpg","jetpack_sharing_enabled":true,"jetpack-related-posts":[{"id":87073,"url":"https:\/\/webdelmaestrocmf.com\/portal\/pausas-activas-ejemplos-graficos-de-como-los-docentes-deverian-aplicar-en-sus-clases\/","url_meta":{"origin":97040,"position":0},"title":"Pausas activas: qu\u00e9 son, c\u00f3mo aplicarlas y ejemplos","author":"Web del Maestro CMF","date":"15 enero, 2024","format":false,"excerpt":"Las pausas activas, son tiempos reducidos de movimientos naturales, realizados por el estudiante mientras se desarrolla la jornada de clases dentro de la Instituci\u00f3n educativa, donde le permite al docente recuperar la atenci\u00f3n y concentraci\u00f3n de los estudiantes, adem\u00e1s M\u00e9ndez (2020). Manifiesta que, \u201clos descansos activos consisten en actividades independientes,\u2026","rel":"","context":"En \u00abPausas Activas\u00bb","block_context":{"text":"Pausas Activas","link":"https:\/\/webdelmaestrocmf.com\/portal\/category\/pedagogia\/pausas-activas\/"},"img":{"alt_text":"PAUSAS ACTIVAS","src":"https:\/\/i0.wp.com\/webdelmaestrocmf.com\/portal\/wp-content\/uploads\/2023\/04\/Banner-1-portada-imagen-10-4.jpg?resize=350%2C200&ssl=1","width":350,"height":200,"srcset":"https:\/\/i0.wp.com\/webdelmaestrocmf.com\/portal\/wp-content\/uploads\/2023\/04\/Banner-1-portada-imagen-10-4.jpg?resize=350%2C200&ssl=1 1x, https:\/\/i0.wp.com\/webdelmaestrocmf.com\/portal\/wp-content\/uploads\/2023\/04\/Banner-1-portada-imagen-10-4.jpg?resize=525%2C300&ssl=1 1.5x, https:\/\/i0.wp.com\/webdelmaestrocmf.com\/portal\/wp-content\/uploads\/2023\/04\/Banner-1-portada-imagen-10-4.jpg?resize=700%2C400&ssl=1 2x"},"classes":[]},{"id":85619,"url":"https:\/\/webdelmaestrocmf.com\/portal\/que-son-las-pausas-activas-en-el-aula-son-utiles\/","url_meta":{"origin":97040,"position":1},"title":"\u00bfQu\u00e9 son las pausas activas en el aula? \u00bfSon \u00fatiles?","author":"Web del Maestro CMF","date":"14 marzo, 2023","format":false,"excerpt":"Las\u00a0pausas o descansos activos\u00a0son periodos cortos durante la\u00a0jornada escolar\u00a0en los que se detiene la actividad escolar m\u00e1s intelectual y sedentaria (explicaciones, preguntas, debates o ejercicios) para realizar una actividad f\u00edsica como bailar, saltar o estiramientos. Es muy com\u00fan que se realicen entre clase y clase, m\u00e1s o menos cada 50\u2026","rel":"","context":"En \u00abDocentes\u00bb","block_context":{"text":"Docentes","link":"https:\/\/webdelmaestrocmf.com\/portal\/category\/pedagogia\/docentes\/"},"img":{"alt_text":"","src":"https:\/\/i0.wp.com\/webdelmaestrocmf.com\/portal\/wp-content\/uploads\/2023\/03\/A12B3C4D-6.jpg?resize=350%2C200&ssl=1","width":350,"height":200,"srcset":"https:\/\/i0.wp.com\/webdelmaestrocmf.com\/portal\/wp-content\/uploads\/2023\/03\/A12B3C4D-6.jpg?resize=350%2C200&ssl=1 1x, https:\/\/i0.wp.com\/webdelmaestrocmf.com\/portal\/wp-content\/uploads\/2023\/03\/A12B3C4D-6.jpg?resize=525%2C300&ssl=1 1.5x, https:\/\/i0.wp.com\/webdelmaestrocmf.com\/portal\/wp-content\/uploads\/2023\/03\/A12B3C4D-6.jpg?resize=700%2C400&ssl=1 2x"},"classes":[]},{"id":40294,"url":"https:\/\/webdelmaestrocmf.com\/portal\/ayuda-a-tus-alumnos-a-maximizar-su-concentracion-con-las-pausas-cerebrales-y-las-practicas-de-atencion\/","url_meta":{"origin":97040,"position":2},"title":"Pausas cerebrales y las Pr\u00e1cticas de atenci\u00f3n","author":"Web del Maestro CMF","date":"15 agosto, 2021","format":false,"excerpt":"Entre las nuevas tendencias est\u00e1 la pr\u00e1ctica de las pausas cerebrales, momentos dentro del sal\u00f3n de clase en los que los alumnos detienen su tarea y cambian a una actividad diferente, preferentemente f\u00edsica, que les permite recobrar el aliento para seguir con el aprendizaje. En distintos estudios se ha visto\u2026","rel":"","context":"En \u00abPausas Mentales\u00bb","block_context":{"text":"Pausas Mentales","link":"https:\/\/webdelmaestrocmf.com\/portal\/category\/pedagogia\/pausas-mentales\/"},"img":{"alt_text":"","src":"https:\/\/i0.wp.com\/webdelmaestrocmf.com\/portal\/wp-content\/uploads\/2020\/08\/1-186.jpg?resize=350%2C200&ssl=1","width":350,"height":200,"srcset":"https:\/\/i0.wp.com\/webdelmaestrocmf.com\/portal\/wp-content\/uploads\/2020\/08\/1-186.jpg?resize=350%2C200&ssl=1 1x, https:\/\/i0.wp.com\/webdelmaestrocmf.com\/portal\/wp-content\/uploads\/2020\/08\/1-186.jpg?resize=525%2C300&ssl=1 1.5x, https:\/\/i0.wp.com\/webdelmaestrocmf.com\/portal\/wp-content\/uploads\/2020\/08\/1-186.jpg?resize=700%2C400&ssl=1 2x, https:\/\/i0.wp.com\/webdelmaestrocmf.com\/portal\/wp-content\/uploads\/2020\/08\/1-186.jpg?resize=1050%2C600&ssl=1 3x"},"classes":[]},{"id":118111,"url":"https:\/\/webdelmaestrocmf.com\/portal\/critican-a-docente-por-descansar-de-esta-forma-durante-el-recreo\/","url_meta":{"origin":97040,"position":3},"title":"Critican a docente por descansar de esta forma durante el recreo","author":"Web del Maestro CMF","date":"21 abril, 2026","format":false,"excerpt":"Se critica a un docente por descansar durante el recreo, evidenciando juicios apresurados y poca comprensi\u00f3n de su labor. El debate revela la necesidad de valorar y respetar su bienestar.","rel":"","context":"En \u00abNoticias Internacionales\u00bb","block_context":{"text":"Noticias Internacionales","link":"https:\/\/webdelmaestrocmf.com\/portal\/category\/noticias-internacionales\/"},"img":{"alt_text":"","src":"https:\/\/i0.wp.com\/webdelmaestrocmf.com\/portal\/wp-content\/uploads\/2026\/04\/1AA-Banner-1-portada-imagen-10-1-copia-1-7.webp?resize=350%2C200&ssl=1","width":350,"height":200,"srcset":"https:\/\/i0.wp.com\/webdelmaestrocmf.com\/portal\/wp-content\/uploads\/2026\/04\/1AA-Banner-1-portada-imagen-10-1-copia-1-7.webp?resize=350%2C200&ssl=1 1x, https:\/\/i0.wp.com\/webdelmaestrocmf.com\/portal\/wp-content\/uploads\/2026\/04\/1AA-Banner-1-portada-imagen-10-1-copia-1-7.webp?resize=525%2C300&ssl=1 1.5x, https:\/\/i0.wp.com\/webdelmaestrocmf.com\/portal\/wp-content\/uploads\/2026\/04\/1AA-Banner-1-portada-imagen-10-1-copia-1-7.webp?resize=700%2C400&ssl=1 2x, https:\/\/i0.wp.com\/webdelmaestrocmf.com\/portal\/wp-content\/uploads\/2026\/04\/1AA-Banner-1-portada-imagen-10-1-copia-1-7.webp?resize=1050%2C600&ssl=1 3x"},"classes":[]},{"id":74769,"url":"https:\/\/webdelmaestrocmf.com\/portal\/ideas-sencillas-para-involucrar-cognitivamente-a-los-estudiantes-en-un-modelo-presencial-hibrido-o-virtual\/","url_meta":{"origin":97040,"position":4},"title":"Ideas sencillas para involucrar cognitivamente a los estudiantes en un modelo presencial, h\u00edbrido o virtual","author":"Web del Maestro CMF","date":"26 febrero, 2022","format":false,"excerpt":"La pandemia a\u00fan no llega a su fin, por el contrario, los casos de COVID-19 van en aumento a poco tiempo de iniciar el siguiente ciclo escolar 2021-2022. No sabemos con seguridad si regresaremos o no a las aulas de forma presencial. De hecho, uno de los principales desaf\u00edos que\u2026","rel":"","context":"En \u00abDocentes\u00bb","block_context":{"text":"Docentes","link":"https:\/\/webdelmaestrocmf.com\/portal\/category\/pedagogia\/docentes\/"},"img":{"alt_text":"","src":"https:\/\/i0.wp.com\/webdelmaestrocmf.com\/portal\/wp-content\/uploads\/2022\/02\/1a12-DESKTOP-DLIPULV-3.jpg?resize=350%2C200&ssl=1","width":350,"height":200,"srcset":"https:\/\/i0.wp.com\/webdelmaestrocmf.com\/portal\/wp-content\/uploads\/2022\/02\/1a12-DESKTOP-DLIPULV-3.jpg?resize=350%2C200&ssl=1 1x, https:\/\/i0.wp.com\/webdelmaestrocmf.com\/portal\/wp-content\/uploads\/2022\/02\/1a12-DESKTOP-DLIPULV-3.jpg?resize=525%2C300&ssl=1 1.5x, https:\/\/i0.wp.com\/webdelmaestrocmf.com\/portal\/wp-content\/uploads\/2022\/02\/1a12-DESKTOP-DLIPULV-3.jpg?resize=700%2C400&ssl=1 2x, https:\/\/i0.wp.com\/webdelmaestrocmf.com\/portal\/wp-content\/uploads\/2022\/02\/1a12-DESKTOP-DLIPULV-3.jpg?resize=1050%2C600&ssl=1 3x"},"classes":[]},{"id":95551,"url":"https:\/\/webdelmaestrocmf.com\/portal\/como-educar-a-ninos-distraidos-o-despistados-que-se-puede-hacer-en-clase\/","url_meta":{"origin":97040,"position":5},"title":"C\u00f3mo educar a ni\u00f1os distra\u00eddos o despistados. \u00bfQu\u00e9 se puede hacer en clase? Descarga las 80 actividades para trabajar la atenci\u00f3n en clases","author":"Web del Maestro CMF","date":"26 abril, 2026","format":false,"excerpt":"Educar a ni\u00f1os distra\u00eddos exige comprensi\u00f3n, paciencia y estrategias efectivas para fortalecer su atenci\u00f3n, concentraci\u00f3n y desarrollo personal hacia el \u00e9xito futuro.","rel":"","context":"En \u00abDeficit de atenci\u00f3n\u00bb","block_context":{"text":"Deficit de atenci\u00f3n","link":"https:\/\/webdelmaestrocmf.com\/portal\/category\/pedagogia\/deficit-de-atencion\/"},"img":{"alt_text":"","src":"https:\/\/i0.wp.com\/webdelmaestrocmf.com\/portal\/wp-content\/uploads\/2023\/09\/1A-Banner-1-portada-imagen-10-1-copia-1.jpg?resize=350%2C200&ssl=1","width":350,"height":200,"srcset":"https:\/\/i0.wp.com\/webdelmaestrocmf.com\/portal\/wp-content\/uploads\/2023\/09\/1A-Banner-1-portada-imagen-10-1-copia-1.jpg?resize=350%2C200&ssl=1 1x, https:\/\/i0.wp.com\/webdelmaestrocmf.com\/portal\/wp-content\/uploads\/2023\/09\/1A-Banner-1-portada-imagen-10-1-copia-1.jpg?resize=525%2C300&ssl=1 1.5x, https:\/\/i0.wp.com\/webdelmaestrocmf.com\/portal\/wp-content\/uploads\/2023\/09\/1A-Banner-1-portada-imagen-10-1-copia-1.jpg?resize=700%2C400&ssl=1 2x"},"classes":[]}],"_links":{"self":[{"href":"https:\/\/webdelmaestrocmf.com\/portal\/wp-json\/wp\/v2\/posts\/97040","targetHints":{"allow":["GET"]}}],"collection":[{"href":"https:\/\/webdelmaestrocmf.com\/portal\/wp-json\/wp\/v2\/posts"}],"about":[{"href":"https:\/\/webdelmaestrocmf.com\/portal\/wp-json\/wp\/v2\/types\/post"}],"author":[{"embeddable":true,"href":"https:\/\/webdelmaestrocmf.com\/portal\/wp-json\/wp\/v2\/users\/1"}],"replies":[{"embeddable":true,"href":"https:\/\/webdelmaestrocmf.com\/portal\/wp-json\/wp\/v2\/comments?post=97040"}],"version-history":[{"count":0,"href":"https:\/\/webdelmaestrocmf.com\/portal\/wp-json\/wp\/v2\/posts\/97040\/revisions"}],"wp:featuredmedia":[{"embeddable":true,"href":"https:\/\/webdelmaestrocmf.com\/portal\/wp-json\/wp\/v2\/media\/97052"}],"wp:attachment":[{"href":"https:\/\/webdelmaestrocmf.com\/portal\/wp-json\/wp\/v2\/media?parent=97040"}],"wp:term":[{"taxonomy":"category","embeddable":true,"href":"https:\/\/webdelmaestrocmf.com\/portal\/wp-json\/wp\/v2\/categories?post=97040"},{"taxonomy":"post_tag","embeddable":true,"href":"https:\/\/webdelmaestrocmf.com\/portal\/wp-json\/wp\/v2\/tags?post=97040"}],"curies":[{"name":"wp","href":"https:\/\/api.w.org\/{rel}","templated":true}]}}