{"id":96967,"date":"2023-10-08T19:14:08","date_gmt":"2023-10-08T22:14:08","guid":{"rendered":"https:\/\/webdelmaestrocmf.com\/portal\/?p=96967"},"modified":"2023-10-09T10:59:28","modified_gmt":"2023-10-09T13:59:28","slug":"cuadernillo-con-actividades-para-empezar-bien-el-dia","status":"publish","type":"post","link":"https:\/\/webdelmaestrocmf.com\/portal\/cuadernillo-con-actividades-para-empezar-bien-el-dia\/","title":{"rendered":"Cuadernillo con actividades para empezar bien el d\u00eda"},"content":{"rendered":"<p style=\"text-align: justify;\"><strong>Cada d\u00eda en el aula comienza con la promesa de nuevos descubrimientos y aprendizajes, y es en esos primeros momentos que los profesores tienen la oportunidad de establecer un tono positivo para el d\u00eda escolar. La manera en que comienza el d\u00eda en el aula es crucial, ya que puede influir en el nivel de participaci\u00f3n, compromiso y entusiasmo de los estudiantes en las lecciones posteriores. Es por eso que los educadores de todo el mundo buscan estrategias creativas o actividades para empezar y captar la atenci\u00f3n de sus alumnos desde el principio.<\/strong><!--more--><\/p>\n<p style=\"text-align: justify;\">En este art\u00edculo, exploraremos una estrategia efectiva para empezar el d\u00eda en el aula de manera din\u00e1mica y estimulante: las actividades de ordenar palabras y matem\u00e1ticas. Estas actividades no solo despiertan el inter\u00e9s de los estudiantes, sino que tambi\u00e9n fomentan el pensamiento cr\u00edtico, la colaboraci\u00f3n y la competencia amigable. A trav\u00e9s de estas iniciativas, los educadores pueden transformar la rutina matutina en una emocionante aventura educativa que establece las bases para un d\u00eda escolar exitoso y enriquecedor.<\/p>\n<p style=\"text-align: justify;\">Acomp\u00e1\u00f1anos en este viaje hacia el empoderamiento de los estudiantes desde el primer minuto del d\u00eda escolar.<\/p>\n<h5 style=\"text-align: justify;\"><strong>La Importancia de Empezar el D\u00eda de Manera Positiva<\/strong><\/h5>\n<p style=\"text-align: justify;\">Comenzar el d\u00eda escolar de forma positiva es esencial para crear un ambiente de aprendizaje productivo. Cuando los estudiantes se sienten motivados y comprometidos desde el principio, es m\u00e1s probable que est\u00e9n dispuestos a participar activamente en las lecciones posteriores. Adem\u00e1s, un inicio positivo puede ayudar a establecer una rutina que fomente la puntualidad y la organizaci\u00f3n.<\/p>\n<h5 style=\"text-align: justify;\"><strong>Actividades de Ordenar Palabras para Estimular el Pensamiento<\/strong><\/h5>\n<p style=\"text-align: justify;\">Una actividad efectiva para empezar el d\u00eda es el juego de ordenar palabras. Proporciona a los estudiantes una lista de palabras mezcladas que forman una oraci\u00f3n o una frase cuando se ordenan correctamente. Los estudiantes deben trabajar individualmente o en grupos para descifrar el enigma y reconstruir la oraci\u00f3n en el orden correcto.<\/p>\n<p style=\"text-align: justify;\">Esta actividad no solo despierta la curiosidad de los estudiantes, sino que tambi\u00e9n fomenta el pensamiento l\u00f3gico y la comprensi\u00f3n de la estructura de las oraciones. Adem\u00e1s, puede ser una excelente oportunidad para introducir nuevos vocabularios o repasar conceptos previamente aprendidos.<\/p>\n<h5 style=\"text-align: justify;\"><strong>Desaf\u00edos Matem\u00e1ticos para Estimular el Pensamiento Cr\u00edtico<\/strong><\/h5>\n<p style=\"text-align: justify;\">Otra estrategia efectiva es presentar desaf\u00edos matem\u00e1ticos que requieran el uso de habilidades de resoluci\u00f3n de problemas y c\u00e1lculo. Los estudiantes pueden trabajar en problemas matem\u00e1ticos que var\u00eden en dificultad seg\u00fan su nivel, lo que les permite sentirse desafiados pero no abrumados.<\/p>\n<p style=\"text-align: justify;\">Los desaf\u00edos matem\u00e1ticos pueden abordar una variedad de temas, desde operaciones aritm\u00e9ticas b\u00e1sicas hasta problemas m\u00e1s complejos de \u00e1lgebra o geometr\u00eda, dependiendo del nivel de los estudiantes. La clave es que los problemas sean estimulantes y alentadores, lo que motiva a los estudiantes a pensar cr\u00edticamente y a colaborar en la b\u00fasqueda de soluciones.<\/p>\n<h5 style=\"text-align: justify;\"><strong>Convertir las Actividades en una Competencia Amigable<\/strong><\/h5>\n<p style=\"text-align: justify;\">Para aumentar el compromiso de los estudiantes, estas actividades de ordenar palabras y matem\u00e1ticas pueden convertirse en una emocionante competencia en el aula. Puedes establecer un l\u00edmite de tiempo y un sistema de puntos para recompensar a los estudiantes que completen las actividades de manera r\u00e1pida y precisa. Esto fomentar\u00e1 un ambiente de camarader\u00eda y colaboraci\u00f3n, al tiempo que desarrollar\u00e1 habilidades de trabajo en equipo y competencia saludable.<\/p>\n<p><img loading=\"lazy\" decoding=\"async\" class=\"alignnone wp-image-96969 size-large\" src=\"https:\/\/webdelmaestrocmf.com\/portal\/wp-content\/uploads\/2023\/10\/C6N25PGLTNFCXOO6LDNW2OTYZA-1-1-1024x485.jpg\" alt=\"actividades para empezar\" width=\"1024\" height=\"485\" srcset=\"https:\/\/webdelmaestrocmf.com\/portal\/wp-content\/uploads\/2023\/10\/C6N25PGLTNFCXOO6LDNW2OTYZA-1-1-1024x485.jpg 1024w, https:\/\/webdelmaestrocmf.com\/portal\/wp-content\/uploads\/2023\/10\/C6N25PGLTNFCXOO6LDNW2OTYZA-1-1-300x142.jpg 300w, https:\/\/webdelmaestrocmf.com\/portal\/wp-content\/uploads\/2023\/10\/C6N25PGLTNFCXOO6LDNW2OTYZA-1-1-768x364.jpg 768w, https:\/\/webdelmaestrocmf.com\/portal\/wp-content\/uploads\/2023\/10\/C6N25PGLTNFCXOO6LDNW2OTYZA-1-1-380x180.jpg 380w, https:\/\/webdelmaestrocmf.com\/portal\/wp-content\/uploads\/2023\/10\/C6N25PGLTNFCXOO6LDNW2OTYZA-1-1-550x260.jpg 550w, https:\/\/webdelmaestrocmf.com\/portal\/wp-content\/uploads\/2023\/10\/C6N25PGLTNFCXOO6LDNW2OTYZA-1-1-800x379.jpg 800w, https:\/\/webdelmaestrocmf.com\/portal\/wp-content\/uploads\/2023\/10\/C6N25PGLTNFCXOO6LDNW2OTYZA-1-1-1160x549.jpg 1160w, https:\/\/webdelmaestrocmf.com\/portal\/wp-content\/uploads\/2023\/10\/C6N25PGLTNFCXOO6LDNW2OTYZA-1-1.jpg 1200w\" sizes=\"auto, (max-width: 1024px) 100vw, 1024px\" \/><\/p>\n<h5 style=\"text-align: justify;\"><strong>Conclusi\u00f3n<\/strong><\/h5>\n<p style=\"text-align: justify;\">En resumen, eEefectivas para captar la atenci\u00f3n de los estudiantes y motivar su participaci\u00f3n activa. Cuando estas actividades se transforman en una competencia amigable, se crea un entorno de aprendizaje emocionante que promueve el pensamiento cr\u00edtico y el trabajo en equipo. En \u00faltima instancia, estas actividades pueden ayudar a sentar las bases para un d\u00eda escolar exitoso y enriquecedor.<\/p>\n<p style=\"text-align: right;\"><strong>REDACCI\u00d3N WEB DEL MAESTRO CMF<\/strong><\/p>\n<p style=\"text-align: center;\">Recomendamos a la Comunidad Educativa Digital tener en cuenta que, el enlace y\/o la carpeta en donde est\u00e1n alojados los libros, recursos y\/o materiales, no es administrado por la Web del Maestro CMF, pueda ser que en cuesti\u00f3n de d\u00edas (o seg\u00fan el tiempo transcurrido desde su publicaci\u00f3n), los enlaces no funcionen y el material ya no se encuentre disponible. Gracias por su comprensi\u00f3n.<\/p>\n<p style=\"text-align: center;\"><strong>ENLACE DE LECTURA:\u00a0<\/strong><a href=\"https:\/\/mega.nz\/folder\/S3hQjDqJ#ImzppNm4uqWZPBLhNga53w\" target=\"_blank\" rel=\"noopener\">CUADERNILLO CON ACTIVIDADES PARA EMPEZAR BIEN EL D\u00cdA<\/a><\/p>\n<p style=\"text-align: center;\"><strong>Si te sirvi\u00f3 el material, ap\u00f3yanos con un clic. Nos ayudar\u00e1 a mantener el servicio. \u00a1Comparte y as\u00ed m\u00e1s docentes utilizar\u00e1n estos recursos gratis! Muchas gracias.<\/strong><\/p>\n<p><img decoding=\"async\" src=\"https:\/\/webdelmaestrocmf.com\/portal\/wp-content\/uploads\/2023\/04\/banner_des.png\" \/><\/p>\n\t\t<div class=\"pk-inline-posts\">\n\t\t\t\n\t\t\t<div class=\"pk-inline-posts-container pk-inline-posts-template-list\"\n\t\t\t\tdata-columns=\"1\">\n\t\t\t\t\t\t<article id=\"post-96416\" class=\"post-96416 post type-post status-publish format-standard has-post-thumbnail category-cuadernillos category-matematica category-pedagogia tag-algoritmo-de-division tag-alumnos-de-primaria tag-aplicacion-practica tag-aprendizaje tag-aprendizaje-divertido tag-comprension-matematica tag-conceptos-basicos tag-conceptos-de-division tag-conceptos-matematicos tag-cuadernillo-de-ejercicios tag-cuadernillo-de-matematicas tag-division-exacta tag-division-inexacta tag-divisiones tag-educacion-primaria tag-ejercicios-de-matematicas tag-ejercicios-de-practica tag-ejercicios-practicos tag-ensenanza-de-las-divisiones tag-estrategias-de-ensenanza tag-habilidades-matematicas tag-matematicas tag-matematicas-para-ninos tag-numeros-de-dos-digitos tag-operaciones-matematicas tag-practica-matematica tag-primer-ano tag-resolucion-de-problemas tag-resolucion-de-problemas-matematicos tag-segundo-ano cs-entry cs-video-wrap\">\n\t\t\t<div class=\"pk-post-outer\">\n\n\t\t\t\t\t\t\t\t<div class=\"pk-post-inner\">\n\t\t\t\t\t<div class=\"entry-thumbnail\">\n\t\t\t\t\t\t<div class=\"pk-overlay pk-overlay-ratio pk-ratio-landscape\">\n\t\t\t\t\t\t\t<div class=\"pk-overlay-background\">\n\t\t\t\t\t\t\t\t<a href=\"https:\/\/webdelmaestrocmf.com\/portal\/cuadernillo-de-divisiones-para-primer-y-segundo-ano-de-primaria\/\" class=\"pk-overlay-link\">\n\t\t\t\t\t\t\t\t\t<img loading=\"lazy\" decoding=\"async\" width=\"300\" height=\"225\" src=\"https:\/\/webdelmaestrocmf.com\/portal\/wp-content\/uploads\/2023\/10\/1AA-Banner-1-portada-imagen-10-1-copia-29-300x225.webp\" class=\"attachment-pk-thumbnail size-pk-thumbnail wp-post-image\" alt=\"\" \/>\t\t\t\t\t\t\t\t<\/a>\n\t\t\t\t\t\t\t<\/div>\n\t\t\t\t\t\t<\/div>\n\t\t\t\t\t<\/div>\n\t\t\t\t<\/div>\n\t\t\t\t\n\t\t\t\t<div class=\"pk-post-inner\">\n\t\t\t\t\t<header>\n\t\t\t\t\t\t<h3 class=\"pk-title\"><a href=\"https:\/\/webdelmaestrocmf.com\/portal\/cuadernillo-de-divisiones-para-primer-y-segundo-ano-de-primaria\/\" rel=\"bookmark\">Cuadernillo de divisiones para Primer y Segundo a\u00f1o de primaria<\/a><\/h3>\t\t\t\t\t<\/header><!-- .entry-header -->\n\t\t\t\t<\/div><!-- .post-inner -->\n\n\t\t\t<\/div><!-- .post-outer -->\n\t\t<\/article>\n\t\t\t<article id=\"post-95508\" class=\"post-95508 post type-post status-publish format-standard has-post-thumbnail category-cuadernillos category-matematica category-pedagogia tag-5-anos tag-cuadernillo tag-matematicas tag-ninos cs-entry cs-video-wrap\">\n\t\t\t<div class=\"pk-post-outer\">\n\n\t\t\t\t\t\t\t\t<div class=\"pk-post-inner\">\n\t\t\t\t\t<div class=\"entry-thumbnail\">\n\t\t\t\t\t\t<div class=\"pk-overlay pk-overlay-ratio pk-ratio-landscape\">\n\t\t\t\t\t\t\t<div class=\"pk-overlay-background\">\n\t\t\t\t\t\t\t\t<a href=\"https:\/\/webdelmaestrocmf.com\/portal\/descubre-el-maravilloso-cuadernillo-de-matematicas-para-ninos-de-3-4-y-5-anos-aprende-jugando\/\" class=\"pk-overlay-link\">\n\t\t\t\t\t\t\t\t\t<img loading=\"lazy\" decoding=\"async\" width=\"300\" height=\"225\" src=\"https:\/\/webdelmaestrocmf.com\/portal\/wp-content\/uploads\/2023\/11\/Banner-1-portada-imagen-10-34-300x225.jpg\" class=\"attachment-pk-thumbnail size-pk-thumbnail wp-post-image\" alt=\"Cuadernillo de Matem\u00e1ticas\" \/>\t\t\t\t\t\t\t\t<\/a>\n\t\t\t\t\t\t\t<\/div>\n\t\t\t\t\t\t<\/div>\n\t\t\t\t\t<\/div>\n\t\t\t\t<\/div>\n\t\t\t\t\n\t\t\t\t<div class=\"pk-post-inner\">\n\t\t\t\t\t<header>\n\t\t\t\t\t\t<h3 class=\"pk-title\"><a href=\"https:\/\/webdelmaestrocmf.com\/portal\/descubre-el-maravilloso-cuadernillo-de-matematicas-para-ninos-de-3-4-y-5-anos-aprende-jugando\/\" rel=\"bookmark\">Descarga los cuadernillos de Matem\u00e1ticas para ni\u00f1os de 3, 4 y 5 a\u00f1os<\/a><\/h3>\t\t\t\t\t<\/header><!-- .entry-header -->\n\t\t\t\t<\/div><!-- .post-inner -->\n\n\t\t\t<\/div><!-- .post-outer -->\n\t\t<\/article>\n\t\t\t<article id=\"post-97674\" class=\"post-97674 post type-post status-publish format-standard has-post-thumbnail category-comprencion category-comprension-lectora category-cuadernillos category-lectoescritura category-leer tag-1o-de-primaria tag-2o-de-primaria tag-actividades tag-comprension-lectora tag-cuadernillo tag-cuaderno tag-lecturas cs-entry cs-video-wrap\">\n\t\t\t<div class=\"pk-post-outer\">\n\n\t\t\t\t\t\t\t\t<div class=\"pk-post-inner\">\n\t\t\t\t\t<div class=\"entry-thumbnail\">\n\t\t\t\t\t\t<div class=\"pk-overlay pk-overlay-ratio pk-ratio-landscape\">\n\t\t\t\t\t\t\t<div class=\"pk-overlay-background\">\n\t\t\t\t\t\t\t\t<a href=\"https:\/\/webdelmaestrocmf.com\/portal\/cuadernillo-de-comprension-lectora-lecturas-y-actividades-para-1o-y-2o-de-primaria\/\" class=\"pk-overlay-link\">\n\t\t\t\t\t\t\t\t\t<img loading=\"lazy\" decoding=\"async\" width=\"300\" height=\"225\" src=\"https:\/\/webdelmaestrocmf.com\/portal\/wp-content\/uploads\/2026\/02\/1A-Banner-1-portada-imagen-10-1-copia-1-4-300x225.webp\" class=\"attachment-pk-thumbnail size-pk-thumbnail wp-post-image\" alt=\"\" \/>\t\t\t\t\t\t\t\t<\/a>\n\t\t\t\t\t\t\t<\/div>\n\t\t\t\t\t\t<\/div>\n\t\t\t\t\t<\/div>\n\t\t\t\t<\/div>\n\t\t\t\t\n\t\t\t\t<div class=\"pk-post-inner\">\n\t\t\t\t\t<header>\n\t\t\t\t\t\t<h3 class=\"pk-title\"><a href=\"https:\/\/webdelmaestrocmf.com\/portal\/cuadernillo-de-comprension-lectora-lecturas-y-actividades-para-1o-y-2o-de-primaria\/\" rel=\"bookmark\">Descarga el cuadernillo de comprensi\u00f3n lectora, las 300 lecturas cortas, lecturas piramidales y las actividades para 1\u00ba y 2\u00ba de primaria<\/a><\/h3>\t\t\t\t\t<\/header><!-- .entry-header -->\n\t\t\t\t<\/div><!-- .post-inner -->\n\n\t\t\t<\/div><!-- .post-outer -->\n\t\t<\/article>\n\t\t\t\t<\/div>\n\t\t<\/div>\n\t\t\n","protected":false},"excerpt":{"rendered":"Cada d\u00eda en el aula comienza con la promesa de nuevos descubrimientos y aprendizajes, y es en esos&hellip;","protected":false},"author":1,"featured_media":96971,"comment_status":"open","ping_status":"closed","sticky":false,"template":"","format":"standard","meta":{"csco_display_header_overlay":false,"csco_singular_sidebar":"","csco_page_header_type":"","csco_page_load_nextpost":"","csco_post_video_location":[],"csco_post_video_location_hash":"","csco_post_video_url":"","csco_post_video_bg_start_time":0,"csco_post_video_bg_end_time":0,"csco_post_video_bg_volume":false,"_jetpack_memberships_contains_paid_content":false,"footnotes":""},"categories":[16031,13814,735],"tags":[1070,22053,3509,6395],"class_list":{"0":"post-96967","1":"post","2":"type-post","3":"status-publish","4":"format-standard","5":"has-post-thumbnail","7":"category-actividades","8":"category-cuadernillos","9":"category-pedagogia","10":"tag-actividades","11":"tag-bien-el-dia","12":"tag-cuadernillo","13":"tag-empezar","14":"cs-entry","15":"cs-video-wrap"},"yoast_head":"<!-- This site is optimized with the Yoast SEO plugin v27.5 - https:\/\/yoast.com\/product\/yoast-seo-wordpress\/ -->\n<title>Cuadernillo con actividades para empezar bien el d\u00eda - 2026<\/title>\n<meta name=\"description\" content=\"Es por eso que los educadores de todo el mundo buscan estrategias creativas o actividades para empezar y captar la atenci\u00f3n...\" \/>\n<meta name=\"robots\" content=\"index, follow, max-snippet:-1, max-image-preview:large, max-video-preview:-1\" \/>\n<link rel=\"canonical\" href=\"https:\/\/webdelmaestrocmf.com\/portal\/cuadernillo-con-actividades-para-empezar-bien-el-dia\/\" \/>\n<meta property=\"og:locale\" content=\"es_ES\" \/>\n<meta property=\"og:type\" content=\"article\" \/>\n<meta property=\"og:title\" content=\"Cuadernillo con actividades para empezar bien el d\u00eda - 2026\" \/>\n<meta property=\"og:description\" content=\"Es por eso que los educadores de todo el mundo buscan estrategias creativas o actividades para empezar y captar la atenci\u00f3n...\" \/>\n<meta property=\"og:url\" content=\"https:\/\/webdelmaestrocmf.com\/portal\/cuadernillo-con-actividades-para-empezar-bien-el-dia\/\" \/>\n<meta property=\"og:site_name\" content=\"Web del Maestro CMF\" \/>\n<meta property=\"article:publisher\" content=\"https:\/\/www.facebook.com\/WebdelMaestroCMF\/\" \/>\n<meta property=\"article:author\" content=\"https:\/\/www.facebook.com\/WebdelMaestroCMF\/\" \/>\n<meta property=\"article:published_time\" content=\"2023-10-08T22:14:08+00:00\" \/>\n<meta property=\"article:modified_time\" content=\"2023-10-09T13:59:28+00:00\" \/>\n<meta property=\"og:image\" content=\"https:\/\/i0.wp.com\/webdelmaestrocmf.com\/portal\/wp-content\/uploads\/2023\/10\/A12B3C4D-19.jpg?fit=900%2C556&ssl=1\" \/>\n\t<meta property=\"og:image:width\" content=\"900\" \/>\n\t<meta property=\"og:image:height\" content=\"556\" \/>\n\t<meta property=\"og:image:type\" content=\"image\/jpeg\" \/>\n<meta name=\"author\" content=\"Web del Maestro CMF\" \/>\n<meta name=\"twitter:card\" content=\"summary_large_image\" \/>\n<meta name=\"twitter:creator\" content=\"@cmf_w\" \/>\n<meta name=\"twitter:site\" content=\"@cmf_w\" \/>\n<script type=\"application\/ld+json\" class=\"yoast-schema-graph\">{\"@context\":\"https:\\\/\\\/schema.org\",\"@graph\":[{\"@type\":\"ScholarlyArticle\",\"@id\":\"https:\\\/\\\/webdelmaestrocmf.com\\\/portal\\\/cuadernillo-con-actividades-para-empezar-bien-el-dia\\\/#article\",\"isPartOf\":{\"@id\":\"https:\\\/\\\/webdelmaestrocmf.com\\\/portal\\\/cuadernillo-con-actividades-para-empezar-bien-el-dia\\\/\"},\"author\":{\"name\":\"Web del Maestro CMF\",\"@id\":\"https:\\\/\\\/webdelmaestrocmf.com\\\/portal\\\/#\\\/schema\\\/person\\\/1072a2ed7bd960df8ef99a551fa35dc5\"},\"headline\":\"Cuadernillo con actividades para empezar bien el d\u00eda\",\"datePublished\":\"2023-10-08T22:14:08+00:00\",\"dateModified\":\"2023-10-09T13:59:28+00:00\",\"mainEntityOfPage\":{\"@id\":\"https:\\\/\\\/webdelmaestrocmf.com\\\/portal\\\/cuadernillo-con-actividades-para-empezar-bien-el-dia\\\/\"},\"wordCount\":782,\"commentCount\":0,\"publisher\":{\"@id\":\"https:\\\/\\\/webdelmaestrocmf.com\\\/portal\\\/#organization\"},\"image\":{\"@id\":\"https:\\\/\\\/webdelmaestrocmf.com\\\/portal\\\/cuadernillo-con-actividades-para-empezar-bien-el-dia\\\/#primaryimage\"},\"thumbnailUrl\":\"https:\\\/\\\/webdelmaestrocmf.com\\\/portal\\\/wp-content\\\/uploads\\\/2023\\\/10\\\/A12B3C4D-19.jpg\",\"keywords\":[\"actividades\",\"bien el d\u00eda\",\"CUADERNILLO\",\"empezar\"],\"articleSection\":[\"Actividades\",\"Cuadernillos\",\"Recursos\"],\"inLanguage\":\"es\",\"potentialAction\":[{\"@type\":\"CommentAction\",\"name\":\"Comment\",\"target\":[\"https:\\\/\\\/webdelmaestrocmf.com\\\/portal\\\/cuadernillo-con-actividades-para-empezar-bien-el-dia\\\/#respond\"]}]},{\"@type\":\"WebPage\",\"@id\":\"https:\\\/\\\/webdelmaestrocmf.com\\\/portal\\\/cuadernillo-con-actividades-para-empezar-bien-el-dia\\\/\",\"url\":\"https:\\\/\\\/webdelmaestrocmf.com\\\/portal\\\/cuadernillo-con-actividades-para-empezar-bien-el-dia\\\/\",\"name\":\"Cuadernillo con actividades para empezar bien el d\u00eda - 2026\",\"isPartOf\":{\"@id\":\"https:\\\/\\\/webdelmaestrocmf.com\\\/portal\\\/#website\"},\"primaryImageOfPage\":{\"@id\":\"https:\\\/\\\/webdelmaestrocmf.com\\\/portal\\\/cuadernillo-con-actividades-para-empezar-bien-el-dia\\\/#primaryimage\"},\"image\":{\"@id\":\"https:\\\/\\\/webdelmaestrocmf.com\\\/portal\\\/cuadernillo-con-actividades-para-empezar-bien-el-dia\\\/#primaryimage\"},\"thumbnailUrl\":\"https:\\\/\\\/webdelmaestrocmf.com\\\/portal\\\/wp-content\\\/uploads\\\/2023\\\/10\\\/A12B3C4D-19.jpg\",\"datePublished\":\"2023-10-08T22:14:08+00:00\",\"dateModified\":\"2023-10-09T13:59:28+00:00\",\"description\":\"Es por eso que los educadores de todo el mundo buscan estrategias creativas o actividades para empezar y captar la atenci\u00f3n...\",\"breadcrumb\":{\"@id\":\"https:\\\/\\\/webdelmaestrocmf.com\\\/portal\\\/cuadernillo-con-actividades-para-empezar-bien-el-dia\\\/#breadcrumb\"},\"inLanguage\":\"es\",\"potentialAction\":[{\"@type\":\"ReadAction\",\"target\":[\"https:\\\/\\\/webdelmaestrocmf.com\\\/portal\\\/cuadernillo-con-actividades-para-empezar-bien-el-dia\\\/\"]}]},{\"@type\":\"ImageObject\",\"inLanguage\":\"es\",\"@id\":\"https:\\\/\\\/webdelmaestrocmf.com\\\/portal\\\/cuadernillo-con-actividades-para-empezar-bien-el-dia\\\/#primaryimage\",\"url\":\"https:\\\/\\\/webdelmaestrocmf.com\\\/portal\\\/wp-content\\\/uploads\\\/2023\\\/10\\\/A12B3C4D-19.jpg\",\"contentUrl\":\"https:\\\/\\\/webdelmaestrocmf.com\\\/portal\\\/wp-content\\\/uploads\\\/2023\\\/10\\\/A12B3C4D-19.jpg\",\"width\":900,\"height\":556,\"caption\":\"actividades para empezar\"},{\"@type\":\"BreadcrumbList\",\"@id\":\"https:\\\/\\\/webdelmaestrocmf.com\\\/portal\\\/cuadernillo-con-actividades-para-empezar-bien-el-dia\\\/#breadcrumb\",\"itemListElement\":[{\"@type\":\"ListItem\",\"position\":1,\"name\":\"Portada\",\"item\":\"https:\\\/\\\/webdelmaestrocmf.com\\\/portal\\\/\"},{\"@type\":\"ListItem\",\"position\":2,\"name\":\"Recursos\",\"item\":\"https:\\\/\\\/webdelmaestrocmf.com\\\/portal\\\/category\\\/pedagogia\\\/\"},{\"@type\":\"ListItem\",\"position\":3,\"name\":\"Cuadernillo con actividades para empezar bien el d\u00eda\"}]},{\"@type\":\"WebSite\",\"@id\":\"https:\\\/\\\/webdelmaestrocmf.com\\\/portal\\\/#website\",\"url\":\"https:\\\/\\\/webdelmaestrocmf.com\\\/portal\\\/\",\"name\":\"Web del Maestro CMF\",\"description\":\"Maestros al servicio de la educaci\u00f3n\",\"publisher\":{\"@id\":\"https:\\\/\\\/webdelmaestrocmf.com\\\/portal\\\/#organization\"},\"alternateName\":\"WMCMF\",\"potentialAction\":[{\"@type\":\"SearchAction\",\"target\":{\"@type\":\"EntryPoint\",\"urlTemplate\":\"https:\\\/\\\/webdelmaestrocmf.com\\\/portal\\\/?s={search_term_string}\"},\"query-input\":{\"@type\":\"PropertyValueSpecification\",\"valueRequired\":true,\"valueName\":\"search_term_string\"}}],\"inLanguage\":\"es\"},{\"@type\":\"Organization\",\"@id\":\"https:\\\/\\\/webdelmaestrocmf.com\\\/portal\\\/#organization\",\"name\":\"Web del Maestro CMF\",\"alternateName\":\"WMCMF\",\"url\":\"https:\\\/\\\/webdelmaestrocmf.com\\\/portal\\\/\",\"logo\":{\"@type\":\"ImageObject\",\"inLanguage\":\"es\",\"@id\":\"https:\\\/\\\/webdelmaestrocmf.com\\\/portal\\\/#\\\/schema\\\/logo\\\/image\\\/\",\"url\":\"https:\\\/\\\/webdelmaestrocmf.com\\\/portal\\\/wp-content\\\/uploads\\\/2023\\\/01\\\/logo-wmcmf-2.png\",\"contentUrl\":\"https:\\\/\\\/webdelmaestrocmf.com\\\/portal\\\/wp-content\\\/uploads\\\/2023\\\/01\\\/logo-wmcmf-2.png\",\"width\":200,\"height\":60,\"caption\":\"Web del Maestro CMF\"},\"image\":{\"@id\":\"https:\\\/\\\/webdelmaestrocmf.com\\\/portal\\\/#\\\/schema\\\/logo\\\/image\\\/\"},\"sameAs\":[\"https:\\\/\\\/www.facebook.com\\\/WebdelMaestroCMF\\\/\",\"https:\\\/\\\/x.com\\\/cmf_w\",\"https:\\\/\\\/www.pinterest.com\\\/WMCMF\\\/\",\"https:\\\/\\\/www.linkedin.com\\\/company\\\/web-del-maestro-cmf\\\/\",\"https:\\\/\\\/www.instagram.com\\\/wmcmf\\\/\",\"https:\\\/\\\/www.youtube.com\\\/channel\\\/UCDPSvjbdodE5sHnC3OxutHw\",\"https:\\\/\\\/mastodon.social\\\/@wmcmf\",\"https:\\\/\\\/www.tiktok.com\\\/@webdelmaestrocmf\"]},{\"@type\":\"Person\",\"@id\":\"https:\\\/\\\/webdelmaestrocmf.com\\\/portal\\\/#\\\/schema\\\/person\\\/1072a2ed7bd960df8ef99a551fa35dc5\",\"name\":\"Web del Maestro CMF\",\"image\":{\"@type\":\"ImageObject\",\"inLanguage\":\"es\",\"@id\":\"https:\\\/\\\/secure.gravatar.com\\\/avatar\\\/23291dd5b5ae1077dcff3dbb04c3e02bd28403fa75af6d8787d5e97c5bbbe30b?s=96&d=mm&r=g\",\"url\":\"https:\\\/\\\/secure.gravatar.com\\\/avatar\\\/23291dd5b5ae1077dcff3dbb04c3e02bd28403fa75af6d8787d5e97c5bbbe30b?s=96&d=mm&r=g\",\"contentUrl\":\"https:\\\/\\\/secure.gravatar.com\\\/avatar\\\/23291dd5b5ae1077dcff3dbb04c3e02bd28403fa75af6d8787d5e97c5bbbe30b?s=96&d=mm&r=g\",\"caption\":\"Web del Maestro CMF\"},\"description\":\"Esta Web se cre\u00f3 sin fines de lucro, con fines educativos, cient\u00edficos y acad\u00e9micos, para personas que tengan dificultades y\\\/o inconvenientes en visualizar el material original. El objetivo es entregar recursos, compartir experiencias y materiales que ayuden a los padres de familia, maestros y estudiantes en su actualizaci\u00f3n y formaci\u00f3n permanente, en bien de la Educaci\u00f3n.\",\"sameAs\":[\"http:\\\/\\\/webdelmaestrocmf.com\\\/portal\",\"https:\\\/\\\/www.facebook.com\\\/WebdelMaestroCMF\\\/\",\"https:\\\/\\\/www.instagram.com\\\/wmcmf\\\/\",\"https:\\\/\\\/cl.linkedin.com\\\/company\\\/web-del-maestro-cmf\",\"https:\\\/\\\/www.pinterest.com\\\/WMCMF\\\/publicaciones\\\/\",\"https:\\\/\\\/x.com\\\/cmf_w\",\"https:\\\/\\\/www.youtube.com\\\/@WMCMF\"]}]}<\/script>\n<!-- \/ Yoast SEO plugin. -->","yoast_head_json":{"title":"Cuadernillo con actividades para empezar bien el d\u00eda - 2026","description":"Es por eso que los educadores de todo el mundo buscan estrategias creativas o actividades para empezar y captar la atenci\u00f3n...","robots":{"index":"index","follow":"follow","max-snippet":"max-snippet:-1","max-image-preview":"max-image-preview:large","max-video-preview":"max-video-preview:-1"},"canonical":"https:\/\/webdelmaestrocmf.com\/portal\/cuadernillo-con-actividades-para-empezar-bien-el-dia\/","og_locale":"es_ES","og_type":"article","og_title":"Cuadernillo con actividades para empezar bien el d\u00eda - 2026","og_description":"Es por eso que los educadores de todo el mundo buscan estrategias creativas o actividades para empezar y captar la atenci\u00f3n...","og_url":"https:\/\/webdelmaestrocmf.com\/portal\/cuadernillo-con-actividades-para-empezar-bien-el-dia\/","og_site_name":"Web del Maestro CMF","article_publisher":"https:\/\/www.facebook.com\/WebdelMaestroCMF\/","article_author":"https:\/\/www.facebook.com\/WebdelMaestroCMF\/","article_published_time":"2023-10-08T22:14:08+00:00","article_modified_time":"2023-10-09T13:59:28+00:00","og_image":[{"width":900,"height":556,"url":"https:\/\/i0.wp.com\/webdelmaestrocmf.com\/portal\/wp-content\/uploads\/2023\/10\/A12B3C4D-19.jpg?fit=900%2C556&ssl=1","type":"image\/jpeg"}],"author":"Web del Maestro CMF","twitter_card":"summary_large_image","twitter_creator":"@cmf_w","twitter_site":"@cmf_w","schema":{"@context":"https:\/\/schema.org","@graph":[{"@type":"ScholarlyArticle","@id":"https:\/\/webdelmaestrocmf.com\/portal\/cuadernillo-con-actividades-para-empezar-bien-el-dia\/#article","isPartOf":{"@id":"https:\/\/webdelmaestrocmf.com\/portal\/cuadernillo-con-actividades-para-empezar-bien-el-dia\/"},"author":{"name":"Web del Maestro CMF","@id":"https:\/\/webdelmaestrocmf.com\/portal\/#\/schema\/person\/1072a2ed7bd960df8ef99a551fa35dc5"},"headline":"Cuadernillo con actividades para empezar bien el d\u00eda","datePublished":"2023-10-08T22:14:08+00:00","dateModified":"2023-10-09T13:59:28+00:00","mainEntityOfPage":{"@id":"https:\/\/webdelmaestrocmf.com\/portal\/cuadernillo-con-actividades-para-empezar-bien-el-dia\/"},"wordCount":782,"commentCount":0,"publisher":{"@id":"https:\/\/webdelmaestrocmf.com\/portal\/#organization"},"image":{"@id":"https:\/\/webdelmaestrocmf.com\/portal\/cuadernillo-con-actividades-para-empezar-bien-el-dia\/#primaryimage"},"thumbnailUrl":"https:\/\/webdelmaestrocmf.com\/portal\/wp-content\/uploads\/2023\/10\/A12B3C4D-19.jpg","keywords":["actividades","bien el d\u00eda","CUADERNILLO","empezar"],"articleSection":["Actividades","Cuadernillos","Recursos"],"inLanguage":"es","potentialAction":[{"@type":"CommentAction","name":"Comment","target":["https:\/\/webdelmaestrocmf.com\/portal\/cuadernillo-con-actividades-para-empezar-bien-el-dia\/#respond"]}]},{"@type":"WebPage","@id":"https:\/\/webdelmaestrocmf.com\/portal\/cuadernillo-con-actividades-para-empezar-bien-el-dia\/","url":"https:\/\/webdelmaestrocmf.com\/portal\/cuadernillo-con-actividades-para-empezar-bien-el-dia\/","name":"Cuadernillo con actividades para empezar bien el d\u00eda - 2026","isPartOf":{"@id":"https:\/\/webdelmaestrocmf.com\/portal\/#website"},"primaryImageOfPage":{"@id":"https:\/\/webdelmaestrocmf.com\/portal\/cuadernillo-con-actividades-para-empezar-bien-el-dia\/#primaryimage"},"image":{"@id":"https:\/\/webdelmaestrocmf.com\/portal\/cuadernillo-con-actividades-para-empezar-bien-el-dia\/#primaryimage"},"thumbnailUrl":"https:\/\/webdelmaestrocmf.com\/portal\/wp-content\/uploads\/2023\/10\/A12B3C4D-19.jpg","datePublished":"2023-10-08T22:14:08+00:00","dateModified":"2023-10-09T13:59:28+00:00","description":"Es por eso que los educadores de todo el mundo buscan estrategias creativas o actividades para empezar y captar la atenci\u00f3n...","breadcrumb":{"@id":"https:\/\/webdelmaestrocmf.com\/portal\/cuadernillo-con-actividades-para-empezar-bien-el-dia\/#breadcrumb"},"inLanguage":"es","potentialAction":[{"@type":"ReadAction","target":["https:\/\/webdelmaestrocmf.com\/portal\/cuadernillo-con-actividades-para-empezar-bien-el-dia\/"]}]},{"@type":"ImageObject","inLanguage":"es","@id":"https:\/\/webdelmaestrocmf.com\/portal\/cuadernillo-con-actividades-para-empezar-bien-el-dia\/#primaryimage","url":"https:\/\/webdelmaestrocmf.com\/portal\/wp-content\/uploads\/2023\/10\/A12B3C4D-19.jpg","contentUrl":"https:\/\/webdelmaestrocmf.com\/portal\/wp-content\/uploads\/2023\/10\/A12B3C4D-19.jpg","width":900,"height":556,"caption":"actividades para empezar"},{"@type":"BreadcrumbList","@id":"https:\/\/webdelmaestrocmf.com\/portal\/cuadernillo-con-actividades-para-empezar-bien-el-dia\/#breadcrumb","itemListElement":[{"@type":"ListItem","position":1,"name":"Portada","item":"https:\/\/webdelmaestrocmf.com\/portal\/"},{"@type":"ListItem","position":2,"name":"Recursos","item":"https:\/\/webdelmaestrocmf.com\/portal\/category\/pedagogia\/"},{"@type":"ListItem","position":3,"name":"Cuadernillo con actividades para empezar bien el d\u00eda"}]},{"@type":"WebSite","@id":"https:\/\/webdelmaestrocmf.com\/portal\/#website","url":"https:\/\/webdelmaestrocmf.com\/portal\/","name":"Web del Maestro CMF","description":"Maestros al servicio de la educaci\u00f3n","publisher":{"@id":"https:\/\/webdelmaestrocmf.com\/portal\/#organization"},"alternateName":"WMCMF","potentialAction":[{"@type":"SearchAction","target":{"@type":"EntryPoint","urlTemplate":"https:\/\/webdelmaestrocmf.com\/portal\/?s={search_term_string}"},"query-input":{"@type":"PropertyValueSpecification","valueRequired":true,"valueName":"search_term_string"}}],"inLanguage":"es"},{"@type":"Organization","@id":"https:\/\/webdelmaestrocmf.com\/portal\/#organization","name":"Web del Maestro CMF","alternateName":"WMCMF","url":"https:\/\/webdelmaestrocmf.com\/portal\/","logo":{"@type":"ImageObject","inLanguage":"es","@id":"https:\/\/webdelmaestrocmf.com\/portal\/#\/schema\/logo\/image\/","url":"https:\/\/webdelmaestrocmf.com\/portal\/wp-content\/uploads\/2023\/01\/logo-wmcmf-2.png","contentUrl":"https:\/\/webdelmaestrocmf.com\/portal\/wp-content\/uploads\/2023\/01\/logo-wmcmf-2.png","width":200,"height":60,"caption":"Web del Maestro CMF"},"image":{"@id":"https:\/\/webdelmaestrocmf.com\/portal\/#\/schema\/logo\/image\/"},"sameAs":["https:\/\/www.facebook.com\/WebdelMaestroCMF\/","https:\/\/x.com\/cmf_w","https:\/\/www.pinterest.com\/WMCMF\/","https:\/\/www.linkedin.com\/company\/web-del-maestro-cmf\/","https:\/\/www.instagram.com\/wmcmf\/","https:\/\/www.youtube.com\/channel\/UCDPSvjbdodE5sHnC3OxutHw","https:\/\/mastodon.social\/@wmcmf","https:\/\/www.tiktok.com\/@webdelmaestrocmf"]},{"@type":"Person","@id":"https:\/\/webdelmaestrocmf.com\/portal\/#\/schema\/person\/1072a2ed7bd960df8ef99a551fa35dc5","name":"Web del Maestro CMF","image":{"@type":"ImageObject","inLanguage":"es","@id":"https:\/\/secure.gravatar.com\/avatar\/23291dd5b5ae1077dcff3dbb04c3e02bd28403fa75af6d8787d5e97c5bbbe30b?s=96&d=mm&r=g","url":"https:\/\/secure.gravatar.com\/avatar\/23291dd5b5ae1077dcff3dbb04c3e02bd28403fa75af6d8787d5e97c5bbbe30b?s=96&d=mm&r=g","contentUrl":"https:\/\/secure.gravatar.com\/avatar\/23291dd5b5ae1077dcff3dbb04c3e02bd28403fa75af6d8787d5e97c5bbbe30b?s=96&d=mm&r=g","caption":"Web del Maestro CMF"},"description":"Esta Web se cre\u00f3 sin fines de lucro, con fines educativos, cient\u00edficos y acad\u00e9micos, para personas que tengan dificultades y\/o inconvenientes en visualizar el material original. El objetivo es entregar recursos, compartir experiencias y materiales que ayuden a los padres de familia, maestros y estudiantes en su actualizaci\u00f3n y formaci\u00f3n permanente, en bien de la Educaci\u00f3n.","sameAs":["http:\/\/webdelmaestrocmf.com\/portal","https:\/\/www.facebook.com\/WebdelMaestroCMF\/","https:\/\/www.instagram.com\/wmcmf\/","https:\/\/cl.linkedin.com\/company\/web-del-maestro-cmf","https:\/\/www.pinterest.com\/WMCMF\/publicaciones\/","https:\/\/x.com\/cmf_w","https:\/\/www.youtube.com\/@WMCMF"]}]}},"jetpack_featured_media_url":"https:\/\/webdelmaestrocmf.com\/portal\/wp-content\/uploads\/2023\/10\/A12B3C4D-19.jpg","jetpack_sharing_enabled":true,"jetpack-related-posts":[{"id":104624,"url":"https:\/\/webdelmaestrocmf.com\/portal\/cuadernillo-repaso-de-conocimientos-ciclo-escolar2024\/","url_meta":{"origin":96967,"position":0},"title":"Cuadernillo repaso de conocimientos ciclo escolar 2025","author":"Web del Maestro CMF","date":"5 marzo, 2024","format":false,"excerpt":"El inicio de un nuevo ciclo escolar siempre trae consigo una serie de desaf\u00edos tanto para los profesores como para los estudiantes. La transici\u00f3n de las vacaciones al aula puede ser abrumadora, pero contar con herramientas adecuadas puede marcar la diferencia en esta etapa crucial del aprendizaje. El siguiente cuadernillo\u2026","rel":"","context":"En \u00abCuadernillos\u00bb","block_context":{"text":"Cuadernillos","link":"https:\/\/webdelmaestrocmf.com\/portal\/category\/pedagogia\/cuadernillos\/"},"img":{"alt_text":"","src":"https:\/\/i0.wp.com\/webdelmaestrocmf.com\/portal\/wp-content\/uploads\/2024\/03\/Banner-1-portada-imagen-10-1-8.jpg?resize=350%2C200&ssl=1","width":350,"height":200,"srcset":"https:\/\/i0.wp.com\/webdelmaestrocmf.com\/portal\/wp-content\/uploads\/2024\/03\/Banner-1-portada-imagen-10-1-8.jpg?resize=350%2C200&ssl=1 1x, https:\/\/i0.wp.com\/webdelmaestrocmf.com\/portal\/wp-content\/uploads\/2024\/03\/Banner-1-portada-imagen-10-1-8.jpg?resize=525%2C300&ssl=1 1.5x, https:\/\/i0.wp.com\/webdelmaestrocmf.com\/portal\/wp-content\/uploads\/2024\/03\/Banner-1-portada-imagen-10-1-8.jpg?resize=700%2C400&ssl=1 2x"},"classes":[]},{"id":118355,"url":"https:\/\/webdelmaestrocmf.com\/portal\/dia-del-nino-aprende-reflexiona-y-fortalece-la-comprension-lectora-descarga-el-cuadernillo-listo-para-usar\/","url_meta":{"origin":96967,"position":1},"title":"D\u00eda del Ni\u00f1o: aprende, reflexiona y fortalece la comprensi\u00f3n lectora | Descarga el cuadernillo sobre el \u00abD\u00eda del ni\u00f1o\u00bb listo para usar","author":"Web del Maestro CMF","date":"27 abril, 2026","format":false,"excerpt":"El D\u00eda del Ni\u00f1o es una oportunidad educativa para fortalecer la comprensi\u00f3n lectora, promover valores y desarrollar el pensamiento cr\u00edtico mediante lecturas significativas y actividades que conectan con la realidad infantil.","rel":"","context":"En \u00abDescarga\u00bb","block_context":{"text":"Descarga","link":"https:\/\/webdelmaestrocmf.com\/portal\/category\/descarga\/"},"img":{"alt_text":"","src":"https:\/\/i0.wp.com\/webdelmaestrocmf.com\/portal\/wp-content\/uploads\/2026\/04\/1AA-Banner-1-portada-imagen-10-1-copia-35.webp?resize=350%2C200&ssl=1","width":350,"height":200,"srcset":"https:\/\/i0.wp.com\/webdelmaestrocmf.com\/portal\/wp-content\/uploads\/2026\/04\/1AA-Banner-1-portada-imagen-10-1-copia-35.webp?resize=350%2C200&ssl=1 1x, https:\/\/i0.wp.com\/webdelmaestrocmf.com\/portal\/wp-content\/uploads\/2026\/04\/1AA-Banner-1-portada-imagen-10-1-copia-35.webp?resize=525%2C300&ssl=1 1.5x, https:\/\/i0.wp.com\/webdelmaestrocmf.com\/portal\/wp-content\/uploads\/2026\/04\/1AA-Banner-1-portada-imagen-10-1-copia-35.webp?resize=700%2C400&ssl=1 2x, https:\/\/i0.wp.com\/webdelmaestrocmf.com\/portal\/wp-content\/uploads\/2026\/04\/1AA-Banner-1-portada-imagen-10-1-copia-35.webp?resize=1050%2C600&ssl=1 3x"},"classes":[]},{"id":118087,"url":"https:\/\/webdelmaestrocmf.com\/portal\/cuadernillo-del-dia-de-la-tierra-lecturas-para-fortalecer-la-comprension-lectora-en-ninos-de-5-a-9-anos\/","url_meta":{"origin":96967,"position":2},"title":"Cuadernillo del D\u00eda de la Tierra: Lecturas para fortalecer la comprensi\u00f3n lectora en ni\u00f1os de 5 a 9 a\u00f1os","author":"Web del Maestro CMF","date":"21 abril, 2026","format":false,"excerpt":"Cuadernillo del D\u00eda de la Tierra con lecturas significativas que fortalecen la comprensi\u00f3n lectora y la conciencia ambiental en ni\u00f1os de 5 a 9 a\u00f1os, mediante actividades reflexivas, cr\u00edticas y creativas.","rel":"","context":"En \u00abDescarga\u00bb","block_context":{"text":"Descarga","link":"https:\/\/webdelmaestrocmf.com\/portal\/category\/descarga\/"},"img":{"alt_text":"","src":"https:\/\/i0.wp.com\/webdelmaestrocmf.com\/portal\/wp-content\/uploads\/2026\/04\/1AA-Banner-1-portada-imagen-10-1-copia-27.webp?resize=350%2C200&ssl=1","width":350,"height":200,"srcset":"https:\/\/i0.wp.com\/webdelmaestrocmf.com\/portal\/wp-content\/uploads\/2026\/04\/1AA-Banner-1-portada-imagen-10-1-copia-27.webp?resize=350%2C200&ssl=1 1x, https:\/\/i0.wp.com\/webdelmaestrocmf.com\/portal\/wp-content\/uploads\/2026\/04\/1AA-Banner-1-portada-imagen-10-1-copia-27.webp?resize=525%2C300&ssl=1 1.5x, https:\/\/i0.wp.com\/webdelmaestrocmf.com\/portal\/wp-content\/uploads\/2026\/04\/1AA-Banner-1-portada-imagen-10-1-copia-27.webp?resize=700%2C400&ssl=1 2x, https:\/\/i0.wp.com\/webdelmaestrocmf.com\/portal\/wp-content\/uploads\/2026\/04\/1AA-Banner-1-portada-imagen-10-1-copia-27.webp?resize=1050%2C600&ssl=1 3x"},"classes":[]},{"id":103885,"url":"https:\/\/webdelmaestrocmf.com\/portal\/cuadernillo-de-conteo-con-imagenes-numeros-frutas-letras-etc\/","url_meta":{"origin":96967,"position":3},"title":"Cuadernillo de conteo con Im\u00e1genes: N\u00fameros, frutas, letras, etc","author":"Web del Maestro CMF","date":"15 febrero, 2024","format":false,"excerpt":"\u00a1Hola a todos los padres y educadores interesados en el aprendizaje temprano de los ni\u00f1os! Estoy emocionado de presentarles nuestro nuevo cuadernillo: \"Conteo con Im\u00e1genes: Actividades de N\u00fameros para Infantil\". En la fascinante traves\u00eda del aprendizaje num\u00e9rico, sabemos lo crucial que es captar la atenci\u00f3n y el inter\u00e9s de los\u2026","rel":"","context":"En \u00abCuadernillos\u00bb","block_context":{"text":"Cuadernillos","link":"https:\/\/webdelmaestrocmf.com\/portal\/category\/pedagogia\/cuadernillos\/"},"img":{"alt_text":"","src":"https:\/\/i0.wp.com\/webdelmaestrocmf.com\/portal\/wp-content\/uploads\/2024\/02\/Banner-1-portada-imagen-10-1-10-1.jpg?resize=350%2C200&ssl=1","width":350,"height":200,"srcset":"https:\/\/i0.wp.com\/webdelmaestrocmf.com\/portal\/wp-content\/uploads\/2024\/02\/Banner-1-portada-imagen-10-1-10-1.jpg?resize=350%2C200&ssl=1 1x, https:\/\/i0.wp.com\/webdelmaestrocmf.com\/portal\/wp-content\/uploads\/2024\/02\/Banner-1-portada-imagen-10-1-10-1.jpg?resize=525%2C300&ssl=1 1.5x, https:\/\/i0.wp.com\/webdelmaestrocmf.com\/portal\/wp-content\/uploads\/2024\/02\/Banner-1-portada-imagen-10-1-10-1.jpg?resize=700%2C400&ssl=1 2x"},"classes":[]},{"id":100238,"url":"https:\/\/webdelmaestrocmf.com\/portal\/cuadernillo-de-aprestamiento-para-ninos-de-5-anos\/","url_meta":{"origin":96967,"position":4},"title":"Cuadernillo de aprestamiento para ni\u00f1os de 5 a\u00f1os","author":"Web del Maestro CMF","date":"15 noviembre, 2023","format":false,"excerpt":"En los primeros a\u00f1os de vida, el proceso de aprendizaje de los ni\u00f1os se caracteriza por una fase crucial de aprestamiento que sienta las bases para su desarrollo educativo. En este contexto, el cuadernillo de aprestamiento para ni\u00f1os de 5 a\u00f1os emerge como una herramienta pedag\u00f3gica fundamental. Dise\u00f1ado cuidadosamente para\u2026","rel":"","context":"En \u00abaprestamiento\u00bb","block_context":{"text":"aprestamiento","link":"https:\/\/webdelmaestrocmf.com\/portal\/category\/pedagogia\/aprestamiento\/"},"img":{"alt_text":"Cuadernillo aprestamiento","src":"https:\/\/i0.wp.com\/webdelmaestrocmf.com\/portal\/wp-content\/uploads\/2023\/11\/A12B3C4D-2-2.jpg?resize=350%2C200&ssl=1","width":350,"height":200,"srcset":"https:\/\/i0.wp.com\/webdelmaestrocmf.com\/portal\/wp-content\/uploads\/2023\/11\/A12B3C4D-2-2.jpg?resize=350%2C200&ssl=1 1x, https:\/\/i0.wp.com\/webdelmaestrocmf.com\/portal\/wp-content\/uploads\/2023\/11\/A12B3C4D-2-2.jpg?resize=525%2C300&ssl=1 1.5x, https:\/\/i0.wp.com\/webdelmaestrocmf.com\/portal\/wp-content\/uploads\/2023\/11\/A12B3C4D-2-2.jpg?resize=700%2C400&ssl=1 2x"},"classes":[]},{"id":98533,"url":"https:\/\/webdelmaestrocmf.com\/portal\/cuadernillo-para-halloween-con-actividades-divertidas-tomos-i-y-ii\/","url_meta":{"origin":96967,"position":5},"title":"Cuadernillo para Halloween con actividades divertidas &#8211; Tomos I y II","author":"Web del Maestro CMF","date":"25 octubre, 2023","format":false,"excerpt":"Halloween, esa festividad emocionante que llega cada 31 de octubre, es amada por muchos en todo el mundo. Los ni\u00f1os esperan con ansias esta fecha, no solo para disfrazarse y recoger dulces, sino tambi\u00e9n para explorar diferentes culturas y tradiciones. Para enriquecer esta experiencia, \u00bfpor qu\u00e9 no considerar la adici\u00f3n\u2026","rel":"","context":"En \u00abCuadernillos\u00bb","block_context":{"text":"Cuadernillos","link":"https:\/\/webdelmaestrocmf.com\/portal\/category\/pedagogia\/cuadernillos\/"},"img":{"alt_text":"Cuadernillo para Halloween","src":"https:\/\/i0.wp.com\/webdelmaestrocmf.com\/portal\/wp-content\/uploads\/2023\/10\/A12B3C4D-40-1.jpg?resize=350%2C200&ssl=1","width":350,"height":200,"srcset":"https:\/\/i0.wp.com\/webdelmaestrocmf.com\/portal\/wp-content\/uploads\/2023\/10\/A12B3C4D-40-1.jpg?resize=350%2C200&ssl=1 1x, https:\/\/i0.wp.com\/webdelmaestrocmf.com\/portal\/wp-content\/uploads\/2023\/10\/A12B3C4D-40-1.jpg?resize=525%2C300&ssl=1 1.5x, https:\/\/i0.wp.com\/webdelmaestrocmf.com\/portal\/wp-content\/uploads\/2023\/10\/A12B3C4D-40-1.jpg?resize=700%2C400&ssl=1 2x"},"classes":[]}],"_links":{"self":[{"href":"https:\/\/webdelmaestrocmf.com\/portal\/wp-json\/wp\/v2\/posts\/96967","targetHints":{"allow":["GET"]}}],"collection":[{"href":"https:\/\/webdelmaestrocmf.com\/portal\/wp-json\/wp\/v2\/posts"}],"about":[{"href":"https:\/\/webdelmaestrocmf.com\/portal\/wp-json\/wp\/v2\/types\/post"}],"author":[{"embeddable":true,"href":"https:\/\/webdelmaestrocmf.com\/portal\/wp-json\/wp\/v2\/users\/1"}],"replies":[{"embeddable":true,"href":"https:\/\/webdelmaestrocmf.com\/portal\/wp-json\/wp\/v2\/comments?post=96967"}],"version-history":[{"count":0,"href":"https:\/\/webdelmaestrocmf.com\/portal\/wp-json\/wp\/v2\/posts\/96967\/revisions"}],"wp:featuredmedia":[{"embeddable":true,"href":"https:\/\/webdelmaestrocmf.com\/portal\/wp-json\/wp\/v2\/media\/96971"}],"wp:attachment":[{"href":"https:\/\/webdelmaestrocmf.com\/portal\/wp-json\/wp\/v2\/media?parent=96967"}],"wp:term":[{"taxonomy":"category","embeddable":true,"href":"https:\/\/webdelmaestrocmf.com\/portal\/wp-json\/wp\/v2\/categories?post=96967"},{"taxonomy":"post_tag","embeddable":true,"href":"https:\/\/webdelmaestrocmf.com\/portal\/wp-json\/wp\/v2\/tags?post=96967"}],"curies":[{"name":"wp","href":"https:\/\/api.w.org\/{rel}","templated":true}]}}