{"id":96722,"date":"2025-06-20T07:04:00","date_gmt":"2025-06-20T11:04:00","guid":{"rendered":"https:\/\/webdelmaestrocmf.com\/portal\/?p=96722"},"modified":"2026-01-29T19:33:16","modified_gmt":"2026-01-29T22:33:16","slug":"emilio-calatayud-si-solo-vas-al-colegio-para-renir-a-los-maestros-porque-han-renido-a-tu-hijo-no-eres-su-padre-eres-su-colega","status":"publish","type":"post","link":"https:\/\/webdelmaestrocmf.com\/portal\/emilio-calatayud-si-solo-vas-al-colegio-para-renir-a-los-maestros-porque-han-renido-a-tu-hijo-no-eres-su-padre-eres-su-colega\/","title":{"rendered":"Emilio Calatayud: Si solo vas al colegio para re\u00f1ir a los maestros porque han re\u00f1ido a tu hijo, no eres su padre, eres su colega"},"content":{"rendered":"<p style=\"text-align: justify;\" data-sourcepos=\"1:1-1:190\">Emilio Calatayud es un juez de menores de Granada, Espa\u00f1a. Es conocido por sus sentencias ejemplares, que a menudo tienen un componente educativo y buscan la reinserci\u00f3n del menor infractor. Calatayud naci\u00f3 en Ciudad Real en 1955. Estudi\u00f3 Derecho en la Universidad de Deusto y accedi\u00f3 a la carrera judicial en 1980. Tras un paso ef\u00edmero por la abogac\u00eda y la empresa, fue destinado a los juzgados de Granada en 1984. En 1987 ascendi\u00f3 a magistrado y en 1988 fue nombrado titular del Juzgado de Menores 1 de Granada, cargo que ocupa en la actualidad.<!--more--><\/p>\n<p style=\"text-align: justify;\" data-sourcepos=\"5:1-5:274\">Calatayud es autor de varios libros, entre ellos \u00abReflexiones de un juez de Menores\u00bb (2001) y \u00abMis sentencias ejemplares\u00bb (2006), escrito junto al periodista Carlos Mor\u00e1n. En 2010, fue galardonado con el Premio Ortega y Gasset de Periodismo por su blog \u00abEl juez de menores\u00bb.<\/p>\n<p style=\"text-align: justify;\" data-sourcepos=\"7:1-7:270\">El blog \u00abEl juez de menores\u00bb, que Calatayud comparte con Mor\u00e1n, se ha convertido en una referencia para los profesionales de la justicia y el p\u00fablico en general. En \u00e9l, los autores comparten sus reflexiones sobre la delincuencia juvenil y las sentencias que han dictado.<\/p>\n<p data-sourcepos=\"7:1-7:270\">Art\u00edculo relacionado: <a href=\"https:\/\/webdelmaestrocmf.com\/portal\/emilio-calatayud-tener-un-hijo-es-como-si-tuvieras-siempre-algo-puesto-en-el-fuego-de-la-cocina\/\" target=\"_blank\" rel=\"noopener\">Emilio Calatayud: Tener un hijo es como si tuvieras siempre algo puesto en el fuego de la cocina<\/a><\/p>\n<p style=\"text-align: justify;\" data-sourcepos=\"9:1-9:340\">En sus sentencias, Calatayud suele recurrir a la empat\u00eda y la comprensi\u00f3n para tratar de corregir el comportamiento de los menores infractores. Tambi\u00e9n suele imponer medidas que tengan un componente educativo, como la obligaci\u00f3n de realizar trabajos en beneficio de la comunidad o la asistencia a programas de prevenci\u00f3n de la delincuencia.<\/p>\n<p style=\"text-align: justify;\" data-sourcepos=\"11:1-11:132\">Calatayud es un juez pol\u00e9mico, pero su trabajo ha sido reconocido por muchos como una contribuci\u00f3n importante a la justicia juvenil.<\/p>\n<p><iframe loading=\"lazy\" title=\"Juez Calatayud: &quot;Hemos pasado del padre autoritario al padre colega&quot;\" width=\"1200\" height=\"675\" src=\"https:\/\/www.youtube.com\/embed\/z_HJ2bFFVIQ?feature=oembed\" frameborder=\"0\" allow=\"accelerometer; autoplay; clipboard-write; encrypted-media; gyroscope; picture-in-picture; web-share\" referrerpolicy=\"strict-origin-when-cross-origin\" allowfullscreen><\/iframe><\/p>\n<p style=\"text-align: justify;\" data-sourcepos=\"13:1-13:100\">A continuaci\u00f3n se presentan algunos ejemplos de sentencias ejemplares dictadas por Emilio Calatayud:<\/p>\n<ul style=\"text-align: justify;\" data-sourcepos=\"15:1-18:0\">\n<li data-sourcepos=\"15:1-15:87\">En 2006, conden\u00f3 a un menor a limpiar un parque durante 100 horas por robar un coche.<\/li>\n<li data-sourcepos=\"16:1-16:96\">En 2008, conden\u00f3 a un menor a asistir a un taller de educaci\u00f3n sexual por agredir a una mujer.<\/li>\n<li data-sourcepos=\"17:1-18:0\">En 2010, conden\u00f3 a un menor a trabajar en un comedor social por robar comida.<\/li>\n<\/ul>\n<p style=\"text-align: justify;\" data-sourcepos=\"19:1-19:127\">Calatayud ha declarado que su objetivo es \u00abeducar a los menores infractores para que se conviertan en ciudadanos responsables\u00bb.<\/p>\n<p style=\"text-align: justify;\" data-sourcepos=\"19:1-19:127\">En esta oportunidad el juez de menores Emilio Calatayud, comparti\u00f3 el siguiente mensaje en su blog personal, que compartimos con fines educativos: <strong>Si solo vas al colegio para re\u00f1ir a los maestros porque han re\u00f1ido a tu hijo, no eres su padre, eres su colega<\/strong><\/p>\n<div class=\"pk-content-block pk-block-bg pk-block-bg-inverse\" style=\"text-align: justify;\" data-sourcepos=\"19:1-19:127\">Buenas, soy Emilio Calatayud. Hay padres que solo van al colegio para abroncar a los maestros porque han corregido o castigado a su hijo. Rega\u00f1an a los maestros y le compran algo al ni\u00f1o para que se le pase el disgusto. Si solo vas al colegio para re\u00f1ir a los maestros porque han re\u00f1ido a tu hijo, no eres su padre, eres su colega. Es decir, que lo has dejado hu\u00e9rfano.<\/div>\n<p style=\"text-align: justify;\">Analizando lo dicho por el juez, podemos decir que en el complejo mundo de la crianza y la educaci\u00f3n de los hijos, es esencial mantener un equilibrio entre el papel de padre y el papel de amigo. A menudo, este equilibrio se pone a prueba cuando los padres se enfrentan a situaciones en las que sus hijos han sido reprendidos o castigados en la escuela. La reacci\u00f3n de los padres en tales momentos revela mucho sobre su enfoque hacia la crianza y la educaci\u00f3n de sus hijos.<\/p>\n<p style=\"text-align: justify;\">Es comprensible que los padres se preocupen profundamente por el bienestar de sus hijos y quieran intervenir cuando sienten que su hijo ha sido tratado injustamente en la escuela. Sin embargo, la forma en que abordan estas situaciones puede marcar la diferencia entre ser un padre comprometido y ser m\u00e1s un \u00abcolega\u00bb de su hijo.<\/p>\n<p><img loading=\"lazy\" decoding=\"async\" class=\"alignnone size-full wp-image-96726\" src=\"https:\/\/webdelmaestrocmf.com\/portal\/wp-content\/uploads\/2023\/10\/1lk.jpg\" alt=\"Emilio Calatayud\" width=\"750\" height=\"478\" srcset=\"https:\/\/webdelmaestrocmf.com\/portal\/wp-content\/uploads\/2023\/10\/1lk.jpg 750w, https:\/\/webdelmaestrocmf.com\/portal\/wp-content\/uploads\/2023\/10\/1lk-300x191.jpg 300w, https:\/\/webdelmaestrocmf.com\/portal\/wp-content\/uploads\/2023\/10\/1lk-380x242.jpg 380w, https:\/\/webdelmaestrocmf.com\/portal\/wp-content\/uploads\/2023\/10\/1lk-550x351.jpg 550w\" sizes=\"auto, (max-width: 750px) 100vw, 750px\" \/><\/p>\n<p>Otras publicaciones de <a href=\"https:\/\/webdelmaestrocmf.com\/portal\/?s=calatayud\" target=\"_blank\" rel=\"noopener\">Emilio Calatayud<\/a><\/p>\n<p style=\"text-align: justify;\">Uno de los comportamientos que a veces se observa es que algunos padres solo visitan la escuela para rega\u00f1ar a los maestros cuando sus hijos han sido reprendidos o castigados. En lugar de reflexionar sobre el incidente y trabajar junto con el personal de la escuela para abordar el problema, optan por confrontar a los maestros y buscar la satisfacci\u00f3n inmediata de su hijo.<\/p>\n<p style=\"text-align: justify;\">Es fundamental recordar que los maestros son profesionales capacitados en la educaci\u00f3n y el desarrollo infantil. Su objetivo es fomentar el aprendizaje y el crecimiento de los estudiantes, y a veces eso implica corregir comportamientos inapropiados o aplicar medidas disciplinarias cuando sea necesario. Estas acciones no deben interpretarse como una afrenta a la autoridad de los padres, sino como parte integral del proceso educativo.<\/p>\n<p style=\"text-align: justify;\">Cuando un padre se presenta en la escuela exclusivamente para reprender a los maestros, se corre el riesgo de establecer una relaci\u00f3n conflictiva entre el hogar y la escuela. Esto puede tener efectos perjudiciales tanto para el ni\u00f1o como para su desarrollo acad\u00e9mico y social. En lugar de actuar como una figura de apoyo y orientaci\u00f3n, el padre que se comporta de esta manera puede convertirse en un \u00abcolega\u00bb de su hijo, alguien que respalda sus acciones sin cuestionarlas, incluso cuando est\u00e1n equivocadas.<\/p>\n<p><img loading=\"lazy\" decoding=\"async\" class=\"alignnone size-full wp-image-96723\" src=\"https:\/\/webdelmaestrocmf.com\/portal\/wp-content\/uploads\/2023\/10\/A12B3C4D-14-1.jpg\" alt=\"Emilio Calatayud\" width=\"900\" height=\"556\" srcset=\"https:\/\/webdelmaestrocmf.com\/portal\/wp-content\/uploads\/2023\/10\/A12B3C4D-14-1.jpg 900w, https:\/\/webdelmaestrocmf.com\/portal\/wp-content\/uploads\/2023\/10\/A12B3C4D-14-1-300x185.jpg 300w, https:\/\/webdelmaestrocmf.com\/portal\/wp-content\/uploads\/2023\/10\/A12B3C4D-14-1-768x474.jpg 768w, https:\/\/webdelmaestrocmf.com\/portal\/wp-content\/uploads\/2023\/10\/A12B3C4D-14-1-380x235.jpg 380w, https:\/\/webdelmaestrocmf.com\/portal\/wp-content\/uploads\/2023\/10\/A12B3C4D-14-1-550x340.jpg 550w, https:\/\/webdelmaestrocmf.com\/portal\/wp-content\/uploads\/2023\/10\/A12B3C4D-14-1-800x494.jpg 800w\" sizes=\"auto, (max-width: 900px) 100vw, 900px\" \/><\/p>\n<p style=\"text-align: justify;\">Ser un padre significa ser un modelo a seguir para los hijos, guiarlos, ense\u00f1arles valores y ayudarles a aprender de sus errores. Cuando un padre toma el papel de colega en lugar de cumplir su deber de establecer l\u00edmites y proporcionar orientaci\u00f3n, est\u00e1 negando a su hijo una parte crucial de la educaci\u00f3n.<\/p>\n<p style=\"text-align: justify;\">En lugar de convertirse en un colega, los padres deben buscar formas constructivas de abordar las preocupaciones sobre la educaci\u00f3n de sus hijos. Esto implica comunicarse abierta y respetuosamente con los maestros, escuchar sus puntos de vista y trabajar juntos para encontrar soluciones que beneficien al ni\u00f1o. En lugar de comprar regalos para calmar el disgusto de su hijo, los padres pueden aprovechar estas situaciones como oportunidades para ense\u00f1ar a sus hijos sobre la responsabilidad y la importancia de asumir las consecuencias de sus acciones.<\/p>\n<p style=\"text-align: right;\"><strong>REDACCI\u00d3N WEB DEL MAESTRO CMF<\/strong><\/p>\n\t\t<div class=\"pk-inline-posts\">\n\t\t\t\n\t\t\t<div class=\"pk-inline-posts-container pk-inline-posts-template-list\"\n\t\t\t\tdata-columns=\"1\">\n\t\t\t\t\t\t<article id=\"post-118510\" class=\"post-118510 post type-post status-publish format-standard has-post-thumbnail category-entrevistas category-noticias tag-aprendizaje tag-aula tag-docentes tag-educacion-2 tag-estudiantes tag-filosofia-2 tag-formacion-2 tag-inteligencia tag-jose-antonio-marina tag-pedagogia-2 tag-pensamiento-critico-2 cs-entry cs-video-wrap\">\n\t\t\t<div class=\"pk-post-outer\">\n\n\t\t\t\t\t\t\t\t<div class=\"pk-post-inner\">\n\t\t\t\t\t<div class=\"entry-thumbnail\">\n\t\t\t\t\t\t<div class=\"pk-overlay pk-overlay-ratio pk-ratio-landscape\">\n\t\t\t\t\t\t\t<div class=\"pk-overlay-background\">\n\t\t\t\t\t\t\t\t<a href=\"https:\/\/webdelmaestrocmf.com\/portal\/jose-antonio-marina-si-no-teneis-pensamiento-critico-o-si-no-hay-pensamiento-critico-la-manipulacion-va-a-ser-muy-sencilla\/\" class=\"pk-overlay-link\">\n\t\t\t\t\t\t\t\t\t<img loading=\"lazy\" decoding=\"async\" width=\"300\" height=\"225\" src=\"https:\/\/webdelmaestrocmf.com\/portal\/wp-content\/uploads\/2026\/04\/1AA-Banner-1-portada-imagen-10-1-copia-5-6-300x225.webp\" class=\"attachment-pk-thumbnail size-pk-thumbnail wp-post-image\" alt=\"\" \/>\t\t\t\t\t\t\t\t<\/a>\n\t\t\t\t\t\t\t<\/div>\n\t\t\t\t\t\t<\/div>\n\t\t\t\t\t<\/div>\n\t\t\t\t<\/div>\n\t\t\t\t\n\t\t\t\t<div class=\"pk-post-inner\">\n\t\t\t\t\t<header>\n\t\t\t\t\t\t<h3 class=\"pk-title\"><a href=\"https:\/\/webdelmaestrocmf.com\/portal\/jose-antonio-marina-si-no-teneis-pensamiento-critico-o-si-no-hay-pensamiento-critico-la-manipulacion-va-a-ser-muy-sencilla\/\" rel=\"bookmark\">Jos\u00e9 Antonio Marina: Si no ten\u00e9is pensamiento cr\u00edtico, o si no hay pensamiento cr\u00edtico, la manipulaci\u00f3n va a ser muy sencilla<\/a><\/h3>\t\t\t\t\t<\/header><!-- .entry-header -->\n\t\t\t\t<\/div><!-- .post-inner -->\n\n\t\t\t<\/div><!-- .post-outer -->\n\t\t<\/article>\n\t\t\t<article id=\"post-113504\" class=\"post-113504 post type-post status-publish format-standard has-post-thumbnail category-entrevistas category-noticias tag-alumno tag-begona-ibarrola-2 tag-desmotivado tag-vago cs-entry cs-video-wrap\">\n\t\t\t<div class=\"pk-post-outer\">\n\n\t\t\t\t\t\t\t\t<div class=\"pk-post-inner\">\n\t\t\t\t\t<div class=\"entry-thumbnail\">\n\t\t\t\t\t\t<div class=\"pk-overlay pk-overlay-ratio pk-ratio-landscape\">\n\t\t\t\t\t\t\t<div class=\"pk-overlay-background\">\n\t\t\t\t\t\t\t\t<a href=\"https:\/\/webdelmaestrocmf.com\/portal\/begona-ibarrola-debemos-distinguir-entre-un-alumno-verdaderamente-vago-y-uno-que-esta-desmotivado-porque-anticipa-el-fracaso\/\" class=\"pk-overlay-link\">\n\t\t\t\t\t\t\t\t\t<img loading=\"lazy\" decoding=\"async\" width=\"300\" height=\"225\" src=\"https:\/\/webdelmaestrocmf.com\/portal\/wp-content\/uploads\/2025\/11\/1AA-Banner-1-portada-imagen-10-1-copia-3-300x225.webp\" class=\"attachment-pk-thumbnail size-pk-thumbnail wp-post-image\" alt=\"\" \/>\t\t\t\t\t\t\t\t<\/a>\n\t\t\t\t\t\t\t<\/div>\n\t\t\t\t\t\t<\/div>\n\t\t\t\t\t<\/div>\n\t\t\t\t<\/div>\n\t\t\t\t\n\t\t\t\t<div class=\"pk-post-inner\">\n\t\t\t\t\t<header>\n\t\t\t\t\t\t<h3 class=\"pk-title\"><a href=\"https:\/\/webdelmaestrocmf.com\/portal\/begona-ibarrola-debemos-distinguir-entre-un-alumno-verdaderamente-vago-y-uno-que-esta-desmotivado-porque-anticipa-el-fracaso\/\" rel=\"bookmark\">Bego\u00f1a Ibarrola: Debemos distinguir entre un alumno verdaderamente vago y uno que est\u00e1 desmotivado porque anticipa el fracaso<\/a><\/h3>\t\t\t\t\t<\/header><!-- .entry-header -->\n\t\t\t\t<\/div><!-- .post-inner -->\n\n\t\t\t<\/div><!-- .post-outer -->\n\t\t<\/article>\n\t\t\t<article id=\"post-118480\" class=\"post-118480 post type-post status-publish format-standard has-post-thumbnail category-entrevistas category-noticias tag-aprendizaje tag-autonomia-3 tag-desarrollo tag-docentes tag-educacion-2 tag-ensenanza-2 tag-escuela tag-infancia tag-juego tag-pedagogia-2 cs-entry cs-video-wrap\">\n\t\t\t<div class=\"pk-post-outer\">\n\n\t\t\t\t\t\t\t\t<div class=\"pk-post-inner\">\n\t\t\t\t\t<div class=\"entry-thumbnail\">\n\t\t\t\t\t\t<div class=\"pk-overlay pk-overlay-ratio pk-ratio-landscape\">\n\t\t\t\t\t\t\t<div class=\"pk-overlay-background\">\n\t\t\t\t\t\t\t\t<a href=\"https:\/\/webdelmaestrocmf.com\/portal\/francesco-tonucci-hoy-la-escuela-esta-asumiendo-un-error-fatal-que-es-hacer-mas-un-papel-de-ninera-que-de-estructura-educativa\/\" class=\"pk-overlay-link\">\n\t\t\t\t\t\t\t\t\t<img loading=\"lazy\" decoding=\"async\" width=\"300\" height=\"225\" src=\"https:\/\/webdelmaestrocmf.com\/portal\/wp-content\/uploads\/2026\/04\/1AA-Banner-1-portada-imagen-10-1-copia-2-9-300x225.webp\" class=\"attachment-pk-thumbnail size-pk-thumbnail wp-post-image\" alt=\"\" \/>\t\t\t\t\t\t\t\t<\/a>\n\t\t\t\t\t\t\t<\/div>\n\t\t\t\t\t\t<\/div>\n\t\t\t\t\t<\/div>\n\t\t\t\t<\/div>\n\t\t\t\t\n\t\t\t\t<div class=\"pk-post-inner\">\n\t\t\t\t\t<header>\n\t\t\t\t\t\t<h3 class=\"pk-title\"><a href=\"https:\/\/webdelmaestrocmf.com\/portal\/francesco-tonucci-hoy-la-escuela-esta-asumiendo-un-error-fatal-que-es-hacer-mas-un-papel-de-ninera-que-de-estructura-educativa\/\" rel=\"bookmark\">Francesco Tonucci: Hoy la escuela est\u00e1 asumiendo un error fatal que es hacer m\u00e1s un papel de ni\u00f1era que de estructura educativa<\/a><\/h3>\t\t\t\t\t<\/header><!-- .entry-header -->\n\t\t\t\t<\/div><!-- .post-inner -->\n\n\t\t\t<\/div><!-- .post-outer -->\n\t\t<\/article>\n\t\t\t\t<\/div>\n\t\t<\/div>\n\t\t\n\n","protected":false},"excerpt":{"rendered":"Hay padres que solo van al colegio para abroncar a los maestros porque han corregido o castigado a su hijo.","protected":false},"author":1,"featured_media":110216,"comment_status":"open","ping_status":"closed","sticky":false,"template":"","format":"standard","meta":{"csco_display_header_overlay":false,"csco_singular_sidebar":"disabled","csco_page_header_type":"large","csco_page_load_nextpost":"","csco_post_video_location":[],"csco_post_video_location_hash":"","csco_post_video_url":"","csco_post_video_bg_start_time":0,"csco_post_video_bg_end_time":0,"csco_post_video_bg_volume":false,"_jetpack_memberships_contains_paid_content":false,"footnotes":""},"categories":[48,47],"tags":[19597,19857,18514,18952,22040,21542,22037,20026,17163,2894,16762,18548,55,305,4106,18517,21770,17938,18516,184,22039,18905,18448,21535,14752,5940,17622,22038,19078,16513,17170],"class_list":{"0":"post-96722","1":"post","2":"type-post","3":"status-publish","4":"format-standard","5":"has-post-thumbnail","7":"category-entrevistas","8":"category-noticias","9":"tag-apoyo-educativo","10":"tag-aprendizaje-infantil","11":"tag-autoridad-parental","12":"tag-colaboracion-escolar","13":"tag-comportamiento-del-nino","14":"tag-comunicacion-padres-maestros","15":"tag-conducta-del-estudiante","16":"tag-crianza-de-los-hijos","17":"tag-desarrollo-academico","18":"tag-desarrollo-infantil","19":"tag-desarrollo-social","20":"tag-disciplina-escolar","21":"tag-educacion","22":"tag-educacion-emocional","23":"tag-emilio-calatayud","24":"tag-equilibrio-en-la-crianza","25":"tag-etica-educativa","26":"tag-modelado-de-comportamiento","27":"tag-orientacion-parental","28":"tag-padres","29":"tag-problemas-escolares","30":"tag-reforzamiento-positivo","31":"tag-relacion-padres-maestros","32":"tag-relaciones-familia-escuela","33":"tag-relaciones-familiares","34":"tag-relaciones-interpersonales","35":"tag-resolucion-de-conflictos","36":"tag-responsabilidad-del-alumno","37":"tag-responsabilidad-parental","38":"tag-trabajo-en-equipo","39":"tag-valores-familiares","40":"cs-entry","41":"cs-video-wrap"},"yoast_head":"<!-- This site is optimized with the Yoast SEO plugin v27.5 - https:\/\/yoast.com\/product\/yoast-seo-wordpress\/ -->\n<title>Emilio Calatayud: Si solo vas al colegio para re\u00f1ir a los maestros porque han re\u00f1ido a tu hijo, no eres su padre, eres su colega - 2026<\/title>\n<meta name=\"description\" content=\"Emilio Calatayud es un juez de menores de Granada, Espa\u00f1a. Es conocido por sus sentencias ejemplares, que a menudo tienen...\" \/>\n<meta name=\"robots\" content=\"index, follow, max-snippet:-1, max-image-preview:large, max-video-preview:-1\" \/>\n<link rel=\"canonical\" href=\"https:\/\/webdelmaestrocmf.com\/portal\/emilio-calatayud-si-solo-vas-al-colegio-para-renir-a-los-maestros-porque-han-renido-a-tu-hijo-no-eres-su-padre-eres-su-colega\/\" \/>\n<meta property=\"og:locale\" content=\"es_ES\" \/>\n<meta property=\"og:type\" content=\"article\" \/>\n<meta property=\"og:title\" content=\"Emilio Calatayud: Si solo vas al colegio para re\u00f1ir a los maestros porque han re\u00f1ido a tu hijo, no eres su padre, eres su colega - 2026\" \/>\n<meta property=\"og:description\" content=\"Emilio Calatayud es un juez de menores de Granada, Espa\u00f1a. Es conocido por sus sentencias ejemplares, que a menudo tienen...\" \/>\n<meta property=\"og:url\" content=\"https:\/\/webdelmaestrocmf.com\/portal\/emilio-calatayud-si-solo-vas-al-colegio-para-renir-a-los-maestros-porque-han-renido-a-tu-hijo-no-eres-su-padre-eres-su-colega\/\" \/>\n<meta property=\"og:site_name\" content=\"Web del Maestro CMF\" \/>\n<meta property=\"article:publisher\" content=\"https:\/\/www.facebook.com\/WebdelMaestroCMF\/\" \/>\n<meta property=\"article:author\" content=\"https:\/\/www.facebook.com\/WebdelMaestroCMF\/\" \/>\n<meta property=\"article:published_time\" content=\"2025-06-20T11:04:00+00:00\" \/>\n<meta property=\"article:modified_time\" content=\"2026-01-29T22:33:16+00:00\" \/>\n<meta property=\"og:image\" content=\"https:\/\/webdelmaestrocmf.com\/portal\/wp-content\/uploads\/2023\/10\/1A-Banner-1-portada-imagen-10-1-copia-13.jpg\" \/>\n\t<meta property=\"og:image:width\" content=\"940\" \/>\n\t<meta property=\"og:image:height\" content=\"625\" \/>\n\t<meta property=\"og:image:type\" content=\"image\/jpeg\" \/>\n<meta name=\"author\" content=\"Web del Maestro CMF\" \/>\n<meta name=\"twitter:card\" content=\"summary_large_image\" \/>\n<meta name=\"twitter:creator\" content=\"@cmf_w\" \/>\n<meta name=\"twitter:site\" content=\"@cmf_w\" \/>\n<script type=\"application\/ld+json\" class=\"yoast-schema-graph\">{\"@context\":\"https:\\\/\\\/schema.org\",\"@graph\":[{\"@type\":\"ScholarlyArticle\",\"@id\":\"https:\\\/\\\/webdelmaestrocmf.com\\\/portal\\\/emilio-calatayud-si-solo-vas-al-colegio-para-renir-a-los-maestros-porque-han-renido-a-tu-hijo-no-eres-su-padre-eres-su-colega\\\/#article\",\"isPartOf\":{\"@id\":\"https:\\\/\\\/webdelmaestrocmf.com\\\/portal\\\/emilio-calatayud-si-solo-vas-al-colegio-para-renir-a-los-maestros-porque-han-renido-a-tu-hijo-no-eres-su-padre-eres-su-colega\\\/\"},\"author\":{\"name\":\"Web del Maestro CMF\",\"@id\":\"https:\\\/\\\/webdelmaestrocmf.com\\\/portal\\\/#\\\/schema\\\/person\\\/1072a2ed7bd960df8ef99a551fa35dc5\"},\"headline\":\"Emilio Calatayud: Si solo vas al colegio para re\u00f1ir a los maestros porque han re\u00f1ido a tu hijo, no eres su padre, eres su colega\",\"datePublished\":\"2025-06-20T11:04:00+00:00\",\"dateModified\":\"2026-01-29T22:33:16+00:00\",\"mainEntityOfPage\":{\"@id\":\"https:\\\/\\\/webdelmaestrocmf.com\\\/portal\\\/emilio-calatayud-si-solo-vas-al-colegio-para-renir-a-los-maestros-porque-han-renido-a-tu-hijo-no-eres-su-padre-eres-su-colega\\\/\"},\"wordCount\":1051,\"commentCount\":0,\"publisher\":{\"@id\":\"https:\\\/\\\/webdelmaestrocmf.com\\\/portal\\\/#organization\"},\"image\":{\"@id\":\"https:\\\/\\\/webdelmaestrocmf.com\\\/portal\\\/emilio-calatayud-si-solo-vas-al-colegio-para-renir-a-los-maestros-porque-han-renido-a-tu-hijo-no-eres-su-padre-eres-su-colega\\\/#primaryimage\"},\"thumbnailUrl\":\"https:\\\/\\\/webdelmaestrocmf.com\\\/portal\\\/wp-content\\\/uploads\\\/2023\\\/10\\\/1A-Banner-1-portada-imagen-10-1-copia-13.jpg\",\"keywords\":[\"apoyo educativo\",\"Aprendizaje infantil\",\"Autoridad parental\",\"Colaboraci\u00f3n escolar\",\"Comportamiento del ni\u00f1o\",\"Comunicaci\u00f3n padres-maestros\",\"Conducta del estudiante\",\"Crianza de los hijos\",\"desarrollo acad\u00e9mico\",\"DESARROLLO INFANTIL\",\"desarrollo social\",\"disciplina escolar\",\"EDUCACI\u00d3N\",\"EDUCACI\u00d3N EMOCIONAL\",\"EMILIO CALATAYUD\",\"Equilibrio en la crianza\",\"\u00e9tica educativa\",\"Modelado de comportamiento\",\"Orientaci\u00f3n parental\",\"padres\",\"Problemas escolares\",\"Reforzamiento positivo\",\"relaci\u00f3n padres-maestros\",\"Relaciones familia-escuela\",\"Relaciones familiares\",\"RELACIONES INTERPERSONALES\",\"resoluci\u00f3n de conflictos\",\"Responsabilidad del alumno\",\"Responsabilidad parental\",\"Trabajo en equipo\",\"valores familiares\"],\"articleSection\":[\"Entrevistas\",\"Noticias\"],\"inLanguage\":\"es\",\"potentialAction\":[{\"@type\":\"CommentAction\",\"name\":\"Comment\",\"target\":[\"https:\\\/\\\/webdelmaestrocmf.com\\\/portal\\\/emilio-calatayud-si-solo-vas-al-colegio-para-renir-a-los-maestros-porque-han-renido-a-tu-hijo-no-eres-su-padre-eres-su-colega\\\/#respond\"]}]},{\"@type\":\"WebPage\",\"@id\":\"https:\\\/\\\/webdelmaestrocmf.com\\\/portal\\\/emilio-calatayud-si-solo-vas-al-colegio-para-renir-a-los-maestros-porque-han-renido-a-tu-hijo-no-eres-su-padre-eres-su-colega\\\/\",\"url\":\"https:\\\/\\\/webdelmaestrocmf.com\\\/portal\\\/emilio-calatayud-si-solo-vas-al-colegio-para-renir-a-los-maestros-porque-han-renido-a-tu-hijo-no-eres-su-padre-eres-su-colega\\\/\",\"name\":\"Emilio Calatayud: Si solo vas al colegio para re\u00f1ir a los maestros porque han re\u00f1ido a tu hijo, no eres su padre, eres su colega - 2026\",\"isPartOf\":{\"@id\":\"https:\\\/\\\/webdelmaestrocmf.com\\\/portal\\\/#website\"},\"primaryImageOfPage\":{\"@id\":\"https:\\\/\\\/webdelmaestrocmf.com\\\/portal\\\/emilio-calatayud-si-solo-vas-al-colegio-para-renir-a-los-maestros-porque-han-renido-a-tu-hijo-no-eres-su-padre-eres-su-colega\\\/#primaryimage\"},\"image\":{\"@id\":\"https:\\\/\\\/webdelmaestrocmf.com\\\/portal\\\/emilio-calatayud-si-solo-vas-al-colegio-para-renir-a-los-maestros-porque-han-renido-a-tu-hijo-no-eres-su-padre-eres-su-colega\\\/#primaryimage\"},\"thumbnailUrl\":\"https:\\\/\\\/webdelmaestrocmf.com\\\/portal\\\/wp-content\\\/uploads\\\/2023\\\/10\\\/1A-Banner-1-portada-imagen-10-1-copia-13.jpg\",\"datePublished\":\"2025-06-20T11:04:00+00:00\",\"dateModified\":\"2026-01-29T22:33:16+00:00\",\"description\":\"Emilio Calatayud es un juez de menores de Granada, Espa\u00f1a. Es conocido por sus sentencias ejemplares, que a menudo tienen...\",\"breadcrumb\":{\"@id\":\"https:\\\/\\\/webdelmaestrocmf.com\\\/portal\\\/emilio-calatayud-si-solo-vas-al-colegio-para-renir-a-los-maestros-porque-han-renido-a-tu-hijo-no-eres-su-padre-eres-su-colega\\\/#breadcrumb\"},\"inLanguage\":\"es\",\"potentialAction\":[{\"@type\":\"ReadAction\",\"target\":[\"https:\\\/\\\/webdelmaestrocmf.com\\\/portal\\\/emilio-calatayud-si-solo-vas-al-colegio-para-renir-a-los-maestros-porque-han-renido-a-tu-hijo-no-eres-su-padre-eres-su-colega\\\/\"]}]},{\"@type\":\"ImageObject\",\"inLanguage\":\"es\",\"@id\":\"https:\\\/\\\/webdelmaestrocmf.com\\\/portal\\\/emilio-calatayud-si-solo-vas-al-colegio-para-renir-a-los-maestros-porque-han-renido-a-tu-hijo-no-eres-su-padre-eres-su-colega\\\/#primaryimage\",\"url\":\"https:\\\/\\\/webdelmaestrocmf.com\\\/portal\\\/wp-content\\\/uploads\\\/2023\\\/10\\\/1A-Banner-1-portada-imagen-10-1-copia-13.jpg\",\"contentUrl\":\"https:\\\/\\\/webdelmaestrocmf.com\\\/portal\\\/wp-content\\\/uploads\\\/2023\\\/10\\\/1A-Banner-1-portada-imagen-10-1-copia-13.jpg\",\"width\":940,\"height\":625},{\"@type\":\"BreadcrumbList\",\"@id\":\"https:\\\/\\\/webdelmaestrocmf.com\\\/portal\\\/emilio-calatayud-si-solo-vas-al-colegio-para-renir-a-los-maestros-porque-han-renido-a-tu-hijo-no-eres-su-padre-eres-su-colega\\\/#breadcrumb\",\"itemListElement\":[{\"@type\":\"ListItem\",\"position\":1,\"name\":\"Portada\",\"item\":\"https:\\\/\\\/webdelmaestrocmf.com\\\/portal\\\/\"},{\"@type\":\"ListItem\",\"position\":2,\"name\":\"Noticias\",\"item\":\"https:\\\/\\\/webdelmaestrocmf.com\\\/portal\\\/category\\\/noticias\\\/\"},{\"@type\":\"ListItem\",\"position\":3,\"name\":\"Emilio Calatayud: Si solo vas al colegio para re\u00f1ir a los maestros porque han re\u00f1ido a tu hijo, no eres su padre, eres su colega\"}]},{\"@type\":\"WebSite\",\"@id\":\"https:\\\/\\\/webdelmaestrocmf.com\\\/portal\\\/#website\",\"url\":\"https:\\\/\\\/webdelmaestrocmf.com\\\/portal\\\/\",\"name\":\"Web del Maestro CMF\",\"description\":\"Maestros al servicio de la educaci\u00f3n\",\"publisher\":{\"@id\":\"https:\\\/\\\/webdelmaestrocmf.com\\\/portal\\\/#organization\"},\"alternateName\":\"WMCMF\",\"potentialAction\":[{\"@type\":\"SearchAction\",\"target\":{\"@type\":\"EntryPoint\",\"urlTemplate\":\"https:\\\/\\\/webdelmaestrocmf.com\\\/portal\\\/?s={search_term_string}\"},\"query-input\":{\"@type\":\"PropertyValueSpecification\",\"valueRequired\":true,\"valueName\":\"search_term_string\"}}],\"inLanguage\":\"es\"},{\"@type\":\"Organization\",\"@id\":\"https:\\\/\\\/webdelmaestrocmf.com\\\/portal\\\/#organization\",\"name\":\"Web del Maestro CMF\",\"alternateName\":\"WMCMF\",\"url\":\"https:\\\/\\\/webdelmaestrocmf.com\\\/portal\\\/\",\"logo\":{\"@type\":\"ImageObject\",\"inLanguage\":\"es\",\"@id\":\"https:\\\/\\\/webdelmaestrocmf.com\\\/portal\\\/#\\\/schema\\\/logo\\\/image\\\/\",\"url\":\"https:\\\/\\\/webdelmaestrocmf.com\\\/portal\\\/wp-content\\\/uploads\\\/2023\\\/01\\\/logo-wmcmf-2.png\",\"contentUrl\":\"https:\\\/\\\/webdelmaestrocmf.com\\\/portal\\\/wp-content\\\/uploads\\\/2023\\\/01\\\/logo-wmcmf-2.png\",\"width\":200,\"height\":60,\"caption\":\"Web del Maestro CMF\"},\"image\":{\"@id\":\"https:\\\/\\\/webdelmaestrocmf.com\\\/portal\\\/#\\\/schema\\\/logo\\\/image\\\/\"},\"sameAs\":[\"https:\\\/\\\/www.facebook.com\\\/WebdelMaestroCMF\\\/\",\"https:\\\/\\\/x.com\\\/cmf_w\",\"https:\\\/\\\/www.pinterest.com\\\/WMCMF\\\/\",\"https:\\\/\\\/www.linkedin.com\\\/company\\\/web-del-maestro-cmf\\\/\",\"https:\\\/\\\/www.instagram.com\\\/wmcmf\\\/\",\"https:\\\/\\\/www.youtube.com\\\/channel\\\/UCDPSvjbdodE5sHnC3OxutHw\",\"https:\\\/\\\/mastodon.social\\\/@wmcmf\",\"https:\\\/\\\/www.tiktok.com\\\/@webdelmaestrocmf\"]},{\"@type\":\"Person\",\"@id\":\"https:\\\/\\\/webdelmaestrocmf.com\\\/portal\\\/#\\\/schema\\\/person\\\/1072a2ed7bd960df8ef99a551fa35dc5\",\"name\":\"Web del Maestro CMF\",\"image\":{\"@type\":\"ImageObject\",\"inLanguage\":\"es\",\"@id\":\"https:\\\/\\\/secure.gravatar.com\\\/avatar\\\/23291dd5b5ae1077dcff3dbb04c3e02bd28403fa75af6d8787d5e97c5bbbe30b?s=96&d=mm&r=g\",\"url\":\"https:\\\/\\\/secure.gravatar.com\\\/avatar\\\/23291dd5b5ae1077dcff3dbb04c3e02bd28403fa75af6d8787d5e97c5bbbe30b?s=96&d=mm&r=g\",\"contentUrl\":\"https:\\\/\\\/secure.gravatar.com\\\/avatar\\\/23291dd5b5ae1077dcff3dbb04c3e02bd28403fa75af6d8787d5e97c5bbbe30b?s=96&d=mm&r=g\",\"caption\":\"Web del Maestro CMF\"},\"description\":\"Esta Web se cre\u00f3 sin fines de lucro, con fines educativos, cient\u00edficos y acad\u00e9micos, para personas que tengan dificultades y\\\/o inconvenientes en visualizar el material original. El objetivo es entregar recursos, compartir experiencias y materiales que ayuden a los padres de familia, maestros y estudiantes en su actualizaci\u00f3n y formaci\u00f3n permanente, en bien de la Educaci\u00f3n.\",\"sameAs\":[\"http:\\\/\\\/webdelmaestrocmf.com\\\/portal\",\"https:\\\/\\\/www.facebook.com\\\/WebdelMaestroCMF\\\/\",\"https:\\\/\\\/www.instagram.com\\\/wmcmf\\\/\",\"https:\\\/\\\/cl.linkedin.com\\\/company\\\/web-del-maestro-cmf\",\"https:\\\/\\\/www.pinterest.com\\\/WMCMF\\\/publicaciones\\\/\",\"https:\\\/\\\/x.com\\\/cmf_w\",\"https:\\\/\\\/www.youtube.com\\\/@WMCMF\"]}]}<\/script>\n<!-- \/ Yoast SEO plugin. -->","yoast_head_json":{"title":"Emilio Calatayud: Si solo vas al colegio para re\u00f1ir a los maestros porque han re\u00f1ido a tu hijo, no eres su padre, eres su colega - 2026","description":"Emilio Calatayud es un juez de menores de Granada, Espa\u00f1a. Es conocido por sus sentencias ejemplares, que a menudo tienen...","robots":{"index":"index","follow":"follow","max-snippet":"max-snippet:-1","max-image-preview":"max-image-preview:large","max-video-preview":"max-video-preview:-1"},"canonical":"https:\/\/webdelmaestrocmf.com\/portal\/emilio-calatayud-si-solo-vas-al-colegio-para-renir-a-los-maestros-porque-han-renido-a-tu-hijo-no-eres-su-padre-eres-su-colega\/","og_locale":"es_ES","og_type":"article","og_title":"Emilio Calatayud: Si solo vas al colegio para re\u00f1ir a los maestros porque han re\u00f1ido a tu hijo, no eres su padre, eres su colega - 2026","og_description":"Emilio Calatayud es un juez de menores de Granada, Espa\u00f1a. Es conocido por sus sentencias ejemplares, que a menudo tienen...","og_url":"https:\/\/webdelmaestrocmf.com\/portal\/emilio-calatayud-si-solo-vas-al-colegio-para-renir-a-los-maestros-porque-han-renido-a-tu-hijo-no-eres-su-padre-eres-su-colega\/","og_site_name":"Web del Maestro CMF","article_publisher":"https:\/\/www.facebook.com\/WebdelMaestroCMF\/","article_author":"https:\/\/www.facebook.com\/WebdelMaestroCMF\/","article_published_time":"2025-06-20T11:04:00+00:00","article_modified_time":"2026-01-29T22:33:16+00:00","og_image":[{"width":940,"height":625,"url":"https:\/\/webdelmaestrocmf.com\/portal\/wp-content\/uploads\/2023\/10\/1A-Banner-1-portada-imagen-10-1-copia-13.jpg","type":"image\/jpeg"}],"author":"Web del Maestro CMF","twitter_card":"summary_large_image","twitter_creator":"@cmf_w","twitter_site":"@cmf_w","schema":{"@context":"https:\/\/schema.org","@graph":[{"@type":"ScholarlyArticle","@id":"https:\/\/webdelmaestrocmf.com\/portal\/emilio-calatayud-si-solo-vas-al-colegio-para-renir-a-los-maestros-porque-han-renido-a-tu-hijo-no-eres-su-padre-eres-su-colega\/#article","isPartOf":{"@id":"https:\/\/webdelmaestrocmf.com\/portal\/emilio-calatayud-si-solo-vas-al-colegio-para-renir-a-los-maestros-porque-han-renido-a-tu-hijo-no-eres-su-padre-eres-su-colega\/"},"author":{"name":"Web del Maestro CMF","@id":"https:\/\/webdelmaestrocmf.com\/portal\/#\/schema\/person\/1072a2ed7bd960df8ef99a551fa35dc5"},"headline":"Emilio Calatayud: Si solo vas al colegio para re\u00f1ir a los maestros porque han re\u00f1ido a tu hijo, no eres su padre, eres su colega","datePublished":"2025-06-20T11:04:00+00:00","dateModified":"2026-01-29T22:33:16+00:00","mainEntityOfPage":{"@id":"https:\/\/webdelmaestrocmf.com\/portal\/emilio-calatayud-si-solo-vas-al-colegio-para-renir-a-los-maestros-porque-han-renido-a-tu-hijo-no-eres-su-padre-eres-su-colega\/"},"wordCount":1051,"commentCount":0,"publisher":{"@id":"https:\/\/webdelmaestrocmf.com\/portal\/#organization"},"image":{"@id":"https:\/\/webdelmaestrocmf.com\/portal\/emilio-calatayud-si-solo-vas-al-colegio-para-renir-a-los-maestros-porque-han-renido-a-tu-hijo-no-eres-su-padre-eres-su-colega\/#primaryimage"},"thumbnailUrl":"https:\/\/webdelmaestrocmf.com\/portal\/wp-content\/uploads\/2023\/10\/1A-Banner-1-portada-imagen-10-1-copia-13.jpg","keywords":["apoyo educativo","Aprendizaje infantil","Autoridad parental","Colaboraci\u00f3n escolar","Comportamiento del ni\u00f1o","Comunicaci\u00f3n padres-maestros","Conducta del estudiante","Crianza de los hijos","desarrollo acad\u00e9mico","DESARROLLO INFANTIL","desarrollo social","disciplina escolar","EDUCACI\u00d3N","EDUCACI\u00d3N EMOCIONAL","EMILIO CALATAYUD","Equilibrio en la crianza","\u00e9tica educativa","Modelado de comportamiento","Orientaci\u00f3n parental","padres","Problemas escolares","Reforzamiento positivo","relaci\u00f3n padres-maestros","Relaciones familia-escuela","Relaciones familiares","RELACIONES INTERPERSONALES","resoluci\u00f3n de conflictos","Responsabilidad del alumno","Responsabilidad parental","Trabajo en equipo","valores familiares"],"articleSection":["Entrevistas","Noticias"],"inLanguage":"es","potentialAction":[{"@type":"CommentAction","name":"Comment","target":["https:\/\/webdelmaestrocmf.com\/portal\/emilio-calatayud-si-solo-vas-al-colegio-para-renir-a-los-maestros-porque-han-renido-a-tu-hijo-no-eres-su-padre-eres-su-colega\/#respond"]}]},{"@type":"WebPage","@id":"https:\/\/webdelmaestrocmf.com\/portal\/emilio-calatayud-si-solo-vas-al-colegio-para-renir-a-los-maestros-porque-han-renido-a-tu-hijo-no-eres-su-padre-eres-su-colega\/","url":"https:\/\/webdelmaestrocmf.com\/portal\/emilio-calatayud-si-solo-vas-al-colegio-para-renir-a-los-maestros-porque-han-renido-a-tu-hijo-no-eres-su-padre-eres-su-colega\/","name":"Emilio Calatayud: Si solo vas al colegio para re\u00f1ir a los maestros porque han re\u00f1ido a tu hijo, no eres su padre, eres su colega - 2026","isPartOf":{"@id":"https:\/\/webdelmaestrocmf.com\/portal\/#website"},"primaryImageOfPage":{"@id":"https:\/\/webdelmaestrocmf.com\/portal\/emilio-calatayud-si-solo-vas-al-colegio-para-renir-a-los-maestros-porque-han-renido-a-tu-hijo-no-eres-su-padre-eres-su-colega\/#primaryimage"},"image":{"@id":"https:\/\/webdelmaestrocmf.com\/portal\/emilio-calatayud-si-solo-vas-al-colegio-para-renir-a-los-maestros-porque-han-renido-a-tu-hijo-no-eres-su-padre-eres-su-colega\/#primaryimage"},"thumbnailUrl":"https:\/\/webdelmaestrocmf.com\/portal\/wp-content\/uploads\/2023\/10\/1A-Banner-1-portada-imagen-10-1-copia-13.jpg","datePublished":"2025-06-20T11:04:00+00:00","dateModified":"2026-01-29T22:33:16+00:00","description":"Emilio Calatayud es un juez de menores de Granada, Espa\u00f1a. Es conocido por sus sentencias ejemplares, que a menudo tienen...","breadcrumb":{"@id":"https:\/\/webdelmaestrocmf.com\/portal\/emilio-calatayud-si-solo-vas-al-colegio-para-renir-a-los-maestros-porque-han-renido-a-tu-hijo-no-eres-su-padre-eres-su-colega\/#breadcrumb"},"inLanguage":"es","potentialAction":[{"@type":"ReadAction","target":["https:\/\/webdelmaestrocmf.com\/portal\/emilio-calatayud-si-solo-vas-al-colegio-para-renir-a-los-maestros-porque-han-renido-a-tu-hijo-no-eres-su-padre-eres-su-colega\/"]}]},{"@type":"ImageObject","inLanguage":"es","@id":"https:\/\/webdelmaestrocmf.com\/portal\/emilio-calatayud-si-solo-vas-al-colegio-para-renir-a-los-maestros-porque-han-renido-a-tu-hijo-no-eres-su-padre-eres-su-colega\/#primaryimage","url":"https:\/\/webdelmaestrocmf.com\/portal\/wp-content\/uploads\/2023\/10\/1A-Banner-1-portada-imagen-10-1-copia-13.jpg","contentUrl":"https:\/\/webdelmaestrocmf.com\/portal\/wp-content\/uploads\/2023\/10\/1A-Banner-1-portada-imagen-10-1-copia-13.jpg","width":940,"height":625},{"@type":"BreadcrumbList","@id":"https:\/\/webdelmaestrocmf.com\/portal\/emilio-calatayud-si-solo-vas-al-colegio-para-renir-a-los-maestros-porque-han-renido-a-tu-hijo-no-eres-su-padre-eres-su-colega\/#breadcrumb","itemListElement":[{"@type":"ListItem","position":1,"name":"Portada","item":"https:\/\/webdelmaestrocmf.com\/portal\/"},{"@type":"ListItem","position":2,"name":"Noticias","item":"https:\/\/webdelmaestrocmf.com\/portal\/category\/noticias\/"},{"@type":"ListItem","position":3,"name":"Emilio Calatayud: Si solo vas al colegio para re\u00f1ir a los maestros porque han re\u00f1ido a tu hijo, no eres su padre, eres su colega"}]},{"@type":"WebSite","@id":"https:\/\/webdelmaestrocmf.com\/portal\/#website","url":"https:\/\/webdelmaestrocmf.com\/portal\/","name":"Web del Maestro CMF","description":"Maestros al servicio de la educaci\u00f3n","publisher":{"@id":"https:\/\/webdelmaestrocmf.com\/portal\/#organization"},"alternateName":"WMCMF","potentialAction":[{"@type":"SearchAction","target":{"@type":"EntryPoint","urlTemplate":"https:\/\/webdelmaestrocmf.com\/portal\/?s={search_term_string}"},"query-input":{"@type":"PropertyValueSpecification","valueRequired":true,"valueName":"search_term_string"}}],"inLanguage":"es"},{"@type":"Organization","@id":"https:\/\/webdelmaestrocmf.com\/portal\/#organization","name":"Web del Maestro CMF","alternateName":"WMCMF","url":"https:\/\/webdelmaestrocmf.com\/portal\/","logo":{"@type":"ImageObject","inLanguage":"es","@id":"https:\/\/webdelmaestrocmf.com\/portal\/#\/schema\/logo\/image\/","url":"https:\/\/webdelmaestrocmf.com\/portal\/wp-content\/uploads\/2023\/01\/logo-wmcmf-2.png","contentUrl":"https:\/\/webdelmaestrocmf.com\/portal\/wp-content\/uploads\/2023\/01\/logo-wmcmf-2.png","width":200,"height":60,"caption":"Web del Maestro CMF"},"image":{"@id":"https:\/\/webdelmaestrocmf.com\/portal\/#\/schema\/logo\/image\/"},"sameAs":["https:\/\/www.facebook.com\/WebdelMaestroCMF\/","https:\/\/x.com\/cmf_w","https:\/\/www.pinterest.com\/WMCMF\/","https:\/\/www.linkedin.com\/company\/web-del-maestro-cmf\/","https:\/\/www.instagram.com\/wmcmf\/","https:\/\/www.youtube.com\/channel\/UCDPSvjbdodE5sHnC3OxutHw","https:\/\/mastodon.social\/@wmcmf","https:\/\/www.tiktok.com\/@webdelmaestrocmf"]},{"@type":"Person","@id":"https:\/\/webdelmaestrocmf.com\/portal\/#\/schema\/person\/1072a2ed7bd960df8ef99a551fa35dc5","name":"Web del Maestro CMF","image":{"@type":"ImageObject","inLanguage":"es","@id":"https:\/\/secure.gravatar.com\/avatar\/23291dd5b5ae1077dcff3dbb04c3e02bd28403fa75af6d8787d5e97c5bbbe30b?s=96&d=mm&r=g","url":"https:\/\/secure.gravatar.com\/avatar\/23291dd5b5ae1077dcff3dbb04c3e02bd28403fa75af6d8787d5e97c5bbbe30b?s=96&d=mm&r=g","contentUrl":"https:\/\/secure.gravatar.com\/avatar\/23291dd5b5ae1077dcff3dbb04c3e02bd28403fa75af6d8787d5e97c5bbbe30b?s=96&d=mm&r=g","caption":"Web del Maestro CMF"},"description":"Esta Web se cre\u00f3 sin fines de lucro, con fines educativos, cient\u00edficos y acad\u00e9micos, para personas que tengan dificultades y\/o inconvenientes en visualizar el material original. El objetivo es entregar recursos, compartir experiencias y materiales que ayuden a los padres de familia, maestros y estudiantes en su actualizaci\u00f3n y formaci\u00f3n permanente, en bien de la Educaci\u00f3n.","sameAs":["http:\/\/webdelmaestrocmf.com\/portal","https:\/\/www.facebook.com\/WebdelMaestroCMF\/","https:\/\/www.instagram.com\/wmcmf\/","https:\/\/cl.linkedin.com\/company\/web-del-maestro-cmf","https:\/\/www.pinterest.com\/WMCMF\/publicaciones\/","https:\/\/x.com\/cmf_w","https:\/\/www.youtube.com\/@WMCMF"]}]}},"jetpack_featured_media_url":"https:\/\/webdelmaestrocmf.com\/portal\/wp-content\/uploads\/2023\/10\/1A-Banner-1-portada-imagen-10-1-copia-13.jpg","jetpack_sharing_enabled":true,"jetpack-related-posts":[{"id":96015,"url":"https:\/\/webdelmaestrocmf.com\/portal\/emilio-calatayud-tener-un-hijo-es-como-si-tuvieras-siempre-algo-puesto-en-el-fuego-de-la-cocina\/","url_meta":{"origin":96722,"position":0},"title":"Emilio Calatayud: Tener un hijo es como si tuvieras siempre algo puesto en el fuego de la cocina","author":"Web del Maestro CMF","date":"10 febrero, 2024","format":false,"excerpt":"Emilio Calatayud (1955) es un abogado, escritor, magistrado espa\u00f1ol y juez de menores de Granada. Se licenci\u00f3 en Derecho por la Universidad de Deusto (Espa\u00f1a) en 1977. Tras un breve paso por la abogac\u00eda y la empresa, accedi\u00f3 a la carrera judicial en 1980. Desde diciembre de 1988 es titular\u2026","rel":"","context":"En \u00abEntrevistas\u00bb","block_context":{"text":"Entrevistas","link":"https:\/\/webdelmaestrocmf.com\/portal\/category\/noticias\/entrevistas\/"},"img":{"alt_text":"Emilio Calatayud","src":"https:\/\/i0.wp.com\/webdelmaestrocmf.com\/portal\/wp-content\/uploads\/2023\/09\/A12B3C4D-39.webp?resize=350%2C200&ssl=1","width":350,"height":200,"srcset":"https:\/\/i0.wp.com\/webdelmaestrocmf.com\/portal\/wp-content\/uploads\/2023\/09\/A12B3C4D-39.webp?resize=350%2C200&ssl=1 1x, https:\/\/i0.wp.com\/webdelmaestrocmf.com\/portal\/wp-content\/uploads\/2023\/09\/A12B3C4D-39.webp?resize=525%2C300&ssl=1 1.5x, https:\/\/i0.wp.com\/webdelmaestrocmf.com\/portal\/wp-content\/uploads\/2023\/09\/A12B3C4D-39.webp?resize=700%2C400&ssl=1 2x"},"classes":[]},{"id":96246,"url":"https:\/\/webdelmaestrocmf.com\/portal\/poner-limites-a-los-hijos-es-respetarlos\/","url_meta":{"origin":96722,"position":1},"title":"Emilio Calatayud: Poner l\u00edmites a los hijos es respetarlos","author":"Web del Maestro CMF","date":"21 octubre, 2025","format":false,"excerpt":"Poner l\u00edmites con amor y equilibrio no es castigar, es educar con respeto. Los l\u00edmites forman personas responsables, seguras y emocionalmente sanas.","rel":"","context":"En \u00abEntrevistas\u00bb","block_context":{"text":"Entrevistas","link":"https:\/\/webdelmaestrocmf.com\/portal\/category\/noticias\/entrevistas\/"},"img":{"alt_text":"","src":"https:\/\/i0.wp.com\/webdelmaestrocmf.com\/portal\/wp-content\/uploads\/2023\/09\/1A-Banner-1-portada-imagen-10-1-copia-11.jpg?resize=350%2C200&ssl=1","width":350,"height":200,"srcset":"https:\/\/i0.wp.com\/webdelmaestrocmf.com\/portal\/wp-content\/uploads\/2023\/09\/1A-Banner-1-portada-imagen-10-1-copia-11.jpg?resize=350%2C200&ssl=1 1x, https:\/\/i0.wp.com\/webdelmaestrocmf.com\/portal\/wp-content\/uploads\/2023\/09\/1A-Banner-1-portada-imagen-10-1-copia-11.jpg?resize=525%2C300&ssl=1 1.5x, https:\/\/i0.wp.com\/webdelmaestrocmf.com\/portal\/wp-content\/uploads\/2023\/09\/1A-Banner-1-portada-imagen-10-1-copia-11.jpg?resize=700%2C400&ssl=1 2x"},"classes":[]},{"id":22935,"url":"https:\/\/webdelmaestrocmf.com\/portal\/la-expulsion-no-conduce-ningun-lado-los-ninos-tienen-estar-la-escuela\/","url_meta":{"origin":96722,"position":2},"title":"Emilio Calatayud: La expulsi\u00f3n no conduce a ning\u00fan lado, los ni\u00f1os tienen que estar en la escuela","author":"Web del Maestro CMF","date":"24 junio, 2024","format":false,"excerpt":"Emilio Juan Ildefonso Calatayud P\u00e9rez es un abogado, escritor y magistrado espa\u00f1ol, juez de menores de Granada, muy conocido por sus sentencias rehabilitatorias y ejemplares (Wikipedia). Se licenci\u00f3 en Derecho en la Universidad de Deusto, y es titular del Juzgado de Menores de Granada y decano de los juzgados de\u2026","rel":"","context":"En \u00abEntrevistas\u00bb","block_context":{"text":"Entrevistas","link":"https:\/\/webdelmaestrocmf.com\/portal\/category\/noticias\/entrevistas\/"},"img":{"alt_text":"","src":"https:\/\/i0.wp.com\/webdelmaestrocmf.com\/portal\/wp-content\/uploads\/2019\/09\/Banner-1-portada-imagen-10-1-56.jpg?resize=350%2C200&ssl=1","width":350,"height":200,"srcset":"https:\/\/i0.wp.com\/webdelmaestrocmf.com\/portal\/wp-content\/uploads\/2019\/09\/Banner-1-portada-imagen-10-1-56.jpg?resize=350%2C200&ssl=1 1x, https:\/\/i0.wp.com\/webdelmaestrocmf.com\/portal\/wp-content\/uploads\/2019\/09\/Banner-1-portada-imagen-10-1-56.jpg?resize=525%2C300&ssl=1 1.5x, https:\/\/i0.wp.com\/webdelmaestrocmf.com\/portal\/wp-content\/uploads\/2019\/09\/Banner-1-portada-imagen-10-1-56.jpg?resize=700%2C400&ssl=1 2x"},"classes":[]},{"id":118242,"url":"https:\/\/webdelmaestrocmf.com\/portal\/emilio-calatayud-los-padres-tenemos-la-obligacion-de-devolver-el-prestigio-a-los-maestros\/","url_meta":{"origin":96722,"position":3},"title":"Emilio Calatayud: \u00abLos padres tenemos la obligaci\u00f3n de devolver el prestigio a los maestros\u00bb","author":"Web del Maestro CMF","date":"24 abril, 2026","format":false,"excerpt":"Calatayud advierte que sin l\u00edmites en casa y respeto en la escuela, la autoridad docente se debilita, afectando el aprendizaje y generando problemas que terminan impactando gravemente en la formaci\u00f3n de los menores.","rel":"","context":"En \u00abEntrevistas\u00bb","block_context":{"text":"Entrevistas","link":"https:\/\/webdelmaestrocmf.com\/portal\/category\/noticias\/entrevistas\/"},"img":{"alt_text":"","src":"https:\/\/i0.wp.com\/webdelmaestrocmf.com\/portal\/wp-content\/uploads\/2026\/04\/1-61.jpg?resize=350%2C200&ssl=1","width":350,"height":200,"srcset":"https:\/\/i0.wp.com\/webdelmaestrocmf.com\/portal\/wp-content\/uploads\/2026\/04\/1-61.jpg?resize=350%2C200&ssl=1 1x, https:\/\/i0.wp.com\/webdelmaestrocmf.com\/portal\/wp-content\/uploads\/2026\/04\/1-61.jpg?resize=525%2C300&ssl=1 1.5x, https:\/\/i0.wp.com\/webdelmaestrocmf.com\/portal\/wp-content\/uploads\/2026\/04\/1-61.jpg?resize=700%2C400&ssl=1 2x, https:\/\/i0.wp.com\/webdelmaestrocmf.com\/portal\/wp-content\/uploads\/2026\/04\/1-61.jpg?resize=1050%2C600&ssl=1 3x"},"classes":[]},{"id":78618,"url":"https:\/\/webdelmaestrocmf.com\/portal\/emilio-calatayud-un-maestro-no-puede-ser-el-colega-de-sus-alumnos-ni-tampoco-su-tiktoker-tiene-que-ser-su-maestro\/","url_meta":{"origin":96722,"position":4},"title":"Emilio Calatayud: Un maestro no puede ser el colega de sus alumnos\u2026 ni tampoco su \u2018tiktoker\u2019, tiene que ser su maestro","author":"Web del Maestro CMF","date":"17 julio, 2022","format":false,"excerpt":"El docente no debe convertirse en amigo ni figura de entretenimiento; su rol es guiar, formar y mantener autoridad pedag\u00f3gica para garantizar respeto, aprendizaje efectivo y l\u00edmites claros dentro del aula.","rel":"","context":"En \u00abEntrevistas\u00bb","block_context":{"text":"Entrevistas","link":"https:\/\/webdelmaestrocmf.com\/portal\/category\/noticias\/entrevistas\/"},"img":{"alt_text":"","src":"https:\/\/i0.wp.com\/webdelmaestrocmf.com\/portal\/wp-content\/uploads\/2022\/07\/1A-Banner-1-portada-imagen-10-1-copia-10.webp?resize=350%2C200&ssl=1","width":350,"height":200,"srcset":"https:\/\/i0.wp.com\/webdelmaestrocmf.com\/portal\/wp-content\/uploads\/2022\/07\/1A-Banner-1-portada-imagen-10-1-copia-10.webp?resize=350%2C200&ssl=1 1x, https:\/\/i0.wp.com\/webdelmaestrocmf.com\/portal\/wp-content\/uploads\/2022\/07\/1A-Banner-1-portada-imagen-10-1-copia-10.webp?resize=525%2C300&ssl=1 1.5x, https:\/\/i0.wp.com\/webdelmaestrocmf.com\/portal\/wp-content\/uploads\/2022\/07\/1A-Banner-1-portada-imagen-10-1-copia-10.webp?resize=700%2C400&ssl=1 2x"},"classes":[]},{"id":34929,"url":"https:\/\/webdelmaestrocmf.com\/portal\/emilio-calatayud-hemos-pasado-del-padre-autoritario-al-padre-colega\/","url_meta":{"origin":96722,"position":5},"title":"Emilio Calatayud: Hemos pasado del padre autoritario al padre colega","author":"Web del Maestro CMF","date":"28 enero, 2019","format":false,"excerpt":"Aunque sea una realidad social, cultural, legal, ... (la espa\u00f1ola) diferente a nuestro actual panorama educativo, con fines de apoyo a la formaci\u00f3n permanente, nos animamos a compartir las opiniones del Doctor Emilio Calatayud P\u00e9rez conocido por dictar sentencias basadas en el trabajo social y la reeducaci\u00f3n a los menores,\u2026","rel":"","context":"En \u00abEntrevistas\u00bb","block_context":{"text":"Entrevistas","link":"https:\/\/webdelmaestrocmf.com\/portal\/category\/noticias\/entrevistas\/"},"img":{"alt_text":"","src":"https:\/\/i0.wp.com\/webdelmaestrocmf.com\/portal\/wp-content\/uploads\/2019\/01\/2-12.jpg?resize=350%2C200&ssl=1","width":350,"height":200,"srcset":"https:\/\/i0.wp.com\/webdelmaestrocmf.com\/portal\/wp-content\/uploads\/2019\/01\/2-12.jpg?resize=350%2C200&ssl=1 1x, https:\/\/i0.wp.com\/webdelmaestrocmf.com\/portal\/wp-content\/uploads\/2019\/01\/2-12.jpg?resize=525%2C300&ssl=1 1.5x, https:\/\/i0.wp.com\/webdelmaestrocmf.com\/portal\/wp-content\/uploads\/2019\/01\/2-12.jpg?resize=700%2C400&ssl=1 2x, https:\/\/i0.wp.com\/webdelmaestrocmf.com\/portal\/wp-content\/uploads\/2019\/01\/2-12.jpg?resize=1050%2C600&ssl=1 3x"},"classes":[]}],"_links":{"self":[{"href":"https:\/\/webdelmaestrocmf.com\/portal\/wp-json\/wp\/v2\/posts\/96722","targetHints":{"allow":["GET"]}}],"collection":[{"href":"https:\/\/webdelmaestrocmf.com\/portal\/wp-json\/wp\/v2\/posts"}],"about":[{"href":"https:\/\/webdelmaestrocmf.com\/portal\/wp-json\/wp\/v2\/types\/post"}],"author":[{"embeddable":true,"href":"https:\/\/webdelmaestrocmf.com\/portal\/wp-json\/wp\/v2\/users\/1"}],"replies":[{"embeddable":true,"href":"https:\/\/webdelmaestrocmf.com\/portal\/wp-json\/wp\/v2\/comments?post=96722"}],"version-history":[{"count":3,"href":"https:\/\/webdelmaestrocmf.com\/portal\/wp-json\/wp\/v2\/posts\/96722\/revisions"}],"predecessor-version":[{"id":110220,"href":"https:\/\/webdelmaestrocmf.com\/portal\/wp-json\/wp\/v2\/posts\/96722\/revisions\/110220"}],"wp:featuredmedia":[{"embeddable":true,"href":"https:\/\/webdelmaestrocmf.com\/portal\/wp-json\/wp\/v2\/media\/110216"}],"wp:attachment":[{"href":"https:\/\/webdelmaestrocmf.com\/portal\/wp-json\/wp\/v2\/media?parent=96722"}],"wp:term":[{"taxonomy":"category","embeddable":true,"href":"https:\/\/webdelmaestrocmf.com\/portal\/wp-json\/wp\/v2\/categories?post=96722"},{"taxonomy":"post_tag","embeddable":true,"href":"https:\/\/webdelmaestrocmf.com\/portal\/wp-json\/wp\/v2\/tags?post=96722"}],"curies":[{"name":"wp","href":"https:\/\/api.w.org\/{rel}","templated":true}]}}