{"id":96617,"date":"2023-10-04T23:14:04","date_gmt":"2023-10-05T02:14:04","guid":{"rendered":"https:\/\/webdelmaestrocmf.com\/portal\/?p=96617"},"modified":"2023-10-04T23:21:26","modified_gmt":"2023-10-05T02:21:26","slug":"bernabe-tierno-comprendo-a-mi-projimo-cuando-soy-capaz-de-meterme-bajo-su-piel","status":"publish","type":"post","link":"https:\/\/webdelmaestrocmf.com\/portal\/bernabe-tierno-comprendo-a-mi-projimo-cuando-soy-capaz-de-meterme-bajo-su-piel\/","title":{"rendered":"Bernab\u00e9 Tierno: Comprendo a m\u00ed pr\u00f3jimo cuando soy capaz de meterme bajo su piel"},"content":{"rendered":"<p style=\"text-align: justify;\"><strong><em>\u201cSi es cierto que en cada amigo hay un enemigo potencial, \u00bfpor qu\u00e9 no puede ser que cada enemigo oculte un amigo que espera su hora?\u201d (Giovanni Papini)<\/em><\/strong><\/p>\n<p style=\"text-align: justify;\"><strong><em>\u201cSi siente que otra persona, en raras ocasiones le comprende a usted, es dif\u00edcil que se sienta amado por ella. La comprensi\u00f3n emp\u00e1tica es un ingrediente poderoso y necesario para que su hijo se sienta amado\u201d (Dorothy C. Briggs)<\/em><\/strong><!--more--><\/p>\n<p style=\"text-align: justify;\"><strong>El amor<\/strong>; que es el m\u00e1s profundo de los sentimientos, seguramente el <strong>sentimiento por antonomasia<\/strong>, se exterioriza en forma de manifestaci\u00f3n espont\u00e1nea de acercamiento, de generosidad y de entrega a los dem\u00e1s. Es emoci\u00f3n que nos invade y nos inunda sin medida y que, aunque la sentimos en lo m\u00e1s profundo de nosotros mismos, casi siempre <strong>llega a nuestra vida de forma inexplicable e incomprensible<\/strong>.<\/p>\n<p style=\"text-align: justify;\">A primera vista <strong>podr\u00eda parecer que no es imprescindible recibir algo del otro<\/strong>, ni tan siquiera comprenderle para amarle, puesto que amar es, m\u00e1s que cualquier otra cosa, dar; <strong>realizarse en y con el otro.<\/strong> Como dice E. Fromm, <em>\u00abel amor s\u00f3lo comienza a desarrollarse cuando amamos a quienes no necesitamos para nuestros fines personales\u00bb.<\/em><\/p>\n<p style=\"text-align: justify;\">No obstante, el amor se hace m\u00e1s firme, consistente y maduro, mejora su calidad <strong>en la medida en que se retroalimenta en la comprensi\u00f3n<\/strong>, en el conocimiento m\u00e1s profundo y personalizado del otro, que siempre es consecuencia del conocimiento y de la comprensi\u00f3n de uno mismo.<\/p>\n<p style=\"text-align: justify;\">Es la comprensi\u00f3n la que <strong>proyecta una luz clara y di\u00e1fana sobre los dem\u00e1s<\/strong> y nos sirve de orientaci\u00f3n y de gu\u00eda para saber c\u00f3mo debemos comportarnos.<\/p>\n<h5 style=\"text-align: justify;\"><strong>Asertividad <\/strong>(01` 37\u201d)<\/h5>\n<p><iframe loading=\"lazy\" title=\"Bernab\u00e9 Tierno - Asertividad - UCAM Knowledge Pills\" width=\"1200\" height=\"675\" src=\"https:\/\/www.youtube.com\/embed\/RGDUbty1fnY?feature=oembed\" frameborder=\"0\" allow=\"accelerometer; autoplay; clipboard-write; encrypted-media; gyroscope; picture-in-picture; web-share\" allowfullscreen><\/iframe><\/p>\n<p style=\"text-align: justify;\">Comprendo a m\u00ed pr\u00f3jimo cuando soy <strong>capaz de meterme bajo su piel para ver las cosas desde su propio punto de vista,<\/strong> casi desde su mismidad si fuera posible, <strong>visti\u00e9ndome con sus penas y alegr\u00edas, sus limitaciones, rarezas y defectos, sus cualidades y habilidades.<\/strong> S\u00f3lo mediante la comprensi\u00f3n me es posible <strong>recibir el mensaje de los dem\u00e1s de manera clara y directa, sin tergiversaciones ni interferencias<\/strong>. Cuando el amor no es asistido por la comprensi\u00f3n, corremos el grave riesgo de captar un mensaje distorsionado a trav\u00e9s del filtro demasiado delicado y sensible del sentimiento y de la intensa emoci\u00f3n.<\/p>\n<p style=\"text-align: justify;\">El que comprende, de alguna manera <strong>incluye en s\u00ed mismo y hace propia la realidad de la persona comprendida<\/strong>. Merece la pena comprobar c\u00f3mo afina el Diccionario de la Real Academia al definir la palabra comprender \u00ababrazar, ce\u00f1ir; rodear por todas partes una cosa&#8230; Contener; incluir en s\u00ed, penetrar&#8230;\u00bb<\/p>\n<p style=\"text-align: justify;\">La pureza del amor, cuya caracter\u00edstica dominante ingrediente es <strong>expresar c\u00f3mo sentimos<\/strong>, necesita de la consistencia de la comprensi\u00f3n, que, al estar regida y orientada por el pensamiento, se convierte en la luz, en la gu\u00eda perfecta de lo que debemos hacer, de c\u00f3mo habremos de amar y entender al otro desde su realidad que aceptamos y explicamos. <strong>Comprender es amar a cada uno a su medida,<\/strong> adapt\u00e1ndonos a sus particulares caracter\u00edsticas como ser humano, \u00fanico e irrepetible. A mi entender, <strong>todo verdadero amor presupone las estructuras firmes de la comprensi\u00f3n <\/strong>en profundidad de la realidad de la persona amada.<\/p>\n<h5 style=\"text-align: justify;\"><strong>\u00bfEs posible comprender al otro y no amarle?<\/strong><\/h5>\n<blockquote>\n<p style=\"text-align: justify;\"><em>\u201cTodo lo que en los dem\u00e1s nos irrita puede contribuir a que nos comprendamos mejor nosotros mismos.\u201d (G. G. Jung)<\/em><\/p>\n<p style=\"text-align: justify;\"><em>\u00a0\u201cSi juzgas a la gente, no tienes tiempo para amarla.\u201d (Madre Teresa de Calcuta)<\/em><\/p>\n<\/blockquote>\n<p style=\"text-align: justify;\">Seg\u00fan casi todos los autores consultados, <strong>no es posible conocer a fondo a un ser humano sin amarle.<\/strong> Quien lo expresa quiz\u00e1 de manera m\u00e1s rotunda es Viktor E. Frankl, en su libro <em>El hombre en busca de destino<\/em>, cuando dice: \u201cEl amor constituye la \u00fanica manera de aprender (comprender) a otro ser humano en lo m\u00e1s profundo de su personalidad. <strong>Nadie puede ser totalmente conocedor de la esencia de otro ser humano si no le ama.<\/strong> Por el acto espiritual del amor se es capaz de ver los trazos y rasgos esenciales en la persona amada; y, lo que, es m\u00e1s, ver tambi\u00e9n sus potencias: lo que todav\u00eda no se ha revelado, lo que ha de mostrarse. Todav\u00eda m\u00e1s: mediante su amor, <strong>la persona que ama posibilita al amado a que manifieste sus potencias<\/strong>. Al hacerle consciente de lo que puede llegar a ser; logra que esas potencias se conviertan en realidad.\u201d<\/p>\n<p style=\"text-align: justify;\">No tiene desperdicio la frase de Frankl. <strong>El Verdadero amor y profunda comprensi\u00f3n van inseparablemente unidos<\/strong>. La volici\u00f3n o poder de la voluntad, del sentimiento y del afecto se une estrechamente con la ideaci\u00f3n o poder del pensamiento, del conocimiento profundo. Estos dos poderes conforman el perfecto acto espiritual del amor, que impulsa a la persona que ama a descubrir lo mejor.<\/p>\n<p style=\"text-align: justify;\"><strong>Art\u00edculos relacionados:<\/strong><\/p>\n<ul>\n<li><a href=\"https:\/\/webdelmaestrocmf.com\/portal\/la-importancia-del-aprendizaje-social-y-emocional-en-las-escuelas\/\" target=\"_blank\" rel=\"noopener\">La importancia del aprendizaje social y emocional en las escuelas<\/a><\/li>\n<li style=\"text-align: justify;\"><a href=\"https:\/\/webdelmaestrocmf.com\/portal\/la-importancia-de-la-empatia-el-buen-humor-y-la-escucha-activa-en-los-docentes\/\" target=\"_blank\" rel=\"noopener\">La importancia de la empat\u00eda, el buen humor y la escucha activa en los docentes<\/a><\/li>\n<li style=\"text-align: justify;\"><a href=\"https:\/\/webdelmaestrocmf.com\/portal\/bernabe-tierno-para-amar-se-necesita-comprension-tolerancia-dedicacion-tiempo-imaginacion-y-esfuerzo\/\" target=\"_blank\" rel=\"noopener\">Bernab\u00e9 Tierno: Para amar se necesita comprensi\u00f3n, tolerancia, dedicaci\u00f3n, tiempo, imaginaci\u00f3n y esfuerzo<\/a><\/li>\n<\/ul>\n<p style=\"text-align: justify;\">El amor-comprensi\u00f3n <strong>siempre est\u00e1 regido por una mente que piensa en positivo<\/strong>, abierta a la esperanza y que trata de ver el lado bueno de las personas y de las cosas. Amar y comprender, comprender y amar, es algo tan sublime y tan sencillo al mismo tiempo <strong>como estar pendientes de descubrir y alentar en cada ser humano lo mejor de s\u00ed y hac\u00e9rselo ver<\/strong>, para que incremente su fe en la vida, en los dem\u00e1s y en s\u00ed mismo.<\/p>\n<p style=\"text-align: justify;\"><em>\u00abSi quieres conocerte, observa la conducta de los dem\u00e1s; si quieres conocer a los dem\u00e1s, mira en tu propio coraz\u00f3n\u00bb<\/em>, dice F. Schiller. <strong>Las debilidades, limitaciones, temores, falsedades, carencias y miserias que con tanta facilidad denunciamos y criticamos en los otros y nos escandalizan son las mismas que padecemos t\u00fa y yo<\/strong>, pero que no acertamos a ver porque evitamos constantemente dirigir nuestra mirada al fondo de nuestro coraz\u00f3n.<\/p>\n<p style=\"text-align: justify;\">Sin embargo, si observ\u00e1ramos de manera imparcial c\u00f3mo pensamos y obramos, no tendr\u00edamos dificultad alguna en comprender y aceptar las propias limitaciones y miserias. Por eso afirmo que <strong>el conocimiento, la comprensi\u00f3n y la aceptaci\u00f3n de nosotros mismos<\/strong> es la \u00fanica v\u00eda para comprender a los otros.<\/p>\n<p style=\"text-align: justify;\">Si, por el contrario, te rechazas a ti mismo, rechazar\u00e1s a los dem\u00e1s. <strong>Si dudas de ti mismo, desconfiar\u00e1s de cualquiera<\/strong>, y si destruyes tu vida, arrastrar\u00e1s a otros con tu propia destrucci\u00f3n. No tienes otra alternativa. Debes elegir, poner orden en tu vida, darle un sentido a tu existencia, <strong>ser tu propio mejor amigo<\/strong>, felicitarte cada d\u00eda por cada peque\u00f1o logro. Obrando as\u00ed, habr\u00e1s logrado que desde el propio conocimiento de ti mismo germinen <strong>la autoaceptaci\u00f3n y autocomprensi\u00f3n,<\/strong> que te llevar\u00e1n, con toda seguridad, a la comprensi\u00f3n y el amor de los dem\u00e1s.<\/p>\n<h5 style=\"text-align: justify;\"><strong>\u00bfQu\u00e9 se produce antes, la comprensi\u00f3n o el amor?<\/strong><\/h5>\n<blockquote>\n<p style=\"text-align: justify;\"><em>\u201cEs tan dif\u00edcil ser justo que la prudencia aconseja ser indulgente.\u201d (An\u00f3nimo)<\/em><\/p>\n<p style=\"text-align: justify;\"><em>\u00a0\u201cUno de los secretos de una vida larga y fruct\u00edfera es perdonar todo a todos, todas las noches.\u201d (Ann Landers)<\/em><\/p>\n<\/blockquote>\n<p style=\"text-align: justify;\">Unos autores defienden que <strong>el acercamiento a la realidad m\u00e1s \u00edntima y personal del otro<\/strong>, <strong>propiciada por la comprensi\u00f3n y aceptaci\u00f3n de uno mismo<\/strong>, no tarda en convertirse en sentimientos de proximidad, en amor.<\/p>\n<p style=\"text-align: justify;\">El proceso ser\u00eda as\u00ed: <strong>a medida que me acepto a mi mismo<\/strong> y \u00abmiro en mi propio coraz\u00f3n\u00bb, como dir\u00eda Shiller, entiendo mejor mi propia realidad y me apoyo m\u00e1s confiadamente en esa sensaci\u00f3n \u00edntima de consistencia y de paz, producto de la autocomprensi\u00f3n. <strong>Al incrementar los niveles de comprensi\u00f3n, mi vida se llena de sentido, de contenido<\/strong>, de una indescriptible y complicada serenidad que necesito hacer extensiva a los dem\u00e1s.<\/p>\n<p style=\"text-align: justify;\">Por tanto, as\u00ed como <strong>una mayor comprensi\u00f3n de m\u00ed mismo me lleva a aceptarme m\u00e1s, a quererme y a vivir en paz conmigo mismo,<\/strong> viviendo de forma m\u00e1s significativa, as\u00ed tambi\u00e9n la comprensi\u00f3n que ejerzo sobre los otros me inclina a aceptarles y amarles. Seg\u00fan estos autores, <strong>primero es la comprensi\u00f3n<\/strong>, la cual, tras profundizar en lo que ha sido y es la vida del otro, hace posible que se despierte en m\u00ed la aceptaci\u00f3n de su propia realidad, <strong>que, al hacerla m\u00eda, se convierte en amor<\/strong>.<\/p>\n<p style=\"text-align: justify;\">Otros autores, menos anal\u00edticos, defienden que es el amor en cuanto <strong>profundo sentimiento que se manifiesta espont\u00e1neamente como acercamiento efusivo y de entrega hacia el otro<\/strong>, quien se abre paso r\u00e1pidamente hacia el interior de la persona amada, <strong>comprendi\u00e9ndola m\u00e1s y m\u00e1s de forma emp\u00e1tica<\/strong>. Para estos autores es el amor el que hace posible, o al menos facilita, la verdadera comprensi\u00f3n y conocimiento del otro.<\/p>\n<p style=\"text-align: justify;\">Personalmente defiendo una postura intermedia, s\u00edntesis de las dos expuestas. Yo creo que <strong>tanto la volici\u00f3n<\/strong>, en cuanto tendencia que nos inclina a buscar el bien en cosas y personas, <strong>como la cognici\u00f3n o comprensi\u00f3n<\/strong>, que hace posible una acci\u00f3n amorosa consciente, <strong>corren paralelas<\/strong> en estrecha uni\u00f3n. No se trata, por tanto, de dilucidar si lo primario es el amor o la comprensi\u00f3n o si uno es anterior al otro, ya que <strong>lo esencial es su mutua interdependencia<\/strong>.<\/p>\n<p style=\"text-align: justify;\">S\u00f3lo la tendencia hacia el bien del otro no basta; <strong>es imprescindible el compromiso<\/strong>, la seguridad de una acci\u00f3n consciente y pensada (comprensi\u00f3n), haciendo bueno el dicho: <em>\u00abObras son amores, que no buenas razones\u00bb.<\/em><\/p>\n<h5 style=\"text-align: justify;\"><strong>La comprensi\u00f3n, soporte y raz\u00f3n de los valores de hermandad<\/strong><\/h5>\n<p style=\"text-align: justify;\">Dec\u00eda al principio que cuando comprendemos, necesariamente incluimos de alguna manera en nosotros mismos, hacemos nuestra la realidad del otro. En consonancia con este supuesto, debemos admitir que <strong>la comprensi\u00f3n es un valor humano clave,<\/strong> ya que sirve de soporte y raz\u00f3n a otros valores que por definici\u00f3n hacen referencia m\u00e1s o menos directa a las conductas y actitudes de <strong>hermandad con los dem\u00e1s<\/strong> y se traducen en <strong>disposici\u00f3n y voluntad expresa y expl\u00edcita<\/strong> de acercamiento humano y <strong>de ayuda para la resoluci\u00f3n de sus problemas y conflictos<\/strong>.<\/p>\n<p style=\"text-align: justify;\">Me estoy refiriendo a valores humanos tan fundamentales como: <strong>el perd\u00f3n, la tolerancia, la amabilidad, la misericordia, la compasi\u00f3n, la solidaridad, la individualidad, el altruismo, el respeto y la dialogicidad <\/strong>y algunos m\u00e1s, aunque aqu\u00ed s\u00f3lo hago referencia a los que de manera m\u00e1s clara y directa necesitan de la comprensi\u00f3n-amor, para cristalizar; para hacerse realidad en cada ser humano en concreto.<\/p>\n<ol style=\"text-align: justify;\">\n<li><strong>La comprensi\u00f3n y el perd\u00f3n.<\/strong> Perdono cuando corrijo mi propia percepci\u00f3n err\u00f3nea de que alguien me ha querido hacer da\u00f1o de forma intencionada, con verdadera maldad. Para <strong>despojarme de sospechas, rencores, juicios recriminatorios y resentimientos<\/strong>, es necesario que mi mente explique, <strong>comprenda los mecanismos internos que han podido impulsar al otro<\/strong> a tratarme de forma injusta, despiadada o desconsiderada.<\/li>\n<\/ol>\n<p style=\"text-align: justify; padding-left: 40px;\">Por la <strong>comprensi\u00f3n emp\u00e1tica<\/strong> aprendo a ponerme en lugar de quien me ofende, a entenderle, exculparle&#8230; \u00a1Perdonarle!<\/p>\n<p style=\"text-align: justify; padding-left: 40px;\">Es la comprensi\u00f3n quien <strong>descarga al ofensor de las maldades de su pasado<\/strong> y al mismo tiempo <strong>libera tambi\u00e9n al ofendido<\/strong> que ejerce el perd\u00f3n del lastre de in\u00fatiles resentimientos y rencores, fomentando en ambos (ofensor y ofendido) pensamientos y actitudes de unidad, plenitud y concordia. <strong>La verdadera grandeza de esp\u00edritu, la madurez ps\u00edquica de un ser humano siempre estar\u00e1 determinadas por su nivel de comprensi\u00f3n y de tolerancia<\/strong> para con las miserias humanas, por la generosidad y la sensibilidad mostradas con los m\u00e1s necesitados y por la facilidad para perdonar y elevarse por encima de los agravios.<\/p>\n<p style=\"text-align: justify; padding-left: 40px;\">Toda comprensi\u00f3n emp\u00e1tica, coronada por el perd\u00f3n, enriquece mucho m\u00e1s al que da que al que recibe, por la inmensa paz interior que le proporciona. En mi opini\u00f3n, s\u00f3lo <strong>el que sabe elevarse por encima de los agravios prueba su grandeza de esp\u00edritu<\/strong>. En seis palabras lo resumi\u00f3 el poeta ingl\u00e9s Alexander Pope: \u00abErrar es humano, perdonar es divino.\u00bb<\/p>\n<ol style=\"text-align: justify;\" start=\"2\">\n<li><strong>La comprensi\u00f3n y la tolerancia<\/strong>. La tolerancia es verdadera virtud, valor humano que se caracteriza por el reconocimiento de las diferencias, por el respeto a los dem\u00e1s y por <strong>la convicci\u00f3n de que nadie posee ni la verdad ni la raz\u00f3n absolutas.<\/strong> Para ser tolerante necesito comprender que siempre habr\u00e1 personas pr\u00f3ximas y menos pr\u00f3ximas a m\u00ed, cuyas opiniones, creencias, estilo de vida, ideolog\u00eda, etc\u00e9tera, <strong>no ser\u00e1n en absoluto coincidentes con las m\u00edas,<\/strong> pero que yo debo aceptarlas y respetarlas, pues tienen todo el derecho a ser como son, a ser ellos mismos <strong>Es la tolerancia quien hace posible una convivencia civilizada<\/strong>.<\/li>\n<\/ol>\n<p style=\"text-align: justify; padding-left: 40px;\">Sin embargo, y manteniendo hasta la \u00faltima letra cuanto acabo de decir en favor de la tolerancia, es necesario matizar que \u00e9sta nunca puede ser indiscriminada, tiene un l\u00edmite: <strong>la falsedad, el error, el autoritarismo y la represi\u00f3n no deben ser tolerados. <\/strong><\/p>\n<p style=\"text-align: justify; padding-left: 40px;\">Jam\u00e1s debe confundirse la verdadera tolerancia, valor humano que dignifica y engrandece a quien la practica, con la falsa tolerancia o la indiferencia. El nervio central de la tolerancia como virtud humana, que <strong>nada tiene que ver con el temor, la sumisi\u00f3n, la humillaci\u00f3n o la p\u00e9rdida de la propia dignidad<\/strong>, es la expresi\u00f3n clara de respeto a los dem\u00e1s, aceptando sus diferencias, lo cual <strong>supone una gran dosis de comprensi\u00f3n<\/strong>; pero, de ning\u00fan modo, soportar incondicionalmente que alguien nos haga da\u00f1o impunemente a nosotros mismos o a los dem\u00e1s.<\/p>\n<ol style=\"text-align: justify;\" start=\"3\">\n<li><strong>La comprensi\u00f3n y la amabilidad.<\/strong> La amabilidad, que me atrever\u00eda a definir como <strong>necesidad biol\u00f3gica del esp\u00edritu<\/strong> que nos arrastra a comportarnos de manera afectuosa y complaciente con los dem\u00e1s, a <strong>sentir y compartir gozosamente su felicidad o su desgracia, su alegr\u00eda o su tristeza<\/strong>, es b\u00e1sicamente comprensi\u00f3n emp\u00e1tica, c\u00e1lida y profunda de la realidad del otro que vivo en mi y la siento como m\u00eda.<\/li>\n<\/ol>\n<p style=\"text-align: justify;\">Bellamente lo expres\u00f3 Adam Smith en su ya inmortal frase: <em>\u00abPor m\u00e1s ego\u00edsta que quiera suponerse al hombre, sin duda hay algunos elementos en su naturaleza que lo llevan a interesarse por la suerte de los otros, de tal modo que la felicidad de \u00e9stos le es necesaria, aunque de ello nada obtenga excepto el placer de presenciarla\u201d. <\/em>Porque, en definitiva, <strong>comprender es amar y amar es comprender,<\/strong> pues tanto en el amor como en la comprensi\u00f3n hay un denominador com\u00fan que es \u201cel dar sin demanda\u201d, que dir\u00eda Khalil Gibran.<\/p>\n<p><img loading=\"lazy\" decoding=\"async\" class=\"alignnone size-large wp-image-96620\" src=\"https:\/\/webdelmaestrocmf.com\/portal\/wp-content\/uploads\/2023\/10\/1-1024x576.jpeg\" alt=\"\" width=\"1024\" height=\"576\" srcset=\"https:\/\/webdelmaestrocmf.com\/portal\/wp-content\/uploads\/2023\/10\/1-1024x576.jpeg 1024w, https:\/\/webdelmaestrocmf.com\/portal\/wp-content\/uploads\/2023\/10\/1-300x169.jpeg 300w, https:\/\/webdelmaestrocmf.com\/portal\/wp-content\/uploads\/2023\/10\/1-768x432.jpeg 768w, https:\/\/webdelmaestrocmf.com\/portal\/wp-content\/uploads\/2023\/10\/1-380x214.jpeg 380w, https:\/\/webdelmaestrocmf.com\/portal\/wp-content\/uploads\/2023\/10\/1-550x309.jpeg 550w, https:\/\/webdelmaestrocmf.com\/portal\/wp-content\/uploads\/2023\/10\/1-800x450.jpeg 800w, https:\/\/webdelmaestrocmf.com\/portal\/wp-content\/uploads\/2023\/10\/1-1160x653.jpeg 1160w, https:\/\/webdelmaestrocmf.com\/portal\/wp-content\/uploads\/2023\/10\/1.jpeg 1280w\" sizes=\"auto, (max-width: 1024px) 100vw, 1024px\" \/><\/p>\n<p style=\"text-align: justify;\">Publicaciones del mismo autor:<\/p>\n<ul>\n<li class=\"wp-embed-heading\"><a href=\"https:\/\/webdelmaestrocmf.com\/portal\/bernabe-tierno-la-persona-bondadosa-patenta-un-alto-grado-de-madurez-mental-psiquica-y-afectiva\/\" target=\"_top\" rel=\"noopener\">Bernab\u00e9 Tierno: La persona bondadosa patenta un alto grado de madurez mental, ps\u00edquica y afectiva<\/a><\/li>\n<li class=\"wp-embed-excerpt\"><a href=\"https:\/\/webdelmaestrocmf.com\/portal\/bernabe-tierno-el-conocimiento-de-uno-mismo-es-tarea-de-siempre-y-de-todas-las-edades-ya-que-nunca-termina\/\" target=\"_top\" rel=\"noopener\">Bernab\u00e9 Tierno: El conocimiento de uno mismo es tarea de siempre y de todas las edades, ya que nunca termina<\/a><\/li>\n<li style=\"text-align: justify;\"><a href=\"https:\/\/webdelmaestrocmf.com\/portal\/bernabe-tierno-la-comprension-soporte-y-razon-de-otros-valores\/\" target=\"_top\" rel=\"noopener\">Bernab\u00e9 Tierno: La comprensi\u00f3n, soporte y raz\u00f3n de otros valores<\/a><\/li>\n<\/ul>\n<h5 style=\"text-align: justify;\"><strong>La comprensi\u00f3n y la misericordia<\/strong><\/h5>\n<blockquote>\n<p style=\"text-align: justify;\"><em>\u201cSi quieres conocerte, observa la conducta de los dem\u00e1s; si quieres conocer a los dem\u00e1s, mira en tu propio coraz\u00f3n.\u201d (F. Schiller)<\/em><\/p>\n<\/blockquote>\n<p style=\"text-align: justify;\">La misericordia <strong>arranca siempre del conocimiento de s\u00ed mismo y de la sensibilidad<\/strong> que cada uno es capaz de manifestar ante las debilidades y miserias humanas, convencido de sus propias limitaciones, debilidades y miserias.<\/p>\n<p style=\"text-align: justify;\">Al comprenderme y amarme a m\u00ed mismo, a pesar de mis defectos, que conozco muy bien por el ejercicio de una sincera reflexi\u00f3n, me estoy preparando y capacitando para apiadarme de los dem\u00e1s, ser m\u00e1s humano y tolerante.<\/p>\n<p style=\"text-align: justify;\"><strong>La misericordia es siempre una consecuencia de la generosidad, de la magnanimidad de coraz\u00f3n y de una gran humanidad,<\/strong> pero sobre todo de una profunda comprensi\u00f3n emp\u00e1tica de las miserias de los dem\u00e1s, <strong>tras haber comprendido y admitido las propias<\/strong> y reflexionado humildemente sobre ellas.<\/p>\n<h5 style=\"text-align: justify;\"><strong>La comprensi\u00f3n y la compasi\u00f3n<\/strong><\/h5>\n<p style=\"text-align: justify;\">Compadecerse implica una <strong>\u00edntima y profunda identificaci\u00f3n personal con los sufrimientos, desgracias y males<\/strong> que soportan no s\u00f3lo las personas m\u00e1s pr\u00f3ximas a nosotros, como familiares y amigos, sino cualquier ser humano que nos encontremos en nuestro camino.<\/p>\n<p style=\"text-align: justify;\">Como en los dem\u00e1s valores que mueven a las conductas de hermandad, en la compasi\u00f3n el soporte fundamental es la comprensi\u00f3n. A la compasi\u00f3n se llega por la <strong>comprensi\u00f3n emp\u00e1tica del que sufre y<\/strong> al hacer m\u00edo su sufrimiento, en la misma comprensi\u00f3n solidaria, le amo.<\/p>\n<h5 style=\"text-align: justify;\"><strong>La comprensi\u00f3n y la solidaridad<\/strong><\/h5>\n<p style=\"text-align: justify;\"><em>\u201cEs bueno dar algo cuando ha sido pedido, pero es mejor dar sin demanda, comprendiendo.\u201d (Khalil Gibran)<\/em><\/p>\n<p style=\"text-align: justify;\">Entre los valores que venimos llamando de hermandad, la solidaridad es la que ocupa el lugar m\u00e1s pr\u00f3ximo a la comprensi\u00f3n, ya que surge de forma inmediata y espont\u00e1nea antes que cualquier otro sentimiento, nada m\u00e1s realizarse el acto comprensivo.<\/p>\n<p style=\"text-align: justify;\"><strong>La solidaridad es como la puesta a punto del motor de nuestro coraz\u00f3n<\/strong>. Ella nos despoja de ego\u00edsmos e intereses mezquinos y nos prepara y anima a preocuparnos por los dem\u00e1s, a luchar por resolver tantas injusticias y desigualdades sociales.<\/p>\n<p style=\"text-align: justify;\">Yo me hago solidario si el bien y el bienestar <strong>que busco para mi trato de encontrarlo con el mismo inter\u00e9s y tes\u00f3n para los dem\u00e1s.<\/strong> Es bueno que nuestros hijos conozcan y sientan las profundas desigualdades sociales de su entorno y del mundo en que vivimos. Que aprendan a sentirse solidarios, a comprender a los m\u00e1s desprotegidos. Obrando as\u00ed, les estamos capacitando para adoptar, en un futuro pr\u00f3ximo, todas las conductas de hermandad que generan la comprensi\u00f3n y la solidaridad.<\/p>\n<h5 style=\"text-align: justify;\"><strong>La comprensi\u00f3n y la individualidad<\/strong><\/h5>\n<p style=\"text-align: justify;\">Por la comprensi\u00f3n, <strong>respeto de manera espont\u00e1nea la dignidad individual de los dem\u00e1s<\/strong> y s\u00e9 ver el car\u00e1cter \u00fanico de cada persona. La individualidad es un valor humano que necesita de la comprensi\u00f3n y del respeto de los dem\u00e1s a mi propia libertad, al <strong>derecho que yo tengo de ser y de desarrollarme como individuo<\/strong>, como persona, dej\u00e1ndome ser yo mismo.<\/p>\n<p style=\"text-align: justify;\">Comprender a alguien es <strong>ayudarle a descubrir, a sentir y vivir con plenitud su identidad,<\/strong> el hecho de ser diferente y valorarse por ello.<\/p>\n<p style=\"text-align: justify;\">Comprenderme a mi mismo es asumir la realidad de mi existencia, \u00fanica e irrepetible, conferir unidad a mi propia vida, darle un sentido y orientarla hacia una meta, pero desde <strong>la individualidad que me permite ser \u00abyo\u00bb y acceden al sancta sanctorum de mi mismidad<\/strong>.<\/p>\n<h5 style=\"text-align: justify;\"><strong>La comprensi\u00f3n y el altruismo<\/strong><\/h5>\n<blockquote>\n<p style=\"text-align: justify;\"><em>\u201cSi pudi\u00e9ramos leer la historia secreta de nuestros enemigos, hallar\u00edamos en sus vidas penas y sufrimientos suficientes para desarmar toda nuestra hostilidad.\u201d (H. W. L.)<\/em><\/p>\n<\/blockquote>\n<p style=\"text-align: justify;\"><strong>El altruismo forma panela con la solidaridad<\/strong>, es su hermano gemelo. Son ramilletes que arrancan unidos del tronco com\u00fan de la comprensi\u00f3n, desde donde parten todas las conductas de hermandad.<\/p>\n<p style=\"text-align: justify;\">El altruismo es <strong>determinaci\u00f3n firme y perseverante <\/strong>de empe\u00f1arse por el bien com\u00fan en general y de las personas m\u00e1s cercanas a nosotros en particular.<\/p>\n<p style=\"text-align: justify;\">El altruismo, que para los cristianos es la caridad, al fundir en un acto amoroso el amor a Dios y a todos los seres creados, es estilo de vida, <strong>permanente actitud de servicio de toda persona<\/strong>, sea cual fuere su patria, religi\u00f3n, condici\u00f3n o raza, que ha encontrado verdadero significado y sentido a su existencia en ser \u00fatil a los dem\u00e1s.<\/p>\n<p style=\"text-align: justify;\">La comprensi\u00f3n de las carencias, miserias y sufrimientos nos lleva en un primer momento a sentirnos <strong>solidarios para hacer realidad de inmediato las acciones concretas de altruismo <\/strong>que ayudan a mejorar la calidad de vida de los m\u00e1s necesitados y menesterosos.<\/p>\n<p style=\"text-align: justify;\"><strong>La comprensi\u00f3n, el respeto y la dialogicidad<\/strong><\/p>\n<p style=\"text-align: justify;\"><strong>El respeto mutuo<\/strong> proviene del <strong>reconocimiento de la igualdad fundamental<\/strong> entre todos los seres humanos. El respeto, por tanto, es un deber, pero adem\u00e1s es una necesidad, es un valor ya que <strong>nadie tiene el monopolio de la verdad ni de la raz\u00f3n, <\/strong>y mucho menos un grado mayor de humanidad que le d\u00e9 derecho a sentirse superior a los dem\u00e1s.<\/p>\n<p style=\"text-align: justify;\"><strong>El respeto nos recuerda a todos que somos iguales, aunque diferentes<\/strong>, pero nunca m\u00e1s o menos que los dem\u00e1s. Pero, como acabamos de afirmar, el respeto es un <strong>valor humano necesario del que dependen valores <\/strong>como la libertad, la creatividad, la originalidad, la dialogicidad&#8230;<\/p>\n<p style=\"text-align: justify;\">S\u00f3lo es posible contrastar opiniones (dialogar), permitiendo que cada cual se exprese y obre libremente (libertad). El respeto permite a los dem\u00e1s <strong>proyectar su propia existencia como individuos irrepetibles<\/strong>, ser ellos mismos y decidir sobre su persona y sus actos (creatividad, originalidad) y que vivan sus vidas como b\u00fasqueda constante de encuentros humanos enriquecedores (actitudes dialogantes).<\/p>\n<h5 style=\"text-align: justify;\"><strong>Comprensi\u00f3n y madurez ps\u00edquica<\/strong><\/h5>\n<blockquote>\n<p style=\"text-align: justify;\"><em>\u201cQuien no comprende una mirada, tampoco comprender\u00e1 una larga explicaci\u00f3n.\u201d (Prov. \u00c1rabe)<\/em><\/p>\n<\/blockquote>\n<p style=\"text-align: justify;\">Acabamos de ver que comprender, por encima de todo, es <strong>respetar y aceptar la individualidad y originalidad de los dem\u00e1s<\/strong>, y \u00e9sta es una de las principales caracter\u00edsticas de la persona con higiene mental y madurez ps\u00edquica. Es el \u00abno juzgu\u00e9is y no ser\u00e9is juzgados\u201d del Evangelio.<\/p>\n<p style=\"text-align: justify;\"><strong>La comprensi\u00f3n es el valor dominante en todo sujeto con salud mental excelente<\/strong>, que se siente satisfecho como ciudadano del mundo, vive en paz consigo mismo y con los dem\u00e1s y no tiene el menor inter\u00e9s en juzgar y condenar al pr\u00f3jimo.<\/p>\n<p style=\"text-align: justify;\"><strong>La comprensi\u00f3n favorece el paso de un pensamiento dicot\u00f3mico<\/strong>, que tiende compulsivamente a clasificar a las personas de forma r\u00edgida en buenos y malos, listos y tontos, sin admitir t\u00e9rminos medios ni matices, <strong>a un pensamiento totalizador universal,<\/strong> de un mundo completo en el que caben todos los seres humanos por igual y sin distinci\u00f3n. A este pensamiento totalizador, caracter\u00edstico de la madurez ps\u00edquica que nos hermana e implica a todos los hombres, se accede por la v\u00eda de la comprensi\u00f3n-amor.<\/p>\n<h5 style=\"text-align: justify;\"><strong>Fin del primer volumen<\/strong>.<\/h5>\n<p style=\"text-align: justify;\">Por motivos \u00fanicamente educativos y de formaci\u00f3n permanente compartimos esta publicaci\u00f3n. En las redes puede Usted encontrar enlaces que ofrecen descargas PDF (gratuitas) de esta obra del profesor Tierno. Nuestra Fuente es:\u00a0 <a href=\"https:\/\/docplayer.es\/1858254-Bernabe-tierno-valores-humanos.html\" target=\"_blank\" rel=\"noopener\"><strong>VALORES HUMANOS (<\/strong>p\u00e1g. 98-103).<\/a><\/p>\n<p style=\"text-align: justify;\">Dejamos constancia, que nos hemos permitido intercalar enlaces relevantes y un video relacionado, as\u00ed como indicar que las letras en negritas y cursivas, son nuestras. Con este recurso <strong>deseamos escuchar al profesor Tierno,<\/strong> y sobre todo reflexionar con quien nos sugiere que <em>\u201cuna lectura sosegada que facilite tu aprendizaje hacia el equilibrio psicof\u00edsico y hacia una profunda paz interior, de la que te sentir\u00e1s cada vez m\u00e1s pleno, a medida que te adentres en sus p\u00e1ginas. Toda la obra pretende ayudarte a saber vivir y a ser feliz\u201d<\/em><\/p>\n<p style=\"text-align: justify;\">Esta publicaci\u00f3n pertenece a la <a href=\"https:\/\/webdelmaestrocmf.com\/portal\/serie-sobre-los-valores-la-educacion-y-la-docencia\/?fbclid=IwAR06S4xurdfk1lcSbHMyJfqhy9Vw78z2g1lceJDz61Kl71UgS6eqv3i1olE\" target=\"_blank\" rel=\"noopener\"><strong>SERIE SOBRE LOS VALORES, LA EDUCACION Y LA DOCENCIA<\/strong><\/a><\/p>\n<p style=\"text-align: center;\"><em>\u201cDeja la mejor y m\u00e1s profunda huella en la mente y el coraz\u00f3n de los dem\u00e1s.\u201d<\/em><\/p>\n<p style=\"text-align: justify;\"><strong>NOTA DE REDACCI\u00d3N:<\/strong> La Web del Maestro CMF publica los textos originales de su autor, no necesariamente coincide con lo expuesto en el tema, y no se hace responsable de las opiniones expresadas. Sugerimos a nuestros lectores conocer la identidad de la fuente o de su autor, para tener mayores elementos de juicio y la pertinencia a su realidad educativa.<\/p>\n<p style=\"text-align: right;\"><strong>REDACCI\u00d3N WEB DEL MAESTRO CMF<\/strong><\/p>\n\t\t<div class=\"pk-inline-posts\">\n\t\t\t\n\t\t\t<div class=\"pk-inline-posts-container pk-inline-posts-template-list\"\n\t\t\t\tdata-columns=\"1\">\n\t\t\t\t\t\t<article id=\"post-91223\" class=\"post-91223 post type-post status-publish format-standard has-post-thumbnail category-valores tag-autoestima tag-bernabe-tierno tag-complacencia tag-condescendencia tag-egoismo tag-felicidad tag-generosidad tag-libertad tag-odio tag-paz-interior tag-respeto tag-valores cs-entry cs-video-wrap\">\n\t\t\t<div class=\"pk-post-outer\">\n\n\t\t\t\t\t\t\t\t<div class=\"pk-post-inner\">\n\t\t\t\t\t<div class=\"entry-thumbnail\">\n\t\t\t\t\t\t<div class=\"pk-overlay pk-overlay-ratio pk-ratio-landscape\">\n\t\t\t\t\t\t\t<div class=\"pk-overlay-background\">\n\t\t\t\t\t\t\t\t<a href=\"https:\/\/webdelmaestrocmf.com\/portal\/bernabe-tierno-por-que-nos-costara-tanto-ir-por-la-vida-siendo-respetuosos-complacientes-generosos-simpaticos-bondadosos-y-condescendientes\/\" class=\"pk-overlay-link\">\n\t\t\t\t\t\t\t\t\t<img loading=\"lazy\" decoding=\"async\" width=\"300\" height=\"225\" src=\"https:\/\/webdelmaestrocmf.com\/portal\/wp-content\/uploads\/2023\/08\/Banner-1-portada-imagen-10-1-9-300x225.jpg\" class=\"attachment-pk-thumbnail size-pk-thumbnail wp-post-image\" alt=\"\" \/>\t\t\t\t\t\t\t\t<\/a>\n\t\t\t\t\t\t\t<\/div>\n\t\t\t\t\t\t<\/div>\n\t\t\t\t\t<\/div>\n\t\t\t\t<\/div>\n\t\t\t\t\n\t\t\t\t<div class=\"pk-post-inner\">\n\t\t\t\t\t<header>\n\t\t\t\t\t\t<h3 class=\"pk-title\"><a href=\"https:\/\/webdelmaestrocmf.com\/portal\/bernabe-tierno-por-que-nos-costara-tanto-ir-por-la-vida-siendo-respetuosos-complacientes-generosos-simpaticos-bondadosos-y-condescendientes\/\" rel=\"bookmark\">Bernab\u00e9 Tierno: \u00bfPor qu\u00e9 nos costar\u00e1 tanto ir por la vida siendo respetuosos, complacientes, generosos, simp\u00e1ticos, bondadosos y condescendientes?<\/a><\/h3>\t\t\t\t\t<\/header><!-- .entry-header -->\n\t\t\t\t<\/div><!-- .post-inner -->\n\n\t\t\t<\/div><!-- .post-outer -->\n\t\t<\/article>\n\t\t\t<article id=\"post-90933\" class=\"post-90933 post type-post status-publish format-standard has-post-thumbnail category-valores tag-actitud tag-amistad tag-amor tag-ayuda tag-bernabe-tierno tag-compasion tag-comunicacion tag-enric-benito tag-generosidad tag-sabiduria tag-solidaridad tag-ternura tag-valores tag-video cs-entry cs-video-wrap\">\n\t\t\t<div class=\"pk-post-outer\">\n\n\t\t\t\t\t\t\t\t<div class=\"pk-post-inner\">\n\t\t\t\t\t<div class=\"entry-thumbnail\">\n\t\t\t\t\t\t<div class=\"pk-overlay pk-overlay-ratio pk-ratio-landscape\">\n\t\t\t\t\t\t\t<div class=\"pk-overlay-background\">\n\t\t\t\t\t\t\t\t<a href=\"https:\/\/webdelmaestrocmf.com\/portal\/bernabe-tierno-educar-para-la-compasion-como-asignatura-del-amor-solidaridad-y-confraternidad\/\" class=\"pk-overlay-link\">\n\t\t\t\t\t\t\t\t\t<img loading=\"lazy\" decoding=\"async\" width=\"300\" height=\"225\" src=\"https:\/\/webdelmaestrocmf.com\/portal\/wp-content\/uploads\/2023\/07\/A12B3C4D-41-300x225.jpg\" class=\"attachment-pk-thumbnail size-pk-thumbnail wp-post-image\" alt=\"\" \/>\t\t\t\t\t\t\t\t<\/a>\n\t\t\t\t\t\t\t<\/div>\n\t\t\t\t\t\t<\/div>\n\t\t\t\t\t<\/div>\n\t\t\t\t<\/div>\n\t\t\t\t\n\t\t\t\t<div class=\"pk-post-inner\">\n\t\t\t\t\t<header>\n\t\t\t\t\t\t<h3 class=\"pk-title\"><a href=\"https:\/\/webdelmaestrocmf.com\/portal\/bernabe-tierno-educar-para-la-compasion-como-asignatura-del-amor-solidaridad-y-confraternidad\/\" rel=\"bookmark\">Bernab\u00e9 Tierno: Educar para la compasi\u00f3n como asignatura del amor, solidaridad y confraternidad<\/a><\/h3>\t\t\t\t\t<\/header><!-- .entry-header -->\n\t\t\t\t<\/div><!-- .post-inner -->\n\n\t\t\t<\/div><!-- .post-outer -->\n\t\t<\/article>\n\t\t\t<article id=\"post-80966\" class=\"post-80966 post type-post status-publish format-standard has-post-thumbnail category-valores tag-bernabe-tierno tag-enfado tag-impiden tag-mesurados tag-nerviosismo tag-objetivos tag-razonables tag-ser cs-entry cs-video-wrap\">\n\t\t\t<div class=\"pk-post-outer\">\n\n\t\t\t\t\t\t\t\t<div class=\"pk-post-inner\">\n\t\t\t\t\t<div class=\"entry-thumbnail\">\n\t\t\t\t\t\t<div class=\"pk-overlay pk-overlay-ratio pk-ratio-landscape\">\n\t\t\t\t\t\t\t<div class=\"pk-overlay-background\">\n\t\t\t\t\t\t\t\t<a href=\"https:\/\/webdelmaestrocmf.com\/portal\/bernabe-tierno-el-enfado-y-el-nerviosismo-nos-impiden-ser-razonables-mesurados-objetivos-y-pensar-con-claridad\/\" class=\"pk-overlay-link\">\n\t\t\t\t\t\t\t\t\t<img loading=\"lazy\" decoding=\"async\" width=\"300\" height=\"225\" src=\"https:\/\/webdelmaestrocmf.com\/portal\/wp-content\/uploads\/2022\/10\/1-22-300x225.jpg\" class=\"attachment-pk-thumbnail size-pk-thumbnail wp-post-image\" alt=\"\" \/>\t\t\t\t\t\t\t\t<\/a>\n\t\t\t\t\t\t\t<\/div>\n\t\t\t\t\t\t<\/div>\n\t\t\t\t\t<\/div>\n\t\t\t\t<\/div>\n\t\t\t\t\n\t\t\t\t<div class=\"pk-post-inner\">\n\t\t\t\t\t<header>\n\t\t\t\t\t\t<h3 class=\"pk-title\"><a href=\"https:\/\/webdelmaestrocmf.com\/portal\/bernabe-tierno-el-enfado-y-el-nerviosismo-nos-impiden-ser-razonables-mesurados-objetivos-y-pensar-con-claridad\/\" rel=\"bookmark\">Bernab\u00e9 Tierno: El enfado y el nerviosismo nos impiden ser razonables, mesurados, objetivos y pensar con claridad<\/a><\/h3>\t\t\t\t\t<\/header><!-- .entry-header -->\n\t\t\t\t<\/div><!-- .post-inner -->\n\n\t\t\t<\/div><!-- .post-outer -->\n\t\t<\/article>\n\t\t\t\t<\/div>\n\t\t<\/div>\n\t\t\n","protected":false},"excerpt":{"rendered":"\u201cSi es cierto que en cada amigo hay un enemigo potencial, \u00bfpor qu\u00e9 no puede ser que cada&hellip;","protected":false},"author":1,"featured_media":96618,"comment_status":"open","ping_status":"closed","sticky":false,"template":"","format":"standard","meta":{"csco_display_header_overlay":false,"csco_singular_sidebar":"","csco_page_header_type":"","csco_page_load_nextpost":"","csco_post_video_location":[],"csco_post_video_location_hash":"","csco_post_video_url":"","csco_post_video_bg_start_time":0,"csco_post_video_bg_end_time":0,"csco_post_video_bg_volume":false,"_jetpack_memberships_contains_paid_content":false,"footnotes":""},"categories":[6194],"tags":[6082,4580,175,22005,3380,6478,544,22004,22006,16947,1345,1452,3996,1576,977,5076,1014,1284],"class_list":{"0":"post-96617","1":"post","2":"type-post","3":"status-publish","4":"format-standard","5":"has-post-thumbnail","7":"category-valores","8":"tag-altruismo","9":"tag-amabilidad","10":"tag-amor","11":"tag-autocomprension","12":"tag-bernabe-tierno","13":"tag-compasion","14":"tag-comprension","15":"tag-confiar","16":"tag-dialogicidad","17":"tag-individualidad","18":"tag-misericordia","19":"tag-paz","20":"tag-perdon","21":"tag-respeto","22":"tag-solidaridad","23":"tag-tolerancia","24":"tag-valores","25":"tag-video","26":"cs-entry","27":"cs-video-wrap"},"yoast_head":"<!-- This site is optimized with the Yoast SEO plugin v27.5 - https:\/\/yoast.com\/product\/yoast-seo-wordpress\/ -->\n<title>Bernab\u00e9 Tierno: Comprendo a m\u00ed pr\u00f3jimo cuando soy capaz de meterme bajo su piel - 2026<\/title>\n<meta name=\"description\" content=\"\u201cSi es cierto que en cada amigo hay un enemigo potencial, \u00bfpor qu\u00e9 no puede ser que cada enemigo oculte un amigo que...\" \/>\n<meta name=\"robots\" content=\"index, follow, max-snippet:-1, max-image-preview:large, max-video-preview:-1\" \/>\n<link rel=\"canonical\" href=\"https:\/\/webdelmaestrocmf.com\/portal\/bernabe-tierno-comprendo-a-mi-projimo-cuando-soy-capaz-de-meterme-bajo-su-piel\/\" \/>\n<meta property=\"og:locale\" content=\"es_ES\" \/>\n<meta property=\"og:type\" content=\"article\" \/>\n<meta property=\"og:title\" content=\"Bernab\u00e9 Tierno: Comprendo a m\u00ed pr\u00f3jimo cuando soy capaz de meterme bajo su piel - 2026\" \/>\n<meta property=\"og:description\" content=\"\u201cSi es cierto que en cada amigo hay un enemigo potencial, \u00bfpor qu\u00e9 no puede ser que cada enemigo oculte un amigo que...\" \/>\n<meta property=\"og:url\" content=\"https:\/\/webdelmaestrocmf.com\/portal\/bernabe-tierno-comprendo-a-mi-projimo-cuando-soy-capaz-de-meterme-bajo-su-piel\/\" \/>\n<meta property=\"og:site_name\" content=\"Web del Maestro CMF\" \/>\n<meta property=\"article:publisher\" content=\"https:\/\/www.facebook.com\/WebdelMaestroCMF\/\" \/>\n<meta property=\"article:author\" content=\"https:\/\/www.facebook.com\/WebdelMaestroCMF\/\" \/>\n<meta property=\"article:published_time\" content=\"2023-10-05T02:14:04+00:00\" \/>\n<meta property=\"article:modified_time\" content=\"2023-10-05T02:21:26+00:00\" \/>\n<meta property=\"og:image\" content=\"https:\/\/i0.wp.com\/webdelmaestrocmf.com\/portal\/wp-content\/uploads\/2023\/10\/A12B3C4D-14.jpg?fit=900%2C556&ssl=1\" \/>\n\t<meta property=\"og:image:width\" content=\"900\" \/>\n\t<meta property=\"og:image:height\" content=\"556\" \/>\n\t<meta property=\"og:image:type\" content=\"image\/jpeg\" \/>\n<meta name=\"author\" content=\"Web del Maestro CMF\" \/>\n<meta name=\"twitter:card\" content=\"summary_large_image\" \/>\n<meta name=\"twitter:creator\" content=\"@cmf_w\" \/>\n<meta name=\"twitter:site\" content=\"@cmf_w\" \/>\n<script type=\"application\/ld+json\" class=\"yoast-schema-graph\">{\"@context\":\"https:\\\/\\\/schema.org\",\"@graph\":[{\"@type\":\"ScholarlyArticle\",\"@id\":\"https:\\\/\\\/webdelmaestrocmf.com\\\/portal\\\/bernabe-tierno-comprendo-a-mi-projimo-cuando-soy-capaz-de-meterme-bajo-su-piel\\\/#article\",\"isPartOf\":{\"@id\":\"https:\\\/\\\/webdelmaestrocmf.com\\\/portal\\\/bernabe-tierno-comprendo-a-mi-projimo-cuando-soy-capaz-de-meterme-bajo-su-piel\\\/\"},\"author\":{\"name\":\"Web del Maestro CMF\",\"@id\":\"https:\\\/\\\/webdelmaestrocmf.com\\\/portal\\\/#\\\/schema\\\/person\\\/1072a2ed7bd960df8ef99a551fa35dc5\"},\"headline\":\"Bernab\u00e9 Tierno: Comprendo a m\u00ed pr\u00f3jimo cuando soy capaz de meterme bajo su piel\",\"datePublished\":\"2023-10-05T02:14:04+00:00\",\"dateModified\":\"2023-10-05T02:21:26+00:00\",\"mainEntityOfPage\":{\"@id\":\"https:\\\/\\\/webdelmaestrocmf.com\\\/portal\\\/bernabe-tierno-comprendo-a-mi-projimo-cuando-soy-capaz-de-meterme-bajo-su-piel\\\/\"},\"wordCount\":3993,\"commentCount\":0,\"publisher\":{\"@id\":\"https:\\\/\\\/webdelmaestrocmf.com\\\/portal\\\/#organization\"},\"image\":{\"@id\":\"https:\\\/\\\/webdelmaestrocmf.com\\\/portal\\\/bernabe-tierno-comprendo-a-mi-projimo-cuando-soy-capaz-de-meterme-bajo-su-piel\\\/#primaryimage\"},\"thumbnailUrl\":\"https:\\\/\\\/webdelmaestrocmf.com\\\/portal\\\/wp-content\\\/uploads\\\/2023\\\/10\\\/A12B3C4D-14.jpg\",\"keywords\":[\"ALTRUISMO\",\"amabilidad\",\"Amor\",\"Autocomprensi\u00f3n\",\"BERNAB\u00c9 TIERNO\",\"COMPASI\u00d3N\",\"comprensi\u00f3n\",\"Confiar\",\"Dialogicidad\",\"individualidad\",\"misericordia\",\"PAZ\",\"PERD\u00d3N\",\"RESPETO\",\"solidaridad\",\"tolerancia\",\"valores\",\"video\"],\"articleSection\":[\"Valores\"],\"inLanguage\":\"es\",\"potentialAction\":[{\"@type\":\"CommentAction\",\"name\":\"Comment\",\"target\":[\"https:\\\/\\\/webdelmaestrocmf.com\\\/portal\\\/bernabe-tierno-comprendo-a-mi-projimo-cuando-soy-capaz-de-meterme-bajo-su-piel\\\/#respond\"]}]},{\"@type\":\"WebPage\",\"@id\":\"https:\\\/\\\/webdelmaestrocmf.com\\\/portal\\\/bernabe-tierno-comprendo-a-mi-projimo-cuando-soy-capaz-de-meterme-bajo-su-piel\\\/\",\"url\":\"https:\\\/\\\/webdelmaestrocmf.com\\\/portal\\\/bernabe-tierno-comprendo-a-mi-projimo-cuando-soy-capaz-de-meterme-bajo-su-piel\\\/\",\"name\":\"Bernab\u00e9 Tierno: Comprendo a m\u00ed pr\u00f3jimo cuando soy capaz de meterme bajo su piel - 2026\",\"isPartOf\":{\"@id\":\"https:\\\/\\\/webdelmaestrocmf.com\\\/portal\\\/#website\"},\"primaryImageOfPage\":{\"@id\":\"https:\\\/\\\/webdelmaestrocmf.com\\\/portal\\\/bernabe-tierno-comprendo-a-mi-projimo-cuando-soy-capaz-de-meterme-bajo-su-piel\\\/#primaryimage\"},\"image\":{\"@id\":\"https:\\\/\\\/webdelmaestrocmf.com\\\/portal\\\/bernabe-tierno-comprendo-a-mi-projimo-cuando-soy-capaz-de-meterme-bajo-su-piel\\\/#primaryimage\"},\"thumbnailUrl\":\"https:\\\/\\\/webdelmaestrocmf.com\\\/portal\\\/wp-content\\\/uploads\\\/2023\\\/10\\\/A12B3C4D-14.jpg\",\"datePublished\":\"2023-10-05T02:14:04+00:00\",\"dateModified\":\"2023-10-05T02:21:26+00:00\",\"description\":\"\u201cSi es cierto que en cada amigo hay un enemigo potencial, \u00bfpor qu\u00e9 no puede ser que cada enemigo oculte un amigo que...\",\"breadcrumb\":{\"@id\":\"https:\\\/\\\/webdelmaestrocmf.com\\\/portal\\\/bernabe-tierno-comprendo-a-mi-projimo-cuando-soy-capaz-de-meterme-bajo-su-piel\\\/#breadcrumb\"},\"inLanguage\":\"es\",\"potentialAction\":[{\"@type\":\"ReadAction\",\"target\":[\"https:\\\/\\\/webdelmaestrocmf.com\\\/portal\\\/bernabe-tierno-comprendo-a-mi-projimo-cuando-soy-capaz-de-meterme-bajo-su-piel\\\/\"]}]},{\"@type\":\"ImageObject\",\"inLanguage\":\"es\",\"@id\":\"https:\\\/\\\/webdelmaestrocmf.com\\\/portal\\\/bernabe-tierno-comprendo-a-mi-projimo-cuando-soy-capaz-de-meterme-bajo-su-piel\\\/#primaryimage\",\"url\":\"https:\\\/\\\/webdelmaestrocmf.com\\\/portal\\\/wp-content\\\/uploads\\\/2023\\\/10\\\/A12B3C4D-14.jpg\",\"contentUrl\":\"https:\\\/\\\/webdelmaestrocmf.com\\\/portal\\\/wp-content\\\/uploads\\\/2023\\\/10\\\/A12B3C4D-14.jpg\",\"width\":900,\"height\":556,\"caption\":\"pr\u00f3jimo\"},{\"@type\":\"BreadcrumbList\",\"@id\":\"https:\\\/\\\/webdelmaestrocmf.com\\\/portal\\\/bernabe-tierno-comprendo-a-mi-projimo-cuando-soy-capaz-de-meterme-bajo-su-piel\\\/#breadcrumb\",\"itemListElement\":[{\"@type\":\"ListItem\",\"position\":1,\"name\":\"Portada\",\"item\":\"https:\\\/\\\/webdelmaestrocmf.com\\\/portal\\\/\"},{\"@type\":\"ListItem\",\"position\":2,\"name\":\"Recursos\",\"item\":\"https:\\\/\\\/webdelmaestrocmf.com\\\/portal\\\/category\\\/pedagogia\\\/\"},{\"@type\":\"ListItem\",\"position\":3,\"name\":\"Valores\",\"item\":\"https:\\\/\\\/webdelmaestrocmf.com\\\/portal\\\/category\\\/pedagogia\\\/valores\\\/\"},{\"@type\":\"ListItem\",\"position\":4,\"name\":\"Bernab\u00e9 Tierno: Comprendo a m\u00ed pr\u00f3jimo cuando soy capaz de meterme bajo su piel\"}]},{\"@type\":\"WebSite\",\"@id\":\"https:\\\/\\\/webdelmaestrocmf.com\\\/portal\\\/#website\",\"url\":\"https:\\\/\\\/webdelmaestrocmf.com\\\/portal\\\/\",\"name\":\"Web del Maestro CMF\",\"description\":\"Maestros al servicio de la educaci\u00f3n\",\"publisher\":{\"@id\":\"https:\\\/\\\/webdelmaestrocmf.com\\\/portal\\\/#organization\"},\"alternateName\":\"WMCMF\",\"potentialAction\":[{\"@type\":\"SearchAction\",\"target\":{\"@type\":\"EntryPoint\",\"urlTemplate\":\"https:\\\/\\\/webdelmaestrocmf.com\\\/portal\\\/?s={search_term_string}\"},\"query-input\":{\"@type\":\"PropertyValueSpecification\",\"valueRequired\":true,\"valueName\":\"search_term_string\"}}],\"inLanguage\":\"es\"},{\"@type\":\"Organization\",\"@id\":\"https:\\\/\\\/webdelmaestrocmf.com\\\/portal\\\/#organization\",\"name\":\"Web del Maestro CMF\",\"alternateName\":\"WMCMF\",\"url\":\"https:\\\/\\\/webdelmaestrocmf.com\\\/portal\\\/\",\"logo\":{\"@type\":\"ImageObject\",\"inLanguage\":\"es\",\"@id\":\"https:\\\/\\\/webdelmaestrocmf.com\\\/portal\\\/#\\\/schema\\\/logo\\\/image\\\/\",\"url\":\"https:\\\/\\\/webdelmaestrocmf.com\\\/portal\\\/wp-content\\\/uploads\\\/2023\\\/01\\\/logo-wmcmf-2.png\",\"contentUrl\":\"https:\\\/\\\/webdelmaestrocmf.com\\\/portal\\\/wp-content\\\/uploads\\\/2023\\\/01\\\/logo-wmcmf-2.png\",\"width\":200,\"height\":60,\"caption\":\"Web del Maestro CMF\"},\"image\":{\"@id\":\"https:\\\/\\\/webdelmaestrocmf.com\\\/portal\\\/#\\\/schema\\\/logo\\\/image\\\/\"},\"sameAs\":[\"https:\\\/\\\/www.facebook.com\\\/WebdelMaestroCMF\\\/\",\"https:\\\/\\\/x.com\\\/cmf_w\",\"https:\\\/\\\/www.pinterest.com\\\/WMCMF\\\/\",\"https:\\\/\\\/www.linkedin.com\\\/company\\\/web-del-maestro-cmf\\\/\",\"https:\\\/\\\/www.instagram.com\\\/wmcmf\\\/\",\"https:\\\/\\\/www.youtube.com\\\/channel\\\/UCDPSvjbdodE5sHnC3OxutHw\",\"https:\\\/\\\/mastodon.social\\\/@wmcmf\",\"https:\\\/\\\/www.tiktok.com\\\/@webdelmaestrocmf\"]},{\"@type\":\"Person\",\"@id\":\"https:\\\/\\\/webdelmaestrocmf.com\\\/portal\\\/#\\\/schema\\\/person\\\/1072a2ed7bd960df8ef99a551fa35dc5\",\"name\":\"Web del Maestro CMF\",\"image\":{\"@type\":\"ImageObject\",\"inLanguage\":\"es\",\"@id\":\"https:\\\/\\\/secure.gravatar.com\\\/avatar\\\/23291dd5b5ae1077dcff3dbb04c3e02bd28403fa75af6d8787d5e97c5bbbe30b?s=96&d=mm&r=g\",\"url\":\"https:\\\/\\\/secure.gravatar.com\\\/avatar\\\/23291dd5b5ae1077dcff3dbb04c3e02bd28403fa75af6d8787d5e97c5bbbe30b?s=96&d=mm&r=g\",\"contentUrl\":\"https:\\\/\\\/secure.gravatar.com\\\/avatar\\\/23291dd5b5ae1077dcff3dbb04c3e02bd28403fa75af6d8787d5e97c5bbbe30b?s=96&d=mm&r=g\",\"caption\":\"Web del Maestro CMF\"},\"description\":\"Esta Web se cre\u00f3 sin fines de lucro, con fines educativos, cient\u00edficos y acad\u00e9micos, para personas que tengan dificultades y\\\/o inconvenientes en visualizar el material original. El objetivo es entregar recursos, compartir experiencias y materiales que ayuden a los padres de familia, maestros y estudiantes en su actualizaci\u00f3n y formaci\u00f3n permanente, en bien de la Educaci\u00f3n.\",\"sameAs\":[\"http:\\\/\\\/webdelmaestrocmf.com\\\/portal\",\"https:\\\/\\\/www.facebook.com\\\/WebdelMaestroCMF\\\/\",\"https:\\\/\\\/www.instagram.com\\\/wmcmf\\\/\",\"https:\\\/\\\/cl.linkedin.com\\\/company\\\/web-del-maestro-cmf\",\"https:\\\/\\\/www.pinterest.com\\\/WMCMF\\\/publicaciones\\\/\",\"https:\\\/\\\/x.com\\\/cmf_w\",\"https:\\\/\\\/www.youtube.com\\\/@WMCMF\"]}]}<\/script>\n<!-- \/ Yoast SEO plugin. -->","yoast_head_json":{"title":"Bernab\u00e9 Tierno: Comprendo a m\u00ed pr\u00f3jimo cuando soy capaz de meterme bajo su piel - 2026","description":"\u201cSi es cierto que en cada amigo hay un enemigo potencial, \u00bfpor qu\u00e9 no puede ser que cada enemigo oculte un amigo que...","robots":{"index":"index","follow":"follow","max-snippet":"max-snippet:-1","max-image-preview":"max-image-preview:large","max-video-preview":"max-video-preview:-1"},"canonical":"https:\/\/webdelmaestrocmf.com\/portal\/bernabe-tierno-comprendo-a-mi-projimo-cuando-soy-capaz-de-meterme-bajo-su-piel\/","og_locale":"es_ES","og_type":"article","og_title":"Bernab\u00e9 Tierno: Comprendo a m\u00ed pr\u00f3jimo cuando soy capaz de meterme bajo su piel - 2026","og_description":"\u201cSi es cierto que en cada amigo hay un enemigo potencial, \u00bfpor qu\u00e9 no puede ser que cada enemigo oculte un amigo que...","og_url":"https:\/\/webdelmaestrocmf.com\/portal\/bernabe-tierno-comprendo-a-mi-projimo-cuando-soy-capaz-de-meterme-bajo-su-piel\/","og_site_name":"Web del Maestro CMF","article_publisher":"https:\/\/www.facebook.com\/WebdelMaestroCMF\/","article_author":"https:\/\/www.facebook.com\/WebdelMaestroCMF\/","article_published_time":"2023-10-05T02:14:04+00:00","article_modified_time":"2023-10-05T02:21:26+00:00","og_image":[{"width":900,"height":556,"url":"https:\/\/i0.wp.com\/webdelmaestrocmf.com\/portal\/wp-content\/uploads\/2023\/10\/A12B3C4D-14.jpg?fit=900%2C556&ssl=1","type":"image\/jpeg"}],"author":"Web del Maestro CMF","twitter_card":"summary_large_image","twitter_creator":"@cmf_w","twitter_site":"@cmf_w","schema":{"@context":"https:\/\/schema.org","@graph":[{"@type":"ScholarlyArticle","@id":"https:\/\/webdelmaestrocmf.com\/portal\/bernabe-tierno-comprendo-a-mi-projimo-cuando-soy-capaz-de-meterme-bajo-su-piel\/#article","isPartOf":{"@id":"https:\/\/webdelmaestrocmf.com\/portal\/bernabe-tierno-comprendo-a-mi-projimo-cuando-soy-capaz-de-meterme-bajo-su-piel\/"},"author":{"name":"Web del Maestro CMF","@id":"https:\/\/webdelmaestrocmf.com\/portal\/#\/schema\/person\/1072a2ed7bd960df8ef99a551fa35dc5"},"headline":"Bernab\u00e9 Tierno: Comprendo a m\u00ed pr\u00f3jimo cuando soy capaz de meterme bajo su piel","datePublished":"2023-10-05T02:14:04+00:00","dateModified":"2023-10-05T02:21:26+00:00","mainEntityOfPage":{"@id":"https:\/\/webdelmaestrocmf.com\/portal\/bernabe-tierno-comprendo-a-mi-projimo-cuando-soy-capaz-de-meterme-bajo-su-piel\/"},"wordCount":3993,"commentCount":0,"publisher":{"@id":"https:\/\/webdelmaestrocmf.com\/portal\/#organization"},"image":{"@id":"https:\/\/webdelmaestrocmf.com\/portal\/bernabe-tierno-comprendo-a-mi-projimo-cuando-soy-capaz-de-meterme-bajo-su-piel\/#primaryimage"},"thumbnailUrl":"https:\/\/webdelmaestrocmf.com\/portal\/wp-content\/uploads\/2023\/10\/A12B3C4D-14.jpg","keywords":["ALTRUISMO","amabilidad","Amor","Autocomprensi\u00f3n","BERNAB\u00c9 TIERNO","COMPASI\u00d3N","comprensi\u00f3n","Confiar","Dialogicidad","individualidad","misericordia","PAZ","PERD\u00d3N","RESPETO","solidaridad","tolerancia","valores","video"],"articleSection":["Valores"],"inLanguage":"es","potentialAction":[{"@type":"CommentAction","name":"Comment","target":["https:\/\/webdelmaestrocmf.com\/portal\/bernabe-tierno-comprendo-a-mi-projimo-cuando-soy-capaz-de-meterme-bajo-su-piel\/#respond"]}]},{"@type":"WebPage","@id":"https:\/\/webdelmaestrocmf.com\/portal\/bernabe-tierno-comprendo-a-mi-projimo-cuando-soy-capaz-de-meterme-bajo-su-piel\/","url":"https:\/\/webdelmaestrocmf.com\/portal\/bernabe-tierno-comprendo-a-mi-projimo-cuando-soy-capaz-de-meterme-bajo-su-piel\/","name":"Bernab\u00e9 Tierno: Comprendo a m\u00ed pr\u00f3jimo cuando soy capaz de meterme bajo su piel - 2026","isPartOf":{"@id":"https:\/\/webdelmaestrocmf.com\/portal\/#website"},"primaryImageOfPage":{"@id":"https:\/\/webdelmaestrocmf.com\/portal\/bernabe-tierno-comprendo-a-mi-projimo-cuando-soy-capaz-de-meterme-bajo-su-piel\/#primaryimage"},"image":{"@id":"https:\/\/webdelmaestrocmf.com\/portal\/bernabe-tierno-comprendo-a-mi-projimo-cuando-soy-capaz-de-meterme-bajo-su-piel\/#primaryimage"},"thumbnailUrl":"https:\/\/webdelmaestrocmf.com\/portal\/wp-content\/uploads\/2023\/10\/A12B3C4D-14.jpg","datePublished":"2023-10-05T02:14:04+00:00","dateModified":"2023-10-05T02:21:26+00:00","description":"\u201cSi es cierto que en cada amigo hay un enemigo potencial, \u00bfpor qu\u00e9 no puede ser que cada enemigo oculte un amigo que...","breadcrumb":{"@id":"https:\/\/webdelmaestrocmf.com\/portal\/bernabe-tierno-comprendo-a-mi-projimo-cuando-soy-capaz-de-meterme-bajo-su-piel\/#breadcrumb"},"inLanguage":"es","potentialAction":[{"@type":"ReadAction","target":["https:\/\/webdelmaestrocmf.com\/portal\/bernabe-tierno-comprendo-a-mi-projimo-cuando-soy-capaz-de-meterme-bajo-su-piel\/"]}]},{"@type":"ImageObject","inLanguage":"es","@id":"https:\/\/webdelmaestrocmf.com\/portal\/bernabe-tierno-comprendo-a-mi-projimo-cuando-soy-capaz-de-meterme-bajo-su-piel\/#primaryimage","url":"https:\/\/webdelmaestrocmf.com\/portal\/wp-content\/uploads\/2023\/10\/A12B3C4D-14.jpg","contentUrl":"https:\/\/webdelmaestrocmf.com\/portal\/wp-content\/uploads\/2023\/10\/A12B3C4D-14.jpg","width":900,"height":556,"caption":"pr\u00f3jimo"},{"@type":"BreadcrumbList","@id":"https:\/\/webdelmaestrocmf.com\/portal\/bernabe-tierno-comprendo-a-mi-projimo-cuando-soy-capaz-de-meterme-bajo-su-piel\/#breadcrumb","itemListElement":[{"@type":"ListItem","position":1,"name":"Portada","item":"https:\/\/webdelmaestrocmf.com\/portal\/"},{"@type":"ListItem","position":2,"name":"Recursos","item":"https:\/\/webdelmaestrocmf.com\/portal\/category\/pedagogia\/"},{"@type":"ListItem","position":3,"name":"Valores","item":"https:\/\/webdelmaestrocmf.com\/portal\/category\/pedagogia\/valores\/"},{"@type":"ListItem","position":4,"name":"Bernab\u00e9 Tierno: Comprendo a m\u00ed pr\u00f3jimo cuando soy capaz de meterme bajo su piel"}]},{"@type":"WebSite","@id":"https:\/\/webdelmaestrocmf.com\/portal\/#website","url":"https:\/\/webdelmaestrocmf.com\/portal\/","name":"Web del Maestro CMF","description":"Maestros al servicio de la educaci\u00f3n","publisher":{"@id":"https:\/\/webdelmaestrocmf.com\/portal\/#organization"},"alternateName":"WMCMF","potentialAction":[{"@type":"SearchAction","target":{"@type":"EntryPoint","urlTemplate":"https:\/\/webdelmaestrocmf.com\/portal\/?s={search_term_string}"},"query-input":{"@type":"PropertyValueSpecification","valueRequired":true,"valueName":"search_term_string"}}],"inLanguage":"es"},{"@type":"Organization","@id":"https:\/\/webdelmaestrocmf.com\/portal\/#organization","name":"Web del Maestro CMF","alternateName":"WMCMF","url":"https:\/\/webdelmaestrocmf.com\/portal\/","logo":{"@type":"ImageObject","inLanguage":"es","@id":"https:\/\/webdelmaestrocmf.com\/portal\/#\/schema\/logo\/image\/","url":"https:\/\/webdelmaestrocmf.com\/portal\/wp-content\/uploads\/2023\/01\/logo-wmcmf-2.png","contentUrl":"https:\/\/webdelmaestrocmf.com\/portal\/wp-content\/uploads\/2023\/01\/logo-wmcmf-2.png","width":200,"height":60,"caption":"Web del Maestro CMF"},"image":{"@id":"https:\/\/webdelmaestrocmf.com\/portal\/#\/schema\/logo\/image\/"},"sameAs":["https:\/\/www.facebook.com\/WebdelMaestroCMF\/","https:\/\/x.com\/cmf_w","https:\/\/www.pinterest.com\/WMCMF\/","https:\/\/www.linkedin.com\/company\/web-del-maestro-cmf\/","https:\/\/www.instagram.com\/wmcmf\/","https:\/\/www.youtube.com\/channel\/UCDPSvjbdodE5sHnC3OxutHw","https:\/\/mastodon.social\/@wmcmf","https:\/\/www.tiktok.com\/@webdelmaestrocmf"]},{"@type":"Person","@id":"https:\/\/webdelmaestrocmf.com\/portal\/#\/schema\/person\/1072a2ed7bd960df8ef99a551fa35dc5","name":"Web del Maestro CMF","image":{"@type":"ImageObject","inLanguage":"es","@id":"https:\/\/secure.gravatar.com\/avatar\/23291dd5b5ae1077dcff3dbb04c3e02bd28403fa75af6d8787d5e97c5bbbe30b?s=96&d=mm&r=g","url":"https:\/\/secure.gravatar.com\/avatar\/23291dd5b5ae1077dcff3dbb04c3e02bd28403fa75af6d8787d5e97c5bbbe30b?s=96&d=mm&r=g","contentUrl":"https:\/\/secure.gravatar.com\/avatar\/23291dd5b5ae1077dcff3dbb04c3e02bd28403fa75af6d8787d5e97c5bbbe30b?s=96&d=mm&r=g","caption":"Web del Maestro CMF"},"description":"Esta Web se cre\u00f3 sin fines de lucro, con fines educativos, cient\u00edficos y acad\u00e9micos, para personas que tengan dificultades y\/o inconvenientes en visualizar el material original. El objetivo es entregar recursos, compartir experiencias y materiales que ayuden a los padres de familia, maestros y estudiantes en su actualizaci\u00f3n y formaci\u00f3n permanente, en bien de la Educaci\u00f3n.","sameAs":["http:\/\/webdelmaestrocmf.com\/portal","https:\/\/www.facebook.com\/WebdelMaestroCMF\/","https:\/\/www.instagram.com\/wmcmf\/","https:\/\/cl.linkedin.com\/company\/web-del-maestro-cmf","https:\/\/www.pinterest.com\/WMCMF\/publicaciones\/","https:\/\/x.com\/cmf_w","https:\/\/www.youtube.com\/@WMCMF"]}]}},"jetpack_featured_media_url":"https:\/\/webdelmaestrocmf.com\/portal\/wp-content\/uploads\/2023\/10\/A12B3C4D-14.jpg","jetpack_sharing_enabled":true,"jetpack-related-posts":[{"id":59058,"url":"https:\/\/webdelmaestrocmf.com\/portal\/bernabe-tierno-la-amabilidad-acerca-los-corazones-del-educador-y-del-educando\/","url_meta":{"origin":96617,"position":0},"title":"Bernab\u00e9 Tierno: La amabilidad acerca los corazones del educador y del educando","author":"Web del Maestro CMF","date":"7 febrero, 2021","format":false,"excerpt":"\u201cNuestro tiempo de estancia en la Tierra es s\u00f3lo para aprender a amar\u201d (C. Carreto). \u201cLa amabilidad es hacer lo que m\u00e1s conviene a otra persona, seg\u00fan lo que necesita en ese momento\u201d (Antony de Mello). Amabilidad se define como \u00abcalidad de amable\u00bb, y una persona amable es aquella que\u2026","rel":"","context":"En \u00abValores\u00bb","block_context":{"text":"Valores","link":"https:\/\/webdelmaestrocmf.com\/portal\/category\/pedagogia\/valores\/"},"img":{"alt_text":"","src":"https:\/\/i0.wp.com\/webdelmaestrocmf.com\/portal\/wp-content\/uploads\/2021\/02\/1-copia-27.jpg?resize=350%2C200&ssl=1","width":350,"height":200,"srcset":"https:\/\/i0.wp.com\/webdelmaestrocmf.com\/portal\/wp-content\/uploads\/2021\/02\/1-copia-27.jpg?resize=350%2C200&ssl=1 1x, https:\/\/i0.wp.com\/webdelmaestrocmf.com\/portal\/wp-content\/uploads\/2021\/02\/1-copia-27.jpg?resize=525%2C300&ssl=1 1.5x, https:\/\/i0.wp.com\/webdelmaestrocmf.com\/portal\/wp-content\/uploads\/2021\/02\/1-copia-27.jpg?resize=700%2C400&ssl=1 2x, https:\/\/i0.wp.com\/webdelmaestrocmf.com\/portal\/wp-content\/uploads\/2021\/02\/1-copia-27.jpg?resize=1050%2C600&ssl=1 3x"},"classes":[]},{"id":90933,"url":"https:\/\/webdelmaestrocmf.com\/portal\/bernabe-tierno-educar-para-la-compasion-como-asignatura-del-amor-solidaridad-y-confraternidad\/","url_meta":{"origin":96617,"position":1},"title":"Bernab\u00e9 Tierno: Educar para la compasi\u00f3n como asignatura del amor, solidaridad y confraternidad","author":"Web del Maestro CMF","date":"23 julio, 2023","format":false,"excerpt":"\u201cLa compasi\u00f3n es lo que nos hace verdaderamente humanos y nos impide convertirnos en piedras, como los monstruos de impiedad que aparecen en los mitos.\u201d (Anatole France) \u201cAl tratar de encontrar bibliograf\u00eda sobre la compasi\u00f3n, he observado que es m\u00e1s bien escasa. La mayor\u00eda de los autores sit\u00faan la virtud\u2026","rel":"","context":"En \u00abValores\u00bb","block_context":{"text":"Valores","link":"https:\/\/webdelmaestrocmf.com\/portal\/category\/pedagogia\/valores\/"},"img":{"alt_text":"","src":"https:\/\/i0.wp.com\/webdelmaestrocmf.com\/portal\/wp-content\/uploads\/2023\/07\/A12B3C4D-41.jpg?resize=350%2C200&ssl=1","width":350,"height":200,"srcset":"https:\/\/i0.wp.com\/webdelmaestrocmf.com\/portal\/wp-content\/uploads\/2023\/07\/A12B3C4D-41.jpg?resize=350%2C200&ssl=1 1x, https:\/\/i0.wp.com\/webdelmaestrocmf.com\/portal\/wp-content\/uploads\/2023\/07\/A12B3C4D-41.jpg?resize=525%2C300&ssl=1 1.5x, https:\/\/i0.wp.com\/webdelmaestrocmf.com\/portal\/wp-content\/uploads\/2023\/07\/A12B3C4D-41.jpg?resize=700%2C400&ssl=1 2x"},"classes":[]},{"id":89810,"url":"https:\/\/webdelmaestrocmf.com\/portal\/bernabe-tierno-para-amar-se-necesita-comprension-tolerancia-dedicacion-tiempo-imaginacion-y-esfuerzo\/","url_meta":{"origin":96617,"position":2},"title":"Bernab\u00e9 Tierno: Para ense\u00f1ar se necesita conocimiento, comprensi\u00f3n, tolerancia, dedicaci\u00f3n, tiempo, imaginaci\u00f3n y esfuerzo. No es f\u00e1cil.","author":"Web del Maestro CMF","date":"10 marzo, 2026","format":false,"excerpt":"Nada debe obstaculizar al amor. No hay nada m\u00e1s valioso ni que proporcione una vida m\u00e1s equilibrada y plena en este mundo que el tener alguien a quien cuidar, alguien de quien preocuparse.","rel":"","context":"En \u00abEntrevistas\u00bb","block_context":{"text":"Entrevistas","link":"https:\/\/webdelmaestrocmf.com\/portal\/category\/noticias\/entrevistas\/"},"img":{"alt_text":"","src":"https:\/\/i0.wp.com\/webdelmaestrocmf.com\/portal\/wp-content\/uploads\/2026\/03\/1AA-Banner-1-portada-imagen-10-1-copia-2.webp?resize=350%2C200&ssl=1","width":350,"height":200,"srcset":"https:\/\/i0.wp.com\/webdelmaestrocmf.com\/portal\/wp-content\/uploads\/2026\/03\/1AA-Banner-1-portada-imagen-10-1-copia-2.webp?resize=350%2C200&ssl=1 1x, https:\/\/i0.wp.com\/webdelmaestrocmf.com\/portal\/wp-content\/uploads\/2026\/03\/1AA-Banner-1-portada-imagen-10-1-copia-2.webp?resize=525%2C300&ssl=1 1.5x, https:\/\/i0.wp.com\/webdelmaestrocmf.com\/portal\/wp-content\/uploads\/2026\/03\/1AA-Banner-1-portada-imagen-10-1-copia-2.webp?resize=700%2C400&ssl=1 2x, https:\/\/i0.wp.com\/webdelmaestrocmf.com\/portal\/wp-content\/uploads\/2026\/03\/1AA-Banner-1-portada-imagen-10-1-copia-2.webp?resize=1050%2C600&ssl=1 3x"},"classes":[]},{"id":63719,"url":"https:\/\/webdelmaestrocmf.com\/portal\/bernabe-tierno-la-amistad-tiene-un-alto-contenido-etico\/","url_meta":{"origin":96617,"position":3},"title":"Bernab\u00e9 Tierno: La amistad tiene un alto contenido \u00e9tico","author":"Web del Maestro CMF","date":"4 junio, 2021","format":"video","excerpt":"\u201cSi la amistad desapareciera de la vida, ser\u00eda lo mismo que si se apagara el sol, porque nada mejor y m\u00e1s deleitoso hemos recibido de los dioses inmortales\u201d. (Cicer\u00f3n) Acertadamente define el Diccionario de la Real Academia la amistad como \u00abafecto personal, puro y desinteresado, ordinariamente rec\u00edproco, que nace y\u2026","rel":"","context":"En \u00abValores\u00bb","block_context":{"text":"Valores","link":"https:\/\/webdelmaestrocmf.com\/portal\/category\/pedagogia\/valores\/"},"img":{"alt_text":"","src":"https:\/\/i0.wp.com\/webdelmaestrocmf.com\/portal\/wp-content\/uploads\/2021\/06\/1-copia-1.jpg?resize=350%2C200&ssl=1","width":350,"height":200,"srcset":"https:\/\/i0.wp.com\/webdelmaestrocmf.com\/portal\/wp-content\/uploads\/2021\/06\/1-copia-1.jpg?resize=350%2C200&ssl=1 1x, https:\/\/i0.wp.com\/webdelmaestrocmf.com\/portal\/wp-content\/uploads\/2021\/06\/1-copia-1.jpg?resize=525%2C300&ssl=1 1.5x, https:\/\/i0.wp.com\/webdelmaestrocmf.com\/portal\/wp-content\/uploads\/2021\/06\/1-copia-1.jpg?resize=700%2C400&ssl=1 2x, https:\/\/i0.wp.com\/webdelmaestrocmf.com\/portal\/wp-content\/uploads\/2021\/06\/1-copia-1.jpg?resize=1050%2C600&ssl=1 3x"},"classes":[]},{"id":56023,"url":"https:\/\/webdelmaestrocmf.com\/portal\/bernabe-tierno-la-comprension-soporte-y-razon-de-otros-valores\/","url_meta":{"origin":96617,"position":4},"title":"Bernab\u00e9 Tierno: La comprensi\u00f3n, soporte y raz\u00f3n de otros valores","author":"Web del Maestro CMF","date":"17 diciembre, 2020","format":"video","excerpt":"\u201cDebemos admitir que la comprensi\u00f3n es un valor humano clave, ya que sirve de soporte y raz\u00f3n a otros valores que por definici\u00f3n hacen referencia m\u00e1s o menos directa a las conductas y actitudes de hermandad con los dem\u00e1s y se traducen en disposici\u00f3n y voluntad expresa y expl\u00edcita de\u2026","rel":"","context":"En \u00abValores\u00bb","block_context":{"text":"Valores","link":"https:\/\/webdelmaestrocmf.com\/portal\/category\/pedagogia\/valores\/"},"img":{"alt_text":"","src":"https:\/\/i0.wp.com\/webdelmaestrocmf.com\/portal\/wp-content\/uploads\/2020\/12\/2-copia-3.jpg?resize=350%2C200&ssl=1","width":350,"height":200,"srcset":"https:\/\/i0.wp.com\/webdelmaestrocmf.com\/portal\/wp-content\/uploads\/2020\/12\/2-copia-3.jpg?resize=350%2C200&ssl=1 1x, https:\/\/i0.wp.com\/webdelmaestrocmf.com\/portal\/wp-content\/uploads\/2020\/12\/2-copia-3.jpg?resize=525%2C300&ssl=1 1.5x, https:\/\/i0.wp.com\/webdelmaestrocmf.com\/portal\/wp-content\/uploads\/2020\/12\/2-copia-3.jpg?resize=700%2C400&ssl=1 2x, https:\/\/i0.wp.com\/webdelmaestrocmf.com\/portal\/wp-content\/uploads\/2020\/12\/2-copia-3.jpg?resize=1050%2C600&ssl=1 3x"},"classes":[]},{"id":32142,"url":"https:\/\/webdelmaestrocmf.com\/portal\/los-ninos-obedecen-las-ordenes-cuando-sienten-afecto-confianza-y-familiaridad\/","url_meta":{"origin":96617,"position":5},"title":"Pedagog\u00eda del afecto: Los ni\u00f1os obedecen las \u00f3rdenes cuando sienten afecto, confianza y familiaridad","author":"Web del Maestro CMF","date":"10 febrero, 2024","format":false,"excerpt":"La disciplina positiva se construye con amor, confianza y respeto, permitiendo que los ni\u00f1os comprendan normas, desarrollen responsabilidad y crezcan en un entorno seguro, afectivo y motivador, guiados con empat\u00eda.","rel":"","context":"En \u00abYo opino - WMCMF\u00bb","block_context":{"text":"Yo opino - WMCMF","link":"https:\/\/webdelmaestrocmf.com\/portal\/category\/jamb\/"},"img":{"alt_text":"Afecto","src":"https:\/\/i0.wp.com\/webdelmaestrocmf.com\/portal\/wp-content\/uploads\/2020\/05\/Banner-1-portada-imagen-10-1-16.jpg?resize=350%2C200&ssl=1","width":350,"height":200,"srcset":"https:\/\/i0.wp.com\/webdelmaestrocmf.com\/portal\/wp-content\/uploads\/2020\/05\/Banner-1-portada-imagen-10-1-16.jpg?resize=350%2C200&ssl=1 1x, https:\/\/i0.wp.com\/webdelmaestrocmf.com\/portal\/wp-content\/uploads\/2020\/05\/Banner-1-portada-imagen-10-1-16.jpg?resize=525%2C300&ssl=1 1.5x, https:\/\/i0.wp.com\/webdelmaestrocmf.com\/portal\/wp-content\/uploads\/2020\/05\/Banner-1-portada-imagen-10-1-16.jpg?resize=700%2C400&ssl=1 2x"},"classes":[]}],"_links":{"self":[{"href":"https:\/\/webdelmaestrocmf.com\/portal\/wp-json\/wp\/v2\/posts\/96617","targetHints":{"allow":["GET"]}}],"collection":[{"href":"https:\/\/webdelmaestrocmf.com\/portal\/wp-json\/wp\/v2\/posts"}],"about":[{"href":"https:\/\/webdelmaestrocmf.com\/portal\/wp-json\/wp\/v2\/types\/post"}],"author":[{"embeddable":true,"href":"https:\/\/webdelmaestrocmf.com\/portal\/wp-json\/wp\/v2\/users\/1"}],"replies":[{"embeddable":true,"href":"https:\/\/webdelmaestrocmf.com\/portal\/wp-json\/wp\/v2\/comments?post=96617"}],"version-history":[{"count":0,"href":"https:\/\/webdelmaestrocmf.com\/portal\/wp-json\/wp\/v2\/posts\/96617\/revisions"}],"wp:featuredmedia":[{"embeddable":true,"href":"https:\/\/webdelmaestrocmf.com\/portal\/wp-json\/wp\/v2\/media\/96618"}],"wp:attachment":[{"href":"https:\/\/webdelmaestrocmf.com\/portal\/wp-json\/wp\/v2\/media?parent=96617"}],"wp:term":[{"taxonomy":"category","embeddable":true,"href":"https:\/\/webdelmaestrocmf.com\/portal\/wp-json\/wp\/v2\/categories?post=96617"},{"taxonomy":"post_tag","embeddable":true,"href":"https:\/\/webdelmaestrocmf.com\/portal\/wp-json\/wp\/v2\/tags?post=96617"}],"curies":[{"name":"wp","href":"https:\/\/api.w.org\/{rel}","templated":true}]}}