{"id":96238,"date":"2023-09-29T17:01:42","date_gmt":"2023-09-29T20:01:42","guid":{"rendered":"https:\/\/webdelmaestrocmf.com\/portal\/?p=96238"},"modified":"2023-09-29T17:11:45","modified_gmt":"2023-09-29T20:11:45","slug":"javier-touron-el-profesor-no-tiene-que-ensenar-tiene-que-lograr-que-sus-alumnos-aprendan","status":"publish","type":"post","link":"https:\/\/webdelmaestrocmf.com\/portal\/javier-touron-el-profesor-no-tiene-que-ensenar-tiene-que-lograr-que-sus-alumnos-aprendan\/","title":{"rendered":"Javier Tour\u00f3n: El profesor no tiene que ense\u00f1ar, tiene que lograr que sus alumnos aprendan"},"content":{"rendered":"<p style=\"text-align: justify;\"><strong>La educaci\u00f3n es un campo en constante evoluci\u00f3n, donde nuevas tendencias y enfoques pedag\u00f3gicos aparecen regularmente, prometiendo revolucionar la forma en que los estudiantes aprenden y los profesores ense\u00f1an. Sin embargo, no todas estas modas resisten el paso del tiempo o cumplen con sus promesas iniciales. Javier Tour\u00f3n, Vicerrector de Innovaci\u00f3n y Desarrollo Educativo, Director de la Escuela TIC de UNIR, ha reflexionado sobre la necesidad de un cambio en el sistema educativo, centr\u00e1ndose en la transformaci\u00f3n de los roles de profesores y alumnos.<\/strong><!--more--><\/p>\n<p style=\"text-align: justify;\">Javier Tour\u00f3n, un renombrado profesor y experto en el campo de las altas capacidades y el desarrollo del talento, ha dejado una huella indeleble en el mundo de la educaci\u00f3n. Su impresionante formaci\u00f3n, que incluye doctorados en Ciencias Biol\u00f3gicas y Ciencias de la Educaci\u00f3n, lo ha impulsado a la vanguardia de la investigaci\u00f3n y la ense\u00f1anza en este campo. Tour\u00f3n es ampliamente reconocido, tanto a nivel nacional como internacional, por sus contribuciones sobresalientes y su compromiso incansable con la promoci\u00f3n de las altas capacidades y la excelencia educativa.<\/p>\n<p style=\"text-align: justify;\">Uno de los puntos clave en su argumento es que el aprendizaje profundo, que incluye el dominio de materias, la resoluci\u00f3n de problemas, el pensamiento creativo y el trabajo en equipo, no puede lograrse \u00fanicamente a trav\u00e9s de la transmisi\u00f3n de conocimientos por parte de los profesores. En cambio, Tour\u00f3n defiende la idea de que el estudiante debe convertirse en el sujeto activo de su propio aprendizaje, pasando de ser un receptor pasivo a un agente activo. Esto plantea un cambio fundamental en la din\u00e1mica tradicional del aula.<\/p>\n<p style=\"text-align: justify;\">En este nuevo paradigma educativo, el papel del profesor se transforma en el de un facilitador del aprendizaje. El profesor ya no es el \u00fanico poseedor del conocimiento, sino que act\u00faa como gu\u00eda y apoyo para cada estudiante, adaptando su ense\u00f1anza a las necesidades individuales y estimulando el desarrollo de las competencias espec\u00edficas de cada uno.<\/p>\n<p style=\"text-align: justify;\">Un enfoque que Tour\u00f3n sugiere para lograr esta transformaci\u00f3n es el \u00abFlipped Classroom\u00bb (Aula Invertida). Este enfoque pone al alumno en el centro de su propio proceso de aprendizaje, haci\u00e9ndolo responsable de su progreso. El profesor se convierte en un facilitador que brinda orientaci\u00f3n y apoyo a medida que los estudiantes aplican conceptos y se involucran de manera creativa con el material.<\/p>\n<p style=\"text-align: justify;\">Es importante se\u00f1alar que, aunque el Flipped Classroom puede parecer una tendencia moderna, est\u00e1 arraigado en principios pedag\u00f3gicos y did\u00e1cticos de larga tradici\u00f3n. Su objetivo es empoderar al estudiante y transformar al profesor en un gu\u00eda en lugar de un mero transmisor de conocimientos.<\/p>\n<p style=\"text-align: justify;\">Adem\u00e1s, el Flipped Classroom busca personalizar el aprendizaje, un objetivo que ha sido perseguido durante mucho tiempo por enfoques pedag\u00f3gicos cl\u00e1sicos como la Pedagog\u00eda Diferencial y programas de ense\u00f1anza adaptativa. Tambi\u00e9n se asemeja a enfoques como el \u00abMastery Learning\u00bb (Aprendizaje Maestro) y el \u00abPersonalized System of Instruction\u00bb (Sistema Personalizado de Instrucci\u00f3n) de Keller.<\/p>\n<p style=\"text-align: justify;\">El Flipped Classroom y enfoques similares representan un cambio fundamental en la educaci\u00f3n, donde el estudiante toma un papel activo en su aprendizaje y el profesor se convierte en un facilitador. Esta evoluci\u00f3n se alinea con la tendencia general hacia la personalizaci\u00f3n del aprendizaje, el enfoque en competencias y la integraci\u00f3n de la tecnolog\u00eda en la educaci\u00f3n. Si se implementa de manera efectiva, esta transformaci\u00f3n promete mejorar la calidad y la relevancia de la educaci\u00f3n en el futuro.<\/p>\n<p><img loading=\"lazy\" decoding=\"async\" class=\"alignnone size-large\" src=\"https:\/\/scontent.fscl9-2.fna.fbcdn.net\/v\/t31.18172-8\/15002452_949103545192141_2481671792646834880_o.jpg?_nc_cat=105&amp;ccb=1-7&amp;_nc_sid=cdbe9c&amp;_nc_eui2=AeGDwxF5o1foZ7VQZIIFS4vte2L9Zin9HmV7Yv1mKf0eZeoWnPcwG5iIGUWaCfRj2xo&amp;_nc_ohc=uH0X8WwBhxsAX9TUBRx&amp;_nc_ht=scontent.fscl9-2.fna&amp;oh=00_AfDUhi6hdUJkOYTrkVFziT2s5p_F8XViwNfTzDutZx3YgA&amp;oe=653EA78A\" width=\"1000\" height=\"997\" \/><\/p>\n<p style=\"text-align: justify;\">Este art\u00edculo se basa en la entrevista realizada por el portal Educaci\u00f3n 3.0 a Javier Tour\u00f3n, donde profundiza en su perspectiva sobre la transformaci\u00f3n necesaria en el sistema educativo. Para obtener una visi\u00f3n m\u00e1s completa de sus ideas y reflexiones, te invitamos a leer la entrevista completa en el siguiente enlace: <a href=\"https:\/\/www.educaciontrespuntocero.com\/opinion\/javier-touron-profesor-no-ensenar-lograr-alumnos-aprendan\/\" target=\"_blank\" rel=\"noopener\">Entrevista a Javier Tour\u00f3n en Educaci\u00f3n 3.0<\/a>. Esta conversaci\u00f3n ofrece una perspectiva valiosa sobre el futuro de la educaci\u00f3n y c\u00f3mo podemos avanzar hacia un enfoque m\u00e1s centrado en el estudiante y el aprendizaje activo.<\/p>\n<p style=\"text-align: right;\"><strong>REDACCI\u00d3N WEB DEL MAESTRO CMF<\/strong><\/p>\n\t\t<div class=\"pk-inline-posts\">\n\t\t\t\n\t\t\t<div class=\"pk-inline-posts-container pk-inline-posts-template-list\"\n\t\t\t\tdata-columns=\"1\">\n\t\t\t\t\t\t<article id=\"post-118510\" class=\"post-118510 post type-post status-publish format-standard has-post-thumbnail category-entrevistas category-noticias tag-aprendizaje tag-aula tag-docentes tag-educacion-2 tag-estudiantes tag-filosofia-2 tag-formacion-2 tag-inteligencia tag-jose-antonio-marina tag-pedagogia-2 tag-pensamiento-critico-2 cs-entry cs-video-wrap\">\n\t\t\t<div class=\"pk-post-outer\">\n\n\t\t\t\t\t\t\t\t<div class=\"pk-post-inner\">\n\t\t\t\t\t<div class=\"entry-thumbnail\">\n\t\t\t\t\t\t<div class=\"pk-overlay pk-overlay-ratio pk-ratio-landscape\">\n\t\t\t\t\t\t\t<div class=\"pk-overlay-background\">\n\t\t\t\t\t\t\t\t<a href=\"https:\/\/webdelmaestrocmf.com\/portal\/jose-antonio-marina-si-no-teneis-pensamiento-critico-o-si-no-hay-pensamiento-critico-la-manipulacion-va-a-ser-muy-sencilla\/\" class=\"pk-overlay-link\">\n\t\t\t\t\t\t\t\t\t<img loading=\"lazy\" decoding=\"async\" width=\"300\" height=\"225\" src=\"https:\/\/webdelmaestrocmf.com\/portal\/wp-content\/uploads\/2026\/04\/1AA-Banner-1-portada-imagen-10-1-copia-5-6-300x225.webp\" class=\"attachment-pk-thumbnail size-pk-thumbnail wp-post-image\" alt=\"\" \/>\t\t\t\t\t\t\t\t<\/a>\n\t\t\t\t\t\t\t<\/div>\n\t\t\t\t\t\t<\/div>\n\t\t\t\t\t<\/div>\n\t\t\t\t<\/div>\n\t\t\t\t\n\t\t\t\t<div class=\"pk-post-inner\">\n\t\t\t\t\t<header>\n\t\t\t\t\t\t<h3 class=\"pk-title\"><a href=\"https:\/\/webdelmaestrocmf.com\/portal\/jose-antonio-marina-si-no-teneis-pensamiento-critico-o-si-no-hay-pensamiento-critico-la-manipulacion-va-a-ser-muy-sencilla\/\" rel=\"bookmark\">Jos\u00e9 Antonio Marina: Si no ten\u00e9is pensamiento cr\u00edtico, o si no hay pensamiento cr\u00edtico, la manipulaci\u00f3n va a ser muy sencilla<\/a><\/h3>\t\t\t\t\t<\/header><!-- .entry-header -->\n\t\t\t\t<\/div><!-- .post-inner -->\n\n\t\t\t<\/div><!-- .post-outer -->\n\t\t<\/article>\n\t\t\t<article id=\"post-113504\" class=\"post-113504 post type-post status-publish format-standard has-post-thumbnail category-entrevistas category-noticias tag-alumno tag-begona-ibarrola-2 tag-desmotivado tag-vago cs-entry cs-video-wrap\">\n\t\t\t<div class=\"pk-post-outer\">\n\n\t\t\t\t\t\t\t\t<div class=\"pk-post-inner\">\n\t\t\t\t\t<div class=\"entry-thumbnail\">\n\t\t\t\t\t\t<div class=\"pk-overlay pk-overlay-ratio pk-ratio-landscape\">\n\t\t\t\t\t\t\t<div class=\"pk-overlay-background\">\n\t\t\t\t\t\t\t\t<a href=\"https:\/\/webdelmaestrocmf.com\/portal\/begona-ibarrola-debemos-distinguir-entre-un-alumno-verdaderamente-vago-y-uno-que-esta-desmotivado-porque-anticipa-el-fracaso\/\" class=\"pk-overlay-link\">\n\t\t\t\t\t\t\t\t\t<img loading=\"lazy\" decoding=\"async\" width=\"300\" height=\"225\" src=\"https:\/\/webdelmaestrocmf.com\/portal\/wp-content\/uploads\/2025\/11\/1AA-Banner-1-portada-imagen-10-1-copia-3-300x225.webp\" class=\"attachment-pk-thumbnail size-pk-thumbnail wp-post-image\" alt=\"\" \/>\t\t\t\t\t\t\t\t<\/a>\n\t\t\t\t\t\t\t<\/div>\n\t\t\t\t\t\t<\/div>\n\t\t\t\t\t<\/div>\n\t\t\t\t<\/div>\n\t\t\t\t\n\t\t\t\t<div class=\"pk-post-inner\">\n\t\t\t\t\t<header>\n\t\t\t\t\t\t<h3 class=\"pk-title\"><a href=\"https:\/\/webdelmaestrocmf.com\/portal\/begona-ibarrola-debemos-distinguir-entre-un-alumno-verdaderamente-vago-y-uno-que-esta-desmotivado-porque-anticipa-el-fracaso\/\" rel=\"bookmark\">Bego\u00f1a Ibarrola: Debemos distinguir entre un alumno verdaderamente vago y uno que est\u00e1 desmotivado porque anticipa el fracaso<\/a><\/h3>\t\t\t\t\t<\/header><!-- .entry-header -->\n\t\t\t\t<\/div><!-- .post-inner -->\n\n\t\t\t<\/div><!-- .post-outer -->\n\t\t<\/article>\n\t\t\t<article id=\"post-118480\" class=\"post-118480 post type-post status-publish format-standard has-post-thumbnail category-entrevistas category-noticias tag-aprendizaje tag-autonomia-3 tag-desarrollo tag-docentes tag-educacion-2 tag-ensenanza-2 tag-escuela tag-infancia tag-juego tag-pedagogia-2 cs-entry cs-video-wrap\">\n\t\t\t<div class=\"pk-post-outer\">\n\n\t\t\t\t\t\t\t\t<div class=\"pk-post-inner\">\n\t\t\t\t\t<div class=\"entry-thumbnail\">\n\t\t\t\t\t\t<div class=\"pk-overlay pk-overlay-ratio pk-ratio-landscape\">\n\t\t\t\t\t\t\t<div class=\"pk-overlay-background\">\n\t\t\t\t\t\t\t\t<a href=\"https:\/\/webdelmaestrocmf.com\/portal\/francesco-tonucci-hoy-la-escuela-esta-asumiendo-un-error-fatal-que-es-hacer-mas-un-papel-de-ninera-que-de-estructura-educativa\/\" class=\"pk-overlay-link\">\n\t\t\t\t\t\t\t\t\t<img loading=\"lazy\" decoding=\"async\" width=\"300\" height=\"225\" src=\"https:\/\/webdelmaestrocmf.com\/portal\/wp-content\/uploads\/2026\/04\/1AA-Banner-1-portada-imagen-10-1-copia-2-9-300x225.webp\" class=\"attachment-pk-thumbnail size-pk-thumbnail wp-post-image\" alt=\"\" \/>\t\t\t\t\t\t\t\t<\/a>\n\t\t\t\t\t\t\t<\/div>\n\t\t\t\t\t\t<\/div>\n\t\t\t\t\t<\/div>\n\t\t\t\t<\/div>\n\t\t\t\t\n\t\t\t\t<div class=\"pk-post-inner\">\n\t\t\t\t\t<header>\n\t\t\t\t\t\t<h3 class=\"pk-title\"><a href=\"https:\/\/webdelmaestrocmf.com\/portal\/francesco-tonucci-hoy-la-escuela-esta-asumiendo-un-error-fatal-que-es-hacer-mas-un-papel-de-ninera-que-de-estructura-educativa\/\" rel=\"bookmark\">Francesco Tonucci: Hoy la escuela est\u00e1 asumiendo un error fatal que es hacer m\u00e1s un papel de ni\u00f1era que de estructura educativa<\/a><\/h3>\t\t\t\t\t<\/header><!-- .entry-header -->\n\t\t\t\t<\/div><!-- .post-inner -->\n\n\t\t\t<\/div><!-- .post-outer -->\n\t\t<\/article>\n\t\t\t\t<\/div>\n\t\t<\/div>\n\t\t\n","protected":false},"excerpt":{"rendered":"La educaci\u00f3n es un campo en constante evoluci\u00f3n, donde nuevas tendencias y enfoques pedag\u00f3gicos aparecen regularmente, prometiendo revolucionar&hellip;","protected":false},"author":1,"featured_media":96239,"comment_status":"open","ping_status":"closed","sticky":false,"template":"","format":"standard","meta":{"csco_display_header_overlay":false,"csco_singular_sidebar":"disabled","csco_page_header_type":"large","csco_page_load_nextpost":"","csco_post_video_location":[],"csco_post_video_location_hash":"","csco_post_video_url":"","csco_post_video_bg_start_time":0,"csco_post_video_bg_end_time":0,"csco_post_video_bg_volume":false,"_jetpack_memberships_contains_paid_content":false,"footnotes":""},"categories":[48,47],"tags":[288,77,13701,165,17977,82,17739,55,16021,18339,90,18340,867,21684,17981,20011,1231,2942,302,5780,1589,21682,16700,16437,20552,342,14756,21683,15667,16513,18333],"class_list":{"0":"post-96238","1":"post","2":"type-post","3":"status-publish","4":"format-standard","5":"has-post-thumbnail","7":"category-entrevistas","8":"category-noticias","9":"tag-alumno","10":"tag-aprendizaje","11":"tag-aula-invertida","12":"tag-calidad-educativa","13":"tag-cambio-educativo","14":"tag-competencias","15":"tag-desarrollo-educativo","16":"tag-educacion","17":"tag-educacion-3-0","18":"tag-educacion-activa","19":"tag-educacion-del-futuro","20":"tag-empoderamiento-estudiantil","21":"tag-ensenanza","22":"tag-entrevista-educativa","23":"tag-evolucion-educativa","24":"tag-facilitador-del-aprendizaje","25":"tag-flipped-classroom","26":"tag-innovacion-educativa","27":"tag-javier-touron","28":"tag-mastery-learning","29":"tag-pedagogia","30":"tag-pedagogia-diferencial","31":"tag-pensamiento-creativo","32":"tag-personalizacion-del-aprendizaje","33":"tag-portal-educativo","34":"tag-profesor","35":"tag-resolucion-de-problemas","36":"tag-sistema-personalizado-de-instruccion","37":"tag-tecnologia-educativa","38":"tag-trabajo-en-equipo","39":"tag-transformacion-educativa","40":"cs-entry","41":"cs-video-wrap"},"yoast_head":"<!-- This site is optimized with the Yoast SEO plugin v27.5 - https:\/\/yoast.com\/product\/yoast-seo-wordpress\/ -->\n<title>Javier Tour\u00f3n: El profesor no tiene que ense\u00f1ar, tiene que lograr que sus alumnos aprendan - 2026<\/title>\n<meta name=\"description\" content=\"Javier Tour\u00f3n, Vicerrector de Innovaci\u00f3n y Desarrollo Educativo, Director de la Escuela TIC de UNIR, ha reflexionado sobre la necesidad de...\" \/>\n<meta name=\"robots\" content=\"index, follow, max-snippet:-1, max-image-preview:large, max-video-preview:-1\" \/>\n<link rel=\"canonical\" href=\"https:\/\/webdelmaestrocmf.com\/portal\/javier-touron-el-profesor-no-tiene-que-ensenar-tiene-que-lograr-que-sus-alumnos-aprendan\/\" \/>\n<meta property=\"og:locale\" content=\"es_ES\" \/>\n<meta property=\"og:type\" content=\"article\" \/>\n<meta property=\"og:title\" content=\"Javier Tour\u00f3n: El profesor no tiene que ense\u00f1ar, tiene que lograr que sus alumnos aprendan - 2026\" \/>\n<meta property=\"og:description\" content=\"Javier Tour\u00f3n, Vicerrector de Innovaci\u00f3n y Desarrollo Educativo, Director de la Escuela TIC de UNIR, ha reflexionado sobre la necesidad de...\" \/>\n<meta property=\"og:url\" content=\"https:\/\/webdelmaestrocmf.com\/portal\/javier-touron-el-profesor-no-tiene-que-ensenar-tiene-que-lograr-que-sus-alumnos-aprendan\/\" \/>\n<meta property=\"og:site_name\" content=\"Web del Maestro CMF\" \/>\n<meta property=\"article:publisher\" content=\"https:\/\/www.facebook.com\/WebdelMaestroCMF\/\" \/>\n<meta property=\"article:author\" content=\"https:\/\/www.facebook.com\/WebdelMaestroCMF\/\" \/>\n<meta property=\"article:published_time\" content=\"2023-09-29T20:01:42+00:00\" \/>\n<meta property=\"article:modified_time\" content=\"2023-09-29T20:11:45+00:00\" \/>\n<meta property=\"og:image\" content=\"https:\/\/i0.wp.com\/webdelmaestrocmf.com\/portal\/wp-content\/uploads\/2023\/09\/A12B3C4D-7-6.jpg?fit=900%2C556&ssl=1\" \/>\n\t<meta property=\"og:image:width\" content=\"900\" \/>\n\t<meta property=\"og:image:height\" content=\"556\" \/>\n\t<meta property=\"og:image:type\" content=\"image\/jpeg\" \/>\n<meta name=\"author\" content=\"Web del Maestro CMF\" \/>\n<meta name=\"twitter:card\" content=\"summary_large_image\" \/>\n<meta name=\"twitter:creator\" content=\"@cmf_w\" \/>\n<meta name=\"twitter:site\" content=\"@cmf_w\" \/>\n<script type=\"application\/ld+json\" class=\"yoast-schema-graph\">{\"@context\":\"https:\\\/\\\/schema.org\",\"@graph\":[{\"@type\":\"ScholarlyArticle\",\"@id\":\"https:\\\/\\\/webdelmaestrocmf.com\\\/portal\\\/javier-touron-el-profesor-no-tiene-que-ensenar-tiene-que-lograr-que-sus-alumnos-aprendan\\\/#article\",\"isPartOf\":{\"@id\":\"https:\\\/\\\/webdelmaestrocmf.com\\\/portal\\\/javier-touron-el-profesor-no-tiene-que-ensenar-tiene-que-lograr-que-sus-alumnos-aprendan\\\/\"},\"author\":{\"name\":\"Web del Maestro CMF\",\"@id\":\"https:\\\/\\\/webdelmaestrocmf.com\\\/portal\\\/#\\\/schema\\\/person\\\/1072a2ed7bd960df8ef99a551fa35dc5\"},\"headline\":\"Javier Tour\u00f3n: El profesor no tiene que ense\u00f1ar, tiene que lograr que sus alumnos aprendan\",\"datePublished\":\"2023-09-29T20:01:42+00:00\",\"dateModified\":\"2023-09-29T20:11:45+00:00\",\"mainEntityOfPage\":{\"@id\":\"https:\\\/\\\/webdelmaestrocmf.com\\\/portal\\\/javier-touron-el-profesor-no-tiene-que-ensenar-tiene-que-lograr-que-sus-alumnos-aprendan\\\/\"},\"wordCount\":725,\"commentCount\":1,\"publisher\":{\"@id\":\"https:\\\/\\\/webdelmaestrocmf.com\\\/portal\\\/#organization\"},\"image\":{\"@id\":\"https:\\\/\\\/webdelmaestrocmf.com\\\/portal\\\/javier-touron-el-profesor-no-tiene-que-ensenar-tiene-que-lograr-que-sus-alumnos-aprendan\\\/#primaryimage\"},\"thumbnailUrl\":\"https:\\\/\\\/webdelmaestrocmf.com\\\/portal\\\/wp-content\\\/uploads\\\/2023\\\/09\\\/A12B3C4D-7-6.jpg\",\"keywords\":[\"alumno\",\"aprendizaje\",\"aula invertida\",\"CALIDAD EDUCATIVA\",\"Cambio educativo\",\"competencias\",\"Desarrollo educativo\",\"EDUCACI\u00d3N\",\"Educaci\u00f3n 3.0\",\"Educaci\u00f3n Activa\",\"educaci\u00f3n del futuro\",\"Empoderamiento Estudiantil\",\"ENSE\u00d1ANZA\",\"entrevista educativa\",\"Evoluci\u00f3n educativa\",\"Facilitador del Aprendizaje\",\"FLIPPED CLASSROOM\",\"INNOVACI\u00d3N EDUCATIVA\",\"Javier Tour\u00f3n\",\"MASTERY LEARNING\",\"PEDAGOG\u00cdA\",\"pedagog\u00eda diferencial\",\"pensamiento creativo\",\"Personalizaci\u00f3n del aprendizaje\",\"Portal educativo\",\"profesor\",\"resoluci\u00f3n de problemas\",\"Sistema Personalizado de Instrucci\u00f3n\",\"TECNOLOG\u00cdA EDUCATIVA\",\"Trabajo en equipo\",\"Transformaci\u00f3n Educativa\"],\"articleSection\":[\"Entrevistas\",\"Noticias\"],\"inLanguage\":\"es\",\"potentialAction\":[{\"@type\":\"CommentAction\",\"name\":\"Comment\",\"target\":[\"https:\\\/\\\/webdelmaestrocmf.com\\\/portal\\\/javier-touron-el-profesor-no-tiene-que-ensenar-tiene-que-lograr-que-sus-alumnos-aprendan\\\/#respond\"]}]},{\"@type\":\"WebPage\",\"@id\":\"https:\\\/\\\/webdelmaestrocmf.com\\\/portal\\\/javier-touron-el-profesor-no-tiene-que-ensenar-tiene-que-lograr-que-sus-alumnos-aprendan\\\/\",\"url\":\"https:\\\/\\\/webdelmaestrocmf.com\\\/portal\\\/javier-touron-el-profesor-no-tiene-que-ensenar-tiene-que-lograr-que-sus-alumnos-aprendan\\\/\",\"name\":\"Javier Tour\u00f3n: El profesor no tiene que ense\u00f1ar, tiene que lograr que sus alumnos aprendan - 2026\",\"isPartOf\":{\"@id\":\"https:\\\/\\\/webdelmaestrocmf.com\\\/portal\\\/#website\"},\"primaryImageOfPage\":{\"@id\":\"https:\\\/\\\/webdelmaestrocmf.com\\\/portal\\\/javier-touron-el-profesor-no-tiene-que-ensenar-tiene-que-lograr-que-sus-alumnos-aprendan\\\/#primaryimage\"},\"image\":{\"@id\":\"https:\\\/\\\/webdelmaestrocmf.com\\\/portal\\\/javier-touron-el-profesor-no-tiene-que-ensenar-tiene-que-lograr-que-sus-alumnos-aprendan\\\/#primaryimage\"},\"thumbnailUrl\":\"https:\\\/\\\/webdelmaestrocmf.com\\\/portal\\\/wp-content\\\/uploads\\\/2023\\\/09\\\/A12B3C4D-7-6.jpg\",\"datePublished\":\"2023-09-29T20:01:42+00:00\",\"dateModified\":\"2023-09-29T20:11:45+00:00\",\"description\":\"Javier Tour\u00f3n, Vicerrector de Innovaci\u00f3n y Desarrollo Educativo, Director de la Escuela TIC de UNIR, ha reflexionado sobre la necesidad de...\",\"breadcrumb\":{\"@id\":\"https:\\\/\\\/webdelmaestrocmf.com\\\/portal\\\/javier-touron-el-profesor-no-tiene-que-ensenar-tiene-que-lograr-que-sus-alumnos-aprendan\\\/#breadcrumb\"},\"inLanguage\":\"es\",\"potentialAction\":[{\"@type\":\"ReadAction\",\"target\":[\"https:\\\/\\\/webdelmaestrocmf.com\\\/portal\\\/javier-touron-el-profesor-no-tiene-que-ensenar-tiene-que-lograr-que-sus-alumnos-aprendan\\\/\"]}]},{\"@type\":\"ImageObject\",\"inLanguage\":\"es\",\"@id\":\"https:\\\/\\\/webdelmaestrocmf.com\\\/portal\\\/javier-touron-el-profesor-no-tiene-que-ensenar-tiene-que-lograr-que-sus-alumnos-aprendan\\\/#primaryimage\",\"url\":\"https:\\\/\\\/webdelmaestrocmf.com\\\/portal\\\/wp-content\\\/uploads\\\/2023\\\/09\\\/A12B3C4D-7-6.jpg\",\"contentUrl\":\"https:\\\/\\\/webdelmaestrocmf.com\\\/portal\\\/wp-content\\\/uploads\\\/2023\\\/09\\\/A12B3C4D-7-6.jpg\",\"width\":900,\"height\":556,\"caption\":\"Javier Tour\u00f3n\"},{\"@type\":\"BreadcrumbList\",\"@id\":\"https:\\\/\\\/webdelmaestrocmf.com\\\/portal\\\/javier-touron-el-profesor-no-tiene-que-ensenar-tiene-que-lograr-que-sus-alumnos-aprendan\\\/#breadcrumb\",\"itemListElement\":[{\"@type\":\"ListItem\",\"position\":1,\"name\":\"Portada\",\"item\":\"https:\\\/\\\/webdelmaestrocmf.com\\\/portal\\\/\"},{\"@type\":\"ListItem\",\"position\":2,\"name\":\"Noticias\",\"item\":\"https:\\\/\\\/webdelmaestrocmf.com\\\/portal\\\/category\\\/noticias\\\/\"},{\"@type\":\"ListItem\",\"position\":3,\"name\":\"Javier Tour\u00f3n: El profesor no tiene que ense\u00f1ar, tiene que lograr que sus alumnos aprendan\"}]},{\"@type\":\"WebSite\",\"@id\":\"https:\\\/\\\/webdelmaestrocmf.com\\\/portal\\\/#website\",\"url\":\"https:\\\/\\\/webdelmaestrocmf.com\\\/portal\\\/\",\"name\":\"Web del Maestro CMF\",\"description\":\"Maestros al servicio de la educaci\u00f3n\",\"publisher\":{\"@id\":\"https:\\\/\\\/webdelmaestrocmf.com\\\/portal\\\/#organization\"},\"alternateName\":\"WMCMF\",\"potentialAction\":[{\"@type\":\"SearchAction\",\"target\":{\"@type\":\"EntryPoint\",\"urlTemplate\":\"https:\\\/\\\/webdelmaestrocmf.com\\\/portal\\\/?s={search_term_string}\"},\"query-input\":{\"@type\":\"PropertyValueSpecification\",\"valueRequired\":true,\"valueName\":\"search_term_string\"}}],\"inLanguage\":\"es\"},{\"@type\":\"Organization\",\"@id\":\"https:\\\/\\\/webdelmaestrocmf.com\\\/portal\\\/#organization\",\"name\":\"Web del Maestro CMF\",\"alternateName\":\"WMCMF\",\"url\":\"https:\\\/\\\/webdelmaestrocmf.com\\\/portal\\\/\",\"logo\":{\"@type\":\"ImageObject\",\"inLanguage\":\"es\",\"@id\":\"https:\\\/\\\/webdelmaestrocmf.com\\\/portal\\\/#\\\/schema\\\/logo\\\/image\\\/\",\"url\":\"https:\\\/\\\/webdelmaestrocmf.com\\\/portal\\\/wp-content\\\/uploads\\\/2023\\\/01\\\/logo-wmcmf-2.png\",\"contentUrl\":\"https:\\\/\\\/webdelmaestrocmf.com\\\/portal\\\/wp-content\\\/uploads\\\/2023\\\/01\\\/logo-wmcmf-2.png\",\"width\":200,\"height\":60,\"caption\":\"Web del Maestro CMF\"},\"image\":{\"@id\":\"https:\\\/\\\/webdelmaestrocmf.com\\\/portal\\\/#\\\/schema\\\/logo\\\/image\\\/\"},\"sameAs\":[\"https:\\\/\\\/www.facebook.com\\\/WebdelMaestroCMF\\\/\",\"https:\\\/\\\/x.com\\\/cmf_w\",\"https:\\\/\\\/www.pinterest.com\\\/WMCMF\\\/\",\"https:\\\/\\\/www.linkedin.com\\\/company\\\/web-del-maestro-cmf\\\/\",\"https:\\\/\\\/www.instagram.com\\\/wmcmf\\\/\",\"https:\\\/\\\/www.youtube.com\\\/channel\\\/UCDPSvjbdodE5sHnC3OxutHw\",\"https:\\\/\\\/mastodon.social\\\/@wmcmf\",\"https:\\\/\\\/www.tiktok.com\\\/@webdelmaestrocmf\"]},{\"@type\":\"Person\",\"@id\":\"https:\\\/\\\/webdelmaestrocmf.com\\\/portal\\\/#\\\/schema\\\/person\\\/1072a2ed7bd960df8ef99a551fa35dc5\",\"name\":\"Web del Maestro CMF\",\"image\":{\"@type\":\"ImageObject\",\"inLanguage\":\"es\",\"@id\":\"https:\\\/\\\/secure.gravatar.com\\\/avatar\\\/23291dd5b5ae1077dcff3dbb04c3e02bd28403fa75af6d8787d5e97c5bbbe30b?s=96&d=mm&r=g\",\"url\":\"https:\\\/\\\/secure.gravatar.com\\\/avatar\\\/23291dd5b5ae1077dcff3dbb04c3e02bd28403fa75af6d8787d5e97c5bbbe30b?s=96&d=mm&r=g\",\"contentUrl\":\"https:\\\/\\\/secure.gravatar.com\\\/avatar\\\/23291dd5b5ae1077dcff3dbb04c3e02bd28403fa75af6d8787d5e97c5bbbe30b?s=96&d=mm&r=g\",\"caption\":\"Web del Maestro CMF\"},\"description\":\"Esta Web se cre\u00f3 sin fines de lucro, con fines educativos, cient\u00edficos y acad\u00e9micos, para personas que tengan dificultades y\\\/o inconvenientes en visualizar el material original. El objetivo es entregar recursos, compartir experiencias y materiales que ayuden a los padres de familia, maestros y estudiantes en su actualizaci\u00f3n y formaci\u00f3n permanente, en bien de la Educaci\u00f3n.\",\"sameAs\":[\"http:\\\/\\\/webdelmaestrocmf.com\\\/portal\",\"https:\\\/\\\/www.facebook.com\\\/WebdelMaestroCMF\\\/\",\"https:\\\/\\\/www.instagram.com\\\/wmcmf\\\/\",\"https:\\\/\\\/cl.linkedin.com\\\/company\\\/web-del-maestro-cmf\",\"https:\\\/\\\/www.pinterest.com\\\/WMCMF\\\/publicaciones\\\/\",\"https:\\\/\\\/x.com\\\/cmf_w\",\"https:\\\/\\\/www.youtube.com\\\/@WMCMF\"]}]}<\/script>\n<!-- \/ Yoast SEO plugin. -->","yoast_head_json":{"title":"Javier Tour\u00f3n: El profesor no tiene que ense\u00f1ar, tiene que lograr que sus alumnos aprendan - 2026","description":"Javier Tour\u00f3n, Vicerrector de Innovaci\u00f3n y Desarrollo Educativo, Director de la Escuela TIC de UNIR, ha reflexionado sobre la necesidad de...","robots":{"index":"index","follow":"follow","max-snippet":"max-snippet:-1","max-image-preview":"max-image-preview:large","max-video-preview":"max-video-preview:-1"},"canonical":"https:\/\/webdelmaestrocmf.com\/portal\/javier-touron-el-profesor-no-tiene-que-ensenar-tiene-que-lograr-que-sus-alumnos-aprendan\/","og_locale":"es_ES","og_type":"article","og_title":"Javier Tour\u00f3n: El profesor no tiene que ense\u00f1ar, tiene que lograr que sus alumnos aprendan - 2026","og_description":"Javier Tour\u00f3n, Vicerrector de Innovaci\u00f3n y Desarrollo Educativo, Director de la Escuela TIC de UNIR, ha reflexionado sobre la necesidad de...","og_url":"https:\/\/webdelmaestrocmf.com\/portal\/javier-touron-el-profesor-no-tiene-que-ensenar-tiene-que-lograr-que-sus-alumnos-aprendan\/","og_site_name":"Web del Maestro CMF","article_publisher":"https:\/\/www.facebook.com\/WebdelMaestroCMF\/","article_author":"https:\/\/www.facebook.com\/WebdelMaestroCMF\/","article_published_time":"2023-09-29T20:01:42+00:00","article_modified_time":"2023-09-29T20:11:45+00:00","og_image":[{"width":900,"height":556,"url":"https:\/\/i0.wp.com\/webdelmaestrocmf.com\/portal\/wp-content\/uploads\/2023\/09\/A12B3C4D-7-6.jpg?fit=900%2C556&ssl=1","type":"image\/jpeg"}],"author":"Web del Maestro CMF","twitter_card":"summary_large_image","twitter_creator":"@cmf_w","twitter_site":"@cmf_w","schema":{"@context":"https:\/\/schema.org","@graph":[{"@type":"ScholarlyArticle","@id":"https:\/\/webdelmaestrocmf.com\/portal\/javier-touron-el-profesor-no-tiene-que-ensenar-tiene-que-lograr-que-sus-alumnos-aprendan\/#article","isPartOf":{"@id":"https:\/\/webdelmaestrocmf.com\/portal\/javier-touron-el-profesor-no-tiene-que-ensenar-tiene-que-lograr-que-sus-alumnos-aprendan\/"},"author":{"name":"Web del Maestro CMF","@id":"https:\/\/webdelmaestrocmf.com\/portal\/#\/schema\/person\/1072a2ed7bd960df8ef99a551fa35dc5"},"headline":"Javier Tour\u00f3n: El profesor no tiene que ense\u00f1ar, tiene que lograr que sus alumnos aprendan","datePublished":"2023-09-29T20:01:42+00:00","dateModified":"2023-09-29T20:11:45+00:00","mainEntityOfPage":{"@id":"https:\/\/webdelmaestrocmf.com\/portal\/javier-touron-el-profesor-no-tiene-que-ensenar-tiene-que-lograr-que-sus-alumnos-aprendan\/"},"wordCount":725,"commentCount":1,"publisher":{"@id":"https:\/\/webdelmaestrocmf.com\/portal\/#organization"},"image":{"@id":"https:\/\/webdelmaestrocmf.com\/portal\/javier-touron-el-profesor-no-tiene-que-ensenar-tiene-que-lograr-que-sus-alumnos-aprendan\/#primaryimage"},"thumbnailUrl":"https:\/\/webdelmaestrocmf.com\/portal\/wp-content\/uploads\/2023\/09\/A12B3C4D-7-6.jpg","keywords":["alumno","aprendizaje","aula invertida","CALIDAD EDUCATIVA","Cambio educativo","competencias","Desarrollo educativo","EDUCACI\u00d3N","Educaci\u00f3n 3.0","Educaci\u00f3n Activa","educaci\u00f3n del futuro","Empoderamiento Estudiantil","ENSE\u00d1ANZA","entrevista educativa","Evoluci\u00f3n educativa","Facilitador del Aprendizaje","FLIPPED CLASSROOM","INNOVACI\u00d3N EDUCATIVA","Javier Tour\u00f3n","MASTERY LEARNING","PEDAGOG\u00cdA","pedagog\u00eda diferencial","pensamiento creativo","Personalizaci\u00f3n del aprendizaje","Portal educativo","profesor","resoluci\u00f3n de problemas","Sistema Personalizado de Instrucci\u00f3n","TECNOLOG\u00cdA EDUCATIVA","Trabajo en equipo","Transformaci\u00f3n Educativa"],"articleSection":["Entrevistas","Noticias"],"inLanguage":"es","potentialAction":[{"@type":"CommentAction","name":"Comment","target":["https:\/\/webdelmaestrocmf.com\/portal\/javier-touron-el-profesor-no-tiene-que-ensenar-tiene-que-lograr-que-sus-alumnos-aprendan\/#respond"]}]},{"@type":"WebPage","@id":"https:\/\/webdelmaestrocmf.com\/portal\/javier-touron-el-profesor-no-tiene-que-ensenar-tiene-que-lograr-que-sus-alumnos-aprendan\/","url":"https:\/\/webdelmaestrocmf.com\/portal\/javier-touron-el-profesor-no-tiene-que-ensenar-tiene-que-lograr-que-sus-alumnos-aprendan\/","name":"Javier Tour\u00f3n: El profesor no tiene que ense\u00f1ar, tiene que lograr que sus alumnos aprendan - 2026","isPartOf":{"@id":"https:\/\/webdelmaestrocmf.com\/portal\/#website"},"primaryImageOfPage":{"@id":"https:\/\/webdelmaestrocmf.com\/portal\/javier-touron-el-profesor-no-tiene-que-ensenar-tiene-que-lograr-que-sus-alumnos-aprendan\/#primaryimage"},"image":{"@id":"https:\/\/webdelmaestrocmf.com\/portal\/javier-touron-el-profesor-no-tiene-que-ensenar-tiene-que-lograr-que-sus-alumnos-aprendan\/#primaryimage"},"thumbnailUrl":"https:\/\/webdelmaestrocmf.com\/portal\/wp-content\/uploads\/2023\/09\/A12B3C4D-7-6.jpg","datePublished":"2023-09-29T20:01:42+00:00","dateModified":"2023-09-29T20:11:45+00:00","description":"Javier Tour\u00f3n, Vicerrector de Innovaci\u00f3n y Desarrollo Educativo, Director de la Escuela TIC de UNIR, ha reflexionado sobre la necesidad de...","breadcrumb":{"@id":"https:\/\/webdelmaestrocmf.com\/portal\/javier-touron-el-profesor-no-tiene-que-ensenar-tiene-que-lograr-que-sus-alumnos-aprendan\/#breadcrumb"},"inLanguage":"es","potentialAction":[{"@type":"ReadAction","target":["https:\/\/webdelmaestrocmf.com\/portal\/javier-touron-el-profesor-no-tiene-que-ensenar-tiene-que-lograr-que-sus-alumnos-aprendan\/"]}]},{"@type":"ImageObject","inLanguage":"es","@id":"https:\/\/webdelmaestrocmf.com\/portal\/javier-touron-el-profesor-no-tiene-que-ensenar-tiene-que-lograr-que-sus-alumnos-aprendan\/#primaryimage","url":"https:\/\/webdelmaestrocmf.com\/portal\/wp-content\/uploads\/2023\/09\/A12B3C4D-7-6.jpg","contentUrl":"https:\/\/webdelmaestrocmf.com\/portal\/wp-content\/uploads\/2023\/09\/A12B3C4D-7-6.jpg","width":900,"height":556,"caption":"Javier Tour\u00f3n"},{"@type":"BreadcrumbList","@id":"https:\/\/webdelmaestrocmf.com\/portal\/javier-touron-el-profesor-no-tiene-que-ensenar-tiene-que-lograr-que-sus-alumnos-aprendan\/#breadcrumb","itemListElement":[{"@type":"ListItem","position":1,"name":"Portada","item":"https:\/\/webdelmaestrocmf.com\/portal\/"},{"@type":"ListItem","position":2,"name":"Noticias","item":"https:\/\/webdelmaestrocmf.com\/portal\/category\/noticias\/"},{"@type":"ListItem","position":3,"name":"Javier Tour\u00f3n: El profesor no tiene que ense\u00f1ar, tiene que lograr que sus alumnos aprendan"}]},{"@type":"WebSite","@id":"https:\/\/webdelmaestrocmf.com\/portal\/#website","url":"https:\/\/webdelmaestrocmf.com\/portal\/","name":"Web del Maestro CMF","description":"Maestros al servicio de la educaci\u00f3n","publisher":{"@id":"https:\/\/webdelmaestrocmf.com\/portal\/#organization"},"alternateName":"WMCMF","potentialAction":[{"@type":"SearchAction","target":{"@type":"EntryPoint","urlTemplate":"https:\/\/webdelmaestrocmf.com\/portal\/?s={search_term_string}"},"query-input":{"@type":"PropertyValueSpecification","valueRequired":true,"valueName":"search_term_string"}}],"inLanguage":"es"},{"@type":"Organization","@id":"https:\/\/webdelmaestrocmf.com\/portal\/#organization","name":"Web del Maestro CMF","alternateName":"WMCMF","url":"https:\/\/webdelmaestrocmf.com\/portal\/","logo":{"@type":"ImageObject","inLanguage":"es","@id":"https:\/\/webdelmaestrocmf.com\/portal\/#\/schema\/logo\/image\/","url":"https:\/\/webdelmaestrocmf.com\/portal\/wp-content\/uploads\/2023\/01\/logo-wmcmf-2.png","contentUrl":"https:\/\/webdelmaestrocmf.com\/portal\/wp-content\/uploads\/2023\/01\/logo-wmcmf-2.png","width":200,"height":60,"caption":"Web del Maestro CMF"},"image":{"@id":"https:\/\/webdelmaestrocmf.com\/portal\/#\/schema\/logo\/image\/"},"sameAs":["https:\/\/www.facebook.com\/WebdelMaestroCMF\/","https:\/\/x.com\/cmf_w","https:\/\/www.pinterest.com\/WMCMF\/","https:\/\/www.linkedin.com\/company\/web-del-maestro-cmf\/","https:\/\/www.instagram.com\/wmcmf\/","https:\/\/www.youtube.com\/channel\/UCDPSvjbdodE5sHnC3OxutHw","https:\/\/mastodon.social\/@wmcmf","https:\/\/www.tiktok.com\/@webdelmaestrocmf"]},{"@type":"Person","@id":"https:\/\/webdelmaestrocmf.com\/portal\/#\/schema\/person\/1072a2ed7bd960df8ef99a551fa35dc5","name":"Web del Maestro CMF","image":{"@type":"ImageObject","inLanguage":"es","@id":"https:\/\/secure.gravatar.com\/avatar\/23291dd5b5ae1077dcff3dbb04c3e02bd28403fa75af6d8787d5e97c5bbbe30b?s=96&d=mm&r=g","url":"https:\/\/secure.gravatar.com\/avatar\/23291dd5b5ae1077dcff3dbb04c3e02bd28403fa75af6d8787d5e97c5bbbe30b?s=96&d=mm&r=g","contentUrl":"https:\/\/secure.gravatar.com\/avatar\/23291dd5b5ae1077dcff3dbb04c3e02bd28403fa75af6d8787d5e97c5bbbe30b?s=96&d=mm&r=g","caption":"Web del Maestro CMF"},"description":"Esta Web se cre\u00f3 sin fines de lucro, con fines educativos, cient\u00edficos y acad\u00e9micos, para personas que tengan dificultades y\/o inconvenientes en visualizar el material original. El objetivo es entregar recursos, compartir experiencias y materiales que ayuden a los padres de familia, maestros y estudiantes en su actualizaci\u00f3n y formaci\u00f3n permanente, en bien de la Educaci\u00f3n.","sameAs":["http:\/\/webdelmaestrocmf.com\/portal","https:\/\/www.facebook.com\/WebdelMaestroCMF\/","https:\/\/www.instagram.com\/wmcmf\/","https:\/\/cl.linkedin.com\/company\/web-del-maestro-cmf","https:\/\/www.pinterest.com\/WMCMF\/publicaciones\/","https:\/\/x.com\/cmf_w","https:\/\/www.youtube.com\/@WMCMF"]}]}},"jetpack_featured_media_url":"https:\/\/webdelmaestrocmf.com\/portal\/wp-content\/uploads\/2023\/09\/A12B3C4D-7-6.jpg","jetpack_sharing_enabled":true,"jetpack-related-posts":[{"id":7067,"url":"https:\/\/webdelmaestrocmf.com\/portal\/no-podemos-coartar-la-curiosidad-de-los-alumnos\/","url_meta":{"origin":96238,"position":0},"title":"Javier Tour\u00f3n: No podemos coartar la curiosidad de los alumnos","author":"Web del Maestro CMF","date":"12 abril, 2017","format":false,"excerpt":"En una entrevista a\u00a0Javier Tour\u00f3n (Catedr\u00e1tico de M\u00e9todos de Investigaci\u00f3n y Diagn\u00f3stico en Educaci\u00f3n) hecha por Tiching (El Blog de Educaci\u00f3n y TIC) en donde sostiene que\u00a0todos los ni\u00f1os y ni\u00f1as tienen capacidad para ser buenos en algo, si bien es verdad que no todos tenemos el mismo grado de\u2026","rel":"","context":"En \u00abEntrevistas\u00bb","block_context":{"text":"Entrevistas","link":"https:\/\/webdelmaestrocmf.com\/portal\/category\/noticias\/entrevistas\/"},"img":{"alt_text":"","src":"https:\/\/i0.wp.com\/webdelmaestrocmf.com\/portal\/wp-content\/uploads\/2019\/04\/2-7.jpg?resize=350%2C200&ssl=1","width":350,"height":200,"srcset":"https:\/\/i0.wp.com\/webdelmaestrocmf.com\/portal\/wp-content\/uploads\/2019\/04\/2-7.jpg?resize=350%2C200&ssl=1 1x, https:\/\/i0.wp.com\/webdelmaestrocmf.com\/portal\/wp-content\/uploads\/2019\/04\/2-7.jpg?resize=525%2C300&ssl=1 1.5x, https:\/\/i0.wp.com\/webdelmaestrocmf.com\/portal\/wp-content\/uploads\/2019\/04\/2-7.jpg?resize=700%2C400&ssl=1 2x, https:\/\/i0.wp.com\/webdelmaestrocmf.com\/portal\/wp-content\/uploads\/2019\/04\/2-7.jpg?resize=1050%2C600&ssl=1 3x"},"classes":[]},{"id":116530,"url":"https:\/\/webdelmaestrocmf.com\/portal\/javier-valle-el-profesorado-se-siente-abandonado-ante-el-cambio-educativo-competencial\/","url_meta":{"origin":96238,"position":1},"title":"Javier Valle: El profesorado se siente abandonado ante el cambio educativo competencial","author":"Web del Maestro CMF","date":"16 marzo, 2026","format":false,"excerpt":"[...] no se le ha acompa\u00f1ado con formaci\u00f3n y recursos. Con digitalizaci\u00f3n de las aulas, materiales did\u00e1cticos competenciales\u2026","rel":"","context":"En \u00abEntrevistas\u00bb","block_context":{"text":"Entrevistas","link":"https:\/\/webdelmaestrocmf.com\/portal\/category\/noticias\/entrevistas\/"},"img":{"alt_text":"","src":"https:\/\/i0.wp.com\/webdelmaestrocmf.com\/portal\/wp-content\/uploads\/2026\/03\/1AA-Banner-1-portada-imagen-10-1-copia-6.webp?resize=350%2C200&ssl=1","width":350,"height":200,"srcset":"https:\/\/i0.wp.com\/webdelmaestrocmf.com\/portal\/wp-content\/uploads\/2026\/03\/1AA-Banner-1-portada-imagen-10-1-copia-6.webp?resize=350%2C200&ssl=1 1x, https:\/\/i0.wp.com\/webdelmaestrocmf.com\/portal\/wp-content\/uploads\/2026\/03\/1AA-Banner-1-portada-imagen-10-1-copia-6.webp?resize=525%2C300&ssl=1 1.5x, https:\/\/i0.wp.com\/webdelmaestrocmf.com\/portal\/wp-content\/uploads\/2026\/03\/1AA-Banner-1-portada-imagen-10-1-copia-6.webp?resize=700%2C400&ssl=1 2x, https:\/\/i0.wp.com\/webdelmaestrocmf.com\/portal\/wp-content\/uploads\/2026\/03\/1AA-Banner-1-portada-imagen-10-1-copia-6.webp?resize=1050%2C600&ssl=1 3x"},"classes":[]},{"id":115569,"url":"https:\/\/webdelmaestrocmf.com\/portal\/philippe-meirieu-es-necesario-promover-en-el-aula-la-investigacion-tanto-individual-como-colectiva-pero-una-investigacion-real-no-unos-ejercicios-academicos-disfrazados-de-investigacion\/","url_meta":{"origin":96238,"position":2},"title":"Philippe Meirieu: Es necesario promover en el aula la investigaci\u00f3n, tanto individual como colectiva. Pero una investigaci\u00f3n real, no unos ejercicios acad\u00e9micos disfrazados de investigaci\u00f3n","author":"Web del Maestro CMF","date":"26 febrero, 2026","format":false,"excerpt":"Pedagogo franc\u00e9s defensor de la libertad, investigaci\u00f3n real y pedagog\u00eda diferenciada para democratizar aprendizaje, autonom\u00eda y pensamiento cr\u00edtico en la escuela.","rel":"","context":"En \u00abEntrevistas\u00bb","block_context":{"text":"Entrevistas","link":"https:\/\/webdelmaestrocmf.com\/portal\/category\/noticias\/entrevistas\/"},"img":{"alt_text":"","src":"https:\/\/i0.wp.com\/webdelmaestrocmf.com\/portal\/wp-content\/uploads\/2026\/02\/Portada-articulos-.jpg?resize=350%2C200&ssl=1","width":350,"height":200,"srcset":"https:\/\/i0.wp.com\/webdelmaestrocmf.com\/portal\/wp-content\/uploads\/2026\/02\/Portada-articulos-.jpg?resize=350%2C200&ssl=1 1x, https:\/\/i0.wp.com\/webdelmaestrocmf.com\/portal\/wp-content\/uploads\/2026\/02\/Portada-articulos-.jpg?resize=525%2C300&ssl=1 1.5x, https:\/\/i0.wp.com\/webdelmaestrocmf.com\/portal\/wp-content\/uploads\/2026\/02\/Portada-articulos-.jpg?resize=700%2C400&ssl=1 2x"},"classes":[]},{"id":19218,"url":"https:\/\/webdelmaestrocmf.com\/portal\/profesor-transformarse-orientador-facilitador-del-aprendizaje\/","url_meta":{"origin":96238,"position":3},"title":"Javier Tour\u00f3n: La escuela vive de espaldas a las diferencias que todos sabemos que existen en el talento de los alumnos","author":"Web del Maestro CMF","date":"23 enero, 2022","format":false,"excerpt":"Javier Tour\u00f3n es Vicerrector de Innovaci\u00f3n y Desarrollo Educativo\u00a0en la\u00a0Universidad Internacional de La Rioja-UNIR.\u00a0Es\u00a0Catedr\u00e1tico de M\u00e9todos de Investigaci\u00f3n y Diagn\u00f3stico en Educaci\u00f3n\u00a0y\u00a0Doctor en Ciencias de la Educaci\u00f3n y Ciencias Biol\u00f3gicas.Past-President del\u00a0European Council for High Ability\u00a0(2000-2004) y miembro del\u00a0National Advisory Board del Center for Talented Youth\u00a0(CTY)\u00a0de la\u00a0Universidad Johns Hopkins\u00a0(2003-2011). Fund\u00f3 y\u2026","rel":"","context":"En \u00abEntrevistas\u00bb","block_context":{"text":"Entrevistas","link":"https:\/\/webdelmaestrocmf.com\/portal\/category\/noticias\/entrevistas\/"},"img":{"alt_text":"","src":"https:\/\/i0.wp.com\/webdelmaestrocmf.com\/portal\/wp-content\/uploads\/2019\/04\/2-7.jpg?resize=350%2C200&ssl=1","width":350,"height":200,"srcset":"https:\/\/i0.wp.com\/webdelmaestrocmf.com\/portal\/wp-content\/uploads\/2019\/04\/2-7.jpg?resize=350%2C200&ssl=1 1x, https:\/\/i0.wp.com\/webdelmaestrocmf.com\/portal\/wp-content\/uploads\/2019\/04\/2-7.jpg?resize=525%2C300&ssl=1 1.5x, https:\/\/i0.wp.com\/webdelmaestrocmf.com\/portal\/wp-content\/uploads\/2019\/04\/2-7.jpg?resize=700%2C400&ssl=1 2x, https:\/\/i0.wp.com\/webdelmaestrocmf.com\/portal\/wp-content\/uploads\/2019\/04\/2-7.jpg?resize=1050%2C600&ssl=1 3x"},"classes":[]},{"id":107287,"url":"https:\/\/webdelmaestrocmf.com\/portal\/las-revoluciones-educativas-un-analisis-de-las-etapas-de-la-evolucion-en-la-ensenanza\/","url_meta":{"origin":96238,"position":4},"title":"Las revoluciones educativas: un an\u00e1lisis de las etapas de la evoluci\u00f3n en la ense\u00f1anza","author":"Web del Maestro CMF","date":"29 diciembre, 2024","format":false,"excerpt":"La educaci\u00f3n, como pilar fundamental de cualquier sociedad, ha experimentado m\u00faltiples transformaciones a lo largo de los siglos. Desde los modelos m\u00e1s tradicionales, donde el maestro era el centro del proceso, hasta los enfoques m\u00e1s modernos que integran tecnolog\u00edas avanzadas, cada etapa ha sido parte de una evoluci\u00f3n para mejorar\u2026","rel":"","context":"En \u00abPedagog\u00eda\u00bb","block_context":{"text":"Pedagog\u00eda","link":"https:\/\/webdelmaestrocmf.com\/portal\/category\/pedagogia\/educacion-pedagogia\/"},"img":{"alt_text":"","src":"https:\/\/i0.wp.com\/webdelmaestrocmf.com\/portal\/wp-content\/uploads\/2024\/12\/Banner-1-portada-imagen-10-1-48.jpg?resize=350%2C200&ssl=1","width":350,"height":200,"srcset":"https:\/\/i0.wp.com\/webdelmaestrocmf.com\/portal\/wp-content\/uploads\/2024\/12\/Banner-1-portada-imagen-10-1-48.jpg?resize=350%2C200&ssl=1 1x, https:\/\/i0.wp.com\/webdelmaestrocmf.com\/portal\/wp-content\/uploads\/2024\/12\/Banner-1-portada-imagen-10-1-48.jpg?resize=525%2C300&ssl=1 1.5x, https:\/\/i0.wp.com\/webdelmaestrocmf.com\/portal\/wp-content\/uploads\/2024\/12\/Banner-1-portada-imagen-10-1-48.jpg?resize=700%2C400&ssl=1 2x"},"classes":[]},{"id":102159,"url":"https:\/\/webdelmaestrocmf.com\/portal\/inger-inkvest-como-puede-ser-responsable-el-docente-si-se-le-quita-la-autoridad-para-organizar-el-trabajo\/","url_meta":{"origin":96238,"position":5},"title":"Inger Enkvist: \u00bfC\u00f3mo puede ser responsable el docente si se le quita la autoridad para organizar el trabajo?","author":"Web del Maestro CMF","date":"9 abril, 2026","format":false,"excerpt":"Sin autoridad para organizar el aula, el docente queda desarmado. La exigencia sin herramientas solo ahuyenta a los mejores.","rel":"","context":"En \u00abEntrevistas\u00bb","block_context":{"text":"Entrevistas","link":"https:\/\/webdelmaestrocmf.com\/portal\/category\/noticias\/entrevistas\/"},"img":{"alt_text":"","src":"https:\/\/i0.wp.com\/webdelmaestrocmf.com\/portal\/wp-content\/uploads\/2024\/01\/1A-Banner-1-portada-imagen-10-1-copia-7.webp?resize=350%2C200&ssl=1","width":350,"height":200,"srcset":"https:\/\/i0.wp.com\/webdelmaestrocmf.com\/portal\/wp-content\/uploads\/2024\/01\/1A-Banner-1-portada-imagen-10-1-copia-7.webp?resize=350%2C200&ssl=1 1x, https:\/\/i0.wp.com\/webdelmaestrocmf.com\/portal\/wp-content\/uploads\/2024\/01\/1A-Banner-1-portada-imagen-10-1-copia-7.webp?resize=525%2C300&ssl=1 1.5x, https:\/\/i0.wp.com\/webdelmaestrocmf.com\/portal\/wp-content\/uploads\/2024\/01\/1A-Banner-1-portada-imagen-10-1-copia-7.webp?resize=700%2C400&ssl=1 2x"},"classes":[]}],"_links":{"self":[{"href":"https:\/\/webdelmaestrocmf.com\/portal\/wp-json\/wp\/v2\/posts\/96238","targetHints":{"allow":["GET"]}}],"collection":[{"href":"https:\/\/webdelmaestrocmf.com\/portal\/wp-json\/wp\/v2\/posts"}],"about":[{"href":"https:\/\/webdelmaestrocmf.com\/portal\/wp-json\/wp\/v2\/types\/post"}],"author":[{"embeddable":true,"href":"https:\/\/webdelmaestrocmf.com\/portal\/wp-json\/wp\/v2\/users\/1"}],"replies":[{"embeddable":true,"href":"https:\/\/webdelmaestrocmf.com\/portal\/wp-json\/wp\/v2\/comments?post=96238"}],"version-history":[{"count":0,"href":"https:\/\/webdelmaestrocmf.com\/portal\/wp-json\/wp\/v2\/posts\/96238\/revisions"}],"wp:featuredmedia":[{"embeddable":true,"href":"https:\/\/webdelmaestrocmf.com\/portal\/wp-json\/wp\/v2\/media\/96239"}],"wp:attachment":[{"href":"https:\/\/webdelmaestrocmf.com\/portal\/wp-json\/wp\/v2\/media?parent=96238"}],"wp:term":[{"taxonomy":"category","embeddable":true,"href":"https:\/\/webdelmaestrocmf.com\/portal\/wp-json\/wp\/v2\/categories?post=96238"},{"taxonomy":"post_tag","embeddable":true,"href":"https:\/\/webdelmaestrocmf.com\/portal\/wp-json\/wp\/v2\/tags?post=96238"}],"curies":[{"name":"wp","href":"https:\/\/api.w.org\/{rel}","templated":true}]}}