{"id":96199,"date":"2023-09-29T11:29:51","date_gmt":"2023-09-29T14:29:51","guid":{"rendered":"https:\/\/webdelmaestrocmf.com\/portal\/?p=96199"},"modified":"2023-09-30T10:55:21","modified_gmt":"2023-09-30T13:55:21","slug":"cuadernillo-de-cuentos-para-lectura-en-voz-alta","status":"publish","type":"post","link":"https:\/\/webdelmaestrocmf.com\/portal\/cuadernillo-de-cuentos-para-lectura-en-voz-alta\/","title":{"rendered":"Cuadernillo de cuentos para lectura en voz alta"},"content":{"rendered":"<p style=\"text-align: justify;\"><strong>La comprensi\u00f3n lectora es una habilidad fundamental que los ni\u00f1os deben desarrollar desde una edad temprana. Leer en voz alta es una excelente manera de fomentar esta habilidad, ya que permite a los ni\u00f1os no solo decodificar las palabras, sino tambi\u00e9n comprender el significado detr\u00e1s del texto que est\u00e1n leyendo.<\/strong> <!--more--><\/p>\n<p style=\"text-align: justify;\">En este art\u00edculo, exploraremos un cuadernillo de cuentos dise\u00f1ado espec\u00edficamente para el primer grado de primaria, que tiene como objetivo mejorar la comprensi\u00f3n lectora de los ni\u00f1os.<\/p>\n<h5 style=\"text-align: justify;\"><strong>Importancia de la Comprensi\u00f3n Lectora en 1\u00ba Primaria<\/strong><\/h5>\n<p style=\"text-align: justify;\">La comprensi\u00f3n lectora en el primer grado de primaria es esencial para el desarrollo acad\u00e9mico de los ni\u00f1os. A menudo, los ni\u00f1os pueden leer palabras, pero no comprenden lo que est\u00e1n leyendo. Esto se debe en parte al esfuerzo que dedican a decodificar las palabras, dejando poco espacio para la comprensi\u00f3n del contenido.<\/p>\n<p>Art\u00edculo relacionado: <a href=\"https:\/\/webdelmaestrocmf.com\/portal\/225-cuentos-cortos-para-ninos-para-aplicarlos-en-el-aula\/\" target=\"_blank\" rel=\"noopener\">225 cuentos cortos para descargar y aplicarlos en el aula<\/a><\/p>\n<p style=\"text-align: justify;\">Para fomentar la comprensi\u00f3n lectora en 1\u00ba de Primaria, se recomienda que los ni\u00f1os lean al menos 10 minutos antes de irse a dormir. Esta pr\u00e1ctica no solo mejora su comprensi\u00f3n, sino que tambi\u00e9n crea un h\u00e1bito de lectura que puede perdurar toda la vida.<\/p>\n<h5 style=\"text-align: justify;\"><strong>El Cuadernillo de Cuentos para 1\u00ba Primaria<\/strong><\/h5>\n<p style=\"text-align: justify;\">Este cuadernillo de cuentos para 1\u00ba de Primaria est\u00e1 dise\u00f1ado cuidadosamente para abordar los desaf\u00edos espec\u00edficos que enfrentan los ni\u00f1os en este nivel de educaci\u00f3n. Aqu\u00ed hay algunas caracter\u00edsticas clave del cuadernillo:<\/p>\n<ol style=\"text-align: justify;\">\n<li><strong>Textos Apropiados<\/strong>: Los textos son cortos y f\u00e1ciles de leer en voz alta. Esto permite que los ni\u00f1os practiquen la lectura fluida y la comprensi\u00f3n sin sentirse abrumados por la longitud o la complejidad del texto.<\/li>\n<li><strong>Lenguaje Sencillo<\/strong>: Los textos utilizan un lenguaje simple en cuanto a la composici\u00f3n gramatical y el vocabulario. Esto asegura que los ni\u00f1os puedan entender el contenido sin dificultades.<\/li>\n<li><strong>Relacionados con Cuentos Conocidos<\/strong>: Los textos son extractos de cuentos relacionados con las vocales, lo que facilita la comprensi\u00f3n, ya que los ni\u00f1os ya tienen conocimientos previos sobre los personajes y la historia.<\/li>\n<li><strong>Preguntas Adaptadas<\/strong>: Las preguntas propuestas est\u00e1n adaptadas a la edad, el curso y el curr\u00edculo acad\u00e9mico de 1\u00ba de Primaria. Esto garantiza que los ni\u00f1os puedan responder de manera efectiva y demuestra la comprensi\u00f3n del texto.<\/li>\n<\/ol>\n<h5 style=\"text-align: justify;\"><strong>Los Textos<\/strong><\/h5>\n<p style=\"text-align: justify;\">A continuaci\u00f3n, presentamos los cinco textos incluidos en el cuadernillo, junto con algunas de las preguntas que los ni\u00f1os deben responder:<\/p>\n<p style=\"text-align: justify; padding-left: 40px;\"><strong>Texto 1: \u00abLa Ara\u00f1a Aventurera\u00bb<\/strong><\/p>\n<ul>\n<li style=\"list-style-type: none;\">\n<ul style=\"text-align: justify;\">\n<li>\u00bfQu\u00e9 cuentos le gustan a la ara\u00f1a?<\/li>\n<li>\u00bfQu\u00e9 ha planeado la ara\u00f1a?<\/li>\n<li>\u00bfQu\u00e9 piensa la ara\u00f1a que habr\u00e1 en el cofre?<\/li>\n<\/ul>\n<\/li>\n<\/ul>\n<p style=\"text-align: justify; padding-left: 40px;\"><strong>Texto 2: \u00abUn Elefante Bajo el Mar\u00bb<\/strong><\/p>\n<ul>\n<li style=\"list-style-type: none;\">\n<ul style=\"text-align: justify;\">\n<li>\u00bfQu\u00e9 celebra hoy el elefante?<\/li>\n<li>\u00bfD\u00f3nde lo va a llevar su madre? \u00bfQui\u00e9n m\u00e1s va a ir?<\/li>\n<li>\u00bfC\u00f3mo est\u00e1 el elefante?<\/li>\n<li>\u00bfPara qu\u00e9 mueve el elefante sus orejas?<\/li>\n<\/ul>\n<\/li>\n<\/ul>\n<p style=\"text-align: justify; padding-left: 40px;\"><strong>Texto 3: \u00abLa Iguana In\u00e9s y su Nuevo Amigo\u00bb<\/strong><\/p>\n<ul>\n<li style=\"list-style-type: none;\">\n<ul style=\"text-align: justify;\">\n<li>\u00bfC\u00f3mo est\u00e1 el drag\u00f3n?<\/li>\n<li>\u00bfQu\u00e9 le receta el doctor?<\/li>\n<li>\u00bfPor qu\u00e9 est\u00e1n todos contentos en el bosque?<\/li>\n<li>\u00bfD\u00f3nde se esconde el drag\u00f3n?<\/li>\n<li>Escribe una frase con las palabras \u00abamigos\u00bb y \u00abalguien\u00bb.<\/li>\n<\/ul>\n<\/li>\n<\/ul>\n<p style=\"text-align: justify; padding-left: 40px;\"><strong>Texto 4: \u00abLa Orquesta y el Drag\u00f3n\u00bb<\/strong><\/p>\n<ul>\n<li style=\"list-style-type: none;\">\n<ul style=\"text-align: justify;\">\n<li>\u00bfC\u00f3mo est\u00e1 el drag\u00f3n?<\/li>\n<li>\u00bfQu\u00e9 le receta el doctor?<\/li>\n<li>\u00bfPor qu\u00e9 est\u00e1n todos contentos en el bosque?<\/li>\n<li>\u00bfD\u00f3nde se esconde el drag\u00f3n?<\/li>\n<\/ul>\n<\/li>\n<\/ul>\n<p style=\"text-align: justify; padding-left: 40px;\"><strong>Texto 5: \u00abEl Burro Lulo y el B\u00faho Curro\u00bb<\/strong><\/p>\n<ul style=\"text-align: justify;\">\n<li style=\"list-style-type: none;\">\n<ul style=\"text-align: justify;\">\n<li>\u00bfC\u00f3mo es el b\u00faho?<\/li>\n<li>\u00bfQu\u00e9 hace el b\u00faho para aprender?<\/li>\n<li>\u00bfQu\u00e9 hac\u00eda el b\u00faho mientras el burro lo vigilaba?<\/li>\n<\/ul>\n<\/li>\n<li>Deduce de la informaci\u00f3n del texto \u00bfPor qu\u00e9 crees que el b\u00faho estuvo todo el d\u00eda roncando?<\/li>\n<\/ul>\n<p style=\"text-align: justify;\">Este cuadernillo proporciona a los maestros y padres una valiosa herramienta para mejorar la comprensi\u00f3n lectora de los ni\u00f1os de primer grado de primaria. Al enfocarse en textos apropiados y preguntas relevantes, se crea un entorno propicio para el desarrollo de habilidades de lectura cr\u00edtica y comprensi\u00f3n, sentando las bases para un \u00e9xito continuo en su educaci\u00f3n.<\/p>\n<p><img loading=\"lazy\" decoding=\"async\" class=\"alignnone wp-image-96200 size-full\" src=\"https:\/\/webdelmaestrocmf.com\/portal\/wp-content\/uploads\/2023\/09\/AF6QYNmoW0AA4t6-33.jpg\" alt=\"voz alta\" width=\"800\" height=\"418\" srcset=\"https:\/\/webdelmaestrocmf.com\/portal\/wp-content\/uploads\/2023\/09\/AF6QYNmoW0AA4t6-33.jpg 800w, https:\/\/webdelmaestrocmf.com\/portal\/wp-content\/uploads\/2023\/09\/AF6QYNmoW0AA4t6-33-300x157.jpg 300w, https:\/\/webdelmaestrocmf.com\/portal\/wp-content\/uploads\/2023\/09\/AF6QYNmoW0AA4t6-33-768x401.jpg 768w, https:\/\/webdelmaestrocmf.com\/portal\/wp-content\/uploads\/2023\/09\/AF6QYNmoW0AA4t6-33-380x199.jpg 380w, https:\/\/webdelmaestrocmf.com\/portal\/wp-content\/uploads\/2023\/09\/AF6QYNmoW0AA4t6-33-550x287.jpg 550w\" sizes=\"auto, (max-width: 800px) 100vw, 800px\" \/><\/p>\n<p style=\"text-align: right;\"><strong>REDACCI\u00d3N WEB DEL MAESTRO CMF<\/strong><\/p>\n<p style=\"text-align: center;\">Recomendamos a la Comunidad Educativa Digital tener en cuenta que, el enlace y\/o la carpeta en donde est\u00e1n alojados los libros, recursos y\/o materiales, no es administrado por la Web del Maestro CMF, pueda ser que en cuesti\u00f3n de d\u00edas (o seg\u00fan el tiempo transcurrido desde su publicaci\u00f3n), los enlaces no funcionen y el material ya no se encuentre disponible. Gracias por su comprensi\u00f3n.<\/p>\n<p style=\"text-align: center;\"><strong>ENLACE DE LECTURA:<\/strong>\u00a0<a href=\"https:\/\/mega.nz\/folder\/32BBXLLZ#yQhKuzYMkCqMZ6eIfi84ow\" target=\"_blank\" rel=\"noopener\">CUADERNILLO DE CUENTOS PARA LECTURA EN VOZ ALTA<\/a><\/p>\n<p style=\"text-align: center;\"><strong>Si te sirvi\u00f3 el material, ap\u00f3yanos con un clic. Nos ayudar\u00e1 a mantener el servicio. \u00a1Comparte y as\u00ed m\u00e1s docentes utilizar\u00e1n estos recursos gratis! Muchas gracias.<\/strong><\/p>\n<p><img decoding=\"async\" src=\"https:\/\/webdelmaestrocmf.com\/portal\/wp-content\/uploads\/2023\/04\/banner_des.png\" \/><\/p>\n\t\t<div class=\"pk-inline-posts\">\n\t\t\t\n\t\t\t<div class=\"pk-inline-posts-container pk-inline-posts-template-list\"\n\t\t\t\tdata-columns=\"1\">\n\t\t\t\t\t\t<article id=\"post-118051\" class=\"post-118051 post type-post status-publish format-standard has-post-thumbnail category-lectoescritura category-leer category-libros category-pedagogia tag-aula tag-comprension-lectora tag-creatividad tag-dia-del-libro tag-docentes tag-fichas-educativas tag-lectura tag-manualidades tag-material-didactico tag-recursos-educativos cs-entry cs-video-wrap\">\n\t\t\t<div class=\"pk-post-outer\">\n\n\t\t\t\t\t\t\t\t<div class=\"pk-post-inner\">\n\t\t\t\t\t<div class=\"entry-thumbnail\">\n\t\t\t\t\t\t<div class=\"pk-overlay pk-overlay-ratio pk-ratio-landscape\">\n\t\t\t\t\t\t\t<div class=\"pk-overlay-background\">\n\t\t\t\t\t\t\t\t<a href=\"https:\/\/webdelmaestrocmf.com\/portal\/dia-del-libro-23-de-abril-descarga-las-actividades-recursos-fichas-manualidades-y-materiales-motivadores-para-transformar-la-lectura-en-el-aula\/\" class=\"pk-overlay-link\">\n\t\t\t\t\t\t\t\t\t<img loading=\"lazy\" decoding=\"async\" width=\"300\" height=\"225\" src=\"https:\/\/webdelmaestrocmf.com\/portal\/wp-content\/uploads\/2026\/04\/1AA-Banner-1-portada-imagen-10-1-copia-23-300x225.webp\" class=\"attachment-pk-thumbnail size-pk-thumbnail wp-post-image\" alt=\"\" \/>\t\t\t\t\t\t\t\t<\/a>\n\t\t\t\t\t\t\t<\/div>\n\t\t\t\t\t\t<\/div>\n\t\t\t\t\t<\/div>\n\t\t\t\t<\/div>\n\t\t\t\t\n\t\t\t\t<div class=\"pk-post-inner\">\n\t\t\t\t\t<header>\n\t\t\t\t\t\t<h3 class=\"pk-title\"><a href=\"https:\/\/webdelmaestrocmf.com\/portal\/dia-del-libro-23-de-abril-descarga-las-actividades-recursos-fichas-manualidades-y-materiales-motivadores-para-transformar-la-lectura-en-el-aula\/\" rel=\"bookmark\">D\u00eda del Libro (23 de abril): Descarga las actividades, recursos, fichas, manualidades, materiales y pulseras motivadores para transformar la lectura en el aula<\/a><\/h3>\t\t\t\t\t<\/header><!-- .entry-header -->\n\t\t\t\t<\/div><!-- .post-inner -->\n\n\t\t\t<\/div><!-- .post-outer -->\n\t\t<\/article>\n\t\t\t<article id=\"post-96416\" class=\"post-96416 post type-post status-publish format-standard has-post-thumbnail category-cuadernillos category-matematica category-pedagogia tag-algoritmo-de-division tag-alumnos-de-primaria tag-aplicacion-practica tag-aprendizaje tag-aprendizaje-divertido tag-comprension-matematica tag-conceptos-basicos tag-conceptos-de-division tag-conceptos-matematicos tag-cuadernillo-de-ejercicios tag-cuadernillo-de-matematicas tag-division-exacta tag-division-inexacta tag-divisiones tag-educacion-primaria tag-ejercicios-de-matematicas tag-ejercicios-de-practica tag-ejercicios-practicos tag-ensenanza-de-las-divisiones tag-estrategias-de-ensenanza tag-habilidades-matematicas tag-matematicas tag-matematicas-para-ninos tag-numeros-de-dos-digitos tag-operaciones-matematicas tag-practica-matematica tag-primer-ano tag-resolucion-de-problemas tag-resolucion-de-problemas-matematicos tag-segundo-ano cs-entry cs-video-wrap\">\n\t\t\t<div class=\"pk-post-outer\">\n\n\t\t\t\t\t\t\t\t<div class=\"pk-post-inner\">\n\t\t\t\t\t<div class=\"entry-thumbnail\">\n\t\t\t\t\t\t<div class=\"pk-overlay pk-overlay-ratio pk-ratio-landscape\">\n\t\t\t\t\t\t\t<div class=\"pk-overlay-background\">\n\t\t\t\t\t\t\t\t<a href=\"https:\/\/webdelmaestrocmf.com\/portal\/cuadernillo-de-divisiones-para-primer-y-segundo-ano-de-primaria\/\" class=\"pk-overlay-link\">\n\t\t\t\t\t\t\t\t\t<img loading=\"lazy\" decoding=\"async\" width=\"300\" height=\"225\" src=\"https:\/\/webdelmaestrocmf.com\/portal\/wp-content\/uploads\/2023\/10\/1AA-Banner-1-portada-imagen-10-1-copia-29-300x225.webp\" class=\"attachment-pk-thumbnail size-pk-thumbnail wp-post-image\" alt=\"\" \/>\t\t\t\t\t\t\t\t<\/a>\n\t\t\t\t\t\t\t<\/div>\n\t\t\t\t\t\t<\/div>\n\t\t\t\t\t<\/div>\n\t\t\t\t<\/div>\n\t\t\t\t\n\t\t\t\t<div class=\"pk-post-inner\">\n\t\t\t\t\t<header>\n\t\t\t\t\t\t<h3 class=\"pk-title\"><a href=\"https:\/\/webdelmaestrocmf.com\/portal\/cuadernillo-de-divisiones-para-primer-y-segundo-ano-de-primaria\/\" rel=\"bookmark\">Cuadernillo de divisiones para Primer y Segundo a\u00f1o de primaria<\/a><\/h3>\t\t\t\t\t<\/header><!-- .entry-header -->\n\t\t\t\t<\/div><!-- .post-inner -->\n\n\t\t\t<\/div><!-- .post-outer -->\n\t\t<\/article>\n\t\t\t<article id=\"post-95508\" class=\"post-95508 post type-post status-publish format-standard has-post-thumbnail category-cuadernillos category-matematica category-pedagogia tag-5-anos tag-cuadernillo tag-matematicas tag-ninos cs-entry cs-video-wrap\">\n\t\t\t<div class=\"pk-post-outer\">\n\n\t\t\t\t\t\t\t\t<div class=\"pk-post-inner\">\n\t\t\t\t\t<div class=\"entry-thumbnail\">\n\t\t\t\t\t\t<div class=\"pk-overlay pk-overlay-ratio pk-ratio-landscape\">\n\t\t\t\t\t\t\t<div class=\"pk-overlay-background\">\n\t\t\t\t\t\t\t\t<a href=\"https:\/\/webdelmaestrocmf.com\/portal\/descubre-el-maravilloso-cuadernillo-de-matematicas-para-ninos-de-3-4-y-5-anos-aprende-jugando\/\" class=\"pk-overlay-link\">\n\t\t\t\t\t\t\t\t\t<img loading=\"lazy\" decoding=\"async\" width=\"300\" height=\"225\" src=\"https:\/\/webdelmaestrocmf.com\/portal\/wp-content\/uploads\/2023\/11\/Banner-1-portada-imagen-10-34-300x225.jpg\" class=\"attachment-pk-thumbnail size-pk-thumbnail wp-post-image\" alt=\"Cuadernillo de Matem\u00e1ticas\" \/>\t\t\t\t\t\t\t\t<\/a>\n\t\t\t\t\t\t\t<\/div>\n\t\t\t\t\t\t<\/div>\n\t\t\t\t\t<\/div>\n\t\t\t\t<\/div>\n\t\t\t\t\n\t\t\t\t<div class=\"pk-post-inner\">\n\t\t\t\t\t<header>\n\t\t\t\t\t\t<h3 class=\"pk-title\"><a href=\"https:\/\/webdelmaestrocmf.com\/portal\/descubre-el-maravilloso-cuadernillo-de-matematicas-para-ninos-de-3-4-y-5-anos-aprende-jugando\/\" rel=\"bookmark\">Descarga los cuadernillos de Matem\u00e1ticas para ni\u00f1os de 3, 4 y 5 a\u00f1os<\/a><\/h3>\t\t\t\t\t<\/header><!-- .entry-header -->\n\t\t\t\t<\/div><!-- .post-inner -->\n\n\t\t\t<\/div><!-- .post-outer -->\n\t\t<\/article>\n\t\t\t\t<\/div>\n\t\t<\/div>\n\t\t\n","protected":false},"excerpt":{"rendered":"La comprensi\u00f3n lectora es una habilidad fundamental que los ni\u00f1os deben desarrollar desde una edad temprana. Leer en&hellip;","protected":false},"author":1,"featured_media":96205,"comment_status":"open","ping_status":"closed","sticky":false,"template":"","format":"standard","meta":{"csco_display_header_overlay":false,"csco_singular_sidebar":"","csco_page_header_type":"","csco_page_load_nextpost":"","csco_post_video_location":[],"csco_post_video_location_hash":"","csco_post_video_url":"","csco_post_video_bg_start_time":0,"csco_post_video_bg_end_time":0,"csco_post_video_bg_volume":false,"_jetpack_memberships_contains_paid_content":false,"footnotes":""},"categories":[13814,3058,735],"tags":[15424,21649,21650,20956,15279,21651,20944,21645,19241,16401,17163,16451,15996,17248,20253,20058,20939,19048,16713,18632,15838,18787,21339,16394,21648,21384,21550,21646,21647],"class_list":{"0":"post-96199","1":"post","2":"type-post","3":"status-publish","4":"format-standard","5":"has-post-thumbnail","7":"category-cuadernillos","8":"category-leer","9":"category-pedagogia","10":"tag-actividades-educativas","11":"tag-comprension-de-cuentos","12":"tag-comprension-de-extractos","13":"tag-comprension-de-texto","14":"tag-comprension-lectora","15":"tag-comprension-literaria","16":"tag-comprension-oral","17":"tag-cuadernillo-de-cuentos","18":"tag-cuentos-para-ninos","19":"tag-decodificacion","20":"tag-desarrollo-academico","21":"tag-desarrollo-de-habilidades","22":"tag-educacion-infantil","23":"tag-educacion-primaria","24":"tag-ejercicios-de-lectura","25":"tag-estrategias-de-comprension","26":"tag-evaluacion-de-lectura","27":"tag-fomento-de-la-lectura","28":"tag-habilidades-de-lectura","29":"tag-habilidades-linguisticas","30":"tag-lectura-critica","31":"tag-lectura-en-voz-alta","32":"tag-lectura-fluida","33":"tag-literatura-infantil","34":"tag-nivel-de-primer-grado","35":"tag-practica-de-lectura","36":"tag-preguntas-de-comprension","37":"tag-textos-adaptados","38":"tag-vocabulario-sencillo","39":"cs-entry","40":"cs-video-wrap"},"yoast_head":"<!-- This site is optimized with the Yoast SEO plugin v27.5 - https:\/\/yoast.com\/product\/yoast-seo-wordpress\/ -->\n<title>Cuadernillo de cuentos para lectura en voz alta - 2026<\/title>\n<meta name=\"description\" content=\"Leer en voz alta es una excelente manera de fomentar esta habilidad, ya que permite a los ni\u00f1os no solo decodificar las palabras, sino...\" \/>\n<meta name=\"robots\" content=\"index, follow, max-snippet:-1, max-image-preview:large, max-video-preview:-1\" \/>\n<link rel=\"canonical\" href=\"https:\/\/webdelmaestrocmf.com\/portal\/cuadernillo-de-cuentos-para-lectura-en-voz-alta\/\" \/>\n<meta property=\"og:locale\" content=\"es_ES\" \/>\n<meta property=\"og:type\" content=\"article\" \/>\n<meta property=\"og:title\" content=\"Cuadernillo de cuentos para lectura en voz alta - 2026\" \/>\n<meta property=\"og:description\" content=\"Leer en voz alta es una excelente manera de fomentar esta habilidad, ya que permite a los ni\u00f1os no solo decodificar las palabras, sino...\" \/>\n<meta property=\"og:url\" content=\"https:\/\/webdelmaestrocmf.com\/portal\/cuadernillo-de-cuentos-para-lectura-en-voz-alta\/\" \/>\n<meta property=\"og:site_name\" content=\"Web del Maestro CMF\" \/>\n<meta property=\"article:publisher\" content=\"https:\/\/www.facebook.com\/WebdelMaestroCMF\/\" \/>\n<meta property=\"article:author\" content=\"https:\/\/www.facebook.com\/WebdelMaestroCMF\/\" \/>\n<meta property=\"article:published_time\" content=\"2023-09-29T14:29:51+00:00\" \/>\n<meta property=\"article:modified_time\" content=\"2023-09-30T13:55:21+00:00\" \/>\n<meta property=\"og:image\" content=\"https:\/\/i0.wp.com\/webdelmaestrocmf.com\/portal\/wp-content\/uploads\/2023\/09\/A12B3C4D-50.jpg?fit=900%2C556&ssl=1\" \/>\n\t<meta property=\"og:image:width\" content=\"900\" \/>\n\t<meta property=\"og:image:height\" content=\"556\" \/>\n\t<meta property=\"og:image:type\" content=\"image\/jpeg\" \/>\n<meta name=\"author\" content=\"Web del Maestro CMF\" \/>\n<meta name=\"twitter:card\" content=\"summary_large_image\" \/>\n<meta name=\"twitter:creator\" content=\"@cmf_w\" \/>\n<meta name=\"twitter:site\" content=\"@cmf_w\" \/>\n<script type=\"application\/ld+json\" class=\"yoast-schema-graph\">{\"@context\":\"https:\\\/\\\/schema.org\",\"@graph\":[{\"@type\":\"ScholarlyArticle\",\"@id\":\"https:\\\/\\\/webdelmaestrocmf.com\\\/portal\\\/cuadernillo-de-cuentos-para-lectura-en-voz-alta\\\/#article\",\"isPartOf\":{\"@id\":\"https:\\\/\\\/webdelmaestrocmf.com\\\/portal\\\/cuadernillo-de-cuentos-para-lectura-en-voz-alta\\\/\"},\"author\":{\"name\":\"Web del Maestro CMF\",\"@id\":\"https:\\\/\\\/webdelmaestrocmf.com\\\/portal\\\/#\\\/schema\\\/person\\\/1072a2ed7bd960df8ef99a551fa35dc5\"},\"headline\":\"Cuadernillo de cuentos para lectura en voz alta\",\"datePublished\":\"2023-09-29T14:29:51+00:00\",\"dateModified\":\"2023-09-30T13:55:21+00:00\",\"mainEntityOfPage\":{\"@id\":\"https:\\\/\\\/webdelmaestrocmf.com\\\/portal\\\/cuadernillo-de-cuentos-para-lectura-en-voz-alta\\\/\"},\"wordCount\":818,\"commentCount\":0,\"publisher\":{\"@id\":\"https:\\\/\\\/webdelmaestrocmf.com\\\/portal\\\/#organization\"},\"image\":{\"@id\":\"https:\\\/\\\/webdelmaestrocmf.com\\\/portal\\\/cuadernillo-de-cuentos-para-lectura-en-voz-alta\\\/#primaryimage\"},\"thumbnailUrl\":\"https:\\\/\\\/webdelmaestrocmf.com\\\/portal\\\/wp-content\\\/uploads\\\/2023\\\/09\\\/A12B3C4D-50.jpg\",\"keywords\":[\"Actividades educativas\",\"Comprensi\u00f3n de cuentos\",\"Comprensi\u00f3n de extractos\",\"Comprensi\u00f3n de texto\",\"Comprensi\u00f3n Lectora\",\"Comprensi\u00f3n literaria\",\"Comprensi\u00f3n oral\",\"Cuadernillo de cuentos\",\"Cuentos para ni\u00f1os\",\"decodificaci\u00f3n\",\"desarrollo acad\u00e9mico\",\"Desarrollo de habilidades\",\"educaci\u00f3n infantil\",\"educaci\u00f3n primaria\",\"Ejercicios de lectura\",\"estrategias de comprensi\u00f3n\",\"Evaluaci\u00f3n de lectura\",\"Fomento de la Lectura\",\"habilidades de lectura\",\"habilidades ling\u00fc\u00edsticas\",\"Lectura cr\u00edtica\",\"Lectura en voz alta\",\"Lectura flu\u00edda\",\"literatura infantil\",\"Nivel de primer grado\",\"Pr\u00e1ctica de lectura\",\"Preguntas de comprensi\u00f3n\",\"Textos adaptados\",\"Vocabulario sencillo\"],\"articleSection\":[\"Cuadernillos\",\"Leer\",\"Recursos\"],\"inLanguage\":\"es\",\"potentialAction\":[{\"@type\":\"CommentAction\",\"name\":\"Comment\",\"target\":[\"https:\\\/\\\/webdelmaestrocmf.com\\\/portal\\\/cuadernillo-de-cuentos-para-lectura-en-voz-alta\\\/#respond\"]}]},{\"@type\":\"WebPage\",\"@id\":\"https:\\\/\\\/webdelmaestrocmf.com\\\/portal\\\/cuadernillo-de-cuentos-para-lectura-en-voz-alta\\\/\",\"url\":\"https:\\\/\\\/webdelmaestrocmf.com\\\/portal\\\/cuadernillo-de-cuentos-para-lectura-en-voz-alta\\\/\",\"name\":\"Cuadernillo de cuentos para lectura en voz alta - 2026\",\"isPartOf\":{\"@id\":\"https:\\\/\\\/webdelmaestrocmf.com\\\/portal\\\/#website\"},\"primaryImageOfPage\":{\"@id\":\"https:\\\/\\\/webdelmaestrocmf.com\\\/portal\\\/cuadernillo-de-cuentos-para-lectura-en-voz-alta\\\/#primaryimage\"},\"image\":{\"@id\":\"https:\\\/\\\/webdelmaestrocmf.com\\\/portal\\\/cuadernillo-de-cuentos-para-lectura-en-voz-alta\\\/#primaryimage\"},\"thumbnailUrl\":\"https:\\\/\\\/webdelmaestrocmf.com\\\/portal\\\/wp-content\\\/uploads\\\/2023\\\/09\\\/A12B3C4D-50.jpg\",\"datePublished\":\"2023-09-29T14:29:51+00:00\",\"dateModified\":\"2023-09-30T13:55:21+00:00\",\"description\":\"Leer en voz alta es una excelente manera de fomentar esta habilidad, ya que permite a los ni\u00f1os no solo decodificar las palabras, sino...\",\"breadcrumb\":{\"@id\":\"https:\\\/\\\/webdelmaestrocmf.com\\\/portal\\\/cuadernillo-de-cuentos-para-lectura-en-voz-alta\\\/#breadcrumb\"},\"inLanguage\":\"es\",\"potentialAction\":[{\"@type\":\"ReadAction\",\"target\":[\"https:\\\/\\\/webdelmaestrocmf.com\\\/portal\\\/cuadernillo-de-cuentos-para-lectura-en-voz-alta\\\/\"]}]},{\"@type\":\"ImageObject\",\"inLanguage\":\"es\",\"@id\":\"https:\\\/\\\/webdelmaestrocmf.com\\\/portal\\\/cuadernillo-de-cuentos-para-lectura-en-voz-alta\\\/#primaryimage\",\"url\":\"https:\\\/\\\/webdelmaestrocmf.com\\\/portal\\\/wp-content\\\/uploads\\\/2023\\\/09\\\/A12B3C4D-50.jpg\",\"contentUrl\":\"https:\\\/\\\/webdelmaestrocmf.com\\\/portal\\\/wp-content\\\/uploads\\\/2023\\\/09\\\/A12B3C4D-50.jpg\",\"width\":900,\"height\":556},{\"@type\":\"BreadcrumbList\",\"@id\":\"https:\\\/\\\/webdelmaestrocmf.com\\\/portal\\\/cuadernillo-de-cuentos-para-lectura-en-voz-alta\\\/#breadcrumb\",\"itemListElement\":[{\"@type\":\"ListItem\",\"position\":1,\"name\":\"Portada\",\"item\":\"https:\\\/\\\/webdelmaestrocmf.com\\\/portal\\\/\"},{\"@type\":\"ListItem\",\"position\":2,\"name\":\"Recursos\",\"item\":\"https:\\\/\\\/webdelmaestrocmf.com\\\/portal\\\/category\\\/pedagogia\\\/\"},{\"@type\":\"ListItem\",\"position\":3,\"name\":\"Cuadernillo de cuentos para lectura en voz alta\"}]},{\"@type\":\"WebSite\",\"@id\":\"https:\\\/\\\/webdelmaestrocmf.com\\\/portal\\\/#website\",\"url\":\"https:\\\/\\\/webdelmaestrocmf.com\\\/portal\\\/\",\"name\":\"Web del Maestro CMF\",\"description\":\"Maestros al servicio de la educaci\u00f3n\",\"publisher\":{\"@id\":\"https:\\\/\\\/webdelmaestrocmf.com\\\/portal\\\/#organization\"},\"alternateName\":\"WMCMF\",\"potentialAction\":[{\"@type\":\"SearchAction\",\"target\":{\"@type\":\"EntryPoint\",\"urlTemplate\":\"https:\\\/\\\/webdelmaestrocmf.com\\\/portal\\\/?s={search_term_string}\"},\"query-input\":{\"@type\":\"PropertyValueSpecification\",\"valueRequired\":true,\"valueName\":\"search_term_string\"}}],\"inLanguage\":\"es\"},{\"@type\":\"Organization\",\"@id\":\"https:\\\/\\\/webdelmaestrocmf.com\\\/portal\\\/#organization\",\"name\":\"Web del Maestro CMF\",\"alternateName\":\"WMCMF\",\"url\":\"https:\\\/\\\/webdelmaestrocmf.com\\\/portal\\\/\",\"logo\":{\"@type\":\"ImageObject\",\"inLanguage\":\"es\",\"@id\":\"https:\\\/\\\/webdelmaestrocmf.com\\\/portal\\\/#\\\/schema\\\/logo\\\/image\\\/\",\"url\":\"https:\\\/\\\/webdelmaestrocmf.com\\\/portal\\\/wp-content\\\/uploads\\\/2023\\\/01\\\/logo-wmcmf-2.png\",\"contentUrl\":\"https:\\\/\\\/webdelmaestrocmf.com\\\/portal\\\/wp-content\\\/uploads\\\/2023\\\/01\\\/logo-wmcmf-2.png\",\"width\":200,\"height\":60,\"caption\":\"Web del Maestro CMF\"},\"image\":{\"@id\":\"https:\\\/\\\/webdelmaestrocmf.com\\\/portal\\\/#\\\/schema\\\/logo\\\/image\\\/\"},\"sameAs\":[\"https:\\\/\\\/www.facebook.com\\\/WebdelMaestroCMF\\\/\",\"https:\\\/\\\/x.com\\\/cmf_w\",\"https:\\\/\\\/www.pinterest.com\\\/WMCMF\\\/\",\"https:\\\/\\\/www.linkedin.com\\\/company\\\/web-del-maestro-cmf\\\/\",\"https:\\\/\\\/www.instagram.com\\\/wmcmf\\\/\",\"https:\\\/\\\/www.youtube.com\\\/channel\\\/UCDPSvjbdodE5sHnC3OxutHw\",\"https:\\\/\\\/mastodon.social\\\/@wmcmf\",\"https:\\\/\\\/www.tiktok.com\\\/@webdelmaestrocmf\"]},{\"@type\":\"Person\",\"@id\":\"https:\\\/\\\/webdelmaestrocmf.com\\\/portal\\\/#\\\/schema\\\/person\\\/1072a2ed7bd960df8ef99a551fa35dc5\",\"name\":\"Web del Maestro CMF\",\"image\":{\"@type\":\"ImageObject\",\"inLanguage\":\"es\",\"@id\":\"https:\\\/\\\/secure.gravatar.com\\\/avatar\\\/23291dd5b5ae1077dcff3dbb04c3e02bd28403fa75af6d8787d5e97c5bbbe30b?s=96&d=mm&r=g\",\"url\":\"https:\\\/\\\/secure.gravatar.com\\\/avatar\\\/23291dd5b5ae1077dcff3dbb04c3e02bd28403fa75af6d8787d5e97c5bbbe30b?s=96&d=mm&r=g\",\"contentUrl\":\"https:\\\/\\\/secure.gravatar.com\\\/avatar\\\/23291dd5b5ae1077dcff3dbb04c3e02bd28403fa75af6d8787d5e97c5bbbe30b?s=96&d=mm&r=g\",\"caption\":\"Web del Maestro CMF\"},\"description\":\"Esta Web se cre\u00f3 sin fines de lucro, con fines educativos, cient\u00edficos y acad\u00e9micos, para personas que tengan dificultades y\\\/o inconvenientes en visualizar el material original. El objetivo es entregar recursos, compartir experiencias y materiales que ayuden a los padres de familia, maestros y estudiantes en su actualizaci\u00f3n y formaci\u00f3n permanente, en bien de la Educaci\u00f3n.\",\"sameAs\":[\"http:\\\/\\\/webdelmaestrocmf.com\\\/portal\",\"https:\\\/\\\/www.facebook.com\\\/WebdelMaestroCMF\\\/\",\"https:\\\/\\\/www.instagram.com\\\/wmcmf\\\/\",\"https:\\\/\\\/cl.linkedin.com\\\/company\\\/web-del-maestro-cmf\",\"https:\\\/\\\/www.pinterest.com\\\/WMCMF\\\/publicaciones\\\/\",\"https:\\\/\\\/x.com\\\/cmf_w\",\"https:\\\/\\\/www.youtube.com\\\/@WMCMF\"]}]}<\/script>\n<!-- \/ Yoast SEO plugin. -->","yoast_head_json":{"title":"Cuadernillo de cuentos para lectura en voz alta - 2026","description":"Leer en voz alta es una excelente manera de fomentar esta habilidad, ya que permite a los ni\u00f1os no solo decodificar las palabras, sino...","robots":{"index":"index","follow":"follow","max-snippet":"max-snippet:-1","max-image-preview":"max-image-preview:large","max-video-preview":"max-video-preview:-1"},"canonical":"https:\/\/webdelmaestrocmf.com\/portal\/cuadernillo-de-cuentos-para-lectura-en-voz-alta\/","og_locale":"es_ES","og_type":"article","og_title":"Cuadernillo de cuentos para lectura en voz alta - 2026","og_description":"Leer en voz alta es una excelente manera de fomentar esta habilidad, ya que permite a los ni\u00f1os no solo decodificar las palabras, sino...","og_url":"https:\/\/webdelmaestrocmf.com\/portal\/cuadernillo-de-cuentos-para-lectura-en-voz-alta\/","og_site_name":"Web del Maestro CMF","article_publisher":"https:\/\/www.facebook.com\/WebdelMaestroCMF\/","article_author":"https:\/\/www.facebook.com\/WebdelMaestroCMF\/","article_published_time":"2023-09-29T14:29:51+00:00","article_modified_time":"2023-09-30T13:55:21+00:00","og_image":[{"width":900,"height":556,"url":"https:\/\/i0.wp.com\/webdelmaestrocmf.com\/portal\/wp-content\/uploads\/2023\/09\/A12B3C4D-50.jpg?fit=900%2C556&ssl=1","type":"image\/jpeg"}],"author":"Web del Maestro CMF","twitter_card":"summary_large_image","twitter_creator":"@cmf_w","twitter_site":"@cmf_w","schema":{"@context":"https:\/\/schema.org","@graph":[{"@type":"ScholarlyArticle","@id":"https:\/\/webdelmaestrocmf.com\/portal\/cuadernillo-de-cuentos-para-lectura-en-voz-alta\/#article","isPartOf":{"@id":"https:\/\/webdelmaestrocmf.com\/portal\/cuadernillo-de-cuentos-para-lectura-en-voz-alta\/"},"author":{"name":"Web del Maestro CMF","@id":"https:\/\/webdelmaestrocmf.com\/portal\/#\/schema\/person\/1072a2ed7bd960df8ef99a551fa35dc5"},"headline":"Cuadernillo de cuentos para lectura en voz alta","datePublished":"2023-09-29T14:29:51+00:00","dateModified":"2023-09-30T13:55:21+00:00","mainEntityOfPage":{"@id":"https:\/\/webdelmaestrocmf.com\/portal\/cuadernillo-de-cuentos-para-lectura-en-voz-alta\/"},"wordCount":818,"commentCount":0,"publisher":{"@id":"https:\/\/webdelmaestrocmf.com\/portal\/#organization"},"image":{"@id":"https:\/\/webdelmaestrocmf.com\/portal\/cuadernillo-de-cuentos-para-lectura-en-voz-alta\/#primaryimage"},"thumbnailUrl":"https:\/\/webdelmaestrocmf.com\/portal\/wp-content\/uploads\/2023\/09\/A12B3C4D-50.jpg","keywords":["Actividades educativas","Comprensi\u00f3n de cuentos","Comprensi\u00f3n de extractos","Comprensi\u00f3n de texto","Comprensi\u00f3n Lectora","Comprensi\u00f3n literaria","Comprensi\u00f3n oral","Cuadernillo de cuentos","Cuentos para ni\u00f1os","decodificaci\u00f3n","desarrollo acad\u00e9mico","Desarrollo de habilidades","educaci\u00f3n infantil","educaci\u00f3n primaria","Ejercicios de lectura","estrategias de comprensi\u00f3n","Evaluaci\u00f3n de lectura","Fomento de la Lectura","habilidades de lectura","habilidades ling\u00fc\u00edsticas","Lectura cr\u00edtica","Lectura en voz alta","Lectura flu\u00edda","literatura infantil","Nivel de primer grado","Pr\u00e1ctica de lectura","Preguntas de comprensi\u00f3n","Textos adaptados","Vocabulario sencillo"],"articleSection":["Cuadernillos","Leer","Recursos"],"inLanguage":"es","potentialAction":[{"@type":"CommentAction","name":"Comment","target":["https:\/\/webdelmaestrocmf.com\/portal\/cuadernillo-de-cuentos-para-lectura-en-voz-alta\/#respond"]}]},{"@type":"WebPage","@id":"https:\/\/webdelmaestrocmf.com\/portal\/cuadernillo-de-cuentos-para-lectura-en-voz-alta\/","url":"https:\/\/webdelmaestrocmf.com\/portal\/cuadernillo-de-cuentos-para-lectura-en-voz-alta\/","name":"Cuadernillo de cuentos para lectura en voz alta - 2026","isPartOf":{"@id":"https:\/\/webdelmaestrocmf.com\/portal\/#website"},"primaryImageOfPage":{"@id":"https:\/\/webdelmaestrocmf.com\/portal\/cuadernillo-de-cuentos-para-lectura-en-voz-alta\/#primaryimage"},"image":{"@id":"https:\/\/webdelmaestrocmf.com\/portal\/cuadernillo-de-cuentos-para-lectura-en-voz-alta\/#primaryimage"},"thumbnailUrl":"https:\/\/webdelmaestrocmf.com\/portal\/wp-content\/uploads\/2023\/09\/A12B3C4D-50.jpg","datePublished":"2023-09-29T14:29:51+00:00","dateModified":"2023-09-30T13:55:21+00:00","description":"Leer en voz alta es una excelente manera de fomentar esta habilidad, ya que permite a los ni\u00f1os no solo decodificar las palabras, sino...","breadcrumb":{"@id":"https:\/\/webdelmaestrocmf.com\/portal\/cuadernillo-de-cuentos-para-lectura-en-voz-alta\/#breadcrumb"},"inLanguage":"es","potentialAction":[{"@type":"ReadAction","target":["https:\/\/webdelmaestrocmf.com\/portal\/cuadernillo-de-cuentos-para-lectura-en-voz-alta\/"]}]},{"@type":"ImageObject","inLanguage":"es","@id":"https:\/\/webdelmaestrocmf.com\/portal\/cuadernillo-de-cuentos-para-lectura-en-voz-alta\/#primaryimage","url":"https:\/\/webdelmaestrocmf.com\/portal\/wp-content\/uploads\/2023\/09\/A12B3C4D-50.jpg","contentUrl":"https:\/\/webdelmaestrocmf.com\/portal\/wp-content\/uploads\/2023\/09\/A12B3C4D-50.jpg","width":900,"height":556},{"@type":"BreadcrumbList","@id":"https:\/\/webdelmaestrocmf.com\/portal\/cuadernillo-de-cuentos-para-lectura-en-voz-alta\/#breadcrumb","itemListElement":[{"@type":"ListItem","position":1,"name":"Portada","item":"https:\/\/webdelmaestrocmf.com\/portal\/"},{"@type":"ListItem","position":2,"name":"Recursos","item":"https:\/\/webdelmaestrocmf.com\/portal\/category\/pedagogia\/"},{"@type":"ListItem","position":3,"name":"Cuadernillo de cuentos para lectura en voz alta"}]},{"@type":"WebSite","@id":"https:\/\/webdelmaestrocmf.com\/portal\/#website","url":"https:\/\/webdelmaestrocmf.com\/portal\/","name":"Web del Maestro CMF","description":"Maestros al servicio de la educaci\u00f3n","publisher":{"@id":"https:\/\/webdelmaestrocmf.com\/portal\/#organization"},"alternateName":"WMCMF","potentialAction":[{"@type":"SearchAction","target":{"@type":"EntryPoint","urlTemplate":"https:\/\/webdelmaestrocmf.com\/portal\/?s={search_term_string}"},"query-input":{"@type":"PropertyValueSpecification","valueRequired":true,"valueName":"search_term_string"}}],"inLanguage":"es"},{"@type":"Organization","@id":"https:\/\/webdelmaestrocmf.com\/portal\/#organization","name":"Web del Maestro CMF","alternateName":"WMCMF","url":"https:\/\/webdelmaestrocmf.com\/portal\/","logo":{"@type":"ImageObject","inLanguage":"es","@id":"https:\/\/webdelmaestrocmf.com\/portal\/#\/schema\/logo\/image\/","url":"https:\/\/webdelmaestrocmf.com\/portal\/wp-content\/uploads\/2023\/01\/logo-wmcmf-2.png","contentUrl":"https:\/\/webdelmaestrocmf.com\/portal\/wp-content\/uploads\/2023\/01\/logo-wmcmf-2.png","width":200,"height":60,"caption":"Web del Maestro CMF"},"image":{"@id":"https:\/\/webdelmaestrocmf.com\/portal\/#\/schema\/logo\/image\/"},"sameAs":["https:\/\/www.facebook.com\/WebdelMaestroCMF\/","https:\/\/x.com\/cmf_w","https:\/\/www.pinterest.com\/WMCMF\/","https:\/\/www.linkedin.com\/company\/web-del-maestro-cmf\/","https:\/\/www.instagram.com\/wmcmf\/","https:\/\/www.youtube.com\/channel\/UCDPSvjbdodE5sHnC3OxutHw","https:\/\/mastodon.social\/@wmcmf","https:\/\/www.tiktok.com\/@webdelmaestrocmf"]},{"@type":"Person","@id":"https:\/\/webdelmaestrocmf.com\/portal\/#\/schema\/person\/1072a2ed7bd960df8ef99a551fa35dc5","name":"Web del Maestro CMF","image":{"@type":"ImageObject","inLanguage":"es","@id":"https:\/\/secure.gravatar.com\/avatar\/23291dd5b5ae1077dcff3dbb04c3e02bd28403fa75af6d8787d5e97c5bbbe30b?s=96&d=mm&r=g","url":"https:\/\/secure.gravatar.com\/avatar\/23291dd5b5ae1077dcff3dbb04c3e02bd28403fa75af6d8787d5e97c5bbbe30b?s=96&d=mm&r=g","contentUrl":"https:\/\/secure.gravatar.com\/avatar\/23291dd5b5ae1077dcff3dbb04c3e02bd28403fa75af6d8787d5e97c5bbbe30b?s=96&d=mm&r=g","caption":"Web del Maestro CMF"},"description":"Esta Web se cre\u00f3 sin fines de lucro, con fines educativos, cient\u00edficos y acad\u00e9micos, para personas que tengan dificultades y\/o inconvenientes en visualizar el material original. El objetivo es entregar recursos, compartir experiencias y materiales que ayuden a los padres de familia, maestros y estudiantes en su actualizaci\u00f3n y formaci\u00f3n permanente, en bien de la Educaci\u00f3n.","sameAs":["http:\/\/webdelmaestrocmf.com\/portal","https:\/\/www.facebook.com\/WebdelMaestroCMF\/","https:\/\/www.instagram.com\/wmcmf\/","https:\/\/cl.linkedin.com\/company\/web-del-maestro-cmf","https:\/\/www.pinterest.com\/WMCMF\/publicaciones\/","https:\/\/x.com\/cmf_w","https:\/\/www.youtube.com\/@WMCMF"]}]}},"jetpack_featured_media_url":"https:\/\/webdelmaestrocmf.com\/portal\/wp-content\/uploads\/2023\/09\/A12B3C4D-50.jpg","jetpack_sharing_enabled":true,"jetpack-related-posts":[{"id":118355,"url":"https:\/\/webdelmaestrocmf.com\/portal\/dia-del-nino-aprende-reflexiona-y-fortalece-la-comprension-lectora-descarga-el-cuadernillo-listo-para-usar\/","url_meta":{"origin":96199,"position":0},"title":"D\u00eda del Ni\u00f1o: aprende, reflexiona y fortalece la comprensi\u00f3n lectora | Descarga el cuadernillo sobre el \u00abD\u00eda del ni\u00f1o\u00bb listo para usar","author":"Web del Maestro CMF","date":"27 abril, 2026","format":false,"excerpt":"El D\u00eda del Ni\u00f1o es una oportunidad educativa para fortalecer la comprensi\u00f3n lectora, promover valores y desarrollar el pensamiento cr\u00edtico mediante lecturas significativas y actividades que conectan con la realidad infantil.","rel":"","context":"En \u00abDescarga\u00bb","block_context":{"text":"Descarga","link":"https:\/\/webdelmaestrocmf.com\/portal\/category\/descarga\/"},"img":{"alt_text":"","src":"https:\/\/i0.wp.com\/webdelmaestrocmf.com\/portal\/wp-content\/uploads\/2026\/04\/1AA-Banner-1-portada-imagen-10-1-copia-35.webp?resize=350%2C200&ssl=1","width":350,"height":200,"srcset":"https:\/\/i0.wp.com\/webdelmaestrocmf.com\/portal\/wp-content\/uploads\/2026\/04\/1AA-Banner-1-portada-imagen-10-1-copia-35.webp?resize=350%2C200&ssl=1 1x, https:\/\/i0.wp.com\/webdelmaestrocmf.com\/portal\/wp-content\/uploads\/2026\/04\/1AA-Banner-1-portada-imagen-10-1-copia-35.webp?resize=525%2C300&ssl=1 1.5x, https:\/\/i0.wp.com\/webdelmaestrocmf.com\/portal\/wp-content\/uploads\/2026\/04\/1AA-Banner-1-portada-imagen-10-1-copia-35.webp?resize=700%2C400&ssl=1 2x, https:\/\/i0.wp.com\/webdelmaestrocmf.com\/portal\/wp-content\/uploads\/2026\/04\/1AA-Banner-1-portada-imagen-10-1-copia-35.webp?resize=1050%2C600&ssl=1 3x"},"classes":[]},{"id":94448,"url":"https:\/\/webdelmaestrocmf.com\/portal\/cuadernillo-de-lectura-rapida-para-ninos-mejorar-la-fluidez-volumen-y-comprension-lectora-mejora-la-fluidez-volumen-y-comprension-lectora\/","url_meta":{"origin":96199,"position":1},"title":"Cuadernillo de lectura r\u00e1pida para ni\u00f1os: mejorar la fluidez, volumen y comprensi\u00f3n lectora","author":"Web del Maestro CMF","date":"8 septiembre, 2023","format":false,"excerpt":"La lectura es una habilidad esencial que desempe\u00f1a un papel fundamental en el desarrollo cognitivo de los ni\u00f1os. Adem\u00e1s de ser un veh\u00edculo para el aprendizaje, la lectura tambi\u00e9n fomenta la imaginaci\u00f3n, la empat\u00eda y el pensamiento cr\u00edtico. Para ayudar a los ni\u00f1os a mejorar su fluidez, volumen y comprensi\u00f3n\u2026","rel":"","context":"En \u00abCuadernillos\u00bb","block_context":{"text":"Cuadernillos","link":"https:\/\/webdelmaestrocmf.com\/portal\/category\/pedagogia\/cuadernillos\/"},"img":{"alt_text":"","src":"https:\/\/i0.wp.com\/webdelmaestrocmf.com\/portal\/wp-content\/uploads\/2023\/09\/1A-Banner-1-portada-imagen-10-1-28.jpg?resize=350%2C200&ssl=1","width":350,"height":200,"srcset":"https:\/\/i0.wp.com\/webdelmaestrocmf.com\/portal\/wp-content\/uploads\/2023\/09\/1A-Banner-1-portada-imagen-10-1-28.jpg?resize=350%2C200&ssl=1 1x, https:\/\/i0.wp.com\/webdelmaestrocmf.com\/portal\/wp-content\/uploads\/2023\/09\/1A-Banner-1-portada-imagen-10-1-28.jpg?resize=525%2C300&ssl=1 1.5x, https:\/\/i0.wp.com\/webdelmaestrocmf.com\/portal\/wp-content\/uploads\/2023\/09\/1A-Banner-1-portada-imagen-10-1-28.jpg?resize=700%2C400&ssl=1 2x"},"classes":[]},{"id":118087,"url":"https:\/\/webdelmaestrocmf.com\/portal\/cuadernillo-del-dia-de-la-tierra-lecturas-para-fortalecer-la-comprension-lectora-en-ninos-de-5-a-9-anos\/","url_meta":{"origin":96199,"position":2},"title":"Cuadernillo del D\u00eda de la Tierra: Lecturas para fortalecer la comprensi\u00f3n lectora en ni\u00f1os de 5 a 9 a\u00f1os","author":"Web del Maestro CMF","date":"21 abril, 2026","format":false,"excerpt":"Cuadernillo del D\u00eda de la Tierra con lecturas significativas que fortalecen la comprensi\u00f3n lectora y la conciencia ambiental en ni\u00f1os de 5 a 9 a\u00f1os, mediante actividades reflexivas, cr\u00edticas y creativas.","rel":"","context":"En \u00abDescarga\u00bb","block_context":{"text":"Descarga","link":"https:\/\/webdelmaestrocmf.com\/portal\/category\/descarga\/"},"img":{"alt_text":"","src":"https:\/\/i0.wp.com\/webdelmaestrocmf.com\/portal\/wp-content\/uploads\/2026\/04\/1AA-Banner-1-portada-imagen-10-1-copia-27.webp?resize=350%2C200&ssl=1","width":350,"height":200,"srcset":"https:\/\/i0.wp.com\/webdelmaestrocmf.com\/portal\/wp-content\/uploads\/2026\/04\/1AA-Banner-1-portada-imagen-10-1-copia-27.webp?resize=350%2C200&ssl=1 1x, https:\/\/i0.wp.com\/webdelmaestrocmf.com\/portal\/wp-content\/uploads\/2026\/04\/1AA-Banner-1-portada-imagen-10-1-copia-27.webp?resize=525%2C300&ssl=1 1.5x, https:\/\/i0.wp.com\/webdelmaestrocmf.com\/portal\/wp-content\/uploads\/2026\/04\/1AA-Banner-1-portada-imagen-10-1-copia-27.webp?resize=700%2C400&ssl=1 2x, https:\/\/i0.wp.com\/webdelmaestrocmf.com\/portal\/wp-content\/uploads\/2026\/04\/1AA-Banner-1-portada-imagen-10-1-copia-27.webp?resize=1050%2C600&ssl=1 3x"},"classes":[]},{"id":96068,"url":"https:\/\/webdelmaestrocmf.com\/portal\/cuadernillo-de-lectura-con-ejercicios-de-comprension-lectora\/","url_meta":{"origin":96199,"position":3},"title":"Cuadernillo de lectura con ejercicios de comprensi\u00f3n lectora","author":"Web del Maestro CMF","date":"27 septiembre, 2023","format":false,"excerpt":"La comprensi\u00f3n lectora es una habilidad crucial en la educaci\u00f3n de cualquier estudiante. Sin una s\u00f3lida base en esta \u00e1rea, el aprendizaje en todas las disciplinas se ve comprometido. Es por eso que el cuaderno de lectura se erige como una herramienta esencial tanto para alumnos como para docentes. En\u2026","rel":"","context":"En \u00abCuadernillos\u00bb","block_context":{"text":"Cuadernillos","link":"https:\/\/webdelmaestrocmf.com\/portal\/category\/pedagogia\/cuadernillos\/"},"img":{"alt_text":"","src":"https:\/\/i0.wp.com\/webdelmaestrocmf.com\/portal\/wp-content\/uploads\/2023\/09\/1A-Banner-1-portada-imagen-10-1-1.jpg?resize=350%2C200&ssl=1","width":350,"height":200,"srcset":"https:\/\/i0.wp.com\/webdelmaestrocmf.com\/portal\/wp-content\/uploads\/2023\/09\/1A-Banner-1-portada-imagen-10-1-1.jpg?resize=350%2C200&ssl=1 1x, https:\/\/i0.wp.com\/webdelmaestrocmf.com\/portal\/wp-content\/uploads\/2023\/09\/1A-Banner-1-portada-imagen-10-1-1.jpg?resize=525%2C300&ssl=1 1.5x, https:\/\/i0.wp.com\/webdelmaestrocmf.com\/portal\/wp-content\/uploads\/2023\/09\/1A-Banner-1-portada-imagen-10-1-1.jpg?resize=700%2C400&ssl=1 2x"},"classes":[]},{"id":100097,"url":"https:\/\/webdelmaestrocmf.com\/portal\/60-ejercicios-esenciales-para-compresion-lectora\/","url_meta":{"origin":96199,"position":4},"title":"60 ejercicios de comprensi\u00f3n lectora esenciales para ni\u00f1os","author":"Web del Maestro CMF","date":"13 noviembre, 2023","format":false,"excerpt":"La habilidad de comprensi\u00f3n lectora es esencial en el proceso de aprendizaje y desarrollo personal. Este art\u00edculo explora la importancia de los ejercicios de comprensi\u00f3n lectora y presentamos un cuaderno o cuadernillo en donde podr\u00e1 descargar los 60 ejercicios de compresi\u00f3n lectora, dise\u00f1adas para fortalecer esta habilidad en los ni\u00f1os.\u2026","rel":"","context":"En \u00abComprensi\u00f3n lectora\u00bb","block_context":{"text":"Comprensi\u00f3n lectora","link":"https:\/\/webdelmaestrocmf.com\/portal\/category\/pedagogia\/comprension-lectora\/"},"img":{"alt_text":"ejercicios de comprensi\u00f3n lectora","src":"https:\/\/i0.wp.com\/webdelmaestrocmf.com\/portal\/wp-content\/uploads\/2023\/11\/A12B3C4D-9-1.jpg?resize=350%2C200&ssl=1","width":350,"height":200,"srcset":"https:\/\/i0.wp.com\/webdelmaestrocmf.com\/portal\/wp-content\/uploads\/2023\/11\/A12B3C4D-9-1.jpg?resize=350%2C200&ssl=1 1x, https:\/\/i0.wp.com\/webdelmaestrocmf.com\/portal\/wp-content\/uploads\/2023\/11\/A12B3C4D-9-1.jpg?resize=525%2C300&ssl=1 1.5x, https:\/\/i0.wp.com\/webdelmaestrocmf.com\/portal\/wp-content\/uploads\/2023\/11\/A12B3C4D-9-1.jpg?resize=700%2C400&ssl=1 2x"},"classes":[]},{"id":97129,"url":"https:\/\/webdelmaestrocmf.com\/portal\/ejercicios-para-mejorar-la-comprension-lectora\/","url_meta":{"origin":96199,"position":5},"title":"Ejercicios para mejorar la Comprensi\u00f3n Lectora","author":"Web del Maestro CMF","date":"10 octubre, 2023","format":false,"excerpt":"La comprensi\u00f3n lectora es una habilidad fundamental para el aprendizaje, ya que permite a los estudiantes entender lo que leen. Es importante que los ni\u00f1os desarrollen esta habilidad desde temprana edad para que puedan tener \u00e9xito en la escuela y en la vida. Solemos creer que, con el solo hecho\u2026","rel":"","context":"En \u00abComprensi\u00f3n lectora\u00bb","block_context":{"text":"Comprensi\u00f3n lectora","link":"https:\/\/webdelmaestrocmf.com\/portal\/category\/pedagogia\/comprension-lectora\/"},"img":{"alt_text":"Comprensi\u00f3n Lectora","src":"https:\/\/i0.wp.com\/webdelmaestrocmf.com\/portal\/wp-content\/uploads\/2023\/10\/A12B3C4D-35.jpg?resize=350%2C200&ssl=1","width":350,"height":200,"srcset":"https:\/\/i0.wp.com\/webdelmaestrocmf.com\/portal\/wp-content\/uploads\/2023\/10\/A12B3C4D-35.jpg?resize=350%2C200&ssl=1 1x, https:\/\/i0.wp.com\/webdelmaestrocmf.com\/portal\/wp-content\/uploads\/2023\/10\/A12B3C4D-35.jpg?resize=525%2C300&ssl=1 1.5x, https:\/\/i0.wp.com\/webdelmaestrocmf.com\/portal\/wp-content\/uploads\/2023\/10\/A12B3C4D-35.jpg?resize=700%2C400&ssl=1 2x"},"classes":[]}],"_links":{"self":[{"href":"https:\/\/webdelmaestrocmf.com\/portal\/wp-json\/wp\/v2\/posts\/96199","targetHints":{"allow":["GET"]}}],"collection":[{"href":"https:\/\/webdelmaestrocmf.com\/portal\/wp-json\/wp\/v2\/posts"}],"about":[{"href":"https:\/\/webdelmaestrocmf.com\/portal\/wp-json\/wp\/v2\/types\/post"}],"author":[{"embeddable":true,"href":"https:\/\/webdelmaestrocmf.com\/portal\/wp-json\/wp\/v2\/users\/1"}],"replies":[{"embeddable":true,"href":"https:\/\/webdelmaestrocmf.com\/portal\/wp-json\/wp\/v2\/comments?post=96199"}],"version-history":[{"count":0,"href":"https:\/\/webdelmaestrocmf.com\/portal\/wp-json\/wp\/v2\/posts\/96199\/revisions"}],"wp:featuredmedia":[{"embeddable":true,"href":"https:\/\/webdelmaestrocmf.com\/portal\/wp-json\/wp\/v2\/media\/96205"}],"wp:attachment":[{"href":"https:\/\/webdelmaestrocmf.com\/portal\/wp-json\/wp\/v2\/media?parent=96199"}],"wp:term":[{"taxonomy":"category","embeddable":true,"href":"https:\/\/webdelmaestrocmf.com\/portal\/wp-json\/wp\/v2\/categories?post=96199"},{"taxonomy":"post_tag","embeddable":true,"href":"https:\/\/webdelmaestrocmf.com\/portal\/wp-json\/wp\/v2\/tags?post=96199"}],"curies":[{"name":"wp","href":"https:\/\/api.w.org\/{rel}","templated":true}]}}