{"id":96093,"date":"2023-09-27T21:19:03","date_gmt":"2023-09-28T00:19:03","guid":{"rendered":"https:\/\/webdelmaestrocmf.com\/portal\/?p=96093"},"modified":"2023-09-28T09:52:38","modified_gmt":"2023-09-28T12:52:38","slug":"guia-para-el-uso-de-los-reportes-y-analisis-de-los-resultados-2023-2024","status":"publish","type":"post","link":"https:\/\/webdelmaestrocmf.com\/portal\/guia-para-el-uso-de-los-reportes-y-analisis-de-los-resultados-2023-2024\/","title":{"rendered":"Gu\u00eda para el uso de los reportes y an\u00e1lisis de los resultados 2023 &#8211; 2024"},"content":{"rendered":"<p style=\"text-align: justify;\"><strong>La evaluaci\u00f3n educativa es una herramienta fundamental para medir el progreso y desempe\u00f1o de los estudiantes en su proceso de aprendizaje. El Sistema de Captura y Calificaci\u00f3n Digital (SCyCD) ha simplificado el proceso de recopilaci\u00f3n y an\u00e1lisis de resultados en M\u00e9xico, brindando a directivos y personal docente una valiosa fuente de informaci\u00f3n para mejorar la calidad de la educaci\u00f3n.<\/strong> <!--more--><\/p>\n<p style=\"text-align: justify;\">Esta gu\u00eda tiene como objetivo ayudar a comprender y aprovechar los reportes y an\u00e1lisis de resultados proporcionados por el SCyCD.\u00a0<a href=\"http:\/\/planea.sep.gob.mx\/content\/Diagnostica\/docs\/2023_GuiaAnalisisYusoResultados.pdf?fbclid=IwAR2HjQEKi1lcffLrDHE7AGnjTtMlHl7Tx5ARNKIhPU8xayuvdxsWFtg4048\" target=\"_blank\" rel=\"noopener\">Gu\u00eda para el Uso de los Reportes y An\u00e1lisis de los Resultados.<\/a><\/p>\n<h5 style=\"text-align: justify;\"><strong>1. Reporte \u00abCantidad y Porcentaje de Aciertos por Estudiante\u00bb<\/strong><\/h5>\n<p style=\"text-align: justify;\">Este reporte ofrece una visi\u00f3n detallada del desempe\u00f1o de cada estudiante en la prueba. Aqu\u00ed se pueden encontrar los siguientes elementos:<\/p>\n<ul style=\"text-align: justify;\">\n<li>Los resultados de cada estudiante ordenados por n\u00famero de lista.<\/li>\n<li>El total y porcentaje de aciertos que obtuvo cada estudiante en la prueba.<\/li>\n<li>Las respuestas correctas resaltadas en verde y marcadas con el n\u00famero 1, lo que facilita identificar a los estudiantes con mejores o peores resultados.<\/li>\n<li>Los reactivos agrupados seg\u00fan la unidad de an\u00e1lisis.<\/li>\n<\/ul>\n<p style=\"text-align: justify;\">Este reporte proporciona informaci\u00f3n valiosa para identificar fortalezas y \u00e1reas de mejora en el aprendizaje de cada estudiante.<\/p>\n<p><img loading=\"lazy\" decoding=\"async\" class=\"alignnone wp-image-96094 size-large\" src=\"https:\/\/webdelmaestrocmf.com\/portal\/wp-content\/uploads\/2023\/09\/1-19-801x1024.jpg\" alt=\"resultados\" width=\"801\" height=\"1024\" srcset=\"https:\/\/webdelmaestrocmf.com\/portal\/wp-content\/uploads\/2023\/09\/1-19-801x1024.jpg 801w, https:\/\/webdelmaestrocmf.com\/portal\/wp-content\/uploads\/2023\/09\/1-19-235x300.jpg 235w, https:\/\/webdelmaestrocmf.com\/portal\/wp-content\/uploads\/2023\/09\/1-19-768x982.jpg 768w, https:\/\/webdelmaestrocmf.com\/portal\/wp-content\/uploads\/2023\/09\/1-19-1202x1536.jpg 1202w, https:\/\/webdelmaestrocmf.com\/portal\/wp-content\/uploads\/2023\/09\/1-19-380x486.jpg 380w, https:\/\/webdelmaestrocmf.com\/portal\/wp-content\/uploads\/2023\/09\/1-19-550x703.jpg 550w, https:\/\/webdelmaestrocmf.com\/portal\/wp-content\/uploads\/2023\/09\/1-19-800x1023.jpg 800w, https:\/\/webdelmaestrocmf.com\/portal\/wp-content\/uploads\/2023\/09\/1-19-1160x1483.jpg 1160w, https:\/\/webdelmaestrocmf.com\/portal\/wp-content\/uploads\/2023\/09\/1-19.jpg 1250w\" sizes=\"auto, (max-width: 801px) 100vw, 801px\" \/><\/p>\n<h5 style=\"text-align: justify;\"><strong>2. Gr\u00e1fica \u00abPorcentaje de Aciertos por Reactivo\u00bb<\/strong><\/h5>\n<p style=\"text-align: justify;\">Esta gr\u00e1fica muestra el porcentaje de aciertos para cada reactivo, permitiendo identificar los reactivos m\u00e1s f\u00e1ciles y dif\u00edciles para los estudiantes en funci\u00f3n de la unidad de an\u00e1lisis a la que pertenecen. Esta informaci\u00f3n es esencial para dise\u00f1ar estrategias de ense\u00f1anza m\u00e1s efectivas y centradas en las \u00e1reas de mayor dificultad.<\/p>\n<p><img loading=\"lazy\" decoding=\"async\" class=\"alignnone size-large wp-image-96095\" src=\"https:\/\/webdelmaestrocmf.com\/portal\/wp-content\/uploads\/2023\/09\/2-18-789x1024.jpg\" alt=\"\" width=\"789\" height=\"1024\" srcset=\"https:\/\/webdelmaestrocmf.com\/portal\/wp-content\/uploads\/2023\/09\/2-18-789x1024.jpg 789w, https:\/\/webdelmaestrocmf.com\/portal\/wp-content\/uploads\/2023\/09\/2-18-231x300.jpg 231w, https:\/\/webdelmaestrocmf.com\/portal\/wp-content\/uploads\/2023\/09\/2-18-768x996.jpg 768w, https:\/\/webdelmaestrocmf.com\/portal\/wp-content\/uploads\/2023\/09\/2-18-1184x1536.jpg 1184w, https:\/\/webdelmaestrocmf.com\/portal\/wp-content\/uploads\/2023\/09\/2-18-380x493.jpg 380w, https:\/\/webdelmaestrocmf.com\/portal\/wp-content\/uploads\/2023\/09\/2-18-550x714.jpg 550w, https:\/\/webdelmaestrocmf.com\/portal\/wp-content\/uploads\/2023\/09\/2-18-800x1038.jpg 800w, https:\/\/webdelmaestrocmf.com\/portal\/wp-content\/uploads\/2023\/09\/2-18-1160x1505.jpg 1160w, https:\/\/webdelmaestrocmf.com\/portal\/wp-content\/uploads\/2023\/09\/2-18.jpg 1207w\" sizes=\"auto, (max-width: 789px) 100vw, 789px\" \/><\/p>\n<h5 style=\"text-align: justify;\"><strong>3. Gr\u00e1fica \u00abPorcentaje de Aciertos por Unidades de An\u00e1lisis\u00bb<\/strong><\/h5>\n<p style=\"text-align: justify;\">Esta gr\u00e1fica presenta el porcentaje de aciertos obtenido por los estudiantes en las tres unidades de an\u00e1lisis del \u00e1rea evaluada. Estas unidades de an\u00e1lisis son agrupaciones disciplinares que ayudan a comprender mejor los resultados de la evaluaci\u00f3n diagn\u00f3stica. La informaci\u00f3n de esta gr\u00e1fica es \u00fatil para definir los temas o contenidos a considerar en la planificaci\u00f3n de la ense\u00f1anza y la recuperaci\u00f3n de aprendizajes.<\/p>\n<ul style=\"text-align: justify;\">\n<li>Para consultar descripci\u00f3n de las Unidades de an\u00e1lisis: <a href=\"http:\/\/planea.sep.gob.mx\/content\/Diagnostica\/docs\/2022_UnidadesAnalisis_Des.pdf?fbclid=IwAR2HjQEKi1lcffLrDHE7AGnjTtMlHl7Tx5ARNKIhPU8xayuvdxsWFtg4048\" target=\"_blank\" rel=\"noopener\">Unidades de An\u00e1lisis<\/a><\/li>\n<\/ul>\n<p><img loading=\"lazy\" decoding=\"async\" class=\"alignnone size-large wp-image-96096\" src=\"https:\/\/webdelmaestrocmf.com\/portal\/wp-content\/uploads\/2023\/09\/3-17-805x1024.jpg\" alt=\"\" width=\"805\" height=\"1024\" srcset=\"https:\/\/webdelmaestrocmf.com\/portal\/wp-content\/uploads\/2023\/09\/3-17-805x1024.jpg 805w, https:\/\/webdelmaestrocmf.com\/portal\/wp-content\/uploads\/2023\/09\/3-17-236x300.jpg 236w, https:\/\/webdelmaestrocmf.com\/portal\/wp-content\/uploads\/2023\/09\/3-17-768x977.jpg 768w, https:\/\/webdelmaestrocmf.com\/portal\/wp-content\/uploads\/2023\/09\/3-17-380x483.jpg 380w, https:\/\/webdelmaestrocmf.com\/portal\/wp-content\/uploads\/2023\/09\/3-17-550x699.jpg 550w, https:\/\/webdelmaestrocmf.com\/portal\/wp-content\/uploads\/2023\/09\/3-17-800x1017.jpg 800w, https:\/\/webdelmaestrocmf.com\/portal\/wp-content\/uploads\/2023\/09\/3-17-1160x1475.jpg 1160w, https:\/\/webdelmaestrocmf.com\/portal\/wp-content\/uploads\/2023\/09\/3-17.jpg 1200w\" sizes=\"auto, (max-width: 805px) 100vw, 805px\" \/><\/p>\n<h5 style=\"text-align: justify;\"><strong>4. Tabla \u00abArgumentaciones por Grupo\u00bb<\/strong><\/h5>\n<p style=\"text-align: justify;\">Esta tabla ofrece detalles sobre la argumentaci\u00f3n de la respuesta correcta y los errores m\u00e1s comunes cometidos por los estudiantes al elegir las opciones de respuesta. Esto permite identificar los conocimientos y habilidades utilizados por el grupo de estudiantes para resolver la prueba.<\/p>\n<h5 style=\"text-align: justify;\"><strong>5. Tablas Descriptivas de las Pruebas<\/strong><\/h5>\n<p style=\"text-align: justify;\">Las tablas descriptivas muestran la relaci\u00f3n entre cada reactivo de la prueba y los aprendizajes y temas del grado evaluado. Estas tablas son fundamentales para comprender c\u00f3mo se relacionan los reactivos con el programa curricular y los procesos de desarrollo del aprendizaje. Esto facilita la planificaci\u00f3n de intervenciones pedag\u00f3gicas efectivas.<\/p>\n<ul style=\"text-align: justify;\">\n<li>Para consultar las tablas descriptivas: <a href=\"http:\/\/planea.sep.gob.mx\/content\/Diagnostica\/docs\/2022_UnidadesAnalisis_Des.pdf?fbclid=IwAR2GQYUYMiKJH-be6WvqRLxKiLVkeNjYTMr2k8siU9yzekWgY3a_d9SfMH4\" target=\"_blank\" rel=\"noopener\">Tablas Descriptivas<\/a><\/li>\n<\/ul>\n<p><img loading=\"lazy\" decoding=\"async\" class=\"alignnone size-large wp-image-96097\" src=\"https:\/\/webdelmaestrocmf.com\/portal\/wp-content\/uploads\/2023\/09\/4-18-793x1024.jpg\" alt=\"\" width=\"793\" height=\"1024\" srcset=\"https:\/\/webdelmaestrocmf.com\/portal\/wp-content\/uploads\/2023\/09\/4-18-793x1024.jpg 793w, https:\/\/webdelmaestrocmf.com\/portal\/wp-content\/uploads\/2023\/09\/4-18-232x300.jpg 232w, https:\/\/webdelmaestrocmf.com\/portal\/wp-content\/uploads\/2023\/09\/4-18-768x992.jpg 768w, https:\/\/webdelmaestrocmf.com\/portal\/wp-content\/uploads\/2023\/09\/4-18-1189x1536.jpg 1189w, https:\/\/webdelmaestrocmf.com\/portal\/wp-content\/uploads\/2023\/09\/4-18-380x491.jpg 380w, https:\/\/webdelmaestrocmf.com\/portal\/wp-content\/uploads\/2023\/09\/4-18-550x711.jpg 550w, https:\/\/webdelmaestrocmf.com\/portal\/wp-content\/uploads\/2023\/09\/4-18-800x1034.jpg 800w, https:\/\/webdelmaestrocmf.com\/portal\/wp-content\/uploads\/2023\/09\/4-18-1160x1499.jpg 1160w, https:\/\/webdelmaestrocmf.com\/portal\/wp-content\/uploads\/2023\/09\/4-18.jpg 1209w\" sizes=\"auto, (max-width: 793px) 100vw, 793px\" \/><\/p>\n<h5 style=\"text-align: justify;\"><strong>6. Preguntas Abiertas o de Respuesta Construida<\/strong><\/h5>\n<p style=\"text-align: justify;\">En las pruebas diagn\u00f3sticas de 3o de primaria a 3o de secundaria, se incluyen preguntas abiertas que requieren respuestas construidas por los estudiantes. Estas preguntas permiten evaluar de manera m\u00e1s profunda el conocimiento y las habilidades de los estudiantes. Las r\u00fabricas disponibles en las \u00e1reas de Lectura, Matem\u00e1ticas y Formaci\u00f3n C\u00edvica y \u00c9tica ayudan a calificar y comprender el desempe\u00f1o de los estudiantes en estas preguntas.<\/p>\n<ul style=\"text-align: justify;\">\n<li>Para acceder a las r\u00fabricas: <a href=\"http:\/\/planea.sep.gob.mx\/Diagnostica\/Rubricas\/\" target=\"_blank\" rel=\"noopener\">R\u00fabricas de \u00c1reas de Conocimiento<\/a><\/li>\n<\/ul>\n<h5 style=\"text-align: justify;\"><strong>7. Orientaciones Did\u00e1cticas<\/strong><\/h5>\n<p style=\"text-align: justify;\">Como apoyo adicional, se han desarrollado Orientaciones Did\u00e1cticas que vinculan los resultados de las pruebas diagn\u00f3sticas con los aprendizajes esperados y los reactivos de cada grado. Estas orientaciones ofrecen al personal docente una amplia gama de posibilidades para mejorar el aprendizaje de los estudiantes en el aula.<\/p>\n<p style=\"text-align: justify;\">Es importante recordar que las pruebas de opci\u00f3n m\u00faltiple solo proporcionan una visi\u00f3n parcial de los aprendizajes de los estudiantes. Para obtener un panorama completo, se requieren otras evaluaciones cualitativas en el aula.<\/p>\n<p style=\"text-align: justify;\">En conclusi\u00f3n, el uso adecuado de los reportes y an\u00e1lisis de resultados del SCyCD es esencial para mejorar la calidad de la educaci\u00f3n. Estas herramientas brindan informaci\u00f3n valiosa que puede ser utilizada por directivos y docentes para dise\u00f1ar estrategias de ense\u00f1anza efectivas y garantizar un mejor aprendizaje para todos los estudiantes. Para acceder a estos recursos y obtener m\u00e1s informaci\u00f3n, se pueden visitar los enlaces proporcionados en esta gu\u00eda.<\/p>\n<ul>\n<li style=\"text-align: justify;\">Para acceder a las Orientaciones Did\u00e1cticas: <a href=\"http:\/\/planea.sep.gob.mx\/Diagnostica\/\" target=\"_blank\" rel=\"noopener\">Orientaciones Did\u00e1cticas<\/a><\/li>\n<\/ul>\n<p><img loading=\"lazy\" decoding=\"async\" class=\"alignnone size-large wp-image-96098\" src=\"https:\/\/webdelmaestrocmf.com\/portal\/wp-content\/uploads\/2023\/09\/5-17-789x1024.jpg\" alt=\"\" width=\"789\" height=\"1024\" srcset=\"https:\/\/webdelmaestrocmf.com\/portal\/wp-content\/uploads\/2023\/09\/5-17-789x1024.jpg 789w, https:\/\/webdelmaestrocmf.com\/portal\/wp-content\/uploads\/2023\/09\/5-17-231x300.jpg 231w, https:\/\/webdelmaestrocmf.com\/portal\/wp-content\/uploads\/2023\/09\/5-17-768x996.jpg 768w, https:\/\/webdelmaestrocmf.com\/portal\/wp-content\/uploads\/2023\/09\/5-17-1184x1536.jpg 1184w, https:\/\/webdelmaestrocmf.com\/portal\/wp-content\/uploads\/2023\/09\/5-17-380x493.jpg 380w, https:\/\/webdelmaestrocmf.com\/portal\/wp-content\/uploads\/2023\/09\/5-17-550x713.jpg 550w, https:\/\/webdelmaestrocmf.com\/portal\/wp-content\/uploads\/2023\/09\/5-17-800x1038.jpg 800w, https:\/\/webdelmaestrocmf.com\/portal\/wp-content\/uploads\/2023\/09\/5-17-1160x1505.jpg 1160w, https:\/\/webdelmaestrocmf.com\/portal\/wp-content\/uploads\/2023\/09\/5-17.jpg 1215w\" sizes=\"auto, (max-width: 789px) 100vw, 789px\" \/><\/p>\n<p style=\"text-align: right;\"><strong>REDACCI\u00d3N WEB DEL MAESTRO CMF<\/strong><\/p>\n<p style=\"text-align: center;\">Recomendamos a la Comunidad Educativa Digital tener en cuenta que, el enlace y\/o la carpeta en donde est\u00e1n alojados los libros, recursos y\/o materiales, no es administrado por la Web del Maestro CMF, pueda ser que en cuesti\u00f3n de d\u00edas (o seg\u00fan el tiempo transcurrido desde su publicaci\u00f3n), los enlaces no funcionen y el material ya no se encuentre disponible. Gracias por su comprensi\u00f3n.<\/p>\n<p style=\"text-align: center;\"><strong>ENLACE DE LECTURA:\u00a0<\/strong><a href=\"https:\/\/mega.nz\/folder\/CmB1WI6S#bgi0MPDSWPRalGKl5F0UlQ\" target=\"_blank\" rel=\"noopener\">GU\u00cdA PARA EL USO DE LOS REPORTES Y AN\u00c1LISIS DE LOS RESULTADOS 2023 &#8211; 2024<\/a><\/p>\n<p style=\"text-align: center;\"><strong>Si te sirvi\u00f3 el material, ap\u00f3yanos con un clic. Nos ayudar\u00e1 a mantener el servicio. \u00a1Comparte y as\u00ed m\u00e1s docentes utilizar\u00e1n estos recursos gratis! Muchas gracias.<\/strong><\/p>\n<p><img decoding=\"async\" src=\"https:\/\/webdelmaestrocmf.com\/portal\/wp-content\/uploads\/2023\/04\/banner_des.png\" \/><\/p>\n\t\t<div class=\"pk-inline-posts\">\n\t\t\t\n\t\t\t<div class=\"pk-inline-posts-container pk-inline-posts-template-list\"\n\t\t\t\tdata-columns=\"1\">\n\t\t\t\t\t\t<article id=\"post-101267\" class=\"post-101267 post type-post status-publish format-standard has-post-thumbnail category-calculo category-descargas-manuales-pdf category-pedagogia tag-calculo tag-desarrollar tag-guia tag-mental tag-ninos cs-entry cs-video-wrap\">\n\t\t\t<div class=\"pk-post-outer\">\n\n\t\t\t\t\t\t\t\t<div class=\"pk-post-inner\">\n\t\t\t\t\t<div class=\"entry-thumbnail\">\n\t\t\t\t\t\t<div class=\"pk-overlay pk-overlay-ratio pk-ratio-landscape\">\n\t\t\t\t\t\t\t<div class=\"pk-overlay-background\">\n\t\t\t\t\t\t\t\t<a href=\"https:\/\/webdelmaestrocmf.com\/portal\/guia-para-desarrollar-el-calculo-mental-en-ninos\/\" class=\"pk-overlay-link\">\n\t\t\t\t\t\t\t\t\t<img loading=\"lazy\" decoding=\"async\" width=\"300\" height=\"225\" src=\"https:\/\/webdelmaestrocmf.com\/portal\/wp-content\/uploads\/2023\/11\/1AA-Banner-1-portada-imagen-10-1-copia-1-300x225.webp\" class=\"attachment-pk-thumbnail size-pk-thumbnail wp-post-image\" alt=\"\" \/>\t\t\t\t\t\t\t\t<\/a>\n\t\t\t\t\t\t\t<\/div>\n\t\t\t\t\t\t<\/div>\n\t\t\t\t\t<\/div>\n\t\t\t\t<\/div>\n\t\t\t\t\n\t\t\t\t<div class=\"pk-post-inner\">\n\t\t\t\t\t<header>\n\t\t\t\t\t\t<h3 class=\"pk-title\"><a href=\"https:\/\/webdelmaestrocmf.com\/portal\/guia-para-desarrollar-el-calculo-mental-en-ninos\/\" rel=\"bookmark\">Gu\u00eda pr\u00e1ctica para desarrollar el c\u00e1lculo mental en ni\u00f1os: descarga los tres cuadernillos de c\u00e1lculo mental<\/a><\/h3>\t\t\t\t\t<\/header><!-- .entry-header -->\n\t\t\t\t<\/div><!-- .post-inner -->\n\n\t\t\t<\/div><!-- .post-outer -->\n\t\t<\/article>\n\t\t\t<article id=\"post-95551\" class=\"post-95551 post type-post status-publish format-standard has-post-thumbnail category-deficit-de-atencion category-descargas-manuales-pdf category-pedagogia tag-actividades-al-aire-libre tag-actividades-en-casa tag-actividades-escolares tag-ambiente-de-aprendizaje tag-atencion tag-atencion-plena tag-comprension-lectora tag-concentracion tag-desarrollo-cognitivo tag-educacion tag-ejercicios-de-atencion tag-ejercicios-de-respiracion tag-estrategias-educativas tag-habilidades-de-atencio tag-herramientas-visuales tag-juegos-de-atencion tag-juegos-de-mesa tag-lectura-conjunta tag-limitar-tiempo-de-pantalla tag-mindfulness tag-ninos-distraidos tag-organizacion tag-pausas-activas tag-rompecabezas tag-rutinas tag-tareas-domesticas tag-tdah tag-tecnicas-de-concentracion tag-tiempo-de-silencio cs-entry cs-video-wrap\">\n\t\t\t<div class=\"pk-post-outer\">\n\n\t\t\t\t\t\t\t\t<div class=\"pk-post-inner\">\n\t\t\t\t\t<div class=\"entry-thumbnail\">\n\t\t\t\t\t\t<div class=\"pk-overlay pk-overlay-ratio pk-ratio-landscape\">\n\t\t\t\t\t\t\t<div class=\"pk-overlay-background\">\n\t\t\t\t\t\t\t\t<a href=\"https:\/\/webdelmaestrocmf.com\/portal\/como-educar-a-ninos-distraidos-o-despistados-que-se-puede-hacer-en-clase\/\" class=\"pk-overlay-link\">\n\t\t\t\t\t\t\t\t\t<img loading=\"lazy\" decoding=\"async\" width=\"300\" height=\"225\" src=\"https:\/\/webdelmaestrocmf.com\/portal\/wp-content\/uploads\/2023\/09\/1A-Banner-1-portada-imagen-10-1-copia-1-300x225.jpg\" class=\"attachment-pk-thumbnail size-pk-thumbnail wp-post-image\" alt=\"\" \/>\t\t\t\t\t\t\t\t<\/a>\n\t\t\t\t\t\t\t<\/div>\n\t\t\t\t\t\t<\/div>\n\t\t\t\t\t<\/div>\n\t\t\t\t<\/div>\n\t\t\t\t\n\t\t\t\t<div class=\"pk-post-inner\">\n\t\t\t\t\t<header>\n\t\t\t\t\t\t<h3 class=\"pk-title\"><a href=\"https:\/\/webdelmaestrocmf.com\/portal\/como-educar-a-ninos-distraidos-o-despistados-que-se-puede-hacer-en-clase\/\" rel=\"bookmark\">C\u00f3mo educar a ni\u00f1os distra\u00eddos o despistados. \u00bfQu\u00e9 se puede hacer en clase? Descarga las 80 actividades para trabajar la atenci\u00f3n en clases<\/a><\/h3>\t\t\t\t\t<\/header><!-- .entry-header -->\n\t\t\t\t<\/div><!-- .post-inner -->\n\n\t\t\t<\/div><!-- .post-outer -->\n\t\t<\/article>\n\t\t\t<article id=\"post-20592\" class=\"post-20592 post type-post status-publish format-standard has-post-thumbnail category-descarga category-descargas-manuales-pdf category-estres category-pedagogia tag-docentes tag-educadores tag-guia tag-mindfulness tag-practica cs-entry cs-video-wrap\">\n\t\t\t<div class=\"pk-post-outer\">\n\n\t\t\t\t\t\t\t\t<div class=\"pk-post-inner\">\n\t\t\t\t\t<div class=\"entry-thumbnail\">\n\t\t\t\t\t\t<div class=\"pk-overlay pk-overlay-ratio pk-ratio-landscape\">\n\t\t\t\t\t\t\t<div class=\"pk-overlay-background\">\n\t\t\t\t\t\t\t\t<a href=\"https:\/\/webdelmaestrocmf.com\/portal\/mindfulness-guia-practica-docentes-educadores\/\" class=\"pk-overlay-link\">\n\t\t\t\t\t\t\t\t\t<img loading=\"lazy\" decoding=\"async\" width=\"300\" height=\"225\" src=\"https:\/\/webdelmaestrocmf.com\/portal\/wp-content\/uploads\/2020\/03\/1AA-Banner-1-portada-imagen-10-1-copia-4-300x225.webp\" class=\"attachment-pk-thumbnail size-pk-thumbnail wp-post-image\" alt=\"\" \/>\t\t\t\t\t\t\t\t<\/a>\n\t\t\t\t\t\t\t<\/div>\n\t\t\t\t\t\t<\/div>\n\t\t\t\t\t<\/div>\n\t\t\t\t<\/div>\n\t\t\t\t\n\t\t\t\t<div class=\"pk-post-inner\">\n\t\t\t\t\t<header>\n\t\t\t\t\t\t<h3 class=\"pk-title\"><a href=\"https:\/\/webdelmaestrocmf.com\/portal\/mindfulness-guia-practica-docentes-educadores\/\" rel=\"bookmark\">Mindfulness: Gu\u00eda pr\u00e1ctica para docentes y educadores<\/a><\/h3>\t\t\t\t\t<\/header><!-- .entry-header -->\n\t\t\t\t<\/div><!-- .post-inner -->\n\n\t\t\t<\/div><!-- .post-outer -->\n\t\t<\/article>\n\t\t\t\t<\/div>\n\t\t<\/div>\n\t\t\n","protected":false},"excerpt":{"rendered":"La evaluaci\u00f3n educativa es una herramienta fundamental para medir el progreso y desempe\u00f1o de los estudiantes en su&hellip;","protected":false},"author":1,"featured_media":96109,"comment_status":"open","ping_status":"closed","sticky":false,"template":"","format":"standard","meta":{"csco_display_header_overlay":false,"csco_singular_sidebar":"","csco_page_header_type":"","csco_page_load_nextpost":"","csco_post_video_location":[],"csco_post_video_location_hash":"","csco_post_video_url":"","csco_post_video_bg_start_time":0,"csco_post_video_bg_end_time":0,"csco_post_video_bg_volume":false,"_jetpack_memberships_contains_paid_content":false,"footnotes":""},"categories":[2004,735],"tags":[18993,77,165,21589,21587,18850,21584,21579,19681,18266,15256,16438,16630,3987,21590,16351,20785,21583,21580,20655,20314,21586,21585,21578,21588,16429,3096,21582,15884,21577,21581],"class_list":{"0":"post-96093","1":"post","2":"type-post","3":"status-publish","4":"format-standard","5":"has-post-thumbnail","7":"category-descargas-manuales-pdf","8":"category-pedagogia","9":"tag-analisis-de-resultados","10":"tag-aprendizaje","11":"tag-calidad-educativa","12":"tag-comprender-resultados","13":"tag-desarrollo-del-aprendizaje","14":"tag-desempeno-estudiantil","15":"tag-diagnostico-educativo","16":"tag-directivos-escolares","17":"tag-educacion-en-mexico","18":"tag-ensenanza-efectiva","19":"tag-estrategias-de-ensenanza","20":"tag-estrategias-pedagogicas","21":"tag-evaluacion-educativa","22":"tag-evaluacion-formativa","23":"tag-evaluaciones-cualitativas","24":"tag-fortalezas-y-debilidades","25":"tag-mejora-educativa","26":"tag-orientaciones-didacticas","27":"tag-personal-docente","28":"tag-planificacion-didactica","29":"tag-preguntas-abiertas","30":"tag-proceso-cognitivo","31":"tag-programa-curricular","32":"tag-pruebas-diagnosticas","33":"tag-recuperacion-de-aprendizajes","34":"tag-reflexion-pedagogica","35":"tag-rendimiento-academico","36":"tag-respuestas-construidas","37":"tag-rubricas-de-evaluacion","38":"tag-sistema-de-captura-y-calificacion-digital","39":"tag-unidades-de-analisis","40":"cs-entry","41":"cs-video-wrap"},"yoast_head":"<!-- This site is optimized with the Yoast SEO plugin v27.5 - https:\/\/yoast.com\/product\/yoast-seo-wordpress\/ -->\n<title>Gu\u00eda para el uso de los reportes y an\u00e1lisis de los resultados 2023 - 2024 - 2026<\/title>\n<meta name=\"description\" content=\"El Sistema de Captura y Calificaci\u00f3n Digital (SCyCD) ha simplificado el proceso de recopilaci\u00f3n y an\u00e1lisis de resultados en M\u00e9xico...\" \/>\n<meta name=\"robots\" content=\"index, follow, max-snippet:-1, max-image-preview:large, max-video-preview:-1\" \/>\n<link rel=\"canonical\" href=\"https:\/\/webdelmaestrocmf.com\/portal\/guia-para-el-uso-de-los-reportes-y-analisis-de-los-resultados-2023-2024\/\" \/>\n<meta property=\"og:locale\" content=\"es_ES\" \/>\n<meta property=\"og:type\" content=\"article\" \/>\n<meta property=\"og:title\" content=\"Gu\u00eda para el uso de los reportes y an\u00e1lisis de los resultados 2023 - 2024 - 2026\" \/>\n<meta property=\"og:description\" content=\"El Sistema de Captura y Calificaci\u00f3n Digital (SCyCD) ha simplificado el proceso de recopilaci\u00f3n y an\u00e1lisis de resultados en M\u00e9xico...\" \/>\n<meta property=\"og:url\" content=\"https:\/\/webdelmaestrocmf.com\/portal\/guia-para-el-uso-de-los-reportes-y-analisis-de-los-resultados-2023-2024\/\" \/>\n<meta property=\"og:site_name\" content=\"Web del Maestro CMF\" \/>\n<meta property=\"article:publisher\" content=\"https:\/\/www.facebook.com\/WebdelMaestroCMF\/\" \/>\n<meta property=\"article:author\" content=\"https:\/\/www.facebook.com\/WebdelMaestroCMF\/\" \/>\n<meta property=\"article:published_time\" content=\"2023-09-28T00:19:03+00:00\" \/>\n<meta property=\"article:modified_time\" content=\"2023-09-28T12:52:38+00:00\" \/>\n<meta property=\"og:image\" content=\"https:\/\/i0.wp.com\/webdelmaestrocmf.com\/portal\/wp-content\/uploads\/2023\/09\/A12B3C4D-46.jpg?fit=900%2C556&ssl=1\" \/>\n\t<meta property=\"og:image:width\" content=\"900\" \/>\n\t<meta property=\"og:image:height\" content=\"556\" \/>\n\t<meta property=\"og:image:type\" content=\"image\/jpeg\" \/>\n<meta name=\"author\" content=\"Web del Maestro CMF\" \/>\n<meta name=\"twitter:card\" content=\"summary_large_image\" \/>\n<meta name=\"twitter:creator\" content=\"@cmf_w\" \/>\n<meta name=\"twitter:site\" content=\"@cmf_w\" \/>\n<script type=\"application\/ld+json\" class=\"yoast-schema-graph\">{\"@context\":\"https:\\\/\\\/schema.org\",\"@graph\":[{\"@type\":\"ScholarlyArticle\",\"@id\":\"https:\\\/\\\/webdelmaestrocmf.com\\\/portal\\\/guia-para-el-uso-de-los-reportes-y-analisis-de-los-resultados-2023-2024\\\/#article\",\"isPartOf\":{\"@id\":\"https:\\\/\\\/webdelmaestrocmf.com\\\/portal\\\/guia-para-el-uso-de-los-reportes-y-analisis-de-los-resultados-2023-2024\\\/\"},\"author\":{\"name\":\"Web del Maestro CMF\",\"@id\":\"https:\\\/\\\/webdelmaestrocmf.com\\\/portal\\\/#\\\/schema\\\/person\\\/1072a2ed7bd960df8ef99a551fa35dc5\"},\"headline\":\"Gu\u00eda para el uso de los reportes y an\u00e1lisis de los resultados 2023 &#8211; 2024\",\"datePublished\":\"2023-09-28T00:19:03+00:00\",\"dateModified\":\"2023-09-28T12:52:38+00:00\",\"mainEntityOfPage\":{\"@id\":\"https:\\\/\\\/webdelmaestrocmf.com\\\/portal\\\/guia-para-el-uso-de-los-reportes-y-analisis-de-los-resultados-2023-2024\\\/\"},\"wordCount\":902,\"commentCount\":0,\"publisher\":{\"@id\":\"https:\\\/\\\/webdelmaestrocmf.com\\\/portal\\\/#organization\"},\"image\":{\"@id\":\"https:\\\/\\\/webdelmaestrocmf.com\\\/portal\\\/guia-para-el-uso-de-los-reportes-y-analisis-de-los-resultados-2023-2024\\\/#primaryimage\"},\"thumbnailUrl\":\"https:\\\/\\\/webdelmaestrocmf.com\\\/portal\\\/wp-content\\\/uploads\\\/2023\\\/09\\\/A12B3C4D-46.jpg\",\"keywords\":[\"An\u00e1lisis de Resultados\",\"aprendizaje\",\"CALIDAD EDUCATIVA\",\"Comprender resultados\",\"Desarrollo del aprendizaje\",\"Desempe\u00f1o Estudiantil\",\"Diagn\u00f3stico educativo\",\"Directivos escolares\",\"educaci\u00f3n en M\u00e9xico\",\"Ense\u00f1anza efectiva\",\"estrategias de ense\u00f1anza\",\"Estrategias pedag\u00f3gicas\",\"evaluaci\u00f3n educativa\",\"evaluaci\u00f3n formativa\",\"Evaluaciones cualitativas\",\"Fortalezas y debilidades\",\"Mejora Educativa\",\"Orientaciones did\u00e1cticas\",\"Personal docente\",\"Planificaci\u00f3n did\u00e1ctica\",\"Preguntas abiertas\",\"Proceso cognitivo\",\"Programa curricular\",\"Pruebas diagn\u00f3sticas\",\"Recuperaci\u00f3n de aprendizajes\",\"Reflexi\u00f3n Pedag\u00f3gica\",\"RENDIMIENTO ACAD\u00c9MICO\",\"Respuestas construidas\",\"R\u00fabricas de evaluaci\u00f3n\",\"Sistema de Captura y Calificaci\u00f3n Digital\",\"Unidades de an\u00e1lisis\"],\"articleSection\":[\"Descargas Manuales PDF\",\"Recursos\"],\"inLanguage\":\"es\",\"potentialAction\":[{\"@type\":\"CommentAction\",\"name\":\"Comment\",\"target\":[\"https:\\\/\\\/webdelmaestrocmf.com\\\/portal\\\/guia-para-el-uso-de-los-reportes-y-analisis-de-los-resultados-2023-2024\\\/#respond\"]}]},{\"@type\":\"WebPage\",\"@id\":\"https:\\\/\\\/webdelmaestrocmf.com\\\/portal\\\/guia-para-el-uso-de-los-reportes-y-analisis-de-los-resultados-2023-2024\\\/\",\"url\":\"https:\\\/\\\/webdelmaestrocmf.com\\\/portal\\\/guia-para-el-uso-de-los-reportes-y-analisis-de-los-resultados-2023-2024\\\/\",\"name\":\"Gu\u00eda para el uso de los reportes y an\u00e1lisis de los resultados 2023 - 2024 - 2026\",\"isPartOf\":{\"@id\":\"https:\\\/\\\/webdelmaestrocmf.com\\\/portal\\\/#website\"},\"primaryImageOfPage\":{\"@id\":\"https:\\\/\\\/webdelmaestrocmf.com\\\/portal\\\/guia-para-el-uso-de-los-reportes-y-analisis-de-los-resultados-2023-2024\\\/#primaryimage\"},\"image\":{\"@id\":\"https:\\\/\\\/webdelmaestrocmf.com\\\/portal\\\/guia-para-el-uso-de-los-reportes-y-analisis-de-los-resultados-2023-2024\\\/#primaryimage\"},\"thumbnailUrl\":\"https:\\\/\\\/webdelmaestrocmf.com\\\/portal\\\/wp-content\\\/uploads\\\/2023\\\/09\\\/A12B3C4D-46.jpg\",\"datePublished\":\"2023-09-28T00:19:03+00:00\",\"dateModified\":\"2023-09-28T12:52:38+00:00\",\"description\":\"El Sistema de Captura y Calificaci\u00f3n Digital (SCyCD) ha simplificado el proceso de recopilaci\u00f3n y an\u00e1lisis de resultados en M\u00e9xico...\",\"breadcrumb\":{\"@id\":\"https:\\\/\\\/webdelmaestrocmf.com\\\/portal\\\/guia-para-el-uso-de-los-reportes-y-analisis-de-los-resultados-2023-2024\\\/#breadcrumb\"},\"inLanguage\":\"es\",\"potentialAction\":[{\"@type\":\"ReadAction\",\"target\":[\"https:\\\/\\\/webdelmaestrocmf.com\\\/portal\\\/guia-para-el-uso-de-los-reportes-y-analisis-de-los-resultados-2023-2024\\\/\"]}]},{\"@type\":\"ImageObject\",\"inLanguage\":\"es\",\"@id\":\"https:\\\/\\\/webdelmaestrocmf.com\\\/portal\\\/guia-para-el-uso-de-los-reportes-y-analisis-de-los-resultados-2023-2024\\\/#primaryimage\",\"url\":\"https:\\\/\\\/webdelmaestrocmf.com\\\/portal\\\/wp-content\\\/uploads\\\/2023\\\/09\\\/A12B3C4D-46.jpg\",\"contentUrl\":\"https:\\\/\\\/webdelmaestrocmf.com\\\/portal\\\/wp-content\\\/uploads\\\/2023\\\/09\\\/A12B3C4D-46.jpg\",\"width\":900,\"height\":556,\"caption\":\"resultados\"},{\"@type\":\"BreadcrumbList\",\"@id\":\"https:\\\/\\\/webdelmaestrocmf.com\\\/portal\\\/guia-para-el-uso-de-los-reportes-y-analisis-de-los-resultados-2023-2024\\\/#breadcrumb\",\"itemListElement\":[{\"@type\":\"ListItem\",\"position\":1,\"name\":\"Portada\",\"item\":\"https:\\\/\\\/webdelmaestrocmf.com\\\/portal\\\/\"},{\"@type\":\"ListItem\",\"position\":2,\"name\":\"Recursos\",\"item\":\"https:\\\/\\\/webdelmaestrocmf.com\\\/portal\\\/category\\\/pedagogia\\\/\"},{\"@type\":\"ListItem\",\"position\":3,\"name\":\"Gu\u00eda para el uso de los reportes y an\u00e1lisis de los resultados 2023 &#8211; 2024\"}]},{\"@type\":\"WebSite\",\"@id\":\"https:\\\/\\\/webdelmaestrocmf.com\\\/portal\\\/#website\",\"url\":\"https:\\\/\\\/webdelmaestrocmf.com\\\/portal\\\/\",\"name\":\"Web del Maestro CMF\",\"description\":\"Maestros al servicio de la educaci\u00f3n\",\"publisher\":{\"@id\":\"https:\\\/\\\/webdelmaestrocmf.com\\\/portal\\\/#organization\"},\"alternateName\":\"WMCMF\",\"potentialAction\":[{\"@type\":\"SearchAction\",\"target\":{\"@type\":\"EntryPoint\",\"urlTemplate\":\"https:\\\/\\\/webdelmaestrocmf.com\\\/portal\\\/?s={search_term_string}\"},\"query-input\":{\"@type\":\"PropertyValueSpecification\",\"valueRequired\":true,\"valueName\":\"search_term_string\"}}],\"inLanguage\":\"es\"},{\"@type\":\"Organization\",\"@id\":\"https:\\\/\\\/webdelmaestrocmf.com\\\/portal\\\/#organization\",\"name\":\"Web del Maestro CMF\",\"alternateName\":\"WMCMF\",\"url\":\"https:\\\/\\\/webdelmaestrocmf.com\\\/portal\\\/\",\"logo\":{\"@type\":\"ImageObject\",\"inLanguage\":\"es\",\"@id\":\"https:\\\/\\\/webdelmaestrocmf.com\\\/portal\\\/#\\\/schema\\\/logo\\\/image\\\/\",\"url\":\"https:\\\/\\\/webdelmaestrocmf.com\\\/portal\\\/wp-content\\\/uploads\\\/2023\\\/01\\\/logo-wmcmf-2.png\",\"contentUrl\":\"https:\\\/\\\/webdelmaestrocmf.com\\\/portal\\\/wp-content\\\/uploads\\\/2023\\\/01\\\/logo-wmcmf-2.png\",\"width\":200,\"height\":60,\"caption\":\"Web del Maestro CMF\"},\"image\":{\"@id\":\"https:\\\/\\\/webdelmaestrocmf.com\\\/portal\\\/#\\\/schema\\\/logo\\\/image\\\/\"},\"sameAs\":[\"https:\\\/\\\/www.facebook.com\\\/WebdelMaestroCMF\\\/\",\"https:\\\/\\\/x.com\\\/cmf_w\",\"https:\\\/\\\/www.pinterest.com\\\/WMCMF\\\/\",\"https:\\\/\\\/www.linkedin.com\\\/company\\\/web-del-maestro-cmf\\\/\",\"https:\\\/\\\/www.instagram.com\\\/wmcmf\\\/\",\"https:\\\/\\\/www.youtube.com\\\/channel\\\/UCDPSvjbdodE5sHnC3OxutHw\",\"https:\\\/\\\/mastodon.social\\\/@wmcmf\",\"https:\\\/\\\/www.tiktok.com\\\/@webdelmaestrocmf\"]},{\"@type\":\"Person\",\"@id\":\"https:\\\/\\\/webdelmaestrocmf.com\\\/portal\\\/#\\\/schema\\\/person\\\/1072a2ed7bd960df8ef99a551fa35dc5\",\"name\":\"Web del Maestro CMF\",\"image\":{\"@type\":\"ImageObject\",\"inLanguage\":\"es\",\"@id\":\"https:\\\/\\\/secure.gravatar.com\\\/avatar\\\/23291dd5b5ae1077dcff3dbb04c3e02bd28403fa75af6d8787d5e97c5bbbe30b?s=96&d=mm&r=g\",\"url\":\"https:\\\/\\\/secure.gravatar.com\\\/avatar\\\/23291dd5b5ae1077dcff3dbb04c3e02bd28403fa75af6d8787d5e97c5bbbe30b?s=96&d=mm&r=g\",\"contentUrl\":\"https:\\\/\\\/secure.gravatar.com\\\/avatar\\\/23291dd5b5ae1077dcff3dbb04c3e02bd28403fa75af6d8787d5e97c5bbbe30b?s=96&d=mm&r=g\",\"caption\":\"Web del Maestro CMF\"},\"description\":\"Esta Web se cre\u00f3 sin fines de lucro, con fines educativos, cient\u00edficos y acad\u00e9micos, para personas que tengan dificultades y\\\/o inconvenientes en visualizar el material original. El objetivo es entregar recursos, compartir experiencias y materiales que ayuden a los padres de familia, maestros y estudiantes en su actualizaci\u00f3n y formaci\u00f3n permanente, en bien de la Educaci\u00f3n.\",\"sameAs\":[\"http:\\\/\\\/webdelmaestrocmf.com\\\/portal\",\"https:\\\/\\\/www.facebook.com\\\/WebdelMaestroCMF\\\/\",\"https:\\\/\\\/www.instagram.com\\\/wmcmf\\\/\",\"https:\\\/\\\/cl.linkedin.com\\\/company\\\/web-del-maestro-cmf\",\"https:\\\/\\\/www.pinterest.com\\\/WMCMF\\\/publicaciones\\\/\",\"https:\\\/\\\/x.com\\\/cmf_w\",\"https:\\\/\\\/www.youtube.com\\\/@WMCMF\"]}]}<\/script>\n<!-- \/ Yoast SEO plugin. -->","yoast_head_json":{"title":"Gu\u00eda para el uso de los reportes y an\u00e1lisis de los resultados 2023 - 2024 - 2026","description":"El Sistema de Captura y Calificaci\u00f3n Digital (SCyCD) ha simplificado el proceso de recopilaci\u00f3n y an\u00e1lisis de resultados en M\u00e9xico...","robots":{"index":"index","follow":"follow","max-snippet":"max-snippet:-1","max-image-preview":"max-image-preview:large","max-video-preview":"max-video-preview:-1"},"canonical":"https:\/\/webdelmaestrocmf.com\/portal\/guia-para-el-uso-de-los-reportes-y-analisis-de-los-resultados-2023-2024\/","og_locale":"es_ES","og_type":"article","og_title":"Gu\u00eda para el uso de los reportes y an\u00e1lisis de los resultados 2023 - 2024 - 2026","og_description":"El Sistema de Captura y Calificaci\u00f3n Digital (SCyCD) ha simplificado el proceso de recopilaci\u00f3n y an\u00e1lisis de resultados en M\u00e9xico...","og_url":"https:\/\/webdelmaestrocmf.com\/portal\/guia-para-el-uso-de-los-reportes-y-analisis-de-los-resultados-2023-2024\/","og_site_name":"Web del Maestro CMF","article_publisher":"https:\/\/www.facebook.com\/WebdelMaestroCMF\/","article_author":"https:\/\/www.facebook.com\/WebdelMaestroCMF\/","article_published_time":"2023-09-28T00:19:03+00:00","article_modified_time":"2023-09-28T12:52:38+00:00","og_image":[{"width":900,"height":556,"url":"https:\/\/i0.wp.com\/webdelmaestrocmf.com\/portal\/wp-content\/uploads\/2023\/09\/A12B3C4D-46.jpg?fit=900%2C556&ssl=1","type":"image\/jpeg"}],"author":"Web del Maestro CMF","twitter_card":"summary_large_image","twitter_creator":"@cmf_w","twitter_site":"@cmf_w","schema":{"@context":"https:\/\/schema.org","@graph":[{"@type":"ScholarlyArticle","@id":"https:\/\/webdelmaestrocmf.com\/portal\/guia-para-el-uso-de-los-reportes-y-analisis-de-los-resultados-2023-2024\/#article","isPartOf":{"@id":"https:\/\/webdelmaestrocmf.com\/portal\/guia-para-el-uso-de-los-reportes-y-analisis-de-los-resultados-2023-2024\/"},"author":{"name":"Web del Maestro CMF","@id":"https:\/\/webdelmaestrocmf.com\/portal\/#\/schema\/person\/1072a2ed7bd960df8ef99a551fa35dc5"},"headline":"Gu\u00eda para el uso de los reportes y an\u00e1lisis de los resultados 2023 &#8211; 2024","datePublished":"2023-09-28T00:19:03+00:00","dateModified":"2023-09-28T12:52:38+00:00","mainEntityOfPage":{"@id":"https:\/\/webdelmaestrocmf.com\/portal\/guia-para-el-uso-de-los-reportes-y-analisis-de-los-resultados-2023-2024\/"},"wordCount":902,"commentCount":0,"publisher":{"@id":"https:\/\/webdelmaestrocmf.com\/portal\/#organization"},"image":{"@id":"https:\/\/webdelmaestrocmf.com\/portal\/guia-para-el-uso-de-los-reportes-y-analisis-de-los-resultados-2023-2024\/#primaryimage"},"thumbnailUrl":"https:\/\/webdelmaestrocmf.com\/portal\/wp-content\/uploads\/2023\/09\/A12B3C4D-46.jpg","keywords":["An\u00e1lisis de Resultados","aprendizaje","CALIDAD EDUCATIVA","Comprender resultados","Desarrollo del aprendizaje","Desempe\u00f1o Estudiantil","Diagn\u00f3stico educativo","Directivos escolares","educaci\u00f3n en M\u00e9xico","Ense\u00f1anza efectiva","estrategias de ense\u00f1anza","Estrategias pedag\u00f3gicas","evaluaci\u00f3n educativa","evaluaci\u00f3n formativa","Evaluaciones cualitativas","Fortalezas y debilidades","Mejora Educativa","Orientaciones did\u00e1cticas","Personal docente","Planificaci\u00f3n did\u00e1ctica","Preguntas abiertas","Proceso cognitivo","Programa curricular","Pruebas diagn\u00f3sticas","Recuperaci\u00f3n de aprendizajes","Reflexi\u00f3n Pedag\u00f3gica","RENDIMIENTO ACAD\u00c9MICO","Respuestas construidas","R\u00fabricas de evaluaci\u00f3n","Sistema de Captura y Calificaci\u00f3n Digital","Unidades de an\u00e1lisis"],"articleSection":["Descargas Manuales PDF","Recursos"],"inLanguage":"es","potentialAction":[{"@type":"CommentAction","name":"Comment","target":["https:\/\/webdelmaestrocmf.com\/portal\/guia-para-el-uso-de-los-reportes-y-analisis-de-los-resultados-2023-2024\/#respond"]}]},{"@type":"WebPage","@id":"https:\/\/webdelmaestrocmf.com\/portal\/guia-para-el-uso-de-los-reportes-y-analisis-de-los-resultados-2023-2024\/","url":"https:\/\/webdelmaestrocmf.com\/portal\/guia-para-el-uso-de-los-reportes-y-analisis-de-los-resultados-2023-2024\/","name":"Gu\u00eda para el uso de los reportes y an\u00e1lisis de los resultados 2023 - 2024 - 2026","isPartOf":{"@id":"https:\/\/webdelmaestrocmf.com\/portal\/#website"},"primaryImageOfPage":{"@id":"https:\/\/webdelmaestrocmf.com\/portal\/guia-para-el-uso-de-los-reportes-y-analisis-de-los-resultados-2023-2024\/#primaryimage"},"image":{"@id":"https:\/\/webdelmaestrocmf.com\/portal\/guia-para-el-uso-de-los-reportes-y-analisis-de-los-resultados-2023-2024\/#primaryimage"},"thumbnailUrl":"https:\/\/webdelmaestrocmf.com\/portal\/wp-content\/uploads\/2023\/09\/A12B3C4D-46.jpg","datePublished":"2023-09-28T00:19:03+00:00","dateModified":"2023-09-28T12:52:38+00:00","description":"El Sistema de Captura y Calificaci\u00f3n Digital (SCyCD) ha simplificado el proceso de recopilaci\u00f3n y an\u00e1lisis de resultados en M\u00e9xico...","breadcrumb":{"@id":"https:\/\/webdelmaestrocmf.com\/portal\/guia-para-el-uso-de-los-reportes-y-analisis-de-los-resultados-2023-2024\/#breadcrumb"},"inLanguage":"es","potentialAction":[{"@type":"ReadAction","target":["https:\/\/webdelmaestrocmf.com\/portal\/guia-para-el-uso-de-los-reportes-y-analisis-de-los-resultados-2023-2024\/"]}]},{"@type":"ImageObject","inLanguage":"es","@id":"https:\/\/webdelmaestrocmf.com\/portal\/guia-para-el-uso-de-los-reportes-y-analisis-de-los-resultados-2023-2024\/#primaryimage","url":"https:\/\/webdelmaestrocmf.com\/portal\/wp-content\/uploads\/2023\/09\/A12B3C4D-46.jpg","contentUrl":"https:\/\/webdelmaestrocmf.com\/portal\/wp-content\/uploads\/2023\/09\/A12B3C4D-46.jpg","width":900,"height":556,"caption":"resultados"},{"@type":"BreadcrumbList","@id":"https:\/\/webdelmaestrocmf.com\/portal\/guia-para-el-uso-de-los-reportes-y-analisis-de-los-resultados-2023-2024\/#breadcrumb","itemListElement":[{"@type":"ListItem","position":1,"name":"Portada","item":"https:\/\/webdelmaestrocmf.com\/portal\/"},{"@type":"ListItem","position":2,"name":"Recursos","item":"https:\/\/webdelmaestrocmf.com\/portal\/category\/pedagogia\/"},{"@type":"ListItem","position":3,"name":"Gu\u00eda para el uso de los reportes y an\u00e1lisis de los resultados 2023 &#8211; 2024"}]},{"@type":"WebSite","@id":"https:\/\/webdelmaestrocmf.com\/portal\/#website","url":"https:\/\/webdelmaestrocmf.com\/portal\/","name":"Web del Maestro CMF","description":"Maestros al servicio de la educaci\u00f3n","publisher":{"@id":"https:\/\/webdelmaestrocmf.com\/portal\/#organization"},"alternateName":"WMCMF","potentialAction":[{"@type":"SearchAction","target":{"@type":"EntryPoint","urlTemplate":"https:\/\/webdelmaestrocmf.com\/portal\/?s={search_term_string}"},"query-input":{"@type":"PropertyValueSpecification","valueRequired":true,"valueName":"search_term_string"}}],"inLanguage":"es"},{"@type":"Organization","@id":"https:\/\/webdelmaestrocmf.com\/portal\/#organization","name":"Web del Maestro CMF","alternateName":"WMCMF","url":"https:\/\/webdelmaestrocmf.com\/portal\/","logo":{"@type":"ImageObject","inLanguage":"es","@id":"https:\/\/webdelmaestrocmf.com\/portal\/#\/schema\/logo\/image\/","url":"https:\/\/webdelmaestrocmf.com\/portal\/wp-content\/uploads\/2023\/01\/logo-wmcmf-2.png","contentUrl":"https:\/\/webdelmaestrocmf.com\/portal\/wp-content\/uploads\/2023\/01\/logo-wmcmf-2.png","width":200,"height":60,"caption":"Web del Maestro CMF"},"image":{"@id":"https:\/\/webdelmaestrocmf.com\/portal\/#\/schema\/logo\/image\/"},"sameAs":["https:\/\/www.facebook.com\/WebdelMaestroCMF\/","https:\/\/x.com\/cmf_w","https:\/\/www.pinterest.com\/WMCMF\/","https:\/\/www.linkedin.com\/company\/web-del-maestro-cmf\/","https:\/\/www.instagram.com\/wmcmf\/","https:\/\/www.youtube.com\/channel\/UCDPSvjbdodE5sHnC3OxutHw","https:\/\/mastodon.social\/@wmcmf","https:\/\/www.tiktok.com\/@webdelmaestrocmf"]},{"@type":"Person","@id":"https:\/\/webdelmaestrocmf.com\/portal\/#\/schema\/person\/1072a2ed7bd960df8ef99a551fa35dc5","name":"Web del Maestro CMF","image":{"@type":"ImageObject","inLanguage":"es","@id":"https:\/\/secure.gravatar.com\/avatar\/23291dd5b5ae1077dcff3dbb04c3e02bd28403fa75af6d8787d5e97c5bbbe30b?s=96&d=mm&r=g","url":"https:\/\/secure.gravatar.com\/avatar\/23291dd5b5ae1077dcff3dbb04c3e02bd28403fa75af6d8787d5e97c5bbbe30b?s=96&d=mm&r=g","contentUrl":"https:\/\/secure.gravatar.com\/avatar\/23291dd5b5ae1077dcff3dbb04c3e02bd28403fa75af6d8787d5e97c5bbbe30b?s=96&d=mm&r=g","caption":"Web del Maestro CMF"},"description":"Esta Web se cre\u00f3 sin fines de lucro, con fines educativos, cient\u00edficos y acad\u00e9micos, para personas que tengan dificultades y\/o inconvenientes en visualizar el material original. El objetivo es entregar recursos, compartir experiencias y materiales que ayuden a los padres de familia, maestros y estudiantes en su actualizaci\u00f3n y formaci\u00f3n permanente, en bien de la Educaci\u00f3n.","sameAs":["http:\/\/webdelmaestrocmf.com\/portal","https:\/\/www.facebook.com\/WebdelMaestroCMF\/","https:\/\/www.instagram.com\/wmcmf\/","https:\/\/cl.linkedin.com\/company\/web-del-maestro-cmf","https:\/\/www.pinterest.com\/WMCMF\/publicaciones\/","https:\/\/x.com\/cmf_w","https:\/\/www.youtube.com\/@WMCMF"]}]}},"jetpack_featured_media_url":"https:\/\/webdelmaestrocmf.com\/portal\/wp-content\/uploads\/2023\/09\/A12B3C4D-46.jpg","jetpack_sharing_enabled":true,"jetpack-related-posts":[{"id":103892,"url":"https:\/\/webdelmaestrocmf.com\/portal\/caracteristicas-de-una-evaluacion-diagnostica-efectiva\/","url_meta":{"origin":96093,"position":0},"title":"Caracter\u00edsticas de una evaluaci\u00f3n diagn\u00f3stica efectiva","author":"Web del Maestro CMF","date":"15 febrero, 2024","format":false,"excerpt":"La evaluaci\u00f3n diagn\u00f3stica es un proceso fundamental en la educaci\u00f3n inicial y primaria, ya que permite obtener informaci\u00f3n precisa sobre los conocimientos, habilidades y necesidades de los estudiantes al inicio del ciclo escolar. Esta informaci\u00f3n es vital para que los docentes puedan adaptar sus estrategias pedag\u00f3gicas y brindar una atenci\u00f3n\u2026","rel":"","context":"En \u00abExamen diagnostico\u00bb","block_context":{"text":"Examen diagnostico","link":"https:\/\/webdelmaestrocmf.com\/portal\/category\/pedagogia\/examen-diagnostico\/"},"img":{"alt_text":"","src":"https:\/\/i0.wp.com\/webdelmaestrocmf.com\/portal\/wp-content\/uploads\/2024\/02\/Banner-1-portada-imagen-10-1-12-1.jpg?resize=350%2C200&ssl=1","width":350,"height":200,"srcset":"https:\/\/i0.wp.com\/webdelmaestrocmf.com\/portal\/wp-content\/uploads\/2024\/02\/Banner-1-portada-imagen-10-1-12-1.jpg?resize=350%2C200&ssl=1 1x, https:\/\/i0.wp.com\/webdelmaestrocmf.com\/portal\/wp-content\/uploads\/2024\/02\/Banner-1-portada-imagen-10-1-12-1.jpg?resize=525%2C300&ssl=1 1.5x, https:\/\/i0.wp.com\/webdelmaestrocmf.com\/portal\/wp-content\/uploads\/2024\/02\/Banner-1-portada-imagen-10-1-12-1.jpg?resize=700%2C400&ssl=1 2x"},"classes":[]},{"id":103694,"url":"https:\/\/webdelmaestrocmf.com\/portal\/3-plantillas-de-carpeta-pedagogica-para-educacion-primaria\/","url_meta":{"origin":96093,"position":1},"title":"3 plantillas de Carpeta Pedag\u00f3gica para Educaci\u00f3n Primaria","author":"Web del Maestro CMF","date":"11 febrero, 2024","format":false,"excerpt":"La carpeta pedag\u00f3gica es un instrumento fundamental para la planificaci\u00f3n y organizaci\u00f3n del proceso educativo en el nivel primario. Se trata de un repositorio que re\u00fane informaci\u00f3n vital sobre la planificaci\u00f3n curricular, las estrategias de ense\u00f1anza, el seguimiento del aprendizaje de los alumnos y la evaluaci\u00f3n de su progreso. Esta\u2026","rel":"","context":"En \u00abCarpeta\u00bb","block_context":{"text":"Carpeta","link":"https:\/\/webdelmaestrocmf.com\/portal\/category\/pedagogia\/carpeta\/"},"img":{"alt_text":"carpeta pedag\u00f3gica primaria","src":"https:\/\/i0.wp.com\/webdelmaestrocmf.com\/portal\/wp-content\/uploads\/2024\/02\/Banner-1-portada-imagen-10-1-11.jpg?resize=350%2C200&ssl=1","width":350,"height":200,"srcset":"https:\/\/i0.wp.com\/webdelmaestrocmf.com\/portal\/wp-content\/uploads\/2024\/02\/Banner-1-portada-imagen-10-1-11.jpg?resize=350%2C200&ssl=1 1x, https:\/\/i0.wp.com\/webdelmaestrocmf.com\/portal\/wp-content\/uploads\/2024\/02\/Banner-1-portada-imagen-10-1-11.jpg?resize=525%2C300&ssl=1 1.5x, https:\/\/i0.wp.com\/webdelmaestrocmf.com\/portal\/wp-content\/uploads\/2024\/02\/Banner-1-portada-imagen-10-1-11.jpg?resize=700%2C400&ssl=1 2x"},"classes":[]},{"id":103608,"url":"https:\/\/webdelmaestrocmf.com\/portal\/evaluaciones-diagnosticas-para-el-nivel-de-secundaria\/","url_meta":{"origin":96093,"position":2},"title":"Evaluaciones Diagn\u00f3sticas para el nivel de secundaria","author":"Web del Maestro CMF","date":"8 febrero, 2024","format":false,"excerpt":"Las evaluaciones diagn\u00f3sticas son herramientas fundamentales para comprender las necesidades y habilidades de los estudiantes al comienzo de un nuevo ciclo escolar Estas evaluaciones no solo sirven para medir el conocimiento adquirido, sino tambi\u00e9n para identificar \u00e1reas de mejora y dise\u00f1ar estrategias pedag\u00f3gicas efectivas. \u00bfPor qu\u00e9 Evaluamos al Inicio del\u2026","rel":"","context":"En \u00abDiagn\u00f3stico\u00bb","block_context":{"text":"Diagn\u00f3stico","link":"https:\/\/webdelmaestrocmf.com\/portal\/category\/pedagogia\/diagnostico\/"},"img":{"alt_text":"evaluacion diagnostica secundaria","src":"https:\/\/i0.wp.com\/webdelmaestrocmf.com\/portal\/wp-content\/uploads\/2024\/02\/Banner-1-portada-imagen-10-1-10.jpg?resize=350%2C200&ssl=1","width":350,"height":200,"srcset":"https:\/\/i0.wp.com\/webdelmaestrocmf.com\/portal\/wp-content\/uploads\/2024\/02\/Banner-1-portada-imagen-10-1-10.jpg?resize=350%2C200&ssl=1 1x, https:\/\/i0.wp.com\/webdelmaestrocmf.com\/portal\/wp-content\/uploads\/2024\/02\/Banner-1-portada-imagen-10-1-10.jpg?resize=525%2C300&ssl=1 1.5x, https:\/\/i0.wp.com\/webdelmaestrocmf.com\/portal\/wp-content\/uploads\/2024\/02\/Banner-1-portada-imagen-10-1-10.jpg?resize=700%2C400&ssl=1 2x"},"classes":[]},{"id":61018,"url":"https:\/\/webdelmaestrocmf.com\/portal\/la-evaluacion-en-el-inicio-desarrollo-y-cierre-de-una-secuencia-didactica-2\/","url_meta":{"origin":96093,"position":3},"title":"La evaluaci\u00f3n en el inicio, desarrollo y cierre de una secuencia did\u00e1ctica","author":"Web del Maestro CMF","date":"29 febrero, 2024","format":false,"excerpt":"La evaluaci\u00f3n desde el enfoque formativo est\u00e1 inmersa en los procesos de ense\u00f1anza y de aprendizaje y se lleva a cabo con el prop\u00f3sito central de mejorar el desempe\u00f1o de los alumnos. Casanova (1998) nos dice que la evaluaci\u00f3n formativa aplicada a la ense\u00f1anza y al aprendizaje \u201cconsiste en un\u2026","rel":"","context":"En \u00abEvaluar\u00bb","block_context":{"text":"Evaluar","link":"https:\/\/webdelmaestrocmf.com\/portal\/category\/pedagogia\/evaluar\/"},"img":{"alt_text":"","src":"https:\/\/i0.wp.com\/webdelmaestrocmf.com\/portal\/wp-content\/uploads\/2021\/03\/Banner-1-portada-imagen-10-1-1.jpg?resize=350%2C200&ssl=1","width":350,"height":200,"srcset":"https:\/\/i0.wp.com\/webdelmaestrocmf.com\/portal\/wp-content\/uploads\/2021\/03\/Banner-1-portada-imagen-10-1-1.jpg?resize=350%2C200&ssl=1 1x, https:\/\/i0.wp.com\/webdelmaestrocmf.com\/portal\/wp-content\/uploads\/2021\/03\/Banner-1-portada-imagen-10-1-1.jpg?resize=525%2C300&ssl=1 1.5x, https:\/\/i0.wp.com\/webdelmaestrocmf.com\/portal\/wp-content\/uploads\/2021\/03\/Banner-1-portada-imagen-10-1-1.jpg?resize=700%2C400&ssl=1 2x"},"classes":[]},{"id":105431,"url":"https:\/\/webdelmaestrocmf.com\/portal\/manual-y-guia-de-1000-estrategias-didacticas-para-inicial-y-primaria\/","url_meta":{"origin":96093,"position":4},"title":"Libro, Manuales y Gu\u00edas de 1000 Estrategias Did\u00e1cticas para Inicial y Primaria","author":"Web del Maestro CMF","date":"23 octubre, 2025","format":false,"excerpt":"El arte de ense\u00f1ar va m\u00e1s all\u00e1 de la mera transmisi\u00f3n de conocimientos; implica la creaci\u00f3n de experiencias de aprendizaje memorables y estimulantes.","rel":"","context":"En \u00abManuales\u00bb","block_context":{"text":"Manuales","link":"https:\/\/webdelmaestrocmf.com\/portal\/category\/pedagogia\/manuales\/"},"img":{"alt_text":"","src":"https:\/\/i0.wp.com\/webdelmaestrocmf.com\/portal\/wp-content\/uploads\/2025\/10\/1A-Banner-1-portada-imagen-10-1-copia-1-5.webp?resize=350%2C200&ssl=1","width":350,"height":200,"srcset":"https:\/\/i0.wp.com\/webdelmaestrocmf.com\/portal\/wp-content\/uploads\/2025\/10\/1A-Banner-1-portada-imagen-10-1-copia-1-5.webp?resize=350%2C200&ssl=1 1x, https:\/\/i0.wp.com\/webdelmaestrocmf.com\/portal\/wp-content\/uploads\/2025\/10\/1A-Banner-1-portada-imagen-10-1-copia-1-5.webp?resize=525%2C300&ssl=1 1.5x, https:\/\/i0.wp.com\/webdelmaestrocmf.com\/portal\/wp-content\/uploads\/2025\/10\/1A-Banner-1-portada-imagen-10-1-copia-1-5.webp?resize=700%2C400&ssl=1 2x"},"classes":[]},{"id":104253,"url":"https:\/\/webdelmaestrocmf.com\/portal\/estrategias-para-promover-la-evaluacion-formativa-en-el-aula\/","url_meta":{"origin":96093,"position":5},"title":"Estrategias para promover la evaluaci\u00f3n formativa en el aula. Descarga el cuadernillo PDF: Evaluaci\u00f3n formativa con sentido pedag\u00f3gico","author":"Web del Maestro CMF","date":"18 octubre, 2025","format":false,"excerpt":"Gu\u00eda que orienta el acompa\u00f1amiento individual de estudiantes, promoviendo una evaluaci\u00f3n formativa, inclusiva y centrada en el aprendizaje significativo.","rel":"","context":"En \u00abEvaluaci\u00f3n formativa\u00bb","block_context":{"text":"Evaluaci\u00f3n formativa","link":"https:\/\/webdelmaestrocmf.com\/portal\/category\/pedagogia\/evaluacion-formativa\/"},"img":{"alt_text":"","src":"https:\/\/i0.wp.com\/webdelmaestrocmf.com\/portal\/wp-content\/uploads\/2025\/10\/1A-Banner-1-portada-imagen-10-1-copia-13.webp?resize=350%2C200&ssl=1","width":350,"height":200,"srcset":"https:\/\/i0.wp.com\/webdelmaestrocmf.com\/portal\/wp-content\/uploads\/2025\/10\/1A-Banner-1-portada-imagen-10-1-copia-13.webp?resize=350%2C200&ssl=1 1x, https:\/\/i0.wp.com\/webdelmaestrocmf.com\/portal\/wp-content\/uploads\/2025\/10\/1A-Banner-1-portada-imagen-10-1-copia-13.webp?resize=525%2C300&ssl=1 1.5x, https:\/\/i0.wp.com\/webdelmaestrocmf.com\/portal\/wp-content\/uploads\/2025\/10\/1A-Banner-1-portada-imagen-10-1-copia-13.webp?resize=700%2C400&ssl=1 2x"},"classes":[]}],"_links":{"self":[{"href":"https:\/\/webdelmaestrocmf.com\/portal\/wp-json\/wp\/v2\/posts\/96093","targetHints":{"allow":["GET"]}}],"collection":[{"href":"https:\/\/webdelmaestrocmf.com\/portal\/wp-json\/wp\/v2\/posts"}],"about":[{"href":"https:\/\/webdelmaestrocmf.com\/portal\/wp-json\/wp\/v2\/types\/post"}],"author":[{"embeddable":true,"href":"https:\/\/webdelmaestrocmf.com\/portal\/wp-json\/wp\/v2\/users\/1"}],"replies":[{"embeddable":true,"href":"https:\/\/webdelmaestrocmf.com\/portal\/wp-json\/wp\/v2\/comments?post=96093"}],"version-history":[{"count":0,"href":"https:\/\/webdelmaestrocmf.com\/portal\/wp-json\/wp\/v2\/posts\/96093\/revisions"}],"wp:featuredmedia":[{"embeddable":true,"href":"https:\/\/webdelmaestrocmf.com\/portal\/wp-json\/wp\/v2\/media\/96109"}],"wp:attachment":[{"href":"https:\/\/webdelmaestrocmf.com\/portal\/wp-json\/wp\/v2\/media?parent=96093"}],"wp:term":[{"taxonomy":"category","embeddable":true,"href":"https:\/\/webdelmaestrocmf.com\/portal\/wp-json\/wp\/v2\/categories?post=96093"},{"taxonomy":"post_tag","embeddable":true,"href":"https:\/\/webdelmaestrocmf.com\/portal\/wp-json\/wp\/v2\/tags?post=96093"}],"curies":[{"name":"wp","href":"https:\/\/api.w.org\/{rel}","templated":true}]}}