{"id":95996,"date":"2023-09-26T22:53:43","date_gmt":"2023-09-27T01:53:43","guid":{"rendered":"https:\/\/webdelmaestrocmf.com\/portal\/?p=95996"},"modified":"2024-01-23T23:21:21","modified_gmt":"2024-01-24T02:21:21","slug":"proyectos-educativos-para-el-nivel-de-primaria-2023-2024","status":"publish","type":"post","link":"https:\/\/webdelmaestrocmf.com\/portal\/proyectos-educativos-para-el-nivel-de-primaria-2023-2024\/","title":{"rendered":"Proyectos educativos para el nivel de Primaria 2024"},"content":{"rendered":"<p style=\"text-align: justify;\"><strong>El ciclo escolar 2023 \u2013 2024 est\u00e1 en marcha, y con \u00e9l llega una nueva oportunidad para la creaci\u00f3n de proyectos did\u00e1cticos en las aulas de primaria. Los proyectos did\u00e1cticos son una herramienta esencial para el aprendizaje significativo de los estudiantes, ya que les permiten abordar situaciones problem\u00e1ticas de manera contextualizada, relacionando los contenidos nacionales con las realidades locales y globales.<\/strong><!--more--><\/p>\n<p style=\"text-align: justify;\">En este art\u00edculo, compartiremos ejemplos de proyectos did\u00e1cticos para cada grado de primaria en el ciclo escolar 2023 \u2013 2024.<\/p>\n<p>Art\u00edculo relacionado: <a href=\"https:\/\/webdelmaestrocmf.com\/portal\/120-nombres-de-proyectos-educativos-para-las-4-metodologias-de-la-nem\/\" target=\"_blank\" rel=\"noopener\">Nombres de proyectos educativos para las 4 metodolog\u00edas NEM<\/a><\/p>\n<h5 style=\"text-align: justify;\"><strong>Contextualizaci\u00f3n y An\u00e1lisis de la Realidad<\/strong><\/h5>\n<p style=\"text-align: justify;\">Uno de los principales pilares en la creaci\u00f3n de proyectos did\u00e1cticos es el an\u00e1lisis de la realidad en el entorno escolar. Durante los Consejos T\u00e9cnicos Escolares y Talleres de Formaci\u00f3n Continua para Docentes, los educadores tienen la oportunidad de identificar las problem\u00e1ticas, intereses y necesidades locales, nacionales y globales que afectan a sus estudiantes.<\/p>\n<p style=\"text-align: justify;\">Este an\u00e1lisis sirve como punto de partida para la construcci\u00f3n de situaciones problem\u00e1ticas que ser\u00e1n la base de la instrucci\u00f3n did\u00e1ctica.<\/p>\n<h5 style=\"text-align: justify;\"><strong>Ejes Articuladores<\/strong><\/h5>\n<p style=\"text-align: justify;\">En la elaboraci\u00f3n de proyectos did\u00e1cticos, los ejes articuladores juegan un papel fundamental. Estos ejes permiten definir las situaciones problem\u00e1ticas que ser\u00e1n abordadas en el aula y establecer conexiones significativas entre los contenidos nacionales y la realidad de los estudiantes. De esta manera, se fomenta un aprendizaje m\u00e1s profundo y aplicable en la vida cotidiana.<\/p>\n<h5 style=\"text-align: justify;\"><strong>Ejemplos de Proyectos Did\u00e1cticos<\/strong><\/h5>\n<p style=\"text-align: justify;\">A continuaci\u00f3n, presentamos ejemplos de proyectos did\u00e1cticos para cada grado de primaria en el ciclo escolar 2023 \u2013 2024. Estos proyectos han sido dise\u00f1ados siguiendo las directrices propuestas por el Nuevo Modelo Educativo (NEM) y se encuentran disponibles para su descarga y edici\u00f3n en formato Word:<\/p>\n<ul>\n<li style=\"text-align: justify;\"><strong>Primer Grado de Primaria<\/strong><\/li>\n<\/ul>\n<ul>\n<li style=\"list-style-type: none;\">\n<ul style=\"text-align: justify;\">\n<li>T\u00edtulo del Proyecto: \u00abExplorando Nuestro Entorno: Conociendo la Naturaleza Local\u00bb<\/li>\n<\/ul>\n<\/li>\n<\/ul>\n<ul>\n<li style=\"text-align: justify;\"><strong>Segundo Grado de Primaria<\/strong><\/li>\n<\/ul>\n<ul>\n<li style=\"list-style-type: none;\">\n<ul style=\"text-align: justify;\">\n<li>T\u00edtulo del Proyecto: \u00abNuestra Comunidad: Pasado y Presente\u00bb<\/li>\n<\/ul>\n<\/li>\n<\/ul>\n<ul>\n<li style=\"text-align: justify;\"><strong>Tercer Grado de Primaria<\/strong><\/li>\n<\/ul>\n<ul>\n<li style=\"list-style-type: none;\">\n<ul style=\"text-align: justify;\">\n<li>T\u00edtulo del Proyecto: \u00abEl Viaje de los Alimentos: De la Granja a la Mesa\u00bb<\/li>\n<\/ul>\n<\/li>\n<\/ul>\n<ul>\n<li style=\"text-align: justify;\"><strong>Cuarto Grado de Primaria<\/strong><\/li>\n<\/ul>\n<ul>\n<li style=\"list-style-type: none;\">\n<ul style=\"text-align: justify;\">\n<li>T\u00edtulo del Proyecto: \u00abExploradores del Universo: Conociendo el Sistema Solar\u00bb<\/li>\n<\/ul>\n<\/li>\n<\/ul>\n<ul>\n<li style=\"text-align: justify;\"><strong>Quinto Grado de Primaria<\/strong><\/li>\n<\/ul>\n<ul>\n<li style=\"list-style-type: none;\">\n<ul style=\"text-align: justify;\">\n<li>T\u00edtulo del Proyecto: \u00abCuidando Nuestro Ecosistema: La Conservaci\u00f3n de la Biodiversidad\u00bb<\/li>\n<\/ul>\n<\/li>\n<\/ul>\n<ul>\n<li style=\"text-align: justify;\"><strong>Sexto Grado de Primaria<\/strong><\/li>\n<\/ul>\n<ul>\n<li style=\"list-style-type: none;\">\n<ul style=\"text-align: justify;\">\n<li>T\u00edtulo del Proyecto: \u00abEmprendedores en Acci\u00f3n: Creando Nuestra Propia Empresa\u00bb<\/li>\n<\/ul>\n<\/li>\n<\/ul>\n<p><img loading=\"lazy\" decoding=\"async\" class=\"alignnone wp-image-95997 size-full\" src=\"https:\/\/webdelmaestrocmf.com\/portal\/wp-content\/uploads\/2023\/09\/AF6QYNmoW0AA4t6-1-1.jpg\" alt=\"ciclo escolar\" width=\"800\" height=\"418\" srcset=\"https:\/\/webdelmaestrocmf.com\/portal\/wp-content\/uploads\/2023\/09\/AF6QYNmoW0AA4t6-1-1.jpg 800w, https:\/\/webdelmaestrocmf.com\/portal\/wp-content\/uploads\/2023\/09\/AF6QYNmoW0AA4t6-1-1-300x157.jpg 300w, https:\/\/webdelmaestrocmf.com\/portal\/wp-content\/uploads\/2023\/09\/AF6QYNmoW0AA4t6-1-1-768x401.jpg 768w, https:\/\/webdelmaestrocmf.com\/portal\/wp-content\/uploads\/2023\/09\/AF6QYNmoW0AA4t6-1-1-380x199.jpg 380w, https:\/\/webdelmaestrocmf.com\/portal\/wp-content\/uploads\/2023\/09\/AF6QYNmoW0AA4t6-1-1-550x287.jpg 550w\" sizes=\"auto, (max-width: 800px) 100vw, 800px\" \/><\/p>\n<p style=\"text-align: justify;\">Estos proyectos did\u00e1cticos son solo ejemplos y pueden ser adaptados y personalizados seg\u00fan las necesidades y caracter\u00edsticas de cada grupo de estudiantes.<\/p>\n<p style=\"text-align: justify;\">Durante la semana de la Fase Intensiva del Consejo T\u00e9cnico Escolar (CTE) y del Taller de Capacitaci\u00f3n para Docentes, se estar\u00e1n publicando m\u00e1s ejemplos y recursos para enriquecer la experiencia educativa de los docentes y estudiantes durante el ciclo escolar 2023 \u2013 2024. \u00a1Demos inicio a un a\u00f1o escolar lleno de aprendizaje significativo y experiencias enriquecedoras!<\/p>\n<p style=\"text-align: right;\"><strong>REDACCI\u00d3N WEB DEL MAESTRO CMF<\/strong><\/p>\n<p style=\"text-align: center;\">Recomendamos a la Comunidad Educativa Digital tener en cuenta que el enlace y\/o la carpeta donde est\u00e9n alojados los libros, recursos y\/o materiales no es administrado por la Web del Maestro CMF. Puede ser que en cuesti\u00f3n de d\u00edas (o seg\u00fan el tiempo transcurrido desde su publicaci\u00f3n), los enlaces dejen de funcionar y el material ya no est\u00e9 disponible. Gracias por su comprensi\u00f3n.<\/p>\n<p style=\"text-align: center;\"><strong>ENLACE DE LECTURA:<\/strong> <a href=\"https:\/\/mega.nz\/folder\/eyQzmDzS#VJPVg9Vpsvg60SG7akmV7A\" target=\"_blank\" rel=\"noopener\">PROYECTOS EDUCATIVOS DE EL NIVEL DE PRIMARIA PARA EL CICLO ESCOLAR 2023 \u2013 2024<\/a><\/p>\n<p style=\"text-align: center;\"><strong>Si te sirvi\u00f3 el material, ap\u00f3yanos con un clic. Nos ayudar\u00e1 a mantener el servicio. \u00a1Comparte y as\u00ed m\u00e1s docentes utilizar\u00e1n estos recursos gratis! Muchas gracias.<\/strong><\/p>\n<p><img decoding=\"async\" src=\"https:\/\/webdelmaestrocmf.com\/portal\/wp-content\/uploads\/2023\/04\/banner_des.png\" \/><\/p>\n\t\t<div class=\"pk-inline-posts\">\n\t\t\t\n\t\t\t<div class=\"pk-inline-posts-container pk-inline-posts-template-list\"\n\t\t\t\tdata-columns=\"1\">\n\t\t\t\t\t\t<article id=\"post-104921\" class=\"post-104921 post type-post status-publish format-standard has-post-thumbnail category-lectoescritura category-proyecto-educativo category-pedagogia tag-bien tag-escribir tag-lectoescritura tag-leer tag-mejor tag-proyecto cs-entry cs-video-wrap\">\n\t\t\t<div class=\"pk-post-outer\">\n\n\t\t\t\t\t\t\t\t<div class=\"pk-post-inner\">\n\t\t\t\t\t<div class=\"entry-thumbnail\">\n\t\t\t\t\t\t<div class=\"pk-overlay pk-overlay-ratio pk-ratio-landscape\">\n\t\t\t\t\t\t\t<div class=\"pk-overlay-background\">\n\t\t\t\t\t\t\t\t<a href=\"https:\/\/webdelmaestrocmf.com\/portal\/proyecto-de-lectoescritura-leer-bien-para-escribir-mejor\/\" class=\"pk-overlay-link\">\n\t\t\t\t\t\t\t\t\t<img loading=\"lazy\" decoding=\"async\" width=\"300\" height=\"225\" src=\"https:\/\/webdelmaestrocmf.com\/portal\/wp-content\/uploads\/2024\/03\/Banner-1-portada-imagen-10-1-16-1-300x225.jpg\" class=\"attachment-pk-thumbnail size-pk-thumbnail wp-post-image\" alt=\"\" \/>\t\t\t\t\t\t\t\t<\/a>\n\t\t\t\t\t\t\t<\/div>\n\t\t\t\t\t\t<\/div>\n\t\t\t\t\t<\/div>\n\t\t\t\t<\/div>\n\t\t\t\t\n\t\t\t\t<div class=\"pk-post-inner\">\n\t\t\t\t\t<header>\n\t\t\t\t\t\t<h3 class=\"pk-title\"><a href=\"https:\/\/webdelmaestrocmf.com\/portal\/proyecto-de-lectoescritura-leer-bien-para-escribir-mejor\/\" rel=\"bookmark\">Descarga el Proyecto de lectoescritura: leer bien para escribir mejor<\/a><\/h3>\t\t\t\t\t<\/header><!-- .entry-header -->\n\t\t\t\t<\/div><!-- .post-inner -->\n\n\t\t\t<\/div><!-- .post-outer -->\n\t\t<\/article>\n\t\t\t<article id=\"post-112346\" class=\"post-112346 post type-post status-publish format-standard has-post-thumbnail category-proyecto-educativo category-pedagogia tag-cuerpo tag-deportivo tag-educativo tag-mente tag-proyecto tag-sano tag-y cs-entry cs-video-wrap\">\n\t\t\t<div class=\"pk-post-outer\">\n\n\t\t\t\t\t\t\t\t<div class=\"pk-post-inner\">\n\t\t\t\t\t<div class=\"entry-thumbnail\">\n\t\t\t\t\t\t<div class=\"pk-overlay pk-overlay-ratio pk-ratio-landscape\">\n\t\t\t\t\t\t\t<div class=\"pk-overlay-background\">\n\t\t\t\t\t\t\t\t<a href=\"https:\/\/webdelmaestrocmf.com\/portal\/proyecto-educativo-deportivo-mente-y-cuerpo-sano\/\" class=\"pk-overlay-link\">\n\t\t\t\t\t\t\t\t\t<img loading=\"lazy\" decoding=\"async\" width=\"300\" height=\"225\" src=\"https:\/\/webdelmaestrocmf.com\/portal\/wp-content\/uploads\/2025\/09\/1AA-Banner-1-portada-imagen-10-1-copia-1-300x225.webp\" class=\"attachment-pk-thumbnail size-pk-thumbnail wp-post-image\" alt=\"\" \/>\t\t\t\t\t\t\t\t<\/a>\n\t\t\t\t\t\t\t<\/div>\n\t\t\t\t\t\t<\/div>\n\t\t\t\t\t<\/div>\n\t\t\t\t<\/div>\n\t\t\t\t\n\t\t\t\t<div class=\"pk-post-inner\">\n\t\t\t\t\t<header>\n\t\t\t\t\t\t<h3 class=\"pk-title\"><a href=\"https:\/\/webdelmaestrocmf.com\/portal\/proyecto-educativo-deportivo-mente-y-cuerpo-sano\/\" rel=\"bookmark\">Proyecto Educativo Deportivo: Mente y Cuerpo Sano<\/a><\/h3>\t\t\t\t\t<\/header><!-- .entry-header -->\n\t\t\t\t<\/div><!-- .post-inner -->\n\n\t\t\t<\/div><!-- .post-outer -->\n\t\t<\/article>\n\t\t\t<article id=\"post-17158\" class=\"post-17158 post type-post status-publish format-standard has-post-thumbnail category-descargas-manuales-pdf category-visitadas category-proyecto-educativo category-pedagogia tag-educativo tag-elaboracion tag-proyecto cs-entry cs-video-wrap\">\n\t\t\t<div class=\"pk-post-outer\">\n\n\t\t\t\t\t\t\t\t<div class=\"pk-post-inner\">\n\t\t\t\t\t<div class=\"entry-thumbnail\">\n\t\t\t\t\t\t<div class=\"pk-overlay pk-overlay-ratio pk-ratio-landscape\">\n\t\t\t\t\t\t\t<div class=\"pk-overlay-background\">\n\t\t\t\t\t\t\t\t<a href=\"https:\/\/webdelmaestrocmf.com\/portal\/guia-la-elaboracion-proyecto-educativo-inicial-primaria-secundaria\/\" class=\"pk-overlay-link\">\n\t\t\t\t\t\t\t\t\t<img loading=\"lazy\" decoding=\"async\" width=\"300\" height=\"225\" src=\"https:\/\/webdelmaestrocmf.com\/portal\/wp-content\/uploads\/2020\/07\/Banner-1-portada-imagen-10-1-2024-05-31T094116.559-300x225.jpg\" class=\"attachment-pk-thumbnail size-pk-thumbnail wp-post-image\" alt=\"\" \/>\t\t\t\t\t\t\t\t<\/a>\n\t\t\t\t\t\t\t<\/div>\n\t\t\t\t\t\t<\/div>\n\t\t\t\t\t<\/div>\n\t\t\t\t<\/div>\n\t\t\t\t\n\t\t\t\t<div class=\"pk-post-inner\">\n\t\t\t\t\t<header>\n\t\t\t\t\t\t<h3 class=\"pk-title\"><a href=\"https:\/\/webdelmaestrocmf.com\/portal\/guia-la-elaboracion-proyecto-educativo-inicial-primaria-secundaria\/\" rel=\"bookmark\">Gu\u00eda para la elaboraci\u00f3n de un Proyecto educativo Inicial, Primaria y Secundaria<\/a><\/h3>\t\t\t\t\t<\/header><!-- .entry-header -->\n\t\t\t\t<\/div><!-- .post-inner -->\n\n\t\t\t<\/div><!-- .post-outer -->\n\t\t<\/article>\n\t\t\t\t<\/div>\n\t\t<\/div>\n\t\t\n","protected":false},"excerpt":{"rendered":"El ciclo escolar 2023 \u2013 2024 est\u00e1 en marcha, y con \u00e9l llega una nueva oportunidad para la&hellip;","protected":false},"author":1,"featured_media":96001,"comment_status":"open","ping_status":"closed","sticky":false,"template":"","format":"standard","meta":{"csco_display_header_overlay":false,"csco_singular_sidebar":"","csco_page_header_type":"","csco_page_load_nextpost":"","csco_post_video_location":[],"csco_post_video_location_hash":"","csco_post_video_url":"","csco_post_video_bg_start_time":0,"csco_post_video_bg_end_time":0,"csco_post_video_bg_volume":false,"_jetpack_memberships_contains_paid_content":false,"footnotes":""},"categories":[14936,735],"tags":[14471,21468,3495,5080,19259,1558,21474,21469,19605,21479,16971,17248,21475,21476,6010,17616,18411,21471,21481,21472,21473,20905,21467,21480,21477,19987,21482,21470,21478],"class_list":{"0":"post-95996","1":"post","2":"type-post","3":"status-publish","4":"format-standard","5":"has-post-thumbnail","7":"category-proyecto-educativo","8":"category-pedagogia","9":"tag-alimentacion","10":"tag-analisis-de-la-realidad","11":"tag-aprendizaje-significativo","12":"tag-biodiversidad","13":"tag-ciclo-escolar-2023-2024","14":"tag-comunidad","15":"tag-consejos-tecnicos-escolares","16":"tag-contenidos-nacionales","17":"tag-contextualizacion-curricular","18":"tag-cuarto-grado","19":"tag-descargas","20":"tag-educacion-primaria","21":"tag-ejemplos-de-proyectos","22":"tag-ejes-articuladores","23":"tag-emprendimiento","24":"tag-experiencia-educativa","25":"tag-formacion-continua","26":"tag-intereses-locales","27":"tag-naturaleza-local","28":"tag-necesidades-globales","29":"tag-nuevo-modelo-educativo-nem","30":"tag-primer-grado","31":"tag-proyectos-didacticos","32":"tag-quinto-grado","33":"tag-segundo-grado","34":"tag-sexto-grado","35":"tag-sistema-solar","36":"tag-situaciones-problematicas","37":"tag-tercer-grado","38":"cs-entry","39":"cs-video-wrap"},"yoast_head":"<!-- This site is optimized with the Yoast SEO plugin v27.5 - https:\/\/yoast.com\/product\/yoast-seo-wordpress\/ -->\n<title>Proyectos educativos para el nivel de Primaria 2024<\/title>\n<meta name=\"description\" content=\"El ciclo escolar 2023 \u2013 2024 est\u00e1 en marcha, y con \u00e9l llega una nueva oportunidad para la creaci\u00f3n de proyectos did\u00e1cticos en las aulas...\" \/>\n<meta name=\"robots\" content=\"index, follow, max-snippet:-1, max-image-preview:large, max-video-preview:-1\" \/>\n<link rel=\"canonical\" href=\"https:\/\/webdelmaestrocmf.com\/portal\/proyectos-educativos-para-el-nivel-de-primaria-2023-2024\/\" \/>\n<meta property=\"og:locale\" content=\"es_ES\" \/>\n<meta property=\"og:type\" content=\"article\" \/>\n<meta property=\"og:title\" content=\"Proyectos educativos para el nivel de Primaria 2024\" \/>\n<meta property=\"og:description\" content=\"El ciclo escolar 2023 \u2013 2024 est\u00e1 en marcha, y con \u00e9l llega una nueva oportunidad para la creaci\u00f3n de proyectos did\u00e1cticos en las aulas...\" \/>\n<meta property=\"og:url\" content=\"https:\/\/webdelmaestrocmf.com\/portal\/proyectos-educativos-para-el-nivel-de-primaria-2023-2024\/\" \/>\n<meta property=\"og:site_name\" content=\"Web del Maestro CMF\" \/>\n<meta property=\"article:publisher\" content=\"https:\/\/www.facebook.com\/WebdelMaestroCMF\/\" \/>\n<meta property=\"article:author\" content=\"https:\/\/www.facebook.com\/WebdelMaestroCMF\/\" \/>\n<meta property=\"article:published_time\" content=\"2023-09-27T01:53:43+00:00\" \/>\n<meta property=\"article:modified_time\" content=\"2024-01-24T02:21:21+00:00\" \/>\n<meta property=\"og:image\" content=\"https:\/\/webdelmaestrocmf.com\/portal\/wp-content\/uploads\/2023\/09\/A12B3C4D-38.jpg\" \/>\n\t<meta property=\"og:image:width\" content=\"900\" \/>\n\t<meta property=\"og:image:height\" content=\"556\" \/>\n\t<meta property=\"og:image:type\" content=\"image\/jpeg\" \/>\n<meta name=\"author\" content=\"Web del Maestro CMF\" \/>\n<meta name=\"twitter:card\" content=\"summary_large_image\" \/>\n<meta name=\"twitter:creator\" content=\"@cmf_w\" \/>\n<meta name=\"twitter:site\" content=\"@cmf_w\" \/>\n<script type=\"application\/ld+json\" class=\"yoast-schema-graph\">{\"@context\":\"https:\\\/\\\/schema.org\",\"@graph\":[{\"@type\":\"ScholarlyArticle\",\"@id\":\"https:\\\/\\\/webdelmaestrocmf.com\\\/portal\\\/proyectos-educativos-para-el-nivel-de-primaria-2023-2024\\\/#article\",\"isPartOf\":{\"@id\":\"https:\\\/\\\/webdelmaestrocmf.com\\\/portal\\\/proyectos-educativos-para-el-nivel-de-primaria-2023-2024\\\/\"},\"author\":{\"name\":\"Web del Maestro CMF\",\"@id\":\"https:\\\/\\\/webdelmaestrocmf.com\\\/portal\\\/#\\\/schema\\\/person\\\/1072a2ed7bd960df8ef99a551fa35dc5\"},\"headline\":\"Proyectos educativos para el nivel de Primaria 2024\",\"datePublished\":\"2023-09-27T01:53:43+00:00\",\"dateModified\":\"2024-01-24T02:21:21+00:00\",\"mainEntityOfPage\":{\"@id\":\"https:\\\/\\\/webdelmaestrocmf.com\\\/portal\\\/proyectos-educativos-para-el-nivel-de-primaria-2023-2024\\\/\"},\"wordCount\":610,\"commentCount\":1,\"publisher\":{\"@id\":\"https:\\\/\\\/webdelmaestrocmf.com\\\/portal\\\/#organization\"},\"image\":{\"@id\":\"https:\\\/\\\/webdelmaestrocmf.com\\\/portal\\\/proyectos-educativos-para-el-nivel-de-primaria-2023-2024\\\/#primaryimage\"},\"thumbnailUrl\":\"https:\\\/\\\/webdelmaestrocmf.com\\\/portal\\\/wp-content\\\/uploads\\\/2023\\\/09\\\/A12B3C4D-38.jpg\",\"keywords\":[\"Alimentaci\u00f3n\",\"An\u00e1lisis de la realidad\",\"APRENDIZAJE SIGNIFICATIVO\",\"biodiversidad\",\"Ciclo escolar 2023-2024\",\"COMUNIDAD\",\"Consejos T\u00e9cnicos Escolares\",\"Contenidos nacionales\",\"contextualizaci\u00f3n curricular\",\"Cuarto grado\",\"descargas\",\"educaci\u00f3n primaria\",\"Ejemplos de proyectos\",\"Ejes articuladores\",\"Emprendimiento\",\"experiencia educativa\",\"formaci\u00f3n continua\",\"Intereses locales\",\"Naturaleza local\",\"Necesidades globales\",\"Nuevo Modelo Educativo (NEM)\",\"Primer grado\",\"Proyectos did\u00e1cticos\",\"Quinto grado\",\"Segundo grado\",\"Sexto grado\",\"Sistema Solar\",\"Situaciones problem\u00e1ticas\",\"Tercer grado\"],\"articleSection\":[\"Proyecto educativo\",\"Recursos\"],\"inLanguage\":\"es\",\"potentialAction\":[{\"@type\":\"CommentAction\",\"name\":\"Comment\",\"target\":[\"https:\\\/\\\/webdelmaestrocmf.com\\\/portal\\\/proyectos-educativos-para-el-nivel-de-primaria-2023-2024\\\/#respond\"]}]},{\"@type\":\"WebPage\",\"@id\":\"https:\\\/\\\/webdelmaestrocmf.com\\\/portal\\\/proyectos-educativos-para-el-nivel-de-primaria-2023-2024\\\/\",\"url\":\"https:\\\/\\\/webdelmaestrocmf.com\\\/portal\\\/proyectos-educativos-para-el-nivel-de-primaria-2023-2024\\\/\",\"name\":\"Proyectos educativos para el nivel de Primaria 2024\",\"isPartOf\":{\"@id\":\"https:\\\/\\\/webdelmaestrocmf.com\\\/portal\\\/#website\"},\"primaryImageOfPage\":{\"@id\":\"https:\\\/\\\/webdelmaestrocmf.com\\\/portal\\\/proyectos-educativos-para-el-nivel-de-primaria-2023-2024\\\/#primaryimage\"},\"image\":{\"@id\":\"https:\\\/\\\/webdelmaestrocmf.com\\\/portal\\\/proyectos-educativos-para-el-nivel-de-primaria-2023-2024\\\/#primaryimage\"},\"thumbnailUrl\":\"https:\\\/\\\/webdelmaestrocmf.com\\\/portal\\\/wp-content\\\/uploads\\\/2023\\\/09\\\/A12B3C4D-38.jpg\",\"datePublished\":\"2023-09-27T01:53:43+00:00\",\"dateModified\":\"2024-01-24T02:21:21+00:00\",\"description\":\"El ciclo escolar 2023 \u2013 2024 est\u00e1 en marcha, y con \u00e9l llega una nueva oportunidad para la creaci\u00f3n de proyectos did\u00e1cticos en las aulas...\",\"breadcrumb\":{\"@id\":\"https:\\\/\\\/webdelmaestrocmf.com\\\/portal\\\/proyectos-educativos-para-el-nivel-de-primaria-2023-2024\\\/#breadcrumb\"},\"inLanguage\":\"es\",\"potentialAction\":[{\"@type\":\"ReadAction\",\"target\":[\"https:\\\/\\\/webdelmaestrocmf.com\\\/portal\\\/proyectos-educativos-para-el-nivel-de-primaria-2023-2024\\\/\"]}]},{\"@type\":\"ImageObject\",\"inLanguage\":\"es\",\"@id\":\"https:\\\/\\\/webdelmaestrocmf.com\\\/portal\\\/proyectos-educativos-para-el-nivel-de-primaria-2023-2024\\\/#primaryimage\",\"url\":\"https:\\\/\\\/webdelmaestrocmf.com\\\/portal\\\/wp-content\\\/uploads\\\/2023\\\/09\\\/A12B3C4D-38.jpg\",\"contentUrl\":\"https:\\\/\\\/webdelmaestrocmf.com\\\/portal\\\/wp-content\\\/uploads\\\/2023\\\/09\\\/A12B3C4D-38.jpg\",\"width\":900,\"height\":556,\"caption\":\"ciclo escolar\"},{\"@type\":\"BreadcrumbList\",\"@id\":\"https:\\\/\\\/webdelmaestrocmf.com\\\/portal\\\/proyectos-educativos-para-el-nivel-de-primaria-2023-2024\\\/#breadcrumb\",\"itemListElement\":[{\"@type\":\"ListItem\",\"position\":1,\"name\":\"Portada\",\"item\":\"https:\\\/\\\/webdelmaestrocmf.com\\\/portal\\\/\"},{\"@type\":\"ListItem\",\"position\":2,\"name\":\"Recursos\",\"item\":\"https:\\\/\\\/webdelmaestrocmf.com\\\/portal\\\/category\\\/pedagogia\\\/\"},{\"@type\":\"ListItem\",\"position\":3,\"name\":\"Proyectos educativos para el nivel de Primaria 2024\"}]},{\"@type\":\"WebSite\",\"@id\":\"https:\\\/\\\/webdelmaestrocmf.com\\\/portal\\\/#website\",\"url\":\"https:\\\/\\\/webdelmaestrocmf.com\\\/portal\\\/\",\"name\":\"Web del Maestro CMF\",\"description\":\"Maestros al servicio de la educaci\u00f3n\",\"publisher\":{\"@id\":\"https:\\\/\\\/webdelmaestrocmf.com\\\/portal\\\/#organization\"},\"alternateName\":\"WMCMF\",\"potentialAction\":[{\"@type\":\"SearchAction\",\"target\":{\"@type\":\"EntryPoint\",\"urlTemplate\":\"https:\\\/\\\/webdelmaestrocmf.com\\\/portal\\\/?s={search_term_string}\"},\"query-input\":{\"@type\":\"PropertyValueSpecification\",\"valueRequired\":true,\"valueName\":\"search_term_string\"}}],\"inLanguage\":\"es\"},{\"@type\":\"Organization\",\"@id\":\"https:\\\/\\\/webdelmaestrocmf.com\\\/portal\\\/#organization\",\"name\":\"Web del Maestro CMF\",\"alternateName\":\"WMCMF\",\"url\":\"https:\\\/\\\/webdelmaestrocmf.com\\\/portal\\\/\",\"logo\":{\"@type\":\"ImageObject\",\"inLanguage\":\"es\",\"@id\":\"https:\\\/\\\/webdelmaestrocmf.com\\\/portal\\\/#\\\/schema\\\/logo\\\/image\\\/\",\"url\":\"https:\\\/\\\/webdelmaestrocmf.com\\\/portal\\\/wp-content\\\/uploads\\\/2023\\\/01\\\/logo-wmcmf-2.png\",\"contentUrl\":\"https:\\\/\\\/webdelmaestrocmf.com\\\/portal\\\/wp-content\\\/uploads\\\/2023\\\/01\\\/logo-wmcmf-2.png\",\"width\":200,\"height\":60,\"caption\":\"Web del Maestro CMF\"},\"image\":{\"@id\":\"https:\\\/\\\/webdelmaestrocmf.com\\\/portal\\\/#\\\/schema\\\/logo\\\/image\\\/\"},\"sameAs\":[\"https:\\\/\\\/www.facebook.com\\\/WebdelMaestroCMF\\\/\",\"https:\\\/\\\/x.com\\\/cmf_w\",\"https:\\\/\\\/www.pinterest.com\\\/WMCMF\\\/\",\"https:\\\/\\\/www.linkedin.com\\\/company\\\/web-del-maestro-cmf\\\/\",\"https:\\\/\\\/www.instagram.com\\\/wmcmf\\\/\",\"https:\\\/\\\/www.youtube.com\\\/channel\\\/UCDPSvjbdodE5sHnC3OxutHw\",\"https:\\\/\\\/mastodon.social\\\/@wmcmf\",\"https:\\\/\\\/www.tiktok.com\\\/@webdelmaestrocmf\"]},{\"@type\":\"Person\",\"@id\":\"https:\\\/\\\/webdelmaestrocmf.com\\\/portal\\\/#\\\/schema\\\/person\\\/1072a2ed7bd960df8ef99a551fa35dc5\",\"name\":\"Web del Maestro CMF\",\"image\":{\"@type\":\"ImageObject\",\"inLanguage\":\"es\",\"@id\":\"https:\\\/\\\/secure.gravatar.com\\\/avatar\\\/23291dd5b5ae1077dcff3dbb04c3e02bd28403fa75af6d8787d5e97c5bbbe30b?s=96&d=mm&r=g\",\"url\":\"https:\\\/\\\/secure.gravatar.com\\\/avatar\\\/23291dd5b5ae1077dcff3dbb04c3e02bd28403fa75af6d8787d5e97c5bbbe30b?s=96&d=mm&r=g\",\"contentUrl\":\"https:\\\/\\\/secure.gravatar.com\\\/avatar\\\/23291dd5b5ae1077dcff3dbb04c3e02bd28403fa75af6d8787d5e97c5bbbe30b?s=96&d=mm&r=g\",\"caption\":\"Web del Maestro CMF\"},\"description\":\"Esta Web se cre\u00f3 sin fines de lucro, con fines educativos, cient\u00edficos y acad\u00e9micos, para personas que tengan dificultades y\\\/o inconvenientes en visualizar el material original. El objetivo es entregar recursos, compartir experiencias y materiales que ayuden a los padres de familia, maestros y estudiantes en su actualizaci\u00f3n y formaci\u00f3n permanente, en bien de la Educaci\u00f3n.\",\"sameAs\":[\"http:\\\/\\\/webdelmaestrocmf.com\\\/portal\",\"https:\\\/\\\/www.facebook.com\\\/WebdelMaestroCMF\\\/\",\"https:\\\/\\\/www.instagram.com\\\/wmcmf\\\/\",\"https:\\\/\\\/cl.linkedin.com\\\/company\\\/web-del-maestro-cmf\",\"https:\\\/\\\/www.pinterest.com\\\/WMCMF\\\/publicaciones\\\/\",\"https:\\\/\\\/x.com\\\/cmf_w\",\"https:\\\/\\\/www.youtube.com\\\/@WMCMF\"]}]}<\/script>\n<!-- \/ Yoast SEO plugin. -->","yoast_head_json":{"title":"Proyectos educativos para el nivel de Primaria 2024","description":"El ciclo escolar 2023 \u2013 2024 est\u00e1 en marcha, y con \u00e9l llega una nueva oportunidad para la creaci\u00f3n de proyectos did\u00e1cticos en las aulas...","robots":{"index":"index","follow":"follow","max-snippet":"max-snippet:-1","max-image-preview":"max-image-preview:large","max-video-preview":"max-video-preview:-1"},"canonical":"https:\/\/webdelmaestrocmf.com\/portal\/proyectos-educativos-para-el-nivel-de-primaria-2023-2024\/","og_locale":"es_ES","og_type":"article","og_title":"Proyectos educativos para el nivel de Primaria 2024","og_description":"El ciclo escolar 2023 \u2013 2024 est\u00e1 en marcha, y con \u00e9l llega una nueva oportunidad para la creaci\u00f3n de proyectos did\u00e1cticos en las aulas...","og_url":"https:\/\/webdelmaestrocmf.com\/portal\/proyectos-educativos-para-el-nivel-de-primaria-2023-2024\/","og_site_name":"Web del Maestro CMF","article_publisher":"https:\/\/www.facebook.com\/WebdelMaestroCMF\/","article_author":"https:\/\/www.facebook.com\/WebdelMaestroCMF\/","article_published_time":"2023-09-27T01:53:43+00:00","article_modified_time":"2024-01-24T02:21:21+00:00","og_image":[{"width":900,"height":556,"url":"https:\/\/webdelmaestrocmf.com\/portal\/wp-content\/uploads\/2023\/09\/A12B3C4D-38.jpg","type":"image\/jpeg"}],"author":"Web del Maestro CMF","twitter_card":"summary_large_image","twitter_creator":"@cmf_w","twitter_site":"@cmf_w","schema":{"@context":"https:\/\/schema.org","@graph":[{"@type":"ScholarlyArticle","@id":"https:\/\/webdelmaestrocmf.com\/portal\/proyectos-educativos-para-el-nivel-de-primaria-2023-2024\/#article","isPartOf":{"@id":"https:\/\/webdelmaestrocmf.com\/portal\/proyectos-educativos-para-el-nivel-de-primaria-2023-2024\/"},"author":{"name":"Web del Maestro CMF","@id":"https:\/\/webdelmaestrocmf.com\/portal\/#\/schema\/person\/1072a2ed7bd960df8ef99a551fa35dc5"},"headline":"Proyectos educativos para el nivel de Primaria 2024","datePublished":"2023-09-27T01:53:43+00:00","dateModified":"2024-01-24T02:21:21+00:00","mainEntityOfPage":{"@id":"https:\/\/webdelmaestrocmf.com\/portal\/proyectos-educativos-para-el-nivel-de-primaria-2023-2024\/"},"wordCount":610,"commentCount":1,"publisher":{"@id":"https:\/\/webdelmaestrocmf.com\/portal\/#organization"},"image":{"@id":"https:\/\/webdelmaestrocmf.com\/portal\/proyectos-educativos-para-el-nivel-de-primaria-2023-2024\/#primaryimage"},"thumbnailUrl":"https:\/\/webdelmaestrocmf.com\/portal\/wp-content\/uploads\/2023\/09\/A12B3C4D-38.jpg","keywords":["Alimentaci\u00f3n","An\u00e1lisis de la realidad","APRENDIZAJE SIGNIFICATIVO","biodiversidad","Ciclo escolar 2023-2024","COMUNIDAD","Consejos T\u00e9cnicos Escolares","Contenidos nacionales","contextualizaci\u00f3n curricular","Cuarto grado","descargas","educaci\u00f3n primaria","Ejemplos de proyectos","Ejes articuladores","Emprendimiento","experiencia educativa","formaci\u00f3n continua","Intereses locales","Naturaleza local","Necesidades globales","Nuevo Modelo Educativo (NEM)","Primer grado","Proyectos did\u00e1cticos","Quinto grado","Segundo grado","Sexto grado","Sistema Solar","Situaciones problem\u00e1ticas","Tercer grado"],"articleSection":["Proyecto educativo","Recursos"],"inLanguage":"es","potentialAction":[{"@type":"CommentAction","name":"Comment","target":["https:\/\/webdelmaestrocmf.com\/portal\/proyectos-educativos-para-el-nivel-de-primaria-2023-2024\/#respond"]}]},{"@type":"WebPage","@id":"https:\/\/webdelmaestrocmf.com\/portal\/proyectos-educativos-para-el-nivel-de-primaria-2023-2024\/","url":"https:\/\/webdelmaestrocmf.com\/portal\/proyectos-educativos-para-el-nivel-de-primaria-2023-2024\/","name":"Proyectos educativos para el nivel de Primaria 2024","isPartOf":{"@id":"https:\/\/webdelmaestrocmf.com\/portal\/#website"},"primaryImageOfPage":{"@id":"https:\/\/webdelmaestrocmf.com\/portal\/proyectos-educativos-para-el-nivel-de-primaria-2023-2024\/#primaryimage"},"image":{"@id":"https:\/\/webdelmaestrocmf.com\/portal\/proyectos-educativos-para-el-nivel-de-primaria-2023-2024\/#primaryimage"},"thumbnailUrl":"https:\/\/webdelmaestrocmf.com\/portal\/wp-content\/uploads\/2023\/09\/A12B3C4D-38.jpg","datePublished":"2023-09-27T01:53:43+00:00","dateModified":"2024-01-24T02:21:21+00:00","description":"El ciclo escolar 2023 \u2013 2024 est\u00e1 en marcha, y con \u00e9l llega una nueva oportunidad para la creaci\u00f3n de proyectos did\u00e1cticos en las aulas...","breadcrumb":{"@id":"https:\/\/webdelmaestrocmf.com\/portal\/proyectos-educativos-para-el-nivel-de-primaria-2023-2024\/#breadcrumb"},"inLanguage":"es","potentialAction":[{"@type":"ReadAction","target":["https:\/\/webdelmaestrocmf.com\/portal\/proyectos-educativos-para-el-nivel-de-primaria-2023-2024\/"]}]},{"@type":"ImageObject","inLanguage":"es","@id":"https:\/\/webdelmaestrocmf.com\/portal\/proyectos-educativos-para-el-nivel-de-primaria-2023-2024\/#primaryimage","url":"https:\/\/webdelmaestrocmf.com\/portal\/wp-content\/uploads\/2023\/09\/A12B3C4D-38.jpg","contentUrl":"https:\/\/webdelmaestrocmf.com\/portal\/wp-content\/uploads\/2023\/09\/A12B3C4D-38.jpg","width":900,"height":556,"caption":"ciclo escolar"},{"@type":"BreadcrumbList","@id":"https:\/\/webdelmaestrocmf.com\/portal\/proyectos-educativos-para-el-nivel-de-primaria-2023-2024\/#breadcrumb","itemListElement":[{"@type":"ListItem","position":1,"name":"Portada","item":"https:\/\/webdelmaestrocmf.com\/portal\/"},{"@type":"ListItem","position":2,"name":"Recursos","item":"https:\/\/webdelmaestrocmf.com\/portal\/category\/pedagogia\/"},{"@type":"ListItem","position":3,"name":"Proyectos educativos para el nivel de Primaria 2024"}]},{"@type":"WebSite","@id":"https:\/\/webdelmaestrocmf.com\/portal\/#website","url":"https:\/\/webdelmaestrocmf.com\/portal\/","name":"Web del Maestro CMF","description":"Maestros al servicio de la educaci\u00f3n","publisher":{"@id":"https:\/\/webdelmaestrocmf.com\/portal\/#organization"},"alternateName":"WMCMF","potentialAction":[{"@type":"SearchAction","target":{"@type":"EntryPoint","urlTemplate":"https:\/\/webdelmaestrocmf.com\/portal\/?s={search_term_string}"},"query-input":{"@type":"PropertyValueSpecification","valueRequired":true,"valueName":"search_term_string"}}],"inLanguage":"es"},{"@type":"Organization","@id":"https:\/\/webdelmaestrocmf.com\/portal\/#organization","name":"Web del Maestro CMF","alternateName":"WMCMF","url":"https:\/\/webdelmaestrocmf.com\/portal\/","logo":{"@type":"ImageObject","inLanguage":"es","@id":"https:\/\/webdelmaestrocmf.com\/portal\/#\/schema\/logo\/image\/","url":"https:\/\/webdelmaestrocmf.com\/portal\/wp-content\/uploads\/2023\/01\/logo-wmcmf-2.png","contentUrl":"https:\/\/webdelmaestrocmf.com\/portal\/wp-content\/uploads\/2023\/01\/logo-wmcmf-2.png","width":200,"height":60,"caption":"Web del Maestro CMF"},"image":{"@id":"https:\/\/webdelmaestrocmf.com\/portal\/#\/schema\/logo\/image\/"},"sameAs":["https:\/\/www.facebook.com\/WebdelMaestroCMF\/","https:\/\/x.com\/cmf_w","https:\/\/www.pinterest.com\/WMCMF\/","https:\/\/www.linkedin.com\/company\/web-del-maestro-cmf\/","https:\/\/www.instagram.com\/wmcmf\/","https:\/\/www.youtube.com\/channel\/UCDPSvjbdodE5sHnC3OxutHw","https:\/\/mastodon.social\/@wmcmf","https:\/\/www.tiktok.com\/@webdelmaestrocmf"]},{"@type":"Person","@id":"https:\/\/webdelmaestrocmf.com\/portal\/#\/schema\/person\/1072a2ed7bd960df8ef99a551fa35dc5","name":"Web del Maestro CMF","image":{"@type":"ImageObject","inLanguage":"es","@id":"https:\/\/secure.gravatar.com\/avatar\/23291dd5b5ae1077dcff3dbb04c3e02bd28403fa75af6d8787d5e97c5bbbe30b?s=96&d=mm&r=g","url":"https:\/\/secure.gravatar.com\/avatar\/23291dd5b5ae1077dcff3dbb04c3e02bd28403fa75af6d8787d5e97c5bbbe30b?s=96&d=mm&r=g","contentUrl":"https:\/\/secure.gravatar.com\/avatar\/23291dd5b5ae1077dcff3dbb04c3e02bd28403fa75af6d8787d5e97c5bbbe30b?s=96&d=mm&r=g","caption":"Web del Maestro CMF"},"description":"Esta Web se cre\u00f3 sin fines de lucro, con fines educativos, cient\u00edficos y acad\u00e9micos, para personas que tengan dificultades y\/o inconvenientes en visualizar el material original. El objetivo es entregar recursos, compartir experiencias y materiales que ayuden a los padres de familia, maestros y estudiantes en su actualizaci\u00f3n y formaci\u00f3n permanente, en bien de la Educaci\u00f3n.","sameAs":["http:\/\/webdelmaestrocmf.com\/portal","https:\/\/www.facebook.com\/WebdelMaestroCMF\/","https:\/\/www.instagram.com\/wmcmf\/","https:\/\/cl.linkedin.com\/company\/web-del-maestro-cmf","https:\/\/www.pinterest.com\/WMCMF\/publicaciones\/","https:\/\/x.com\/cmf_w","https:\/\/www.youtube.com\/@WMCMF"]}]}},"jetpack_featured_media_url":"https:\/\/webdelmaestrocmf.com\/portal\/wp-content\/uploads\/2023\/09\/A12B3C4D-38.jpg","jetpack_sharing_enabled":true,"jetpack-related-posts":[{"id":93436,"url":"https:\/\/webdelmaestrocmf.com\/portal\/10-cosas-que-debes-de-saber-en-este-ciclo-escolar-2023-2024\/","url_meta":{"origin":95996,"position":0},"title":"10 cosas que debes de saber en este Ciclo Escolar 2023 &#8211; 2024","author":"Web del Maestro CMF","date":"28 agosto, 2023","format":false,"excerpt":"Con el inicio del ciclo escolar 2023-2024, se presentan cambios significativos en el sistema educativo que buscan promover una ense\u00f1anza m\u00e1s integral y adaptada a las necesidades actuales. Estas transformaciones, centradas en la mejora continua y la formaci\u00f3n integral de los estudiantes, impactar\u00e1n la forma en que se aborda la\u2026","rel":"","context":"En \u00abConsejos\u00bb","block_context":{"text":"Consejos","link":"https:\/\/webdelmaestrocmf.com\/portal\/category\/pedagogia\/consejos\/"},"img":{"alt_text":"","src":"https:\/\/i0.wp.com\/webdelmaestrocmf.com\/portal\/wp-content\/uploads\/2023\/08\/A12B3C4D-77.jpg?resize=350%2C200&ssl=1","width":350,"height":200,"srcset":"https:\/\/i0.wp.com\/webdelmaestrocmf.com\/portal\/wp-content\/uploads\/2023\/08\/A12B3C4D-77.jpg?resize=350%2C200&ssl=1 1x, https:\/\/i0.wp.com\/webdelmaestrocmf.com\/portal\/wp-content\/uploads\/2023\/08\/A12B3C4D-77.jpg?resize=525%2C300&ssl=1 1.5x, https:\/\/i0.wp.com\/webdelmaestrocmf.com\/portal\/wp-content\/uploads\/2023\/08\/A12B3C4D-77.jpg?resize=700%2C400&ssl=1 2x"},"classes":[]},{"id":90836,"url":"https:\/\/webdelmaestrocmf.com\/portal\/programa-analitico-para-todos-los-grados-materiales-para-apoyar-la-elaboracion\/","url_meta":{"origin":95996,"position":1},"title":"Programa anal\u00edtico para todos los grados: Materiales para apoyar la elaboraci\u00f3n","author":"Web del Maestro CMF","date":"20 julio, 2023","format":false,"excerpt":"El Programa Anal\u00edtico es una estrategia educativa que se centra en la planeaci\u00f3n flexible del proceso de formaci\u00f3n para un ciclo escolar, espec\u00edficamente por fase y grado, con el objetivo de contextualizar los contenidos de los programas sint\u00e9ticos a los problemas y la identidad cultural de la comunidad en la\u2026","rel":"","context":"En \u00abPrograma Anal\u00edtico\u00bb","block_context":{"text":"Programa Anal\u00edtico","link":"https:\/\/webdelmaestrocmf.com\/portal\/category\/pedagogia\/programa-analitico\/"},"img":{"alt_text":"Programa anal\u00edtico","src":"https:\/\/i0.wp.com\/webdelmaestrocmf.com\/portal\/wp-content\/uploads\/2023\/07\/A12B3C4D-19.jpg?resize=350%2C200&ssl=1","width":350,"height":200,"srcset":"https:\/\/i0.wp.com\/webdelmaestrocmf.com\/portal\/wp-content\/uploads\/2023\/07\/A12B3C4D-19.jpg?resize=350%2C200&ssl=1 1x, https:\/\/i0.wp.com\/webdelmaestrocmf.com\/portal\/wp-content\/uploads\/2023\/07\/A12B3C4D-19.jpg?resize=525%2C300&ssl=1 1.5x, https:\/\/i0.wp.com\/webdelmaestrocmf.com\/portal\/wp-content\/uploads\/2023\/07\/A12B3C4D-19.jpg?resize=700%2C400&ssl=1 2x"},"classes":[]},{"id":84887,"url":"https:\/\/webdelmaestrocmf.com\/portal\/evaluacion-diagnostica-2023-fasciculos-referenciales\/","url_meta":{"origin":95996,"position":2},"title":"Evaluaci\u00f3n Diagn\u00f3stica Primaria 2025","author":"Web del Maestro CMF","date":"26 febrero, 2025","format":false,"excerpt":"La evaluaci\u00f3n diagn\u00f3stica es un proceso clave en la educaci\u00f3n que permite conocer el punto de partida de los aprendizajes de las y los estudiantes al inicio de un nuevo ciclo escolar. En 2025, los lineamientos establecidos por Mejoredu enfatizan que estas evaluaciones tienen un car\u00e1cter formativo y no est\u00e1n\u2026","rel":"","context":"En \u00abDescargas Manuales PDF\u00bb","block_context":{"text":"Descargas Manuales PDF","link":"https:\/\/webdelmaestrocmf.com\/portal\/category\/pedagogia\/descargas-manuales-pdf\/"},"img":{"alt_text":"","src":"https:\/\/i0.wp.com\/webdelmaestrocmf.com\/portal\/wp-content\/uploads\/2023\/02\/1A-Banner-1-portada-imagen-10-1-96.jpg?resize=350%2C200&ssl=1","width":350,"height":200,"srcset":"https:\/\/i0.wp.com\/webdelmaestrocmf.com\/portal\/wp-content\/uploads\/2023\/02\/1A-Banner-1-portada-imagen-10-1-96.jpg?resize=350%2C200&ssl=1 1x, https:\/\/i0.wp.com\/webdelmaestrocmf.com\/portal\/wp-content\/uploads\/2023\/02\/1A-Banner-1-portada-imagen-10-1-96.jpg?resize=525%2C300&ssl=1 1.5x, https:\/\/i0.wp.com\/webdelmaestrocmf.com\/portal\/wp-content\/uploads\/2023\/02\/1A-Banner-1-portada-imagen-10-1-96.jpg?resize=700%2C400&ssl=1 2x"},"classes":[]},{"id":100231,"url":"https:\/\/webdelmaestrocmf.com\/portal\/cuaderno-de-repaso-de-fin-de-ano-para-1o-y-2o-de-primaria\/","url_meta":{"origin":95996,"position":3},"title":"Cuaderno de repaso de fin de a\u00f1o para 1\u00ba y 2\u00ba de Primaria","author":"Web del Maestro CMF","date":"19 noviembre, 2024","format":false,"excerpt":"El fin de a\u00f1o se acerca r\u00e1pidamente, y con \u00e9l, llega el momento de reflexionar sobre todo lo aprendido durante el a\u00f1o escolar. Para los estudiantes de 1\u00ba y 2\u00ba de primaria, este per\u00edodo es crucial para reforzar los conocimientos adquiridos y prepararse para nuevos desaf\u00edos. Un aliado valioso en\u2026","rel":"","context":"En \u00abCuadernillos\u00bb","block_context":{"text":"Cuadernillos","link":"https:\/\/webdelmaestrocmf.com\/portal\/category\/pedagogia\/cuadernillos\/"},"img":{"alt_text":"","src":"https:\/\/i0.wp.com\/webdelmaestrocmf.com\/portal\/wp-content\/uploads\/2023\/11\/doll-with-letter-that-says-it.jpg?resize=350%2C200&ssl=1","width":350,"height":200,"srcset":"https:\/\/i0.wp.com\/webdelmaestrocmf.com\/portal\/wp-content\/uploads\/2023\/11\/doll-with-letter-that-says-it.jpg?resize=350%2C200&ssl=1 1x, https:\/\/i0.wp.com\/webdelmaestrocmf.com\/portal\/wp-content\/uploads\/2023\/11\/doll-with-letter-that-says-it.jpg?resize=525%2C300&ssl=1 1.5x, https:\/\/i0.wp.com\/webdelmaestrocmf.com\/portal\/wp-content\/uploads\/2023\/11\/doll-with-letter-that-says-it.jpg?resize=700%2C400&ssl=1 2x"},"classes":[]},{"id":94285,"url":"https:\/\/webdelmaestrocmf.com\/portal\/planeacion-analitica-de-primero-a-sexto-de-primaria-semanal-ciclo-2023-2024\/","url_meta":{"origin":95996,"position":4},"title":"Planeaci\u00f3n Anal\u00edtica de Primero a Sexto de Primaria semanal, ciclo 2023 &#8211; 2024","author":"Web del Maestro CMF","date":"6 septiembre, 2023","format":false,"excerpt":"La ense\u00f1anza efectiva es un pilar fundamental en la formaci\u00f3n de los estudiantes, y para lograrlo, los docentes desempe\u00f1an un papel crucial. La planeaci\u00f3n anal\u00edtica se presenta como un proceso esencial que permite a los educadores estructurar su trabajo de manera sistem\u00e1tica y eficiente. En el contexto de la educaci\u00f3n\u2026","rel":"","context":"En \u00abPlaneaci\u00f3n\u00bb","block_context":{"text":"Planeaci\u00f3n","link":"https:\/\/webdelmaestrocmf.com\/portal\/category\/pedagogia\/planeacion\/"},"img":{"alt_text":"Planeaci\u00f3n Anal\u00edtica","src":"https:\/\/i0.wp.com\/webdelmaestrocmf.com\/portal\/wp-content\/uploads\/2023\/09\/A12B3C4D-29.jpg?resize=350%2C200&ssl=1","width":350,"height":200,"srcset":"https:\/\/i0.wp.com\/webdelmaestrocmf.com\/portal\/wp-content\/uploads\/2023\/09\/A12B3C4D-29.jpg?resize=350%2C200&ssl=1 1x, https:\/\/i0.wp.com\/webdelmaestrocmf.com\/portal\/wp-content\/uploads\/2023\/09\/A12B3C4D-29.jpg?resize=525%2C300&ssl=1 1.5x, https:\/\/i0.wp.com\/webdelmaestrocmf.com\/portal\/wp-content\/uploads\/2023\/09\/A12B3C4D-29.jpg?resize=700%2C400&ssl=1 2x"},"classes":[]},{"id":100589,"url":"https:\/\/webdelmaestrocmf.com\/portal\/lecturas-para-el-plan-lector-todos-los-grados-primaria\/","url_meta":{"origin":95996,"position":5},"title":"Lecturas para el Plan Lector todos los grados &#8211; Primaria","author":"Web del Maestro CMF","date":"27 marzo, 2025","format":false,"excerpt":"En el pr\u00f3ximo a\u00f1o escolar (2023-2024), las \"lecturas para el Plan Lector\" ser\u00e1n como un tesoro para los estudiantes de primaria. No es solo sobre darles libros, sino sobre encender un inter\u00e9s que cambiar\u00e1 c\u00f3mo aprenden. Al sumergirse en estas lecturas escogidas con cuidado, los chicos no solo aprender\u00e1n cosas\u2026","rel":"","context":"En \u00abPlan lector\u00bb","block_context":{"text":"Plan lector","link":"https:\/\/webdelmaestrocmf.com\/portal\/category\/pedagogia\/plan-lector\/"},"img":{"alt_text":"","src":"https:\/\/i0.wp.com\/webdelmaestrocmf.com\/portal\/wp-content\/uploads\/2023\/11\/1A-Banner-1-portada-imagen-10-1-18.jpg?resize=350%2C200&ssl=1","width":350,"height":200,"srcset":"https:\/\/i0.wp.com\/webdelmaestrocmf.com\/portal\/wp-content\/uploads\/2023\/11\/1A-Banner-1-portada-imagen-10-1-18.jpg?resize=350%2C200&ssl=1 1x, https:\/\/i0.wp.com\/webdelmaestrocmf.com\/portal\/wp-content\/uploads\/2023\/11\/1A-Banner-1-portada-imagen-10-1-18.jpg?resize=525%2C300&ssl=1 1.5x, https:\/\/i0.wp.com\/webdelmaestrocmf.com\/portal\/wp-content\/uploads\/2023\/11\/1A-Banner-1-portada-imagen-10-1-18.jpg?resize=700%2C400&ssl=1 2x"},"classes":[]}],"_links":{"self":[{"href":"https:\/\/webdelmaestrocmf.com\/portal\/wp-json\/wp\/v2\/posts\/95996","targetHints":{"allow":["GET"]}}],"collection":[{"href":"https:\/\/webdelmaestrocmf.com\/portal\/wp-json\/wp\/v2\/posts"}],"about":[{"href":"https:\/\/webdelmaestrocmf.com\/portal\/wp-json\/wp\/v2\/types\/post"}],"author":[{"embeddable":true,"href":"https:\/\/webdelmaestrocmf.com\/portal\/wp-json\/wp\/v2\/users\/1"}],"replies":[{"embeddable":true,"href":"https:\/\/webdelmaestrocmf.com\/portal\/wp-json\/wp\/v2\/comments?post=95996"}],"version-history":[{"count":0,"href":"https:\/\/webdelmaestrocmf.com\/portal\/wp-json\/wp\/v2\/posts\/95996\/revisions"}],"wp:featuredmedia":[{"embeddable":true,"href":"https:\/\/webdelmaestrocmf.com\/portal\/wp-json\/wp\/v2\/media\/96001"}],"wp:attachment":[{"href":"https:\/\/webdelmaestrocmf.com\/portal\/wp-json\/wp\/v2\/media?parent=95996"}],"wp:term":[{"taxonomy":"category","embeddable":true,"href":"https:\/\/webdelmaestrocmf.com\/portal\/wp-json\/wp\/v2\/categories?post=95996"},{"taxonomy":"post_tag","embeddable":true,"href":"https:\/\/webdelmaestrocmf.com\/portal\/wp-json\/wp\/v2\/tags?post=95996"}],"curies":[{"name":"wp","href":"https:\/\/api.w.org\/{rel}","templated":true}]}}