{"id":95746,"date":"2024-02-07T11:30:56","date_gmt":"2024-02-07T14:30:56","guid":{"rendered":"https:\/\/webdelmaestrocmf.com\/portal\/?p=95746"},"modified":"2024-02-08T17:53:51","modified_gmt":"2024-02-08T20:53:51","slug":"cuadernillo-de-actividades-para-trabajar-las-emociones-en-ninos","status":"publish","type":"post","link":"https:\/\/webdelmaestrocmf.com\/portal\/cuadernillo-de-actividades-para-trabajar-las-emociones-en-ninos\/","title":{"rendered":"Cuadernillos de actividades para trabajar las emociones en ni\u00f1os"},"content":{"rendered":"<p style=\"text-align: justify;\"><strong>La educaci\u00f3n emocional es un componente fundamental en el desarrollo integral de los ni\u00f1os. A medida que crecen, los peque\u00f1os deben aprender a comprender, expresar y regular sus emociones de manera adecuada. Este proceso no solo influye en su bienestar emocional, sino que tambi\u00e9n tiene un impacto positivo en su rendimiento acad\u00e9mico y su desarrollo intelectual.<\/strong><!--more--><\/p>\n<p style=\"text-align: justify;\">Tanto en casa como en la escuela, es esencial brindar a los ni\u00f1os oportunidades para explorar sus emociones y desarrollar habilidades emocionales. En este art\u00edculo, exploraremos la importancia de la educaci\u00f3n emocional y presentaremos un cuaderno de actividades dise\u00f1ado para ayudar a los ni\u00f1os a trabajar sus emociones de manera efectiva.<\/p>\n<p>Art\u00edculo relacionado: <a href=\"https:\/\/webdelmaestrocmf.com\/portal\/los-profesores-deberian-volverse-grandes-lectores-de-emociones\/\" target=\"_blank\" rel=\"noopener\">Los profesores deber\u00edan volverse grandes lectores de emociones<\/a><\/p>\n<p style=\"text-align: justify;\"><strong>La Importancia de la Educaci\u00f3n Emocional:<\/strong><\/p>\n<p style=\"text-align: justify;\">La educaci\u00f3n emocional es la base de toda educaci\u00f3n. Los ni\u00f1os, desde una edad temprana, experimentan una amplia gama de emociones, desde la alegr\u00eda y la felicidad hasta la tristeza y la ira. Aprender a reconocer estas emociones y saber c\u00f3mo manejarlas es esencial para su bienestar emocional y su \u00e9xito en la vida. Algunas razones por las que la educaci\u00f3n emocional es fundamental incluyen:<\/p>\n<p style=\"padding-left: 40px; text-align: justify;\"><strong>Mejor Autocomprensi\u00f3n:<\/strong> Ayuda a los ni\u00f1os a comprender sus propias emociones y a identificarlas con precisi\u00f3n. Esto les permite conocerse a s\u00ed mismos en un nivel m\u00e1s profundo.<\/p>\n<p style=\"padding-left: 40px; text-align: justify;\"><strong>Habilidades de Comunicaci\u00f3n:<\/strong> Aprender a expresar emociones de manera efectiva es crucial para establecer relaciones interpersonales saludables y comunicarse de manera adecuada.<\/p>\n<p style=\"padding-left: 40px; text-align: justify;\"><strong>Resoluci\u00f3n de Conflictos:<\/strong> La gesti\u00f3n de emociones tambi\u00e9n est\u00e1 relacionada con la resoluci\u00f3n de conflictos. Los ni\u00f1os que comprenden sus emociones pueden resolver disputas de manera m\u00e1s constructiva.<\/p>\n<p style=\"padding-left: 40px; text-align: justify;\"><strong>\u00c9xito Acad\u00e9mico:<\/strong> La educaci\u00f3n emocional est\u00e1 vinculada al rendimiento acad\u00e9mico. Los ni\u00f1os emocionalmente inteligentes a menudo tienen una mejor capacidad para concentrarse y aprender.<\/p>\n<p style=\"text-align: justify;\"><strong>El Cuaderno de Actividades para Trabajar las Emociones:<\/strong><\/p>\n<p style=\"text-align: justify;\">Un m\u00e9todo efectivo para ense\u00f1ar educaci\u00f3n emocional a los ni\u00f1os es a trav\u00e9s de actividades pr\u00e1cticas y atractivas. El \u00abCuaderno de Actividades para Trabajar las Emociones\u00bb es una herramienta valiosa que combina diversi\u00f3n y aprendizaje. Este cuaderno incluye una variedad de actividades dise\u00f1adas para ayudar a los ni\u00f1os a explorar sus emociones y desarrollar habilidades emocionales. Algunas de las actividades que pueden encontrar en el cuaderno incluyen:<\/p>\n<ol style=\"text-align: justify;\">\n<li><strong>Identificaci\u00f3n de Emociones:<\/strong> Ejercicios que les permiten reconocer y nombrar diferentes emociones, como la alegr\u00eda, la tristeza, el enojo y el miedo.<\/li>\n<li><strong>Diario de Emociones:<\/strong> Un espacio donde los ni\u00f1os pueden registrar sus emociones diarias y describir qu\u00e9 las caus\u00f3.<\/li>\n<li><strong>Cuentos Emocionales:<\/strong> Narraciones que exploran situaciones emocionales y ense\u00f1an a los ni\u00f1os c\u00f3mo lidiar con ellas.<\/li>\n<li><strong>Juegos de Rol:<\/strong> Actividades que fomentan la empat\u00eda al ponerse en el lugar de otra persona y comprender sus sentimientos.<\/li>\n<li><strong>T\u00e9cnicas de Relajaci\u00f3n:<\/strong> Ejercicios simples de relajaci\u00f3n para ayudar a los ni\u00f1os a manejar el estr\u00e9s y la ansiedad.<\/li>\n<\/ol>\n<p style=\"text-align: justify;\"><strong>Conclusi\u00f3n:<\/strong><\/p>\n<p style=\"text-align: justify;\">La educaci\u00f3n emocional es esencial para el desarrollo de los ni\u00f1os. No solo les ayuda a comprender y gestionar sus emociones, sino que tambi\u00e9n contribuye positivamente a su \u00e9xito acad\u00e9mico y desarrollo intelectual. Los cuadernos de actividades dise\u00f1ados espec\u00edficamente para trabajar las emociones son herramientas valiosas que pueden utilizarse tanto en el hogar como en la escuela para ayudar a los ni\u00f1os a desarrollar habilidades emocionales fundamentales. Al invertir en la educaci\u00f3n emocional de los ni\u00f1os, estamos prepar\u00e1ndolos para enfrentar los desaf\u00edos de la vida con resiliencia y empat\u00eda.<\/p>\n<p><img loading=\"lazy\" decoding=\"async\" class=\"alignnone wp-image-95761\" src=\"https:\/\/webdelmaestrocmf.com\/portal\/wp-content\/uploads\/2023\/09\/1-15.jpg\" alt=\"L\u00e1pices de Palabras\" width=\"1022\" height=\"857\" srcset=\"https:\/\/webdelmaestrocmf.com\/portal\/wp-content\/uploads\/2023\/09\/1-15.jpg 940w, https:\/\/webdelmaestrocmf.com\/portal\/wp-content\/uploads\/2023\/09\/1-15-300x251.jpg 300w, https:\/\/webdelmaestrocmf.com\/portal\/wp-content\/uploads\/2023\/09\/1-15-768x644.jpg 768w, https:\/\/webdelmaestrocmf.com\/portal\/wp-content\/uploads\/2023\/09\/1-15-380x319.jpg 380w, https:\/\/webdelmaestrocmf.com\/portal\/wp-content\/uploads\/2023\/09\/1-15-550x461.jpg 550w, https:\/\/webdelmaestrocmf.com\/portal\/wp-content\/uploads\/2023\/09\/1-15-800x671.jpg 800w\" sizes=\"auto, (max-width: 1022px) 100vw, 1022px\" \/> <img loading=\"lazy\" decoding=\"async\" class=\"alignnone size-large wp-image-95763\" src=\"https:\/\/webdelmaestrocmf.com\/portal\/wp-content\/uploads\/2023\/09\/2-14-1024x576.jpg\" alt=\"\" width=\"1024\" height=\"576\" srcset=\"https:\/\/webdelmaestrocmf.com\/portal\/wp-content\/uploads\/2023\/09\/2-14-1024x576.jpg 1024w, https:\/\/webdelmaestrocmf.com\/portal\/wp-content\/uploads\/2023\/09\/2-14-300x169.jpg 300w, https:\/\/webdelmaestrocmf.com\/portal\/wp-content\/uploads\/2023\/09\/2-14-768x432.jpg 768w, https:\/\/webdelmaestrocmf.com\/portal\/wp-content\/uploads\/2023\/09\/2-14-1536x864.jpg 1536w, https:\/\/webdelmaestrocmf.com\/portal\/wp-content\/uploads\/2023\/09\/2-14-380x214.jpg 380w, https:\/\/webdelmaestrocmf.com\/portal\/wp-content\/uploads\/2023\/09\/2-14-550x309.jpg 550w, https:\/\/webdelmaestrocmf.com\/portal\/wp-content\/uploads\/2023\/09\/2-14-800x450.jpg 800w, https:\/\/webdelmaestrocmf.com\/portal\/wp-content\/uploads\/2023\/09\/2-14-1160x653.jpg 1160w, https:\/\/webdelmaestrocmf.com\/portal\/wp-content\/uploads\/2023\/09\/2-14.jpg 1920w\" sizes=\"auto, (max-width: 1024px) 100vw, 1024px\" \/> <img loading=\"lazy\" decoding=\"async\" class=\"alignnone size-large wp-image-95770\" src=\"https:\/\/webdelmaestrocmf.com\/portal\/wp-content\/uploads\/2023\/09\/4-14-1024x576.jpg\" alt=\"\" width=\"1024\" height=\"576\" srcset=\"https:\/\/webdelmaestrocmf.com\/portal\/wp-content\/uploads\/2023\/09\/4-14-1024x576.jpg 1024w, https:\/\/webdelmaestrocmf.com\/portal\/wp-content\/uploads\/2023\/09\/4-14-300x169.jpg 300w, https:\/\/webdelmaestrocmf.com\/portal\/wp-content\/uploads\/2023\/09\/4-14-768x432.jpg 768w, https:\/\/webdelmaestrocmf.com\/portal\/wp-content\/uploads\/2023\/09\/4-14-1536x864.jpg 1536w, https:\/\/webdelmaestrocmf.com\/portal\/wp-content\/uploads\/2023\/09\/4-14-380x214.jpg 380w, https:\/\/webdelmaestrocmf.com\/portal\/wp-content\/uploads\/2023\/09\/4-14-550x309.jpg 550w, https:\/\/webdelmaestrocmf.com\/portal\/wp-content\/uploads\/2023\/09\/4-14-800x450.jpg 800w, https:\/\/webdelmaestrocmf.com\/portal\/wp-content\/uploads\/2023\/09\/4-14-1160x653.jpg 1160w, https:\/\/webdelmaestrocmf.com\/portal\/wp-content\/uploads\/2023\/09\/4-14.jpg 1920w\" sizes=\"auto, (max-width: 1024px) 100vw, 1024px\" \/> <img loading=\"lazy\" decoding=\"async\" class=\"alignnone size-large wp-image-95765\" src=\"https:\/\/webdelmaestrocmf.com\/portal\/wp-content\/uploads\/2023\/09\/3-13-1024x576.jpg\" alt=\"\" width=\"1024\" height=\"576\" srcset=\"https:\/\/webdelmaestrocmf.com\/portal\/wp-content\/uploads\/2023\/09\/3-13-1024x576.jpg 1024w, https:\/\/webdelmaestrocmf.com\/portal\/wp-content\/uploads\/2023\/09\/3-13-300x169.jpg 300w, https:\/\/webdelmaestrocmf.com\/portal\/wp-content\/uploads\/2023\/09\/3-13-768x432.jpg 768w, https:\/\/webdelmaestrocmf.com\/portal\/wp-content\/uploads\/2023\/09\/3-13-1536x864.jpg 1536w, https:\/\/webdelmaestrocmf.com\/portal\/wp-content\/uploads\/2023\/09\/3-13-380x214.jpg 380w, https:\/\/webdelmaestrocmf.com\/portal\/wp-content\/uploads\/2023\/09\/3-13-550x309.jpg 550w, https:\/\/webdelmaestrocmf.com\/portal\/wp-content\/uploads\/2023\/09\/3-13-800x450.jpg 800w, https:\/\/webdelmaestrocmf.com\/portal\/wp-content\/uploads\/2023\/09\/3-13-1160x653.jpg 1160w, https:\/\/webdelmaestrocmf.com\/portal\/wp-content\/uploads\/2023\/09\/3-13.jpg 1920w\" sizes=\"auto, (max-width: 1024px) 100vw, 1024px\" \/> <img loading=\"lazy\" decoding=\"async\" class=\"alignnone size-large wp-image-95773\" src=\"https:\/\/webdelmaestrocmf.com\/portal\/wp-content\/uploads\/2023\/09\/6-12-1024x576.jpg\" alt=\"\" width=\"1024\" height=\"576\" srcset=\"https:\/\/webdelmaestrocmf.com\/portal\/wp-content\/uploads\/2023\/09\/6-12-1024x576.jpg 1024w, https:\/\/webdelmaestrocmf.com\/portal\/wp-content\/uploads\/2023\/09\/6-12-300x169.jpg 300w, https:\/\/webdelmaestrocmf.com\/portal\/wp-content\/uploads\/2023\/09\/6-12-768x432.jpg 768w, https:\/\/webdelmaestrocmf.com\/portal\/wp-content\/uploads\/2023\/09\/6-12-1536x864.jpg 1536w, https:\/\/webdelmaestrocmf.com\/portal\/wp-content\/uploads\/2023\/09\/6-12-380x214.jpg 380w, https:\/\/webdelmaestrocmf.com\/portal\/wp-content\/uploads\/2023\/09\/6-12-550x309.jpg 550w, https:\/\/webdelmaestrocmf.com\/portal\/wp-content\/uploads\/2023\/09\/6-12-800x450.jpg 800w, https:\/\/webdelmaestrocmf.com\/portal\/wp-content\/uploads\/2023\/09\/6-12-1160x653.jpg 1160w, https:\/\/webdelmaestrocmf.com\/portal\/wp-content\/uploads\/2023\/09\/6-12.jpg 1920w\" sizes=\"auto, (max-width: 1024px) 100vw, 1024px\" \/> <img loading=\"lazy\" decoding=\"async\" class=\"alignnone size-large wp-image-95772\" src=\"https:\/\/webdelmaestrocmf.com\/portal\/wp-content\/uploads\/2023\/09\/5-13-1024x576.jpg\" alt=\"\" width=\"1024\" height=\"576\" srcset=\"https:\/\/webdelmaestrocmf.com\/portal\/wp-content\/uploads\/2023\/09\/5-13-1024x576.jpg 1024w, https:\/\/webdelmaestrocmf.com\/portal\/wp-content\/uploads\/2023\/09\/5-13-300x169.jpg 300w, https:\/\/webdelmaestrocmf.com\/portal\/wp-content\/uploads\/2023\/09\/5-13-768x432.jpg 768w, https:\/\/webdelmaestrocmf.com\/portal\/wp-content\/uploads\/2023\/09\/5-13-1536x864.jpg 1536w, https:\/\/webdelmaestrocmf.com\/portal\/wp-content\/uploads\/2023\/09\/5-13-380x214.jpg 380w, https:\/\/webdelmaestrocmf.com\/portal\/wp-content\/uploads\/2023\/09\/5-13-550x309.jpg 550w, https:\/\/webdelmaestrocmf.com\/portal\/wp-content\/uploads\/2023\/09\/5-13-800x450.jpg 800w, https:\/\/webdelmaestrocmf.com\/portal\/wp-content\/uploads\/2023\/09\/5-13-1160x653.jpg 1160w, https:\/\/webdelmaestrocmf.com\/portal\/wp-content\/uploads\/2023\/09\/5-13.jpg 1920w\" sizes=\"auto, (max-width: 1024px) 100vw, 1024px\" \/><\/p>\n<p style=\"text-align: right;\"><strong>REDACCI\u00d3N WEB DEL MAESTRO CMF<\/strong><\/p>\n<p style=\"text-align: center;\">Recomendamos a la Comunidad Educativa Digital tener en cuenta que, el enlace y\/o la carpeta en donde est\u00e1n alojados los libros, recursos y\/o materiales, no es administrado por la Web del Maestro CMF, pueda ser que en cuesti\u00f3n de d\u00edas (o seg\u00fan el tiempo transcurrido desde su publicaci\u00f3n), los enlaces no funcionen y el material ya no se encuentre disponible. Gracias por su comprensi\u00f3n.<\/p>\n<p style=\"text-align: center;\"><strong>ENLACE DE LECTURA:\u00a0<\/strong><a href=\"https:\/\/drive.google.com\/drive\/folders\/1NqEtZiiL1IpejA29n_QNEUWPonPHfRD4?usp=sharing\" target=\"_blank\" rel=\"noopener\">CUADERNO DE ACTIVIDADES PARA TRABAJAR LAS EMOCIONES EN NI\u00d1OS<\/a> | <strong>\u00a0<\/strong><a href=\"https:\/\/mega.nz\/folder\/bix3XboB#AcAWPRTGO-EDvxUSvxNNgg\" target=\"_blank\" rel=\"noopener\">CUADERNO DE ACTIVIDADES PARA TRABAJAR LAS EMOCIONES EN NI\u00d1OS<\/a><\/p>\n\t\t<div class=\"pk-inline-posts\">\n\t\t\t\n\t\t\t<div class=\"pk-inline-posts-container pk-inline-posts-template-list\"\n\t\t\t\tdata-columns=\"1\">\n\t\t\t\t\t\t<article id=\"post-96416\" class=\"post-96416 post type-post status-publish format-standard has-post-thumbnail category-cuadernillos category-matematica category-pedagogia tag-algoritmo-de-division tag-alumnos-de-primaria tag-aplicacion-practica tag-aprendizaje tag-aprendizaje-divertido tag-comprension-matematica tag-conceptos-basicos tag-conceptos-de-division tag-conceptos-matematicos tag-cuadernillo-de-ejercicios tag-cuadernillo-de-matematicas tag-division-exacta tag-division-inexacta tag-divisiones tag-educacion-primaria tag-ejercicios-de-matematicas tag-ejercicios-de-practica tag-ejercicios-practicos tag-ensenanza-de-las-divisiones tag-estrategias-de-ensenanza tag-habilidades-matematicas tag-matematicas tag-matematicas-para-ninos tag-numeros-de-dos-digitos tag-operaciones-matematicas tag-practica-matematica tag-primer-ano tag-resolucion-de-problemas tag-resolucion-de-problemas-matematicos tag-segundo-ano cs-entry cs-video-wrap\">\n\t\t\t<div class=\"pk-post-outer\">\n\n\t\t\t\t\t\t\t\t<div class=\"pk-post-inner\">\n\t\t\t\t\t<div class=\"entry-thumbnail\">\n\t\t\t\t\t\t<div class=\"pk-overlay pk-overlay-ratio pk-ratio-landscape\">\n\t\t\t\t\t\t\t<div class=\"pk-overlay-background\">\n\t\t\t\t\t\t\t\t<a href=\"https:\/\/webdelmaestrocmf.com\/portal\/cuadernillo-de-divisiones-para-primer-y-segundo-ano-de-primaria\/\" class=\"pk-overlay-link\">\n\t\t\t\t\t\t\t\t\t<img loading=\"lazy\" decoding=\"async\" width=\"300\" height=\"225\" src=\"https:\/\/webdelmaestrocmf.com\/portal\/wp-content\/uploads\/2023\/10\/1AA-Banner-1-portada-imagen-10-1-copia-29-300x225.webp\" class=\"attachment-pk-thumbnail size-pk-thumbnail wp-post-image\" alt=\"\" \/>\t\t\t\t\t\t\t\t<\/a>\n\t\t\t\t\t\t\t<\/div>\n\t\t\t\t\t\t<\/div>\n\t\t\t\t\t<\/div>\n\t\t\t\t<\/div>\n\t\t\t\t\n\t\t\t\t<div class=\"pk-post-inner\">\n\t\t\t\t\t<header>\n\t\t\t\t\t\t<h3 class=\"pk-title\"><a href=\"https:\/\/webdelmaestrocmf.com\/portal\/cuadernillo-de-divisiones-para-primer-y-segundo-ano-de-primaria\/\" rel=\"bookmark\">Cuadernillo de divisiones para Primer y Segundo a\u00f1o de primaria<\/a><\/h3>\t\t\t\t\t<\/header><!-- .entry-header -->\n\t\t\t\t<\/div><!-- .post-inner -->\n\n\t\t\t<\/div><!-- .post-outer -->\n\t\t<\/article>\n\t\t\t<article id=\"post-117803\" class=\"post-117803 post type-post status-publish format-standard has-post-thumbnail category-descarga category-emociones category-pedagogia tag-aprendizaje-ludico-2 tag-aula-innovadora tag-docentes tag-educacion-emocional-3 tag-estrategias-didacticas-2 tag-inteligencia-emocional tag-juego-educativo tag-powerpoint-educativo tag-recursos-educativos cs-entry cs-video-wrap\">\n\t\t\t<div class=\"pk-post-outer\">\n\n\t\t\t\t\t\t\t\t<div class=\"pk-post-inner\">\n\t\t\t\t\t<div class=\"entry-thumbnail\">\n\t\t\t\t\t\t<div class=\"pk-overlay pk-overlay-ratio pk-ratio-landscape\">\n\t\t\t\t\t\t\t<div class=\"pk-overlay-background\">\n\t\t\t\t\t\t\t\t<a href=\"https:\/\/webdelmaestrocmf.com\/portal\/descarga-el-juego-educativo-interactivo-desafios-intensamente-en-powerpoint-para-trabajar-las-emociones-incluye-una-consola-con-4-dinamicas-ludicas-y-didacticas\/\" class=\"pk-overlay-link\">\n\t\t\t\t\t\t\t\t\t<img loading=\"lazy\" decoding=\"async\" width=\"300\" height=\"225\" src=\"https:\/\/webdelmaestrocmf.com\/portal\/wp-content\/uploads\/2026\/04\/1AA-Banner-1-portada-imagen-10-1-copia-18-300x225.webp\" class=\"attachment-pk-thumbnail size-pk-thumbnail wp-post-image\" alt=\"\" \/>\t\t\t\t\t\t\t\t<\/a>\n\t\t\t\t\t\t\t<\/div>\n\t\t\t\t\t\t<\/div>\n\t\t\t\t\t<\/div>\n\t\t\t\t<\/div>\n\t\t\t\t\n\t\t\t\t<div class=\"pk-post-inner\">\n\t\t\t\t\t<header>\n\t\t\t\t\t\t<h3 class=\"pk-title\"><a href=\"https:\/\/webdelmaestrocmf.com\/portal\/descarga-el-juego-educativo-interactivo-desafios-intensamente-en-powerpoint-para-trabajar-las-emociones-incluye-una-consola-con-4-dinamicas-ludicas-y-didacticas\/\" rel=\"bookmark\">Descarga el Juego Educativo Interactivo \u201cDesaf\u00edos Intensamente\u201d en PowerPoint para trabajar las emociones: incluye una consola con 4 din\u00e1micas l\u00fadicas y did\u00e1cticas<\/a><\/h3>\t\t\t\t\t<\/header><!-- .entry-header -->\n\t\t\t\t<\/div><!-- .post-inner -->\n\n\t\t\t<\/div><!-- .post-outer -->\n\t\t<\/article>\n\t\t\t<article id=\"post-97204\" class=\"post-97204 post type-post status-publish format-standard has-post-thumbnail category-emociones category-padres category-pedagogia tag-animo tag-aspectos tag-autoestima tag-emociones tag-evaluamos tag-mochila tag-revise tag-tambien cs-entry cs-video-wrap\">\n\t\t\t<div class=\"pk-post-outer\">\n\n\t\t\t\t\t\t\t\t<div class=\"pk-post-inner\">\n\t\t\t\t\t<div class=\"entry-thumbnail\">\n\t\t\t\t\t\t<div class=\"pk-overlay pk-overlay-ratio pk-ratio-landscape\">\n\t\t\t\t\t\t\t<div class=\"pk-overlay-background\">\n\t\t\t\t\t\t\t\t<a href=\"https:\/\/webdelmaestrocmf.com\/portal\/no-solo-revise-su-mochila-sino-que-tambien-evaluamos-sus-emociones-animo-autoestima-entre-otros-aspectos\/\" class=\"pk-overlay-link\">\n\t\t\t\t\t\t\t\t\t<img loading=\"lazy\" decoding=\"async\" width=\"300\" height=\"225\" src=\"https:\/\/webdelmaestrocmf.com\/portal\/wp-content\/uploads\/2023\/10\/1AA-Banner-1-portada-imagen-10-1-copia-4-300x225.webp\" class=\"attachment-pk-thumbnail size-pk-thumbnail wp-post-image\" alt=\"\" \/>\t\t\t\t\t\t\t\t<\/a>\n\t\t\t\t\t\t\t<\/div>\n\t\t\t\t\t\t<\/div>\n\t\t\t\t\t<\/div>\n\t\t\t\t<\/div>\n\t\t\t\t\n\t\t\t\t<div class=\"pk-post-inner\">\n\t\t\t\t\t<header>\n\t\t\t\t\t\t<h3 class=\"pk-title\"><a href=\"https:\/\/webdelmaestrocmf.com\/portal\/no-solo-revise-su-mochila-sino-que-tambien-evaluamos-sus-emociones-animo-autoestima-entre-otros-aspectos\/\" rel=\"bookmark\">No solo revise su mochila, sino que tambi\u00e9n evaluamos sus emociones, \u00e1nimo, autoestima, entre otros aspectos<\/a><\/h3>\t\t\t\t\t<\/header><!-- .entry-header -->\n\t\t\t\t<\/div><!-- .post-inner -->\n\n\t\t\t<\/div><!-- .post-outer -->\n\t\t<\/article>\n\t\t\t\t<\/div>\n\t\t<\/div>\n\t\t\n","protected":false},"excerpt":{"rendered":"La educaci\u00f3n emocional es un componente fundamental en el desarrollo integral de los ni\u00f1os. A medida que crecen,&hellip;","protected":false},"author":1,"featured_media":103572,"comment_status":"open","ping_status":"closed","sticky":false,"template":"","format":"standard","meta":{"csco_display_header_overlay":false,"csco_singular_sidebar":"","csco_page_header_type":"","csco_page_load_nextpost":"","csco_post_video_location":[],"csco_post_video_location_hash":"","csco_post_video_url":"","csco_post_video_bg_start_time":0,"csco_post_video_bg_end_time":0,"csco_post_video_bg_volume":false,"_jetpack_memberships_contains_paid_content":false,"footnotes":""},"categories":[13814,3900,735],"tags":[1070,3509,276,297,1173],"class_list":{"0":"post-95746","1":"post","2":"type-post","3":"status-publish","4":"format-standard","5":"has-post-thumbnail","7":"category-cuadernillos","8":"category-emociones","9":"category-pedagogia","10":"tag-actividades","11":"tag-cuadernillo","12":"tag-emociones","13":"tag-ninos","14":"tag-trabajar","15":"cs-entry","16":"cs-video-wrap"},"yoast_head":"<!-- This site is optimized with the Yoast SEO plugin v27.5 - https:\/\/yoast.com\/product\/yoast-seo-wordpress\/ -->\n<title>Cuadernillos de actividades para trabajar las emociones en ni\u00f1os - 2026<\/title>\n<meta name=\"description\" content=\"A medida que crecen, los peque\u00f1os deben aprender a comprender, expresar y regular sus emociones de manera adecuada. Este proceso...\" \/>\n<meta name=\"robots\" content=\"index, follow, max-snippet:-1, max-image-preview:large, max-video-preview:-1\" \/>\n<link rel=\"canonical\" href=\"https:\/\/webdelmaestrocmf.com\/portal\/cuadernillo-de-actividades-para-trabajar-las-emociones-en-ninos\/\" \/>\n<meta property=\"og:locale\" content=\"es_ES\" \/>\n<meta property=\"og:type\" content=\"article\" \/>\n<meta property=\"og:title\" content=\"Cuadernillos de actividades para trabajar las emociones en ni\u00f1os - 2026\" \/>\n<meta property=\"og:description\" content=\"A medida que crecen, los peque\u00f1os deben aprender a comprender, expresar y regular sus emociones de manera adecuada. Este proceso...\" \/>\n<meta property=\"og:url\" content=\"https:\/\/webdelmaestrocmf.com\/portal\/cuadernillo-de-actividades-para-trabajar-las-emociones-en-ninos\/\" \/>\n<meta property=\"og:site_name\" content=\"Web del Maestro CMF\" \/>\n<meta property=\"article:publisher\" content=\"https:\/\/www.facebook.com\/WebdelMaestroCMF\/\" \/>\n<meta property=\"article:author\" content=\"https:\/\/www.facebook.com\/WebdelMaestroCMF\/\" \/>\n<meta property=\"article:published_time\" content=\"2024-02-07T14:30:56+00:00\" \/>\n<meta property=\"article:modified_time\" content=\"2024-02-08T20:53:51+00:00\" \/>\n<meta property=\"og:image\" content=\"https:\/\/webdelmaestrocmf.com\/portal\/wp-content\/uploads\/2023\/09\/Banner-1-portada-imagen-10-1-7.jpg\" \/>\n\t<meta property=\"og:image:width\" content=\"1024\" \/>\n\t<meta property=\"og:image:height\" content=\"1024\" \/>\n\t<meta property=\"og:image:type\" content=\"image\/jpeg\" \/>\n<meta name=\"author\" content=\"Web del Maestro CMF\" \/>\n<meta name=\"twitter:card\" content=\"summary_large_image\" \/>\n<meta name=\"twitter:creator\" content=\"@cmf_w\" \/>\n<meta name=\"twitter:site\" content=\"@cmf_w\" \/>\n<script type=\"application\/ld+json\" class=\"yoast-schema-graph\">{\"@context\":\"https:\\\/\\\/schema.org\",\"@graph\":[{\"@type\":\"ScholarlyArticle\",\"@id\":\"https:\\\/\\\/webdelmaestrocmf.com\\\/portal\\\/cuadernillo-de-actividades-para-trabajar-las-emociones-en-ninos\\\/#article\",\"isPartOf\":{\"@id\":\"https:\\\/\\\/webdelmaestrocmf.com\\\/portal\\\/cuadernillo-de-actividades-para-trabajar-las-emociones-en-ninos\\\/\"},\"author\":{\"name\":\"Web del Maestro CMF\",\"@id\":\"https:\\\/\\\/webdelmaestrocmf.com\\\/portal\\\/#\\\/schema\\\/person\\\/1072a2ed7bd960df8ef99a551fa35dc5\"},\"headline\":\"Cuadernillos de actividades para trabajar las emociones en ni\u00f1os\",\"datePublished\":\"2024-02-07T14:30:56+00:00\",\"dateModified\":\"2024-02-08T20:53:51+00:00\",\"mainEntityOfPage\":{\"@id\":\"https:\\\/\\\/webdelmaestrocmf.com\\\/portal\\\/cuadernillo-de-actividades-para-trabajar-las-emociones-en-ninos\\\/\"},\"wordCount\":732,\"commentCount\":0,\"publisher\":{\"@id\":\"https:\\\/\\\/webdelmaestrocmf.com\\\/portal\\\/#organization\"},\"image\":{\"@id\":\"https:\\\/\\\/webdelmaestrocmf.com\\\/portal\\\/cuadernillo-de-actividades-para-trabajar-las-emociones-en-ninos\\\/#primaryimage\"},\"thumbnailUrl\":\"https:\\\/\\\/webdelmaestrocmf.com\\\/portal\\\/wp-content\\\/uploads\\\/2023\\\/09\\\/Banner-1-portada-imagen-10-1-7.jpg\",\"keywords\":[\"actividades\",\"CUADERNILLO\",\"EMOCIONES\",\"Ni\u00f1os\",\"TRABAJAR\"],\"articleSection\":[\"Cuadernillos\",\"Emociones\",\"Recursos\"],\"inLanguage\":\"es\",\"potentialAction\":[{\"@type\":\"CommentAction\",\"name\":\"Comment\",\"target\":[\"https:\\\/\\\/webdelmaestrocmf.com\\\/portal\\\/cuadernillo-de-actividades-para-trabajar-las-emociones-en-ninos\\\/#respond\"]}]},{\"@type\":\"WebPage\",\"@id\":\"https:\\\/\\\/webdelmaestrocmf.com\\\/portal\\\/cuadernillo-de-actividades-para-trabajar-las-emociones-en-ninos\\\/\",\"url\":\"https:\\\/\\\/webdelmaestrocmf.com\\\/portal\\\/cuadernillo-de-actividades-para-trabajar-las-emociones-en-ninos\\\/\",\"name\":\"Cuadernillos de actividades para trabajar las emociones en ni\u00f1os - 2026\",\"isPartOf\":{\"@id\":\"https:\\\/\\\/webdelmaestrocmf.com\\\/portal\\\/#website\"},\"primaryImageOfPage\":{\"@id\":\"https:\\\/\\\/webdelmaestrocmf.com\\\/portal\\\/cuadernillo-de-actividades-para-trabajar-las-emociones-en-ninos\\\/#primaryimage\"},\"image\":{\"@id\":\"https:\\\/\\\/webdelmaestrocmf.com\\\/portal\\\/cuadernillo-de-actividades-para-trabajar-las-emociones-en-ninos\\\/#primaryimage\"},\"thumbnailUrl\":\"https:\\\/\\\/webdelmaestrocmf.com\\\/portal\\\/wp-content\\\/uploads\\\/2023\\\/09\\\/Banner-1-portada-imagen-10-1-7.jpg\",\"datePublished\":\"2024-02-07T14:30:56+00:00\",\"dateModified\":\"2024-02-08T20:53:51+00:00\",\"description\":\"A medida que crecen, los peque\u00f1os deben aprender a comprender, expresar y regular sus emociones de manera adecuada. Este proceso...\",\"breadcrumb\":{\"@id\":\"https:\\\/\\\/webdelmaestrocmf.com\\\/portal\\\/cuadernillo-de-actividades-para-trabajar-las-emociones-en-ninos\\\/#breadcrumb\"},\"inLanguage\":\"es\",\"potentialAction\":[{\"@type\":\"ReadAction\",\"target\":[\"https:\\\/\\\/webdelmaestrocmf.com\\\/portal\\\/cuadernillo-de-actividades-para-trabajar-las-emociones-en-ninos\\\/\"]}]},{\"@type\":\"ImageObject\",\"inLanguage\":\"es\",\"@id\":\"https:\\\/\\\/webdelmaestrocmf.com\\\/portal\\\/cuadernillo-de-actividades-para-trabajar-las-emociones-en-ninos\\\/#primaryimage\",\"url\":\"https:\\\/\\\/webdelmaestrocmf.com\\\/portal\\\/wp-content\\\/uploads\\\/2023\\\/09\\\/Banner-1-portada-imagen-10-1-7.jpg\",\"contentUrl\":\"https:\\\/\\\/webdelmaestrocmf.com\\\/portal\\\/wp-content\\\/uploads\\\/2023\\\/09\\\/Banner-1-portada-imagen-10-1-7.jpg\",\"width\":1024,\"height\":1024,\"caption\":\"emociones\"},{\"@type\":\"BreadcrumbList\",\"@id\":\"https:\\\/\\\/webdelmaestrocmf.com\\\/portal\\\/cuadernillo-de-actividades-para-trabajar-las-emociones-en-ninos\\\/#breadcrumb\",\"itemListElement\":[{\"@type\":\"ListItem\",\"position\":1,\"name\":\"Portada\",\"item\":\"https:\\\/\\\/webdelmaestrocmf.com\\\/portal\\\/\"},{\"@type\":\"ListItem\",\"position\":2,\"name\":\"Recursos\",\"item\":\"https:\\\/\\\/webdelmaestrocmf.com\\\/portal\\\/category\\\/pedagogia\\\/\"},{\"@type\":\"ListItem\",\"position\":3,\"name\":\"Cuadernillos de actividades para trabajar las emociones en ni\u00f1os\"}]},{\"@type\":\"WebSite\",\"@id\":\"https:\\\/\\\/webdelmaestrocmf.com\\\/portal\\\/#website\",\"url\":\"https:\\\/\\\/webdelmaestrocmf.com\\\/portal\\\/\",\"name\":\"Web del Maestro CMF\",\"description\":\"Maestros al servicio de la educaci\u00f3n\",\"publisher\":{\"@id\":\"https:\\\/\\\/webdelmaestrocmf.com\\\/portal\\\/#organization\"},\"alternateName\":\"WMCMF\",\"potentialAction\":[{\"@type\":\"SearchAction\",\"target\":{\"@type\":\"EntryPoint\",\"urlTemplate\":\"https:\\\/\\\/webdelmaestrocmf.com\\\/portal\\\/?s={search_term_string}\"},\"query-input\":{\"@type\":\"PropertyValueSpecification\",\"valueRequired\":true,\"valueName\":\"search_term_string\"}}],\"inLanguage\":\"es\"},{\"@type\":\"Organization\",\"@id\":\"https:\\\/\\\/webdelmaestrocmf.com\\\/portal\\\/#organization\",\"name\":\"Web del Maestro CMF\",\"alternateName\":\"WMCMF\",\"url\":\"https:\\\/\\\/webdelmaestrocmf.com\\\/portal\\\/\",\"logo\":{\"@type\":\"ImageObject\",\"inLanguage\":\"es\",\"@id\":\"https:\\\/\\\/webdelmaestrocmf.com\\\/portal\\\/#\\\/schema\\\/logo\\\/image\\\/\",\"url\":\"https:\\\/\\\/webdelmaestrocmf.com\\\/portal\\\/wp-content\\\/uploads\\\/2023\\\/01\\\/logo-wmcmf-2.png\",\"contentUrl\":\"https:\\\/\\\/webdelmaestrocmf.com\\\/portal\\\/wp-content\\\/uploads\\\/2023\\\/01\\\/logo-wmcmf-2.png\",\"width\":200,\"height\":60,\"caption\":\"Web del Maestro CMF\"},\"image\":{\"@id\":\"https:\\\/\\\/webdelmaestrocmf.com\\\/portal\\\/#\\\/schema\\\/logo\\\/image\\\/\"},\"sameAs\":[\"https:\\\/\\\/www.facebook.com\\\/WebdelMaestroCMF\\\/\",\"https:\\\/\\\/x.com\\\/cmf_w\",\"https:\\\/\\\/www.pinterest.com\\\/WMCMF\\\/\",\"https:\\\/\\\/www.linkedin.com\\\/company\\\/web-del-maestro-cmf\\\/\",\"https:\\\/\\\/www.instagram.com\\\/wmcmf\\\/\",\"https:\\\/\\\/www.youtube.com\\\/channel\\\/UCDPSvjbdodE5sHnC3OxutHw\",\"https:\\\/\\\/mastodon.social\\\/@wmcmf\",\"https:\\\/\\\/www.tiktok.com\\\/@webdelmaestrocmf\"]},{\"@type\":\"Person\",\"@id\":\"https:\\\/\\\/webdelmaestrocmf.com\\\/portal\\\/#\\\/schema\\\/person\\\/1072a2ed7bd960df8ef99a551fa35dc5\",\"name\":\"Web del Maestro CMF\",\"image\":{\"@type\":\"ImageObject\",\"inLanguage\":\"es\",\"@id\":\"https:\\\/\\\/secure.gravatar.com\\\/avatar\\\/23291dd5b5ae1077dcff3dbb04c3e02bd28403fa75af6d8787d5e97c5bbbe30b?s=96&d=mm&r=g\",\"url\":\"https:\\\/\\\/secure.gravatar.com\\\/avatar\\\/23291dd5b5ae1077dcff3dbb04c3e02bd28403fa75af6d8787d5e97c5bbbe30b?s=96&d=mm&r=g\",\"contentUrl\":\"https:\\\/\\\/secure.gravatar.com\\\/avatar\\\/23291dd5b5ae1077dcff3dbb04c3e02bd28403fa75af6d8787d5e97c5bbbe30b?s=96&d=mm&r=g\",\"caption\":\"Web del Maestro CMF\"},\"description\":\"Esta Web se cre\u00f3 sin fines de lucro, con fines educativos, cient\u00edficos y acad\u00e9micos, para personas que tengan dificultades y\\\/o inconvenientes en visualizar el material original. El objetivo es entregar recursos, compartir experiencias y materiales que ayuden a los padres de familia, maestros y estudiantes en su actualizaci\u00f3n y formaci\u00f3n permanente, en bien de la Educaci\u00f3n.\",\"sameAs\":[\"http:\\\/\\\/webdelmaestrocmf.com\\\/portal\",\"https:\\\/\\\/www.facebook.com\\\/WebdelMaestroCMF\\\/\",\"https:\\\/\\\/www.instagram.com\\\/wmcmf\\\/\",\"https:\\\/\\\/cl.linkedin.com\\\/company\\\/web-del-maestro-cmf\",\"https:\\\/\\\/www.pinterest.com\\\/WMCMF\\\/publicaciones\\\/\",\"https:\\\/\\\/x.com\\\/cmf_w\",\"https:\\\/\\\/www.youtube.com\\\/@WMCMF\"]}]}<\/script>\n<!-- \/ Yoast SEO plugin. -->","yoast_head_json":{"title":"Cuadernillos de actividades para trabajar las emociones en ni\u00f1os - 2026","description":"A medida que crecen, los peque\u00f1os deben aprender a comprender, expresar y regular sus emociones de manera adecuada. Este proceso...","robots":{"index":"index","follow":"follow","max-snippet":"max-snippet:-1","max-image-preview":"max-image-preview:large","max-video-preview":"max-video-preview:-1"},"canonical":"https:\/\/webdelmaestrocmf.com\/portal\/cuadernillo-de-actividades-para-trabajar-las-emociones-en-ninos\/","og_locale":"es_ES","og_type":"article","og_title":"Cuadernillos de actividades para trabajar las emociones en ni\u00f1os - 2026","og_description":"A medida que crecen, los peque\u00f1os deben aprender a comprender, expresar y regular sus emociones de manera adecuada. Este proceso...","og_url":"https:\/\/webdelmaestrocmf.com\/portal\/cuadernillo-de-actividades-para-trabajar-las-emociones-en-ninos\/","og_site_name":"Web del Maestro CMF","article_publisher":"https:\/\/www.facebook.com\/WebdelMaestroCMF\/","article_author":"https:\/\/www.facebook.com\/WebdelMaestroCMF\/","article_published_time":"2024-02-07T14:30:56+00:00","article_modified_time":"2024-02-08T20:53:51+00:00","og_image":[{"width":1024,"height":1024,"url":"https:\/\/webdelmaestrocmf.com\/portal\/wp-content\/uploads\/2023\/09\/Banner-1-portada-imagen-10-1-7.jpg","type":"image\/jpeg"}],"author":"Web del Maestro CMF","twitter_card":"summary_large_image","twitter_creator":"@cmf_w","twitter_site":"@cmf_w","schema":{"@context":"https:\/\/schema.org","@graph":[{"@type":"ScholarlyArticle","@id":"https:\/\/webdelmaestrocmf.com\/portal\/cuadernillo-de-actividades-para-trabajar-las-emociones-en-ninos\/#article","isPartOf":{"@id":"https:\/\/webdelmaestrocmf.com\/portal\/cuadernillo-de-actividades-para-trabajar-las-emociones-en-ninos\/"},"author":{"name":"Web del Maestro CMF","@id":"https:\/\/webdelmaestrocmf.com\/portal\/#\/schema\/person\/1072a2ed7bd960df8ef99a551fa35dc5"},"headline":"Cuadernillos de actividades para trabajar las emociones en ni\u00f1os","datePublished":"2024-02-07T14:30:56+00:00","dateModified":"2024-02-08T20:53:51+00:00","mainEntityOfPage":{"@id":"https:\/\/webdelmaestrocmf.com\/portal\/cuadernillo-de-actividades-para-trabajar-las-emociones-en-ninos\/"},"wordCount":732,"commentCount":0,"publisher":{"@id":"https:\/\/webdelmaestrocmf.com\/portal\/#organization"},"image":{"@id":"https:\/\/webdelmaestrocmf.com\/portal\/cuadernillo-de-actividades-para-trabajar-las-emociones-en-ninos\/#primaryimage"},"thumbnailUrl":"https:\/\/webdelmaestrocmf.com\/portal\/wp-content\/uploads\/2023\/09\/Banner-1-portada-imagen-10-1-7.jpg","keywords":["actividades","CUADERNILLO","EMOCIONES","Ni\u00f1os","TRABAJAR"],"articleSection":["Cuadernillos","Emociones","Recursos"],"inLanguage":"es","potentialAction":[{"@type":"CommentAction","name":"Comment","target":["https:\/\/webdelmaestrocmf.com\/portal\/cuadernillo-de-actividades-para-trabajar-las-emociones-en-ninos\/#respond"]}]},{"@type":"WebPage","@id":"https:\/\/webdelmaestrocmf.com\/portal\/cuadernillo-de-actividades-para-trabajar-las-emociones-en-ninos\/","url":"https:\/\/webdelmaestrocmf.com\/portal\/cuadernillo-de-actividades-para-trabajar-las-emociones-en-ninos\/","name":"Cuadernillos de actividades para trabajar las emociones en ni\u00f1os - 2026","isPartOf":{"@id":"https:\/\/webdelmaestrocmf.com\/portal\/#website"},"primaryImageOfPage":{"@id":"https:\/\/webdelmaestrocmf.com\/portal\/cuadernillo-de-actividades-para-trabajar-las-emociones-en-ninos\/#primaryimage"},"image":{"@id":"https:\/\/webdelmaestrocmf.com\/portal\/cuadernillo-de-actividades-para-trabajar-las-emociones-en-ninos\/#primaryimage"},"thumbnailUrl":"https:\/\/webdelmaestrocmf.com\/portal\/wp-content\/uploads\/2023\/09\/Banner-1-portada-imagen-10-1-7.jpg","datePublished":"2024-02-07T14:30:56+00:00","dateModified":"2024-02-08T20:53:51+00:00","description":"A medida que crecen, los peque\u00f1os deben aprender a comprender, expresar y regular sus emociones de manera adecuada. Este proceso...","breadcrumb":{"@id":"https:\/\/webdelmaestrocmf.com\/portal\/cuadernillo-de-actividades-para-trabajar-las-emociones-en-ninos\/#breadcrumb"},"inLanguage":"es","potentialAction":[{"@type":"ReadAction","target":["https:\/\/webdelmaestrocmf.com\/portal\/cuadernillo-de-actividades-para-trabajar-las-emociones-en-ninos\/"]}]},{"@type":"ImageObject","inLanguage":"es","@id":"https:\/\/webdelmaestrocmf.com\/portal\/cuadernillo-de-actividades-para-trabajar-las-emociones-en-ninos\/#primaryimage","url":"https:\/\/webdelmaestrocmf.com\/portal\/wp-content\/uploads\/2023\/09\/Banner-1-portada-imagen-10-1-7.jpg","contentUrl":"https:\/\/webdelmaestrocmf.com\/portal\/wp-content\/uploads\/2023\/09\/Banner-1-portada-imagen-10-1-7.jpg","width":1024,"height":1024,"caption":"emociones"},{"@type":"BreadcrumbList","@id":"https:\/\/webdelmaestrocmf.com\/portal\/cuadernillo-de-actividades-para-trabajar-las-emociones-en-ninos\/#breadcrumb","itemListElement":[{"@type":"ListItem","position":1,"name":"Portada","item":"https:\/\/webdelmaestrocmf.com\/portal\/"},{"@type":"ListItem","position":2,"name":"Recursos","item":"https:\/\/webdelmaestrocmf.com\/portal\/category\/pedagogia\/"},{"@type":"ListItem","position":3,"name":"Cuadernillos de actividades para trabajar las emociones en ni\u00f1os"}]},{"@type":"WebSite","@id":"https:\/\/webdelmaestrocmf.com\/portal\/#website","url":"https:\/\/webdelmaestrocmf.com\/portal\/","name":"Web del Maestro CMF","description":"Maestros al servicio de la educaci\u00f3n","publisher":{"@id":"https:\/\/webdelmaestrocmf.com\/portal\/#organization"},"alternateName":"WMCMF","potentialAction":[{"@type":"SearchAction","target":{"@type":"EntryPoint","urlTemplate":"https:\/\/webdelmaestrocmf.com\/portal\/?s={search_term_string}"},"query-input":{"@type":"PropertyValueSpecification","valueRequired":true,"valueName":"search_term_string"}}],"inLanguage":"es"},{"@type":"Organization","@id":"https:\/\/webdelmaestrocmf.com\/portal\/#organization","name":"Web del Maestro CMF","alternateName":"WMCMF","url":"https:\/\/webdelmaestrocmf.com\/portal\/","logo":{"@type":"ImageObject","inLanguage":"es","@id":"https:\/\/webdelmaestrocmf.com\/portal\/#\/schema\/logo\/image\/","url":"https:\/\/webdelmaestrocmf.com\/portal\/wp-content\/uploads\/2023\/01\/logo-wmcmf-2.png","contentUrl":"https:\/\/webdelmaestrocmf.com\/portal\/wp-content\/uploads\/2023\/01\/logo-wmcmf-2.png","width":200,"height":60,"caption":"Web del Maestro CMF"},"image":{"@id":"https:\/\/webdelmaestrocmf.com\/portal\/#\/schema\/logo\/image\/"},"sameAs":["https:\/\/www.facebook.com\/WebdelMaestroCMF\/","https:\/\/x.com\/cmf_w","https:\/\/www.pinterest.com\/WMCMF\/","https:\/\/www.linkedin.com\/company\/web-del-maestro-cmf\/","https:\/\/www.instagram.com\/wmcmf\/","https:\/\/www.youtube.com\/channel\/UCDPSvjbdodE5sHnC3OxutHw","https:\/\/mastodon.social\/@wmcmf","https:\/\/www.tiktok.com\/@webdelmaestrocmf"]},{"@type":"Person","@id":"https:\/\/webdelmaestrocmf.com\/portal\/#\/schema\/person\/1072a2ed7bd960df8ef99a551fa35dc5","name":"Web del Maestro CMF","image":{"@type":"ImageObject","inLanguage":"es","@id":"https:\/\/secure.gravatar.com\/avatar\/23291dd5b5ae1077dcff3dbb04c3e02bd28403fa75af6d8787d5e97c5bbbe30b?s=96&d=mm&r=g","url":"https:\/\/secure.gravatar.com\/avatar\/23291dd5b5ae1077dcff3dbb04c3e02bd28403fa75af6d8787d5e97c5bbbe30b?s=96&d=mm&r=g","contentUrl":"https:\/\/secure.gravatar.com\/avatar\/23291dd5b5ae1077dcff3dbb04c3e02bd28403fa75af6d8787d5e97c5bbbe30b?s=96&d=mm&r=g","caption":"Web del Maestro CMF"},"description":"Esta Web se cre\u00f3 sin fines de lucro, con fines educativos, cient\u00edficos y acad\u00e9micos, para personas que tengan dificultades y\/o inconvenientes en visualizar el material original. El objetivo es entregar recursos, compartir experiencias y materiales que ayuden a los padres de familia, maestros y estudiantes en su actualizaci\u00f3n y formaci\u00f3n permanente, en bien de la Educaci\u00f3n.","sameAs":["http:\/\/webdelmaestrocmf.com\/portal","https:\/\/www.facebook.com\/WebdelMaestroCMF\/","https:\/\/www.instagram.com\/wmcmf\/","https:\/\/cl.linkedin.com\/company\/web-del-maestro-cmf","https:\/\/www.pinterest.com\/WMCMF\/publicaciones\/","https:\/\/x.com\/cmf_w","https:\/\/www.youtube.com\/@WMCMF"]}]}},"jetpack_featured_media_url":"https:\/\/webdelmaestrocmf.com\/portal\/wp-content\/uploads\/2023\/09\/Banner-1-portada-imagen-10-1-7.jpg","jetpack_sharing_enabled":true,"jetpack-related-posts":[{"id":100238,"url":"https:\/\/webdelmaestrocmf.com\/portal\/cuadernillo-de-aprestamiento-para-ninos-de-5-anos\/","url_meta":{"origin":95746,"position":0},"title":"Cuadernillo de aprestamiento para ni\u00f1os de 5 a\u00f1os","author":"Web del Maestro CMF","date":"15 noviembre, 2023","format":false,"excerpt":"En los primeros a\u00f1os de vida, el proceso de aprendizaje de los ni\u00f1os se caracteriza por una fase crucial de aprestamiento que sienta las bases para su desarrollo educativo. En este contexto, el cuadernillo de aprestamiento para ni\u00f1os de 5 a\u00f1os emerge como una herramienta pedag\u00f3gica fundamental. Dise\u00f1ado cuidadosamente para\u2026","rel":"","context":"En \u00abaprestamiento\u00bb","block_context":{"text":"aprestamiento","link":"https:\/\/webdelmaestrocmf.com\/portal\/category\/pedagogia\/aprestamiento\/"},"img":{"alt_text":"Cuadernillo aprestamiento","src":"https:\/\/i0.wp.com\/webdelmaestrocmf.com\/portal\/wp-content\/uploads\/2023\/11\/A12B3C4D-2-2.jpg?resize=350%2C200&ssl=1","width":350,"height":200,"srcset":"https:\/\/i0.wp.com\/webdelmaestrocmf.com\/portal\/wp-content\/uploads\/2023\/11\/A12B3C4D-2-2.jpg?resize=350%2C200&ssl=1 1x, https:\/\/i0.wp.com\/webdelmaestrocmf.com\/portal\/wp-content\/uploads\/2023\/11\/A12B3C4D-2-2.jpg?resize=525%2C300&ssl=1 1.5x, https:\/\/i0.wp.com\/webdelmaestrocmf.com\/portal\/wp-content\/uploads\/2023\/11\/A12B3C4D-2-2.jpg?resize=700%2C400&ssl=1 2x"},"classes":[]},{"id":95977,"url":"https:\/\/webdelmaestrocmf.com\/portal\/cuadernillo-con-actividades-para-desarrollar-con-su-nino-desde-casa\/","url_meta":{"origin":95746,"position":1},"title":"Cuadernillo con actividades para desarrollar con su ni\u00f1o desde casa","author":"Web del Maestro CMF","date":"26 septiembre, 2023","format":false,"excerpt":"En el mundo actual, donde la educaci\u00f3n y el desarrollo de los ni\u00f1os se han vuelto m\u00e1s flexibles y din\u00e1micos que nunca, los padres, madres, cuidadores y educadores se encuentran en una posici\u00f3n \u00fanica para influir en el crecimiento de los ni\u00f1os. Una herramienta valiosa en este proceso es el\u2026","rel":"","context":"En \u00abCuadernillos\u00bb","block_context":{"text":"Cuadernillos","link":"https:\/\/webdelmaestrocmf.com\/portal\/category\/pedagogia\/cuadernillos\/"},"img":{"alt_text":"casa","src":"https:\/\/i0.wp.com\/webdelmaestrocmf.com\/portal\/wp-content\/uploads\/2023\/09\/A12B3C4D-34-1.jpg?resize=350%2C200&ssl=1","width":350,"height":200,"srcset":"https:\/\/i0.wp.com\/webdelmaestrocmf.com\/portal\/wp-content\/uploads\/2023\/09\/A12B3C4D-34-1.jpg?resize=350%2C200&ssl=1 1x, https:\/\/i0.wp.com\/webdelmaestrocmf.com\/portal\/wp-content\/uploads\/2023\/09\/A12B3C4D-34-1.jpg?resize=525%2C300&ssl=1 1.5x, https:\/\/i0.wp.com\/webdelmaestrocmf.com\/portal\/wp-content\/uploads\/2023\/09\/A12B3C4D-34-1.jpg?resize=700%2C400&ssl=1 2x"},"classes":[]},{"id":93039,"url":"https:\/\/webdelmaestrocmf.com\/portal\/estimulando-el-aprendizaje-actividades-para-ninos-de-3-4-y-5-anos\/","url_meta":{"origin":95746,"position":2},"title":"Estimulando el Aprendizaje: Actividades para ni\u00f1os de 3, 4 y 5 a\u00f1os","author":"Web del Maestro CMF","date":"22 agosto, 2023","format":false,"excerpt":"Los primeros a\u00f1os de vida son un per\u00edodo m\u00e1gico y lleno de descubrimientos para los ni\u00f1os. En esta etapa temprana, cada experiencia y actividad despiertan su curiosidad y fomentan un aprendizaje activo. Para nutrir esta fase vital de desarrollo, hemos preparado un emocionante cuadernillo de actividades dise\u00f1ado espec\u00edficamente para ni\u00f1os\u2026","rel":"","context":"En \u00abActividades\u00bb","block_context":{"text":"Actividades","link":"https:\/\/webdelmaestrocmf.com\/portal\/category\/pedagogia\/actividades\/"},"img":{"alt_text":"actividades","src":"https:\/\/i0.wp.com\/webdelmaestrocmf.com\/portal\/wp-content\/uploads\/2023\/08\/A12B3C4D-25-1.jpg?resize=350%2C200&ssl=1","width":350,"height":200,"srcset":"https:\/\/i0.wp.com\/webdelmaestrocmf.com\/portal\/wp-content\/uploads\/2023\/08\/A12B3C4D-25-1.jpg?resize=350%2C200&ssl=1 1x, https:\/\/i0.wp.com\/webdelmaestrocmf.com\/portal\/wp-content\/uploads\/2023\/08\/A12B3C4D-25-1.jpg?resize=525%2C300&ssl=1 1.5x, https:\/\/i0.wp.com\/webdelmaestrocmf.com\/portal\/wp-content\/uploads\/2023\/08\/A12B3C4D-25-1.jpg?resize=700%2C400&ssl=1 2x"},"classes":[]},{"id":101723,"url":"https:\/\/webdelmaestrocmf.com\/portal\/3-cuadernos-para-ayudar-a-tu-nino-a-ingresar-a-primaria\/","url_meta":{"origin":95746,"position":3},"title":"3 cuadernos para ayudar a tu ni\u00f1o a ingresar a primaria","author":"Web del Maestro CMF","date":"16 diciembre, 2023","format":false,"excerpt":"La transici\u00f3n de la etapa preescolar a la primaria es un momento emocionante y crucial en la vida de los ni\u00f1os, es por eso que te presentamos tres cuadernos para ayudar a tu ni\u00f1o a ingresar a primaria. Para facilitar este paso significativo, presentamos tres cuadernos dise\u00f1ados cuidadosamente para ayudar\u2026","rel":"","context":"En \u00abCuaderno\u00bb","block_context":{"text":"Cuaderno","link":"https:\/\/webdelmaestrocmf.com\/portal\/category\/pedagogia\/cuaderno\/"},"img":{"alt_text":"ingresar a primaria","src":"https:\/\/i0.wp.com\/webdelmaestrocmf.com\/portal\/wp-content\/uploads\/2023\/12\/A12B3C4D-2-3.jpg?resize=350%2C200&ssl=1","width":350,"height":200,"srcset":"https:\/\/i0.wp.com\/webdelmaestrocmf.com\/portal\/wp-content\/uploads\/2023\/12\/A12B3C4D-2-3.jpg?resize=350%2C200&ssl=1 1x, https:\/\/i0.wp.com\/webdelmaestrocmf.com\/portal\/wp-content\/uploads\/2023\/12\/A12B3C4D-2-3.jpg?resize=525%2C300&ssl=1 1.5x, https:\/\/i0.wp.com\/webdelmaestrocmf.com\/portal\/wp-content\/uploads\/2023\/12\/A12B3C4D-2-3.jpg?resize=700%2C400&ssl=1 2x"},"classes":[]},{"id":92799,"url":"https:\/\/webdelmaestrocmf.com\/portal\/cuadernillos-para-aprender-a-leer-revolucionando-la-alfabetizacion-con-diversion\/","url_meta":{"origin":95746,"position":4},"title":"Cuadernillos para aprender a leer: Revolucionando la alfabetizaci\u00f3n con diversi\u00f3n","author":"Web del Maestro CMF","date":"20 agosto, 2023","format":false,"excerpt":"Los cuadernillos para aprender a leer emergen como aliados valiosos, potenciando la experiencia educativa con su enfoque creativo y l\u00fadico. En este art\u00edculo, exploraremos c\u00f3mo estos cuadernillos se convierten en un recurso esencial para los docentes que desean nutrir las habilidades lectoras de los m\u00e1s j\u00f3venes, y c\u00f3mo su aplicaci\u00f3n\u2026","rel":"","context":"En \u00abCuadernillos\u00bb","block_context":{"text":"Cuadernillos","link":"https:\/\/webdelmaestrocmf.com\/portal\/category\/pedagogia\/cuadernillos\/"},"img":{"alt_text":"cuadernillos","src":"https:\/\/i0.wp.com\/webdelmaestrocmf.com\/portal\/wp-content\/uploads\/2023\/08\/A12B3C4D-14.jpg?resize=350%2C200&ssl=1","width":350,"height":200,"srcset":"https:\/\/i0.wp.com\/webdelmaestrocmf.com\/portal\/wp-content\/uploads\/2023\/08\/A12B3C4D-14.jpg?resize=350%2C200&ssl=1 1x, https:\/\/i0.wp.com\/webdelmaestrocmf.com\/portal\/wp-content\/uploads\/2023\/08\/A12B3C4D-14.jpg?resize=525%2C300&ssl=1 1.5x, https:\/\/i0.wp.com\/webdelmaestrocmf.com\/portal\/wp-content\/uploads\/2023\/08\/A12B3C4D-14.jpg?resize=700%2C400&ssl=1 2x"},"classes":[]},{"id":68351,"url":"https:\/\/webdelmaestrocmf.com\/portal\/material-para-educacion-artistica-guias-fichas-cuadernillos-de-trabajo-cuentos-etc\/","url_meta":{"origin":95746,"position":5},"title":"Material para Educaci\u00f3n art\u00edstica: gu\u00edas, fichas, cuadernillos de trabajo, cuentos, etc","author":"Web del Maestro CMF","date":"22 septiembre, 2021","format":false,"excerpt":"La Educaci\u00f3n Art\u00edstica en la etapa de desarrollo ayuda a los estudiantes a canalizar sus emociones y contribuye a su crecimiento. Por ello, investigar en nuevos recursos para introducir en el aula supone un aumento de la motivaci\u00f3n por parte del alumnado y alimentan al artista que llevan dentro. Gracias\u2026","rel":"","context":"En \u00abArte\u00bb","block_context":{"text":"Arte","link":"https:\/\/webdelmaestrocmf.com\/portal\/category\/pedagogia\/arte\/"},"img":{"alt_text":"","src":"https:\/\/i0.wp.com\/webdelmaestrocmf.com\/portal\/wp-content\/uploads\/2021\/09\/1-150.jpg?resize=350%2C200&ssl=1","width":350,"height":200,"srcset":"https:\/\/i0.wp.com\/webdelmaestrocmf.com\/portal\/wp-content\/uploads\/2021\/09\/1-150.jpg?resize=350%2C200&ssl=1 1x, https:\/\/i0.wp.com\/webdelmaestrocmf.com\/portal\/wp-content\/uploads\/2021\/09\/1-150.jpg?resize=525%2C300&ssl=1 1.5x, https:\/\/i0.wp.com\/webdelmaestrocmf.com\/portal\/wp-content\/uploads\/2021\/09\/1-150.jpg?resize=700%2C400&ssl=1 2x, https:\/\/i0.wp.com\/webdelmaestrocmf.com\/portal\/wp-content\/uploads\/2021\/09\/1-150.jpg?resize=1050%2C600&ssl=1 3x"},"classes":[]}],"_links":{"self":[{"href":"https:\/\/webdelmaestrocmf.com\/portal\/wp-json\/wp\/v2\/posts\/95746","targetHints":{"allow":["GET"]}}],"collection":[{"href":"https:\/\/webdelmaestrocmf.com\/portal\/wp-json\/wp\/v2\/posts"}],"about":[{"href":"https:\/\/webdelmaestrocmf.com\/portal\/wp-json\/wp\/v2\/types\/post"}],"author":[{"embeddable":true,"href":"https:\/\/webdelmaestrocmf.com\/portal\/wp-json\/wp\/v2\/users\/1"}],"replies":[{"embeddable":true,"href":"https:\/\/webdelmaestrocmf.com\/portal\/wp-json\/wp\/v2\/comments?post=95746"}],"version-history":[{"count":0,"href":"https:\/\/webdelmaestrocmf.com\/portal\/wp-json\/wp\/v2\/posts\/95746\/revisions"}],"wp:featuredmedia":[{"embeddable":true,"href":"https:\/\/webdelmaestrocmf.com\/portal\/wp-json\/wp\/v2\/media\/103572"}],"wp:attachment":[{"href":"https:\/\/webdelmaestrocmf.com\/portal\/wp-json\/wp\/v2\/media?parent=95746"}],"wp:term":[{"taxonomy":"category","embeddable":true,"href":"https:\/\/webdelmaestrocmf.com\/portal\/wp-json\/wp\/v2\/categories?post=95746"},{"taxonomy":"post_tag","embeddable":true,"href":"https:\/\/webdelmaestrocmf.com\/portal\/wp-json\/wp\/v2\/tags?post=95746"}],"curies":[{"name":"wp","href":"https:\/\/api.w.org\/{rel}","templated":true}]}}