{"id":95653,"date":"2023-09-23T16:38:44","date_gmt":"2023-09-23T19:38:44","guid":{"rendered":"https:\/\/webdelmaestrocmf.com\/portal\/?p=95653"},"modified":"2023-09-23T16:39:15","modified_gmt":"2023-09-23T19:39:15","slug":"baul-del-docente-simbolismos-de-la-primavera","status":"publish","type":"post","link":"https:\/\/webdelmaestrocmf.com\/portal\/baul-del-docente-simbolismos-de-la-primavera\/","title":{"rendered":"[Ba\u00fal del Docente] Simbolismos de la primavera"},"content":{"rendered":"<p style=\"text-align: justify;\"><strong>Estimados docentes: La primavera, con su renacimiento anual, es una estaci\u00f3n llena de simbolismo y oportunidades para estimular la mente de nuestros alumnos. M\u00e1s all\u00e1 del aumento de las temperaturas y las flores en flor, la primavera representa la esperanza, el crecimiento y la renovaci\u00f3n. Como maestros, tenemos la oportunidad de fomentar una comprensi\u00f3n m\u00e1s profunda de esta estaci\u00f3n a trav\u00e9s del arte, el cine y la m\u00fasica.<\/strong><!--more--><\/p>\n<p style=\"text-align: justify;\">El arte nos permite capturar la esencia de la primavera en lienzos y esculturas. Al mostrar a los alumnos obras maestras de pintores como Monet o van Gogh, podemos explorar c\u00f3mo estos artistas han representado la belleza y la vitalidad de la primavera en sus obras. Al fomentar la creatividad en nuestros estudiantes, podemos alentarlos a crear sus propias obras de arte inspiradas en la temporada, lo que les permite expresar sus propias conexiones emocionales con la primavera.<\/p>\n<p style=\"text-align: justify;\">Para ver c\u00f3mo ha influenciado la estaci\u00f3n primaveral a diversos artistas y estetas importantes de la historia, <a href=\"https:\/\/bauldocente.pe\/primavera-fuente-de-inspiracion-para-obras-maestras-del-arte\/\">ver este art\u00edculo del Ba\u00fal del Docente<\/a>. Al explorar el arte, el cine y la m\u00fasica relacionados con esta estaci\u00f3n, podemos enriquecer su experiencia educativa al mismo tiempo que fomentamos una apreciaci\u00f3n m\u00e1s profunda de la belleza y el simbolismo de la primavera.<\/p>\n<p style=\"text-align: justify;\"><strong>Lectura recomendada<\/strong><\/p>\n<ul>\n<li style=\"text-align: justify;\"><a href=\"https:\/\/www.infobae.com\/2005\/09\/21\/211833-el-significado-la-primavera\/\" target=\"_blank\" rel=\"noopener\">EL SIGNIFICADO DE LA PRIMAVERA<\/a><\/li>\n<li style=\"text-align: justify;\"><a href=\"https:\/\/www.infobae.com\/2005\/09\/21\/211833-el-significado-la-primavera\/\" target=\"_blank\" rel=\"noopener\">INFOBAE<\/a><\/li>\n<\/ul>\n<p style=\"text-align: justify;\"><strong>EL DATO<\/strong><\/p>\n<ul style=\"text-align: justify;\">\n<li>En el Egipto cl\u00e1sico, ten\u00edan una misma representaci\u00f3n de la primavera. \u00c9sta se relacionaba con Osiris resucitado. Anubis , el Dios de la Regeneraci\u00f3n un\u00eda los pedazos del cuerpo destrozado de Osiris y \u00c9ste volv\u00eda al reino de la luz.<\/li>\n<li>Entre los Incas, tambi\u00e9n encontramos importantes festejos para recibir la primavera. En sus cer\u00e1micas nos dejaron testimonios de su culto y nos hablan de un Sol espiritual (Kontiki) y un Sol f\u00edsico (Virakocha), que alumbr\u00f3 a la primera pareja humana.<\/li>\n<li>En realidad, no hay ning\u00fan pueblo que no haya festejado la Primavera. Actualmente, desde el punto de vista tradicional, resulta l\u00f3gica nuestra costumbre de dedicarnos al amor y al paseo al aire libre.<\/li>\n<\/ul>\n<p style=\"text-align: justify;\"><strong>Fuente: <\/strong><\/p>\n<ul>\n<li style=\"text-align: justify;\"><a href=\"https:\/\/www.plenitud.com.ar\/2021\/09\/el-simbolismo-de-las-fiestas-primaverales\/?utm_source=rss&amp;utm_medium=rss&amp;utm_campaign=el-simbolismo-de-las-fiestas-primaverales\" target=\"_blank\" rel=\"noopener\">EL SIMBOLISMO DE LAS FECHAS PRIMAVERALES<\/a><\/li>\n<li style=\"text-align: justify;\"><a href=\"https:\/\/www.plenitud.com.ar\/2021\/09\/el-simbolismo-de-las-fiestas-primaverales\/?utm_source=rss&amp;utm_medium=rss&amp;utm_campaign=el-simbolismo-de-las-fiestas-primaverales\" target=\"_blank\" rel=\"noopener\">PLENITUD (ARGENTINA)<\/a><\/li>\n<\/ul>\n<p style=\"text-align: justify;\"><strong>NOTA DE REDACCI\u00d3N:<\/strong> La Web del Maestro CMF publica los textos originales de su autor, no necesariamente coincide con lo expuesto en el tema, y no se hace responsable de las opiniones expresadas. Sugerimos a nuestros lectores conocer la identidad de la fuente o de su autor, para tener mayores elementos de juicio y la pertinencia a su realidad educativa.<\/p>\n<table class=\" alignleft\" border=\"0\" width=\"100%\" cellspacing=\"10\" cellpadding=\"10\">\n<tbody>\n<tr>\n<td style=\"text-align: center;\" width=\"30%\"><strong><img loading=\"lazy\" decoding=\"async\" class=\"size-full wp-image-62269 aligncenter\" src=\"https:\/\/webdelmaestrocmf.com\/portal\/wp-content\/uploads\/2021\/04\/1-136.jpg\" alt=\"\" width=\"200\" height=\"200\" srcset=\"https:\/\/webdelmaestrocmf.com\/portal\/wp-content\/uploads\/2021\/04\/1-136.jpg 200w, https:\/\/webdelmaestrocmf.com\/portal\/wp-content\/uploads\/2021\/04\/1-136-150x150.jpg 150w, https:\/\/webdelmaestrocmf.com\/portal\/wp-content\/uploads\/2021\/04\/1-136-80x80.jpg 80w, https:\/\/webdelmaestrocmf.com\/portal\/wp-content\/uploads\/2021\/04\/1-136-110x110.jpg 110w, https:\/\/webdelmaestrocmf.com\/portal\/wp-content\/uploads\/2021\/04\/1-136-160x160.jpg 160w\" sizes=\"auto, (max-width: 200px) 100vw, 200px\" \/><\/strong><br \/>\nEste art\u00edculo ha sido publicado en el blog Ba\u00fal del Docente, portal de recursos educativos de la Derrama Magisterial del Per\u00fa, y lo puede encontrar en este enlace: <a href=\"https:\/\/bauldocente.pe\/\" target=\"_blank\" rel=\"noopener\"><strong>BLOG BA\u00daL DEL DOCENTE<\/strong><\/a>.<br \/>\nY este es el enlace del Profesor <strong>Jorge Luis Tineo Rendon: <\/strong><a href=\"mailto:jtineo@derrama.org.pe\">jtineo@derrama.org.pe<\/a>.<strong><br \/>\n<\/strong><\/td>\n<\/tr>\n<\/tbody>\n<\/table>\n<p style=\"text-align: left;\">.<\/p>\n\t\t<div class=\"pk-inline-posts\">\n\t\t\t\n\t\t\t<div class=\"pk-inline-posts-container pk-inline-posts-template-list\"\n\t\t\t\tdata-columns=\"1\">\n\t\t\t\t\t\t<article id=\"post-106869\" class=\"post-106869 post type-post status-publish format-standard has-post-thumbnail category-colaborador category-z-colaboradores-baul-del-docente tag-baul-del-docente tag-criticas tag-exageraciones tag-prevencion tag-tecnologia cs-entry cs-video-wrap\">\n\t\t\t<div class=\"pk-post-outer\">\n\n\t\t\t\t\t\t\t\t<div class=\"pk-post-inner\">\n\t\t\t\t\t<div class=\"entry-thumbnail\">\n\t\t\t\t\t\t<div class=\"pk-overlay pk-overlay-ratio pk-ratio-landscape\">\n\t\t\t\t\t\t\t<div class=\"pk-overlay-background\">\n\t\t\t\t\t\t\t\t<a href=\"https:\/\/webdelmaestrocmf.com\/portal\/baul-del-docente-criticas-a-la-tecnologia-prevencion-o-exageraciones\/\" class=\"pk-overlay-link\">\n\t\t\t\t\t\t\t\t\t<img loading=\"lazy\" decoding=\"async\" width=\"300\" height=\"225\" src=\"https:\/\/webdelmaestrocmf.com\/portal\/wp-content\/uploads\/2024\/11\/Banner-1-portada-imagen-10-1-30-300x225.jpg\" class=\"attachment-pk-thumbnail size-pk-thumbnail wp-post-image\" alt=\"\" \/>\t\t\t\t\t\t\t\t<\/a>\n\t\t\t\t\t\t\t<\/div>\n\t\t\t\t\t\t<\/div>\n\t\t\t\t\t<\/div>\n\t\t\t\t<\/div>\n\t\t\t\t\n\t\t\t\t<div class=\"pk-post-inner\">\n\t\t\t\t\t<header>\n\t\t\t\t\t\t<h3 class=\"pk-title\"><a href=\"https:\/\/webdelmaestrocmf.com\/portal\/baul-del-docente-criticas-a-la-tecnologia-prevencion-o-exageraciones\/\" rel=\"bookmark\">[Ba\u00fal del docente] Cr\u00edticas a la tecnolog\u00eda: \u00bfPrevenci\u00f3n o exageraciones?<\/a><\/h3>\t\t\t\t\t<\/header><!-- .entry-header -->\n\t\t\t\t<\/div><!-- .post-inner -->\n\n\t\t\t<\/div><!-- .post-outer -->\n\t\t<\/article>\n\t\t\t<article id=\"post-106780\" class=\"post-106780 post type-post status-publish format-standard has-post-thumbnail category-z-colaboradores-baul-del-docente tag-aprendizajes tag-baul-del-docente tag-futbol tag-indispensables cs-entry cs-video-wrap\">\n\t\t\t<div class=\"pk-post-outer\">\n\n\t\t\t\t\t\t\t\t<div class=\"pk-post-inner\">\n\t\t\t\t\t<div class=\"entry-thumbnail\">\n\t\t\t\t\t\t<div class=\"pk-overlay pk-overlay-ratio pk-ratio-landscape\">\n\t\t\t\t\t\t\t<div class=\"pk-overlay-background\">\n\t\t\t\t\t\t\t\t<a href=\"https:\/\/webdelmaestrocmf.com\/portal\/baul-del-docente-aprendizajes-indispensables-el-futbol\/\" class=\"pk-overlay-link\">\n\t\t\t\t\t\t\t\t\t<img loading=\"lazy\" decoding=\"async\" width=\"300\" height=\"225\" src=\"https:\/\/webdelmaestrocmf.com\/portal\/wp-content\/uploads\/2024\/10\/Banner-1-portada-imagen-10-1-11-300x225.jpg\" class=\"attachment-pk-thumbnail size-pk-thumbnail wp-post-image\" alt=\"\" \/>\t\t\t\t\t\t\t\t<\/a>\n\t\t\t\t\t\t\t<\/div>\n\t\t\t\t\t\t<\/div>\n\t\t\t\t\t<\/div>\n\t\t\t\t<\/div>\n\t\t\t\t\n\t\t\t\t<div class=\"pk-post-inner\">\n\t\t\t\t\t<header>\n\t\t\t\t\t\t<h3 class=\"pk-title\"><a href=\"https:\/\/webdelmaestrocmf.com\/portal\/baul-del-docente-aprendizajes-indispensables-el-futbol\/\" rel=\"bookmark\">[Ba\u00fal del docente] Aprendizajes indispensables: El f\u00fatbol<\/a><\/h3>\t\t\t\t\t<\/header><!-- .entry-header -->\n\t\t\t\t<\/div><!-- .post-inner -->\n\n\t\t\t<\/div><!-- .post-outer -->\n\t\t<\/article>\n\t\t\t<article id=\"post-105235\" class=\"post-105235 post type-post status-publish format-standard has-post-thumbnail category-colaborador category-z-colaboradores-baul-del-docente tag-desarrollar tag-educacion tag-materia tag-religiosa cs-entry cs-video-wrap\">\n\t\t\t<div class=\"pk-post-outer\">\n\n\t\t\t\t\t\t\t\t<div class=\"pk-post-inner\">\n\t\t\t\t\t<div class=\"entry-thumbnail\">\n\t\t\t\t\t\t<div class=\"pk-overlay pk-overlay-ratio pk-ratio-landscape\">\n\t\t\t\t\t\t\t<div class=\"pk-overlay-background\">\n\t\t\t\t\t\t\t\t<a href=\"https:\/\/webdelmaestrocmf.com\/portal\/baul-del-docente-educacion-religiosa-como-desarrollar-esta-materia\/\" class=\"pk-overlay-link\">\n\t\t\t\t\t\t\t\t\t<img loading=\"lazy\" decoding=\"async\" width=\"300\" height=\"225\" src=\"https:\/\/webdelmaestrocmf.com\/portal\/wp-content\/uploads\/2024\/05\/Banner-1-portada-imagen-10-1-59-300x225.jpg\" class=\"attachment-pk-thumbnail size-pk-thumbnail wp-post-image\" alt=\"\" \/>\t\t\t\t\t\t\t\t<\/a>\n\t\t\t\t\t\t\t<\/div>\n\t\t\t\t\t\t<\/div>\n\t\t\t\t\t<\/div>\n\t\t\t\t<\/div>\n\t\t\t\t\n\t\t\t\t<div class=\"pk-post-inner\">\n\t\t\t\t\t<header>\n\t\t\t\t\t\t<h3 class=\"pk-title\"><a href=\"https:\/\/webdelmaestrocmf.com\/portal\/baul-del-docente-educacion-religiosa-como-desarrollar-esta-materia\/\" rel=\"bookmark\">[Ba\u00fal del docente] Educaci\u00f3n Religiosa: \u00bfC\u00f3mo desarrollar esta materia?<\/a><\/h3>\t\t\t\t\t<\/header><!-- .entry-header -->\n\t\t\t\t<\/div><!-- .post-inner -->\n\n\t\t\t<\/div><!-- .post-outer -->\n\t\t<\/article>\n\t\t\t\t<\/div>\n\t\t<\/div>\n\t\t\n","protected":false},"excerpt":{"rendered":"Estimados docentes: La primavera, con su renacimiento anual, es una estaci\u00f3n llena de simbolismo y oportunidades para estimular&hellip;","protected":false},"author":1,"featured_media":95654,"comment_status":"open","ping_status":"closed","sticky":false,"template":"","format":"standard","meta":{"csco_display_header_overlay":false,"csco_singular_sidebar":"","csco_page_header_type":"","csco_page_load_nextpost":"","csco_post_video_location":[],"csco_post_video_location_hash":"","csco_post_video_url":"","csco_post_video_bg_start_time":0,"csco_post_video_bg_end_time":0,"csco_post_video_bg_volume":false,"_jetpack_memberships_contains_paid_content":false,"footnotes":""},"categories":[1790,6829],"tags":[6867,21261,21260],"class_list":{"0":"post-95653","1":"post","2":"type-post","3":"status-publish","4":"format-standard","5":"has-post-thumbnail","7":"category-colaborador","8":"category-z-colaboradores-baul-del-docente","9":"tag-baul-del-docente","10":"tag-primavera","11":"tag-simbolismos","12":"cs-entry","13":"cs-video-wrap"},"yoast_head":"<!-- This site is optimized with the Yoast SEO plugin v27.5 - https:\/\/yoast.com\/product\/yoast-seo-wordpress\/ -->\n<title>[Ba\u00fal del Docente] Simbolismos de la primavera - 2026<\/title>\n<meta name=\"description\" content=\"Estimados docentes: La primavera, con su renacimiento anual, es una estaci\u00f3n llena de simbolismo y oportunidades para estimular...\" \/>\n<meta name=\"robots\" content=\"index, follow, max-snippet:-1, max-image-preview:large, max-video-preview:-1\" \/>\n<link rel=\"canonical\" href=\"https:\/\/webdelmaestrocmf.com\/portal\/baul-del-docente-simbolismos-de-la-primavera\/\" \/>\n<meta property=\"og:locale\" content=\"es_ES\" \/>\n<meta property=\"og:type\" content=\"article\" \/>\n<meta property=\"og:title\" content=\"[Ba\u00fal del Docente] Simbolismos de la primavera - 2026\" \/>\n<meta property=\"og:description\" content=\"Estimados docentes: La primavera, con su renacimiento anual, es una estaci\u00f3n llena de simbolismo y oportunidades para estimular...\" \/>\n<meta property=\"og:url\" content=\"https:\/\/webdelmaestrocmf.com\/portal\/baul-del-docente-simbolismos-de-la-primavera\/\" \/>\n<meta property=\"og:site_name\" content=\"Web del Maestro CMF\" \/>\n<meta property=\"article:publisher\" content=\"https:\/\/www.facebook.com\/WebdelMaestroCMF\/\" \/>\n<meta property=\"article:author\" content=\"https:\/\/www.facebook.com\/WebdelMaestroCMF\/\" \/>\n<meta property=\"article:published_time\" content=\"2023-09-23T19:38:44+00:00\" \/>\n<meta property=\"article:modified_time\" content=\"2023-09-23T19:39:15+00:00\" \/>\n<meta property=\"og:image\" content=\"https:\/\/i0.wp.com\/webdelmaestrocmf.com\/portal\/wp-content\/uploads\/2023\/09\/A12B3C4D-10-3.jpg?fit=900%2C556&ssl=1\" \/>\n\t<meta property=\"og:image:width\" content=\"900\" \/>\n\t<meta property=\"og:image:height\" content=\"556\" \/>\n\t<meta property=\"og:image:type\" content=\"image\/jpeg\" \/>\n<meta name=\"author\" content=\"Web del Maestro CMF\" \/>\n<meta name=\"twitter:card\" content=\"summary_large_image\" \/>\n<meta name=\"twitter:creator\" content=\"@cmf_w\" \/>\n<meta name=\"twitter:site\" content=\"@cmf_w\" \/>\n<script type=\"application\/ld+json\" class=\"yoast-schema-graph\">{\"@context\":\"https:\\\/\\\/schema.org\",\"@graph\":[{\"@type\":\"ScholarlyArticle\",\"@id\":\"https:\\\/\\\/webdelmaestrocmf.com\\\/portal\\\/baul-del-docente-simbolismos-de-la-primavera\\\/#article\",\"isPartOf\":{\"@id\":\"https:\\\/\\\/webdelmaestrocmf.com\\\/portal\\\/baul-del-docente-simbolismos-de-la-primavera\\\/\"},\"author\":{\"name\":\"Web del Maestro CMF\",\"@id\":\"https:\\\/\\\/webdelmaestrocmf.com\\\/portal\\\/#\\\/schema\\\/person\\\/1072a2ed7bd960df8ef99a551fa35dc5\"},\"headline\":\"[Ba\u00fal del Docente] Simbolismos de la primavera\",\"datePublished\":\"2023-09-23T19:38:44+00:00\",\"dateModified\":\"2023-09-23T19:39:15+00:00\",\"mainEntityOfPage\":{\"@id\":\"https:\\\/\\\/webdelmaestrocmf.com\\\/portal\\\/baul-del-docente-simbolismos-de-la-primavera\\\/\"},\"wordCount\":487,\"commentCount\":0,\"publisher\":{\"@id\":\"https:\\\/\\\/webdelmaestrocmf.com\\\/portal\\\/#organization\"},\"image\":{\"@id\":\"https:\\\/\\\/webdelmaestrocmf.com\\\/portal\\\/baul-del-docente-simbolismos-de-la-primavera\\\/#primaryimage\"},\"thumbnailUrl\":\"https:\\\/\\\/webdelmaestrocmf.com\\\/portal\\\/wp-content\\\/uploads\\\/2023\\\/09\\\/A12B3C4D-10-3.jpg\",\"keywords\":[\"Ba\u00fal del Docente\",\"primavera\",\"Simbolismos\"],\"articleSection\":[\"Z-Colaboradores\",\"Z-Colaboradores-Ba\u00fal-del-Docente\"],\"inLanguage\":\"es\",\"potentialAction\":[{\"@type\":\"CommentAction\",\"name\":\"Comment\",\"target\":[\"https:\\\/\\\/webdelmaestrocmf.com\\\/portal\\\/baul-del-docente-simbolismos-de-la-primavera\\\/#respond\"]}]},{\"@type\":\"WebPage\",\"@id\":\"https:\\\/\\\/webdelmaestrocmf.com\\\/portal\\\/baul-del-docente-simbolismos-de-la-primavera\\\/\",\"url\":\"https:\\\/\\\/webdelmaestrocmf.com\\\/portal\\\/baul-del-docente-simbolismos-de-la-primavera\\\/\",\"name\":\"[Ba\u00fal del Docente] Simbolismos de la primavera - 2026\",\"isPartOf\":{\"@id\":\"https:\\\/\\\/webdelmaestrocmf.com\\\/portal\\\/#website\"},\"primaryImageOfPage\":{\"@id\":\"https:\\\/\\\/webdelmaestrocmf.com\\\/portal\\\/baul-del-docente-simbolismos-de-la-primavera\\\/#primaryimage\"},\"image\":{\"@id\":\"https:\\\/\\\/webdelmaestrocmf.com\\\/portal\\\/baul-del-docente-simbolismos-de-la-primavera\\\/#primaryimage\"},\"thumbnailUrl\":\"https:\\\/\\\/webdelmaestrocmf.com\\\/portal\\\/wp-content\\\/uploads\\\/2023\\\/09\\\/A12B3C4D-10-3.jpg\",\"datePublished\":\"2023-09-23T19:38:44+00:00\",\"dateModified\":\"2023-09-23T19:39:15+00:00\",\"description\":\"Estimados docentes: La primavera, con su renacimiento anual, es una estaci\u00f3n llena de simbolismo y oportunidades para estimular...\",\"breadcrumb\":{\"@id\":\"https:\\\/\\\/webdelmaestrocmf.com\\\/portal\\\/baul-del-docente-simbolismos-de-la-primavera\\\/#breadcrumb\"},\"inLanguage\":\"es\",\"potentialAction\":[{\"@type\":\"ReadAction\",\"target\":[\"https:\\\/\\\/webdelmaestrocmf.com\\\/portal\\\/baul-del-docente-simbolismos-de-la-primavera\\\/\"]}]},{\"@type\":\"ImageObject\",\"inLanguage\":\"es\",\"@id\":\"https:\\\/\\\/webdelmaestrocmf.com\\\/portal\\\/baul-del-docente-simbolismos-de-la-primavera\\\/#primaryimage\",\"url\":\"https:\\\/\\\/webdelmaestrocmf.com\\\/portal\\\/wp-content\\\/uploads\\\/2023\\\/09\\\/A12B3C4D-10-3.jpg\",\"contentUrl\":\"https:\\\/\\\/webdelmaestrocmf.com\\\/portal\\\/wp-content\\\/uploads\\\/2023\\\/09\\\/A12B3C4D-10-3.jpg\",\"width\":900,\"height\":556},{\"@type\":\"BreadcrumbList\",\"@id\":\"https:\\\/\\\/webdelmaestrocmf.com\\\/portal\\\/baul-del-docente-simbolismos-de-la-primavera\\\/#breadcrumb\",\"itemListElement\":[{\"@type\":\"ListItem\",\"position\":1,\"name\":\"Portada\",\"item\":\"https:\\\/\\\/webdelmaestrocmf.com\\\/portal\\\/\"},{\"@type\":\"ListItem\",\"position\":2,\"name\":\"Z-Colaboradores\",\"item\":\"https:\\\/\\\/webdelmaestrocmf.com\\\/portal\\\/category\\\/colaborador\\\/\"},{\"@type\":\"ListItem\",\"position\":3,\"name\":\"[Ba\u00fal del Docente] Simbolismos de la primavera\"}]},{\"@type\":\"WebSite\",\"@id\":\"https:\\\/\\\/webdelmaestrocmf.com\\\/portal\\\/#website\",\"url\":\"https:\\\/\\\/webdelmaestrocmf.com\\\/portal\\\/\",\"name\":\"Web del Maestro CMF\",\"description\":\"Maestros al servicio de la educaci\u00f3n\",\"publisher\":{\"@id\":\"https:\\\/\\\/webdelmaestrocmf.com\\\/portal\\\/#organization\"},\"alternateName\":\"WMCMF\",\"potentialAction\":[{\"@type\":\"SearchAction\",\"target\":{\"@type\":\"EntryPoint\",\"urlTemplate\":\"https:\\\/\\\/webdelmaestrocmf.com\\\/portal\\\/?s={search_term_string}\"},\"query-input\":{\"@type\":\"PropertyValueSpecification\",\"valueRequired\":true,\"valueName\":\"search_term_string\"}}],\"inLanguage\":\"es\"},{\"@type\":\"Organization\",\"@id\":\"https:\\\/\\\/webdelmaestrocmf.com\\\/portal\\\/#organization\",\"name\":\"Web del Maestro CMF\",\"alternateName\":\"WMCMF\",\"url\":\"https:\\\/\\\/webdelmaestrocmf.com\\\/portal\\\/\",\"logo\":{\"@type\":\"ImageObject\",\"inLanguage\":\"es\",\"@id\":\"https:\\\/\\\/webdelmaestrocmf.com\\\/portal\\\/#\\\/schema\\\/logo\\\/image\\\/\",\"url\":\"https:\\\/\\\/webdelmaestrocmf.com\\\/portal\\\/wp-content\\\/uploads\\\/2023\\\/01\\\/logo-wmcmf-2.png\",\"contentUrl\":\"https:\\\/\\\/webdelmaestrocmf.com\\\/portal\\\/wp-content\\\/uploads\\\/2023\\\/01\\\/logo-wmcmf-2.png\",\"width\":200,\"height\":60,\"caption\":\"Web del Maestro CMF\"},\"image\":{\"@id\":\"https:\\\/\\\/webdelmaestrocmf.com\\\/portal\\\/#\\\/schema\\\/logo\\\/image\\\/\"},\"sameAs\":[\"https:\\\/\\\/www.facebook.com\\\/WebdelMaestroCMF\\\/\",\"https:\\\/\\\/x.com\\\/cmf_w\",\"https:\\\/\\\/www.pinterest.com\\\/WMCMF\\\/\",\"https:\\\/\\\/www.linkedin.com\\\/company\\\/web-del-maestro-cmf\\\/\",\"https:\\\/\\\/www.instagram.com\\\/wmcmf\\\/\",\"https:\\\/\\\/www.youtube.com\\\/channel\\\/UCDPSvjbdodE5sHnC3OxutHw\",\"https:\\\/\\\/mastodon.social\\\/@wmcmf\",\"https:\\\/\\\/www.tiktok.com\\\/@webdelmaestrocmf\"]},{\"@type\":\"Person\",\"@id\":\"https:\\\/\\\/webdelmaestrocmf.com\\\/portal\\\/#\\\/schema\\\/person\\\/1072a2ed7bd960df8ef99a551fa35dc5\",\"name\":\"Web del Maestro CMF\",\"image\":{\"@type\":\"ImageObject\",\"inLanguage\":\"es\",\"@id\":\"https:\\\/\\\/secure.gravatar.com\\\/avatar\\\/23291dd5b5ae1077dcff3dbb04c3e02bd28403fa75af6d8787d5e97c5bbbe30b?s=96&d=mm&r=g\",\"url\":\"https:\\\/\\\/secure.gravatar.com\\\/avatar\\\/23291dd5b5ae1077dcff3dbb04c3e02bd28403fa75af6d8787d5e97c5bbbe30b?s=96&d=mm&r=g\",\"contentUrl\":\"https:\\\/\\\/secure.gravatar.com\\\/avatar\\\/23291dd5b5ae1077dcff3dbb04c3e02bd28403fa75af6d8787d5e97c5bbbe30b?s=96&d=mm&r=g\",\"caption\":\"Web del Maestro CMF\"},\"description\":\"Esta Web se cre\u00f3 sin fines de lucro, con fines educativos, cient\u00edficos y acad\u00e9micos, para personas que tengan dificultades y\\\/o inconvenientes en visualizar el material original. El objetivo es entregar recursos, compartir experiencias y materiales que ayuden a los padres de familia, maestros y estudiantes en su actualizaci\u00f3n y formaci\u00f3n permanente, en bien de la Educaci\u00f3n.\",\"sameAs\":[\"http:\\\/\\\/webdelmaestrocmf.com\\\/portal\",\"https:\\\/\\\/www.facebook.com\\\/WebdelMaestroCMF\\\/\",\"https:\\\/\\\/www.instagram.com\\\/wmcmf\\\/\",\"https:\\\/\\\/cl.linkedin.com\\\/company\\\/web-del-maestro-cmf\",\"https:\\\/\\\/www.pinterest.com\\\/WMCMF\\\/publicaciones\\\/\",\"https:\\\/\\\/x.com\\\/cmf_w\",\"https:\\\/\\\/www.youtube.com\\\/@WMCMF\"]}]}<\/script>\n<!-- \/ Yoast SEO plugin. -->","yoast_head_json":{"title":"[Ba\u00fal del Docente] Simbolismos de la primavera - 2026","description":"Estimados docentes: La primavera, con su renacimiento anual, es una estaci\u00f3n llena de simbolismo y oportunidades para estimular...","robots":{"index":"index","follow":"follow","max-snippet":"max-snippet:-1","max-image-preview":"max-image-preview:large","max-video-preview":"max-video-preview:-1"},"canonical":"https:\/\/webdelmaestrocmf.com\/portal\/baul-del-docente-simbolismos-de-la-primavera\/","og_locale":"es_ES","og_type":"article","og_title":"[Ba\u00fal del Docente] Simbolismos de la primavera - 2026","og_description":"Estimados docentes: La primavera, con su renacimiento anual, es una estaci\u00f3n llena de simbolismo y oportunidades para estimular...","og_url":"https:\/\/webdelmaestrocmf.com\/portal\/baul-del-docente-simbolismos-de-la-primavera\/","og_site_name":"Web del Maestro CMF","article_publisher":"https:\/\/www.facebook.com\/WebdelMaestroCMF\/","article_author":"https:\/\/www.facebook.com\/WebdelMaestroCMF\/","article_published_time":"2023-09-23T19:38:44+00:00","article_modified_time":"2023-09-23T19:39:15+00:00","og_image":[{"width":900,"height":556,"url":"https:\/\/i0.wp.com\/webdelmaestrocmf.com\/portal\/wp-content\/uploads\/2023\/09\/A12B3C4D-10-3.jpg?fit=900%2C556&ssl=1","type":"image\/jpeg"}],"author":"Web del Maestro CMF","twitter_card":"summary_large_image","twitter_creator":"@cmf_w","twitter_site":"@cmf_w","schema":{"@context":"https:\/\/schema.org","@graph":[{"@type":"ScholarlyArticle","@id":"https:\/\/webdelmaestrocmf.com\/portal\/baul-del-docente-simbolismos-de-la-primavera\/#article","isPartOf":{"@id":"https:\/\/webdelmaestrocmf.com\/portal\/baul-del-docente-simbolismos-de-la-primavera\/"},"author":{"name":"Web del Maestro CMF","@id":"https:\/\/webdelmaestrocmf.com\/portal\/#\/schema\/person\/1072a2ed7bd960df8ef99a551fa35dc5"},"headline":"[Ba\u00fal del Docente] Simbolismos de la primavera","datePublished":"2023-09-23T19:38:44+00:00","dateModified":"2023-09-23T19:39:15+00:00","mainEntityOfPage":{"@id":"https:\/\/webdelmaestrocmf.com\/portal\/baul-del-docente-simbolismos-de-la-primavera\/"},"wordCount":487,"commentCount":0,"publisher":{"@id":"https:\/\/webdelmaestrocmf.com\/portal\/#organization"},"image":{"@id":"https:\/\/webdelmaestrocmf.com\/portal\/baul-del-docente-simbolismos-de-la-primavera\/#primaryimage"},"thumbnailUrl":"https:\/\/webdelmaestrocmf.com\/portal\/wp-content\/uploads\/2023\/09\/A12B3C4D-10-3.jpg","keywords":["Ba\u00fal del Docente","primavera","Simbolismos"],"articleSection":["Z-Colaboradores","Z-Colaboradores-Ba\u00fal-del-Docente"],"inLanguage":"es","potentialAction":[{"@type":"CommentAction","name":"Comment","target":["https:\/\/webdelmaestrocmf.com\/portal\/baul-del-docente-simbolismos-de-la-primavera\/#respond"]}]},{"@type":"WebPage","@id":"https:\/\/webdelmaestrocmf.com\/portal\/baul-del-docente-simbolismos-de-la-primavera\/","url":"https:\/\/webdelmaestrocmf.com\/portal\/baul-del-docente-simbolismos-de-la-primavera\/","name":"[Ba\u00fal del Docente] Simbolismos de la primavera - 2026","isPartOf":{"@id":"https:\/\/webdelmaestrocmf.com\/portal\/#website"},"primaryImageOfPage":{"@id":"https:\/\/webdelmaestrocmf.com\/portal\/baul-del-docente-simbolismos-de-la-primavera\/#primaryimage"},"image":{"@id":"https:\/\/webdelmaestrocmf.com\/portal\/baul-del-docente-simbolismos-de-la-primavera\/#primaryimage"},"thumbnailUrl":"https:\/\/webdelmaestrocmf.com\/portal\/wp-content\/uploads\/2023\/09\/A12B3C4D-10-3.jpg","datePublished":"2023-09-23T19:38:44+00:00","dateModified":"2023-09-23T19:39:15+00:00","description":"Estimados docentes: La primavera, con su renacimiento anual, es una estaci\u00f3n llena de simbolismo y oportunidades para estimular...","breadcrumb":{"@id":"https:\/\/webdelmaestrocmf.com\/portal\/baul-del-docente-simbolismos-de-la-primavera\/#breadcrumb"},"inLanguage":"es","potentialAction":[{"@type":"ReadAction","target":["https:\/\/webdelmaestrocmf.com\/portal\/baul-del-docente-simbolismos-de-la-primavera\/"]}]},{"@type":"ImageObject","inLanguage":"es","@id":"https:\/\/webdelmaestrocmf.com\/portal\/baul-del-docente-simbolismos-de-la-primavera\/#primaryimage","url":"https:\/\/webdelmaestrocmf.com\/portal\/wp-content\/uploads\/2023\/09\/A12B3C4D-10-3.jpg","contentUrl":"https:\/\/webdelmaestrocmf.com\/portal\/wp-content\/uploads\/2023\/09\/A12B3C4D-10-3.jpg","width":900,"height":556},{"@type":"BreadcrumbList","@id":"https:\/\/webdelmaestrocmf.com\/portal\/baul-del-docente-simbolismos-de-la-primavera\/#breadcrumb","itemListElement":[{"@type":"ListItem","position":1,"name":"Portada","item":"https:\/\/webdelmaestrocmf.com\/portal\/"},{"@type":"ListItem","position":2,"name":"Z-Colaboradores","item":"https:\/\/webdelmaestrocmf.com\/portal\/category\/colaborador\/"},{"@type":"ListItem","position":3,"name":"[Ba\u00fal del Docente] Simbolismos de la primavera"}]},{"@type":"WebSite","@id":"https:\/\/webdelmaestrocmf.com\/portal\/#website","url":"https:\/\/webdelmaestrocmf.com\/portal\/","name":"Web del Maestro CMF","description":"Maestros al servicio de la educaci\u00f3n","publisher":{"@id":"https:\/\/webdelmaestrocmf.com\/portal\/#organization"},"alternateName":"WMCMF","potentialAction":[{"@type":"SearchAction","target":{"@type":"EntryPoint","urlTemplate":"https:\/\/webdelmaestrocmf.com\/portal\/?s={search_term_string}"},"query-input":{"@type":"PropertyValueSpecification","valueRequired":true,"valueName":"search_term_string"}}],"inLanguage":"es"},{"@type":"Organization","@id":"https:\/\/webdelmaestrocmf.com\/portal\/#organization","name":"Web del Maestro CMF","alternateName":"WMCMF","url":"https:\/\/webdelmaestrocmf.com\/portal\/","logo":{"@type":"ImageObject","inLanguage":"es","@id":"https:\/\/webdelmaestrocmf.com\/portal\/#\/schema\/logo\/image\/","url":"https:\/\/webdelmaestrocmf.com\/portal\/wp-content\/uploads\/2023\/01\/logo-wmcmf-2.png","contentUrl":"https:\/\/webdelmaestrocmf.com\/portal\/wp-content\/uploads\/2023\/01\/logo-wmcmf-2.png","width":200,"height":60,"caption":"Web del Maestro CMF"},"image":{"@id":"https:\/\/webdelmaestrocmf.com\/portal\/#\/schema\/logo\/image\/"},"sameAs":["https:\/\/www.facebook.com\/WebdelMaestroCMF\/","https:\/\/x.com\/cmf_w","https:\/\/www.pinterest.com\/WMCMF\/","https:\/\/www.linkedin.com\/company\/web-del-maestro-cmf\/","https:\/\/www.instagram.com\/wmcmf\/","https:\/\/www.youtube.com\/channel\/UCDPSvjbdodE5sHnC3OxutHw","https:\/\/mastodon.social\/@wmcmf","https:\/\/www.tiktok.com\/@webdelmaestrocmf"]},{"@type":"Person","@id":"https:\/\/webdelmaestrocmf.com\/portal\/#\/schema\/person\/1072a2ed7bd960df8ef99a551fa35dc5","name":"Web del Maestro CMF","image":{"@type":"ImageObject","inLanguage":"es","@id":"https:\/\/secure.gravatar.com\/avatar\/23291dd5b5ae1077dcff3dbb04c3e02bd28403fa75af6d8787d5e97c5bbbe30b?s=96&d=mm&r=g","url":"https:\/\/secure.gravatar.com\/avatar\/23291dd5b5ae1077dcff3dbb04c3e02bd28403fa75af6d8787d5e97c5bbbe30b?s=96&d=mm&r=g","contentUrl":"https:\/\/secure.gravatar.com\/avatar\/23291dd5b5ae1077dcff3dbb04c3e02bd28403fa75af6d8787d5e97c5bbbe30b?s=96&d=mm&r=g","caption":"Web del Maestro CMF"},"description":"Esta Web se cre\u00f3 sin fines de lucro, con fines educativos, cient\u00edficos y acad\u00e9micos, para personas que tengan dificultades y\/o inconvenientes en visualizar el material original. El objetivo es entregar recursos, compartir experiencias y materiales que ayuden a los padres de familia, maestros y estudiantes en su actualizaci\u00f3n y formaci\u00f3n permanente, en bien de la Educaci\u00f3n.","sameAs":["http:\/\/webdelmaestrocmf.com\/portal","https:\/\/www.facebook.com\/WebdelMaestroCMF\/","https:\/\/www.instagram.com\/wmcmf\/","https:\/\/cl.linkedin.com\/company\/web-del-maestro-cmf","https:\/\/www.pinterest.com\/WMCMF\/publicaciones\/","https:\/\/x.com\/cmf_w","https:\/\/www.youtube.com\/@WMCMF"]}]}},"jetpack_featured_media_url":"https:\/\/webdelmaestrocmf.com\/portal\/wp-content\/uploads\/2023\/09\/A12B3C4D-10-3.jpg","jetpack_sharing_enabled":true,"jetpack-related-posts":[{"id":87592,"url":"https:\/\/webdelmaestrocmf.com\/portal\/baul-del-docente-por-que-escuchar-las-cuatro-estaciones-de-vivaldi\/","url_meta":{"origin":95653,"position":0},"title":"[Ba\u00fal del Docente] \u00bfPor qu\u00e9 escuchar Las Cuatro Estaciones de Vivaldi?","author":"Web del Maestro CMF","date":"18 abril, 2023","format":false,"excerpt":"Estimados docentes: En la actualidad existe una enorme crisis de lo que, en t\u00e9rminos sencillos, podemos denominar \u201ceducaci\u00f3n en gustos art\u00edsticos\u201d. Basta con recorrer el dial de una radio o en revisar las carpetas y listas de reproducci\u00f3n de muchos de nuestros alumnos -y, lamentablemente, tambi\u00e9n de muchos de nuestros\u2026","rel":"","context":"En \u00abZ-Colaboradores\u00bb","block_context":{"text":"Z-Colaboradores","link":"https:\/\/webdelmaestrocmf.com\/portal\/category\/colaborador\/"},"img":{"alt_text":"","src":"https:\/\/i0.wp.com\/webdelmaestrocmf.com\/portal\/wp-content\/uploads\/2023\/04\/A12B3C4D-9-2.jpg?resize=350%2C200&ssl=1","width":350,"height":200,"srcset":"https:\/\/i0.wp.com\/webdelmaestrocmf.com\/portal\/wp-content\/uploads\/2023\/04\/A12B3C4D-9-2.jpg?resize=350%2C200&ssl=1 1x, https:\/\/i0.wp.com\/webdelmaestrocmf.com\/portal\/wp-content\/uploads\/2023\/04\/A12B3C4D-9-2.jpg?resize=525%2C300&ssl=1 1.5x, https:\/\/i0.wp.com\/webdelmaestrocmf.com\/portal\/wp-content\/uploads\/2023\/04\/A12B3C4D-9-2.jpg?resize=700%2C400&ssl=1 2x"},"classes":[]},{"id":72072,"url":"https:\/\/webdelmaestrocmf.com\/portal\/baul-del-docente-canciones-de-navidad-origen-de-las-mas-populares\/","url_meta":{"origin":95653,"position":1},"title":"[Ba\u00fal del Docente] Canciones de Navidad: Origen de las m\u00e1s populares","author":"Web del Maestro CMF","date":"16 diciembre, 2021","format":false,"excerpt":"Estimados docentes: Los villancicos y canciones de Navidad nos conectan con el pasado, con nuestra infancia, con un mundo que ya no existe \u2013sin televisi\u00f3n, sin Google, sin WhatsApp-, nos hacen revivir las relaciones familiares como eran antes de la explosi\u00f3n cibern\u00e9tica, nos traen de vuelta la Navidad sin tantos\u2026","rel":"","context":"En \u00abZ-Colaboradores\u00bb","block_context":{"text":"Z-Colaboradores","link":"https:\/\/webdelmaestrocmf.com\/portal\/category\/colaborador\/"},"img":{"alt_text":"","src":"https:\/\/i0.wp.com\/webdelmaestrocmf.com\/portal\/wp-content\/uploads\/2021\/12\/1-27.jpg?resize=350%2C200&ssl=1","width":350,"height":200,"srcset":"https:\/\/i0.wp.com\/webdelmaestrocmf.com\/portal\/wp-content\/uploads\/2021\/12\/1-27.jpg?resize=350%2C200&ssl=1 1x, https:\/\/i0.wp.com\/webdelmaestrocmf.com\/portal\/wp-content\/uploads\/2021\/12\/1-27.jpg?resize=525%2C300&ssl=1 1.5x, https:\/\/i0.wp.com\/webdelmaestrocmf.com\/portal\/wp-content\/uploads\/2021\/12\/1-27.jpg?resize=700%2C400&ssl=1 2x, https:\/\/i0.wp.com\/webdelmaestrocmf.com\/portal\/wp-content\/uploads\/2021\/12\/1-27.jpg?resize=1050%2C600&ssl=1 3x"},"classes":[]},{"id":101969,"url":"https:\/\/webdelmaestrocmf.com\/portal\/baul-del-docente-por-que-celebramos-el-ano-nuevo\/","url_meta":{"origin":95653,"position":2},"title":"[Ba\u00fal del Docente] \u00bfPor qu\u00e9 celebramos el A\u00f1o Nuevo?","author":"Web del Maestro CMF","date":"28 diciembre, 2023","format":false,"excerpt":"Estimados docentes: El domingo 31 por la noche, cuando lleguen las doce, muchos de nosotros nos apuraremos en comer doce uvas para que la buena suerte nos acompa\u00f1e en cada uno de los doce meses del nuevo a\u00f1o que comienza. Otros saldremos a correr una vuelta a la manzana abrazados\u2026","rel":"","context":"En \u00abZ-Colaboradores\u00bb","block_context":{"text":"Z-Colaboradores","link":"https:\/\/webdelmaestrocmf.com\/portal\/category\/colaborador\/"},"img":{"alt_text":"","src":"https:\/\/i0.wp.com\/webdelmaestrocmf.com\/portal\/wp-content\/uploads\/2023\/12\/A12B3C4D-2-5.jpg?resize=350%2C200&ssl=1","width":350,"height":200,"srcset":"https:\/\/i0.wp.com\/webdelmaestrocmf.com\/portal\/wp-content\/uploads\/2023\/12\/A12B3C4D-2-5.jpg?resize=350%2C200&ssl=1 1x, https:\/\/i0.wp.com\/webdelmaestrocmf.com\/portal\/wp-content\/uploads\/2023\/12\/A12B3C4D-2-5.jpg?resize=525%2C300&ssl=1 1.5x, https:\/\/i0.wp.com\/webdelmaestrocmf.com\/portal\/wp-content\/uploads\/2023\/12\/A12B3C4D-2-5.jpg?resize=700%2C400&ssl=1 2x"},"classes":[]},{"id":106869,"url":"https:\/\/webdelmaestrocmf.com\/portal\/baul-del-docente-criticas-a-la-tecnologia-prevencion-o-exageraciones\/","url_meta":{"origin":95653,"position":3},"title":"[Ba\u00fal del docente] Cr\u00edticas a la tecnolog\u00eda: \u00bfPrevenci\u00f3n o exageraciones?","author":"Web del Maestro CMF","date":"9 noviembre, 2024","format":false,"excerpt":"Estimados docentes: La sobreexposici\u00f3n a las redes sociales y, en general, a las herramientas tecnol\u00f3gicas, est\u00e1 trayendo una serie de riesgos como vimos la semana pasada, relacionados a la seguridad e integridad f\u00edsica de los ciudadanos. Secuestros, extorsiones, acosos telef\u00f3nicos, abusos y estafas de toda clase, llegan unidas al uso\u2026","rel":"","context":"En \u00abZ-Colaboradores\u00bb","block_context":{"text":"Z-Colaboradores","link":"https:\/\/webdelmaestrocmf.com\/portal\/category\/colaborador\/"},"img":{"alt_text":"","src":"https:\/\/i0.wp.com\/webdelmaestrocmf.com\/portal\/wp-content\/uploads\/2024\/11\/Banner-1-portada-imagen-10-1-30.jpg?resize=350%2C200&ssl=1","width":350,"height":200,"srcset":"https:\/\/i0.wp.com\/webdelmaestrocmf.com\/portal\/wp-content\/uploads\/2024\/11\/Banner-1-portada-imagen-10-1-30.jpg?resize=350%2C200&ssl=1 1x, https:\/\/i0.wp.com\/webdelmaestrocmf.com\/portal\/wp-content\/uploads\/2024\/11\/Banner-1-portada-imagen-10-1-30.jpg?resize=525%2C300&ssl=1 1.5x, https:\/\/i0.wp.com\/webdelmaestrocmf.com\/portal\/wp-content\/uploads\/2024\/11\/Banner-1-portada-imagen-10-1-30.jpg?resize=700%2C400&ssl=1 2x"},"classes":[]},{"id":104079,"url":"https:\/\/webdelmaestrocmf.com\/portal\/baul-del-docente-campana-como-recuperamos-los-valores\/","url_meta":{"origin":95653,"position":4},"title":"[Ba\u00fal del Docente] Campa\u00f1a: \u00bfC\u00f3mo recuperamos los valores?","author":"Web del Maestro CMF","date":"19 febrero, 2024","format":false,"excerpt":"Estimados docentes: Recuperar los valores es una tarea tit\u00e1nica en el mundo entero. Las nociones de respeto, pudor, correcci\u00f3n, legalidad, lealtad y dem\u00e1s est\u00e1n, hoy en d\u00eda, devaluadas y no forman parte del proyecto de vida de grandes mayor\u00edas que han mal entendido, a trav\u00e9s de m\u00faltiples ejemplos, que no\u2026","rel":"","context":"En \u00abZ-Colaboradores\u00bb","block_context":{"text":"Z-Colaboradores","link":"https:\/\/webdelmaestrocmf.com\/portal\/category\/colaborador\/"},"img":{"alt_text":"","src":"https:\/\/i0.wp.com\/webdelmaestrocmf.com\/portal\/wp-content\/uploads\/2024\/02\/Banner-1-portada-imagen-10-1-21-1.jpg?resize=350%2C200&ssl=1","width":350,"height":200,"srcset":"https:\/\/i0.wp.com\/webdelmaestrocmf.com\/portal\/wp-content\/uploads\/2024\/02\/Banner-1-portada-imagen-10-1-21-1.jpg?resize=350%2C200&ssl=1 1x, https:\/\/i0.wp.com\/webdelmaestrocmf.com\/portal\/wp-content\/uploads\/2024\/02\/Banner-1-portada-imagen-10-1-21-1.jpg?resize=525%2C300&ssl=1 1.5x, https:\/\/i0.wp.com\/webdelmaestrocmf.com\/portal\/wp-content\/uploads\/2024\/02\/Banner-1-portada-imagen-10-1-21-1.jpg?resize=700%2C400&ssl=1 2x"},"classes":[]},{"id":104289,"url":"https:\/\/webdelmaestrocmf.com\/portal\/baul-del-docente-el-amor-en-tiempos-de-internet-y-redes\/","url_meta":{"origin":95653,"position":5},"title":"[Ba\u00fal del Docente] El amor en tiempos de internet y redes","author":"Web del Maestro CMF","date":"25 febrero, 2024","format":false,"excerpt":"Estimados docentes: Uno de los aspectos m\u00e1s delicados y trascendentales, para los docentes de Secundaria -e inclusive, en las \u00faltimas d\u00e9cadas, en el nivel Primaria tambi\u00e9n con mucha m\u00e1s fuerza que antes- es aprender a lidiar con las penas amorosas de sus alumnos. Ya sea que est\u00e9n trabajando en instituciones\u2026","rel":"","context":"En \u00abZ-Colaboradores\u00bb","block_context":{"text":"Z-Colaboradores","link":"https:\/\/webdelmaestrocmf.com\/portal\/category\/colaborador\/"},"img":{"alt_text":"","src":"https:\/\/i0.wp.com\/webdelmaestrocmf.com\/portal\/wp-content\/uploads\/2024\/02\/Banner-1-portada-imagen-10-1-51.jpg?resize=350%2C200&ssl=1","width":350,"height":200,"srcset":"https:\/\/i0.wp.com\/webdelmaestrocmf.com\/portal\/wp-content\/uploads\/2024\/02\/Banner-1-portada-imagen-10-1-51.jpg?resize=350%2C200&ssl=1 1x, https:\/\/i0.wp.com\/webdelmaestrocmf.com\/portal\/wp-content\/uploads\/2024\/02\/Banner-1-portada-imagen-10-1-51.jpg?resize=525%2C300&ssl=1 1.5x, https:\/\/i0.wp.com\/webdelmaestrocmf.com\/portal\/wp-content\/uploads\/2024\/02\/Banner-1-portada-imagen-10-1-51.jpg?resize=700%2C400&ssl=1 2x"},"classes":[]}],"_links":{"self":[{"href":"https:\/\/webdelmaestrocmf.com\/portal\/wp-json\/wp\/v2\/posts\/95653","targetHints":{"allow":["GET"]}}],"collection":[{"href":"https:\/\/webdelmaestrocmf.com\/portal\/wp-json\/wp\/v2\/posts"}],"about":[{"href":"https:\/\/webdelmaestrocmf.com\/portal\/wp-json\/wp\/v2\/types\/post"}],"author":[{"embeddable":true,"href":"https:\/\/webdelmaestrocmf.com\/portal\/wp-json\/wp\/v2\/users\/1"}],"replies":[{"embeddable":true,"href":"https:\/\/webdelmaestrocmf.com\/portal\/wp-json\/wp\/v2\/comments?post=95653"}],"version-history":[{"count":0,"href":"https:\/\/webdelmaestrocmf.com\/portal\/wp-json\/wp\/v2\/posts\/95653\/revisions"}],"wp:featuredmedia":[{"embeddable":true,"href":"https:\/\/webdelmaestrocmf.com\/portal\/wp-json\/wp\/v2\/media\/95654"}],"wp:attachment":[{"href":"https:\/\/webdelmaestrocmf.com\/portal\/wp-json\/wp\/v2\/media?parent=95653"}],"wp:term":[{"taxonomy":"category","embeddable":true,"href":"https:\/\/webdelmaestrocmf.com\/portal\/wp-json\/wp\/v2\/categories?post=95653"},{"taxonomy":"post_tag","embeddable":true,"href":"https:\/\/webdelmaestrocmf.com\/portal\/wp-json\/wp\/v2\/tags?post=95653"}],"curies":[{"name":"wp","href":"https:\/\/api.w.org\/{rel}","templated":true}]}}