{"id":95412,"date":"2023-09-20T21:18:36","date_gmt":"2023-09-21T00:18:36","guid":{"rendered":"https:\/\/webdelmaestrocmf.com\/portal\/?p=95412"},"modified":"2023-09-21T11:04:11","modified_gmt":"2023-09-21T14:04:11","slug":"cuadernillo-de-matematicas-para-preescolar-o-primer-grado","status":"publish","type":"post","link":"https:\/\/webdelmaestrocmf.com\/portal\/cuadernillo-de-matematicas-para-preescolar-o-primer-grado\/","title":{"rendered":"Cuadernillo de matem\u00e1ticas para Preescolar o Primer grado"},"content":{"rendered":"<p style=\"text-align: justify;\"><strong>La ense\u00f1anza de las matem\u00e1ticas a los m\u00e1s peque\u00f1os es un proceso fundamental para su desarrollo cognitivo y su preparaci\u00f3n acad\u00e9mica. Para facilitar esta importante labor, presentamos el \u00abCuadernillo de Matem\u00e1ticas para Preescolar o Primer Grado\u00bb.<\/strong> <!--more--><\/p>\n<p style=\"text-align: justify;\">Este completo recurso educativo ofrece una amplia gama de actividades y ejercicios dise\u00f1ados espec\u00edficamente para ayudar a los ni\u00f1os a explorar y dominar conceptos matem\u00e1ticos esenciales de una manera divertida y efectiva.<\/p>\n<h5 style=\"text-align: justify;\"><strong>Descubriendo el Fascinante Mundo de los N\u00fameros<\/strong><\/h5>\n<p style=\"text-align: justify;\">El cuadernillo comienza con una introducci\u00f3n amena a los n\u00fameros del 1 al 20. Esta secci\u00f3n les brinda a los ni\u00f1os la oportunidad de familiarizarse con los n\u00fameros y aprender a reconocerlos de manera gradual y entretenida.<\/p>\n<h5 style=\"text-align: justify;\"><strong>Desarrollando Habilidades de Conteo<\/strong><\/h5>\n<p style=\"text-align: justify;\">Uno de los aspectos m\u00e1s cruciales de las matem\u00e1ticas en las primeras etapas de la educaci\u00f3n es la habilidad para contar. Nuestro cuadernillo incluye una serie de ejercicios dise\u00f1ados para desarrollar la capacidad de contar objetos y cantidades, lo que sienta las bases para futuros conceptos matem\u00e1ticos.<\/p>\n<h5 style=\"text-align: justify;\"><strong>Sumando y Restando de Forma Divertida<\/strong><\/h5>\n<p style=\"text-align: justify;\">La suma y la resta son operaciones b\u00e1sicas que forman parte integral de las matem\u00e1ticas. A trav\u00e9s de actividades l\u00fadicas y sencillas, los ni\u00f1os explorar\u00e1n y se familiarizar\u00e1n con estas operaciones, lo que les ayudar\u00e1 a comprender conceptos matem\u00e1ticos m\u00e1s avanzados en el futuro.<\/p>\n<h5 style=\"text-align: justify;\"><strong>Explorando Conceptos Espaciales y de Secuencia<\/strong><\/h5>\n<p style=\"text-align: justify;\">Nuestro cuadernillo tambi\u00e9n incluye actividades dise\u00f1adas para ayudar a los ni\u00f1os a comprender conceptos espaciales y de secuencia. A trav\u00e9s de ejercicios relacionados con \u00abAntes y Despu\u00e9s\u00bb, \u00abN\u00famero Mayor y Menor\u00bb, \u00abDentro y Fuera\u00bb, \u00abArriba y Abajo\u00bb y \u00abAbierto y Cerrado\u00bb, los ni\u00f1os aprender\u00e1n a comprender la posici\u00f3n relativa de los objetos y a diferenciar entre estados y ubicaciones.<\/p>\n<h5 style=\"text-align: justify;\"><strong>Reconociendo Formas y Patrones<\/strong><\/h5>\n<p style=\"text-align: justify;\">La secci\u00f3n de \u00abFiguras Geom\u00e9tricas\u00bb permitir\u00e1 a los ni\u00f1os reconocer y nombrar formas b\u00e1sicas como c\u00edrculos, cuadrados, tri\u00e1ngulos y m\u00e1s. Adem\u00e1s, los ejercicios de \u00abPatrones\u00bb ayudar\u00e1n a desarrollar habilidades de secuenciaci\u00f3n y reconocimiento de patrones, fomentando as\u00ed el pensamiento l\u00f3gico y la resoluci\u00f3n de problemas.<\/p>\n<p style=\"text-align: justify;\">Este Cuadernillo de Matem\u00e1ticas es una herramienta valiosa para docentes y padres comprometidos con el aprendizaje de los ni\u00f1os. Proporciona una estructura s\u00f3lida para el desarrollo de habilidades matem\u00e1ticas esenciales en las primeras etapas de la educaci\u00f3n. Con su enfoque divertido y variado, este recurso educativo es un compa\u00f1ero ideal para el viaje de exploraci\u00f3n matem\u00e1tica de los ni\u00f1os en preescolar o primer grado. \u00a1Descarga y comparte este cuadernillo y comienza a construir un s\u00f3lido fundamento matem\u00e1tico en los corazones y mentes de nuestros j\u00f3venes aprendices!<\/p>\n<p><img loading=\"lazy\" decoding=\"async\" class=\"alignnone size-full wp-image-95413\" src=\"https:\/\/webdelmaestrocmf.com\/portal\/wp-content\/uploads\/2023\/09\/AF6QYNmoW0AA4t6-9.jpg\" alt=\"matem\u00e1ticas para Preescolar o Primer grado\" width=\"800\" height=\"418\" srcset=\"https:\/\/webdelmaestrocmf.com\/portal\/wp-content\/uploads\/2023\/09\/AF6QYNmoW0AA4t6-9.jpg 800w, https:\/\/webdelmaestrocmf.com\/portal\/wp-content\/uploads\/2023\/09\/AF6QYNmoW0AA4t6-9-300x157.jpg 300w, https:\/\/webdelmaestrocmf.com\/portal\/wp-content\/uploads\/2023\/09\/AF6QYNmoW0AA4t6-9-768x401.jpg 768w, https:\/\/webdelmaestrocmf.com\/portal\/wp-content\/uploads\/2023\/09\/AF6QYNmoW0AA4t6-9-380x199.jpg 380w, https:\/\/webdelmaestrocmf.com\/portal\/wp-content\/uploads\/2023\/09\/AF6QYNmoW0AA4t6-9-550x287.jpg 550w\" sizes=\"auto, (max-width: 800px) 100vw, 800px\" \/><\/p>\n<p style=\"text-align: right;\"><strong>REDACCI\u00d3N WEB DEL MAESTRO CMF\u00a0<\/strong><\/p>\n<p style=\"text-align: center;\">Recomendamos a la Comunidad Educativa Digital tener en cuenta que, el enlace y\/o la carpeta en donde est\u00e1n alojados los libros, recursos y\/o materiales, no es administrado por la Web del Maestro CMF, pueda ser que en cuesti\u00f3n de d\u00edas (o seg\u00fan el tiempo transcurrido desde su publicaci\u00f3n), los enlaces no funcionen y el material ya no se encuentre disponible. Gracias por su comprensi\u00f3n.<\/p>\n<p style=\"text-align: center;\"><strong>ENLACE DE LECTURA:<\/strong>\u00a0<a href=\"https:\/\/mega.nz\/folder\/DqJDTLwT#UOTVtyZkQeNPlxsHq7CN1Q\" target=\"_blank\" rel=\"noopener\">CUADERNILLO DE MATEM\u00c1TICAS PARA PREESCOLAR O PRIMER GRADO<\/a><\/p>\n<p style=\"text-align: center;\"><strong>Si te sirvi\u00f3 el material, ap\u00f3yanos con un clic. Nos ayudar\u00e1 a mantener el servicio. \u00a1Comparte y as\u00ed m\u00e1s docentes utilizar\u00e1n estos recursos gratis! Muchas gracias.<\/strong><\/p>\n<p><img decoding=\"async\" src=\"https:\/\/webdelmaestrocmf.com\/portal\/wp-content\/uploads\/2023\/04\/banner_des.png\" \/><\/p>\n\t\t<div class=\"pk-inline-posts\">\n\t\t\t\n\t\t\t<div class=\"pk-inline-posts-container pk-inline-posts-template-list\"\n\t\t\t\tdata-columns=\"1\">\n\t\t\t\t\t\t<article id=\"post-85962\" class=\"post-85962 post type-post status-publish format-standard has-post-thumbnail category-matematica category-pedagogia tag-cuadernillo tag-division tag-multiplicacion cs-entry cs-video-wrap\">\n\t\t\t<div class=\"pk-post-outer\">\n\n\t\t\t\t\t\t\t\t<div class=\"pk-post-inner\">\n\t\t\t\t\t<div class=\"entry-thumbnail\">\n\t\t\t\t\t\t<div class=\"pk-overlay pk-overlay-ratio pk-ratio-landscape\">\n\t\t\t\t\t\t\t<div class=\"pk-overlay-background\">\n\t\t\t\t\t\t\t\t<a href=\"https:\/\/webdelmaestrocmf.com\/portal\/cuadernillo-de-multiplicacion-y-division\/\" class=\"pk-overlay-link\">\n\t\t\t\t\t\t\t\t\t<img loading=\"lazy\" decoding=\"async\" width=\"300\" height=\"225\" src=\"https:\/\/webdelmaestrocmf.com\/portal\/wp-content\/uploads\/2026\/04\/1AA-Banner-1-portada-imagen-10-1-copia-22-300x225.webp\" class=\"attachment-pk-thumbnail size-pk-thumbnail wp-post-image\" alt=\"\" \/>\t\t\t\t\t\t\t\t<\/a>\n\t\t\t\t\t\t\t<\/div>\n\t\t\t\t\t\t<\/div>\n\t\t\t\t\t<\/div>\n\t\t\t\t<\/div>\n\t\t\t\t\n\t\t\t\t<div class=\"pk-post-inner\">\n\t\t\t\t\t<header>\n\t\t\t\t\t\t<h3 class=\"pk-title\"><a href=\"https:\/\/webdelmaestrocmf.com\/portal\/cuadernillo-de-multiplicacion-y-division\/\" rel=\"bookmark\">Cuadernillo de multiplicaci\u00f3n y divisi\u00f3n: Descarga las fichas de Problemas de multiplicaciones, divisiones y porcentajes<\/a><\/h3>\t\t\t\t\t<\/header><!-- .entry-header -->\n\t\t\t\t<\/div><!-- .post-inner -->\n\n\t\t\t<\/div><!-- .post-outer -->\n\t\t<\/article>\n\t\t\t<article id=\"post-96416\" class=\"post-96416 post type-post status-publish format-standard has-post-thumbnail category-cuadernillos category-matematica category-pedagogia tag-algoritmo-de-division tag-alumnos-de-primaria tag-aplicacion-practica tag-aprendizaje tag-aprendizaje-divertido tag-comprension-matematica tag-conceptos-basicos tag-conceptos-de-division tag-conceptos-matematicos tag-cuadernillo-de-ejercicios tag-cuadernillo-de-matematicas tag-division-exacta tag-division-inexacta tag-divisiones tag-educacion-primaria tag-ejercicios-de-matematicas tag-ejercicios-de-practica tag-ejercicios-practicos tag-ensenanza-de-las-divisiones tag-estrategias-de-ensenanza tag-habilidades-matematicas tag-matematicas tag-matematicas-para-ninos tag-numeros-de-dos-digitos tag-operaciones-matematicas tag-practica-matematica tag-primer-ano tag-resolucion-de-problemas tag-resolucion-de-problemas-matematicos tag-segundo-ano cs-entry cs-video-wrap\">\n\t\t\t<div class=\"pk-post-outer\">\n\n\t\t\t\t\t\t\t\t<div class=\"pk-post-inner\">\n\t\t\t\t\t<div class=\"entry-thumbnail\">\n\t\t\t\t\t\t<div class=\"pk-overlay pk-overlay-ratio pk-ratio-landscape\">\n\t\t\t\t\t\t\t<div class=\"pk-overlay-background\">\n\t\t\t\t\t\t\t\t<a href=\"https:\/\/webdelmaestrocmf.com\/portal\/cuadernillo-de-divisiones-para-primer-y-segundo-ano-de-primaria\/\" class=\"pk-overlay-link\">\n\t\t\t\t\t\t\t\t\t<img loading=\"lazy\" decoding=\"async\" width=\"300\" height=\"225\" src=\"https:\/\/webdelmaestrocmf.com\/portal\/wp-content\/uploads\/2023\/10\/1AA-Banner-1-portada-imagen-10-1-copia-29-300x225.webp\" class=\"attachment-pk-thumbnail size-pk-thumbnail wp-post-image\" alt=\"\" \/>\t\t\t\t\t\t\t\t<\/a>\n\t\t\t\t\t\t\t<\/div>\n\t\t\t\t\t\t<\/div>\n\t\t\t\t\t<\/div>\n\t\t\t\t<\/div>\n\t\t\t\t\n\t\t\t\t<div class=\"pk-post-inner\">\n\t\t\t\t\t<header>\n\t\t\t\t\t\t<h3 class=\"pk-title\"><a href=\"https:\/\/webdelmaestrocmf.com\/portal\/cuadernillo-de-divisiones-para-primer-y-segundo-ano-de-primaria\/\" rel=\"bookmark\">Cuadernillo de divisiones para Primer y Segundo a\u00f1o de primaria<\/a><\/h3>\t\t\t\t\t<\/header><!-- .entry-header -->\n\t\t\t\t<\/div><!-- .post-inner -->\n\n\t\t\t<\/div><!-- .post-outer -->\n\t\t<\/article>\n\t\t\t<article id=\"post-102862\" class=\"post-102862 post type-post status-publish format-standard has-post-thumbnail category-matematica category-pensamiento-lateral category-pedagogia tag-cual tag-importancia tag-lateral tag-pensamiento cs-entry cs-video-wrap\">\n\t\t\t<div class=\"pk-post-outer\">\n\n\t\t\t\t\t\t\t\t<div class=\"pk-post-inner\">\n\t\t\t\t\t<div class=\"entry-thumbnail\">\n\t\t\t\t\t\t<div class=\"pk-overlay pk-overlay-ratio pk-ratio-landscape\">\n\t\t\t\t\t\t\t<div class=\"pk-overlay-background\">\n\t\t\t\t\t\t\t\t<a href=\"https:\/\/webdelmaestrocmf.com\/portal\/que-es-el-pensamiento-lateral-y-cual-es-su-importancia\/\" class=\"pk-overlay-link\">\n\t\t\t\t\t\t\t\t\t<img loading=\"lazy\" decoding=\"async\" width=\"300\" height=\"225\" src=\"https:\/\/webdelmaestrocmf.com\/portal\/wp-content\/uploads\/2024\/01\/Banner-1-portada-imagen-10-50-300x225.jpg\" class=\"attachment-pk-thumbnail size-pk-thumbnail wp-post-image\" alt=\"Pensamiento lateral\" \/>\t\t\t\t\t\t\t\t<\/a>\n\t\t\t\t\t\t\t<\/div>\n\t\t\t\t\t\t<\/div>\n\t\t\t\t\t<\/div>\n\t\t\t\t<\/div>\n\t\t\t\t\n\t\t\t\t<div class=\"pk-post-inner\">\n\t\t\t\t\t<header>\n\t\t\t\t\t\t<h3 class=\"pk-title\"><a href=\"https:\/\/webdelmaestrocmf.com\/portal\/que-es-el-pensamiento-lateral-y-cual-es-su-importancia\/\" rel=\"bookmark\">Qu\u00e9 es el pensamiento lateral y cu\u00e1l es su importancia: descarga las dos gu\u00edas y un libro<\/a><\/h3>\t\t\t\t\t<\/header><!-- .entry-header -->\n\t\t\t\t<\/div><!-- .post-inner -->\n\n\t\t\t<\/div><!-- .post-outer -->\n\t\t<\/article>\n\t\t\t\t<\/div>\n\t\t<\/div>\n\t\t\n","protected":false},"excerpt":{"rendered":"La ense\u00f1anza de las matem\u00e1ticas a los m\u00e1s peque\u00f1os es un proceso fundamental para su desarrollo cognitivo y&hellip;","protected":false},"author":1,"featured_media":95415,"comment_status":"open","ping_status":"closed","sticky":false,"template":"","format":"standard","meta":{"csco_display_header_overlay":false,"csco_singular_sidebar":"","csco_page_header_type":"","csco_page_load_nextpost":"","csco_post_video_location":[],"csco_post_video_location_hash":"","csco_post_video_url":"","csco_post_video_bg_start_time":0,"csco_post_video_bg_end_time":0,"csco_post_video_bg_volume":false,"_jetpack_memberships_contains_paid_content":false,"footnotes":""},"categories":[13814,14325,735],"tags":[15424,21082,1851,18513,21084,17546,21081,20075,16760,20150,15996,18980,17248,20930,18529,21086,20546,21087,20151,17543,577,18537,18527,20905,21085,19417,14756,19817,21083],"class_list":{"0":"post-95412","1":"post","2":"type-post","3":"status-publish","4":"format-standard","5":"has-post-thumbnail","7":"category-cuadernillos","8":"category-matematica","9":"category-pedagogia","10":"tag-actividades-educativas","11":"tag-aprendizaje-de-numeros","12":"tag-aprendizaje-divertido","13":"tag-aprendizaje-temprano","14":"tag-conceptos-espaciales","15":"tag-conceptos-matematicos","16":"tag-cuadernillo-de-matematicas","17":"tag-cuaderno-de-ejercicios","18":"tag-desarrollo-cognitivo","19":"tag-desarrollo-matematico","20":"tag-educacion-infantil","21":"tag-educacion-preescolar","22":"tag-educacion-primaria","23":"tag-ensenanza-de-matematicas","24":"tag-exploracion-matematica","25":"tag-exploracion-numerica","26":"tag-figuras-geometricas","27":"tag-fundamentos-matematicos","28":"tag-habilidades-de-conteo","29":"tag-habilidades-matematicas","30":"tag-matematicas","31":"tag-patrones-matematicos","32":"tag-pensamiento-logico","33":"tag-primer-grado","34":"tag-reconocimiento-de-formas","35":"tag-recursos-para-docentes","36":"tag-resolucion-de-problemas","37":"tag-secuencia-numerica","38":"tag-suma-y-resta","39":"cs-entry","40":"cs-video-wrap"},"yoast_head":"<!-- This site is optimized with the Yoast SEO plugin v27.5 - https:\/\/yoast.com\/product\/yoast-seo-wordpress\/ -->\n<title>Cuadernillo de matem\u00e1ticas para Preescolar o Primer grado - 2026<\/title>\n<meta name=\"description\" content=\"La ense\u00f1anza de las matem\u00e1ticas a los m\u00e1s peque\u00f1os es un proceso fundamental para su desarrollo cognitivo y su preparaci\u00f3n acad\u00e9mica.\" \/>\n<meta name=\"robots\" content=\"index, follow, max-snippet:-1, max-image-preview:large, max-video-preview:-1\" \/>\n<link rel=\"canonical\" href=\"https:\/\/webdelmaestrocmf.com\/portal\/cuadernillo-de-matematicas-para-preescolar-o-primer-grado\/\" \/>\n<meta property=\"og:locale\" content=\"es_ES\" \/>\n<meta property=\"og:type\" content=\"article\" \/>\n<meta property=\"og:title\" content=\"Cuadernillo de matem\u00e1ticas para Preescolar o Primer grado - 2026\" \/>\n<meta property=\"og:description\" content=\"La ense\u00f1anza de las matem\u00e1ticas a los m\u00e1s peque\u00f1os es un proceso fundamental para su desarrollo cognitivo y su preparaci\u00f3n acad\u00e9mica.\" \/>\n<meta property=\"og:url\" content=\"https:\/\/webdelmaestrocmf.com\/portal\/cuadernillo-de-matematicas-para-preescolar-o-primer-grado\/\" \/>\n<meta property=\"og:site_name\" content=\"Web del Maestro CMF\" \/>\n<meta property=\"article:publisher\" content=\"https:\/\/www.facebook.com\/WebdelMaestroCMF\/\" \/>\n<meta property=\"article:author\" content=\"https:\/\/www.facebook.com\/WebdelMaestroCMF\/\" \/>\n<meta property=\"article:published_time\" content=\"2023-09-21T00:18:36+00:00\" \/>\n<meta property=\"article:modified_time\" content=\"2023-09-21T14:04:11+00:00\" \/>\n<meta property=\"og:image\" content=\"https:\/\/i0.wp.com\/webdelmaestrocmf.com\/portal\/wp-content\/uploads\/2023\/09\/A12B3C4D-19-1.jpg?fit=900%2C556&ssl=1\" \/>\n\t<meta property=\"og:image:width\" content=\"900\" \/>\n\t<meta property=\"og:image:height\" content=\"556\" \/>\n\t<meta property=\"og:image:type\" content=\"image\/jpeg\" \/>\n<meta name=\"author\" content=\"Web del Maestro CMF\" \/>\n<meta name=\"twitter:card\" content=\"summary_large_image\" \/>\n<meta name=\"twitter:creator\" content=\"@cmf_w\" \/>\n<meta name=\"twitter:site\" content=\"@cmf_w\" \/>\n<script type=\"application\/ld+json\" class=\"yoast-schema-graph\">{\"@context\":\"https:\\\/\\\/schema.org\",\"@graph\":[{\"@type\":\"ScholarlyArticle\",\"@id\":\"https:\\\/\\\/webdelmaestrocmf.com\\\/portal\\\/cuadernillo-de-matematicas-para-preescolar-o-primer-grado\\\/#article\",\"isPartOf\":{\"@id\":\"https:\\\/\\\/webdelmaestrocmf.com\\\/portal\\\/cuadernillo-de-matematicas-para-preescolar-o-primer-grado\\\/\"},\"author\":{\"name\":\"Web del Maestro CMF\",\"@id\":\"https:\\\/\\\/webdelmaestrocmf.com\\\/portal\\\/#\\\/schema\\\/person\\\/1072a2ed7bd960df8ef99a551fa35dc5\"},\"headline\":\"Cuadernillo de matem\u00e1ticas para Preescolar o Primer grado\",\"datePublished\":\"2023-09-21T00:18:36+00:00\",\"dateModified\":\"2023-09-21T14:04:11+00:00\",\"mainEntityOfPage\":{\"@id\":\"https:\\\/\\\/webdelmaestrocmf.com\\\/portal\\\/cuadernillo-de-matematicas-para-preescolar-o-primer-grado\\\/\"},\"wordCount\":606,\"commentCount\":2,\"publisher\":{\"@id\":\"https:\\\/\\\/webdelmaestrocmf.com\\\/portal\\\/#organization\"},\"image\":{\"@id\":\"https:\\\/\\\/webdelmaestrocmf.com\\\/portal\\\/cuadernillo-de-matematicas-para-preescolar-o-primer-grado\\\/#primaryimage\"},\"thumbnailUrl\":\"https:\\\/\\\/webdelmaestrocmf.com\\\/portal\\\/wp-content\\\/uploads\\\/2023\\\/09\\\/A12B3C4D-19-1.jpg\",\"keywords\":[\"Actividades educativas\",\"Aprendizaje de N\u00fameros\",\"APRENDIZAJE DIVERTIDO\",\"Aprendizaje temprano\",\"Conceptos Espaciales\",\"conceptos matem\u00e1ticos\",\"Cuadernillo de Matem\u00e1ticas\",\"Cuaderno de Ejercicios\",\"desarrollo cognitivo\",\"Desarrollo matem\u00e1tico\",\"educaci\u00f3n infantil\",\"Educaci\u00f3n preescolar\",\"educaci\u00f3n primaria\",\"Ense\u00f1anza de Matem\u00e1ticas\",\"exploraci\u00f3n matem\u00e1tica\",\"Exploraci\u00f3n Num\u00e9rica\",\"Figuras geom\u00e9tricas\",\"Fundamentos Matem\u00e1ticos\",\"Habilidades de conteo\",\"habilidades matem\u00e1ticas\",\"matem\u00e1ticas\",\"patrones matem\u00e1ticos\",\"pensamiento l\u00f3gico\",\"Primer grado\",\"Reconocimiento de Formas\",\"Recursos para docentes\",\"resoluci\u00f3n de problemas\",\"Secuencia num\u00e9rica\",\"Suma y Resta\"],\"articleSection\":[\"Cuadernillos\",\"Matem\u00e1tica\",\"Recursos\"],\"inLanguage\":\"es\",\"potentialAction\":[{\"@type\":\"CommentAction\",\"name\":\"Comment\",\"target\":[\"https:\\\/\\\/webdelmaestrocmf.com\\\/portal\\\/cuadernillo-de-matematicas-para-preescolar-o-primer-grado\\\/#respond\"]}]},{\"@type\":\"WebPage\",\"@id\":\"https:\\\/\\\/webdelmaestrocmf.com\\\/portal\\\/cuadernillo-de-matematicas-para-preescolar-o-primer-grado\\\/\",\"url\":\"https:\\\/\\\/webdelmaestrocmf.com\\\/portal\\\/cuadernillo-de-matematicas-para-preescolar-o-primer-grado\\\/\",\"name\":\"Cuadernillo de matem\u00e1ticas para Preescolar o Primer grado - 2026\",\"isPartOf\":{\"@id\":\"https:\\\/\\\/webdelmaestrocmf.com\\\/portal\\\/#website\"},\"primaryImageOfPage\":{\"@id\":\"https:\\\/\\\/webdelmaestrocmf.com\\\/portal\\\/cuadernillo-de-matematicas-para-preescolar-o-primer-grado\\\/#primaryimage\"},\"image\":{\"@id\":\"https:\\\/\\\/webdelmaestrocmf.com\\\/portal\\\/cuadernillo-de-matematicas-para-preescolar-o-primer-grado\\\/#primaryimage\"},\"thumbnailUrl\":\"https:\\\/\\\/webdelmaestrocmf.com\\\/portal\\\/wp-content\\\/uploads\\\/2023\\\/09\\\/A12B3C4D-19-1.jpg\",\"datePublished\":\"2023-09-21T00:18:36+00:00\",\"dateModified\":\"2023-09-21T14:04:11+00:00\",\"description\":\"La ense\u00f1anza de las matem\u00e1ticas a los m\u00e1s peque\u00f1os es un proceso fundamental para su desarrollo cognitivo y su preparaci\u00f3n acad\u00e9mica.\",\"breadcrumb\":{\"@id\":\"https:\\\/\\\/webdelmaestrocmf.com\\\/portal\\\/cuadernillo-de-matematicas-para-preescolar-o-primer-grado\\\/#breadcrumb\"},\"inLanguage\":\"es\",\"potentialAction\":[{\"@type\":\"ReadAction\",\"target\":[\"https:\\\/\\\/webdelmaestrocmf.com\\\/portal\\\/cuadernillo-de-matematicas-para-preescolar-o-primer-grado\\\/\"]}]},{\"@type\":\"ImageObject\",\"inLanguage\":\"es\",\"@id\":\"https:\\\/\\\/webdelmaestrocmf.com\\\/portal\\\/cuadernillo-de-matematicas-para-preescolar-o-primer-grado\\\/#primaryimage\",\"url\":\"https:\\\/\\\/webdelmaestrocmf.com\\\/portal\\\/wp-content\\\/uploads\\\/2023\\\/09\\\/A12B3C4D-19-1.jpg\",\"contentUrl\":\"https:\\\/\\\/webdelmaestrocmf.com\\\/portal\\\/wp-content\\\/uploads\\\/2023\\\/09\\\/A12B3C4D-19-1.jpg\",\"width\":900,\"height\":556,\"caption\":\"matem\u00e1ticas para Preescolar o Primer grado\"},{\"@type\":\"BreadcrumbList\",\"@id\":\"https:\\\/\\\/webdelmaestrocmf.com\\\/portal\\\/cuadernillo-de-matematicas-para-preescolar-o-primer-grado\\\/#breadcrumb\",\"itemListElement\":[{\"@type\":\"ListItem\",\"position\":1,\"name\":\"Portada\",\"item\":\"https:\\\/\\\/webdelmaestrocmf.com\\\/portal\\\/\"},{\"@type\":\"ListItem\",\"position\":2,\"name\":\"Recursos\",\"item\":\"https:\\\/\\\/webdelmaestrocmf.com\\\/portal\\\/category\\\/pedagogia\\\/\"},{\"@type\":\"ListItem\",\"position\":3,\"name\":\"Cuadernillo de matem\u00e1ticas para Preescolar o Primer grado\"}]},{\"@type\":\"WebSite\",\"@id\":\"https:\\\/\\\/webdelmaestrocmf.com\\\/portal\\\/#website\",\"url\":\"https:\\\/\\\/webdelmaestrocmf.com\\\/portal\\\/\",\"name\":\"Web del Maestro CMF\",\"description\":\"Maestros al servicio de la educaci\u00f3n\",\"publisher\":{\"@id\":\"https:\\\/\\\/webdelmaestrocmf.com\\\/portal\\\/#organization\"},\"alternateName\":\"WMCMF\",\"potentialAction\":[{\"@type\":\"SearchAction\",\"target\":{\"@type\":\"EntryPoint\",\"urlTemplate\":\"https:\\\/\\\/webdelmaestrocmf.com\\\/portal\\\/?s={search_term_string}\"},\"query-input\":{\"@type\":\"PropertyValueSpecification\",\"valueRequired\":true,\"valueName\":\"search_term_string\"}}],\"inLanguage\":\"es\"},{\"@type\":\"Organization\",\"@id\":\"https:\\\/\\\/webdelmaestrocmf.com\\\/portal\\\/#organization\",\"name\":\"Web del Maestro CMF\",\"alternateName\":\"WMCMF\",\"url\":\"https:\\\/\\\/webdelmaestrocmf.com\\\/portal\\\/\",\"logo\":{\"@type\":\"ImageObject\",\"inLanguage\":\"es\",\"@id\":\"https:\\\/\\\/webdelmaestrocmf.com\\\/portal\\\/#\\\/schema\\\/logo\\\/image\\\/\",\"url\":\"https:\\\/\\\/webdelmaestrocmf.com\\\/portal\\\/wp-content\\\/uploads\\\/2023\\\/01\\\/logo-wmcmf-2.png\",\"contentUrl\":\"https:\\\/\\\/webdelmaestrocmf.com\\\/portal\\\/wp-content\\\/uploads\\\/2023\\\/01\\\/logo-wmcmf-2.png\",\"width\":200,\"height\":60,\"caption\":\"Web del Maestro CMF\"},\"image\":{\"@id\":\"https:\\\/\\\/webdelmaestrocmf.com\\\/portal\\\/#\\\/schema\\\/logo\\\/image\\\/\"},\"sameAs\":[\"https:\\\/\\\/www.facebook.com\\\/WebdelMaestroCMF\\\/\",\"https:\\\/\\\/x.com\\\/cmf_w\",\"https:\\\/\\\/www.pinterest.com\\\/WMCMF\\\/\",\"https:\\\/\\\/www.linkedin.com\\\/company\\\/web-del-maestro-cmf\\\/\",\"https:\\\/\\\/www.instagram.com\\\/wmcmf\\\/\",\"https:\\\/\\\/www.youtube.com\\\/channel\\\/UCDPSvjbdodE5sHnC3OxutHw\",\"https:\\\/\\\/mastodon.social\\\/@wmcmf\",\"https:\\\/\\\/www.tiktok.com\\\/@webdelmaestrocmf\"]},{\"@type\":\"Person\",\"@id\":\"https:\\\/\\\/webdelmaestrocmf.com\\\/portal\\\/#\\\/schema\\\/person\\\/1072a2ed7bd960df8ef99a551fa35dc5\",\"name\":\"Web del Maestro CMF\",\"image\":{\"@type\":\"ImageObject\",\"inLanguage\":\"es\",\"@id\":\"https:\\\/\\\/secure.gravatar.com\\\/avatar\\\/23291dd5b5ae1077dcff3dbb04c3e02bd28403fa75af6d8787d5e97c5bbbe30b?s=96&d=mm&r=g\",\"url\":\"https:\\\/\\\/secure.gravatar.com\\\/avatar\\\/23291dd5b5ae1077dcff3dbb04c3e02bd28403fa75af6d8787d5e97c5bbbe30b?s=96&d=mm&r=g\",\"contentUrl\":\"https:\\\/\\\/secure.gravatar.com\\\/avatar\\\/23291dd5b5ae1077dcff3dbb04c3e02bd28403fa75af6d8787d5e97c5bbbe30b?s=96&d=mm&r=g\",\"caption\":\"Web del Maestro CMF\"},\"description\":\"Esta Web se cre\u00f3 sin fines de lucro, con fines educativos, cient\u00edficos y acad\u00e9micos, para personas que tengan dificultades y\\\/o inconvenientes en visualizar el material original. El objetivo es entregar recursos, compartir experiencias y materiales que ayuden a los padres de familia, maestros y estudiantes en su actualizaci\u00f3n y formaci\u00f3n permanente, en bien de la Educaci\u00f3n.\",\"sameAs\":[\"http:\\\/\\\/webdelmaestrocmf.com\\\/portal\",\"https:\\\/\\\/www.facebook.com\\\/WebdelMaestroCMF\\\/\",\"https:\\\/\\\/www.instagram.com\\\/wmcmf\\\/\",\"https:\\\/\\\/cl.linkedin.com\\\/company\\\/web-del-maestro-cmf\",\"https:\\\/\\\/www.pinterest.com\\\/WMCMF\\\/publicaciones\\\/\",\"https:\\\/\\\/x.com\\\/cmf_w\",\"https:\\\/\\\/www.youtube.com\\\/@WMCMF\"]}]}<\/script>\n<!-- \/ Yoast SEO plugin. -->","yoast_head_json":{"title":"Cuadernillo de matem\u00e1ticas para Preescolar o Primer grado - 2026","description":"La ense\u00f1anza de las matem\u00e1ticas a los m\u00e1s peque\u00f1os es un proceso fundamental para su desarrollo cognitivo y su preparaci\u00f3n acad\u00e9mica.","robots":{"index":"index","follow":"follow","max-snippet":"max-snippet:-1","max-image-preview":"max-image-preview:large","max-video-preview":"max-video-preview:-1"},"canonical":"https:\/\/webdelmaestrocmf.com\/portal\/cuadernillo-de-matematicas-para-preescolar-o-primer-grado\/","og_locale":"es_ES","og_type":"article","og_title":"Cuadernillo de matem\u00e1ticas para Preescolar o Primer grado - 2026","og_description":"La ense\u00f1anza de las matem\u00e1ticas a los m\u00e1s peque\u00f1os es un proceso fundamental para su desarrollo cognitivo y su preparaci\u00f3n acad\u00e9mica.","og_url":"https:\/\/webdelmaestrocmf.com\/portal\/cuadernillo-de-matematicas-para-preescolar-o-primer-grado\/","og_site_name":"Web del Maestro CMF","article_publisher":"https:\/\/www.facebook.com\/WebdelMaestroCMF\/","article_author":"https:\/\/www.facebook.com\/WebdelMaestroCMF\/","article_published_time":"2023-09-21T00:18:36+00:00","article_modified_time":"2023-09-21T14:04:11+00:00","og_image":[{"width":900,"height":556,"url":"https:\/\/i0.wp.com\/webdelmaestrocmf.com\/portal\/wp-content\/uploads\/2023\/09\/A12B3C4D-19-1.jpg?fit=900%2C556&ssl=1","type":"image\/jpeg"}],"author":"Web del Maestro CMF","twitter_card":"summary_large_image","twitter_creator":"@cmf_w","twitter_site":"@cmf_w","schema":{"@context":"https:\/\/schema.org","@graph":[{"@type":"ScholarlyArticle","@id":"https:\/\/webdelmaestrocmf.com\/portal\/cuadernillo-de-matematicas-para-preescolar-o-primer-grado\/#article","isPartOf":{"@id":"https:\/\/webdelmaestrocmf.com\/portal\/cuadernillo-de-matematicas-para-preescolar-o-primer-grado\/"},"author":{"name":"Web del Maestro CMF","@id":"https:\/\/webdelmaestrocmf.com\/portal\/#\/schema\/person\/1072a2ed7bd960df8ef99a551fa35dc5"},"headline":"Cuadernillo de matem\u00e1ticas para Preescolar o Primer grado","datePublished":"2023-09-21T00:18:36+00:00","dateModified":"2023-09-21T14:04:11+00:00","mainEntityOfPage":{"@id":"https:\/\/webdelmaestrocmf.com\/portal\/cuadernillo-de-matematicas-para-preescolar-o-primer-grado\/"},"wordCount":606,"commentCount":2,"publisher":{"@id":"https:\/\/webdelmaestrocmf.com\/portal\/#organization"},"image":{"@id":"https:\/\/webdelmaestrocmf.com\/portal\/cuadernillo-de-matematicas-para-preescolar-o-primer-grado\/#primaryimage"},"thumbnailUrl":"https:\/\/webdelmaestrocmf.com\/portal\/wp-content\/uploads\/2023\/09\/A12B3C4D-19-1.jpg","keywords":["Actividades educativas","Aprendizaje de N\u00fameros","APRENDIZAJE DIVERTIDO","Aprendizaje temprano","Conceptos Espaciales","conceptos matem\u00e1ticos","Cuadernillo de Matem\u00e1ticas","Cuaderno de Ejercicios","desarrollo cognitivo","Desarrollo matem\u00e1tico","educaci\u00f3n infantil","Educaci\u00f3n preescolar","educaci\u00f3n primaria","Ense\u00f1anza de Matem\u00e1ticas","exploraci\u00f3n matem\u00e1tica","Exploraci\u00f3n Num\u00e9rica","Figuras geom\u00e9tricas","Fundamentos Matem\u00e1ticos","Habilidades de conteo","habilidades matem\u00e1ticas","matem\u00e1ticas","patrones matem\u00e1ticos","pensamiento l\u00f3gico","Primer grado","Reconocimiento de Formas","Recursos para docentes","resoluci\u00f3n de problemas","Secuencia num\u00e9rica","Suma y Resta"],"articleSection":["Cuadernillos","Matem\u00e1tica","Recursos"],"inLanguage":"es","potentialAction":[{"@type":"CommentAction","name":"Comment","target":["https:\/\/webdelmaestrocmf.com\/portal\/cuadernillo-de-matematicas-para-preescolar-o-primer-grado\/#respond"]}]},{"@type":"WebPage","@id":"https:\/\/webdelmaestrocmf.com\/portal\/cuadernillo-de-matematicas-para-preescolar-o-primer-grado\/","url":"https:\/\/webdelmaestrocmf.com\/portal\/cuadernillo-de-matematicas-para-preescolar-o-primer-grado\/","name":"Cuadernillo de matem\u00e1ticas para Preescolar o Primer grado - 2026","isPartOf":{"@id":"https:\/\/webdelmaestrocmf.com\/portal\/#website"},"primaryImageOfPage":{"@id":"https:\/\/webdelmaestrocmf.com\/portal\/cuadernillo-de-matematicas-para-preescolar-o-primer-grado\/#primaryimage"},"image":{"@id":"https:\/\/webdelmaestrocmf.com\/portal\/cuadernillo-de-matematicas-para-preescolar-o-primer-grado\/#primaryimage"},"thumbnailUrl":"https:\/\/webdelmaestrocmf.com\/portal\/wp-content\/uploads\/2023\/09\/A12B3C4D-19-1.jpg","datePublished":"2023-09-21T00:18:36+00:00","dateModified":"2023-09-21T14:04:11+00:00","description":"La ense\u00f1anza de las matem\u00e1ticas a los m\u00e1s peque\u00f1os es un proceso fundamental para su desarrollo cognitivo y su preparaci\u00f3n acad\u00e9mica.","breadcrumb":{"@id":"https:\/\/webdelmaestrocmf.com\/portal\/cuadernillo-de-matematicas-para-preescolar-o-primer-grado\/#breadcrumb"},"inLanguage":"es","potentialAction":[{"@type":"ReadAction","target":["https:\/\/webdelmaestrocmf.com\/portal\/cuadernillo-de-matematicas-para-preescolar-o-primer-grado\/"]}]},{"@type":"ImageObject","inLanguage":"es","@id":"https:\/\/webdelmaestrocmf.com\/portal\/cuadernillo-de-matematicas-para-preescolar-o-primer-grado\/#primaryimage","url":"https:\/\/webdelmaestrocmf.com\/portal\/wp-content\/uploads\/2023\/09\/A12B3C4D-19-1.jpg","contentUrl":"https:\/\/webdelmaestrocmf.com\/portal\/wp-content\/uploads\/2023\/09\/A12B3C4D-19-1.jpg","width":900,"height":556,"caption":"matem\u00e1ticas para Preescolar o Primer grado"},{"@type":"BreadcrumbList","@id":"https:\/\/webdelmaestrocmf.com\/portal\/cuadernillo-de-matematicas-para-preescolar-o-primer-grado\/#breadcrumb","itemListElement":[{"@type":"ListItem","position":1,"name":"Portada","item":"https:\/\/webdelmaestrocmf.com\/portal\/"},{"@type":"ListItem","position":2,"name":"Recursos","item":"https:\/\/webdelmaestrocmf.com\/portal\/category\/pedagogia\/"},{"@type":"ListItem","position":3,"name":"Cuadernillo de matem\u00e1ticas para Preescolar o Primer grado"}]},{"@type":"WebSite","@id":"https:\/\/webdelmaestrocmf.com\/portal\/#website","url":"https:\/\/webdelmaestrocmf.com\/portal\/","name":"Web del Maestro CMF","description":"Maestros al servicio de la educaci\u00f3n","publisher":{"@id":"https:\/\/webdelmaestrocmf.com\/portal\/#organization"},"alternateName":"WMCMF","potentialAction":[{"@type":"SearchAction","target":{"@type":"EntryPoint","urlTemplate":"https:\/\/webdelmaestrocmf.com\/portal\/?s={search_term_string}"},"query-input":{"@type":"PropertyValueSpecification","valueRequired":true,"valueName":"search_term_string"}}],"inLanguage":"es"},{"@type":"Organization","@id":"https:\/\/webdelmaestrocmf.com\/portal\/#organization","name":"Web del Maestro CMF","alternateName":"WMCMF","url":"https:\/\/webdelmaestrocmf.com\/portal\/","logo":{"@type":"ImageObject","inLanguage":"es","@id":"https:\/\/webdelmaestrocmf.com\/portal\/#\/schema\/logo\/image\/","url":"https:\/\/webdelmaestrocmf.com\/portal\/wp-content\/uploads\/2023\/01\/logo-wmcmf-2.png","contentUrl":"https:\/\/webdelmaestrocmf.com\/portal\/wp-content\/uploads\/2023\/01\/logo-wmcmf-2.png","width":200,"height":60,"caption":"Web del Maestro CMF"},"image":{"@id":"https:\/\/webdelmaestrocmf.com\/portal\/#\/schema\/logo\/image\/"},"sameAs":["https:\/\/www.facebook.com\/WebdelMaestroCMF\/","https:\/\/x.com\/cmf_w","https:\/\/www.pinterest.com\/WMCMF\/","https:\/\/www.linkedin.com\/company\/web-del-maestro-cmf\/","https:\/\/www.instagram.com\/wmcmf\/","https:\/\/www.youtube.com\/channel\/UCDPSvjbdodE5sHnC3OxutHw","https:\/\/mastodon.social\/@wmcmf","https:\/\/www.tiktok.com\/@webdelmaestrocmf"]},{"@type":"Person","@id":"https:\/\/webdelmaestrocmf.com\/portal\/#\/schema\/person\/1072a2ed7bd960df8ef99a551fa35dc5","name":"Web del Maestro CMF","image":{"@type":"ImageObject","inLanguage":"es","@id":"https:\/\/secure.gravatar.com\/avatar\/23291dd5b5ae1077dcff3dbb04c3e02bd28403fa75af6d8787d5e97c5bbbe30b?s=96&d=mm&r=g","url":"https:\/\/secure.gravatar.com\/avatar\/23291dd5b5ae1077dcff3dbb04c3e02bd28403fa75af6d8787d5e97c5bbbe30b?s=96&d=mm&r=g","contentUrl":"https:\/\/secure.gravatar.com\/avatar\/23291dd5b5ae1077dcff3dbb04c3e02bd28403fa75af6d8787d5e97c5bbbe30b?s=96&d=mm&r=g","caption":"Web del Maestro CMF"},"description":"Esta Web se cre\u00f3 sin fines de lucro, con fines educativos, cient\u00edficos y acad\u00e9micos, para personas que tengan dificultades y\/o inconvenientes en visualizar el material original. El objetivo es entregar recursos, compartir experiencias y materiales que ayuden a los padres de familia, maestros y estudiantes en su actualizaci\u00f3n y formaci\u00f3n permanente, en bien de la Educaci\u00f3n.","sameAs":["http:\/\/webdelmaestrocmf.com\/portal","https:\/\/www.facebook.com\/WebdelMaestroCMF\/","https:\/\/www.instagram.com\/wmcmf\/","https:\/\/cl.linkedin.com\/company\/web-del-maestro-cmf","https:\/\/www.pinterest.com\/WMCMF\/publicaciones\/","https:\/\/x.com\/cmf_w","https:\/\/www.youtube.com\/@WMCMF"]}]}},"jetpack_featured_media_url":"https:\/\/webdelmaestrocmf.com\/portal\/wp-content\/uploads\/2023\/09\/A12B3C4D-19-1.jpg","jetpack_sharing_enabled":true,"jetpack-related-posts":[{"id":91762,"url":"https:\/\/webdelmaestrocmf.com\/portal\/conceptos-matematicos-de-aprendizaje\/","url_meta":{"origin":95412,"position":0},"title":"125 actividades para ni\u00f1os de preescolar de 3, 4 y 5 a\u00f1os","author":"Web del Maestro CMF","date":"13 septiembre, 2025","format":false,"excerpt":"Adem\u00e1s de las actividades de pr\u00e1ctica, el cuaderno tambi\u00e9n incluye divertidos juegos matem\u00e1ticos que ayudar\u00e1n a los ni\u00f1os a consolidar su comprensi\u00f3n de los conceptos fundamentales.","rel":"","context":"En \u00abCuadernillos\u00bb","block_context":{"text":"Cuadernillos","link":"https:\/\/webdelmaestrocmf.com\/portal\/category\/pedagogia\/cuadernillos\/"},"img":{"alt_text":"","src":"https:\/\/i0.wp.com\/webdelmaestrocmf.com\/portal\/wp-content\/uploads\/2023\/08\/1A-Banner-1-portada-imagen-10-1-copia-2025-09-13T205434.212.webp?resize=350%2C200&ssl=1","width":350,"height":200,"srcset":"https:\/\/i0.wp.com\/webdelmaestrocmf.com\/portal\/wp-content\/uploads\/2023\/08\/1A-Banner-1-portada-imagen-10-1-copia-2025-09-13T205434.212.webp?resize=350%2C200&ssl=1 1x, https:\/\/i0.wp.com\/webdelmaestrocmf.com\/portal\/wp-content\/uploads\/2023\/08\/1A-Banner-1-portada-imagen-10-1-copia-2025-09-13T205434.212.webp?resize=525%2C300&ssl=1 1.5x, https:\/\/i0.wp.com\/webdelmaestrocmf.com\/portal\/wp-content\/uploads\/2023\/08\/1A-Banner-1-portada-imagen-10-1-copia-2025-09-13T205434.212.webp?resize=700%2C400&ssl=1 2x"},"classes":[]},{"id":102950,"url":"https:\/\/webdelmaestrocmf.com\/portal\/nuevo-cuadernillo-de-sumas-con-llevadas-para-ninos\/","url_meta":{"origin":95412,"position":1},"title":"Nuevo cuadernillo de sumas con llevadas para ni\u00f1os","author":"Web del Maestro CMF","date":"22 enero, 2024","format":false,"excerpt":"Descubre un enfoque educativo innovador con nuestro nuevo cuadernillo, \"Aprende Sumas con Llevadas\". Este recurso ha sido dise\u00f1ado para proporcionar a los estudiantes una experiencia de aprendizaje atractiva y comprensible en el intrigante universo de las sumas con llevadas. Abordaremos este desaf\u00edo matem\u00e1tico paso a paso, brindando a los j\u00f3venes\u2026","rel":"","context":"En \u00abCuadernillos\u00bb","block_context":{"text":"Cuadernillos","link":"https:\/\/webdelmaestrocmf.com\/portal\/category\/pedagogia\/cuadernillos\/"},"img":{"alt_text":"sumas","src":"https:\/\/i0.wp.com\/webdelmaestrocmf.com\/portal\/wp-content\/uploads\/2024\/01\/Banner-1-portada-imagen-10-12.jpg?resize=350%2C200&ssl=1","width":350,"height":200,"srcset":"https:\/\/i0.wp.com\/webdelmaestrocmf.com\/portal\/wp-content\/uploads\/2024\/01\/Banner-1-portada-imagen-10-12.jpg?resize=350%2C200&ssl=1 1x, https:\/\/i0.wp.com\/webdelmaestrocmf.com\/portal\/wp-content\/uploads\/2024\/01\/Banner-1-portada-imagen-10-12.jpg?resize=525%2C300&ssl=1 1.5x, https:\/\/i0.wp.com\/webdelmaestrocmf.com\/portal\/wp-content\/uploads\/2024\/01\/Banner-1-portada-imagen-10-12.jpg?resize=700%2C400&ssl=1 2x"},"classes":[]},{"id":104647,"url":"https:\/\/webdelmaestrocmf.com\/portal\/cuadernillo-de-multiplicaciones-creativas-por-el-dia-de-las-matematicas\/","url_meta":{"origin":95412,"position":2},"title":"Cuadernillo de multiplicaciones creativas por el d\u00eda de las matem\u00e1ticas","author":"Web del Maestro CMF","date":"5 marzo, 2024","format":false,"excerpt":"El pr\u00f3ximo 14 de marzo celebramos el D\u00eda Internacional de las Matem\u00e1ticas, una fecha que no solo conmemora los avances en esta disciplina, sino que tambi\u00e9n nos brinda la oportunidad de promover su importancia y despertar el inter\u00e9s entre nuestros estudiantes. En este contexto, presentamos nuestro cuadernillo \"Multiplicaciones Divertidas: 6\u2026","rel":"","context":"En \u00abCuadernillos\u00bb","block_context":{"text":"Cuadernillos","link":"https:\/\/webdelmaestrocmf.com\/portal\/category\/pedagogia\/cuadernillos\/"},"img":{"alt_text":"","src":"https:\/\/i0.wp.com\/webdelmaestrocmf.com\/portal\/wp-content\/uploads\/2024\/03\/Banner-1-portada-imagen-10-1-4-1.jpg?resize=350%2C200&ssl=1","width":350,"height":200,"srcset":"https:\/\/i0.wp.com\/webdelmaestrocmf.com\/portal\/wp-content\/uploads\/2024\/03\/Banner-1-portada-imagen-10-1-4-1.jpg?resize=350%2C200&ssl=1 1x, https:\/\/i0.wp.com\/webdelmaestrocmf.com\/portal\/wp-content\/uploads\/2024\/03\/Banner-1-portada-imagen-10-1-4-1.jpg?resize=525%2C300&ssl=1 1.5x, https:\/\/i0.wp.com\/webdelmaestrocmf.com\/portal\/wp-content\/uploads\/2024\/03\/Banner-1-portada-imagen-10-1-4-1.jpg?resize=700%2C400&ssl=1 2x"},"classes":[]},{"id":96077,"url":"https:\/\/webdelmaestrocmf.com\/portal\/cuadernillo-para-ensenar-a-sumar-rapido-a-los-ninos-de-preescolar-y-primaria\/","url_meta":{"origin":95412,"position":3},"title":"Cuadernillo para ense\u00f1ar a sumar r\u00e1pido a los ni\u00f1os de preescolar y primaria","author":"Web del Maestro CMF","date":"10 febrero, 2024","format":false,"excerpt":"La educaci\u00f3n matem\u00e1tica es una parte esencial del desarrollo cognitivo de los ni\u00f1os en edad preescolar y primaria. Uno de los pilares fundamentales de las matem\u00e1ticas es la suma, una habilidad que sienta las bases para futuros conceptos matem\u00e1ticos. Para ayudar a los ni\u00f1os a dominar esta habilidad, hemos dise\u00f1ado\u2026","rel":"","context":"En \u00abCuadernillos\u00bb","block_context":{"text":"Cuadernillos","link":"https:\/\/webdelmaestrocmf.com\/portal\/category\/pedagogia\/cuadernillos\/"},"img":{"alt_text":"sumas","src":"https:\/\/i0.wp.com\/webdelmaestrocmf.com\/portal\/wp-content\/uploads\/2023\/09\/Banner-1-portada-imagen-10-1-17.jpg?resize=350%2C200&ssl=1","width":350,"height":200,"srcset":"https:\/\/i0.wp.com\/webdelmaestrocmf.com\/portal\/wp-content\/uploads\/2023\/09\/Banner-1-portada-imagen-10-1-17.jpg?resize=350%2C200&ssl=1 1x, https:\/\/i0.wp.com\/webdelmaestrocmf.com\/portal\/wp-content\/uploads\/2023\/09\/Banner-1-portada-imagen-10-1-17.jpg?resize=525%2C300&ssl=1 1.5x, https:\/\/i0.wp.com\/webdelmaestrocmf.com\/portal\/wp-content\/uploads\/2023\/09\/Banner-1-portada-imagen-10-1-17.jpg?resize=700%2C400&ssl=1 2x"},"classes":[]},{"id":104873,"url":"https:\/\/webdelmaestrocmf.com\/portal\/dominando-la-resta-guia-completa-para-estudiantes-de-primaria\/","url_meta":{"origin":95412,"position":4},"title":"Dominando la Resta: gu\u00eda completa para estudiantes de primaria","author":"Web del Maestro CMF","date":"13 marzo, 2024","format":false,"excerpt":"En el mundo de las matem\u00e1ticas, la resta es un pilar fundamental que impulsa el pensamiento l\u00f3gico y fortalece las habilidades num\u00e9ricas desde una edad temprana. Con el objetivo de facilitar este proceso de aprendizaje, presentamos \"Dominando la Resta: Gu\u00eda Completa para Estudiantes de Primaria\". Este cuadernillo ha sido cuidadosamente\u2026","rel":"","context":"En \u00abCuadernillos\u00bb","block_context":{"text":"Cuadernillos","link":"https:\/\/webdelmaestrocmf.com\/portal\/category\/pedagogia\/cuadernillos\/"},"img":{"alt_text":"","src":"https:\/\/i0.wp.com\/webdelmaestrocmf.com\/portal\/wp-content\/uploads\/2024\/03\/Banner-1-portada-imagen-10-1-9-1.jpg?resize=350%2C200&ssl=1","width":350,"height":200,"srcset":"https:\/\/i0.wp.com\/webdelmaestrocmf.com\/portal\/wp-content\/uploads\/2024\/03\/Banner-1-portada-imagen-10-1-9-1.jpg?resize=350%2C200&ssl=1 1x, https:\/\/i0.wp.com\/webdelmaestrocmf.com\/portal\/wp-content\/uploads\/2024\/03\/Banner-1-portada-imagen-10-1-9-1.jpg?resize=525%2C300&ssl=1 1.5x, https:\/\/i0.wp.com\/webdelmaestrocmf.com\/portal\/wp-content\/uploads\/2024\/03\/Banner-1-portada-imagen-10-1-9-1.jpg?resize=700%2C400&ssl=1 2x"},"classes":[]},{"id":96252,"url":"https:\/\/webdelmaestrocmf.com\/portal\/cuadernillo-con-rompecabezas-de-sumas-restas-multiplicaciones-etc\/","url_meta":{"origin":95412,"position":5},"title":"Cuadernillo con rompecabezas de sumas, restas, multiplicaciones, etc","author":"Web del Maestro CMF","date":"29 septiembre, 2023","format":false,"excerpt":"En el mundo de la educaci\u00f3n, encontrar formas efectivas y atractivas de ense\u00f1ar matem\u00e1ticas es una prioridad constante. Los rompecabezas matem\u00e1ticos han demostrado ser una herramienta valiosa en este sentido, y un \"Cuadernillo de Actividades de Rompecabezas de Matem\u00e1ticos\" puede ser la respuesta que los educadores han estado buscando. En\u2026","rel":"","context":"En \u00abCuadernillos\u00bb","block_context":{"text":"Cuadernillos","link":"https:\/\/webdelmaestrocmf.com\/portal\/category\/pedagogia\/cuadernillos\/"},"img":{"alt_text":"cuadernillo rompecabezas","src":"https:\/\/i0.wp.com\/webdelmaestrocmf.com\/portal\/wp-content\/uploads\/2023\/09\/A12B3C4D-52.jpg?resize=350%2C200&ssl=1","width":350,"height":200,"srcset":"https:\/\/i0.wp.com\/webdelmaestrocmf.com\/portal\/wp-content\/uploads\/2023\/09\/A12B3C4D-52.jpg?resize=350%2C200&ssl=1 1x, https:\/\/i0.wp.com\/webdelmaestrocmf.com\/portal\/wp-content\/uploads\/2023\/09\/A12B3C4D-52.jpg?resize=525%2C300&ssl=1 1.5x, https:\/\/i0.wp.com\/webdelmaestrocmf.com\/portal\/wp-content\/uploads\/2023\/09\/A12B3C4D-52.jpg?resize=700%2C400&ssl=1 2x"},"classes":[]}],"_links":{"self":[{"href":"https:\/\/webdelmaestrocmf.com\/portal\/wp-json\/wp\/v2\/posts\/95412","targetHints":{"allow":["GET"]}}],"collection":[{"href":"https:\/\/webdelmaestrocmf.com\/portal\/wp-json\/wp\/v2\/posts"}],"about":[{"href":"https:\/\/webdelmaestrocmf.com\/portal\/wp-json\/wp\/v2\/types\/post"}],"author":[{"embeddable":true,"href":"https:\/\/webdelmaestrocmf.com\/portal\/wp-json\/wp\/v2\/users\/1"}],"replies":[{"embeddable":true,"href":"https:\/\/webdelmaestrocmf.com\/portal\/wp-json\/wp\/v2\/comments?post=95412"}],"version-history":[{"count":0,"href":"https:\/\/webdelmaestrocmf.com\/portal\/wp-json\/wp\/v2\/posts\/95412\/revisions"}],"wp:featuredmedia":[{"embeddable":true,"href":"https:\/\/webdelmaestrocmf.com\/portal\/wp-json\/wp\/v2\/media\/95415"}],"wp:attachment":[{"href":"https:\/\/webdelmaestrocmf.com\/portal\/wp-json\/wp\/v2\/media?parent=95412"}],"wp:term":[{"taxonomy":"category","embeddable":true,"href":"https:\/\/webdelmaestrocmf.com\/portal\/wp-json\/wp\/v2\/categories?post=95412"},{"taxonomy":"post_tag","embeddable":true,"href":"https:\/\/webdelmaestrocmf.com\/portal\/wp-json\/wp\/v2\/tags?post=95412"}],"curies":[{"name":"wp","href":"https:\/\/api.w.org\/{rel}","templated":true}]}}