{"id":95315,"date":"2023-09-19T22:57:55","date_gmt":"2023-09-20T01:57:55","guid":{"rendered":"https:\/\/webdelmaestrocmf.com\/portal\/?p=95315"},"modified":"2026-03-10T18:35:39","modified_gmt":"2026-03-10T21:35:39","slug":"maria-del-mar-sanchez-los-docentes-no-podemos-abrazar-la-ia-inteligencia-artificial-a-lo-loco","status":"publish","type":"post","link":"https:\/\/webdelmaestrocmf.com\/portal\/maria-del-mar-sanchez-los-docentes-no-podemos-abrazar-la-ia-inteligencia-artificial-a-lo-loco\/","title":{"rendered":"Mar\u00eda del Mar S\u00e1nchez: Los docentes no podemos abrazar la IA (inteligencia artificial) a lo loco"},"content":{"rendered":"<p style=\"text-align: justify;\"><strong>La pedagoga y experta en tecnolog\u00eda educativa sostiene que los docentes deben tener la formaci\u00f3n adecuada para enfrentarse a la IA y reivindica que se tenga en cuenta su punto de vista: \u00abTradicionalmente en las investigaciones sobre IA apenas se cuenta con la opini\u00f3n del profesorado; es importante que todos podamos participar y construir el mundo que est\u00e1 por venir\u00bb.<\/strong><\/p>\n<p style=\"text-align: justify;\"><!--more-->La inteligencia artificial (m\u00e1s conocida ya por sus siglas, IA) ha venido para quedarse, aunque\u00a0<a href=\"https:\/\/twitter.com\/mallemar\" target=\"_blank\" rel=\"noopener\"><strong>Mar\u00eda del Mar S\u00e1nchez<\/strong><\/a>, pedagoga y experta en tecnolog\u00eda educativa, advierte: \u00abEs frecuente que surjan herramientas que parece que lo van a cambiar todo, pero luego no transforman realmente el sistema porque el papel del docente sigue siendo fundamental para que tengan sentido\u00bb. \u00abSentido\u00bb es el t\u00e9rmino que m\u00e1s se repite entre quienes abogan por una introducci\u00f3n sosegada y paulatina de la tecnolog\u00eda en el aula. No se trata, recuerda Mar\u00eda del Mar, de rivalizar contra la m\u00e1quina, sino de reivindicar lo que la m\u00e1quina no puede (ni debe) hacer sin la intervenci\u00f3n del docente.<\/p>\n<h5 style=\"text-align: justify;\"><strong>Pregunta. Sin embargo, Mar\u00eda del Mar, muchos todav\u00eda no saben qu\u00e9 es exactamente la IA\u2026<\/strong><\/h5>\n<p style=\"text-align: justify;\">La IA lleva tiempo conviviendo con nosotros. La podemos encontrar en nuestros m\u00f3viles o en los sistemas de recomendaci\u00f3n de las aplicaciones. Hay mucho debate sobre el concepto porque el propio t\u00e9rmino \u201cinteligencia\u201d puede ser controvertido en funci\u00f3n de lo que se considere \u201cinteligente\u201d. Creo que la definici\u00f3n m\u00e1s aceptada ser\u00eda la que explica que son sistemas capaces de realizar tareas que, tradicionalmente, requieren de la inteligencia humana.<\/p>\n<h5 style=\"text-align: justify;\"><strong>\u00bfPor eso nos sorprende tanto?<\/strong><\/h5>\n<p style=\"text-align: justify;\">S\u00ed, porque pueden tomar decisiones, establecer conversaciones y resolver problemas complejos. La llegada de ChatGPT, por ejemplo, ha hecho que hablemos de \u201cinteligencia artificial generativa\u201d, que es un tipo de aplicaciones de IA espec\u00edficas que nos permiten generar contenido como texto, imagen y v\u00eddeos. Yo lo equiparo con la llegada de la web 2.0: Internet ya exist\u00eda, pero los blogs y las redes sociales nos permitieron participar y crear en red. Pues bien, la IA ya exist\u00eda, pero la IA generativa nos permite participar y crear con IA. Somos m\u00e1s conscientes de que est\u00e1 ah\u00ed.<\/p>\n<h5 style=\"text-align: justify;\"><strong>\u00bfPasar\u00e1 de moda o ha venido para quedarse?<\/strong><\/h5>\n<p style=\"text-align: justify;\">Es frecuente que surjan herramientas que parece que lo van a cambiar todo (las pizarras digitales, la rob\u00f3tica, los MOOC), pero luego no transforman realmente el sistema, porque el papel del docente sigue siendo fundamental para que tengan sentido. No obstante, hay algunas herramientas que son tan disruptivas y transforman tanto el mundo que la escuela no puede mirar para otro lado. Lo fue la llegada de internet y ahora lo es el <em>boom<\/em>\u00a0de la IA. Pero que se use bien o no seguir\u00e1 dependiendo de lo que hagamos con ella. Las bases de la did\u00e1ctica y la tecnolog\u00eda educativa siguen ah\u00ed.<\/p>\n<blockquote><p><em>ChatGPT, al igual que otros modelos de lenguaje basados en aprendizaje autom\u00e1tico, puede tener sesgos inherentes debido a la naturaleza de los datos con los que fue entrenado.<\/em><\/p><\/blockquote>\n<h5 style=\"text-align: justify;\"><strong>\u00bfA qu\u00e9 ha venido entonces la IA?<\/strong><\/h5>\n<p style=\"text-align: justify;\">La IA pone sobre la mesa la necesidad de la alfabetizaci\u00f3n digital y el desarrollo del pensamiento computacional; no porque tengamos que ser todos programadores, sino porque tenemos que entender c\u00f3mo funcionan estos sistemas. Es necesario que sean transparentes respecto a los datos con los que se entrenan, porque podemos favorecer determinadas ideolog\u00edas o visiones del mundo. Por ejemplo, ChatGPT, al igual que otros modelos de lenguaje basados en aprendizaje autom\u00e1tico, puede tener sesgos inherentes debido a la naturaleza de los datos con los que fue entrenado, dado que gran parte del contenido en l\u00ednea est\u00e1 en ingl\u00e9s y proviene de pa\u00edses occidentales.<\/p>\n<p><img loading=\"lazy\" decoding=\"async\" class=\"alignnone size-full wp-image-95319\" src=\"https:\/\/webdelmaestrocmf.com\/portal\/wp-content\/uploads\/2023\/09\/A12B3C4D-7-4.jpg\" alt=\"IA\" width=\"900\" height=\"556\" srcset=\"https:\/\/webdelmaestrocmf.com\/portal\/wp-content\/uploads\/2023\/09\/A12B3C4D-7-4.jpg 900w, https:\/\/webdelmaestrocmf.com\/portal\/wp-content\/uploads\/2023\/09\/A12B3C4D-7-4-300x185.jpg 300w, https:\/\/webdelmaestrocmf.com\/portal\/wp-content\/uploads\/2023\/09\/A12B3C4D-7-4-768x474.jpg 768w, https:\/\/webdelmaestrocmf.com\/portal\/wp-content\/uploads\/2023\/09\/A12B3C4D-7-4-380x235.jpg 380w, https:\/\/webdelmaestrocmf.com\/portal\/wp-content\/uploads\/2023\/09\/A12B3C4D-7-4-550x340.jpg 550w, https:\/\/webdelmaestrocmf.com\/portal\/wp-content\/uploads\/2023\/09\/A12B3C4D-7-4-800x494.jpg 800w\" sizes=\"auto, (max-width: 900px) 100vw, 900px\" \/><\/p>\n<h5 style=\"text-align: justify;\"><strong>Hay que ser entonces cautos\u2026<\/strong><\/h5>\n<p style=\"text-align: justify;\">Es importante saber y reclamar informaci\u00f3n sobre lo que hacen estos sistemas con nuestros datos. En este caso, la UE est\u00e1 haciendo un esfuerzo por regular y revisar este hecho. Hay aplicaciones de IA que a\u00fan no tenemos accesibles en nuestro pa\u00eds porque se est\u00e1 revisando el tema de la gesti\u00f3n de los datos y la privacidad. Tambi\u00e9n est\u00e1 el sesgo de la brecha digital, que implica que reflexionemos acerca de si todos tenemos acceso a estos sistemas y si sabemos usarlos adecuadamente, de ah\u00ed la importancia de formarnos. El modelo de negocio que se est\u00e1 generando con las IA me hace preguntarme si habr\u00e1 brecha entre quienes puedan permitirse una buena IA que les ayude y quien no podr\u00e1 hacerlo. O si estos sistemas contribuir\u00e1n a reproducir modelos educativos que no sean inclusivos. En nuestra mano est\u00e1 el futuro que queramos conseguir con la IA.<\/p>\n<h5 style=\"text-align: justify;\"><strong>\u00bfPodr\u00e1 ser realmente \u00e9tica y segura?<\/strong><\/h5>\n<p style=\"text-align: justify;\">Es posible, pero requiere que haya consenso e inter\u00e9s por parte de investigadores, desarrolladores y pol\u00edticos. Dentro de la red tambi\u00e9n hay posturas ideol\u00f3gicas y filos\u00f3ficas. El movimiento del <em>software<\/em>\u00a0libre, por ejemplo, no solo promueve liberar los programas inform\u00e1ticos, sino toda una cultura y una visi\u00f3n sobre lo que tiene que ser el ciberespacio. Sobre la IA tambi\u00e9n hay visiones, debates y posturas ideol\u00f3gicas.<\/p>\n<h5 style=\"text-align: justify;\"><strong>\u00bfY los pol\u00edticos qu\u00e9 pueden hacer?<\/strong><\/h5>\n<p style=\"text-align: justify;\">La IA deber\u00eda ser una prioridad pol\u00edtica y regularse adecuadamente. Las administraciones educativas tienen que poner recursos, no solo para formar al profesorado, sino para darles tiempo y espacios en los que aprender y desarrollarse profesionalmente. El pensamiento computacional es parte de la Lomloe, pero enviar <em>kits<\/em>\u00a0de rob\u00f3tica a los centros no es suficiente. \u00bfDamos oportunidades de aprendizaje reales? \u00bfLes damos tiempo para prepararse?<\/p>\n<blockquote><p><em>La IA ha puesto sobre la mesa el debate de los deberes y la evaluaci\u00f3n en la educaci\u00f3n; me parece positivo que afrontemos esas cuestiones, que hace tiempo deber\u00edamos haber abordado<\/em><\/p><\/blockquote>\n<h5 style=\"text-align: justify;\"><strong>\u00bfY da la IA\u00a0<\/strong><strong>oportunidades reales?<\/strong><\/h5>\n<p style=\"text-align: justify;\">Nos abre un abanico de posibilidades enorme. Por un lado, los sistemas de IA pueden ayudar a incrementar nuestra productividad de forma incre\u00edble si sabemos usarla adecuadamente. Por otro, pueden ayudar al aprendizaje personalizado y desarrollar sistemas con un potencial enorme para transformar, por ejemplo, la educaci\u00f3n online. Y finalmente tambi\u00e9n se nos plantea un gran abanico de herramientas que podemos integrar en nuestra pr\u00e1ctica docente en el marco de metodolog\u00edas adecuadas. Adem\u00e1s, ha puesto sobre la mesa el debate de los deberes y la evaluaci\u00f3n en la educaci\u00f3n y, aunque pueda parecer problem\u00e1tico, a m\u00ed me parece algo positivo que afrontemos esas cuestiones, que hace tiempo deber\u00edamos haber abordado.<\/p>\n<h5 style=\"text-align: justify;\"><strong>Dicen que la IA permitir\u00e1<\/strong><strong>\u00a0un aprendizaje a la carta.<\/strong><\/h5>\n<p style=\"text-align: justify;\">Los sistemas de IA pueden analizar las respuestas y comportamientos de los estudiantes en tiempo real, adaptando el contenido y los recursos proporcionados seg\u00fan sus necesidades. Por ejemplo, si un estudiante tiene problemas con un concepto en particular, el sistema puede ofrecer material adicional o presentar la informaci\u00f3n de una manera diferente para tratar de que lo entienda mejor. Pueden tambi\u00e9n proporcionar <em>feedback<\/em>\u00a0inmediato, as\u00ed como ayudar a dise\u00f1ar itinerarios de aprendizaje personalizado. Esto lo hacen los sistemas a partir de los datos. A medida que un estudiante interact\u00faa con una plataforma de aprendizaje, genera una serie de informaci\u00f3n: qu\u00e9 respuestas elige, cu\u00e1nto tiempo pasa en ciertas tareas, c\u00f3mo navega a trav\u00e9s del contenido, etc. La IA analiza estos datos para identificar patrones de comportamiento y aprendizaje.<\/p>\n<h5 style=\"text-align: justify;\"><strong>\u00bfEsta personalizaci\u00f3n se traduce en una educaci\u00f3n m\u00e1s inclusiva?<\/strong><\/h5>\n<p style=\"text-align: justify;\">Todo depender\u00e1 de c\u00f3mo la utilicemos. Por ejemplo, los sistemas de IA pueden analizar el comportamiento y el rendimiento de los estudiantes para identificar a aquellos que pueden estar en riesgo de abandonar la escuela o que enfrentan dificultades educativas, dando informaci\u00f3n \u00fatil al profesorado para poder intervenir. Tambi\u00e9n hay traductores autom\u00e1ticos y aplicaciones para personas con discapacidad, que pueden hacer que el contenido educativo sea m\u00e1s accesible. Pero tambi\u00e9n podr\u00edamos encontrar sistemas que perpet\u00faen los sesgos presentes en los datos con los que fueron entrenados. Esto puede llevar a que se favorezca a ciertos grupos de estudiantes sobre otros, reforzando estereotipos y desigualdades. Por lo tanto, va a depender de las decisiones que tomemos y de los sistemas de IA que dise\u00f1emos.<\/p>\n<blockquote><p><em>El pensamiento computacional es parte de la Lomloe, pero enviar &#8216;kits&#8217; de rob\u00f3tica a los centros no es suficiente. \u00bfDamos oportunidades de aprendizaje reales?<\/em><\/p><\/blockquote>\n<h5 style=\"text-align: justify;\"><strong>Los detractores vaticinan que\u00a0<\/strong><strong>la IA acabar\u00e1 con la cultura del esfuerzo.<\/strong><\/h5>\n<p style=\"text-align: justify;\">Eso es un mito. Bien utilizada, la IA ayuda a incrementar nuestra productividad y esto nos puede permitir hacer tareas m\u00e1s complejas. Por ejemplo, la calculadora nos ayuda a no perder tiempo para poder resolver problemas m\u00e1s complejos. Pues bien, la IA puede funcionar de forma similar, siempre y cuando la incorporemos de forma adecuada.<\/p>\n<h5 style=\"text-align: justify;\"><strong>\u00bfResta autonom\u00eda al alumnado?<\/strong><\/h5>\n<p style=\"text-align: justify;\">Otro mito. Depender\u00e1 del sistema de IA, el contexto y los algoritmos que haya detr\u00e1s. Ya existe debate sobre si tomamos nosotros las decisiones en red (y en la vida) o estamos condicionados por los algoritmos de las grandes multinacionales tecnol\u00f3gicas, por lo que s\u00ed es posible que exista un modelo de aprendizaje personalizado que tome las decisiones sobre el aprendizaje del alumnado. De ah\u00ed la importancia de entender estos sistemas y reclamar dise\u00f1os \u00e9ticos y justos socialmente.<\/p>\n<h5 style=\"text-align: justify;\"><strong>\u00bfY rebajar\u00e1 la calidad de la ense\u00f1anza?<\/strong><\/h5>\n<p style=\"text-align: justify;\">Depender\u00e1 de nuestro trabajo como docentes.<\/p>\n<h5 style=\"text-align: justify;\"><strong>Hay quien dice que peligra\u2026<\/strong><\/h5>\n<p style=\"text-align: justify;\">El papel del docente se hace m\u00e1s importante que nunca, siempre y cuando entendamos que su rol no es solo el de transmisor de contenidos, sino el de facilitador de experiencias de aprendizaje.<\/p>\n<h5 style=\"text-align: justify;\"><strong>\u00bfDe d\u00f3nde surge entonces tanto catastrofismo?<\/strong><\/h5>\n<p style=\"text-align: justify;\">Creo que es parte de la naturaleza humana, cuando llega un desarrollo tecnol\u00f3gico avanzado, cuestionar y afrontarlo con temor. Puede ser hasta positivo porque nos hace plantearnos los problemas que puede tener y es bueno que debatamos sobre ello. No obstante, al igual que no hay que abrazar estos sistemas sin reflexionar, tampoco podemos negar, y menos en la educaci\u00f3n, la importancia de abordarlos desde la escuela, ya que la IA est\u00e1 aqu\u00ed y tenemos que prepararnos todos para ello.<\/p>\n<blockquote><p><em>La pregunta no es &#8216;\u00bfc\u00f3mo hago mi tarea de siempre en el mundo de ChatGPT?&#8217;, sino &#8216;\u00bfc\u00f3mo puedo abordar este tema con otro tipo de tareas?&#8217;<\/em><\/p><\/blockquote>\n<h5 style=\"text-align: justify;\"><strong>Otros aseguran que la IA, m\u00e1s que un enemigo, es un aliado.<\/strong><\/h5>\n<p style=\"text-align: justify;\">Nos ayuda a ser mucho m\u00e1s productivos. Hay herramientas que permiten dise\u00f1ar planificaciones did\u00e1cticas, presentaciones, v\u00eddeos. Nos pueden ayudar a generar r\u00fabricas de evaluaci\u00f3n, generar contenidos. Bien usadas, pueden contribuir al desarrollo profesional docente.<\/p>\n<h5 style=\"text-align: justify;\"><strong>\u00bfDe qu\u00e9 manera?<\/strong><\/h5>\n<p style=\"text-align: justify;\">La IA pone en evidencia que tenemos que mejorar nuestro enfoque sobre la competencia digital docente, que no pasa solo por la parte t\u00e9cnica sino por entender el lenguaje de las tecnolog\u00edas, saber c\u00f3mo integrarlas de manera did\u00e1ctica y c\u00f3mo mejorar su desarrollo profesional como docentes. Las herramientas de IA podr\u00e1n ayudarnos a aprender y dise\u00f1ar nuevos recursos, pero creo que lo importante es que cambiemos el enfoque sobre el desarrollo de la competencia digital docente y vayamos m\u00e1s all\u00e1 de un enfoque meramente t\u00e9cnico.<\/p>\n<h5 style=\"text-align: justify;\"><strong>\u00bfY se est\u00e1 formando adecuadamente a los docentes para ello?<\/strong><\/h5>\n<p style=\"text-align: justify;\">En cuanto a la formaci\u00f3n inicial, los compa\u00f1eros de tecnolog\u00eda educativa de la Universidad de Murcia, por ejemplo, hemos incorporado estos temas en nuestras asignaturas e incluso tenemos un proyecto de innovaci\u00f3n docente sobre el uso de la IA para el aprendizaje. S\u00e9 de compa\u00f1eros de otras universidades que tambi\u00e9n lo est\u00e1n trabajando. Pero tenemos que tener en cuenta que la IA generativa ha entrado en tromba en la sociedad y los educadores no podemos tampoco abrazarla a lo loco; tenemos que entenderla y reflexionar sobre ella. Y eso requiere de tiempo.<\/p>\n<h5 style=\"text-align: justify;\"><strong>\u00bfSe est\u00e1n dando pasos en ese sentido?<\/strong><\/h5>\n<p style=\"text-align: justify;\">Soy consciente de que muchos intereses formativos de las universidades y de centros de formaci\u00f3n de las comunidades aut\u00f3nomas (que tienen las competencias en la formaci\u00f3n continua) est\u00e1n puestos en la IA. Tambi\u00e9n el INTEF a nivel ministerial hace tiempo plantea formaci\u00f3n en este sentido. Es decir, estamos todos en ello. La clave est\u00e1 en generar espacios y tiempos para que realmente el profesorado pueda entender y abordar este asunto. Tambi\u00e9n el enfoque de la formaci\u00f3n me parece clave. A veces nos quedamos en aspectos t\u00e9cnicos y los profesores lo que quieren es saber c\u00f3mo afrontar la llegada de la IA en su clase de Lengua de 3\u00ba de la ESO. Eso requiere comprender las estrategias did\u00e1cticas y c\u00f3mo integrar las tecnolog\u00edas en ellas. A veces la pregunta no es \u201c\u00bfc\u00f3mo hago mi tarea de siempre en el mundo de ChatGPT?\u201d, sino \u201c\u00bfc\u00f3mo puedo abordar este tema con otro tipo de tareas?\u201d.<\/p>\n<blockquote><p><em>Las familias son las grandes olvidadas; tambi\u00e9n necesitan entender c\u00f3mo son los sistemas de IA y c\u00f3mo influyen en su vida y en la de sus hijos.<\/em><\/p><\/blockquote>\n<h5 style=\"text-align: justify;\"><strong>Y nos quedan las familias\u2026<\/strong><\/h5>\n<p style=\"text-align: justify;\">Hay que formarlas, por supuesto. A veces son las grandes olvidadas. Tambi\u00e9n necesitan entender c\u00f3mo son estos sistemas y c\u00f3mo influyen en su vida y en la de sus hijos.<\/p>\n<h5 style=\"text-align: justify;\"><strong>\u00bfPoner l\u00edmites verdaderos empieza por prohibir el m\u00f3vil?<\/strong><\/h5>\n<p style=\"text-align: justify;\">Una cosa es ser cr\u00edtico con el uso de la tecnolog\u00eda y otra es directamente negar cualquier uso de la misma y atribuirle todos los problemas educativos. Vivimos en un mundo digital, negar la formaci\u00f3n en la misma es cometer un error grav\u00edsimo. Estaremos abandonando a nuestros alumnos a merced de los intereses que otros puedan tener. La alfabetizaci\u00f3n medi\u00e1tica y digital es algo fundamental.<\/p>\n<h5 style=\"text-align: justify;\"><strong>\u00bfQu\u00e9 nos queda por ver?<\/strong><\/h5>\n<p style=\"text-align: justify;\">Ojal\u00e1 lo supiera. Ahora mismo hay un <em>boom<\/em>\u00a0con la IA que se rebajar\u00e1, pero tambi\u00e9n creo que, al igual que Internet, ha venido para quedarse. Vamos a ir viendo aplicaciones nuevas un d\u00eda tras otro y nuevos sistemas que cada vez tendr\u00e1n m\u00e1s calidad. La clave ser\u00e1 que tengamos la formaci\u00f3n y los recursos para poder abordarlos adecuadamente desde la educaci\u00f3n. Tambi\u00e9n es importante reivindicar la creaci\u00f3n de grupos multidisciplinares en la investigaci\u00f3n sobre este asunto. Tradicionalmente en las investigaciones sobre IA apenas se cuenta con la opini\u00f3n del profesorado. Es importante que todos podamos participar y construir el mundo que est\u00e1 por venir.<\/p>\n<p><strong>Este contenido ha sido publicado originalmente por Magisterio en la siguiente direcci\u00f3n: <a href=\"https:\/\/www.magisnet.com\/2023\/09\/maria-del-mar-sanchez-los-educadores-no-podemos-abrazar-la-inteligencia-artificial-a-lo-loco\/\" target=\"_blank\" rel=\"noopener\">magisnet.com<\/a><\/strong><\/p>\n\t\t<div class=\"pk-inline-posts\">\n\t\t\t\n\t\t\t<div class=\"pk-inline-posts-container pk-inline-posts-template-list\"\n\t\t\t\tdata-columns=\"1\">\n\t\t\t\t\t\t<article id=\"post-118480\" class=\"post-118480 post type-post status-publish format-standard has-post-thumbnail category-entrevistas category-noticias tag-aprendizaje tag-autonomia-3 tag-desarrollo tag-docentes tag-educacion-2 tag-ensenanza-2 tag-escuela tag-infancia tag-juego tag-pedagogia-2 cs-entry cs-video-wrap\">\n\t\t\t<div class=\"pk-post-outer\">\n\n\t\t\t\t\t\t\t\t<div class=\"pk-post-inner\">\n\t\t\t\t\t<div class=\"entry-thumbnail\">\n\t\t\t\t\t\t<div class=\"pk-overlay pk-overlay-ratio pk-ratio-landscape\">\n\t\t\t\t\t\t\t<div class=\"pk-overlay-background\">\n\t\t\t\t\t\t\t\t<a href=\"https:\/\/webdelmaestrocmf.com\/portal\/francesco-tonucci-hoy-la-escuela-esta-asumiendo-un-error-fatal-que-es-hacer-mas-un-papel-de-ninera-que-de-estructura-educativa\/\" class=\"pk-overlay-link\">\n\t\t\t\t\t\t\t\t\t<img loading=\"lazy\" decoding=\"async\" width=\"300\" height=\"225\" src=\"https:\/\/webdelmaestrocmf.com\/portal\/wp-content\/uploads\/2026\/04\/1AA-Banner-1-portada-imagen-10-1-copia-2-9-300x225.webp\" class=\"attachment-pk-thumbnail size-pk-thumbnail wp-post-image\" alt=\"\" \/>\t\t\t\t\t\t\t\t<\/a>\n\t\t\t\t\t\t\t<\/div>\n\t\t\t\t\t\t<\/div>\n\t\t\t\t\t<\/div>\n\t\t\t\t<\/div>\n\t\t\t\t\n\t\t\t\t<div class=\"pk-post-inner\">\n\t\t\t\t\t<header>\n\t\t\t\t\t\t<h3 class=\"pk-title\"><a href=\"https:\/\/webdelmaestrocmf.com\/portal\/francesco-tonucci-hoy-la-escuela-esta-asumiendo-un-error-fatal-que-es-hacer-mas-un-papel-de-ninera-que-de-estructura-educativa\/\" rel=\"bookmark\">Francesco Tonucci: Hoy la escuela est\u00e1 asumiendo un error fatal que es hacer m\u00e1s un papel de ni\u00f1era que de estructura educativa<\/a><\/h3>\t\t\t\t\t<\/header><!-- .entry-header -->\n\t\t\t\t<\/div><!-- .post-inner -->\n\n\t\t\t<\/div><!-- .post-outer -->\n\t\t<\/article>\n\t\t\t<article id=\"post-37424\" class=\"post-37424 post type-post status-publish format-standard has-post-thumbnail category-entrevistas category-noticias tag-desarrollo tag-heckman tag-james tag-leer tag-ninos cs-entry cs-video-wrap\">\n\t\t\t<div class=\"pk-post-outer\">\n\n\t\t\t\t\t\t\t\t<div class=\"pk-post-inner\">\n\t\t\t\t\t<div class=\"entry-thumbnail\">\n\t\t\t\t\t\t<div class=\"pk-overlay pk-overlay-ratio pk-ratio-landscape\">\n\t\t\t\t\t\t\t<div class=\"pk-overlay-background\">\n\t\t\t\t\t\t\t\t<a href=\"https:\/\/webdelmaestrocmf.com\/portal\/james-heckman-leerles-a-los-ninos-tiene-un-impacto-enorme-en-su-desarrollo\/\" class=\"pk-overlay-link\">\n\t\t\t\t\t\t\t\t\t<img loading=\"lazy\" decoding=\"async\" width=\"300\" height=\"225\" src=\"https:\/\/webdelmaestrocmf.com\/portal\/wp-content\/uploads\/2023\/01\/1AA-Banner-1-portada-imagen-10-1-copia-3-300x225.webp\" class=\"attachment-pk-thumbnail size-pk-thumbnail wp-post-image\" alt=\"\" \/>\t\t\t\t\t\t\t\t<\/a>\n\t\t\t\t\t\t\t<\/div>\n\t\t\t\t\t\t<\/div>\n\t\t\t\t\t<\/div>\n\t\t\t\t<\/div>\n\t\t\t\t\n\t\t\t\t<div class=\"pk-post-inner\">\n\t\t\t\t\t<header>\n\t\t\t\t\t\t<h3 class=\"pk-title\"><a href=\"https:\/\/webdelmaestrocmf.com\/portal\/james-heckman-leerles-a-los-ninos-tiene-un-impacto-enorme-en-su-desarrollo\/\" rel=\"bookmark\">James Heckman: Leerles a los ni\u00f1os tiene un impacto enorme en su desarrollo<\/a><\/h3>\t\t\t\t\t<\/header><!-- .entry-header -->\n\t\t\t\t<\/div><!-- .post-inner -->\n\n\t\t\t<\/div><!-- .post-outer -->\n\t\t<\/article>\n\t\t\t<article id=\"post-55421\" class=\"post-55421 post type-post status-publish format-standard has-post-thumbnail category-entrevistas category-noticias tag-ayudar tag-buena tag-debe tag-lider tag-pasion tag-persona tag-tener tag-victor-kuppers cs-entry cs-video-wrap\">\n\t\t\t<div class=\"pk-post-outer\">\n\n\t\t\t\t\t\t\t\t<div class=\"pk-post-inner\">\n\t\t\t\t\t<div class=\"entry-thumbnail\">\n\t\t\t\t\t\t<div class=\"pk-overlay pk-overlay-ratio pk-ratio-landscape\">\n\t\t\t\t\t\t\t<div class=\"pk-overlay-background\">\n\t\t\t\t\t\t\t\t<a href=\"https:\/\/webdelmaestrocmf.com\/portal\/victor-kuppers-un-lider-debe-ser-buena-persona-y-tener-pasion-por-ayudar\/\" class=\"pk-overlay-link\">\n\t\t\t\t\t\t\t\t\t<img loading=\"lazy\" decoding=\"async\" width=\"300\" height=\"225\" src=\"https:\/\/webdelmaestrocmf.com\/portal\/wp-content\/uploads\/2020\/12\/1AA-Banner-1-portada-imagen-10-1-copia-3-300x225.webp\" class=\"attachment-pk-thumbnail size-pk-thumbnail wp-post-image\" alt=\"\" \/>\t\t\t\t\t\t\t\t<\/a>\n\t\t\t\t\t\t\t<\/div>\n\t\t\t\t\t\t<\/div>\n\t\t\t\t\t<\/div>\n\t\t\t\t<\/div>\n\t\t\t\t\n\t\t\t\t<div class=\"pk-post-inner\">\n\t\t\t\t\t<header>\n\t\t\t\t\t\t<h3 class=\"pk-title\"><a href=\"https:\/\/webdelmaestrocmf.com\/portal\/victor-kuppers-un-lider-debe-ser-buena-persona-y-tener-pasion-por-ayudar\/\" rel=\"bookmark\">V\u00edctor K\u00fcppers: Un l\u00edder debe ser buena persona y tener pasi\u00f3n por ayudar<\/a><\/h3>\t\t\t\t\t<\/header><!-- .entry-header -->\n\t\t\t\t<\/div><!-- .post-inner -->\n\n\t\t\t<\/div><!-- .post-outer -->\n\t\t<\/article>\n\t\t\t\t<\/div>\n\t\t<\/div>\n\t\t\n","protected":false},"excerpt":{"rendered":"La pedagoga y experta en tecnolog\u00eda educativa sostiene que los docentes deben tener la formaci\u00f3n adecuada para enfrentarse&hellip;","protected":false},"author":1,"featured_media":95316,"comment_status":"open","ping_status":"closed","sticky":false,"template":"","format":"standard","meta":{"csco_display_header_overlay":false,"csco_singular_sidebar":"disabled","csco_page_header_type":"large","csco_page_load_nextpost":"","csco_post_video_location":[],"csco_post_video_location_hash":"","csco_post_video_url":"","csco_post_video_bg_start_time":0,"csco_post_video_bg_end_time":0,"csco_post_video_bg_volume":false,"_jetpack_memberships_contains_paid_content":false,"footnotes":""},"categories":[48,47],"tags":[16421,19687,20970,16180,20973,20975,16443,20971,17772,17631,58,55,16018,5805,20972,20390,15256,20822,16630,2945,20974,16435,20218,2942,19449,5779,20969,1589,15667,15816,18333],"class_list":{"0":"post-95315","1":"post","2":"type-post","3":"status-publish","4":"format-standard","5":"has-post-thumbnail","7":"category-entrevistas","8":"category-noticias","9":"tag-adaptacion-curricular","10":"tag-alfabetizacion-digital","11":"tag-aprendizaje-automatizado","12":"tag-aprendizaje-personalizado","13":"tag-automatizacion-del-aprendizaje","14":"tag-cambios-en-la-ensenanza","15":"tag-competencias-digitales","16":"tag-desafios-de-la-inteligencia-artificial","17":"tag-desarrollo-curricular","18":"tag-desarrollo-profesional-docente","19":"tag-docentes","20":"tag-educacion","21":"tag-educacion-4-0","22":"tag-educacion-a-distancia","23":"tag-ensenanza-digital","24":"tag-entornos-virtuales-de-aprendizaje","25":"tag-estrategias-de-ensenanza","26":"tag-etica-en-la-educacion","27":"tag-evaluacion-educativa","28":"tag-formacion-docente","29":"tag-formacion-en-tecnologia","30":"tag-herramientas-educativas","31":"tag-impacto-tecnologico","32":"tag-innovacion-educativa","33":"tag-integracion-tecnologica","34":"tag-inteligencia-artificial","35":"tag-maria-del-mar-sanchez","36":"tag-pedagogia","37":"tag-tecnologia-educativa","38":"tag-tecnologias-emergentes","39":"tag-transformacion-educativa","40":"cs-entry","41":"cs-video-wrap"},"yoast_head":"<!-- This site is optimized with the Yoast SEO plugin v27.5 - https:\/\/yoast.com\/product\/yoast-seo-wordpress\/ -->\n<title>Mar\u00eda del Mar S\u00e1nchez: Los docentes no podemos abrazar la IA (inteligencia artificial) a lo loco - 2026<\/title>\n<meta name=\"description\" content=\"La pedagoga y experta en tecnolog\u00eda educativa sostiene que los docentes deben tener la formaci\u00f3n adecuada para enfrentarse a la IA...\" \/>\n<meta name=\"robots\" content=\"index, follow, max-snippet:-1, max-image-preview:large, max-video-preview:-1\" \/>\n<link rel=\"canonical\" href=\"https:\/\/webdelmaestrocmf.com\/portal\/maria-del-mar-sanchez-los-docentes-no-podemos-abrazar-la-ia-inteligencia-artificial-a-lo-loco\/\" \/>\n<meta property=\"og:locale\" content=\"es_ES\" \/>\n<meta property=\"og:type\" content=\"article\" \/>\n<meta property=\"og:title\" content=\"Mar\u00eda del Mar S\u00e1nchez: Los docentes no podemos abrazar la IA (inteligencia artificial) a lo loco - 2026\" \/>\n<meta property=\"og:description\" content=\"La pedagoga y experta en tecnolog\u00eda educativa sostiene que los docentes deben tener la formaci\u00f3n adecuada para enfrentarse a la IA...\" \/>\n<meta property=\"og:url\" content=\"https:\/\/webdelmaestrocmf.com\/portal\/maria-del-mar-sanchez-los-docentes-no-podemos-abrazar-la-ia-inteligencia-artificial-a-lo-loco\/\" \/>\n<meta property=\"og:site_name\" content=\"Web del Maestro CMF\" \/>\n<meta property=\"article:publisher\" content=\"https:\/\/www.facebook.com\/WebdelMaestroCMF\/\" \/>\n<meta property=\"article:author\" content=\"https:\/\/www.facebook.com\/WebdelMaestroCMF\/\" \/>\n<meta property=\"article:published_time\" content=\"2023-09-20T01:57:55+00:00\" \/>\n<meta property=\"article:modified_time\" content=\"2026-03-10T21:35:39+00:00\" \/>\n<meta property=\"og:image\" content=\"https:\/\/webdelmaestrocmf.com\/portal\/wp-content\/uploads\/2023\/09\/A12B3C4D-6-4.jpg\" \/>\n\t<meta property=\"og:image:width\" content=\"900\" \/>\n\t<meta property=\"og:image:height\" content=\"556\" \/>\n\t<meta property=\"og:image:type\" content=\"image\/jpeg\" \/>\n<meta name=\"author\" content=\"Web del Maestro CMF\" \/>\n<meta name=\"twitter:card\" content=\"summary_large_image\" \/>\n<meta name=\"twitter:creator\" content=\"@cmf_w\" \/>\n<meta name=\"twitter:site\" content=\"@cmf_w\" \/>\n<script type=\"application\/ld+json\" class=\"yoast-schema-graph\">{\"@context\":\"https:\\\/\\\/schema.org\",\"@graph\":[{\"@type\":\"ScholarlyArticle\",\"@id\":\"https:\\\/\\\/webdelmaestrocmf.com\\\/portal\\\/maria-del-mar-sanchez-los-docentes-no-podemos-abrazar-la-ia-inteligencia-artificial-a-lo-loco\\\/#article\",\"isPartOf\":{\"@id\":\"https:\\\/\\\/webdelmaestrocmf.com\\\/portal\\\/maria-del-mar-sanchez-los-docentes-no-podemos-abrazar-la-ia-inteligencia-artificial-a-lo-loco\\\/\"},\"author\":{\"name\":\"Web del Maestro CMF\",\"@id\":\"https:\\\/\\\/webdelmaestrocmf.com\\\/portal\\\/#\\\/schema\\\/person\\\/1072a2ed7bd960df8ef99a551fa35dc5\"},\"headline\":\"Mar\u00eda del Mar S\u00e1nchez: Los docentes no podemos abrazar la IA (inteligencia artificial) a lo loco\",\"datePublished\":\"2023-09-20T01:57:55+00:00\",\"dateModified\":\"2026-03-10T21:35:39+00:00\",\"mainEntityOfPage\":{\"@id\":\"https:\\\/\\\/webdelmaestrocmf.com\\\/portal\\\/maria-del-mar-sanchez-los-docentes-no-podemos-abrazar-la-ia-inteligencia-artificial-a-lo-loco\\\/\"},\"wordCount\":2491,\"commentCount\":0,\"publisher\":{\"@id\":\"https:\\\/\\\/webdelmaestrocmf.com\\\/portal\\\/#organization\"},\"image\":{\"@id\":\"https:\\\/\\\/webdelmaestrocmf.com\\\/portal\\\/maria-del-mar-sanchez-los-docentes-no-podemos-abrazar-la-ia-inteligencia-artificial-a-lo-loco\\\/#primaryimage\"},\"thumbnailUrl\":\"https:\\\/\\\/webdelmaestrocmf.com\\\/portal\\\/wp-content\\\/uploads\\\/2023\\\/09\\\/A12B3C4D-6-4.jpg\",\"keywords\":[\"Adaptaci\u00f3n Curricular\",\"alfabetizaci\u00f3n digital\",\"Aprendizaje Automatizado\",\"aprendizaje personalizado\",\"Automatizaci\u00f3n del Aprendizaje\",\"Cambios en la Ense\u00f1anza\",\"Competencias digitales\",\"Desaf\u00edos de la Inteligencia Artificial\",\"Desarrollo curricular\",\"desarrollo profesional docente\",\"DOCENTES\",\"EDUCACI\u00d3N\",\"Educaci\u00f3n 4.0\",\"Educaci\u00f3n a distancia\",\"Ense\u00f1anza Digital\",\"Entornos virtuales de aprendizaje\",\"estrategias de ense\u00f1anza\",\"\u00c9tica en la educaci\u00f3n\",\"evaluaci\u00f3n educativa\",\"FORMACI\u00d3N DOCENTE\",\"Formaci\u00f3n en Tecnolog\u00eda\",\"Herramientas educativas\",\"Impacto tecnol\u00f3gico\",\"INNOVACI\u00d3N EDUCATIVA\",\"Integraci\u00f3n tecnol\u00f3gica\",\"INTELIGENCIA ARTIFICIAL\",\"Mar\u00eda del Mar S\u00e1nchez\",\"PEDAGOG\u00cdA\",\"TECNOLOG\u00cdA EDUCATIVA\",\"Tecnolog\u00edas emergentes\",\"Transformaci\u00f3n Educativa\"],\"articleSection\":[\"Entrevistas\",\"Noticias\"],\"inLanguage\":\"es\",\"potentialAction\":[{\"@type\":\"CommentAction\",\"name\":\"Comment\",\"target\":[\"https:\\\/\\\/webdelmaestrocmf.com\\\/portal\\\/maria-del-mar-sanchez-los-docentes-no-podemos-abrazar-la-ia-inteligencia-artificial-a-lo-loco\\\/#respond\"]}]},{\"@type\":\"WebPage\",\"@id\":\"https:\\\/\\\/webdelmaestrocmf.com\\\/portal\\\/maria-del-mar-sanchez-los-docentes-no-podemos-abrazar-la-ia-inteligencia-artificial-a-lo-loco\\\/\",\"url\":\"https:\\\/\\\/webdelmaestrocmf.com\\\/portal\\\/maria-del-mar-sanchez-los-docentes-no-podemos-abrazar-la-ia-inteligencia-artificial-a-lo-loco\\\/\",\"name\":\"Mar\u00eda del Mar S\u00e1nchez: Los docentes no podemos abrazar la IA (inteligencia artificial) a lo loco - 2026\",\"isPartOf\":{\"@id\":\"https:\\\/\\\/webdelmaestrocmf.com\\\/portal\\\/#website\"},\"primaryImageOfPage\":{\"@id\":\"https:\\\/\\\/webdelmaestrocmf.com\\\/portal\\\/maria-del-mar-sanchez-los-docentes-no-podemos-abrazar-la-ia-inteligencia-artificial-a-lo-loco\\\/#primaryimage\"},\"image\":{\"@id\":\"https:\\\/\\\/webdelmaestrocmf.com\\\/portal\\\/maria-del-mar-sanchez-los-docentes-no-podemos-abrazar-la-ia-inteligencia-artificial-a-lo-loco\\\/#primaryimage\"},\"thumbnailUrl\":\"https:\\\/\\\/webdelmaestrocmf.com\\\/portal\\\/wp-content\\\/uploads\\\/2023\\\/09\\\/A12B3C4D-6-4.jpg\",\"datePublished\":\"2023-09-20T01:57:55+00:00\",\"dateModified\":\"2026-03-10T21:35:39+00:00\",\"description\":\"La pedagoga y experta en tecnolog\u00eda educativa sostiene que los docentes deben tener la formaci\u00f3n adecuada para enfrentarse a la IA...\",\"breadcrumb\":{\"@id\":\"https:\\\/\\\/webdelmaestrocmf.com\\\/portal\\\/maria-del-mar-sanchez-los-docentes-no-podemos-abrazar-la-ia-inteligencia-artificial-a-lo-loco\\\/#breadcrumb\"},\"inLanguage\":\"es\",\"potentialAction\":[{\"@type\":\"ReadAction\",\"target\":[\"https:\\\/\\\/webdelmaestrocmf.com\\\/portal\\\/maria-del-mar-sanchez-los-docentes-no-podemos-abrazar-la-ia-inteligencia-artificial-a-lo-loco\\\/\"]}]},{\"@type\":\"ImageObject\",\"inLanguage\":\"es\",\"@id\":\"https:\\\/\\\/webdelmaestrocmf.com\\\/portal\\\/maria-del-mar-sanchez-los-docentes-no-podemos-abrazar-la-ia-inteligencia-artificial-a-lo-loco\\\/#primaryimage\",\"url\":\"https:\\\/\\\/webdelmaestrocmf.com\\\/portal\\\/wp-content\\\/uploads\\\/2023\\\/09\\\/A12B3C4D-6-4.jpg\",\"contentUrl\":\"https:\\\/\\\/webdelmaestrocmf.com\\\/portal\\\/wp-content\\\/uploads\\\/2023\\\/09\\\/A12B3C4D-6-4.jpg\",\"width\":900,\"height\":556,\"caption\":\"IA\"},{\"@type\":\"BreadcrumbList\",\"@id\":\"https:\\\/\\\/webdelmaestrocmf.com\\\/portal\\\/maria-del-mar-sanchez-los-docentes-no-podemos-abrazar-la-ia-inteligencia-artificial-a-lo-loco\\\/#breadcrumb\",\"itemListElement\":[{\"@type\":\"ListItem\",\"position\":1,\"name\":\"Portada\",\"item\":\"https:\\\/\\\/webdelmaestrocmf.com\\\/portal\\\/\"},{\"@type\":\"ListItem\",\"position\":2,\"name\":\"Noticias\",\"item\":\"https:\\\/\\\/webdelmaestrocmf.com\\\/portal\\\/category\\\/noticias\\\/\"},{\"@type\":\"ListItem\",\"position\":3,\"name\":\"Mar\u00eda del Mar S\u00e1nchez: Los docentes no podemos abrazar la IA (inteligencia artificial) a lo loco\"}]},{\"@type\":\"WebSite\",\"@id\":\"https:\\\/\\\/webdelmaestrocmf.com\\\/portal\\\/#website\",\"url\":\"https:\\\/\\\/webdelmaestrocmf.com\\\/portal\\\/\",\"name\":\"Web del Maestro CMF\",\"description\":\"Maestros al servicio de la educaci\u00f3n\",\"publisher\":{\"@id\":\"https:\\\/\\\/webdelmaestrocmf.com\\\/portal\\\/#organization\"},\"alternateName\":\"WMCMF\",\"potentialAction\":[{\"@type\":\"SearchAction\",\"target\":{\"@type\":\"EntryPoint\",\"urlTemplate\":\"https:\\\/\\\/webdelmaestrocmf.com\\\/portal\\\/?s={search_term_string}\"},\"query-input\":{\"@type\":\"PropertyValueSpecification\",\"valueRequired\":true,\"valueName\":\"search_term_string\"}}],\"inLanguage\":\"es\"},{\"@type\":\"Organization\",\"@id\":\"https:\\\/\\\/webdelmaestrocmf.com\\\/portal\\\/#organization\",\"name\":\"Web del Maestro CMF\",\"alternateName\":\"WMCMF\",\"url\":\"https:\\\/\\\/webdelmaestrocmf.com\\\/portal\\\/\",\"logo\":{\"@type\":\"ImageObject\",\"inLanguage\":\"es\",\"@id\":\"https:\\\/\\\/webdelmaestrocmf.com\\\/portal\\\/#\\\/schema\\\/logo\\\/image\\\/\",\"url\":\"https:\\\/\\\/webdelmaestrocmf.com\\\/portal\\\/wp-content\\\/uploads\\\/2023\\\/01\\\/logo-wmcmf-2.png\",\"contentUrl\":\"https:\\\/\\\/webdelmaestrocmf.com\\\/portal\\\/wp-content\\\/uploads\\\/2023\\\/01\\\/logo-wmcmf-2.png\",\"width\":200,\"height\":60,\"caption\":\"Web del Maestro CMF\"},\"image\":{\"@id\":\"https:\\\/\\\/webdelmaestrocmf.com\\\/portal\\\/#\\\/schema\\\/logo\\\/image\\\/\"},\"sameAs\":[\"https:\\\/\\\/www.facebook.com\\\/WebdelMaestroCMF\\\/\",\"https:\\\/\\\/x.com\\\/cmf_w\",\"https:\\\/\\\/www.pinterest.com\\\/WMCMF\\\/\",\"https:\\\/\\\/www.linkedin.com\\\/company\\\/web-del-maestro-cmf\\\/\",\"https:\\\/\\\/www.instagram.com\\\/wmcmf\\\/\",\"https:\\\/\\\/www.youtube.com\\\/channel\\\/UCDPSvjbdodE5sHnC3OxutHw\",\"https:\\\/\\\/mastodon.social\\\/@wmcmf\",\"https:\\\/\\\/www.tiktok.com\\\/@webdelmaestrocmf\"]},{\"@type\":\"Person\",\"@id\":\"https:\\\/\\\/webdelmaestrocmf.com\\\/portal\\\/#\\\/schema\\\/person\\\/1072a2ed7bd960df8ef99a551fa35dc5\",\"name\":\"Web del Maestro CMF\",\"image\":{\"@type\":\"ImageObject\",\"inLanguage\":\"es\",\"@id\":\"https:\\\/\\\/secure.gravatar.com\\\/avatar\\\/23291dd5b5ae1077dcff3dbb04c3e02bd28403fa75af6d8787d5e97c5bbbe30b?s=96&d=mm&r=g\",\"url\":\"https:\\\/\\\/secure.gravatar.com\\\/avatar\\\/23291dd5b5ae1077dcff3dbb04c3e02bd28403fa75af6d8787d5e97c5bbbe30b?s=96&d=mm&r=g\",\"contentUrl\":\"https:\\\/\\\/secure.gravatar.com\\\/avatar\\\/23291dd5b5ae1077dcff3dbb04c3e02bd28403fa75af6d8787d5e97c5bbbe30b?s=96&d=mm&r=g\",\"caption\":\"Web del Maestro CMF\"},\"description\":\"Esta Web se cre\u00f3 sin fines de lucro, con fines educativos, cient\u00edficos y acad\u00e9micos, para personas que tengan dificultades y\\\/o inconvenientes en visualizar el material original. El objetivo es entregar recursos, compartir experiencias y materiales que ayuden a los padres de familia, maestros y estudiantes en su actualizaci\u00f3n y formaci\u00f3n permanente, en bien de la Educaci\u00f3n.\",\"sameAs\":[\"http:\\\/\\\/webdelmaestrocmf.com\\\/portal\",\"https:\\\/\\\/www.facebook.com\\\/WebdelMaestroCMF\\\/\",\"https:\\\/\\\/www.instagram.com\\\/wmcmf\\\/\",\"https:\\\/\\\/cl.linkedin.com\\\/company\\\/web-del-maestro-cmf\",\"https:\\\/\\\/www.pinterest.com\\\/WMCMF\\\/publicaciones\\\/\",\"https:\\\/\\\/x.com\\\/cmf_w\",\"https:\\\/\\\/www.youtube.com\\\/@WMCMF\"]}]}<\/script>\n<!-- \/ Yoast SEO plugin. -->","yoast_head_json":{"title":"Mar\u00eda del Mar S\u00e1nchez: Los docentes no podemos abrazar la IA (inteligencia artificial) a lo loco - 2026","description":"La pedagoga y experta en tecnolog\u00eda educativa sostiene que los docentes deben tener la formaci\u00f3n adecuada para enfrentarse a la IA...","robots":{"index":"index","follow":"follow","max-snippet":"max-snippet:-1","max-image-preview":"max-image-preview:large","max-video-preview":"max-video-preview:-1"},"canonical":"https:\/\/webdelmaestrocmf.com\/portal\/maria-del-mar-sanchez-los-docentes-no-podemos-abrazar-la-ia-inteligencia-artificial-a-lo-loco\/","og_locale":"es_ES","og_type":"article","og_title":"Mar\u00eda del Mar S\u00e1nchez: Los docentes no podemos abrazar la IA (inteligencia artificial) a lo loco - 2026","og_description":"La pedagoga y experta en tecnolog\u00eda educativa sostiene que los docentes deben tener la formaci\u00f3n adecuada para enfrentarse a la IA...","og_url":"https:\/\/webdelmaestrocmf.com\/portal\/maria-del-mar-sanchez-los-docentes-no-podemos-abrazar-la-ia-inteligencia-artificial-a-lo-loco\/","og_site_name":"Web del Maestro CMF","article_publisher":"https:\/\/www.facebook.com\/WebdelMaestroCMF\/","article_author":"https:\/\/www.facebook.com\/WebdelMaestroCMF\/","article_published_time":"2023-09-20T01:57:55+00:00","article_modified_time":"2026-03-10T21:35:39+00:00","og_image":[{"width":900,"height":556,"url":"https:\/\/webdelmaestrocmf.com\/portal\/wp-content\/uploads\/2023\/09\/A12B3C4D-6-4.jpg","type":"image\/jpeg"}],"author":"Web del Maestro CMF","twitter_card":"summary_large_image","twitter_creator":"@cmf_w","twitter_site":"@cmf_w","schema":{"@context":"https:\/\/schema.org","@graph":[{"@type":"ScholarlyArticle","@id":"https:\/\/webdelmaestrocmf.com\/portal\/maria-del-mar-sanchez-los-docentes-no-podemos-abrazar-la-ia-inteligencia-artificial-a-lo-loco\/#article","isPartOf":{"@id":"https:\/\/webdelmaestrocmf.com\/portal\/maria-del-mar-sanchez-los-docentes-no-podemos-abrazar-la-ia-inteligencia-artificial-a-lo-loco\/"},"author":{"name":"Web del Maestro CMF","@id":"https:\/\/webdelmaestrocmf.com\/portal\/#\/schema\/person\/1072a2ed7bd960df8ef99a551fa35dc5"},"headline":"Mar\u00eda del Mar S\u00e1nchez: Los docentes no podemos abrazar la IA (inteligencia artificial) a lo loco","datePublished":"2023-09-20T01:57:55+00:00","dateModified":"2026-03-10T21:35:39+00:00","mainEntityOfPage":{"@id":"https:\/\/webdelmaestrocmf.com\/portal\/maria-del-mar-sanchez-los-docentes-no-podemos-abrazar-la-ia-inteligencia-artificial-a-lo-loco\/"},"wordCount":2491,"commentCount":0,"publisher":{"@id":"https:\/\/webdelmaestrocmf.com\/portal\/#organization"},"image":{"@id":"https:\/\/webdelmaestrocmf.com\/portal\/maria-del-mar-sanchez-los-docentes-no-podemos-abrazar-la-ia-inteligencia-artificial-a-lo-loco\/#primaryimage"},"thumbnailUrl":"https:\/\/webdelmaestrocmf.com\/portal\/wp-content\/uploads\/2023\/09\/A12B3C4D-6-4.jpg","keywords":["Adaptaci\u00f3n Curricular","alfabetizaci\u00f3n digital","Aprendizaje Automatizado","aprendizaje personalizado","Automatizaci\u00f3n del Aprendizaje","Cambios en la Ense\u00f1anza","Competencias digitales","Desaf\u00edos de la Inteligencia Artificial","Desarrollo curricular","desarrollo profesional docente","DOCENTES","EDUCACI\u00d3N","Educaci\u00f3n 4.0","Educaci\u00f3n a distancia","Ense\u00f1anza Digital","Entornos virtuales de aprendizaje","estrategias de ense\u00f1anza","\u00c9tica en la educaci\u00f3n","evaluaci\u00f3n educativa","FORMACI\u00d3N DOCENTE","Formaci\u00f3n en Tecnolog\u00eda","Herramientas educativas","Impacto tecnol\u00f3gico","INNOVACI\u00d3N EDUCATIVA","Integraci\u00f3n tecnol\u00f3gica","INTELIGENCIA ARTIFICIAL","Mar\u00eda del Mar S\u00e1nchez","PEDAGOG\u00cdA","TECNOLOG\u00cdA EDUCATIVA","Tecnolog\u00edas emergentes","Transformaci\u00f3n Educativa"],"articleSection":["Entrevistas","Noticias"],"inLanguage":"es","potentialAction":[{"@type":"CommentAction","name":"Comment","target":["https:\/\/webdelmaestrocmf.com\/portal\/maria-del-mar-sanchez-los-docentes-no-podemos-abrazar-la-ia-inteligencia-artificial-a-lo-loco\/#respond"]}]},{"@type":"WebPage","@id":"https:\/\/webdelmaestrocmf.com\/portal\/maria-del-mar-sanchez-los-docentes-no-podemos-abrazar-la-ia-inteligencia-artificial-a-lo-loco\/","url":"https:\/\/webdelmaestrocmf.com\/portal\/maria-del-mar-sanchez-los-docentes-no-podemos-abrazar-la-ia-inteligencia-artificial-a-lo-loco\/","name":"Mar\u00eda del Mar S\u00e1nchez: Los docentes no podemos abrazar la IA (inteligencia artificial) a lo loco - 2026","isPartOf":{"@id":"https:\/\/webdelmaestrocmf.com\/portal\/#website"},"primaryImageOfPage":{"@id":"https:\/\/webdelmaestrocmf.com\/portal\/maria-del-mar-sanchez-los-docentes-no-podemos-abrazar-la-ia-inteligencia-artificial-a-lo-loco\/#primaryimage"},"image":{"@id":"https:\/\/webdelmaestrocmf.com\/portal\/maria-del-mar-sanchez-los-docentes-no-podemos-abrazar-la-ia-inteligencia-artificial-a-lo-loco\/#primaryimage"},"thumbnailUrl":"https:\/\/webdelmaestrocmf.com\/portal\/wp-content\/uploads\/2023\/09\/A12B3C4D-6-4.jpg","datePublished":"2023-09-20T01:57:55+00:00","dateModified":"2026-03-10T21:35:39+00:00","description":"La pedagoga y experta en tecnolog\u00eda educativa sostiene que los docentes deben tener la formaci\u00f3n adecuada para enfrentarse a la IA...","breadcrumb":{"@id":"https:\/\/webdelmaestrocmf.com\/portal\/maria-del-mar-sanchez-los-docentes-no-podemos-abrazar-la-ia-inteligencia-artificial-a-lo-loco\/#breadcrumb"},"inLanguage":"es","potentialAction":[{"@type":"ReadAction","target":["https:\/\/webdelmaestrocmf.com\/portal\/maria-del-mar-sanchez-los-docentes-no-podemos-abrazar-la-ia-inteligencia-artificial-a-lo-loco\/"]}]},{"@type":"ImageObject","inLanguage":"es","@id":"https:\/\/webdelmaestrocmf.com\/portal\/maria-del-mar-sanchez-los-docentes-no-podemos-abrazar-la-ia-inteligencia-artificial-a-lo-loco\/#primaryimage","url":"https:\/\/webdelmaestrocmf.com\/portal\/wp-content\/uploads\/2023\/09\/A12B3C4D-6-4.jpg","contentUrl":"https:\/\/webdelmaestrocmf.com\/portal\/wp-content\/uploads\/2023\/09\/A12B3C4D-6-4.jpg","width":900,"height":556,"caption":"IA"},{"@type":"BreadcrumbList","@id":"https:\/\/webdelmaestrocmf.com\/portal\/maria-del-mar-sanchez-los-docentes-no-podemos-abrazar-la-ia-inteligencia-artificial-a-lo-loco\/#breadcrumb","itemListElement":[{"@type":"ListItem","position":1,"name":"Portada","item":"https:\/\/webdelmaestrocmf.com\/portal\/"},{"@type":"ListItem","position":2,"name":"Noticias","item":"https:\/\/webdelmaestrocmf.com\/portal\/category\/noticias\/"},{"@type":"ListItem","position":3,"name":"Mar\u00eda del Mar S\u00e1nchez: Los docentes no podemos abrazar la IA (inteligencia artificial) a lo loco"}]},{"@type":"WebSite","@id":"https:\/\/webdelmaestrocmf.com\/portal\/#website","url":"https:\/\/webdelmaestrocmf.com\/portal\/","name":"Web del Maestro CMF","description":"Maestros al servicio de la educaci\u00f3n","publisher":{"@id":"https:\/\/webdelmaestrocmf.com\/portal\/#organization"},"alternateName":"WMCMF","potentialAction":[{"@type":"SearchAction","target":{"@type":"EntryPoint","urlTemplate":"https:\/\/webdelmaestrocmf.com\/portal\/?s={search_term_string}"},"query-input":{"@type":"PropertyValueSpecification","valueRequired":true,"valueName":"search_term_string"}}],"inLanguage":"es"},{"@type":"Organization","@id":"https:\/\/webdelmaestrocmf.com\/portal\/#organization","name":"Web del Maestro CMF","alternateName":"WMCMF","url":"https:\/\/webdelmaestrocmf.com\/portal\/","logo":{"@type":"ImageObject","inLanguage":"es","@id":"https:\/\/webdelmaestrocmf.com\/portal\/#\/schema\/logo\/image\/","url":"https:\/\/webdelmaestrocmf.com\/portal\/wp-content\/uploads\/2023\/01\/logo-wmcmf-2.png","contentUrl":"https:\/\/webdelmaestrocmf.com\/portal\/wp-content\/uploads\/2023\/01\/logo-wmcmf-2.png","width":200,"height":60,"caption":"Web del Maestro CMF"},"image":{"@id":"https:\/\/webdelmaestrocmf.com\/portal\/#\/schema\/logo\/image\/"},"sameAs":["https:\/\/www.facebook.com\/WebdelMaestroCMF\/","https:\/\/x.com\/cmf_w","https:\/\/www.pinterest.com\/WMCMF\/","https:\/\/www.linkedin.com\/company\/web-del-maestro-cmf\/","https:\/\/www.instagram.com\/wmcmf\/","https:\/\/www.youtube.com\/channel\/UCDPSvjbdodE5sHnC3OxutHw","https:\/\/mastodon.social\/@wmcmf","https:\/\/www.tiktok.com\/@webdelmaestrocmf"]},{"@type":"Person","@id":"https:\/\/webdelmaestrocmf.com\/portal\/#\/schema\/person\/1072a2ed7bd960df8ef99a551fa35dc5","name":"Web del Maestro CMF","image":{"@type":"ImageObject","inLanguage":"es","@id":"https:\/\/secure.gravatar.com\/avatar\/23291dd5b5ae1077dcff3dbb04c3e02bd28403fa75af6d8787d5e97c5bbbe30b?s=96&d=mm&r=g","url":"https:\/\/secure.gravatar.com\/avatar\/23291dd5b5ae1077dcff3dbb04c3e02bd28403fa75af6d8787d5e97c5bbbe30b?s=96&d=mm&r=g","contentUrl":"https:\/\/secure.gravatar.com\/avatar\/23291dd5b5ae1077dcff3dbb04c3e02bd28403fa75af6d8787d5e97c5bbbe30b?s=96&d=mm&r=g","caption":"Web del Maestro CMF"},"description":"Esta Web se cre\u00f3 sin fines de lucro, con fines educativos, cient\u00edficos y acad\u00e9micos, para personas que tengan dificultades y\/o inconvenientes en visualizar el material original. El objetivo es entregar recursos, compartir experiencias y materiales que ayuden a los padres de familia, maestros y estudiantes en su actualizaci\u00f3n y formaci\u00f3n permanente, en bien de la Educaci\u00f3n.","sameAs":["http:\/\/webdelmaestrocmf.com\/portal","https:\/\/www.facebook.com\/WebdelMaestroCMF\/","https:\/\/www.instagram.com\/wmcmf\/","https:\/\/cl.linkedin.com\/company\/web-del-maestro-cmf","https:\/\/www.pinterest.com\/WMCMF\/publicaciones\/","https:\/\/x.com\/cmf_w","https:\/\/www.youtube.com\/@WMCMF"]}]}},"jetpack_featured_media_url":"https:\/\/webdelmaestrocmf.com\/portal\/wp-content\/uploads\/2023\/09\/A12B3C4D-6-4.jpg","jetpack_sharing_enabled":true,"jetpack-related-posts":[{"id":101857,"url":"https:\/\/webdelmaestrocmf.com\/portal\/recomendacion-de-cursos-de-capacitacitacion-para-docentes\/","url_meta":{"origin":95315,"position":0},"title":"Recomendaci\u00f3n de cursos de capacitaci\u00f3n para docentes","author":"Web del Maestro CMF","date":"25 diciembre, 2023","format":false,"excerpt":"Los cursos de capacitaci\u00f3n que debe hacer un docente ahora est\u00e1n determinados por las necesidades espec\u00edficas del docente y del contexto educativo en el que trabaja. Sin embargo, hay algunas \u00e1reas generales que son importantes para todos los docentes, independientemente de su experiencia o nivel de educaci\u00f3n. En este sentido,\u2026","rel":"","context":"En \u00abCursos\u00bb","block_context":{"text":"Cursos","link":"https:\/\/webdelmaestrocmf.com\/portal\/category\/cursos\/"},"img":{"alt_text":"cursos de capacitacitaci\u00f3n","src":"https:\/\/i0.wp.com\/webdelmaestrocmf.com\/portal\/wp-content\/uploads\/2023\/12\/A12B3C4D-14.jpg?resize=350%2C200&ssl=1","width":350,"height":200,"srcset":"https:\/\/i0.wp.com\/webdelmaestrocmf.com\/portal\/wp-content\/uploads\/2023\/12\/A12B3C4D-14.jpg?resize=350%2C200&ssl=1 1x, https:\/\/i0.wp.com\/webdelmaestrocmf.com\/portal\/wp-content\/uploads\/2023\/12\/A12B3C4D-14.jpg?resize=525%2C300&ssl=1 1.5x, https:\/\/i0.wp.com\/webdelmaestrocmf.com\/portal\/wp-content\/uploads\/2023\/12\/A12B3C4D-14.jpg?resize=700%2C400&ssl=1 2x"},"classes":[]},{"id":107726,"url":"https:\/\/webdelmaestrocmf.com\/portal\/docencia-en-la-era-de-la-inteligencia-artificial-descarga-el-manual-para-docentes\/","url_meta":{"origin":95315,"position":1},"title":"Docencia en la era de la inteligencia artificial: descarga los tres manuales de inteligencia artificial para docentes con herramientas educativas","author":"Web del Maestro CMF","date":"16 abril, 2026","format":false,"excerpt":"Explora c\u00f3mo la inteligencia artificial (IA) est\u00e1 transformando la educaci\u00f3n, ofreciendo herramientas para mejorar la ense\u00f1anza, evaluaci\u00f3n y aprendizaje.","rel":"","context":"En \u00abDescarga\u00bb","block_context":{"text":"Descarga","link":"https:\/\/webdelmaestrocmf.com\/portal\/category\/descarga\/"},"img":{"alt_text":"","src":"https:\/\/i0.wp.com\/webdelmaestrocmf.com\/portal\/wp-content\/uploads\/2026\/03\/1AA-Banner-1-portada-imagen-10-1-copia-22-2.webp?resize=350%2C200&ssl=1","width":350,"height":200,"srcset":"https:\/\/i0.wp.com\/webdelmaestrocmf.com\/portal\/wp-content\/uploads\/2026\/03\/1AA-Banner-1-portada-imagen-10-1-copia-22-2.webp?resize=350%2C200&ssl=1 1x, https:\/\/i0.wp.com\/webdelmaestrocmf.com\/portal\/wp-content\/uploads\/2026\/03\/1AA-Banner-1-portada-imagen-10-1-copia-22-2.webp?resize=525%2C300&ssl=1 1.5x, https:\/\/i0.wp.com\/webdelmaestrocmf.com\/portal\/wp-content\/uploads\/2026\/03\/1AA-Banner-1-portada-imagen-10-1-copia-22-2.webp?resize=700%2C400&ssl=1 2x, https:\/\/i0.wp.com\/webdelmaestrocmf.com\/portal\/wp-content\/uploads\/2026\/03\/1AA-Banner-1-portada-imagen-10-1-copia-22-2.webp?resize=1050%2C600&ssl=1 3x"},"classes":[]},{"id":101602,"url":"https:\/\/webdelmaestrocmf.com\/portal\/competencias-del-docente-en-tiempos-de-la-ia\/","url_meta":{"origin":95315,"position":2},"title":"Competencias del docente en tiempos de la IA","author":"Web del Maestro CMF","date":"10 diciembre, 2023","format":false,"excerpt":"La revoluci\u00f3n de la inteligencia artificial ha dejado una marca significativa en la educaci\u00f3n, transformando la forma en que los docentes abordan su labor. En este contexto cambiante, surge la importancia de las competencias del docente, ya que es imperativo que el educador adquiera habilidades espec\u00edficas para mantenerse efectivo. La\u2026","rel":"","context":"En \u00abCompetencias\u00bb","block_context":{"text":"Competencias","link":"https:\/\/webdelmaestrocmf.com\/portal\/category\/pedagogia\/competencias\/"},"img":{"alt_text":"Competencias del docente","src":"https:\/\/i0.wp.com\/webdelmaestrocmf.com\/portal\/wp-content\/uploads\/2023\/12\/A12B3C4D-1-2.jpg?resize=350%2C200&ssl=1","width":350,"height":200,"srcset":"https:\/\/i0.wp.com\/webdelmaestrocmf.com\/portal\/wp-content\/uploads\/2023\/12\/A12B3C4D-1-2.jpg?resize=350%2C200&ssl=1 1x, https:\/\/i0.wp.com\/webdelmaestrocmf.com\/portal\/wp-content\/uploads\/2023\/12\/A12B3C4D-1-2.jpg?resize=525%2C300&ssl=1 1.5x, https:\/\/i0.wp.com\/webdelmaestrocmf.com\/portal\/wp-content\/uploads\/2023\/12\/A12B3C4D-1-2.jpg?resize=700%2C400&ssl=1 2x"},"classes":[]},{"id":118260,"url":"https:\/\/webdelmaestrocmf.com\/portal\/la-ia-elimina-16-carreras-universitarias-en-china\/","url_meta":{"origin":95315,"position":3},"title":"La IA elimina 16 carreras universitarias en China","author":"Web del Maestro CMF","date":"24 abril, 2026","format":false,"excerpt":"La inteligencia artificial ya est\u00e1 transformando carreras y el mercado laboral. La educaci\u00f3n debe adaptarse con urgencia, priorizando habilidades cr\u00edticas, pensamiento aut\u00f3nomo y uso consciente de tecnolog\u00eda para no quedar rezagada.","rel":"","context":"En \u00abNoticias Internacionales\u00bb","block_context":{"text":"Noticias Internacionales","link":"https:\/\/webdelmaestrocmf.com\/portal\/category\/noticias-internacionales\/"},"img":{"alt_text":"","src":"https:\/\/i0.wp.com\/webdelmaestrocmf.com\/portal\/wp-content\/uploads\/2026\/04\/1AA-Banner-1-portada-imagen-10-1-copia-10-2.webp?resize=350%2C200&ssl=1","width":350,"height":200,"srcset":"https:\/\/i0.wp.com\/webdelmaestrocmf.com\/portal\/wp-content\/uploads\/2026\/04\/1AA-Banner-1-portada-imagen-10-1-copia-10-2.webp?resize=350%2C200&ssl=1 1x, https:\/\/i0.wp.com\/webdelmaestrocmf.com\/portal\/wp-content\/uploads\/2026\/04\/1AA-Banner-1-portada-imagen-10-1-copia-10-2.webp?resize=525%2C300&ssl=1 1.5x, https:\/\/i0.wp.com\/webdelmaestrocmf.com\/portal\/wp-content\/uploads\/2026\/04\/1AA-Banner-1-portada-imagen-10-1-copia-10-2.webp?resize=700%2C400&ssl=1 2x, https:\/\/i0.wp.com\/webdelmaestrocmf.com\/portal\/wp-content\/uploads\/2026\/04\/1AA-Banner-1-portada-imagen-10-1-copia-10-2.webp?resize=1050%2C600&ssl=1 3x"},"classes":[]},{"id":117199,"url":"https:\/\/webdelmaestrocmf.com\/portal\/nuevos-desafios-educativos-transhumanismo-y-posthumanismo-parte-i\/","url_meta":{"origin":95315,"position":4},"title":"Nuevos desaf\u00edos educativos: Transhumanismo y Posthumanismo (Parte I)","author":"Web del Maestro CMF","date":"1 abril, 2026","format":false,"excerpt":"La educaci\u00f3n enfrenta un error humano: confundir informaci\u00f3n con comprensi\u00f3n y olvidar que formar personas exige pensamiento cr\u00edtico, \u00e9tica y sentido, m\u00e1s all\u00e1 del uso de la inteligencia artificial.","rel":"","context":"En \u00abYo opino - WMCMF\u00bb","block_context":{"text":"Yo opino - WMCMF","link":"https:\/\/webdelmaestrocmf.com\/portal\/category\/jamb\/"},"img":{"alt_text":"","src":"https:\/\/i0.wp.com\/webdelmaestrocmf.com\/portal\/wp-content\/uploads\/2026\/04\/1AA-Banner-1-portada-imagen-10-1-copia-7.webp?resize=350%2C200&ssl=1","width":350,"height":200,"srcset":"https:\/\/i0.wp.com\/webdelmaestrocmf.com\/portal\/wp-content\/uploads\/2026\/04\/1AA-Banner-1-portada-imagen-10-1-copia-7.webp?resize=350%2C200&ssl=1 1x, https:\/\/i0.wp.com\/webdelmaestrocmf.com\/portal\/wp-content\/uploads\/2026\/04\/1AA-Banner-1-portada-imagen-10-1-copia-7.webp?resize=525%2C300&ssl=1 1.5x, https:\/\/i0.wp.com\/webdelmaestrocmf.com\/portal\/wp-content\/uploads\/2026\/04\/1AA-Banner-1-portada-imagen-10-1-copia-7.webp?resize=700%2C400&ssl=1 2x, https:\/\/i0.wp.com\/webdelmaestrocmf.com\/portal\/wp-content\/uploads\/2026\/04\/1AA-Banner-1-portada-imagen-10-1-copia-7.webp?resize=1050%2C600&ssl=1 3x"},"classes":[]},{"id":103870,"url":"https:\/\/webdelmaestrocmf.com\/portal\/estas-son-habilidades-y-competencias-mas-demandadas-de-los-docentes-para-el-2025\/","url_meta":{"origin":95315,"position":5},"title":"Estas son Habilidades y Competencias m\u00e1s demandadas de los docentes para el 2026","author":"Web del Maestro CMF","date":"5 enero, 2026","format":false,"excerpt":"La educaci\u00f3n atraviesa una transformaci\u00f3n profunda. La aceleraci\u00f3n tecnol\u00f3gica, la irrupci\u00f3n de la inteligencia artificial, los cambios en la forma de aprender y las nuevas demandas sociales han modificado de manera irreversible el rol del docente. Ya no se trata solo de ense\u00f1ar contenidos, sino de formar criterio, pensamiento aut\u00f3nomo\u2026","rel":"","context":"En \u00abCompetencias\u00bb","block_context":{"text":"Competencias","link":"https:\/\/webdelmaestrocmf.com\/portal\/category\/pedagogia\/competencias\/"},"img":{"alt_text":"habilidades y competencias","src":"https:\/\/i0.wp.com\/webdelmaestrocmf.com\/portal\/wp-content\/uploads\/2024\/02\/Banner-1-portada-imagen-10-1-18.jpg?resize=350%2C200&ssl=1","width":350,"height":200,"srcset":"https:\/\/i0.wp.com\/webdelmaestrocmf.com\/portal\/wp-content\/uploads\/2024\/02\/Banner-1-portada-imagen-10-1-18.jpg?resize=350%2C200&ssl=1 1x, https:\/\/i0.wp.com\/webdelmaestrocmf.com\/portal\/wp-content\/uploads\/2024\/02\/Banner-1-portada-imagen-10-1-18.jpg?resize=525%2C300&ssl=1 1.5x, https:\/\/i0.wp.com\/webdelmaestrocmf.com\/portal\/wp-content\/uploads\/2024\/02\/Banner-1-portada-imagen-10-1-18.jpg?resize=700%2C400&ssl=1 2x"},"classes":[]}],"_links":{"self":[{"href":"https:\/\/webdelmaestrocmf.com\/portal\/wp-json\/wp\/v2\/posts\/95315","targetHints":{"allow":["GET"]}}],"collection":[{"href":"https:\/\/webdelmaestrocmf.com\/portal\/wp-json\/wp\/v2\/posts"}],"about":[{"href":"https:\/\/webdelmaestrocmf.com\/portal\/wp-json\/wp\/v2\/types\/post"}],"author":[{"embeddable":true,"href":"https:\/\/webdelmaestrocmf.com\/portal\/wp-json\/wp\/v2\/users\/1"}],"replies":[{"embeddable":true,"href":"https:\/\/webdelmaestrocmf.com\/portal\/wp-json\/wp\/v2\/comments?post=95315"}],"version-history":[{"count":1,"href":"https:\/\/webdelmaestrocmf.com\/portal\/wp-json\/wp\/v2\/posts\/95315\/revisions"}],"predecessor-version":[{"id":116264,"href":"https:\/\/webdelmaestrocmf.com\/portal\/wp-json\/wp\/v2\/posts\/95315\/revisions\/116264"}],"wp:featuredmedia":[{"embeddable":true,"href":"https:\/\/webdelmaestrocmf.com\/portal\/wp-json\/wp\/v2\/media\/95316"}],"wp:attachment":[{"href":"https:\/\/webdelmaestrocmf.com\/portal\/wp-json\/wp\/v2\/media?parent=95315"}],"wp:term":[{"taxonomy":"category","embeddable":true,"href":"https:\/\/webdelmaestrocmf.com\/portal\/wp-json\/wp\/v2\/categories?post=95315"},{"taxonomy":"post_tag","embeddable":true,"href":"https:\/\/webdelmaestrocmf.com\/portal\/wp-json\/wp\/v2\/tags?post=95315"}],"curies":[{"name":"wp","href":"https:\/\/api.w.org\/{rel}","templated":true}]}}