{"id":94658,"date":"2023-09-11T21:16:53","date_gmt":"2023-09-12T00:16:53","guid":{"rendered":"https:\/\/webdelmaestrocmf.com\/portal\/?p=94658"},"modified":"2023-09-12T11:02:17","modified_gmt":"2023-09-12T14:02:17","slug":"tipologia-de-los-alumnos-que-no-trabajan-en-clase","status":"publish","type":"post","link":"https:\/\/webdelmaestrocmf.com\/portal\/tipologia-de-los-alumnos-que-no-trabajan-en-clase\/","title":{"rendered":"Tipolog\u00eda de los alumnos que no trabajan en clase"},"content":{"rendered":"<p style=\"text-align: justify;\"><strong>La motivaci\u00f3n es un pilar fundamental en la educaci\u00f3n, pero a menudo, los docentes se encuentran ante el desaf\u00edo de motivar a los alumnos que parecen desinteresados o ap\u00e1ticos en clase. Estos estudiantes pueden caer en diversas categor\u00edas seg\u00fan las causas de su falta de compromiso, y abordar estas causas de manera efectiva es esencial para fomentar su participaci\u00f3n activa en el proceso de aprendizaje.\u00a0<\/strong><!--more--><\/p>\n<p style=\"text-align: justify;\">Los alumnos que est\u00e1n motivados est\u00e1n m\u00e1s dispuestos a esforzarse y a aprender. Sin embargo, no todos los alumnos est\u00e1n motivados de la misma manera. Algunos alumnos pueden tener dificultades para concentrarse o para seguir el ritmo de la clase. Otros pueden tener problemas de comportamiento o simplemente pueden estar desmotivados por diferentes cosas.<\/p>\n<p style=\"text-align: justify;\" data-sourcepos=\"7:1-7:136\">Es importante identificar las causas de la falta de motivaci\u00f3n de los alumnos, para poder aplicar estrategias adecuadas para motivarlos. En este art\u00edculo, exploraremos los tipos m\u00e1s comunes de alumnos desmotivados y proporcionaremos estrategias detalladas para motivarlos y ayudarlos a alcanzar su m\u00e1ximo potencial.<\/p>\n<p style=\"text-align: justify;\" data-sourcepos=\"9:1-9:53\"><strong>Tipolog\u00eda de los alumnos que no trabajan en clase<\/strong><\/p>\n<p style=\"text-align: justify;\" data-sourcepos=\"11:1-11:127\">Los alumnos que no trabajan en clase pueden clasificarse en diferentes tipos, seg\u00fan las causas que les llevan a esta situaci\u00f3n.<\/p>\n<ul style=\"text-align: justify;\">\n<li>\n<p style=\"text-align: justify;\"><strong>Alumnos con Dificultades de Aprendizaje:<\/strong><\/p>\n<p style=\"text-align: justify;\">Estos estudiantes pueden enfrentar obst\u00e1culos significativos para comprender los contenidos de la clase, lo que les lleva a sentirse frustrados e incapaces de seguir el ritmo de la ense\u00f1anza. Para abordar esta situaci\u00f3n:<\/p>\n<ul style=\"text-align: justify;\">\n<li><strong>Enfoque Individualizado:<\/strong> Proporciona atenci\u00f3n individualizada a estos alumnos, identificando sus dificultades espec\u00edficas.<\/li>\n<li><strong>Estrategias de Ense\u00f1anza Adaptadas:<\/strong> Personaliza las estrategias de ense\u00f1anza para satisfacer sus necesidades, como el uso de materiales audiovisuales, ejercicios de repetici\u00f3n o el apoyo de un tutor.<\/li>\n<li><strong>Pr\u00e1ctica y Refuerzo:<\/strong> Ofrece oportunidades regulares para practicar y aplicar los conocimientos adquiridos, lo que ayudar\u00e1 a consolidar su aprendizaje.<\/li>\n<li><strong>Fomento de la Autoestima:<\/strong> Trabaja en fortalecer su autoestima y confianza en s\u00ed mismos, ya que la falta de \u00e9xito puede socavar su motivaci\u00f3n.<\/li>\n<\/ul>\n<\/li>\n<\/ul>\n<p style=\"padding-left: 80px;\">Enlace relacionado: <a href=\"https:\/\/webdelmaestrocmf.com\/portal\/los-trastornos-las-dificultades-aprendizaje-mas-comunes\/\" target=\"_blank\" rel=\"noopener\">Los trastornos y las dificultades de aprendizaje<\/a><\/p>\n<ul style=\"text-align: justify;\">\n<li style=\"text-align: justify;\"><strong>Alumnos con Problemas de Comportamiento:<\/strong>Estos alumnos pueden tener dificultades para seguir las normas de la clase, lo que resulta en distracciones y falta de participaci\u00f3n. Para gestionar esta situaci\u00f3n:\n<ul>\n<li><strong>Establecimiento de L\u00edmites Claros:<\/strong> Es fundamental establecer l\u00edmites claros en el aula y aplicar consecuencias coherentes para las conductas inadecuadas.<\/li>\n<li><strong>Identificaci\u00f3n de Causas:<\/strong> Investiga las razones subyacentes de su comportamiento, como problemas familiares o sociales, para abordarlas adecuadamente.<\/li>\n<li><strong>Desarrollo de Habilidades Sociales:<\/strong> Ofrece oportunidades para que los alumnos desarrollen sus habilidades sociales y se relacionen de manera positiva con sus compa\u00f1eros y el profesor.<\/li>\n<\/ul>\n<\/li>\n<\/ul>\n<p style=\"padding-left: 80px;\">Enlace relacionado: <a href=\"https:\/\/webdelmaestrocmf.com\/portal\/los-padres-familia-tambien-necesitan-instruirse-formarse\/\" target=\"_blank\" rel=\"noopener\">Padre y madre son, por naturaleza, los primeros e irrenunciables educadores de sus hijos<\/a><\/p>\n<ul style=\"text-align: justify;\">\n<li style=\"text-align: justify;\"><strong>Alumnos Desmotivados en General:<\/strong>Los estudiantes pueden experimentar la desmotivaci\u00f3n por diversas razones, como un bajo rendimiento acad\u00e9mico, problemas personales o simplemente un desinter\u00e9s en la escuela. Para abordar esta situaci\u00f3n:\n<ul>\n<li><strong>Identificaci\u00f3n de Causas Subyacentes:<\/strong> Investiga las causas espec\u00edficas de su desmotivaci\u00f3n para desarrollar estrategias adecuadas.<\/li>\n<li><strong>Fomento de la Autoestima:<\/strong> Trabaja en fortalecer su autoestima y confianza en s\u00ed mismos para que crean en sus capacidades y se sientan orgullosos de sus logros.<\/li>\n<li><strong>\u00c9nfasis en el \u00c9xito:<\/strong> Brinda oportunidades para que los alumnos experimenten el \u00e9xito y encuentren un sentido de logro en el aprendizaje.<\/li>\n<\/ul>\n<\/li>\n<\/ul>\n<p style=\"padding-left: 80px;\">Enlace relacionado: <a href=\"https:\/\/webdelmaestrocmf.com\/portal\/estudiantes-desmotivados-5-consejos-acabar-aburrimiento-clase\/\" target=\"_blank\" rel=\"noopener\">Estudiantes desmotivados: consejos para acabar con el aburrimiento en clases presenciales o virtuales<\/a><\/p>\n<h5 style=\"text-align: justify;\"><strong>Estrategias Detalladas para Motivar a los Alumnos:<\/strong><\/h5>\n<ol style=\"text-align: justify;\">\n<li><strong>Crear un Clima de Aprendizaje Positivo:<\/strong>\n<ul>\n<li><strong>Comodidad y Seguridad:<\/strong> Los alumnos deben sentirse c\u00f3modos y seguros en el aula, lo que les permitir\u00e1 concentrarse en el aprendizaje.<\/li>\n<li><strong>Relaciones Positivas:<\/strong> Fomenta relaciones positivas entre los estudiantes y con el profesor para crear un entorno de apoyo.<\/li>\n<\/ul>\n<\/li>\n<li><strong>Fomentar la Participaci\u00f3n Activa:<\/strong>\n<ul>\n<li><strong>Oportunidades de Participaci\u00f3n:<\/strong> Los alumnos deben tener la oportunidad de ser participantes activos en el proceso de aprendizaje, no solo espectadores.<\/li>\n<li><strong>Preguntas Abiertas:<\/strong> Formula preguntas abiertas que estimulen la discusi\u00f3n y el pensamiento cr\u00edtico.<\/li>\n<\/ul>\n<\/li>\n<li><strong>Ofrecer Actividades y Materiales Motivadores:<\/strong>\n<ul>\n<li><strong>Relevancia:<\/strong> Conecta los contenidos con la vida cotidiana y los intereses de los estudiantes.<\/li>\n<li><strong>Variedad:<\/strong> Utiliza una variedad de recursos, como multimedia, ejemplos del mundo real y actividades pr\u00e1cticas, para mantener el inter\u00e9s.<\/li>\n<\/ul>\n<\/li>\n<li><strong>Realizar un Seguimiento Individualizado del Progreso:<\/strong>\n<ul>\n<li><strong>Conocimiento Personal:<\/strong> Conoce las necesidades y dificultades de cada alumno para proporcionar apoyo espec\u00edfico.<\/li>\n<li><strong>Retroalimentaci\u00f3n Constructiva:<\/strong> Proporciona retroalimentaci\u00f3n constructiva y alienta la mejora continua.<\/li>\n<\/ul>\n<\/li>\n<\/ol>\n<p><iframe loading=\"lazy\" style=\"border: 1px solid #CCC; border-width: 1px; margin-bottom: 5px; max-width: 100%;\" src=\"https:\/\/www.slideshare.net\/slideshow\/embed_code\/key\/493NUiazixOeaB?startSlide=1\" width=\"100%\" height=\"500\" frameborder=\"0\" marginwidth=\"0\" marginheight=\"0\" scrolling=\"no\" allowfullscreen=\"allowfullscreen\"><span data-mce-type=\"bookmark\" style=\"display: inline-block; width: 0px; overflow: hidden; line-height: 0;\" class=\"mce_SELRES_start\">\ufeff<\/span><\/iframe><\/p>\n<h5 style=\"text-align: justify;\"><strong>Conclusiones:<\/strong><\/h5>\n<p style=\"text-align: justify;\">La motivaci\u00f3n es esencial para el aprendizaje efectivo, y los docentes juegan un papel crucial en la creaci\u00f3n de un entorno que inspire y motive a sus alumnos. Abordar las causas de la falta de motivaci\u00f3n y aplicar estrategias espec\u00edficas para cada tipo de estudiante es fundamental para asegurar que todos tengan la oportunidad de alcanzar su m\u00e1ximo potencial acad\u00e9mico y personal.<\/p>\n<p style=\"text-align: right;\"><strong>REDACCI\u00d3N WEB DEL MAESTRO CMF<\/strong><\/p>\n<p style=\"text-align: center;\">Recomendamos a la Comunidad Educativa Digital tener en cuenta que, el enlace y\/o la carpeta en donde est\u00e1n alojados los libros, recursos y\/o materiales, no es administrado por la Web del Maestro CMF, pueda ser que en cuesti\u00f3n de d\u00edas (o seg\u00fan el tiempo transcurrido desde su publicaci\u00f3n), los enlaces no funcionen y el material ya no se encuentre disponible. Gracias por su comprensi\u00f3n.<\/p>\n<p style=\"text-align: center;\"><strong>ENLACE DE LECTURA:<\/strong>\u00a0<a href=\"https:\/\/mega.nz\/folder\/u2wBxbQJ#N1futIro5akiwP11-w_1BA\" target=\"_blank\" rel=\"noopener\">TIPOLOG\u00cdA DE LOS ALUMNOS QUE NO TRABAJAN EN CLASE<\/a><\/p>\n<p style=\"text-align: center;\"><strong>Si te sirvi\u00f3 el material, ap\u00f3yanos con un clic. Nos ayudar\u00e1 a mantener el servicio. \u00a1Comparte y as\u00ed m\u00e1s docentes utilizar\u00e1n estos recursos gratis! Muchas gracias.<\/strong><\/p>\n<p><img decoding=\"async\" src=\"https:\/\/webdelmaestrocmf.com\/portal\/wp-content\/uploads\/2023\/04\/banner_des.png\" \/><\/p>\n\t\t<div class=\"pk-inline-posts\">\n\t\t\t\n\t\t\t<div class=\"pk-inline-posts-container pk-inline-posts-template-list\"\n\t\t\t\tdata-columns=\"1\">\n\t\t\t\t\t\t<article id=\"post-85361\" class=\"post-85361 post type-post status-publish format-standard has-post-thumbnail category-estudiantes category-pedagogia tag-ayuda-a-estudiantes tag-obligaciones tag-responsabilidades cs-entry cs-video-wrap\">\n\t\t\t<div class=\"pk-post-outer\">\n\n\t\t\t\t\t\t\t\t<div class=\"pk-post-inner\">\n\t\t\t\t\t<div class=\"entry-thumbnail\">\n\t\t\t\t\t\t<div class=\"pk-overlay pk-overlay-ratio pk-ratio-landscape\">\n\t\t\t\t\t\t\t<div class=\"pk-overlay-background\">\n\t\t\t\t\t\t\t\t<a href=\"https:\/\/webdelmaestrocmf.com\/portal\/obligaciones-y-responsabilidades-del-estudiante\/\" class=\"pk-overlay-link\">\n\t\t\t\t\t\t\t\t\t<img loading=\"lazy\" decoding=\"async\" width=\"300\" height=\"225\" src=\"https:\/\/webdelmaestrocmf.com\/portal\/wp-content\/uploads\/2023\/03\/1A-Banner-1-portada-imagen-10-1-copia-1-1-300x225.webp\" class=\"attachment-pk-thumbnail size-pk-thumbnail wp-post-image\" alt=\"\" \/>\t\t\t\t\t\t\t\t<\/a>\n\t\t\t\t\t\t\t<\/div>\n\t\t\t\t\t\t<\/div>\n\t\t\t\t\t<\/div>\n\t\t\t\t<\/div>\n\t\t\t\t\n\t\t\t\t<div class=\"pk-post-inner\">\n\t\t\t\t\t<header>\n\t\t\t\t\t\t<h3 class=\"pk-title\"><a href=\"https:\/\/webdelmaestrocmf.com\/portal\/obligaciones-y-responsabilidades-del-estudiante\/\" rel=\"bookmark\">Obligaciones y Responsabilidades del Estudiante<\/a><\/h3>\t\t\t\t\t<\/header><!-- .entry-header -->\n\t\t\t\t<\/div><!-- .post-inner -->\n\n\t\t\t<\/div><!-- .post-outer -->\n\t\t<\/article>\n\t\t\t<article id=\"post-95471\" class=\"post-95471 post type-post status-publish format-standard has-post-thumbnail category-estudiantes category-pedagogia category-tecnicas category-tecnicas-de-estudio tag-ambiente-de-aprendizaje tag-apoyo-individualizado tag-aprendizaje tag-aprendizaje-activo tag-autoevaluacion tag-bienestar-estudiantil tag-concentracion tag-desarrollo-de-habilidades tag-descansos-regulares tag-ejercicio-fisico tag-equilibrio tag-estilo-de-aprendizaje tag-estrategias-de-ensenanza tag-estrategias-de-estudio tag-estres-en-estudiantes tag-evaluaciones-formativas tag-feedback-constructivo tag-gestion-del-tiempo tag-habilidades-socioemocionales tag-meditacion tag-memoria tag-metas-educativas tag-metodos-de-ensenanza tag-mindfulness tag-nutricion-saludable tag-planificacion-del-tiempo tag-respiracion tag-tecnicas-de-concentracion tag-tecnicas-de-memorizacion cs-entry cs-video-wrap\">\n\t\t\t<div class=\"pk-post-outer\">\n\n\t\t\t\t\t\t\t\t<div class=\"pk-post-inner\">\n\t\t\t\t\t<div class=\"entry-thumbnail\">\n\t\t\t\t\t\t<div class=\"pk-overlay pk-overlay-ratio pk-ratio-landscape\">\n\t\t\t\t\t\t\t<div class=\"pk-overlay-background\">\n\t\t\t\t\t\t\t\t<a href=\"https:\/\/webdelmaestrocmf.com\/portal\/tecnicas-para-ayudar-a-sus-estudiantes-a-alcanzar-el-equilibrio-la-concentracion-y-mejorar-sus-habilidades-para-aprender-y-memorizar\/\" class=\"pk-overlay-link\">\n\t\t\t\t\t\t\t\t\t<img loading=\"lazy\" decoding=\"async\" width=\"300\" height=\"225\" src=\"https:\/\/webdelmaestrocmf.com\/portal\/wp-content\/uploads\/2023\/09\/1A-Banner-1-portada-imagen-10-1-copia-1-300x225.webp\" class=\"attachment-pk-thumbnail size-pk-thumbnail wp-post-image\" alt=\"\" \/>\t\t\t\t\t\t\t\t<\/a>\n\t\t\t\t\t\t\t<\/div>\n\t\t\t\t\t\t<\/div>\n\t\t\t\t\t<\/div>\n\t\t\t\t<\/div>\n\t\t\t\t\n\t\t\t\t<div class=\"pk-post-inner\">\n\t\t\t\t\t<header>\n\t\t\t\t\t\t<h3 class=\"pk-title\"><a href=\"https:\/\/webdelmaestrocmf.com\/portal\/tecnicas-para-ayudar-a-sus-estudiantes-a-alcanzar-el-equilibrio-la-concentracion-y-mejorar-sus-habilidades-para-aprender-y-memorizar\/\" rel=\"bookmark\">T\u00e9cnicas para ayudar a sus estudiantes a alcanzar el equilibrio, la concentraci\u00f3n y mejorar sus habilidades para aprender y memorizar<\/a><\/h3>\t\t\t\t\t<\/header><!-- .entry-header -->\n\t\t\t\t<\/div><!-- .post-inner -->\n\n\t\t\t<\/div><!-- .post-outer -->\n\t\t<\/article>\n\t\t\t<article id=\"post-112224\" class=\"post-112224 post type-post status-publish format-standard has-post-thumbnail category-estudiantes category-pedagogia tag-alumnos tag-desaprobaban tag-preocupacion-2 tag-verguenza cs-entry cs-video-wrap\">\n\t\t\t<div class=\"pk-post-outer\">\n\n\t\t\t\t\t\t\t\t<div class=\"pk-post-inner\">\n\t\t\t\t\t<div class=\"entry-thumbnail\">\n\t\t\t\t\t\t<div class=\"pk-overlay pk-overlay-ratio pk-ratio-landscape\">\n\t\t\t\t\t\t\t<div class=\"pk-overlay-background\">\n\t\t\t\t\t\t\t\t<a href=\"https:\/\/webdelmaestrocmf.com\/portal\/hasta-la-verguenza-cambio-antes-los-alumnos-que-desaprobaban-sentian-preocupacion-hoy-ni-eso-ya-no-les-importa-nada\/\" class=\"pk-overlay-link\">\n\t\t\t\t\t\t\t\t\t<img loading=\"lazy\" decoding=\"async\" width=\"300\" height=\"225\" src=\"https:\/\/webdelmaestrocmf.com\/portal\/wp-content\/uploads\/2025\/09\/1AA-Banner-1-portada-imagen-10-1-copia-4-300x225.webp\" class=\"attachment-pk-thumbnail size-pk-thumbnail wp-post-image\" alt=\"\" \/>\t\t\t\t\t\t\t\t<\/a>\n\t\t\t\t\t\t\t<\/div>\n\t\t\t\t\t\t<\/div>\n\t\t\t\t\t<\/div>\n\t\t\t\t<\/div>\n\t\t\t\t\n\t\t\t\t<div class=\"pk-post-inner\">\n\t\t\t\t\t<header>\n\t\t\t\t\t\t<h3 class=\"pk-title\"><a href=\"https:\/\/webdelmaestrocmf.com\/portal\/hasta-la-verguenza-cambio-antes-los-alumnos-que-desaprobaban-sentian-preocupacion-hoy-ni-eso-ya-no-les-importa-nada\/\" rel=\"bookmark\">Hasta la verg\u00fcenza cambi\u00f3: antes, los alumnos que desaprobaban sent\u00edan preocupaci\u00f3n; hoy, ni eso. Ya no les importa nada<\/a><\/h3>\t\t\t\t\t<\/header><!-- .entry-header -->\n\t\t\t\t<\/div><!-- .post-inner -->\n\n\t\t\t<\/div><!-- .post-outer -->\n\t\t<\/article>\n\t\t\t\t<\/div>\n\t\t<\/div>\n\t\t\n","protected":false},"excerpt":{"rendered":"La motivaci\u00f3n es un pilar fundamental en la educaci\u00f3n, pero a menudo, los docentes se encuentran ante el&hellip;","protected":false},"author":1,"featured_media":94663,"comment_status":"open","ping_status":"closed","sticky":false,"template":"","format":"standard","meta":{"csco_display_header_overlay":false,"csco_singular_sidebar":"","csco_page_header_type":"","csco_page_load_nextpost":"","csco_post_video_location":[],"csco_post_video_location_hash":"","csco_post_video_url":"","csco_post_video_bg_start_time":0,"csco_post_video_bg_end_time":0,"csco_post_video_bg_volume":false,"_jetpack_memberships_contains_paid_content":false,"footnotes":""},"categories":[15192,735],"tags":[20361,16502,77,3655,20369,1302,20363,2728,17946,17073,724,55,18266,20368,15256,16438,17164,20367,20366,19532,954,17759,16405,20362,18277,20365,3096,16365,20364],"class_list":{"0":"post-94658","1":"post","2":"type-post","3":"status-publish","4":"format-standard","5":"has-post-thumbnail","7":"category-estudiantes","8":"category-pedagogia","9":"tag-alumnos-desmotivados","10":"tag-apoyo-individualizado","11":"tag-aprendizaje","12":"tag-aprendizaje-activo","13":"tag-atencion-a-las-necesidades-individuale","14":"tag-autoestima","15":"tag-clima-de-aprendizaje","16":"tag-desafios-educativos","17":"tag-desarrollo-de-habilidades-sociales","18":"tag-dificultades-de-aprendizaje","19":"tag-docencia","20":"tag-educacion","21":"tag-ensenanza-efectiva","22":"tag-entorno-de-apoyo","23":"tag-estrategias-de-ensenanza","24":"tag-estrategias-pedagogicas","25":"tag-exito-academico","26":"tag-fomento-de-la-confianza","27":"tag-interes-en-el-aprendizaje","28":"tag-materiales-educativos","29":"tag-motivacion","30":"tag-motivacion-en-el-aula","31":"tag-participacion-activa","32":"tag-problemas-de-comportamiento","33":"tag-psicologia-educativa","34":"tag-relaciones-profesor-estudiante","35":"tag-rendimiento-academico","36":"tag-retroalimentacion-constructiva","37":"tag-seguimiento-del-progreso","38":"cs-entry","39":"cs-video-wrap"},"yoast_head":"<!-- This site is optimized with the Yoast SEO plugin v27.5 - https:\/\/yoast.com\/product\/yoast-seo-wordpress\/ -->\n<title>Tipolog\u00eda de los alumnos que no trabajan en clase - 2026<\/title>\n<meta name=\"description\" content=\"La motivaci\u00f3n es un pilar fundamental en la educaci\u00f3n, pero a menudo, los docentes se encuentran ante el desaf\u00edo de motivar a los alumnos...\" \/>\n<meta name=\"robots\" content=\"index, follow, max-snippet:-1, max-image-preview:large, max-video-preview:-1\" \/>\n<link rel=\"canonical\" href=\"https:\/\/webdelmaestrocmf.com\/portal\/tipologia-de-los-alumnos-que-no-trabajan-en-clase\/\" \/>\n<meta property=\"og:locale\" content=\"es_ES\" \/>\n<meta property=\"og:type\" content=\"article\" \/>\n<meta property=\"og:title\" content=\"Tipolog\u00eda de los alumnos que no trabajan en clase - 2026\" \/>\n<meta property=\"og:description\" content=\"La motivaci\u00f3n es un pilar fundamental en la educaci\u00f3n, pero a menudo, los docentes se encuentran ante el desaf\u00edo de motivar a los alumnos...\" \/>\n<meta property=\"og:url\" content=\"https:\/\/webdelmaestrocmf.com\/portal\/tipologia-de-los-alumnos-que-no-trabajan-en-clase\/\" \/>\n<meta property=\"og:site_name\" content=\"Web del Maestro CMF\" \/>\n<meta property=\"article:publisher\" content=\"https:\/\/www.facebook.com\/WebdelMaestroCMF\/\" \/>\n<meta property=\"article:author\" content=\"https:\/\/www.facebook.com\/WebdelMaestroCMF\/\" \/>\n<meta property=\"article:published_time\" content=\"2023-09-12T00:16:53+00:00\" \/>\n<meta property=\"article:modified_time\" content=\"2023-09-12T14:02:17+00:00\" \/>\n<meta property=\"og:image\" content=\"https:\/\/i0.wp.com\/webdelmaestrocmf.com\/portal\/wp-content\/uploads\/2023\/09\/A12B3C4D-18.jpg?fit=900%2C556&ssl=1\" \/>\n\t<meta property=\"og:image:width\" content=\"900\" \/>\n\t<meta property=\"og:image:height\" content=\"556\" \/>\n\t<meta property=\"og:image:type\" content=\"image\/jpeg\" \/>\n<meta name=\"author\" content=\"Web del Maestro CMF\" \/>\n<meta name=\"twitter:card\" content=\"summary_large_image\" \/>\n<meta name=\"twitter:creator\" content=\"@cmf_w\" \/>\n<meta name=\"twitter:site\" content=\"@cmf_w\" \/>\n<script type=\"application\/ld+json\" class=\"yoast-schema-graph\">{\"@context\":\"https:\\\/\\\/schema.org\",\"@graph\":[{\"@type\":\"ScholarlyArticle\",\"@id\":\"https:\\\/\\\/webdelmaestrocmf.com\\\/portal\\\/tipologia-de-los-alumnos-que-no-trabajan-en-clase\\\/#article\",\"isPartOf\":{\"@id\":\"https:\\\/\\\/webdelmaestrocmf.com\\\/portal\\\/tipologia-de-los-alumnos-que-no-trabajan-en-clase\\\/\"},\"author\":{\"name\":\"Web del Maestro CMF\",\"@id\":\"https:\\\/\\\/webdelmaestrocmf.com\\\/portal\\\/#\\\/schema\\\/person\\\/1072a2ed7bd960df8ef99a551fa35dc5\"},\"headline\":\"Tipolog\u00eda de los alumnos que no trabajan en clase\",\"datePublished\":\"2023-09-12T00:16:53+00:00\",\"dateModified\":\"2023-09-12T14:02:17+00:00\",\"mainEntityOfPage\":{\"@id\":\"https:\\\/\\\/webdelmaestrocmf.com\\\/portal\\\/tipologia-de-los-alumnos-que-no-trabajan-en-clase\\\/\"},\"wordCount\":955,\"commentCount\":0,\"publisher\":{\"@id\":\"https:\\\/\\\/webdelmaestrocmf.com\\\/portal\\\/#organization\"},\"image\":{\"@id\":\"https:\\\/\\\/webdelmaestrocmf.com\\\/portal\\\/tipologia-de-los-alumnos-que-no-trabajan-en-clase\\\/#primaryimage\"},\"thumbnailUrl\":\"https:\\\/\\\/webdelmaestrocmf.com\\\/portal\\\/wp-content\\\/uploads\\\/2023\\\/09\\\/A12B3C4D-18.jpg\",\"keywords\":[\"alumnos desmotivados\",\"Apoyo individualizado\",\"aprendizaje\",\"aprendizaje activo\",\"atenci\u00f3n a las necesidades individuale\",\"AUTOESTIMA\",\"clima de aprendizaje\",\"DESAF\u00cdOS EDUCATIVOS\",\"Desarrollo de habilidades sociales\",\"dificultades de aprendizaje\",\"DOCENCIA\",\"EDUCACI\u00d3N\",\"Ense\u00f1anza efectiva\",\"entorno de apoyo\",\"estrategias de ense\u00f1anza\",\"Estrategias pedag\u00f3gicas\",\"\u00e9xito acad\u00e9mico\",\"fomento de la confianza\",\"inter\u00e9s en el aprendizaje\",\"Materiales Educativos\",\"motivaci\u00f3n\",\"Motivaci\u00f3n en el aula\",\"participaci\u00f3n activa\",\"problemas de comportamiento\",\"Psicolog\u00eda Educativa\",\"relaciones profesor-estudiante\",\"RENDIMIENTO ACAD\u00c9MICO\",\"Retroalimentaci\u00f3n constructiva\",\"seguimiento del progreso\"],\"articleSection\":[\"Estudiantes\",\"Recursos\"],\"inLanguage\":\"es\",\"potentialAction\":[{\"@type\":\"CommentAction\",\"name\":\"Comment\",\"target\":[\"https:\\\/\\\/webdelmaestrocmf.com\\\/portal\\\/tipologia-de-los-alumnos-que-no-trabajan-en-clase\\\/#respond\"]}]},{\"@type\":\"WebPage\",\"@id\":\"https:\\\/\\\/webdelmaestrocmf.com\\\/portal\\\/tipologia-de-los-alumnos-que-no-trabajan-en-clase\\\/\",\"url\":\"https:\\\/\\\/webdelmaestrocmf.com\\\/portal\\\/tipologia-de-los-alumnos-que-no-trabajan-en-clase\\\/\",\"name\":\"Tipolog\u00eda de los alumnos que no trabajan en clase - 2026\",\"isPartOf\":{\"@id\":\"https:\\\/\\\/webdelmaestrocmf.com\\\/portal\\\/#website\"},\"primaryImageOfPage\":{\"@id\":\"https:\\\/\\\/webdelmaestrocmf.com\\\/portal\\\/tipologia-de-los-alumnos-que-no-trabajan-en-clase\\\/#primaryimage\"},\"image\":{\"@id\":\"https:\\\/\\\/webdelmaestrocmf.com\\\/portal\\\/tipologia-de-los-alumnos-que-no-trabajan-en-clase\\\/#primaryimage\"},\"thumbnailUrl\":\"https:\\\/\\\/webdelmaestrocmf.com\\\/portal\\\/wp-content\\\/uploads\\\/2023\\\/09\\\/A12B3C4D-18.jpg\",\"datePublished\":\"2023-09-12T00:16:53+00:00\",\"dateModified\":\"2023-09-12T14:02:17+00:00\",\"description\":\"La motivaci\u00f3n es un pilar fundamental en la educaci\u00f3n, pero a menudo, los docentes se encuentran ante el desaf\u00edo de motivar a los alumnos...\",\"breadcrumb\":{\"@id\":\"https:\\\/\\\/webdelmaestrocmf.com\\\/portal\\\/tipologia-de-los-alumnos-que-no-trabajan-en-clase\\\/#breadcrumb\"},\"inLanguage\":\"es\",\"potentialAction\":[{\"@type\":\"ReadAction\",\"target\":[\"https:\\\/\\\/webdelmaestrocmf.com\\\/portal\\\/tipologia-de-los-alumnos-que-no-trabajan-en-clase\\\/\"]}]},{\"@type\":\"ImageObject\",\"inLanguage\":\"es\",\"@id\":\"https:\\\/\\\/webdelmaestrocmf.com\\\/portal\\\/tipologia-de-los-alumnos-que-no-trabajan-en-clase\\\/#primaryimage\",\"url\":\"https:\\\/\\\/webdelmaestrocmf.com\\\/portal\\\/wp-content\\\/uploads\\\/2023\\\/09\\\/A12B3C4D-18.jpg\",\"contentUrl\":\"https:\\\/\\\/webdelmaestrocmf.com\\\/portal\\\/wp-content\\\/uploads\\\/2023\\\/09\\\/A12B3C4D-18.jpg\",\"width\":900,\"height\":556,\"caption\":\"alumnos\"},{\"@type\":\"BreadcrumbList\",\"@id\":\"https:\\\/\\\/webdelmaestrocmf.com\\\/portal\\\/tipologia-de-los-alumnos-que-no-trabajan-en-clase\\\/#breadcrumb\",\"itemListElement\":[{\"@type\":\"ListItem\",\"position\":1,\"name\":\"Portada\",\"item\":\"https:\\\/\\\/webdelmaestrocmf.com\\\/portal\\\/\"},{\"@type\":\"ListItem\",\"position\":2,\"name\":\"Recursos\",\"item\":\"https:\\\/\\\/webdelmaestrocmf.com\\\/portal\\\/category\\\/pedagogia\\\/\"},{\"@type\":\"ListItem\",\"position\":3,\"name\":\"Tipolog\u00eda de los alumnos que no trabajan en clase\"}]},{\"@type\":\"WebSite\",\"@id\":\"https:\\\/\\\/webdelmaestrocmf.com\\\/portal\\\/#website\",\"url\":\"https:\\\/\\\/webdelmaestrocmf.com\\\/portal\\\/\",\"name\":\"Web del Maestro CMF\",\"description\":\"Maestros al servicio de la educaci\u00f3n\",\"publisher\":{\"@id\":\"https:\\\/\\\/webdelmaestrocmf.com\\\/portal\\\/#organization\"},\"alternateName\":\"WMCMF\",\"potentialAction\":[{\"@type\":\"SearchAction\",\"target\":{\"@type\":\"EntryPoint\",\"urlTemplate\":\"https:\\\/\\\/webdelmaestrocmf.com\\\/portal\\\/?s={search_term_string}\"},\"query-input\":{\"@type\":\"PropertyValueSpecification\",\"valueRequired\":true,\"valueName\":\"search_term_string\"}}],\"inLanguage\":\"es\"},{\"@type\":\"Organization\",\"@id\":\"https:\\\/\\\/webdelmaestrocmf.com\\\/portal\\\/#organization\",\"name\":\"Web del Maestro CMF\",\"alternateName\":\"WMCMF\",\"url\":\"https:\\\/\\\/webdelmaestrocmf.com\\\/portal\\\/\",\"logo\":{\"@type\":\"ImageObject\",\"inLanguage\":\"es\",\"@id\":\"https:\\\/\\\/webdelmaestrocmf.com\\\/portal\\\/#\\\/schema\\\/logo\\\/image\\\/\",\"url\":\"https:\\\/\\\/webdelmaestrocmf.com\\\/portal\\\/wp-content\\\/uploads\\\/2023\\\/01\\\/logo-wmcmf-2.png\",\"contentUrl\":\"https:\\\/\\\/webdelmaestrocmf.com\\\/portal\\\/wp-content\\\/uploads\\\/2023\\\/01\\\/logo-wmcmf-2.png\",\"width\":200,\"height\":60,\"caption\":\"Web del Maestro CMF\"},\"image\":{\"@id\":\"https:\\\/\\\/webdelmaestrocmf.com\\\/portal\\\/#\\\/schema\\\/logo\\\/image\\\/\"},\"sameAs\":[\"https:\\\/\\\/www.facebook.com\\\/WebdelMaestroCMF\\\/\",\"https:\\\/\\\/x.com\\\/cmf_w\",\"https:\\\/\\\/www.pinterest.com\\\/WMCMF\\\/\",\"https:\\\/\\\/www.linkedin.com\\\/company\\\/web-del-maestro-cmf\\\/\",\"https:\\\/\\\/www.instagram.com\\\/wmcmf\\\/\",\"https:\\\/\\\/www.youtube.com\\\/channel\\\/UCDPSvjbdodE5sHnC3OxutHw\",\"https:\\\/\\\/mastodon.social\\\/@wmcmf\",\"https:\\\/\\\/www.tiktok.com\\\/@webdelmaestrocmf\"]},{\"@type\":\"Person\",\"@id\":\"https:\\\/\\\/webdelmaestrocmf.com\\\/portal\\\/#\\\/schema\\\/person\\\/1072a2ed7bd960df8ef99a551fa35dc5\",\"name\":\"Web del Maestro CMF\",\"image\":{\"@type\":\"ImageObject\",\"inLanguage\":\"es\",\"@id\":\"https:\\\/\\\/secure.gravatar.com\\\/avatar\\\/23291dd5b5ae1077dcff3dbb04c3e02bd28403fa75af6d8787d5e97c5bbbe30b?s=96&d=mm&r=g\",\"url\":\"https:\\\/\\\/secure.gravatar.com\\\/avatar\\\/23291dd5b5ae1077dcff3dbb04c3e02bd28403fa75af6d8787d5e97c5bbbe30b?s=96&d=mm&r=g\",\"contentUrl\":\"https:\\\/\\\/secure.gravatar.com\\\/avatar\\\/23291dd5b5ae1077dcff3dbb04c3e02bd28403fa75af6d8787d5e97c5bbbe30b?s=96&d=mm&r=g\",\"caption\":\"Web del Maestro CMF\"},\"description\":\"Esta Web se cre\u00f3 sin fines de lucro, con fines educativos, cient\u00edficos y acad\u00e9micos, para personas que tengan dificultades y\\\/o inconvenientes en visualizar el material original. El objetivo es entregar recursos, compartir experiencias y materiales que ayuden a los padres de familia, maestros y estudiantes en su actualizaci\u00f3n y formaci\u00f3n permanente, en bien de la Educaci\u00f3n.\",\"sameAs\":[\"http:\\\/\\\/webdelmaestrocmf.com\\\/portal\",\"https:\\\/\\\/www.facebook.com\\\/WebdelMaestroCMF\\\/\",\"https:\\\/\\\/www.instagram.com\\\/wmcmf\\\/\",\"https:\\\/\\\/cl.linkedin.com\\\/company\\\/web-del-maestro-cmf\",\"https:\\\/\\\/www.pinterest.com\\\/WMCMF\\\/publicaciones\\\/\",\"https:\\\/\\\/x.com\\\/cmf_w\",\"https:\\\/\\\/www.youtube.com\\\/@WMCMF\"]}]}<\/script>\n<!-- \/ Yoast SEO plugin. -->","yoast_head_json":{"title":"Tipolog\u00eda de los alumnos que no trabajan en clase - 2026","description":"La motivaci\u00f3n es un pilar fundamental en la educaci\u00f3n, pero a menudo, los docentes se encuentran ante el desaf\u00edo de motivar a los alumnos...","robots":{"index":"index","follow":"follow","max-snippet":"max-snippet:-1","max-image-preview":"max-image-preview:large","max-video-preview":"max-video-preview:-1"},"canonical":"https:\/\/webdelmaestrocmf.com\/portal\/tipologia-de-los-alumnos-que-no-trabajan-en-clase\/","og_locale":"es_ES","og_type":"article","og_title":"Tipolog\u00eda de los alumnos que no trabajan en clase - 2026","og_description":"La motivaci\u00f3n es un pilar fundamental en la educaci\u00f3n, pero a menudo, los docentes se encuentran ante el desaf\u00edo de motivar a los alumnos...","og_url":"https:\/\/webdelmaestrocmf.com\/portal\/tipologia-de-los-alumnos-que-no-trabajan-en-clase\/","og_site_name":"Web del Maestro CMF","article_publisher":"https:\/\/www.facebook.com\/WebdelMaestroCMF\/","article_author":"https:\/\/www.facebook.com\/WebdelMaestroCMF\/","article_published_time":"2023-09-12T00:16:53+00:00","article_modified_time":"2023-09-12T14:02:17+00:00","og_image":[{"width":900,"height":556,"url":"https:\/\/i0.wp.com\/webdelmaestrocmf.com\/portal\/wp-content\/uploads\/2023\/09\/A12B3C4D-18.jpg?fit=900%2C556&ssl=1","type":"image\/jpeg"}],"author":"Web del Maestro CMF","twitter_card":"summary_large_image","twitter_creator":"@cmf_w","twitter_site":"@cmf_w","schema":{"@context":"https:\/\/schema.org","@graph":[{"@type":"ScholarlyArticle","@id":"https:\/\/webdelmaestrocmf.com\/portal\/tipologia-de-los-alumnos-que-no-trabajan-en-clase\/#article","isPartOf":{"@id":"https:\/\/webdelmaestrocmf.com\/portal\/tipologia-de-los-alumnos-que-no-trabajan-en-clase\/"},"author":{"name":"Web del Maestro CMF","@id":"https:\/\/webdelmaestrocmf.com\/portal\/#\/schema\/person\/1072a2ed7bd960df8ef99a551fa35dc5"},"headline":"Tipolog\u00eda de los alumnos que no trabajan en clase","datePublished":"2023-09-12T00:16:53+00:00","dateModified":"2023-09-12T14:02:17+00:00","mainEntityOfPage":{"@id":"https:\/\/webdelmaestrocmf.com\/portal\/tipologia-de-los-alumnos-que-no-trabajan-en-clase\/"},"wordCount":955,"commentCount":0,"publisher":{"@id":"https:\/\/webdelmaestrocmf.com\/portal\/#organization"},"image":{"@id":"https:\/\/webdelmaestrocmf.com\/portal\/tipologia-de-los-alumnos-que-no-trabajan-en-clase\/#primaryimage"},"thumbnailUrl":"https:\/\/webdelmaestrocmf.com\/portal\/wp-content\/uploads\/2023\/09\/A12B3C4D-18.jpg","keywords":["alumnos desmotivados","Apoyo individualizado","aprendizaje","aprendizaje activo","atenci\u00f3n a las necesidades individuale","AUTOESTIMA","clima de aprendizaje","DESAF\u00cdOS EDUCATIVOS","Desarrollo de habilidades sociales","dificultades de aprendizaje","DOCENCIA","EDUCACI\u00d3N","Ense\u00f1anza efectiva","entorno de apoyo","estrategias de ense\u00f1anza","Estrategias pedag\u00f3gicas","\u00e9xito acad\u00e9mico","fomento de la confianza","inter\u00e9s en el aprendizaje","Materiales Educativos","motivaci\u00f3n","Motivaci\u00f3n en el aula","participaci\u00f3n activa","problemas de comportamiento","Psicolog\u00eda Educativa","relaciones profesor-estudiante","RENDIMIENTO ACAD\u00c9MICO","Retroalimentaci\u00f3n constructiva","seguimiento del progreso"],"articleSection":["Estudiantes","Recursos"],"inLanguage":"es","potentialAction":[{"@type":"CommentAction","name":"Comment","target":["https:\/\/webdelmaestrocmf.com\/portal\/tipologia-de-los-alumnos-que-no-trabajan-en-clase\/#respond"]}]},{"@type":"WebPage","@id":"https:\/\/webdelmaestrocmf.com\/portal\/tipologia-de-los-alumnos-que-no-trabajan-en-clase\/","url":"https:\/\/webdelmaestrocmf.com\/portal\/tipologia-de-los-alumnos-que-no-trabajan-en-clase\/","name":"Tipolog\u00eda de los alumnos que no trabajan en clase - 2026","isPartOf":{"@id":"https:\/\/webdelmaestrocmf.com\/portal\/#website"},"primaryImageOfPage":{"@id":"https:\/\/webdelmaestrocmf.com\/portal\/tipologia-de-los-alumnos-que-no-trabajan-en-clase\/#primaryimage"},"image":{"@id":"https:\/\/webdelmaestrocmf.com\/portal\/tipologia-de-los-alumnos-que-no-trabajan-en-clase\/#primaryimage"},"thumbnailUrl":"https:\/\/webdelmaestrocmf.com\/portal\/wp-content\/uploads\/2023\/09\/A12B3C4D-18.jpg","datePublished":"2023-09-12T00:16:53+00:00","dateModified":"2023-09-12T14:02:17+00:00","description":"La motivaci\u00f3n es un pilar fundamental en la educaci\u00f3n, pero a menudo, los docentes se encuentran ante el desaf\u00edo de motivar a los alumnos...","breadcrumb":{"@id":"https:\/\/webdelmaestrocmf.com\/portal\/tipologia-de-los-alumnos-que-no-trabajan-en-clase\/#breadcrumb"},"inLanguage":"es","potentialAction":[{"@type":"ReadAction","target":["https:\/\/webdelmaestrocmf.com\/portal\/tipologia-de-los-alumnos-que-no-trabajan-en-clase\/"]}]},{"@type":"ImageObject","inLanguage":"es","@id":"https:\/\/webdelmaestrocmf.com\/portal\/tipologia-de-los-alumnos-que-no-trabajan-en-clase\/#primaryimage","url":"https:\/\/webdelmaestrocmf.com\/portal\/wp-content\/uploads\/2023\/09\/A12B3C4D-18.jpg","contentUrl":"https:\/\/webdelmaestrocmf.com\/portal\/wp-content\/uploads\/2023\/09\/A12B3C4D-18.jpg","width":900,"height":556,"caption":"alumnos"},{"@type":"BreadcrumbList","@id":"https:\/\/webdelmaestrocmf.com\/portal\/tipologia-de-los-alumnos-que-no-trabajan-en-clase\/#breadcrumb","itemListElement":[{"@type":"ListItem","position":1,"name":"Portada","item":"https:\/\/webdelmaestrocmf.com\/portal\/"},{"@type":"ListItem","position":2,"name":"Recursos","item":"https:\/\/webdelmaestrocmf.com\/portal\/category\/pedagogia\/"},{"@type":"ListItem","position":3,"name":"Tipolog\u00eda de los alumnos que no trabajan en clase"}]},{"@type":"WebSite","@id":"https:\/\/webdelmaestrocmf.com\/portal\/#website","url":"https:\/\/webdelmaestrocmf.com\/portal\/","name":"Web del Maestro CMF","description":"Maestros al servicio de la educaci\u00f3n","publisher":{"@id":"https:\/\/webdelmaestrocmf.com\/portal\/#organization"},"alternateName":"WMCMF","potentialAction":[{"@type":"SearchAction","target":{"@type":"EntryPoint","urlTemplate":"https:\/\/webdelmaestrocmf.com\/portal\/?s={search_term_string}"},"query-input":{"@type":"PropertyValueSpecification","valueRequired":true,"valueName":"search_term_string"}}],"inLanguage":"es"},{"@type":"Organization","@id":"https:\/\/webdelmaestrocmf.com\/portal\/#organization","name":"Web del Maestro CMF","alternateName":"WMCMF","url":"https:\/\/webdelmaestrocmf.com\/portal\/","logo":{"@type":"ImageObject","inLanguage":"es","@id":"https:\/\/webdelmaestrocmf.com\/portal\/#\/schema\/logo\/image\/","url":"https:\/\/webdelmaestrocmf.com\/portal\/wp-content\/uploads\/2023\/01\/logo-wmcmf-2.png","contentUrl":"https:\/\/webdelmaestrocmf.com\/portal\/wp-content\/uploads\/2023\/01\/logo-wmcmf-2.png","width":200,"height":60,"caption":"Web del Maestro CMF"},"image":{"@id":"https:\/\/webdelmaestrocmf.com\/portal\/#\/schema\/logo\/image\/"},"sameAs":["https:\/\/www.facebook.com\/WebdelMaestroCMF\/","https:\/\/x.com\/cmf_w","https:\/\/www.pinterest.com\/WMCMF\/","https:\/\/www.linkedin.com\/company\/web-del-maestro-cmf\/","https:\/\/www.instagram.com\/wmcmf\/","https:\/\/www.youtube.com\/channel\/UCDPSvjbdodE5sHnC3OxutHw","https:\/\/mastodon.social\/@wmcmf","https:\/\/www.tiktok.com\/@webdelmaestrocmf"]},{"@type":"Person","@id":"https:\/\/webdelmaestrocmf.com\/portal\/#\/schema\/person\/1072a2ed7bd960df8ef99a551fa35dc5","name":"Web del Maestro CMF","image":{"@type":"ImageObject","inLanguage":"es","@id":"https:\/\/secure.gravatar.com\/avatar\/23291dd5b5ae1077dcff3dbb04c3e02bd28403fa75af6d8787d5e97c5bbbe30b?s=96&d=mm&r=g","url":"https:\/\/secure.gravatar.com\/avatar\/23291dd5b5ae1077dcff3dbb04c3e02bd28403fa75af6d8787d5e97c5bbbe30b?s=96&d=mm&r=g","contentUrl":"https:\/\/secure.gravatar.com\/avatar\/23291dd5b5ae1077dcff3dbb04c3e02bd28403fa75af6d8787d5e97c5bbbe30b?s=96&d=mm&r=g","caption":"Web del Maestro CMF"},"description":"Esta Web se cre\u00f3 sin fines de lucro, con fines educativos, cient\u00edficos y acad\u00e9micos, para personas que tengan dificultades y\/o inconvenientes en visualizar el material original. El objetivo es entregar recursos, compartir experiencias y materiales que ayuden a los padres de familia, maestros y estudiantes en su actualizaci\u00f3n y formaci\u00f3n permanente, en bien de la Educaci\u00f3n.","sameAs":["http:\/\/webdelmaestrocmf.com\/portal","https:\/\/www.facebook.com\/WebdelMaestroCMF\/","https:\/\/www.instagram.com\/wmcmf\/","https:\/\/cl.linkedin.com\/company\/web-del-maestro-cmf","https:\/\/www.pinterest.com\/WMCMF\/publicaciones\/","https:\/\/x.com\/cmf_w","https:\/\/www.youtube.com\/@WMCMF"]}]}},"jetpack_featured_media_url":"https:\/\/webdelmaestrocmf.com\/portal\/wp-content\/uploads\/2023\/09\/A12B3C4D-18.jpg","jetpack_sharing_enabled":true,"jetpack-related-posts":[{"id":44799,"url":"https:\/\/webdelmaestrocmf.com\/portal\/16-disparadores-de-la-motivacion-en-el-aula\/","url_meta":{"origin":94658,"position":0},"title":"16 disparadores de la motivaci\u00f3n para sus clases","author":"Web del Maestro CMF","date":"10 enero, 2024","format":false,"excerpt":"La mayor parte de los alumnos tienen a\u00f1os de experiencia en clases en las que se les ha obligado a estar sentados, callados, escuchando. Para ellos el profesor era la fuente del conocimiento, de que el aprendizaje era algo que se inyectaba m\u00e1gicamente en alg\u00fan momento sin la participaci\u00f3n de\u2026","rel":"","context":"En \u00abConsejos\u00bb","block_context":{"text":"Consejos","link":"https:\/\/webdelmaestrocmf.com\/portal\/category\/pedagogia\/consejos\/"},"img":{"alt_text":"motivaci\u00f3n","src":"https:\/\/i0.wp.com\/webdelmaestrocmf.com\/portal\/wp-content\/uploads\/2020\/08\/A-cuadrado-nuevo-ffonso-1.jpg?resize=350%2C200&ssl=1","width":350,"height":200,"srcset":"https:\/\/i0.wp.com\/webdelmaestrocmf.com\/portal\/wp-content\/uploads\/2020\/08\/A-cuadrado-nuevo-ffonso-1.jpg?resize=350%2C200&ssl=1 1x, https:\/\/i0.wp.com\/webdelmaestrocmf.com\/portal\/wp-content\/uploads\/2020\/08\/A-cuadrado-nuevo-ffonso-1.jpg?resize=525%2C300&ssl=1 1.5x, https:\/\/i0.wp.com\/webdelmaestrocmf.com\/portal\/wp-content\/uploads\/2020\/08\/A-cuadrado-nuevo-ffonso-1.jpg?resize=700%2C400&ssl=1 2x"},"classes":[]},{"id":117990,"url":"https:\/\/webdelmaestrocmf.com\/portal\/maestro-le-da-clases-diarias-a-su-alumno-con-cancer-en-el-hospital-y-su-historia-se-vuelve-viral\/","url_meta":{"origin":94658,"position":1},"title":"Maestro le da clases diarias a su alumno con c\u00e1ncer en el hospital y su historia se vuelve viral","author":"Web del Maestro CMF","date":"19 abril, 2026","format":false,"excerpt":"Un docente contin\u00faa ense\u00f1ando a su alumno hospitalizado, demostrando que la educaci\u00f3n trasciende el aula. Su compromiso sostiene el aprendizaje y fortalece el v\u00ednculo humano en los momentos m\u00e1s dif\u00edciles.","rel":"","context":"En \u00abNoticias Internacionales\u00bb","block_context":{"text":"Noticias Internacionales","link":"https:\/\/webdelmaestrocmf.com\/portal\/category\/noticias-internacionales\/"},"img":{"alt_text":"","src":"https:\/\/i0.wp.com\/webdelmaestrocmf.com\/portal\/wp-content\/uploads\/2026\/04\/1AA-Banner-1-portada-imagen-10-1-copia-1-6.webp?resize=350%2C200&ssl=1","width":350,"height":200,"srcset":"https:\/\/i0.wp.com\/webdelmaestrocmf.com\/portal\/wp-content\/uploads\/2026\/04\/1AA-Banner-1-portada-imagen-10-1-copia-1-6.webp?resize=350%2C200&ssl=1 1x, https:\/\/i0.wp.com\/webdelmaestrocmf.com\/portal\/wp-content\/uploads\/2026\/04\/1AA-Banner-1-portada-imagen-10-1-copia-1-6.webp?resize=525%2C300&ssl=1 1.5x, https:\/\/i0.wp.com\/webdelmaestrocmf.com\/portal\/wp-content\/uploads\/2026\/04\/1AA-Banner-1-portada-imagen-10-1-copia-1-6.webp?resize=700%2C400&ssl=1 2x, https:\/\/i0.wp.com\/webdelmaestrocmf.com\/portal\/wp-content\/uploads\/2026\/04\/1AA-Banner-1-portada-imagen-10-1-copia-1-6.webp?resize=1050%2C600&ssl=1 3x"},"classes":[]},{"id":114859,"url":"https:\/\/webdelmaestrocmf.com\/portal\/el-primer-dia-de-clase-no-se-improvisa-el-clima-emocional-del-primer-dia-en-la-escuela-de-la-era-digital\/","url_meta":{"origin":94658,"position":2},"title":"El primer d\u00eda de clase no se improvisa: el clima emocional del primer d\u00eda en la escuela de la era digital","author":"Web del Maestro CMF","date":"18 enero, 2026","format":false,"excerpt":"El primer d\u00eda de clases define clima, autoridad y motivaci\u00f3n; planificarlo con sentido pedag\u00f3gico y emocional asegura aprendizaje y confianza.","rel":"","context":"En \u00abYo opino - WMCMF\u00bb","block_context":{"text":"Yo opino - WMCMF","link":"https:\/\/webdelmaestrocmf.com\/portal\/category\/jamb\/"},"img":{"alt_text":"","src":"https:\/\/i0.wp.com\/webdelmaestrocmf.com\/portal\/wp-content\/uploads\/2026\/01\/1A-Banner-1-portada-imagen-10-1-copia-3.jpg?resize=350%2C200&ssl=1","width":350,"height":200,"srcset":"https:\/\/i0.wp.com\/webdelmaestrocmf.com\/portal\/wp-content\/uploads\/2026\/01\/1A-Banner-1-portada-imagen-10-1-copia-3.jpg?resize=350%2C200&ssl=1 1x, https:\/\/i0.wp.com\/webdelmaestrocmf.com\/portal\/wp-content\/uploads\/2026\/01\/1A-Banner-1-portada-imagen-10-1-copia-3.jpg?resize=525%2C300&ssl=1 1.5x, https:\/\/i0.wp.com\/webdelmaestrocmf.com\/portal\/wp-content\/uploads\/2026\/01\/1A-Banner-1-portada-imagen-10-1-copia-3.jpg?resize=700%2C400&ssl=1 2x"},"classes":[]},{"id":105631,"url":"https:\/\/webdelmaestrocmf.com\/portal\/la-dopamina-en-el-aula-motivacion-y-aprendizaje-a-traves-del-placer\/","url_meta":{"origin":94658,"position":3},"title":"La dopamina en el aula: Motivaci\u00f3n y aprendizaje a trav\u00e9s del placer","author":"Web del Maestro CMF","date":"20 junio, 2025","format":false,"excerpt":"Estas hormonas ueden ser unas herramientas poderosas para mejorar la experiencia de aprendizaje de los estudiantes.","rel":"","context":"En \u00abEducaci\u00f3n Emocional\u00bb","block_context":{"text":"Educaci\u00f3n Emocional","link":"https:\/\/webdelmaestrocmf.com\/portal\/category\/pedagogia\/educacion-emocional\/"},"img":{"alt_text":"","src":"https:\/\/i0.wp.com\/webdelmaestrocmf.com\/portal\/wp-content\/uploads\/2024\/05\/Banner-1-portada-imagen-10-1-2024-05-21T123416.492.jpg?resize=350%2C200&ssl=1","width":350,"height":200,"srcset":"https:\/\/i0.wp.com\/webdelmaestrocmf.com\/portal\/wp-content\/uploads\/2024\/05\/Banner-1-portada-imagen-10-1-2024-05-21T123416.492.jpg?resize=350%2C200&ssl=1 1x, https:\/\/i0.wp.com\/webdelmaestrocmf.com\/portal\/wp-content\/uploads\/2024\/05\/Banner-1-portada-imagen-10-1-2024-05-21T123416.492.jpg?resize=525%2C300&ssl=1 1.5x, https:\/\/i0.wp.com\/webdelmaestrocmf.com\/portal\/wp-content\/uploads\/2024\/05\/Banner-1-portada-imagen-10-1-2024-05-21T123416.492.jpg?resize=700%2C400&ssl=1 2x"},"classes":[]},{"id":64044,"url":"https:\/\/webdelmaestrocmf.com\/portal\/estrategias-de-motivacion-para-estudiantes-apaticos\/","url_meta":{"origin":94658,"position":4},"title":"Estrategias de motivaci\u00f3n para estudiantes ap\u00e1ticos","author":"Web del Maestro CMF","date":"15 junio, 2021","format":false,"excerpt":"Motivar a estudiantes que muestran apat\u00eda hacia el aprendizaje es un desaf\u00edo com\u00fan en la educaci\u00f3n. La apat\u00eda puede manifestarse de diversas formas, desde la falta de inter\u00e9s en las materias escolares hasta una actitud indiferente hacia el proceso educativo. Sin embargo, la buena noticia es que existen estrategias efectivas\u2026","rel":"","context":"En \u00abMotivaci\u00f3n\u00bb","block_context":{"text":"Motivaci\u00f3n","link":"https:\/\/webdelmaestrocmf.com\/portal\/category\/pedagogia\/motivacion\/"},"img":{"alt_text":"motivaci\u00f3n para estudiantes","src":"https:\/\/i0.wp.com\/webdelmaestrocmf.com\/portal\/wp-content\/uploads\/2021\/06\/1-29.jpg?resize=350%2C200&ssl=1","width":350,"height":200,"srcset":"https:\/\/i0.wp.com\/webdelmaestrocmf.com\/portal\/wp-content\/uploads\/2021\/06\/1-29.jpg?resize=350%2C200&ssl=1 1x, https:\/\/i0.wp.com\/webdelmaestrocmf.com\/portal\/wp-content\/uploads\/2021\/06\/1-29.jpg?resize=525%2C300&ssl=1 1.5x, https:\/\/i0.wp.com\/webdelmaestrocmf.com\/portal\/wp-content\/uploads\/2021\/06\/1-29.jpg?resize=700%2C400&ssl=1 2x, https:\/\/i0.wp.com\/webdelmaestrocmf.com\/portal\/wp-content\/uploads\/2021\/06\/1-29.jpg?resize=1050%2C600&ssl=1 3x"},"classes":[]},{"id":107426,"url":"https:\/\/webdelmaestrocmf.com\/portal\/el-nuevo-rol-del-docente-en-la-era-digital-de-transmisor-a-sisenador-de-experiencias\/","url_meta":{"origin":94658,"position":5},"title":"El nuevo rol del docente en la Era Digital: de transmisor a dise\u00f1ador de experiencias","author":"Web del Maestro CMF","date":"10 enero, 2025","format":false,"excerpt":"La educaci\u00f3n est\u00e1 viviendo una revoluci\u00f3n sin precedentes, y en el coraz\u00f3n de este cambio est\u00e1n los docentes. Hoy, su misi\u00f3n trasciende la simple transmisi\u00f3n de conocimientos: se trata de inspirar, conectar y dise\u00f1ar experiencias de aprendizaje que marquen vidas. Cada aula es una oportunidad para preparar a los estudiantes\u2026","rel":"","context":"En \u00abDesempe\u00f1o docente\u00bb","block_context":{"text":"Desempe\u00f1o docente","link":"https:\/\/webdelmaestrocmf.com\/portal\/category\/pedagogia\/desempeno-docente\/"},"img":{"alt_text":"","src":"https:\/\/i0.wp.com\/webdelmaestrocmf.com\/portal\/wp-content\/uploads\/2025\/01\/1A-Banner-1-portada-imagen-10-1-14.jpg?resize=350%2C200&ssl=1","width":350,"height":200,"srcset":"https:\/\/i0.wp.com\/webdelmaestrocmf.com\/portal\/wp-content\/uploads\/2025\/01\/1A-Banner-1-portada-imagen-10-1-14.jpg?resize=350%2C200&ssl=1 1x, https:\/\/i0.wp.com\/webdelmaestrocmf.com\/portal\/wp-content\/uploads\/2025\/01\/1A-Banner-1-portada-imagen-10-1-14.jpg?resize=525%2C300&ssl=1 1.5x, https:\/\/i0.wp.com\/webdelmaestrocmf.com\/portal\/wp-content\/uploads\/2025\/01\/1A-Banner-1-portada-imagen-10-1-14.jpg?resize=700%2C400&ssl=1 2x"},"classes":[]}],"_links":{"self":[{"href":"https:\/\/webdelmaestrocmf.com\/portal\/wp-json\/wp\/v2\/posts\/94658","targetHints":{"allow":["GET"]}}],"collection":[{"href":"https:\/\/webdelmaestrocmf.com\/portal\/wp-json\/wp\/v2\/posts"}],"about":[{"href":"https:\/\/webdelmaestrocmf.com\/portal\/wp-json\/wp\/v2\/types\/post"}],"author":[{"embeddable":true,"href":"https:\/\/webdelmaestrocmf.com\/portal\/wp-json\/wp\/v2\/users\/1"}],"replies":[{"embeddable":true,"href":"https:\/\/webdelmaestrocmf.com\/portal\/wp-json\/wp\/v2\/comments?post=94658"}],"version-history":[{"count":0,"href":"https:\/\/webdelmaestrocmf.com\/portal\/wp-json\/wp\/v2\/posts\/94658\/revisions"}],"wp:featuredmedia":[{"embeddable":true,"href":"https:\/\/webdelmaestrocmf.com\/portal\/wp-json\/wp\/v2\/media\/94663"}],"wp:attachment":[{"href":"https:\/\/webdelmaestrocmf.com\/portal\/wp-json\/wp\/v2\/media?parent=94658"}],"wp:term":[{"taxonomy":"category","embeddable":true,"href":"https:\/\/webdelmaestrocmf.com\/portal\/wp-json\/wp\/v2\/categories?post=94658"},{"taxonomy":"post_tag","embeddable":true,"href":"https:\/\/webdelmaestrocmf.com\/portal\/wp-json\/wp\/v2\/tags?post=94658"}],"curies":[{"name":"wp","href":"https:\/\/api.w.org\/{rel}","templated":true}]}}