{"id":93599,"date":"2024-11-18T19:00:31","date_gmt":"2024-11-18T22:00:31","guid":{"rendered":"https:\/\/webdelmaestrocmf.com\/portal\/?p=93599"},"modified":"2024-11-18T19:40:18","modified_gmt":"2024-11-18T22:40:18","slug":"cuales-son-los-principios-pedagogicos-de-la-nem","status":"publish","type":"post","link":"https:\/\/webdelmaestrocmf.com\/portal\/cuales-son-los-principios-pedagogicos-de-la-nem\/","title":{"rendered":"Principios pedag\u00f3gicos que ponen a los estudiantes en el centro"},"content":{"rendered":"<p style=\"text-align: justify;\"><strong>En la actualidad, la educaci\u00f3n se encuentra inmersa en un profundo cambio de paradigma, alej\u00e1ndose de un enfoque tradicional centrado en el maestro para abrazar principios pedag\u00f3gicos que sit\u00faan a los estudiantes en el centro del proceso de aprendizaje. Esta transformaci\u00f3n no solo reconoce la singularidad de cada estudiante, sino que tambi\u00e9n aboga por la creaci\u00f3n de entornos de ense\u00f1anza que fomenten la autonom\u00eda, la participaci\u00f3n activa y la personalizaci\u00f3n del aprendizaje.<\/strong> <!--more--><\/p>\n<p style=\"text-align: justify;\">En este breve an\u00e1lisis, exploraremos c\u00f3mo estos principios revolucionan la educaci\u00f3n y promueven un enfoque m\u00e1s efectivo y significativo en el desarrollo de habilidades y conocimientos de los estudiantes.<\/p>\n<p>Art\u00edculo relacionado: <a title=\"Ir a WMCMF\" href=\"https:\/\/webdelmaestrocmf.com\/portal\/los-diez-rasgos-del-perfil-del-egresado-de-la-nueva-escuela-mexicana-nem\/\" target=\"_blank\" rel=\"noopener\">Los diez rasgos del perfil del egresado de la Nueva Escuela Mexicana (NEM)<\/a><\/p>\n<p style=\"text-align: justify;\">En el horizonte de la educaci\u00f3n mexicana se alza un ambicioso y esperanzador proyecto: la Nueva Escuela Mexicana (NEM). Dise\u00f1ada para trascender los l\u00edmites de la ense\u00f1anza convencional, la NEM se presenta como una propuesta revolucionaria que tiene como objetivo remodelar la educaci\u00f3n en todos sus niveles.<\/p>\n<p style=\"text-align: justify;\">Este art\u00edculo se sumerge en los fundamentos y principios pedag\u00f3gicos que dan forma a esta transformaci\u00f3n educativa, explorando c\u00f3mo la NEM busca no solo cambiar la manera en que los estudiantes adquieren conocimiento, sino tambi\u00e9n cultivar valores, promover la participaci\u00f3n ciudadana y preparar a las nuevas generaciones para los desaf\u00edos de un mundo en constante cambio.<\/p>\n<p style=\"text-align: justify;\">Desde el fomento de la identidad cultural hasta la promoci\u00f3n de la innovaci\u00f3n y la inclusi\u00f3n, cada principio que sustenta la NEM contribuye a tejer la trama de una educaci\u00f3n m\u00e1s significativa, relevante y comprometida con el futuro de M\u00e9xico. En esta traves\u00eda, nos adentramos en los cimientos de la Nueva Escuela Mexicana para comprender c\u00f3mo est\u00e1 dando forma a una educaci\u00f3n que no solo transmite conocimientos, sino que tambi\u00e9n forja ciudadanos conscientes, cr\u00edticos y emp\u00e1ticos, listos para liderar la transformaci\u00f3n de su pa\u00eds y el mundo que los rodea.<\/p>\n<p style=\"text-align: justify;\">En esta propuesta de cambio radical, la NEM se sustenta en una serie de principios pedag\u00f3gicos que gu\u00edan su visi\u00f3n y objetivos, delineando un camino hacia una educaci\u00f3n m\u00e1s relevante y emp\u00e1tica. A continuaci\u00f3n, exploramos estos principios clave que constituyen el coraz\u00f3n de la NEM:<\/p>\n<p style=\"padding-left: 40px; text-align: justify;\"><strong>1. Fomento de la Identidad Mexicana<\/strong><\/p>\n<p style=\"padding-left: 40px; text-align: justify;\">Un pilar fundamental de la NEM es la valoraci\u00f3n y promoci\u00f3n de la riqueza cultural y la herencia hist\u00f3rica de M\u00e9xico. Este principio busca cultivar en los estudiantes un aprecio profundo por su cultura y su naci\u00f3n, al mismo tiempo que fortalece su comprensi\u00f3n de la historia mexicana, generando un sentido arraigado de pertenencia y conexi\u00f3n.<\/p>\n<p style=\"padding-left: 40px; text-align: justify;\"><strong>2. Formaci\u00f3n de Ciudadanos Responsables<\/strong><\/p>\n<p style=\"padding-left: 40px; text-align: justify;\">La NEM se propone cultivar la ciudadan\u00eda activa y consciente. A trav\u00e9s del conocimiento de los derechos y deberes civiles, se aspira a infundir en los j\u00f3venes valores de respeto, justicia, honestidad, lealtad y equidad. Adem\u00e1s, se busca despertar una conciencia social y econ\u00f3mica que fomente la empat\u00eda hacia los diversos estratos socioecon\u00f3micos de la sociedad mexicana.<\/p>\n<p style=\"padding-left: 40px; text-align: justify;\"><strong>3. Cultivo de la Honestidad<\/strong><\/p>\n<p style=\"padding-left: 40px; text-align: justify;\">La promoci\u00f3n de la honestidad se erige como un pilar \u00e9tico en la NEM. Este valor central busca desarrollar la rectitud en la conducta de los estudiantes, fomentando relaciones saludables y una convivencia basada en la integridad y el respeto mutuo.<\/p>\n<p style=\"padding-left: 40px; text-align: justify;\"><strong>4. Participaci\u00f3n Activa en la Transformaci\u00f3n Social<\/strong><\/p>\n<p style=\"padding-left: 40px; text-align: justify;\">La NEM no solo aspira a la instrucci\u00f3n acad\u00e9mica, sino a la formaci\u00f3n de pensadores cr\u00edticos y agentes de cambio. Se alienta a los j\u00f3venes a ser part\u00edcipes activos en los procesos de transformaci\u00f3n social, impulsando una actitud propositiva y comprometida con la mejora de la sociedad.<\/p>\n<p style=\"padding-left: 40px; text-align: justify;\"><strong>5. Respeto por la Dignidad Humana<\/strong><\/p>\n<p style=\"padding-left: 40px; text-align: justify;\">Desde una perspectiva humanista, la NEM aboga por un enfoque educativo que respeta y protege los derechos y la dignidad de cada individuo. Este principio abarca desde la promoci\u00f3n de relaciones saludables hasta la erradicaci\u00f3n de la discriminaci\u00f3n y la intolerancia.<\/p>\n<p style=\"padding-left: 40px; text-align: justify;\"><strong>6. Fomento de la Interculturalidad<\/strong><\/p>\n<p style=\"padding-left: 40px; text-align: justify;\">La riqueza de la diversidad ling\u00fc\u00edstica y cultural de M\u00e9xico encuentra eco en la NEM, que busca enriquecer el conocimiento y comprensi\u00f3n de esta pluralidad. Mediante el intercambio intercultural, siempre basado en el respeto, se forja una comprensi\u00f3n m\u00e1s profunda y una convivencia armoniosa.<\/p>\n<p style=\"padding-left: 40px; text-align: justify;\"><strong>7. Cultura de la Paz<\/strong><\/p>\n<p style=\"padding-left: 40px; text-align: justify;\">En un contexto de desaf\u00edos sociales y violencia, la NEM se convierte en un faro de esperanza al priorizar la educaci\u00f3n en la resoluci\u00f3n pac\u00edfica de conflictos. Se pretende empoderar a los j\u00f3venes con habilidades de di\u00e1logo y negociaci\u00f3n, propiciando un cambio hacia la colaboraci\u00f3n en lugar de la confrontaci\u00f3n.<\/p>\n<p style=\"padding-left: 40px; text-align: justify;\"><strong>8. Conciencia Ambiental y Cuidado del Ecosistema<\/strong><\/p>\n<p style=\"padding-left: 40px; text-align: justify;\">La NEM reconoce la urgencia de la crisis ambiental global y se propone cultivar una conciencia ecol\u00f3gica en los estudiantes. La protecci\u00f3n y conservaci\u00f3n de la naturaleza, junto con medidas para abordar el cambio clim\u00e1tico, se convierten en aspectos integrales de la educaci\u00f3n.<\/p>\n<p><img loading=\"lazy\" decoding=\"async\" class=\"alignnone wp-image-98953 size-full\" title=\"Principios pedag\u00f3gicos\" src=\"https:\/\/webdelmaestrocmf.com\/portal\/wp-content\/uploads\/2023\/08\/AF6QYNmoW0AA4t6-6.jpg\" alt=\"Principios pedag\u00f3gicos\" width=\"800\" height=\"418\" srcset=\"https:\/\/webdelmaestrocmf.com\/portal\/wp-content\/uploads\/2023\/08\/AF6QYNmoW0AA4t6-6.jpg 800w, https:\/\/webdelmaestrocmf.com\/portal\/wp-content\/uploads\/2023\/08\/AF6QYNmoW0AA4t6-6-300x157.jpg 300w, https:\/\/webdelmaestrocmf.com\/portal\/wp-content\/uploads\/2023\/08\/AF6QYNmoW0AA4t6-6-768x401.jpg 768w, https:\/\/webdelmaestrocmf.com\/portal\/wp-content\/uploads\/2023\/08\/AF6QYNmoW0AA4t6-6-380x199.jpg 380w, https:\/\/webdelmaestrocmf.com\/portal\/wp-content\/uploads\/2023\/08\/AF6QYNmoW0AA4t6-6-550x287.jpg 550w\" sizes=\"auto, (max-width: 800px) 100vw, 800px\" \/><\/p>\n<p style=\"text-align: justify;\">En \u00faltima instancia, la Nueva Escuela Mexicana aspira a forjar valores s\u00f3lidos en las generaciones futuras, equip\u00e1ndolas para ser ciudadanos activos y comprometidos en la continuaci\u00f3n de la transformaci\u00f3n de M\u00e9xico. En la uni\u00f3n de estos principios, se traza un camino educativo que abraza la diversidad, fomenta el pensamiento cr\u00edtico y apunta a un futuro m\u00e1s prometedor y unido para el pa\u00eds.<\/p>\n<p style=\"text-align: center;\"><strong>ENLACE DE LECTURA:<\/strong> <a title=\"Ir a MEGA\" href=\"https:\/\/mega.nz\/folder\/bu5gBJJb#TBcObpnxGZmUVkt0uWcUKQ\" target=\"_blank\" rel=\"noopener\">PRINCIPIOS Y ORIENTACIONES PEDAG\u00d3GICAS<\/a><\/p>\n\t\t<div class=\"pk-inline-posts\">\n\t\t\t\n\t\t\t<div class=\"pk-inline-posts-container pk-inline-posts-template-list\"\n\t\t\t\tdata-columns=\"1\">\n\t\t\t\t\t\t<article id=\"post-97954\" class=\"post-97954 post type-post status-publish format-standard has-post-thumbnail category-principios category-pedagogia tag-docentes tag-estructura tag-lomloe tag-principios cs-entry cs-video-wrap\">\n\t\t\t<div class=\"pk-post-outer\">\n\n\t\t\t\t\t\t\t\t<div class=\"pk-post-inner\">\n\t\t\t\t\t<div class=\"entry-thumbnail\">\n\t\t\t\t\t\t<div class=\"pk-overlay pk-overlay-ratio pk-ratio-landscape\">\n\t\t\t\t\t\t\t<div class=\"pk-overlay-background\">\n\t\t\t\t\t\t\t\t<a href=\"https:\/\/webdelmaestrocmf.com\/portal\/cuales-son-los-principios-de-la-lomloe\/\" class=\"pk-overlay-link\">\n\t\t\t\t\t\t\t\t\t<img loading=\"lazy\" decoding=\"async\" width=\"300\" height=\"225\" src=\"https:\/\/webdelmaestrocmf.com\/portal\/wp-content\/uploads\/2023\/10\/A12B3C4D-2-3-300x225.jpg\" class=\"attachment-pk-thumbnail size-pk-thumbnail wp-post-image\" alt=\"LOMLOE\" \/>\t\t\t\t\t\t\t\t<\/a>\n\t\t\t\t\t\t\t<\/div>\n\t\t\t\t\t\t<\/div>\n\t\t\t\t\t<\/div>\n\t\t\t\t<\/div>\n\t\t\t\t\n\t\t\t\t<div class=\"pk-post-inner\">\n\t\t\t\t\t<header>\n\t\t\t\t\t\t<h3 class=\"pk-title\"><a href=\"https:\/\/webdelmaestrocmf.com\/portal\/cuales-son-los-principios-de-la-lomloe\/\" rel=\"bookmark\">\u00bfCu\u00e1les son los principios de la LOMLOE?<\/a><\/h3>\t\t\t\t\t<\/header><!-- .entry-header -->\n\t\t\t\t<\/div><!-- .post-inner -->\n\n\t\t\t<\/div><!-- .post-outer -->\n\t\t<\/article>\n\t\t\t<article id=\"post-91078\" class=\"post-91078 post type-post status-publish format-standard has-post-thumbnail category-principios category-pedagogia tag-14424 tag-15109 tag-escuela tag-mexicana tag-nueva tag-principios cs-entry cs-video-wrap\">\n\t\t\t<div class=\"pk-post-outer\">\n\n\t\t\t\t\t\t\t\t<div class=\"pk-post-inner\">\n\t\t\t\t\t<div class=\"entry-thumbnail\">\n\t\t\t\t\t\t<div class=\"pk-overlay pk-overlay-ratio pk-ratio-landscape\">\n\t\t\t\t\t\t\t<div class=\"pk-overlay-background\">\n\t\t\t\t\t\t\t\t<a href=\"https:\/\/webdelmaestrocmf.com\/portal\/principios-de-la-nueva-escuela-mexicana-2023-2024\/\" class=\"pk-overlay-link\">\n\t\t\t\t\t\t\t\t\t<img loading=\"lazy\" decoding=\"async\" width=\"300\" height=\"225\" src=\"https:\/\/webdelmaestrocmf.com\/portal\/wp-content\/uploads\/2023\/07\/Banner-1-portada-imagen-10-1-6-300x225.jpg\" class=\"attachment-pk-thumbnail size-pk-thumbnail wp-post-image\" alt=\"Principios\" \/>\t\t\t\t\t\t\t\t<\/a>\n\t\t\t\t\t\t\t<\/div>\n\t\t\t\t\t\t<\/div>\n\t\t\t\t\t<\/div>\n\t\t\t\t<\/div>\n\t\t\t\t\n\t\t\t\t<div class=\"pk-post-inner\">\n\t\t\t\t\t<header>\n\t\t\t\t\t\t<h3 class=\"pk-title\"><a href=\"https:\/\/webdelmaestrocmf.com\/portal\/principios-de-la-nueva-escuela-mexicana-2023-2024\/\" rel=\"bookmark\">Principios pedag\u00f3gicos de la NEM<\/a><\/h3>\t\t\t\t\t<\/header><!-- .entry-header -->\n\t\t\t\t<\/div><!-- .post-inner -->\n\n\t\t\t<\/div><!-- .post-outer -->\n\t\t<\/article>\n\t\t\t\t<\/div>\n\t\t<\/div>\n\t\t\n","protected":false},"excerpt":{"rendered":"En la actualidad, la educaci\u00f3n se encuentra inmersa en un profundo cambio de paradigma, alej\u00e1ndose de un enfoque&hellip;","protected":false},"author":1,"featured_media":106964,"comment_status":"open","ping_status":"closed","sticky":false,"template":"","format":"standard","meta":{"csco_display_header_overlay":false,"csco_singular_sidebar":"","csco_page_header_type":"","csco_page_load_nextpost":"","csco_post_video_location":[],"csco_post_video_location_hash":"","csco_post_video_url":"","csco_post_video_bg_start_time":0,"csco_post_video_bg_end_time":0,"csco_post_video_bg_volume":false,"_jetpack_memberships_contains_paid_content":false,"footnotes":""},"categories":[18251,735],"tags":[16421,19687,19690,16180,17433,19686,73,19688,19689,18334,19681,19693,3508,3987,18065,5501,19683,16420,2942,19692,19691,18105,19685,3988,19682,1576,19684,15667,18333,16915],"class_list":{"0":"post-93599","1":"post","2":"type-post","3":"status-publish","4":"format-standard","5":"has-post-thumbnail","7":"category-principios","8":"category-pedagogia","9":"tag-adaptacion-curricular","10":"tag-alfabetizacion-digital","11":"tag-alianzas-comunitarias","12":"tag-aprendizaje-personalizado","13":"tag-ciudadania-activa","14":"tag-conciencia-social","15":"tag-creatividad","16":"tag-desarrollo-personalizado","17":"tag-docentes-capacitados","18":"tag-educacion-del-siglo-xxi","19":"tag-educacion-en-mexico","20":"tag-enfoque-humanista","21":"tag-equidad","22":"tag-evaluacion-formativa","23":"tag-excelencia-academica","24":"tag-honestidad","25":"tag-identidad-cultural","26":"tag-inclusion-educativa","27":"tag-innovacion-educativa","28":"tag-medicion-de-resultados","29":"tag-mundo-laboral","30":"tag-nueva-escuela-mexicana","31":"tag-participacion-ciudadana","32":"tag-pensamiento-critico","33":"tag-principios-pedagogicos","34":"tag-respeto","35":"tag-responsabilidad-ciudadana","36":"tag-tecnologia-educativa","37":"tag-transformacion-educativa","38":"tag-valores-eticos","39":"cs-entry","40":"cs-video-wrap"},"yoast_head":"<!-- This site is optimized with the Yoast SEO plugin v27.5 - https:\/\/yoast.com\/product\/yoast-seo-wordpress\/ -->\n<title>Principios pedag\u00f3gicos que ponen a los estudiantes en el centro - 2026<\/title>\n<meta name=\"description\" content=\"Conozca el nuevo paradigma de la educaci\u00f3n que aboga por principios pedag\u00f3gicos que reconocen la singularidad de cada estudiante.\" \/>\n<meta name=\"robots\" content=\"index, follow, max-snippet:-1, max-image-preview:large, max-video-preview:-1\" \/>\n<link rel=\"canonical\" href=\"https:\/\/webdelmaestrocmf.com\/portal\/cuales-son-los-principios-pedagogicos-de-la-nem\/\" \/>\n<meta property=\"og:locale\" content=\"es_ES\" \/>\n<meta property=\"og:type\" content=\"article\" \/>\n<meta property=\"og:title\" content=\"Principios pedag\u00f3gicos que ponen a los estudiantes en el centro - 2026\" \/>\n<meta property=\"og:description\" content=\"Conozca el nuevo paradigma de la educaci\u00f3n que aboga por principios pedag\u00f3gicos que reconocen la singularidad de cada estudiante.\" \/>\n<meta property=\"og:url\" content=\"https:\/\/webdelmaestrocmf.com\/portal\/cuales-son-los-principios-pedagogicos-de-la-nem\/\" \/>\n<meta property=\"og:site_name\" content=\"Web del Maestro CMF\" \/>\n<meta property=\"article:publisher\" content=\"https:\/\/www.facebook.com\/WebdelMaestroCMF\/\" \/>\n<meta property=\"article:author\" content=\"https:\/\/www.facebook.com\/WebdelMaestroCMF\/\" \/>\n<meta property=\"article:published_time\" content=\"2024-11-18T22:00:31+00:00\" \/>\n<meta property=\"article:modified_time\" content=\"2024-11-18T22:40:18+00:00\" \/>\n<meta property=\"og:image\" content=\"https:\/\/webdelmaestrocmf.com\/portal\/wp-content\/uploads\/2023\/08\/Banner-1-portada-imagen-10-1-16.jpg\" \/>\n\t<meta property=\"og:image:width\" content=\"1024\" \/>\n\t<meta property=\"og:image:height\" content=\"1024\" \/>\n\t<meta property=\"og:image:type\" content=\"image\/jpeg\" \/>\n<meta name=\"author\" content=\"Web del Maestro CMF\" \/>\n<meta name=\"twitter:card\" content=\"summary_large_image\" \/>\n<meta name=\"twitter:creator\" content=\"@cmf_w\" \/>\n<meta name=\"twitter:site\" content=\"@cmf_w\" \/>\n<script type=\"application\/ld+json\" class=\"yoast-schema-graph\">{\"@context\":\"https:\\\/\\\/schema.org\",\"@graph\":[{\"@type\":\"ScholarlyArticle\",\"@id\":\"https:\\\/\\\/webdelmaestrocmf.com\\\/portal\\\/cuales-son-los-principios-pedagogicos-de-la-nem\\\/#article\",\"isPartOf\":{\"@id\":\"https:\\\/\\\/webdelmaestrocmf.com\\\/portal\\\/cuales-son-los-principios-pedagogicos-de-la-nem\\\/\"},\"author\":{\"name\":\"Web del Maestro CMF\",\"@id\":\"https:\\\/\\\/webdelmaestrocmf.com\\\/portal\\\/#\\\/schema\\\/person\\\/1072a2ed7bd960df8ef99a551fa35dc5\"},\"headline\":\"Principios pedag\u00f3gicos que ponen a los estudiantes en el centro\",\"datePublished\":\"2024-11-18T22:00:31+00:00\",\"dateModified\":\"2024-11-18T22:40:18+00:00\",\"mainEntityOfPage\":{\"@id\":\"https:\\\/\\\/webdelmaestrocmf.com\\\/portal\\\/cuales-son-los-principios-pedagogicos-de-la-nem\\\/\"},\"wordCount\":961,\"commentCount\":0,\"publisher\":{\"@id\":\"https:\\\/\\\/webdelmaestrocmf.com\\\/portal\\\/#organization\"},\"image\":{\"@id\":\"https:\\\/\\\/webdelmaestrocmf.com\\\/portal\\\/cuales-son-los-principios-pedagogicos-de-la-nem\\\/#primaryimage\"},\"thumbnailUrl\":\"https:\\\/\\\/webdelmaestrocmf.com\\\/portal\\\/wp-content\\\/uploads\\\/2023\\\/08\\\/Banner-1-portada-imagen-10-1-16.jpg\",\"keywords\":[\"Adaptaci\u00f3n Curricular\",\"alfabetizaci\u00f3n digital\",\"alianzas comunitarias\",\"aprendizaje personalizado\",\"Ciudadan\u00eda activa\",\"conciencia social\",\"creatividad\",\"desarrollo personalizado\",\"docentes capacitados\",\"Educaci\u00f3n del Siglo XXI\",\"educaci\u00f3n en M\u00e9xico\",\"enfoque humanista\",\"EQUIDAD\",\"evaluaci\u00f3n formativa\",\"Excelencia acad\u00e9mica\",\"honestidad\",\"identidad cultural\",\"Inclusi\u00f3n Educativa\",\"INNOVACI\u00d3N EDUCATIVA\",\"medici\u00f3n de resultados\",\"mundo laboral\",\"Nueva Escuela Mexicana\",\"participaci\u00f3n ciudadana\",\"PENSAMIENTO CR\u00cdTICO\",\"principios pedag\u00f3gicos\",\"RESPETO\",\"responsabilidad ciudadana\",\"TECNOLOG\u00cdA EDUCATIVA\",\"Transformaci\u00f3n Educativa\",\"valores \u00e9ticos\"],\"articleSection\":[\"Principios\",\"Recursos\"],\"inLanguage\":\"es\",\"potentialAction\":[{\"@type\":\"CommentAction\",\"name\":\"Comment\",\"target\":[\"https:\\\/\\\/webdelmaestrocmf.com\\\/portal\\\/cuales-son-los-principios-pedagogicos-de-la-nem\\\/#respond\"]}]},{\"@type\":\"WebPage\",\"@id\":\"https:\\\/\\\/webdelmaestrocmf.com\\\/portal\\\/cuales-son-los-principios-pedagogicos-de-la-nem\\\/\",\"url\":\"https:\\\/\\\/webdelmaestrocmf.com\\\/portal\\\/cuales-son-los-principios-pedagogicos-de-la-nem\\\/\",\"name\":\"Principios pedag\u00f3gicos que ponen a los estudiantes en el centro - 2026\",\"isPartOf\":{\"@id\":\"https:\\\/\\\/webdelmaestrocmf.com\\\/portal\\\/#website\"},\"primaryImageOfPage\":{\"@id\":\"https:\\\/\\\/webdelmaestrocmf.com\\\/portal\\\/cuales-son-los-principios-pedagogicos-de-la-nem\\\/#primaryimage\"},\"image\":{\"@id\":\"https:\\\/\\\/webdelmaestrocmf.com\\\/portal\\\/cuales-son-los-principios-pedagogicos-de-la-nem\\\/#primaryimage\"},\"thumbnailUrl\":\"https:\\\/\\\/webdelmaestrocmf.com\\\/portal\\\/wp-content\\\/uploads\\\/2023\\\/08\\\/Banner-1-portada-imagen-10-1-16.jpg\",\"datePublished\":\"2024-11-18T22:00:31+00:00\",\"dateModified\":\"2024-11-18T22:40:18+00:00\",\"description\":\"Conozca el nuevo paradigma de la educaci\u00f3n que aboga por principios pedag\u00f3gicos que reconocen la singularidad de cada estudiante.\",\"breadcrumb\":{\"@id\":\"https:\\\/\\\/webdelmaestrocmf.com\\\/portal\\\/cuales-son-los-principios-pedagogicos-de-la-nem\\\/#breadcrumb\"},\"inLanguage\":\"es\",\"potentialAction\":[{\"@type\":\"ReadAction\",\"target\":[\"https:\\\/\\\/webdelmaestrocmf.com\\\/portal\\\/cuales-son-los-principios-pedagogicos-de-la-nem\\\/\"]}]},{\"@type\":\"ImageObject\",\"inLanguage\":\"es\",\"@id\":\"https:\\\/\\\/webdelmaestrocmf.com\\\/portal\\\/cuales-son-los-principios-pedagogicos-de-la-nem\\\/#primaryimage\",\"url\":\"https:\\\/\\\/webdelmaestrocmf.com\\\/portal\\\/wp-content\\\/uploads\\\/2023\\\/08\\\/Banner-1-portada-imagen-10-1-16.jpg\",\"contentUrl\":\"https:\\\/\\\/webdelmaestrocmf.com\\\/portal\\\/wp-content\\\/uploads\\\/2023\\\/08\\\/Banner-1-portada-imagen-10-1-16.jpg\",\"width\":1024,\"height\":1024},{\"@type\":\"BreadcrumbList\",\"@id\":\"https:\\\/\\\/webdelmaestrocmf.com\\\/portal\\\/cuales-son-los-principios-pedagogicos-de-la-nem\\\/#breadcrumb\",\"itemListElement\":[{\"@type\":\"ListItem\",\"position\":1,\"name\":\"Portada\",\"item\":\"https:\\\/\\\/webdelmaestrocmf.com\\\/portal\\\/\"},{\"@type\":\"ListItem\",\"position\":2,\"name\":\"Recursos\",\"item\":\"https:\\\/\\\/webdelmaestrocmf.com\\\/portal\\\/category\\\/pedagogia\\\/\"},{\"@type\":\"ListItem\",\"position\":3,\"name\":\"Principios pedag\u00f3gicos que ponen a los estudiantes en el centro\"}]},{\"@type\":\"WebSite\",\"@id\":\"https:\\\/\\\/webdelmaestrocmf.com\\\/portal\\\/#website\",\"url\":\"https:\\\/\\\/webdelmaestrocmf.com\\\/portal\\\/\",\"name\":\"Web del Maestro CMF\",\"description\":\"Maestros al servicio de la educaci\u00f3n\",\"publisher\":{\"@id\":\"https:\\\/\\\/webdelmaestrocmf.com\\\/portal\\\/#organization\"},\"alternateName\":\"WMCMF\",\"potentialAction\":[{\"@type\":\"SearchAction\",\"target\":{\"@type\":\"EntryPoint\",\"urlTemplate\":\"https:\\\/\\\/webdelmaestrocmf.com\\\/portal\\\/?s={search_term_string}\"},\"query-input\":{\"@type\":\"PropertyValueSpecification\",\"valueRequired\":true,\"valueName\":\"search_term_string\"}}],\"inLanguage\":\"es\"},{\"@type\":\"Organization\",\"@id\":\"https:\\\/\\\/webdelmaestrocmf.com\\\/portal\\\/#organization\",\"name\":\"Web del Maestro CMF\",\"alternateName\":\"WMCMF\",\"url\":\"https:\\\/\\\/webdelmaestrocmf.com\\\/portal\\\/\",\"logo\":{\"@type\":\"ImageObject\",\"inLanguage\":\"es\",\"@id\":\"https:\\\/\\\/webdelmaestrocmf.com\\\/portal\\\/#\\\/schema\\\/logo\\\/image\\\/\",\"url\":\"https:\\\/\\\/webdelmaestrocmf.com\\\/portal\\\/wp-content\\\/uploads\\\/2023\\\/01\\\/logo-wmcmf-2.png\",\"contentUrl\":\"https:\\\/\\\/webdelmaestrocmf.com\\\/portal\\\/wp-content\\\/uploads\\\/2023\\\/01\\\/logo-wmcmf-2.png\",\"width\":200,\"height\":60,\"caption\":\"Web del Maestro CMF\"},\"image\":{\"@id\":\"https:\\\/\\\/webdelmaestrocmf.com\\\/portal\\\/#\\\/schema\\\/logo\\\/image\\\/\"},\"sameAs\":[\"https:\\\/\\\/www.facebook.com\\\/WebdelMaestroCMF\\\/\",\"https:\\\/\\\/x.com\\\/cmf_w\",\"https:\\\/\\\/www.pinterest.com\\\/WMCMF\\\/\",\"https:\\\/\\\/www.linkedin.com\\\/company\\\/web-del-maestro-cmf\\\/\",\"https:\\\/\\\/www.instagram.com\\\/wmcmf\\\/\",\"https:\\\/\\\/www.youtube.com\\\/channel\\\/UCDPSvjbdodE5sHnC3OxutHw\",\"https:\\\/\\\/mastodon.social\\\/@wmcmf\",\"https:\\\/\\\/www.tiktok.com\\\/@webdelmaestrocmf\"]},{\"@type\":\"Person\",\"@id\":\"https:\\\/\\\/webdelmaestrocmf.com\\\/portal\\\/#\\\/schema\\\/person\\\/1072a2ed7bd960df8ef99a551fa35dc5\",\"name\":\"Web del Maestro CMF\",\"image\":{\"@type\":\"ImageObject\",\"inLanguage\":\"es\",\"@id\":\"https:\\\/\\\/secure.gravatar.com\\\/avatar\\\/23291dd5b5ae1077dcff3dbb04c3e02bd28403fa75af6d8787d5e97c5bbbe30b?s=96&d=mm&r=g\",\"url\":\"https:\\\/\\\/secure.gravatar.com\\\/avatar\\\/23291dd5b5ae1077dcff3dbb04c3e02bd28403fa75af6d8787d5e97c5bbbe30b?s=96&d=mm&r=g\",\"contentUrl\":\"https:\\\/\\\/secure.gravatar.com\\\/avatar\\\/23291dd5b5ae1077dcff3dbb04c3e02bd28403fa75af6d8787d5e97c5bbbe30b?s=96&d=mm&r=g\",\"caption\":\"Web del Maestro CMF\"},\"description\":\"Esta Web se cre\u00f3 sin fines de lucro, con fines educativos, cient\u00edficos y acad\u00e9micos, para personas que tengan dificultades y\\\/o inconvenientes en visualizar el material original. El objetivo es entregar recursos, compartir experiencias y materiales que ayuden a los padres de familia, maestros y estudiantes en su actualizaci\u00f3n y formaci\u00f3n permanente, en bien de la Educaci\u00f3n.\",\"sameAs\":[\"http:\\\/\\\/webdelmaestrocmf.com\\\/portal\",\"https:\\\/\\\/www.facebook.com\\\/WebdelMaestroCMF\\\/\",\"https:\\\/\\\/www.instagram.com\\\/wmcmf\\\/\",\"https:\\\/\\\/cl.linkedin.com\\\/company\\\/web-del-maestro-cmf\",\"https:\\\/\\\/www.pinterest.com\\\/WMCMF\\\/publicaciones\\\/\",\"https:\\\/\\\/x.com\\\/cmf_w\",\"https:\\\/\\\/www.youtube.com\\\/@WMCMF\"]}]}<\/script>\n<!-- \/ Yoast SEO plugin. -->","yoast_head_json":{"title":"Principios pedag\u00f3gicos que ponen a los estudiantes en el centro - 2026","description":"Conozca el nuevo paradigma de la educaci\u00f3n que aboga por principios pedag\u00f3gicos que reconocen la singularidad de cada estudiante.","robots":{"index":"index","follow":"follow","max-snippet":"max-snippet:-1","max-image-preview":"max-image-preview:large","max-video-preview":"max-video-preview:-1"},"canonical":"https:\/\/webdelmaestrocmf.com\/portal\/cuales-son-los-principios-pedagogicos-de-la-nem\/","og_locale":"es_ES","og_type":"article","og_title":"Principios pedag\u00f3gicos que ponen a los estudiantes en el centro - 2026","og_description":"Conozca el nuevo paradigma de la educaci\u00f3n que aboga por principios pedag\u00f3gicos que reconocen la singularidad de cada estudiante.","og_url":"https:\/\/webdelmaestrocmf.com\/portal\/cuales-son-los-principios-pedagogicos-de-la-nem\/","og_site_name":"Web del Maestro CMF","article_publisher":"https:\/\/www.facebook.com\/WebdelMaestroCMF\/","article_author":"https:\/\/www.facebook.com\/WebdelMaestroCMF\/","article_published_time":"2024-11-18T22:00:31+00:00","article_modified_time":"2024-11-18T22:40:18+00:00","og_image":[{"width":1024,"height":1024,"url":"https:\/\/webdelmaestrocmf.com\/portal\/wp-content\/uploads\/2023\/08\/Banner-1-portada-imagen-10-1-16.jpg","type":"image\/jpeg"}],"author":"Web del Maestro CMF","twitter_card":"summary_large_image","twitter_creator":"@cmf_w","twitter_site":"@cmf_w","schema":{"@context":"https:\/\/schema.org","@graph":[{"@type":"ScholarlyArticle","@id":"https:\/\/webdelmaestrocmf.com\/portal\/cuales-son-los-principios-pedagogicos-de-la-nem\/#article","isPartOf":{"@id":"https:\/\/webdelmaestrocmf.com\/portal\/cuales-son-los-principios-pedagogicos-de-la-nem\/"},"author":{"name":"Web del Maestro CMF","@id":"https:\/\/webdelmaestrocmf.com\/portal\/#\/schema\/person\/1072a2ed7bd960df8ef99a551fa35dc5"},"headline":"Principios pedag\u00f3gicos que ponen a los estudiantes en el centro","datePublished":"2024-11-18T22:00:31+00:00","dateModified":"2024-11-18T22:40:18+00:00","mainEntityOfPage":{"@id":"https:\/\/webdelmaestrocmf.com\/portal\/cuales-son-los-principios-pedagogicos-de-la-nem\/"},"wordCount":961,"commentCount":0,"publisher":{"@id":"https:\/\/webdelmaestrocmf.com\/portal\/#organization"},"image":{"@id":"https:\/\/webdelmaestrocmf.com\/portal\/cuales-son-los-principios-pedagogicos-de-la-nem\/#primaryimage"},"thumbnailUrl":"https:\/\/webdelmaestrocmf.com\/portal\/wp-content\/uploads\/2023\/08\/Banner-1-portada-imagen-10-1-16.jpg","keywords":["Adaptaci\u00f3n Curricular","alfabetizaci\u00f3n digital","alianzas comunitarias","aprendizaje personalizado","Ciudadan\u00eda activa","conciencia social","creatividad","desarrollo personalizado","docentes capacitados","Educaci\u00f3n del Siglo XXI","educaci\u00f3n en M\u00e9xico","enfoque humanista","EQUIDAD","evaluaci\u00f3n formativa","Excelencia acad\u00e9mica","honestidad","identidad cultural","Inclusi\u00f3n Educativa","INNOVACI\u00d3N EDUCATIVA","medici\u00f3n de resultados","mundo laboral","Nueva Escuela Mexicana","participaci\u00f3n ciudadana","PENSAMIENTO CR\u00cdTICO","principios pedag\u00f3gicos","RESPETO","responsabilidad ciudadana","TECNOLOG\u00cdA EDUCATIVA","Transformaci\u00f3n Educativa","valores \u00e9ticos"],"articleSection":["Principios","Recursos"],"inLanguage":"es","potentialAction":[{"@type":"CommentAction","name":"Comment","target":["https:\/\/webdelmaestrocmf.com\/portal\/cuales-son-los-principios-pedagogicos-de-la-nem\/#respond"]}]},{"@type":"WebPage","@id":"https:\/\/webdelmaestrocmf.com\/portal\/cuales-son-los-principios-pedagogicos-de-la-nem\/","url":"https:\/\/webdelmaestrocmf.com\/portal\/cuales-son-los-principios-pedagogicos-de-la-nem\/","name":"Principios pedag\u00f3gicos que ponen a los estudiantes en el centro - 2026","isPartOf":{"@id":"https:\/\/webdelmaestrocmf.com\/portal\/#website"},"primaryImageOfPage":{"@id":"https:\/\/webdelmaestrocmf.com\/portal\/cuales-son-los-principios-pedagogicos-de-la-nem\/#primaryimage"},"image":{"@id":"https:\/\/webdelmaestrocmf.com\/portal\/cuales-son-los-principios-pedagogicos-de-la-nem\/#primaryimage"},"thumbnailUrl":"https:\/\/webdelmaestrocmf.com\/portal\/wp-content\/uploads\/2023\/08\/Banner-1-portada-imagen-10-1-16.jpg","datePublished":"2024-11-18T22:00:31+00:00","dateModified":"2024-11-18T22:40:18+00:00","description":"Conozca el nuevo paradigma de la educaci\u00f3n que aboga por principios pedag\u00f3gicos que reconocen la singularidad de cada estudiante.","breadcrumb":{"@id":"https:\/\/webdelmaestrocmf.com\/portal\/cuales-son-los-principios-pedagogicos-de-la-nem\/#breadcrumb"},"inLanguage":"es","potentialAction":[{"@type":"ReadAction","target":["https:\/\/webdelmaestrocmf.com\/portal\/cuales-son-los-principios-pedagogicos-de-la-nem\/"]}]},{"@type":"ImageObject","inLanguage":"es","@id":"https:\/\/webdelmaestrocmf.com\/portal\/cuales-son-los-principios-pedagogicos-de-la-nem\/#primaryimage","url":"https:\/\/webdelmaestrocmf.com\/portal\/wp-content\/uploads\/2023\/08\/Banner-1-portada-imagen-10-1-16.jpg","contentUrl":"https:\/\/webdelmaestrocmf.com\/portal\/wp-content\/uploads\/2023\/08\/Banner-1-portada-imagen-10-1-16.jpg","width":1024,"height":1024},{"@type":"BreadcrumbList","@id":"https:\/\/webdelmaestrocmf.com\/portal\/cuales-son-los-principios-pedagogicos-de-la-nem\/#breadcrumb","itemListElement":[{"@type":"ListItem","position":1,"name":"Portada","item":"https:\/\/webdelmaestrocmf.com\/portal\/"},{"@type":"ListItem","position":2,"name":"Recursos","item":"https:\/\/webdelmaestrocmf.com\/portal\/category\/pedagogia\/"},{"@type":"ListItem","position":3,"name":"Principios pedag\u00f3gicos que ponen a los estudiantes en el centro"}]},{"@type":"WebSite","@id":"https:\/\/webdelmaestrocmf.com\/portal\/#website","url":"https:\/\/webdelmaestrocmf.com\/portal\/","name":"Web del Maestro CMF","description":"Maestros al servicio de la educaci\u00f3n","publisher":{"@id":"https:\/\/webdelmaestrocmf.com\/portal\/#organization"},"alternateName":"WMCMF","potentialAction":[{"@type":"SearchAction","target":{"@type":"EntryPoint","urlTemplate":"https:\/\/webdelmaestrocmf.com\/portal\/?s={search_term_string}"},"query-input":{"@type":"PropertyValueSpecification","valueRequired":true,"valueName":"search_term_string"}}],"inLanguage":"es"},{"@type":"Organization","@id":"https:\/\/webdelmaestrocmf.com\/portal\/#organization","name":"Web del Maestro CMF","alternateName":"WMCMF","url":"https:\/\/webdelmaestrocmf.com\/portal\/","logo":{"@type":"ImageObject","inLanguage":"es","@id":"https:\/\/webdelmaestrocmf.com\/portal\/#\/schema\/logo\/image\/","url":"https:\/\/webdelmaestrocmf.com\/portal\/wp-content\/uploads\/2023\/01\/logo-wmcmf-2.png","contentUrl":"https:\/\/webdelmaestrocmf.com\/portal\/wp-content\/uploads\/2023\/01\/logo-wmcmf-2.png","width":200,"height":60,"caption":"Web del Maestro CMF"},"image":{"@id":"https:\/\/webdelmaestrocmf.com\/portal\/#\/schema\/logo\/image\/"},"sameAs":["https:\/\/www.facebook.com\/WebdelMaestroCMF\/","https:\/\/x.com\/cmf_w","https:\/\/www.pinterest.com\/WMCMF\/","https:\/\/www.linkedin.com\/company\/web-del-maestro-cmf\/","https:\/\/www.instagram.com\/wmcmf\/","https:\/\/www.youtube.com\/channel\/UCDPSvjbdodE5sHnC3OxutHw","https:\/\/mastodon.social\/@wmcmf","https:\/\/www.tiktok.com\/@webdelmaestrocmf"]},{"@type":"Person","@id":"https:\/\/webdelmaestrocmf.com\/portal\/#\/schema\/person\/1072a2ed7bd960df8ef99a551fa35dc5","name":"Web del Maestro CMF","image":{"@type":"ImageObject","inLanguage":"es","@id":"https:\/\/secure.gravatar.com\/avatar\/23291dd5b5ae1077dcff3dbb04c3e02bd28403fa75af6d8787d5e97c5bbbe30b?s=96&d=mm&r=g","url":"https:\/\/secure.gravatar.com\/avatar\/23291dd5b5ae1077dcff3dbb04c3e02bd28403fa75af6d8787d5e97c5bbbe30b?s=96&d=mm&r=g","contentUrl":"https:\/\/secure.gravatar.com\/avatar\/23291dd5b5ae1077dcff3dbb04c3e02bd28403fa75af6d8787d5e97c5bbbe30b?s=96&d=mm&r=g","caption":"Web del Maestro CMF"},"description":"Esta Web se cre\u00f3 sin fines de lucro, con fines educativos, cient\u00edficos y acad\u00e9micos, para personas que tengan dificultades y\/o inconvenientes en visualizar el material original. El objetivo es entregar recursos, compartir experiencias y materiales que ayuden a los padres de familia, maestros y estudiantes en su actualizaci\u00f3n y formaci\u00f3n permanente, en bien de la Educaci\u00f3n.","sameAs":["http:\/\/webdelmaestrocmf.com\/portal","https:\/\/www.facebook.com\/WebdelMaestroCMF\/","https:\/\/www.instagram.com\/wmcmf\/","https:\/\/cl.linkedin.com\/company\/web-del-maestro-cmf","https:\/\/www.pinterest.com\/WMCMF\/publicaciones\/","https:\/\/x.com\/cmf_w","https:\/\/www.youtube.com\/@WMCMF"]}]}},"jetpack_featured_media_url":"https:\/\/webdelmaestrocmf.com\/portal\/wp-content\/uploads\/2023\/08\/Banner-1-portada-imagen-10-1-16.jpg","jetpack_sharing_enabled":true,"jetpack-related-posts":[{"id":102765,"url":"https:\/\/webdelmaestrocmf.com\/portal\/creando-orientaciones-didacticas-con-recursos-digitales\/","url_meta":{"origin":93599,"position":0},"title":"Creando orientaciones did\u00e1cticas con recursos digitales","author":"Web del Maestro CMF","date":"18 enero, 2024","format":false,"excerpt":"En la era actual, la educaci\u00f3n se ha transformado significativamente con el advenimiento de tecnolog\u00edas innovadoras. Entre estas herramientas, ChatGPT se destaca como una poderosa aliada para los docentes que buscan enriquecer la experiencia educativa de sus estudiantes. En esta gu\u00eda, exploraremos c\u00f3mo aprovechar de manera efectiva esta herramienta y\u2026","rel":"","context":"En \u00abChatGPT\u00bb","block_context":{"text":"ChatGPT","link":"https:\/\/webdelmaestrocmf.com\/portal\/category\/tecnologia\/chatgpt\/"},"img":{"alt_text":"recursos digitales","src":"https:\/\/i0.wp.com\/webdelmaestrocmf.com\/portal\/wp-content\/uploads\/2024\/01\/Banner-1-portada-imagen-10-23.jpg?resize=350%2C200&ssl=1","width":350,"height":200,"srcset":"https:\/\/i0.wp.com\/webdelmaestrocmf.com\/portal\/wp-content\/uploads\/2024\/01\/Banner-1-portada-imagen-10-23.jpg?resize=350%2C200&ssl=1 1x, https:\/\/i0.wp.com\/webdelmaestrocmf.com\/portal\/wp-content\/uploads\/2024\/01\/Banner-1-portada-imagen-10-23.jpg?resize=525%2C300&ssl=1 1.5x, https:\/\/i0.wp.com\/webdelmaestrocmf.com\/portal\/wp-content\/uploads\/2024\/01\/Banner-1-portada-imagen-10-23.jpg?resize=700%2C400&ssl=1 2x"},"classes":[]},{"id":96238,"url":"https:\/\/webdelmaestrocmf.com\/portal\/javier-touron-el-profesor-no-tiene-que-ensenar-tiene-que-lograr-que-sus-alumnos-aprendan\/","url_meta":{"origin":93599,"position":1},"title":"Javier Tour\u00f3n: El profesor no tiene que ense\u00f1ar, tiene que lograr que sus alumnos aprendan","author":"Web del Maestro CMF","date":"29 septiembre, 2023","format":false,"excerpt":"La educaci\u00f3n es un campo en constante evoluci\u00f3n, donde nuevas tendencias y enfoques pedag\u00f3gicos aparecen regularmente, prometiendo revolucionar la forma en que los estudiantes aprenden y los profesores ense\u00f1an. Sin embargo, no todas estas modas resisten el paso del tiempo o cumplen con sus promesas iniciales. Javier Tour\u00f3n, Vicerrector de\u2026","rel":"","context":"En \u00abEntrevistas\u00bb","block_context":{"text":"Entrevistas","link":"https:\/\/webdelmaestrocmf.com\/portal\/category\/noticias\/entrevistas\/"},"img":{"alt_text":"Javier Tour\u00f3n","src":"https:\/\/i0.wp.com\/webdelmaestrocmf.com\/portal\/wp-content\/uploads\/2023\/09\/A12B3C4D-7-6.jpg?resize=350%2C200&ssl=1","width":350,"height":200,"srcset":"https:\/\/i0.wp.com\/webdelmaestrocmf.com\/portal\/wp-content\/uploads\/2023\/09\/A12B3C4D-7-6.jpg?resize=350%2C200&ssl=1 1x, https:\/\/i0.wp.com\/webdelmaestrocmf.com\/portal\/wp-content\/uploads\/2023\/09\/A12B3C4D-7-6.jpg?resize=525%2C300&ssl=1 1.5x, https:\/\/i0.wp.com\/webdelmaestrocmf.com\/portal\/wp-content\/uploads\/2023\/09\/A12B3C4D-7-6.jpg?resize=700%2C400&ssl=1 2x"},"classes":[]},{"id":79316,"url":"https:\/\/webdelmaestrocmf.com\/portal\/teorias-principios-y-enfoques-de-la-practica-pedagogica\/","url_meta":{"origin":93599,"position":2},"title":"Teor\u00edas, principios y enfoques pedag\u00f3gicos","author":"Web del Maestro CMF","date":"7 noviembre, 2022","format":false,"excerpt":"La educaci\u00f3n es un campo en constante evoluci\u00f3n, donde las teor\u00edas, principios y enfoques pedag\u00f3gicos desempe\u00f1an un papel fundamental en la pr\u00e1ctica docente. En este art\u00edculo, exploraremos estos conceptos de manera sencilla y accesible, con el objetivo de ayudar a los docentes a comprender su importancia y aplicaci\u00f3n en el\u2026","rel":"","context":"En \u00abDescargas Manuales PDF\u00bb","block_context":{"text":"Descargas Manuales PDF","link":"https:\/\/webdelmaestrocmf.com\/portal\/category\/pedagogia\/descargas-manuales-pdf\/"},"img":{"alt_text":"Teor\u00edas principios enfoques","src":"https:\/\/i0.wp.com\/webdelmaestrocmf.com\/portal\/wp-content\/uploads\/2022\/08\/1-27.jpg?resize=350%2C200&ssl=1","width":350,"height":200,"srcset":"https:\/\/i0.wp.com\/webdelmaestrocmf.com\/portal\/wp-content\/uploads\/2022\/08\/1-27.jpg?resize=350%2C200&ssl=1 1x, https:\/\/i0.wp.com\/webdelmaestrocmf.com\/portal\/wp-content\/uploads\/2022\/08\/1-27.jpg?resize=525%2C300&ssl=1 1.5x, https:\/\/i0.wp.com\/webdelmaestrocmf.com\/portal\/wp-content\/uploads\/2022\/08\/1-27.jpg?resize=700%2C400&ssl=1 2x"},"classes":[]},{"id":104054,"url":"https:\/\/webdelmaestrocmf.com\/portal\/proyecto-curricular-institucional-pci-actualizado-y-desarrollado-2024\/","url_meta":{"origin":93599,"position":3},"title":"Proyecto Curricular Institucional (PCI) actualizado y desarrollado 2024","author":"Web del Maestro CMF","date":"19 febrero, 2024","format":false,"excerpt":"Con gran entusiasmo les presentamos el renovado Proyecto Curricular Institucional (PCI) para el a\u00f1o 2024, una hoja de ruta cuidadosamente dise\u00f1ada para navegar por los desaf\u00edos y oportunidades del presente, con miras a un futuro educativo brillante. El PCI 2024 no es solo un conjunto de directrices, sino una br\u00fajula\u2026","rel":"","context":"En \u00abDescargas Manuales PDF\u00bb","block_context":{"text":"Descargas Manuales PDF","link":"https:\/\/webdelmaestrocmf.com\/portal\/category\/pedagogia\/descargas-manuales-pdf\/"},"img":{"alt_text":"Proyecto Curricular Institucional","src":"https:\/\/i0.wp.com\/webdelmaestrocmf.com\/portal\/wp-content\/uploads\/2024\/02\/Banner-1-portada-imagen-10-1-5-3.jpg?resize=350%2C200&ssl=1","width":350,"height":200,"srcset":"https:\/\/i0.wp.com\/webdelmaestrocmf.com\/portal\/wp-content\/uploads\/2024\/02\/Banner-1-portada-imagen-10-1-5-3.jpg?resize=350%2C200&ssl=1 1x, https:\/\/i0.wp.com\/webdelmaestrocmf.com\/portal\/wp-content\/uploads\/2024\/02\/Banner-1-portada-imagen-10-1-5-3.jpg?resize=525%2C300&ssl=1 1.5x, https:\/\/i0.wp.com\/webdelmaestrocmf.com\/portal\/wp-content\/uploads\/2024\/02\/Banner-1-portada-imagen-10-1-5-3.jpg?resize=700%2C400&ssl=1 2x"},"classes":[]},{"id":90505,"url":"https:\/\/webdelmaestrocmf.com\/portal\/cual-es-el-origen-de-las-corrientes-del-pensamiento-pedagogico\/","url_meta":{"origin":93599,"position":4},"title":"Cu\u00e1l es el origen de las corrientes del pensamiento pedag\u00f3gico","author":"Web del Maestro CMF","date":"13 julio, 2023","format":false,"excerpt":"El estudio y la pr\u00e1ctica de la educaci\u00f3n han sido influenciados por una variedad de corrientes del pensamiento pedag\u00f3gico a lo largo de la historia. Estas corrientes representan diferentes enfoques filos\u00f3ficos y te\u00f3ricos que han dado forma a la manera en que entendemos y abordamos la educaci\u00f3n. Desde los fil\u00f3sofos\u2026","rel":"","context":"En \u00abCorrientes pedag\u00f3gicas\u00bb","block_context":{"text":"Corrientes pedag\u00f3gicas","link":"https:\/\/webdelmaestrocmf.com\/portal\/category\/pedagogia\/corrientes-pedagogicas\/"},"img":{"alt_text":"pensamiento pedag\u00f3gico","src":"https:\/\/i0.wp.com\/webdelmaestrocmf.com\/portal\/wp-content\/uploads\/2023\/07\/A12B3C4D-2023-07-13T202647.347.jpg?resize=350%2C200&ssl=1","width":350,"height":200,"srcset":"https:\/\/i0.wp.com\/webdelmaestrocmf.com\/portal\/wp-content\/uploads\/2023\/07\/A12B3C4D-2023-07-13T202647.347.jpg?resize=350%2C200&ssl=1 1x, https:\/\/i0.wp.com\/webdelmaestrocmf.com\/portal\/wp-content\/uploads\/2023\/07\/A12B3C4D-2023-07-13T202647.347.jpg?resize=525%2C300&ssl=1 1.5x, https:\/\/i0.wp.com\/webdelmaestrocmf.com\/portal\/wp-content\/uploads\/2023\/07\/A12B3C4D-2023-07-13T202647.347.jpg?resize=700%2C400&ssl=1 2x"},"classes":[]},{"id":107233,"url":"https:\/\/webdelmaestrocmf.com\/portal\/tipos-de-pedagogias-modernas-relevancia-y-el-rol-del-docente-moderno\/","url_meta":{"origin":93599,"position":5},"title":"Tipos de pedagog\u00edas, relevancia y el rol del docente moderno","author":"Web del Maestro CMF","date":"26 diciembre, 2024","format":false,"excerpt":"La pedagog\u00eda es la ciencia social que investiga y estudia las t\u00e9cnicas centradas en la educaci\u00f3n y la ense\u00f1anza. El objetivo principal de esta disciplina es optimizar y sistematizar m\u00e9todos educativos para mejorarlos, desarrollar el potencial humano y facilitar la trasmisi\u00f3n de conocimientos, valores, cultura o tradiciones. Su aplicaci\u00f3n es\u2026","rel":"","context":"En \u00abPedagog\u00eda\u00bb","block_context":{"text":"Pedagog\u00eda","link":"https:\/\/webdelmaestrocmf.com\/portal\/category\/pedagogia\/pedagogia-pedagogia\/"},"img":{"alt_text":"","src":"https:\/\/i0.wp.com\/webdelmaestrocmf.com\/portal\/wp-content\/uploads\/2024\/12\/Banner-1-portada-imagen-10-1-36.jpg?resize=350%2C200&ssl=1","width":350,"height":200,"srcset":"https:\/\/i0.wp.com\/webdelmaestrocmf.com\/portal\/wp-content\/uploads\/2024\/12\/Banner-1-portada-imagen-10-1-36.jpg?resize=350%2C200&ssl=1 1x, https:\/\/i0.wp.com\/webdelmaestrocmf.com\/portal\/wp-content\/uploads\/2024\/12\/Banner-1-portada-imagen-10-1-36.jpg?resize=525%2C300&ssl=1 1.5x, https:\/\/i0.wp.com\/webdelmaestrocmf.com\/portal\/wp-content\/uploads\/2024\/12\/Banner-1-portada-imagen-10-1-36.jpg?resize=700%2C400&ssl=1 2x"},"classes":[]}],"_links":{"self":[{"href":"https:\/\/webdelmaestrocmf.com\/portal\/wp-json\/wp\/v2\/posts\/93599","targetHints":{"allow":["GET"]}}],"collection":[{"href":"https:\/\/webdelmaestrocmf.com\/portal\/wp-json\/wp\/v2\/posts"}],"about":[{"href":"https:\/\/webdelmaestrocmf.com\/portal\/wp-json\/wp\/v2\/types\/post"}],"author":[{"embeddable":true,"href":"https:\/\/webdelmaestrocmf.com\/portal\/wp-json\/wp\/v2\/users\/1"}],"replies":[{"embeddable":true,"href":"https:\/\/webdelmaestrocmf.com\/portal\/wp-json\/wp\/v2\/comments?post=93599"}],"version-history":[{"count":0,"href":"https:\/\/webdelmaestrocmf.com\/portal\/wp-json\/wp\/v2\/posts\/93599\/revisions"}],"wp:featuredmedia":[{"embeddable":true,"href":"https:\/\/webdelmaestrocmf.com\/portal\/wp-json\/wp\/v2\/media\/106964"}],"wp:attachment":[{"href":"https:\/\/webdelmaestrocmf.com\/portal\/wp-json\/wp\/v2\/media?parent=93599"}],"wp:term":[{"taxonomy":"category","embeddable":true,"href":"https:\/\/webdelmaestrocmf.com\/portal\/wp-json\/wp\/v2\/categories?post=93599"},{"taxonomy":"post_tag","embeddable":true,"href":"https:\/\/webdelmaestrocmf.com\/portal\/wp-json\/wp\/v2\/tags?post=93599"}],"curies":[{"name":"wp","href":"https:\/\/api.w.org\/{rel}","templated":true}]}}