{"id":93420,"date":"2023-08-28T20:49:05","date_gmt":"2023-08-29T00:49:05","guid":{"rendered":"https:\/\/webdelmaestrocmf.com\/portal\/?p=93420"},"modified":"2023-08-29T12:07:54","modified_gmt":"2023-08-29T16:07:54","slug":"cuadernillo-de-actividades-para-estimular-las-funciones-mentales-superiores","status":"publish","type":"post","link":"https:\/\/webdelmaestrocmf.com\/portal\/cuadernillo-de-actividades-para-estimular-las-funciones-mentales-superiores\/","title":{"rendered":"Cuadernillo de actividades para estimular las funciones mentales superiores"},"content":{"rendered":"<p style=\"text-align: justify;\"><strong>Conscientes de la importancia de asegurar tanto el derecho a la educaci\u00f3n como el derecho a la salud, el Instituto Estatal de Educaci\u00f3n P\u00fablica de Oaxaca, a trav\u00e9s de la Subdirecci\u00f3n General de Servicios Educativos y la Unidad de Educaci\u00f3n Especial, ha desarrollado un valioso recurso: el Cuadernillo de Actividades para Estimular las Funciones Mentales Superiores. Dirigido a estudiantes atendidos por las Unidades de Servicio de Apoyo a la Educaci\u00f3n Regular (USAER) o que cursan su educaci\u00f3n en los Centros de Atenci\u00f3n M\u00faltiple (CAM) del estado, este cuadernillo busca brindar herramientas pedag\u00f3gicas que fomenten el desarrollo cognitivo de los estudiantes en estos tiempos de transformaci\u00f3n.<\/strong><!--more--><\/p>\n<p style=\"text-align: justify;\">El cuadernillo representa el tercero de una serie de recursos dise\u00f1ados especialmente para la educaci\u00f3n especial, siendo una respuesta proactiva a la necesidad de continuar el proceso educativo durante esta etapa de cambio y adaptaci\u00f3n. El contenido del cuadernillo ha sido cuidadosamente seleccionado por especialistas en educaci\u00f3n, con el prop\u00f3sito de eliminar las barreras que pueden presentarse en el aprendizaje de aquellos estudiantes que enfrentan dificultades en funciones mentales superiores.<\/p>\n<p style=\"text-align: justify;\">Este recurso se presenta como un cat\u00e1logo de actividades variadas y pertinentes, dise\u00f1adas para estimular \u00e1reas fundamentales en el proceso de ense\u00f1anza-aprendizaje. Desde el lenguaje hasta el razonamiento l\u00f3gico-matem\u00e1tico, pasando por la memoria, la atenci\u00f3n y las funciones ejecutivas, cada actividad busca potenciar un aspecto crucial en el desarrollo cognitivo de los estudiantes.<\/p>\n<p style=\"text-align: justify;\">Adem\u00e1s de las \u00e1reas acad\u00e9micas, el cuadernillo tambi\u00e9n aborda la esfera socioemocional, reconociendo la importancia de promover el bienestar emocional de los estudiantes en tiempos de cambio. Esta aproximaci\u00f3n hol\u00edstica busca asegurar un desarrollo integral que abarque tanto lo cognitivo como lo emocional.<\/p>\n<p style=\"text-align: justify;\">Para garantizar el acceso a la educaci\u00f3n en lugares donde las limitaciones de acceso pueden ser un desaf\u00edo, el Instituto Estatal de Educaci\u00f3n P\u00fablica de Oaxaca ha puesto a disposici\u00f3n cuadernillos impresos como este. Esta iniciativa pretende brindar materiales especializados que complementen y enriquezcan otros esfuerzos educativos, ofreciendo un apoyo concreto a la educaci\u00f3n a distancia.<\/p>\n<h5><strong>Beneficios del Cuadernillo de Estimulaci\u00f3n para Docentes y Estudiantes\u00a0\u00a0<\/strong><\/h5>\n<p>Para Docentes:<\/p>\n<ol>\n<li>\n<p style=\"text-align: justify;\"><strong>Recursos Adaptados:<\/strong> El cuadernillo proporciona a los docentes un recurso adaptado a las necesidades de estudiantes con dificultades en funciones mentales superiores. Les brinda actividades estructuradas y pensadas para abordar de manera efectiva las barreras de aprendizaje.<\/p>\n<\/li>\n<li style=\"text-align: justify;\"><strong>Herramienta de Evaluaci\u00f3n:<\/strong> Los docentes pueden utilizar el cuadernillo como una herramienta para evaluar las \u00e1reas en las que los estudiantes pueden enfrentar desaf\u00edos y dificultades. Esto les permite dise\u00f1ar intervenciones m\u00e1s espec\u00edficas y personalizadas.<\/li>\n<li style=\"text-align: justify;\"><strong>Variedad de Actividades:<\/strong> El cuadernillo presenta una variedad de actividades que los docentes pueden seleccionar y adaptar seg\u00fan las necesidades y preferencias de sus estudiantes. Esto les permite diversificar su enfoque pedag\u00f3gico y mantener el inter\u00e9s de los estudiantes.<\/li>\n<li style=\"text-align: justify;\"><strong>Apoyo en la Planificaci\u00f3n:<\/strong> Las actividades del cuadernillo pueden ser incorporadas en la planificaci\u00f3n de lecciones, enriqueciendo el contenido de las clases y asegurando que las \u00e1reas de dificultad sean abordadas de manera integral.<\/li>\n<li style=\"text-align: justify;\"><strong>Observaci\u00f3n del Progreso:<\/strong> A medida que los estudiantes completan las actividades, los docentes pueden observar su progreso y comprender mejor sus fortalezas y debilidades. Esto les permite ajustar sus estrategias de ense\u00f1anza de manera m\u00e1s efectiva.<\/li>\n<\/ol>\n<p style=\"text-align: justify;\">Para Estudiantes:<\/p>\n<ol>\n<li style=\"text-align: justify;\"><strong>Estimulaci\u00f3n Cognitiva:<\/strong> Las actividades del cuadernillo est\u00e1n dise\u00f1adas para estimular \u00e1reas mentales superiores, como la atenci\u00f3n, la memoria y el razonamiento l\u00f3gico. Esto ayuda a los estudiantes a desarrollar habilidades cognitivas esenciales.<\/li>\n<li style=\"text-align: justify;\"><strong>Apoyo Individualizado:<\/strong> Al abordar \u00e1reas en las que los estudiantes pueden tener dificultades, el cuadernillo les ofrece un apoyo individualizado que les permite trabajar en sus desaf\u00edos de manera gradual y efectiva.<\/li>\n<li style=\"text-align: justify;\"><strong>Desarrollo Socioemocional:<\/strong> El enfoque en el bienestar emocional y las funciones ejecutivas tambi\u00e9n brinda a los estudiantes herramientas para manejar sus emociones y desarrollar habilidades para la resoluci\u00f3n de problemas.<\/li>\n<li style=\"text-align: justify;\"><strong>Autonom\u00eda en el Aprendizaje:<\/strong> Las actividades pueden realizarse de manera independiente, permitiendo a los estudiantes tomar el control de su propio aprendizaje. Esto fomenta la autonom\u00eda y la autoconfianza.<\/li>\n<li style=\"text-align: justify;\"><strong>Variaci\u00f3n de Enfoques:<\/strong> Dado que el cuadernillo abarca diferentes \u00e1reas cognitivas, los estudiantes pueden experimentar con una variedad de enfoques y descubrir sus fortalezas en diferentes campos del aprendizaje.<\/li>\n<li>\n<p style=\"text-align: justify;\"><strong>Refuerzo de Conceptos:<\/strong> Las actividades tambi\u00e9n pueden servir como refuerzo de conceptos aprendidos previamente en clase. Esto ayuda a consolidar el conocimiento y fortalecer la comprensi\u00f3n de los contenidos.<\/p>\n<\/li>\n<\/ol>\n<h5><strong>Aplicaci\u00f3n Efectiva del Cuadernillo de Estimulaci\u00f3n en el Aula:<\/strong><\/h5>\n<p style=\"text-align: justify;\">El Cuadernillo de Estimulaci\u00f3n para las Funciones Mentales Superiores ofrece a los docentes una valiosa herramienta para abordar las necesidades espec\u00edficas de sus estudiantes y enriquecer su experiencia de aprendizaje. Aqu\u00ed se presentan algunas estrategias para aplicar este cuadernillo de manera efectiva en el aula:<\/p>\n<ol style=\"text-align: justify;\">\n<li><strong>Evaluaci\u00f3n Inicial:<\/strong> Antes de comenzar, es \u00fatil realizar una evaluaci\u00f3n inicial para identificar las \u00e1reas en las que los estudiantes pueden tener dificultades. Esto permitir\u00e1 a los docentes seleccionar las actividades adecuadas para abordar los desaf\u00edos espec\u00edficos de cada estudiante.<\/li>\n<li><strong>Personalizaci\u00f3n:<\/strong> Cada estudiante es \u00fanico, por lo que es importante personalizar las actividades seg\u00fan sus necesidades y niveles de habilidad. Los docentes pueden seleccionar actividades apropiadas para cada estudiante y adaptarlas seg\u00fan sea necesario.<\/li>\n<li><strong>Integraci\u00f3n en Lecciones:<\/strong> Las actividades del cuadernillo pueden integrarse en las lecciones regulares. Los docentes pueden identificar oportunidades para introducir actividades espec\u00edficas que complementen los temas que se est\u00e1n abordando en clase.<\/li>\n<li><strong>Actividades de Refuerzo:<\/strong> Las actividades del cuadernillo pueden servir como actividades de refuerzo para consolidar los conceptos que se han ense\u00f1ado en clase. Los docentes pueden asignar actividades que refuercen y apliquen lo aprendido.<\/li>\n<li><strong>Enfoque Rotativo:<\/strong> Introducir actividades del cuadernillo en una rotaci\u00f3n puede mantener a los estudiantes comprometidos y evitar la monoton\u00eda. Pueden incorporarse como estaciones de trabajo en un enfoque de aprendizaje activo.<\/li>\n<li><strong>Apoyo Individualizado:<\/strong> Durante el trabajo independiente en el aula, los docentes pueden ofrecer apoyo individualizado a los estudiantes que necesiten ayuda adicional. Pueden guiarlos a trav\u00e9s de las actividades y aclarar cualquier duda que puedan tener.<\/li>\n<li><strong>Retroalimentaci\u00f3n Constructiva:<\/strong> Proporcionar retroalimentaci\u00f3n constructiva a medida que los estudiantes completan las actividades es fundamental. Esto les ayuda a comprender sus avances y \u00e1reas de mejora, fomentando un aprendizaje efectivo.<\/li>\n<li><strong>Integraci\u00f3n Socioemocional:<\/strong> Las actividades que abordan el bienestar emocional y las funciones ejecutivas pueden incorporarse como parte de sesiones dedicadas al desarrollo socioemocional. Esto contribuir\u00e1 a la formaci\u00f3n integral de los estudiantes.<\/li>\n<li><strong>Registro de Progreso:<\/strong> Mantener un registro del progreso de cada estudiante en las actividades puede ayudar a los docentes a realizar un seguimiento de su desarrollo y ajustar sus enfoques de ense\u00f1anza seg\u00fan sea necesario.<\/li>\n<li><strong>Promoci\u00f3n de la Autonom\u00eda:<\/strong> A medida que los estudiantes avanzan en las actividades, los docentes pueden fomentar la autonom\u00eda al permitirles seleccionar ciertas actividades por s\u00ed mismos, seg\u00fan sus intereses y \u00e1reas de mejora.<\/li>\n<li><strong>Integraci\u00f3n en Evaluaciones:<\/strong> Algunas actividades del cuadernillo pueden incorporarse en evaluaciones formativas o sumativas para medir el progreso de los estudiantes en \u00e1reas espec\u00edficas.<\/li>\n<\/ol>\n<p style=\"text-align: justify;\">En \u00faltima instancia, la aplicaci\u00f3n efectiva del Cuadernillo de Estimulaci\u00f3n requerir\u00e1 un enfoque flexible y adaptativo. Los docentes pueden utilizar estas estrategias como punto de partida y ajustar su enfoque seg\u00fan las necesidades y din\u00e1micas de su grupo de estudiantes. El objetivo principal es utilizar el cuadernillo como una herramienta que enriquezca el proceso de ense\u00f1anza-aprendizaje y proporcione un apoyo valioso para el desarrollo cognitivo y socioemocional de los estudiantes.<\/p>\n<p><img loading=\"lazy\" decoding=\"async\" class=\"alignnone wp-image-93421 size-full\" src=\"https:\/\/webdelmaestrocmf.com\/portal\/wp-content\/uploads\/2023\/08\/A12B3C4DCV2-34.jpg\" alt=\"Cuadernillo de actividades\" width=\"800\" height=\"440\" srcset=\"https:\/\/webdelmaestrocmf.com\/portal\/wp-content\/uploads\/2023\/08\/A12B3C4DCV2-34.jpg 800w, https:\/\/webdelmaestrocmf.com\/portal\/wp-content\/uploads\/2023\/08\/A12B3C4DCV2-34-300x165.jpg 300w, https:\/\/webdelmaestrocmf.com\/portal\/wp-content\/uploads\/2023\/08\/A12B3C4DCV2-34-768x422.jpg 768w, https:\/\/webdelmaestrocmf.com\/portal\/wp-content\/uploads\/2023\/08\/A12B3C4DCV2-34-380x209.jpg 380w, https:\/\/webdelmaestrocmf.com\/portal\/wp-content\/uploads\/2023\/08\/A12B3C4DCV2-34-550x303.jpg 550w\" sizes=\"auto, (max-width: 800px) 100vw, 800px\" \/><\/p>\n<p style=\"text-align: right;\"><strong>REDACCI\u00d3N WEB DEL MAESTRO CMF<\/strong><\/p>\n<p style=\"text-align: center;\">Recomendamos a la Comunidad Educativa Digital tener en cuenta que, el enlace y\/o la carpeta en donde est\u00e1n alojados los libros, recursos y\/o materiales, no es administrado por la Web del Maestro CMF, pueda ser que en cuesti\u00f3n de d\u00edas (o seg\u00fan el tiempo transcurrido desde su publicaci\u00f3n), los enlaces no funcionen y el material ya no se encuentre disponible. Gracias por su comprensi\u00f3n.<\/p>\n<p style=\"text-align: center;\"><strong>ENLACE DE LECTURA:\u00a0<\/strong><a href=\"https:\/\/mega.nz\/folder\/6jp3ySII#QGzBh3PE9Na0tMauXmb3nQ\" target=\"_blank\" rel=\"noopener\">CUADERNILLO DE ACTIVIDADES PARA ESTIMULAR LAS FUNCIONES MENTALES SUPERIORES<\/a><\/p>\n<p style=\"text-align: center;\"><strong>Si te sirvi\u00f3 el material, ap\u00f3yanos con un clic. Nos ayudar\u00e1 a mantener el servicio. \u00a1Comparte y as\u00ed m\u00e1s docentes utilizar\u00e1n estos recursos gratis! Muchas gracias.<\/strong><\/p>\n<p><img decoding=\"async\" src=\"https:\/\/webdelmaestrocmf.com\/portal\/wp-content\/uploads\/2023\/04\/banner_des.png\" \/><\/p>\n\t\t<div class=\"pk-inline-posts\">\n\t\t\t\n\t\t\t<div class=\"pk-inline-posts-container pk-inline-posts-template-list\"\n\t\t\t\tdata-columns=\"1\">\n\t\t\t\t\t\t<article id=\"post-64336\" class=\"post-64336 post type-post status-publish format-standard has-post-thumbnail category-actividades category-pedagogia tag-actividades tag-ano tag-cierre tag-escolar tag-online cs-entry cs-video-wrap\">\n\t\t\t<div class=\"pk-post-outer\">\n\n\t\t\t\t\t\t\t\t<div class=\"pk-post-inner\">\n\t\t\t\t\t<div class=\"entry-thumbnail\">\n\t\t\t\t\t\t<div class=\"pk-overlay pk-overlay-ratio pk-ratio-landscape\">\n\t\t\t\t\t\t\t<div class=\"pk-overlay-background\">\n\t\t\t\t\t\t\t\t<a href=\"https:\/\/webdelmaestrocmf.com\/portal\/actividades-online-para-cierre-del-ano-escolar\/\" class=\"pk-overlay-link\">\n\t\t\t\t\t\t\t\t\t<img loading=\"lazy\" decoding=\"async\" width=\"300\" height=\"225\" src=\"https:\/\/webdelmaestrocmf.com\/portal\/wp-content\/uploads\/2021\/06\/Banner-1-portada-imagen-10-1-23-300x225.jpg\" class=\"attachment-pk-thumbnail size-pk-thumbnail wp-post-image\" alt=\"\" \/>\t\t\t\t\t\t\t\t<\/a>\n\t\t\t\t\t\t\t<\/div>\n\t\t\t\t\t\t<\/div>\n\t\t\t\t\t<\/div>\n\t\t\t\t<\/div>\n\t\t\t\t\n\t\t\t\t<div class=\"pk-post-inner\">\n\t\t\t\t\t<header>\n\t\t\t\t\t\t<h3 class=\"pk-title\"><a href=\"https:\/\/webdelmaestrocmf.com\/portal\/actividades-online-para-cierre-del-ano-escolar\/\" rel=\"bookmark\">Actividades para el cierre del a\u00f1o escolar: medallas, diplomas, palabras de despedida, poemas e informes finales; un kit completo<\/a><\/h3>\t\t\t\t\t<\/header><!-- .entry-header -->\n\t\t\t\t<\/div><!-- .post-inner -->\n\n\t\t\t<\/div><!-- .post-outer -->\n\t\t<\/article>\n\t\t\t<article id=\"post-18422\" class=\"post-18422 post type-post status-publish format-standard has-post-thumbnail category-actividades category-descargas-manuales-pdf category-inteligencias-multiples category-pedagogia tag-actividades tag-desarrollar tag-inteligencias tag-manual tag-multiples cs-entry cs-video-wrap\">\n\t\t\t<div class=\"pk-post-outer\">\n\n\t\t\t\t\t\t\t\t<div class=\"pk-post-inner\">\n\t\t\t\t\t<div class=\"entry-thumbnail\">\n\t\t\t\t\t\t<div class=\"pk-overlay pk-overlay-ratio pk-ratio-landscape\">\n\t\t\t\t\t\t\t<div class=\"pk-overlay-background\">\n\t\t\t\t\t\t\t\t<a href=\"https:\/\/webdelmaestrocmf.com\/portal\/manual-186-actividades-desarrollar-las-inteligencias-multiples\/\" class=\"pk-overlay-link\">\n\t\t\t\t\t\t\t\t\t<img loading=\"lazy\" decoding=\"async\" width=\"300\" height=\"225\" src=\"https:\/\/webdelmaestrocmf.com\/portal\/wp-content\/uploads\/2019\/09\/Banner-1-portada-imagen-10-1-9-300x225.jpg\" class=\"attachment-pk-thumbnail size-pk-thumbnail wp-post-image\" alt=\"\" \/>\t\t\t\t\t\t\t\t<\/a>\n\t\t\t\t\t\t\t<\/div>\n\t\t\t\t\t\t<\/div>\n\t\t\t\t\t<\/div>\n\t\t\t\t<\/div>\n\t\t\t\t\n\t\t\t\t<div class=\"pk-post-inner\">\n\t\t\t\t\t<header>\n\t\t\t\t\t\t<h3 class=\"pk-title\"><a href=\"https:\/\/webdelmaestrocmf.com\/portal\/manual-186-actividades-desarrollar-las-inteligencias-multiples\/\" rel=\"bookmark\">200 actividades para desarrollar las Inteligencias M\u00faltiples<\/a><\/h3>\t\t\t\t\t<\/header><!-- .entry-header -->\n\t\t\t\t<\/div><!-- .post-inner -->\n\n\t\t\t<\/div><!-- .post-outer -->\n\t\t<\/article>\n\t\t\t<article id=\"post-92138\" class=\"post-92138 post type-post status-publish format-standard has-post-thumbnail category-actividades category-descargas-manuales-pdf category-leer category-pedagogia tag-23326 tag-actividades tag-cuadernillos tag-ensenar tag-leer tag-mas cs-entry cs-video-wrap\">\n\t\t\t<div class=\"pk-post-outer\">\n\n\t\t\t\t\t\t\t\t<div class=\"pk-post-inner\">\n\t\t\t\t\t<div class=\"entry-thumbnail\">\n\t\t\t\t\t\t<div class=\"pk-overlay pk-overlay-ratio pk-ratio-landscape\">\n\t\t\t\t\t\t\t<div class=\"pk-overlay-background\">\n\t\t\t\t\t\t\t\t<a href=\"https:\/\/webdelmaestrocmf.com\/portal\/cuadernillo-con-mas-de-250-actividades-para-ensenar-a-leer\/\" class=\"pk-overlay-link\">\n\t\t\t\t\t\t\t\t\t<img loading=\"lazy\" decoding=\"async\" width=\"300\" height=\"225\" src=\"https:\/\/webdelmaestrocmf.com\/portal\/wp-content\/uploads\/2024\/01\/Banner-1dd-portada-imagen-0-300x225.jpg\" class=\"attachment-pk-thumbnail size-pk-thumbnail wp-post-image\" alt=\"ense\u00f1ar leer\" \/>\t\t\t\t\t\t\t\t<\/a>\n\t\t\t\t\t\t\t<\/div>\n\t\t\t\t\t\t<\/div>\n\t\t\t\t\t<\/div>\n\t\t\t\t<\/div>\n\t\t\t\t\n\t\t\t\t<div class=\"pk-post-inner\">\n\t\t\t\t\t<header>\n\t\t\t\t\t\t<h3 class=\"pk-title\"><a href=\"https:\/\/webdelmaestrocmf.com\/portal\/cuadernillo-con-mas-de-250-actividades-para-ensenar-a-leer\/\" rel=\"bookmark\">Cuadernillos con m\u00e1s de 250 actividades para ense\u00f1ar a leer<\/a><\/h3>\t\t\t\t\t<\/header><!-- .entry-header -->\n\t\t\t\t<\/div><!-- .post-inner -->\n\n\t\t\t<\/div><!-- .post-outer -->\n\t\t<\/article>\n\t\t\t\t<\/div>\n\t\t<\/div>\n\t\t\n","protected":false},"excerpt":{"rendered":"Conscientes de la importancia de asegurar tanto el derecho a la educaci\u00f3n como el derecho a la salud,&hellip;","protected":false},"author":1,"featured_media":93424,"comment_status":"open","ping_status":"closed","sticky":false,"template":"","format":"standard","meta":{"csco_display_header_overlay":false,"csco_singular_sidebar":"","csco_page_header_type":"","csco_page_load_nextpost":"","csco_post_video_location":[],"csco_post_video_location_hash":"","csco_post_video_url":"","csco_post_video_bg_start_time":0,"csco_post_video_bg_end_time":0,"csco_post_video_bg_volume":false,"_jetpack_memberships_contains_paid_content":false,"footnotes":""},"categories":[16031,735],"tags":[19580,16421,19572,19576,3655,19567,16760,16451,18635,19579,19316,19568,18417,19577,19571,19578,16438,16422,3987,17955,17431,19574,18985,16898,19575,19569,19573,16365,19570,18965],"class_list":{"0":"post-93420","1":"post","2":"type-post","3":"status-publish","4":"format-standard","5":"has-post-thumbnail","7":"category-actividades","8":"category-pedagogia","9":"tag-actividades-de-refuerzo","10":"tag-adaptacion-curricular","11":"tag-apoyo-guiado","12":"tag-apoyo-personalizado","13":"tag-aprendizaje-activo","14":"tag-aprendizaje-diferenciado","15":"tag-desarrollo-cognitivo","16":"tag-desarrollo-de-habilidades","17":"tag-desarrollo-socioemocional","18":"tag-diversificacion-de-ensenanza","19":"tag-enfoque-holistico","20":"tag-enfoque-individual","21":"tag-ensenanza-adaptativa","22":"tag-ensenanza-integral","23":"tag-estaciones-de-trabajo","24":"tag-estrategias-de-instruccion","25":"tag-estrategias-pedagogicas","26":"tag-evaluacion-del-aprendizaje","27":"tag-evaluacion-formativa","28":"tag-evaluacion-individualizada","29":"tag-integracion-curricular","30":"tag-integracion-socioemocional","31":"tag-intervencion-pedagogica","32":"tag-personalizacion","33":"tag-planificacion-de-lecciones","34":"tag-refuerzo-de-conceptos","35":"tag-registro-de-desarrollo","36":"tag-retroalimentacion-constructiva","37":"tag-rotacion-de-actividades","38":"tag-seguimiento-de-progreso","39":"cs-entry","40":"cs-video-wrap"},"yoast_head":"<!-- This site is optimized with the Yoast SEO plugin v27.5 - https:\/\/yoast.com\/product\/yoast-seo-wordpress\/ -->\n<title>Cuadernillo de actividades para estimular las funciones mentales superiores - 2026<\/title>\n<meta name=\"description\" content=\"el Cuadernillo de Actividades para Estimular las Funciones Mentales Superiores. Dirigido a estudiantes atendidos por las Unidades...\" \/>\n<meta name=\"robots\" content=\"index, follow, max-snippet:-1, max-image-preview:large, max-video-preview:-1\" \/>\n<link rel=\"canonical\" href=\"https:\/\/webdelmaestrocmf.com\/portal\/cuadernillo-de-actividades-para-estimular-las-funciones-mentales-superiores\/\" \/>\n<meta property=\"og:locale\" content=\"es_ES\" \/>\n<meta property=\"og:type\" content=\"article\" \/>\n<meta property=\"og:title\" content=\"Cuadernillo de actividades para estimular las funciones mentales superiores - 2026\" \/>\n<meta property=\"og:description\" content=\"el Cuadernillo de Actividades para Estimular las Funciones Mentales Superiores. Dirigido a estudiantes atendidos por las Unidades...\" \/>\n<meta property=\"og:url\" content=\"https:\/\/webdelmaestrocmf.com\/portal\/cuadernillo-de-actividades-para-estimular-las-funciones-mentales-superiores\/\" \/>\n<meta property=\"og:site_name\" content=\"Web del Maestro CMF\" \/>\n<meta property=\"article:publisher\" content=\"https:\/\/www.facebook.com\/WebdelMaestroCMF\/\" \/>\n<meta property=\"article:author\" content=\"https:\/\/www.facebook.com\/WebdelMaestroCMF\/\" \/>\n<meta property=\"article:published_time\" content=\"2023-08-29T00:49:05+00:00\" \/>\n<meta property=\"article:modified_time\" content=\"2023-08-29T16:07:54+00:00\" \/>\n<meta property=\"og:image\" content=\"https:\/\/i0.wp.com\/webdelmaestrocmf.com\/portal\/wp-content\/uploads\/2023\/08\/A12B3C4D-41.jpg?fit=900%2C556&ssl=1\" \/>\n\t<meta property=\"og:image:width\" content=\"900\" \/>\n\t<meta property=\"og:image:height\" content=\"556\" \/>\n\t<meta property=\"og:image:type\" content=\"image\/jpeg\" \/>\n<meta name=\"author\" content=\"Web del Maestro CMF\" \/>\n<meta name=\"twitter:card\" content=\"summary_large_image\" \/>\n<meta name=\"twitter:creator\" content=\"@cmf_w\" \/>\n<meta name=\"twitter:site\" content=\"@cmf_w\" \/>\n<script type=\"application\/ld+json\" class=\"yoast-schema-graph\">{\"@context\":\"https:\\\/\\\/schema.org\",\"@graph\":[{\"@type\":\"ScholarlyArticle\",\"@id\":\"https:\\\/\\\/webdelmaestrocmf.com\\\/portal\\\/cuadernillo-de-actividades-para-estimular-las-funciones-mentales-superiores\\\/#article\",\"isPartOf\":{\"@id\":\"https:\\\/\\\/webdelmaestrocmf.com\\\/portal\\\/cuadernillo-de-actividades-para-estimular-las-funciones-mentales-superiores\\\/\"},\"author\":{\"name\":\"Web del Maestro CMF\",\"@id\":\"https:\\\/\\\/webdelmaestrocmf.com\\\/portal\\\/#\\\/schema\\\/person\\\/1072a2ed7bd960df8ef99a551fa35dc5\"},\"headline\":\"Cuadernillo de actividades para estimular las funciones mentales superiores\",\"datePublished\":\"2023-08-29T00:49:05+00:00\",\"dateModified\":\"2023-08-29T16:07:54+00:00\",\"mainEntityOfPage\":{\"@id\":\"https:\\\/\\\/webdelmaestrocmf.com\\\/portal\\\/cuadernillo-de-actividades-para-estimular-las-funciones-mentales-superiores\\\/\"},\"wordCount\":1415,\"commentCount\":0,\"publisher\":{\"@id\":\"https:\\\/\\\/webdelmaestrocmf.com\\\/portal\\\/#organization\"},\"image\":{\"@id\":\"https:\\\/\\\/webdelmaestrocmf.com\\\/portal\\\/cuadernillo-de-actividades-para-estimular-las-funciones-mentales-superiores\\\/#primaryimage\"},\"thumbnailUrl\":\"https:\\\/\\\/webdelmaestrocmf.com\\\/portal\\\/wp-content\\\/uploads\\\/2023\\\/08\\\/A12B3C4D-41.jpg\",\"keywords\":[\"Actividades de Refuerzo\",\"Adaptaci\u00f3n Curricular\",\"Apoyo Guiado\",\"Apoyo Personalizado\",\"aprendizaje activo\",\"Aprendizaje Diferenciado\",\"desarrollo cognitivo\",\"Desarrollo de habilidades\",\"desarrollo socioemocional\",\"Diversificaci\u00f3n de Ense\u00f1anza\",\"Enfoque Hol\u00edstico\",\"Enfoque Individual\",\"ense\u00f1anza adaptativa\",\"Ense\u00f1anza Integral\",\"Estaciones de Trabajo\",\"Estrategias de Instrucci\u00f3n\",\"Estrategias pedag\u00f3gicas\",\"Evaluaci\u00f3n del Aprendizaje\",\"evaluaci\u00f3n formativa\",\"Evaluaci\u00f3n individualizada\",\"Integraci\u00f3n curricular\",\"Integraci\u00f3n Socioemocional\",\"Intervenci\u00f3n Pedag\u00f3gica\",\"personalizaci\u00f3n\",\"Planificaci\u00f3n de Lecciones\",\"Refuerzo de Conceptos\",\"Registro de Desarrollo\",\"Retroalimentaci\u00f3n constructiva\",\"Rotaci\u00f3n de Actividades\",\"Seguimiento de progreso\"],\"articleSection\":[\"Actividades\",\"Recursos\"],\"inLanguage\":\"es\",\"potentialAction\":[{\"@type\":\"CommentAction\",\"name\":\"Comment\",\"target\":[\"https:\\\/\\\/webdelmaestrocmf.com\\\/portal\\\/cuadernillo-de-actividades-para-estimular-las-funciones-mentales-superiores\\\/#respond\"]}]},{\"@type\":\"WebPage\",\"@id\":\"https:\\\/\\\/webdelmaestrocmf.com\\\/portal\\\/cuadernillo-de-actividades-para-estimular-las-funciones-mentales-superiores\\\/\",\"url\":\"https:\\\/\\\/webdelmaestrocmf.com\\\/portal\\\/cuadernillo-de-actividades-para-estimular-las-funciones-mentales-superiores\\\/\",\"name\":\"Cuadernillo de actividades para estimular las funciones mentales superiores - 2026\",\"isPartOf\":{\"@id\":\"https:\\\/\\\/webdelmaestrocmf.com\\\/portal\\\/#website\"},\"primaryImageOfPage\":{\"@id\":\"https:\\\/\\\/webdelmaestrocmf.com\\\/portal\\\/cuadernillo-de-actividades-para-estimular-las-funciones-mentales-superiores\\\/#primaryimage\"},\"image\":{\"@id\":\"https:\\\/\\\/webdelmaestrocmf.com\\\/portal\\\/cuadernillo-de-actividades-para-estimular-las-funciones-mentales-superiores\\\/#primaryimage\"},\"thumbnailUrl\":\"https:\\\/\\\/webdelmaestrocmf.com\\\/portal\\\/wp-content\\\/uploads\\\/2023\\\/08\\\/A12B3C4D-41.jpg\",\"datePublished\":\"2023-08-29T00:49:05+00:00\",\"dateModified\":\"2023-08-29T16:07:54+00:00\",\"description\":\"el Cuadernillo de Actividades para Estimular las Funciones Mentales Superiores. Dirigido a estudiantes atendidos por las Unidades...\",\"breadcrumb\":{\"@id\":\"https:\\\/\\\/webdelmaestrocmf.com\\\/portal\\\/cuadernillo-de-actividades-para-estimular-las-funciones-mentales-superiores\\\/#breadcrumb\"},\"inLanguage\":\"es\",\"potentialAction\":[{\"@type\":\"ReadAction\",\"target\":[\"https:\\\/\\\/webdelmaestrocmf.com\\\/portal\\\/cuadernillo-de-actividades-para-estimular-las-funciones-mentales-superiores\\\/\"]}]},{\"@type\":\"ImageObject\",\"inLanguage\":\"es\",\"@id\":\"https:\\\/\\\/webdelmaestrocmf.com\\\/portal\\\/cuadernillo-de-actividades-para-estimular-las-funciones-mentales-superiores\\\/#primaryimage\",\"url\":\"https:\\\/\\\/webdelmaestrocmf.com\\\/portal\\\/wp-content\\\/uploads\\\/2023\\\/08\\\/A12B3C4D-41.jpg\",\"contentUrl\":\"https:\\\/\\\/webdelmaestrocmf.com\\\/portal\\\/wp-content\\\/uploads\\\/2023\\\/08\\\/A12B3C4D-41.jpg\",\"width\":900,\"height\":556,\"caption\":\"Cuadernillo de actividades\"},{\"@type\":\"BreadcrumbList\",\"@id\":\"https:\\\/\\\/webdelmaestrocmf.com\\\/portal\\\/cuadernillo-de-actividades-para-estimular-las-funciones-mentales-superiores\\\/#breadcrumb\",\"itemListElement\":[{\"@type\":\"ListItem\",\"position\":1,\"name\":\"Portada\",\"item\":\"https:\\\/\\\/webdelmaestrocmf.com\\\/portal\\\/\"},{\"@type\":\"ListItem\",\"position\":2,\"name\":\"Recursos\",\"item\":\"https:\\\/\\\/webdelmaestrocmf.com\\\/portal\\\/category\\\/pedagogia\\\/\"},{\"@type\":\"ListItem\",\"position\":3,\"name\":\"Cuadernillo de actividades para estimular las funciones mentales superiores\"}]},{\"@type\":\"WebSite\",\"@id\":\"https:\\\/\\\/webdelmaestrocmf.com\\\/portal\\\/#website\",\"url\":\"https:\\\/\\\/webdelmaestrocmf.com\\\/portal\\\/\",\"name\":\"Web del Maestro CMF\",\"description\":\"Maestros al servicio de la educaci\u00f3n\",\"publisher\":{\"@id\":\"https:\\\/\\\/webdelmaestrocmf.com\\\/portal\\\/#organization\"},\"alternateName\":\"WMCMF\",\"potentialAction\":[{\"@type\":\"SearchAction\",\"target\":{\"@type\":\"EntryPoint\",\"urlTemplate\":\"https:\\\/\\\/webdelmaestrocmf.com\\\/portal\\\/?s={search_term_string}\"},\"query-input\":{\"@type\":\"PropertyValueSpecification\",\"valueRequired\":true,\"valueName\":\"search_term_string\"}}],\"inLanguage\":\"es\"},{\"@type\":\"Organization\",\"@id\":\"https:\\\/\\\/webdelmaestrocmf.com\\\/portal\\\/#organization\",\"name\":\"Web del Maestro CMF\",\"alternateName\":\"WMCMF\",\"url\":\"https:\\\/\\\/webdelmaestrocmf.com\\\/portal\\\/\",\"logo\":{\"@type\":\"ImageObject\",\"inLanguage\":\"es\",\"@id\":\"https:\\\/\\\/webdelmaestrocmf.com\\\/portal\\\/#\\\/schema\\\/logo\\\/image\\\/\",\"url\":\"https:\\\/\\\/webdelmaestrocmf.com\\\/portal\\\/wp-content\\\/uploads\\\/2023\\\/01\\\/logo-wmcmf-2.png\",\"contentUrl\":\"https:\\\/\\\/webdelmaestrocmf.com\\\/portal\\\/wp-content\\\/uploads\\\/2023\\\/01\\\/logo-wmcmf-2.png\",\"width\":200,\"height\":60,\"caption\":\"Web del Maestro CMF\"},\"image\":{\"@id\":\"https:\\\/\\\/webdelmaestrocmf.com\\\/portal\\\/#\\\/schema\\\/logo\\\/image\\\/\"},\"sameAs\":[\"https:\\\/\\\/www.facebook.com\\\/WebdelMaestroCMF\\\/\",\"https:\\\/\\\/x.com\\\/cmf_w\",\"https:\\\/\\\/www.pinterest.com\\\/WMCMF\\\/\",\"https:\\\/\\\/www.linkedin.com\\\/company\\\/web-del-maestro-cmf\\\/\",\"https:\\\/\\\/www.instagram.com\\\/wmcmf\\\/\",\"https:\\\/\\\/www.youtube.com\\\/channel\\\/UCDPSvjbdodE5sHnC3OxutHw\",\"https:\\\/\\\/mastodon.social\\\/@wmcmf\",\"https:\\\/\\\/www.tiktok.com\\\/@webdelmaestrocmf\"]},{\"@type\":\"Person\",\"@id\":\"https:\\\/\\\/webdelmaestrocmf.com\\\/portal\\\/#\\\/schema\\\/person\\\/1072a2ed7bd960df8ef99a551fa35dc5\",\"name\":\"Web del Maestro CMF\",\"image\":{\"@type\":\"ImageObject\",\"inLanguage\":\"es\",\"@id\":\"https:\\\/\\\/secure.gravatar.com\\\/avatar\\\/23291dd5b5ae1077dcff3dbb04c3e02bd28403fa75af6d8787d5e97c5bbbe30b?s=96&d=mm&r=g\",\"url\":\"https:\\\/\\\/secure.gravatar.com\\\/avatar\\\/23291dd5b5ae1077dcff3dbb04c3e02bd28403fa75af6d8787d5e97c5bbbe30b?s=96&d=mm&r=g\",\"contentUrl\":\"https:\\\/\\\/secure.gravatar.com\\\/avatar\\\/23291dd5b5ae1077dcff3dbb04c3e02bd28403fa75af6d8787d5e97c5bbbe30b?s=96&d=mm&r=g\",\"caption\":\"Web del Maestro CMF\"},\"description\":\"Esta Web se cre\u00f3 sin fines de lucro, con fines educativos, cient\u00edficos y acad\u00e9micos, para personas que tengan dificultades y\\\/o inconvenientes en visualizar el material original. El objetivo es entregar recursos, compartir experiencias y materiales que ayuden a los padres de familia, maestros y estudiantes en su actualizaci\u00f3n y formaci\u00f3n permanente, en bien de la Educaci\u00f3n.\",\"sameAs\":[\"http:\\\/\\\/webdelmaestrocmf.com\\\/portal\",\"https:\\\/\\\/www.facebook.com\\\/WebdelMaestroCMF\\\/\",\"https:\\\/\\\/www.instagram.com\\\/wmcmf\\\/\",\"https:\\\/\\\/cl.linkedin.com\\\/company\\\/web-del-maestro-cmf\",\"https:\\\/\\\/www.pinterest.com\\\/WMCMF\\\/publicaciones\\\/\",\"https:\\\/\\\/x.com\\\/cmf_w\",\"https:\\\/\\\/www.youtube.com\\\/@WMCMF\"]}]}<\/script>\n<!-- \/ Yoast SEO plugin. -->","yoast_head_json":{"title":"Cuadernillo de actividades para estimular las funciones mentales superiores - 2026","description":"el Cuadernillo de Actividades para Estimular las Funciones Mentales Superiores. Dirigido a estudiantes atendidos por las Unidades...","robots":{"index":"index","follow":"follow","max-snippet":"max-snippet:-1","max-image-preview":"max-image-preview:large","max-video-preview":"max-video-preview:-1"},"canonical":"https:\/\/webdelmaestrocmf.com\/portal\/cuadernillo-de-actividades-para-estimular-las-funciones-mentales-superiores\/","og_locale":"es_ES","og_type":"article","og_title":"Cuadernillo de actividades para estimular las funciones mentales superiores - 2026","og_description":"el Cuadernillo de Actividades para Estimular las Funciones Mentales Superiores. Dirigido a estudiantes atendidos por las Unidades...","og_url":"https:\/\/webdelmaestrocmf.com\/portal\/cuadernillo-de-actividades-para-estimular-las-funciones-mentales-superiores\/","og_site_name":"Web del Maestro CMF","article_publisher":"https:\/\/www.facebook.com\/WebdelMaestroCMF\/","article_author":"https:\/\/www.facebook.com\/WebdelMaestroCMF\/","article_published_time":"2023-08-29T00:49:05+00:00","article_modified_time":"2023-08-29T16:07:54+00:00","og_image":[{"width":900,"height":556,"url":"https:\/\/i0.wp.com\/webdelmaestrocmf.com\/portal\/wp-content\/uploads\/2023\/08\/A12B3C4D-41.jpg?fit=900%2C556&ssl=1","type":"image\/jpeg"}],"author":"Web del Maestro CMF","twitter_card":"summary_large_image","twitter_creator":"@cmf_w","twitter_site":"@cmf_w","schema":{"@context":"https:\/\/schema.org","@graph":[{"@type":"ScholarlyArticle","@id":"https:\/\/webdelmaestrocmf.com\/portal\/cuadernillo-de-actividades-para-estimular-las-funciones-mentales-superiores\/#article","isPartOf":{"@id":"https:\/\/webdelmaestrocmf.com\/portal\/cuadernillo-de-actividades-para-estimular-las-funciones-mentales-superiores\/"},"author":{"name":"Web del Maestro CMF","@id":"https:\/\/webdelmaestrocmf.com\/portal\/#\/schema\/person\/1072a2ed7bd960df8ef99a551fa35dc5"},"headline":"Cuadernillo de actividades para estimular las funciones mentales superiores","datePublished":"2023-08-29T00:49:05+00:00","dateModified":"2023-08-29T16:07:54+00:00","mainEntityOfPage":{"@id":"https:\/\/webdelmaestrocmf.com\/portal\/cuadernillo-de-actividades-para-estimular-las-funciones-mentales-superiores\/"},"wordCount":1415,"commentCount":0,"publisher":{"@id":"https:\/\/webdelmaestrocmf.com\/portal\/#organization"},"image":{"@id":"https:\/\/webdelmaestrocmf.com\/portal\/cuadernillo-de-actividades-para-estimular-las-funciones-mentales-superiores\/#primaryimage"},"thumbnailUrl":"https:\/\/webdelmaestrocmf.com\/portal\/wp-content\/uploads\/2023\/08\/A12B3C4D-41.jpg","keywords":["Actividades de Refuerzo","Adaptaci\u00f3n Curricular","Apoyo Guiado","Apoyo Personalizado","aprendizaje activo","Aprendizaje Diferenciado","desarrollo cognitivo","Desarrollo de habilidades","desarrollo socioemocional","Diversificaci\u00f3n de Ense\u00f1anza","Enfoque Hol\u00edstico","Enfoque Individual","ense\u00f1anza adaptativa","Ense\u00f1anza Integral","Estaciones de Trabajo","Estrategias de Instrucci\u00f3n","Estrategias pedag\u00f3gicas","Evaluaci\u00f3n del Aprendizaje","evaluaci\u00f3n formativa","Evaluaci\u00f3n individualizada","Integraci\u00f3n curricular","Integraci\u00f3n Socioemocional","Intervenci\u00f3n Pedag\u00f3gica","personalizaci\u00f3n","Planificaci\u00f3n de Lecciones","Refuerzo de Conceptos","Registro de Desarrollo","Retroalimentaci\u00f3n constructiva","Rotaci\u00f3n de Actividades","Seguimiento de progreso"],"articleSection":["Actividades","Recursos"],"inLanguage":"es","potentialAction":[{"@type":"CommentAction","name":"Comment","target":["https:\/\/webdelmaestrocmf.com\/portal\/cuadernillo-de-actividades-para-estimular-las-funciones-mentales-superiores\/#respond"]}]},{"@type":"WebPage","@id":"https:\/\/webdelmaestrocmf.com\/portal\/cuadernillo-de-actividades-para-estimular-las-funciones-mentales-superiores\/","url":"https:\/\/webdelmaestrocmf.com\/portal\/cuadernillo-de-actividades-para-estimular-las-funciones-mentales-superiores\/","name":"Cuadernillo de actividades para estimular las funciones mentales superiores - 2026","isPartOf":{"@id":"https:\/\/webdelmaestrocmf.com\/portal\/#website"},"primaryImageOfPage":{"@id":"https:\/\/webdelmaestrocmf.com\/portal\/cuadernillo-de-actividades-para-estimular-las-funciones-mentales-superiores\/#primaryimage"},"image":{"@id":"https:\/\/webdelmaestrocmf.com\/portal\/cuadernillo-de-actividades-para-estimular-las-funciones-mentales-superiores\/#primaryimage"},"thumbnailUrl":"https:\/\/webdelmaestrocmf.com\/portal\/wp-content\/uploads\/2023\/08\/A12B3C4D-41.jpg","datePublished":"2023-08-29T00:49:05+00:00","dateModified":"2023-08-29T16:07:54+00:00","description":"el Cuadernillo de Actividades para Estimular las Funciones Mentales Superiores. Dirigido a estudiantes atendidos por las Unidades...","breadcrumb":{"@id":"https:\/\/webdelmaestrocmf.com\/portal\/cuadernillo-de-actividades-para-estimular-las-funciones-mentales-superiores\/#breadcrumb"},"inLanguage":"es","potentialAction":[{"@type":"ReadAction","target":["https:\/\/webdelmaestrocmf.com\/portal\/cuadernillo-de-actividades-para-estimular-las-funciones-mentales-superiores\/"]}]},{"@type":"ImageObject","inLanguage":"es","@id":"https:\/\/webdelmaestrocmf.com\/portal\/cuadernillo-de-actividades-para-estimular-las-funciones-mentales-superiores\/#primaryimage","url":"https:\/\/webdelmaestrocmf.com\/portal\/wp-content\/uploads\/2023\/08\/A12B3C4D-41.jpg","contentUrl":"https:\/\/webdelmaestrocmf.com\/portal\/wp-content\/uploads\/2023\/08\/A12B3C4D-41.jpg","width":900,"height":556,"caption":"Cuadernillo de actividades"},{"@type":"BreadcrumbList","@id":"https:\/\/webdelmaestrocmf.com\/portal\/cuadernillo-de-actividades-para-estimular-las-funciones-mentales-superiores\/#breadcrumb","itemListElement":[{"@type":"ListItem","position":1,"name":"Portada","item":"https:\/\/webdelmaestrocmf.com\/portal\/"},{"@type":"ListItem","position":2,"name":"Recursos","item":"https:\/\/webdelmaestrocmf.com\/portal\/category\/pedagogia\/"},{"@type":"ListItem","position":3,"name":"Cuadernillo de actividades para estimular las funciones mentales superiores"}]},{"@type":"WebSite","@id":"https:\/\/webdelmaestrocmf.com\/portal\/#website","url":"https:\/\/webdelmaestrocmf.com\/portal\/","name":"Web del Maestro CMF","description":"Maestros al servicio de la educaci\u00f3n","publisher":{"@id":"https:\/\/webdelmaestrocmf.com\/portal\/#organization"},"alternateName":"WMCMF","potentialAction":[{"@type":"SearchAction","target":{"@type":"EntryPoint","urlTemplate":"https:\/\/webdelmaestrocmf.com\/portal\/?s={search_term_string}"},"query-input":{"@type":"PropertyValueSpecification","valueRequired":true,"valueName":"search_term_string"}}],"inLanguage":"es"},{"@type":"Organization","@id":"https:\/\/webdelmaestrocmf.com\/portal\/#organization","name":"Web del Maestro CMF","alternateName":"WMCMF","url":"https:\/\/webdelmaestrocmf.com\/portal\/","logo":{"@type":"ImageObject","inLanguage":"es","@id":"https:\/\/webdelmaestrocmf.com\/portal\/#\/schema\/logo\/image\/","url":"https:\/\/webdelmaestrocmf.com\/portal\/wp-content\/uploads\/2023\/01\/logo-wmcmf-2.png","contentUrl":"https:\/\/webdelmaestrocmf.com\/portal\/wp-content\/uploads\/2023\/01\/logo-wmcmf-2.png","width":200,"height":60,"caption":"Web del Maestro CMF"},"image":{"@id":"https:\/\/webdelmaestrocmf.com\/portal\/#\/schema\/logo\/image\/"},"sameAs":["https:\/\/www.facebook.com\/WebdelMaestroCMF\/","https:\/\/x.com\/cmf_w","https:\/\/www.pinterest.com\/WMCMF\/","https:\/\/www.linkedin.com\/company\/web-del-maestro-cmf\/","https:\/\/www.instagram.com\/wmcmf\/","https:\/\/www.youtube.com\/channel\/UCDPSvjbdodE5sHnC3OxutHw","https:\/\/mastodon.social\/@wmcmf","https:\/\/www.tiktok.com\/@webdelmaestrocmf"]},{"@type":"Person","@id":"https:\/\/webdelmaestrocmf.com\/portal\/#\/schema\/person\/1072a2ed7bd960df8ef99a551fa35dc5","name":"Web del Maestro CMF","image":{"@type":"ImageObject","inLanguage":"es","@id":"https:\/\/secure.gravatar.com\/avatar\/23291dd5b5ae1077dcff3dbb04c3e02bd28403fa75af6d8787d5e97c5bbbe30b?s=96&d=mm&r=g","url":"https:\/\/secure.gravatar.com\/avatar\/23291dd5b5ae1077dcff3dbb04c3e02bd28403fa75af6d8787d5e97c5bbbe30b?s=96&d=mm&r=g","contentUrl":"https:\/\/secure.gravatar.com\/avatar\/23291dd5b5ae1077dcff3dbb04c3e02bd28403fa75af6d8787d5e97c5bbbe30b?s=96&d=mm&r=g","caption":"Web del Maestro CMF"},"description":"Esta Web se cre\u00f3 sin fines de lucro, con fines educativos, cient\u00edficos y acad\u00e9micos, para personas que tengan dificultades y\/o inconvenientes en visualizar el material original. El objetivo es entregar recursos, compartir experiencias y materiales que ayuden a los padres de familia, maestros y estudiantes en su actualizaci\u00f3n y formaci\u00f3n permanente, en bien de la Educaci\u00f3n.","sameAs":["http:\/\/webdelmaestrocmf.com\/portal","https:\/\/www.facebook.com\/WebdelMaestroCMF\/","https:\/\/www.instagram.com\/wmcmf\/","https:\/\/cl.linkedin.com\/company\/web-del-maestro-cmf","https:\/\/www.pinterest.com\/WMCMF\/publicaciones\/","https:\/\/x.com\/cmf_w","https:\/\/www.youtube.com\/@WMCMF"]}]}},"jetpack_featured_media_url":"https:\/\/webdelmaestrocmf.com\/portal\/wp-content\/uploads\/2023\/08\/A12B3C4D-41.jpg","jetpack_sharing_enabled":true,"jetpack-related-posts":[{"id":102748,"url":"https:\/\/webdelmaestrocmf.com\/portal\/evaluacion-formativa-y-planificacion-curricular\/","url_meta":{"origin":93420,"position":0},"title":"Evaluaci\u00f3n formativa y Planificaci\u00f3n curricular","author":"Web del Maestro CMF","date":"18 enero, 2024","format":false,"excerpt":"Nos complace presentar dos gu\u00edas fundamentales que iluminan el sendero de la ense\u00f1anza: Evaluaci\u00f3n Formativa y Planificaci\u00f3n Curricular. Estas no son simples hojas de ruta; son br\u00fajulas cuidadosamente dise\u00f1adas para guiar a los docentes a trav\u00e9s de los terrenos desafiantes de la pr\u00e1ctica educativa. A medida que desentra\u00f1amos las complejidades\u2026","rel":"","context":"En \u00abevaluaci\u00f3n formativa\u00bb","block_context":{"text":"evaluaci\u00f3n formativa","link":"https:\/\/webdelmaestrocmf.com\/portal\/category\/pedagogia\/evaluar\/evaluacion-formativa-evaluar\/"},"img":{"alt_text":"Evaluaci\u00f3n formativa y Planificaci\u00f3n curricular","src":"https:\/\/i0.wp.com\/webdelmaestrocmf.com\/portal\/wp-content\/uploads\/2024\/01\/Banner-1-portada-imagen-10-19.jpg?resize=350%2C200&ssl=1","width":350,"height":200,"srcset":"https:\/\/i0.wp.com\/webdelmaestrocmf.com\/portal\/wp-content\/uploads\/2024\/01\/Banner-1-portada-imagen-10-19.jpg?resize=350%2C200&ssl=1 1x, https:\/\/i0.wp.com\/webdelmaestrocmf.com\/portal\/wp-content\/uploads\/2024\/01\/Banner-1-portada-imagen-10-19.jpg?resize=525%2C300&ssl=1 1.5x, https:\/\/i0.wp.com\/webdelmaestrocmf.com\/portal\/wp-content\/uploads\/2024\/01\/Banner-1-portada-imagen-10-19.jpg?resize=700%2C400&ssl=1 2x"},"classes":[]},{"id":30620,"url":"https:\/\/webdelmaestrocmf.com\/portal\/elementos-de-la-planeacion-y-evaluacion\/","url_meta":{"origin":93420,"position":1},"title":"Elementos de la planeaci\u00f3n y evaluaci\u00f3n","author":"Web del Maestro CMF","date":"10 febrero, 2020","format":false,"excerpt":"Este planteamiento contiene la organizaci\u00f3n que se debe tomar en cuenta en la planificaci\u00f3n, las orientaciones did\u00e1cticas, la evaluaci\u00f3n, los procesos que tienen lugar en la escuela, las pr\u00e1cticas pedag\u00f3gicas en el aula y el curr\u00edculo. Para lograr un aprendizaje profundo, situado y significativo se parte de un principio de\u2026","rel":"","context":"En \u00abDescargas Manuales PDF\u00bb","block_context":{"text":"Descargas Manuales PDF","link":"https:\/\/webdelmaestrocmf.com\/portal\/category\/pedagogia\/descargas-manuales-pdf\/"},"img":{"alt_text":"","src":"https:\/\/i0.wp.com\/webdelmaestrocmf.com\/portal\/wp-content\/uploads\/2018\/08\/1-166.jpg?resize=350%2C200&ssl=1","width":350,"height":200,"srcset":"https:\/\/i0.wp.com\/webdelmaestrocmf.com\/portal\/wp-content\/uploads\/2018\/08\/1-166.jpg?resize=350%2C200&ssl=1 1x, https:\/\/i0.wp.com\/webdelmaestrocmf.com\/portal\/wp-content\/uploads\/2018\/08\/1-166.jpg?resize=525%2C300&ssl=1 1.5x, https:\/\/i0.wp.com\/webdelmaestrocmf.com\/portal\/wp-content\/uploads\/2018\/08\/1-166.jpg?resize=700%2C400&ssl=1 2x, https:\/\/i0.wp.com\/webdelmaestrocmf.com\/portal\/wp-content\/uploads\/2018\/08\/1-166.jpg?resize=1050%2C600&ssl=1 3x"},"classes":[]},{"id":103694,"url":"https:\/\/webdelmaestrocmf.com\/portal\/3-plantillas-de-carpeta-pedagogica-para-educacion-primaria\/","url_meta":{"origin":93420,"position":2},"title":"3 plantillas de Carpeta Pedag\u00f3gica para Educaci\u00f3n Primaria","author":"Web del Maestro CMF","date":"11 febrero, 2024","format":false,"excerpt":"La carpeta pedag\u00f3gica es un instrumento fundamental para la planificaci\u00f3n y organizaci\u00f3n del proceso educativo en el nivel primario. Se trata de un repositorio que re\u00fane informaci\u00f3n vital sobre la planificaci\u00f3n curricular, las estrategias de ense\u00f1anza, el seguimiento del aprendizaje de los alumnos y la evaluaci\u00f3n de su progreso. Esta\u2026","rel":"","context":"En \u00abCarpeta\u00bb","block_context":{"text":"Carpeta","link":"https:\/\/webdelmaestrocmf.com\/portal\/category\/pedagogia\/carpeta\/"},"img":{"alt_text":"carpeta pedag\u00f3gica primaria","src":"https:\/\/i0.wp.com\/webdelmaestrocmf.com\/portal\/wp-content\/uploads\/2024\/02\/Banner-1-portada-imagen-10-1-11.jpg?resize=350%2C200&ssl=1","width":350,"height":200,"srcset":"https:\/\/i0.wp.com\/webdelmaestrocmf.com\/portal\/wp-content\/uploads\/2024\/02\/Banner-1-portada-imagen-10-1-11.jpg?resize=350%2C200&ssl=1 1x, https:\/\/i0.wp.com\/webdelmaestrocmf.com\/portal\/wp-content\/uploads\/2024\/02\/Banner-1-portada-imagen-10-1-11.jpg?resize=525%2C300&ssl=1 1.5x, https:\/\/i0.wp.com\/webdelmaestrocmf.com\/portal\/wp-content\/uploads\/2024\/02\/Banner-1-portada-imagen-10-1-11.jpg?resize=700%2C400&ssl=1 2x"},"classes":[]},{"id":94065,"url":"https:\/\/webdelmaestrocmf.com\/portal\/como-realizar-un-diagnostico-integral-a-mis-alumnos\/","url_meta":{"origin":93420,"position":3},"title":"C\u00f3mo realizar un diagnostico integral a mis alumnos","author":"Web del Maestro CMF","date":"4 septiembre, 2023","format":false,"excerpt":"Un diagn\u00f3stico integral es un proceso de recopilaci\u00f3n de informaci\u00f3n sobre los alumnos, con el objetivo de conocer sus fortalezas, debilidades, necesidades y caracter\u00edsticas individuales. Esta informaci\u00f3n se utiliza para planificar la ense\u00f1anza y el aprendizaje de manera personalizada, y para garantizar que todos los alumnos tengan la oportunidad de\u2026","rel":"","context":"En \u00abExamen diagnostico\u00bb","block_context":{"text":"Examen diagnostico","link":"https:\/\/webdelmaestrocmf.com\/portal\/category\/pedagogia\/examen-diagnostico\/"},"img":{"alt_text":"diagn\u00f3stico","src":"https:\/\/i0.wp.com\/webdelmaestrocmf.com\/portal\/wp-content\/uploads\/2023\/09\/A12B3C4D-11.jpg?resize=350%2C200&ssl=1","width":350,"height":200,"srcset":"https:\/\/i0.wp.com\/webdelmaestrocmf.com\/portal\/wp-content\/uploads\/2023\/09\/A12B3C4D-11.jpg?resize=350%2C200&ssl=1 1x, https:\/\/i0.wp.com\/webdelmaestrocmf.com\/portal\/wp-content\/uploads\/2023\/09\/A12B3C4D-11.jpg?resize=525%2C300&ssl=1 1.5x, https:\/\/i0.wp.com\/webdelmaestrocmf.com\/portal\/wp-content\/uploads\/2023\/09\/A12B3C4D-11.jpg?resize=700%2C400&ssl=1 2x"},"classes":[]},{"id":66465,"url":"https:\/\/webdelmaestrocmf.com\/portal\/docencia-y-evaluacion-de-las-competencias-transversales-en-educacion-superior\/","url_meta":{"origin":93420,"position":4},"title":"Docencia y evaluaci\u00f3n de las competencias transversales en educaci\u00f3n superior","author":"Web del Maestro CMF","date":"11 agosto, 2021","format":false,"excerpt":"Integraci\u00f3n de las competencias transversales en el curr\u00edculo de los programas. La\u00a0educaci\u00f3n superior\u00a0tiene por finalidad preparar personas capaces de resolver con \u00e9xito demandas complejas, como las que habitualmente se encontrar\u00e1 en su vida profesional y tambi\u00e9n personal. Para poder hacerlo, el profesorado trabaja organizando el proceso educativo en\u00a0competencias\u00a0que facilitan a\u2026","rel":"","context":"En \u00abDescargas Manuales PDF\u00bb","block_context":{"text":"Descargas Manuales PDF","link":"https:\/\/webdelmaestrocmf.com\/portal\/category\/pedagogia\/descargas-manuales-pdf\/"},"img":{"alt_text":"","src":"https:\/\/i0.wp.com\/webdelmaestrocmf.com\/portal\/wp-content\/uploads\/2021\/08\/1-76.jpg?resize=350%2C200&ssl=1","width":350,"height":200,"srcset":"https:\/\/i0.wp.com\/webdelmaestrocmf.com\/portal\/wp-content\/uploads\/2021\/08\/1-76.jpg?resize=350%2C200&ssl=1 1x, https:\/\/i0.wp.com\/webdelmaestrocmf.com\/portal\/wp-content\/uploads\/2021\/08\/1-76.jpg?resize=525%2C300&ssl=1 1.5x, https:\/\/i0.wp.com\/webdelmaestrocmf.com\/portal\/wp-content\/uploads\/2021\/08\/1-76.jpg?resize=700%2C400&ssl=1 2x, https:\/\/i0.wp.com\/webdelmaestrocmf.com\/portal\/wp-content\/uploads\/2021\/08\/1-76.jpg?resize=1050%2C600&ssl=1 3x"},"classes":[]},{"id":102686,"url":"https:\/\/webdelmaestrocmf.com\/portal\/que-es-ensenar-por-competencias-en-la-educacion-basica\/","url_meta":{"origin":93420,"position":5},"title":"\u00bfQu\u00e9 es ense\u00f1ar por competencias en la Educaci\u00f3n B\u00e1sica?","author":"Web del Maestro CMF","date":"16 enero, 2024","format":false,"excerpt":"Ense\u00f1ar por competencias en la Educaci\u00f3n B\u00e1sica es un enfoque pedag\u00f3gico que busca que los estudiantes desarrollen las capacidades necesarias para enfrentar los desaf\u00edos de la vida cotidiana, tanto en el \u00e1mbito personal como profesional. Este enfoque se basa en la idea de que el aprendizaje debe ser significativo para\u2026","rel":"","context":"En \u00abCompetencias\u00bb","block_context":{"text":"Competencias","link":"https:\/\/webdelmaestrocmf.com\/portal\/category\/pedagogia\/competencias\/"},"img":{"alt_text":"","src":"https:\/\/i0.wp.com\/webdelmaestrocmf.com\/portal\/wp-content\/uploads\/2024\/01\/Banner-1-portada-imagen-10-5.jpg?resize=350%2C200&ssl=1","width":350,"height":200,"srcset":"https:\/\/i0.wp.com\/webdelmaestrocmf.com\/portal\/wp-content\/uploads\/2024\/01\/Banner-1-portada-imagen-10-5.jpg?resize=350%2C200&ssl=1 1x, https:\/\/i0.wp.com\/webdelmaestrocmf.com\/portal\/wp-content\/uploads\/2024\/01\/Banner-1-portada-imagen-10-5.jpg?resize=525%2C300&ssl=1 1.5x, https:\/\/i0.wp.com\/webdelmaestrocmf.com\/portal\/wp-content\/uploads\/2024\/01\/Banner-1-portada-imagen-10-5.jpg?resize=700%2C400&ssl=1 2x"},"classes":[]}],"_links":{"self":[{"href":"https:\/\/webdelmaestrocmf.com\/portal\/wp-json\/wp\/v2\/posts\/93420","targetHints":{"allow":["GET"]}}],"collection":[{"href":"https:\/\/webdelmaestrocmf.com\/portal\/wp-json\/wp\/v2\/posts"}],"about":[{"href":"https:\/\/webdelmaestrocmf.com\/portal\/wp-json\/wp\/v2\/types\/post"}],"author":[{"embeddable":true,"href":"https:\/\/webdelmaestrocmf.com\/portal\/wp-json\/wp\/v2\/users\/1"}],"replies":[{"embeddable":true,"href":"https:\/\/webdelmaestrocmf.com\/portal\/wp-json\/wp\/v2\/comments?post=93420"}],"version-history":[{"count":0,"href":"https:\/\/webdelmaestrocmf.com\/portal\/wp-json\/wp\/v2\/posts\/93420\/revisions"}],"wp:featuredmedia":[{"embeddable":true,"href":"https:\/\/webdelmaestrocmf.com\/portal\/wp-json\/wp\/v2\/media\/93424"}],"wp:attachment":[{"href":"https:\/\/webdelmaestrocmf.com\/portal\/wp-json\/wp\/v2\/media?parent=93420"}],"wp:term":[{"taxonomy":"category","embeddable":true,"href":"https:\/\/webdelmaestrocmf.com\/portal\/wp-json\/wp\/v2\/categories?post=93420"},{"taxonomy":"post_tag","embeddable":true,"href":"https:\/\/webdelmaestrocmf.com\/portal\/wp-json\/wp\/v2\/tags?post=93420"}],"curies":[{"name":"wp","href":"https:\/\/api.w.org\/{rel}","templated":true}]}}