{"id":93326,"date":"2025-03-03T19:00:18","date_gmt":"2025-03-03T22:00:18","guid":{"rendered":"https:\/\/webdelmaestrocmf.com\/portal\/?p=93326"},"modified":"2025-09-21T23:05:20","modified_gmt":"2025-09-22T02:05:20","slug":"examen-diagnostico-para-evaluar-los-conocimientos-de-alumnos-de-1o-al-6o-grado","status":"publish","type":"post","link":"https:\/\/webdelmaestrocmf.com\/portal\/examen-diagnostico-para-evaluar-los-conocimientos-de-alumnos-de-1o-al-6o-grado\/","title":{"rendered":"Examen diagnostico para evaluar los conocimientos de alumnos de 1\u00ba al 6\u00ba grado"},"content":{"rendered":"<p style=\"text-align: justify;\"><strong>En el \u00e1mbito educativo, la evaluaci\u00f3n es un recurso esencial para medir el progreso de los estudiantes y orientar la planificaci\u00f3n curricular. El examen diagn\u00f3stico se destacan como una herramienta valiosa para evaluar los conocimientos en cada uno de los grados de educaci\u00f3n primaria.<\/strong> <!--more--><\/p>\n<p style=\"text-align: justify;\">Su prop\u00f3sito va m\u00e1s all\u00e1 de calificar; se centra en comprender el nivel de dominio de los estudiantes y en identificar las \u00e1reas de oportunidad. En este art\u00edculo, exploraremos c\u00f3mo estos ex\u00e1menes son instrumentos clave para definir el punto de partida y dise\u00f1ar estrategias efectivas para el ciclo escolar. Tambi\u00e9n examinaremos c\u00f3mo dos docentes pueden aplicarlos de manera beneficiosa en sus aulas.<\/p>\n<h5 style=\"text-align: justify;\"><strong>La Importancia de los Ex\u00e1menes Diagn\u00f3sticos:<\/strong><\/h5>\n<p style=\"text-align: justify;\">Los ex\u00e1menes diagn\u00f3sticos son como una br\u00fajula educativa que ayuda a los educadores a comprender d\u00f3nde se encuentran los estudiantes en su viaje de aprendizaje. Eval\u00faan de manera exhaustiva los conocimientos previos y las habilidades adquiridas, permitiendo a los docentes tener una imagen completa de las fortalezas y \u00e1reas que requieren mejoras. Estos ex\u00e1menes no solo benefician a los estudiantes, sino que tambi\u00e9n brindan a los educadores una visi\u00f3n clara sobre c\u00f3mo adaptar su enfoque pedag\u00f3gico y planificar intervenciones efectivas.<\/p>\n<p>Enlace relacionado: <a href=\"https:\/\/webdelmaestrocmf.com\/portal\/examen-diagnostico-para-el-primer-al-sexto-grado-2023-modelo-de-informe-de-evaluacion-diagnostica-primaria-y-secundaria\/\" target=\"_blank\" rel=\"noopener\">Examen Diagn\u00f3stico para el Primer al Sexto grado 2023 \u2013 2024 | Modelo de Informe de Evaluaci\u00f3n Diagnostica | Primaria y Secundaria<\/a><\/p>\n<h5 style=\"text-align: justify;\"><strong>Aplicaci\u00f3n en el Aula: Dos Enfoques Docentes:<\/strong><\/h5>\n<p style=\"padding-left: 40px; text-align: justify;\"><strong>1. Personalizaci\u00f3n de la Ense\u00f1anza &#8211; Profesora Ana:<\/strong> La Profesora Ana trabaja en un aula de tercer grado. Al inicio del ciclo escolar, administra un examen diagn\u00f3stico para evaluar las habilidades matem\u00e1ticas y de lectura de sus estudiantes. Ana examina los resultados y encuentra que algunos estudiantes tienen dificultades en operaciones matem\u00e1ticas b\u00e1sicas.<\/p>\n<p style=\"padding-left: 40px; text-align: justify;\">Ana aprovecha esta informaci\u00f3n para adaptar su planificaci\u00f3n de lecciones. Ella crea grupos de trabajo con actividades personalizadas, brindando ejercicios de matem\u00e1ticas que se ajustan a las necesidades espec\u00edficas de cada estudiante. Durante el ciclo escolar, realiza evaluaciones formativas para medir el progreso y ajustar las actividades seg\u00fan sea necesario.<\/p>\n<p style=\"padding-left: 40px; text-align: justify;\"><strong>2. Dise\u00f1o de Estrategias de Aprendizaje &#8211; Profesor Juan:<\/strong> En quinto grado, el Profesor Juan tambi\u00e9n utiliza ex\u00e1menes diagn\u00f3sticos, pero se enfoca en la comprensi\u00f3n lectora y la expresi\u00f3n escrita. Juan encuentra que varios alumnos luchan con la organizaci\u00f3n de sus ideas en ensayos.<\/p>\n<p style=\"padding-left: 40px; text-align: justify;\">A partir de los resultados del diagn\u00f3stico, Juan elabora un plan para mejorar estas habilidades. Dise\u00f1a actividades espec\u00edficas para practicar la estructura de los ensayos y brinda ejemplos de argumentaci\u00f3n efectiva. A medida que el ciclo escolar avanza, implementa evaluaciones formativas y talleres de escritura individualizados para monitorear el progreso y brindar retroalimentaci\u00f3n continua.<\/p>\n<h5 style=\"text-align: justify;\"><strong>Conclusi\u00f3n y Acciones Posteriores:<\/strong><\/h5>\n<p style=\"text-align: justify;\">Tras administrar los ex\u00e1menes diagn\u00f3sticos, los docentes deben analizar cuidadosamente los resultados. Deben identificar las tendencias y patrones, destacando las \u00e1reas en las que los estudiantes est\u00e1n destacando y aquellas en las que necesitan m\u00e1s apoyo. Con esta comprensi\u00f3n, los docentes pueden tomar decisiones informadas para personalizar su enfoque de ense\u00f1anza. Esto puede incluir:<\/p>\n<ul style=\"text-align: justify;\">\n<li><strong>Dise\u00f1o de Actividades y Recursos:<\/strong> Crear actividades, ejercicios y recursos que aborden las \u00e1reas de oportunidad identificadas en los ex\u00e1menes.<\/li>\n<li><strong>Grupos de Trabajo y Diferenciaci\u00f3n:<\/strong> Formar grupos de trabajo basados en los niveles de habilidad, para brindar apoyo espec\u00edfico a los estudiantes que lo necesitan.<\/li>\n<li><strong>Evaluaciones Continuas:<\/strong> Integrar evaluaciones formativas y seguimiento regular para evaluar el progreso y ajustar las estrategias a lo largo del ciclo escolar.<\/li>\n<\/ul>\n<p style=\"text-align: justify;\">En \u00faltima instancia, los ex\u00e1menes diagn\u00f3sticos son el primer paso en un proceso de mejora continua. Permiten a los docentes adoptar un enfoque m\u00e1s enfocado y efectivo, atendiendo las necesidades \u00fanicas de cada estudiante y creando una base s\u00f3lida para el aprendizaje significativo.<\/p>\n<p><img loading=\"lazy\" decoding=\"async\" class=\"alignnone wp-image-93327 \" src=\"https:\/\/webdelmaestrocmf.com\/portal\/wp-content\/uploads\/2023\/08\/A12B3C4DCV2-27-e1709242943248.jpg\" alt=\"examen diagn\u00f3stico\" width=\"771\" height=\"418\" srcset=\"https:\/\/webdelmaestrocmf.com\/portal\/wp-content\/uploads\/2023\/08\/A12B3C4DCV2-27-e1709242943248.jpg 616w, https:\/\/webdelmaestrocmf.com\/portal\/wp-content\/uploads\/2023\/08\/A12B3C4DCV2-27-e1709242943248-300x163.jpg 300w, https:\/\/webdelmaestrocmf.com\/portal\/wp-content\/uploads\/2023\/08\/A12B3C4DCV2-27-e1709242943248-380x206.jpg 380w, https:\/\/webdelmaestrocmf.com\/portal\/wp-content\/uploads\/2023\/08\/A12B3C4DCV2-27-e1709242943248-550x298.jpg 550w\" sizes=\"auto, (max-width: 771px) 100vw, 771px\" \/><\/p>\n<p style=\"text-align: center;\">Recomendamos a la Comunidad Educativa Digital tener en cuenta que, el enlace y\/o la carpeta en donde est\u00e1n alojados los libros, recursos y\/o materiales, no es administrado por la Web del Maestro CMF, pueda ser que en cuesti\u00f3n de d\u00edas (o seg\u00fan el tiempo transcurrido desde su publicaci\u00f3n), los enlaces no funcionen y el material ya no se encuentre disponible. Gracias por su comprensi\u00f3n.<\/p>\n<p style=\"text-align: center;\"><strong>ENLACE DE LECTURA:<\/strong> <a href=\"https:\/\/drive.google.com\/drive\/folders\/1x427hxgjrVx9dDqLBSp0szB7nvir1oss?usp=sharing\" target=\"_blank\" rel=\"noopener\">EXAMEN DIAGNOSTICO DE 1\u00ba AL 6\u00ba GRADO<\/a> | <a href=\"https:\/\/mega.nz\/folder\/3mJnSBCA#s7iqU9TapkvopwSSfXfB6g\" target=\"_blank\" rel=\"noopener\">EXAMEN DIAGNOSTICO DE 1\u00ba AL 6\u00ba GRADO<\/a> | <a href=\"https:\/\/www.imageneseducativas.com\/wp-content\/uploads\/2022\/08\/EXAMEN-DIAGNOSTICO-1o-GRADO-2022-2023.pdf\" target=\"_blank\" rel=\"noopener\">EXAMEN DIAGNOSTICO DE 1\u00ba GRADO<\/a><\/p>\n\t\t<div class=\"pk-inline-posts\">\n\t\t\t\n\t\t\t<div class=\"pk-inline-posts-container pk-inline-posts-template-list\"\n\t\t\t\tdata-columns=\"1\">\n\t\t\t\t\t\t<article id=\"post-49931\" class=\"post-49931 post type-post status-publish format-standard has-post-thumbnail category-descargas-manuales-pdf category-evaluar category-pedagogia tag-calificacion tag-como-se-disena-una-rubrica tag-evaluacion tag-rubricas tag-rubricas-de-evaluacion tag-rubricas-docentes tag-rubricas-para-evaluar tag-rubricas-para-maestros cs-entry cs-video-wrap\">\n\t\t\t<div class=\"pk-post-outer\">\n\n\t\t\t\t\t\t\t\t<div class=\"pk-post-inner\">\n\t\t\t\t\t<div class=\"entry-thumbnail\">\n\t\t\t\t\t\t<div class=\"pk-overlay pk-overlay-ratio pk-ratio-landscape\">\n\t\t\t\t\t\t\t<div class=\"pk-overlay-background\">\n\t\t\t\t\t\t\t\t<a href=\"https:\/\/webdelmaestrocmf.com\/portal\/rubricas-evaluacion-mas-alla-de-la-calificacion\/\" class=\"pk-overlay-link\">\n\t\t\t\t\t\t\t\t\t<img loading=\"lazy\" decoding=\"async\" width=\"300\" height=\"225\" src=\"https:\/\/webdelmaestrocmf.com\/portal\/wp-content\/uploads\/2020\/08\/1A-Banner-1-portada-imagen-10-1-1-300x225.jpg\" class=\"attachment-pk-thumbnail size-pk-thumbnail wp-post-image\" alt=\"\" \/>\t\t\t\t\t\t\t\t<\/a>\n\t\t\t\t\t\t\t<\/div>\n\t\t\t\t\t\t<\/div>\n\t\t\t\t\t<\/div>\n\t\t\t\t<\/div>\n\t\t\t\t\n\t\t\t\t<div class=\"pk-post-inner\">\n\t\t\t\t\t<header>\n\t\t\t\t\t\t<h3 class=\"pk-title\"><a href=\"https:\/\/webdelmaestrocmf.com\/portal\/rubricas-evaluacion-mas-alla-de-la-calificacion\/\" rel=\"bookmark\">R\u00fabricas de evaluaci\u00f3n: m\u00e1s all\u00e1 de la calificaci\u00f3n<\/a><\/h3>\t\t\t\t\t<\/header><!-- .entry-header -->\n\t\t\t\t<\/div><!-- .post-inner -->\n\n\t\t\t<\/div><!-- .post-outer -->\n\t\t<\/article>\n\t\t\t<article id=\"post-80140\" class=\"post-80140 post type-post status-publish format-standard has-post-thumbnail category-evaluar category-pedagogia tag-aprendizaje tag-autoevaluacion tag-concienciacion tag-herramienta cs-entry cs-video-wrap\">\n\t\t\t<div class=\"pk-post-outer\">\n\n\t\t\t\t\t\t\t\t<div class=\"pk-post-inner\">\n\t\t\t\t\t<div class=\"entry-thumbnail\">\n\t\t\t\t\t\t<div class=\"pk-overlay pk-overlay-ratio pk-ratio-landscape\">\n\t\t\t\t\t\t\t<div class=\"pk-overlay-background\">\n\t\t\t\t\t\t\t\t<a href=\"https:\/\/webdelmaestrocmf.com\/portal\/la-autoevaluacion-como-herramienta-para-la-concienciacion-del-aprendizaje\/\" class=\"pk-overlay-link\">\n\t\t\t\t\t\t\t\t\t<img loading=\"lazy\" decoding=\"async\" width=\"300\" height=\"225\" src=\"https:\/\/webdelmaestrocmf.com\/portal\/wp-content\/uploads\/2022\/09\/Descarga-gratis-las-Actividades-de-Estimulacion-Cognitiva-con-Fichas.-2-300x225.jpg\" class=\"attachment-pk-thumbnail size-pk-thumbnail wp-post-image\" alt=\"\" \/>\t\t\t\t\t\t\t\t<\/a>\n\t\t\t\t\t\t\t<\/div>\n\t\t\t\t\t\t<\/div>\n\t\t\t\t\t<\/div>\n\t\t\t\t<\/div>\n\t\t\t\t\n\t\t\t\t<div class=\"pk-post-inner\">\n\t\t\t\t\t<header>\n\t\t\t\t\t\t<h3 class=\"pk-title\"><a href=\"https:\/\/webdelmaestrocmf.com\/portal\/la-autoevaluacion-como-herramienta-para-la-concienciacion-del-aprendizaje\/\" rel=\"bookmark\">La autoevaluaci\u00f3n como herramienta para la concienciaci\u00f3n del aprendizaje. Descarga las fichas de Ejercicio de Autoevaluaci\u00f3n.<\/a><\/h3>\t\t\t\t\t<\/header><!-- .entry-header -->\n\t\t\t\t<\/div><!-- .post-inner -->\n\n\t\t\t<\/div><!-- .post-outer -->\n\t\t<\/article>\n\t\t\t<article id=\"post-104253\" class=\"post-104253 post type-post status-publish format-standard has-post-thumbnail category-evaluacion-formativa category-evaluar category-pedagogia tag-aula tag-estrategias tag-evaluacion tag-formativa tag-promover cs-entry cs-video-wrap\">\n\t\t\t<div class=\"pk-post-outer\">\n\n\t\t\t\t\t\t\t\t<div class=\"pk-post-inner\">\n\t\t\t\t\t<div class=\"entry-thumbnail\">\n\t\t\t\t\t\t<div class=\"pk-overlay pk-overlay-ratio pk-ratio-landscape\">\n\t\t\t\t\t\t\t<div class=\"pk-overlay-background\">\n\t\t\t\t\t\t\t\t<a href=\"https:\/\/webdelmaestrocmf.com\/portal\/estrategias-para-promover-la-evaluacion-formativa-en-el-aula\/\" class=\"pk-overlay-link\">\n\t\t\t\t\t\t\t\t\t<img loading=\"lazy\" decoding=\"async\" width=\"300\" height=\"225\" src=\"https:\/\/webdelmaestrocmf.com\/portal\/wp-content\/uploads\/2025\/10\/1A-Banner-1-portada-imagen-10-1-copia-13-300x225.webp\" class=\"attachment-pk-thumbnail size-pk-thumbnail wp-post-image\" alt=\"\" \/>\t\t\t\t\t\t\t\t<\/a>\n\t\t\t\t\t\t\t<\/div>\n\t\t\t\t\t\t<\/div>\n\t\t\t\t\t<\/div>\n\t\t\t\t<\/div>\n\t\t\t\t\n\t\t\t\t<div class=\"pk-post-inner\">\n\t\t\t\t\t<header>\n\t\t\t\t\t\t<h3 class=\"pk-title\"><a href=\"https:\/\/webdelmaestrocmf.com\/portal\/estrategias-para-promover-la-evaluacion-formativa-en-el-aula\/\" rel=\"bookmark\">Estrategias para promover la evaluaci\u00f3n formativa en el aula. Descarga el cuadernillo PDF: Evaluaci\u00f3n formativa con sentido pedag\u00f3gico<\/a><\/h3>\t\t\t\t\t<\/header><!-- .entry-header -->\n\t\t\t\t<\/div><!-- .post-inner -->\n\n\t\t\t<\/div><!-- .post-outer -->\n\t\t<\/article>\n\t\t\t\t<\/div>\n\t\t<\/div>\n\t\t\n","protected":false},"excerpt":{"rendered":"En el \u00e1mbito educativo, la evaluaci\u00f3n es un recurso esencial para medir el progreso de los estudiantes y&hellip;","protected":false},"author":1,"featured_media":104396,"comment_status":"open","ping_status":"closed","sticky":false,"template":"","format":"standard","meta":{"csco_display_header_overlay":false,"csco_singular_sidebar":"","csco_page_header_type":"","csco_page_load_nextpost":"","csco_post_video_location":[],"csco_post_video_location_hash":"","csco_post_video_url":"","csco_post_video_bg_start_time":0,"csco_post_video_bg_end_time":0,"csco_post_video_bg_volume":false,"_jetpack_memberships_contains_paid_content":false,"footnotes":""},"categories":[1559,19498,17949,735],"tags":[3296,3297,16421,18990,19509,19510,299,16180,372,17772,19507,2098,19501,19502,17248,16415,16438,16648,19512,19504,19503,19505,18131,3987,19511,17955,591,2195,3372,19500,19499,18852,16804,19508,16437,16636,16642,19506],"class_list":{"0":"post-93326","1":"post","2":"type-post","3":"status-publish","4":"format-standard","5":"has-post-thumbnail","7":"category-evaluar","8":"category-examen-diagnostico","9":"category-examenes-alumnos","10":"category-pedagogia","11":"tag-1o","12":"tag-6o","13":"tag-adaptacion-curricular","14":"tag-adaptacion-de-contenidos","15":"tag-adaptacion-de-metodos","16":"tag-adaptacion-de-recursos","17":"tag-alumnos","18":"tag-aprendizaje-personalizado","19":"tag-conocimientos","20":"tag-desarrollo-curricular","21":"tag-desarrollo-de-estrategias","22":"tag-diagnostico","23":"tag-diferenciacion-instruccional","24":"tag-diseno-de-examenes","25":"tag-educacion-primaria","26":"tag-enfoque-educativo","27":"tag-estrategias-pedagogicas","28":"tag-evaluacion-autentica","29":"tag-evaluacion-cualitativa","30":"tag-evaluacion-de-conocimientos","31":"tag-evaluacion-de-habilidades","32":"tag-evaluacion-de-habilidades-sociales","33":"tag-evaluacion-diagnostica","34":"tag-evaluacion-formativa","35":"tag-evaluacion-holistica","36":"tag-evaluacion-individualizada","37":"tag-evaluar","38":"tag-examen","39":"tag-grado","40":"tag-identificacion-de-debilidades","41":"tag-identificacion-de-fortalezas","42":"tag-intervencion-educativa","43":"tag-mejora-continua","44":"tag-monitoreo-de-progreso","45":"tag-personalizacion-del-aprendizaje","46":"tag-planificacion-curricular","47":"tag-retroalimentacion-educativa","48":"tag-retroalimentacion-individualizada","49":"cs-entry","50":"cs-video-wrap"},"yoast_head":"<!-- This site is optimized with the Yoast SEO plugin v27.5 - https:\/\/yoast.com\/product\/yoast-seo-wordpress\/ -->\n<title>Examen diagnostico para evaluar los conocimientos de alumnos de 1\u00ba al 6\u00ba grado - 2026<\/title>\n<meta name=\"description\" content=\"El examen diagn\u00f3stico se destacan como una herramienta valiosa para evaluar los conocimientos en cada uno de los grados de...\" \/>\n<meta name=\"robots\" content=\"index, follow, max-snippet:-1, max-image-preview:large, max-video-preview:-1\" \/>\n<link rel=\"canonical\" href=\"https:\/\/webdelmaestrocmf.com\/portal\/examen-diagnostico-para-evaluar-los-conocimientos-de-alumnos-de-1o-al-6o-grado\/\" \/>\n<meta property=\"og:locale\" content=\"es_ES\" \/>\n<meta property=\"og:type\" content=\"article\" \/>\n<meta property=\"og:title\" content=\"Examen diagnostico para evaluar los conocimientos de alumnos de 1\u00ba al 6\u00ba grado - 2026\" \/>\n<meta property=\"og:description\" content=\"El examen diagn\u00f3stico se destacan como una herramienta valiosa para evaluar los conocimientos en cada uno de los grados de...\" \/>\n<meta property=\"og:url\" content=\"https:\/\/webdelmaestrocmf.com\/portal\/examen-diagnostico-para-evaluar-los-conocimientos-de-alumnos-de-1o-al-6o-grado\/\" \/>\n<meta property=\"og:site_name\" content=\"Web del Maestro CMF\" \/>\n<meta property=\"article:publisher\" content=\"https:\/\/www.facebook.com\/WebdelMaestroCMF\/\" \/>\n<meta property=\"article:author\" content=\"https:\/\/www.facebook.com\/WebdelMaestroCMF\/\" \/>\n<meta property=\"article:published_time\" content=\"2025-03-03T22:00:18+00:00\" \/>\n<meta property=\"article:modified_time\" content=\"2025-09-22T02:05:20+00:00\" \/>\n<meta property=\"og:image\" content=\"https:\/\/webdelmaestrocmf.com\/portal\/wp-content\/uploads\/2023\/08\/Banner-1-portada-imagen-10-1-3.jpg\" \/>\n\t<meta property=\"og:image:width\" content=\"1024\" \/>\n\t<meta property=\"og:image:height\" content=\"1024\" \/>\n\t<meta property=\"og:image:type\" content=\"image\/jpeg\" \/>\n<meta name=\"author\" content=\"Web del Maestro CMF\" \/>\n<meta name=\"twitter:card\" content=\"summary_large_image\" \/>\n<meta name=\"twitter:creator\" content=\"@cmf_w\" \/>\n<meta name=\"twitter:site\" content=\"@cmf_w\" \/>\n<script type=\"application\/ld+json\" class=\"yoast-schema-graph\">{\"@context\":\"https:\\\/\\\/schema.org\",\"@graph\":[{\"@type\":\"ScholarlyArticle\",\"@id\":\"https:\\\/\\\/webdelmaestrocmf.com\\\/portal\\\/examen-diagnostico-para-evaluar-los-conocimientos-de-alumnos-de-1o-al-6o-grado\\\/#article\",\"isPartOf\":{\"@id\":\"https:\\\/\\\/webdelmaestrocmf.com\\\/portal\\\/examen-diagnostico-para-evaluar-los-conocimientos-de-alumnos-de-1o-al-6o-grado\\\/\"},\"author\":{\"name\":\"Web del Maestro CMF\",\"@id\":\"https:\\\/\\\/webdelmaestrocmf.com\\\/portal\\\/#\\\/schema\\\/person\\\/1072a2ed7bd960df8ef99a551fa35dc5\"},\"headline\":\"Examen diagnostico para evaluar los conocimientos de alumnos de 1\u00ba al 6\u00ba grado\",\"datePublished\":\"2025-03-03T22:00:18+00:00\",\"dateModified\":\"2025-09-22T02:05:20+00:00\",\"mainEntityOfPage\":{\"@id\":\"https:\\\/\\\/webdelmaestrocmf.com\\\/portal\\\/examen-diagnostico-para-evaluar-los-conocimientos-de-alumnos-de-1o-al-6o-grado\\\/\"},\"wordCount\":753,\"commentCount\":2,\"publisher\":{\"@id\":\"https:\\\/\\\/webdelmaestrocmf.com\\\/portal\\\/#organization\"},\"image\":{\"@id\":\"https:\\\/\\\/webdelmaestrocmf.com\\\/portal\\\/examen-diagnostico-para-evaluar-los-conocimientos-de-alumnos-de-1o-al-6o-grado\\\/#primaryimage\"},\"thumbnailUrl\":\"https:\\\/\\\/webdelmaestrocmf.com\\\/portal\\\/wp-content\\\/uploads\\\/2023\\\/08\\\/Banner-1-portada-imagen-10-1-3.jpg\",\"keywords\":[\"1\u00ba\",\"6\u00ba\",\"Adaptaci\u00f3n Curricular\",\"Adaptaci\u00f3n de Contenidos\",\"Adaptaci\u00f3n de M\u00e9todos\",\"Adaptaci\u00f3n de Recursos\",\"alumnos\",\"aprendizaje personalizado\",\"CONOCIMIENTOS\",\"Desarrollo curricular\",\"Desarrollo de Estrategias\",\"DIAGN\u00d3STICO\",\"Diferenciaci\u00f3n Instruccional\",\"Dise\u00f1o de Ex\u00e1menes\",\"educaci\u00f3n primaria\",\"Enfoque Educativo\",\"Estrategias pedag\u00f3gicas\",\"evaluaci\u00f3n aut\u00e9ntica\",\"Evaluaci\u00f3n Cualitativa\",\"Evaluaci\u00f3n de Conocimientos\",\"Evaluaci\u00f3n de Habilidades\",\"Evaluaci\u00f3n de Habilidades Sociales\",\"Evaluaci\u00f3n diagn\u00f3stica\",\"evaluaci\u00f3n formativa\",\"Evaluaci\u00f3n Hol\u00edstica\",\"Evaluaci\u00f3n individualizada\",\"EVALUAR\",\"EXAMEN\",\"GRADO\",\"Identificaci\u00f3n de Debilidades\",\"Identificaci\u00f3n de Fortalezas\",\"Intervenci\u00f3n Educativa\",\"Mejora continua\",\"Monitoreo de Progreso\",\"Personalizaci\u00f3n del aprendizaje\",\"planificaci\u00f3n curricular\",\"retroalimentaci\u00f3n educativa\",\"Retroalimentaci\u00f3n Individualizada\"],\"articleSection\":[\"Evaluar\",\"Examen diagnostico\",\"Examenes alumnos\",\"Recursos\"],\"inLanguage\":\"es\",\"potentialAction\":[{\"@type\":\"CommentAction\",\"name\":\"Comment\",\"target\":[\"https:\\\/\\\/webdelmaestrocmf.com\\\/portal\\\/examen-diagnostico-para-evaluar-los-conocimientos-de-alumnos-de-1o-al-6o-grado\\\/#respond\"]}]},{\"@type\":\"WebPage\",\"@id\":\"https:\\\/\\\/webdelmaestrocmf.com\\\/portal\\\/examen-diagnostico-para-evaluar-los-conocimientos-de-alumnos-de-1o-al-6o-grado\\\/\",\"url\":\"https:\\\/\\\/webdelmaestrocmf.com\\\/portal\\\/examen-diagnostico-para-evaluar-los-conocimientos-de-alumnos-de-1o-al-6o-grado\\\/\",\"name\":\"Examen diagnostico para evaluar los conocimientos de alumnos de 1\u00ba al 6\u00ba grado - 2026\",\"isPartOf\":{\"@id\":\"https:\\\/\\\/webdelmaestrocmf.com\\\/portal\\\/#website\"},\"primaryImageOfPage\":{\"@id\":\"https:\\\/\\\/webdelmaestrocmf.com\\\/portal\\\/examen-diagnostico-para-evaluar-los-conocimientos-de-alumnos-de-1o-al-6o-grado\\\/#primaryimage\"},\"image\":{\"@id\":\"https:\\\/\\\/webdelmaestrocmf.com\\\/portal\\\/examen-diagnostico-para-evaluar-los-conocimientos-de-alumnos-de-1o-al-6o-grado\\\/#primaryimage\"},\"thumbnailUrl\":\"https:\\\/\\\/webdelmaestrocmf.com\\\/portal\\\/wp-content\\\/uploads\\\/2023\\\/08\\\/Banner-1-portada-imagen-10-1-3.jpg\",\"datePublished\":\"2025-03-03T22:00:18+00:00\",\"dateModified\":\"2025-09-22T02:05:20+00:00\",\"description\":\"El examen diagn\u00f3stico se destacan como una herramienta valiosa para evaluar los conocimientos en cada uno de los grados de...\",\"breadcrumb\":{\"@id\":\"https:\\\/\\\/webdelmaestrocmf.com\\\/portal\\\/examen-diagnostico-para-evaluar-los-conocimientos-de-alumnos-de-1o-al-6o-grado\\\/#breadcrumb\"},\"inLanguage\":\"es\",\"potentialAction\":[{\"@type\":\"ReadAction\",\"target\":[\"https:\\\/\\\/webdelmaestrocmf.com\\\/portal\\\/examen-diagnostico-para-evaluar-los-conocimientos-de-alumnos-de-1o-al-6o-grado\\\/\"]}]},{\"@type\":\"ImageObject\",\"inLanguage\":\"es\",\"@id\":\"https:\\\/\\\/webdelmaestrocmf.com\\\/portal\\\/examen-diagnostico-para-evaluar-los-conocimientos-de-alumnos-de-1o-al-6o-grado\\\/#primaryimage\",\"url\":\"https:\\\/\\\/webdelmaestrocmf.com\\\/portal\\\/wp-content\\\/uploads\\\/2023\\\/08\\\/Banner-1-portada-imagen-10-1-3.jpg\",\"contentUrl\":\"https:\\\/\\\/webdelmaestrocmf.com\\\/portal\\\/wp-content\\\/uploads\\\/2023\\\/08\\\/Banner-1-portada-imagen-10-1-3.jpg\",\"width\":1024,\"height\":1024,\"caption\":\"examen diagn\u00f3stico\"},{\"@type\":\"BreadcrumbList\",\"@id\":\"https:\\\/\\\/webdelmaestrocmf.com\\\/portal\\\/examen-diagnostico-para-evaluar-los-conocimientos-de-alumnos-de-1o-al-6o-grado\\\/#breadcrumb\",\"itemListElement\":[{\"@type\":\"ListItem\",\"position\":1,\"name\":\"Portada\",\"item\":\"https:\\\/\\\/webdelmaestrocmf.com\\\/portal\\\/\"},{\"@type\":\"ListItem\",\"position\":2,\"name\":\"Recursos\",\"item\":\"https:\\\/\\\/webdelmaestrocmf.com\\\/portal\\\/category\\\/pedagogia\\\/\"},{\"@type\":\"ListItem\",\"position\":3,\"name\":\"Examen diagnostico para evaluar los conocimientos de alumnos de 1\u00ba al 6\u00ba grado\"}]},{\"@type\":\"WebSite\",\"@id\":\"https:\\\/\\\/webdelmaestrocmf.com\\\/portal\\\/#website\",\"url\":\"https:\\\/\\\/webdelmaestrocmf.com\\\/portal\\\/\",\"name\":\"Web del Maestro CMF\",\"description\":\"Maestros al servicio de la educaci\u00f3n\",\"publisher\":{\"@id\":\"https:\\\/\\\/webdelmaestrocmf.com\\\/portal\\\/#organization\"},\"alternateName\":\"WMCMF\",\"potentialAction\":[{\"@type\":\"SearchAction\",\"target\":{\"@type\":\"EntryPoint\",\"urlTemplate\":\"https:\\\/\\\/webdelmaestrocmf.com\\\/portal\\\/?s={search_term_string}\"},\"query-input\":{\"@type\":\"PropertyValueSpecification\",\"valueRequired\":true,\"valueName\":\"search_term_string\"}}],\"inLanguage\":\"es\"},{\"@type\":\"Organization\",\"@id\":\"https:\\\/\\\/webdelmaestrocmf.com\\\/portal\\\/#organization\",\"name\":\"Web del Maestro CMF\",\"alternateName\":\"WMCMF\",\"url\":\"https:\\\/\\\/webdelmaestrocmf.com\\\/portal\\\/\",\"logo\":{\"@type\":\"ImageObject\",\"inLanguage\":\"es\",\"@id\":\"https:\\\/\\\/webdelmaestrocmf.com\\\/portal\\\/#\\\/schema\\\/logo\\\/image\\\/\",\"url\":\"https:\\\/\\\/webdelmaestrocmf.com\\\/portal\\\/wp-content\\\/uploads\\\/2023\\\/01\\\/logo-wmcmf-2.png\",\"contentUrl\":\"https:\\\/\\\/webdelmaestrocmf.com\\\/portal\\\/wp-content\\\/uploads\\\/2023\\\/01\\\/logo-wmcmf-2.png\",\"width\":200,\"height\":60,\"caption\":\"Web del Maestro CMF\"},\"image\":{\"@id\":\"https:\\\/\\\/webdelmaestrocmf.com\\\/portal\\\/#\\\/schema\\\/logo\\\/image\\\/\"},\"sameAs\":[\"https:\\\/\\\/www.facebook.com\\\/WebdelMaestroCMF\\\/\",\"https:\\\/\\\/x.com\\\/cmf_w\",\"https:\\\/\\\/www.pinterest.com\\\/WMCMF\\\/\",\"https:\\\/\\\/www.linkedin.com\\\/company\\\/web-del-maestro-cmf\\\/\",\"https:\\\/\\\/www.instagram.com\\\/wmcmf\\\/\",\"https:\\\/\\\/www.youtube.com\\\/channel\\\/UCDPSvjbdodE5sHnC3OxutHw\",\"https:\\\/\\\/mastodon.social\\\/@wmcmf\",\"https:\\\/\\\/www.tiktok.com\\\/@webdelmaestrocmf\"]},{\"@type\":\"Person\",\"@id\":\"https:\\\/\\\/webdelmaestrocmf.com\\\/portal\\\/#\\\/schema\\\/person\\\/1072a2ed7bd960df8ef99a551fa35dc5\",\"name\":\"Web del Maestro CMF\",\"image\":{\"@type\":\"ImageObject\",\"inLanguage\":\"es\",\"@id\":\"https:\\\/\\\/secure.gravatar.com\\\/avatar\\\/23291dd5b5ae1077dcff3dbb04c3e02bd28403fa75af6d8787d5e97c5bbbe30b?s=96&d=mm&r=g\",\"url\":\"https:\\\/\\\/secure.gravatar.com\\\/avatar\\\/23291dd5b5ae1077dcff3dbb04c3e02bd28403fa75af6d8787d5e97c5bbbe30b?s=96&d=mm&r=g\",\"contentUrl\":\"https:\\\/\\\/secure.gravatar.com\\\/avatar\\\/23291dd5b5ae1077dcff3dbb04c3e02bd28403fa75af6d8787d5e97c5bbbe30b?s=96&d=mm&r=g\",\"caption\":\"Web del Maestro CMF\"},\"description\":\"Esta Web se cre\u00f3 sin fines de lucro, con fines educativos, cient\u00edficos y acad\u00e9micos, para personas que tengan dificultades y\\\/o inconvenientes en visualizar el material original. El objetivo es entregar recursos, compartir experiencias y materiales que ayuden a los padres de familia, maestros y estudiantes en su actualizaci\u00f3n y formaci\u00f3n permanente, en bien de la Educaci\u00f3n.\",\"sameAs\":[\"http:\\\/\\\/webdelmaestrocmf.com\\\/portal\",\"https:\\\/\\\/www.facebook.com\\\/WebdelMaestroCMF\\\/\",\"https:\\\/\\\/www.instagram.com\\\/wmcmf\\\/\",\"https:\\\/\\\/cl.linkedin.com\\\/company\\\/web-del-maestro-cmf\",\"https:\\\/\\\/www.pinterest.com\\\/WMCMF\\\/publicaciones\\\/\",\"https:\\\/\\\/x.com\\\/cmf_w\",\"https:\\\/\\\/www.youtube.com\\\/@WMCMF\"]}]}<\/script>\n<!-- \/ Yoast SEO plugin. -->","yoast_head_json":{"title":"Examen diagnostico para evaluar los conocimientos de alumnos de 1\u00ba al 6\u00ba grado - 2026","description":"El examen diagn\u00f3stico se destacan como una herramienta valiosa para evaluar los conocimientos en cada uno de los grados de...","robots":{"index":"index","follow":"follow","max-snippet":"max-snippet:-1","max-image-preview":"max-image-preview:large","max-video-preview":"max-video-preview:-1"},"canonical":"https:\/\/webdelmaestrocmf.com\/portal\/examen-diagnostico-para-evaluar-los-conocimientos-de-alumnos-de-1o-al-6o-grado\/","og_locale":"es_ES","og_type":"article","og_title":"Examen diagnostico para evaluar los conocimientos de alumnos de 1\u00ba al 6\u00ba grado - 2026","og_description":"El examen diagn\u00f3stico se destacan como una herramienta valiosa para evaluar los conocimientos en cada uno de los grados de...","og_url":"https:\/\/webdelmaestrocmf.com\/portal\/examen-diagnostico-para-evaluar-los-conocimientos-de-alumnos-de-1o-al-6o-grado\/","og_site_name":"Web del Maestro CMF","article_publisher":"https:\/\/www.facebook.com\/WebdelMaestroCMF\/","article_author":"https:\/\/www.facebook.com\/WebdelMaestroCMF\/","article_published_time":"2025-03-03T22:00:18+00:00","article_modified_time":"2025-09-22T02:05:20+00:00","og_image":[{"width":1024,"height":1024,"url":"https:\/\/webdelmaestrocmf.com\/portal\/wp-content\/uploads\/2023\/08\/Banner-1-portada-imagen-10-1-3.jpg","type":"image\/jpeg"}],"author":"Web del Maestro CMF","twitter_card":"summary_large_image","twitter_creator":"@cmf_w","twitter_site":"@cmf_w","schema":{"@context":"https:\/\/schema.org","@graph":[{"@type":"ScholarlyArticle","@id":"https:\/\/webdelmaestrocmf.com\/portal\/examen-diagnostico-para-evaluar-los-conocimientos-de-alumnos-de-1o-al-6o-grado\/#article","isPartOf":{"@id":"https:\/\/webdelmaestrocmf.com\/portal\/examen-diagnostico-para-evaluar-los-conocimientos-de-alumnos-de-1o-al-6o-grado\/"},"author":{"name":"Web del Maestro CMF","@id":"https:\/\/webdelmaestrocmf.com\/portal\/#\/schema\/person\/1072a2ed7bd960df8ef99a551fa35dc5"},"headline":"Examen diagnostico para evaluar los conocimientos de alumnos de 1\u00ba al 6\u00ba grado","datePublished":"2025-03-03T22:00:18+00:00","dateModified":"2025-09-22T02:05:20+00:00","mainEntityOfPage":{"@id":"https:\/\/webdelmaestrocmf.com\/portal\/examen-diagnostico-para-evaluar-los-conocimientos-de-alumnos-de-1o-al-6o-grado\/"},"wordCount":753,"commentCount":2,"publisher":{"@id":"https:\/\/webdelmaestrocmf.com\/portal\/#organization"},"image":{"@id":"https:\/\/webdelmaestrocmf.com\/portal\/examen-diagnostico-para-evaluar-los-conocimientos-de-alumnos-de-1o-al-6o-grado\/#primaryimage"},"thumbnailUrl":"https:\/\/webdelmaestrocmf.com\/portal\/wp-content\/uploads\/2023\/08\/Banner-1-portada-imagen-10-1-3.jpg","keywords":["1\u00ba","6\u00ba","Adaptaci\u00f3n Curricular","Adaptaci\u00f3n de Contenidos","Adaptaci\u00f3n de M\u00e9todos","Adaptaci\u00f3n de Recursos","alumnos","aprendizaje personalizado","CONOCIMIENTOS","Desarrollo curricular","Desarrollo de Estrategias","DIAGN\u00d3STICO","Diferenciaci\u00f3n Instruccional","Dise\u00f1o de Ex\u00e1menes","educaci\u00f3n primaria","Enfoque Educativo","Estrategias pedag\u00f3gicas","evaluaci\u00f3n aut\u00e9ntica","Evaluaci\u00f3n Cualitativa","Evaluaci\u00f3n de Conocimientos","Evaluaci\u00f3n de Habilidades","Evaluaci\u00f3n de Habilidades Sociales","Evaluaci\u00f3n diagn\u00f3stica","evaluaci\u00f3n formativa","Evaluaci\u00f3n Hol\u00edstica","Evaluaci\u00f3n individualizada","EVALUAR","EXAMEN","GRADO","Identificaci\u00f3n de Debilidades","Identificaci\u00f3n de Fortalezas","Intervenci\u00f3n Educativa","Mejora continua","Monitoreo de Progreso","Personalizaci\u00f3n del aprendizaje","planificaci\u00f3n curricular","retroalimentaci\u00f3n educativa","Retroalimentaci\u00f3n Individualizada"],"articleSection":["Evaluar","Examen diagnostico","Examenes alumnos","Recursos"],"inLanguage":"es","potentialAction":[{"@type":"CommentAction","name":"Comment","target":["https:\/\/webdelmaestrocmf.com\/portal\/examen-diagnostico-para-evaluar-los-conocimientos-de-alumnos-de-1o-al-6o-grado\/#respond"]}]},{"@type":"WebPage","@id":"https:\/\/webdelmaestrocmf.com\/portal\/examen-diagnostico-para-evaluar-los-conocimientos-de-alumnos-de-1o-al-6o-grado\/","url":"https:\/\/webdelmaestrocmf.com\/portal\/examen-diagnostico-para-evaluar-los-conocimientos-de-alumnos-de-1o-al-6o-grado\/","name":"Examen diagnostico para evaluar los conocimientos de alumnos de 1\u00ba al 6\u00ba grado - 2026","isPartOf":{"@id":"https:\/\/webdelmaestrocmf.com\/portal\/#website"},"primaryImageOfPage":{"@id":"https:\/\/webdelmaestrocmf.com\/portal\/examen-diagnostico-para-evaluar-los-conocimientos-de-alumnos-de-1o-al-6o-grado\/#primaryimage"},"image":{"@id":"https:\/\/webdelmaestrocmf.com\/portal\/examen-diagnostico-para-evaluar-los-conocimientos-de-alumnos-de-1o-al-6o-grado\/#primaryimage"},"thumbnailUrl":"https:\/\/webdelmaestrocmf.com\/portal\/wp-content\/uploads\/2023\/08\/Banner-1-portada-imagen-10-1-3.jpg","datePublished":"2025-03-03T22:00:18+00:00","dateModified":"2025-09-22T02:05:20+00:00","description":"El examen diagn\u00f3stico se destacan como una herramienta valiosa para evaluar los conocimientos en cada uno de los grados de...","breadcrumb":{"@id":"https:\/\/webdelmaestrocmf.com\/portal\/examen-diagnostico-para-evaluar-los-conocimientos-de-alumnos-de-1o-al-6o-grado\/#breadcrumb"},"inLanguage":"es","potentialAction":[{"@type":"ReadAction","target":["https:\/\/webdelmaestrocmf.com\/portal\/examen-diagnostico-para-evaluar-los-conocimientos-de-alumnos-de-1o-al-6o-grado\/"]}]},{"@type":"ImageObject","inLanguage":"es","@id":"https:\/\/webdelmaestrocmf.com\/portal\/examen-diagnostico-para-evaluar-los-conocimientos-de-alumnos-de-1o-al-6o-grado\/#primaryimage","url":"https:\/\/webdelmaestrocmf.com\/portal\/wp-content\/uploads\/2023\/08\/Banner-1-portada-imagen-10-1-3.jpg","contentUrl":"https:\/\/webdelmaestrocmf.com\/portal\/wp-content\/uploads\/2023\/08\/Banner-1-portada-imagen-10-1-3.jpg","width":1024,"height":1024,"caption":"examen diagn\u00f3stico"},{"@type":"BreadcrumbList","@id":"https:\/\/webdelmaestrocmf.com\/portal\/examen-diagnostico-para-evaluar-los-conocimientos-de-alumnos-de-1o-al-6o-grado\/#breadcrumb","itemListElement":[{"@type":"ListItem","position":1,"name":"Portada","item":"https:\/\/webdelmaestrocmf.com\/portal\/"},{"@type":"ListItem","position":2,"name":"Recursos","item":"https:\/\/webdelmaestrocmf.com\/portal\/category\/pedagogia\/"},{"@type":"ListItem","position":3,"name":"Examen diagnostico para evaluar los conocimientos de alumnos de 1\u00ba al 6\u00ba grado"}]},{"@type":"WebSite","@id":"https:\/\/webdelmaestrocmf.com\/portal\/#website","url":"https:\/\/webdelmaestrocmf.com\/portal\/","name":"Web del Maestro CMF","description":"Maestros al servicio de la educaci\u00f3n","publisher":{"@id":"https:\/\/webdelmaestrocmf.com\/portal\/#organization"},"alternateName":"WMCMF","potentialAction":[{"@type":"SearchAction","target":{"@type":"EntryPoint","urlTemplate":"https:\/\/webdelmaestrocmf.com\/portal\/?s={search_term_string}"},"query-input":{"@type":"PropertyValueSpecification","valueRequired":true,"valueName":"search_term_string"}}],"inLanguage":"es"},{"@type":"Organization","@id":"https:\/\/webdelmaestrocmf.com\/portal\/#organization","name":"Web del Maestro CMF","alternateName":"WMCMF","url":"https:\/\/webdelmaestrocmf.com\/portal\/","logo":{"@type":"ImageObject","inLanguage":"es","@id":"https:\/\/webdelmaestrocmf.com\/portal\/#\/schema\/logo\/image\/","url":"https:\/\/webdelmaestrocmf.com\/portal\/wp-content\/uploads\/2023\/01\/logo-wmcmf-2.png","contentUrl":"https:\/\/webdelmaestrocmf.com\/portal\/wp-content\/uploads\/2023\/01\/logo-wmcmf-2.png","width":200,"height":60,"caption":"Web del Maestro CMF"},"image":{"@id":"https:\/\/webdelmaestrocmf.com\/portal\/#\/schema\/logo\/image\/"},"sameAs":["https:\/\/www.facebook.com\/WebdelMaestroCMF\/","https:\/\/x.com\/cmf_w","https:\/\/www.pinterest.com\/WMCMF\/","https:\/\/www.linkedin.com\/company\/web-del-maestro-cmf\/","https:\/\/www.instagram.com\/wmcmf\/","https:\/\/www.youtube.com\/channel\/UCDPSvjbdodE5sHnC3OxutHw","https:\/\/mastodon.social\/@wmcmf","https:\/\/www.tiktok.com\/@webdelmaestrocmf"]},{"@type":"Person","@id":"https:\/\/webdelmaestrocmf.com\/portal\/#\/schema\/person\/1072a2ed7bd960df8ef99a551fa35dc5","name":"Web del Maestro CMF","image":{"@type":"ImageObject","inLanguage":"es","@id":"https:\/\/secure.gravatar.com\/avatar\/23291dd5b5ae1077dcff3dbb04c3e02bd28403fa75af6d8787d5e97c5bbbe30b?s=96&d=mm&r=g","url":"https:\/\/secure.gravatar.com\/avatar\/23291dd5b5ae1077dcff3dbb04c3e02bd28403fa75af6d8787d5e97c5bbbe30b?s=96&d=mm&r=g","contentUrl":"https:\/\/secure.gravatar.com\/avatar\/23291dd5b5ae1077dcff3dbb04c3e02bd28403fa75af6d8787d5e97c5bbbe30b?s=96&d=mm&r=g","caption":"Web del Maestro CMF"},"description":"Esta Web se cre\u00f3 sin fines de lucro, con fines educativos, cient\u00edficos y acad\u00e9micos, para personas que tengan dificultades y\/o inconvenientes en visualizar el material original. El objetivo es entregar recursos, compartir experiencias y materiales que ayuden a los padres de familia, maestros y estudiantes en su actualizaci\u00f3n y formaci\u00f3n permanente, en bien de la Educaci\u00f3n.","sameAs":["http:\/\/webdelmaestrocmf.com\/portal","https:\/\/www.facebook.com\/WebdelMaestroCMF\/","https:\/\/www.instagram.com\/wmcmf\/","https:\/\/cl.linkedin.com\/company\/web-del-maestro-cmf","https:\/\/www.pinterest.com\/WMCMF\/publicaciones\/","https:\/\/x.com\/cmf_w","https:\/\/www.youtube.com\/@WMCMF"]}]}},"jetpack_featured_media_url":"https:\/\/webdelmaestrocmf.com\/portal\/wp-content\/uploads\/2023\/08\/Banner-1-portada-imagen-10-1-3.jpg","jetpack_sharing_enabled":true,"jetpack-related-posts":[{"id":94065,"url":"https:\/\/webdelmaestrocmf.com\/portal\/como-realizar-un-diagnostico-integral-a-mis-alumnos\/","url_meta":{"origin":93326,"position":0},"title":"C\u00f3mo realizar un diagnostico integral a mis alumnos","author":"Web del Maestro CMF","date":"4 septiembre, 2023","format":false,"excerpt":"Un diagn\u00f3stico integral es un proceso de recopilaci\u00f3n de informaci\u00f3n sobre los alumnos, con el objetivo de conocer sus fortalezas, debilidades, necesidades y caracter\u00edsticas individuales. Esta informaci\u00f3n se utiliza para planificar la ense\u00f1anza y el aprendizaje de manera personalizada, y para garantizar que todos los alumnos tengan la oportunidad de\u2026","rel":"","context":"En \u00abExamen diagnostico\u00bb","block_context":{"text":"Examen diagnostico","link":"https:\/\/webdelmaestrocmf.com\/portal\/category\/pedagogia\/examen-diagnostico\/"},"img":{"alt_text":"diagn\u00f3stico","src":"https:\/\/i0.wp.com\/webdelmaestrocmf.com\/portal\/wp-content\/uploads\/2023\/09\/A12B3C4D-11.jpg?resize=350%2C200&ssl=1","width":350,"height":200,"srcset":"https:\/\/i0.wp.com\/webdelmaestrocmf.com\/portal\/wp-content\/uploads\/2023\/09\/A12B3C4D-11.jpg?resize=350%2C200&ssl=1 1x, https:\/\/i0.wp.com\/webdelmaestrocmf.com\/portal\/wp-content\/uploads\/2023\/09\/A12B3C4D-11.jpg?resize=525%2C300&ssl=1 1.5x, https:\/\/i0.wp.com\/webdelmaestrocmf.com\/portal\/wp-content\/uploads\/2023\/09\/A12B3C4D-11.jpg?resize=700%2C400&ssl=1 2x"},"classes":[]},{"id":103608,"url":"https:\/\/webdelmaestrocmf.com\/portal\/evaluaciones-diagnosticas-para-el-nivel-de-secundaria\/","url_meta":{"origin":93326,"position":1},"title":"Evaluaciones Diagn\u00f3sticas para el nivel de secundaria","author":"Web del Maestro CMF","date":"8 febrero, 2024","format":false,"excerpt":"Las evaluaciones diagn\u00f3sticas son herramientas fundamentales para comprender las necesidades y habilidades de los estudiantes al comienzo de un nuevo ciclo escolar Estas evaluaciones no solo sirven para medir el conocimiento adquirido, sino tambi\u00e9n para identificar \u00e1reas de mejora y dise\u00f1ar estrategias pedag\u00f3gicas efectivas. \u00bfPor qu\u00e9 Evaluamos al Inicio del\u2026","rel":"","context":"En \u00abDiagn\u00f3stico\u00bb","block_context":{"text":"Diagn\u00f3stico","link":"https:\/\/webdelmaestrocmf.com\/portal\/category\/pedagogia\/diagnostico\/"},"img":{"alt_text":"evaluacion diagnostica secundaria","src":"https:\/\/i0.wp.com\/webdelmaestrocmf.com\/portal\/wp-content\/uploads\/2024\/02\/Banner-1-portada-imagen-10-1-10.jpg?resize=350%2C200&ssl=1","width":350,"height":200,"srcset":"https:\/\/i0.wp.com\/webdelmaestrocmf.com\/portal\/wp-content\/uploads\/2024\/02\/Banner-1-portada-imagen-10-1-10.jpg?resize=350%2C200&ssl=1 1x, https:\/\/i0.wp.com\/webdelmaestrocmf.com\/portal\/wp-content\/uploads\/2024\/02\/Banner-1-portada-imagen-10-1-10.jpg?resize=525%2C300&ssl=1 1.5x, https:\/\/i0.wp.com\/webdelmaestrocmf.com\/portal\/wp-content\/uploads\/2024\/02\/Banner-1-portada-imagen-10-1-10.jpg?resize=700%2C400&ssl=1 2x"},"classes":[]},{"id":58237,"url":"https:\/\/webdelmaestrocmf.com\/portal\/evaluacion-de-diagnostico-de-todos-los-grado-en-el-nivel-de-primaria\/","url_meta":{"origin":93326,"position":2},"title":"Evaluaci\u00f3n Diagn\u00f3stica de todos los grado del el nivel de Primaria","author":"Web del Maestro CMF","date":"23 enero, 2021","format":false,"excerpt":"En esta ocasi\u00f3n compartimos ex\u00e1menes de diagn\u00f3stico de los diferente grados y asignaturas. Como bien su nombre lo dice, es para RECONOCER o RECABAR\u00a0 informaci\u00f3n acerca de lo que \u00e9l alumno y alumna sabe del grado anterior. Recordemos que la evaluaci\u00f3n, como bien el nombre lo dice, es valorar los\u2026","rel":"","context":"En \u00abEvaluar\u00bb","block_context":{"text":"Evaluar","link":"https:\/\/webdelmaestrocmf.com\/portal\/category\/pedagogia\/evaluar\/"},"img":{"alt_text":"","src":"https:\/\/i0.wp.com\/webdelmaestrocmf.com\/portal\/wp-content\/uploads\/2021\/01\/1-copia-127.jpg?resize=350%2C200&ssl=1","width":350,"height":200,"srcset":"https:\/\/i0.wp.com\/webdelmaestrocmf.com\/portal\/wp-content\/uploads\/2021\/01\/1-copia-127.jpg?resize=350%2C200&ssl=1 1x, https:\/\/i0.wp.com\/webdelmaestrocmf.com\/portal\/wp-content\/uploads\/2021\/01\/1-copia-127.jpg?resize=525%2C300&ssl=1 1.5x, https:\/\/i0.wp.com\/webdelmaestrocmf.com\/portal\/wp-content\/uploads\/2021\/01\/1-copia-127.jpg?resize=700%2C400&ssl=1 2x, https:\/\/i0.wp.com\/webdelmaestrocmf.com\/portal\/wp-content\/uploads\/2021\/01\/1-copia-127.jpg?resize=1050%2C600&ssl=1 3x"},"classes":[]},{"id":104253,"url":"https:\/\/webdelmaestrocmf.com\/portal\/estrategias-para-promover-la-evaluacion-formativa-en-el-aula\/","url_meta":{"origin":93326,"position":3},"title":"Estrategias para promover la evaluaci\u00f3n formativa en el aula. Descarga el cuadernillo PDF: Evaluaci\u00f3n formativa con sentido pedag\u00f3gico","author":"Web del Maestro CMF","date":"18 octubre, 2025","format":false,"excerpt":"Gu\u00eda que orienta el acompa\u00f1amiento individual de estudiantes, promoviendo una evaluaci\u00f3n formativa, inclusiva y centrada en el aprendizaje significativo.","rel":"","context":"En \u00abEvaluaci\u00f3n formativa\u00bb","block_context":{"text":"Evaluaci\u00f3n formativa","link":"https:\/\/webdelmaestrocmf.com\/portal\/category\/pedagogia\/evaluacion-formativa\/"},"img":{"alt_text":"","src":"https:\/\/i0.wp.com\/webdelmaestrocmf.com\/portal\/wp-content\/uploads\/2025\/10\/1A-Banner-1-portada-imagen-10-1-copia-13.webp?resize=350%2C200&ssl=1","width":350,"height":200,"srcset":"https:\/\/i0.wp.com\/webdelmaestrocmf.com\/portal\/wp-content\/uploads\/2025\/10\/1A-Banner-1-portada-imagen-10-1-copia-13.webp?resize=350%2C200&ssl=1 1x, https:\/\/i0.wp.com\/webdelmaestrocmf.com\/portal\/wp-content\/uploads\/2025\/10\/1A-Banner-1-portada-imagen-10-1-copia-13.webp?resize=525%2C300&ssl=1 1.5x, https:\/\/i0.wp.com\/webdelmaestrocmf.com\/portal\/wp-content\/uploads\/2025\/10\/1A-Banner-1-portada-imagen-10-1-copia-13.webp?resize=700%2C400&ssl=1 2x"},"classes":[]},{"id":90891,"url":"https:\/\/webdelmaestrocmf.com\/portal\/banco-de-examenes-2023-para-reforzar-al-alumno\/","url_meta":{"origin":93326,"position":4},"title":"Banco de ex\u00e1menes 2023 para reforzar al alumno","author":"Web del Maestro CMF","date":"23 julio, 2023","format":false,"excerpt":"En la b\u00fasqueda constante de mejorar los m\u00e9todos educativos y promover el desarrollo integral de los estudiantes, el a\u00f1o 2023 nos ha brindado nuevas herramientas para fortalecer el proceso de aprendizaje. Una de ellas es el \"Banco de ex\u00e1menes 2023\", un recurso dise\u00f1ado para apoyar tanto a docentes como alumnos\u2026","rel":"","context":"En \u00abExamenes alumnos\u00bb","block_context":{"text":"Examenes alumnos","link":"https:\/\/webdelmaestrocmf.com\/portal\/category\/pedagogia\/examenes-alumnos\/"},"img":{"alt_text":"","src":"https:\/\/i0.wp.com\/webdelmaestrocmf.com\/portal\/wp-content\/uploads\/2023\/07\/A12B3C4D-21-1.jpg?resize=350%2C200&ssl=1","width":350,"height":200,"srcset":"https:\/\/i0.wp.com\/webdelmaestrocmf.com\/portal\/wp-content\/uploads\/2023\/07\/A12B3C4D-21-1.jpg?resize=350%2C200&ssl=1 1x, https:\/\/i0.wp.com\/webdelmaestrocmf.com\/portal\/wp-content\/uploads\/2023\/07\/A12B3C4D-21-1.jpg?resize=525%2C300&ssl=1 1.5x, https:\/\/i0.wp.com\/webdelmaestrocmf.com\/portal\/wp-content\/uploads\/2023\/07\/A12B3C4D-21-1.jpg?resize=700%2C400&ssl=1 2x"},"classes":[]},{"id":103677,"url":"https:\/\/webdelmaestrocmf.com\/portal\/examenes-del-ii-trimestre-del-1-al-6-primaria\/","url_meta":{"origin":93326,"position":5},"title":"Ex\u00e1menes del II Trimestre del 1\u00b0 al 6\u00b0 primaria | Editables","author":"Web del Maestro CMF","date":"11 febrero, 2024","format":false,"excerpt":"La evaluaci\u00f3n en el \u00e1mbito educativo es una herramienta fundamental para medir el progreso y los conocimientos adquiridos por los alumnos en una determinada materia. En el contexto del segundo trimestre del ciclo escolar, se presenta el Examen II Trimestre para los grados de 1\u00b0 al 6\u00b0 de primaria. Este\u2026","rel":"","context":"En \u00abExamenes alumnos\u00bb","block_context":{"text":"Examenes alumnos","link":"https:\/\/webdelmaestrocmf.com\/portal\/category\/pedagogia\/examenes-alumnos\/"},"img":{"alt_text":"Ex\u00e1menes","src":"https:\/\/i0.wp.com\/webdelmaestrocmf.com\/portal\/wp-content\/uploads\/2024\/02\/Banner-1-portada-imagen-10-1-2-2.jpg?resize=350%2C200&ssl=1","width":350,"height":200,"srcset":"https:\/\/i0.wp.com\/webdelmaestrocmf.com\/portal\/wp-content\/uploads\/2024\/02\/Banner-1-portada-imagen-10-1-2-2.jpg?resize=350%2C200&ssl=1 1x, https:\/\/i0.wp.com\/webdelmaestrocmf.com\/portal\/wp-content\/uploads\/2024\/02\/Banner-1-portada-imagen-10-1-2-2.jpg?resize=525%2C300&ssl=1 1.5x, https:\/\/i0.wp.com\/webdelmaestrocmf.com\/portal\/wp-content\/uploads\/2024\/02\/Banner-1-portada-imagen-10-1-2-2.jpg?resize=700%2C400&ssl=1 2x"},"classes":[]}],"_links":{"self":[{"href":"https:\/\/webdelmaestrocmf.com\/portal\/wp-json\/wp\/v2\/posts\/93326","targetHints":{"allow":["GET"]}}],"collection":[{"href":"https:\/\/webdelmaestrocmf.com\/portal\/wp-json\/wp\/v2\/posts"}],"about":[{"href":"https:\/\/webdelmaestrocmf.com\/portal\/wp-json\/wp\/v2\/types\/post"}],"author":[{"embeddable":true,"href":"https:\/\/webdelmaestrocmf.com\/portal\/wp-json\/wp\/v2\/users\/1"}],"replies":[{"embeddable":true,"href":"https:\/\/webdelmaestrocmf.com\/portal\/wp-json\/wp\/v2\/comments?post=93326"}],"version-history":[{"count":2,"href":"https:\/\/webdelmaestrocmf.com\/portal\/wp-json\/wp\/v2\/posts\/93326\/revisions"}],"predecessor-version":[{"id":112244,"href":"https:\/\/webdelmaestrocmf.com\/portal\/wp-json\/wp\/v2\/posts\/93326\/revisions\/112244"}],"wp:featuredmedia":[{"embeddable":true,"href":"https:\/\/webdelmaestrocmf.com\/portal\/wp-json\/wp\/v2\/media\/104396"}],"wp:attachment":[{"href":"https:\/\/webdelmaestrocmf.com\/portal\/wp-json\/wp\/v2\/media?parent=93326"}],"wp:term":[{"taxonomy":"category","embeddable":true,"href":"https:\/\/webdelmaestrocmf.com\/portal\/wp-json\/wp\/v2\/categories?post=93326"},{"taxonomy":"post_tag","embeddable":true,"href":"https:\/\/webdelmaestrocmf.com\/portal\/wp-json\/wp\/v2\/tags?post=93326"}],"curies":[{"name":"wp","href":"https:\/\/api.w.org\/{rel}","templated":true}]}}