{"id":93163,"date":"2023-08-24T19:51:51","date_gmt":"2023-08-24T23:51:51","guid":{"rendered":"https:\/\/webdelmaestrocmf.com\/portal\/?p=93163"},"modified":"2023-08-25T10:46:51","modified_gmt":"2023-08-25T14:46:51","slug":"agenda-escolar-2023-2024-para-docentes-y-estudiantes","status":"publish","type":"post","link":"https:\/\/webdelmaestrocmf.com\/portal\/agenda-escolar-2023-2024-para-docentes-y-estudiantes\/","title":{"rendered":"Agenda escolar 2023-2024 para docentes y estudiantes"},"content":{"rendered":"<p style=\"text-align: justify;\"><strong>En la era digital en la que vivimos, la tecnolog\u00eda ha transformado la forma en que abordamos la educaci\u00f3n. Con cada vez m\u00e1s recursos y herramientas disponibles en l\u00ednea, las agendas escolares no son la excepci\u00f3n. En nuestro compromiso continuo de brindarte lo mejor en tu experiencia educativa, hemos explorado incansablemente la vasta extensi\u00f3n de Internet en busca de las agendas escolares m\u00e1s eficientes y \u00fatiles para el ciclo acad\u00e9mico 2023-2024.<\/strong><!--more--><\/p>\n<p style=\"text-align: justify;\">Hoy, nos emociona presentarte una selecci\u00f3n excepcional de <strong>Agendas Escolares 2023-2024<\/strong> que hemos encontrado y seleccionado cuidadosamente para ti. Estas agendas han sido elegidas no solo por su funcionalidad, sino tambi\u00e9n por su dise\u00f1o intuitivo y la capacidad de adaptarse a las necesidades cambiantes de los estudiantes modernos. Sabemos que mantenerse organizado es fundamental para alcanzar el \u00e9xito acad\u00e9mico, y estas agendas te brindar\u00e1n las herramientas necesarias para hacerlo de manera efectiva y atractiva.<\/p>\n<p style=\"text-align: justify;\">Lo mejor de todo es que no solo las hemos encontrado, \u00a1sino que las ponemos a tu disposici\u00f3n de manera completamente gratuita! Reconociendo la importancia de tener acceso a recursos que mejoren tu rendimiento acad\u00e9mico, hemos recopilado estas agendas escolares de calidad superior y las hemos hecho accesibles para que las descargues a tu conveniencia.<\/p>\n<p style=\"text-align: justify;\">En las siguientes secciones, exploraremos en detalle las caracter\u00edsticas sobresalientes de estas agendas escolares, dise\u00f1adas para ayudarte a mantener un registro organizado y eficiente de tu a\u00f1o acad\u00e9mico. Desde datos generales y horario de clases hasta recordatorios y calendarios, estas agendas son m\u00e1s que simples herramientas; son compa\u00f1eros valiosos en tu jornada educativa.<\/p>\n<p style=\"text-align: justify;\">As\u00ed que prep\u00e1rate para descubrir una nueva forma de abordar tu vida acad\u00e9mica. Perm\u00edtenos presentarte las agendas escolares que hemos buscado y seleccionado especialmente para ti. Tu camino hacia el \u00e9xito acad\u00e9mico comienza aqu\u00ed, con las mejores agendas escolares en l\u00ednea a tu alcance. \u00a1Desc\u00e1rgalas ahora y empieza a organizar tu futuro educativo de manera efectiva!<\/p>\n<p>Art\u00edculo relacionado: <a href=\"https:\/\/webdelmaestrocmf.com\/portal\/agenda-escolar-2023-2024-para-maestros-calendario-escolar-sep-horario-periodico-mural-cumpleanos-eventos-escolares-etc\/\" target=\"_blank\" rel=\"noopener\">Agenda escolar 2023-2024 para Docentes: Calendario Escolar SEP, horarios, etc<\/a><\/p>\n<h5>Beneficios de la Agenda Escolar 2023-2024 para Docentes y Estudiantes<\/h5>\n<p style=\"text-align: justify;\">La <strong>Agenda Escolar 2023-2024<\/strong> que hemos seleccionado cuidadosamente no solo es una herramienta organizativa, sino tambi\u00e9n una aliada invaluable tanto para docentes como para estudiantes. Su dise\u00f1o intuitivo y sus funciones personalizadas est\u00e1n dise\u00f1adas para satisfacer las necesidades espec\u00edficas de cada grupo. A continuaci\u00f3n, exploraremos c\u00f3mo esta agenda puede ser una adici\u00f3n beneficiosa en la vida tanto de docentes como de estudiantes.<\/p>\n<h5 style=\"text-align: justify;\">Para Docentes:<\/h5>\n<ol style=\"text-align: justify;\">\n<li><strong>Planificaci\u00f3n Eficiente:<\/strong> La secci\u00f3n de <strong>Horario de Clases<\/strong> permite a los docentes registrar y visualizar f\u00e1cilmente sus clases, asignaturas y horarios. Esto ayuda a una planificaci\u00f3n m\u00e1s eficiente y a un flujo de trabajo organizado.<\/li>\n<li><strong>Registro de Calificaciones:<\/strong> La secci\u00f3n de <strong>Estad\u00edsticas<\/strong> es ideal para llevar un registro detallado de las calificaciones y el progreso de los estudiantes en cada asignatura. Facilita la identificaci\u00f3n de \u00e1reas de mejora y el seguimiento de su desempe\u00f1o.<\/li>\n<li><strong>Lista de Asistencia:<\/strong> La secci\u00f3n de <strong>Lista de Asistencia<\/strong> permite un seguimiento claro y preciso de la asistencia de los estudiantes en cada clase. Esto es esencial para el registro acad\u00e9mico y la comunicaci\u00f3n con los padres.<\/li>\n<li><strong>Calendario de Eventos:<\/strong> El <strong>Calendario<\/strong> ayuda a los docentes a estar al tanto de fechas importantes, como ex\u00e1menes, feriados escolares y eventos educativos. Les permite planificar sus actividades de ense\u00f1anza en consecuencia.<\/li>\n<li><strong>Comunicaci\u00f3n Efectiva:<\/strong> La <strong>Agenda<\/strong> tambi\u00e9n puede servir como un medio de comunicaci\u00f3n con los estudiantes y los padres. Pueden anotar tareas, fechas de entrega y recordatorios importantes para mantener a todos informados.<\/li>\n<\/ol>\n<h5 style=\"text-align: justify;\">Para Estudiantes:<\/h5>\n<ol>\n<li style=\"text-align: justify;\"><strong>Organizaci\u00f3n Personal:<\/strong> La <strong>Agenda<\/strong> ayuda a los estudiantes a mantener un registro claro de sus tareas, ex\u00e1menes y proyectos. Les permite administrar su tiempo de manera m\u00e1s efectiva y evitar olvidos.<\/li>\n<li style=\"text-align: justify;\"><strong>Horario de Clases:<\/strong> La secci\u00f3n de <strong>Horario de Clases<\/strong> permite a los estudiantes saber exactamente cu\u00e1ndo y d\u00f3nde deben estar en cada momento, lo que reduce la posibilidad de confusiones y retrasos.<\/li>\n<li style=\"text-align: justify;\"><strong>Registro de Cumplea\u00f1os:<\/strong> La secci\u00f3n de <strong>Cumplea\u00f1os<\/strong> es una forma divertida de recordar los cumplea\u00f1os de amigos y compa\u00f1eros, fomentando la construcci\u00f3n de relaciones y la camarader\u00eda.<\/li>\n<li style=\"text-align: justify;\"><strong>Gesti\u00f3n de Metas:<\/strong> Espacios para <strong>Notas<\/strong> y <strong>Metas Personales<\/strong> permiten a los estudiantes establecer objetivos y realizar un seguimiento de su progreso a lo largo del a\u00f1o, fomentando la autodisciplina y la motivaci\u00f3n.<\/li>\n<li style=\"text-align: justify;\"><strong>Control de Calificaciones:<\/strong> La secci\u00f3n de <strong>Estad\u00edsticas<\/strong> ayuda a los estudiantes a mantener un seguimiento de sus calificaciones y a trabajar en \u00e1reas en las que necesiten mejorar.<\/li>\n<li>\n<p style=\"text-align: justify;\"><strong>Planificaci\u00f3n de Actividades:<\/strong> El <strong>Calendario<\/strong> facilita la planificaci\u00f3n de eventos personales, como actividades extracurriculares y compromisos sociales, ayudando a mantener un equilibrio entre el estudio y el tiempo libre.<\/p>\n<\/li>\n<\/ol>\n<h5 style=\"text-align: justify;\">Caracter\u00edsticas Destacadas<\/h5>\n<p style=\"text-align: justify; padding-left: 40px;\"><strong>Datos Generales<\/strong><\/p>\n<p style=\"text-align: justify; padding-left: 40px;\">En el apartado de Datos Generales, encontrar\u00e1s un espacio para escribir tu nombre, grado, secci\u00f3n y otros detalles personales importantes. Esto asegurar\u00e1 que tu agenda sea \u00fanica y personalizada para ti.<\/p>\n<p style=\"text-align: justify; padding-left: 40px;\"><strong>Estad\u00edsticas<\/strong><\/p>\n<p style=\"text-align: justify; padding-left: 40px;\">Llevar un seguimiento de tu desempe\u00f1o acad\u00e9mico es esencial. En la secci\u00f3n de Estad\u00edsticas, podr\u00e1s registrar tus calificaciones y logros en diferentes asignaturas. Esto te ayudar\u00e1 a visualizar tu progreso a lo largo del a\u00f1o.<\/p>\n<p style=\"text-align: justify; padding-left: 40px;\"><strong>Horario de Clases<\/strong><\/p>\n<p style=\"text-align: justify; padding-left: 40px;\">Nunca m\u00e1s te perder\u00e1s una clase gracias al Horario de Clases. Aqu\u00ed podr\u00e1s anotar el horario de cada una de tus materias, incluyendo los nombres de los profesores y las aulas correspondientes.<\/p>\n<p style=\"text-align: justify; padding-left: 40px;\"><strong>Directorio Telef\u00f3nico<\/strong><\/p>\n<p style=\"text-align: justify; padding-left: 40px;\">Mant\u00e9n los n\u00fameros de tel\u00e9fono importantes al alcance de tu mano. En el Directorio Telef\u00f3nico, podr\u00e1s anotar los n\u00fameros de tus compa\u00f1eros de clase, profesores y otros contactos esenciales.<\/p>\n<p style=\"text-align: justify; padding-left: 40px;\"><strong>Cumplea\u00f1os<\/strong><\/p>\n<p style=\"text-align: justify; padding-left: 40px;\">\u00a1Celebra los cumplea\u00f1os de tus amigos y compa\u00f1eros de clase! En esta secci\u00f3n, podr\u00e1s anotar las fechas de cumplea\u00f1os de tus amigos para asegurarte de no perder ninguna celebraci\u00f3n especial.<\/p>\n<p style=\"text-align: justify; padding-left: 40px;\"><strong>Lista de Asistencia<\/strong><\/p>\n<p style=\"text-align: justify; padding-left: 40px;\">Llevar un registro de tu asistencia es fundamental. En la Lista de Asistencia, podr\u00e1s marcar los d\u00edas en que est\u00e1s presente en clase, lo que te ayudar\u00e1 a tener un seguimiento claro de tus asistencias.<\/p>\n<p style=\"text-align: justify; padding-left: 40px;\"><strong>Calendario<\/strong><\/p>\n<p style=\"text-align: justify; padding-left: 40px;\">No te pierdas fechas importantes como ex\u00e1menes, feriados y eventos escolares. En el Calendario, podr\u00e1s anotar todos estos eventos para tener una visi\u00f3n completa de tu a\u00f1o acad\u00e9mico.<\/p>\n<p style=\"text-align: justify; padding-left: 40px;\"><strong>Y mucho m\u00e1s&#8230;<\/strong><\/p>\n<p style=\"text-align: justify; padding-left: 40px;\">Adem\u00e1s de estas caracter\u00edsticas destacadas, la Agenda Escolar tambi\u00e9n incluye espacio para notas, recordatorios y metas personales. \u00a1Las posibilidades son infinitas!<\/p>\n<p><img loading=\"lazy\" decoding=\"async\" class=\"alignnone size-full wp-image-93164\" src=\"https:\/\/webdelmaestrocmf.com\/portal\/wp-content\/uploads\/2023\/08\/A12B3C4DCV2-21.jpg\" alt=\"agenda\" width=\"800\" height=\"440\" srcset=\"https:\/\/webdelmaestrocmf.com\/portal\/wp-content\/uploads\/2023\/08\/A12B3C4DCV2-21.jpg 800w, https:\/\/webdelmaestrocmf.com\/portal\/wp-content\/uploads\/2023\/08\/A12B3C4DCV2-21-300x165.jpg 300w, https:\/\/webdelmaestrocmf.com\/portal\/wp-content\/uploads\/2023\/08\/A12B3C4DCV2-21-768x422.jpg 768w, https:\/\/webdelmaestrocmf.com\/portal\/wp-content\/uploads\/2023\/08\/A12B3C4DCV2-21-380x209.jpg 380w, https:\/\/webdelmaestrocmf.com\/portal\/wp-content\/uploads\/2023\/08\/A12B3C4DCV2-21-550x303.jpg 550w\" sizes=\"auto, (max-width: 800px) 100vw, 800px\" \/><\/p>\n<p style=\"text-align: right;\"><strong>REDACCI\u00d3N WEB DEL MAESTRO CMF\u00a0<\/strong><\/p>\n<p style=\"text-align: center;\">Recomendamos a la Comunidad Educativa Digital tener en cuenta que, el enlace y\/o la carpeta en donde est\u00e1n alojados los libros, recursos y\/o materiales, no es administrado por la Web del Maestro CMF, pueda ser que en cuesti\u00f3n de d\u00edas (o seg\u00fan el tiempo transcurrido desde su publicaci\u00f3n), los enlaces no funcionen y el material ya no se encuentre disponible. Gracias por su comprensi\u00f3n.<\/p>\n<p style=\"text-align: center;\"><strong>ENLACE DE LECTURA:\u00a0<\/strong><a href=\"https:\/\/mega.nz\/folder\/T7QjQZAD#x3WxCeJiTCU3jBKLc9XIpg\" target=\"_blank\" rel=\"noopener\">AGENDA ESCOLAR 2023-2024 PARA DOCENTES Y ESTUDIANTES<\/a><\/p>\n<p style=\"text-align: center;\"><strong>Si te sirvi\u00f3 el material, ap\u00f3yanos con un clic. Nos ayudar\u00e1 a mantener el servicio. \u00a1Comparte y as\u00ed m\u00e1s docentes utilizar\u00e1n estos recursos gratis! Muchas gracias.<\/strong><\/p>\n<p><img decoding=\"async\" src=\"https:\/\/webdelmaestrocmf.com\/portal\/wp-content\/uploads\/2023\/04\/banner_des.png\" \/><\/p>\n\t\t<div class=\"pk-inline-posts\">\n\t\t\t\n\t\t\t<div class=\"pk-inline-posts-container pk-inline-posts-template-list\"\n\t\t\t\tdata-columns=\"1\">\n\t\t\t\t\t\t<article id=\"post-115013\" class=\"post-115013 post type-post status-publish format-standard has-post-thumbnail category-agenda category-descarga category-pedagogia tag-agenda-2026 tag-agenda-gratuita tag-agenda-para-imprimir tag-herramientas-educativas tag-material-imprimible tag-organizacion-personal tag-planificacion-anual tag-planificador-anual tag-recursos-educativos cs-entry cs-video-wrap\">\n\t\t\t<div class=\"pk-post-outer\">\n\n\t\t\t\t\t\t\t\t<div class=\"pk-post-inner\">\n\t\t\t\t\t<div class=\"entry-thumbnail\">\n\t\t\t\t\t\t<div class=\"pk-overlay pk-overlay-ratio pk-ratio-landscape\">\n\t\t\t\t\t\t\t<div class=\"pk-overlay-background\">\n\t\t\t\t\t\t\t\t<a href=\"https:\/\/webdelmaestrocmf.com\/portal\/nueva-agenda-2026-para-descargar-e-imprimir-o-usar-en-digital-organiza-tu-ano-con-claridad-y-estilo\/\" class=\"pk-overlay-link\">\n\t\t\t\t\t\t\t\t\t<img loading=\"lazy\" decoding=\"async\" width=\"300\" height=\"225\" src=\"https:\/\/webdelmaestrocmf.com\/portal\/wp-content\/uploads\/2026\/01\/1A-Banner-1-portada-imagen-10-1-copia-22-300x225.webp\" class=\"attachment-pk-thumbnail size-pk-thumbnail wp-post-image\" alt=\"\" \/>\t\t\t\t\t\t\t\t<\/a>\n\t\t\t\t\t\t\t<\/div>\n\t\t\t\t\t\t<\/div>\n\t\t\t\t\t<\/div>\n\t\t\t\t<\/div>\n\t\t\t\t\n\t\t\t\t<div class=\"pk-post-inner\">\n\t\t\t\t\t<header>\n\t\t\t\t\t\t<h3 class=\"pk-title\"><a href=\"https:\/\/webdelmaestrocmf.com\/portal\/nueva-agenda-2026-para-descargar-e-imprimir-o-usar-en-digital-organiza-tu-ano-con-claridad-y-estilo\/\" rel=\"bookmark\">Nueva agenda 2026 para Descargar e Imprimir o  usar en digital: Organiza tu A\u00f1o con Claridad y Estilo<\/a><\/h3>\t\t\t\t\t<\/header><!-- .entry-header -->\n\t\t\t\t<\/div><!-- .post-inner -->\n\n\t\t\t<\/div><!-- .post-outer -->\n\t\t<\/article>\n\t\t\t<article id=\"post-114580\" class=\"post-114580 post type-post status-publish format-standard has-post-thumbnail category-agenda category-pedagogia tag-agenda-digital-docentes tag-agenda-educativa tag-gestion-del-tiempo-docente tag-herramientas-docentes tag-organizacion-pedagogica tag-planificacion-docente tag-planificacion-escolar tag-productividad-docente tag-recursos-educativos cs-entry cs-video-wrap\">\n\t\t\t<div class=\"pk-post-outer\">\n\n\t\t\t\t\t\t\t\t<div class=\"pk-post-inner\">\n\t\t\t\t\t<div class=\"entry-thumbnail\">\n\t\t\t\t\t\t<div class=\"pk-overlay pk-overlay-ratio pk-ratio-landscape\">\n\t\t\t\t\t\t\t<div class=\"pk-overlay-background\">\n\t\t\t\t\t\t\t\t<a href=\"https:\/\/webdelmaestrocmf.com\/portal\/descarga-la-agenda-digital-2026-para-docentes-funciona-en-cualquier-dispositivo-movil-y-facilita-la-planificacion-el-orden-y-el-enfoque-pedagogico\/\" class=\"pk-overlay-link\">\n\t\t\t\t\t\t\t\t\t<img loading=\"lazy\" decoding=\"async\" width=\"300\" height=\"225\" src=\"https:\/\/webdelmaestrocmf.com\/portal\/wp-content\/uploads\/2026\/01\/1A-Banner-1-portada-imagen-10-1-copia-6-300x225.webp\" class=\"attachment-pk-thumbnail size-pk-thumbnail wp-post-image\" alt=\"\" \/>\t\t\t\t\t\t\t\t<\/a>\n\t\t\t\t\t\t\t<\/div>\n\t\t\t\t\t\t<\/div>\n\t\t\t\t\t<\/div>\n\t\t\t\t<\/div>\n\t\t\t\t\n\t\t\t\t<div class=\"pk-post-inner\">\n\t\t\t\t\t<header>\n\t\t\t\t\t\t<h3 class=\"pk-title\"><a href=\"https:\/\/webdelmaestrocmf.com\/portal\/descarga-la-agenda-digital-2026-para-docentes-funciona-en-cualquier-dispositivo-movil-y-facilita-la-planificacion-el-orden-y-el-enfoque-pedagogico\/\" rel=\"bookmark\">Descarga la agenda digital 2026 para docentes: funciona en cualquier dispositivo m\u00f3vil y facilita la planificaci\u00f3n, el orden y el enfoque pedag\u00f3gico<\/a><\/h3>\t\t\t\t\t<\/header><!-- .entry-header -->\n\t\t\t\t<\/div><!-- .post-inner -->\n\n\t\t\t<\/div><!-- .post-outer -->\n\t\t<\/article>\n\t\t\t<article id=\"post-114078\" class=\"post-114078 post type-post status-publish format-standard has-post-thumbnail category-agenda category-pedagogia tag-agenda-2026 tag-agenda-diaria tag-agenda-docente tag-gestion-del-tiempo tag-organizacion-escolar tag-planificacion-docente tag-planificacion-educativa tag-recursos-docentes tag-vida-docente cs-entry cs-video-wrap\">\n\t\t\t<div class=\"pk-post-outer\">\n\n\t\t\t\t\t\t\t\t<div class=\"pk-post-inner\">\n\t\t\t\t\t<div class=\"entry-thumbnail\">\n\t\t\t\t\t\t<div class=\"pk-overlay pk-overlay-ratio pk-ratio-landscape\">\n\t\t\t\t\t\t\t<div class=\"pk-overlay-background\">\n\t\t\t\t\t\t\t\t<a href=\"https:\/\/webdelmaestrocmf.com\/portal\/agenda-diaria-2026-para-docentes-una-herramienta-clave-para-organizar-el-ano-escolar-con-claridad-y-equilibrio\/\" class=\"pk-overlay-link\">\n\t\t\t\t\t\t\t\t\t<img loading=\"lazy\" decoding=\"async\" width=\"300\" height=\"225\" src=\"https:\/\/webdelmaestrocmf.com\/portal\/wp-content\/uploads\/2025\/12\/1A-Banner-1-portada-imagen-10-1-copia-17-300x225.webp\" class=\"attachment-pk-thumbnail size-pk-thumbnail wp-post-image\" alt=\"\" \/>\t\t\t\t\t\t\t\t<\/a>\n\t\t\t\t\t\t\t<\/div>\n\t\t\t\t\t\t<\/div>\n\t\t\t\t\t<\/div>\n\t\t\t\t<\/div>\n\t\t\t\t\n\t\t\t\t<div class=\"pk-post-inner\">\n\t\t\t\t\t<header>\n\t\t\t\t\t\t<h3 class=\"pk-title\"><a href=\"https:\/\/webdelmaestrocmf.com\/portal\/agenda-diaria-2026-para-docentes-una-herramienta-clave-para-organizar-el-ano-escolar-con-claridad-y-equilibrio\/\" rel=\"bookmark\">Agenda diaria 2026 para docentes: una herramienta clave para organizar el a\u00f1o escolar con claridad y equilibrio<\/a><\/h3>\t\t\t\t\t<\/header><!-- .entry-header -->\n\t\t\t\t<\/div><!-- .post-inner -->\n\n\t\t\t<\/div><!-- .post-outer -->\n\t\t<\/article>\n\t\t\t\t<\/div>\n\t\t<\/div>\n\t\t\n","protected":false},"excerpt":{"rendered":"En la era digital en la que vivimos, la tecnolog\u00eda ha transformado la forma en que abordamos la&hellip;","protected":false},"author":1,"featured_media":93168,"comment_status":"open","ping_status":"closed","sticky":false,"template":"","format":"standard","meta":{"csco_display_header_overlay":false,"csco_singular_sidebar":"","csco_page_header_type":"","csco_page_load_nextpost":"","csco_post_video_location":[],"csco_post_video_location_hash":"","csco_post_video_url":"","csco_post_video_bg_start_time":0,"csco_post_video_bg_end_time":0,"csco_post_video_bg_volume":false,"_jetpack_memberships_contains_paid_content":false,"footnotes":""},"categories":[18408,735],"tags":[19383,19392,19371,18409,19386,18957,19374,19387,19379,19378,19391,19381,16867,19384,19388,19373,19372,19376,19385,19219,19389,18951,19390,19380,16626,19377,15177,19382,19375],"class_list":{"0":"post-93163","1":"post","2":"type-post","3":"status-publish","4":"format-standard","5":"has-post-thumbnail","7":"category-agenda","8":"category-pedagogia","9":"tag-administracion-de-horarios","10":"tag-administracion-de-logros","11":"tag-agenda-escolar","12":"tag-calendario-escolar","13":"tag-colaboracion-estudiante-profesor","14":"tag-comunicacion-con-padres","15":"tag-comunicacion-docente-estudiante","16":"tag-control-de-actividades","17":"tag-cumpleanos-escolares","18":"tag-directorio-telefonico","19":"tag-eficiencia-educativa","20":"tag-estadisticas-academicas","21":"tag-evaluacion-del-progreso","22":"tag-gestion-de-metas","23":"tag-gestion-de-recursos","24":"tag-gestion-de-tareas","25":"tag-horario-de-clases","26":"tag-metas-educativas","27":"tag-notas-importantes","28":"tag-organizacion-academica","29":"tag-organizacion-personal","30":"tag-personalizacion-educativa","31":"tag-planificacion-de-actividades","32":"tag-planificacion-de-examenes","33":"tag-planificacion-educativa","34":"tag-recordatorios-escolares","35":"tag-registro-de-asistencia","36":"tag-registro-de-eventos","37":"tag-seguimiento-de-calificaciones","38":"cs-entry","39":"cs-video-wrap"},"yoast_head":"<!-- This site is optimized with the Yoast SEO plugin v27.5 - https:\/\/yoast.com\/product\/yoast-seo-wordpress\/ -->\n<title>Agenda escolar 2023-2024 para docentes y estudiantes - 2026<\/title>\n<meta name=\"description\" content=\"Con cada vez m\u00e1s recursos y herramientas disponibles en l\u00ednea, las agendas escolares no son la excepci\u00f3n. En nuestro compromiso...\" \/>\n<meta name=\"robots\" content=\"index, follow, max-snippet:-1, max-image-preview:large, max-video-preview:-1\" \/>\n<link rel=\"canonical\" href=\"https:\/\/webdelmaestrocmf.com\/portal\/agenda-escolar-2023-2024-para-docentes-y-estudiantes\/\" \/>\n<meta property=\"og:locale\" content=\"es_ES\" \/>\n<meta property=\"og:type\" content=\"article\" \/>\n<meta property=\"og:title\" content=\"Agenda escolar 2023-2024 para docentes y estudiantes - 2026\" \/>\n<meta property=\"og:description\" content=\"Con cada vez m\u00e1s recursos y herramientas disponibles en l\u00ednea, las agendas escolares no son la excepci\u00f3n. En nuestro compromiso...\" \/>\n<meta property=\"og:url\" content=\"https:\/\/webdelmaestrocmf.com\/portal\/agenda-escolar-2023-2024-para-docentes-y-estudiantes\/\" \/>\n<meta property=\"og:site_name\" content=\"Web del Maestro CMF\" \/>\n<meta property=\"article:publisher\" content=\"https:\/\/www.facebook.com\/WebdelMaestroCMF\/\" \/>\n<meta property=\"article:author\" content=\"https:\/\/www.facebook.com\/WebdelMaestroCMF\/\" \/>\n<meta property=\"article:published_time\" content=\"2023-08-24T23:51:51+00:00\" \/>\n<meta property=\"article:modified_time\" content=\"2023-08-25T14:46:51+00:00\" \/>\n<meta property=\"og:image\" content=\"https:\/\/i0.wp.com\/webdelmaestrocmf.com\/portal\/wp-content\/uploads\/2023\/08\/A12B3C4D-30-1.jpg?fit=900%2C556&ssl=1\" \/>\n\t<meta property=\"og:image:width\" content=\"900\" \/>\n\t<meta property=\"og:image:height\" content=\"556\" \/>\n\t<meta property=\"og:image:type\" content=\"image\/jpeg\" \/>\n<meta name=\"author\" content=\"Web del Maestro CMF\" \/>\n<meta name=\"twitter:card\" content=\"summary_large_image\" \/>\n<meta name=\"twitter:creator\" content=\"@cmf_w\" \/>\n<meta name=\"twitter:site\" content=\"@cmf_w\" \/>\n<script type=\"application\/ld+json\" class=\"yoast-schema-graph\">{\"@context\":\"https:\\\/\\\/schema.org\",\"@graph\":[{\"@type\":\"ScholarlyArticle\",\"@id\":\"https:\\\/\\\/webdelmaestrocmf.com\\\/portal\\\/agenda-escolar-2023-2024-para-docentes-y-estudiantes\\\/#article\",\"isPartOf\":{\"@id\":\"https:\\\/\\\/webdelmaestrocmf.com\\\/portal\\\/agenda-escolar-2023-2024-para-docentes-y-estudiantes\\\/\"},\"author\":{\"name\":\"Web del Maestro CMF\",\"@id\":\"https:\\\/\\\/webdelmaestrocmf.com\\\/portal\\\/#\\\/schema\\\/person\\\/1072a2ed7bd960df8ef99a551fa35dc5\"},\"headline\":\"Agenda escolar 2023-2024 para docentes y estudiantes\",\"datePublished\":\"2023-08-24T23:51:51+00:00\",\"dateModified\":\"2023-08-25T14:46:51+00:00\",\"mainEntityOfPage\":{\"@id\":\"https:\\\/\\\/webdelmaestrocmf.com\\\/portal\\\/agenda-escolar-2023-2024-para-docentes-y-estudiantes\\\/\"},\"wordCount\":1251,\"commentCount\":1,\"publisher\":{\"@id\":\"https:\\\/\\\/webdelmaestrocmf.com\\\/portal\\\/#organization\"},\"image\":{\"@id\":\"https:\\\/\\\/webdelmaestrocmf.com\\\/portal\\\/agenda-escolar-2023-2024-para-docentes-y-estudiantes\\\/#primaryimage\"},\"thumbnailUrl\":\"https:\\\/\\\/webdelmaestrocmf.com\\\/portal\\\/wp-content\\\/uploads\\\/2023\\\/08\\\/A12B3C4D-30-1.jpg\",\"keywords\":[\"Administraci\u00f3n de horarios\",\"Administraci\u00f3n de logros\",\"Agenda escolar\",\"calendario escolar\",\"Colaboraci\u00f3n estudiante-profesor\",\"Comunicaci\u00f3n con padres\",\"Comunicaci\u00f3n docente-estudiante\",\"Control de actividades\",\"Cumplea\u00f1os escolares\",\"Directorio telef\u00f3nico\",\"Eficiencia educativa\",\"Estad\u00edsticas acad\u00e9micas\",\"Evaluaci\u00f3n del progreso\",\"Gesti\u00f3n de metas\",\"Gesti\u00f3n de recursos\",\"Gesti\u00f3n de tareas\",\"Horario de clases\",\"Metas educativas\",\"Notas importantes\",\"Organizaci\u00f3n acad\u00e9mica\",\"Organizaci\u00f3n personal\",\"Personalizaci\u00f3n educativa\",\"Planificaci\u00f3n de actividades\",\"Planificaci\u00f3n de ex\u00e1menes\",\"planificaci\u00f3n educativa\",\"Recordatorios escolares\",\"Registro de asistencia\",\"Registro de eventos\",\"Seguimiento de calificaciones\"],\"articleSection\":[\"Agenda\",\"Recursos\"],\"inLanguage\":\"es\",\"potentialAction\":[{\"@type\":\"CommentAction\",\"name\":\"Comment\",\"target\":[\"https:\\\/\\\/webdelmaestrocmf.com\\\/portal\\\/agenda-escolar-2023-2024-para-docentes-y-estudiantes\\\/#respond\"]}]},{\"@type\":\"WebPage\",\"@id\":\"https:\\\/\\\/webdelmaestrocmf.com\\\/portal\\\/agenda-escolar-2023-2024-para-docentes-y-estudiantes\\\/\",\"url\":\"https:\\\/\\\/webdelmaestrocmf.com\\\/portal\\\/agenda-escolar-2023-2024-para-docentes-y-estudiantes\\\/\",\"name\":\"Agenda escolar 2023-2024 para docentes y estudiantes - 2026\",\"isPartOf\":{\"@id\":\"https:\\\/\\\/webdelmaestrocmf.com\\\/portal\\\/#website\"},\"primaryImageOfPage\":{\"@id\":\"https:\\\/\\\/webdelmaestrocmf.com\\\/portal\\\/agenda-escolar-2023-2024-para-docentes-y-estudiantes\\\/#primaryimage\"},\"image\":{\"@id\":\"https:\\\/\\\/webdelmaestrocmf.com\\\/portal\\\/agenda-escolar-2023-2024-para-docentes-y-estudiantes\\\/#primaryimage\"},\"thumbnailUrl\":\"https:\\\/\\\/webdelmaestrocmf.com\\\/portal\\\/wp-content\\\/uploads\\\/2023\\\/08\\\/A12B3C4D-30-1.jpg\",\"datePublished\":\"2023-08-24T23:51:51+00:00\",\"dateModified\":\"2023-08-25T14:46:51+00:00\",\"description\":\"Con cada vez m\u00e1s recursos y herramientas disponibles en l\u00ednea, las agendas escolares no son la excepci\u00f3n. En nuestro compromiso...\",\"breadcrumb\":{\"@id\":\"https:\\\/\\\/webdelmaestrocmf.com\\\/portal\\\/agenda-escolar-2023-2024-para-docentes-y-estudiantes\\\/#breadcrumb\"},\"inLanguage\":\"es\",\"potentialAction\":[{\"@type\":\"ReadAction\",\"target\":[\"https:\\\/\\\/webdelmaestrocmf.com\\\/portal\\\/agenda-escolar-2023-2024-para-docentes-y-estudiantes\\\/\"]}]},{\"@type\":\"ImageObject\",\"inLanguage\":\"es\",\"@id\":\"https:\\\/\\\/webdelmaestrocmf.com\\\/portal\\\/agenda-escolar-2023-2024-para-docentes-y-estudiantes\\\/#primaryimage\",\"url\":\"https:\\\/\\\/webdelmaestrocmf.com\\\/portal\\\/wp-content\\\/uploads\\\/2023\\\/08\\\/A12B3C4D-30-1.jpg\",\"contentUrl\":\"https:\\\/\\\/webdelmaestrocmf.com\\\/portal\\\/wp-content\\\/uploads\\\/2023\\\/08\\\/A12B3C4D-30-1.jpg\",\"width\":900,\"height\":556,\"caption\":\"agenda\"},{\"@type\":\"BreadcrumbList\",\"@id\":\"https:\\\/\\\/webdelmaestrocmf.com\\\/portal\\\/agenda-escolar-2023-2024-para-docentes-y-estudiantes\\\/#breadcrumb\",\"itemListElement\":[{\"@type\":\"ListItem\",\"position\":1,\"name\":\"Portada\",\"item\":\"https:\\\/\\\/webdelmaestrocmf.com\\\/portal\\\/\"},{\"@type\":\"ListItem\",\"position\":2,\"name\":\"Recursos\",\"item\":\"https:\\\/\\\/webdelmaestrocmf.com\\\/portal\\\/category\\\/pedagogia\\\/\"},{\"@type\":\"ListItem\",\"position\":3,\"name\":\"Agenda escolar 2023-2024 para docentes y estudiantes\"}]},{\"@type\":\"WebSite\",\"@id\":\"https:\\\/\\\/webdelmaestrocmf.com\\\/portal\\\/#website\",\"url\":\"https:\\\/\\\/webdelmaestrocmf.com\\\/portal\\\/\",\"name\":\"Web del Maestro CMF\",\"description\":\"Maestros al servicio de la educaci\u00f3n\",\"publisher\":{\"@id\":\"https:\\\/\\\/webdelmaestrocmf.com\\\/portal\\\/#organization\"},\"alternateName\":\"WMCMF\",\"potentialAction\":[{\"@type\":\"SearchAction\",\"target\":{\"@type\":\"EntryPoint\",\"urlTemplate\":\"https:\\\/\\\/webdelmaestrocmf.com\\\/portal\\\/?s={search_term_string}\"},\"query-input\":{\"@type\":\"PropertyValueSpecification\",\"valueRequired\":true,\"valueName\":\"search_term_string\"}}],\"inLanguage\":\"es\"},{\"@type\":\"Organization\",\"@id\":\"https:\\\/\\\/webdelmaestrocmf.com\\\/portal\\\/#organization\",\"name\":\"Web del Maestro CMF\",\"alternateName\":\"WMCMF\",\"url\":\"https:\\\/\\\/webdelmaestrocmf.com\\\/portal\\\/\",\"logo\":{\"@type\":\"ImageObject\",\"inLanguage\":\"es\",\"@id\":\"https:\\\/\\\/webdelmaestrocmf.com\\\/portal\\\/#\\\/schema\\\/logo\\\/image\\\/\",\"url\":\"https:\\\/\\\/webdelmaestrocmf.com\\\/portal\\\/wp-content\\\/uploads\\\/2023\\\/01\\\/logo-wmcmf-2.png\",\"contentUrl\":\"https:\\\/\\\/webdelmaestrocmf.com\\\/portal\\\/wp-content\\\/uploads\\\/2023\\\/01\\\/logo-wmcmf-2.png\",\"width\":200,\"height\":60,\"caption\":\"Web del Maestro CMF\"},\"image\":{\"@id\":\"https:\\\/\\\/webdelmaestrocmf.com\\\/portal\\\/#\\\/schema\\\/logo\\\/image\\\/\"},\"sameAs\":[\"https:\\\/\\\/www.facebook.com\\\/WebdelMaestroCMF\\\/\",\"https:\\\/\\\/x.com\\\/cmf_w\",\"https:\\\/\\\/www.pinterest.com\\\/WMCMF\\\/\",\"https:\\\/\\\/www.linkedin.com\\\/company\\\/web-del-maestro-cmf\\\/\",\"https:\\\/\\\/www.instagram.com\\\/wmcmf\\\/\",\"https:\\\/\\\/www.youtube.com\\\/channel\\\/UCDPSvjbdodE5sHnC3OxutHw\",\"https:\\\/\\\/mastodon.social\\\/@wmcmf\",\"https:\\\/\\\/www.tiktok.com\\\/@webdelmaestrocmf\"]},{\"@type\":\"Person\",\"@id\":\"https:\\\/\\\/webdelmaestrocmf.com\\\/portal\\\/#\\\/schema\\\/person\\\/1072a2ed7bd960df8ef99a551fa35dc5\",\"name\":\"Web del Maestro CMF\",\"image\":{\"@type\":\"ImageObject\",\"inLanguage\":\"es\",\"@id\":\"https:\\\/\\\/secure.gravatar.com\\\/avatar\\\/23291dd5b5ae1077dcff3dbb04c3e02bd28403fa75af6d8787d5e97c5bbbe30b?s=96&d=mm&r=g\",\"url\":\"https:\\\/\\\/secure.gravatar.com\\\/avatar\\\/23291dd5b5ae1077dcff3dbb04c3e02bd28403fa75af6d8787d5e97c5bbbe30b?s=96&d=mm&r=g\",\"contentUrl\":\"https:\\\/\\\/secure.gravatar.com\\\/avatar\\\/23291dd5b5ae1077dcff3dbb04c3e02bd28403fa75af6d8787d5e97c5bbbe30b?s=96&d=mm&r=g\",\"caption\":\"Web del Maestro CMF\"},\"description\":\"Esta Web se cre\u00f3 sin fines de lucro, con fines educativos, cient\u00edficos y acad\u00e9micos, para personas que tengan dificultades y\\\/o inconvenientes en visualizar el material original. El objetivo es entregar recursos, compartir experiencias y materiales que ayuden a los padres de familia, maestros y estudiantes en su actualizaci\u00f3n y formaci\u00f3n permanente, en bien de la Educaci\u00f3n.\",\"sameAs\":[\"http:\\\/\\\/webdelmaestrocmf.com\\\/portal\",\"https:\\\/\\\/www.facebook.com\\\/WebdelMaestroCMF\\\/\",\"https:\\\/\\\/www.instagram.com\\\/wmcmf\\\/\",\"https:\\\/\\\/cl.linkedin.com\\\/company\\\/web-del-maestro-cmf\",\"https:\\\/\\\/www.pinterest.com\\\/WMCMF\\\/publicaciones\\\/\",\"https:\\\/\\\/x.com\\\/cmf_w\",\"https:\\\/\\\/www.youtube.com\\\/@WMCMF\"]}]}<\/script>\n<!-- \/ Yoast SEO plugin. -->","yoast_head_json":{"title":"Agenda escolar 2023-2024 para docentes y estudiantes - 2026","description":"Con cada vez m\u00e1s recursos y herramientas disponibles en l\u00ednea, las agendas escolares no son la excepci\u00f3n. En nuestro compromiso...","robots":{"index":"index","follow":"follow","max-snippet":"max-snippet:-1","max-image-preview":"max-image-preview:large","max-video-preview":"max-video-preview:-1"},"canonical":"https:\/\/webdelmaestrocmf.com\/portal\/agenda-escolar-2023-2024-para-docentes-y-estudiantes\/","og_locale":"es_ES","og_type":"article","og_title":"Agenda escolar 2023-2024 para docentes y estudiantes - 2026","og_description":"Con cada vez m\u00e1s recursos y herramientas disponibles en l\u00ednea, las agendas escolares no son la excepci\u00f3n. En nuestro compromiso...","og_url":"https:\/\/webdelmaestrocmf.com\/portal\/agenda-escolar-2023-2024-para-docentes-y-estudiantes\/","og_site_name":"Web del Maestro CMF","article_publisher":"https:\/\/www.facebook.com\/WebdelMaestroCMF\/","article_author":"https:\/\/www.facebook.com\/WebdelMaestroCMF\/","article_published_time":"2023-08-24T23:51:51+00:00","article_modified_time":"2023-08-25T14:46:51+00:00","og_image":[{"width":900,"height":556,"url":"https:\/\/i0.wp.com\/webdelmaestrocmf.com\/portal\/wp-content\/uploads\/2023\/08\/A12B3C4D-30-1.jpg?fit=900%2C556&ssl=1","type":"image\/jpeg"}],"author":"Web del Maestro CMF","twitter_card":"summary_large_image","twitter_creator":"@cmf_w","twitter_site":"@cmf_w","schema":{"@context":"https:\/\/schema.org","@graph":[{"@type":"ScholarlyArticle","@id":"https:\/\/webdelmaestrocmf.com\/portal\/agenda-escolar-2023-2024-para-docentes-y-estudiantes\/#article","isPartOf":{"@id":"https:\/\/webdelmaestrocmf.com\/portal\/agenda-escolar-2023-2024-para-docentes-y-estudiantes\/"},"author":{"name":"Web del Maestro CMF","@id":"https:\/\/webdelmaestrocmf.com\/portal\/#\/schema\/person\/1072a2ed7bd960df8ef99a551fa35dc5"},"headline":"Agenda escolar 2023-2024 para docentes y estudiantes","datePublished":"2023-08-24T23:51:51+00:00","dateModified":"2023-08-25T14:46:51+00:00","mainEntityOfPage":{"@id":"https:\/\/webdelmaestrocmf.com\/portal\/agenda-escolar-2023-2024-para-docentes-y-estudiantes\/"},"wordCount":1251,"commentCount":1,"publisher":{"@id":"https:\/\/webdelmaestrocmf.com\/portal\/#organization"},"image":{"@id":"https:\/\/webdelmaestrocmf.com\/portal\/agenda-escolar-2023-2024-para-docentes-y-estudiantes\/#primaryimage"},"thumbnailUrl":"https:\/\/webdelmaestrocmf.com\/portal\/wp-content\/uploads\/2023\/08\/A12B3C4D-30-1.jpg","keywords":["Administraci\u00f3n de horarios","Administraci\u00f3n de logros","Agenda escolar","calendario escolar","Colaboraci\u00f3n estudiante-profesor","Comunicaci\u00f3n con padres","Comunicaci\u00f3n docente-estudiante","Control de actividades","Cumplea\u00f1os escolares","Directorio telef\u00f3nico","Eficiencia educativa","Estad\u00edsticas acad\u00e9micas","Evaluaci\u00f3n del progreso","Gesti\u00f3n de metas","Gesti\u00f3n de recursos","Gesti\u00f3n de tareas","Horario de clases","Metas educativas","Notas importantes","Organizaci\u00f3n acad\u00e9mica","Organizaci\u00f3n personal","Personalizaci\u00f3n educativa","Planificaci\u00f3n de actividades","Planificaci\u00f3n de ex\u00e1menes","planificaci\u00f3n educativa","Recordatorios escolares","Registro de asistencia","Registro de eventos","Seguimiento de calificaciones"],"articleSection":["Agenda","Recursos"],"inLanguage":"es","potentialAction":[{"@type":"CommentAction","name":"Comment","target":["https:\/\/webdelmaestrocmf.com\/portal\/agenda-escolar-2023-2024-para-docentes-y-estudiantes\/#respond"]}]},{"@type":"WebPage","@id":"https:\/\/webdelmaestrocmf.com\/portal\/agenda-escolar-2023-2024-para-docentes-y-estudiantes\/","url":"https:\/\/webdelmaestrocmf.com\/portal\/agenda-escolar-2023-2024-para-docentes-y-estudiantes\/","name":"Agenda escolar 2023-2024 para docentes y estudiantes - 2026","isPartOf":{"@id":"https:\/\/webdelmaestrocmf.com\/portal\/#website"},"primaryImageOfPage":{"@id":"https:\/\/webdelmaestrocmf.com\/portal\/agenda-escolar-2023-2024-para-docentes-y-estudiantes\/#primaryimage"},"image":{"@id":"https:\/\/webdelmaestrocmf.com\/portal\/agenda-escolar-2023-2024-para-docentes-y-estudiantes\/#primaryimage"},"thumbnailUrl":"https:\/\/webdelmaestrocmf.com\/portal\/wp-content\/uploads\/2023\/08\/A12B3C4D-30-1.jpg","datePublished":"2023-08-24T23:51:51+00:00","dateModified":"2023-08-25T14:46:51+00:00","description":"Con cada vez m\u00e1s recursos y herramientas disponibles en l\u00ednea, las agendas escolares no son la excepci\u00f3n. En nuestro compromiso...","breadcrumb":{"@id":"https:\/\/webdelmaestrocmf.com\/portal\/agenda-escolar-2023-2024-para-docentes-y-estudiantes\/#breadcrumb"},"inLanguage":"es","potentialAction":[{"@type":"ReadAction","target":["https:\/\/webdelmaestrocmf.com\/portal\/agenda-escolar-2023-2024-para-docentes-y-estudiantes\/"]}]},{"@type":"ImageObject","inLanguage":"es","@id":"https:\/\/webdelmaestrocmf.com\/portal\/agenda-escolar-2023-2024-para-docentes-y-estudiantes\/#primaryimage","url":"https:\/\/webdelmaestrocmf.com\/portal\/wp-content\/uploads\/2023\/08\/A12B3C4D-30-1.jpg","contentUrl":"https:\/\/webdelmaestrocmf.com\/portal\/wp-content\/uploads\/2023\/08\/A12B3C4D-30-1.jpg","width":900,"height":556,"caption":"agenda"},{"@type":"BreadcrumbList","@id":"https:\/\/webdelmaestrocmf.com\/portal\/agenda-escolar-2023-2024-para-docentes-y-estudiantes\/#breadcrumb","itemListElement":[{"@type":"ListItem","position":1,"name":"Portada","item":"https:\/\/webdelmaestrocmf.com\/portal\/"},{"@type":"ListItem","position":2,"name":"Recursos","item":"https:\/\/webdelmaestrocmf.com\/portal\/category\/pedagogia\/"},{"@type":"ListItem","position":3,"name":"Agenda escolar 2023-2024 para docentes y estudiantes"}]},{"@type":"WebSite","@id":"https:\/\/webdelmaestrocmf.com\/portal\/#website","url":"https:\/\/webdelmaestrocmf.com\/portal\/","name":"Web del Maestro CMF","description":"Maestros al servicio de la educaci\u00f3n","publisher":{"@id":"https:\/\/webdelmaestrocmf.com\/portal\/#organization"},"alternateName":"WMCMF","potentialAction":[{"@type":"SearchAction","target":{"@type":"EntryPoint","urlTemplate":"https:\/\/webdelmaestrocmf.com\/portal\/?s={search_term_string}"},"query-input":{"@type":"PropertyValueSpecification","valueRequired":true,"valueName":"search_term_string"}}],"inLanguage":"es"},{"@type":"Organization","@id":"https:\/\/webdelmaestrocmf.com\/portal\/#organization","name":"Web del Maestro CMF","alternateName":"WMCMF","url":"https:\/\/webdelmaestrocmf.com\/portal\/","logo":{"@type":"ImageObject","inLanguage":"es","@id":"https:\/\/webdelmaestrocmf.com\/portal\/#\/schema\/logo\/image\/","url":"https:\/\/webdelmaestrocmf.com\/portal\/wp-content\/uploads\/2023\/01\/logo-wmcmf-2.png","contentUrl":"https:\/\/webdelmaestrocmf.com\/portal\/wp-content\/uploads\/2023\/01\/logo-wmcmf-2.png","width":200,"height":60,"caption":"Web del Maestro CMF"},"image":{"@id":"https:\/\/webdelmaestrocmf.com\/portal\/#\/schema\/logo\/image\/"},"sameAs":["https:\/\/www.facebook.com\/WebdelMaestroCMF\/","https:\/\/x.com\/cmf_w","https:\/\/www.pinterest.com\/WMCMF\/","https:\/\/www.linkedin.com\/company\/web-del-maestro-cmf\/","https:\/\/www.instagram.com\/wmcmf\/","https:\/\/www.youtube.com\/channel\/UCDPSvjbdodE5sHnC3OxutHw","https:\/\/mastodon.social\/@wmcmf","https:\/\/www.tiktok.com\/@webdelmaestrocmf"]},{"@type":"Person","@id":"https:\/\/webdelmaestrocmf.com\/portal\/#\/schema\/person\/1072a2ed7bd960df8ef99a551fa35dc5","name":"Web del Maestro CMF","image":{"@type":"ImageObject","inLanguage":"es","@id":"https:\/\/secure.gravatar.com\/avatar\/23291dd5b5ae1077dcff3dbb04c3e02bd28403fa75af6d8787d5e97c5bbbe30b?s=96&d=mm&r=g","url":"https:\/\/secure.gravatar.com\/avatar\/23291dd5b5ae1077dcff3dbb04c3e02bd28403fa75af6d8787d5e97c5bbbe30b?s=96&d=mm&r=g","contentUrl":"https:\/\/secure.gravatar.com\/avatar\/23291dd5b5ae1077dcff3dbb04c3e02bd28403fa75af6d8787d5e97c5bbbe30b?s=96&d=mm&r=g","caption":"Web del Maestro CMF"},"description":"Esta Web se cre\u00f3 sin fines de lucro, con fines educativos, cient\u00edficos y acad\u00e9micos, para personas que tengan dificultades y\/o inconvenientes en visualizar el material original. El objetivo es entregar recursos, compartir experiencias y materiales que ayuden a los padres de familia, maestros y estudiantes en su actualizaci\u00f3n y formaci\u00f3n permanente, en bien de la Educaci\u00f3n.","sameAs":["http:\/\/webdelmaestrocmf.com\/portal","https:\/\/www.facebook.com\/WebdelMaestroCMF\/","https:\/\/www.instagram.com\/wmcmf\/","https:\/\/cl.linkedin.com\/company\/web-del-maestro-cmf","https:\/\/www.pinterest.com\/WMCMF\/publicaciones\/","https:\/\/x.com\/cmf_w","https:\/\/www.youtube.com\/@WMCMF"]}]}},"jetpack_featured_media_url":"https:\/\/webdelmaestrocmf.com\/portal\/wp-content\/uploads\/2023\/08\/A12B3C4D-30-1.jpg","jetpack_sharing_enabled":true,"jetpack-related-posts":[{"id":92457,"url":"https:\/\/webdelmaestrocmf.com\/portal\/agenda-escolar-2023-2024-para-maestros-calendario-escolar-sep-horario-periodico-mural-cumpleanos-eventos-escolares-etc\/","url_meta":{"origin":93163,"position":0},"title":"Agenda escolar 2023-2024 para Docentes: Calendario Escolar SEP, horarios, etc","author":"Web del Maestro CMF","date":"16 agosto, 2023","format":false,"excerpt":"En el complejo y din\u00e1mico entorno educativo, la labor de un maestro va m\u00e1s all\u00e1 de la simple transmisi\u00f3n de conocimientos. La planificaci\u00f3n, la comunicaci\u00f3n efectiva y la gesti\u00f3n eficiente del tiempo son componentes esenciales para ofrecer una educaci\u00f3n de calidad. En este contexto, las agendas escolares para maestros emergen\u2026","rel":"","context":"En \u00abAgenda\u00bb","block_context":{"text":"Agenda","link":"https:\/\/webdelmaestrocmf.com\/portal\/category\/pedagogia\/agenda\/"},"img":{"alt_text":"","src":"https:\/\/i0.wp.com\/webdelmaestrocmf.com\/portal\/wp-content\/uploads\/2023\/08\/A12B3C4D-12.jpg?resize=350%2C200&ssl=1","width":350,"height":200,"srcset":"https:\/\/i0.wp.com\/webdelmaestrocmf.com\/portal\/wp-content\/uploads\/2023\/08\/A12B3C4D-12.jpg?resize=350%2C200&ssl=1 1x, https:\/\/i0.wp.com\/webdelmaestrocmf.com\/portal\/wp-content\/uploads\/2023\/08\/A12B3C4D-12.jpg?resize=525%2C300&ssl=1 1.5x, https:\/\/i0.wp.com\/webdelmaestrocmf.com\/portal\/wp-content\/uploads\/2023\/08\/A12B3C4D-12.jpg?resize=700%2C400&ssl=1 2x"},"classes":[]},{"id":93729,"url":"https:\/\/webdelmaestrocmf.com\/portal\/agendas-escolares-bonitas-y-listas-para-imprimir\/","url_meta":{"origin":93163,"position":1},"title":"Agendas escolares bonitas y listas para imprimir","author":"Web del Maestro CMF","date":"1 septiembre, 2023","format":false,"excerpt":"Las agendas escolares son una herramienta invaluable para mantenerse organizado durante el a\u00f1o acad\u00e9mico. No solo te ayudan a llevar un registro de tus tareas y horarios, sino que tambi\u00e9n pueden ser una expresi\u00f3n de tu estilo personal. Si est\u00e1s buscando agendas escolares atractivas y funcionales, est\u00e1s de suerte. En\u2026","rel":"","context":"En \u00abAgenda\u00bb","block_context":{"text":"Agenda","link":"https:\/\/webdelmaestrocmf.com\/portal\/category\/pedagogia\/agenda\/"},"img":{"alt_text":"Agendas escolares","src":"https:\/\/i0.wp.com\/webdelmaestrocmf.com\/portal\/wp-content\/uploads\/2023\/09\/A12B3C4D-63.jpg?resize=350%2C200&ssl=1","width":350,"height":200,"srcset":"https:\/\/i0.wp.com\/webdelmaestrocmf.com\/portal\/wp-content\/uploads\/2023\/09\/A12B3C4D-63.jpg?resize=350%2C200&ssl=1 1x, https:\/\/i0.wp.com\/webdelmaestrocmf.com\/portal\/wp-content\/uploads\/2023\/09\/A12B3C4D-63.jpg?resize=525%2C300&ssl=1 1.5x, https:\/\/i0.wp.com\/webdelmaestrocmf.com\/portal\/wp-content\/uploads\/2023\/09\/A12B3C4D-63.jpg?resize=700%2C400&ssl=1 2x"},"classes":[]},{"id":103577,"url":"https:\/\/webdelmaestrocmf.com\/portal\/nuevo-cuaderno-planificador-para-el-docente\/","url_meta":{"origin":93163,"position":2},"title":"Nuevo cuaderno planificador para el docente","author":"Web del Maestro CMF","date":"7 febrero, 2024","format":false,"excerpt":"El planificador o agenda docente emerge como un aliado indispensable en el arsenal del educador moderno, actuando como un faro que gu\u00eda la traves\u00eda de la ense\u00f1anza hacia aguas m\u00e1s organizadas y eficientes. Esta herramienta, aparentemente simple en su concepci\u00f3n, se erige como el cimiento sobre el cual se construyen\u2026","rel":"","context":"En \u00abAgenda\u00bb","block_context":{"text":"Agenda","link":"https:\/\/webdelmaestrocmf.com\/portal\/category\/pedagogia\/agenda\/"},"img":{"alt_text":"planificador agenda","src":"https:\/\/i0.wp.com\/webdelmaestrocmf.com\/portal\/wp-content\/uploads\/2024\/02\/Banner-1-portada-imagen-10-1-8-1.jpg?resize=350%2C200&ssl=1","width":350,"height":200,"srcset":"https:\/\/i0.wp.com\/webdelmaestrocmf.com\/portal\/wp-content\/uploads\/2024\/02\/Banner-1-portada-imagen-10-1-8-1.jpg?resize=350%2C200&ssl=1 1x, https:\/\/i0.wp.com\/webdelmaestrocmf.com\/portal\/wp-content\/uploads\/2024\/02\/Banner-1-portada-imagen-10-1-8-1.jpg?resize=525%2C300&ssl=1 1.5x, https:\/\/i0.wp.com\/webdelmaestrocmf.com\/portal\/wp-content\/uploads\/2024\/02\/Banner-1-portada-imagen-10-1-8-1.jpg?resize=700%2C400&ssl=1 2x"},"classes":[]},{"id":104001,"url":"https:\/\/webdelmaestrocmf.com\/portal\/cuaderno-de-seguimiento-docente-2024-en-pdf\/","url_meta":{"origin":93163,"position":3},"title":"Cuaderno de seguimiento docente 2024 en PDF","author":"Web del Maestro CMF","date":"17 febrero, 2024","format":false,"excerpt":"La labor docente exige una planificaci\u00f3n meticulosa y una organizaci\u00f3n eficaz para garantizar el \u00e9xito del proceso educativo. Entre las herramientas que facilitan la gesti\u00f3n del aula y el seguimiento del aprendizaje, destaca el cuaderno o agenda de seguimiento docente. Este cuaderno no solo facilita la planificaci\u00f3n y el seguimiento\u2026","rel":"","context":"En \u00abAgenda\u00bb","block_context":{"text":"Agenda","link":"https:\/\/webdelmaestrocmf.com\/portal\/category\/pedagogia\/agenda\/"},"img":{"alt_text":"","src":"https:\/\/i0.wp.com\/webdelmaestrocmf.com\/portal\/wp-content\/uploads\/2024\/02\/Banner-1-portada-imagen-10-1-7-2.jpg?resize=350%2C200&ssl=1","width":350,"height":200,"srcset":"https:\/\/i0.wp.com\/webdelmaestrocmf.com\/portal\/wp-content\/uploads\/2024\/02\/Banner-1-portada-imagen-10-1-7-2.jpg?resize=350%2C200&ssl=1 1x, https:\/\/i0.wp.com\/webdelmaestrocmf.com\/portal\/wp-content\/uploads\/2024\/02\/Banner-1-portada-imagen-10-1-7-2.jpg?resize=525%2C300&ssl=1 1.5x, https:\/\/i0.wp.com\/webdelmaestrocmf.com\/portal\/wp-content\/uploads\/2024\/02\/Banner-1-portada-imagen-10-1-7-2.jpg?resize=700%2C400&ssl=1 2x"},"classes":[]},{"id":115155,"url":"https:\/\/webdelmaestrocmf.com\/portal\/agenda-diaria-semanal-y-mensual-para-maestros-una-herramienta-clave-para-organizar-la-labor-docente\/","url_meta":{"origin":93163,"position":4},"title":"Agenda diaria, semanal y mensual para maestros: una herramienta clave para organizar la labor docente","author":"Web del Maestro CMF","date":"5 febrero, 2026","format":false,"excerpt":"Agenda docente gratuita en PDF y Word para planificar, organizar el tiempo, registrar tareas y mejorar la gesti\u00f3n pedag\u00f3gica diaria.","rel":"","context":"En \u00abDescarga\u00bb","block_context":{"text":"Descarga","link":"https:\/\/webdelmaestrocmf.com\/portal\/category\/descarga\/"},"img":{"alt_text":"","src":"https:\/\/i0.wp.com\/webdelmaestrocmf.com\/portal\/wp-content\/uploads\/2026\/02\/1AA-Banner-1-portada-imagen-10-1-copia-21.webp?resize=350%2C200&ssl=1","width":350,"height":200,"srcset":"https:\/\/i0.wp.com\/webdelmaestrocmf.com\/portal\/wp-content\/uploads\/2026\/02\/1AA-Banner-1-portada-imagen-10-1-copia-21.webp?resize=350%2C200&ssl=1 1x, https:\/\/i0.wp.com\/webdelmaestrocmf.com\/portal\/wp-content\/uploads\/2026\/02\/1AA-Banner-1-portada-imagen-10-1-copia-21.webp?resize=525%2C300&ssl=1 1.5x, https:\/\/i0.wp.com\/webdelmaestrocmf.com\/portal\/wp-content\/uploads\/2026\/02\/1AA-Banner-1-portada-imagen-10-1-copia-21.webp?resize=700%2C400&ssl=1 2x, https:\/\/i0.wp.com\/webdelmaestrocmf.com\/portal\/wp-content\/uploads\/2026\/02\/1AA-Banner-1-portada-imagen-10-1-copia-21.webp?resize=1050%2C600&ssl=1 3x"},"classes":[]},{"id":114078,"url":"https:\/\/webdelmaestrocmf.com\/portal\/agenda-diaria-2026-para-docentes-una-herramienta-clave-para-organizar-el-ano-escolar-con-claridad-y-equilibrio\/","url_meta":{"origin":93163,"position":5},"title":"Agenda diaria 2026 para docentes: una herramienta clave para organizar el a\u00f1o escolar con claridad y equilibrio","author":"Web del Maestro CMF","date":"15 diciembre, 2025","format":false,"excerpt":"Una agenda pensada para docentes que buscan ordenar su tiempo, planificar con claridad, reducir el estr\u00e9s laboral y acompa\u00f1ar todo el a\u00f1o escolar con organizaci\u00f3n y equilibrio profesional.","rel":"","context":"En \u00abAgenda\u00bb","block_context":{"text":"Agenda","link":"https:\/\/webdelmaestrocmf.com\/portal\/category\/pedagogia\/agenda\/"},"img":{"alt_text":"","src":"https:\/\/i0.wp.com\/webdelmaestrocmf.com\/portal\/wp-content\/uploads\/2025\/12\/1A-Banner-1-portada-imagen-10-1-copia-17.webp?resize=350%2C200&ssl=1","width":350,"height":200,"srcset":"https:\/\/i0.wp.com\/webdelmaestrocmf.com\/portal\/wp-content\/uploads\/2025\/12\/1A-Banner-1-portada-imagen-10-1-copia-17.webp?resize=350%2C200&ssl=1 1x, https:\/\/i0.wp.com\/webdelmaestrocmf.com\/portal\/wp-content\/uploads\/2025\/12\/1A-Banner-1-portada-imagen-10-1-copia-17.webp?resize=525%2C300&ssl=1 1.5x, https:\/\/i0.wp.com\/webdelmaestrocmf.com\/portal\/wp-content\/uploads\/2025\/12\/1A-Banner-1-portada-imagen-10-1-copia-17.webp?resize=700%2C400&ssl=1 2x"},"classes":[]}],"_links":{"self":[{"href":"https:\/\/webdelmaestrocmf.com\/portal\/wp-json\/wp\/v2\/posts\/93163","targetHints":{"allow":["GET"]}}],"collection":[{"href":"https:\/\/webdelmaestrocmf.com\/portal\/wp-json\/wp\/v2\/posts"}],"about":[{"href":"https:\/\/webdelmaestrocmf.com\/portal\/wp-json\/wp\/v2\/types\/post"}],"author":[{"embeddable":true,"href":"https:\/\/webdelmaestrocmf.com\/portal\/wp-json\/wp\/v2\/users\/1"}],"replies":[{"embeddable":true,"href":"https:\/\/webdelmaestrocmf.com\/portal\/wp-json\/wp\/v2\/comments?post=93163"}],"version-history":[{"count":0,"href":"https:\/\/webdelmaestrocmf.com\/portal\/wp-json\/wp\/v2\/posts\/93163\/revisions"}],"wp:featuredmedia":[{"embeddable":true,"href":"https:\/\/webdelmaestrocmf.com\/portal\/wp-json\/wp\/v2\/media\/93168"}],"wp:attachment":[{"href":"https:\/\/webdelmaestrocmf.com\/portal\/wp-json\/wp\/v2\/media?parent=93163"}],"wp:term":[{"taxonomy":"category","embeddable":true,"href":"https:\/\/webdelmaestrocmf.com\/portal\/wp-json\/wp\/v2\/categories?post=93163"},{"taxonomy":"post_tag","embeddable":true,"href":"https:\/\/webdelmaestrocmf.com\/portal\/wp-json\/wp\/v2\/tags?post=93163"}],"curies":[{"name":"wp","href":"https:\/\/api.w.org\/{rel}","templated":true}]}}