{"id":92731,"date":"2023-08-19T19:51:14","date_gmt":"2023-08-19T23:51:14","guid":{"rendered":"https:\/\/webdelmaestrocmf.com\/portal\/?p=92731"},"modified":"2026-04-06T10:03:45","modified_gmt":"2026-04-06T14:03:45","slug":"carmen-guaita-ya-esta-bien-de-titulares-que-desacrediten-a-los-docentes","status":"publish","type":"post","link":"https:\/\/webdelmaestrocmf.com\/portal\/carmen-guaita-ya-esta-bien-de-titulares-que-desacrediten-a-los-docentes\/","title":{"rendered":"Carmen Guaita: Ya est\u00e1 bien de titulares que desacrediten a los docentes"},"content":{"rendered":"\n<p>Algunos estudios han investigado el papel de los docentes respecto a los deberes escolares, antes y despu\u00e9s de la realizaci\u00f3n de los mismos, demostrando que est\u00e1n asociados a las actitudes m\u00e1s positivas, la calidad de los temas, y en cuanto sean diversas, concretas, valiosas y bien corregidas. <\/p>\n\n\n\n<!--more-->\n\n\n\n<p>\u201cSin obviar el bienestar del alumnado y su \u00e9xito educativo, entendemos que los deberes escolares pueden convertirse en un potente recurso en la adquisici\u00f3n de conocimientos, t\u00e9cnicas y competencias pertinentes para la educaci\u00f3n de calidad; respaldando el aprendizaje a lo largo de toda la vida (ODS 4; Asamblea General de las Naciones Unidas, 2015).\u201d Y es de resaltar la responsabilidad del estudiante, de los padres de familia y profesores, para <strong>lograr un verdadero espacio de di\u00e1logo compartido escuela-hogar,<\/strong> que evidencien su mutuo acuerdo \u201csobre sus beneficios para el <a href=\"https:\/\/www.educastur.es\/-\/informe-evaluaci%C3%B3n-n%C2%BA-30.-deberes-escolares.-%C2%BFc%C3%B3mo-mandar-deberes-escolares-inteligentemente-\" target=\"_blank\" rel=\"noopener\"><strong>compromiso escolar y la autonom\u00eda y autorregulaci\u00f3n <\/strong>del alumnado en su proceso de aprendizaje\u201d. cf <strong>\u00bfC\u00f3mo mandar deberes escolares inteligentemente?<\/strong><\/a><\/p>\n\n\n\n<p>Si bien las tareas escolares <strong>involucran a los estudiantes, padres de familia y profesores, de manera clara y distinta<\/strong>, no se puede cargar la responsabilidad total a ninguno de ellos. Y menos <strong>ignorar o desentenderse de su cumplimiento.<\/strong>&nbsp; Tambi\u00e9n es, no menos cierto, que los deberes <strong>deben o deber\u00edan estar adaptados a cada edad y con objetivos consensuados o al menos dialogados.<\/strong> <em>\u201cBreves, enfocados y adecuados a su edad y capacidad\u201d<\/em>, como opina el profesor Luis Guti\u00e9rrez Mart\u00edn.<\/p>\n\n\n\n<blockquote class=\"wp-block-quote is-layout-flow wp-block-quote-is-layout-flow\">\n<p class=\"has-text-align-center\"><em>Por favor, que el debate sobre Educaci\u00f3n haga caer sus reproches sobre los responsables pol\u00edticos y administrativos; que les exija cuentas sobre su incapacidad para establecer pactos.<\/em><\/p>\n<\/blockquote>\n\n\n\n<p>Los deberes escolares, \u00abcomo todo en la vida\u00bb, habr\u00e1 algunos que sean gratificantes y otros no tanto, o quiz\u00e1 muy duros. Y esto es lo que hace m\u00e1s dif\u00edcil tomar una sola ruta o itinerario educativo de aplicaci\u00f3n. Y hemos encontrado en <strong>la profesora Carmen Guaita, una profesional que, por experiencia y facilidad de explicar, <\/strong>puede ayudarnos, o al menos aclararnos que los deberes sirven para ir adquiriendo h\u00e1bitos y son la base en la formaci\u00f3n de los estudiantes y la consolidaci\u00f3n de sus h\u00e1bitos, actitudes y responsabilidad. La experta en neuropsicolog\u00eda Elena Mesonero, que considera que <em>\u201chay matices\u201d<\/em> y que <em>\u201cen el equilibrio est\u00e1 el acierto<\/em>\u201d. (El Pa\u00eds 22\/07\/2023). Tengamos muy claro que cualquier tarea escolar no puede venir despu\u00e9s de una sobre carga de actividades &#8230;<\/p>\n\n\n\n<h5 class=\"wp-block-heading\"><strong>LA PRODUCTIVIDAD DE LOS DEBERES ESCOLARES&nbsp;(03\u00b4 27\u201d)<\/strong><\/h5>\n\n\n\n<p><iframe loading=\"lazy\" title=\"La productividad de los deberes escolares\" src=\"https:\/\/www.youtube.com\/embed\/v4nim4E6Vog\" width=\"100%\" height=\"400\" frameborder=\"0\" allowfullscreen=\"allowfullscreen\"><span data-mce-type=\"bookmark\" style=\"display: inline-block; width: 0px; overflow: hidden; line-height: 0;\" class=\"mce_SELRES_start\">\ufeff<\/span><\/iframe><\/p>\n\n\n\n<p>El debate tiene que ver con las <strong>ventajas y desventajas<\/strong> de este tipo de ejercicios <strong>luego de las horas de las clases<\/strong> presenciales y, sobre todo, con la <strong>discrepancia en la extensi\u00f3n de trabajo<\/strong>, las t\u00e9cnicas de hacerlo <strong>individualmente en equipo<\/strong> y <strong>el horario<\/strong> que deber\u00edan ocupar en la vida del ni\u00f1o. La <strong>Raz\u00f3n 25<\/strong> (01\/06\/2013) inform\u00f3 que el estudio m\u00e1s ambicioso sobre las tareas escolares, realizado por el Ministerio de Educaci\u00f3n de Reino Unido que el progreso de m\u00e1s <strong>de 3.000 ni\u00f1os a lo largo de 15 a\u00f1os, que manten\u00edan una media de dos horas de deberes al d\u00eda, garantiza una mejora de resultados<\/strong> especialmente en lengua, matem\u00e1ticas y ciencias. La periodista Mar\u00eda Jos\u00e9 P\u00e9rez Barco, public\u00f3 en ABC (14\/06\/2013): \u201cLos deberes son una responsabilidad asumida por muchas familias. [&#8230;] Para llevar bien esta gran responsabilidad, <strong>es conveniente conocer cu\u00e1les son los errores m\u00e1s comunes<\/strong> que cometen los padres a la hora de realizar los deberes con sus hijos y c\u00f3mo solventarlos\u201d.<\/p>\n\n\n\n<p>En esta publicaci\u00f3n <strong>compartimos la opini\u00f3n de la profesora espa\u00f1ola Carmen Guaita Fern\u00e1ndez<\/strong> (1960), dada su experiencia y profesionalidad.&nbsp; Comencemos por escucharla sobre los fallos m\u00e1s habituales respecto a las tareas escolar, y que solo enumeramos:<\/p>\n\n\n\n<ol class=\"wp-block-list\">\n<li><strong>Hacer los deberes en cualquier sitio<\/strong>, en la cocina mientras se prepara la cena; en el cuarto de estar mientras otros ven la tele\u2026<\/li>\n\n\n\n<li><strong>Protestar como adultos sobre la cantidad o calidad de los deberes<\/strong>.<\/li>\n\n\n\n<li><strong>Hacer los deberes nosotros<\/strong>.<\/li>\n\n\n\n<li>Entender los deberes solo como <strong>nuevos aprendizajes<\/strong> de conocimientos.<\/li>\n\n\n\n<li>Convertir los deberes en el <strong>\u00abmomento de rega\u00f1ar\u00bb<\/strong> de cada d\u00eda.<\/li>\n\n\n\n<li>No tomar en serio <strong>la necesidad de su presencia y apoyo<\/strong>.<\/li>\n\n\n\n<li>Imponer un <strong>control absoluto<\/strong>.<\/li>\n\n\n\n<li>Evitar el <strong>di\u00e1logo con los profesores<\/strong>.<\/li>\n\n\n\n<li>Permitir que afronten las tareas escolares <strong>agotados ya de tareas extraescolares<\/strong>.<\/li>\n\n\n\n<li>Ser <strong>an\u00e1rquicos<\/strong>.<\/li>\n<\/ol>\n\n\n\n<p>En esta misma fuente, la profesora Guaita nos recuerda que, <strong>si les ayudamos y los animamos a establecer un tiempo m\u00ednimo y m\u00e1ximo para desarrollar las tareas,<\/strong> eligiendo la hora, hacerlos en el mejor sitio, con el m\u00f3vil, la Tv y la tableta apagados; aprender\u00e1n que todo tiene su momento y eso es un gran aprendizaje para cuando tengan que hacerlo solos. Cf <a href=\"https:\/\/www.abc.es\/familia-educacion\/20130117\/abci-diez-errores-deberes-201301141327.html\" target=\"_blank\" rel=\"noopener\"><strong>Los diez errores m\u00e1s comunes de los padres al hacer los deberes con los hijos<\/strong><\/a><\/p>\n\n\n\n<p>La escritora, fil\u00f3sofa y profesora nos dice que \u00abes m\u00e1s f\u00e1cil <strong><em>definir los deberes por lo que no son<\/em><\/strong>: no son lo que no se ha aprendido en clase, ni <strong>lo que no ha dado tiempo a hacer en el colegio<\/strong>, ni <strong>discutir con los padres<\/strong>\u00bb. Sin embargo, s\u00ed que son un <strong>trabajado individual y un h\u00e1bito de estudio <\/strong>orientado a las posteriores ense\u00f1anzas Secundaria y Superior. <strong>\u00abNo sabemos hasta qu\u00e9 punto se debe legislar sobre esto. Quien debe decidirlo es el centro educativo. Pero si los padres ven que su hijo est\u00e1 agobiado, deben hablar con los profesores\u00bb,<\/strong> dice Guaita. As\u00ed, si bien cada ni\u00f1o es un mundo, \u00abbasta con media hora diaria para crear un h\u00e1bito de estudio, en un lugar habilitado para hacer deberes, que no tengan televisi\u00f3n ni ordenador&#8230;Un momento en el que esa media hora sea de trabajo\u00bb, como lo afirm\u00f3. Cf <a href=\"https:\/\/www.larazon.es\/sociedad\/educacion\/los-deberes-escolares-a-debate-JA2516029\/\" target=\"_blank\" rel=\"noopener\"><strong>Los deberes escolares, a debate<\/strong><\/a><\/p>\n\n\n\n<p>A lo antes anotado, podr\u00eda ser un buen complemento conocer las sugerencias del revisor m\u00e9dico Eric J. Gabor, JD, en el portal Nemours, KidsHealth, cuyo t\u00edtulo original es <strong>Top 10 Homework Tips<\/strong>; all\u00ed nos indica, como lo hizo la profesora Guaita, <strong>lo importante que es la cercan\u00eda de los padres de familia<\/strong> cuando orientan a sus hijos la realizaci\u00f3n de los deberes escolares, y sintetizamos:<\/p>\n\n\n\n<ol class=\"wp-block-list\">\n<li><strong>Conozca a los profesores de su hijo y cu\u00e1les son sus objetivos. Asista a las reuniones escolares.<\/strong><\/li>\n\n\n\n<li><strong>Establezca un \u00e1rea para los deberes,<\/strong> bien iluminada para hacer los deberes y de que tiene a mano el material escolar necesario (papel, l\u00e1pices, pega, tijeras &#8230;).<\/li>\n\n\n\n<li><strong>Establezca un horario regula<\/strong>r para estudiar y hacer los deberes.<\/li>\n\n\n\n<li><strong>Ay\u00fadele a dise\u00f1ar un plan de trabajo.<\/strong><\/li>\n\n\n\n<li><strong>Reduzca al m\u00ednimo las distracciones<\/strong> (televisi\u00f3n, m\u00fasica alta y las llamadas de tel\u00e9fono).<\/li>\n\n\n\n<li>Su hijo <strong>no aprender\u00e1 nada si no piensa por s\u00ed mismo <\/strong>y comete sus propios errores.<\/li>\n\n\n\n<li><strong>Pregunte a su hijo sobre las tareas escolares<\/strong>, y que puede acudir a usted cuando tenga preguntas o haya algo que le preocupe.<\/li>\n\n\n\n<li><strong>Sea buen ejemplo<\/strong>, los ni\u00f1os son m\u00e1s proclives a seguir el ejemplo de sus padres que sus consejos.<\/li>\n\n\n\n<li><strong>Elogie su trabajo y su esfuerzo<\/strong>.<\/li>\n\n\n\n<li>Si su hijo tiene constantemente problemas con los deberes escolares, <strong>pida ayuda profesional<\/strong>. Hay ni\u00f1os que tienen problemas visuales, de aprendizaje y\/o un trastorno por d\u00e9ficit de atenci\u00f3n. Cf <a href=\"https:\/\/kidshealth.org\/es\/parents\/homework.html\" target=\"_blank\" rel=\"noopener\"><strong>Los diez mejores consejos sobre los deberes escolares<\/strong><\/a><\/li>\n<\/ol>\n\n\n\n<p>Seg\u00fan el escritor y periodista Jos\u00e9 Mar\u00eda de Moya respeto a los deberes escolares, coincide con la respuesta de la profesora Carmen Guaita respecto a no responder a los pol\u00edticos, sino a los profesores, a los padres de familia y los interrogantes de la pol\u00e9mica en s\u00ed misma. Y no dice que \u201cnunca viene mal un ba\u00f1o <strong>de sentido com\u00fan, de moderaci\u00f3n y de pedagog\u00eda casera <\/strong>como ant\u00eddoto ante tanta moda extravagante y oportunista. [&#8230;]. Y es que no hay que ser muy perspicaz para observar que los deberes o en singular el deber, adem\u00e1s de las tareas escolares, es \u201caquello a que est\u00e1 obligado el hombre por los preceptos religiosos o por las leyes naturales o positivas\u201d, o tambi\u00e9n \u201ccumplir obligaciones nacidas de respeto, gratitud u otros motivos\u201d, seg\u00fan dice el DRAE en su primera y segunda acepci\u00f3n. [&#8230;] M\u00e1s all\u00e1 de deberes s\u00ed o no, se les est\u00e1 llamando a la insumisi\u00f3n ante sus obligaciones, a la rebeld\u00eda contra las normas establecidas, a la desobediencia a la autoridad escolar. Y todo esto animado desde instancias no profesionales, como son las familias, que en un claro ejercicio de intrusismo se han convertido de la noche a la ma\u00f1ana en expertos en did\u00e1ctica. [&#8230;]\u201d. cf <a href=\"https:\/\/www.magisnet.com\/2016\/11\/derechos-y-deberes-escolares\/\" target=\"_blank\" rel=\"noopener\"><strong>Derechos y Deberes escolares<\/strong><\/a><\/p>\n\n\n\n<p><strong>Publicaciones recomendadas:<\/strong><\/p>\n\n\n\n<ul class=\"wp-block-list\">\n<li><a href=\"https:\/\/maestrosdecorazon.com\/carmen-guaita-los-padres-viven-con-una-enorme-incertidumbre-la-vuelta-al-cole\/\" target=\"_blank\" rel=\"noopener\">Carmen Guaita: Los deberes sirven para ir adquiriendo h\u00e1bitos, lo que hay que tener muy claro es que no pueden venir despu\u00e9s de una sobre carga de actividades extraescolares<\/a><\/li>\n\n\n\n<li><a href=\"https:\/\/webdelmaestrocmf.com\/portal\/manuel-castells-todo-el-modelo-educativo-esta-obsoleto-la-autonomia-del-estudiante-era-siempre-vista-como-un-peligro-y-no-es-culpa-de-los-docentes\/\" target=\"_blank\" rel=\"noopener\">Manuel Castells: Todo el modelo educativo est\u00e1 obsoleto, la autonom\u00eda del estudiante era siempre vista como un peligro, y no es culpa de los docentes<\/a><\/li>\n\n\n\n<li><a href=\"https:\/\/webdelmaestrocmf.com\/portal\/deberiamos-reformular-la-practica-de-los-deberes-escolares-para-la-casa-y-o-en-vacaciones-parte-i\/\" target=\"_blank\" rel=\"noopener\">\u00bfDeber\u00edamos reformular la pr\u00e1ctica de los deberes escolares para la casa y\/o en vacaciones? (Parte I)<\/a><\/li>\n<\/ul>\n\n\n\n<p>Por motivos \u00fanicamente educativos y de formaci\u00f3n permanente, transcribimos textualmente, porque no tiene pierde, el mensaje de la profesora Guaita, sobre la discusi\u00f3n de los deberes escolares, y que usted podr\u00e1 leer \u00edntegramente en el enlace que indicamos al final de los siguientes cuatro p\u00e1rrafos. Hacemos de su conocimiento que las letras en negritas y cursivas son nuestras.<\/p>\n\n\n\n<p>\u201c<strong>El primero va destinado a los profesores<\/strong>. Es importante que tengamos claro [aunque ya lo referimos previamente] <strong>lo que no son los deberes<\/strong>. <em>No son<strong> una prolongaci\u00f3n de la hora de clase<\/strong>.<\/em> Son refuerzos para el aprendizaje de nuestros alumnos y, sobre todo, una oportunidad de trabajar de manera aut\u00f3noma. Por tanto, <strong><em>deben ser asumibles, estar muy personalizados, tener sentido y contar con nuestro sentido com\u00fan<\/em> <\/strong>tambi\u00e9n. Ahora bien, que la pol\u00e9mica no nos desarme. <em>Estamos en momentos de innovaci\u00f3n<\/em>, se habla ahora incluso de \u00abflipped classroom\u00bb, una metodolog\u00eda que implica mucho trabajo aut\u00f3nomo por parte de los alumnos. <strong>Si los deberes nos parecen oportunos, si est\u00e1n hechos a medida, si forman parte de nuestro Plan de Centro, \u00bfpor qu\u00e9 no los vamos a poner?<\/strong> Ahora bien, debemos estar siempre <strong>abiertos al di\u00e1logo con los padres<\/strong>.<\/p>\n\n\n\n<blockquote class=\"wp-block-quote is-layout-flow wp-block-quote-is-layout-flow\">\n<p class=\"has-text-align-center\"><em>&nbsp;Ya est\u00e1 bien de titulares que desacrediten a los docentes.<\/em><\/p>\n<\/blockquote>\n\n\n\n<p><strong>El segundo p\u00e1rrafo va para las familias.<\/strong> Los deberes son, sobre todo, un <strong>aprendizaje del trabajo aut\u00f3nomo y la autodisciplina.<\/strong> Nos gustar\u00e1 que nuestros hijos cuenten con estas dos herramientas durante la adolescencia y en los estudios superiores. Los ayudaremos si los animamos a <strong>establecer un tiempo m\u00e1ximo para los deberes,<\/strong> siempre a la misma hora, en el mismo sitio, siempre con el m\u00f3vil apagado. Ahora bien, <strong>no es saludable protestar como adultos sobre la cantidad o calidad de sus tareas<\/strong>. Y <em>me parece importante reflexionar sobre si los ni\u00f1os las afrontan agotados<\/em> ya de tareas extraescolares, a veces obsesivas y destinadas \u00fanicamente a suplir nuestra ausencia. Por supuesto, <strong>si los deberes de clase sobrepasan a nuestros hijos, debemos acudir al centro educativo para notificarlo, <\/strong>pero en casa se debe respetar todo lo posible la decisi\u00f3n del profesor. Estamos prepar\u00e1ndolos para la vida, en la que habr\u00e1 mucho trabajo y esfuerzo.<\/p>\n\n\n\n<p><strong>El tercer p\u00e1rrafo se destina a la pol\u00e9mica en s\u00ed misma<\/strong>. No se debe generalizar en Educaci\u00f3n, y menos cuando se mira desde fuera. En mi colegio, por ejemplo, <em>la mayor\u00eda de los ni\u00f1os acude al apoyo escolar<\/em> que brindan los programas educativos y las ONG. <strong>Tanto las familias como los propios alumnos solicitan los deberes<\/strong>. Para ellos son momentos de serenidad y aprendizaje. Es posible que, <strong>desde la \u00f3ptica de una familia con wifi en casa, vacaciones en Oxford y clases particulares de chino mandar\u00edn<\/strong> esto sea dif\u00edcil de entender, pero es la realidad educativa tambi\u00e9n.<\/p>\n\n\n\n<p><strong>Nos estamos jugando en esta hora muchas cosas serias<\/strong>. La escuela pone en marcha una ley de Educaci\u00f3n de mucho calado por la ampliaci\u00f3n desproporcionada del contenido de los temarios y se encuentra, una vez m\u00e1s, sola y sin apoyos. Por favor, que el debate sobre Educaci\u00f3n haga caer sus reproches sobre los responsables pol\u00edticos y administrativos; que les exija cuentas sobre su incapacidad para establecer pactos.&nbsp;<a href=\"https:\/\/www.magisnet.com\/2016\/03\/a-vueltas-con-los-deberes\/\" target=\"_blank\" rel=\"noopener\"><strong>Ya est\u00e1 bien de titulares que desacrediten a los docentes<\/strong>. <strong>A vueltas con los deberes<\/strong><\/a><\/p>\n\n\n\n<p>Para la psic\u00f3loga Marisa Espina \u201c<strong>la mayor\u00eda de los profesores tiene inter\u00e9s en que sus alumnos aprendan y progresen en sus aprendizajes y les ayudan a conseguir un buen rendimiento<\/strong>. Intentan que los deberes sean significativos. <strong>Para la mayor\u00eda de los alumnos, los deberes ser\u00e1n repaso de lo ense\u00f1ado y trabajado en el aula<\/strong>. Para otros, los deberes servir\u00e1n para ampliar o profundizar en un conocimiento. Otros, en cambio, tendr\u00e1n que hacer ejercicios de repetici\u00f3n con variaciones para lograr un conocimiento adecuado. <strong>Cada alumno tiene unas capacidades y habilidades que van mejorando a medida que practican y estudian con el paso de los cursos<\/strong>. Por lo general, <strong>un buen rendimiento acad\u00e9mico est\u00e1 asociado con la cantidad y calidad de deberes realizados<\/strong>, con un buen aprovechamiento del tiempo, con la motivaci\u00f3n y con la percepci\u00f3n de la utilidad de los deberes. [&#8230;] No es posible aprender sin hacer un esfuerzo personal\u201d. <a href=\"https:\/\/marisaespina.com\/los-deberes-escolares-una-pequena-reflexion\/\" target=\"_blank\" rel=\"noopener\"><strong>Los deberes escolares: una peque\u00f1a reflexi\u00f3n<\/strong><\/a><\/p>\n\n\n\n<figure class=\"wp-block-image\"><img loading=\"lazy\" decoding=\"async\" width=\"900\" height=\"556\" src=\"https:\/\/webdelmaestrocmf.com\/portal\/wp-content\/uploads\/2023\/08\/A12B3C4D-11-1.jpg\" alt=\"docentes\" class=\"wp-image-92735\" srcset=\"https:\/\/webdelmaestrocmf.com\/portal\/wp-content\/uploads\/2023\/08\/A12B3C4D-11-1.jpg 900w, https:\/\/webdelmaestrocmf.com\/portal\/wp-content\/uploads\/2023\/08\/A12B3C4D-11-1-300x185.jpg 300w, https:\/\/webdelmaestrocmf.com\/portal\/wp-content\/uploads\/2023\/08\/A12B3C4D-11-1-768x474.jpg 768w, https:\/\/webdelmaestrocmf.com\/portal\/wp-content\/uploads\/2023\/08\/A12B3C4D-11-1-380x235.jpg 380w, https:\/\/webdelmaestrocmf.com\/portal\/wp-content\/uploads\/2023\/08\/A12B3C4D-11-1-550x340.jpg 550w, https:\/\/webdelmaestrocmf.com\/portal\/wp-content\/uploads\/2023\/08\/A12B3C4D-11-1-800x494.jpg 800w\" sizes=\"auto, (max-width: 900px) 100vw, 900px\" \/><\/figure>\n\n\n\n<p><\/p>\n\n\n\n<p><strong>Algunas opiniones, para su reflexi\u00f3n:<\/strong><\/p>\n\n\n\n<ul class=\"wp-block-list\">\n<li>\u201cDeber escolar es todo quehacer pedido por un profesor para que sea realizado por el alumno en su propia casa\u201d. \u00a0(V\u00edctor Garc\u00eda Hoz).<\/li>\n\n\n\n<li>\u201cLa tarea le ayuda a su ni\u00f1o a desempe\u00f1arse mejor en la escuela cuando se le encarga trabajo sustancioso, cuando termina la tarea a tiempo y cuando el maestro la revisa y se la regresa con revisiones o correcciones \u00fatiles\u201d. (U.S. Department of Education).<\/li>\n\n\n\n<li>\u201cEnfoca el tema de las tareas escolares; es decir, al trabajo fuera de horas de clase asignado a los alumnos y las alumnas para que les sirva como pr\u00e1ctica, preparaci\u00f3n para la siguiente clase o extensi\u00f3n de los temas tocados en el aula\u201d. (Ministerio de Educaci\u00f3n de Per\u00fa).<\/li>\n\n\n\n<li>\u201cLos ni\u00f1os no deben tener deberes en verano, pues son sus vacaciones y, como todo el mundo, se merecen descansar. Siempre que no est\u00e9n solos durante horas delante de una pantalla sin supervisi\u00f3n de un adulto, aprender\u00e1n cosas interesantes., (Eva Bail\u00e9n).<\/li>\n\n\n\n<li>\u201cLa mayor\u00eda de los ni\u00f1os tienen problemas con la tarea escolar de vez en cuando, pero algunos tienen m\u00e1s dificultades que otros. Entender los desaf\u00edos que enfrenta su hijo puede evitar que discutan por la tarea\u201d. (Amanda Morin).<\/li>\n\n\n\n<li>\u201cLos ni\u00f1os no deber\u00edan tener tareas durante las vacaciones, que son un tiempo para descansar, esparcirse, jugar, explorar y aburrirse. Esto promover\u00eda su bienestar integral y les permitir\u00eda volver al pr\u00f3ximo curso con m\u00e1s energ\u00eda y motivaci\u00f3n\u201d. (Luis Guti\u00e9rrez Mart\u00edn).<\/li>\n\n\n\n<li>La tarea escolar debe perseguir \u201cautonom\u00eda del estudiante, donde ellos mismos con una m\u00ednima ayuda de los adultos tengan la responsabilidad de realizar su actividad, aprendiendo a tomar decisiones y estimular su creatividad al escoger entre varias opciones la mejor forma de afrontar el reto\u201d. (Heriberto Prieto).<\/li>\n\n\n\n<li>\u201cCon los m\u00e1s peque\u00f1os podemos convertir una tarea en una aventura infantil y con los adolescentes debemos promover t\u00e9cnicas de estudio como subrayar un texto, hacer res\u00famenes, y esquemas, que se auto pregunten detalles del texto que tienen que estudiar\u201d.(Marta Navarro).<\/li>\n\n\n\n<li>Las empresas y autoridades \u201cdeben comprometerse con la infancia y ofrecer talleres extracurriculares a lo largo de todo el a\u00f1o para que los menores puedan vivir su infancia de manera sana, en lugar de con estr\u00e9s y una jornada laboral de adultos\u201d. (Toni Garc\u00eda Arias).<\/li>\n\n\n\n<li>\u201cEl problema es que falta comunicaci\u00f3n y coordinaci\u00f3n entre maestros sobre la cantidad de tarea que encargan por materia. Esto termina siendo problem\u00e1tico para los alumnos porque puede resultar en una cantidad excesiva de tarea por \u00e1rea, incluso en \u00e9pocas de proyectos finales o ex\u00e1menes\u201d. (Paulette Delgado<\/li>\n\n\n\n<li>\u201cUna carga excesiva en las tareas escolares puede frustrar a los ni\u00f1os y causar un estr\u00e9s infantil, complicando la salud de ellos, con s\u00edntomas tales como, ansiedad, dolores de cabeza, alteraciones en el sue\u00f1o, dolores de est\u00f3mago y fatiga general\u201d. (Valentina Alvear).<\/li>\n\n\n\n<li>\u201cDesde lo pedag\u00f3gico la tarea tiene o bien un fin de afianzamiento de los aprendizajes adquiridos en el aula, o de adelantamiento de lo que se trabajar\u00e1 m\u00e1s adelante. [&#8230;] \u201cCualquiera de las acciones escolares que no cumpla con el requisito de ser gratificante se vuelve en contra del mismo proceso escolar\u201d, (Gladys P\u00e9rez Avenda\u00f1o).<\/li>\n<\/ul>\n\n\n\n<p><strong>NOTA DE REDACCI\u00d3N: <\/strong>La Web del Maestro CMF publica los textos originales de su autor, no necesariamente coincide con lo expuesto en el tema, no se hace responsable de las opiniones expresadas, y no promociona ning\u00fan producto, servicio, marca o empresa. Sugerimos a nuestros lectores conocer la identidad de la fuente o de su autor o autores, para tener mayores elementos de juicio y la pertinencia a su realidad educativa.<\/p>\n\n\n\n<p class=\"has-text-align-right\"><strong>REDACCI\u00d3N WEB DEL MAESTRI CMF<\/strong><\/p>\n\n\n\t\t<div class=\"pk-inline-posts\">\n\t\t\t\n\t\t\t<div class=\"pk-inline-posts-container pk-inline-posts-template-list\"\n\t\t\t\tdata-columns=\"1\">\n\t\t\t\t\t\t<article id=\"post-118480\" class=\"post-118480 post type-post status-publish format-standard has-post-thumbnail category-entrevistas category-noticias tag-aprendizaje tag-autonomia-3 tag-desarrollo tag-docentes tag-educacion-2 tag-ensenanza-2 tag-escuela tag-infancia tag-juego tag-pedagogia-2 cs-entry cs-video-wrap\">\n\t\t\t<div class=\"pk-post-outer\">\n\n\t\t\t\t\t\t\t\t<div class=\"pk-post-inner\">\n\t\t\t\t\t<div class=\"entry-thumbnail\">\n\t\t\t\t\t\t<div class=\"pk-overlay pk-overlay-ratio pk-ratio-landscape\">\n\t\t\t\t\t\t\t<div class=\"pk-overlay-background\">\n\t\t\t\t\t\t\t\t<a href=\"https:\/\/webdelmaestrocmf.com\/portal\/francesco-tonucci-hoy-la-escuela-esta-asumiendo-un-error-fatal-que-es-hacer-mas-un-papel-de-ninera-que-de-estructura-educativa\/\" class=\"pk-overlay-link\">\n\t\t\t\t\t\t\t\t\t<img loading=\"lazy\" decoding=\"async\" width=\"300\" height=\"225\" src=\"https:\/\/webdelmaestrocmf.com\/portal\/wp-content\/uploads\/2026\/04\/1AA-Banner-1-portada-imagen-10-1-copia-2-9-300x225.webp\" class=\"attachment-pk-thumbnail size-pk-thumbnail wp-post-image\" alt=\"\" \/>\t\t\t\t\t\t\t\t<\/a>\n\t\t\t\t\t\t\t<\/div>\n\t\t\t\t\t\t<\/div>\n\t\t\t\t\t<\/div>\n\t\t\t\t<\/div>\n\t\t\t\t\n\t\t\t\t<div class=\"pk-post-inner\">\n\t\t\t\t\t<header>\n\t\t\t\t\t\t<h3 class=\"pk-title\"><a href=\"https:\/\/webdelmaestrocmf.com\/portal\/francesco-tonucci-hoy-la-escuela-esta-asumiendo-un-error-fatal-que-es-hacer-mas-un-papel-de-ninera-que-de-estructura-educativa\/\" rel=\"bookmark\">Francesco Tonucci: Hoy la escuela est\u00e1 asumiendo un error fatal que es hacer m\u00e1s un papel de ni\u00f1era que de estructura educativa<\/a><\/h3>\t\t\t\t\t<\/header><!-- .entry-header -->\n\t\t\t\t<\/div><!-- .post-inner -->\n\n\t\t\t<\/div><!-- .post-outer -->\n\t\t<\/article>\n\t\t\t<article id=\"post-37424\" class=\"post-37424 post type-post status-publish format-standard has-post-thumbnail category-entrevistas category-noticias tag-desarrollo tag-heckman tag-james tag-leer tag-ninos cs-entry cs-video-wrap\">\n\t\t\t<div class=\"pk-post-outer\">\n\n\t\t\t\t\t\t\t\t<div class=\"pk-post-inner\">\n\t\t\t\t\t<div class=\"entry-thumbnail\">\n\t\t\t\t\t\t<div class=\"pk-overlay pk-overlay-ratio pk-ratio-landscape\">\n\t\t\t\t\t\t\t<div class=\"pk-overlay-background\">\n\t\t\t\t\t\t\t\t<a href=\"https:\/\/webdelmaestrocmf.com\/portal\/james-heckman-leerles-a-los-ninos-tiene-un-impacto-enorme-en-su-desarrollo\/\" class=\"pk-overlay-link\">\n\t\t\t\t\t\t\t\t\t<img loading=\"lazy\" decoding=\"async\" width=\"300\" height=\"225\" src=\"https:\/\/webdelmaestrocmf.com\/portal\/wp-content\/uploads\/2023\/01\/1AA-Banner-1-portada-imagen-10-1-copia-3-300x225.webp\" class=\"attachment-pk-thumbnail size-pk-thumbnail wp-post-image\" alt=\"\" \/>\t\t\t\t\t\t\t\t<\/a>\n\t\t\t\t\t\t\t<\/div>\n\t\t\t\t\t\t<\/div>\n\t\t\t\t\t<\/div>\n\t\t\t\t<\/div>\n\t\t\t\t\n\t\t\t\t<div class=\"pk-post-inner\">\n\t\t\t\t\t<header>\n\t\t\t\t\t\t<h3 class=\"pk-title\"><a href=\"https:\/\/webdelmaestrocmf.com\/portal\/james-heckman-leerles-a-los-ninos-tiene-un-impacto-enorme-en-su-desarrollo\/\" rel=\"bookmark\">James Heckman: Leerles a los ni\u00f1os tiene un impacto enorme en su desarrollo<\/a><\/h3>\t\t\t\t\t<\/header><!-- .entry-header -->\n\t\t\t\t<\/div><!-- .post-inner -->\n\n\t\t\t<\/div><!-- .post-outer -->\n\t\t<\/article>\n\t\t\t<article id=\"post-55421\" class=\"post-55421 post type-post status-publish format-standard has-post-thumbnail category-entrevistas category-noticias tag-ayudar tag-buena tag-debe tag-lider tag-pasion tag-persona tag-tener tag-victor-kuppers cs-entry cs-video-wrap\">\n\t\t\t<div class=\"pk-post-outer\">\n\n\t\t\t\t\t\t\t\t<div class=\"pk-post-inner\">\n\t\t\t\t\t<div class=\"entry-thumbnail\">\n\t\t\t\t\t\t<div class=\"pk-overlay pk-overlay-ratio pk-ratio-landscape\">\n\t\t\t\t\t\t\t<div class=\"pk-overlay-background\">\n\t\t\t\t\t\t\t\t<a href=\"https:\/\/webdelmaestrocmf.com\/portal\/victor-kuppers-un-lider-debe-ser-buena-persona-y-tener-pasion-por-ayudar\/\" class=\"pk-overlay-link\">\n\t\t\t\t\t\t\t\t\t<img loading=\"lazy\" decoding=\"async\" width=\"300\" height=\"225\" src=\"https:\/\/webdelmaestrocmf.com\/portal\/wp-content\/uploads\/2020\/12\/1AA-Banner-1-portada-imagen-10-1-copia-3-300x225.webp\" class=\"attachment-pk-thumbnail size-pk-thumbnail wp-post-image\" alt=\"\" \/>\t\t\t\t\t\t\t\t<\/a>\n\t\t\t\t\t\t\t<\/div>\n\t\t\t\t\t\t<\/div>\n\t\t\t\t\t<\/div>\n\t\t\t\t<\/div>\n\t\t\t\t\n\t\t\t\t<div class=\"pk-post-inner\">\n\t\t\t\t\t<header>\n\t\t\t\t\t\t<h3 class=\"pk-title\"><a href=\"https:\/\/webdelmaestrocmf.com\/portal\/victor-kuppers-un-lider-debe-ser-buena-persona-y-tener-pasion-por-ayudar\/\" rel=\"bookmark\">V\u00edctor K\u00fcppers: Un l\u00edder debe ser buena persona y tener pasi\u00f3n por ayudar<\/a><\/h3>\t\t\t\t\t<\/header><!-- .entry-header -->\n\t\t\t\t<\/div><!-- .post-inner -->\n\n\t\t\t<\/div><!-- .post-outer -->\n\t\t<\/article>\n\t\t\t\t<\/div>\n\t\t<\/div>\n\t\t\n","protected":false},"excerpt":{"rendered":"Carmen Guaita denuncia que el debate educativo ha sido reducido a titulares simplistas que desacreditan al docente, ignorando su criterio profesional y desviando la atenci\u00f3n de los verdaderos responsables del sistema educativo.","protected":false},"author":1,"featured_media":117337,"comment_status":"open","ping_status":"closed","sticky":false,"template":"","format":"standard","meta":{"csco_display_header_overlay":false,"csco_singular_sidebar":"disabled","csco_page_header_type":"large","csco_page_load_nextpost":"","csco_post_video_location":[],"csco_post_video_location_hash":"","csco_post_video_url":"","csco_post_video_bg_start_time":0,"csco_post_video_bg_end_time":0,"csco_post_video_bg_volume":false,"_jetpack_memberships_contains_paid_content":false,"footnotes":""},"categories":[48,47],"tags":[16097,228,97,3734,4351,19131,18563,514,4807,1284],"class_list":{"0":"post-92731","1":"post","2":"type-post","3":"status-publish","4":"format-standard","5":"has-post-thumbnail","7":"category-entrevistas","8":"category-noticias","9":"tag-carmen-guaita","10":"tag-escuela","11":"tag-familia","12":"tag-maria-jose-perez-barco","13":"tag-planificacion","14":"tag-recesos","15":"tag-roles-educativos","16":"tag-tareas-escolares","17":"tag-tiempos","18":"tag-video","19":"cs-entry","20":"cs-video-wrap"},"yoast_head":"<!-- This site is optimized with the Yoast SEO plugin v27.5 - https:\/\/yoast.com\/product\/yoast-seo-wordpress\/ -->\n<title>Carmen Guaita: Ya est\u00e1 bien de titulares que desacrediten a los docentes - 2026<\/title>\n<meta name=\"description\" content=\"Algunos estudios han investigado el papel de los docentes respecto a los deberes escolares, antes y despu\u00e9s de la realizaci\u00f3n...\" \/>\n<meta name=\"robots\" content=\"index, follow, max-snippet:-1, max-image-preview:large, max-video-preview:-1\" \/>\n<link rel=\"canonical\" href=\"https:\/\/webdelmaestrocmf.com\/portal\/carmen-guaita-ya-esta-bien-de-titulares-que-desacrediten-a-los-docentes\/\" \/>\n<meta property=\"og:locale\" content=\"es_ES\" \/>\n<meta property=\"og:type\" content=\"article\" \/>\n<meta property=\"og:title\" content=\"Carmen Guaita: Ya est\u00e1 bien de titulares que desacrediten a los docentes - 2026\" \/>\n<meta property=\"og:description\" content=\"Algunos estudios han investigado el papel de los docentes respecto a los deberes escolares, antes y despu\u00e9s de la realizaci\u00f3n...\" \/>\n<meta property=\"og:url\" content=\"https:\/\/webdelmaestrocmf.com\/portal\/carmen-guaita-ya-esta-bien-de-titulares-que-desacrediten-a-los-docentes\/\" \/>\n<meta property=\"og:site_name\" content=\"Web del Maestro CMF\" \/>\n<meta property=\"article:publisher\" content=\"https:\/\/www.facebook.com\/WebdelMaestroCMF\/\" \/>\n<meta property=\"article:author\" content=\"https:\/\/www.facebook.com\/WebdelMaestroCMF\/\" \/>\n<meta property=\"article:published_time\" content=\"2023-08-19T23:51:14+00:00\" \/>\n<meta property=\"article:modified_time\" content=\"2026-04-06T14:03:45+00:00\" \/>\n<meta property=\"og:image\" content=\"https:\/\/webdelmaestrocmf.com\/portal\/wp-content\/uploads\/2023\/08\/1AA-Banner-1-portada-imagen-10-1-copia-22.webp\" \/>\n\t<meta property=\"og:image:width\" content=\"1200\" \/>\n\t<meta property=\"og:image:height\" content=\"675\" \/>\n\t<meta property=\"og:image:type\" content=\"image\/webp\" \/>\n<meta name=\"author\" content=\"Web del Maestro CMF\" \/>\n<meta name=\"twitter:card\" content=\"summary_large_image\" \/>\n<meta name=\"twitter:creator\" content=\"@cmf_w\" \/>\n<meta name=\"twitter:site\" content=\"@cmf_w\" \/>\n<script type=\"application\/ld+json\" class=\"yoast-schema-graph\">{\"@context\":\"https:\\\/\\\/schema.org\",\"@graph\":[{\"@type\":\"ScholarlyArticle\",\"@id\":\"https:\\\/\\\/webdelmaestrocmf.com\\\/portal\\\/carmen-guaita-ya-esta-bien-de-titulares-que-desacrediten-a-los-docentes\\\/#article\",\"isPartOf\":{\"@id\":\"https:\\\/\\\/webdelmaestrocmf.com\\\/portal\\\/carmen-guaita-ya-esta-bien-de-titulares-que-desacrediten-a-los-docentes\\\/\"},\"author\":{\"name\":\"Web del Maestro CMF\",\"@id\":\"https:\\\/\\\/webdelmaestrocmf.com\\\/portal\\\/#\\\/schema\\\/person\\\/1072a2ed7bd960df8ef99a551fa35dc5\"},\"headline\":\"Carmen Guaita: Ya est\u00e1 bien de titulares que desacrediten a los docentes\",\"datePublished\":\"2023-08-19T23:51:14+00:00\",\"dateModified\":\"2026-04-06T14:03:45+00:00\",\"mainEntityOfPage\":{\"@id\":\"https:\\\/\\\/webdelmaestrocmf.com\\\/portal\\\/carmen-guaita-ya-esta-bien-de-titulares-que-desacrediten-a-los-docentes\\\/\"},\"wordCount\":2932,\"commentCount\":1,\"publisher\":{\"@id\":\"https:\\\/\\\/webdelmaestrocmf.com\\\/portal\\\/#organization\"},\"image\":{\"@id\":\"https:\\\/\\\/webdelmaestrocmf.com\\\/portal\\\/carmen-guaita-ya-esta-bien-de-titulares-que-desacrediten-a-los-docentes\\\/#primaryimage\"},\"thumbnailUrl\":\"https:\\\/\\\/webdelmaestrocmf.com\\\/portal\\\/wp-content\\\/uploads\\\/2023\\\/08\\\/1AA-Banner-1-portada-imagen-10-1-copia-22.webp\",\"keywords\":[\"Carmen Guaita\",\"escuela\",\"familia\",\"MAR\u00cdA JOS\u00c9 P\u00c9REZ-BARCO\",\"PLANIFICACI\u00d3N\",\"Recesos\",\"roles educativos\",\"tareas escolares\",\"tiempos\",\"video\"],\"articleSection\":[\"Entrevistas\",\"Noticias\"],\"inLanguage\":\"es\",\"potentialAction\":[{\"@type\":\"CommentAction\",\"name\":\"Comment\",\"target\":[\"https:\\\/\\\/webdelmaestrocmf.com\\\/portal\\\/carmen-guaita-ya-esta-bien-de-titulares-que-desacrediten-a-los-docentes\\\/#respond\"]}]},{\"@type\":\"WebPage\",\"@id\":\"https:\\\/\\\/webdelmaestrocmf.com\\\/portal\\\/carmen-guaita-ya-esta-bien-de-titulares-que-desacrediten-a-los-docentes\\\/\",\"url\":\"https:\\\/\\\/webdelmaestrocmf.com\\\/portal\\\/carmen-guaita-ya-esta-bien-de-titulares-que-desacrediten-a-los-docentes\\\/\",\"name\":\"Carmen Guaita: Ya est\u00e1 bien de titulares que desacrediten a los docentes - 2026\",\"isPartOf\":{\"@id\":\"https:\\\/\\\/webdelmaestrocmf.com\\\/portal\\\/#website\"},\"primaryImageOfPage\":{\"@id\":\"https:\\\/\\\/webdelmaestrocmf.com\\\/portal\\\/carmen-guaita-ya-esta-bien-de-titulares-que-desacrediten-a-los-docentes\\\/#primaryimage\"},\"image\":{\"@id\":\"https:\\\/\\\/webdelmaestrocmf.com\\\/portal\\\/carmen-guaita-ya-esta-bien-de-titulares-que-desacrediten-a-los-docentes\\\/#primaryimage\"},\"thumbnailUrl\":\"https:\\\/\\\/webdelmaestrocmf.com\\\/portal\\\/wp-content\\\/uploads\\\/2023\\\/08\\\/1AA-Banner-1-portada-imagen-10-1-copia-22.webp\",\"datePublished\":\"2023-08-19T23:51:14+00:00\",\"dateModified\":\"2026-04-06T14:03:45+00:00\",\"description\":\"Algunos estudios han investigado el papel de los docentes respecto a los deberes escolares, antes y despu\u00e9s de la realizaci\u00f3n...\",\"breadcrumb\":{\"@id\":\"https:\\\/\\\/webdelmaestrocmf.com\\\/portal\\\/carmen-guaita-ya-esta-bien-de-titulares-que-desacrediten-a-los-docentes\\\/#breadcrumb\"},\"inLanguage\":\"es\",\"potentialAction\":[{\"@type\":\"ReadAction\",\"target\":[\"https:\\\/\\\/webdelmaestrocmf.com\\\/portal\\\/carmen-guaita-ya-esta-bien-de-titulares-que-desacrediten-a-los-docentes\\\/\"]}]},{\"@type\":\"ImageObject\",\"inLanguage\":\"es\",\"@id\":\"https:\\\/\\\/webdelmaestrocmf.com\\\/portal\\\/carmen-guaita-ya-esta-bien-de-titulares-que-desacrediten-a-los-docentes\\\/#primaryimage\",\"url\":\"https:\\\/\\\/webdelmaestrocmf.com\\\/portal\\\/wp-content\\\/uploads\\\/2023\\\/08\\\/1AA-Banner-1-portada-imagen-10-1-copia-22.webp\",\"contentUrl\":\"https:\\\/\\\/webdelmaestrocmf.com\\\/portal\\\/wp-content\\\/uploads\\\/2023\\\/08\\\/1AA-Banner-1-portada-imagen-10-1-copia-22.webp\",\"width\":1200,\"height\":675},{\"@type\":\"BreadcrumbList\",\"@id\":\"https:\\\/\\\/webdelmaestrocmf.com\\\/portal\\\/carmen-guaita-ya-esta-bien-de-titulares-que-desacrediten-a-los-docentes\\\/#breadcrumb\",\"itemListElement\":[{\"@type\":\"ListItem\",\"position\":1,\"name\":\"Portada\",\"item\":\"https:\\\/\\\/webdelmaestrocmf.com\\\/portal\\\/\"},{\"@type\":\"ListItem\",\"position\":2,\"name\":\"Noticias\",\"item\":\"https:\\\/\\\/webdelmaestrocmf.com\\\/portal\\\/category\\\/noticias\\\/\"},{\"@type\":\"ListItem\",\"position\":3,\"name\":\"Carmen Guaita: Ya est\u00e1 bien de titulares que desacrediten a los docentes\"}]},{\"@type\":\"WebSite\",\"@id\":\"https:\\\/\\\/webdelmaestrocmf.com\\\/portal\\\/#website\",\"url\":\"https:\\\/\\\/webdelmaestrocmf.com\\\/portal\\\/\",\"name\":\"Web del Maestro CMF\",\"description\":\"Maestros al servicio de la educaci\u00f3n\",\"publisher\":{\"@id\":\"https:\\\/\\\/webdelmaestrocmf.com\\\/portal\\\/#organization\"},\"alternateName\":\"WMCMF\",\"potentialAction\":[{\"@type\":\"SearchAction\",\"target\":{\"@type\":\"EntryPoint\",\"urlTemplate\":\"https:\\\/\\\/webdelmaestrocmf.com\\\/portal\\\/?s={search_term_string}\"},\"query-input\":{\"@type\":\"PropertyValueSpecification\",\"valueRequired\":true,\"valueName\":\"search_term_string\"}}],\"inLanguage\":\"es\"},{\"@type\":\"Organization\",\"@id\":\"https:\\\/\\\/webdelmaestrocmf.com\\\/portal\\\/#organization\",\"name\":\"Web del Maestro CMF\",\"alternateName\":\"WMCMF\",\"url\":\"https:\\\/\\\/webdelmaestrocmf.com\\\/portal\\\/\",\"logo\":{\"@type\":\"ImageObject\",\"inLanguage\":\"es\",\"@id\":\"https:\\\/\\\/webdelmaestrocmf.com\\\/portal\\\/#\\\/schema\\\/logo\\\/image\\\/\",\"url\":\"https:\\\/\\\/webdelmaestrocmf.com\\\/portal\\\/wp-content\\\/uploads\\\/2023\\\/01\\\/logo-wmcmf-2.png\",\"contentUrl\":\"https:\\\/\\\/webdelmaestrocmf.com\\\/portal\\\/wp-content\\\/uploads\\\/2023\\\/01\\\/logo-wmcmf-2.png\",\"width\":200,\"height\":60,\"caption\":\"Web del Maestro CMF\"},\"image\":{\"@id\":\"https:\\\/\\\/webdelmaestrocmf.com\\\/portal\\\/#\\\/schema\\\/logo\\\/image\\\/\"},\"sameAs\":[\"https:\\\/\\\/www.facebook.com\\\/WebdelMaestroCMF\\\/\",\"https:\\\/\\\/x.com\\\/cmf_w\",\"https:\\\/\\\/www.pinterest.com\\\/WMCMF\\\/\",\"https:\\\/\\\/www.linkedin.com\\\/company\\\/web-del-maestro-cmf\\\/\",\"https:\\\/\\\/www.instagram.com\\\/wmcmf\\\/\",\"https:\\\/\\\/www.youtube.com\\\/channel\\\/UCDPSvjbdodE5sHnC3OxutHw\",\"https:\\\/\\\/mastodon.social\\\/@wmcmf\",\"https:\\\/\\\/www.tiktok.com\\\/@webdelmaestrocmf\"]},{\"@type\":\"Person\",\"@id\":\"https:\\\/\\\/webdelmaestrocmf.com\\\/portal\\\/#\\\/schema\\\/person\\\/1072a2ed7bd960df8ef99a551fa35dc5\",\"name\":\"Web del Maestro CMF\",\"image\":{\"@type\":\"ImageObject\",\"inLanguage\":\"es\",\"@id\":\"https:\\\/\\\/secure.gravatar.com\\\/avatar\\\/23291dd5b5ae1077dcff3dbb04c3e02bd28403fa75af6d8787d5e97c5bbbe30b?s=96&d=mm&r=g\",\"url\":\"https:\\\/\\\/secure.gravatar.com\\\/avatar\\\/23291dd5b5ae1077dcff3dbb04c3e02bd28403fa75af6d8787d5e97c5bbbe30b?s=96&d=mm&r=g\",\"contentUrl\":\"https:\\\/\\\/secure.gravatar.com\\\/avatar\\\/23291dd5b5ae1077dcff3dbb04c3e02bd28403fa75af6d8787d5e97c5bbbe30b?s=96&d=mm&r=g\",\"caption\":\"Web del Maestro CMF\"},\"description\":\"Esta Web se cre\u00f3 sin fines de lucro, con fines educativos, cient\u00edficos y acad\u00e9micos, para personas que tengan dificultades y\\\/o inconvenientes en visualizar el material original. El objetivo es entregar recursos, compartir experiencias y materiales que ayuden a los padres de familia, maestros y estudiantes en su actualizaci\u00f3n y formaci\u00f3n permanente, en bien de la Educaci\u00f3n.\",\"sameAs\":[\"http:\\\/\\\/webdelmaestrocmf.com\\\/portal\",\"https:\\\/\\\/www.facebook.com\\\/WebdelMaestroCMF\\\/\",\"https:\\\/\\\/www.instagram.com\\\/wmcmf\\\/\",\"https:\\\/\\\/cl.linkedin.com\\\/company\\\/web-del-maestro-cmf\",\"https:\\\/\\\/www.pinterest.com\\\/WMCMF\\\/publicaciones\\\/\",\"https:\\\/\\\/x.com\\\/cmf_w\",\"https:\\\/\\\/www.youtube.com\\\/@WMCMF\"]}]}<\/script>\n<!-- \/ Yoast SEO plugin. -->","yoast_head_json":{"title":"Carmen Guaita: Ya est\u00e1 bien de titulares que desacrediten a los docentes - 2026","description":"Algunos estudios han investigado el papel de los docentes respecto a los deberes escolares, antes y despu\u00e9s de la realizaci\u00f3n...","robots":{"index":"index","follow":"follow","max-snippet":"max-snippet:-1","max-image-preview":"max-image-preview:large","max-video-preview":"max-video-preview:-1"},"canonical":"https:\/\/webdelmaestrocmf.com\/portal\/carmen-guaita-ya-esta-bien-de-titulares-que-desacrediten-a-los-docentes\/","og_locale":"es_ES","og_type":"article","og_title":"Carmen Guaita: Ya est\u00e1 bien de titulares que desacrediten a los docentes - 2026","og_description":"Algunos estudios han investigado el papel de los docentes respecto a los deberes escolares, antes y despu\u00e9s de la realizaci\u00f3n...","og_url":"https:\/\/webdelmaestrocmf.com\/portal\/carmen-guaita-ya-esta-bien-de-titulares-que-desacrediten-a-los-docentes\/","og_site_name":"Web del Maestro CMF","article_publisher":"https:\/\/www.facebook.com\/WebdelMaestroCMF\/","article_author":"https:\/\/www.facebook.com\/WebdelMaestroCMF\/","article_published_time":"2023-08-19T23:51:14+00:00","article_modified_time":"2026-04-06T14:03:45+00:00","og_image":[{"width":1200,"height":675,"url":"https:\/\/webdelmaestrocmf.com\/portal\/wp-content\/uploads\/2023\/08\/1AA-Banner-1-portada-imagen-10-1-copia-22.webp","type":"image\/webp"}],"author":"Web del Maestro CMF","twitter_card":"summary_large_image","twitter_creator":"@cmf_w","twitter_site":"@cmf_w","schema":{"@context":"https:\/\/schema.org","@graph":[{"@type":"ScholarlyArticle","@id":"https:\/\/webdelmaestrocmf.com\/portal\/carmen-guaita-ya-esta-bien-de-titulares-que-desacrediten-a-los-docentes\/#article","isPartOf":{"@id":"https:\/\/webdelmaestrocmf.com\/portal\/carmen-guaita-ya-esta-bien-de-titulares-que-desacrediten-a-los-docentes\/"},"author":{"name":"Web del Maestro CMF","@id":"https:\/\/webdelmaestrocmf.com\/portal\/#\/schema\/person\/1072a2ed7bd960df8ef99a551fa35dc5"},"headline":"Carmen Guaita: Ya est\u00e1 bien de titulares que desacrediten a los docentes","datePublished":"2023-08-19T23:51:14+00:00","dateModified":"2026-04-06T14:03:45+00:00","mainEntityOfPage":{"@id":"https:\/\/webdelmaestrocmf.com\/portal\/carmen-guaita-ya-esta-bien-de-titulares-que-desacrediten-a-los-docentes\/"},"wordCount":2932,"commentCount":1,"publisher":{"@id":"https:\/\/webdelmaestrocmf.com\/portal\/#organization"},"image":{"@id":"https:\/\/webdelmaestrocmf.com\/portal\/carmen-guaita-ya-esta-bien-de-titulares-que-desacrediten-a-los-docentes\/#primaryimage"},"thumbnailUrl":"https:\/\/webdelmaestrocmf.com\/portal\/wp-content\/uploads\/2023\/08\/1AA-Banner-1-portada-imagen-10-1-copia-22.webp","keywords":["Carmen Guaita","escuela","familia","MAR\u00cdA JOS\u00c9 P\u00c9REZ-BARCO","PLANIFICACI\u00d3N","Recesos","roles educativos","tareas escolares","tiempos","video"],"articleSection":["Entrevistas","Noticias"],"inLanguage":"es","potentialAction":[{"@type":"CommentAction","name":"Comment","target":["https:\/\/webdelmaestrocmf.com\/portal\/carmen-guaita-ya-esta-bien-de-titulares-que-desacrediten-a-los-docentes\/#respond"]}]},{"@type":"WebPage","@id":"https:\/\/webdelmaestrocmf.com\/portal\/carmen-guaita-ya-esta-bien-de-titulares-que-desacrediten-a-los-docentes\/","url":"https:\/\/webdelmaestrocmf.com\/portal\/carmen-guaita-ya-esta-bien-de-titulares-que-desacrediten-a-los-docentes\/","name":"Carmen Guaita: Ya est\u00e1 bien de titulares que desacrediten a los docentes - 2026","isPartOf":{"@id":"https:\/\/webdelmaestrocmf.com\/portal\/#website"},"primaryImageOfPage":{"@id":"https:\/\/webdelmaestrocmf.com\/portal\/carmen-guaita-ya-esta-bien-de-titulares-que-desacrediten-a-los-docentes\/#primaryimage"},"image":{"@id":"https:\/\/webdelmaestrocmf.com\/portal\/carmen-guaita-ya-esta-bien-de-titulares-que-desacrediten-a-los-docentes\/#primaryimage"},"thumbnailUrl":"https:\/\/webdelmaestrocmf.com\/portal\/wp-content\/uploads\/2023\/08\/1AA-Banner-1-portada-imagen-10-1-copia-22.webp","datePublished":"2023-08-19T23:51:14+00:00","dateModified":"2026-04-06T14:03:45+00:00","description":"Algunos estudios han investigado el papel de los docentes respecto a los deberes escolares, antes y despu\u00e9s de la realizaci\u00f3n...","breadcrumb":{"@id":"https:\/\/webdelmaestrocmf.com\/portal\/carmen-guaita-ya-esta-bien-de-titulares-que-desacrediten-a-los-docentes\/#breadcrumb"},"inLanguage":"es","potentialAction":[{"@type":"ReadAction","target":["https:\/\/webdelmaestrocmf.com\/portal\/carmen-guaita-ya-esta-bien-de-titulares-que-desacrediten-a-los-docentes\/"]}]},{"@type":"ImageObject","inLanguage":"es","@id":"https:\/\/webdelmaestrocmf.com\/portal\/carmen-guaita-ya-esta-bien-de-titulares-que-desacrediten-a-los-docentes\/#primaryimage","url":"https:\/\/webdelmaestrocmf.com\/portal\/wp-content\/uploads\/2023\/08\/1AA-Banner-1-portada-imagen-10-1-copia-22.webp","contentUrl":"https:\/\/webdelmaestrocmf.com\/portal\/wp-content\/uploads\/2023\/08\/1AA-Banner-1-portada-imagen-10-1-copia-22.webp","width":1200,"height":675},{"@type":"BreadcrumbList","@id":"https:\/\/webdelmaestrocmf.com\/portal\/carmen-guaita-ya-esta-bien-de-titulares-que-desacrediten-a-los-docentes\/#breadcrumb","itemListElement":[{"@type":"ListItem","position":1,"name":"Portada","item":"https:\/\/webdelmaestrocmf.com\/portal\/"},{"@type":"ListItem","position":2,"name":"Noticias","item":"https:\/\/webdelmaestrocmf.com\/portal\/category\/noticias\/"},{"@type":"ListItem","position":3,"name":"Carmen Guaita: Ya est\u00e1 bien de titulares que desacrediten a los docentes"}]},{"@type":"WebSite","@id":"https:\/\/webdelmaestrocmf.com\/portal\/#website","url":"https:\/\/webdelmaestrocmf.com\/portal\/","name":"Web del Maestro CMF","description":"Maestros al servicio de la educaci\u00f3n","publisher":{"@id":"https:\/\/webdelmaestrocmf.com\/portal\/#organization"},"alternateName":"WMCMF","potentialAction":[{"@type":"SearchAction","target":{"@type":"EntryPoint","urlTemplate":"https:\/\/webdelmaestrocmf.com\/portal\/?s={search_term_string}"},"query-input":{"@type":"PropertyValueSpecification","valueRequired":true,"valueName":"search_term_string"}}],"inLanguage":"es"},{"@type":"Organization","@id":"https:\/\/webdelmaestrocmf.com\/portal\/#organization","name":"Web del Maestro CMF","alternateName":"WMCMF","url":"https:\/\/webdelmaestrocmf.com\/portal\/","logo":{"@type":"ImageObject","inLanguage":"es","@id":"https:\/\/webdelmaestrocmf.com\/portal\/#\/schema\/logo\/image\/","url":"https:\/\/webdelmaestrocmf.com\/portal\/wp-content\/uploads\/2023\/01\/logo-wmcmf-2.png","contentUrl":"https:\/\/webdelmaestrocmf.com\/portal\/wp-content\/uploads\/2023\/01\/logo-wmcmf-2.png","width":200,"height":60,"caption":"Web del Maestro CMF"},"image":{"@id":"https:\/\/webdelmaestrocmf.com\/portal\/#\/schema\/logo\/image\/"},"sameAs":["https:\/\/www.facebook.com\/WebdelMaestroCMF\/","https:\/\/x.com\/cmf_w","https:\/\/www.pinterest.com\/WMCMF\/","https:\/\/www.linkedin.com\/company\/web-del-maestro-cmf\/","https:\/\/www.instagram.com\/wmcmf\/","https:\/\/www.youtube.com\/channel\/UCDPSvjbdodE5sHnC3OxutHw","https:\/\/mastodon.social\/@wmcmf","https:\/\/www.tiktok.com\/@webdelmaestrocmf"]},{"@type":"Person","@id":"https:\/\/webdelmaestrocmf.com\/portal\/#\/schema\/person\/1072a2ed7bd960df8ef99a551fa35dc5","name":"Web del Maestro CMF","image":{"@type":"ImageObject","inLanguage":"es","@id":"https:\/\/secure.gravatar.com\/avatar\/23291dd5b5ae1077dcff3dbb04c3e02bd28403fa75af6d8787d5e97c5bbbe30b?s=96&d=mm&r=g","url":"https:\/\/secure.gravatar.com\/avatar\/23291dd5b5ae1077dcff3dbb04c3e02bd28403fa75af6d8787d5e97c5bbbe30b?s=96&d=mm&r=g","contentUrl":"https:\/\/secure.gravatar.com\/avatar\/23291dd5b5ae1077dcff3dbb04c3e02bd28403fa75af6d8787d5e97c5bbbe30b?s=96&d=mm&r=g","caption":"Web del Maestro CMF"},"description":"Esta Web se cre\u00f3 sin fines de lucro, con fines educativos, cient\u00edficos y acad\u00e9micos, para personas que tengan dificultades y\/o inconvenientes en visualizar el material original. El objetivo es entregar recursos, compartir experiencias y materiales que ayuden a los padres de familia, maestros y estudiantes en su actualizaci\u00f3n y formaci\u00f3n permanente, en bien de la Educaci\u00f3n.","sameAs":["http:\/\/webdelmaestrocmf.com\/portal","https:\/\/www.facebook.com\/WebdelMaestroCMF\/","https:\/\/www.instagram.com\/wmcmf\/","https:\/\/cl.linkedin.com\/company\/web-del-maestro-cmf","https:\/\/www.pinterest.com\/WMCMF\/publicaciones\/","https:\/\/x.com\/cmf_w","https:\/\/www.youtube.com\/@WMCMF"]}]}},"jetpack_featured_media_url":"https:\/\/webdelmaestrocmf.com\/portal\/wp-content\/uploads\/2023\/08\/1AA-Banner-1-portada-imagen-10-1-copia-22.webp","jetpack_sharing_enabled":true,"jetpack-related-posts":[{"id":61499,"url":"https:\/\/webdelmaestrocmf.com\/portal\/ser-maestro-es-la-profesion-mas-bonita-del-mundo-quien-lo-probo-lo-sabe\/","url_meta":{"origin":92731,"position":0},"title":"Carmen Guaita: Ser maestro es la profesi\u00f3n m\u00e1s bonita del mundo. Quien lo prob\u00f3, lo sabe","author":"Web del Maestro CMF","date":"7 febrero, 2023","format":"video","excerpt":"Carmen Guaita afirma que educar es una relaci\u00f3n humana profunda que forma en valores y conocimiento. El docente gu\u00eda, inspira y transforma vidas, mientras el alumno aporta actitud y deseo de aprender.","rel":"","context":"En \u00abCharlas\u00bb","block_context":{"text":"Charlas","link":"https:\/\/webdelmaestrocmf.com\/portal\/category\/charlas\/"},"img":{"alt_text":"Carmen Guaita","src":"https:\/\/i0.wp.com\/webdelmaestrocmf.com\/portal\/wp-content\/uploads\/2023\/02\/A12B3C4D-2.jpg?resize=350%2C200&ssl=1","width":350,"height":200,"srcset":"https:\/\/i0.wp.com\/webdelmaestrocmf.com\/portal\/wp-content\/uploads\/2023\/02\/A12B3C4D-2.jpg?resize=350%2C200&ssl=1 1x, https:\/\/i0.wp.com\/webdelmaestrocmf.com\/portal\/wp-content\/uploads\/2023\/02\/A12B3C4D-2.jpg?resize=525%2C300&ssl=1 1.5x, https:\/\/i0.wp.com\/webdelmaestrocmf.com\/portal\/wp-content\/uploads\/2023\/02\/A12B3C4D-2.jpg?resize=700%2C400&ssl=1 2x"},"classes":[]},{"id":87823,"url":"https:\/\/webdelmaestrocmf.com\/portal\/los-nietos-son-un-sueno-cumplido-para-los-abuelos\/","url_meta":{"origin":92731,"position":1},"title":"Los nietos son un sue\u00f1o cumplido para los abuelos","author":"Web del Maestro CMF","date":"19 abril, 2023","format":"video","excerpt":"La escritora y profesora\u00a0espa\u00f1ola Carmen Guaita Fern\u00e1ndez\u00a0(C\u00e1diz, 1960), especializada en ensayos sobre \u00e9tica y educaci\u00f3n, es Licenciada en Filosof\u00eda, especialista en Ciencias Sociales y en Pedagog\u00eda Terap\u00e9utica. Ha sido profesora de la ense\u00f1anza p\u00fablica durante veintitr\u00e9s a\u00f1os. En la actualidad es vicepresidenta del sindicato de profesores ANPE, miembro de la\u2026","rel":"","context":"En \u00abAdolescente\u00bb","block_context":{"text":"Adolescente","link":"https:\/\/webdelmaestrocmf.com\/portal\/category\/adolescente\/"},"img":{"alt_text":"","src":"https:\/\/i0.wp.com\/webdelmaestrocmf.com\/portal\/wp-content\/uploads\/2023\/04\/A12B3C4D-26.jpg?resize=350%2C200&ssl=1","width":350,"height":200,"srcset":"https:\/\/i0.wp.com\/webdelmaestrocmf.com\/portal\/wp-content\/uploads\/2023\/04\/A12B3C4D-26.jpg?resize=350%2C200&ssl=1 1x, https:\/\/i0.wp.com\/webdelmaestrocmf.com\/portal\/wp-content\/uploads\/2023\/04\/A12B3C4D-26.jpg?resize=525%2C300&ssl=1 1.5x, https:\/\/i0.wp.com\/webdelmaestrocmf.com\/portal\/wp-content\/uploads\/2023\/04\/A12B3C4D-26.jpg?resize=700%2C400&ssl=1 2x"},"classes":[]},{"id":116811,"url":"https:\/\/webdelmaestrocmf.com\/portal\/madre-le-dice-basta-a-las-tareas-escolares-lo-que-un-nino-necesita-saber-se-puede-aprender-perfectamente-durante-las-horas-de-escuela\/","url_meta":{"origin":92731,"position":2},"title":"Madre le dice \u00abbasta\u00bb a las tareas escolares: Lo que un ni\u00f1o necesita saber, se puede aprender perfectamente durante las horas de escuela","author":"Web del Maestro CMF","date":"23 marzo, 2026","format":false,"excerpt":"Los deberes siempre se piden de hoy para ma\u00f1ana, y hay veces que, como padre, llegas a casa del trabajo y te encuentras que no puedes hacer nada con tus hijos.","rel":"","context":"En \u00abNoticias Internacionales\u00bb","block_context":{"text":"Noticias Internacionales","link":"https:\/\/webdelmaestrocmf.com\/portal\/category\/noticias-internacionales\/"},"img":{"alt_text":"","src":"https:\/\/i0.wp.com\/webdelmaestrocmf.com\/portal\/wp-content\/uploads\/2026\/03\/1AA-Banner-1-portada-imagen-10-1-copia-22.webp?resize=350%2C200&ssl=1","width":350,"height":200,"srcset":"https:\/\/i0.wp.com\/webdelmaestrocmf.com\/portal\/wp-content\/uploads\/2026\/03\/1AA-Banner-1-portada-imagen-10-1-copia-22.webp?resize=350%2C200&ssl=1 1x, https:\/\/i0.wp.com\/webdelmaestrocmf.com\/portal\/wp-content\/uploads\/2026\/03\/1AA-Banner-1-portada-imagen-10-1-copia-22.webp?resize=525%2C300&ssl=1 1.5x, https:\/\/i0.wp.com\/webdelmaestrocmf.com\/portal\/wp-content\/uploads\/2026\/03\/1AA-Banner-1-portada-imagen-10-1-copia-22.webp?resize=700%2C400&ssl=1 2x, https:\/\/i0.wp.com\/webdelmaestrocmf.com\/portal\/wp-content\/uploads\/2026\/03\/1AA-Banner-1-portada-imagen-10-1-copia-22.webp?resize=1050%2C600&ssl=1 3x"},"classes":[]},{"id":115322,"url":"https:\/\/webdelmaestrocmf.com\/portal\/se-propone-una-ley-para-reducir-el-numero-de-alumnos-por-aula-y-mejorar-la-calidad-de-ensenanza\/","url_meta":{"origin":92731,"position":3},"title":"Se propone una ley para reducir el n\u00famero de alumnos por aula y mejorar la calidad de ense\u00f1anza.","author":"Web del Maestro CMF","date":"12 febrero, 2026","format":false,"excerpt":"El Consejo Escolar del Estado ha apoyado este jueves sin oposici\u00f3n el anteproyecto de ley elaborado por el Gobierno para reducir el n\u00famero de estudiantes por clase y las horas lectivas del profesorado.","rel":"","context":"En \u00abNoticias Internacionales\u00bb","block_context":{"text":"Noticias Internacionales","link":"https:\/\/webdelmaestrocmf.com\/portal\/category\/noticias-internacionales\/"},"img":{"alt_text":"","src":"https:\/\/i0.wp.com\/webdelmaestrocmf.com\/portal\/wp-content\/uploads\/2026\/02\/1A-Banner-1-portada-imagen-10-1-copia-12.webp?resize=350%2C200&ssl=1","width":350,"height":200,"srcset":"https:\/\/i0.wp.com\/webdelmaestrocmf.com\/portal\/wp-content\/uploads\/2026\/02\/1A-Banner-1-portada-imagen-10-1-copia-12.webp?resize=350%2C200&ssl=1 1x, https:\/\/i0.wp.com\/webdelmaestrocmf.com\/portal\/wp-content\/uploads\/2026\/02\/1A-Banner-1-portada-imagen-10-1-copia-12.webp?resize=525%2C300&ssl=1 1.5x, https:\/\/i0.wp.com\/webdelmaestrocmf.com\/portal\/wp-content\/uploads\/2026\/02\/1A-Banner-1-portada-imagen-10-1-copia-12.webp?resize=700%2C400&ssl=1 2x"},"classes":[]},{"id":110879,"url":"https:\/\/webdelmaestrocmf.com\/portal\/presentan-iniciativa-para-proteger-a-docentes-ante-agresiones-en-escuelas\/","url_meta":{"origin":92731,"position":4},"title":"Presentan iniciativa para proteger a docentes ante agresiones en escuelas","author":"Web del Maestro CMF","date":"4 julio, 2025","format":false,"excerpt":"La propuesta busca frenar la violencia contra maestros, garantizar su integridad y promover ambientes escolares m\u00e1s seguros","rel":"","context":"En \u00abNoticias Internacionales\u00bb","block_context":{"text":"Noticias Internacionales","link":"https:\/\/webdelmaestrocmf.com\/portal\/category\/noticias-internacionales\/"},"img":{"alt_text":"","src":"https:\/\/i0.wp.com\/webdelmaestrocmf.com\/portal\/wp-content\/uploads\/2025\/07\/1A-Banner-1-portada-imagen-10-1-copia-47.jpg?resize=350%2C200&ssl=1","width":350,"height":200,"srcset":"https:\/\/i0.wp.com\/webdelmaestrocmf.com\/portal\/wp-content\/uploads\/2025\/07\/1A-Banner-1-portada-imagen-10-1-copia-47.jpg?resize=350%2C200&ssl=1 1x, https:\/\/i0.wp.com\/webdelmaestrocmf.com\/portal\/wp-content\/uploads\/2025\/07\/1A-Banner-1-portada-imagen-10-1-copia-47.jpg?resize=525%2C300&ssl=1 1.5x, https:\/\/i0.wp.com\/webdelmaestrocmf.com\/portal\/wp-content\/uploads\/2025\/07\/1A-Banner-1-portada-imagen-10-1-copia-47.jpg?resize=700%2C400&ssl=1 2x"},"classes":[]},{"id":102785,"url":"https:\/\/webdelmaestrocmf.com\/portal\/juan-carlos-monsalve-incorporacion-de-herramientas-tecnologicas-en-el-quehacer-docente-y-su-integracion-en-las-clases-escolares\/","url_meta":{"origin":92731,"position":5},"title":"[Juan Carlos Monsalve] Incorporaci\u00f3n de herramientas tecnol\u00f3gicas en el quehacer docente y su integraci\u00f3n en las clases escolares","author":"Web del Maestro CMF","date":"18 enero, 2024","format":false,"excerpt":"Se parte de la premisa de que las tecnolog\u00edas de la informaci\u00f3n y la comunicaci\u00f3n (TIC) son recursos que pueden mejorar la calidad educativa, siempre y cuando se usen de forma adecuada y pertinente. Para ello, se analizan los beneficios y los desaf\u00edos que supone la integraci\u00f3n de las TIC\u2026","rel":"","context":"En \u00abZ-Colaborador_Juan_Carlos_Monsalve\u00bb","block_context":{"text":"Z-Colaborador_Juan_Carlos_Monsalve","link":"https:\/\/webdelmaestrocmf.com\/portal\/category\/colaborador\/colaborador_juan_carlos_monsalve\/"},"img":{"alt_text":"tecnol\u00f3gicas","src":"https:\/\/i0.wp.com\/webdelmaestrocmf.com\/portal\/wp-content\/uploads\/2024\/01\/Banner-1-portada-imagen-10-30.jpg?resize=350%2C200&ssl=1","width":350,"height":200,"srcset":"https:\/\/i0.wp.com\/webdelmaestrocmf.com\/portal\/wp-content\/uploads\/2024\/01\/Banner-1-portada-imagen-10-30.jpg?resize=350%2C200&ssl=1 1x, https:\/\/i0.wp.com\/webdelmaestrocmf.com\/portal\/wp-content\/uploads\/2024\/01\/Banner-1-portada-imagen-10-30.jpg?resize=525%2C300&ssl=1 1.5x, https:\/\/i0.wp.com\/webdelmaestrocmf.com\/portal\/wp-content\/uploads\/2024\/01\/Banner-1-portada-imagen-10-30.jpg?resize=700%2C400&ssl=1 2x"},"classes":[]}],"_links":{"self":[{"href":"https:\/\/webdelmaestrocmf.com\/portal\/wp-json\/wp\/v2\/posts\/92731","targetHints":{"allow":["GET"]}}],"collection":[{"href":"https:\/\/webdelmaestrocmf.com\/portal\/wp-json\/wp\/v2\/posts"}],"about":[{"href":"https:\/\/webdelmaestrocmf.com\/portal\/wp-json\/wp\/v2\/types\/post"}],"author":[{"embeddable":true,"href":"https:\/\/webdelmaestrocmf.com\/portal\/wp-json\/wp\/v2\/users\/1"}],"replies":[{"embeddable":true,"href":"https:\/\/webdelmaestrocmf.com\/portal\/wp-json\/wp\/v2\/comments?post=92731"}],"version-history":[{"count":2,"href":"https:\/\/webdelmaestrocmf.com\/portal\/wp-json\/wp\/v2\/posts\/92731\/revisions"}],"predecessor-version":[{"id":117336,"href":"https:\/\/webdelmaestrocmf.com\/portal\/wp-json\/wp\/v2\/posts\/92731\/revisions\/117336"}],"wp:featuredmedia":[{"embeddable":true,"href":"https:\/\/webdelmaestrocmf.com\/portal\/wp-json\/wp\/v2\/media\/117337"}],"wp:attachment":[{"href":"https:\/\/webdelmaestrocmf.com\/portal\/wp-json\/wp\/v2\/media?parent=92731"}],"wp:term":[{"taxonomy":"category","embeddable":true,"href":"https:\/\/webdelmaestrocmf.com\/portal\/wp-json\/wp\/v2\/categories?post=92731"},{"taxonomy":"post_tag","embeddable":true,"href":"https:\/\/webdelmaestrocmf.com\/portal\/wp-json\/wp\/v2\/tags?post=92731"}],"curies":[{"name":"wp","href":"https:\/\/api.w.org\/{rel}","templated":true}]}}