{"id":92226,"date":"2023-08-14T19:22:29","date_gmt":"2023-08-14T23:22:29","guid":{"rendered":"https:\/\/webdelmaestrocmf.com\/portal\/?p=92226"},"modified":"2023-08-15T10:36:53","modified_gmt":"2023-08-15T14:36:53","slug":"nuevas-tendencias-en-tecnologias-de-informacion-que-profesiones-creamos-para-el-futuro","status":"publish","type":"post","link":"https:\/\/webdelmaestrocmf.com\/portal\/nuevas-tendencias-en-tecnologias-de-informacion-que-profesiones-creamos-para-el-futuro\/","title":{"rendered":"Nuevas tendencias en tecnolog\u00edas de informaci\u00f3n: \u00bfqu\u00e9 profesiones creamos para el futuro?"},"content":{"rendered":"<p style=\"text-align: justify;\"><strong>En el vertiginoso avance de la era tecnol\u00f3gica, las tendencias en tecnolog\u00edas de la informaci\u00f3n est\u00e1n trazando un futuro repleto de oportunidades y desaf\u00edos. A medida que la digitalizaci\u00f3n y la innovaci\u00f3n contin\u00faan moldeando nuestra sociedad, surge una pregunta crucial: \u00bfqu\u00e9 profesiones est\u00e1n surgiendo para abordar las nuevas demandas y posibilidades que estas tendencias plantean?<\/strong><!--more--><\/p>\n<p style=\"text-align: justify;\">En este panorama en constante cambio, la infograf\u00eda meticulosamente elaborada por <a href=\"https:\/\/www.linkedin.com\/posts\/net-learning_nuevas-tendencias-en-tecnolog%C3%ADas-de-informaci%C3%B3n-activity-6743142138919297025-GBNp?utm_source=share&amp;utm_medium=member_desktop\" target=\"_blank\" rel=\"noopener\">Jose Fernando Vial Vald\u00e9s<\/a> se alza como un faro de conocimiento, capturando las esencias de las principales tendencias tecnol\u00f3gicas y arrojando luz sobre las empresas l\u00edderes que participan en su evoluci\u00f3n.<\/p>\n<p style=\"text-align: justify;\">Desde la Inteligencia Artificial hasta el Blockchain, pasando por el Internet de las Cosas y la Ciberseguridad, estas tendencias tecnol\u00f3gicas est\u00e1n trastocando la forma en que concebimos la vida y los negocios. La interconexi\u00f3n global, la aceleraci\u00f3n de la informaci\u00f3n y la transformaci\u00f3n de los procesos tradicionales han generado un ecosistema en constante reinvenci\u00f3n. La infograf\u00eda sirve como una br\u00fajula para aquellos que buscan comprender y anticipar las oportunidades emergentes y las habilidades necesarias para prosperar en este nuevo entorno.<\/p>\n<p style=\"text-align: justify;\">A trav\u00e9s de esta infograf\u00eda, exploraremos de manera concisa y visual las tendencias que est\u00e1n dando forma a nuestra realidad y analizaremos c\u00f3mo las empresas l\u00edderes est\u00e1n contribuyendo al desarrollo de estas tecnolog\u00edas. A medida que avanzamos en este an\u00e1lisis, nos sumergiremos en un viaje que revela las claves para comprender y enfrentar los cambios que nos depara el futuro laboral en el \u00e1mbito de las tecnolog\u00edas de la informaci\u00f3n. En \u00faltima instancia, esta infograf\u00eda no solo captura la esencia de las tendencias, sino que tambi\u00e9n abre la puerta a la reflexi\u00f3n sobre las habilidades y profesiones que se est\u00e1n gestando para moldear el ma\u00f1ana.<\/p>\n<h4>Nuevas tendencias en tecnolog\u00edas de informaci\u00f3n: \u00bfqu\u00e9 profesiones creamos para el futuro?<\/h4>\n<p style=\"text-align: justify;\"><strong><a href=\"https:\/\/www.linkedin.com\/posts\/net-learning_nuevas-tendencias-en-tecnolog%C3%ADas-de-informaci%C3%B3n-activity-6743142138919297025-GBNp?utm_source=share&amp;utm_medium=member_desktop\" target=\"_blank\" rel=\"noopener\">Jose Fernando Vial Vald\u00e9s<\/a> <\/strong>ejerce el rol de<strong> Rector en el Centro de Formaci\u00f3n T\u00e9cnica Estatal<\/strong> de la regi\u00f3n de Los Lagos, en Chile. Hace tres a\u00f1os, a trav\u00e9s de sus plataformas en redes sociales, comparti\u00f3 una publicaci\u00f3n de gran relevancia con el t\u00edtulo: <strong>\u00abNuevas Tendencias en Tecnolog\u00edas de Informaci\u00f3n: Moldeando las Profesiones del Porvenir\u00bb<\/strong>. A continuaci\u00f3n, presentamos dicha publicaci\u00f3n \u00fanicamente con prop\u00f3sitos educativos y de difusi\u00f3n.<\/p>\n<p style=\"padding-left: 40px; text-align: justify;\">\u00abLos nuevos desarrollos en tecnolog\u00edas de informaci\u00f3n remodelar\u00e1n procesos en muchas organizaciones en sectores como los servicios, la manufactura, la educaci\u00f3n y la salud, con el objeto de lograr mayor eficiencia o cambiar cualitativamente procesos de negocios y producci\u00f3n. Muchos trabajadores ver\u00e1n amenazados sus puestos de trabajo y otros deber\u00e1n re-entrenarse; pero se crear\u00e1n tambi\u00e9n nuevas demandas de t\u00e9cnicos, profesionales y especializaciones, que las instituciones formativas debieran considerar desarrollar.<\/p>\n<p>A la hora de determinar cu\u00e1les son las nuevas tecnolog\u00edas con mayor potencial de impactar la econom\u00eda en los pr\u00f3ximos a\u00f1os, surge una gran variedad de expertos y puede advertirse coincidencias. M\u00e1s abajo enumero aquellas en las que me parece hay mayor acuerdo, en base a 2 edtechs que ofrecen certificacciones en IT (Simplilearn y Edureka!), una consultora (Deloitte US) y un consultor experto (Bernard Marr).<\/p>\n<ul>\n<li style=\"list-style-type: none;\">\n<ul>\n<li style=\"text-align: justify;\">Inteligencia Artificial<\/li>\n<li style=\"text-align: justify;\">Cloud y Edge Computing<\/li>\n<li style=\"text-align: justify;\">Realidad Extendida<\/li>\n<li style=\"text-align: justify;\">Internet de las Cosas<\/li>\n<li style=\"text-align: justify;\">Ciberseguridad<\/li>\n<li style=\"text-align: justify;\">Blockchain<\/li>\n<li style=\"text-align: justify;\">Automatizaci\u00f3n Rob\u00f3tica de Procesos<\/li>\n<li style=\"text-align: justify;\">An\u00e1lisis de Big Data<\/li>\n<\/ul>\n<\/li>\n<\/ul>\n<p style=\"padding-left: 40px;\">La infograf\u00eda resume estas tendencias y muestra algunas empresas l\u00edderes participando en su desarrollo\u00bb.<\/p>\n<p><a href=\"https:\/\/webdelmaestrocmf.com\/portal\/wp-content\/uploads\/2023\/08\/1596490582333.jpeg\"><img loading=\"lazy\" decoding=\"async\" class=\"alignnone wp-image-92227 size-large\" src=\"https:\/\/webdelmaestrocmf.com\/portal\/wp-content\/uploads\/2023\/08\/1596490582333-1024x703.jpeg\" alt=\"tendencias\" width=\"1024\" height=\"703\" srcset=\"https:\/\/webdelmaestrocmf.com\/portal\/wp-content\/uploads\/2023\/08\/1596490582333-1024x703.jpeg 1024w, https:\/\/webdelmaestrocmf.com\/portal\/wp-content\/uploads\/2023\/08\/1596490582333-300x206.jpeg 300w, https:\/\/webdelmaestrocmf.com\/portal\/wp-content\/uploads\/2023\/08\/1596490582333-768x528.jpeg 768w, https:\/\/webdelmaestrocmf.com\/portal\/wp-content\/uploads\/2023\/08\/1596490582333-380x261.jpeg 380w, https:\/\/webdelmaestrocmf.com\/portal\/wp-content\/uploads\/2023\/08\/1596490582333-550x378.jpeg 550w, https:\/\/webdelmaestrocmf.com\/portal\/wp-content\/uploads\/2023\/08\/1596490582333-800x549.jpeg 800w, https:\/\/webdelmaestrocmf.com\/portal\/wp-content\/uploads\/2023\/08\/1596490582333-1160x797.jpeg 1160w, https:\/\/webdelmaestrocmf.com\/portal\/wp-content\/uploads\/2023\/08\/1596490582333.jpeg 1536w\" sizes=\"auto, (max-width: 1024px) 100vw, 1024px\" \/><\/a><\/p>\n<p style=\"text-align: right;\"><strong>REDACCI\u00d3N WEB DEL MAESTRO CMF<\/strong><\/p>\n\t\t<div class=\"pk-inline-posts\">\n\t\t\t\n\t\t\t<div class=\"pk-inline-posts-container pk-inline-posts-template-list\"\n\t\t\t\tdata-columns=\"1\">\n\t\t\t\t\t\t<article id=\"post-114355\" class=\"post-114355 post type-post status-publish format-standard has-post-thumbnail category-docentes category-noticias-pedagogia category-pedagogia tag-derechos-del-nino tag-docentes-en-redes-sociales tag-educacion-responsable tag-etica-docente tag-legislacion-educativa tag-privacidad-infantil tag-profesores-influencers tag-proteccion-de-datos tag-uso-de-imagen cs-entry cs-video-wrap\">\n\t\t\t<div class=\"pk-post-outer\">\n\n\t\t\t\t\t\t\t\t<div class=\"pk-post-inner\">\n\t\t\t\t\t<div class=\"entry-thumbnail\">\n\t\t\t\t\t\t<div class=\"pk-overlay pk-overlay-ratio pk-ratio-landscape\">\n\t\t\t\t\t\t\t<div class=\"pk-overlay-background\">\n\t\t\t\t\t\t\t\t<a href=\"https:\/\/webdelmaestrocmf.com\/portal\/atencion-profesores-tiktokers-por-que-no-pueden-usar-imagenes-fotos-de-sus-estudiantes-en-redes-sociales-personales\/\" class=\"pk-overlay-link\">\n\t\t\t\t\t\t\t\t\t<img loading=\"lazy\" decoding=\"async\" width=\"300\" height=\"225\" src=\"https:\/\/webdelmaestrocmf.com\/portal\/wp-content\/uploads\/2025\/12\/1A-Banner-1-portada-imagen-10-1-copia-1-18-300x225.webp\" class=\"attachment-pk-thumbnail size-pk-thumbnail wp-post-image\" alt=\"\" \/>\t\t\t\t\t\t\t\t<\/a>\n\t\t\t\t\t\t\t<\/div>\n\t\t\t\t\t\t<\/div>\n\t\t\t\t\t<\/div>\n\t\t\t\t<\/div>\n\t\t\t\t\n\t\t\t\t<div class=\"pk-post-inner\">\n\t\t\t\t\t<header>\n\t\t\t\t\t\t<h3 class=\"pk-title\"><a href=\"https:\/\/webdelmaestrocmf.com\/portal\/atencion-profesores-tiktokers-por-que-no-pueden-usar-imagenes-fotos-de-sus-estudiantes-en-redes-sociales-personales\/\" rel=\"bookmark\">Atenci\u00f3n, profesores tiktokers: por qu\u00e9 no pueden usar im\u00e1genes (fotos) de sus estudiantes en redes sociales personales<\/a><\/h3>\t\t\t\t\t<\/header><!-- .entry-header -->\n\t\t\t\t<\/div><!-- .post-inner -->\n\n\t\t\t<\/div><!-- .post-outer -->\n\t\t<\/article>\n\t\t\t\t<\/div>\n\t\t<\/div>\n\t\t\n","protected":false},"excerpt":{"rendered":"En el vertiginoso avance de la era tecnol\u00f3gica, las tendencias en tecnolog\u00edas de la informaci\u00f3n est\u00e1n trazando un&hellip;","protected":false},"author":1,"featured_media":92232,"comment_status":"open","ping_status":"closed","sticky":false,"template":"","format":"standard","meta":{"csco_display_header_overlay":false,"csco_singular_sidebar":"","csco_page_header_type":"","csco_page_load_nextpost":"","csco_post_video_location":[],"csco_post_video_location_hash":"","csco_post_video_url":"","csco_post_video_bg_start_time":0,"csco_post_video_bg_end_time":0,"csco_post_video_bg_volume":false,"_jetpack_memberships_contains_paid_content":false,"footnotes":""},"categories":[5375],"tags":[18834,16467,18818,18819,18820,18829,18832,6369,18822,16443,18835,16451,16922,18823,18825,18827,18830,18833,18824,581,18831,16904,18826,18828,1235,2942,17382,5779,18817,1868,18815,18821,18814,849,1666,15821,18816],"class_list":{"0":"post-92226","1":"post","2":"type-post","3":"status-publish","4":"format-standard","5":"has-post-thumbnail","7":"category-noticias-pedagogia","8":"tag-que-profesiones","9":"tag-analisis-de-datos","10":"tag-automatizacion-robotica","11":"tag-big-data","12":"tag-blockchain","13":"tag-cambios-laborales","14":"tag-capacitacion-tecnologica","15":"tag-ciberseguridad","16":"tag-cloud-computing","17":"tag-competencias-digitales","18":"tag-creamos","19":"tag-desarrollo-de-habilidades","20":"tag-desarrollo-profesional","21":"tag-edge-computing","22":"tag-educacion-tecnologica","23":"tag-empresas-tecnologicas","24":"tag-estrategias-de-formacion","25":"tag-evolucion-tecnologica","26":"tag-formacion-tecnica","27":"tag-futuro","28":"tag-futuro-del-trabajo","29":"tag-habilidades-digitales","30":"tag-industria-4-0","31":"tag-industria-digital","32":"tag-informacion","33":"tag-innovacion-educativa","34":"tag-innovacion-tecnologica","35":"tag-inteligencia-artificial","36":"tag-internet-de-las-cosas","37":"tag-nuevas","38":"tag-profesiones-futuras","39":"tag-realidad-extendida","40":"tag-tecnologia-de-la-informacion","41":"tag-tecnologias","42":"tag-tendencias","43":"tag-tendencias-tecnologicas","44":"tag-transformacion-digital","45":"cs-entry","46":"cs-video-wrap"},"yoast_head":"<!-- This site is optimized with the Yoast SEO plugin v27.5 - https:\/\/yoast.com\/product\/yoast-seo-wordpress\/ -->\n<title>Nuevas tendencias en tecnolog\u00edas de informaci\u00f3n: \u00bfqu\u00e9 profesiones creamos para el futuro? - 2026<\/title>\n<meta name=\"description\" content=\"En el vertiginoso avance de la era tecnol\u00f3gica, las tendencias en tecnolog\u00edas de la informaci\u00f3n est\u00e1n trazando un futuro...\" \/>\n<meta name=\"robots\" content=\"index, follow, max-snippet:-1, max-image-preview:large, max-video-preview:-1\" \/>\n<link rel=\"canonical\" href=\"https:\/\/webdelmaestrocmf.com\/portal\/nuevas-tendencias-en-tecnologias-de-informacion-que-profesiones-creamos-para-el-futuro\/\" \/>\n<meta property=\"og:locale\" content=\"es_ES\" \/>\n<meta property=\"og:type\" content=\"article\" \/>\n<meta property=\"og:title\" content=\"Nuevas tendencias en tecnolog\u00edas de informaci\u00f3n: \u00bfqu\u00e9 profesiones creamos para el futuro? - 2026\" \/>\n<meta property=\"og:description\" content=\"En el vertiginoso avance de la era tecnol\u00f3gica, las tendencias en tecnolog\u00edas de la informaci\u00f3n est\u00e1n trazando un futuro...\" \/>\n<meta property=\"og:url\" content=\"https:\/\/webdelmaestrocmf.com\/portal\/nuevas-tendencias-en-tecnologias-de-informacion-que-profesiones-creamos-para-el-futuro\/\" \/>\n<meta property=\"og:site_name\" content=\"Web del Maestro CMF\" \/>\n<meta property=\"article:publisher\" content=\"https:\/\/www.facebook.com\/WebdelMaestroCMF\/\" \/>\n<meta property=\"article:author\" content=\"https:\/\/www.facebook.com\/WebdelMaestroCMF\/\" \/>\n<meta property=\"article:published_time\" content=\"2023-08-14T23:22:29+00:00\" \/>\n<meta property=\"article:modified_time\" content=\"2023-08-15T14:36:53+00:00\" \/>\n<meta property=\"og:image\" content=\"https:\/\/i0.wp.com\/webdelmaestrocmf.com\/portal\/wp-content\/uploads\/2023\/08\/A12B3C4D-7-1.jpg?fit=900%2C556&ssl=1\" \/>\n\t<meta property=\"og:image:width\" content=\"900\" \/>\n\t<meta property=\"og:image:height\" content=\"556\" \/>\n\t<meta property=\"og:image:type\" content=\"image\/jpeg\" \/>\n<meta name=\"author\" content=\"Web del Maestro CMF\" \/>\n<meta name=\"twitter:card\" content=\"summary_large_image\" \/>\n<meta name=\"twitter:creator\" content=\"@cmf_w\" \/>\n<meta name=\"twitter:site\" content=\"@cmf_w\" \/>\n<script type=\"application\/ld+json\" class=\"yoast-schema-graph\">{\"@context\":\"https:\\\/\\\/schema.org\",\"@graph\":[{\"@type\":\"ScholarlyArticle\",\"@id\":\"https:\\\/\\\/webdelmaestrocmf.com\\\/portal\\\/nuevas-tendencias-en-tecnologias-de-informacion-que-profesiones-creamos-para-el-futuro\\\/#article\",\"isPartOf\":{\"@id\":\"https:\\\/\\\/webdelmaestrocmf.com\\\/portal\\\/nuevas-tendencias-en-tecnologias-de-informacion-que-profesiones-creamos-para-el-futuro\\\/\"},\"author\":{\"name\":\"Web del Maestro CMF\",\"@id\":\"https:\\\/\\\/webdelmaestrocmf.com\\\/portal\\\/#\\\/schema\\\/person\\\/1072a2ed7bd960df8ef99a551fa35dc5\"},\"headline\":\"Nuevas tendencias en tecnolog\u00edas de informaci\u00f3n: \u00bfqu\u00e9 profesiones creamos para el futuro?\",\"datePublished\":\"2023-08-14T23:22:29+00:00\",\"dateModified\":\"2023-08-15T14:36:53+00:00\",\"mainEntityOfPage\":{\"@id\":\"https:\\\/\\\/webdelmaestrocmf.com\\\/portal\\\/nuevas-tendencias-en-tecnologias-de-informacion-que-profesiones-creamos-para-el-futuro\\\/\"},\"wordCount\":628,\"commentCount\":0,\"publisher\":{\"@id\":\"https:\\\/\\\/webdelmaestrocmf.com\\\/portal\\\/#organization\"},\"image\":{\"@id\":\"https:\\\/\\\/webdelmaestrocmf.com\\\/portal\\\/nuevas-tendencias-en-tecnologias-de-informacion-que-profesiones-creamos-para-el-futuro\\\/#primaryimage\"},\"thumbnailUrl\":\"https:\\\/\\\/webdelmaestrocmf.com\\\/portal\\\/wp-content\\\/uploads\\\/2023\\\/08\\\/A12B3C4D-7-1.jpg\",\"keywords\":[\"\u00bfqu\u00e9 profesiones\",\"An\u00e1lisis de datos\",\"Automatizaci\u00f3n Rob\u00f3tica\",\"Big Data\",\"Blockchain\",\"Cambios Laborales\",\"Capacitaci\u00f3n Tecnol\u00f3gica\",\"Ciberseguridad\",\"Cloud Computing\",\"Competencias digitales\",\"creamos\",\"Desarrollo de habilidades\",\"desarrollo profesional\",\"Edge Computing\",\"Educaci\u00f3n Tecnol\u00f3gica\",\"Empresas Tecnol\u00f3gicas\",\"Estrategias de Formaci\u00f3n\",\"Evoluci\u00f3n Tecnol\u00f3gica\",\"Formaci\u00f3n T\u00e9cnica\",\"futuro\",\"Futuro del Trabajo\",\"habilidades digitales\",\"Industria 4.0\",\"Industria Digital\",\"INFORMACI\u00d3N\",\"INNOVACI\u00d3N EDUCATIVA\",\"Innovaci\u00f3n tecnol\u00f3gica\",\"INTELIGENCIA ARTIFICIAL\",\"Internet de las Cosas\",\"NUEVAS\",\"Profesiones Futuras\",\"Realidad Extendida\",\"Tecnolog\u00eda de la Informaci\u00f3n\",\"TECNOLOG\u00cdAS\",\"TENDENCIAS\",\"TENDENCIAS TECNOL\u00d3GICAS\",\"Transformaci\u00f3n Digital\"],\"articleSection\":[\"Noticias\"],\"inLanguage\":\"es\",\"potentialAction\":[{\"@type\":\"CommentAction\",\"name\":\"Comment\",\"target\":[\"https:\\\/\\\/webdelmaestrocmf.com\\\/portal\\\/nuevas-tendencias-en-tecnologias-de-informacion-que-profesiones-creamos-para-el-futuro\\\/#respond\"]}]},{\"@type\":\"WebPage\",\"@id\":\"https:\\\/\\\/webdelmaestrocmf.com\\\/portal\\\/nuevas-tendencias-en-tecnologias-de-informacion-que-profesiones-creamos-para-el-futuro\\\/\",\"url\":\"https:\\\/\\\/webdelmaestrocmf.com\\\/portal\\\/nuevas-tendencias-en-tecnologias-de-informacion-que-profesiones-creamos-para-el-futuro\\\/\",\"name\":\"Nuevas tendencias en tecnolog\u00edas de informaci\u00f3n: \u00bfqu\u00e9 profesiones creamos para el futuro? - 2026\",\"isPartOf\":{\"@id\":\"https:\\\/\\\/webdelmaestrocmf.com\\\/portal\\\/#website\"},\"primaryImageOfPage\":{\"@id\":\"https:\\\/\\\/webdelmaestrocmf.com\\\/portal\\\/nuevas-tendencias-en-tecnologias-de-informacion-que-profesiones-creamos-para-el-futuro\\\/#primaryimage\"},\"image\":{\"@id\":\"https:\\\/\\\/webdelmaestrocmf.com\\\/portal\\\/nuevas-tendencias-en-tecnologias-de-informacion-que-profesiones-creamos-para-el-futuro\\\/#primaryimage\"},\"thumbnailUrl\":\"https:\\\/\\\/webdelmaestrocmf.com\\\/portal\\\/wp-content\\\/uploads\\\/2023\\\/08\\\/A12B3C4D-7-1.jpg\",\"datePublished\":\"2023-08-14T23:22:29+00:00\",\"dateModified\":\"2023-08-15T14:36:53+00:00\",\"description\":\"En el vertiginoso avance de la era tecnol\u00f3gica, las tendencias en tecnolog\u00edas de la informaci\u00f3n est\u00e1n trazando un futuro...\",\"breadcrumb\":{\"@id\":\"https:\\\/\\\/webdelmaestrocmf.com\\\/portal\\\/nuevas-tendencias-en-tecnologias-de-informacion-que-profesiones-creamos-para-el-futuro\\\/#breadcrumb\"},\"inLanguage\":\"es\",\"potentialAction\":[{\"@type\":\"ReadAction\",\"target\":[\"https:\\\/\\\/webdelmaestrocmf.com\\\/portal\\\/nuevas-tendencias-en-tecnologias-de-informacion-que-profesiones-creamos-para-el-futuro\\\/\"]}]},{\"@type\":\"ImageObject\",\"inLanguage\":\"es\",\"@id\":\"https:\\\/\\\/webdelmaestrocmf.com\\\/portal\\\/nuevas-tendencias-en-tecnologias-de-informacion-que-profesiones-creamos-para-el-futuro\\\/#primaryimage\",\"url\":\"https:\\\/\\\/webdelmaestrocmf.com\\\/portal\\\/wp-content\\\/uploads\\\/2023\\\/08\\\/A12B3C4D-7-1.jpg\",\"contentUrl\":\"https:\\\/\\\/webdelmaestrocmf.com\\\/portal\\\/wp-content\\\/uploads\\\/2023\\\/08\\\/A12B3C4D-7-1.jpg\",\"width\":900,\"height\":556},{\"@type\":\"BreadcrumbList\",\"@id\":\"https:\\\/\\\/webdelmaestrocmf.com\\\/portal\\\/nuevas-tendencias-en-tecnologias-de-informacion-que-profesiones-creamos-para-el-futuro\\\/#breadcrumb\",\"itemListElement\":[{\"@type\":\"ListItem\",\"position\":1,\"name\":\"Portada\",\"item\":\"https:\\\/\\\/webdelmaestrocmf.com\\\/portal\\\/\"},{\"@type\":\"ListItem\",\"position\":2,\"name\":\"Recursos\",\"item\":\"https:\\\/\\\/webdelmaestrocmf.com\\\/portal\\\/category\\\/pedagogia\\\/\"},{\"@type\":\"ListItem\",\"position\":3,\"name\":\"Noticias\",\"item\":\"https:\\\/\\\/webdelmaestrocmf.com\\\/portal\\\/category\\\/pedagogia\\\/noticias-pedagogia\\\/\"},{\"@type\":\"ListItem\",\"position\":4,\"name\":\"Nuevas tendencias en tecnolog\u00edas de informaci\u00f3n: \u00bfqu\u00e9 profesiones creamos para el futuro?\"}]},{\"@type\":\"WebSite\",\"@id\":\"https:\\\/\\\/webdelmaestrocmf.com\\\/portal\\\/#website\",\"url\":\"https:\\\/\\\/webdelmaestrocmf.com\\\/portal\\\/\",\"name\":\"Web del Maestro CMF\",\"description\":\"Maestros al servicio de la educaci\u00f3n\",\"publisher\":{\"@id\":\"https:\\\/\\\/webdelmaestrocmf.com\\\/portal\\\/#organization\"},\"alternateName\":\"WMCMF\",\"potentialAction\":[{\"@type\":\"SearchAction\",\"target\":{\"@type\":\"EntryPoint\",\"urlTemplate\":\"https:\\\/\\\/webdelmaestrocmf.com\\\/portal\\\/?s={search_term_string}\"},\"query-input\":{\"@type\":\"PropertyValueSpecification\",\"valueRequired\":true,\"valueName\":\"search_term_string\"}}],\"inLanguage\":\"es\"},{\"@type\":\"Organization\",\"@id\":\"https:\\\/\\\/webdelmaestrocmf.com\\\/portal\\\/#organization\",\"name\":\"Web del Maestro CMF\",\"alternateName\":\"WMCMF\",\"url\":\"https:\\\/\\\/webdelmaestrocmf.com\\\/portal\\\/\",\"logo\":{\"@type\":\"ImageObject\",\"inLanguage\":\"es\",\"@id\":\"https:\\\/\\\/webdelmaestrocmf.com\\\/portal\\\/#\\\/schema\\\/logo\\\/image\\\/\",\"url\":\"https:\\\/\\\/webdelmaestrocmf.com\\\/portal\\\/wp-content\\\/uploads\\\/2023\\\/01\\\/logo-wmcmf-2.png\",\"contentUrl\":\"https:\\\/\\\/webdelmaestrocmf.com\\\/portal\\\/wp-content\\\/uploads\\\/2023\\\/01\\\/logo-wmcmf-2.png\",\"width\":200,\"height\":60,\"caption\":\"Web del Maestro CMF\"},\"image\":{\"@id\":\"https:\\\/\\\/webdelmaestrocmf.com\\\/portal\\\/#\\\/schema\\\/logo\\\/image\\\/\"},\"sameAs\":[\"https:\\\/\\\/www.facebook.com\\\/WebdelMaestroCMF\\\/\",\"https:\\\/\\\/x.com\\\/cmf_w\",\"https:\\\/\\\/www.pinterest.com\\\/WMCMF\\\/\",\"https:\\\/\\\/www.linkedin.com\\\/company\\\/web-del-maestro-cmf\\\/\",\"https:\\\/\\\/www.instagram.com\\\/wmcmf\\\/\",\"https:\\\/\\\/www.youtube.com\\\/channel\\\/UCDPSvjbdodE5sHnC3OxutHw\",\"https:\\\/\\\/mastodon.social\\\/@wmcmf\",\"https:\\\/\\\/www.tiktok.com\\\/@webdelmaestrocmf\"]},{\"@type\":\"Person\",\"@id\":\"https:\\\/\\\/webdelmaestrocmf.com\\\/portal\\\/#\\\/schema\\\/person\\\/1072a2ed7bd960df8ef99a551fa35dc5\",\"name\":\"Web del Maestro CMF\",\"image\":{\"@type\":\"ImageObject\",\"inLanguage\":\"es\",\"@id\":\"https:\\\/\\\/secure.gravatar.com\\\/avatar\\\/23291dd5b5ae1077dcff3dbb04c3e02bd28403fa75af6d8787d5e97c5bbbe30b?s=96&d=mm&r=g\",\"url\":\"https:\\\/\\\/secure.gravatar.com\\\/avatar\\\/23291dd5b5ae1077dcff3dbb04c3e02bd28403fa75af6d8787d5e97c5bbbe30b?s=96&d=mm&r=g\",\"contentUrl\":\"https:\\\/\\\/secure.gravatar.com\\\/avatar\\\/23291dd5b5ae1077dcff3dbb04c3e02bd28403fa75af6d8787d5e97c5bbbe30b?s=96&d=mm&r=g\",\"caption\":\"Web del Maestro CMF\"},\"description\":\"Esta Web se cre\u00f3 sin fines de lucro, con fines educativos, cient\u00edficos y acad\u00e9micos, para personas que tengan dificultades y\\\/o inconvenientes en visualizar el material original. El objetivo es entregar recursos, compartir experiencias y materiales que ayuden a los padres de familia, maestros y estudiantes en su actualizaci\u00f3n y formaci\u00f3n permanente, en bien de la Educaci\u00f3n.\",\"sameAs\":[\"http:\\\/\\\/webdelmaestrocmf.com\\\/portal\",\"https:\\\/\\\/www.facebook.com\\\/WebdelMaestroCMF\\\/\",\"https:\\\/\\\/www.instagram.com\\\/wmcmf\\\/\",\"https:\\\/\\\/cl.linkedin.com\\\/company\\\/web-del-maestro-cmf\",\"https:\\\/\\\/www.pinterest.com\\\/WMCMF\\\/publicaciones\\\/\",\"https:\\\/\\\/x.com\\\/cmf_w\",\"https:\\\/\\\/www.youtube.com\\\/@WMCMF\"]}]}<\/script>\n<!-- \/ Yoast SEO plugin. -->","yoast_head_json":{"title":"Nuevas tendencias en tecnolog\u00edas de informaci\u00f3n: \u00bfqu\u00e9 profesiones creamos para el futuro? - 2026","description":"En el vertiginoso avance de la era tecnol\u00f3gica, las tendencias en tecnolog\u00edas de la informaci\u00f3n est\u00e1n trazando un futuro...","robots":{"index":"index","follow":"follow","max-snippet":"max-snippet:-1","max-image-preview":"max-image-preview:large","max-video-preview":"max-video-preview:-1"},"canonical":"https:\/\/webdelmaestrocmf.com\/portal\/nuevas-tendencias-en-tecnologias-de-informacion-que-profesiones-creamos-para-el-futuro\/","og_locale":"es_ES","og_type":"article","og_title":"Nuevas tendencias en tecnolog\u00edas de informaci\u00f3n: \u00bfqu\u00e9 profesiones creamos para el futuro? - 2026","og_description":"En el vertiginoso avance de la era tecnol\u00f3gica, las tendencias en tecnolog\u00edas de la informaci\u00f3n est\u00e1n trazando un futuro...","og_url":"https:\/\/webdelmaestrocmf.com\/portal\/nuevas-tendencias-en-tecnologias-de-informacion-que-profesiones-creamos-para-el-futuro\/","og_site_name":"Web del Maestro CMF","article_publisher":"https:\/\/www.facebook.com\/WebdelMaestroCMF\/","article_author":"https:\/\/www.facebook.com\/WebdelMaestroCMF\/","article_published_time":"2023-08-14T23:22:29+00:00","article_modified_time":"2023-08-15T14:36:53+00:00","og_image":[{"width":900,"height":556,"url":"https:\/\/i0.wp.com\/webdelmaestrocmf.com\/portal\/wp-content\/uploads\/2023\/08\/A12B3C4D-7-1.jpg?fit=900%2C556&ssl=1","type":"image\/jpeg"}],"author":"Web del Maestro CMF","twitter_card":"summary_large_image","twitter_creator":"@cmf_w","twitter_site":"@cmf_w","schema":{"@context":"https:\/\/schema.org","@graph":[{"@type":"ScholarlyArticle","@id":"https:\/\/webdelmaestrocmf.com\/portal\/nuevas-tendencias-en-tecnologias-de-informacion-que-profesiones-creamos-para-el-futuro\/#article","isPartOf":{"@id":"https:\/\/webdelmaestrocmf.com\/portal\/nuevas-tendencias-en-tecnologias-de-informacion-que-profesiones-creamos-para-el-futuro\/"},"author":{"name":"Web del Maestro CMF","@id":"https:\/\/webdelmaestrocmf.com\/portal\/#\/schema\/person\/1072a2ed7bd960df8ef99a551fa35dc5"},"headline":"Nuevas tendencias en tecnolog\u00edas de informaci\u00f3n: \u00bfqu\u00e9 profesiones creamos para el futuro?","datePublished":"2023-08-14T23:22:29+00:00","dateModified":"2023-08-15T14:36:53+00:00","mainEntityOfPage":{"@id":"https:\/\/webdelmaestrocmf.com\/portal\/nuevas-tendencias-en-tecnologias-de-informacion-que-profesiones-creamos-para-el-futuro\/"},"wordCount":628,"commentCount":0,"publisher":{"@id":"https:\/\/webdelmaestrocmf.com\/portal\/#organization"},"image":{"@id":"https:\/\/webdelmaestrocmf.com\/portal\/nuevas-tendencias-en-tecnologias-de-informacion-que-profesiones-creamos-para-el-futuro\/#primaryimage"},"thumbnailUrl":"https:\/\/webdelmaestrocmf.com\/portal\/wp-content\/uploads\/2023\/08\/A12B3C4D-7-1.jpg","keywords":["\u00bfqu\u00e9 profesiones","An\u00e1lisis de datos","Automatizaci\u00f3n Rob\u00f3tica","Big Data","Blockchain","Cambios Laborales","Capacitaci\u00f3n Tecnol\u00f3gica","Ciberseguridad","Cloud Computing","Competencias digitales","creamos","Desarrollo de habilidades","desarrollo profesional","Edge Computing","Educaci\u00f3n Tecnol\u00f3gica","Empresas Tecnol\u00f3gicas","Estrategias de Formaci\u00f3n","Evoluci\u00f3n Tecnol\u00f3gica","Formaci\u00f3n T\u00e9cnica","futuro","Futuro del Trabajo","habilidades digitales","Industria 4.0","Industria Digital","INFORMACI\u00d3N","INNOVACI\u00d3N EDUCATIVA","Innovaci\u00f3n tecnol\u00f3gica","INTELIGENCIA ARTIFICIAL","Internet de las Cosas","NUEVAS","Profesiones Futuras","Realidad Extendida","Tecnolog\u00eda de la Informaci\u00f3n","TECNOLOG\u00cdAS","TENDENCIAS","TENDENCIAS TECNOL\u00d3GICAS","Transformaci\u00f3n Digital"],"articleSection":["Noticias"],"inLanguage":"es","potentialAction":[{"@type":"CommentAction","name":"Comment","target":["https:\/\/webdelmaestrocmf.com\/portal\/nuevas-tendencias-en-tecnologias-de-informacion-que-profesiones-creamos-para-el-futuro\/#respond"]}]},{"@type":"WebPage","@id":"https:\/\/webdelmaestrocmf.com\/portal\/nuevas-tendencias-en-tecnologias-de-informacion-que-profesiones-creamos-para-el-futuro\/","url":"https:\/\/webdelmaestrocmf.com\/portal\/nuevas-tendencias-en-tecnologias-de-informacion-que-profesiones-creamos-para-el-futuro\/","name":"Nuevas tendencias en tecnolog\u00edas de informaci\u00f3n: \u00bfqu\u00e9 profesiones creamos para el futuro? - 2026","isPartOf":{"@id":"https:\/\/webdelmaestrocmf.com\/portal\/#website"},"primaryImageOfPage":{"@id":"https:\/\/webdelmaestrocmf.com\/portal\/nuevas-tendencias-en-tecnologias-de-informacion-que-profesiones-creamos-para-el-futuro\/#primaryimage"},"image":{"@id":"https:\/\/webdelmaestrocmf.com\/portal\/nuevas-tendencias-en-tecnologias-de-informacion-que-profesiones-creamos-para-el-futuro\/#primaryimage"},"thumbnailUrl":"https:\/\/webdelmaestrocmf.com\/portal\/wp-content\/uploads\/2023\/08\/A12B3C4D-7-1.jpg","datePublished":"2023-08-14T23:22:29+00:00","dateModified":"2023-08-15T14:36:53+00:00","description":"En el vertiginoso avance de la era tecnol\u00f3gica, las tendencias en tecnolog\u00edas de la informaci\u00f3n est\u00e1n trazando un futuro...","breadcrumb":{"@id":"https:\/\/webdelmaestrocmf.com\/portal\/nuevas-tendencias-en-tecnologias-de-informacion-que-profesiones-creamos-para-el-futuro\/#breadcrumb"},"inLanguage":"es","potentialAction":[{"@type":"ReadAction","target":["https:\/\/webdelmaestrocmf.com\/portal\/nuevas-tendencias-en-tecnologias-de-informacion-que-profesiones-creamos-para-el-futuro\/"]}]},{"@type":"ImageObject","inLanguage":"es","@id":"https:\/\/webdelmaestrocmf.com\/portal\/nuevas-tendencias-en-tecnologias-de-informacion-que-profesiones-creamos-para-el-futuro\/#primaryimage","url":"https:\/\/webdelmaestrocmf.com\/portal\/wp-content\/uploads\/2023\/08\/A12B3C4D-7-1.jpg","contentUrl":"https:\/\/webdelmaestrocmf.com\/portal\/wp-content\/uploads\/2023\/08\/A12B3C4D-7-1.jpg","width":900,"height":556},{"@type":"BreadcrumbList","@id":"https:\/\/webdelmaestrocmf.com\/portal\/nuevas-tendencias-en-tecnologias-de-informacion-que-profesiones-creamos-para-el-futuro\/#breadcrumb","itemListElement":[{"@type":"ListItem","position":1,"name":"Portada","item":"https:\/\/webdelmaestrocmf.com\/portal\/"},{"@type":"ListItem","position":2,"name":"Recursos","item":"https:\/\/webdelmaestrocmf.com\/portal\/category\/pedagogia\/"},{"@type":"ListItem","position":3,"name":"Noticias","item":"https:\/\/webdelmaestrocmf.com\/portal\/category\/pedagogia\/noticias-pedagogia\/"},{"@type":"ListItem","position":4,"name":"Nuevas tendencias en tecnolog\u00edas de informaci\u00f3n: \u00bfqu\u00e9 profesiones creamos para el futuro?"}]},{"@type":"WebSite","@id":"https:\/\/webdelmaestrocmf.com\/portal\/#website","url":"https:\/\/webdelmaestrocmf.com\/portal\/","name":"Web del Maestro CMF","description":"Maestros al servicio de la educaci\u00f3n","publisher":{"@id":"https:\/\/webdelmaestrocmf.com\/portal\/#organization"},"alternateName":"WMCMF","potentialAction":[{"@type":"SearchAction","target":{"@type":"EntryPoint","urlTemplate":"https:\/\/webdelmaestrocmf.com\/portal\/?s={search_term_string}"},"query-input":{"@type":"PropertyValueSpecification","valueRequired":true,"valueName":"search_term_string"}}],"inLanguage":"es"},{"@type":"Organization","@id":"https:\/\/webdelmaestrocmf.com\/portal\/#organization","name":"Web del Maestro CMF","alternateName":"WMCMF","url":"https:\/\/webdelmaestrocmf.com\/portal\/","logo":{"@type":"ImageObject","inLanguage":"es","@id":"https:\/\/webdelmaestrocmf.com\/portal\/#\/schema\/logo\/image\/","url":"https:\/\/webdelmaestrocmf.com\/portal\/wp-content\/uploads\/2023\/01\/logo-wmcmf-2.png","contentUrl":"https:\/\/webdelmaestrocmf.com\/portal\/wp-content\/uploads\/2023\/01\/logo-wmcmf-2.png","width":200,"height":60,"caption":"Web del Maestro CMF"},"image":{"@id":"https:\/\/webdelmaestrocmf.com\/portal\/#\/schema\/logo\/image\/"},"sameAs":["https:\/\/www.facebook.com\/WebdelMaestroCMF\/","https:\/\/x.com\/cmf_w","https:\/\/www.pinterest.com\/WMCMF\/","https:\/\/www.linkedin.com\/company\/web-del-maestro-cmf\/","https:\/\/www.instagram.com\/wmcmf\/","https:\/\/www.youtube.com\/channel\/UCDPSvjbdodE5sHnC3OxutHw","https:\/\/mastodon.social\/@wmcmf","https:\/\/www.tiktok.com\/@webdelmaestrocmf"]},{"@type":"Person","@id":"https:\/\/webdelmaestrocmf.com\/portal\/#\/schema\/person\/1072a2ed7bd960df8ef99a551fa35dc5","name":"Web del Maestro CMF","image":{"@type":"ImageObject","inLanguage":"es","@id":"https:\/\/secure.gravatar.com\/avatar\/23291dd5b5ae1077dcff3dbb04c3e02bd28403fa75af6d8787d5e97c5bbbe30b?s=96&d=mm&r=g","url":"https:\/\/secure.gravatar.com\/avatar\/23291dd5b5ae1077dcff3dbb04c3e02bd28403fa75af6d8787d5e97c5bbbe30b?s=96&d=mm&r=g","contentUrl":"https:\/\/secure.gravatar.com\/avatar\/23291dd5b5ae1077dcff3dbb04c3e02bd28403fa75af6d8787d5e97c5bbbe30b?s=96&d=mm&r=g","caption":"Web del Maestro CMF"},"description":"Esta Web se cre\u00f3 sin fines de lucro, con fines educativos, cient\u00edficos y acad\u00e9micos, para personas que tengan dificultades y\/o inconvenientes en visualizar el material original. El objetivo es entregar recursos, compartir experiencias y materiales que ayuden a los padres de familia, maestros y estudiantes en su actualizaci\u00f3n y formaci\u00f3n permanente, en bien de la Educaci\u00f3n.","sameAs":["http:\/\/webdelmaestrocmf.com\/portal","https:\/\/www.facebook.com\/WebdelMaestroCMF\/","https:\/\/www.instagram.com\/wmcmf\/","https:\/\/cl.linkedin.com\/company\/web-del-maestro-cmf","https:\/\/www.pinterest.com\/WMCMF\/publicaciones\/","https:\/\/x.com\/cmf_w","https:\/\/www.youtube.com\/@WMCMF"]}]}},"jetpack_featured_media_url":"https:\/\/webdelmaestrocmf.com\/portal\/wp-content\/uploads\/2023\/08\/A12B3C4D-7-1.jpg","jetpack_sharing_enabled":true,"jetpack-related-posts":[{"id":108089,"url":"https:\/\/webdelmaestrocmf.com\/portal\/las-habilidades-mas-demandadas-para-el-2030\/","url_meta":{"origin":92226,"position":0},"title":"Las habilidades m\u00e1s demandadas para el 2030","author":"Web del Maestro CMF","date":"23 febrero, 2025","format":false,"excerpt":"Estos aspectos permitir\u00e1 no solo mejorar la ense\u00f1anza, sino tambi\u00e9n garantizar que las pr\u00f3ximas generaciones cuenten con los recursos necesarios para enfrentar los desaf\u00edos del futuro","rel":"","context":"En \u00abHabilidades\u00bb","block_context":{"text":"Habilidades","link":"https:\/\/webdelmaestrocmf.com\/portal\/category\/pedagogia\/habilidades\/"},"img":{"alt_text":"","src":"https:\/\/i0.wp.com\/webdelmaestrocmf.com\/portal\/wp-content\/uploads\/2025\/02\/1A-Banner-1-portada-imagen-10-1-92.jpg?resize=350%2C200&ssl=1","width":350,"height":200,"srcset":"https:\/\/i0.wp.com\/webdelmaestrocmf.com\/portal\/wp-content\/uploads\/2025\/02\/1A-Banner-1-portada-imagen-10-1-92.jpg?resize=350%2C200&ssl=1 1x, https:\/\/i0.wp.com\/webdelmaestrocmf.com\/portal\/wp-content\/uploads\/2025\/02\/1A-Banner-1-portada-imagen-10-1-92.jpg?resize=525%2C300&ssl=1 1.5x, https:\/\/i0.wp.com\/webdelmaestrocmf.com\/portal\/wp-content\/uploads\/2025\/02\/1A-Banner-1-portada-imagen-10-1-92.jpg?resize=700%2C400&ssl=1 2x"},"classes":[]},{"id":43212,"url":"https:\/\/webdelmaestrocmf.com\/portal\/la-educacion-digital-tendencias-y-cambios-educativos\/","url_meta":{"origin":92226,"position":1},"title":"La Educaci\u00f3n Digital: Tendencias y Cambios educativos","author":"Web del Maestro CMF","date":"4 enero, 2020","format":false,"excerpt":"Los estudiantes que est\u00e1n hoy en nuestras aulas, no sabemos qu\u00e9 ser\u00e1n en el futuro, \u201cpero deber\u00e1n tener los recursos necesarios para adaptarse a lo que venga\u201d. Nos referimos a los conocimientos, las herramientas y habilidades que necesitar\u00e1n entender, aprender y aplicar en su vida personal y laboral, y no\u2026","rel":"","context":"En \u00abYo opino - WMCMF\u00bb","block_context":{"text":"Yo opino - WMCMF","link":"https:\/\/webdelmaestrocmf.com\/portal\/category\/jamb\/"},"img":{"alt_text":"","src":"https:\/\/i0.wp.com\/webdelmaestrocmf.com\/portal\/wp-content\/uploads\/2020\/01\/1-5.jpg?resize=350%2C200&ssl=1","width":350,"height":200,"srcset":"https:\/\/i0.wp.com\/webdelmaestrocmf.com\/portal\/wp-content\/uploads\/2020\/01\/1-5.jpg?resize=350%2C200&ssl=1 1x, https:\/\/i0.wp.com\/webdelmaestrocmf.com\/portal\/wp-content\/uploads\/2020\/01\/1-5.jpg?resize=525%2C300&ssl=1 1.5x, https:\/\/i0.wp.com\/webdelmaestrocmf.com\/portal\/wp-content\/uploads\/2020\/01\/1-5.jpg?resize=700%2C400&ssl=1 2x, https:\/\/i0.wp.com\/webdelmaestrocmf.com\/portal\/wp-content\/uploads\/2020\/01\/1-5.jpg?resize=1050%2C600&ssl=1 3x"},"classes":[]},{"id":58297,"url":"https:\/\/webdelmaestrocmf.com\/portal\/transformacion-digital-estas-son-las-siete-tendencias-en-educacion-que-emergieron-con-la-pandemia\/","url_meta":{"origin":92226,"position":2},"title":"Transformaci\u00f3n digital: estas son las siete tendencias en educaci\u00f3n que emergieron con la pandemia y que los docentes deben dominar para sus clases presenciales","author":"Web del Maestro CMF","date":"26 diciembre, 2021","format":false,"excerpt":"Cada revoluci\u00f3n industrial fue catalizada por una importante evoluci\u00f3n tecnol\u00f3gica. Hoy no es diferente. Con el 90 por ciento de los datos del mundo producidos en los \u00faltimos dos a\u00f1os y m\u00e1s de 26 mil millones de dispositivos inteligentes en circulaci\u00f3n, estamos viviendo en una era de innovaci\u00f3n tecnol\u00f3gica sin\u2026","rel":"","context":"En \u00abNoticias\u00bb","block_context":{"text":"Noticias","link":"https:\/\/webdelmaestrocmf.com\/portal\/category\/pedagogia\/noticias-pedagogia\/"},"img":{"alt_text":"","src":"https:\/\/i0.wp.com\/webdelmaestrocmf.com\/portal\/wp-content\/uploads\/2021\/01\/1-167.jpg?resize=350%2C200&ssl=1","width":350,"height":200,"srcset":"https:\/\/i0.wp.com\/webdelmaestrocmf.com\/portal\/wp-content\/uploads\/2021\/01\/1-167.jpg?resize=350%2C200&ssl=1 1x, https:\/\/i0.wp.com\/webdelmaestrocmf.com\/portal\/wp-content\/uploads\/2021\/01\/1-167.jpg?resize=525%2C300&ssl=1 1.5x, https:\/\/i0.wp.com\/webdelmaestrocmf.com\/portal\/wp-content\/uploads\/2021\/01\/1-167.jpg?resize=700%2C400&ssl=1 2x, https:\/\/i0.wp.com\/webdelmaestrocmf.com\/portal\/wp-content\/uploads\/2021\/01\/1-167.jpg?resize=1050%2C600&ssl=1 3x"},"classes":[]},{"id":81867,"url":"https:\/\/webdelmaestrocmf.com\/portal\/juan-carlos-monsalve-lo-que-deben-aprender-hoy-los-estudiantes-para-ser-protagonistas-en-el-futuro\/","url_meta":{"origin":92226,"position":3},"title":"[Juan Carlos Monsalve] Lo que deben aprender hoy los estudiantes para ser protagonistas en el futuro","author":"Web del Maestro CMF","date":"30 diciembre, 2022","format":false,"excerpt":"En una sociedad din\u00e1mica y cambiante se hace imprescindible ense\u00f1ar a los estudiantes, el desarrollo de sus capacidades necesarias haciendo uso adecuado de la tecnolog\u00eda. Se hace imperativo el aprendizaje de las habilidades digitales que se est\u00e1n impulsando y consolidando en todos los campos del saber, as\u00ed como aumentar la\u2026","rel":"","context":"En \u00abZ-Colaborador_Juan_Carlos_Monsalve\u00bb","block_context":{"text":"Z-Colaborador_Juan_Carlos_Monsalve","link":"https:\/\/webdelmaestrocmf.com\/portal\/category\/colaborador\/colaborador_juan_carlos_monsalve\/"},"img":{"alt_text":"","src":"https:\/\/i0.wp.com\/webdelmaestrocmf.com\/portal\/wp-content\/uploads\/2022\/12\/1-23.jpg?resize=350%2C200&ssl=1","width":350,"height":200,"srcset":"https:\/\/i0.wp.com\/webdelmaestrocmf.com\/portal\/wp-content\/uploads\/2022\/12\/1-23.jpg?resize=350%2C200&ssl=1 1x, https:\/\/i0.wp.com\/webdelmaestrocmf.com\/portal\/wp-content\/uploads\/2022\/12\/1-23.jpg?resize=525%2C300&ssl=1 1.5x, https:\/\/i0.wp.com\/webdelmaestrocmf.com\/portal\/wp-content\/uploads\/2022\/12\/1-23.jpg?resize=700%2C400&ssl=1 2x"},"classes":[]},{"id":86280,"url":"https:\/\/webdelmaestrocmf.com\/portal\/8-tendencias-que-impactaran-los-procesos-de-aprendizaje-segun-google-for-education\/","url_meta":{"origin":92226,"position":4},"title":"8 tendencias que impactar\u00e1n los procesos de aprendizaje, seg\u00fan Google for Education","author":"Web del Maestro CMF","date":"26 marzo, 2023","format":false,"excerpt":"Una investigaci\u00f3n impulsada por Google explica c\u00f3mo ser\u00e1 la experiencia educativa en los pr\u00f3ximos a\u00f1os. Se estima una mayor influencia tecnol\u00f3gica en las aulas, lo que demandar\u00e1 mayor apoyo y compromiso por parte de las instituciones educativas, docentes y padres de familia respecto al uso que dan los estudiantes a\u2026","rel":"","context":"En \u00abRecursos\u00bb","block_context":{"text":"Recursos","link":"https:\/\/webdelmaestrocmf.com\/portal\/category\/pedagogia\/"},"img":{"alt_text":"","src":"https:\/\/i0.wp.com\/webdelmaestrocmf.com\/portal\/wp-content\/uploads\/2023\/03\/A12B3C4D-44.jpg?resize=350%2C200&ssl=1","width":350,"height":200,"srcset":"https:\/\/i0.wp.com\/webdelmaestrocmf.com\/portal\/wp-content\/uploads\/2023\/03\/A12B3C4D-44.jpg?resize=350%2C200&ssl=1 1x, https:\/\/i0.wp.com\/webdelmaestrocmf.com\/portal\/wp-content\/uploads\/2023\/03\/A12B3C4D-44.jpg?resize=525%2C300&ssl=1 1.5x, https:\/\/i0.wp.com\/webdelmaestrocmf.com\/portal\/wp-content\/uploads\/2023\/03\/A12B3C4D-44.jpg?resize=700%2C400&ssl=1 2x"},"classes":[]},{"id":76696,"url":"https:\/\/webdelmaestrocmf.com\/portal\/5-tendencias-en-tecnologia-educativa-que-estan-por-venir-maestro-esta-preparado-cuales-domina\/","url_meta":{"origin":92226,"position":5},"title":"5 tendencias en tecnolog\u00eda educativa que est\u00e1n por venir. Maestro \u00bfEst\u00e1 preparado? \u00bfCu\u00e1les domina?","author":"Web del Maestro CMF","date":"27 abril, 2022","format":false,"excerpt":"En el pasado, se han implementado varias tendencias en el sector de la educaci\u00f3n con diversos grados de \u00e9xito, pero las tendencias que trajeron los \u00faltimos a\u00f1os en el sector han cambiado por completo la din\u00e1mica del sector y seguramente est\u00e1n aqu\u00ed para quedarse en el futuro previsible. Desde la\u2026","rel":"","context":"En \u00abInformativo\u00bb","block_context":{"text":"Informativo","link":"https:\/\/webdelmaestrocmf.com\/portal\/category\/tecnologia\/informativo-tecnologia\/"},"img":{"alt_text":"","src":"https:\/\/i0.wp.com\/webdelmaestrocmf.com\/portal\/wp-content\/uploads\/2022\/04\/1aa-9.jpg?resize=350%2C200&ssl=1","width":350,"height":200,"srcset":"https:\/\/i0.wp.com\/webdelmaestrocmf.com\/portal\/wp-content\/uploads\/2022\/04\/1aa-9.jpg?resize=350%2C200&ssl=1 1x, https:\/\/i0.wp.com\/webdelmaestrocmf.com\/portal\/wp-content\/uploads\/2022\/04\/1aa-9.jpg?resize=525%2C300&ssl=1 1.5x, https:\/\/i0.wp.com\/webdelmaestrocmf.com\/portal\/wp-content\/uploads\/2022\/04\/1aa-9.jpg?resize=700%2C400&ssl=1 2x, https:\/\/i0.wp.com\/webdelmaestrocmf.com\/portal\/wp-content\/uploads\/2022\/04\/1aa-9.jpg?resize=1050%2C600&ssl=1 3x"},"classes":[]}],"_links":{"self":[{"href":"https:\/\/webdelmaestrocmf.com\/portal\/wp-json\/wp\/v2\/posts\/92226","targetHints":{"allow":["GET"]}}],"collection":[{"href":"https:\/\/webdelmaestrocmf.com\/portal\/wp-json\/wp\/v2\/posts"}],"about":[{"href":"https:\/\/webdelmaestrocmf.com\/portal\/wp-json\/wp\/v2\/types\/post"}],"author":[{"embeddable":true,"href":"https:\/\/webdelmaestrocmf.com\/portal\/wp-json\/wp\/v2\/users\/1"}],"replies":[{"embeddable":true,"href":"https:\/\/webdelmaestrocmf.com\/portal\/wp-json\/wp\/v2\/comments?post=92226"}],"version-history":[{"count":0,"href":"https:\/\/webdelmaestrocmf.com\/portal\/wp-json\/wp\/v2\/posts\/92226\/revisions"}],"wp:featuredmedia":[{"embeddable":true,"href":"https:\/\/webdelmaestrocmf.com\/portal\/wp-json\/wp\/v2\/media\/92232"}],"wp:attachment":[{"href":"https:\/\/webdelmaestrocmf.com\/portal\/wp-json\/wp\/v2\/media?parent=92226"}],"wp:term":[{"taxonomy":"category","embeddable":true,"href":"https:\/\/webdelmaestrocmf.com\/portal\/wp-json\/wp\/v2\/categories?post=92226"},{"taxonomy":"post_tag","embeddable":true,"href":"https:\/\/webdelmaestrocmf.com\/portal\/wp-json\/wp\/v2\/tags?post=92226"}],"curies":[{"name":"wp","href":"https:\/\/api.w.org\/{rel}","templated":true}]}}