{"id":9170,"date":"2020-05-26T20:42:45","date_gmt":"2020-05-27T00:42:45","guid":{"rendered":"http:\/\/webdelmaestrocmf.com\/inicio\/?p=9170"},"modified":"2023-01-02T18:53:55","modified_gmt":"2023-01-02T21:53:55","slug":"las-caricias-son-tan-necesarias-como-la-comida-o-la-bebida","status":"publish","type":"post","link":"https:\/\/webdelmaestrocmf.com\/portal\/las-caricias-son-tan-necesarias-como-la-comida-o-la-bebida\/","title":{"rendered":"Claude Steiner: Las caricias son tan necesarias como la comida o la bebida"},"content":{"rendered":"<h5 style=\"text-align: justify;\">El psic\u00f3logo <strong>Claude Steiner,<\/strong> protagonista del <strong>Congreso Internacional de Inteligencia Emocional y Bienestar<\/strong>, defiende la importancia de identificar y controlar las emociones para obtener efectos positivos de ellas. Anima a las<strong> personas a acariciarse,<\/strong> con el tacto y con las palabras, y a expresar sus sentimientos sin miedo para ser felices.<\/h5>\n<p><!--more--><\/p>\n<h5 style=\"text-align: justify;\">Claude Steiner naci\u00f3 en Francia, pero su familia es de origen austriaco, estudi\u00f3 en Estados Unidos y vivi\u00f3 durante mucho tiempo en M\u00e9xico.\u00a0 <strong>Visit\u00f3 Zaragoza para participar en el Congreso Internacional de Inteligencia Emocional y Bienestar<\/strong>, en el que cientos de expertos procedentes de todo el mundo han trabajado en la b\u00fasqueda de la felicidad.<\/h5>\n<p style=\"text-align: justify;\">Considerado uno de los padres del an\u00e1lisis transaccional y de la psiquiatr\u00eda radical, Steiner ha estudiado en profundidad la relaci\u00f3n entre la informaci\u00f3n racional y las emociones, y c\u00f3mo \u00e9stas influyen en la vida de las personas. En sus conferencias, es capaz de conseguir que el p\u00fablico intercambie \u201ccaricias\u201d en forma de halagos.<\/p>\n<h5><strong>\u00bfQu\u00e9 es la inteligencia emocional?<\/strong><\/h5>\n<p style=\"text-align: justify;\">La inteligencia emocional est\u00e1 basada en la capacidad de entender nuestras propias emociones y las de otros. Eso significa no s\u00f3lo identificar qu\u00e9 emoci\u00f3n sentimos en cada momento -rabia, amor, tristeza, miedo, alegr\u00eda-, sino adem\u00e1s conocer su intensidad y su causa, porque las emociones no son caprichosas, siempre tienen una raz\u00f3n. Una vez capaces de entender las emociones propias y tambi\u00e9n las ajenas a trav\u00e9s de la empat\u00eda, es importante aprender a controlarlas de forma que tengan efectos positivos, incluso si son emociones negativas, para que nos beneficien no solo a nosotros mismos sino tambi\u00e9n a las personas a nuestro alrededor.<\/p>\n<p><a href=\"https:\/\/webdelmaestrocmf.com\/portal\/wp-content\/uploads\/2020\/05\/1-67.jpg\"><img loading=\"lazy\" decoding=\"async\" class=\"alignnone size-large wp-image-61986\" src=\"https:\/\/webdelmaestrocmf.com\/portal\/wp-content\/uploads\/2020\/05\/1-67-1024x633.jpg\" alt=\"\" width=\"1024\" height=\"633\" srcset=\"https:\/\/webdelmaestrocmf.com\/portal\/wp-content\/uploads\/2020\/05\/1-67-1024x633.jpg 1024w, https:\/\/webdelmaestrocmf.com\/portal\/wp-content\/uploads\/2020\/05\/1-67-300x185.jpg 300w, https:\/\/webdelmaestrocmf.com\/portal\/wp-content\/uploads\/2020\/05\/1-67-768x475.jpg 768w, https:\/\/webdelmaestrocmf.com\/portal\/wp-content\/uploads\/2020\/05\/1-67-110x68.jpg 110w, https:\/\/webdelmaestrocmf.com\/portal\/wp-content\/uploads\/2020\/05\/1-67-200x124.jpg 200w, https:\/\/webdelmaestrocmf.com\/portal\/wp-content\/uploads\/2020\/05\/1-67-380x235.jpg 380w, https:\/\/webdelmaestrocmf.com\/portal\/wp-content\/uploads\/2020\/05\/1-67-255x158.jpg 255w, https:\/\/webdelmaestrocmf.com\/portal\/wp-content\/uploads\/2020\/05\/1-67-550x340.jpg 550w, https:\/\/webdelmaestrocmf.com\/portal\/wp-content\/uploads\/2020\/05\/1-67-800x495.jpg 800w, https:\/\/webdelmaestrocmf.com\/portal\/wp-content\/uploads\/2020\/05\/1-67-220x136.jpg 220w, https:\/\/webdelmaestrocmf.com\/portal\/wp-content\/uploads\/2020\/05\/1-67-400x247.jpg 400w, https:\/\/webdelmaestrocmf.com\/portal\/wp-content\/uploads\/2020\/05\/1-67-760x470.jpg 760w, https:\/\/webdelmaestrocmf.com\/portal\/wp-content\/uploads\/2020\/05\/1-67-510x315.jpg 510w, https:\/\/webdelmaestrocmf.com\/portal\/wp-content\/uploads\/2020\/05\/1-67-600x371.jpg 600w, https:\/\/webdelmaestrocmf.com\/portal\/wp-content\/uploads\/2020\/05\/1-67.jpg 1100w\" sizes=\"auto, (max-width: 1024px) 100vw, 1024px\" \/><\/a><\/p>\n<h5><strong>Llevemos ese concepto a la pr\u00e1ctica. En Espa\u00f1a, uno de los problemas sociales m\u00e1s importantes actualmente es la elevada tasa de paro. \u00bfC\u00f3mo podr\u00eda un desempleado controlar sus emociones de rabia y desesperaci\u00f3n para sacar algo positivo?<\/strong><\/h5>\n<p style=\"text-align: justify;\">Cualquier persona desempleada atraviesa un proceso tremendamente doloroso, sobre todo si lleva mucho tiempo sin trabajo y llega a pensar que ya nunca lo encontrar\u00e1. Estas emociones pueden aliviarse en parte pero son muy reales y es posible que no desaparezcan. Uno puede sentirse mejor al reunirse con otras personas que tienen el mismo problema. Puede compartir con otros desempleados la rabia hacia el Gobierno, la tristeza de no poder mantener a su familia o el miedo de no volver a trabajar. Estas emociones se pueden comunicar para que no sean tan pesadas, pero a fin de cuentas son reales y no se pueden evitar.<\/p>\n<h5><strong>Caricias y nuevas tecnolog\u00edas<\/strong><\/h5>\n<h5><strong>Usted propone que todas las personas vivimos en un estado continuo de hambre de caricias. \u00bfPuede ocurrir que los mensajes de m\u00f3vil y las redes sociales acaben sustituyendo a las caricias reales y recurramos a ese tipo de comunicaci\u00f3n para saciar ese apetito de est\u00edmulos?<\/strong><\/h5>\n<p style=\"text-align: justify;\">El apetito de caricias es igual que el de comida, lo tenemos y no lo podemos cambiar. Si no comes, vas a morir de hambre. Si no tienes bastantes caricias, te vas a deprimir e incluso puedes morir de depresi\u00f3n. Las caricias son tan necesarias como la comida y la bebida. Qu\u00e9 va a pasar con toda la gente que est\u00e1 sustituyendo caricias reales por virtuales es una pregunta importante y no s\u00e9 la respuesta. Da miedo. Si no aprendes a comunicarte personalmente, cuando llegue el momento de casarte o tener hijos, no sabr\u00e1s como manejar relaciones reales en lugar de virtuales. Porque virtualmente no puedes estar casado ni tener ni\u00f1os. Podemos anticipar problemas debidos a este cambio, aunque no s\u00e9 cu\u00e1les ser\u00e1n.<\/p>\n<p><img loading=\"lazy\" decoding=\"async\" class=\"alignnone wp-image-68978\" src=\"https:\/\/webdelmaestrocmf.com\/portal\/wp-content\/uploads\/2020\/05\/hqdefault.jpg\" alt=\"\" width=\"717\" height=\"538\" srcset=\"https:\/\/webdelmaestrocmf.com\/portal\/wp-content\/uploads\/2020\/05\/hqdefault.jpg 480w, https:\/\/webdelmaestrocmf.com\/portal\/wp-content\/uploads\/2020\/05\/hqdefault-300x225.jpg 300w, https:\/\/webdelmaestrocmf.com\/portal\/wp-content\/uploads\/2020\/05\/hqdefault-110x83.jpg 110w, https:\/\/webdelmaestrocmf.com\/portal\/wp-content\/uploads\/2020\/05\/hqdefault-200x150.jpg 200w, https:\/\/webdelmaestrocmf.com\/portal\/wp-content\/uploads\/2020\/05\/hqdefault-380x285.jpg 380w, https:\/\/webdelmaestrocmf.com\/portal\/wp-content\/uploads\/2020\/05\/hqdefault-255x191.jpg 255w\" sizes=\"auto, (max-width: 717px) 100vw, 717px\" \/><\/p>\n<h5><strong>Igual que tenemos hambre de caricias, dice usted que tenemos hambre de informaci\u00f3n. \u00bfDeber\u00edamos marcarnos algunos l\u00edmites para no consumir toda la que hay disponible hoy en d\u00eda?<\/strong><\/h5>\n<p style=\"text-align: justify;\">Est\u00e1 claro que uno necesita aprender a filtrar la informaci\u00f3n de Internet porque existe tal cantidad que podr\u00edamos pasarnos toda la vida viendo videos de Youtube y nunca terminar\u00edamos de verlos todos. Adem\u00e1s hay que tener cuidado, porque incluso yo he descubierto que algunas de las cosas que Wikipedia dice sobre m\u00ed no son ciertas. Aunque la verdad es que es imposible corregir todo lo que pueda haber mal, y ni siquiera es necesario.<\/p>\n<h5><strong>Emociones universales<\/strong><\/h5>\n<h5><strong>Desde su experiencia como psicoterapeuta en pa\u00edses diversos, \u00bfcree que las emociones son diferentes seg\u00fan el lugar en el que viva cada persona?<\/strong><\/h5>\n<p style=\"text-align: justify;\">Las emociones son universales. Todo el mundo tiene emociones y son las mismas, pero es cierto que ciertas culturas enfatizan unas sobre otras. Hay pa\u00edses donde la gente es m\u00e1s amorosa, otros donde la gente tiene miedo, donde la gente odia\u2026<\/p>\n<p style=\"text-align: justify;\">Son preferencias que pasan de generaci\u00f3n en generaci\u00f3n. Pero las emociones son las mismas. Otra cosa es la forma de expresarlas, y eso s\u00ed que puede variar mucho.<\/p>\n<h5><strong>En sus libros define a las mujeres como eternas guardianas de las emociones. En el siglo XXI, \u00bflos hombres ya dicen \u201cte quiero\u201d?<\/strong><\/h5>\n<p style=\"text-align: justify;\">M\u00e1s que antes pero no tanto como deber\u00edan. El problema cl\u00e1sico entre hombres y mujeres es que ellas dan amor y ellos lo reciben, pero a la inversa no es tan f\u00e1cil. As\u00ed que todav\u00eda queda mucho camino por recorrer, pero estamos en ello.<\/p>\n<h5><strong>Cuando hablamos de educaci\u00f3n emocional, \u00bfnos referimos a algo que se puede ense\u00f1ar en el colegio?<\/strong><\/h5>\n<p style=\"text-align: justify;\">Los maestros pueden tener mucha influencia, en el sentido de que pueden enfatizar las emociones que tienen los ni\u00f1os y animarles a expresarlas. El problema es que si en casa reciben la educaci\u00f3n contraria, no sirve de nada. Por eso hay que educar emocionalmente a los ni\u00f1os, pero tambi\u00e9n a los adultos.<\/p>\n<h5><strong>\u00bfC\u00f3mo ve el futuro de la inteligencia emocional?<\/strong><\/h5>\n<p style=\"text-align: justify;\">Cada vez hay un entorno m\u00e1s acogedor para permitir a las personas que expresen sus emociones, aunque sean dif\u00edciles, como la tristeza, el miedo o el amor, que tambi\u00e9n es una emoci\u00f3n muy dif\u00edcil de expresar. Se va incrementando la facilidad y el permiso que damos a las personas para compartir emociones; estos es un s\u00edntoma muy positivo y creo que seguiremos por este camino.<\/p>\n<p style=\"text-align: justify;\"><strong class=\"last-child first-child\"><span class=\"last-child first-child\">Este contenido ha sido publicado originalmente por Congreso Inteligencia Emocional\u00a0en la siguiente direcci\u00f3n:\u00a0<a href=\"http:\/\/www.congresointeligenciaemocional.com\" target=\"_blank\" rel=\"noopener noreferrer\">congresointeligenciaemocional.com<\/a><\/span><\/strong><\/p>\n\t\t<div class=\"pk-inline-posts\">\n\t\t\t\n\t\t\t<div class=\"pk-inline-posts-container pk-inline-posts-template-list\"\n\t\t\t\tdata-columns=\"1\">\n\t\t\t\t\t\t<article id=\"post-118510\" class=\"post-118510 post type-post status-publish format-standard has-post-thumbnail category-entrevistas category-noticias tag-aprendizaje tag-aula tag-docentes tag-educacion-2 tag-estudiantes tag-filosofia-2 tag-formacion-2 tag-inteligencia tag-jose-antonio-marina tag-pedagogia-2 tag-pensamiento-critico-2 cs-entry cs-video-wrap\">\n\t\t\t<div class=\"pk-post-outer\">\n\n\t\t\t\t\t\t\t\t<div class=\"pk-post-inner\">\n\t\t\t\t\t<div class=\"entry-thumbnail\">\n\t\t\t\t\t\t<div class=\"pk-overlay pk-overlay-ratio pk-ratio-landscape\">\n\t\t\t\t\t\t\t<div class=\"pk-overlay-background\">\n\t\t\t\t\t\t\t\t<a href=\"https:\/\/webdelmaestrocmf.com\/portal\/jose-antonio-marina-si-no-teneis-pensamiento-critico-o-si-no-hay-pensamiento-critico-la-manipulacion-va-a-ser-muy-sencilla\/\" class=\"pk-overlay-link\">\n\t\t\t\t\t\t\t\t\t<img loading=\"lazy\" decoding=\"async\" width=\"300\" height=\"225\" src=\"https:\/\/webdelmaestrocmf.com\/portal\/wp-content\/uploads\/2026\/04\/1AA-Banner-1-portada-imagen-10-1-copia-5-6-300x225.webp\" class=\"attachment-pk-thumbnail size-pk-thumbnail wp-post-image\" alt=\"\" \/>\t\t\t\t\t\t\t\t<\/a>\n\t\t\t\t\t\t\t<\/div>\n\t\t\t\t\t\t<\/div>\n\t\t\t\t\t<\/div>\n\t\t\t\t<\/div>\n\t\t\t\t\n\t\t\t\t<div class=\"pk-post-inner\">\n\t\t\t\t\t<header>\n\t\t\t\t\t\t<h3 class=\"pk-title\"><a href=\"https:\/\/webdelmaestrocmf.com\/portal\/jose-antonio-marina-si-no-teneis-pensamiento-critico-o-si-no-hay-pensamiento-critico-la-manipulacion-va-a-ser-muy-sencilla\/\" rel=\"bookmark\">Jos\u00e9 Antonio Marina: Si no ten\u00e9is pensamiento cr\u00edtico, o si no hay pensamiento cr\u00edtico, la manipulaci\u00f3n va a ser muy sencilla<\/a><\/h3>\t\t\t\t\t<\/header><!-- .entry-header -->\n\t\t\t\t<\/div><!-- .post-inner -->\n\n\t\t\t<\/div><!-- .post-outer -->\n\t\t<\/article>\n\t\t\t\t<\/div>\n\t\t<\/div>\n\t\t\n","protected":false},"excerpt":{"rendered":"El psic\u00f3logo Claude Steiner, protagonista del Congreso Internacional de Inteligencia Emocional y Bienestar, defiende la importancia de identificar&hellip;","protected":false},"author":1,"featured_media":61987,"comment_status":"open","ping_status":"open","sticky":false,"template":"","format":"standard","meta":{"csco_display_header_overlay":false,"csco_singular_sidebar":"disabled","csco_page_header_type":"standard","csco_page_load_nextpost":"default","csco_post_video_location":[],"csco_post_video_location_hash":"","csco_post_video_url":"","csco_post_video_bg_start_time":0,"csco_post_video_bg_end_time":0,"csco_post_video_bg_volume":false,"_jetpack_memberships_contains_paid_content":false,"footnotes":""},"categories":[48,47],"tags":[354,355,356],"class_list":{"0":"post-9170","1":"post","2":"type-post","3":"status-publish","4":"format-standard","5":"has-post-thumbnail","7":"category-entrevistas","8":"category-noticias","9":"tag-caricias","10":"tag-claude-steiner","11":"tag-necesarias","12":"cs-entry","13":"cs-video-wrap"},"yoast_head":"<!-- This site is optimized with the Yoast SEO plugin v27.5 - https:\/\/yoast.com\/product\/yoast-seo-wordpress\/ -->\n<title>Claude Steiner: Las caricias son tan necesarias como la comida o la bebida - 2026<\/title>\n<meta name=\"description\" content=\"El psic\u00f3logo Claude Steiner, protagonista del Congreso Internacional de Inteligencia Emocional y Bienestar, defiende la importancia de...\" \/>\n<meta name=\"robots\" content=\"index, follow, max-snippet:-1, max-image-preview:large, max-video-preview:-1\" \/>\n<link rel=\"canonical\" href=\"https:\/\/webdelmaestrocmf.com\/portal\/las-caricias-son-tan-necesarias-como-la-comida-o-la-bebida\/\" \/>\n<meta property=\"og:locale\" content=\"es_ES\" \/>\n<meta property=\"og:type\" content=\"article\" \/>\n<meta property=\"og:title\" content=\"Claude Steiner: Las caricias son tan necesarias como la comida o la bebida - 2026\" \/>\n<meta property=\"og:description\" content=\"El psic\u00f3logo Claude Steiner, protagonista del Congreso Internacional de Inteligencia Emocional y Bienestar, defiende la importancia de...\" \/>\n<meta property=\"og:url\" content=\"https:\/\/webdelmaestrocmf.com\/portal\/las-caricias-son-tan-necesarias-como-la-comida-o-la-bebida\/\" \/>\n<meta property=\"og:site_name\" content=\"Web del Maestro CMF\" \/>\n<meta property=\"article:publisher\" content=\"https:\/\/www.facebook.com\/WebdelMaestroCMF\/\" \/>\n<meta property=\"article:author\" content=\"https:\/\/www.facebook.com\/WebdelMaestroCMF\/\" \/>\n<meta property=\"article:published_time\" content=\"2020-05-27T00:42:45+00:00\" \/>\n<meta property=\"article:modified_time\" content=\"2023-01-02T21:53:55+00:00\" \/>\n<meta property=\"og:image\" content=\"https:\/\/i0.wp.com\/webdelmaestrocmf.com\/portal\/wp-content\/uploads\/2020\/05\/2-28.jpg?fit=1100%2C680&ssl=1\" \/>\n\t<meta property=\"og:image:width\" content=\"1100\" \/>\n\t<meta property=\"og:image:height\" content=\"680\" \/>\n\t<meta property=\"og:image:type\" content=\"image\/jpeg\" \/>\n<meta name=\"author\" content=\"Web del Maestro CMF\" \/>\n<meta name=\"twitter:card\" content=\"summary_large_image\" \/>\n<meta name=\"twitter:creator\" content=\"@cmf_w\" \/>\n<meta name=\"twitter:site\" content=\"@cmf_w\" \/>\n<script type=\"application\/ld+json\" class=\"yoast-schema-graph\">{\"@context\":\"https:\\\/\\\/schema.org\",\"@graph\":[{\"@type\":\"ScholarlyArticle\",\"@id\":\"https:\\\/\\\/webdelmaestrocmf.com\\\/portal\\\/las-caricias-son-tan-necesarias-como-la-comida-o-la-bebida\\\/#article\",\"isPartOf\":{\"@id\":\"https:\\\/\\\/webdelmaestrocmf.com\\\/portal\\\/las-caricias-son-tan-necesarias-como-la-comida-o-la-bebida\\\/\"},\"author\":{\"name\":\"Web del Maestro CMF\",\"@id\":\"https:\\\/\\\/webdelmaestrocmf.com\\\/portal\\\/#\\\/schema\\\/person\\\/1072a2ed7bd960df8ef99a551fa35dc5\"},\"headline\":\"Claude Steiner: Las caricias son tan necesarias como la comida o la bebida\",\"datePublished\":\"2020-05-27T00:42:45+00:00\",\"dateModified\":\"2023-01-02T21:53:55+00:00\",\"mainEntityOfPage\":{\"@id\":\"https:\\\/\\\/webdelmaestrocmf.com\\\/portal\\\/las-caricias-son-tan-necesarias-como-la-comida-o-la-bebida\\\/\"},\"wordCount\":1080,\"commentCount\":0,\"publisher\":{\"@id\":\"https:\\\/\\\/webdelmaestrocmf.com\\\/portal\\\/#organization\"},\"image\":{\"@id\":\"https:\\\/\\\/webdelmaestrocmf.com\\\/portal\\\/las-caricias-son-tan-necesarias-como-la-comida-o-la-bebida\\\/#primaryimage\"},\"thumbnailUrl\":\"https:\\\/\\\/webdelmaestrocmf.com\\\/portal\\\/wp-content\\\/uploads\\\/2020\\\/05\\\/2-28.jpg\",\"keywords\":[\"CARICIAS\",\"Claude Steiner\",\"NECESARIAS\"],\"articleSection\":[\"Entrevistas\",\"Noticias\"],\"inLanguage\":\"es\",\"potentialAction\":[{\"@type\":\"CommentAction\",\"name\":\"Comment\",\"target\":[\"https:\\\/\\\/webdelmaestrocmf.com\\\/portal\\\/las-caricias-son-tan-necesarias-como-la-comida-o-la-bebida\\\/#respond\"]}]},{\"@type\":\"WebPage\",\"@id\":\"https:\\\/\\\/webdelmaestrocmf.com\\\/portal\\\/las-caricias-son-tan-necesarias-como-la-comida-o-la-bebida\\\/\",\"url\":\"https:\\\/\\\/webdelmaestrocmf.com\\\/portal\\\/las-caricias-son-tan-necesarias-como-la-comida-o-la-bebida\\\/\",\"name\":\"Claude Steiner: Las caricias son tan necesarias como la comida o la bebida - 2026\",\"isPartOf\":{\"@id\":\"https:\\\/\\\/webdelmaestrocmf.com\\\/portal\\\/#website\"},\"primaryImageOfPage\":{\"@id\":\"https:\\\/\\\/webdelmaestrocmf.com\\\/portal\\\/las-caricias-son-tan-necesarias-como-la-comida-o-la-bebida\\\/#primaryimage\"},\"image\":{\"@id\":\"https:\\\/\\\/webdelmaestrocmf.com\\\/portal\\\/las-caricias-son-tan-necesarias-como-la-comida-o-la-bebida\\\/#primaryimage\"},\"thumbnailUrl\":\"https:\\\/\\\/webdelmaestrocmf.com\\\/portal\\\/wp-content\\\/uploads\\\/2020\\\/05\\\/2-28.jpg\",\"datePublished\":\"2020-05-27T00:42:45+00:00\",\"dateModified\":\"2023-01-02T21:53:55+00:00\",\"description\":\"El psic\u00f3logo Claude Steiner, protagonista del Congreso Internacional de Inteligencia Emocional y Bienestar, defiende la importancia de...\",\"breadcrumb\":{\"@id\":\"https:\\\/\\\/webdelmaestrocmf.com\\\/portal\\\/las-caricias-son-tan-necesarias-como-la-comida-o-la-bebida\\\/#breadcrumb\"},\"inLanguage\":\"es\",\"potentialAction\":[{\"@type\":\"ReadAction\",\"target\":[\"https:\\\/\\\/webdelmaestrocmf.com\\\/portal\\\/las-caricias-son-tan-necesarias-como-la-comida-o-la-bebida\\\/\"]}]},{\"@type\":\"ImageObject\",\"inLanguage\":\"es\",\"@id\":\"https:\\\/\\\/webdelmaestrocmf.com\\\/portal\\\/las-caricias-son-tan-necesarias-como-la-comida-o-la-bebida\\\/#primaryimage\",\"url\":\"https:\\\/\\\/webdelmaestrocmf.com\\\/portal\\\/wp-content\\\/uploads\\\/2020\\\/05\\\/2-28.jpg\",\"contentUrl\":\"https:\\\/\\\/webdelmaestrocmf.com\\\/portal\\\/wp-content\\\/uploads\\\/2020\\\/05\\\/2-28.jpg\",\"width\":1100,\"height\":680},{\"@type\":\"BreadcrumbList\",\"@id\":\"https:\\\/\\\/webdelmaestrocmf.com\\\/portal\\\/las-caricias-son-tan-necesarias-como-la-comida-o-la-bebida\\\/#breadcrumb\",\"itemListElement\":[{\"@type\":\"ListItem\",\"position\":1,\"name\":\"Portada\",\"item\":\"https:\\\/\\\/webdelmaestrocmf.com\\\/portal\\\/\"},{\"@type\":\"ListItem\",\"position\":2,\"name\":\"Noticias\",\"item\":\"https:\\\/\\\/webdelmaestrocmf.com\\\/portal\\\/category\\\/noticias\\\/\"},{\"@type\":\"ListItem\",\"position\":3,\"name\":\"Claude Steiner: Las caricias son tan necesarias como la comida o la bebida\"}]},{\"@type\":\"WebSite\",\"@id\":\"https:\\\/\\\/webdelmaestrocmf.com\\\/portal\\\/#website\",\"url\":\"https:\\\/\\\/webdelmaestrocmf.com\\\/portal\\\/\",\"name\":\"Web del Maestro CMF\",\"description\":\"Maestros al servicio de la educaci\u00f3n\",\"publisher\":{\"@id\":\"https:\\\/\\\/webdelmaestrocmf.com\\\/portal\\\/#organization\"},\"alternateName\":\"WMCMF\",\"potentialAction\":[{\"@type\":\"SearchAction\",\"target\":{\"@type\":\"EntryPoint\",\"urlTemplate\":\"https:\\\/\\\/webdelmaestrocmf.com\\\/portal\\\/?s={search_term_string}\"},\"query-input\":{\"@type\":\"PropertyValueSpecification\",\"valueRequired\":true,\"valueName\":\"search_term_string\"}}],\"inLanguage\":\"es\"},{\"@type\":\"Organization\",\"@id\":\"https:\\\/\\\/webdelmaestrocmf.com\\\/portal\\\/#organization\",\"name\":\"Web del Maestro CMF\",\"alternateName\":\"WMCMF\",\"url\":\"https:\\\/\\\/webdelmaestrocmf.com\\\/portal\\\/\",\"logo\":{\"@type\":\"ImageObject\",\"inLanguage\":\"es\",\"@id\":\"https:\\\/\\\/webdelmaestrocmf.com\\\/portal\\\/#\\\/schema\\\/logo\\\/image\\\/\",\"url\":\"https:\\\/\\\/webdelmaestrocmf.com\\\/portal\\\/wp-content\\\/uploads\\\/2023\\\/01\\\/logo-wmcmf-2.png\",\"contentUrl\":\"https:\\\/\\\/webdelmaestrocmf.com\\\/portal\\\/wp-content\\\/uploads\\\/2023\\\/01\\\/logo-wmcmf-2.png\",\"width\":200,\"height\":60,\"caption\":\"Web del Maestro CMF\"},\"image\":{\"@id\":\"https:\\\/\\\/webdelmaestrocmf.com\\\/portal\\\/#\\\/schema\\\/logo\\\/image\\\/\"},\"sameAs\":[\"https:\\\/\\\/www.facebook.com\\\/WebdelMaestroCMF\\\/\",\"https:\\\/\\\/x.com\\\/cmf_w\",\"https:\\\/\\\/www.pinterest.com\\\/WMCMF\\\/\",\"https:\\\/\\\/www.linkedin.com\\\/company\\\/web-del-maestro-cmf\\\/\",\"https:\\\/\\\/www.instagram.com\\\/wmcmf\\\/\",\"https:\\\/\\\/www.youtube.com\\\/channel\\\/UCDPSvjbdodE5sHnC3OxutHw\",\"https:\\\/\\\/mastodon.social\\\/@wmcmf\",\"https:\\\/\\\/www.tiktok.com\\\/@webdelmaestrocmf\"]},{\"@type\":\"Person\",\"@id\":\"https:\\\/\\\/webdelmaestrocmf.com\\\/portal\\\/#\\\/schema\\\/person\\\/1072a2ed7bd960df8ef99a551fa35dc5\",\"name\":\"Web del Maestro CMF\",\"image\":{\"@type\":\"ImageObject\",\"inLanguage\":\"es\",\"@id\":\"https:\\\/\\\/secure.gravatar.com\\\/avatar\\\/23291dd5b5ae1077dcff3dbb04c3e02bd28403fa75af6d8787d5e97c5bbbe30b?s=96&d=mm&r=g\",\"url\":\"https:\\\/\\\/secure.gravatar.com\\\/avatar\\\/23291dd5b5ae1077dcff3dbb04c3e02bd28403fa75af6d8787d5e97c5bbbe30b?s=96&d=mm&r=g\",\"contentUrl\":\"https:\\\/\\\/secure.gravatar.com\\\/avatar\\\/23291dd5b5ae1077dcff3dbb04c3e02bd28403fa75af6d8787d5e97c5bbbe30b?s=96&d=mm&r=g\",\"caption\":\"Web del Maestro CMF\"},\"description\":\"Esta Web se cre\u00f3 sin fines de lucro, con fines educativos, cient\u00edficos y acad\u00e9micos, para personas que tengan dificultades y\\\/o inconvenientes en visualizar el material original. El objetivo es entregar recursos, compartir experiencias y materiales que ayuden a los padres de familia, maestros y estudiantes en su actualizaci\u00f3n y formaci\u00f3n permanente, en bien de la Educaci\u00f3n.\",\"sameAs\":[\"http:\\\/\\\/webdelmaestrocmf.com\\\/portal\",\"https:\\\/\\\/www.facebook.com\\\/WebdelMaestroCMF\\\/\",\"https:\\\/\\\/www.instagram.com\\\/wmcmf\\\/\",\"https:\\\/\\\/cl.linkedin.com\\\/company\\\/web-del-maestro-cmf\",\"https:\\\/\\\/www.pinterest.com\\\/WMCMF\\\/publicaciones\\\/\",\"https:\\\/\\\/x.com\\\/cmf_w\",\"https:\\\/\\\/www.youtube.com\\\/@WMCMF\"]}]}<\/script>\n<!-- \/ Yoast SEO plugin. -->","yoast_head_json":{"title":"Claude Steiner: Las caricias son tan necesarias como la comida o la bebida - 2026","description":"El psic\u00f3logo Claude Steiner, protagonista del Congreso Internacional de Inteligencia Emocional y Bienestar, defiende la importancia de...","robots":{"index":"index","follow":"follow","max-snippet":"max-snippet:-1","max-image-preview":"max-image-preview:large","max-video-preview":"max-video-preview:-1"},"canonical":"https:\/\/webdelmaestrocmf.com\/portal\/las-caricias-son-tan-necesarias-como-la-comida-o-la-bebida\/","og_locale":"es_ES","og_type":"article","og_title":"Claude Steiner: Las caricias son tan necesarias como la comida o la bebida - 2026","og_description":"El psic\u00f3logo Claude Steiner, protagonista del Congreso Internacional de Inteligencia Emocional y Bienestar, defiende la importancia de...","og_url":"https:\/\/webdelmaestrocmf.com\/portal\/las-caricias-son-tan-necesarias-como-la-comida-o-la-bebida\/","og_site_name":"Web del Maestro CMF","article_publisher":"https:\/\/www.facebook.com\/WebdelMaestroCMF\/","article_author":"https:\/\/www.facebook.com\/WebdelMaestroCMF\/","article_published_time":"2020-05-27T00:42:45+00:00","article_modified_time":"2023-01-02T21:53:55+00:00","og_image":[{"width":1100,"height":680,"url":"https:\/\/i0.wp.com\/webdelmaestrocmf.com\/portal\/wp-content\/uploads\/2020\/05\/2-28.jpg?fit=1100%2C680&ssl=1","type":"image\/jpeg"}],"author":"Web del Maestro CMF","twitter_card":"summary_large_image","twitter_creator":"@cmf_w","twitter_site":"@cmf_w","schema":{"@context":"https:\/\/schema.org","@graph":[{"@type":"ScholarlyArticle","@id":"https:\/\/webdelmaestrocmf.com\/portal\/las-caricias-son-tan-necesarias-como-la-comida-o-la-bebida\/#article","isPartOf":{"@id":"https:\/\/webdelmaestrocmf.com\/portal\/las-caricias-son-tan-necesarias-como-la-comida-o-la-bebida\/"},"author":{"name":"Web del Maestro CMF","@id":"https:\/\/webdelmaestrocmf.com\/portal\/#\/schema\/person\/1072a2ed7bd960df8ef99a551fa35dc5"},"headline":"Claude Steiner: Las caricias son tan necesarias como la comida o la bebida","datePublished":"2020-05-27T00:42:45+00:00","dateModified":"2023-01-02T21:53:55+00:00","mainEntityOfPage":{"@id":"https:\/\/webdelmaestrocmf.com\/portal\/las-caricias-son-tan-necesarias-como-la-comida-o-la-bebida\/"},"wordCount":1080,"commentCount":0,"publisher":{"@id":"https:\/\/webdelmaestrocmf.com\/portal\/#organization"},"image":{"@id":"https:\/\/webdelmaestrocmf.com\/portal\/las-caricias-son-tan-necesarias-como-la-comida-o-la-bebida\/#primaryimage"},"thumbnailUrl":"https:\/\/webdelmaestrocmf.com\/portal\/wp-content\/uploads\/2020\/05\/2-28.jpg","keywords":["CARICIAS","Claude Steiner","NECESARIAS"],"articleSection":["Entrevistas","Noticias"],"inLanguage":"es","potentialAction":[{"@type":"CommentAction","name":"Comment","target":["https:\/\/webdelmaestrocmf.com\/portal\/las-caricias-son-tan-necesarias-como-la-comida-o-la-bebida\/#respond"]}]},{"@type":"WebPage","@id":"https:\/\/webdelmaestrocmf.com\/portal\/las-caricias-son-tan-necesarias-como-la-comida-o-la-bebida\/","url":"https:\/\/webdelmaestrocmf.com\/portal\/las-caricias-son-tan-necesarias-como-la-comida-o-la-bebida\/","name":"Claude Steiner: Las caricias son tan necesarias como la comida o la bebida - 2026","isPartOf":{"@id":"https:\/\/webdelmaestrocmf.com\/portal\/#website"},"primaryImageOfPage":{"@id":"https:\/\/webdelmaestrocmf.com\/portal\/las-caricias-son-tan-necesarias-como-la-comida-o-la-bebida\/#primaryimage"},"image":{"@id":"https:\/\/webdelmaestrocmf.com\/portal\/las-caricias-son-tan-necesarias-como-la-comida-o-la-bebida\/#primaryimage"},"thumbnailUrl":"https:\/\/webdelmaestrocmf.com\/portal\/wp-content\/uploads\/2020\/05\/2-28.jpg","datePublished":"2020-05-27T00:42:45+00:00","dateModified":"2023-01-02T21:53:55+00:00","description":"El psic\u00f3logo Claude Steiner, protagonista del Congreso Internacional de Inteligencia Emocional y Bienestar, defiende la importancia de...","breadcrumb":{"@id":"https:\/\/webdelmaestrocmf.com\/portal\/las-caricias-son-tan-necesarias-como-la-comida-o-la-bebida\/#breadcrumb"},"inLanguage":"es","potentialAction":[{"@type":"ReadAction","target":["https:\/\/webdelmaestrocmf.com\/portal\/las-caricias-son-tan-necesarias-como-la-comida-o-la-bebida\/"]}]},{"@type":"ImageObject","inLanguage":"es","@id":"https:\/\/webdelmaestrocmf.com\/portal\/las-caricias-son-tan-necesarias-como-la-comida-o-la-bebida\/#primaryimage","url":"https:\/\/webdelmaestrocmf.com\/portal\/wp-content\/uploads\/2020\/05\/2-28.jpg","contentUrl":"https:\/\/webdelmaestrocmf.com\/portal\/wp-content\/uploads\/2020\/05\/2-28.jpg","width":1100,"height":680},{"@type":"BreadcrumbList","@id":"https:\/\/webdelmaestrocmf.com\/portal\/las-caricias-son-tan-necesarias-como-la-comida-o-la-bebida\/#breadcrumb","itemListElement":[{"@type":"ListItem","position":1,"name":"Portada","item":"https:\/\/webdelmaestrocmf.com\/portal\/"},{"@type":"ListItem","position":2,"name":"Noticias","item":"https:\/\/webdelmaestrocmf.com\/portal\/category\/noticias\/"},{"@type":"ListItem","position":3,"name":"Claude Steiner: Las caricias son tan necesarias como la comida o la bebida"}]},{"@type":"WebSite","@id":"https:\/\/webdelmaestrocmf.com\/portal\/#website","url":"https:\/\/webdelmaestrocmf.com\/portal\/","name":"Web del Maestro CMF","description":"Maestros al servicio de la educaci\u00f3n","publisher":{"@id":"https:\/\/webdelmaestrocmf.com\/portal\/#organization"},"alternateName":"WMCMF","potentialAction":[{"@type":"SearchAction","target":{"@type":"EntryPoint","urlTemplate":"https:\/\/webdelmaestrocmf.com\/portal\/?s={search_term_string}"},"query-input":{"@type":"PropertyValueSpecification","valueRequired":true,"valueName":"search_term_string"}}],"inLanguage":"es"},{"@type":"Organization","@id":"https:\/\/webdelmaestrocmf.com\/portal\/#organization","name":"Web del Maestro CMF","alternateName":"WMCMF","url":"https:\/\/webdelmaestrocmf.com\/portal\/","logo":{"@type":"ImageObject","inLanguage":"es","@id":"https:\/\/webdelmaestrocmf.com\/portal\/#\/schema\/logo\/image\/","url":"https:\/\/webdelmaestrocmf.com\/portal\/wp-content\/uploads\/2023\/01\/logo-wmcmf-2.png","contentUrl":"https:\/\/webdelmaestrocmf.com\/portal\/wp-content\/uploads\/2023\/01\/logo-wmcmf-2.png","width":200,"height":60,"caption":"Web del Maestro CMF"},"image":{"@id":"https:\/\/webdelmaestrocmf.com\/portal\/#\/schema\/logo\/image\/"},"sameAs":["https:\/\/www.facebook.com\/WebdelMaestroCMF\/","https:\/\/x.com\/cmf_w","https:\/\/www.pinterest.com\/WMCMF\/","https:\/\/www.linkedin.com\/company\/web-del-maestro-cmf\/","https:\/\/www.instagram.com\/wmcmf\/","https:\/\/www.youtube.com\/channel\/UCDPSvjbdodE5sHnC3OxutHw","https:\/\/mastodon.social\/@wmcmf","https:\/\/www.tiktok.com\/@webdelmaestrocmf"]},{"@type":"Person","@id":"https:\/\/webdelmaestrocmf.com\/portal\/#\/schema\/person\/1072a2ed7bd960df8ef99a551fa35dc5","name":"Web del Maestro CMF","image":{"@type":"ImageObject","inLanguage":"es","@id":"https:\/\/secure.gravatar.com\/avatar\/23291dd5b5ae1077dcff3dbb04c3e02bd28403fa75af6d8787d5e97c5bbbe30b?s=96&d=mm&r=g","url":"https:\/\/secure.gravatar.com\/avatar\/23291dd5b5ae1077dcff3dbb04c3e02bd28403fa75af6d8787d5e97c5bbbe30b?s=96&d=mm&r=g","contentUrl":"https:\/\/secure.gravatar.com\/avatar\/23291dd5b5ae1077dcff3dbb04c3e02bd28403fa75af6d8787d5e97c5bbbe30b?s=96&d=mm&r=g","caption":"Web del Maestro CMF"},"description":"Esta Web se cre\u00f3 sin fines de lucro, con fines educativos, cient\u00edficos y acad\u00e9micos, para personas que tengan dificultades y\/o inconvenientes en visualizar el material original. El objetivo es entregar recursos, compartir experiencias y materiales que ayuden a los padres de familia, maestros y estudiantes en su actualizaci\u00f3n y formaci\u00f3n permanente, en bien de la Educaci\u00f3n.","sameAs":["http:\/\/webdelmaestrocmf.com\/portal","https:\/\/www.facebook.com\/WebdelMaestroCMF\/","https:\/\/www.instagram.com\/wmcmf\/","https:\/\/cl.linkedin.com\/company\/web-del-maestro-cmf","https:\/\/www.pinterest.com\/WMCMF\/publicaciones\/","https:\/\/x.com\/cmf_w","https:\/\/www.youtube.com\/@WMCMF"]}]}},"jetpack_featured_media_url":"https:\/\/webdelmaestrocmf.com\/portal\/wp-content\/uploads\/2020\/05\/2-28.jpg","jetpack_sharing_enabled":true,"jetpack-related-posts":[{"id":67543,"url":"https:\/\/webdelmaestrocmf.com\/portal\/anna-carpena-debemos-asegurar-una-alfabetizacion-emocional-basica-para-los-docentes\/","url_meta":{"origin":9170,"position":0},"title":"Anna Carpena: Debemos asegurar una alfabetizaci\u00f3n emocional b\u00e1sica para los docentes","author":"Web del Maestro CMF","date":"5 septiembre, 2021","format":false,"excerpt":"Anna Carpena Casajuana (Terrassa 1950), es una especialista destacada en desarrollo personal y educaci\u00f3n emocional. Considerada la madre de la Educaci\u00f3n Emocional en Catalu\u00f1a. Estudi\u00f3 Magisterio y posteriormente realiz\u00f3 postgrados en Pedagog\u00eda Terap\u00e9utica e Ingl\u00e9s. Hasta el momento de la jubilaci\u00f3n ha ejercido como docente, tal y como ella misma\u2026","rel":"","context":"En \u00abEntrevistas\u00bb","block_context":{"text":"Entrevistas","link":"https:\/\/webdelmaestrocmf.com\/portal\/category\/noticias\/entrevistas\/"},"img":{"alt_text":"","src":"https:\/\/i0.wp.com\/webdelmaestrocmf.com\/portal\/wp-content\/uploads\/2021\/09\/2.jpg?resize=350%2C200&ssl=1","width":350,"height":200,"srcset":"https:\/\/i0.wp.com\/webdelmaestrocmf.com\/portal\/wp-content\/uploads\/2021\/09\/2.jpg?resize=350%2C200&ssl=1 1x, https:\/\/i0.wp.com\/webdelmaestrocmf.com\/portal\/wp-content\/uploads\/2021\/09\/2.jpg?resize=525%2C300&ssl=1 1.5x, https:\/\/i0.wp.com\/webdelmaestrocmf.com\/portal\/wp-content\/uploads\/2021\/09\/2.jpg?resize=700%2C400&ssl=1 2x, https:\/\/i0.wp.com\/webdelmaestrocmf.com\/portal\/wp-content\/uploads\/2021\/09\/2.jpg?resize=1050%2C600&ssl=1 3x"},"classes":[]},{"id":13937,"url":"https:\/\/webdelmaestrocmf.com\/portal\/george-steiner-me-asquea-la-educacion-de-hoy-que-es-una-fabrica-de-incultos\/","url_meta":{"origin":9170,"position":1},"title":"George Steiner: Me asquea la educaci\u00f3n de hoy, que es una f\u00e1brica de incultos","author":"Web del Maestro CMF","date":"22 enero, 2019","format":false,"excerpt":"La educaci\u00f3n actual, seg\u00fan Steiner, ha perdido el valor de la memoria, el silencio y el error, formando estudiantes acelerados, superficiales y desconectados del pensamiento profundo y del verdadero aprendizaje.","rel":"","context":"En \u00abEntrevistas\u00bb","block_context":{"text":"Entrevistas","link":"https:\/\/webdelmaestrocmf.com\/portal\/category\/noticias\/entrevistas\/"},"img":{"alt_text":"","src":"https:\/\/i0.wp.com\/webdelmaestrocmf.com\/portal\/wp-content\/uploads\/2019\/01\/1-6.jpg?resize=350%2C200&ssl=1","width":350,"height":200,"srcset":"https:\/\/i0.wp.com\/webdelmaestrocmf.com\/portal\/wp-content\/uploads\/2019\/01\/1-6.jpg?resize=350%2C200&ssl=1 1x, https:\/\/i0.wp.com\/webdelmaestrocmf.com\/portal\/wp-content\/uploads\/2019\/01\/1-6.jpg?resize=525%2C300&ssl=1 1.5x, https:\/\/i0.wp.com\/webdelmaestrocmf.com\/portal\/wp-content\/uploads\/2019\/01\/1-6.jpg?resize=700%2C400&ssl=1 2x, https:\/\/i0.wp.com\/webdelmaestrocmf.com\/portal\/wp-content\/uploads\/2019\/01\/1-6.jpg?resize=1050%2C600&ssl=1 3x"},"classes":[]},{"id":57991,"url":"https:\/\/webdelmaestrocmf.com\/portal\/veinte-minutos-de-escritura-emocional-al-dia-mejora-el-animo-general\/","url_meta":{"origin":9170,"position":2},"title":"Siri Hustvedt: Veinte minutos de escritura emocional al d\u00eda mejora el \u00e1nimo general","author":"Web del Maestro CMF","date":"18 enero, 2021","format":"video","excerpt":"La novelista, ensayista y poeta estadounidense Siri Hustvedt (1955), estudi\u00f3 licenciatura en St. Olaf College (Historia) y su doctorado en la Universidad de Columbia (Ingl\u00e9s). Su tesis doctoral acerca de la obra de Charles Dickens y se titula Figures of Dust. A Reading of \"Our Mutual Friend\". Tambi\u00e9n ha sido\u2026","rel":"","context":"En \u00abCharlas\u00bb","block_context":{"text":"Charlas","link":"https:\/\/webdelmaestrocmf.com\/portal\/category\/charlas\/"},"img":{"alt_text":"","src":"https:\/\/i0.wp.com\/webdelmaestrocmf.com\/portal\/wp-content\/uploads\/2021\/01\/1-copia-109.jpg?resize=350%2C200&ssl=1","width":350,"height":200,"srcset":"https:\/\/i0.wp.com\/webdelmaestrocmf.com\/portal\/wp-content\/uploads\/2021\/01\/1-copia-109.jpg?resize=350%2C200&ssl=1 1x, https:\/\/i0.wp.com\/webdelmaestrocmf.com\/portal\/wp-content\/uploads\/2021\/01\/1-copia-109.jpg?resize=525%2C300&ssl=1 1.5x, https:\/\/i0.wp.com\/webdelmaestrocmf.com\/portal\/wp-content\/uploads\/2021\/01\/1-copia-109.jpg?resize=700%2C400&ssl=1 2x, https:\/\/i0.wp.com\/webdelmaestrocmf.com\/portal\/wp-content\/uploads\/2021\/01\/1-copia-109.jpg?resize=1050%2C600&ssl=1 3x"},"classes":[]},{"id":118127,"url":"https:\/\/webdelmaestrocmf.com\/portal\/guia-completa-de-claude-que-es-esta-guia-y-por-que-es-relevante-para-los-docentes\/","url_meta":{"origin":9170,"position":3},"title":"Descarga la gu\u00eda completa de Claude en PDF: \u00bfQu\u00e9 es esta gu\u00eda y por qu\u00e9 es relevante para los docentes?","author":"Web del Maestro CMF","date":"21 abril, 2026","format":false,"excerpt":"Gu\u00eda pr\u00e1ctica de inteligencia artificial para docentes que permite optimizar el tiempo, mejorar la planificaci\u00f3n y potenciar el aprendizaje mediante herramientas digitales accesibles, aplicables y adaptadas al trabajo educativo diario.","rel":"","context":"En \u00abDescarga\u00bb","block_context":{"text":"Descarga","link":"https:\/\/webdelmaestrocmf.com\/portal\/category\/descarga\/"},"img":{"alt_text":"","src":"https:\/\/i0.wp.com\/webdelmaestrocmf.com\/portal\/wp-content\/uploads\/2026\/04\/1AA-Banner-1-portada-imagen-10-1-copia-32.webp?resize=350%2C200&ssl=1","width":350,"height":200,"srcset":"https:\/\/i0.wp.com\/webdelmaestrocmf.com\/portal\/wp-content\/uploads\/2026\/04\/1AA-Banner-1-portada-imagen-10-1-copia-32.webp?resize=350%2C200&ssl=1 1x, https:\/\/i0.wp.com\/webdelmaestrocmf.com\/portal\/wp-content\/uploads\/2026\/04\/1AA-Banner-1-portada-imagen-10-1-copia-32.webp?resize=525%2C300&ssl=1 1.5x, https:\/\/i0.wp.com\/webdelmaestrocmf.com\/portal\/wp-content\/uploads\/2026\/04\/1AA-Banner-1-portada-imagen-10-1-copia-32.webp?resize=700%2C400&ssl=1 2x, https:\/\/i0.wp.com\/webdelmaestrocmf.com\/portal\/wp-content\/uploads\/2026\/04\/1AA-Banner-1-portada-imagen-10-1-copia-32.webp?resize=1050%2C600&ssl=1 3x"},"classes":[]},{"id":31910,"url":"https:\/\/webdelmaestrocmf.com\/portal\/el-acto-pedagogico-tiene-que-estar-unido-a-la-alegria-a-la-percepcion-mutua-al-sentimiento\/","url_meta":{"origin":9170,"position":4},"title":"Antonio Malag\u00f3n: El acto pedag\u00f3gico tiene que estar unido a la alegr\u00eda, a la percepci\u00f3n mutua, al sentimiento\u2026","author":"Web del Maestro CMF","date":"21 diciembre, 2020","format":false,"excerpt":"El a\u00f1o 2019, se cumplir\u00e1n cien a\u00f1os de la creaci\u00f3n de la primera Escuela Waldorf en Stuttgart (Alemania), para responder a la petici\u00f3n que le hicieron los obreros de la f\u00e1brica de cigarros Waldorf. Hab\u00eda terminado la Primera Guerra Mundial y Alemania necesitaba reconstruirse casi totalmente. Los hijos de los\u2026","rel":"","context":"En \u00abEntrevistas\u00bb","block_context":{"text":"Entrevistas","link":"https:\/\/webdelmaestrocmf.com\/portal\/category\/noticias\/entrevistas\/"},"img":{"alt_text":"","src":"https:\/\/i0.wp.com\/webdelmaestrocmf.com\/portal\/wp-content\/uploads\/2018\/09\/2-copia.jpg?resize=350%2C200&ssl=1","width":350,"height":200,"srcset":"https:\/\/i0.wp.com\/webdelmaestrocmf.com\/portal\/wp-content\/uploads\/2018\/09\/2-copia.jpg?resize=350%2C200&ssl=1 1x, https:\/\/i0.wp.com\/webdelmaestrocmf.com\/portal\/wp-content\/uploads\/2018\/09\/2-copia.jpg?resize=525%2C300&ssl=1 1.5x, https:\/\/i0.wp.com\/webdelmaestrocmf.com\/portal\/wp-content\/uploads\/2018\/09\/2-copia.jpg?resize=700%2C400&ssl=1 2x, https:\/\/i0.wp.com\/webdelmaestrocmf.com\/portal\/wp-content\/uploads\/2018\/09\/2-copia.jpg?resize=1050%2C600&ssl=1 3x"},"classes":[]},{"id":24081,"url":"https:\/\/webdelmaestrocmf.com\/portal\/pedagogias-alternativas-montessori-doman-waldorf\/","url_meta":{"origin":9170,"position":5},"title":"Pedagogias alternativas: Montessori, Doman y Waldorf","author":"Web del Maestro CMF","date":"6 diciembre, 2019","format":false,"excerpt":"No hace falta decir que nuestro sistema educativo est\u00e1 en el centro de mira pues todos sabemos de los malos resultados de los alumnos en las pruebas estandarizadas, de las elevadas tasas de fracaso escolar, etc\u2026 as\u00ed que hace tiempo que se habla de la necesidad de cambio y hay\u2026","rel":"","context":"En \u00abPedagog\u00eda\u00bb","block_context":{"text":"Pedagog\u00eda","link":"https:\/\/webdelmaestrocmf.com\/portal\/category\/pedagogia\/educacion-pedagogia\/"},"img":{"alt_text":"","src":"https:\/\/i0.wp.com\/webdelmaestrocmf.com\/portal\/wp-content\/uploads\/2017\/12\/1-1.jpg?resize=350%2C200&ssl=1","width":350,"height":200,"srcset":"https:\/\/i0.wp.com\/webdelmaestrocmf.com\/portal\/wp-content\/uploads\/2017\/12\/1-1.jpg?resize=350%2C200&ssl=1 1x, https:\/\/i0.wp.com\/webdelmaestrocmf.com\/portal\/wp-content\/uploads\/2017\/12\/1-1.jpg?resize=525%2C300&ssl=1 1.5x, https:\/\/i0.wp.com\/webdelmaestrocmf.com\/portal\/wp-content\/uploads\/2017\/12\/1-1.jpg?resize=700%2C400&ssl=1 2x, https:\/\/i0.wp.com\/webdelmaestrocmf.com\/portal\/wp-content\/uploads\/2017\/12\/1-1.jpg?resize=1050%2C600&ssl=1 3x"},"classes":[]}],"_links":{"self":[{"href":"https:\/\/webdelmaestrocmf.com\/portal\/wp-json\/wp\/v2\/posts\/9170","targetHints":{"allow":["GET"]}}],"collection":[{"href":"https:\/\/webdelmaestrocmf.com\/portal\/wp-json\/wp\/v2\/posts"}],"about":[{"href":"https:\/\/webdelmaestrocmf.com\/portal\/wp-json\/wp\/v2\/types\/post"}],"author":[{"embeddable":true,"href":"https:\/\/webdelmaestrocmf.com\/portal\/wp-json\/wp\/v2\/users\/1"}],"replies":[{"embeddable":true,"href":"https:\/\/webdelmaestrocmf.com\/portal\/wp-json\/wp\/v2\/comments?post=9170"}],"version-history":[{"count":0,"href":"https:\/\/webdelmaestrocmf.com\/portal\/wp-json\/wp\/v2\/posts\/9170\/revisions"}],"wp:featuredmedia":[{"embeddable":true,"href":"https:\/\/webdelmaestrocmf.com\/portal\/wp-json\/wp\/v2\/media\/61987"}],"wp:attachment":[{"href":"https:\/\/webdelmaestrocmf.com\/portal\/wp-json\/wp\/v2\/media?parent=9170"}],"wp:term":[{"taxonomy":"category","embeddable":true,"href":"https:\/\/webdelmaestrocmf.com\/portal\/wp-json\/wp\/v2\/categories?post=9170"},{"taxonomy":"post_tag","embeddable":true,"href":"https:\/\/webdelmaestrocmf.com\/portal\/wp-json\/wp\/v2\/tags?post=9170"}],"curies":[{"name":"wp","href":"https:\/\/api.w.org\/{rel}","templated":true}]}}