{"id":91046,"date":"2023-07-26T18:50:11","date_gmt":"2023-07-26T22:50:11","guid":{"rendered":"https:\/\/webdelmaestrocmf.com\/portal\/?p=91046"},"modified":"2023-07-27T10:25:47","modified_gmt":"2023-07-27T14:25:47","slug":"las-barreras-en-el-aprendizaje-5-aspectos-que-como-docente-debe-conocer","status":"publish","type":"post","link":"https:\/\/webdelmaestrocmf.com\/portal\/las-barreras-en-el-aprendizaje-5-aspectos-que-como-docente-debe-conocer\/","title":{"rendered":"Las barreras en el aprendizaje: 5 aspectos que como docente debe conocer"},"content":{"rendered":"<h5 style=\"text-align: justify;\" data-kx-storage=\"{&quot;fontSize&quot;:15.008,&quot;lineHeight&quot;:24.0128}\">Booth y Ainscow. (2002). Manifiestan que: El enfoque de barreras para el aprendizaje y la participaci\u00f3n se basa en el modelo social de la discapacidad, a partir del cual se entiende que las limitaciones o restricciones enfrentadas por las personas con discapacidad surgen en contextos sociales particulares.<sup data-kx-storage=\"{&quot;fontSize&quot;:12.5067,&quot;lineHeight&quot;:20.0107}\">[1]\u00a0<\/sup>Bas\u00e1ndonos en la definici\u00f3n expuesta podemos decir que estos autores se\u00f1alan desde un modelo social que las causas que originan la discapacidad no son ni religiosas, ni cient\u00edficas, sino que son, en gran medida, sociales ya que son ellas las que generan las barreras que impiden el desenvolvimiento de las personas en situaci\u00f3n de discapacidad porque son limitadas en cuanto al desarrollo de su autonom\u00eda.<\/h5>\n<p><!--more--><\/p>\n<p style=\"text-align: justify;\" data-kx-storage=\"{&quot;fontSize&quot;:15.008,&quot;lineHeight&quot;:24.0128}\">Seg\u00fan Wetto, M. (2017):\u00a0Las\u00a0barreras para el aprendizaje y la participaci\u00f3n\u00a0son todos aquellos escollos y dificultades que tienen los alumnos para aprender conceptos, integrarse en la comunidad educativa y poder participar e interactuar dentro y fuera de ella.\u00a0Estas barreras pueden ser de todo tipo: sociales, culturales, materiales, actitudinales.<sup data-kx-storage=\"{&quot;fontSize&quot;:12.5067,&quot;lineHeight&quot;:20.0107}\">[2]<\/sup><\/p>\n<p style=\"text-align: justify;\" data-kx-storage=\"{&quot;fontSize&quot;:15.008,&quot;lineHeight&quot;:24.0128}\">Enfoc\u00e1ndonos desde un modelo social podemos decir que este concepto surge por las circunstancias, problemas sociales y econ\u00f3micos que afectan la vida de los individuos, adem\u00e1s de la poca accesibilidad a materiales que ayudaran a la comprensi\u00f3n de distintos temas de aprendizaje enfocados a la garant\u00eda de derechos.<\/p>\n<p style=\"text-align: justify;\" data-kx-storage=\"{&quot;fontSize&quot;:15.008,&quot;lineHeight&quot;:24.0128}\">ONU. (2006) menciona que;\u00a0Aquellos factores del contexto que dificultan o limitan el pleno acceso a la educaci\u00f3n\u00a0y a las oportunidades de aprendizaje de ni\u00f1as, ni\u00f1os y j\u00f3venes. Aparecen en relaci\u00f3n con su interacci\u00f3n en los diferentes contextos: social, pol\u00edtico, institucional, cultural y en las circunstancias sociales y econ\u00f3micas.<sup data-kx-storage=\"{&quot;fontSize&quot;:12.5067,&quot;lineHeight&quot;:20.0107}\">[3]<\/sup><\/p>\n<p style=\"text-align: justify;\" data-kx-storage=\"{&quot;fontSize&quot;:15.008,&quot;lineHeight&quot;:24.0128}\">Podemos decir que, bajo el enfoque de la educaci\u00f3n inclusiva y el modelo social que este concepto rebasa al de necesidades educativas especiales ya que se centra en la interacci\u00f3n con el contexto y no como un problema inherente al alumno y su aprendizaje.<\/p>\n<p style=\"text-align: justify;\" data-kx-storage=\"{&quot;fontSize&quot;:15.008,&quot;lineHeight&quot;:24.0128}\">Al abordar el t\u00e9rmino \u201cBarreras para el aprendizaje y la participaci\u00f3n\u201d, han de considerarse los siguientes aspectos coincidentes:<\/p>\n<ol style=\"text-align: justify;\">\n<li style=\"text-align: justify;\" data-kx-storage=\"{&quot;fontSize&quot;:15.008,&quot;lineHeight&quot;:24.0128}\">Educaci\u00f3n inclusiva.<\/li>\n<li style=\"text-align: justify;\" data-kx-storage=\"{&quot;fontSize&quot;:15.008,&quot;lineHeight&quot;:24.0128}\">Interacci\u00f3n en los diferentes contextos.<\/li>\n<li style=\"text-align: justify;\" data-kx-storage=\"{&quot;fontSize&quot;:15.008,&quot;lineHeight&quot;:24.0128}\">Integraci\u00f3n en la comunidad educativa<\/li>\n<\/ol>\n<p><img loading=\"lazy\" decoding=\"async\" class=\"alignnone wp-image-91049 size-full\" src=\"https:\/\/webdelmaestrocmf.com\/portal\/wp-content\/uploads\/2023\/07\/362665933_686655146837653_8843711353114974777_n.jpg\" alt=\"barreras para el aprendizaje\" width=\"720\" height=\"960\" srcset=\"https:\/\/webdelmaestrocmf.com\/portal\/wp-content\/uploads\/2023\/07\/362665933_686655146837653_8843711353114974777_n.jpg 720w, https:\/\/webdelmaestrocmf.com\/portal\/wp-content\/uploads\/2023\/07\/362665933_686655146837653_8843711353114974777_n-225x300.jpg 225w, https:\/\/webdelmaestrocmf.com\/portal\/wp-content\/uploads\/2023\/07\/362665933_686655146837653_8843711353114974777_n-110x147.jpg 110w, https:\/\/webdelmaestrocmf.com\/portal\/wp-content\/uploads\/2023\/07\/362665933_686655146837653_8843711353114974777_n-200x267.jpg 200w, https:\/\/webdelmaestrocmf.com\/portal\/wp-content\/uploads\/2023\/07\/362665933_686655146837653_8843711353114974777_n-380x507.jpg 380w, https:\/\/webdelmaestrocmf.com\/portal\/wp-content\/uploads\/2023\/07\/362665933_686655146837653_8843711353114974777_n-255x340.jpg 255w, https:\/\/webdelmaestrocmf.com\/portal\/wp-content\/uploads\/2023\/07\/362665933_686655146837653_8843711353114974777_n-300x400.jpg 300w, https:\/\/webdelmaestrocmf.com\/portal\/wp-content\/uploads\/2023\/07\/362665933_686655146837653_8843711353114974777_n-550x733.jpg 550w\" sizes=\"auto, (max-width: 720px) 100vw, 720px\" \/><\/p>\n<div class=\"blog-post-body__info\" style=\"text-align: justify;\">\n<h5 class=\"blog-post-body__title\">Las barreras en el aprendizaje: 5 aspectos que debes conocer<\/h5>\n<\/div>\n<div class=\"blog-post-body__content\" style=\"text-align: justify;\">\n<p>La educaci\u00f3n b\u00e1sica es un derecho humano, \u00bfpero sab\u00edas que las barreras en el aprendizaje pueden hacer la traves\u00eda mucho m\u00e1s complicada? En\u00a0<strong>el entorno en el que se desenvuelve un estudiante<\/strong>\u00a0puede jugar un papel de vital importancia en el proceso estudiantil.<\/p>\n<p>Por ejemplo, la educaci\u00f3n en l\u00ednea ayud\u00f3 a que una peque\u00f1a parte del alumnado mundial pudiera continuar con sus cursos en plena pandemia, en cambio; millones de ni\u00f1os en todo el planeta quedaron\u00a0<strong>sin opciones de seguir estudiando<\/strong>, pues no contaban con las herramientas necesarias.<\/p>\n<p>Y es que las barreras en el aprendizaje durante la cuarentena por coronavirus no solamente limitaron a los estudiantes. Alta fue la cantidad de\u00a0<strong>profesores que no supieron desenvolverse adecuadamente\u00a0<\/strong>con las herramientas y plataformas educativas online, debido a la poca pr\u00e1ctica que ten\u00edan.<\/p>\n<p>Aunque millones de ni\u00f1os y j\u00f3venes han vuelto a clases presenciales, la educaci\u00f3n global todav\u00eda debe generar estrategias para eliminar las barreras para el aprendizaje y la participaci\u00f3n, y as\u00ed poder\u00a0<strong>crear un modelo educativo que sea mucho m\u00e1s inclusivo<\/strong>.<\/p>\n<h5>\u00bfQu\u00e9 son las barreras en el aprendizaje?<\/h5>\n<p><strong>Para estudiar se necesita mucho m\u00e1s que tener las ganas\u00a0<\/strong>de hacerlo bien, puesto que las barreras en el aprendizaje vienen enmarcadas tanto por el lugar donde se ejerce el proceso de ense\u00f1anza, as\u00ed como las propias metodolog\u00edas pedag\u00f3gicas a utilizar por parte del docente.<\/p>\n<p>En la ense\u00f1anza, todos los detalles cuentan. Por tanto, se conocen como barreras de aprendizaje a\u00a0<strong>todos los factores que afectan el contexto en el que se realiza el proceso educativo<\/strong>, lo que dificulta el buen aprendizaje y por ende, pueden limitar enormemente la participaci\u00f3n escolar.<\/p>\n<p><!--Comentario en html--><\/p>\n<p style=\"text-align: center;\"><script async src=\"https:\/\/pagead2.googlesyndication.com\/pagead\/js\/adsbygoogle.js?client=ca-pub-9544854023617669\" crossorigin=\"anonymous\"><\/script><br \/>\n<!-- Parrafo 8 --><br \/>\n<ins class=\"adsbygoogle\" style=\"display: block;\" data-ad-client=\"ca-pub-9544854023617669\" data-ad-slot=\"3033384453\" data-ad-format=\"auto\" data-full-width-responsive=\"true\"><\/ins><br \/>\n<script>\n     (adsbygoogle = window.adsbygoogle || []).push({});\n<\/script><\/p>\n<p><!--Comentario en html--><\/p>\n<h5>Razones por las que surgen las barreras en el aprendizaje<\/h5>\n<p>Dichas barreras de aprendizaje son una contrariedad para que pueda llevarse a cabo una formaci\u00f3n de calidad y a gran escala, ya que muchas veces\u00a0<strong>los m\u00e1s afectados suelen ser los m\u00e1s vulnerables<\/strong>\u00a0tanto a nivel econ\u00f3mico, como aquellos que tienen\u00a0<a href=\"https:\/\/webdelmaestrocmf.com\/portal\/7-guias-de-apoyo-tecnico-pedagogico-a-las-necesidades-educativas-especiales\/\" target=\"_blank\" rel=\"noopener noreferrer\">necesidades educativas especiales<\/a>.<\/p>\n<p>Las barreras en el aprendizaje pueden afectar a los estudiantes en sus hogares y comunidades, ya que responden a factores pol\u00edticos y econ\u00f3micos, que les afectan dentro y fuera del entorno escolar, y que permiten que se forme un muro frente a la\u00a0<a href=\"https:\/\/webdelmaestrocmf.com\/portal\/un-hermoso-cortometraje-para-conversar-con-tus-estudiantes-sobre-la-educacion-inclusiva\/\" target=\"_blank\" rel=\"noopener\">educaci\u00f3n inclusiva<\/a>. Con lo cual,\u00a0<strong>surgen por la ausencia de<\/strong>:<\/p>\n<ol>\n<li>Apoyo al proceso de aprendizaje.<\/li>\n<li>Acceso a los recursos escolares.<\/li>\n<li>Infraestructura escolar.<\/li>\n<li>Reforzamiento de lo aprendido en clase.<\/li>\n<li>Adecuaci\u00f3n de los contenidos a las caracter\u00edsticas individuales del alumno.<\/li>\n<li>Correlaci\u00f3n entre contenidos.<\/li>\n<li>Motivaci\u00f3n y estimulaci\u00f3n a los estudiantes.<\/li>\n<li>Herramientas metodol\u00f3gicas del cuerpo docente.<\/li>\n<li>Contenido curricular que enriquezca las experiencias de los estudiantes.<\/li>\n<li>Asistencia efectiva y emocional de los profesores al alumnado.<\/li>\n<\/ol>\n<p><!--Comentario en html--><\/p>\n<p style=\"text-align: center;\"><script async src=\"https:\/\/pagead2.googlesyndication.com\/pagead\/js\/adsbygoogle.js?client=ca-pub-9544854023617669\" crossorigin=\"anonymous\"><\/script><br \/>\n<!-- UNO-P-2023 --><br \/>\n<ins class=\"adsbygoogle\" style=\"display: block;\" data-ad-client=\"ca-pub-9544854023617669\" data-ad-slot=\"3748614024\" data-ad-format=\"auto\" data-full-width-responsive=\"true\"><\/ins><br \/>\n<script>\n     (adsbygoogle = window.adsbygoogle || []).push({});\n<\/script><\/p>\n<p><!--Comentario en html--><\/p>\n<h5>Ejemplos de barreras en el aprendizaje<\/h5>\n<p>Un art\u00edculo no alcanza para enumerar todos y cada uno de los ejemplos de barreras para el aprendizaje, porque<strong>\u00a0existen infinidades de razones<\/strong>\u00a0por las cuales un ni\u00f1o presenta problemas en su proceso de aprendizaje. Sin embargo, estas pueden ser unas de las m\u00e1s comunes:<\/p>\n<h5 style=\"padding-left: 40px; text-align: justify;\">Acoso escolar<\/h5>\n<p style=\"padding-left: 40px; text-align: justify;\">Es una de las barreras en el aprendizaje m\u00e1s comunes. Las investigaciones sobre el tema indican que un ni\u00f1o que padece de bullying tiene<strong>\u00a0mayores probabilidades de desertar escolarmente<\/strong>, lo que le coh\u00edbe de poder desarrollarse profesionalmente y mejorar su calidad de vida.<\/p>\n<h5 style=\"padding-left: 40px; text-align: justify;\">Violencia de g\u00e9nero<\/h5>\n<p style=\"padding-left: 40px; text-align: justify;\">Cuando se analizan\u00a0los mitos y realidades sobre la violencia de g\u00e9nero, se encuentra que especialmente las ni\u00f1as son las m\u00e1s vulnerables a este hecho en la escuela. Sus\u00a0<strong>secuelas psicol\u00f3gicas<\/strong>\u00a0pueden evitar que desarrollen todo su potencial educativo, incluso; inducirlas a abandonar sus estudios.<\/p>\n<h5 style=\"padding-left: 40px; text-align: justify;\">Violencia familiar<\/h5>\n<p style=\"padding-left: 40px; text-align: justify;\">Los ejemplos de barreras para el aprendizaje muestran que el entorno familiar tambi\u00e9n juega un papel importante en la educaci\u00f3n del menor, no solamente porque\u00a0<strong>el acompa\u00f1amiento es importante<\/strong>, sino porque las experiencias vividas en el hogar pueden ser determinantes para el desempe\u00f1o acad\u00e9mico.<\/p>\n<h5 style=\"padding-left: 40px; text-align: justify;\">Trastornos del aprendizaje<\/h5>\n<p style=\"padding-left: 40px; text-align: justify;\">Evidentemente, un ni\u00f1o con trastornos del aprendizaje necesitar\u00e1 que<strong>\u00a0los contenidos se adapten a sus propios procesos<\/strong>. Es parte de las barreras en el aprendizaje, porque a\u00fan hoy en algunas instituciones y pa\u00edses, se les limita con respecto al resto del estudiantado.<\/p>\n<h5 style=\"padding-left: 40px; text-align: justify;\">Pobres reformas educativas<\/h5>\n<p style=\"padding-left: 40px; text-align: justify;\">Tambi\u00e9n hay que tener en cuenta que el desarrollo de pobres curr\u00edculos escolares o la no actualizaci\u00f3n de los mismos pueden hacer que los estudiantes\u00a0<strong>no desarrollen todo su potencial<\/strong>, por lo que pueden constituir una limitante en su formaci\u00f3n, frente a otros alumnos de las mismas edades.<\/p>\n<p><!--Comentario en html--><\/p>\n<p style=\"text-align: center;\"><script async src=\"https:\/\/pagead2.googlesyndication.com\/pagead\/js\/adsbygoogle.js?client=ca-pub-9544854023617669\" crossorigin=\"anonymous\"><\/script><br \/>\n<!-- DOS-P-2023 --><br \/>\n<ins class=\"adsbygoogle\" style=\"display: block;\" data-ad-client=\"ca-pub-9544854023617669\" data-ad-slot=\"4790232957\" data-ad-format=\"auto\" data-full-width-responsive=\"true\"><\/ins><br \/>\n<script>\n     (adsbygoogle = window.adsbygoogle || []).push({});\n<\/script><\/p>\n<p><!--Comentario en html--><\/p>\n<h5 style=\"padding-left: 40px; text-align: justify;\">D\u00e9ficit en la oferta escolar<\/h5>\n<p style=\"padding-left: 40px; text-align: justify;\">Especialmente en pa\u00edses de ingresos medios o bajos, todav\u00eda falta mucho que hacer para que toda la poblaci\u00f3n de ni\u00f1os y j\u00f3venes puedan acceder a la escuela. La falta de escuelas primarias y secundarias puede\u00a0<strong>condenar de por vida a la pobreza<\/strong>\u00a0a comunidades enteras.<\/p>\n<h5 style=\"padding-left: 40px; text-align: justify;\">Malnutrici\u00f3n infantil<\/h5>\n<p style=\"padding-left: 40px; text-align: justify;\">Un ni\u00f1o que no est\u00e1 bien alimentado\u00a0<strong>tendr\u00e1 un bajo d\u00e9ficit de atenci\u00f3n<\/strong>, tendr\u00e1 peores calificaciones y muy probablemente, deje de ir a la escuela. Es por esta raz\u00f3n que el buen funcionamiento de los comedores forma parte de las estrategias para eliminar las barreras para el aprendizaje y la participaci\u00f3n.<\/p>\n<h5 style=\"padding-left: 40px; text-align: justify;\">Falta de recursos tecnol\u00f3gicos y de acceso a internet<\/h5>\n<p style=\"padding-left: 40px; text-align: justify;\">Seg\u00fan datos de la\u00a0<a href=\"https:\/\/es.unesco.org\/news\/eliminar-obstaculos-del-aprendizaje-distancia\" target=\"_blank\" rel=\"nofollow noopener noreferrer\">UNESCO<\/a>,\u00a0<strong>m\u00e1s de 1.500 millones de estudiantes se vieron afectados globalmente tras las medidas de confinamiento<\/strong>, y de esa poblaci\u00f3n, un porcentaje importante se mantuvo en rezago, debido a que no contaban con ordenadores y conexi\u00f3n a internet.<\/p>\n<h5 style=\"padding-left: 40px; text-align: justify;\">Cualquier tipo de exclusi\u00f3n<\/h5>\n<p style=\"padding-left: 40px; text-align: justify;\">Las barreras en el aprendizaje tambi\u00e9n se ven ampliadas cuando a un estudiante se le niega la posibilidad de acceder a la educaci\u00f3n por xenofobia, aporofobia,\u00a0discriminaci\u00f3n racial, ideol\u00f3gica o por su pertenencia a la comunidad lgtbi. La inclusi\u00f3n debe ser primordial para todo sistema educativo.<\/p>\n<h5 style=\"padding-left: 40px; text-align: justify;\">Presupuestos educativos deficientes<\/h5>\n<p style=\"padding-left: 40px; text-align: justify;\">Constituye una limitante importante, porque las escuelas necesitan de constante dotaci\u00f3n de recursos escolares para poder brindar un aprendizaje de calidad a los ni\u00f1os y j\u00f3venes. En este aspecto, tambi\u00e9n entran en cuenta los sueldos y salarios de los profesores, para que no abandonen sus puestos.<\/p>\n<h5 style=\"padding-left: 40px; text-align: justify;\">Falta de maestros preparados<\/h5>\n<p style=\"padding-left: 40px; text-align: justify;\">Cuando la educaci\u00f3n no es capaz de sostenerse bajo la premisa de\u00a0<strong>formaci\u00f3n constante para los educadores<\/strong>, surgen las barreras en el aprendizaje. El mundo cambia constantemente, y los maestros deben ir a la vanguardia, para que los ni\u00f1os obtengan una formaci\u00f3n acorde a sus tiempos.<\/p>\n<p><!--Comentario en html--><\/p>\n<p style=\"text-align: center;\"><script async src=\"https:\/\/pagead2.googlesyndication.com\/pagead\/js\/adsbygoogle.js?client=ca-pub-9544854023617669\" crossorigin=\"anonymous\"><\/script><br \/>\n<!-- TRES-P-2023 --><br \/>\n<ins class=\"adsbygoogle\" style=\"display: block;\" data-ad-client=\"ca-pub-9544854023617669\" data-ad-slot=\"7226207493\" data-ad-format=\"auto\" data-full-width-responsive=\"true\"><\/ins><br \/>\n<script>\n     (adsbygoogle = window.adsbygoogle || []).push({});\n<\/script><\/p>\n<p><!--Comentario en html--><\/p>\n<h5 style=\"padding-left: 40px; text-align: justify;\">Conflictos b\u00e9licos<\/h5>\n<p style=\"padding-left: 40px; text-align: justify;\">Originan grandes desplazamientos migratorios, que empujan a las familias a huir de las zonas donde sus hijos asist\u00edan a clases. Por tanto, los ni\u00f1os y j\u00f3venes\u00a0<strong>se ven forzados a abandonar el sistema escolar<\/strong>\u00a0para poder sobrevivir. Pueden tomar a\u00f1os en volver a retomar sus clases.<\/p>\n<h5 style=\"padding-left: 40px; text-align: justify;\">Tipos de barreras en el aprendizaje<\/h5>\n<p style=\"padding-left: 40px; text-align: justify;\">Es cierto que ning\u00fan estudiante est\u00e1 exento de pasar por limitantes a lo largo de su proceso de aprendizaje, sin embargo; existen<strong>\u00a0poblaciones que son mucho m\u00e1s vulnerables que otras<\/strong>\u00a0en este sentido, lo que pueden generar un mayor impacto en ellos frente a otros:<\/p>\n<h5 style=\"padding-left: 40px; text-align: justify;\">Comunicaci\u00f3n<\/h5>\n<p style=\"padding-left: 40px; text-align: justify;\">Por ejemplo, las barreras en el aprendizaje no permiten que los estudiantes con\u00a0<strong>limitaciones auditivas, de habla o escritura<\/strong>\u00a0puedan aprender en igualdad de condiciones que el resto. Los contenidos siempre deben ser procesados seg\u00fan las necesidades de cada alumno.<\/p>\n<h5 style=\"padding-left: 40px; text-align: justify;\">Transporte y accesibilidad<\/h5>\n<p style=\"padding-left: 40px; text-align: justify;\">Una de las barreras para el aprendizaje y la participaci\u00f3n m\u00e1s comunes en diversas zonas del mundo es el pobre sistema de transportes de la localidad. Adem\u00e1s de ello, muchas escuelas no cuentan con la infraestructura adecuada para\u00a0<strong>ni\u00f1os con movilidad limitada<\/strong>, lo que los excluye del sistema educativo.<\/p>\n<h5 style=\"padding-left: 40px; text-align: justify;\">Barreras sensoriales<\/h5>\n<p style=\"padding-left: 40px; text-align: justify;\">Por otro lado, las barreras en el aprendizaje tambi\u00e9n tienen que ver con la\u00a0<strong>manera en la que se presenta el contenido<\/strong>\u00a0a los estudiantes, pues todos son \u00fanicos. Es necesario tomar en cuenta diversas estrategias para abordar el conocimiento (t\u00e1ctil, pictograf\u00edas, oral, auditiva, etc.), para no excluir a nadie.<\/p>\n<p><!--Comentario en html--><\/p>\n<p style=\"text-align: center;\"><script async src=\"https:\/\/pagead2.googlesyndication.com\/pagead\/js\/adsbygoogle.js?client=ca-pub-9544854023617669\" crossorigin=\"anonymous\"><\/script><br \/>\n<!-- CUATRO-P-2023 --><br \/>\n<ins class=\"adsbygoogle\" style=\"display: block;\" data-ad-client=\"ca-pub-9544854023617669\" data-ad-slot=\"5913125820\" data-ad-format=\"auto\" data-full-width-responsive=\"true\"><\/ins><br \/>\n<script>\n     (adsbygoogle = window.adsbygoogle || []).push({});\n<\/script><\/p>\n<p><!--Comentario en html--><\/p>\n<h5 style=\"padding-left: 40px; text-align: justify;\">Barreras actitudinales<\/h5>\n<p style=\"padding-left: 40px; text-align: justify;\">Si queremos saber c\u00f3mo superar las barreras de aprendizaje tambi\u00e9n debemos comprender que los estigmas, los prejuicios y la discriminaci\u00f3n pueden condicionar la participaci\u00f3n de los estudiantes. Las escuelas deben generar un\u00a0<strong>ambiente de inclusi\u00f3n\u00a0<\/strong>y bienestar para todos.<\/p>\n<p style=\"padding-left: 40px; text-align: justify;\">Para que esto ocurra, es necesario que las instituciones fomenten la comunicaci\u00f3n asertiva, as\u00ed como tambi\u00e9n\u00a0<strong>se instruya adecuadamente a los maestros\u00a0<\/strong>para que sepan c\u00f3mo detectar y c\u00f3mo actuar al ser testigos de hechos de violencia contra los estudiantes.<\/p>\n<h5 style=\"padding-left: 40px; text-align: justify;\">Barreras de \u00edndole pol\u00edticas<\/h5>\n<p style=\"padding-left: 40px; text-align: justify;\">Las barreras en el aprendizaje tambi\u00e9n juegan un papel en la concientizaci\u00f3n de la ciudadan\u00eda, as\u00ed como la puesta en pr\u00e1ctica de leyes que protejan a los m\u00e1s vulnerables, para que se ejecuten programas donde se les incluya y que en su lugar, se les niegue el\u00a0<strong>acceso al sistema educativo<\/strong>.<\/p>\n<p style=\"padding-left: 40px; text-align: justify;\">Todos los individuos deben estudiar, por ende; cuando a una persona se le discrimina o no se le brindan las<strong>\u00a0oportunidades para insertarse adecuadamente<\/strong>, ni se toman en cuenta sus propias necesidades en el sistema educativo, se le est\u00e1n vulnerando sus derechos.<\/p>\n<h5 style=\"padding-left: 40px; text-align: justify;\">Barreras organizativas<\/h5>\n<p style=\"padding-left: 40px; text-align: justify;\">Las barreras en el aprendizaje son del tipo organizativas, cuando no existe una coordinaci\u00f3n entre los diferentes entes comunitarios para la b\u00fasqueda y uso de recursos escolares, adem\u00e1s de las dificultades que pueden presentarse en la matriculaci\u00f3n de alumnos.<\/p>\n<p style=\"padding-left: 40px; text-align: justify;\">Adem\u00e1s de ello, este tipo de barreras de aprendizaje tambi\u00e9n tienen que ver con la\u00a0<strong>poca o inexistente fluidez comunicativa entre las diferentes etapas educativas<\/strong>, las cuales son: inicial, b\u00e1sico, medio, superior o t\u00e9cnico, cuando los estudiantes pasan por distintos centros escolares.<\/p>\n<h5 style=\"padding-left: 40px; text-align: justify;\">Barreras socioecon\u00f3micas<\/h5>\n<p style=\"padding-left: 40px; text-align: justify;\">El nivel econ\u00f3mico de las familias, lastimosamente, juega un rol clave en la deserci\u00f3n escolar, ya que tiene que ver con las\u00a0<strong>carencias materiales<\/strong>\u00a0que presente el alumno. Esto incluye contar con el dinero para comprar \u00fatiles y uniformes escolares, as\u00ed como el pago de transporte y alimentaci\u00f3n.<\/p>\n<p style=\"padding-left: 40px; text-align: justify;\">De igual manera, aqu\u00ed tambi\u00e9n entran las dificultades que tengan las familias para\u00a0<strong>acceder a recursos escolares<\/strong>\u00a0como bibliotecas, conexi\u00f3n a internet y ordenadores, as\u00ed como las posibilidades de los alumnos para poder reunirse para investigar y hacer trabajos en equipo.<\/p>\n<p><!--Comentario en html--><\/p>\n<p style=\"text-align: center;\"><script async src=\"https:\/\/pagead2.googlesyndication.com\/pagead\/js\/adsbygoogle.js?client=ca-pub-9544854023617669\" crossorigin=\"anonymous\"><\/script><br \/>\n<!-- CINCO-P-2023 --><br \/>\n<ins class=\"adsbygoogle\" style=\"display: block;\" data-ad-client=\"ca-pub-9544854023617669\" data-ad-slot=\"4870124007\" data-ad-format=\"auto\" data-full-width-responsive=\"true\"><\/ins><br \/>\n<script>\n     (adsbygoogle = window.adsbygoogle || []).push({});\n<\/script><\/p>\n<p><!--Comentario en html--><\/p>\n<h5>Acciones para eliminar las barreras en el aprendizaje<\/h5>\n<p>Para poder eliminar las barreras en el aprendizaje, es necesario que se tomen en cuenta\u00a0<strong>diversas maneras de observar una realidad social<\/strong>, para poder contrarrestar las carencias que se presenten, y as\u00ed hacer de la educaci\u00f3n un sistema m\u00e1s inclusivo y permeable para todos.<\/p>\n<h5 style=\"padding-left: 40px;\">Dotaci\u00f3n escolar<\/h5>\n<p style=\"padding-left: 40px;\">Ya que unas de las barreras en el aprendizaje es la falta de presupuesto institucional, siempre se puede\u00a0<strong>recurrir a materiales reciclados<\/strong>\u00a0o recursos que los ni\u00f1os y maestros tengan en casa para poder llevar a cabo el aprendizaje. Lo que verdaderamente cuenta es la metodolog\u00eda de ense\u00f1anza.<\/p>\n<h5 style=\"padding-left: 40px;\">Actividades escolares<\/h5>\n<p style=\"padding-left: 40px;\">Las barreras en el aprendizaje tambi\u00e9n pueden ser erradicadas si se cuenta con la creatividad suficiente. Cada actividad escolar debe ser vista por el maestro como un\u00a0<strong>proceso l\u00fadico y que estimula la imaginaci\u00f3n<\/strong>, para que pueda educar y transformar la vida de cada estudiante.<\/p>\n<h5 style=\"padding-left: 40px;\">Plantear el aprendizaje de cada alumno de forma \u00fanica<\/h5>\n<p style=\"padding-left: 40px;\">Antes mencionamos que las barreras para el aprendizaje y la participaci\u00f3n se borran al entender que no hay un solo tipo de alumno.\u00a0<strong>Est\u00e1n quienes aprenden m\u00e1s de manera visual, otros que son m\u00e1s auditivos<\/strong>, y as\u00ed. Es deber de los maestros estimularlos con los contenidos adecuados a ello.<\/p>\n<h5 style=\"padding-left: 40px;\">Hacer del sal\u00f3n un lugar motivador e inclusivo<\/h5>\n<p style=\"padding-left: 40px;\">De igual manera, para eliminar las barreras en el aprendizaje hay que entender que los ni\u00f1os deben sentirse a gusto en el ambiente escolar, que se sientan felices de estar all\u00ed. Por el contrario,\u00a0<strong>una experiencia desagradable har\u00e1 que quiera abandonar sus estudios<\/strong>.<\/p>\n<h5 style=\"padding-left: 40px;\">Permitir que el proceso de aprendizaje sea interesante<\/h5>\n<p style=\"padding-left: 40px;\">Por ejemplo, las barreras en el aprendizaje pueden perder fuerza cuando estimulamos a los peque\u00f1os a\u00a0<strong>experimentar el conocimiento por su cuenta<\/strong>, gracias a los procesos de\u00a0autoaprendizaje en los ni\u00f1os. Veamos a los alumnos como fuentes de experiencia, motivaci\u00f3n y de desaf\u00edo para el crecimiento.<\/p>\n<p><!--Comentario en html--><\/p>\n<p style=\"text-align: center;\"><script async src=\"https:\/\/pagead2.googlesyndication.com\/pagead\/js\/adsbygoogle.js?client=ca-pub-9544854023617669\" crossorigin=\"anonymous\"><\/script><br \/>\n<!-- SEIS-P-2023 --><br \/>\n<ins class=\"adsbygoogle\" style=\"display: block;\" data-ad-client=\"ca-pub-9544854023617669\" data-ad-slot=\"2243960664\" data-ad-format=\"auto\" data-full-width-responsive=\"true\"><\/ins><br \/>\n<script>\n     (adsbygoogle = window.adsbygoogle || []).push({});\n<\/script><\/p>\n<p><!--Comentario en html--><\/p>\n<h5>Las barreras en el aprendizaje online<\/h5>\n<p>Vivimos en un mundo que cada d\u00eda innova m\u00e1s. Aunque\u00a0<a href=\"https:\/\/webdelmaestrocmf.com\/portal\/elementos-caracteristicas-y-metodologias-de-la-educacion-virtual-online-o-distancia\/\" target=\"_blank\" rel=\"noopener\">la educaci\u00f3n online<\/a>\u00a0pueda tener sus detractores, este es\u00a0<strong>el futuro de la escuela<\/strong>. No en vano en buena parte del mundo se ha implementado una formaci\u00f3n completamente por internet o de modalidad mixta.<\/p>\n<p>En este sentido, las barreras en el aprendizaje est\u00e1n fuertemente condicionadas a la\u00a0<strong>dotaci\u00f3n de recursos inform\u00e1ticos y el acceso a internet<\/strong>\u00a0de los estudiantes. Adem\u00e1s de ello, las instituciones acad\u00e9micas deben asegurarse de que la calidad de los recursos impartidos sea la misma.<\/p>\n<p>Lamentablemente, la brecha tecnol\u00f3gica marca un diferencial enorme para que millones de ni\u00f1os y j\u00f3venes puedan seguir estudiando. Los estados deben\u00a0<strong>implementar medidas de acci\u00f3n<\/strong>\u00a0para disminuir la desigualdad educativa que la tecnolog\u00eda dej\u00f3 en evidencia.<\/p>\n<p>Adem\u00e1s, otra de las grandes limitaciones que se han encontrado para la implementaci\u00f3n de\u00a0<a href=\"https:\/\/webdelmaestrocmf.com\/portal\/18-plataformas-gratuitas-para-apoyar-la-educacion-a-distancia\/\" target=\"_blank\" rel=\"noopener\">plataformas de educaci\u00f3n online<\/a>\u00a0es la\u00a0<strong>falta de habilidades de maestros y profesores<\/strong>\u00a0para el manejo adecuado de las mismas. Las academias deben asegurarse de preparar a los cuerpos docentes para ello.<\/p>\n<p><!--Comentario en html--><\/p>\n<p style=\"text-align: center;\"><script async src=\"https:\/\/pagead2.googlesyndication.com\/pagead\/js\/adsbygoogle.js?client=ca-pub-9544854023617669\" crossorigin=\"anonymous\"><\/script><br \/>\n<!-- SIETE-P-2023 --><br \/>\n<ins class=\"adsbygoogle\" style=\"display: block;\" data-ad-client=\"ca-pub-9544854023617669\" data-ad-slot=\"2324647875\" data-ad-format=\"auto\" data-full-width-responsive=\"true\"><\/ins><br \/>\n<script>\n     (adsbygoogle = window.adsbygoogle || []).push({});\n<\/script><\/p>\n<p><!--Comentario en html--><\/p>\n<h5>C\u00f3mo eliminar las barreras del aprendizaje online seg\u00fan la UNESCO<\/h5>\n<p>Para poder erradicar efectivamente las barreras en el aprendizaje que genera la educaci\u00f3n en l\u00ednea, la UNESCO ha tomado en cuenta\u00a0<strong>cuatro niveles de preparaci\u00f3n<\/strong>\u00a0en pro de las estrategias dise\u00f1adas, que son: las tecnolog\u00edas, contenidos, pedagog\u00eda, seguimiento y evaluaci\u00f3n.<\/p>\n<p>La idea detr\u00e1s del proyecto es\u00a0<strong>buscar soluciones para el aprendizaje a distancia<\/strong>, que los contenidos educativos se encuentren siempre en l\u00ednea y adaptados a los curr\u00edculos nacionales, que los docentes aprendan a manipular las plataformas, y que puedan hacer seguimiento en conjunto con los padres.<\/p>\n<p>Evidentemente, todo cambio brusco puede generar malestar, y m\u00e1s a\u00fan cuando no se sabe a primera mano c\u00f3mo superar las barreras de aprendizaje. Si tienes m\u00e1s dudas sobre\u00a0<strong>las ventajas que puede brindar<\/strong>, te compartimos nuestro art\u00edculo sobre\u00a0los mitos sobre la educaci\u00f3n online.<br \/>\nPublio Siro dec\u00eda: \u201cEl hoy es disc\u00edpulo del ayer\u201d.<\/p>\n<p>El confinamiento que ocurri\u00f3 en 2020 podr\u00eda repetirse a escala global en un futuro. La humanidad no puede permitirse dejar desnuda y desprotegida la educaci\u00f3n de millones de ni\u00f1os.\u00a0<strong>Invertir en la formaci\u00f3n online\u00a0<\/strong>y hacerla llegar a todos es la clave.<\/p>\n<p><img loading=\"lazy\" decoding=\"async\" class=\"alignnone wp-image-91047 size-full\" src=\"https:\/\/webdelmaestrocmf.com\/portal\/wp-content\/uploads\/2023\/07\/1-7.jpg\" alt=\"barreras para el aprendizaje\" width=\"1020\" height=\"620\" srcset=\"https:\/\/webdelmaestrocmf.com\/portal\/wp-content\/uploads\/2023\/07\/1-7.jpg 1020w, https:\/\/webdelmaestrocmf.com\/portal\/wp-content\/uploads\/2023\/07\/1-7-300x182.jpg 300w, https:\/\/webdelmaestrocmf.com\/portal\/wp-content\/uploads\/2023\/07\/1-7-768x467.jpg 768w, https:\/\/webdelmaestrocmf.com\/portal\/wp-content\/uploads\/2023\/07\/1-7-110x67.jpg 110w, https:\/\/webdelmaestrocmf.com\/portal\/wp-content\/uploads\/2023\/07\/1-7-200x122.jpg 200w, https:\/\/webdelmaestrocmf.com\/portal\/wp-content\/uploads\/2023\/07\/1-7-380x231.jpg 380w, https:\/\/webdelmaestrocmf.com\/portal\/wp-content\/uploads\/2023\/07\/1-7-255x155.jpg 255w, https:\/\/webdelmaestrocmf.com\/portal\/wp-content\/uploads\/2023\/07\/1-7-550x334.jpg 550w, https:\/\/webdelmaestrocmf.com\/portal\/wp-content\/uploads\/2023\/07\/1-7-800x486.jpg 800w\" sizes=\"auto, (max-width: 1020px) 100vw, 1020px\" \/><\/p>\n<p><!--Comentario en html--><\/p>\n<p style=\"text-align: center;\"><script async src=\"https:\/\/pagead2.googlesyndication.com\/pagead\/js\/adsbygoogle.js?client=ca-pub-9544854023617669\" crossorigin=\"anonymous\"><\/script><br \/>\n<!-- OCHO-P-2023 --><br \/>\n<ins class=\"adsbygoogle\" style=\"display: block;\" data-ad-client=\"ca-pub-9544854023617669\" data-ad-slot=\"7224824608\" data-ad-format=\"auto\" data-full-width-responsive=\"true\"><\/ins><br \/>\n<script>\n     (adsbygoogle = window.adsbygoogle || []).push({});\n<\/script><\/p>\n<p><!--Comentario en html--><\/p>\n<\/div>\n<ul>\n<li style=\"text-align: justify;\">[1]\u00a0Booth, T. y Ainscow, M. (2002). \u00cdndice de Inclusi\u00f3n. Desarrollando el aprendizaje y la participaci\u00f3n en las escuelas. Unesco. Oficinal Regional de Educaci\u00f3n para Am\u00e9rica Latina y atencion educativa el Caribe \/Centre for Studies on Inclusive Education. <a href=\"https:\/\/www.redalyc.org\/pdf\/447\/44746861005.pdf\" target=\"_blank\" rel=\"noopener\">redalyc.org<\/a><\/li>\n<li style=\"text-align: justify;\">[2] Wetto, M. (2021, enero 21). 7 Barreras para el Aprendizaje y la Participaci\u00f3n. Lifeder.\u00a0 <a href=\"https:\/\/www.lifeder.com\/barreras-aprendizaje-y-participacion\/\" target=\"_blank\" rel=\"noopener\">lifeder.com<\/a><\/li>\n<li style=\"text-align: justify;\">[3]\u00a0Organizaci\u00f3n de Naciones Unidas. (2006). Convenci\u00f3n sobre los Derechos de las Personas con Discapacidad. <a href=\"http:\/\/www.un.org\/esa\/socdev\/enable\/documents\/tccconvs.pdf\" target=\"_blank\" rel=\"noopener\">un.org<\/a><\/li>\n<\/ul>\n<p><strong>Este contenido ha sido publicado originalmente por Mundana en la siguiente direcci\u00f3n: <a href=\"https:\/\/www.mundana.us\/blog\/las-barreras-en-el-aprendizaje\" target=\"_blank\" rel=\"noopener\">mundana.us<\/a><\/strong><\/p>\n<p style=\"text-align: center;\">Recomendamos a la Comunidad Educativa Digital tener en cuenta que, el enlace y\/o la carpeta en donde est\u00e1n alojados los libros, recursos y\/o materiales, no es administrado por la Web del Maestro CMF, pueda ser que en cuesti\u00f3n de d\u00edas (o seg\u00fan el tiempo transcurrido desde su publicaci\u00f3n), los enlaces no funcionen y el material ya no se encuentre disponible. Gracias por su comprensi\u00f3n.<\/p>\n<p style=\"text-align: center;\"><strong>ENLACE DE LECTURA:\u00a0<\/strong><a href=\"https:\/\/mega.nz\/folder\/WmoQVb5Z#wlZs9WXuAOwZv0b76flsBQ\" target=\"_blank\" rel=\"noopener\">BARRERAS PARA EL APRENDIZAJE Y LA PARTICIPACI\u00d3N: UNA PROPUESTA PARA SU CLASIFICACI\u00d3N<\/a><\/p>\n<p style=\"text-align: center;\"><strong>Si te sirvi\u00f3 el material, ap\u00f3yanos con un clic. Nos ayudar\u00e1 a mantener el servicio.<\/strong><br \/>\n\u00a1Comparte y as\u00ed m\u00e1s docentes utilizar\u00e1n estos recursos gratis! Muchas gracias.<\/p>\n<p><img decoding=\"async\" src=\"https:\/\/webdelmaestrocmf.com\/portal\/wp-content\/uploads\/2023\/04\/banner_des.png\" \/><\/p>\n\n","protected":false},"excerpt":{"rendered":"Booth y Ainscow. (2002). Manifiestan que: El enfoque de barreras para el aprendizaje y la participaci\u00f3n se basa&hellip;","protected":false},"author":1,"featured_media":91058,"comment_status":"open","ping_status":"closed","sticky":false,"template":"","format":"standard","meta":{"_jetpack_newsletter_access":"","_jetpack_dont_email_post_to_subs":false,"_jetpack_newsletter_tier_id":0,"_jetpack_memberships_contains_paywalled_content":false,"csco_display_header_overlay":false,"csco_singular_sidebar":"default","csco_page_header_type":"default","csco_page_load_nextpost":"default","csco_post_video_location":[],"csco_post_video_location_hash":"","csco_post_video_url":"","csco_post_video_bg_start_time":0,"csco_post_video_bg_end_time":0,"csco_post_video_bg_volume":false,"_jetpack_feature_clip_id":0,"_jetpack_memberships_contains_paid_content":false,"footnotes":"","jetpack_post_was_ever_published":false},"categories":[18223,735],"tags":[77,5670,3338,13833,18231,18229,18245,18230,18242,18227,18228,18243,18246,18237,2148,18236,18235,18234,18226,340,18244,52,3940,18241,18238,18248,18233,18232,18225,18224,16499,18240,18249,18239,18250,18247],"class_list":["post-91046","post","type-post","status-publish","format-standard","has-post-thumbnail","category-barreras-en-el-aprendizaje","category-pedagogia","tag-aprendizaje","tag-aspectos","tag-autonomia","tag-barreras","tag-barreras-actitudinales","tag-barreras-culturales","tag-barreras-de-aprendizaje-online","tag-barreras-materiales","tag-barreras-organizativas","tag-barreras-para-el-aprendizaje-y-la-participacion","tag-barreras-sociales","tag-barreras-socioeconomicas","tag-brecha-tecnologica","tag-circunstancias-sociales-y-economicas","tag-conocer","tag-contexto-cultural","tag-contexto-institucional","tag-contexto-politico","tag-contextos-sociales","tag-debe","tag-discriminacion-en-la-educacion","tag-docente","tag-educacion-inclusiva","tag-enfoque-de-la-educacion-inclusiva","tag-factores-del-contexto","tag-formacion-a-distancia","tag-integracion-en-la-comunidad-educativa","tag-interaccion-en-los-contextos","tag-limitaciones-sociales","tag-modelo-social-de-la-discapacidad","tag-necesidades-educativas-especiales","tag-oportunidades-de-aprendizaje","tag-plataformas-de-educacion-online","tag-pleno-acceso-a-la-educacion","tag-preparacion-para-la-educacion-online","tag-recursos-informaticos","cs-entry","cs-video-wrap"],"yoast_head":"<!-- This site is optimized with the Yoast SEO plugin v28.1 - https:\/\/yoast.com\/product\/yoast-seo-wordpress\/ -->\n<title>Las barreras en el aprendizaje: 5 aspectos que como docente debe conocer - 2026<\/title>\n<meta name=\"description\" content=\"Manifiestan que: El enfoque de barreras para el aprendizaje y la participaci\u00f3n se basa en el modelo social de la discapacidad, a partir...\" \/>\n<meta name=\"robots\" content=\"index, follow, max-snippet:-1, max-image-preview:large, max-video-preview:-1\" \/>\n<link rel=\"canonical\" href=\"https:\/\/webdelmaestrocmf.com\/portal\/las-barreras-en-el-aprendizaje-5-aspectos-que-como-docente-debe-conocer\/\" \/>\n<meta property=\"og:locale\" content=\"es_ES\" \/>\n<meta property=\"og:type\" content=\"article\" \/>\n<meta property=\"og:title\" content=\"Las barreras en el aprendizaje: 5 aspectos que como docente debe conocer - 2026\" \/>\n<meta property=\"og:description\" content=\"Manifiestan que: El enfoque de barreras para el aprendizaje y la participaci\u00f3n se basa en el modelo social de la discapacidad, a partir...\" \/>\n<meta property=\"og:url\" content=\"https:\/\/webdelmaestrocmf.com\/portal\/las-barreras-en-el-aprendizaje-5-aspectos-que-como-docente-debe-conocer\/\" \/>\n<meta property=\"og:site_name\" content=\"Web del Maestro CMF\" \/>\n<meta property=\"article:publisher\" content=\"https:\/\/www.facebook.com\/WebdelMaestroCMF\/\" \/>\n<meta property=\"article:author\" content=\"https:\/\/www.facebook.com\/WebdelMaestroCMF\/\" \/>\n<meta property=\"article:published_time\" content=\"2023-07-26T22:50:11+00:00\" \/>\n<meta property=\"article:modified_time\" content=\"2023-07-27T14:25:47+00:00\" \/>\n<meta property=\"og:image\" content=\"https:\/\/i0.wp.com\/webdelmaestrocmf.com\/portal\/wp-content\/uploads\/2023\/07\/A12B3C4D-8-1.jpg?fit=900%2C556&ssl=1\" \/>\n\t<meta property=\"og:image:width\" content=\"900\" \/>\n\t<meta property=\"og:image:height\" content=\"556\" \/>\n\t<meta property=\"og:image:type\" content=\"image\/jpeg\" \/>\n<meta name=\"author\" content=\"Web del Maestro CMF\" \/>\n<meta name=\"twitter:card\" content=\"summary_large_image\" \/>\n<meta name=\"twitter:creator\" content=\"@cmf_w\" \/>\n<meta name=\"twitter:site\" content=\"@cmf_w\" \/>\n<script type=\"application\/ld+json\" class=\"yoast-schema-graph\">{\"@context\":\"https:\\\/\\\/schema.org\",\"@graph\":[{\"@type\":\"ScholarlyArticle\",\"@id\":\"https:\\\/\\\/webdelmaestrocmf.com\\\/portal\\\/las-barreras-en-el-aprendizaje-5-aspectos-que-como-docente-debe-conocer\\\/#article\",\"isPartOf\":{\"@id\":\"https:\\\/\\\/webdelmaestrocmf.com\\\/portal\\\/las-barreras-en-el-aprendizaje-5-aspectos-que-como-docente-debe-conocer\\\/\"},\"author\":{\"name\":\"Web del Maestro CMF\",\"@id\":\"https:\\\/\\\/webdelmaestrocmf.com\\\/portal\\\/#\\\/schema\\\/person\\\/1072a2ed7bd960df8ef99a551fa35dc5\"},\"headline\":\"Las barreras en el aprendizaje: 5 aspectos que como docente debe conocer\",\"datePublished\":\"2023-07-26T22:50:11+00:00\",\"dateModified\":\"2023-07-27T14:25:47+00:00\",\"mainEntityOfPage\":{\"@id\":\"https:\\\/\\\/webdelmaestrocmf.com\\\/portal\\\/las-barreras-en-el-aprendizaje-5-aspectos-que-como-docente-debe-conocer\\\/\"},\"wordCount\":3084,\"commentCount\":0,\"publisher\":{\"@id\":\"https:\\\/\\\/webdelmaestrocmf.com\\\/portal\\\/#organization\"},\"image\":{\"@id\":\"https:\\\/\\\/webdelmaestrocmf.com\\\/portal\\\/las-barreras-en-el-aprendizaje-5-aspectos-que-como-docente-debe-conocer\\\/#primaryimage\"},\"thumbnailUrl\":\"https:\\\/\\\/webdelmaestrocmf.com\\\/portal\\\/wp-content\\\/uploads\\\/2023\\\/07\\\/A12B3C4D-8-1.jpg\",\"keywords\":[\"aprendizaje\",\"Aspectos\",\"AUTONOM\u00cdA\",\"barreras\",\"Barreras actitudinales\",\"Barreras culturales\",\"Barreras de aprendizaje online\",\"Barreras materiales\",\"Barreras organizativas\",\"Barreras para el aprendizaje y la participaci\u00f3n\",\"Barreras sociales\",\"Barreras socioecon\u00f3micas\",\"Brecha tecnol\u00f3gica\",\"Circunstancias sociales y econ\u00f3micas\",\"CONOCER\",\"Contexto cultural\",\"Contexto institucional\",\"Contexto pol\u00edtico\",\"Contextos sociales\",\"DEBE\",\"Discriminaci\u00f3n en la educaci\u00f3n\",\"DOCENTE\",\"EDUCACI\u00d3N INCLUSIVA\",\"Enfoque de la educaci\u00f3n inclusiva\",\"Factores del contexto\",\"Formaci\u00f3n a distancia\",\"Integraci\u00f3n en la comunidad educativa\",\"Interacci\u00f3n en los contextos\",\"Limitaciones sociales\",\"Modelo social de la discapacidad\",\"Necesidades educativas especiales\",\"Oportunidades de aprendizaje\",\"Plataformas de educaci\u00f3n online\",\"Pleno acceso a la educaci\u00f3n\",\"Preparaci\u00f3n para la educaci\u00f3n online\",\"Recursos inform\u00e1ticos\"],\"articleSection\":[\"Barreras en el aprendizaje\",\"Recursos\"],\"inLanguage\":\"es\",\"potentialAction\":[{\"@type\":\"CommentAction\",\"name\":\"Comment\",\"target\":[\"https:\\\/\\\/webdelmaestrocmf.com\\\/portal\\\/las-barreras-en-el-aprendizaje-5-aspectos-que-como-docente-debe-conocer\\\/#respond\"]}]},{\"@type\":\"WebPage\",\"@id\":\"https:\\\/\\\/webdelmaestrocmf.com\\\/portal\\\/las-barreras-en-el-aprendizaje-5-aspectos-que-como-docente-debe-conocer\\\/\",\"url\":\"https:\\\/\\\/webdelmaestrocmf.com\\\/portal\\\/las-barreras-en-el-aprendizaje-5-aspectos-que-como-docente-debe-conocer\\\/\",\"name\":\"Las barreras en el aprendizaje: 5 aspectos que como docente debe conocer - 2026\",\"isPartOf\":{\"@id\":\"https:\\\/\\\/webdelmaestrocmf.com\\\/portal\\\/#website\"},\"primaryImageOfPage\":{\"@id\":\"https:\\\/\\\/webdelmaestrocmf.com\\\/portal\\\/las-barreras-en-el-aprendizaje-5-aspectos-que-como-docente-debe-conocer\\\/#primaryimage\"},\"image\":{\"@id\":\"https:\\\/\\\/webdelmaestrocmf.com\\\/portal\\\/las-barreras-en-el-aprendizaje-5-aspectos-que-como-docente-debe-conocer\\\/#primaryimage\"},\"thumbnailUrl\":\"https:\\\/\\\/webdelmaestrocmf.com\\\/portal\\\/wp-content\\\/uploads\\\/2023\\\/07\\\/A12B3C4D-8-1.jpg\",\"datePublished\":\"2023-07-26T22:50:11+00:00\",\"dateModified\":\"2023-07-27T14:25:47+00:00\",\"description\":\"Manifiestan que: El enfoque de barreras para el aprendizaje y la participaci\u00f3n se basa en el modelo social de la discapacidad, a partir...\",\"breadcrumb\":{\"@id\":\"https:\\\/\\\/webdelmaestrocmf.com\\\/portal\\\/las-barreras-en-el-aprendizaje-5-aspectos-que-como-docente-debe-conocer\\\/#breadcrumb\"},\"inLanguage\":\"es\",\"potentialAction\":[{\"@type\":\"ReadAction\",\"target\":[\"https:\\\/\\\/webdelmaestrocmf.com\\\/portal\\\/las-barreras-en-el-aprendizaje-5-aspectos-que-como-docente-debe-conocer\\\/\"]}]},{\"@type\":\"ImageObject\",\"inLanguage\":\"es\",\"@id\":\"https:\\\/\\\/webdelmaestrocmf.com\\\/portal\\\/las-barreras-en-el-aprendizaje-5-aspectos-que-como-docente-debe-conocer\\\/#primaryimage\",\"url\":\"https:\\\/\\\/webdelmaestrocmf.com\\\/portal\\\/wp-content\\\/uploads\\\/2023\\\/07\\\/A12B3C4D-8-1.jpg\",\"contentUrl\":\"https:\\\/\\\/webdelmaestrocmf.com\\\/portal\\\/wp-content\\\/uploads\\\/2023\\\/07\\\/A12B3C4D-8-1.jpg\",\"width\":900,\"height\":556},{\"@type\":\"BreadcrumbList\",\"@id\":\"https:\\\/\\\/webdelmaestrocmf.com\\\/portal\\\/las-barreras-en-el-aprendizaje-5-aspectos-que-como-docente-debe-conocer\\\/#breadcrumb\",\"itemListElement\":[{\"@type\":\"ListItem\",\"position\":1,\"name\":\"Portada\",\"item\":\"https:\\\/\\\/webdelmaestrocmf.com\\\/portal\\\/\"},{\"@type\":\"ListItem\",\"position\":2,\"name\":\"Recursos\",\"item\":\"https:\\\/\\\/webdelmaestrocmf.com\\\/portal\\\/category\\\/pedagogia\\\/\"},{\"@type\":\"ListItem\",\"position\":3,\"name\":\"Barreras en el aprendizaje\",\"item\":\"https:\\\/\\\/webdelmaestrocmf.com\\\/portal\\\/category\\\/pedagogia\\\/barreras-en-el-aprendizaje\\\/\"},{\"@type\":\"ListItem\",\"position\":4,\"name\":\"Las barreras en el aprendizaje: 5 aspectos que como docente debe conocer\"}]},{\"@type\":\"WebSite\",\"@id\":\"https:\\\/\\\/webdelmaestrocmf.com\\\/portal\\\/#website\",\"url\":\"https:\\\/\\\/webdelmaestrocmf.com\\\/portal\\\/\",\"name\":\"Web del Maestro CMF\",\"description\":\"Maestros al servicio de la educaci\u00f3n\",\"publisher\":{\"@id\":\"https:\\\/\\\/webdelmaestrocmf.com\\\/portal\\\/#organization\"},\"alternateName\":\"WMCMF\",\"potentialAction\":[{\"@type\":\"SearchAction\",\"target\":{\"@type\":\"EntryPoint\",\"urlTemplate\":\"https:\\\/\\\/webdelmaestrocmf.com\\\/portal\\\/?s={search_term_string}\"},\"query-input\":{\"@type\":\"PropertyValueSpecification\",\"valueRequired\":true,\"valueName\":\"search_term_string\"}}],\"inLanguage\":\"es\"},{\"@type\":\"Organization\",\"@id\":\"https:\\\/\\\/webdelmaestrocmf.com\\\/portal\\\/#organization\",\"name\":\"Web del Maestro CMF\",\"alternateName\":\"WMCMF\",\"url\":\"https:\\\/\\\/webdelmaestrocmf.com\\\/portal\\\/\",\"logo\":{\"@type\":\"ImageObject\",\"inLanguage\":\"es\",\"@id\":\"https:\\\/\\\/webdelmaestrocmf.com\\\/portal\\\/#\\\/schema\\\/logo\\\/image\\\/\",\"url\":\"https:\\\/\\\/webdelmaestrocmf.com\\\/portal\\\/wp-content\\\/uploads\\\/2023\\\/01\\\/logo-wmcmf-2.png\",\"contentUrl\":\"https:\\\/\\\/webdelmaestrocmf.com\\\/portal\\\/wp-content\\\/uploads\\\/2023\\\/01\\\/logo-wmcmf-2.png\",\"width\":200,\"height\":60,\"caption\":\"Web del Maestro CMF\"},\"image\":{\"@id\":\"https:\\\/\\\/webdelmaestrocmf.com\\\/portal\\\/#\\\/schema\\\/logo\\\/image\\\/\"},\"sameAs\":[\"https:\\\/\\\/www.facebook.com\\\/WebdelMaestroCMF\\\/\",\"https:\\\/\\\/x.com\\\/cmf_w\",\"https:\\\/\\\/www.pinterest.com\\\/WMCMF\\\/\",\"https:\\\/\\\/www.linkedin.com\\\/company\\\/web-del-maestro-cmf\\\/\",\"https:\\\/\\\/www.instagram.com\\\/wmcmf\\\/\",\"https:\\\/\\\/www.youtube.com\\\/channel\\\/UCDPSvjbdodE5sHnC3OxutHw\",\"https:\\\/\\\/mastodon.social\\\/@wmcmf\",\"https:\\\/\\\/www.tiktok.com\\\/@webdelmaestrocmf\"]},{\"@type\":\"Person\",\"@id\":\"https:\\\/\\\/webdelmaestrocmf.com\\\/portal\\\/#\\\/schema\\\/person\\\/1072a2ed7bd960df8ef99a551fa35dc5\",\"name\":\"Web del Maestro CMF\",\"image\":{\"@type\":\"ImageObject\",\"inLanguage\":\"es\",\"@id\":\"https:\\\/\\\/secure.gravatar.com\\\/avatar\\\/23291dd5b5ae1077dcff3dbb04c3e02bd28403fa75af6d8787d5e97c5bbbe30b?s=96&d=mm&r=g\",\"url\":\"https:\\\/\\\/secure.gravatar.com\\\/avatar\\\/23291dd5b5ae1077dcff3dbb04c3e02bd28403fa75af6d8787d5e97c5bbbe30b?s=96&d=mm&r=g\",\"contentUrl\":\"https:\\\/\\\/secure.gravatar.com\\\/avatar\\\/23291dd5b5ae1077dcff3dbb04c3e02bd28403fa75af6d8787d5e97c5bbbe30b?s=96&d=mm&r=g\",\"caption\":\"Web del Maestro CMF\"},\"description\":\"Esta Web se cre\u00f3 sin fines de lucro, con fines educativos, cient\u00edficos y acad\u00e9micos, para personas que tengan dificultades y\\\/o inconvenientes en visualizar el material original. El objetivo es entregar recursos, compartir experiencias y materiales que ayuden a los padres de familia, maestros y estudiantes en su actualizaci\u00f3n y formaci\u00f3n permanente, en bien de la Educaci\u00f3n.\",\"sameAs\":[\"http:\\\/\\\/webdelmaestrocmf.com\\\/portal\",\"https:\\\/\\\/www.facebook.com\\\/WebdelMaestroCMF\\\/\",\"https:\\\/\\\/www.instagram.com\\\/wmcmf\\\/\",\"https:\\\/\\\/cl.linkedin.com\\\/company\\\/web-del-maestro-cmf\",\"https:\\\/\\\/www.pinterest.com\\\/WMCMF\\\/publicaciones\\\/\",\"https:\\\/\\\/x.com\\\/cmf_w\",\"https:\\\/\\\/www.youtube.com\\\/@WMCMF\"]}]}<\/script>\n<!-- \/ Yoast SEO plugin. -->","yoast_head_json":{"title":"Las barreras en el aprendizaje: 5 aspectos que como docente debe conocer - 2026","description":"Manifiestan que: El enfoque de barreras para el aprendizaje y la participaci\u00f3n se basa en el modelo social de la discapacidad, a partir...","robots":{"index":"index","follow":"follow","max-snippet":"max-snippet:-1","max-image-preview":"max-image-preview:large","max-video-preview":"max-video-preview:-1"},"canonical":"https:\/\/webdelmaestrocmf.com\/portal\/las-barreras-en-el-aprendizaje-5-aspectos-que-como-docente-debe-conocer\/","og_locale":"es_ES","og_type":"article","og_title":"Las barreras en el aprendizaje: 5 aspectos que como docente debe conocer - 2026","og_description":"Manifiestan que: El enfoque de barreras para el aprendizaje y la participaci\u00f3n se basa en el modelo social de la discapacidad, a partir...","og_url":"https:\/\/webdelmaestrocmf.com\/portal\/las-barreras-en-el-aprendizaje-5-aspectos-que-como-docente-debe-conocer\/","og_site_name":"Web del Maestro CMF","article_publisher":"https:\/\/www.facebook.com\/WebdelMaestroCMF\/","article_author":"https:\/\/www.facebook.com\/WebdelMaestroCMF\/","article_published_time":"2023-07-26T22:50:11+00:00","article_modified_time":"2023-07-27T14:25:47+00:00","og_image":[{"width":900,"height":556,"url":"https:\/\/i0.wp.com\/webdelmaestrocmf.com\/portal\/wp-content\/uploads\/2023\/07\/A12B3C4D-8-1.jpg?fit=900%2C556&ssl=1","type":"image\/jpeg"}],"author":"Web del Maestro CMF","twitter_card":"summary_large_image","twitter_creator":"@cmf_w","twitter_site":"@cmf_w","schema":{"@context":"https:\/\/schema.org","@graph":[{"@type":"ScholarlyArticle","@id":"https:\/\/webdelmaestrocmf.com\/portal\/las-barreras-en-el-aprendizaje-5-aspectos-que-como-docente-debe-conocer\/#article","isPartOf":{"@id":"https:\/\/webdelmaestrocmf.com\/portal\/las-barreras-en-el-aprendizaje-5-aspectos-que-como-docente-debe-conocer\/"},"author":{"name":"Web del Maestro CMF","@id":"https:\/\/webdelmaestrocmf.com\/portal\/#\/schema\/person\/1072a2ed7bd960df8ef99a551fa35dc5"},"headline":"Las barreras en el aprendizaje: 5 aspectos que como docente debe conocer","datePublished":"2023-07-26T22:50:11+00:00","dateModified":"2023-07-27T14:25:47+00:00","mainEntityOfPage":{"@id":"https:\/\/webdelmaestrocmf.com\/portal\/las-barreras-en-el-aprendizaje-5-aspectos-que-como-docente-debe-conocer\/"},"wordCount":3084,"commentCount":0,"publisher":{"@id":"https:\/\/webdelmaestrocmf.com\/portal\/#organization"},"image":{"@id":"https:\/\/webdelmaestrocmf.com\/portal\/las-barreras-en-el-aprendizaje-5-aspectos-que-como-docente-debe-conocer\/#primaryimage"},"thumbnailUrl":"https:\/\/webdelmaestrocmf.com\/portal\/wp-content\/uploads\/2023\/07\/A12B3C4D-8-1.jpg","keywords":["aprendizaje","Aspectos","AUTONOM\u00cdA","barreras","Barreras actitudinales","Barreras culturales","Barreras de aprendizaje online","Barreras materiales","Barreras organizativas","Barreras para el aprendizaje y la participaci\u00f3n","Barreras sociales","Barreras socioecon\u00f3micas","Brecha tecnol\u00f3gica","Circunstancias sociales y econ\u00f3micas","CONOCER","Contexto cultural","Contexto institucional","Contexto pol\u00edtico","Contextos sociales","DEBE","Discriminaci\u00f3n en la educaci\u00f3n","DOCENTE","EDUCACI\u00d3N INCLUSIVA","Enfoque de la educaci\u00f3n inclusiva","Factores del contexto","Formaci\u00f3n a distancia","Integraci\u00f3n en la comunidad educativa","Interacci\u00f3n en los contextos","Limitaciones sociales","Modelo social de la discapacidad","Necesidades educativas especiales","Oportunidades de aprendizaje","Plataformas de educaci\u00f3n online","Pleno acceso a la educaci\u00f3n","Preparaci\u00f3n para la educaci\u00f3n online","Recursos inform\u00e1ticos"],"articleSection":["Barreras en el aprendizaje","Recursos"],"inLanguage":"es","potentialAction":[{"@type":"CommentAction","name":"Comment","target":["https:\/\/webdelmaestrocmf.com\/portal\/las-barreras-en-el-aprendizaje-5-aspectos-que-como-docente-debe-conocer\/#respond"]}]},{"@type":"WebPage","@id":"https:\/\/webdelmaestrocmf.com\/portal\/las-barreras-en-el-aprendizaje-5-aspectos-que-como-docente-debe-conocer\/","url":"https:\/\/webdelmaestrocmf.com\/portal\/las-barreras-en-el-aprendizaje-5-aspectos-que-como-docente-debe-conocer\/","name":"Las barreras en el aprendizaje: 5 aspectos que como docente debe conocer - 2026","isPartOf":{"@id":"https:\/\/webdelmaestrocmf.com\/portal\/#website"},"primaryImageOfPage":{"@id":"https:\/\/webdelmaestrocmf.com\/portal\/las-barreras-en-el-aprendizaje-5-aspectos-que-como-docente-debe-conocer\/#primaryimage"},"image":{"@id":"https:\/\/webdelmaestrocmf.com\/portal\/las-barreras-en-el-aprendizaje-5-aspectos-que-como-docente-debe-conocer\/#primaryimage"},"thumbnailUrl":"https:\/\/webdelmaestrocmf.com\/portal\/wp-content\/uploads\/2023\/07\/A12B3C4D-8-1.jpg","datePublished":"2023-07-26T22:50:11+00:00","dateModified":"2023-07-27T14:25:47+00:00","description":"Manifiestan que: El enfoque de barreras para el aprendizaje y la participaci\u00f3n se basa en el modelo social de la discapacidad, a partir...","breadcrumb":{"@id":"https:\/\/webdelmaestrocmf.com\/portal\/las-barreras-en-el-aprendizaje-5-aspectos-que-como-docente-debe-conocer\/#breadcrumb"},"inLanguage":"es","potentialAction":[{"@type":"ReadAction","target":["https:\/\/webdelmaestrocmf.com\/portal\/las-barreras-en-el-aprendizaje-5-aspectos-que-como-docente-debe-conocer\/"]}]},{"@type":"ImageObject","inLanguage":"es","@id":"https:\/\/webdelmaestrocmf.com\/portal\/las-barreras-en-el-aprendizaje-5-aspectos-que-como-docente-debe-conocer\/#primaryimage","url":"https:\/\/webdelmaestrocmf.com\/portal\/wp-content\/uploads\/2023\/07\/A12B3C4D-8-1.jpg","contentUrl":"https:\/\/webdelmaestrocmf.com\/portal\/wp-content\/uploads\/2023\/07\/A12B3C4D-8-1.jpg","width":900,"height":556},{"@type":"BreadcrumbList","@id":"https:\/\/webdelmaestrocmf.com\/portal\/las-barreras-en-el-aprendizaje-5-aspectos-que-como-docente-debe-conocer\/#breadcrumb","itemListElement":[{"@type":"ListItem","position":1,"name":"Portada","item":"https:\/\/webdelmaestrocmf.com\/portal\/"},{"@type":"ListItem","position":2,"name":"Recursos","item":"https:\/\/webdelmaestrocmf.com\/portal\/category\/pedagogia\/"},{"@type":"ListItem","position":3,"name":"Barreras en el aprendizaje","item":"https:\/\/webdelmaestrocmf.com\/portal\/category\/pedagogia\/barreras-en-el-aprendizaje\/"},{"@type":"ListItem","position":4,"name":"Las barreras en el aprendizaje: 5 aspectos que como docente debe conocer"}]},{"@type":"WebSite","@id":"https:\/\/webdelmaestrocmf.com\/portal\/#website","url":"https:\/\/webdelmaestrocmf.com\/portal\/","name":"Web del Maestro CMF","description":"Maestros al servicio de la educaci\u00f3n","publisher":{"@id":"https:\/\/webdelmaestrocmf.com\/portal\/#organization"},"alternateName":"WMCMF","potentialAction":[{"@type":"SearchAction","target":{"@type":"EntryPoint","urlTemplate":"https:\/\/webdelmaestrocmf.com\/portal\/?s={search_term_string}"},"query-input":{"@type":"PropertyValueSpecification","valueRequired":true,"valueName":"search_term_string"}}],"inLanguage":"es"},{"@type":"Organization","@id":"https:\/\/webdelmaestrocmf.com\/portal\/#organization","name":"Web del Maestro CMF","alternateName":"WMCMF","url":"https:\/\/webdelmaestrocmf.com\/portal\/","logo":{"@type":"ImageObject","inLanguage":"es","@id":"https:\/\/webdelmaestrocmf.com\/portal\/#\/schema\/logo\/image\/","url":"https:\/\/webdelmaestrocmf.com\/portal\/wp-content\/uploads\/2023\/01\/logo-wmcmf-2.png","contentUrl":"https:\/\/webdelmaestrocmf.com\/portal\/wp-content\/uploads\/2023\/01\/logo-wmcmf-2.png","width":200,"height":60,"caption":"Web del Maestro CMF"},"image":{"@id":"https:\/\/webdelmaestrocmf.com\/portal\/#\/schema\/logo\/image\/"},"sameAs":["https:\/\/www.facebook.com\/WebdelMaestroCMF\/","https:\/\/x.com\/cmf_w","https:\/\/www.pinterest.com\/WMCMF\/","https:\/\/www.linkedin.com\/company\/web-del-maestro-cmf\/","https:\/\/www.instagram.com\/wmcmf\/","https:\/\/www.youtube.com\/channel\/UCDPSvjbdodE5sHnC3OxutHw","https:\/\/mastodon.social\/@wmcmf","https:\/\/www.tiktok.com\/@webdelmaestrocmf"]},{"@type":"Person","@id":"https:\/\/webdelmaestrocmf.com\/portal\/#\/schema\/person\/1072a2ed7bd960df8ef99a551fa35dc5","name":"Web del Maestro CMF","image":{"@type":"ImageObject","inLanguage":"es","@id":"https:\/\/secure.gravatar.com\/avatar\/23291dd5b5ae1077dcff3dbb04c3e02bd28403fa75af6d8787d5e97c5bbbe30b?s=96&d=mm&r=g","url":"https:\/\/secure.gravatar.com\/avatar\/23291dd5b5ae1077dcff3dbb04c3e02bd28403fa75af6d8787d5e97c5bbbe30b?s=96&d=mm&r=g","contentUrl":"https:\/\/secure.gravatar.com\/avatar\/23291dd5b5ae1077dcff3dbb04c3e02bd28403fa75af6d8787d5e97c5bbbe30b?s=96&d=mm&r=g","caption":"Web del Maestro CMF"},"description":"Esta Web se cre\u00f3 sin fines de lucro, con fines educativos, cient\u00edficos y acad\u00e9micos, para personas que tengan dificultades y\/o inconvenientes en visualizar el material original. El objetivo es entregar recursos, compartir experiencias y materiales que ayuden a los padres de familia, maestros y estudiantes en su actualizaci\u00f3n y formaci\u00f3n permanente, en bien de la Educaci\u00f3n.","sameAs":["http:\/\/webdelmaestrocmf.com\/portal","https:\/\/www.facebook.com\/WebdelMaestroCMF\/","https:\/\/www.instagram.com\/wmcmf\/","https:\/\/cl.linkedin.com\/company\/web-del-maestro-cmf","https:\/\/www.pinterest.com\/WMCMF\/publicaciones\/","https:\/\/x.com\/cmf_w","https:\/\/www.youtube.com\/@WMCMF"]}]}},"jetpack_featured_media_url":"https:\/\/webdelmaestrocmf.com\/portal\/wp-content\/uploads\/2023\/07\/A12B3C4D-8-1.jpg","jetpack_sharing_enabled":true,"jetpack-related-posts":[{"id":98522,"url":"https:\/\/webdelmaestrocmf.com\/portal\/como-identificar-las-barreras-para-el-aprendizaje-y-la-participacion-bap\/","url_meta":{"origin":91046,"position":0},"title":"C\u00f3mo identificar las Barreras para el Aprendizaje y la Participaci\u00f3n (BAP)","author":"Web del Maestro CMF","date":"25 octubre, 2023","format":false,"excerpt":"La promoci\u00f3n de la educaci\u00f3n inclusiva es un imperativo en la sociedad actual. Para lograrlo, es esencial abordar y superar las Barreras para el Aprendizaje y la Participaci\u00f3n (BAP) que pueden limitar el acceso a la educaci\u00f3n y la participaci\u00f3n plena en el entorno escolar. Estas barreras, que pueden manifestarse\u2026","rel":"","context":"En \u00abBarreras para el Aprendizaje y la Participaci\u00f3n\u00bb","block_context":{"text":"Barreras para el Aprendizaje y la Participaci\u00f3n","link":"https:\/\/webdelmaestrocmf.com\/portal\/category\/pedagogia\/barreras-para-el-aprendizaje-y-la-participacion\/"},"img":{"alt_text":"Barreras para el Aprendizaje y la Participaci\u00f3n","src":"https:\/\/i0.wp.com\/webdelmaestrocmf.com\/portal\/wp-content\/uploads\/2023\/10\/A12B3C4D-39-1.jpg?resize=350%2C200&ssl=1","width":350,"height":200,"srcset":"https:\/\/i0.wp.com\/webdelmaestrocmf.com\/portal\/wp-content\/uploads\/2023\/10\/A12B3C4D-39-1.jpg?resize=350%2C200&ssl=1 1x, https:\/\/i0.wp.com\/webdelmaestrocmf.com\/portal\/wp-content\/uploads\/2023\/10\/A12B3C4D-39-1.jpg?resize=525%2C300&ssl=1 1.5x, https:\/\/i0.wp.com\/webdelmaestrocmf.com\/portal\/wp-content\/uploads\/2023\/10\/A12B3C4D-39-1.jpg?resize=700%2C400&ssl=1 2x"},"classes":[]},{"id":98782,"url":"https:\/\/webdelmaestrocmf.com\/portal\/estrategias-para-eliminar-las-barreras-para-el-aprendizaje-y-la-participacion-bap\/","url_meta":{"origin":91046,"position":1},"title":"Estrategias para eliminar las barreras para el aprendizaje y la participaci\u00f3n (BAP)","author":"Web del Maestro CMF","date":"28 octubre, 2023","format":false,"excerpt":"En el vasto mundo de la educaci\u00f3n, donde cada estudiante es \u00fanico y enfrenta desaf\u00edos y oportunidades diversos, es esencial abordar las barreras para el aprendizaje y la participaci\u00f3n (BAP) con determinaci\u00f3n y comprensi\u00f3n. Estas barreras pueden manifestarse de diversas formas, ya sea en la forma de obst\u00e1culos personales, ambientales\u2026","rel":"","context":"En \u00abBarreras para el Aprendizaje y la Participaci\u00f3n\u00bb","block_context":{"text":"Barreras para el Aprendizaje y la Participaci\u00f3n","link":"https:\/\/webdelmaestrocmf.com\/portal\/category\/pedagogia\/barreras-para-el-aprendizaje-y-la-participacion\/"},"img":{"alt_text":"Ejemplos de BAP barreras para el aprendizaje y la participaci\u00f3n","src":"https:\/\/i0.wp.com\/webdelmaestrocmf.com\/portal\/wp-content\/uploads\/2023\/10\/A12B3C4D-48.jpg?resize=350%2C200&ssl=1","width":350,"height":200,"srcset":"https:\/\/i0.wp.com\/webdelmaestrocmf.com\/portal\/wp-content\/uploads\/2023\/10\/A12B3C4D-48.jpg?resize=350%2C200&ssl=1 1x, https:\/\/i0.wp.com\/webdelmaestrocmf.com\/portal\/wp-content\/uploads\/2023\/10\/A12B3C4D-48.jpg?resize=525%2C300&ssl=1 1.5x, https:\/\/i0.wp.com\/webdelmaestrocmf.com\/portal\/wp-content\/uploads\/2023\/10\/A12B3C4D-48.jpg?resize=700%2C400&ssl=1 2x"},"classes":[]},{"id":65510,"url":"https:\/\/webdelmaestrocmf.com\/portal\/la-actitud-hacia-la-diversidad-escolar-como-generadora-de-barreras-para-el-aprendizaje\/","url_meta":{"origin":91046,"position":2},"title":"La actitud hacia la diversidad escolar como generadora de barreras para el aprendizaje","author":"Web del Maestro CMF","date":"19 julio, 2021","format":false,"excerpt":"Bajo el enfoque de la educaci\u00f3n inclusiva se ha generado el concepto de barreras para el aprendizaje y la participaci\u00f3n como un mecanismo que moviliza los paradigmas en educaci\u00f3n y, a su vez, como la v\u00eda para caminar hacia la eliminaci\u00f3n de pr\u00e1cticas educativas que han generado segregaci\u00f3n, discriminaci\u00f3n o\u2026","rel":"","context":"En \u00abNoticias\u00bb","block_context":{"text":"Noticias","link":"https:\/\/webdelmaestrocmf.com\/portal\/category\/pedagogia\/noticias-pedagogia\/"},"img":{"alt_text":"","src":"https:\/\/i0.wp.com\/webdelmaestrocmf.com\/portal\/wp-content\/uploads\/2021\/07\/1-104.jpg?resize=350%2C200&ssl=1","width":350,"height":200,"srcset":"https:\/\/i0.wp.com\/webdelmaestrocmf.com\/portal\/wp-content\/uploads\/2021\/07\/1-104.jpg?resize=350%2C200&ssl=1 1x, https:\/\/i0.wp.com\/webdelmaestrocmf.com\/portal\/wp-content\/uploads\/2021\/07\/1-104.jpg?resize=525%2C300&ssl=1 1.5x, https:\/\/i0.wp.com\/webdelmaestrocmf.com\/portal\/wp-content\/uploads\/2021\/07\/1-104.jpg?resize=700%2C400&ssl=1 2x, https:\/\/i0.wp.com\/webdelmaestrocmf.com\/portal\/wp-content\/uploads\/2021\/07\/1-104.jpg?resize=1050%2C600&ssl=1 3x"},"classes":[]},{"id":59137,"url":"https:\/\/webdelmaestrocmf.com\/portal\/nueva-coleccion-de-2500-dinamicas-y-juegos-para-clases-virtuales-o-presenciales\/","url_meta":{"origin":91046,"position":3},"title":"Nueva colecci\u00f3n de 2500 din\u00e1micas y juegos para clases","author":"Web del Maestro CMF","date":"9 mayo, 2024","format":false,"excerpt":"En el mundo educativo, la interacci\u00f3n entre estudiantes y la creaci\u00f3n de un ambiente de aprendizaje cohesivo son fundamentales para el \u00e9xito del proceso educativo. Sin embargo, en un entorno de educaci\u00f3n en l\u00ednea, esta din\u00e1mica puede ser un desaf\u00edo debido a la barrera virtual que separa a los participantes.\u2026","rel":"","context":"En \u00abDin\u00e1micas\u00bb","block_context":{"text":"Din\u00e1micas","link":"https:\/\/webdelmaestrocmf.com\/portal\/category\/pedagogia\/dinamicas\/"},"img":{"alt_text":"din\u00e1micas","src":"https:\/\/i0.wp.com\/webdelmaestrocmf.com\/portal\/wp-content\/uploads\/2021\/02\/Banner-1-portada-imagen-10-1-2024-05-27T085600.404.jpg?resize=350%2C200&ssl=1","width":350,"height":200,"srcset":"https:\/\/i0.wp.com\/webdelmaestrocmf.com\/portal\/wp-content\/uploads\/2021\/02\/Banner-1-portada-imagen-10-1-2024-05-27T085600.404.jpg?resize=350%2C200&ssl=1 1x, https:\/\/i0.wp.com\/webdelmaestrocmf.com\/portal\/wp-content\/uploads\/2021\/02\/Banner-1-portada-imagen-10-1-2024-05-27T085600.404.jpg?resize=525%2C300&ssl=1 1.5x, https:\/\/i0.wp.com\/webdelmaestrocmf.com\/portal\/wp-content\/uploads\/2021\/02\/Banner-1-portada-imagen-10-1-2024-05-27T085600.404.jpg?resize=700%2C400&ssl=1 2x"},"classes":[]},{"id":90513,"url":"https:\/\/webdelmaestrocmf.com\/portal\/cual-es-la-importancia-del-diseno-universal-del-aprendizaje-dua-en-la-construccion-de-unidades-didacticas-y-su-aplicacion\/","url_meta":{"origin":91046,"position":4},"title":"Cu\u00e1l es la importancia del Dise\u00f1o Universal del Aprendizaje DUA en la construcci\u00f3n de unidades did\u00e1cticas y su aplicaci\u00f3n","author":"Web del Maestro CMF","date":"13 julio, 2023","format":false,"excerpt":"El Dise\u00f1o Universal para el Aprendizaje (DUA) es un enfoque educativo que tiene como objetivo proporcionar a todos los estudiantes, incluidos aquellos con diversidad de habilidades y necesidades, igualdad de oportunidades para aprender. El DUA se basa en el concepto de dise\u00f1o universal, que originalmente se aplic\u00f3 al dise\u00f1o de\u2026","rel":"","context":"En \u00abDUA\u00bb","block_context":{"text":"DUA","link":"https:\/\/webdelmaestrocmf.com\/portal\/category\/pedagogia\/dua\/"},"img":{"alt_text":"","src":"https:\/\/i0.wp.com\/webdelmaestrocmf.com\/portal\/wp-content\/uploads\/2023\/07\/1A-Banner-1-portada-imagen-10-1-1.jpg?resize=350%2C200&ssl=1","width":350,"height":200,"srcset":"https:\/\/i0.wp.com\/webdelmaestrocmf.com\/portal\/wp-content\/uploads\/2023\/07\/1A-Banner-1-portada-imagen-10-1-1.jpg?resize=350%2C200&ssl=1 1x, https:\/\/i0.wp.com\/webdelmaestrocmf.com\/portal\/wp-content\/uploads\/2023\/07\/1A-Banner-1-portada-imagen-10-1-1.jpg?resize=525%2C300&ssl=1 1.5x, https:\/\/i0.wp.com\/webdelmaestrocmf.com\/portal\/wp-content\/uploads\/2023\/07\/1A-Banner-1-portada-imagen-10-1-1.jpg?resize=700%2C400&ssl=1 2x"},"classes":[]},{"id":108445,"url":"https:\/\/webdelmaestrocmf.com\/portal\/100-conceptos-clave-para-transformar-la-educacion-con-tecnologia-descarga-la-guia-pdf\/","url_meta":{"origin":91046,"position":5},"title":"100 conceptos clave para transformar la educaci\u00f3n con tecnolog\u00eda: descarga la gu\u00eda PDF","author":"Web del Maestro CMF","date":"23 marzo, 2025","format":false,"excerpt":"La transformaci\u00f3n digital en la educaci\u00f3n va mucho m\u00e1s all\u00e1 de integrar nuevas herramientas tecnol\u00f3gicas: implica comprender a fondo los conceptos que est\u00e1n redefiniendo la ense\u00f1anza. En este nuevo contexto, comprender el lenguaje de la educaci\u00f3n en l\u00ednea es indispensable para cualquier docente que quiera avanzar con seguridad en su\u2026","rel":"","context":"En \u00abDescarga\u00bb","block_context":{"text":"Descarga","link":"https:\/\/webdelmaestrocmf.com\/portal\/category\/descarga\/"},"img":{"alt_text":"","src":"https:\/\/i0.wp.com\/webdelmaestrocmf.com\/portal\/wp-content\/uploads\/2025\/03\/1A-Banner-1-portada-imagen-10-1-6-1.jpg?resize=350%2C200&ssl=1","width":350,"height":200,"srcset":"https:\/\/i0.wp.com\/webdelmaestrocmf.com\/portal\/wp-content\/uploads\/2025\/03\/1A-Banner-1-portada-imagen-10-1-6-1.jpg?resize=350%2C200&ssl=1 1x, https:\/\/i0.wp.com\/webdelmaestrocmf.com\/portal\/wp-content\/uploads\/2025\/03\/1A-Banner-1-portada-imagen-10-1-6-1.jpg?resize=525%2C300&ssl=1 1.5x, https:\/\/i0.wp.com\/webdelmaestrocmf.com\/portal\/wp-content\/uploads\/2025\/03\/1A-Banner-1-portada-imagen-10-1-6-1.jpg?resize=700%2C400&ssl=1 2x"},"classes":[]}],"_links":{"self":[{"href":"https:\/\/webdelmaestrocmf.com\/portal\/wp-json\/wp\/v2\/posts\/91046","targetHints":{"allow":["GET"]}}],"collection":[{"href":"https:\/\/webdelmaestrocmf.com\/portal\/wp-json\/wp\/v2\/posts"}],"about":[{"href":"https:\/\/webdelmaestrocmf.com\/portal\/wp-json\/wp\/v2\/types\/post"}],"author":[{"embeddable":true,"href":"https:\/\/webdelmaestrocmf.com\/portal\/wp-json\/wp\/v2\/users\/1"}],"replies":[{"embeddable":true,"href":"https:\/\/webdelmaestrocmf.com\/portal\/wp-json\/wp\/v2\/comments?post=91046"}],"version-history":[{"count":0,"href":"https:\/\/webdelmaestrocmf.com\/portal\/wp-json\/wp\/v2\/posts\/91046\/revisions"}],"wp:featuredmedia":[{"embeddable":true,"href":"https:\/\/webdelmaestrocmf.com\/portal\/wp-json\/wp\/v2\/media\/91058"}],"wp:attachment":[{"href":"https:\/\/webdelmaestrocmf.com\/portal\/wp-json\/wp\/v2\/media?parent=91046"}],"wp:term":[{"taxonomy":"category","embeddable":true,"href":"https:\/\/webdelmaestrocmf.com\/portal\/wp-json\/wp\/v2\/categories?post=91046"},{"taxonomy":"post_tag","embeddable":true,"href":"https:\/\/webdelmaestrocmf.com\/portal\/wp-json\/wp\/v2\/tags?post=91046"}],"curies":[{"name":"wp","href":"https:\/\/api.w.org\/{rel}","templated":true}]}}