{"id":90703,"date":"2023-07-17T22:39:44","date_gmt":"2023-07-18T02:39:44","guid":{"rendered":"https:\/\/webdelmaestrocmf.com\/portal\/?p=90703"},"modified":"2023-07-18T11:52:46","modified_gmt":"2023-07-18T15:52:46","slug":"la-profesora-una-leccion-que-no-olvidaran-pelicula-completa-para-docentes-lecciones-que-aplicar-en-el-aula","status":"publish","type":"post","link":"https:\/\/webdelmaestrocmf.com\/portal\/la-profesora-una-leccion-que-no-olvidaran-pelicula-completa-para-docentes-lecciones-que-aplicar-en-el-aula\/","title":{"rendered":"\u00abLa profesora: una lecci\u00f3n que no olvidar\u00e1n\u00bb | Pel\u00edcula completa para docentes | Lecciones que aplicar en el aula"},"content":{"rendered":"<h5 style=\"text-align: justify;\">En el a\u00f1o 1983, en medio de la \u00e9poca comunista en la antigua Checoslovaquia, un colegio en los suburbios de Bratislava se ve sacudido por la llegada de la profesora Maria Drazdechova, una figura que revolucionar\u00e1 la instituci\u00f3n, los alumnos y sus padres.<\/h5>\n<p><!--more--><\/p>\n<h5 style=\"text-align: justify;\">Sin embargo, su impacto no ser\u00e1 positivo, ya que su <strong>peculiar y dudoso estilo pedag\u00f3gico<\/strong> desencadenar\u00e1 una <strong>preocupante disminuci\u00f3n en el rendimiento acad\u00e9mico de los estudiantes<\/strong>.<\/h5>\n<p style=\"text-align: justify;\">El <strong>comportamiento corrupto, poco \u00e9tico y poco profesional<\/strong> de la profesora Drazdechova tendr\u00e1 consecuencias devastadoras en los j\u00f3venes a su cargo. Un estudiante caer\u00e1 en la <strong>depresi\u00f3n debido a las presiones y maltratos<\/strong> de la docente, mientras que una alumna se ver\u00e1 impulsada al <strong>borde del suicidio por las constantes presiones y abusos<\/strong>.<\/p>\n<p style=\"text-align: justify;\">Ante esta grave situaci\u00f3n, la <strong>directora del colegio y la jefa de estudios deciden actuar<\/strong> y convocan a los <strong>padres de los alumnos de la maestra Drazdechova para discutir su comportamiento<\/strong> y poner fin a su labor en el centro educativo. No obstante, descubren que la profesora es <strong>miembro influyente del Partido Comunista y cuenta con conexiones en las altas esferas de la ciudad<\/strong>. Adem\u00e1s, es la <strong>presidenta pol\u00edtica del colegio<\/strong>, lo que la dota de un poder y una protecci\u00f3n que dificultan su destituci\u00f3n.<\/p>\n<p style=\"text-align: justify;\">El dilema moral y \u00e9tico se convierte en un <strong>complicado conflicto entre los progenitores<\/strong>. Por un lado, est\u00e1n <strong>preocupados por el bienestar y el futuro acad\u00e9mico de sus hijos<\/strong>, y consideran fundamental apartar a la profesora Drazdechova del colegio. Por otro lado, <strong>temen las posibles represalias y amenazas<\/strong> que podr\u00edan surgir por enfrentarse a alguien tan influyente en el sistema pol\u00edtico.<\/p>\n<p style=\"text-align: justify;\">La pel\u00edcula dirigida por Jan Hrebejk aborda este tenso drama, exponiendo los <strong>entresijos de una sociedad dominada por la opresi\u00f3n pol\u00edtica y la corrupci\u00f3n<\/strong>, donde la <strong>educaci\u00f3n y el bienestar de los j\u00f3venes se ven sacrificados<\/strong> en beneficio de intereses partidistas y abusos de poder. En el <strong>54\u00ba Festival de Gij\u00f3n, esta pel\u00edcula ha sido reconocida con los premios a la mejor banda sonora y direcci\u00f3n art\u00edstica<\/strong>, destacando as\u00ed su habilidad para reflejar de manera impactante y conmovedora una realidad compleja y dolorosa.<\/p>\n<p><iframe loading=\"lazy\" src=\"\/\/ok.ru\/videoembed\/2291029314123\" width=\"100%\" height=\"400\" frameborder=\"0\" allowfullscreen=\"allowfullscreen\"><span data-mce-type=\"bookmark\" style=\"display: inline-block; width: 0px; overflow: hidden; line-height: 0;\" class=\"mce_SELRES_start\">\ufeff<\/span><\/iframe><\/p>\n<p><!--Comentario en html--><\/p>\n<p><!--Comentario en html--><\/p>\n<h5 style=\"text-align: justify;\">Ense\u00f1anzas de la pel\u00edcula:<\/h5>\n<ul>\n<li style=\"text-align: justify;\"><strong>Importancia del enfoque pedag\u00f3gico<\/strong>: La pel\u00edcula muestra c\u00f3mo los m\u00e9todos pedag\u00f3gicos poco convencionales y abusivos de la profesora Drazdechova afectan negativamente el rendimiento y bienestar de los alumnos. Esto destaca la necesidad de adoptar enfoques educativos positivos y efectivos.<\/li>\n<li style=\"text-align: justify;\"><strong>\u00c9tica y profesionalismo<\/strong>: El comportamiento poco \u00e9tico y corrupto de la profesora Drazdechova resalta la importancia de mantener altos est\u00e1ndares \u00e9ticos y profesionales en el ejercicio de la docencia.<\/li>\n<li style=\"text-align: justify;\"><strong>Responsabilidad y bienestar estudiantil<\/strong>: La historia pone de relieve la responsabilidad que tienen los docentes de velar por el bienestar emocional y acad\u00e9mico de sus alumnos.<\/li>\n<li style=\"text-align: justify;\"><strong>Sensibilidad hacia los problemas de los alumnos<\/strong>: La pel\u00edcula muestra c\u00f3mo la falta de empat\u00eda y sensibilidad hacia los problemas de los estudiantes puede llevar a situaciones graves, como la depresi\u00f3n y el intento de suicidio.<\/li>\n<li style=\"text-align: justify;\"><strong>Cuestionar el abuso de poder<\/strong>: El personaje de la profesora Drazdechova representa el abuso de poder en la educaci\u00f3n. Los docentes deben ser conscientes de no utilizar su posici\u00f3n de autoridad para da\u00f1ar a los alumnos.<\/li>\n<li style=\"text-align: justify;\"><strong>Lidiar con conflictos y dilemas \u00e9ticos<\/strong>: La trama de la pel\u00edcula plantea un dilema \u00e9tico a los padres y docentes, mostrando c\u00f3mo enfrentar conflictos dif\u00edciles de manera responsable.<\/li>\n<li style=\"text-align: justify;\"><strong>Colaboraci\u00f3n y comunicaci\u00f3n entre docentes y padres<\/strong>: La directora y la jefa de estudios trabajan en conjunto con los padres para abordar el problema, resaltando la importancia de una comunicaci\u00f3n abierta y colaborativa.<\/li>\n<li style=\"text-align: justify;\"><strong>Consecuencias de la corrupci\u00f3n<\/strong>: La pel\u00edcula ejemplifica c\u00f3mo la corrupci\u00f3n puede tener efectos perjudiciales en el \u00e1mbito educativo y en la vida de los alumnos.<\/li>\n<\/ul>\n<p><!--Comentario en html--><\/p>\n<ul>\n<li style=\"text-align: justify;\"><strong>Liderazgo educativo<\/strong>: La pel\u00edcula muestra la importancia de tener l\u00edderes educativos comprometidos con el bienestar de los estudiantes y dispuestos a tomar decisiones dif\u00edciles cuando sea necesario.<\/li>\n<li style=\"text-align: justify;\"><strong>Defensa de la integridad acad\u00e9mica<\/strong>: La trama destaca la necesidad de mantener la integridad acad\u00e9mica y no ceder a presiones pol\u00edticas o intereses partidistas que puedan afectar la calidad de la educaci\u00f3n.<\/li>\n<li style=\"text-align: justify;\"><strong>Empoderamiento de los alumnos<\/strong>: La pel\u00edcula invita a los docentes a empoderar a sus alumnos, brind\u00e1ndoles un ambiente de confianza y respeto que fomente su desarrollo personal y acad\u00e9mico.<\/li>\n<li style=\"text-align: justify;\"><strong>Reconocimiento y apoyo a los estudiantes<\/strong>: Los docentes deben reconocer las habilidades y limitaciones de cada estudiante, ofreciendo el apoyo necesario para que puedan alcanzar su m\u00e1ximo potencial.<\/li>\n<li style=\"text-align: justify;\"><strong>Conciencia de las repercusiones de las acciones<\/strong>: La pel\u00edcula ilustra c\u00f3mo las acciones de un docente pueden tener un impacto duradero en la vida de los alumnos, tanto positiva como negativamente.<\/li>\n<li style=\"text-align: justify;\"><strong>Importancia de la comunicaci\u00f3n efectiva<\/strong>: La falta de comunicaci\u00f3n entre la profesora Drazdechova y los padres y alumnos muestra la necesidad de una comunicaci\u00f3n efectiva y abierta en el entorno escolar.<\/li>\n<\/ul>\n<p><!--Comentario en html--><\/p>\n<p><iframe loading=\"lazy\" title=\"LA PROFESORA | Tr\u00e1iler Oficial Espa\u00f1ol | HD\" width=\"1200\" height=\"675\" src=\"https:\/\/www.youtube.com\/embed\/je1sx1wdME4?feature=oembed\" frameborder=\"0\" allow=\"accelerometer; autoplay; clipboard-write; encrypted-media; gyroscope; picture-in-picture; web-share\" allowfullscreen><\/iframe><\/p>\n<ul>\n<li style=\"text-align: justify;\"><strong>Sensibilizaci\u00f3n sobre problemas de salud mental<\/strong>: La trama destaca la importancia de estar atentos a los signos de problemas de salud mental entre los estudiantes y brindarles el apoyo adecuado.<\/li>\n<li style=\"text-align: justify;\"><strong>Superar obst\u00e1culos en el sistema educativo<\/strong>: La pel\u00edcula plantea c\u00f3mo enfrentar obst\u00e1culos dentro del sistema educativo para asegurar un ambiente de aprendizaje sano y enriquecedor.<\/li>\n<li style=\"text-align: justify;\"><strong>Fomentar la confianza y la seguridad<\/strong>: Los docentes deben crear un ambiente seguro y de confianza para que los alumnos se sientan c\u00f3modos expresando sus inquietudes y dificultades.<\/li>\n<li style=\"text-align: justify;\"><strong>Reconocer y abordar la presi\u00f3n acad\u00e9mica<\/strong>: La pel\u00edcula resalta la importancia de reconocer y abordar la presi\u00f3n<span style=\"font-family: -apple-system, BlinkMacSystemFont, 'Segoe UI', Roboto, 'Helvetica Neue', Arial, 'Noto Sans', sans-serif, 'Apple Color Emoji', 'Segoe UI Emoji', 'Segoe UI Symbol', 'Noto Color Emoji'; text-align: justify;\">excesiva en el \u00e1mbito acad\u00e9mico para evitar consecuencias negativas en los alumnos.<\/span><\/li>\n<li style=\"text-align: justify;\"><strong>Empat\u00eda y comprensi\u00f3n<\/strong>: Los docentes deben practicar la empat\u00eda y la comprensi\u00f3n hacia los problemas y circunstancias de sus alumnos para poder ofrecer el apoyo adecuado.<\/li>\n<li style=\"text-align: justify;\"><strong>Aprender de errores y mejorar<\/strong>: La pel\u00edcula muestra c\u00f3mo los errores y situaciones dif\u00edciles pueden ser oportunidades para aprender y mejorar en la pr\u00e1ctica docente.<\/li>\n<li style=\"text-align: justify;\"><strong>Trascender las barreras pol\u00edticas<\/strong>: A pesar de las relaciones pol\u00edticas de la profesora Drazdechova, los docentes deben trascender las barreras pol\u00edticas y centrarse en el bienestar de los estudiantes.<\/li>\n<\/ul>\n<p><!--Comentario en html--><\/p>\n<p style=\"text-align: center;\"><script async src=\"https:\/\/pagead2.googlesyndication.com\/pagead\/js\/adsbygoogle.js?client=ca-pub-9544854023617669\" crossorigin=\"anonymous\"><\/script><br \/>\n<!-- TRES-P-2023 --><br \/>\n<ins class=\"adsbygoogle\" style=\"display: block;\" data-ad-client=\"ca-pub-9544854023617669\" data-ad-slot=\"7226207493\" data-ad-format=\"auto\" data-full-width-responsive=\"true\"><\/ins><br \/>\n<script>\n     (adsbygoogle = window.adsbygoogle || []).push({});\n<\/script><\/p>\n<ul>\n<li style=\"text-align: justify;\"><strong>Lucha contra la corrupci\u00f3n en la educaci\u00f3n<\/strong>: La pel\u00edcula destaca la importancia de luchar contra la corrupci\u00f3n en el sistema educativo y asegurar que este se base en principios justos y equitativos.<\/li>\n<li style=\"text-align: justify;\"><strong>Ense\u00f1ar con pasi\u00f3n y compromiso<\/strong>: Los docentes deben ense\u00f1ar con pasi\u00f3n y compromiso, inspirando a sus alumnos y promoviendo el amor por el conocimiento.<\/li>\n<li style=\"text-align: justify;\"><strong>Defensa de la igualdad de oportunidades<\/strong>: La historia muestra c\u00f3mo la corrupci\u00f3n y el abuso de poder pueden afectar la igualdad de oportunidades en la educaci\u00f3n.<\/li>\n<li style=\"text-align: justify;\"><strong>Valorar la diversidad en el aula<\/strong>: Los docentes deben valorar la diversidad de sus alumnos y adaptar sus m\u00e9todos para atender las necesidades individuales.<\/li>\n<li style=\"text-align: justify;\"><strong>No tolerar el acoso escolar<\/strong>: La pel\u00edcula resalta la importancia de no tolerar el acoso escolar y actuar de manera en\u00e9rgica ante cualquier forma de violencia o maltrato entre estudiantes.<\/li>\n<li style=\"text-align: justify;\"><strong>Inspirar confianza en los padres<\/strong>: Los docentes deben trabajar para inspirar confianza en los padres, mostrando transparencia en sus m\u00e9todos y decisiones educativas.<\/li>\n<li style=\"text-align: justify;\"><strong>Impulsar la colaboraci\u00f3n entre docentes<\/strong>: La pel\u00edcula subraya la importancia de la colaboraci\u00f3n entre docentes para abordar problemas educativos de manera m\u00e1s efectiva.<\/li>\n<li style=\"text-align: justify;\"><strong>Reconocer el valor de la educaci\u00f3n<\/strong>: La trama nos recuerda el valor intr\u00ednseco de la educaci\u00f3n como herramienta para el crecimiento personal y el desarrollo de una sociedad m\u00e1s justa y equitativa.<\/li>\n<li style=\"text-align: justify;\"><strong>Compromiso con la mejora continua<\/strong>: Los docentes deben estar comprometidos con la mejora continua de su pr\u00e1ctica educativa, aprendiendo de experiencias pasadas y adapt\u00e1ndose a las necesidades cambiantes de los estudiantes y la sociedad.<\/li>\n<\/ul>\n<p><!--Comentario en html--><\/p>\n<p style=\"text-align: center;\"><script async src=\"https:\/\/pagead2.googlesyndication.com\/pagead\/js\/adsbygoogle.js?client=ca-pub-9544854023617669\" crossorigin=\"anonymous\"><\/script><br \/>\n<!-- CUATRO-P-2023 --><br \/>\n<ins class=\"adsbygoogle\" style=\"display: block;\" data-ad-client=\"ca-pub-9544854023617669\" data-ad-slot=\"5913125820\" data-ad-format=\"auto\" data-full-width-responsive=\"true\"><\/ins><br \/>\n<script>\n     (adsbygoogle = window.adsbygoogle || []).push({});\n<\/script><\/p>\n<p style=\"text-align: center;\"><img loading=\"lazy\" decoding=\"async\" class=\"alignnone size-large wp-image-90727\" src=\"https:\/\/webdelmaestrocmf.com\/portal\/wp-content\/uploads\/2023\/07\/65rfgfdrty-711x1024.jpg\" alt=\"\" width=\"711\" height=\"1024\" srcset=\"https:\/\/webdelmaestrocmf.com\/portal\/wp-content\/uploads\/2023\/07\/65rfgfdrty-711x1024.jpg 711w, https:\/\/webdelmaestrocmf.com\/portal\/wp-content\/uploads\/2023\/07\/65rfgfdrty-208x300.jpg 208w, https:\/\/webdelmaestrocmf.com\/portal\/wp-content\/uploads\/2023\/07\/65rfgfdrty-110x158.jpg 110w, https:\/\/webdelmaestrocmf.com\/portal\/wp-content\/uploads\/2023\/07\/65rfgfdrty-200x288.jpg 200w, https:\/\/webdelmaestrocmf.com\/portal\/wp-content\/uploads\/2023\/07\/65rfgfdrty-380x547.jpg 380w, https:\/\/webdelmaestrocmf.com\/portal\/wp-content\/uploads\/2023\/07\/65rfgfdrty-255x367.jpg 255w, https:\/\/webdelmaestrocmf.com\/portal\/wp-content\/uploads\/2023\/07\/65rfgfdrty-300x432.jpg 300w, https:\/\/webdelmaestrocmf.com\/portal\/wp-content\/uploads\/2023\/07\/65rfgfdrty-550x792.jpg 550w, https:\/\/webdelmaestrocmf.com\/portal\/wp-content\/uploads\/2023\/07\/65rfgfdrty.jpg 750w\" sizes=\"auto, (max-width: 711px) 100vw, 711px\" \/><\/p>\n<p style=\"text-align: justify;\">Esta pel\u00edcula sobre la \u00e9poca comunista en Checoslovaquia y los dilemas \u00e9ticos en la educaci\u00f3n muestra c\u00f3mo los m\u00e9todos pedag\u00f3gicos, la \u00e9tica y el liderazgo educativo pueden influir en la vida de los estudiantes. Tambi\u00e9n destaca la importancia de reconocer y abordar problemas como el acoso escolar y la presi\u00f3n acad\u00e9mica, as\u00ed como fomentar la colaboraci\u00f3n entre docentes y padres para un ambiente educativo m\u00e1s sano y equitativo.<\/p>\n<p style=\"text-align: right;\"><strong>REDACCI\u00d3N WEB DEL MAESTRO CMF<\/strong><\/p>\n\t\t<div class=\"pk-inline-posts\">\n\t\t\t\n\t\t\t<div class=\"pk-inline-posts-container pk-inline-posts-template-list\"\n\t\t\t\tdata-columns=\"1\">\n\t\t\t\t\t\t<article id=\"post-66850\" class=\"post-66850 post type-post status-publish format-standard has-post-thumbnail category-peliculas category-pedagogia tag-aqui-estamos tag-escuchar tag-hermosa tag-invita tag-pelicula tag-planeta tag-tierra cs-entry cs-video-wrap\">\n\t\t\t<div class=\"pk-post-outer\">\n\n\t\t\t\t\t\t\t\t<div class=\"pk-post-inner\">\n\t\t\t\t\t<div class=\"entry-thumbnail\">\n\t\t\t\t\t\t<div class=\"pk-overlay pk-overlay-ratio pk-ratio-landscape\">\n\t\t\t\t\t\t\t<div class=\"pk-overlay-background\">\n\t\t\t\t\t\t\t\t<a href=\"https:\/\/webdelmaestrocmf.com\/portal\/aqui-estamos-una-hermosa-pelicula-que-nos-invita-a-escuchar-al-planeta-tierra\/\" class=\"pk-overlay-link\">\n\t\t\t\t\t\t\t\t\t<img loading=\"lazy\" decoding=\"async\" width=\"300\" height=\"225\" src=\"https:\/\/webdelmaestrocmf.com\/portal\/wp-content\/uploads\/2021\/08\/1a-15-300x225.jpg\" class=\"attachment-pk-thumbnail size-pk-thumbnail wp-post-image\" alt=\"\" srcset=\"https:\/\/webdelmaestrocmf.com\/portal\/wp-content\/uploads\/2021\/08\/1a-15-300x225.jpg 300w, https:\/\/webdelmaestrocmf.com\/portal\/wp-content\/uploads\/2021\/08\/1a-15-600x450.jpg 600w\" sizes=\"auto, (max-width: 300px) 100vw, 300px\" \/>\t\t\t\t\t\t\t\t<\/a>\n\t\t\t\t\t\t\t<\/div>\n\t\t\t\t\t\t<\/div>\n\t\t\t\t\t<\/div>\n\t\t\t\t<\/div>\n\t\t\t\t\n\t\t\t\t<div class=\"pk-post-inner\">\n\t\t\t\t\t<header>\n\t\t\t\t\t\t<h3 class=\"pk-title\"><a href=\"https:\/\/webdelmaestrocmf.com\/portal\/aqui-estamos-una-hermosa-pelicula-que-nos-invita-a-escuchar-al-planeta-tierra\/\" rel=\"bookmark\">\u00abAqu\u00ed estamos\u00bb, una hermosa pel\u00edcula que nos invita a escuchar al planeta Tierra | Descarga las 50 fichas para colorear en el d\u00eda de la tierra<\/a><\/h3>\t\t\t\t\t<\/header><!-- .entry-header -->\n\t\t\t\t<\/div><!-- .post-inner -->\n\n\t\t\t<\/div><!-- .post-outer -->\n\t\t<\/article>\n\t\t\t\t<\/div>\n\t\t<\/div>\n\t\t\n","protected":false},"excerpt":{"rendered":"En el a\u00f1o 1983, en medio de la \u00e9poca comunista en la antigua Checoslovaquia, un colegio en los&hellip;","protected":false},"author":1,"featured_media":90704,"comment_status":"open","ping_status":"closed","sticky":false,"template":"","format":"standard","meta":{"csco_display_header_overlay":false,"csco_singular_sidebar":"default","csco_page_header_type":"default","csco_page_load_nextpost":"default","csco_post_video_location":[],"csco_post_video_location_hash":"","csco_post_video_url":"","csco_post_video_bg_start_time":0,"csco_post_video_bg_end_time":0,"csco_post_video_bg_volume":false,"_jetpack_memberships_contains_paid_content":false,"footnotes":""},"categories":[644,735],"tags":[],"class_list":{"0":"post-90703","1":"post","2":"type-post","3":"status-publish","4":"format-standard","5":"has-post-thumbnail","7":"category-peliculas","8":"category-pedagogia","9":"cs-entry","10":"cs-video-wrap"},"yoast_head":"<!-- This site is optimized with the Yoast SEO plugin v27.5 - https:\/\/yoast.com\/product\/yoast-seo-wordpress\/ -->\n<title>&quot;La profesora: una lecci\u00f3n que no olvidar\u00e1n&quot; | Pel\u00edcula completa para docentes | Lecciones que aplicar en el aula - 2026<\/title>\n<meta name=\"description\" content=\"En el a\u00f1o 1983, en medio de la \u00e9poca comunista en la antigua Checoslovaquia, un colegio en los suburbios de Bratislava se ve...\" \/>\n<meta name=\"robots\" content=\"index, follow, max-snippet:-1, max-image-preview:large, max-video-preview:-1\" \/>\n<link rel=\"canonical\" href=\"https:\/\/webdelmaestrocmf.com\/portal\/la-profesora-una-leccion-que-no-olvidaran-pelicula-completa-para-docentes-lecciones-que-aplicar-en-el-aula\/\" \/>\n<meta property=\"og:locale\" content=\"es_ES\" \/>\n<meta property=\"og:type\" content=\"article\" \/>\n<meta property=\"og:title\" content=\"&quot;La profesora: una lecci\u00f3n que no olvidar\u00e1n&quot; | Pel\u00edcula completa para docentes | Lecciones que aplicar en el aula - 2026\" \/>\n<meta property=\"og:description\" content=\"En el a\u00f1o 1983, en medio de la \u00e9poca comunista en la antigua Checoslovaquia, un colegio en los suburbios de Bratislava se ve...\" \/>\n<meta property=\"og:url\" content=\"https:\/\/webdelmaestrocmf.com\/portal\/la-profesora-una-leccion-que-no-olvidaran-pelicula-completa-para-docentes-lecciones-que-aplicar-en-el-aula\/\" \/>\n<meta property=\"og:site_name\" content=\"Web del Maestro CMF\" \/>\n<meta property=\"article:publisher\" content=\"https:\/\/www.facebook.com\/WebdelMaestroCMF\/\" \/>\n<meta property=\"article:author\" content=\"https:\/\/www.facebook.com\/WebdelMaestroCMF\/\" \/>\n<meta property=\"article:published_time\" content=\"2023-07-18T02:39:44+00:00\" \/>\n<meta property=\"article:modified_time\" content=\"2023-07-18T15:52:46+00:00\" \/>\n<meta property=\"og:image\" content=\"https:\/\/i0.wp.com\/webdelmaestrocmf.com\/portal\/wp-content\/uploads\/2023\/07\/A12B3C4D-37.jpg?fit=900%2C556&ssl=1\" \/>\n\t<meta property=\"og:image:width\" content=\"900\" \/>\n\t<meta property=\"og:image:height\" content=\"556\" \/>\n\t<meta property=\"og:image:type\" content=\"image\/jpeg\" \/>\n<meta name=\"author\" content=\"Web del Maestro CMF\" \/>\n<meta name=\"twitter:card\" content=\"summary_large_image\" \/>\n<meta name=\"twitter:creator\" content=\"@cmf_w\" \/>\n<meta name=\"twitter:site\" content=\"@cmf_w\" \/>\n<script type=\"application\/ld+json\" class=\"yoast-schema-graph\">{\"@context\":\"https:\\\/\\\/schema.org\",\"@graph\":[{\"@type\":\"ScholarlyArticle\",\"@id\":\"https:\\\/\\\/webdelmaestrocmf.com\\\/portal\\\/la-profesora-una-leccion-que-no-olvidaran-pelicula-completa-para-docentes-lecciones-que-aplicar-en-el-aula\\\/#article\",\"isPartOf\":{\"@id\":\"https:\\\/\\\/webdelmaestrocmf.com\\\/portal\\\/la-profesora-una-leccion-que-no-olvidaran-pelicula-completa-para-docentes-lecciones-que-aplicar-en-el-aula\\\/\"},\"author\":{\"name\":\"Web del Maestro CMF\",\"@id\":\"https:\\\/\\\/webdelmaestrocmf.com\\\/portal\\\/#\\\/schema\\\/person\\\/1072a2ed7bd960df8ef99a551fa35dc5\"},\"headline\":\"\u00abLa profesora: una lecci\u00f3n que no olvidar\u00e1n\u00bb | Pel\u00edcula completa para docentes | Lecciones que aplicar en el aula\",\"datePublished\":\"2023-07-18T02:39:44+00:00\",\"dateModified\":\"2023-07-18T15:52:46+00:00\",\"mainEntityOfPage\":{\"@id\":\"https:\\\/\\\/webdelmaestrocmf.com\\\/portal\\\/la-profesora-una-leccion-que-no-olvidaran-pelicula-completa-para-docentes-lecciones-que-aplicar-en-el-aula\\\/\"},\"wordCount\":1452,\"commentCount\":0,\"publisher\":{\"@id\":\"https:\\\/\\\/webdelmaestrocmf.com\\\/portal\\\/#organization\"},\"image\":{\"@id\":\"https:\\\/\\\/webdelmaestrocmf.com\\\/portal\\\/la-profesora-una-leccion-que-no-olvidaran-pelicula-completa-para-docentes-lecciones-que-aplicar-en-el-aula\\\/#primaryimage\"},\"thumbnailUrl\":\"https:\\\/\\\/webdelmaestrocmf.com\\\/portal\\\/wp-content\\\/uploads\\\/2023\\\/07\\\/A12B3C4D-37.jpg\",\"articleSection\":[\"Pel\u00edculas\",\"Recursos\"],\"inLanguage\":\"es\",\"potentialAction\":[{\"@type\":\"CommentAction\",\"name\":\"Comment\",\"target\":[\"https:\\\/\\\/webdelmaestrocmf.com\\\/portal\\\/la-profesora-una-leccion-que-no-olvidaran-pelicula-completa-para-docentes-lecciones-que-aplicar-en-el-aula\\\/#respond\"]}]},{\"@type\":\"WebPage\",\"@id\":\"https:\\\/\\\/webdelmaestrocmf.com\\\/portal\\\/la-profesora-una-leccion-que-no-olvidaran-pelicula-completa-para-docentes-lecciones-que-aplicar-en-el-aula\\\/\",\"url\":\"https:\\\/\\\/webdelmaestrocmf.com\\\/portal\\\/la-profesora-una-leccion-que-no-olvidaran-pelicula-completa-para-docentes-lecciones-que-aplicar-en-el-aula\\\/\",\"name\":\"\\\"La profesora: una lecci\u00f3n que no olvidar\u00e1n\\\" | Pel\u00edcula completa para docentes | Lecciones que aplicar en el aula - 2026\",\"isPartOf\":{\"@id\":\"https:\\\/\\\/webdelmaestrocmf.com\\\/portal\\\/#website\"},\"primaryImageOfPage\":{\"@id\":\"https:\\\/\\\/webdelmaestrocmf.com\\\/portal\\\/la-profesora-una-leccion-que-no-olvidaran-pelicula-completa-para-docentes-lecciones-que-aplicar-en-el-aula\\\/#primaryimage\"},\"image\":{\"@id\":\"https:\\\/\\\/webdelmaestrocmf.com\\\/portal\\\/la-profesora-una-leccion-que-no-olvidaran-pelicula-completa-para-docentes-lecciones-que-aplicar-en-el-aula\\\/#primaryimage\"},\"thumbnailUrl\":\"https:\\\/\\\/webdelmaestrocmf.com\\\/portal\\\/wp-content\\\/uploads\\\/2023\\\/07\\\/A12B3C4D-37.jpg\",\"datePublished\":\"2023-07-18T02:39:44+00:00\",\"dateModified\":\"2023-07-18T15:52:46+00:00\",\"description\":\"En el a\u00f1o 1983, en medio de la \u00e9poca comunista en la antigua Checoslovaquia, un colegio en los suburbios de Bratislava se ve...\",\"breadcrumb\":{\"@id\":\"https:\\\/\\\/webdelmaestrocmf.com\\\/portal\\\/la-profesora-una-leccion-que-no-olvidaran-pelicula-completa-para-docentes-lecciones-que-aplicar-en-el-aula\\\/#breadcrumb\"},\"inLanguage\":\"es\",\"potentialAction\":[{\"@type\":\"ReadAction\",\"target\":[\"https:\\\/\\\/webdelmaestrocmf.com\\\/portal\\\/la-profesora-una-leccion-que-no-olvidaran-pelicula-completa-para-docentes-lecciones-que-aplicar-en-el-aula\\\/\"]}]},{\"@type\":\"ImageObject\",\"inLanguage\":\"es\",\"@id\":\"https:\\\/\\\/webdelmaestrocmf.com\\\/portal\\\/la-profesora-una-leccion-que-no-olvidaran-pelicula-completa-para-docentes-lecciones-que-aplicar-en-el-aula\\\/#primaryimage\",\"url\":\"https:\\\/\\\/webdelmaestrocmf.com\\\/portal\\\/wp-content\\\/uploads\\\/2023\\\/07\\\/A12B3C4D-37.jpg\",\"contentUrl\":\"https:\\\/\\\/webdelmaestrocmf.com\\\/portal\\\/wp-content\\\/uploads\\\/2023\\\/07\\\/A12B3C4D-37.jpg\",\"width\":900,\"height\":556},{\"@type\":\"BreadcrumbList\",\"@id\":\"https:\\\/\\\/webdelmaestrocmf.com\\\/portal\\\/la-profesora-una-leccion-que-no-olvidaran-pelicula-completa-para-docentes-lecciones-que-aplicar-en-el-aula\\\/#breadcrumb\",\"itemListElement\":[{\"@type\":\"ListItem\",\"position\":1,\"name\":\"Portada\",\"item\":\"https:\\\/\\\/webdelmaestrocmf.com\\\/portal\\\/\"},{\"@type\":\"ListItem\",\"position\":2,\"name\":\"Recursos\",\"item\":\"https:\\\/\\\/webdelmaestrocmf.com\\\/portal\\\/category\\\/pedagogia\\\/\"},{\"@type\":\"ListItem\",\"position\":3,\"name\":\"&#8220;La profesora: una lecci\u00f3n que no olvidar\u00e1n&#8221; | Pel\u00edcula completa para docentes | Lecciones que aplicar en el aula\"}]},{\"@type\":\"WebSite\",\"@id\":\"https:\\\/\\\/webdelmaestrocmf.com\\\/portal\\\/#website\",\"url\":\"https:\\\/\\\/webdelmaestrocmf.com\\\/portal\\\/\",\"name\":\"Web del Maestro CMF\",\"description\":\"Maestros al servicio de la educaci\u00f3n\",\"publisher\":{\"@id\":\"https:\\\/\\\/webdelmaestrocmf.com\\\/portal\\\/#organization\"},\"alternateName\":\"WMCMF\",\"potentialAction\":[{\"@type\":\"SearchAction\",\"target\":{\"@type\":\"EntryPoint\",\"urlTemplate\":\"https:\\\/\\\/webdelmaestrocmf.com\\\/portal\\\/?s={search_term_string}\"},\"query-input\":{\"@type\":\"PropertyValueSpecification\",\"valueRequired\":true,\"valueName\":\"search_term_string\"}}],\"inLanguage\":\"es\"},{\"@type\":\"Organization\",\"@id\":\"https:\\\/\\\/webdelmaestrocmf.com\\\/portal\\\/#organization\",\"name\":\"Web del Maestro CMF\",\"alternateName\":\"WMCMF\",\"url\":\"https:\\\/\\\/webdelmaestrocmf.com\\\/portal\\\/\",\"logo\":{\"@type\":\"ImageObject\",\"inLanguage\":\"es\",\"@id\":\"https:\\\/\\\/webdelmaestrocmf.com\\\/portal\\\/#\\\/schema\\\/logo\\\/image\\\/\",\"url\":\"https:\\\/\\\/webdelmaestrocmf.com\\\/portal\\\/wp-content\\\/uploads\\\/2023\\\/01\\\/logo-wmcmf-2.png\",\"contentUrl\":\"https:\\\/\\\/webdelmaestrocmf.com\\\/portal\\\/wp-content\\\/uploads\\\/2023\\\/01\\\/logo-wmcmf-2.png\",\"width\":200,\"height\":60,\"caption\":\"Web del Maestro CMF\"},\"image\":{\"@id\":\"https:\\\/\\\/webdelmaestrocmf.com\\\/portal\\\/#\\\/schema\\\/logo\\\/image\\\/\"},\"sameAs\":[\"https:\\\/\\\/www.facebook.com\\\/WebdelMaestroCMF\\\/\",\"https:\\\/\\\/x.com\\\/cmf_w\",\"https:\\\/\\\/www.pinterest.com\\\/WMCMF\\\/\",\"https:\\\/\\\/www.linkedin.com\\\/company\\\/web-del-maestro-cmf\\\/\",\"https:\\\/\\\/www.instagram.com\\\/wmcmf\\\/\",\"https:\\\/\\\/www.youtube.com\\\/channel\\\/UCDPSvjbdodE5sHnC3OxutHw\",\"https:\\\/\\\/mastodon.social\\\/@wmcmf\",\"https:\\\/\\\/www.tiktok.com\\\/@webdelmaestrocmf\"]},{\"@type\":\"Person\",\"@id\":\"https:\\\/\\\/webdelmaestrocmf.com\\\/portal\\\/#\\\/schema\\\/person\\\/1072a2ed7bd960df8ef99a551fa35dc5\",\"name\":\"Web del Maestro CMF\",\"image\":{\"@type\":\"ImageObject\",\"inLanguage\":\"es\",\"@id\":\"https:\\\/\\\/secure.gravatar.com\\\/avatar\\\/23291dd5b5ae1077dcff3dbb04c3e02bd28403fa75af6d8787d5e97c5bbbe30b?s=96&d=mm&r=g\",\"url\":\"https:\\\/\\\/secure.gravatar.com\\\/avatar\\\/23291dd5b5ae1077dcff3dbb04c3e02bd28403fa75af6d8787d5e97c5bbbe30b?s=96&d=mm&r=g\",\"contentUrl\":\"https:\\\/\\\/secure.gravatar.com\\\/avatar\\\/23291dd5b5ae1077dcff3dbb04c3e02bd28403fa75af6d8787d5e97c5bbbe30b?s=96&d=mm&r=g\",\"caption\":\"Web del Maestro CMF\"},\"description\":\"Esta Web se cre\u00f3 sin fines de lucro, con fines educativos, cient\u00edficos y acad\u00e9micos, para personas que tengan dificultades y\\\/o inconvenientes en visualizar el material original. El objetivo es entregar recursos, compartir experiencias y materiales que ayuden a los padres de familia, maestros y estudiantes en su actualizaci\u00f3n y formaci\u00f3n permanente, en bien de la Educaci\u00f3n.\",\"sameAs\":[\"http:\\\/\\\/webdelmaestrocmf.com\\\/portal\",\"https:\\\/\\\/www.facebook.com\\\/WebdelMaestroCMF\\\/\",\"https:\\\/\\\/www.instagram.com\\\/wmcmf\\\/\",\"https:\\\/\\\/cl.linkedin.com\\\/company\\\/web-del-maestro-cmf\",\"https:\\\/\\\/www.pinterest.com\\\/WMCMF\\\/publicaciones\\\/\",\"https:\\\/\\\/x.com\\\/cmf_w\",\"https:\\\/\\\/www.youtube.com\\\/@WMCMF\"]}]}<\/script>\n<!-- \/ Yoast SEO plugin. -->","yoast_head_json":{"title":"\"La profesora: una lecci\u00f3n que no olvidar\u00e1n\" | Pel\u00edcula completa para docentes | Lecciones que aplicar en el aula - 2026","description":"En el a\u00f1o 1983, en medio de la \u00e9poca comunista en la antigua Checoslovaquia, un colegio en los suburbios de Bratislava se ve...","robots":{"index":"index","follow":"follow","max-snippet":"max-snippet:-1","max-image-preview":"max-image-preview:large","max-video-preview":"max-video-preview:-1"},"canonical":"https:\/\/webdelmaestrocmf.com\/portal\/la-profesora-una-leccion-que-no-olvidaran-pelicula-completa-para-docentes-lecciones-que-aplicar-en-el-aula\/","og_locale":"es_ES","og_type":"article","og_title":"\"La profesora: una lecci\u00f3n que no olvidar\u00e1n\" | Pel\u00edcula completa para docentes | Lecciones que aplicar en el aula - 2026","og_description":"En el a\u00f1o 1983, en medio de la \u00e9poca comunista en la antigua Checoslovaquia, un colegio en los suburbios de Bratislava se ve...","og_url":"https:\/\/webdelmaestrocmf.com\/portal\/la-profesora-una-leccion-que-no-olvidaran-pelicula-completa-para-docentes-lecciones-que-aplicar-en-el-aula\/","og_site_name":"Web del Maestro CMF","article_publisher":"https:\/\/www.facebook.com\/WebdelMaestroCMF\/","article_author":"https:\/\/www.facebook.com\/WebdelMaestroCMF\/","article_published_time":"2023-07-18T02:39:44+00:00","article_modified_time":"2023-07-18T15:52:46+00:00","og_image":[{"width":900,"height":556,"url":"https:\/\/i0.wp.com\/webdelmaestrocmf.com\/portal\/wp-content\/uploads\/2023\/07\/A12B3C4D-37.jpg?fit=900%2C556&ssl=1","type":"image\/jpeg"}],"author":"Web del Maestro CMF","twitter_card":"summary_large_image","twitter_creator":"@cmf_w","twitter_site":"@cmf_w","schema":{"@context":"https:\/\/schema.org","@graph":[{"@type":"ScholarlyArticle","@id":"https:\/\/webdelmaestrocmf.com\/portal\/la-profesora-una-leccion-que-no-olvidaran-pelicula-completa-para-docentes-lecciones-que-aplicar-en-el-aula\/#article","isPartOf":{"@id":"https:\/\/webdelmaestrocmf.com\/portal\/la-profesora-una-leccion-que-no-olvidaran-pelicula-completa-para-docentes-lecciones-que-aplicar-en-el-aula\/"},"author":{"name":"Web del Maestro CMF","@id":"https:\/\/webdelmaestrocmf.com\/portal\/#\/schema\/person\/1072a2ed7bd960df8ef99a551fa35dc5"},"headline":"\u00abLa profesora: una lecci\u00f3n que no olvidar\u00e1n\u00bb | Pel\u00edcula completa para docentes | Lecciones que aplicar en el aula","datePublished":"2023-07-18T02:39:44+00:00","dateModified":"2023-07-18T15:52:46+00:00","mainEntityOfPage":{"@id":"https:\/\/webdelmaestrocmf.com\/portal\/la-profesora-una-leccion-que-no-olvidaran-pelicula-completa-para-docentes-lecciones-que-aplicar-en-el-aula\/"},"wordCount":1452,"commentCount":0,"publisher":{"@id":"https:\/\/webdelmaestrocmf.com\/portal\/#organization"},"image":{"@id":"https:\/\/webdelmaestrocmf.com\/portal\/la-profesora-una-leccion-que-no-olvidaran-pelicula-completa-para-docentes-lecciones-que-aplicar-en-el-aula\/#primaryimage"},"thumbnailUrl":"https:\/\/webdelmaestrocmf.com\/portal\/wp-content\/uploads\/2023\/07\/A12B3C4D-37.jpg","articleSection":["Pel\u00edculas","Recursos"],"inLanguage":"es","potentialAction":[{"@type":"CommentAction","name":"Comment","target":["https:\/\/webdelmaestrocmf.com\/portal\/la-profesora-una-leccion-que-no-olvidaran-pelicula-completa-para-docentes-lecciones-que-aplicar-en-el-aula\/#respond"]}]},{"@type":"WebPage","@id":"https:\/\/webdelmaestrocmf.com\/portal\/la-profesora-una-leccion-que-no-olvidaran-pelicula-completa-para-docentes-lecciones-que-aplicar-en-el-aula\/","url":"https:\/\/webdelmaestrocmf.com\/portal\/la-profesora-una-leccion-que-no-olvidaran-pelicula-completa-para-docentes-lecciones-que-aplicar-en-el-aula\/","name":"\"La profesora: una lecci\u00f3n que no olvidar\u00e1n\" | Pel\u00edcula completa para docentes | Lecciones que aplicar en el aula - 2026","isPartOf":{"@id":"https:\/\/webdelmaestrocmf.com\/portal\/#website"},"primaryImageOfPage":{"@id":"https:\/\/webdelmaestrocmf.com\/portal\/la-profesora-una-leccion-que-no-olvidaran-pelicula-completa-para-docentes-lecciones-que-aplicar-en-el-aula\/#primaryimage"},"image":{"@id":"https:\/\/webdelmaestrocmf.com\/portal\/la-profesora-una-leccion-que-no-olvidaran-pelicula-completa-para-docentes-lecciones-que-aplicar-en-el-aula\/#primaryimage"},"thumbnailUrl":"https:\/\/webdelmaestrocmf.com\/portal\/wp-content\/uploads\/2023\/07\/A12B3C4D-37.jpg","datePublished":"2023-07-18T02:39:44+00:00","dateModified":"2023-07-18T15:52:46+00:00","description":"En el a\u00f1o 1983, en medio de la \u00e9poca comunista en la antigua Checoslovaquia, un colegio en los suburbios de Bratislava se ve...","breadcrumb":{"@id":"https:\/\/webdelmaestrocmf.com\/portal\/la-profesora-una-leccion-que-no-olvidaran-pelicula-completa-para-docentes-lecciones-que-aplicar-en-el-aula\/#breadcrumb"},"inLanguage":"es","potentialAction":[{"@type":"ReadAction","target":["https:\/\/webdelmaestrocmf.com\/portal\/la-profesora-una-leccion-que-no-olvidaran-pelicula-completa-para-docentes-lecciones-que-aplicar-en-el-aula\/"]}]},{"@type":"ImageObject","inLanguage":"es","@id":"https:\/\/webdelmaestrocmf.com\/portal\/la-profesora-una-leccion-que-no-olvidaran-pelicula-completa-para-docentes-lecciones-que-aplicar-en-el-aula\/#primaryimage","url":"https:\/\/webdelmaestrocmf.com\/portal\/wp-content\/uploads\/2023\/07\/A12B3C4D-37.jpg","contentUrl":"https:\/\/webdelmaestrocmf.com\/portal\/wp-content\/uploads\/2023\/07\/A12B3C4D-37.jpg","width":900,"height":556},{"@type":"BreadcrumbList","@id":"https:\/\/webdelmaestrocmf.com\/portal\/la-profesora-una-leccion-que-no-olvidaran-pelicula-completa-para-docentes-lecciones-que-aplicar-en-el-aula\/#breadcrumb","itemListElement":[{"@type":"ListItem","position":1,"name":"Portada","item":"https:\/\/webdelmaestrocmf.com\/portal\/"},{"@type":"ListItem","position":2,"name":"Recursos","item":"https:\/\/webdelmaestrocmf.com\/portal\/category\/pedagogia\/"},{"@type":"ListItem","position":3,"name":"&#8220;La profesora: una lecci\u00f3n que no olvidar\u00e1n&#8221; | Pel\u00edcula completa para docentes | Lecciones que aplicar en el aula"}]},{"@type":"WebSite","@id":"https:\/\/webdelmaestrocmf.com\/portal\/#website","url":"https:\/\/webdelmaestrocmf.com\/portal\/","name":"Web del Maestro CMF","description":"Maestros al servicio de la educaci\u00f3n","publisher":{"@id":"https:\/\/webdelmaestrocmf.com\/portal\/#organization"},"alternateName":"WMCMF","potentialAction":[{"@type":"SearchAction","target":{"@type":"EntryPoint","urlTemplate":"https:\/\/webdelmaestrocmf.com\/portal\/?s={search_term_string}"},"query-input":{"@type":"PropertyValueSpecification","valueRequired":true,"valueName":"search_term_string"}}],"inLanguage":"es"},{"@type":"Organization","@id":"https:\/\/webdelmaestrocmf.com\/portal\/#organization","name":"Web del Maestro CMF","alternateName":"WMCMF","url":"https:\/\/webdelmaestrocmf.com\/portal\/","logo":{"@type":"ImageObject","inLanguage":"es","@id":"https:\/\/webdelmaestrocmf.com\/portal\/#\/schema\/logo\/image\/","url":"https:\/\/webdelmaestrocmf.com\/portal\/wp-content\/uploads\/2023\/01\/logo-wmcmf-2.png","contentUrl":"https:\/\/webdelmaestrocmf.com\/portal\/wp-content\/uploads\/2023\/01\/logo-wmcmf-2.png","width":200,"height":60,"caption":"Web del Maestro CMF"},"image":{"@id":"https:\/\/webdelmaestrocmf.com\/portal\/#\/schema\/logo\/image\/"},"sameAs":["https:\/\/www.facebook.com\/WebdelMaestroCMF\/","https:\/\/x.com\/cmf_w","https:\/\/www.pinterest.com\/WMCMF\/","https:\/\/www.linkedin.com\/company\/web-del-maestro-cmf\/","https:\/\/www.instagram.com\/wmcmf\/","https:\/\/www.youtube.com\/channel\/UCDPSvjbdodE5sHnC3OxutHw","https:\/\/mastodon.social\/@wmcmf","https:\/\/www.tiktok.com\/@webdelmaestrocmf"]},{"@type":"Person","@id":"https:\/\/webdelmaestrocmf.com\/portal\/#\/schema\/person\/1072a2ed7bd960df8ef99a551fa35dc5","name":"Web del Maestro CMF","image":{"@type":"ImageObject","inLanguage":"es","@id":"https:\/\/secure.gravatar.com\/avatar\/23291dd5b5ae1077dcff3dbb04c3e02bd28403fa75af6d8787d5e97c5bbbe30b?s=96&d=mm&r=g","url":"https:\/\/secure.gravatar.com\/avatar\/23291dd5b5ae1077dcff3dbb04c3e02bd28403fa75af6d8787d5e97c5bbbe30b?s=96&d=mm&r=g","contentUrl":"https:\/\/secure.gravatar.com\/avatar\/23291dd5b5ae1077dcff3dbb04c3e02bd28403fa75af6d8787d5e97c5bbbe30b?s=96&d=mm&r=g","caption":"Web del Maestro CMF"},"description":"Esta Web se cre\u00f3 sin fines de lucro, con fines educativos, cient\u00edficos y acad\u00e9micos, para personas que tengan dificultades y\/o inconvenientes en visualizar el material original. El objetivo es entregar recursos, compartir experiencias y materiales que ayuden a los padres de familia, maestros y estudiantes en su actualizaci\u00f3n y formaci\u00f3n permanente, en bien de la Educaci\u00f3n.","sameAs":["http:\/\/webdelmaestrocmf.com\/portal","https:\/\/www.facebook.com\/WebdelMaestroCMF\/","https:\/\/www.instagram.com\/wmcmf\/","https:\/\/cl.linkedin.com\/company\/web-del-maestro-cmf","https:\/\/www.pinterest.com\/WMCMF\/publicaciones\/","https:\/\/x.com\/cmf_w","https:\/\/www.youtube.com\/@WMCMF"]}]}},"jetpack_featured_media_url":"https:\/\/webdelmaestrocmf.com\/portal\/wp-content\/uploads\/2023\/07\/A12B3C4D-37.jpg","jetpack_sharing_enabled":true,"jetpack-related-posts":[{"id":105881,"url":"https:\/\/webdelmaestrocmf.com\/portal\/corazon-de-nino-una-pelicula-imprescindible-para-docentes\/","url_meta":{"origin":90703,"position":0},"title":"Coraz\u00f3n de Ni\u00f1o: una pel\u00edcula imprescindible para Docentes","author":"Web del Maestro CMF","date":"5 junio, 2024","format":false,"excerpt":"Coraz\u00f3n de Ni\u00f1o, la pel\u00edcula mexicana de 1963 dirigida por Julio Bracho y protagonizada por Ignacio L\u00f3pez Tarso, es una obra maestra del cine latinoamericano que ofrece valiosas lecciones para alumnos, padres y profesores. Basada en la novela \"Cuore\" de Edmondo De Amicis, la cinta narra la historia de un\u2026","rel":"","context":"En \u00abPel\u00edculas\u00bb","block_context":{"text":"Pel\u00edculas","link":"https:\/\/webdelmaestrocmf.com\/portal\/category\/pedagogia\/peliculas\/"},"img":{"alt_text":"","src":"https:\/\/i0.wp.com\/webdelmaestrocmf.com\/portal\/wp-content\/uploads\/2024\/06\/Banner-1-portada-imagen-10-1-2024-06-05T201218.024.jpg?resize=350%2C200&ssl=1","width":350,"height":200,"srcset":"https:\/\/i0.wp.com\/webdelmaestrocmf.com\/portal\/wp-content\/uploads\/2024\/06\/Banner-1-portada-imagen-10-1-2024-06-05T201218.024.jpg?resize=350%2C200&ssl=1 1x, https:\/\/i0.wp.com\/webdelmaestrocmf.com\/portal\/wp-content\/uploads\/2024\/06\/Banner-1-portada-imagen-10-1-2024-06-05T201218.024.jpg?resize=525%2C300&ssl=1 1.5x, https:\/\/i0.wp.com\/webdelmaestrocmf.com\/portal\/wp-content\/uploads\/2024\/06\/Banner-1-portada-imagen-10-1-2024-06-05T201218.024.jpg?resize=700%2C400&ssl=1 2x"},"classes":[]},{"id":106946,"url":"https:\/\/webdelmaestrocmf.com\/portal\/la-ola-pelicula-para-docentes-sobre-los-riesgos-de-perder-el-contro\/","url_meta":{"origin":90703,"position":1},"title":"\u00abLa ola\u00bb pel\u00edcula para docentes sobre los riesgos de perder el control","author":"Web del Maestro CMF","date":"15 noviembre, 2024","format":false,"excerpt":"La pel\u00edcula La Ola presenta una historia fascinante, pero tambi\u00e9n alarmante, que nos invita a reflexionar sobre el poder de la educaci\u00f3n y la influencia que los docentes tienen sobre sus estudiantes. En ella, un profesor alem\u00e1n, Rainer Wenger, enfrenta el desaf\u00edo de ense\u00f1ar sobre autocracia en una \u00e9poca moderna\u2026","rel":"","context":"En \u00abPel\u00edculas\u00bb","block_context":{"text":"Pel\u00edculas","link":"https:\/\/webdelmaestrocmf.com\/portal\/category\/pedagogia\/peliculas\/"},"img":{"alt_text":"","src":"https:\/\/i0.wp.com\/webdelmaestrocmf.com\/portal\/wp-content\/uploads\/2024\/11\/Banner-1-portada-imagen-10-1-11.jpg?resize=350%2C200&ssl=1","width":350,"height":200,"srcset":"https:\/\/i0.wp.com\/webdelmaestrocmf.com\/portal\/wp-content\/uploads\/2024\/11\/Banner-1-portada-imagen-10-1-11.jpg?resize=350%2C200&ssl=1 1x, https:\/\/i0.wp.com\/webdelmaestrocmf.com\/portal\/wp-content\/uploads\/2024\/11\/Banner-1-portada-imagen-10-1-11.jpg?resize=525%2C300&ssl=1 1.5x, https:\/\/i0.wp.com\/webdelmaestrocmf.com\/portal\/wp-content\/uploads\/2024\/11\/Banner-1-portada-imagen-10-1-11.jpg?resize=700%2C400&ssl=1 2x"},"classes":[]},{"id":114928,"url":"https:\/\/webdelmaestrocmf.com\/portal\/la-leccion-mas-valiosa-profesora-convierte-un-examen-en-un-acto-de-inclusion-y-empatia\/","url_meta":{"origin":90703,"position":2},"title":"La lecci\u00f3n m\u00e1s valiosa: profesora convierte un examen en un acto de inclusi\u00f3n y empat\u00eda","author":"Web del Maestro CMF","date":"21 enero, 2026","format":false,"excerpt":"Una profesora convirti\u00f3 un examen en una lecci\u00f3n de inclusi\u00f3n al dar confianza a un alumno muy t\u00edmido y demostrar que educar tambi\u00e9n es empat\u00eda.","rel":"","context":"En \u00abNoticias Internacionales\u00bb","block_context":{"text":"Noticias Internacionales","link":"https:\/\/webdelmaestrocmf.com\/portal\/category\/noticias-internacionales\/"},"img":{"alt_text":"","src":"https:\/\/i0.wp.com\/webdelmaestrocmf.com\/portal\/wp-content\/uploads\/2026\/01\/1A-Banner-1-portada-imagen-10-1-copia-3-6.webp?resize=350%2C200&ssl=1","width":350,"height":200,"srcset":"https:\/\/i0.wp.com\/webdelmaestrocmf.com\/portal\/wp-content\/uploads\/2026\/01\/1A-Banner-1-portada-imagen-10-1-copia-3-6.webp?resize=350%2C200&ssl=1 1x, https:\/\/i0.wp.com\/webdelmaestrocmf.com\/portal\/wp-content\/uploads\/2026\/01\/1A-Banner-1-portada-imagen-10-1-copia-3-6.webp?resize=525%2C300&ssl=1 1.5x, https:\/\/i0.wp.com\/webdelmaestrocmf.com\/portal\/wp-content\/uploads\/2026\/01\/1A-Banner-1-portada-imagen-10-1-copia-3-6.webp?resize=700%2C400&ssl=1 2x"},"classes":[]},{"id":109148,"url":"https:\/\/webdelmaestrocmf.com\/portal\/lo-que-pocos-ven-algunas-de-las-cargas-invisibles-de-un-profesor\/","url_meta":{"origin":90703,"position":3},"title":"Lo que pocos ven: algunas de las cargas invisibles de un profesor","author":"Web del Maestro CMF","date":"12 julio, 2025","format":false,"excerpt":"Hablar de estas cargas no es queja, es visibilizaci\u00f3n. Es reflexionar sobre una realidad que vivimos los docentes","rel":"","context":"En \u00abBienestar docente\u00bb","block_context":{"text":"Bienestar docente","link":"https:\/\/webdelmaestrocmf.com\/portal\/category\/pedagogia\/bienestar-docente\/"},"img":{"alt_text":"","src":"https:\/\/i0.wp.com\/webdelmaestrocmf.com\/portal\/wp-content\/uploads\/2025\/06\/1A-Banner-1-portada-imagen-10-1-9.jpg?resize=350%2C200&ssl=1","width":350,"height":200,"srcset":"https:\/\/i0.wp.com\/webdelmaestrocmf.com\/portal\/wp-content\/uploads\/2025\/06\/1A-Banner-1-portada-imagen-10-1-9.jpg?resize=350%2C200&ssl=1 1x, https:\/\/i0.wp.com\/webdelmaestrocmf.com\/portal\/wp-content\/uploads\/2025\/06\/1A-Banner-1-portada-imagen-10-1-9.jpg?resize=525%2C300&ssl=1 1.5x, https:\/\/i0.wp.com\/webdelmaestrocmf.com\/portal\/wp-content\/uploads\/2025\/06\/1A-Banner-1-portada-imagen-10-1-9.jpg?resize=700%2C400&ssl=1 2x"},"classes":[]},{"id":111054,"url":"https:\/\/webdelmaestrocmf.com\/portal\/profesora-rechaza-suplica-de-estudiante-de-rodillas-viral-escena-genera-debate-sobre-la-responsabilidad-academica\/","url_meta":{"origin":90703,"position":4},"title":"Profesora rechaza s\u00faplica de estudiante de rodillas: viral escena genera debate sobre la responsabilidad acad\u00e9mica","author":"Web del Maestro CMF","date":"9 julio, 2025","format":false,"excerpt":"Una d\u00e9cima puede parecer poca cosa, pero ceder ante la presi\u00f3n emocional pone en riesgo la credibilidad del sistema educativo. La firmeza de la profesora no fue falta de empat\u00eda, sino un acto de coherencia que defendi\u00f3 el valor del esfuerzo y la justicia para todos los estudiantes","rel":"","context":"En \u00abNoticias Internacionales\u00bb","block_context":{"text":"Noticias Internacionales","link":"https:\/\/webdelmaestrocmf.com\/portal\/category\/noticias-internacionales\/"},"img":{"alt_text":"","src":"https:\/\/i0.wp.com\/webdelmaestrocmf.com\/portal\/wp-content\/uploads\/2025\/07\/1A-Banner-1-portada-imagen-10-1-copia-62.jpg?resize=350%2C200&ssl=1","width":350,"height":200,"srcset":"https:\/\/i0.wp.com\/webdelmaestrocmf.com\/portal\/wp-content\/uploads\/2025\/07\/1A-Banner-1-portada-imagen-10-1-copia-62.jpg?resize=350%2C200&ssl=1 1x, https:\/\/i0.wp.com\/webdelmaestrocmf.com\/portal\/wp-content\/uploads\/2025\/07\/1A-Banner-1-portada-imagen-10-1-copia-62.jpg?resize=525%2C300&ssl=1 1.5x, https:\/\/i0.wp.com\/webdelmaestrocmf.com\/portal\/wp-content\/uploads\/2025\/07\/1A-Banner-1-portada-imagen-10-1-copia-62.jpg?resize=700%2C400&ssl=1 2x"},"classes":[]},{"id":113625,"url":"https:\/\/webdelmaestrocmf.com\/portal\/el-colmo-mas-padres-presionan-y-desacreditan-a-los-docentes-por-las-calificaciones-se-ha-llegado-a-insultar-a-docentes\/","url_meta":{"origin":90703,"position":5},"title":"El colmo: m\u00e1s padres presionan y desacreditan a los docentes por las calificaciones. \u201cSe ha llegado a insultar a docentes\u201d","author":"Web del Maestro CMF","date":"24 noviembre, 2025","format":false,"excerpt":"La presi\u00f3n por las notas ha desatado un clima de tensi\u00f3n in\u00e9dita en los centros educativos. Cada vez m\u00e1s familias cuestionan, desautorizan y hasta denuncian a los docentes sin dialogar antes con ellos. El resultado: ansiedad, desgaste profesional y un deterioro profundo de la confianza en la escuela.","rel":"","context":"En \u00abNoticias Internacionales\u00bb","block_context":{"text":"Noticias Internacionales","link":"https:\/\/webdelmaestrocmf.com\/portal\/category\/noticias-internacionales\/"},"img":{"alt_text":"","src":"https:\/\/i0.wp.com\/webdelmaestrocmf.com\/portal\/wp-content\/uploads\/2025\/11\/1A-Banner-1-portada-imagen-10-1-copia-1-7.webp?resize=350%2C200&ssl=1","width":350,"height":200,"srcset":"https:\/\/i0.wp.com\/webdelmaestrocmf.com\/portal\/wp-content\/uploads\/2025\/11\/1A-Banner-1-portada-imagen-10-1-copia-1-7.webp?resize=350%2C200&ssl=1 1x, https:\/\/i0.wp.com\/webdelmaestrocmf.com\/portal\/wp-content\/uploads\/2025\/11\/1A-Banner-1-portada-imagen-10-1-copia-1-7.webp?resize=525%2C300&ssl=1 1.5x, https:\/\/i0.wp.com\/webdelmaestrocmf.com\/portal\/wp-content\/uploads\/2025\/11\/1A-Banner-1-portada-imagen-10-1-copia-1-7.webp?resize=700%2C400&ssl=1 2x"},"classes":[]}],"_links":{"self":[{"href":"https:\/\/webdelmaestrocmf.com\/portal\/wp-json\/wp\/v2\/posts\/90703","targetHints":{"allow":["GET"]}}],"collection":[{"href":"https:\/\/webdelmaestrocmf.com\/portal\/wp-json\/wp\/v2\/posts"}],"about":[{"href":"https:\/\/webdelmaestrocmf.com\/portal\/wp-json\/wp\/v2\/types\/post"}],"author":[{"embeddable":true,"href":"https:\/\/webdelmaestrocmf.com\/portal\/wp-json\/wp\/v2\/users\/1"}],"replies":[{"embeddable":true,"href":"https:\/\/webdelmaestrocmf.com\/portal\/wp-json\/wp\/v2\/comments?post=90703"}],"version-history":[{"count":0,"href":"https:\/\/webdelmaestrocmf.com\/portal\/wp-json\/wp\/v2\/posts\/90703\/revisions"}],"wp:featuredmedia":[{"embeddable":true,"href":"https:\/\/webdelmaestrocmf.com\/portal\/wp-json\/wp\/v2\/media\/90704"}],"wp:attachment":[{"href":"https:\/\/webdelmaestrocmf.com\/portal\/wp-json\/wp\/v2\/media?parent=90703"}],"wp:term":[{"taxonomy":"category","embeddable":true,"href":"https:\/\/webdelmaestrocmf.com\/portal\/wp-json\/wp\/v2\/categories?post=90703"},{"taxonomy":"post_tag","embeddable":true,"href":"https:\/\/webdelmaestrocmf.com\/portal\/wp-json\/wp\/v2\/tags?post=90703"}],"curies":[{"name":"wp","href":"https:\/\/api.w.org\/{rel}","templated":true}]}}