{"id":9050,"date":"2017-08-20T00:00:29","date_gmt":"2017-08-20T03:00:29","guid":{"rendered":"http:\/\/webdelmaestrocmf.com\/inicio\/?p=9050"},"modified":"2023-04-02T22:24:08","modified_gmt":"2023-04-03T02:24:08","slug":"economistas-valoren-a-los-educadores-por-leon-trahtemberg","status":"publish","type":"post","link":"https:\/\/webdelmaestrocmf.com\/portal\/economistas-valoren-a-los-educadores-por-leon-trahtemberg\/","title":{"rendered":"Economistas: valoren a los educadores, por Le\u00f3n Trahtemberg"},"content":{"rendered":"<h5 style=\"text-align: justify;\">\u00abLos procesos de aprendizaje no siguen las reglas de la econom\u00eda\u00bb.<\/h5>\n<h5 style=\"text-align: justify;\">Los organismos internacionales que \u201capoyan\u201dla educaci\u00f3n b\u00e1sica (BID, BM, OECD-PISA, etc.) est\u00e1n liderados por economistas y administradores cuyas decisiones se inspiran en conceptos propios de su profesi\u00f3n.<\/h5>\n<p><!--more--><\/p>\n<h5 style=\"text-align: justify;\">Ellos han introducido a la educaci\u00f3n conceptos e indicadores medibles que son ajenos a la pedagog\u00eda: mercado educativo, competencia para incentivar la calidad, modelos, perfiles, costo beneficio, est\u00e1ndares, pruebas estandarizadas, incentivos para un mejor desempe\u00f1o. No obstante, los procesos de aprendizaje no siguen las reglas de la econom\u00eda <strong>(que aplicadas a la pedagog\u00eda pueden hacer da\u00f1o).<\/strong><\/h5>\n<p style=\"text-align: justify;\">Por ejemplo: la competencia para mejorar la calidad funciona en un mercado porque quien no se sobrepone sale de \u00e9l. En la educaci\u00f3n, sin embargo, la competencia entre alumnos produce unos pocos ganadores y muchos perdedores. A esos perdedores <strong>\u2013que tienen derecho a no ser excluidos\u2013<\/strong> les golpean la autoestima, son avergonzados y cultivan sentimientos de inferioridad e incompetencia, m\u00e1s aun si son siempre los mismos. Al mismo tiempo, los ganadores quedan continuamente estresados por la posibilidad de que dejen de serlo, por lo que buscar\u00e1n el camino m\u00e1s f\u00e1cil para su trabajo escolar, rehuyendo las situaciones m\u00e1s complejas.<\/p>\n<p style=\"text-align: justify;\">Esto causa que en el aula se cree un ambiente propicio para el \u2018bullying\u2019, porque al etiquetarse a unos como<strong> \u201clos de arriba\u201d<\/strong> y a otros como<strong> \u201clos de abajo\u201d<\/strong> impl\u00edcitamente se empodera a unos para sentirse con derecho de maltratar a los otros. Preventivamente, no deber\u00edan haber sido expuestos a la da\u00f1ina competencia.<\/p>\n<p><a href=\"https:\/\/webdelmaestrocmf.com\/portal\/wp-content\/uploads\/2017\/08\/1.jpg\"><img loading=\"lazy\" decoding=\"async\" class=\"alignnone size-large wp-image-65258\" src=\"https:\/\/webdelmaestrocmf.com\/portal\/wp-content\/uploads\/2017\/08\/1-1024x633.jpg\" alt=\"\" width=\"1024\" height=\"633\" srcset=\"https:\/\/webdelmaestrocmf.com\/portal\/wp-content\/uploads\/2017\/08\/1-1024x633.jpg 1024w, https:\/\/webdelmaestrocmf.com\/portal\/wp-content\/uploads\/2017\/08\/1-300x185.jpg 300w, https:\/\/webdelmaestrocmf.com\/portal\/wp-content\/uploads\/2017\/08\/1-768x475.jpg 768w, https:\/\/webdelmaestrocmf.com\/portal\/wp-content\/uploads\/2017\/08\/1-110x68.jpg 110w, https:\/\/webdelmaestrocmf.com\/portal\/wp-content\/uploads\/2017\/08\/1-200x124.jpg 200w, https:\/\/webdelmaestrocmf.com\/portal\/wp-content\/uploads\/2017\/08\/1-380x235.jpg 380w, https:\/\/webdelmaestrocmf.com\/portal\/wp-content\/uploads\/2017\/08\/1-255x158.jpg 255w, https:\/\/webdelmaestrocmf.com\/portal\/wp-content\/uploads\/2017\/08\/1-550x340.jpg 550w, https:\/\/webdelmaestrocmf.com\/portal\/wp-content\/uploads\/2017\/08\/1-800x495.jpg 800w, https:\/\/webdelmaestrocmf.com\/portal\/wp-content\/uploads\/2017\/08\/1-220x136.jpg 220w, https:\/\/webdelmaestrocmf.com\/portal\/wp-content\/uploads\/2017\/08\/1-400x247.jpg 400w, https:\/\/webdelmaestrocmf.com\/portal\/wp-content\/uploads\/2017\/08\/1-760x470.jpg 760w, https:\/\/webdelmaestrocmf.com\/portal\/wp-content\/uploads\/2017\/08\/1-510x315.jpg 510w, https:\/\/webdelmaestrocmf.com\/portal\/wp-content\/uploads\/2017\/08\/1-600x371.jpg 600w, https:\/\/webdelmaestrocmf.com\/portal\/wp-content\/uploads\/2017\/08\/1.jpg 1100w\" sizes=\"auto, (max-width: 1024px) 100vw, 1024px\" \/><\/a><\/p>\n<p style=\"text-align: justify;\">Para los economistas, publicar los resultados de las pruebas estandarizadas <strong>(ECE, por ejemplo)<\/strong> brinda informaci\u00f3n al mercado <strong>\u2013de profesores y padres\u2013<\/strong> sobre c\u00f3mo andan los alumnos para hacer lo necesario para mejorar. Para los educadores, es una de las estrategias m\u00e1s nocivas y contraproducentes para el aprendizaje. Esto pues al recibir los padres la informaci\u00f3n individualizada sobre sus hijos<strong> (que se\u00f1ala para la mayor\u00eda que no alcanzan logros satisfactorios),<\/strong> presionan a los colegios, los cuales, al ver en riesgo su prestigio y clientela, presionan a los profesores, quienes, preocupados por su estabilidad (y bonos de buen desempe\u00f1o), trasladan la presi\u00f3n a los alumnos, que son sometidos a un fuerte estr\u00e9s y entrenamiento insulso.<\/p>\n<p style=\"text-align: justify;\">Lejos de mejorar el aprendizaje significativo, esta estrategia termina mecanizando a los alumnos. Tambi\u00e9n genera miedo y hasta fobia hacia las matem\u00e1ticas y lectura, con impactos negativos de largo plazo que investigadores<strong> \u2013y el propio Ministerio de Educaci\u00f3n\u2013<\/strong> han evaluado reiteradas veces y se comprueba f\u00e1cilmente al ver la gran cantidad de egresados de secundaria que quieren alejarse de aquellas carreras que incluyan cursos de matem\u00e1ticas <strong>(y ciencias)<\/strong> al momento de elegir sus estudios superiores.<\/p>\n<p style=\"text-align: justify;\">Para los criterios econ\u00f3micos, reducir el n\u00famero de alumnos por profesor o alargar el d\u00eda escolar son estrategias de mejora de calidad. Para los educadores, pueden ser lo contrario. Un profesor carism\u00e1tico, emp\u00e1tico, vers\u00e1til, con 40 alumnos puede lograr m\u00e1s aprendizajes que otro r\u00edgido, distante, frontal, carente de recursos, que tiene solo 15 alumnos en su clase.<\/p>\n<p style=\"text-align: justify;\">En cuanto al tiempo, si el alumno no entiende o disfruta una materia, m\u00e1s horas de clases equivalen a aumentar la irritaci\u00f3n, aburrimiento, deseos de fuga, estr\u00e9s y animadversi\u00f3n contra el profesor o el curso. En cuanto a los incentivos<strong> (notas o premios para los alumnos)<\/strong> est\u00e1 demostrado hasta la saciedad que cuando los alumnos estudian para las notas, debilitan su motivaci\u00f3n interna por aprender y buscan el camino m\u00e1s f\u00e1cil <strong>(incluyendo los plagios).<\/strong><\/p>\n<p style=\"text-align: justify;\">Asimismo, la herramienta usual de los economistas de dise\u00f1ar est\u00e1ndares de desempe\u00f1o evaluables mediante indicadores y puntajes que asumen un conjunto de<strong> \u201clogros esperados\u201d<\/strong> para todos por igual resulta un absurdo para los educadores. Si todos los ni\u00f1os son diferentes, los logros esperados no deber\u00edan definirse en funci\u00f3n de un referente ficticio \u00f3ptimo, sino de las caracter\u00edsticas de cada uno<strong> (los hay con TGD, TDAH, dislexia, disgraf\u00eda, discalculia, discapacidades en la memoria y en el procesamiento auditivo, interferencias emocionales, d\u00e9ficits sensoriales, etc\u00e9tera).<\/strong> Es precisamente la aspiraci\u00f3n a la uniformidad la que produce la gran cantidad de \u201cdesaprobados\u201d o fracasados <strong>(algo de lo que obviamente se culpa a los pobres ni\u00f1os).<\/strong><\/p>\n<p style=\"text-align: justify;\">Imag\u00ednense un ni\u00f1o con polio al que se le hace competir con otro f\u00edsicamente bien dotado para correr 100 metros con la expectativa de que rindan igual. Ser\u00eda una evaluaci\u00f3n absurda, <strong>\u00bfverdad?<\/strong> Bueno, el problema es que existen diferencias mentales, pero como no se ven f\u00edsicamente, se asume que no existen. Se los eval\u00faa a todos por igual, maltrat\u00e1ndolos.<\/p>\n<p style=\"text-align: justify;\">En suma, el terreno de los educadores es el del v\u00ednculo afectivo y personalizado con los alumnos. Los maestros son tocadores de almas individuales, similares a los padres. La econom\u00eda indudablemente aporta mucho en diversos campos,<strong> \u00bfpero no ser\u00eda bueno que en las decisiones sobre la educaci\u00f3n se le d\u00e9 el peso prioritario al saber de los educadores?<\/strong><\/p>\n<p><strong class=\"last-child first-child\"><span class=\"last-child first-child\">Este contenido ha sido publicado originalmente por El Comercio\u00a0en la siguiente direcci\u00f3n:\u00a0<a href=\"http:\/\/elcomercio.pe\/\" target=\"_blank\" rel=\"noopener\">elcomercio.pe<\/a><\/span><\/strong><\/p>\n\t\t<div class=\"pk-inline-posts\">\n\t\t\t\n\t\t\t<div class=\"pk-inline-posts-container pk-inline-posts-template-list\"\n\t\t\t\tdata-columns=\"1\">\n\t\t\t\t\t\t<article id=\"post-118480\" class=\"post-118480 post type-post status-publish format-standard has-post-thumbnail category-entrevistas category-noticias tag-aprendizaje tag-autonomia-3 tag-desarrollo tag-docentes tag-educacion-2 tag-ensenanza-2 tag-escuela tag-infancia tag-juego tag-pedagogia-2 cs-entry cs-video-wrap\">\n\t\t\t<div class=\"pk-post-outer\">\n\n\t\t\t\t\t\t\t\t<div class=\"pk-post-inner\">\n\t\t\t\t\t<div class=\"entry-thumbnail\">\n\t\t\t\t\t\t<div class=\"pk-overlay pk-overlay-ratio pk-ratio-landscape\">\n\t\t\t\t\t\t\t<div class=\"pk-overlay-background\">\n\t\t\t\t\t\t\t\t<a href=\"https:\/\/webdelmaestrocmf.com\/portal\/francesco-tonucci-hoy-la-escuela-esta-asumiendo-un-error-fatal-que-es-hacer-mas-un-papel-de-ninera-que-de-estructura-educativa\/\" class=\"pk-overlay-link\">\n\t\t\t\t\t\t\t\t\t<img loading=\"lazy\" decoding=\"async\" width=\"300\" height=\"225\" src=\"https:\/\/webdelmaestrocmf.com\/portal\/wp-content\/uploads\/2026\/04\/1AA-Banner-1-portada-imagen-10-1-copia-2-9-300x225.webp\" class=\"attachment-pk-thumbnail size-pk-thumbnail wp-post-image\" alt=\"\" \/>\t\t\t\t\t\t\t\t<\/a>\n\t\t\t\t\t\t\t<\/div>\n\t\t\t\t\t\t<\/div>\n\t\t\t\t\t<\/div>\n\t\t\t\t<\/div>\n\t\t\t\t\n\t\t\t\t<div class=\"pk-post-inner\">\n\t\t\t\t\t<header>\n\t\t\t\t\t\t<h3 class=\"pk-title\"><a href=\"https:\/\/webdelmaestrocmf.com\/portal\/francesco-tonucci-hoy-la-escuela-esta-asumiendo-un-error-fatal-que-es-hacer-mas-un-papel-de-ninera-que-de-estructura-educativa\/\" rel=\"bookmark\">Francesco Tonucci: Hoy la escuela est\u00e1 asumiendo un error fatal que es hacer m\u00e1s un papel de ni\u00f1era que de estructura educativa<\/a><\/h3>\t\t\t\t\t<\/header><!-- .entry-header -->\n\t\t\t\t<\/div><!-- .post-inner -->\n\n\t\t\t<\/div><!-- .post-outer -->\n\t\t<\/article>\n\t\t\t\t<\/div>\n\t\t<\/div>\n\t\t\n","protected":false},"excerpt":{"rendered":"\u00abLos procesos de aprendizaje no siguen las reglas de la econom\u00eda\u00bb. Los organismos internacionales que \u201capoyan\u201dla educaci\u00f3n b\u00e1sica&hellip;","protected":false},"author":1,"featured_media":65255,"comment_status":"open","ping_status":"open","sticky":false,"template":"","format":"standard","meta":{"csco_display_header_overlay":false,"csco_singular_sidebar":"disabled","csco_page_header_type":"standard","csco_page_load_nextpost":"default","csco_post_video_location":[],"csco_post_video_location_hash":"","csco_post_video_url":"","csco_post_video_bg_start_time":0,"csco_post_video_bg_end_time":0,"csco_post_video_bg_volume":false,"_jetpack_memberships_contains_paid_content":false,"footnotes":""},"categories":[48,139,47],"tags":[351,64,285],"class_list":{"0":"post-9050","1":"post","2":"type-post","3":"status-publish","4":"format-standard","5":"has-post-thumbnail","7":"category-entrevistas","8":"category-visitadas","9":"category-noticias","10":"tag-economistas","11":"tag-educadores","12":"tag-leon-trahtemberg","13":"cs-entry","14":"cs-video-wrap"},"yoast_head":"<!-- This site is optimized with the Yoast SEO plugin v27.5 - https:\/\/yoast.com\/product\/yoast-seo-wordpress\/ -->\n<title>Economistas: valoren a los educadores, por Le\u00f3n Trahtemberg<\/title>\n<meta name=\"description\" content=\"Los organismos internacionales que \u201capoyan\u201dla educaci\u00f3n b\u00e1sica (BID, BM, OECD-PISA, etc.) est\u00e1n liderados por economistas y...\" \/>\n<meta name=\"robots\" content=\"index, follow, max-snippet:-1, max-image-preview:large, max-video-preview:-1\" \/>\n<link rel=\"canonical\" href=\"https:\/\/webdelmaestrocmf.com\/portal\/economistas-valoren-a-los-educadores-por-leon-trahtemberg\/\" \/>\n<meta property=\"og:locale\" content=\"es_ES\" \/>\n<meta property=\"og:type\" content=\"article\" \/>\n<meta property=\"og:title\" content=\"Economistas: valoren a los educadores, por Le\u00f3n Trahtemberg\" \/>\n<meta property=\"og:description\" content=\"Los organismos internacionales que \u201capoyan\u201dla educaci\u00f3n b\u00e1sica (BID, BM, OECD-PISA, etc.) est\u00e1n liderados por economistas y...\" \/>\n<meta property=\"og:url\" content=\"https:\/\/webdelmaestrocmf.com\/portal\/economistas-valoren-a-los-educadores-por-leon-trahtemberg\/\" \/>\n<meta property=\"og:site_name\" content=\"Web del Maestro CMF\" \/>\n<meta property=\"article:publisher\" content=\"https:\/\/www.facebook.com\/WebdelMaestroCMF\/\" \/>\n<meta property=\"article:author\" content=\"https:\/\/www.facebook.com\/WebdelMaestroCMF\/\" \/>\n<meta property=\"article:published_time\" content=\"2017-08-20T03:00:29+00:00\" \/>\n<meta property=\"article:modified_time\" content=\"2023-04-03T02:24:08+00:00\" \/>\n<meta property=\"og:image\" content=\"https:\/\/i0.wp.com\/webdelmaestrocmf.com\/portal\/wp-content\/uploads\/2021\/07\/2-3.jpg?fit=1100%2C680&ssl=1\" \/>\n\t<meta property=\"og:image:width\" content=\"1100\" \/>\n\t<meta property=\"og:image:height\" content=\"680\" \/>\n\t<meta property=\"og:image:type\" content=\"image\/jpeg\" \/>\n<meta name=\"author\" content=\"Web del Maestro CMF\" \/>\n<meta name=\"twitter:card\" content=\"summary_large_image\" \/>\n<meta name=\"twitter:creator\" content=\"@cmf_w\" \/>\n<meta name=\"twitter:site\" content=\"@cmf_w\" \/>\n<script type=\"application\/ld+json\" class=\"yoast-schema-graph\">{\"@context\":\"https:\\\/\\\/schema.org\",\"@graph\":[{\"@type\":\"ScholarlyArticle\",\"@id\":\"https:\\\/\\\/webdelmaestrocmf.com\\\/portal\\\/economistas-valoren-a-los-educadores-por-leon-trahtemberg\\\/#article\",\"isPartOf\":{\"@id\":\"https:\\\/\\\/webdelmaestrocmf.com\\\/portal\\\/economistas-valoren-a-los-educadores-por-leon-trahtemberg\\\/\"},\"author\":{\"name\":\"Web del Maestro CMF\",\"@id\":\"https:\\\/\\\/webdelmaestrocmf.com\\\/portal\\\/#\\\/schema\\\/person\\\/1072a2ed7bd960df8ef99a551fa35dc5\"},\"headline\":\"Economistas: valoren a los educadores, por Le\u00f3n Trahtemberg\",\"datePublished\":\"2017-08-20T03:00:29+00:00\",\"dateModified\":\"2023-04-03T02:24:08+00:00\",\"mainEntityOfPage\":{\"@id\":\"https:\\\/\\\/webdelmaestrocmf.com\\\/portal\\\/economistas-valoren-a-los-educadores-por-leon-trahtemberg\\\/\"},\"wordCount\":892,\"commentCount\":0,\"publisher\":{\"@id\":\"https:\\\/\\\/webdelmaestrocmf.com\\\/portal\\\/#organization\"},\"image\":{\"@id\":\"https:\\\/\\\/webdelmaestrocmf.com\\\/portal\\\/economistas-valoren-a-los-educadores-por-leon-trahtemberg\\\/#primaryimage\"},\"thumbnailUrl\":\"https:\\\/\\\/webdelmaestrocmf.com\\\/portal\\\/wp-content\\\/uploads\\\/2021\\\/07\\\/2-3.jpg\",\"keywords\":[\"ECONOMISTAS\",\"Educadores\",\"Le\u00f3n Trahtemberg\"],\"articleSection\":[\"Entrevistas\",\"Las m\u00e1s vistas\",\"Noticias\"],\"inLanguage\":\"es\",\"potentialAction\":[{\"@type\":\"CommentAction\",\"name\":\"Comment\",\"target\":[\"https:\\\/\\\/webdelmaestrocmf.com\\\/portal\\\/economistas-valoren-a-los-educadores-por-leon-trahtemberg\\\/#respond\"]}]},{\"@type\":\"WebPage\",\"@id\":\"https:\\\/\\\/webdelmaestrocmf.com\\\/portal\\\/economistas-valoren-a-los-educadores-por-leon-trahtemberg\\\/\",\"url\":\"https:\\\/\\\/webdelmaestrocmf.com\\\/portal\\\/economistas-valoren-a-los-educadores-por-leon-trahtemberg\\\/\",\"name\":\"Economistas: valoren a los educadores, por Le\u00f3n Trahtemberg\",\"isPartOf\":{\"@id\":\"https:\\\/\\\/webdelmaestrocmf.com\\\/portal\\\/#website\"},\"primaryImageOfPage\":{\"@id\":\"https:\\\/\\\/webdelmaestrocmf.com\\\/portal\\\/economistas-valoren-a-los-educadores-por-leon-trahtemberg\\\/#primaryimage\"},\"image\":{\"@id\":\"https:\\\/\\\/webdelmaestrocmf.com\\\/portal\\\/economistas-valoren-a-los-educadores-por-leon-trahtemberg\\\/#primaryimage\"},\"thumbnailUrl\":\"https:\\\/\\\/webdelmaestrocmf.com\\\/portal\\\/wp-content\\\/uploads\\\/2021\\\/07\\\/2-3.jpg\",\"datePublished\":\"2017-08-20T03:00:29+00:00\",\"dateModified\":\"2023-04-03T02:24:08+00:00\",\"description\":\"Los organismos internacionales que \u201capoyan\u201dla educaci\u00f3n b\u00e1sica (BID, BM, OECD-PISA, etc.) est\u00e1n liderados por economistas y...\",\"breadcrumb\":{\"@id\":\"https:\\\/\\\/webdelmaestrocmf.com\\\/portal\\\/economistas-valoren-a-los-educadores-por-leon-trahtemberg\\\/#breadcrumb\"},\"inLanguage\":\"es\",\"potentialAction\":[{\"@type\":\"ReadAction\",\"target\":[\"https:\\\/\\\/webdelmaestrocmf.com\\\/portal\\\/economistas-valoren-a-los-educadores-por-leon-trahtemberg\\\/\"]}]},{\"@type\":\"ImageObject\",\"inLanguage\":\"es\",\"@id\":\"https:\\\/\\\/webdelmaestrocmf.com\\\/portal\\\/economistas-valoren-a-los-educadores-por-leon-trahtemberg\\\/#primaryimage\",\"url\":\"https:\\\/\\\/webdelmaestrocmf.com\\\/portal\\\/wp-content\\\/uploads\\\/2021\\\/07\\\/2-3.jpg\",\"contentUrl\":\"https:\\\/\\\/webdelmaestrocmf.com\\\/portal\\\/wp-content\\\/uploads\\\/2021\\\/07\\\/2-3.jpg\",\"width\":1100,\"height\":680},{\"@type\":\"BreadcrumbList\",\"@id\":\"https:\\\/\\\/webdelmaestrocmf.com\\\/portal\\\/economistas-valoren-a-los-educadores-por-leon-trahtemberg\\\/#breadcrumb\",\"itemListElement\":[{\"@type\":\"ListItem\",\"position\":1,\"name\":\"Portada\",\"item\":\"https:\\\/\\\/webdelmaestrocmf.com\\\/portal\\\/\"},{\"@type\":\"ListItem\",\"position\":2,\"name\":\"Noticias\",\"item\":\"https:\\\/\\\/webdelmaestrocmf.com\\\/portal\\\/category\\\/noticias\\\/\"},{\"@type\":\"ListItem\",\"position\":3,\"name\":\"Entrevistas\",\"item\":\"https:\\\/\\\/webdelmaestrocmf.com\\\/portal\\\/category\\\/noticias\\\/entrevistas\\\/\"},{\"@type\":\"ListItem\",\"position\":4,\"name\":\"Economistas: valoren a los educadores, por Le\u00f3n Trahtemberg\"}]},{\"@type\":\"WebSite\",\"@id\":\"https:\\\/\\\/webdelmaestrocmf.com\\\/portal\\\/#website\",\"url\":\"https:\\\/\\\/webdelmaestrocmf.com\\\/portal\\\/\",\"name\":\"Web del Maestro CMF\",\"description\":\"Maestros al servicio de la educaci\u00f3n\",\"publisher\":{\"@id\":\"https:\\\/\\\/webdelmaestrocmf.com\\\/portal\\\/#organization\"},\"alternateName\":\"WMCMF\",\"potentialAction\":[{\"@type\":\"SearchAction\",\"target\":{\"@type\":\"EntryPoint\",\"urlTemplate\":\"https:\\\/\\\/webdelmaestrocmf.com\\\/portal\\\/?s={search_term_string}\"},\"query-input\":{\"@type\":\"PropertyValueSpecification\",\"valueRequired\":true,\"valueName\":\"search_term_string\"}}],\"inLanguage\":\"es\"},{\"@type\":\"Organization\",\"@id\":\"https:\\\/\\\/webdelmaestrocmf.com\\\/portal\\\/#organization\",\"name\":\"Web del Maestro CMF\",\"alternateName\":\"WMCMF\",\"url\":\"https:\\\/\\\/webdelmaestrocmf.com\\\/portal\\\/\",\"logo\":{\"@type\":\"ImageObject\",\"inLanguage\":\"es\",\"@id\":\"https:\\\/\\\/webdelmaestrocmf.com\\\/portal\\\/#\\\/schema\\\/logo\\\/image\\\/\",\"url\":\"https:\\\/\\\/webdelmaestrocmf.com\\\/portal\\\/wp-content\\\/uploads\\\/2023\\\/01\\\/logo-wmcmf-2.png\",\"contentUrl\":\"https:\\\/\\\/webdelmaestrocmf.com\\\/portal\\\/wp-content\\\/uploads\\\/2023\\\/01\\\/logo-wmcmf-2.png\",\"width\":200,\"height\":60,\"caption\":\"Web del Maestro CMF\"},\"image\":{\"@id\":\"https:\\\/\\\/webdelmaestrocmf.com\\\/portal\\\/#\\\/schema\\\/logo\\\/image\\\/\"},\"sameAs\":[\"https:\\\/\\\/www.facebook.com\\\/WebdelMaestroCMF\\\/\",\"https:\\\/\\\/x.com\\\/cmf_w\",\"https:\\\/\\\/www.pinterest.com\\\/WMCMF\\\/\",\"https:\\\/\\\/www.linkedin.com\\\/company\\\/web-del-maestro-cmf\\\/\",\"https:\\\/\\\/www.instagram.com\\\/wmcmf\\\/\",\"https:\\\/\\\/www.youtube.com\\\/channel\\\/UCDPSvjbdodE5sHnC3OxutHw\",\"https:\\\/\\\/mastodon.social\\\/@wmcmf\",\"https:\\\/\\\/www.tiktok.com\\\/@webdelmaestrocmf\"]},{\"@type\":\"Person\",\"@id\":\"https:\\\/\\\/webdelmaestrocmf.com\\\/portal\\\/#\\\/schema\\\/person\\\/1072a2ed7bd960df8ef99a551fa35dc5\",\"name\":\"Web del Maestro CMF\",\"image\":{\"@type\":\"ImageObject\",\"inLanguage\":\"es\",\"@id\":\"https:\\\/\\\/secure.gravatar.com\\\/avatar\\\/23291dd5b5ae1077dcff3dbb04c3e02bd28403fa75af6d8787d5e97c5bbbe30b?s=96&d=mm&r=g\",\"url\":\"https:\\\/\\\/secure.gravatar.com\\\/avatar\\\/23291dd5b5ae1077dcff3dbb04c3e02bd28403fa75af6d8787d5e97c5bbbe30b?s=96&d=mm&r=g\",\"contentUrl\":\"https:\\\/\\\/secure.gravatar.com\\\/avatar\\\/23291dd5b5ae1077dcff3dbb04c3e02bd28403fa75af6d8787d5e97c5bbbe30b?s=96&d=mm&r=g\",\"caption\":\"Web del Maestro CMF\"},\"description\":\"Esta Web se cre\u00f3 sin fines de lucro, con fines educativos, cient\u00edficos y acad\u00e9micos, para personas que tengan dificultades y\\\/o inconvenientes en visualizar el material original. El objetivo es entregar recursos, compartir experiencias y materiales que ayuden a los padres de familia, maestros y estudiantes en su actualizaci\u00f3n y formaci\u00f3n permanente, en bien de la Educaci\u00f3n.\",\"sameAs\":[\"http:\\\/\\\/webdelmaestrocmf.com\\\/portal\",\"https:\\\/\\\/www.facebook.com\\\/WebdelMaestroCMF\\\/\",\"https:\\\/\\\/www.instagram.com\\\/wmcmf\\\/\",\"https:\\\/\\\/cl.linkedin.com\\\/company\\\/web-del-maestro-cmf\",\"https:\\\/\\\/www.pinterest.com\\\/WMCMF\\\/publicaciones\\\/\",\"https:\\\/\\\/x.com\\\/cmf_w\",\"https:\\\/\\\/www.youtube.com\\\/@WMCMF\"]}]}<\/script>\n<!-- \/ Yoast SEO plugin. -->","yoast_head_json":{"title":"Economistas: valoren a los educadores, por Le\u00f3n Trahtemberg","description":"Los organismos internacionales que \u201capoyan\u201dla educaci\u00f3n b\u00e1sica (BID, BM, OECD-PISA, etc.) est\u00e1n liderados por economistas y...","robots":{"index":"index","follow":"follow","max-snippet":"max-snippet:-1","max-image-preview":"max-image-preview:large","max-video-preview":"max-video-preview:-1"},"canonical":"https:\/\/webdelmaestrocmf.com\/portal\/economistas-valoren-a-los-educadores-por-leon-trahtemberg\/","og_locale":"es_ES","og_type":"article","og_title":"Economistas: valoren a los educadores, por Le\u00f3n Trahtemberg","og_description":"Los organismos internacionales que \u201capoyan\u201dla educaci\u00f3n b\u00e1sica (BID, BM, OECD-PISA, etc.) est\u00e1n liderados por economistas y...","og_url":"https:\/\/webdelmaestrocmf.com\/portal\/economistas-valoren-a-los-educadores-por-leon-trahtemberg\/","og_site_name":"Web del Maestro CMF","article_publisher":"https:\/\/www.facebook.com\/WebdelMaestroCMF\/","article_author":"https:\/\/www.facebook.com\/WebdelMaestroCMF\/","article_published_time":"2017-08-20T03:00:29+00:00","article_modified_time":"2023-04-03T02:24:08+00:00","og_image":[{"width":1100,"height":680,"url":"https:\/\/i0.wp.com\/webdelmaestrocmf.com\/portal\/wp-content\/uploads\/2021\/07\/2-3.jpg?fit=1100%2C680&ssl=1","type":"image\/jpeg"}],"author":"Web del Maestro CMF","twitter_card":"summary_large_image","twitter_creator":"@cmf_w","twitter_site":"@cmf_w","schema":{"@context":"https:\/\/schema.org","@graph":[{"@type":"ScholarlyArticle","@id":"https:\/\/webdelmaestrocmf.com\/portal\/economistas-valoren-a-los-educadores-por-leon-trahtemberg\/#article","isPartOf":{"@id":"https:\/\/webdelmaestrocmf.com\/portal\/economistas-valoren-a-los-educadores-por-leon-trahtemberg\/"},"author":{"name":"Web del Maestro CMF","@id":"https:\/\/webdelmaestrocmf.com\/portal\/#\/schema\/person\/1072a2ed7bd960df8ef99a551fa35dc5"},"headline":"Economistas: valoren a los educadores, por Le\u00f3n Trahtemberg","datePublished":"2017-08-20T03:00:29+00:00","dateModified":"2023-04-03T02:24:08+00:00","mainEntityOfPage":{"@id":"https:\/\/webdelmaestrocmf.com\/portal\/economistas-valoren-a-los-educadores-por-leon-trahtemberg\/"},"wordCount":892,"commentCount":0,"publisher":{"@id":"https:\/\/webdelmaestrocmf.com\/portal\/#organization"},"image":{"@id":"https:\/\/webdelmaestrocmf.com\/portal\/economistas-valoren-a-los-educadores-por-leon-trahtemberg\/#primaryimage"},"thumbnailUrl":"https:\/\/webdelmaestrocmf.com\/portal\/wp-content\/uploads\/2021\/07\/2-3.jpg","keywords":["ECONOMISTAS","Educadores","Le\u00f3n Trahtemberg"],"articleSection":["Entrevistas","Las m\u00e1s vistas","Noticias"],"inLanguage":"es","potentialAction":[{"@type":"CommentAction","name":"Comment","target":["https:\/\/webdelmaestrocmf.com\/portal\/economistas-valoren-a-los-educadores-por-leon-trahtemberg\/#respond"]}]},{"@type":"WebPage","@id":"https:\/\/webdelmaestrocmf.com\/portal\/economistas-valoren-a-los-educadores-por-leon-trahtemberg\/","url":"https:\/\/webdelmaestrocmf.com\/portal\/economistas-valoren-a-los-educadores-por-leon-trahtemberg\/","name":"Economistas: valoren a los educadores, por Le\u00f3n Trahtemberg","isPartOf":{"@id":"https:\/\/webdelmaestrocmf.com\/portal\/#website"},"primaryImageOfPage":{"@id":"https:\/\/webdelmaestrocmf.com\/portal\/economistas-valoren-a-los-educadores-por-leon-trahtemberg\/#primaryimage"},"image":{"@id":"https:\/\/webdelmaestrocmf.com\/portal\/economistas-valoren-a-los-educadores-por-leon-trahtemberg\/#primaryimage"},"thumbnailUrl":"https:\/\/webdelmaestrocmf.com\/portal\/wp-content\/uploads\/2021\/07\/2-3.jpg","datePublished":"2017-08-20T03:00:29+00:00","dateModified":"2023-04-03T02:24:08+00:00","description":"Los organismos internacionales que \u201capoyan\u201dla educaci\u00f3n b\u00e1sica (BID, BM, OECD-PISA, etc.) est\u00e1n liderados por economistas y...","breadcrumb":{"@id":"https:\/\/webdelmaestrocmf.com\/portal\/economistas-valoren-a-los-educadores-por-leon-trahtemberg\/#breadcrumb"},"inLanguage":"es","potentialAction":[{"@type":"ReadAction","target":["https:\/\/webdelmaestrocmf.com\/portal\/economistas-valoren-a-los-educadores-por-leon-trahtemberg\/"]}]},{"@type":"ImageObject","inLanguage":"es","@id":"https:\/\/webdelmaestrocmf.com\/portal\/economistas-valoren-a-los-educadores-por-leon-trahtemberg\/#primaryimage","url":"https:\/\/webdelmaestrocmf.com\/portal\/wp-content\/uploads\/2021\/07\/2-3.jpg","contentUrl":"https:\/\/webdelmaestrocmf.com\/portal\/wp-content\/uploads\/2021\/07\/2-3.jpg","width":1100,"height":680},{"@type":"BreadcrumbList","@id":"https:\/\/webdelmaestrocmf.com\/portal\/economistas-valoren-a-los-educadores-por-leon-trahtemberg\/#breadcrumb","itemListElement":[{"@type":"ListItem","position":1,"name":"Portada","item":"https:\/\/webdelmaestrocmf.com\/portal\/"},{"@type":"ListItem","position":2,"name":"Noticias","item":"https:\/\/webdelmaestrocmf.com\/portal\/category\/noticias\/"},{"@type":"ListItem","position":3,"name":"Entrevistas","item":"https:\/\/webdelmaestrocmf.com\/portal\/category\/noticias\/entrevistas\/"},{"@type":"ListItem","position":4,"name":"Economistas: valoren a los educadores, por Le\u00f3n Trahtemberg"}]},{"@type":"WebSite","@id":"https:\/\/webdelmaestrocmf.com\/portal\/#website","url":"https:\/\/webdelmaestrocmf.com\/portal\/","name":"Web del Maestro CMF","description":"Maestros al servicio de la educaci\u00f3n","publisher":{"@id":"https:\/\/webdelmaestrocmf.com\/portal\/#organization"},"alternateName":"WMCMF","potentialAction":[{"@type":"SearchAction","target":{"@type":"EntryPoint","urlTemplate":"https:\/\/webdelmaestrocmf.com\/portal\/?s={search_term_string}"},"query-input":{"@type":"PropertyValueSpecification","valueRequired":true,"valueName":"search_term_string"}}],"inLanguage":"es"},{"@type":"Organization","@id":"https:\/\/webdelmaestrocmf.com\/portal\/#organization","name":"Web del Maestro CMF","alternateName":"WMCMF","url":"https:\/\/webdelmaestrocmf.com\/portal\/","logo":{"@type":"ImageObject","inLanguage":"es","@id":"https:\/\/webdelmaestrocmf.com\/portal\/#\/schema\/logo\/image\/","url":"https:\/\/webdelmaestrocmf.com\/portal\/wp-content\/uploads\/2023\/01\/logo-wmcmf-2.png","contentUrl":"https:\/\/webdelmaestrocmf.com\/portal\/wp-content\/uploads\/2023\/01\/logo-wmcmf-2.png","width":200,"height":60,"caption":"Web del Maestro CMF"},"image":{"@id":"https:\/\/webdelmaestrocmf.com\/portal\/#\/schema\/logo\/image\/"},"sameAs":["https:\/\/www.facebook.com\/WebdelMaestroCMF\/","https:\/\/x.com\/cmf_w","https:\/\/www.pinterest.com\/WMCMF\/","https:\/\/www.linkedin.com\/company\/web-del-maestro-cmf\/","https:\/\/www.instagram.com\/wmcmf\/","https:\/\/www.youtube.com\/channel\/UCDPSvjbdodE5sHnC3OxutHw","https:\/\/mastodon.social\/@wmcmf","https:\/\/www.tiktok.com\/@webdelmaestrocmf"]},{"@type":"Person","@id":"https:\/\/webdelmaestrocmf.com\/portal\/#\/schema\/person\/1072a2ed7bd960df8ef99a551fa35dc5","name":"Web del Maestro CMF","image":{"@type":"ImageObject","inLanguage":"es","@id":"https:\/\/secure.gravatar.com\/avatar\/23291dd5b5ae1077dcff3dbb04c3e02bd28403fa75af6d8787d5e97c5bbbe30b?s=96&d=mm&r=g","url":"https:\/\/secure.gravatar.com\/avatar\/23291dd5b5ae1077dcff3dbb04c3e02bd28403fa75af6d8787d5e97c5bbbe30b?s=96&d=mm&r=g","contentUrl":"https:\/\/secure.gravatar.com\/avatar\/23291dd5b5ae1077dcff3dbb04c3e02bd28403fa75af6d8787d5e97c5bbbe30b?s=96&d=mm&r=g","caption":"Web del Maestro CMF"},"description":"Esta Web se cre\u00f3 sin fines de lucro, con fines educativos, cient\u00edficos y acad\u00e9micos, para personas que tengan dificultades y\/o inconvenientes en visualizar el material original. El objetivo es entregar recursos, compartir experiencias y materiales que ayuden a los padres de familia, maestros y estudiantes en su actualizaci\u00f3n y formaci\u00f3n permanente, en bien de la Educaci\u00f3n.","sameAs":["http:\/\/webdelmaestrocmf.com\/portal","https:\/\/www.facebook.com\/WebdelMaestroCMF\/","https:\/\/www.instagram.com\/wmcmf\/","https:\/\/cl.linkedin.com\/company\/web-del-maestro-cmf","https:\/\/www.pinterest.com\/WMCMF\/publicaciones\/","https:\/\/x.com\/cmf_w","https:\/\/www.youtube.com\/@WMCMF"]}]}},"jetpack_featured_media_url":"https:\/\/webdelmaestrocmf.com\/portal\/wp-content\/uploads\/2021\/07\/2-3.jpg","jetpack_sharing_enabled":true,"jetpack-related-posts":[{"id":111881,"url":"https:\/\/webdelmaestrocmf.com\/portal\/leon-trahtemberg-la-universidad-ya-no-es-el-camino-seguro-al-exito-y-ahora-que\/","url_meta":{"origin":9050,"position":0},"title":"Le\u00f3n Trahtemberg: La universidad ya no es el camino seguro al \u00e9xito: \u00bfy ahora qu\u00e9?","author":"Web del Maestro CMF","date":"17 agosto, 2025","format":false,"excerpt":"La universidad dej\u00f3 de ser garant\u00eda de \u00e9xito: hoy pesan m\u00e1s las habilidades, la adaptabilidad y los caminos alternativos de aprendizaje.","rel":"","context":"En \u00abEntrevistas\u00bb","block_context":{"text":"Entrevistas","link":"https:\/\/webdelmaestrocmf.com\/portal\/category\/noticias\/entrevistas\/"},"img":{"alt_text":"","src":"https:\/\/i0.wp.com\/webdelmaestrocmf.com\/portal\/wp-content\/uploads\/2025\/08\/1A-Banner-1-portada-imagen-10-1-copia-5.webp?resize=350%2C200&ssl=1","width":350,"height":200,"srcset":"https:\/\/i0.wp.com\/webdelmaestrocmf.com\/portal\/wp-content\/uploads\/2025\/08\/1A-Banner-1-portada-imagen-10-1-copia-5.webp?resize=350%2C200&ssl=1 1x, https:\/\/i0.wp.com\/webdelmaestrocmf.com\/portal\/wp-content\/uploads\/2025\/08\/1A-Banner-1-portada-imagen-10-1-copia-5.webp?resize=525%2C300&ssl=1 1.5x, https:\/\/i0.wp.com\/webdelmaestrocmf.com\/portal\/wp-content\/uploads\/2025\/08\/1A-Banner-1-portada-imagen-10-1-copia-5.webp?resize=700%2C400&ssl=1 2x"},"classes":[]},{"id":113290,"url":"https:\/\/webdelmaestrocmf.com\/portal\/leon-trahtemberg-estudiantes-son-ovejas-excelentes-con-mentes-dormidas\/","url_meta":{"origin":9050,"position":1},"title":"Le\u00f3n Trahtemberg: Estudiantes son ovejas excelentes, con mentes dormidas","author":"Web del Maestro CMF","date":"7 noviembre, 2025","format":false,"excerpt":"Educar no es criar ovejas obedientes, sino despertar mentes libres, curiosas y cr\u00edticas capaces de pensar, sentir y transformar el mundo.","rel":"","context":"En \u00abEntrevistas\u00bb","block_context":{"text":"Entrevistas","link":"https:\/\/webdelmaestrocmf.com\/portal\/category\/noticias\/entrevistas\/"},"img":{"alt_text":"","src":"https:\/\/i0.wp.com\/webdelmaestrocmf.com\/portal\/wp-content\/uploads\/2025\/11\/1A-Banner-1-portadcca-imagen-10-1-copia.jpg?resize=350%2C200&ssl=1","width":350,"height":200,"srcset":"https:\/\/i0.wp.com\/webdelmaestrocmf.com\/portal\/wp-content\/uploads\/2025\/11\/1A-Banner-1-portadcca-imagen-10-1-copia.jpg?resize=350%2C200&ssl=1 1x, https:\/\/i0.wp.com\/webdelmaestrocmf.com\/portal\/wp-content\/uploads\/2025\/11\/1A-Banner-1-portadcca-imagen-10-1-copia.jpg?resize=525%2C300&ssl=1 1.5x, https:\/\/i0.wp.com\/webdelmaestrocmf.com\/portal\/wp-content\/uploads\/2025\/11\/1A-Banner-1-portadcca-imagen-10-1-copia.jpg?resize=700%2C400&ssl=1 2x"},"classes":[]},{"id":111170,"url":"https:\/\/webdelmaestrocmf.com\/portal\/leon-trahtemberg-los-dilemas-invisibles-del-educador-entre-la-vocacion-y-la-realidad\/","url_meta":{"origin":9050,"position":2},"title":"Le\u00f3n Trahtemberg: Los dilemas invisibles del educador: entre la vocaci\u00f3n y la realidad","author":"Web del Maestro CMF","date":"12 julio, 2025","format":false,"excerpt":"Entre lo correcto y lo posible, cada decisi\u00f3n del docente revela las tensiones ocultas de una profesi\u00f3n que exige m\u00e1s de lo que reconoce","rel":"","context":"En \u00abEntrevistas\u00bb","block_context":{"text":"Entrevistas","link":"https:\/\/webdelmaestrocmf.com\/portal\/category\/noticias\/entrevistas\/"},"img":{"alt_text":"","src":"https:\/\/i0.wp.com\/webdelmaestrocmf.com\/portal\/wp-content\/uploads\/2025\/07\/1A-Banner-1-portada-imagen-10-1-copia-45.webp?resize=350%2C200&ssl=1","width":350,"height":200,"srcset":"https:\/\/i0.wp.com\/webdelmaestrocmf.com\/portal\/wp-content\/uploads\/2025\/07\/1A-Banner-1-portada-imagen-10-1-copia-45.webp?resize=350%2C200&ssl=1 1x, https:\/\/i0.wp.com\/webdelmaestrocmf.com\/portal\/wp-content\/uploads\/2025\/07\/1A-Banner-1-portada-imagen-10-1-copia-45.webp?resize=525%2C300&ssl=1 1.5x, https:\/\/i0.wp.com\/webdelmaestrocmf.com\/portal\/wp-content\/uploads\/2025\/07\/1A-Banner-1-portada-imagen-10-1-copia-45.webp?resize=700%2C400&ssl=1 2x"},"classes":[]},{"id":65252,"url":"https:\/\/webdelmaestrocmf.com\/portal\/leon-trahtemberg-las-normas-que-hacen-imposible-el-reinicio-de-clases-semipresenciales\/","url_meta":{"origin":9050,"position":3},"title":"Le\u00f3n Trahtemberg: Las normas que hacen imposible el reinicio de clases semipresenciales","author":"Web del Maestro CMF","date":"15 julio, 2021","format":false,"excerpt":"Para el profesor Francesco Tonucci, en una conferencia virtual para educarchile y el Grupo Educativo (03\/06\/2020) que est\u00e1 en YouTube, afirm\u00f3 que la crisis que ha tra\u00eddo el cierre de las escuelas, a causa de la pandemia del Covid 19,\u00a0 y la inminente y necesaria vuelta a las clases presenciales,\u2026","rel":"","context":"En \u00abEntrevistas\u00bb","block_context":{"text":"Entrevistas","link":"https:\/\/webdelmaestrocmf.com\/portal\/category\/noticias\/entrevistas\/"},"img":{"alt_text":"","src":"https:\/\/i0.wp.com\/webdelmaestrocmf.com\/portal\/wp-content\/uploads\/2021\/07\/2-3.jpg?resize=350%2C200&ssl=1","width":350,"height":200,"srcset":"https:\/\/i0.wp.com\/webdelmaestrocmf.com\/portal\/wp-content\/uploads\/2021\/07\/2-3.jpg?resize=350%2C200&ssl=1 1x, https:\/\/i0.wp.com\/webdelmaestrocmf.com\/portal\/wp-content\/uploads\/2021\/07\/2-3.jpg?resize=525%2C300&ssl=1 1.5x, https:\/\/i0.wp.com\/webdelmaestrocmf.com\/portal\/wp-content\/uploads\/2021\/07\/2-3.jpg?resize=700%2C400&ssl=1 2x, https:\/\/i0.wp.com\/webdelmaestrocmf.com\/portal\/wp-content\/uploads\/2021\/07\/2-3.jpg?resize=1050%2C600&ssl=1 3x"},"classes":[]},{"id":115009,"url":"https:\/\/webdelmaestrocmf.com\/portal\/julio-velarde-si-tienes-una-poblacion-con-educacion-seras-prospero-al-final\/","url_meta":{"origin":9050,"position":4},"title":"Julio Velarde: Si tienes una poblaci\u00f3n con educaci\u00f3n, ser\u00e1s pr\u00f3spero al final","author":"Web del Maestro CMF","date":"27 enero, 2026","format":false,"excerpt":"Desde hace varios a\u00f1os, en distintos escenarios educativos, se ha hecho (y se hace) la propuesta sobre la incorporaci\u00f3n de la Educaci\u00f3n Financiera como parte del curr\u00edculo escolar. No se trata de una moda pasajera ni de una asignatura complementaria, sino de una necesidad educativa de primer orden. Integrarla de\u2026","rel":"","context":"En \u00abCharlas\u00bb","block_context":{"text":"Charlas","link":"https:\/\/webdelmaestrocmf.com\/portal\/category\/charlas\/"},"img":{"alt_text":"","src":"https:\/\/i0.wp.com\/webdelmaestrocmf.com\/portal\/wp-content\/uploads\/2026\/01\/1A-Banner-1-portada-imagen-10-1-copia-7-1.webp?resize=350%2C200&ssl=1","width":350,"height":200,"srcset":"https:\/\/i0.wp.com\/webdelmaestrocmf.com\/portal\/wp-content\/uploads\/2026\/01\/1A-Banner-1-portada-imagen-10-1-copia-7-1.webp?resize=350%2C200&ssl=1 1x, https:\/\/i0.wp.com\/webdelmaestrocmf.com\/portal\/wp-content\/uploads\/2026\/01\/1A-Banner-1-portada-imagen-10-1-copia-7-1.webp?resize=525%2C300&ssl=1 1.5x, https:\/\/i0.wp.com\/webdelmaestrocmf.com\/portal\/wp-content\/uploads\/2026\/01\/1A-Banner-1-portada-imagen-10-1-copia-7-1.webp?resize=700%2C400&ssl=1 2x"},"classes":[]},{"id":107233,"url":"https:\/\/webdelmaestrocmf.com\/portal\/tipos-de-pedagogias-modernas-relevancia-y-el-rol-del-docente-moderno\/","url_meta":{"origin":9050,"position":5},"title":"Tipos de pedagog\u00edas, relevancia y el rol del docente moderno","author":"Web del Maestro CMF","date":"26 diciembre, 2024","format":false,"excerpt":"La pedagog\u00eda es la ciencia social que investiga y estudia las t\u00e9cnicas centradas en la educaci\u00f3n y la ense\u00f1anza. El objetivo principal de esta disciplina es optimizar y sistematizar m\u00e9todos educativos para mejorarlos, desarrollar el potencial humano y facilitar la trasmisi\u00f3n de conocimientos, valores, cultura o tradiciones. Su aplicaci\u00f3n es\u2026","rel":"","context":"En \u00abPedagog\u00eda\u00bb","block_context":{"text":"Pedagog\u00eda","link":"https:\/\/webdelmaestrocmf.com\/portal\/category\/pedagogia\/pedagogia-pedagogia\/"},"img":{"alt_text":"","src":"https:\/\/i0.wp.com\/webdelmaestrocmf.com\/portal\/wp-content\/uploads\/2024\/12\/Banner-1-portada-imagen-10-1-36.jpg?resize=350%2C200&ssl=1","width":350,"height":200,"srcset":"https:\/\/i0.wp.com\/webdelmaestrocmf.com\/portal\/wp-content\/uploads\/2024\/12\/Banner-1-portada-imagen-10-1-36.jpg?resize=350%2C200&ssl=1 1x, https:\/\/i0.wp.com\/webdelmaestrocmf.com\/portal\/wp-content\/uploads\/2024\/12\/Banner-1-portada-imagen-10-1-36.jpg?resize=525%2C300&ssl=1 1.5x, https:\/\/i0.wp.com\/webdelmaestrocmf.com\/portal\/wp-content\/uploads\/2024\/12\/Banner-1-portada-imagen-10-1-36.jpg?resize=700%2C400&ssl=1 2x"},"classes":[]}],"_links":{"self":[{"href":"https:\/\/webdelmaestrocmf.com\/portal\/wp-json\/wp\/v2\/posts\/9050","targetHints":{"allow":["GET"]}}],"collection":[{"href":"https:\/\/webdelmaestrocmf.com\/portal\/wp-json\/wp\/v2\/posts"}],"about":[{"href":"https:\/\/webdelmaestrocmf.com\/portal\/wp-json\/wp\/v2\/types\/post"}],"author":[{"embeddable":true,"href":"https:\/\/webdelmaestrocmf.com\/portal\/wp-json\/wp\/v2\/users\/1"}],"replies":[{"embeddable":true,"href":"https:\/\/webdelmaestrocmf.com\/portal\/wp-json\/wp\/v2\/comments?post=9050"}],"version-history":[{"count":0,"href":"https:\/\/webdelmaestrocmf.com\/portal\/wp-json\/wp\/v2\/posts\/9050\/revisions"}],"wp:featuredmedia":[{"embeddable":true,"href":"https:\/\/webdelmaestrocmf.com\/portal\/wp-json\/wp\/v2\/media\/65255"}],"wp:attachment":[{"href":"https:\/\/webdelmaestrocmf.com\/portal\/wp-json\/wp\/v2\/media?parent=9050"}],"wp:term":[{"taxonomy":"category","embeddable":true,"href":"https:\/\/webdelmaestrocmf.com\/portal\/wp-json\/wp\/v2\/categories?post=9050"},{"taxonomy":"post_tag","embeddable":true,"href":"https:\/\/webdelmaestrocmf.com\/portal\/wp-json\/wp\/v2\/tags?post=9050"}],"curies":[{"name":"wp","href":"https:\/\/api.w.org\/{rel}","templated":true}]}}