{"id":89976,"date":"2024-07-19T11:00:28","date_gmt":"2024-07-19T15:00:28","guid":{"rendered":"https:\/\/webdelmaestrocmf.com\/portal\/?p=89976"},"modified":"2024-07-19T11:23:25","modified_gmt":"2024-07-19T15:23:25","slug":"pronombres-que-son-tipos-ejemplos-y-descargas","status":"publish","type":"post","link":"https:\/\/webdelmaestrocmf.com\/portal\/pronombres-que-son-tipos-ejemplos-y-descargas\/","title":{"rendered":"Pronombres: qu\u00e9 son, tipos y ejemplos"},"content":{"rendered":"<p style=\"text-align: justify;\"><strong>Los pronombres son una parte fundamental de la gram\u00e1tica y se utilizan en el lenguaje para reemplazar o sustituir a un sustantivo o grupo de sustantivos en una oraci\u00f3n. Estas palabras cumplen la funci\u00f3n de evitar la repetici\u00f3n excesiva de sustantivos y hacen que nuestras frases sean m\u00e1s concisas y fluidas.<\/strong> <!--more--><\/p>\n<p style=\"text-align: justify;\">Existen diferentes tipos de pronombres en el idioma espa\u00f1ol, cada uno con su propia funci\u00f3n y uso. Los pronombres personales son aquellos que se utilizan para referirse a las personas que hablan, a las personas a las que se habla y a las personas o cosas de las que se habla. Por ejemplo, \u00abyo\u00bb, \u00abt\u00fa\u00bb, \u00ab\u00e9l\u00bb, \u00abella\u00bb, \u00abnosotros\u00bb, \u00abvosotros\u00bb, \u00abellos\u00bb y \u00abellas\u00bb son pronombres personales.<\/p>\n<p style=\"text-align: justify;\">Los pronombres posesivos indican posesi\u00f3n o pertenencia. Nos permiten expresar a qui\u00e9n pertenece algo. Algunos ejemplos de pronombres posesivos son \u00abmi\u00bb, \u00abtu\u00bb, \u00absu\u00bb, \u00abnuestro\u00bb, \u00abvuestro\u00bb y \u00absu\u00bb.<\/p>\n<p style=\"text-align: justify;\">Los pronombres demostrativos se utilizan para se\u00f1alar o indicar la posici\u00f3n de algo o alguien en relaci\u00f3n con el hablante. Con ellos podemos referirnos a algo cercano o lejano. Ejemplos de pronombres demostrativos son \u00abeste\u00bb, \u00abese\u00bb, \u00abaquel\u00bb, \u00abesta\u00bb, \u00abesa\u00bb y \u00abaquella\u00bb.<\/p>\n<p style=\"text-align: justify;\">Los pronombres relativos se utilizan para introducir oraciones subordinadas que se refieren a un antecedente en la oraci\u00f3n principal. Algunos pronombres relativos comunes son \u00abque\u00bb, \u00abquien\u00bb, \u00abcual\u00bb y \u00abcuyo\u00bb.<\/p>\n<p style=\"text-align: justify;\">Los pronombres interrogativos se utilizan para formular preguntas. Con ellos podemos indagar sobre personas, objetos o cualidades. Ejemplos de pronombres interrogativos son \u00abqu\u00e9\u00bb, \u00abqui\u00e9n\u00bb, \u00abcu\u00e1l\u00bb y \u00abcu\u00e1nto\u00bb.<\/p>\n<p style=\"text-align: justify;\">Por \u00faltimo, los pronombres indefinidos se utilizan para referirse a algo de manera no espec\u00edfica o general. Algunos ejemplos de pronombres indefinidos son \u00abalguien\u00bb, \u00abalgo\u00bb, \u00abnadie\u00bb, \u00abnada\u00bb, \u00abvarios\u00bb, \u00abtodos\u00bb y \u00abalgunos\u00bb.<\/p>\n<p><img loading=\"lazy\" decoding=\"async\" class=\"alignnone size-large wp-image-89979\" src=\"https:\/\/webdelmaestrocmf.com\/portal\/wp-content\/uploads\/2023\/06\/351363776_2639881169486453_5110042004621728726_n-724x1024.jpg\" alt=\"\" width=\"724\" height=\"1024\" srcset=\"https:\/\/webdelmaestrocmf.com\/portal\/wp-content\/uploads\/2023\/06\/351363776_2639881169486453_5110042004621728726_n-724x1024.jpg 724w, https:\/\/webdelmaestrocmf.com\/portal\/wp-content\/uploads\/2023\/06\/351363776_2639881169486453_5110042004621728726_n-212x300.jpg 212w, https:\/\/webdelmaestrocmf.com\/portal\/wp-content\/uploads\/2023\/06\/351363776_2639881169486453_5110042004621728726_n-768x1086.jpg 768w, https:\/\/webdelmaestrocmf.com\/portal\/wp-content\/uploads\/2023\/06\/351363776_2639881169486453_5110042004621728726_n-1086x1536.jpg 1086w, https:\/\/webdelmaestrocmf.com\/portal\/wp-content\/uploads\/2023\/06\/351363776_2639881169486453_5110042004621728726_n-110x156.jpg 110w, https:\/\/webdelmaestrocmf.com\/portal\/wp-content\/uploads\/2023\/06\/351363776_2639881169486453_5110042004621728726_n-200x283.jpg 200w, https:\/\/webdelmaestrocmf.com\/portal\/wp-content\/uploads\/2023\/06\/351363776_2639881169486453_5110042004621728726_n-380x537.jpg 380w, https:\/\/webdelmaestrocmf.com\/portal\/wp-content\/uploads\/2023\/06\/351363776_2639881169486453_5110042004621728726_n-255x361.jpg 255w, https:\/\/webdelmaestrocmf.com\/portal\/wp-content\/uploads\/2023\/06\/351363776_2639881169486453_5110042004621728726_n-300x424.jpg 300w, https:\/\/webdelmaestrocmf.com\/portal\/wp-content\/uploads\/2023\/06\/351363776_2639881169486453_5110042004621728726_n-550x778.jpg 550w, https:\/\/webdelmaestrocmf.com\/portal\/wp-content\/uploads\/2023\/06\/351363776_2639881169486453_5110042004621728726_n-800x1132.jpg 800w, https:\/\/webdelmaestrocmf.com\/portal\/wp-content\/uploads\/2023\/06\/351363776_2639881169486453_5110042004621728726_n-1160x1641.jpg 1160w, https:\/\/webdelmaestrocmf.com\/portal\/wp-content\/uploads\/2023\/06\/351363776_2639881169486453_5110042004621728726_n.jpg 1414w\" sizes=\"auto, (max-width: 724px) 100vw, 724px\" \/><\/p>\n<h2 style=\"text-align: justify;\">Tipos de pronombres<\/h2>\n<p style=\"text-align: justify;\">Los pronombres pueden ser personales; posesivos; relativos; numerales; cuantitativos; indefinidos; interrogativos y exclamativos. Veamos a continuaci\u00f3n cada uno.<\/p>\n<h3 style=\"padding-left: 40px; text-align: left;\"><strong>Pronombres personales<\/strong><\/h3>\n<p style=\"text-align: justify; padding-left: 40px;\">Son los que sirven para referir a los participantes en el discurso. Pueden referir al hablante (yo), al oyente (t\u00fa, vos, usted, ustedes, vosotros, -as) o a un sujeto externo (\u00e9l, ella, ellos, ellas). Se llaman pronombres personales porque expresan los rasgos gramaticales de persona (primera, segunda y tercera persona).<\/p>\n<p style=\"text-align: justify; padding-left: 40px;\">Los pronombres personales son:<\/p>\n<table class=\"table-normal\" style=\"margin-left: 40px;\" border=\"1\">\n<thead style=\"padding-left: 40px;\">\n<tr style=\"padding-left: 40px;\">\n<th style=\"padding-left: 40px;\" colspan=\"1\" rowspan=\"1\" scope=\"col\">N\u00famero<\/th>\n<th style=\"padding-left: 40px;\" scope=\"col\">1\u00ba persona<\/th>\n<th style=\"padding-left: 40px;\" scope=\"col\">2\u00aa persona<\/th>\n<th style=\"padding-left: 40px;\" scope=\"col\">3\u00aa persona<\/th>\n<\/tr>\n<\/thead>\n<tbody style=\"padding-left: 40px;\">\n<tr style=\"padding-left: 40px;\">\n<th style=\"padding-left: 40px;\">Singular<\/th>\n<td style=\"padding-left: 40px;\">Yo<\/td>\n<td style=\"padding-left: 40px;\">T\u00fa<br \/>\nUsted<br \/>\nVos<\/td>\n<td style=\"padding-left: 40px;\">Ella<br \/>\n\u00c9l<\/td>\n<\/tr>\n<tr style=\"padding-left: 40px;\">\n<th style=\"padding-left: 40px;\">Plural<\/th>\n<td style=\"padding-left: 40px;\">Nosotros<br \/>\nNosotras<\/td>\n<td style=\"padding-left: 40px;\">Ustedes<br \/>\nVosotros<br \/>\nVosotras<\/td>\n<td style=\"padding-left: 40px;\">Ellas<br \/>\nEllos<\/td>\n<\/tr>\n<\/tbody>\n<\/table>\n<p style=\"text-align: justify; padding-left: 40px;\">Los pronombres yo, t\u00fa, vos, usted y ustedes son invariables en g\u00e9nero. Los dem\u00e1s pronombres s\u00ed est\u00e1n sujetos a variaci\u00f3n de g\u00e9nero (nosotros, nosotras, vosotros, vosotras, ellos, ellas).<\/p>\n<p style=\"text-align: justify; padding-left: 40px;\">Por ejemplo,<\/p>\n<ul>\n<li style=\"list-style-type: none;\">\n<ul style=\"text-align: justify;\">\n<li><strong>Yo\u00a0<\/strong>soy venezolano.<\/li>\n<li><strong>Nosotros\u00a0<\/strong>viviremos juntos.<\/li>\n<li><strong>T\u00fa\u00a0<\/strong>eres muy talentoso.<\/li>\n<li>\u00bf<strong>Usted\u00a0<\/strong>podr\u00eda concederme una pieza?<\/li>\n<li><strong>Vosotros\u00a0<\/strong>sois geniales<\/li>\n<li><strong>Ustedes\u00a0<\/strong>pueden irse.<\/li>\n<li><strong>Ella\u00a0<\/strong>estuvo ayer en clase.<\/li>\n<li><strong>\u00c9l\u00a0<\/strong>no est\u00e1 convencido de comprar el carro.<\/li>\n<\/ul>\n<\/li>\n<\/ul>\n<p style=\"text-align: justify; padding-left: 40px;\">Los pronombres personales pueden dividirse tambi\u00e9n en pronombres reflexivos y pronombres rec\u00edprocos.<\/p>\n<h3 style=\"padding-left: 40px; text-align: left;\"><strong>Pronombres reflexivos<\/strong><\/h3>\n<p style=\"text-align: justify; padding-left: 40px;\">Los pronombres personales reflexivos son aquellos que se usan para indicar que la acci\u00f3n recae en el propio sujeto.<\/p>\n<table class=\"table-normal\" style=\"margin-left: 40px;\" border=\"1\">\n<thead style=\"padding-left: 40px;\">\n<tr style=\"padding-left: 40px;\">\n<th style=\"padding-left: 40px;\" rowspan=\"1\" scope=\"col\"><strong>Persona<\/strong><\/th>\n<th style=\"padding-left: 40px;\" rowspan=\"1\" scope=\"col\">1\u00aa persona<\/th>\n<th style=\"padding-left: 40px;\" scope=\"col\">2\u00aa persona<\/th>\n<th style=\"padding-left: 40px;\" scope=\"col\">3\u00aa persona<\/th>\n<\/tr>\n<\/thead>\n<tbody style=\"padding-left: 40px;\">\n<tr style=\"padding-left: 40px;\">\n<th style=\"padding-left: 40px;\" colspan=\"1\">Singular<\/th>\n<td style=\"padding-left: 40px;\">me<br \/>\nm\u00ed<br \/>\nconmigo<\/td>\n<td style=\"padding-left: 40px;\">usted (formal)<br \/>\nte<br \/>\nti<br \/>\nvos<br \/>\ncontigo<\/td>\n<td style=\"padding-left: 40px;\">ello<br \/>\ns\u00ed<br \/>\nse<br \/>\nconsigo<\/td>\n<\/tr>\n<tr style=\"padding-left: 40px;\">\n<th style=\"padding-left: 40px;\" colspan=\"1\">Plural<\/th>\n<td style=\"padding-left: 40px;\">nosotros<br \/>\nnosotras<br \/>\nnos<\/td>\n<td style=\"padding-left: 40px;\">ustedes<br \/>\nvosotros<br \/>\nvosotras<br \/>\nos<\/td>\n<td style=\"padding-left: 40px;\">s\u00ed<br \/>\nellos<br \/>\nellas<br \/>\nse<\/td>\n<\/tr>\n<\/tbody>\n<\/table>\n<p style=\"text-align: justify; padding-left: 40px;\">Por ejemplo,<\/p>\n<ul>\n<li style=\"list-style-type: none;\">\n<ul style=\"text-align: justify;\">\n<li>\u00bfQuieres almorzar\u00a0<strong>conmigo<\/strong>?<\/li>\n<li><strong>Te\u00a0<\/strong>quiero.<\/li>\n<li><strong>Nos\u00a0<\/strong>vamos de viaje.<\/li>\n<li>No hay mejores amigas que\u00a0<strong>vosotras<\/strong>.<\/li>\n<li>Cuando Antonio va a misa,\u00a0<strong>se\u00a0<\/strong>pone su mejor atuendo.<\/li>\n<li>Le gusta tanto jugar f\u00fatbol que centra sus energ\u00edas en\u00a0<strong>ello<\/strong>.<\/li>\n<li>Mar\u00eda vio ante\u00a0<strong>s\u00ed\u00a0<\/strong>muchas posibilidades.<\/li>\n<li>Jos\u00e9 hizo las paces\u00a0<strong>consigo\u00a0<\/strong>mismo.<\/li>\n<\/ul>\n<\/li>\n<\/ul>\n<h3 style=\"padding-left: 40px; text-align: left;\"><strong>Pronombres rec\u00edprocos<\/strong><\/h3>\n<p style=\"text-align: justify; padding-left: 40px;\">Los pronombres rec\u00edprocos son aquellos que dan a entender la reciprocidad de las acciones entre dos o m\u00e1s sujetos, es decir, las acciones mutuas que ata\u00f1en a varios individuos. Estos son:<\/p>\n<ul>\n<li style=\"list-style-type: none;\">\n<ul style=\"text-align: justify;\">\n<li>Os (forma usada en Espa\u00f1a)<\/li>\n<li>Nos<\/li>\n<li>Se<\/li>\n<\/ul>\n<\/li>\n<\/ul>\n<p style=\"text-align: justify; padding-left: 40px;\">Una manera de confirmar que un pronombre es rec\u00edproco es a\u00f1adiendo el adverbio \u00abmutuamente\u00bb.<\/p>\n<p style=\"text-align: justify; padding-left: 40px;\">Por ejemplo,<\/p>\n<ul>\n<li style=\"list-style-type: none;\">\n<ul style=\"text-align: justify;\">\n<li>Jacinta y yo\u00a0<strong>nos\u00a0<\/strong>juramos lealtad eterna (mutuamente).<\/li>\n<li>\u00a1Juan y Jos\u00e9!\u00a0<strong>Os\u00a0<\/strong>he dicho ya que no rayen las paredes.<\/li>\n<li>Los hermanos P\u00e9rez\u00a0<strong>se\u00a0<\/strong>llevan como perros y gatos.<\/li>\n<\/ul>\n<\/li>\n<\/ul>\n<h3 style=\"padding-left: 40px; text-align: left;\"><strong>Pronombres posesivos<\/strong><\/h3>\n<p style=\"text-align: justify; padding-left: 40px;\">Son los que expresan la posesi\u00f3n de una cosa por parte de un sustantivo. Tienen flexi\u00f3n de g\u00e9nero, n\u00famero y persona.<\/p>\n<table class=\"table-normal\" style=\"margin-left: 40px;\" border=\"1\">\n<thead style=\"padding-left: 40px;\">\n<tr style=\"padding-left: 40px;\">\n<th style=\"padding-left: 40px;\" scope=\"row\">N\u00famero<\/th>\n<th style=\"padding-left: 40px;\" scope=\"col\">1\u00aa persona<\/th>\n<th style=\"padding-left: 40px;\" scope=\"col\">2\u00aa persona<\/th>\n<th style=\"padding-left: 40px;\" scope=\"col\">3\u00aa persona<\/th>\n<\/tr>\n<\/thead>\n<tbody style=\"padding-left: 40px;\">\n<tr style=\"padding-left: 40px;\">\n<th style=\"padding-left: 40px;\" scope=\"row\">Singular<\/th>\n<td style=\"padding-left: 40px;\">m\u00edo<br \/>\nm\u00eda<\/td>\n<td style=\"padding-left: 40px;\">tuyo\/tuya<br \/>\nsuyo (formal)<br \/>\nsuya (formal)<br \/>\nvuestro<br \/>\nvuestra<\/td>\n<td style=\"padding-left: 40px;\">suyo<br \/>\nsuya<\/td>\n<\/tr>\n<tr style=\"padding-left: 40px;\">\n<th style=\"padding-left: 40px;\" scope=\"row\">Plural<\/th>\n<td style=\"padding-left: 40px;\">m\u00edos<br \/>\nm\u00edas<\/td>\n<td style=\"padding-left: 40px;\">tuyos<br \/>\ntuyas<br \/>\nsuyos (formal)<br \/>\nsuyas (formal)<br \/>\nvuestros<br \/>\nvuestras<\/td>\n<td style=\"padding-left: 40px;\">suyos<br \/>\nsuyas<\/td>\n<\/tr>\n<\/tbody>\n<\/table>\n<p style=\"text-align: justify; padding-left: 40px;\">Por ejemplo,<\/p>\n<ul>\n<li style=\"list-style-type: none;\">\n<ul style=\"text-align: justify;\">\n<li>Mi coraz\u00f3n es\u00a0<strong>tuyo<\/strong>.<\/li>\n<li>Las camisas son\u00a0<strong>suyas<\/strong>.<\/li>\n<li>La decisi\u00f3n es\u00a0<strong>vuestra<\/strong>.<\/li>\n<\/ul>\n<\/li>\n<\/ul>\n<h5 style=\"padding-left: 40px; text-align: left;\"><strong>Pronombres demostrativos<\/strong><\/h5>\n<p style=\"text-align: justify; padding-left: 40px;\">Los pronombres demostrativos indican la relaci\u00f3n de proximidad entre la persona se\u00f1alada y los dem\u00e1s participantes del discurso.<\/p>\n<table class=\"table-normal\" style=\"margin-left: 40px;\" border=\"1\">\n<thead style=\"padding-left: 40px;\">\n<tr style=\"padding-left: 40px;\">\n<th style=\"padding-left: 40px;\" scope=\"row\"><strong>G\u00e9nero<\/strong><\/th>\n<th style=\"padding-left: 40px;\" scope=\"col\"><strong>Singular<\/strong><\/th>\n<th style=\"padding-left: 40px;\" scope=\"col\"><strong>Plural<\/strong><\/th>\n<\/tr>\n<\/thead>\n<tbody style=\"padding-left: 40px;\">\n<tr style=\"padding-left: 40px;\">\n<th style=\"padding-left: 40px;\" scope=\"row\"><strong>Masculino<\/strong><\/th>\n<td style=\"padding-left: 40px;\">este, ese, aquel<\/td>\n<td style=\"padding-left: 40px;\">estos, esos, aquellos<\/td>\n<\/tr>\n<tr style=\"padding-left: 40px;\">\n<th style=\"padding-left: 40px;\" scope=\"row\"><strong>Femenino<\/strong><\/th>\n<td style=\"padding-left: 40px;\">esta, esa, aquella<\/td>\n<td style=\"padding-left: 40px;\">estas, esas, aquellas<\/td>\n<\/tr>\n<tr style=\"padding-left: 40px;\">\n<th style=\"padding-left: 40px;\" scope=\"row\"><strong>Neutro<\/strong><\/th>\n<td style=\"padding-left: 40px;\">este, ese, aquel<\/td>\n<td style=\"padding-left: 40px;\">&#8211;<\/td>\n<\/tr>\n<\/tbody>\n<\/table>\n<p style=\"text-align: justify; padding-left: 40px;\">Por ejemplo,<\/p>\n<ul>\n<li style=\"list-style-type: none;\">\n<ul style=\"text-align: justify;\">\n<li><strong>Ese\u00a0<\/strong>d\u00eda no vine, as\u00ed que me perd\u00ed el juego.<\/li>\n<li><strong>Aquella\u00a0<\/strong>mujer ten\u00eda algo especial.<\/li>\n<li>Fue en\u00a0<strong>aquel\u00a0<\/strong>teatro donde estren\u00e9 mi primera obra.<\/li>\n<\/ul>\n<\/li>\n<\/ul>\n<h3 style=\"padding-left: 40px; text-align: left;\"><strong>Pronombres relativos<\/strong><\/h3>\n<p style=\"text-align: justify; padding-left: 40px;\">Tienen varias funciones. Entre ellas: se\u00f1alan otras personas aparecidas anteriormente e introducen oraciones subordinadas. Veamos cu\u00e1les son en la siguiente tabla.<\/p>\n<table class=\"table-normal\" style=\"margin-left: 40px;\" border=\"1\">\n<thead style=\"padding-left: 40px;\">\n<tr style=\"padding-left: 40px;\">\n<th style=\"padding-left: 40px;\" scope=\"col\"><strong>G\u00e9nero<\/strong><\/th>\n<th style=\"padding-left: 40px;\" scope=\"col\"><strong>Singular<\/strong><\/th>\n<th style=\"padding-left: 40px;\" scope=\"col\"><strong>Plural<\/strong><\/th>\n<\/tr>\n<\/thead>\n<tbody style=\"padding-left: 40px;\">\n<tr style=\"padding-left: 40px;\">\n<th style=\"padding-left: 40px;\" scope=\"row\"><strong>Neutro<\/strong><\/th>\n<td style=\"padding-left: 40px;\">que, quien<\/td>\n<td style=\"padding-left: 40px;\">quienes<\/td>\n<\/tr>\n<tr style=\"padding-left: 40px;\">\n<th style=\"padding-left: 40px;\" scope=\"row\"><strong>Femenino<\/strong><\/th>\n<td style=\"padding-left: 40px;\">la que, la cual, cuanta, cuya<\/td>\n<td style=\"padding-left: 40px;\">las que, las cuales, cuantas, cuyas<\/td>\n<\/tr>\n<tr style=\"padding-left: 40px;\">\n<th style=\"padding-left: 40px;\" scope=\"row\"><strong>Masculino<\/strong><\/th>\n<td style=\"padding-left: 40px;\">el que, lo que, el cual, lo cual, cuanto, cuyo<\/td>\n<td style=\"padding-left: 40px;\">los que, los cuales, cuantos, cuyos<\/td>\n<\/tr>\n<\/tbody>\n<\/table>\n<p style=\"text-align: justify; padding-left: 40px;\">Por ejemplo,<\/p>\n<ul>\n<li style=\"list-style-type: none;\">\n<ul style=\"text-align: justify;\">\n<li>Jacinta,\u00a0<strong>que\u00a0<\/strong>siempre anda apurada, sali\u00f3 sin desayunar otra vez.<\/li>\n<li>Jos\u00e9,\u00a0<strong>quien\u00a0<\/strong>era el enfermero de turno, me salv\u00f3 la vida.<\/li>\n<li>El lienzo ten\u00eda varias manchas,\u00a0<strong>las cuales\u00a0<\/strong>fueron tratadas por un restaurador de arte.<\/li>\n<li><strong>El\u00a0<\/strong>que usted no supiera qui\u00e9n era yo, no justifica su comportamiento irrespetuoso.<\/li>\n<\/ul>\n<\/li>\n<\/ul>\n<h3 style=\"padding-left: 40px; text-align: left;\"><strong>Pronombres numerales<\/strong><\/h3>\n<p style=\"text-align: justify; padding-left: 40px;\">Son los que indican la cantidad de objetos representados en la oraci\u00f3n.<\/p>\n<table class=\"table-normal\" style=\"margin-left: 40px;\" border=\"1\">\n<thead style=\"padding-left: 40px;\">\n<tr style=\"padding-left: 40px;\">\n<th style=\"padding-left: 40px;\" scope=\"col\">Cardinales<\/th>\n<th style=\"padding-left: 40px;\" scope=\"col\">Ordinales<\/th>\n<th style=\"padding-left: 40px;\" scope=\"col\">Fraccionarios<\/th>\n<th style=\"padding-left: 40px;\" scope=\"col\">Multiplicativos<\/th>\n<\/tr>\n<\/thead>\n<tbody style=\"padding-left: 40px;\">\n<tr style=\"padding-left: 40px;\">\n<td style=\"padding-left: 40px;\">uno, dos, tres, etc.<\/td>\n<td style=\"padding-left: 40px;\">primero, segundo, tercero, etc.<\/td>\n<td style=\"padding-left: 40px;\">mitad, un tercio, un cuarto, etc.<\/td>\n<td style=\"padding-left: 40px;\">doble, triple, cu\u00e1druple, etc.<\/td>\n<\/tr>\n<\/tbody>\n<\/table>\n<p style=\"text-align: justify; padding-left: 40px;\">Por ejemplo,<\/p>\n<ul>\n<li style=\"list-style-type: none;\">\n<ul style=\"text-align: justify;\">\n<li>Me gustan estas camisas. Deme\u00a0<strong>dos<\/strong>, por favor.<\/li>\n<li>Que pase el\u00a0<strong>primero<\/strong>.<\/li>\n<li>Quer\u00eda comprar un kilo de arroz, pero solo encontr\u00e9\u00a0<strong>medio<\/strong>.<\/li>\n<li>Ya he perdido dos kilos con la dieta. El mes que viene espero perder el\u00a0<strong>doble<\/strong>.<\/li>\n<\/ul>\n<\/li>\n<\/ul>\n<h3 style=\"padding-left: 40px; text-align: left;\"><strong>Pronombres cuantitativos<\/strong><\/h3>\n<p style=\"text-align: justify; padding-left: 40px;\">Son los que representan variedades indeterminadas de elementos. Todos var\u00edan en n\u00famero y la mayor\u00eda var\u00eda en g\u00e9nero, salvo un par de excepciones. Veamos la siguiente tabla.<\/p>\n<table class=\"table-normal\" style=\"margin-left: 40px;\" border=\"1\">\n<thead style=\"padding-left: 40px;\">\n<tr style=\"padding-left: 40px;\">\n<th style=\"padding-left: 40px;\" scope=\"row\"><strong>G\u00e9nero<\/strong><\/th>\n<th style=\"padding-left: 40px;\"><strong>Singular<\/strong><\/th>\n<th style=\"padding-left: 40px;\"><strong>Plural<\/strong><\/th>\n<\/tr>\n<\/thead>\n<tbody style=\"padding-left: 40px;\">\n<tr style=\"padding-left: 40px;\">\n<th style=\"padding-left: 40px;\" scope=\"row\">Neutro<\/th>\n<td style=\"padding-left: 40px;\">bastante, suficiente<\/td>\n<td style=\"padding-left: 40px;\">bastantes, suficientes<\/td>\n<\/tr>\n<tr style=\"padding-left: 40px;\">\n<th style=\"padding-left: 40px;\" scope=\"row\">Femenino<\/th>\n<td style=\"padding-left: 40px;\">poca, mucha, toda<\/td>\n<td style=\"padding-left: 40px;\">pocas, muchas, todas<\/td>\n<\/tr>\n<tr style=\"padding-left: 40px;\">\n<th style=\"padding-left: 40px;\" scope=\"row\">Masculino<\/th>\n<td style=\"padding-left: 40px;\">poco, mucho, todo<\/td>\n<td style=\"padding-left: 40px;\">pocos, muchos, todos<\/td>\n<\/tr>\n<\/tbody>\n<\/table>\n<p style=\"text-align: justify; padding-left: 40px;\">Por ejemplo,<\/p>\n<ul>\n<li style=\"list-style-type: none;\">\n<ul style=\"text-align: justify;\">\n<li>No te olvides de comprar arroz. No tenemos\u00a0<strong>suficiente<\/strong>.<\/li>\n<li>A Gonzalo le cay\u00f3 el aguacero en cima. Est\u00e1\u00a0<strong>todo\u00a0<\/strong>mojado.<\/li>\n<li>Hace tiempo que espero, pero ya falta\u00a0<strong>poco<\/strong>.<\/li>\n<\/ul>\n<\/li>\n<\/ul>\n<h3 style=\"padding-left: 40px; text-align: left;\"><strong>Pronombres indefinidos<\/strong><\/h3>\n<p style=\"text-align: justify; padding-left: 40px;\">Son los que se\u00f1alan a una persona o referente impreciso o desconocido para el emisor del mensaje.<\/p>\n<table class=\"table-normal\" style=\"margin-left: 40px;\" border=\"1\">\n<thead style=\"padding-left: 40px;\">\n<tr style=\"padding-left: 40px;\">\n<th style=\"padding-left: 40px;\" scope=\"col\"><strong>G\u00e9nero<\/strong><\/th>\n<th style=\"padding-left: 40px;\" scope=\"col\"><strong>Singular<\/strong><\/th>\n<th style=\"padding-left: 40px;\" scope=\"col\"><strong>Plural<\/strong><\/th>\n<\/tr>\n<\/thead>\n<tbody style=\"padding-left: 40px;\">\n<tr style=\"padding-left: 40px;\">\n<th style=\"padding-left: 40px;\" scope=\"row\"><strong>Neutro<\/strong><\/th>\n<td style=\"padding-left: 40px;\">cualquiera, quienquiera<\/td>\n<td style=\"padding-left: 40px;\">cualesquiera, quienesquiera<\/td>\n<\/tr>\n<tr style=\"padding-left: 40px;\">\n<th style=\"padding-left: 40px;\" scope=\"row\"><strong>Femenino<\/strong><\/th>\n<td style=\"padding-left: 40px;\">alguna, ninguna, otra, una<\/td>\n<td style=\"padding-left: 40px;\">algunas, ningunas, otras, unas<\/td>\n<\/tr>\n<tr style=\"padding-left: 40px;\">\n<th style=\"padding-left: 40px;\" scope=\"row\"><strong>Masculino<\/strong><\/th>\n<td style=\"padding-left: 40px;\">alguno, ninguno, otro, uno<\/td>\n<td style=\"padding-left: 40px;\">algunos, ningunos, otros, unos<\/td>\n<\/tr>\n<\/tbody>\n<\/table>\n<p style=\"text-align: justify; padding-left: 40px;\">Por ejemplo,<\/p>\n<ul>\n<li style=\"list-style-type: none;\">\n<ul style=\"text-align: justify;\">\n<li>No le puedes dar tu confianza a\u00a0<strong>cualquiera<\/strong>.<\/li>\n<li>Siempre me pongo el mismo su\u00e9ter. Es hora de ponerme\u00a0<strong>otro<\/strong>.<\/li>\n<li>Notifiqu\u00e9 a los empleados el nuevo horario, pero\u00a0<strong>algunos\u00a0<\/strong>no leyeron el mensaje a tiempo.<\/li>\n<\/ul>\n<\/li>\n<\/ul>\n<h3 style=\"padding-left: 40px; text-align: left;\"><strong>Pronombres interrogativos y exclamativos<\/strong><\/h3>\n<p style=\"text-align: justify; padding-left: 40px;\">Los pronombres interrogativos sirven para preguntar algo parcial sobre un tema, siempre que sea referido a su identidad o cantidad. Por su parte, los pronombres exclamativos se usan para enfatizar la expresividad del enunciado. Todos llevan tilde cuando se escriben.<\/p>\n<table class=\"table-normal\" style=\"margin-left: 40px;\" border=\"1\">\n<thead style=\"padding-left: 40px;\">\n<tr style=\"padding-left: 40px;\">\n<th style=\"padding-left: 40px;\" scope=\"col\"><strong>G\u00e9nero<\/strong><\/th>\n<th style=\"padding-left: 40px;\" scope=\"col\"><strong>Singular<\/strong><\/th>\n<th style=\"padding-left: 40px;\" scope=\"col\"><strong>Plural<\/strong><\/th>\n<\/tr>\n<\/thead>\n<tbody style=\"padding-left: 40px;\">\n<tr style=\"padding-left: 40px;\">\n<th style=\"padding-left: 40px;\" scope=\"row\"><strong>Neutro<\/strong><\/th>\n<td style=\"padding-left: 40px;\">qu\u00e9, qui\u00e9n, cu\u00e1l<\/td>\n<td style=\"padding-left: 40px;\">qui\u00e9nes, cu\u00e1les<\/td>\n<\/tr>\n<tr style=\"padding-left: 40px;\">\n<th style=\"padding-left: 40px;\" scope=\"row\"><strong>Masculino<\/strong><\/th>\n<td style=\"padding-left: 40px;\">cu\u00e1nto<\/td>\n<td style=\"padding-left: 40px;\">cu\u00e1ntos<\/td>\n<\/tr>\n<tr style=\"padding-left: 40px;\">\n<th style=\"padding-left: 40px;\" scope=\"row\"><strong>Femenino<\/strong><\/th>\n<td style=\"padding-left: 40px;\">cu\u00e1nta<\/td>\n<td style=\"padding-left: 40px;\">cu\u00e1ntas<\/td>\n<\/tr>\n<\/tbody>\n<\/table>\n<p style=\"text-align: justify; padding-left: 40px;\">Por ejemplo,<\/p>\n<ul>\n<li style=\"list-style-type: none;\">\n<ul>\n<li style=\"text-align: justify;\">\u00bfQui\u00e9n era esa persona?<\/li>\n<li style=\"text-align: justify;\">\u00bf<strong>Cu\u00e1nto\u00a0<\/strong>vas a demorar?<\/li>\n<li style=\"text-align: justify;\">\u00a1Qu\u00e9 maravilla! Aprobaste el curso.<\/li>\n<li style=\"text-align: justify;\">\u00a1<strong>Qui\u00e9n\u00a0<\/strong>tuviera tanta suerte!<\/li>\n<\/ul>\n<\/li>\n<\/ul>\n<p><strong>Este contenido ha sido publicado originalmente por Significados en la siguiente direcci\u00f3n: <a href=\"https:\/\/www.significados.com\/pronombre\/\" target=\"_blank\" rel=\"noopener\">significados.com<\/a><\/strong><\/p>\n<p style=\"text-align: center;\">Recomendamos a la Comunidad Educativa Digital tener en cuenta que, el enlace y\/o la carpeta en donde est\u00e1n alojados los libros, recursos y\/o materiales, no es administrado por la Web del Maestro CMF, pueda ser que en cuesti\u00f3n de d\u00edas (o seg\u00fan el tiempo transcurrido desde su publicaci\u00f3n), los enlaces no funcionen y el material ya no se encuentre disponible. Gracias por su comprensi\u00f3n.<\/p>\n<p style=\"text-align: center;\"><strong>ENLACE DE LECTURA:<\/strong> <a href=\"https:\/\/mega.nz\/folder\/W3x1ADqC#4RxUZ1BeaaQbZvXGJrB77A\" target=\"_blank\" rel=\"noopener\">PRONOMBRES &#8211; EJERCICIOS<\/a><\/p>\n\t\t<div class=\"pk-inline-posts\">\n\t\t\t\n\t\t\t<div class=\"pk-inline-posts-container pk-inline-posts-template-list\"\n\t\t\t\tdata-columns=\"1\">\n\t\t\t\t\t\t<article id=\"post-101267\" class=\"post-101267 post type-post status-publish format-standard has-post-thumbnail category-calculo category-descargas-manuales-pdf category-pedagogia tag-calculo tag-desarrollar tag-guia tag-mental tag-ninos cs-entry cs-video-wrap\">\n\t\t\t<div class=\"pk-post-outer\">\n\n\t\t\t\t\t\t\t\t<div class=\"pk-post-inner\">\n\t\t\t\t\t<div class=\"entry-thumbnail\">\n\t\t\t\t\t\t<div class=\"pk-overlay pk-overlay-ratio pk-ratio-landscape\">\n\t\t\t\t\t\t\t<div class=\"pk-overlay-background\">\n\t\t\t\t\t\t\t\t<a href=\"https:\/\/webdelmaestrocmf.com\/portal\/guia-para-desarrollar-el-calculo-mental-en-ninos\/\" class=\"pk-overlay-link\">\n\t\t\t\t\t\t\t\t\t<img loading=\"lazy\" decoding=\"async\" width=\"300\" height=\"225\" src=\"https:\/\/webdelmaestrocmf.com\/portal\/wp-content\/uploads\/2023\/11\/1AA-Banner-1-portada-imagen-10-1-copia-1-300x225.webp\" class=\"attachment-pk-thumbnail size-pk-thumbnail wp-post-image\" alt=\"\" \/>\t\t\t\t\t\t\t\t<\/a>\n\t\t\t\t\t\t\t<\/div>\n\t\t\t\t\t\t<\/div>\n\t\t\t\t\t<\/div>\n\t\t\t\t<\/div>\n\t\t\t\t\n\t\t\t\t<div class=\"pk-post-inner\">\n\t\t\t\t\t<header>\n\t\t\t\t\t\t<h3 class=\"pk-title\"><a href=\"https:\/\/webdelmaestrocmf.com\/portal\/guia-para-desarrollar-el-calculo-mental-en-ninos\/\" rel=\"bookmark\">Gu\u00eda pr\u00e1ctica para desarrollar el c\u00e1lculo mental en ni\u00f1os: descarga los tres cuadernillos de c\u00e1lculo mental<\/a><\/h3>\t\t\t\t\t<\/header><!-- .entry-header -->\n\t\t\t\t<\/div><!-- .post-inner -->\n\n\t\t\t<\/div><!-- .post-outer -->\n\t\t<\/article>\n\t\t\t<article id=\"post-95551\" class=\"post-95551 post type-post status-publish format-standard has-post-thumbnail category-deficit-de-atencion category-descargas-manuales-pdf category-pedagogia tag-actividades-al-aire-libre tag-actividades-en-casa tag-actividades-escolares tag-ambiente-de-aprendizaje tag-atencion tag-atencion-plena tag-comprension-lectora tag-concentracion tag-desarrollo-cognitivo tag-educacion tag-ejercicios-de-atencion tag-ejercicios-de-respiracion tag-estrategias-educativas tag-habilidades-de-atencio tag-herramientas-visuales tag-juegos-de-atencion tag-juegos-de-mesa tag-lectura-conjunta tag-limitar-tiempo-de-pantalla tag-mindfulness tag-ninos-distraidos tag-organizacion tag-pausas-activas tag-rompecabezas tag-rutinas tag-tareas-domesticas tag-tdah tag-tecnicas-de-concentracion tag-tiempo-de-silencio cs-entry cs-video-wrap\">\n\t\t\t<div class=\"pk-post-outer\">\n\n\t\t\t\t\t\t\t\t<div class=\"pk-post-inner\">\n\t\t\t\t\t<div class=\"entry-thumbnail\">\n\t\t\t\t\t\t<div class=\"pk-overlay pk-overlay-ratio pk-ratio-landscape\">\n\t\t\t\t\t\t\t<div class=\"pk-overlay-background\">\n\t\t\t\t\t\t\t\t<a href=\"https:\/\/webdelmaestrocmf.com\/portal\/como-educar-a-ninos-distraidos-o-despistados-que-se-puede-hacer-en-clase\/\" class=\"pk-overlay-link\">\n\t\t\t\t\t\t\t\t\t<img loading=\"lazy\" decoding=\"async\" width=\"300\" height=\"225\" src=\"https:\/\/webdelmaestrocmf.com\/portal\/wp-content\/uploads\/2023\/09\/1A-Banner-1-portada-imagen-10-1-copia-1-300x225.jpg\" class=\"attachment-pk-thumbnail size-pk-thumbnail wp-post-image\" alt=\"\" \/>\t\t\t\t\t\t\t\t<\/a>\n\t\t\t\t\t\t\t<\/div>\n\t\t\t\t\t\t<\/div>\n\t\t\t\t\t<\/div>\n\t\t\t\t<\/div>\n\t\t\t\t\n\t\t\t\t<div class=\"pk-post-inner\">\n\t\t\t\t\t<header>\n\t\t\t\t\t\t<h3 class=\"pk-title\"><a href=\"https:\/\/webdelmaestrocmf.com\/portal\/como-educar-a-ninos-distraidos-o-despistados-que-se-puede-hacer-en-clase\/\" rel=\"bookmark\">C\u00f3mo educar a ni\u00f1os distra\u00eddos o despistados. \u00bfQu\u00e9 se puede hacer en clase? Descarga las 80 actividades para trabajar la atenci\u00f3n en clases<\/a><\/h3>\t\t\t\t\t<\/header><!-- .entry-header -->\n\t\t\t\t<\/div><!-- .post-inner -->\n\n\t\t\t<\/div><!-- .post-outer -->\n\t\t<\/article>\n\t\t\t<article id=\"post-20592\" class=\"post-20592 post type-post status-publish format-standard has-post-thumbnail category-descarga category-descargas-manuales-pdf category-estres category-pedagogia tag-docentes tag-educadores tag-guia tag-mindfulness tag-practica cs-entry cs-video-wrap\">\n\t\t\t<div class=\"pk-post-outer\">\n\n\t\t\t\t\t\t\t\t<div class=\"pk-post-inner\">\n\t\t\t\t\t<div class=\"entry-thumbnail\">\n\t\t\t\t\t\t<div class=\"pk-overlay pk-overlay-ratio pk-ratio-landscape\">\n\t\t\t\t\t\t\t<div class=\"pk-overlay-background\">\n\t\t\t\t\t\t\t\t<a href=\"https:\/\/webdelmaestrocmf.com\/portal\/mindfulness-guia-practica-docentes-educadores\/\" class=\"pk-overlay-link\">\n\t\t\t\t\t\t\t\t\t<img loading=\"lazy\" decoding=\"async\" width=\"300\" height=\"225\" src=\"https:\/\/webdelmaestrocmf.com\/portal\/wp-content\/uploads\/2020\/03\/1AA-Banner-1-portada-imagen-10-1-copia-4-300x225.webp\" class=\"attachment-pk-thumbnail size-pk-thumbnail wp-post-image\" alt=\"\" \/>\t\t\t\t\t\t\t\t<\/a>\n\t\t\t\t\t\t\t<\/div>\n\t\t\t\t\t\t<\/div>\n\t\t\t\t\t<\/div>\n\t\t\t\t<\/div>\n\t\t\t\t\n\t\t\t\t<div class=\"pk-post-inner\">\n\t\t\t\t\t<header>\n\t\t\t\t\t\t<h3 class=\"pk-title\"><a href=\"https:\/\/webdelmaestrocmf.com\/portal\/mindfulness-guia-practica-docentes-educadores\/\" rel=\"bookmark\">Mindfulness: Gu\u00eda pr\u00e1ctica para docentes y educadores<\/a><\/h3>\t\t\t\t\t<\/header><!-- .entry-header -->\n\t\t\t\t<\/div><!-- .post-inner -->\n\n\t\t\t<\/div><!-- .post-outer -->\n\t\t<\/article>\n\t\t\t\t<\/div>\n\t\t<\/div>\n\t\t\n","protected":false},"excerpt":{"rendered":"Los pronombres son una parte fundamental de la gram\u00e1tica y se utilizan en el lenguaje para reemplazar o&hellip;","protected":false},"author":1,"featured_media":106208,"comment_status":"open","ping_status":"closed","sticky":false,"template":"","format":"standard","meta":{"csco_display_header_overlay":false,"csco_singular_sidebar":"default","csco_page_header_type":"default","csco_page_load_nextpost":"default","csco_post_video_location":[],"csco_post_video_location_hash":"","csco_post_video_url":"","csco_post_video_bg_start_time":0,"csco_post_video_bg_end_time":0,"csco_post_video_bg_volume":false,"_jetpack_memberships_contains_paid_content":false,"footnotes":""},"categories":[2004,735],"tags":[16986,16992,16724,16979,16999,16971,17000,2010,16996,16993,16983,16998,16980,16984,16981,16990,17001,16989,16987,4520,16974,16977,16976,16972,16973,16975,16991,5812,16985,16988,16978,16997,2927,16995,16982,16994],"class_list":{"0":"post-89976","1":"post","2":"type-post","3":"status-publish","4":"format-standard","5":"has-post-thumbnail","7":"category-descargas-manuales-pdf","8":"category-pedagogia","9":"tag-antecedentes-en-oraciones-subordinadas","10":"tag-claridad-en-la-expresion","11":"tag-comunicacion-efectiva","12":"tag-concision-en-el-lenguaje","13":"tag-construccion-de-oraciones","14":"tag-descargas","15":"tag-eficiencia-en-la-escritura","16":"tag-ejemplos","17":"tag-enriquecimiento-del-discurso","18":"tag-evitando-ambiguedades","19":"tag-evitando-repeticiones","20":"tag-evitar-redundancias","21":"tag-fluidez-en-la-escritura","22":"tag-funcion-de-los-pronombres","23":"tag-gramatica-espanola","24":"tag-gramatica-y-comunicacion","25":"tag-herramientas-linguistica","26":"tag-pertenencia-y-posesion","27":"tag-preguntas-en-el-lenguaje","28":"tag-pronombres","29":"tag-pronombres-demostrativos","30":"tag-pronombres-indefinidos","31":"tag-pronombres-interrogativos","32":"tag-pronombres-personales","33":"tag-pronombres-posesivos","34":"tag-pronombres-relativos","35":"tag-pronombres-y-coherencia","36":"tag-que-son","37":"tag-referencia-a-personas-y-objetos","38":"tag-senalar-la-posicion-de-algo","39":"tag-sustitucion-de-sustantivos","40":"tag-sustituir-sustantivos","41":"tag-tipos","42":"tag-uso-adecuado-en-contextos","43":"tag-uso-correcto-de-pronombres","44":"tag-variedad-de-pronombres","45":"cs-entry","46":"cs-video-wrap"},"yoast_head":"<!-- This site is optimized with the Yoast SEO plugin v27.5 - https:\/\/yoast.com\/product\/yoast-seo-wordpress\/ -->\n<title>Pronombres: qu\u00e9 son, tipos y ejemplos - 2026<\/title>\n<meta name=\"description\" content=\"Los pronombres son una parte fundamental de la gram\u00e1tica y se utilizan en el lenguaje para reemplazar o sustituir a un sustantivo...\" \/>\n<meta name=\"robots\" content=\"index, follow, max-snippet:-1, max-image-preview:large, max-video-preview:-1\" \/>\n<link rel=\"canonical\" href=\"https:\/\/webdelmaestrocmf.com\/portal\/pronombres-que-son-tipos-ejemplos-y-descargas\/\" \/>\n<meta property=\"og:locale\" content=\"es_ES\" \/>\n<meta property=\"og:type\" content=\"article\" \/>\n<meta property=\"og:title\" content=\"Pronombres: qu\u00e9 son, tipos y ejemplos - 2026\" \/>\n<meta property=\"og:description\" content=\"Los pronombres son una parte fundamental de la gram\u00e1tica y se utilizan en el lenguaje para reemplazar o sustituir a un sustantivo...\" \/>\n<meta property=\"og:url\" content=\"https:\/\/webdelmaestrocmf.com\/portal\/pronombres-que-son-tipos-ejemplos-y-descargas\/\" \/>\n<meta property=\"og:site_name\" content=\"Web del Maestro CMF\" \/>\n<meta property=\"article:publisher\" content=\"https:\/\/www.facebook.com\/WebdelMaestroCMF\/\" \/>\n<meta property=\"article:author\" content=\"https:\/\/www.facebook.com\/WebdelMaestroCMF\/\" \/>\n<meta property=\"article:published_time\" content=\"2024-07-19T15:00:28+00:00\" \/>\n<meta property=\"article:modified_time\" content=\"2024-07-19T15:23:25+00:00\" \/>\n<meta property=\"og:image\" content=\"https:\/\/webdelmaestrocmf.com\/portal\/wp-content\/uploads\/2023\/06\/Banner-1-portada-imagen-10-1-2024-07-19T111620.151.jpg\" \/>\n\t<meta property=\"og:image:width\" content=\"1024\" \/>\n\t<meta property=\"og:image:height\" content=\"1024\" \/>\n\t<meta property=\"og:image:type\" content=\"image\/jpeg\" \/>\n<meta name=\"author\" content=\"Web del Maestro CMF\" \/>\n<meta name=\"twitter:card\" content=\"summary_large_image\" \/>\n<meta name=\"twitter:creator\" content=\"@cmf_w\" \/>\n<meta name=\"twitter:site\" content=\"@cmf_w\" \/>\n<script type=\"application\/ld+json\" class=\"yoast-schema-graph\">{\"@context\":\"https:\\\/\\\/schema.org\",\"@graph\":[{\"@type\":\"ScholarlyArticle\",\"@id\":\"https:\\\/\\\/webdelmaestrocmf.com\\\/portal\\\/pronombres-que-son-tipos-ejemplos-y-descargas\\\/#article\",\"isPartOf\":{\"@id\":\"https:\\\/\\\/webdelmaestrocmf.com\\\/portal\\\/pronombres-que-son-tipos-ejemplos-y-descargas\\\/\"},\"author\":{\"name\":\"Web del Maestro CMF\",\"@id\":\"https:\\\/\\\/webdelmaestrocmf.com\\\/portal\\\/#\\\/schema\\\/person\\\/1072a2ed7bd960df8ef99a551fa35dc5\"},\"headline\":\"Pronombres: qu\u00e9 son, tipos y ejemplos\",\"datePublished\":\"2024-07-19T15:00:28+00:00\",\"dateModified\":\"2024-07-19T15:23:25+00:00\",\"mainEntityOfPage\":{\"@id\":\"https:\\\/\\\/webdelmaestrocmf.com\\\/portal\\\/pronombres-que-son-tipos-ejemplos-y-descargas\\\/\"},\"wordCount\":1377,\"commentCount\":0,\"publisher\":{\"@id\":\"https:\\\/\\\/webdelmaestrocmf.com\\\/portal\\\/#organization\"},\"image\":{\"@id\":\"https:\\\/\\\/webdelmaestrocmf.com\\\/portal\\\/pronombres-que-son-tipos-ejemplos-y-descargas\\\/#primaryimage\"},\"thumbnailUrl\":\"https:\\\/\\\/webdelmaestrocmf.com\\\/portal\\\/wp-content\\\/uploads\\\/2023\\\/06\\\/Banner-1-portada-imagen-10-1-2024-07-19T111620.151.jpg\",\"keywords\":[\"antecedentes en oraciones subordinadas\",\"claridad en la expresi\u00f3n\",\"comunicaci\u00f3n efectiva\",\"concisi\u00f3n en el lenguaje\",\"construcci\u00f3n de oraciones\",\"descargas\",\"eficiencia en la escritura\",\"EJEMPLOS\",\"enriquecimiento del discurso\",\"evitando ambig\u00fcedades\",\"evitando repeticiones\",\"evitar redundancias\",\"fluidez en la escritura\",\"funci\u00f3n de los pronombres\",\"gram\u00e1tica espa\u00f1ola\",\"gram\u00e1tica y comunicaci\u00f3n\",\"herramientas ling\u00fc\u00edstica\",\"pertenencia y posesi\u00f3n\",\"preguntas en el lenguaje\",\"Pronombres\",\"pronombres demostrativos\",\"pronombres indefinidos\",\"pronombres interrogativos\",\"pronombres personales\",\"pronombres posesivos\",\"pronombres relativos\",\"pronombres y coherencia\",\"qu\u00e9 son\",\"referencia a personas y objetos\",\"se\u00f1alar la posici\u00f3n de algo\",\"sustituci\u00f3n de sustantivos\",\"sustituir sustantivos\",\"TIPOS\",\"uso adecuado en contextos\",\"uso correcto de pronombres\",\"variedad de pronombres\"],\"articleSection\":[\"Descargas Manuales PDF\",\"Recursos\"],\"inLanguage\":\"es\",\"potentialAction\":[{\"@type\":\"CommentAction\",\"name\":\"Comment\",\"target\":[\"https:\\\/\\\/webdelmaestrocmf.com\\\/portal\\\/pronombres-que-son-tipos-ejemplos-y-descargas\\\/#respond\"]}]},{\"@type\":\"WebPage\",\"@id\":\"https:\\\/\\\/webdelmaestrocmf.com\\\/portal\\\/pronombres-que-son-tipos-ejemplos-y-descargas\\\/\",\"url\":\"https:\\\/\\\/webdelmaestrocmf.com\\\/portal\\\/pronombres-que-son-tipos-ejemplos-y-descargas\\\/\",\"name\":\"Pronombres: qu\u00e9 son, tipos y ejemplos - 2026\",\"isPartOf\":{\"@id\":\"https:\\\/\\\/webdelmaestrocmf.com\\\/portal\\\/#website\"},\"primaryImageOfPage\":{\"@id\":\"https:\\\/\\\/webdelmaestrocmf.com\\\/portal\\\/pronombres-que-son-tipos-ejemplos-y-descargas\\\/#primaryimage\"},\"image\":{\"@id\":\"https:\\\/\\\/webdelmaestrocmf.com\\\/portal\\\/pronombres-que-son-tipos-ejemplos-y-descargas\\\/#primaryimage\"},\"thumbnailUrl\":\"https:\\\/\\\/webdelmaestrocmf.com\\\/portal\\\/wp-content\\\/uploads\\\/2023\\\/06\\\/Banner-1-portada-imagen-10-1-2024-07-19T111620.151.jpg\",\"datePublished\":\"2024-07-19T15:00:28+00:00\",\"dateModified\":\"2024-07-19T15:23:25+00:00\",\"description\":\"Los pronombres son una parte fundamental de la gram\u00e1tica y se utilizan en el lenguaje para reemplazar o sustituir a un sustantivo...\",\"breadcrumb\":{\"@id\":\"https:\\\/\\\/webdelmaestrocmf.com\\\/portal\\\/pronombres-que-son-tipos-ejemplos-y-descargas\\\/#breadcrumb\"},\"inLanguage\":\"es\",\"potentialAction\":[{\"@type\":\"ReadAction\",\"target\":[\"https:\\\/\\\/webdelmaestrocmf.com\\\/portal\\\/pronombres-que-son-tipos-ejemplos-y-descargas\\\/\"]}]},{\"@type\":\"ImageObject\",\"inLanguage\":\"es\",\"@id\":\"https:\\\/\\\/webdelmaestrocmf.com\\\/portal\\\/pronombres-que-son-tipos-ejemplos-y-descargas\\\/#primaryimage\",\"url\":\"https:\\\/\\\/webdelmaestrocmf.com\\\/portal\\\/wp-content\\\/uploads\\\/2023\\\/06\\\/Banner-1-portada-imagen-10-1-2024-07-19T111620.151.jpg\",\"contentUrl\":\"https:\\\/\\\/webdelmaestrocmf.com\\\/portal\\\/wp-content\\\/uploads\\\/2023\\\/06\\\/Banner-1-portada-imagen-10-1-2024-07-19T111620.151.jpg\",\"width\":1024,\"height\":1024},{\"@type\":\"BreadcrumbList\",\"@id\":\"https:\\\/\\\/webdelmaestrocmf.com\\\/portal\\\/pronombres-que-son-tipos-ejemplos-y-descargas\\\/#breadcrumb\",\"itemListElement\":[{\"@type\":\"ListItem\",\"position\":1,\"name\":\"Portada\",\"item\":\"https:\\\/\\\/webdelmaestrocmf.com\\\/portal\\\/\"},{\"@type\":\"ListItem\",\"position\":2,\"name\":\"Recursos\",\"item\":\"https:\\\/\\\/webdelmaestrocmf.com\\\/portal\\\/category\\\/pedagogia\\\/\"},{\"@type\":\"ListItem\",\"position\":3,\"name\":\"Pronombres: qu\u00e9 son, tipos y ejemplos\"}]},{\"@type\":\"WebSite\",\"@id\":\"https:\\\/\\\/webdelmaestrocmf.com\\\/portal\\\/#website\",\"url\":\"https:\\\/\\\/webdelmaestrocmf.com\\\/portal\\\/\",\"name\":\"Web del Maestro CMF\",\"description\":\"Maestros al servicio de la educaci\u00f3n\",\"publisher\":{\"@id\":\"https:\\\/\\\/webdelmaestrocmf.com\\\/portal\\\/#organization\"},\"alternateName\":\"WMCMF\",\"potentialAction\":[{\"@type\":\"SearchAction\",\"target\":{\"@type\":\"EntryPoint\",\"urlTemplate\":\"https:\\\/\\\/webdelmaestrocmf.com\\\/portal\\\/?s={search_term_string}\"},\"query-input\":{\"@type\":\"PropertyValueSpecification\",\"valueRequired\":true,\"valueName\":\"search_term_string\"}}],\"inLanguage\":\"es\"},{\"@type\":\"Organization\",\"@id\":\"https:\\\/\\\/webdelmaestrocmf.com\\\/portal\\\/#organization\",\"name\":\"Web del Maestro CMF\",\"alternateName\":\"WMCMF\",\"url\":\"https:\\\/\\\/webdelmaestrocmf.com\\\/portal\\\/\",\"logo\":{\"@type\":\"ImageObject\",\"inLanguage\":\"es\",\"@id\":\"https:\\\/\\\/webdelmaestrocmf.com\\\/portal\\\/#\\\/schema\\\/logo\\\/image\\\/\",\"url\":\"https:\\\/\\\/webdelmaestrocmf.com\\\/portal\\\/wp-content\\\/uploads\\\/2023\\\/01\\\/logo-wmcmf-2.png\",\"contentUrl\":\"https:\\\/\\\/webdelmaestrocmf.com\\\/portal\\\/wp-content\\\/uploads\\\/2023\\\/01\\\/logo-wmcmf-2.png\",\"width\":200,\"height\":60,\"caption\":\"Web del Maestro CMF\"},\"image\":{\"@id\":\"https:\\\/\\\/webdelmaestrocmf.com\\\/portal\\\/#\\\/schema\\\/logo\\\/image\\\/\"},\"sameAs\":[\"https:\\\/\\\/www.facebook.com\\\/WebdelMaestroCMF\\\/\",\"https:\\\/\\\/x.com\\\/cmf_w\",\"https:\\\/\\\/www.pinterest.com\\\/WMCMF\\\/\",\"https:\\\/\\\/www.linkedin.com\\\/company\\\/web-del-maestro-cmf\\\/\",\"https:\\\/\\\/www.instagram.com\\\/wmcmf\\\/\",\"https:\\\/\\\/www.youtube.com\\\/channel\\\/UCDPSvjbdodE5sHnC3OxutHw\",\"https:\\\/\\\/mastodon.social\\\/@wmcmf\",\"https:\\\/\\\/www.tiktok.com\\\/@webdelmaestrocmf\"]},{\"@type\":\"Person\",\"@id\":\"https:\\\/\\\/webdelmaestrocmf.com\\\/portal\\\/#\\\/schema\\\/person\\\/1072a2ed7bd960df8ef99a551fa35dc5\",\"name\":\"Web del Maestro CMF\",\"image\":{\"@type\":\"ImageObject\",\"inLanguage\":\"es\",\"@id\":\"https:\\\/\\\/secure.gravatar.com\\\/avatar\\\/23291dd5b5ae1077dcff3dbb04c3e02bd28403fa75af6d8787d5e97c5bbbe30b?s=96&d=mm&r=g\",\"url\":\"https:\\\/\\\/secure.gravatar.com\\\/avatar\\\/23291dd5b5ae1077dcff3dbb04c3e02bd28403fa75af6d8787d5e97c5bbbe30b?s=96&d=mm&r=g\",\"contentUrl\":\"https:\\\/\\\/secure.gravatar.com\\\/avatar\\\/23291dd5b5ae1077dcff3dbb04c3e02bd28403fa75af6d8787d5e97c5bbbe30b?s=96&d=mm&r=g\",\"caption\":\"Web del Maestro CMF\"},\"description\":\"Esta Web se cre\u00f3 sin fines de lucro, con fines educativos, cient\u00edficos y acad\u00e9micos, para personas que tengan dificultades y\\\/o inconvenientes en visualizar el material original. El objetivo es entregar recursos, compartir experiencias y materiales que ayuden a los padres de familia, maestros y estudiantes en su actualizaci\u00f3n y formaci\u00f3n permanente, en bien de la Educaci\u00f3n.\",\"sameAs\":[\"http:\\\/\\\/webdelmaestrocmf.com\\\/portal\",\"https:\\\/\\\/www.facebook.com\\\/WebdelMaestroCMF\\\/\",\"https:\\\/\\\/www.instagram.com\\\/wmcmf\\\/\",\"https:\\\/\\\/cl.linkedin.com\\\/company\\\/web-del-maestro-cmf\",\"https:\\\/\\\/www.pinterest.com\\\/WMCMF\\\/publicaciones\\\/\",\"https:\\\/\\\/x.com\\\/cmf_w\",\"https:\\\/\\\/www.youtube.com\\\/@WMCMF\"]}]}<\/script>\n<!-- \/ Yoast SEO plugin. -->","yoast_head_json":{"title":"Pronombres: qu\u00e9 son, tipos y ejemplos - 2026","description":"Los pronombres son una parte fundamental de la gram\u00e1tica y se utilizan en el lenguaje para reemplazar o sustituir a un sustantivo...","robots":{"index":"index","follow":"follow","max-snippet":"max-snippet:-1","max-image-preview":"max-image-preview:large","max-video-preview":"max-video-preview:-1"},"canonical":"https:\/\/webdelmaestrocmf.com\/portal\/pronombres-que-son-tipos-ejemplos-y-descargas\/","og_locale":"es_ES","og_type":"article","og_title":"Pronombres: qu\u00e9 son, tipos y ejemplos - 2026","og_description":"Los pronombres son una parte fundamental de la gram\u00e1tica y se utilizan en el lenguaje para reemplazar o sustituir a un sustantivo...","og_url":"https:\/\/webdelmaestrocmf.com\/portal\/pronombres-que-son-tipos-ejemplos-y-descargas\/","og_site_name":"Web del Maestro CMF","article_publisher":"https:\/\/www.facebook.com\/WebdelMaestroCMF\/","article_author":"https:\/\/www.facebook.com\/WebdelMaestroCMF\/","article_published_time":"2024-07-19T15:00:28+00:00","article_modified_time":"2024-07-19T15:23:25+00:00","og_image":[{"width":1024,"height":1024,"url":"https:\/\/webdelmaestrocmf.com\/portal\/wp-content\/uploads\/2023\/06\/Banner-1-portada-imagen-10-1-2024-07-19T111620.151.jpg","type":"image\/jpeg"}],"author":"Web del Maestro CMF","twitter_card":"summary_large_image","twitter_creator":"@cmf_w","twitter_site":"@cmf_w","schema":{"@context":"https:\/\/schema.org","@graph":[{"@type":"ScholarlyArticle","@id":"https:\/\/webdelmaestrocmf.com\/portal\/pronombres-que-son-tipos-ejemplos-y-descargas\/#article","isPartOf":{"@id":"https:\/\/webdelmaestrocmf.com\/portal\/pronombres-que-son-tipos-ejemplos-y-descargas\/"},"author":{"name":"Web del Maestro CMF","@id":"https:\/\/webdelmaestrocmf.com\/portal\/#\/schema\/person\/1072a2ed7bd960df8ef99a551fa35dc5"},"headline":"Pronombres: qu\u00e9 son, tipos y ejemplos","datePublished":"2024-07-19T15:00:28+00:00","dateModified":"2024-07-19T15:23:25+00:00","mainEntityOfPage":{"@id":"https:\/\/webdelmaestrocmf.com\/portal\/pronombres-que-son-tipos-ejemplos-y-descargas\/"},"wordCount":1377,"commentCount":0,"publisher":{"@id":"https:\/\/webdelmaestrocmf.com\/portal\/#organization"},"image":{"@id":"https:\/\/webdelmaestrocmf.com\/portal\/pronombres-que-son-tipos-ejemplos-y-descargas\/#primaryimage"},"thumbnailUrl":"https:\/\/webdelmaestrocmf.com\/portal\/wp-content\/uploads\/2023\/06\/Banner-1-portada-imagen-10-1-2024-07-19T111620.151.jpg","keywords":["antecedentes en oraciones subordinadas","claridad en la expresi\u00f3n","comunicaci\u00f3n efectiva","concisi\u00f3n en el lenguaje","construcci\u00f3n de oraciones","descargas","eficiencia en la escritura","EJEMPLOS","enriquecimiento del discurso","evitando ambig\u00fcedades","evitando repeticiones","evitar redundancias","fluidez en la escritura","funci\u00f3n de los pronombres","gram\u00e1tica espa\u00f1ola","gram\u00e1tica y comunicaci\u00f3n","herramientas ling\u00fc\u00edstica","pertenencia y posesi\u00f3n","preguntas en el lenguaje","Pronombres","pronombres demostrativos","pronombres indefinidos","pronombres interrogativos","pronombres personales","pronombres posesivos","pronombres relativos","pronombres y coherencia","qu\u00e9 son","referencia a personas y objetos","se\u00f1alar la posici\u00f3n de algo","sustituci\u00f3n de sustantivos","sustituir sustantivos","TIPOS","uso adecuado en contextos","uso correcto de pronombres","variedad de pronombres"],"articleSection":["Descargas Manuales PDF","Recursos"],"inLanguage":"es","potentialAction":[{"@type":"CommentAction","name":"Comment","target":["https:\/\/webdelmaestrocmf.com\/portal\/pronombres-que-son-tipos-ejemplos-y-descargas\/#respond"]}]},{"@type":"WebPage","@id":"https:\/\/webdelmaestrocmf.com\/portal\/pronombres-que-son-tipos-ejemplos-y-descargas\/","url":"https:\/\/webdelmaestrocmf.com\/portal\/pronombres-que-son-tipos-ejemplos-y-descargas\/","name":"Pronombres: qu\u00e9 son, tipos y ejemplos - 2026","isPartOf":{"@id":"https:\/\/webdelmaestrocmf.com\/portal\/#website"},"primaryImageOfPage":{"@id":"https:\/\/webdelmaestrocmf.com\/portal\/pronombres-que-son-tipos-ejemplos-y-descargas\/#primaryimage"},"image":{"@id":"https:\/\/webdelmaestrocmf.com\/portal\/pronombres-que-son-tipos-ejemplos-y-descargas\/#primaryimage"},"thumbnailUrl":"https:\/\/webdelmaestrocmf.com\/portal\/wp-content\/uploads\/2023\/06\/Banner-1-portada-imagen-10-1-2024-07-19T111620.151.jpg","datePublished":"2024-07-19T15:00:28+00:00","dateModified":"2024-07-19T15:23:25+00:00","description":"Los pronombres son una parte fundamental de la gram\u00e1tica y se utilizan en el lenguaje para reemplazar o sustituir a un sustantivo...","breadcrumb":{"@id":"https:\/\/webdelmaestrocmf.com\/portal\/pronombres-que-son-tipos-ejemplos-y-descargas\/#breadcrumb"},"inLanguage":"es","potentialAction":[{"@type":"ReadAction","target":["https:\/\/webdelmaestrocmf.com\/portal\/pronombres-que-son-tipos-ejemplos-y-descargas\/"]}]},{"@type":"ImageObject","inLanguage":"es","@id":"https:\/\/webdelmaestrocmf.com\/portal\/pronombres-que-son-tipos-ejemplos-y-descargas\/#primaryimage","url":"https:\/\/webdelmaestrocmf.com\/portal\/wp-content\/uploads\/2023\/06\/Banner-1-portada-imagen-10-1-2024-07-19T111620.151.jpg","contentUrl":"https:\/\/webdelmaestrocmf.com\/portal\/wp-content\/uploads\/2023\/06\/Banner-1-portada-imagen-10-1-2024-07-19T111620.151.jpg","width":1024,"height":1024},{"@type":"BreadcrumbList","@id":"https:\/\/webdelmaestrocmf.com\/portal\/pronombres-que-son-tipos-ejemplos-y-descargas\/#breadcrumb","itemListElement":[{"@type":"ListItem","position":1,"name":"Portada","item":"https:\/\/webdelmaestrocmf.com\/portal\/"},{"@type":"ListItem","position":2,"name":"Recursos","item":"https:\/\/webdelmaestrocmf.com\/portal\/category\/pedagogia\/"},{"@type":"ListItem","position":3,"name":"Pronombres: qu\u00e9 son, tipos y ejemplos"}]},{"@type":"WebSite","@id":"https:\/\/webdelmaestrocmf.com\/portal\/#website","url":"https:\/\/webdelmaestrocmf.com\/portal\/","name":"Web del Maestro CMF","description":"Maestros al servicio de la educaci\u00f3n","publisher":{"@id":"https:\/\/webdelmaestrocmf.com\/portal\/#organization"},"alternateName":"WMCMF","potentialAction":[{"@type":"SearchAction","target":{"@type":"EntryPoint","urlTemplate":"https:\/\/webdelmaestrocmf.com\/portal\/?s={search_term_string}"},"query-input":{"@type":"PropertyValueSpecification","valueRequired":true,"valueName":"search_term_string"}}],"inLanguage":"es"},{"@type":"Organization","@id":"https:\/\/webdelmaestrocmf.com\/portal\/#organization","name":"Web del Maestro CMF","alternateName":"WMCMF","url":"https:\/\/webdelmaestrocmf.com\/portal\/","logo":{"@type":"ImageObject","inLanguage":"es","@id":"https:\/\/webdelmaestrocmf.com\/portal\/#\/schema\/logo\/image\/","url":"https:\/\/webdelmaestrocmf.com\/portal\/wp-content\/uploads\/2023\/01\/logo-wmcmf-2.png","contentUrl":"https:\/\/webdelmaestrocmf.com\/portal\/wp-content\/uploads\/2023\/01\/logo-wmcmf-2.png","width":200,"height":60,"caption":"Web del Maestro CMF"},"image":{"@id":"https:\/\/webdelmaestrocmf.com\/portal\/#\/schema\/logo\/image\/"},"sameAs":["https:\/\/www.facebook.com\/WebdelMaestroCMF\/","https:\/\/x.com\/cmf_w","https:\/\/www.pinterest.com\/WMCMF\/","https:\/\/www.linkedin.com\/company\/web-del-maestro-cmf\/","https:\/\/www.instagram.com\/wmcmf\/","https:\/\/www.youtube.com\/channel\/UCDPSvjbdodE5sHnC3OxutHw","https:\/\/mastodon.social\/@wmcmf","https:\/\/www.tiktok.com\/@webdelmaestrocmf"]},{"@type":"Person","@id":"https:\/\/webdelmaestrocmf.com\/portal\/#\/schema\/person\/1072a2ed7bd960df8ef99a551fa35dc5","name":"Web del Maestro CMF","image":{"@type":"ImageObject","inLanguage":"es","@id":"https:\/\/secure.gravatar.com\/avatar\/23291dd5b5ae1077dcff3dbb04c3e02bd28403fa75af6d8787d5e97c5bbbe30b?s=96&d=mm&r=g","url":"https:\/\/secure.gravatar.com\/avatar\/23291dd5b5ae1077dcff3dbb04c3e02bd28403fa75af6d8787d5e97c5bbbe30b?s=96&d=mm&r=g","contentUrl":"https:\/\/secure.gravatar.com\/avatar\/23291dd5b5ae1077dcff3dbb04c3e02bd28403fa75af6d8787d5e97c5bbbe30b?s=96&d=mm&r=g","caption":"Web del Maestro CMF"},"description":"Esta Web se cre\u00f3 sin fines de lucro, con fines educativos, cient\u00edficos y acad\u00e9micos, para personas que tengan dificultades y\/o inconvenientes en visualizar el material original. El objetivo es entregar recursos, compartir experiencias y materiales que ayuden a los padres de familia, maestros y estudiantes en su actualizaci\u00f3n y formaci\u00f3n permanente, en bien de la Educaci\u00f3n.","sameAs":["http:\/\/webdelmaestrocmf.com\/portal","https:\/\/www.facebook.com\/WebdelMaestroCMF\/","https:\/\/www.instagram.com\/wmcmf\/","https:\/\/cl.linkedin.com\/company\/web-del-maestro-cmf","https:\/\/www.pinterest.com\/WMCMF\/publicaciones\/","https:\/\/x.com\/cmf_w","https:\/\/www.youtube.com\/@WMCMF"]}]}},"jetpack_featured_media_url":"https:\/\/webdelmaestrocmf.com\/portal\/wp-content\/uploads\/2023\/06\/Banner-1-portada-imagen-10-1-2024-07-19T111620.151.jpg","jetpack_sharing_enabled":true,"jetpack-related-posts":[{"id":41893,"url":"https:\/\/webdelmaestrocmf.com\/portal\/la-rueda-de-los-sustantivos-adjetivos-pronombres-y-verbos\/","url_meta":{"origin":89976,"position":0},"title":"La Rueda de los Sustantivos, Adjetivos, Pronombres y Verbos","author":"Web del Maestro CMF","date":"18 noviembre, 2019","format":false,"excerpt":"Como ya sabes, en nuestra lengua existen diferentes clases de palabras que empleamos con distintos fines y que tienen caracter\u00edsticas tambi\u00e9n diferentes: el sustantivo para nombrar objetos, el adjetivo para las cualidades, el verbo para expresar acciones... Unas presentan variaci\u00f3n de g\u00e9nero y n\u00famero; otras, adem\u00e1s, pueden expresar grado, tiempo\u2026","rel":"","context":"En \u00abComunicaci\u00f3n\u00bb","block_context":{"text":"Comunicaci\u00f3n","link":"https:\/\/webdelmaestrocmf.com\/portal\/category\/pedagogia\/comunicacion\/"},"img":{"alt_text":"","src":"https:\/\/i0.wp.com\/webdelmaestrocmf.com\/portal\/wp-content\/uploads\/2019\/11\/Banner-1-portada-imagen-10-1-93.jpg?resize=350%2C200&ssl=1","width":350,"height":200,"srcset":"https:\/\/i0.wp.com\/webdelmaestrocmf.com\/portal\/wp-content\/uploads\/2019\/11\/Banner-1-portada-imagen-10-1-93.jpg?resize=350%2C200&ssl=1 1x, https:\/\/i0.wp.com\/webdelmaestrocmf.com\/portal\/wp-content\/uploads\/2019\/11\/Banner-1-portada-imagen-10-1-93.jpg?resize=525%2C300&ssl=1 1.5x, https:\/\/i0.wp.com\/webdelmaestrocmf.com\/portal\/wp-content\/uploads\/2019\/11\/Banner-1-portada-imagen-10-1-93.jpg?resize=700%2C400&ssl=1 2x"},"classes":[]},{"id":35021,"url":"https:\/\/webdelmaestrocmf.com\/portal\/para-leer-entender-y-escribir-correctamente-el-idioma-espanol-laismo-leismo-y-loismo\/","url_meta":{"origin":89976,"position":1},"title":"PARA LEER, ENTENDER Y ESCRIBIR CORRECTAMENTE EL IDIOMA ESPA\u00d1OL: LA\u00cdSMO, LE\u00cdSMO Y LO\u00cdSMO","author":"Web del Maestro CMF","date":"4 febrero, 2019","format":false,"excerpt":"Como profesores (y padres de familia) es una necesidad el tener una buena ortograf\u00eda, porque influye de manera positiva en la imagen profesional. De nada sirve que sepamos expresarnos o comunicarnos de forma excelente si a la hora de escribir cometemos errores. La buena ortograf\u00eda demuestra el nivel de nuestro\u2026","rel":"","context":"En \u00abYo opino - WMCMF\u00bb","block_context":{"text":"Yo opino - WMCMF","link":"https:\/\/webdelmaestrocmf.com\/portal\/category\/jamb\/"},"img":{"alt_text":"","src":"https:\/\/i0.wp.com\/webdelmaestrocmf.com\/portal\/wp-content\/uploads\/2019\/02\/1.jpg?resize=350%2C200&ssl=1","width":350,"height":200,"srcset":"https:\/\/i0.wp.com\/webdelmaestrocmf.com\/portal\/wp-content\/uploads\/2019\/02\/1.jpg?resize=350%2C200&ssl=1 1x, https:\/\/i0.wp.com\/webdelmaestrocmf.com\/portal\/wp-content\/uploads\/2019\/02\/1.jpg?resize=525%2C300&ssl=1 1.5x, https:\/\/i0.wp.com\/webdelmaestrocmf.com\/portal\/wp-content\/uploads\/2019\/02\/1.jpg?resize=700%2C400&ssl=1 2x, https:\/\/i0.wp.com\/webdelmaestrocmf.com\/portal\/wp-content\/uploads\/2019\/02\/1.jpg?resize=1050%2C600&ssl=1 3x"},"classes":[]},{"id":66715,"url":"https:\/\/webdelmaestrocmf.com\/portal\/las-clases-de-palabras-en-los-libros-de-texto\/","url_meta":{"origin":89976,"position":2},"title":"Las clases de palabras en los libros de texto","author":"Web del Maestro CMF","date":"17 agosto, 2021","format":false,"excerpt":"Una de las labores de la gram\u00e1tica y de los gram\u00e1ticos es proponer un inventario de las clases gramaticales de palabras de las lenguas hist\u00f3ricas y esto porque el n\u00famero de palabras, en un momento dado, es incontable y, por lo mismo, inmanejable. Asimismo, todas las palabras creadas y por\u2026","rel":"","context":"En \u00abPedagog\u00eda\u00bb","block_context":{"text":"Pedagog\u00eda","link":"https:\/\/webdelmaestrocmf.com\/portal\/category\/pedagogia\/educacion-pedagogia\/"},"img":{"alt_text":"","src":"https:\/\/i0.wp.com\/webdelmaestrocmf.com\/portal\/wp-content\/uploads\/2021\/08\/1-120.jpg?resize=350%2C200&ssl=1","width":350,"height":200,"srcset":"https:\/\/i0.wp.com\/webdelmaestrocmf.com\/portal\/wp-content\/uploads\/2021\/08\/1-120.jpg?resize=350%2C200&ssl=1 1x, https:\/\/i0.wp.com\/webdelmaestrocmf.com\/portal\/wp-content\/uploads\/2021\/08\/1-120.jpg?resize=525%2C300&ssl=1 1.5x, https:\/\/i0.wp.com\/webdelmaestrocmf.com\/portal\/wp-content\/uploads\/2021\/08\/1-120.jpg?resize=700%2C400&ssl=1 2x, https:\/\/i0.wp.com\/webdelmaestrocmf.com\/portal\/wp-content\/uploads\/2021\/08\/1-120.jpg?resize=1050%2C600&ssl=1 3x"},"classes":[]},{"id":64441,"url":"https:\/\/webdelmaestrocmf.com\/portal\/estas-son-las-novedades-de-la-ultima-version-de-zoom-5-7-0\/","url_meta":{"origin":89976,"position":3},"title":"Estas son las novedades de la ultima versi\u00f3n de Zoom 5.7.0","author":"Web del Maestro CMF","date":"26 junio, 2021","format":false,"excerpt":"La versi\u00f3n 5.7.0 de Zoom acaba de a\u00f1adir esta funci\u00f3n que esta disponible para todos los usuarios, incluso para aquellos con una cuenta gratuita. Los desarrolladores de Zoom acaban de lanzar una actualizaci\u00f3n que incluye varias novedades. Una de ellas permite que todos los usuarios puedan a\u00f1adir pronombres en sus\u2026","rel":"","context":"En \u00abSoftware\u00bb","block_context":{"text":"Software","link":"https:\/\/webdelmaestrocmf.com\/portal\/category\/tecnologia\/software\/"},"img":{"alt_text":"","src":"https:\/\/i0.wp.com\/webdelmaestrocmf.com\/portal\/wp-content\/uploads\/2021\/06\/1-71.jpg?resize=350%2C200&ssl=1","width":350,"height":200,"srcset":"https:\/\/i0.wp.com\/webdelmaestrocmf.com\/portal\/wp-content\/uploads\/2021\/06\/1-71.jpg?resize=350%2C200&ssl=1 1x, https:\/\/i0.wp.com\/webdelmaestrocmf.com\/portal\/wp-content\/uploads\/2021\/06\/1-71.jpg?resize=525%2C300&ssl=1 1.5x, https:\/\/i0.wp.com\/webdelmaestrocmf.com\/portal\/wp-content\/uploads\/2021\/06\/1-71.jpg?resize=700%2C400&ssl=1 2x, https:\/\/i0.wp.com\/webdelmaestrocmf.com\/portal\/wp-content\/uploads\/2021\/06\/1-71.jpg?resize=1050%2C600&ssl=1 3x"},"classes":[]},{"id":49556,"url":"https:\/\/webdelmaestrocmf.com\/portal\/guia-y-tipos-de-conectores\/","url_meta":{"origin":89976,"position":4},"title":"Gu\u00eda y tipos de conectores","author":"Web del Maestro CMF","date":"3 febrero, 2023","format":false,"excerpt":"Los conectores cumplen la funci\u00f3n de nexo en diversos prop\u00f3sitos y diferentes situaciones del texto. Para cada uno de ellos usaremos tipos distintos, comprendiendo que uno y s\u00f3lo uno de ellos ser\u00e1 el conector propicio para cada situaci\u00f3n, es decir, siempre habr\u00e1 un conector que es m\u00e1s adecuado que otro\u2026","rel":"","context":"En \u00abDescargas Manuales PDF\u00bb","block_context":{"text":"Descargas Manuales PDF","link":"https:\/\/webdelmaestrocmf.com\/portal\/category\/pedagogia\/descargas-manuales-pdf\/"},"img":{"alt_text":"","src":"https:\/\/i0.wp.com\/webdelmaestrocmf.com\/portal\/wp-content\/uploads\/2020\/07\/1-copia-70.jpg?resize=350%2C200&ssl=1","width":350,"height":200,"srcset":"https:\/\/i0.wp.com\/webdelmaestrocmf.com\/portal\/wp-content\/uploads\/2020\/07\/1-copia-70.jpg?resize=350%2C200&ssl=1 1x, https:\/\/i0.wp.com\/webdelmaestrocmf.com\/portal\/wp-content\/uploads\/2020\/07\/1-copia-70.jpg?resize=525%2C300&ssl=1 1.5x, https:\/\/i0.wp.com\/webdelmaestrocmf.com\/portal\/wp-content\/uploads\/2020\/07\/1-copia-70.jpg?resize=700%2C400&ssl=1 2x, https:\/\/i0.wp.com\/webdelmaestrocmf.com\/portal\/wp-content\/uploads\/2020\/07\/1-copia-70.jpg?resize=1050%2C600&ssl=1 3x"},"classes":[]},{"id":96598,"url":"https:\/\/webdelmaestrocmf.com\/portal\/cuadernillo-de-adjetivos-para-primaria\/","url_meta":{"origin":89976,"position":5},"title":"Cuadernillo de adjetivos para primaria","author":"Web del Maestro CMF","date":"4 octubre, 2023","format":false,"excerpt":"En el emocionante mundo del aprendizaje de la lengua, los adjetivos son como peque\u00f1as gemas que adornan nuestras oraciones y enriquecen nuestro lenguaje. Para los ni\u00f1os de primaria, comprender y reconocer los adjetivos es un paso crucial en su viaje hacia la maestr\u00eda del idioma. Los adjetivos no solo a\u00f1aden\u2026","rel":"","context":"En \u00abCuadernillos\u00bb","block_context":{"text":"Cuadernillos","link":"https:\/\/webdelmaestrocmf.com\/portal\/category\/pedagogia\/cuadernillos\/"},"img":{"alt_text":"adjetivos","src":"https:\/\/i0.wp.com\/webdelmaestrocmf.com\/portal\/wp-content\/uploads\/2023\/10\/A12B3C4D-10-1.jpg?resize=350%2C200&ssl=1","width":350,"height":200,"srcset":"https:\/\/i0.wp.com\/webdelmaestrocmf.com\/portal\/wp-content\/uploads\/2023\/10\/A12B3C4D-10-1.jpg?resize=350%2C200&ssl=1 1x, https:\/\/i0.wp.com\/webdelmaestrocmf.com\/portal\/wp-content\/uploads\/2023\/10\/A12B3C4D-10-1.jpg?resize=525%2C300&ssl=1 1.5x, https:\/\/i0.wp.com\/webdelmaestrocmf.com\/portal\/wp-content\/uploads\/2023\/10\/A12B3C4D-10-1.jpg?resize=700%2C400&ssl=1 2x"},"classes":[]}],"_links":{"self":[{"href":"https:\/\/webdelmaestrocmf.com\/portal\/wp-json\/wp\/v2\/posts\/89976","targetHints":{"allow":["GET"]}}],"collection":[{"href":"https:\/\/webdelmaestrocmf.com\/portal\/wp-json\/wp\/v2\/posts"}],"about":[{"href":"https:\/\/webdelmaestrocmf.com\/portal\/wp-json\/wp\/v2\/types\/post"}],"author":[{"embeddable":true,"href":"https:\/\/webdelmaestrocmf.com\/portal\/wp-json\/wp\/v2\/users\/1"}],"replies":[{"embeddable":true,"href":"https:\/\/webdelmaestrocmf.com\/portal\/wp-json\/wp\/v2\/comments?post=89976"}],"version-history":[{"count":0,"href":"https:\/\/webdelmaestrocmf.com\/portal\/wp-json\/wp\/v2\/posts\/89976\/revisions"}],"wp:featuredmedia":[{"embeddable":true,"href":"https:\/\/webdelmaestrocmf.com\/portal\/wp-json\/wp\/v2\/media\/106208"}],"wp:attachment":[{"href":"https:\/\/webdelmaestrocmf.com\/portal\/wp-json\/wp\/v2\/media?parent=89976"}],"wp:term":[{"taxonomy":"category","embeddable":true,"href":"https:\/\/webdelmaestrocmf.com\/portal\/wp-json\/wp\/v2\/categories?post=89976"},{"taxonomy":"post_tag","embeddable":true,"href":"https:\/\/webdelmaestrocmf.com\/portal\/wp-json\/wp\/v2\/tags?post=89976"}],"curies":[{"name":"wp","href":"https:\/\/api.w.org\/{rel}","templated":true}]}}