{"id":89536,"date":"2023-05-28T21:09:11","date_gmt":"2023-05-29T01:09:11","guid":{"rendered":"https:\/\/webdelmaestrocmf.com\/portal\/?p=89536"},"modified":"2023-05-28T21:20:31","modified_gmt":"2023-05-29T01:20:31","slug":"la-importancia-de-los-valores-construyendo-cimientos-solidos-en-casa-y-en-la-escuela","status":"publish","type":"post","link":"https:\/\/webdelmaestrocmf.com\/portal\/la-importancia-de-los-valores-construyendo-cimientos-solidos-en-casa-y-en-la-escuela\/","title":{"rendered":"La importancia de los valores: Construyendo cimientos s\u00f3lidos en casa y en la escuela"},"content":{"rendered":"<h5 style=\"text-align: justify;\">Los valores son pilares fundamentales en la formaci\u00f3n integral de los individuos, y su desarrollo comienza en el seno familiar. Los valores inculcados en casa juegan un papel crucial en la construcci\u00f3n del car\u00e1cter, la \u00e9tica y la conducta de los ni\u00f1os y j\u00f3venes. Es en el hogar donde se establecen las bases de la moralidad, la responsabilidad, el respeto y otros principios que guiar\u00e1n las acciones y decisiones de las personas a lo largo de su vida. Los valores en casa no solo moldean la identidad y el comportamiento individual, sino que tambi\u00e9n sentar\u00e1n las bases para una participaci\u00f3n activa y positiva en la sociedad.<\/h5>\n<p><!--more--><\/p>\n<p style=\"text-align: justify;\">Sin embargo, el entorno educativo tambi\u00e9n desempe\u00f1a un rol importante en la formaci\u00f3n de los valores de los estudiantes. La escuela se convierte en un espacio complementario donde se promueven y refuerzan los valores inculcados en casa. A trav\u00e9s de programas curriculares, actividades extracurriculares y la interacci\u00f3n con docentes y compa\u00f1eros, la escuela puede contribuir de manera significativa en la construcci\u00f3n de una base \u00e9tica s\u00f3lida. Adem\u00e1s, la escuela brinda la oportunidad de aprender y vivenciar valores como la solidaridad, la tolerancia, el trabajo en equipo y el respeto a la diversidad, al fomentar la convivencia arm\u00f3nica y el entendimiento entre individuos de diferentes or\u00edgenes y perspectivas.<\/p>\n<p style=\"text-align: justify;\">Es esencial reconocer la complementariedad entre los valores inculcados en casa y los valores promovidos en la escuela. Ambos \u00e1mbitos de la vida del estudiante deben trabajar de la mano para fortalecer su formaci\u00f3n \u00e9tica y moral. Cuando existe una sinergia entre los valores transmitidos en el hogar y los valores presentes en la educaci\u00f3n escolar, se crea un ambiente propicio para el desarrollo integral de los estudiantes. La alineaci\u00f3n entre ambos espacios potencia la interiorizaci\u00f3n de los valores, su aplicaci\u00f3n en la vida cotidiana y el cultivo de actitudes positivas, preparando a los j\u00f3venes para enfrentar los desaf\u00edos y contribuir de manera constructiva a la sociedad en la que viven.<\/p>\n<h5 class=\"jeg_post_title\">Valores en casa y valores en la escuela<\/h5>\n<p style=\"text-align: justify;\">Ciertamente est\u00e1 en uso el habla de valores, no as\u00ed de h\u00e1bitos virtudes o moralidad. Sin embargo, estos valores que tanto en muchas familias como en la escuela se dan (generalmente aconfesional), considero que carecen de validez real y profunda para que el ni\u00f1o reconozca en ellos piezas claves que le ayuden a dirigir su vida hacia lo que realmente le van a ayudar como persona hacia el bien.<\/p>\n<p style=\"text-align: justify;\">Este relativismo est\u00e1 haciendo que tanto en las familias, como en la escuela, se inculquen unos valores bastante alejados de la profundidad que requieren para que se adquieran las virtudes.<\/p>\n<p>Temas relacionados:<\/p>\n<ul>\n<li><a href=\"https:\/\/webdelmaestrocmf.com\/portal\/catherine-lecuyer-cuanta-mas-educacion-hay-en-las-aulas-educacion-en-valores-educacion-emocional-educacion-civica-parece-que-menos-haya-en-los-alumnos\/\" target=\"_blank\" rel=\"noopener\">Catherine L\u2019Ecuyer: cuanta m\u00e1s educaci\u00f3n hay en las aulas (educaci\u00f3n en valores, educaci\u00f3n emocional, educaci\u00f3n c\u00edvica), parece que menos haya en los alumnos<\/a><\/li>\n<li><a href=\"https:\/\/webdelmaestrocmf.com\/portal\/alicia-tojeiro-rios-los-mejores-profesores-ven-clave-la-empatia-en-la-ensenanza\/\" target=\"_blank\" rel=\"noopener\">Alicia Tojeiro R\u00edos: La escuela que hace falta es la de la humanidad, la de los valores, la escuela del respeto, la empat\u00eda<\/a><\/li>\n<li><a href=\"https:\/\/webdelmaestrocmf.com\/portal\/que-valores-debe-tener-un-docente\/\" target=\"_blank\" rel=\"noopener\">\u00bfQu\u00e9 valores debe tener un docente?<\/a><\/li>\n<\/ul>\n<h5 style=\"text-align: justify;\">Valores sociales y familiares<\/h5>\n<p style=\"text-align: justify;\">Valores que hoy est\u00e1n en auge y que, por supuesto, son esenciales para toda persona y su relaci\u00f3n con los dem\u00e1s; podr\u00edamos encontrar bastantes. Unos considerados m\u00e1s propios del ambiente social y otros del familiar, hallaremos entonces multitud de ellos como: la amistad, el trabajo, el dinero, el compa\u00f1erismo, la cultura, la higiene, la est\u00e9tica, seg\u00fan hacia qu\u00e9 \u00e1mbito de inter\u00e9s nos dirijamos.<\/p>\n<p style=\"text-align: justify;\">El problema principal que observo, es que lo que para una familia son los valores prioritarios a ense\u00f1ar, \u00a0para otra pueden ser otros.<\/p>\n<p style=\"text-align: justify;\">Esto provoca en la sociedad una gran confusi\u00f3n y dificultad en la convivencia ordinaria.<\/p>\n<p style=\"text-align: justify;\">En mi familia puede ser esencial inculcar la sinceridad y mi esposo y yo empe\u00f1arnos diariamente en ense\u00f1arles a nuestros hijos la riqueza de lograr este valor; sin embargo, puede que en la familia de un amigo no le den tanta importancia y permitan ciertas mentirijillas.<\/p>\n<p><img loading=\"lazy\" decoding=\"async\" class=\"alignnone size-full wp-image-89540\" src=\"https:\/\/webdelmaestrocmf.com\/portal\/wp-content\/uploads\/2023\/05\/ZA12Bhh3C4D-87.jpg\" alt=\"\" width=\"700\" height=\"365\" srcset=\"https:\/\/webdelmaestrocmf.com\/portal\/wp-content\/uploads\/2023\/05\/ZA12Bhh3C4D-87.jpg 700w, https:\/\/webdelmaestrocmf.com\/portal\/wp-content\/uploads\/2023\/05\/ZA12Bhh3C4D-87-300x156.jpg 300w, https:\/\/webdelmaestrocmf.com\/portal\/wp-content\/uploads\/2023\/05\/ZA12Bhh3C4D-87-110x57.jpg 110w, https:\/\/webdelmaestrocmf.com\/portal\/wp-content\/uploads\/2023\/05\/ZA12Bhh3C4D-87-200x104.jpg 200w, https:\/\/webdelmaestrocmf.com\/portal\/wp-content\/uploads\/2023\/05\/ZA12Bhh3C4D-87-380x198.jpg 380w, https:\/\/webdelmaestrocmf.com\/portal\/wp-content\/uploads\/2023\/05\/ZA12Bhh3C4D-87-255x133.jpg 255w, https:\/\/webdelmaestrocmf.com\/portal\/wp-content\/uploads\/2023\/05\/ZA12Bhh3C4D-87-550x287.jpg 550w\" sizes=\"auto, (max-width: 700px) 100vw, 700px\" \/><\/p>\n<p style=\"text-align: justify;\">Hay padres, por poner un ejemplo, que toleran las faltas de respeto que reciben de sus hijos desde la infancia. En un primer momento manifestado con peque\u00f1as incidencias como son los gritos o las demandas constantes con malos modales, exigencias e incluso insultos ante la negativa de sus peticiones, los cuales suelen ser suaves al principio: eres tonto, idiota\u2026Hay progenitores que ante estas reacciones se r\u00eden o se lo toman como cosas de ni\u00f1os, pero esto es como un globo que va cogiendo aire y cada vez mas grande, llegar\u00e1 a provocar faltas de respeto mayores hasta llegando incluso a provocar problemas de violencia que sufren los progenitores por parte de sus hijos cada vez con m\u00e1s frecuencia\u2026<\/p>\n<p style=\"text-align: justify;\">El concepto de dignidad unido al de la vida, tambi\u00e9n est\u00e1n siendo pisoteados, el valor de la persona que es sin duda el que engloba la dignidad, est\u00e1 siendo anulado por multitud de pensamientos filos\u00f3ficos e ideolog\u00edas como la de g\u00e9nero que proliferan a nuestro alrededor. No hace falta m\u00e1s que ver todas las leyes que se est\u00e1n impulsando hace a\u00f1os en favor de los divorcios, los abortos, la eutanasia\u2026mancillan continuamente lo que es una persona, dej\u00e1ndola como un mero ser que puede ser empleado para un fin \u00fatil.<\/p>\n<h5 style=\"text-align: justify;\">Dar valor a la vida<\/h5>\n<p style=\"text-align: justify;\">La felicidad es otro valor que todo el mundo persigue pero que casi nadie se sabe exactamente qu\u00e9 es. Hoy es sostenible cualquier concepto de felicidad que cada uno elija para su vida. Uno de los principales impedimentos ante los que se enfrenta este valor y que es lo que la persona consigue alcanzar con las virtudes, es su confusi\u00f3n con la propia sensaci\u00f3n que generan los sentimientos personales, por ejemplo, del placer, los cuales suelen ser ef\u00edmeros, moment\u00e1neos y flu\u00eddos en muchas ocasiones. A su vez, se busca esta felicidad como algo propio, algo ajeno a los dem\u00e1s, del servicio, del compartir, no puede m\u00e1s que surgir el ego\u00edsmo.<\/p>\n<p><!--Comentario en html--><\/p>\n<p style=\"text-align: center;\"><script async src=\"https:\/\/pagead2.googlesyndication.com\/pagead\/js\/adsbygoogle.js?client=ca-pub-9544854023617669\" crossorigin=\"anonymous\"><\/script><br \/>\n<!-- Parrafo 8 --><br \/>\n<ins class=\"adsbygoogle\" style=\"display: block;\" data-ad-client=\"ca-pub-9544854023617669\" data-ad-slot=\"3033384453\" data-ad-format=\"auto\" data-full-width-responsive=\"true\"><\/ins><br \/>\n<script>\n     (adsbygoogle = window.adsbygoogle || []).push({});\n<\/script><\/p>\n<p style=\"text-align: justify;\">En las familias, por tanto, se han de tener claros los valores a inculcar, pues de otra manera ser\u00e1n otros los que eduquen a los hijos. Deber\u00e1 ser una educaci\u00f3n basada en la b\u00fasqueda del bien del ni\u00f1o, no de cubrir sus satisfacciones moment\u00e1neas, sino con una meta alta hacia la que dirigir todas las conductas.<\/p>\n<p style=\"text-align: justify;\">\u201cEl hogar es el lugar apropiado para la educaci\u00f3n de la virtud. Educar es comunicar que hay valores, especialmente el valor del amor, que hacen que la vida tenga sentido.<\/p>\n<p style=\"text-align: justify;\">Sin embargo, la educaci\u00f3n blanda a la que nos enfrentamos permisiva, relativista y hedonista, est\u00e1 llevando a muchas familias a perder el horizonte y a dejarse arrastrar por valores superficiales y relativos que imperan en nuestra sociedad.<\/p>\n<p style=\"text-align: justify;\">Vemos ni\u00f1os que lo tienen todo, que no saben lo que es sufrir ante una carencia material, un no por respuesta, ni\u00f1os que imponen sus caprichos a los padres, los cuales muchas veces sin fuerzas, ganas o necesidad, bajan la cabeza, pierden su autoridad y con miras a un felicidad totalmente falsa, conceden incesantemente todo tipo de peticiones.<\/p>\n<p>Temas relacionados:<\/p>\n<ul>\n<li><a href=\"https:\/\/webdelmaestrocmf.com\/portal\/valores-morales-y-principios-eticos-del-docente\/\" target=\"_blank\" rel=\"noopener\">Valores morales y principios \u00e9ticos del docente<\/a><\/li>\n<li><a href=\"https:\/\/webdelmaestrocmf.com\/portal\/30-cortometrajes-para-educar-en-valores\/\" target=\"_blank\" rel=\"noopener\">30 cortometrajes para educar en valores<\/a><\/li>\n<li><a href=\"https:\/\/webdelmaestrocmf.com\/portal\/glosario-de-valores-lista-de-descarga\/\" target=\"_blank\" rel=\"noopener\">Glosario de valores: Lista de descarga<\/a><\/li>\n<\/ul>\n<p><!--Comentario en html--><\/p>\n<p style=\"text-align: center;\"><script async src=\"https:\/\/pagead2.googlesyndication.com\/pagead\/js\/adsbygoogle.js?client=ca-pub-9544854023617669\" crossorigin=\"anonymous\"><\/script><br \/>\n<!-- UNO-P-2023 --><br \/>\n<ins class=\"adsbygoogle\" style=\"display: block;\" data-ad-client=\"ca-pub-9544854023617669\" data-ad-slot=\"3748614024\" data-ad-format=\"auto\" data-full-width-responsive=\"true\"><\/ins><br \/>\n<script>\n     (adsbygoogle = window.adsbygoogle || []).push({});\n<\/script><\/p>\n<h5 style=\"text-align: justify;\">Valores o antivalores<\/h5>\n<p style=\"text-align: justify;\">El consumismo y lo material, como estamos viendo, tambi\u00e9n son valores que podemos hallar f\u00e1cilmente en las familias. Es una mentalidad de usar y tirar que est\u00e1 haciendo mucho da\u00f1o, pues no se da valor real a las cosas ni se persigue el utilizarlas con responsabilidad, sino anhelando el ego\u00edsmo de tener m\u00e1s.<\/p>\n<p style=\"text-align: justify;\">Se utiliza muchas veces esta pr\u00e1ctica como forma de llenar el vac\u00edo interior, para satisfacerse, para lograr la felicidad ansiada.<\/p>\n<p style=\"text-align: justify;\">El utilitarismo se podr\u00eda decir, por lo tanto, que es un valor tambi\u00e9n presente en nuestra cultura, ante lo cual es muy necesario educar a los hijos: ense\u00f1arles que las cosas tienen su valor y su utilidad pero, sobre todo, que a las personas no se utilizan como fines ego\u00edstas, que se les debe respetar su dignidad y singularidad, que no se usan y cuando ya no nos sirven, se cambian por otras.<\/p>\n<p style=\"text-align: justify;\">A los chicos, por ejemplo, es necesario ense\u00f1arles a respetar a las chicas desde temprana edad (y a la inversa), para que no lleguen a verlas como objetos que sirven para deleitar ego\u00edstamente la vista por su belleza o para calmar las ansias de placer que es lo que ense\u00f1a la ideolog\u00eda de g\u00e9nero.<\/p>\n<p><!--Comentario en html--><\/p>\n<p style=\"text-align: center;\"><script async src=\"https:\/\/pagead2.googlesyndication.com\/pagead\/js\/adsbygoogle.js?client=ca-pub-9544854023617669\" crossorigin=\"anonymous\"><\/script><br \/>\n<!-- DOS-P-2023 --><br \/>\n<ins class=\"adsbygoogle\" style=\"display: block;\" data-ad-client=\"ca-pub-9544854023617669\" data-ad-slot=\"4790232957\" data-ad-format=\"auto\" data-full-width-responsive=\"true\"><\/ins><br \/>\n<script>\n     (adsbygoogle = window.adsbygoogle || []).push({});\n<\/script><\/p>\n<p style=\"text-align: justify;\">El valor de la responsabilidad tambi\u00e9n es otro gran olvidado en los hogares. Ni\u00f1os que no aprenden a ordenar sus dormitorios, a sacar el lavavajillas o barrer el suelo. Que no se hacen cargo de ciertas tareas, pero para aprender, sobre todo, el estar al servicio de los dem\u00e1s, por amor, no a cambio de una paga o de un favor de los padres.<\/p>\n<p style=\"text-align: justify;\">El valor del compromiso, la fidelidad y la lealtad, son, sin duda, cruciales, no s\u00f3lo para una buena convivencia entre las personas, los amigos, compa\u00f1eros de trabajo, familiares, sino que es imprescindible para ense\u00f1ar a los hijos qu\u00e9 es el matrimonio, que no es un juego de dos personas y que cuando una se ha cansado, deja la partida, sino que es una alianza para siempre en la que hay que cumplir unas obligaciones, pero sin olvidar que el amor ser\u00e1 el centro de ambos.<\/p>\n<p style=\"text-align: justify;\">La virtud de la perseverancia tendr\u00e1 gran importancia en este punto, as\u00ed como en pr\u00e1cticamente todas las facetas de la vida del ni\u00f1o. Le supone una constancia, un esfuerzo, un saber mantenerse firme sin caer a la primera contrariedad ( y si se cae, que se levante y siga), ser equilibrado, fiel con sus ideas y principios, as\u00ed como con las personas de su alrededor.<\/p>\n<p>Temas relacionados:<\/p>\n<ul>\n<li><a href=\"https:\/\/webdelmaestrocmf.com\/portal\/cualidades-de-la-familia-como-primera-escuela-de-humanidad-y-valores\/\" target=\"_blank\" rel=\"noopener\">Cualidades de la familia como primer<\/a><\/li>\n<\/ul>\n<p><!--Comentario en html--><\/p>\n<p style=\"text-align: center;\"><script async src=\"https:\/\/pagead2.googlesyndication.com\/pagead\/js\/adsbygoogle.js?client=ca-pub-9544854023617669\" crossorigin=\"anonymous\"><\/script><br \/>\n<!-- TRES-P-2023 --><br \/>\n<ins class=\"adsbygoogle\" style=\"display: block;\" data-ad-client=\"ca-pub-9544854023617669\" data-ad-slot=\"7226207493\" data-ad-format=\"auto\" data-full-width-responsive=\"true\"><\/ins><br \/>\n<script>\n     (adsbygoogle = window.adsbygoogle || []).push({});\n<\/script><\/p>\n<h5 style=\"text-align: justify;\">El fin ideal de los valores<\/h5>\n<p style=\"text-align: justify;\">En definitiva, en las familias estamos viendo una carencia en la educaci\u00f3n de los valores positivos en los hijos y estos est\u00e1n adquiriendo los valores que la televisi\u00f3n, la escuela o la sociedad en general, les ofrecen.<\/p>\n<p style=\"text-align: justify;\">No podemos olvidar los valores del poder, de la fama y de la est\u00e9tica, que est\u00e1n tan en auge entre los adolescentes y j\u00f3venes, y ante lo que los padres deber\u00edamos estar en alerta. En pos de la fama y la belleza, como un bien absoluto de felicidad, los chicos llegan a hacer barbaridades, sobre todo, como estamos viendo, a trav\u00e9s de las redes sociales. Necesitan sentirse aceptados y se venden sin pudor.<\/p>\n<p style=\"text-align: justify;\">A su vez, hay padres que sin ser conscientes de ello, normalmente, les est\u00e1n inculcando a sus hijos una b\u00fasqueda desmesurada de la perfecci\u00f3n en lo que hacen, hijos perfectos que den la talla a lo que la sociedad pide, especialmente en lo acad\u00e9mico, se le exige un alto grado de \u00e9xito, de conocimientos, de triunfos.<\/p>\n<h5 style=\"text-align: justify;\">Riqueza o \u00e9xito<\/h5>\n<p style=\"text-align: justify;\">Hay una excesiva preocupaci\u00f3n del \u00e9xito del hijo en un futuro laboral, y este vive constantemente como en una carrera competitiva, con una gran sobre carga por tener que dar la talla, sobrecargado de actividades extraescolares y presionados.<\/p>\n<p style=\"text-align: justify;\">La educaci\u00f3n en unos valores morales que s\u00ed le van a ayudar a tener \u00e9xito en la vida no suelen ser prioritarios en muchas familias. En su lugar se presenta el bien econ\u00f3mico como el fin ideal, que tambi\u00e9n es necesario, claro est\u00e1, para vivir dignamente.<\/p>\n<p style=\"text-align: justify;\">Los padres no debemos olvidar que lo verdaderamente importante es, sobre todo, el \u00e9xito que da el ser una persona madura, equilibrada, que se acepta a s\u00ed misma como es, y que sabe en cada momento dar lo mejor de s\u00ed a los dem\u00e1s.<\/p>\n<p><!--Comentario en html--><\/p>\n<p style=\"text-align: center;\"><script async src=\"https:\/\/pagead2.googlesyndication.com\/pagead\/js\/adsbygoogle.js?client=ca-pub-9544854023617669\" crossorigin=\"anonymous\"><\/script><br \/>\n<!-- CUATRO-P-2023 --><br \/>\n<ins class=\"adsbygoogle\" style=\"display: block;\" data-ad-client=\"ca-pub-9544854023617669\" data-ad-slot=\"5913125820\" data-ad-format=\"auto\" data-full-width-responsive=\"true\"><\/ins><br \/>\n<script>\n     (adsbygoogle = window.adsbygoogle || []).push({});\n<\/script><\/p>\n<h5 style=\"text-align: justify;\">Ejemplos en la escuela<\/h5>\n<p style=\"text-align: justify;\">Veamos algunos ejemplos significativos de los valores m\u00e1s resaltados en los colegios, de entre todos los que se pueden encontrar: El respeto, sobre todo a los adultos y en concreto en este punto a los maestros y profesores.<\/p>\n<p style=\"text-align: justify;\">Hoy en d\u00eda no solo es f\u00e1cil encontrar a alumnos que falten al respeto a sus maestros en cuestiones de modales y obediencia, sino que podemos hallar a padres que se enfrentan incluso a la autoridad y decisi\u00f3n de todo un equipo directivo con gritos, insultos y amenazas. Padres que le dan la raz\u00f3n a su hijo ciegamente desacreditando la autoridad del maestro ante sus ojos.<\/p>\n<p style=\"text-align: justify;\">Por otra parte, la falta de respeto entre los mismos alumnos, mediante insultos, gestos, desprecios, risotadas, bromas pesadas\u2026es una constante. Es cierto que de toda la vida se han gastado bromas o se han tenido roces con los compa\u00f1eros, pero estamos en unos momentos donde los l\u00edmites del respeto y violencia que antes se manten\u00edan, son a menudo quebrantados.<\/p>\n<p style=\"text-align: justify;\">El amor al trabajo. Este valor pr\u00e1cticamente no existe. Muchos maestros trabajan sin amor hacia los alumnos, lo cual se visualiza sobre todo, cuando ante estudiantes problem\u00e1ticos, no se empe\u00f1an en buscar c\u00f3mo ayudarles con amor.<\/p>\n<p style=\"text-align: justify;\">Tampoco los alumnos suelen hacer sus trabajos y responsabilidades con un sentido del amor al deber de aprender, son cada vez m\u00e1s los que muestran una actitud pasiva e irresponsable.<\/p>\n<p><!--Comentario en html--><\/p>\n<p style=\"text-align: center;\"><script async src=\"https:\/\/pagead2.googlesyndication.com\/pagead\/js\/adsbygoogle.js?client=ca-pub-9544854023617669\" crossorigin=\"anonymous\"><\/script><br \/>\n<!-- CINCO-P-2023 --><br \/>\n<ins class=\"adsbygoogle\" style=\"display: block;\" data-ad-client=\"ca-pub-9544854023617669\" data-ad-slot=\"4870124007\" data-ad-format=\"auto\" data-full-width-responsive=\"true\"><\/ins><br \/>\n<script>\n     (adsbygoogle = window.adsbygoogle || []).push({});\n<\/script><\/p>\n<h5 style=\"text-align: justify;\">Valores alterados\u00a0por la ideolog\u00eda<\/h5>\n<p style=\"text-align: justify;\">La igualdad, el valor mas mencionado y alzado por esta ideolog\u00eda radical y sus fans feministas. En honor del valor de la igualdad de todos los alumnos, que incluir\u00eda la tolerancia, solidaridad, respeto\u2026se est\u00e1n llevando a cabo muchos programas en su lugar. Todos enfocados bajo esta teor\u00eda de g\u00e9nero que pretende una igualdad de sexo, que los alumnos deben no tan s\u00f3lo de aceptar, pues l\u00f3gicamente se ha de reconocer a toda persona, sino que tambi\u00e9n se compartan e incluso, en su caso, se experimenten las inclinaciones sexuales de una cierta minor\u00eda, para as\u00ed ser todos iguales.<\/p>\n<p style=\"text-align: justify;\">Sin embargo, en este sentido, parad\u00f3jicamente, hay colegios que no mantienen esta misma actitud de igualdad ni respeto de todos los alumnos por ejemplo, en cuanto a la asignatura de la religi\u00f3n cat\u00f3lica.<\/p>\n<p style=\"text-align: justify;\">Y qu\u00e9 decir de la solidaridad, se inculca un cierto sentimentalismo hacia los m\u00e1s necesitados, la solidaridad con los animales en peligro, los ni\u00f1os enfermos, la donaci\u00f3n a los bancos de alimentos, la naturaleza\u2026que por supuesto todo esto es fant\u00e1stico y necesario, pero se olvidan\u00a0 problemas reales y muy cercanos al centro escolar, personas que s\u00ed pueden ser conocidas, sufrimientos ante los que no se hace nada. Quiz\u00e1s tenemos al lado a un compa\u00f1ero necesitado de ayuda y lo pasamos por alto, ni le preguntamos c\u00f3mo est\u00e1.<\/p>\n<p><!--Comentario en html--><\/p>\n<p style=\"text-align: center;\"><script async src=\"https:\/\/pagead2.googlesyndication.com\/pagead\/js\/adsbygoogle.js?client=ca-pub-9544854023617669\" crossorigin=\"anonymous\"><\/script><br \/>\n<!-- SEIS-P-2023 --><br \/>\n<ins class=\"adsbygoogle\" style=\"display: block;\" data-ad-client=\"ca-pub-9544854023617669\" data-ad-slot=\"2243960664\" data-ad-format=\"auto\" data-full-width-responsive=\"true\"><\/ins><br \/>\n<script>\n     (adsbygoogle = window.adsbygoogle || []).push({});\n<\/script><\/p>\n<h5 style=\"text-align: justify;\">Resolver la crisis<\/h5>\n<p style=\"text-align: justify;\">Es cierto que encontramos muchos maestros totalmente implicados en esta labor educativa y que ejercen su funci\u00f3n lo mejor que pueden y saben, sin embargo, se encuentran a menudo con el problema de la crisis de valores que tambi\u00e9n vive la familia y que se refleja en las conductas de los propios alumnos, cada vez mas violentas e irrespetuosas, as\u00ed como las normativas que les obligan a impartir una serie de contenidos y ante lo que se encuentran atados de pies y manos.<\/p>\n<p style=\"text-align: justify;\">Hace falta volver a los valores que busquen enriquecer a los ni\u00f1os y ense\u00f1arles a vivir la vida encaminados hacia la b\u00fasqueda del bien como un valor absoluto, no vale de nada ense\u00f1ar multitud de valores superficiales si la esencia del ser humano se descuida y no se le transmite al ni\u00f1o la verdad de la realidad que tiene ante s\u00ed, sino una parte parcial y en ocasiones, manipulada de la vida.<\/p>\n<p><strong>Este contenido ha sido publicado originalmente por Presencia en la siguiente direcci\u00f3n: <a href=\"https:\/\/presencia.digital\/valores-en-casa-y-valores-en-la-escuela\" target=\"_blank\" rel=\"noopener\">presencia.digital<\/a> | Autor: Alicia Beatriz Montes Ferrer<\/strong><\/p>\n\t\t<div class=\"pk-inline-posts\">\n\t\t\t\n\t\t\t<div class=\"pk-inline-posts-container pk-inline-posts-template-list\"\n\t\t\t\tdata-columns=\"1\">\n\t\t\t\t\t\t<article id=\"post-99134\" class=\"post-99134 post type-post status-publish format-standard has-post-thumbnail category-cuentos category-pedagogia category-valores-pedagogia tag-cuentos tag-cuentos-con-valores tag-cuentos-en-valores tag-cuentos-para-preescolar tag-cuentos-para-primaria tag-fomentando-valores tag-preescolar tag-primaria tag-principios tag-valores tag-virtudes cs-entry cs-video-wrap\">\n\t\t\t<div class=\"pk-post-outer\">\n\n\t\t\t\t\t\t\t\t<div class=\"pk-post-inner\">\n\t\t\t\t\t<div class=\"entry-thumbnail\">\n\t\t\t\t\t\t<div class=\"pk-overlay pk-overlay-ratio pk-ratio-landscape\">\n\t\t\t\t\t\t\t<div class=\"pk-overlay-background\">\n\t\t\t\t\t\t\t\t<a href=\"https:\/\/webdelmaestrocmf.com\/portal\/fomentando-valores-a-traves-de-cuentos-para-preescolar-y-primaria\/\" class=\"pk-overlay-link\">\n\t\t\t\t\t\t\t\t\t<img loading=\"lazy\" decoding=\"async\" width=\"300\" height=\"225\" src=\"https:\/\/webdelmaestrocmf.com\/portal\/wp-content\/uploads\/2023\/11\/A12B3C4D-2-300x225.jpg\" class=\"attachment-pk-thumbnail size-pk-thumbnail wp-post-image\" alt=\"cuentos en valores\" \/>\t\t\t\t\t\t\t\t<\/a>\n\t\t\t\t\t\t\t<\/div>\n\t\t\t\t\t\t<\/div>\n\t\t\t\t\t<\/div>\n\t\t\t\t<\/div>\n\t\t\t\t\n\t\t\t\t<div class=\"pk-post-inner\">\n\t\t\t\t\t<header>\n\t\t\t\t\t\t<h3 class=\"pk-title\"><a href=\"https:\/\/webdelmaestrocmf.com\/portal\/fomentando-valores-a-traves-de-cuentos-para-preescolar-y-primaria\/\" rel=\"bookmark\">Cuentos con valores: fomentando principios y virtudes<\/a><\/h3>\t\t\t\t\t<\/header><!-- .entry-header -->\n\t\t\t\t<\/div><!-- .post-inner -->\n\n\t\t\t<\/div><!-- .post-outer -->\n\t\t<\/article>\n\t\t\t\t<\/div>\n\t\t<\/div>\n\t\t\n","protected":false},"excerpt":{"rendered":"Los valores son pilares fundamentales en la formaci\u00f3n integral de los individuos, y su desarrollo comienza en el&hellip;","protected":false},"author":1,"featured_media":89542,"comment_status":"open","ping_status":"closed","sticky":false,"template":"","format":"standard","meta":{"_jetpack_newsletter_access":"","_jetpack_dont_email_post_to_subs":false,"_jetpack_newsletter_tier_id":0,"_jetpack_memberships_contains_paywalled_content":false,"csco_display_header_overlay":false,"csco_singular_sidebar":"default","csco_page_header_type":"default","csco_page_load_nextpost":"default","csco_post_video_location":[],"csco_post_video_location_hash":"","csco_post_video_url":"","csco_post_video_bg_start_time":0,"csco_post_video_bg_end_time":0,"csco_post_video_bg_volume":false,"_jetpack_feature_clip_id":0,"_jetpack_memberships_contains_paid_content":false,"footnotes":"","jetpack_post_was_ever_published":false},"categories":[735,16315],"tags":[1838,16316,14393,228,1185,16317,1014,16318,16319],"class_list":["post-89536","post","type-post","status-publish","format-standard","has-post-thumbnail","category-pedagogia","category-valores-pedagogia","tag-casa","tag-cimientos","tag-construyendo","tag-escuela","tag-importancia","tag-solidos","tag-valores","tag-valores-en-casa","tag-valores-en-la-escuela","cs-entry","cs-video-wrap"],"yoast_head":"<!-- This site is optimized with the Yoast SEO plugin v28.1 - https:\/\/yoast.com\/product\/yoast-seo-wordpress\/ -->\n<title>La importancia de los valores: Construyendo cimientos s\u00f3lidos en casa y en la escuela - 2026<\/title>\n<meta name=\"description\" content=\"Los valores son pilares fundamentales en la formaci\u00f3n integral de los individuos, y su desarrollo comienza en el seno familiar.\" \/>\n<meta name=\"robots\" content=\"index, follow, max-snippet:-1, max-image-preview:large, max-video-preview:-1\" \/>\n<link rel=\"canonical\" href=\"https:\/\/webdelmaestrocmf.com\/portal\/la-importancia-de-los-valores-construyendo-cimientos-solidos-en-casa-y-en-la-escuela\/\" \/>\n<meta property=\"og:locale\" content=\"es_ES\" \/>\n<meta property=\"og:type\" content=\"article\" \/>\n<meta property=\"og:title\" content=\"La importancia de los valores: Construyendo cimientos s\u00f3lidos en casa y en la escuela - 2026\" \/>\n<meta property=\"og:description\" content=\"Los valores son pilares fundamentales en la formaci\u00f3n integral de los individuos, y su desarrollo comienza en el seno familiar.\" \/>\n<meta property=\"og:url\" content=\"https:\/\/webdelmaestrocmf.com\/portal\/la-importancia-de-los-valores-construyendo-cimientos-solidos-en-casa-y-en-la-escuela\/\" \/>\n<meta property=\"og:site_name\" content=\"Web del Maestro CMF\" \/>\n<meta property=\"article:publisher\" content=\"https:\/\/www.facebook.com\/WebdelMaestroCMF\/\" \/>\n<meta property=\"article:author\" content=\"https:\/\/www.facebook.com\/WebdelMaestroCMF\/\" \/>\n<meta property=\"article:published_time\" content=\"2023-05-29T01:09:11+00:00\" \/>\n<meta property=\"article:modified_time\" content=\"2023-05-29T01:20:31+00:00\" \/>\n<meta property=\"og:image\" content=\"https:\/\/i0.wp.com\/webdelmaestrocmf.com\/portal\/wp-content\/uploads\/2023\/05\/A12B3C4D-2023-05-28T211245.720.jpg?fit=900%2C556&ssl=1\" \/>\n\t<meta property=\"og:image:width\" content=\"900\" \/>\n\t<meta property=\"og:image:height\" content=\"556\" \/>\n\t<meta property=\"og:image:type\" content=\"image\/jpeg\" \/>\n<meta name=\"author\" content=\"Web del Maestro CMF\" \/>\n<meta name=\"twitter:card\" content=\"summary_large_image\" \/>\n<meta name=\"twitter:creator\" content=\"@cmf_w\" \/>\n<meta name=\"twitter:site\" content=\"@cmf_w\" \/>\n<script type=\"application\/ld+json\" class=\"yoast-schema-graph\">{\"@context\":\"https:\\\/\\\/schema.org\",\"@graph\":[{\"@type\":\"ScholarlyArticle\",\"@id\":\"https:\\\/\\\/webdelmaestrocmf.com\\\/portal\\\/la-importancia-de-los-valores-construyendo-cimientos-solidos-en-casa-y-en-la-escuela\\\/#article\",\"isPartOf\":{\"@id\":\"https:\\\/\\\/webdelmaestrocmf.com\\\/portal\\\/la-importancia-de-los-valores-construyendo-cimientos-solidos-en-casa-y-en-la-escuela\\\/\"},\"author\":{\"name\":\"Web del Maestro CMF\",\"@id\":\"https:\\\/\\\/webdelmaestrocmf.com\\\/portal\\\/#\\\/schema\\\/person\\\/1072a2ed7bd960df8ef99a551fa35dc5\"},\"headline\":\"La importancia de los valores: Construyendo cimientos s\u00f3lidos en casa y en la escuela\",\"datePublished\":\"2023-05-29T01:09:11+00:00\",\"dateModified\":\"2023-05-29T01:20:31+00:00\",\"mainEntityOfPage\":{\"@id\":\"https:\\\/\\\/webdelmaestrocmf.com\\\/portal\\\/la-importancia-de-los-valores-construyendo-cimientos-solidos-en-casa-y-en-la-escuela\\\/\"},\"wordCount\":2702,\"commentCount\":0,\"publisher\":{\"@id\":\"https:\\\/\\\/webdelmaestrocmf.com\\\/portal\\\/#organization\"},\"image\":{\"@id\":\"https:\\\/\\\/webdelmaestrocmf.com\\\/portal\\\/la-importancia-de-los-valores-construyendo-cimientos-solidos-en-casa-y-en-la-escuela\\\/#primaryimage\"},\"thumbnailUrl\":\"https:\\\/\\\/webdelmaestrocmf.com\\\/portal\\\/wp-content\\\/uploads\\\/2023\\\/05\\\/A12B3C4D-2023-05-28T211245.720.jpg\",\"keywords\":[\"CASA\",\"cimientos\",\"construyendo\",\"escuela\",\"IMPORTANCIA\",\"s\u00f3lidos\",\"valores\",\"Valores en casa\",\"valores en la escuela\"],\"articleSection\":[\"Recursos\",\"Valores\"],\"inLanguage\":\"es\",\"potentialAction\":[{\"@type\":\"CommentAction\",\"name\":\"Comment\",\"target\":[\"https:\\\/\\\/webdelmaestrocmf.com\\\/portal\\\/la-importancia-de-los-valores-construyendo-cimientos-solidos-en-casa-y-en-la-escuela\\\/#respond\"]}]},{\"@type\":\"WebPage\",\"@id\":\"https:\\\/\\\/webdelmaestrocmf.com\\\/portal\\\/la-importancia-de-los-valores-construyendo-cimientos-solidos-en-casa-y-en-la-escuela\\\/\",\"url\":\"https:\\\/\\\/webdelmaestrocmf.com\\\/portal\\\/la-importancia-de-los-valores-construyendo-cimientos-solidos-en-casa-y-en-la-escuela\\\/\",\"name\":\"La importancia de los valores: Construyendo cimientos s\u00f3lidos en casa y en la escuela - 2026\",\"isPartOf\":{\"@id\":\"https:\\\/\\\/webdelmaestrocmf.com\\\/portal\\\/#website\"},\"primaryImageOfPage\":{\"@id\":\"https:\\\/\\\/webdelmaestrocmf.com\\\/portal\\\/la-importancia-de-los-valores-construyendo-cimientos-solidos-en-casa-y-en-la-escuela\\\/#primaryimage\"},\"image\":{\"@id\":\"https:\\\/\\\/webdelmaestrocmf.com\\\/portal\\\/la-importancia-de-los-valores-construyendo-cimientos-solidos-en-casa-y-en-la-escuela\\\/#primaryimage\"},\"thumbnailUrl\":\"https:\\\/\\\/webdelmaestrocmf.com\\\/portal\\\/wp-content\\\/uploads\\\/2023\\\/05\\\/A12B3C4D-2023-05-28T211245.720.jpg\",\"datePublished\":\"2023-05-29T01:09:11+00:00\",\"dateModified\":\"2023-05-29T01:20:31+00:00\",\"description\":\"Los valores son pilares fundamentales en la formaci\u00f3n integral de los individuos, y su desarrollo comienza en el seno familiar.\",\"breadcrumb\":{\"@id\":\"https:\\\/\\\/webdelmaestrocmf.com\\\/portal\\\/la-importancia-de-los-valores-construyendo-cimientos-solidos-en-casa-y-en-la-escuela\\\/#breadcrumb\"},\"inLanguage\":\"es\",\"potentialAction\":[{\"@type\":\"ReadAction\",\"target\":[\"https:\\\/\\\/webdelmaestrocmf.com\\\/portal\\\/la-importancia-de-los-valores-construyendo-cimientos-solidos-en-casa-y-en-la-escuela\\\/\"]}]},{\"@type\":\"ImageObject\",\"inLanguage\":\"es\",\"@id\":\"https:\\\/\\\/webdelmaestrocmf.com\\\/portal\\\/la-importancia-de-los-valores-construyendo-cimientos-solidos-en-casa-y-en-la-escuela\\\/#primaryimage\",\"url\":\"https:\\\/\\\/webdelmaestrocmf.com\\\/portal\\\/wp-content\\\/uploads\\\/2023\\\/05\\\/A12B3C4D-2023-05-28T211245.720.jpg\",\"contentUrl\":\"https:\\\/\\\/webdelmaestrocmf.com\\\/portal\\\/wp-content\\\/uploads\\\/2023\\\/05\\\/A12B3C4D-2023-05-28T211245.720.jpg\",\"width\":900,\"height\":556},{\"@type\":\"BreadcrumbList\",\"@id\":\"https:\\\/\\\/webdelmaestrocmf.com\\\/portal\\\/la-importancia-de-los-valores-construyendo-cimientos-solidos-en-casa-y-en-la-escuela\\\/#breadcrumb\",\"itemListElement\":[{\"@type\":\"ListItem\",\"position\":1,\"name\":\"Portada\",\"item\":\"https:\\\/\\\/webdelmaestrocmf.com\\\/portal\\\/\"},{\"@type\":\"ListItem\",\"position\":2,\"name\":\"Recursos\",\"item\":\"https:\\\/\\\/webdelmaestrocmf.com\\\/portal\\\/category\\\/pedagogia\\\/\"},{\"@type\":\"ListItem\",\"position\":3,\"name\":\"La importancia de los valores: Construyendo cimientos s\u00f3lidos en casa y en la escuela\"}]},{\"@type\":\"WebSite\",\"@id\":\"https:\\\/\\\/webdelmaestrocmf.com\\\/portal\\\/#website\",\"url\":\"https:\\\/\\\/webdelmaestrocmf.com\\\/portal\\\/\",\"name\":\"Web del Maestro CMF\",\"description\":\"Maestros al servicio de la educaci\u00f3n\",\"publisher\":{\"@id\":\"https:\\\/\\\/webdelmaestrocmf.com\\\/portal\\\/#organization\"},\"alternateName\":\"WMCMF\",\"potentialAction\":[{\"@type\":\"SearchAction\",\"target\":{\"@type\":\"EntryPoint\",\"urlTemplate\":\"https:\\\/\\\/webdelmaestrocmf.com\\\/portal\\\/?s={search_term_string}\"},\"query-input\":{\"@type\":\"PropertyValueSpecification\",\"valueRequired\":true,\"valueName\":\"search_term_string\"}}],\"inLanguage\":\"es\"},{\"@type\":\"Organization\",\"@id\":\"https:\\\/\\\/webdelmaestrocmf.com\\\/portal\\\/#organization\",\"name\":\"Web del Maestro CMF\",\"alternateName\":\"WMCMF\",\"url\":\"https:\\\/\\\/webdelmaestrocmf.com\\\/portal\\\/\",\"logo\":{\"@type\":\"ImageObject\",\"inLanguage\":\"es\",\"@id\":\"https:\\\/\\\/webdelmaestrocmf.com\\\/portal\\\/#\\\/schema\\\/logo\\\/image\\\/\",\"url\":\"https:\\\/\\\/webdelmaestrocmf.com\\\/portal\\\/wp-content\\\/uploads\\\/2023\\\/01\\\/logo-wmcmf-2.png\",\"contentUrl\":\"https:\\\/\\\/webdelmaestrocmf.com\\\/portal\\\/wp-content\\\/uploads\\\/2023\\\/01\\\/logo-wmcmf-2.png\",\"width\":200,\"height\":60,\"caption\":\"Web del Maestro CMF\"},\"image\":{\"@id\":\"https:\\\/\\\/webdelmaestrocmf.com\\\/portal\\\/#\\\/schema\\\/logo\\\/image\\\/\"},\"sameAs\":[\"https:\\\/\\\/www.facebook.com\\\/WebdelMaestroCMF\\\/\",\"https:\\\/\\\/x.com\\\/cmf_w\",\"https:\\\/\\\/www.pinterest.com\\\/WMCMF\\\/\",\"https:\\\/\\\/www.linkedin.com\\\/company\\\/web-del-maestro-cmf\\\/\",\"https:\\\/\\\/www.instagram.com\\\/wmcmf\\\/\",\"https:\\\/\\\/www.youtube.com\\\/channel\\\/UCDPSvjbdodE5sHnC3OxutHw\",\"https:\\\/\\\/mastodon.social\\\/@wmcmf\",\"https:\\\/\\\/www.tiktok.com\\\/@webdelmaestrocmf\"]},{\"@type\":\"Person\",\"@id\":\"https:\\\/\\\/webdelmaestrocmf.com\\\/portal\\\/#\\\/schema\\\/person\\\/1072a2ed7bd960df8ef99a551fa35dc5\",\"name\":\"Web del Maestro CMF\",\"image\":{\"@type\":\"ImageObject\",\"inLanguage\":\"es\",\"@id\":\"https:\\\/\\\/secure.gravatar.com\\\/avatar\\\/23291dd5b5ae1077dcff3dbb04c3e02bd28403fa75af6d8787d5e97c5bbbe30b?s=96&d=mm&r=g\",\"url\":\"https:\\\/\\\/secure.gravatar.com\\\/avatar\\\/23291dd5b5ae1077dcff3dbb04c3e02bd28403fa75af6d8787d5e97c5bbbe30b?s=96&d=mm&r=g\",\"contentUrl\":\"https:\\\/\\\/secure.gravatar.com\\\/avatar\\\/23291dd5b5ae1077dcff3dbb04c3e02bd28403fa75af6d8787d5e97c5bbbe30b?s=96&d=mm&r=g\",\"caption\":\"Web del Maestro CMF\"},\"description\":\"Esta Web se cre\u00f3 sin fines de lucro, con fines educativos, cient\u00edficos y acad\u00e9micos, para personas que tengan dificultades y\\\/o inconvenientes en visualizar el material original. El objetivo es entregar recursos, compartir experiencias y materiales que ayuden a los padres de familia, maestros y estudiantes en su actualizaci\u00f3n y formaci\u00f3n permanente, en bien de la Educaci\u00f3n.\",\"sameAs\":[\"http:\\\/\\\/webdelmaestrocmf.com\\\/portal\",\"https:\\\/\\\/www.facebook.com\\\/WebdelMaestroCMF\\\/\",\"https:\\\/\\\/www.instagram.com\\\/wmcmf\\\/\",\"https:\\\/\\\/cl.linkedin.com\\\/company\\\/web-del-maestro-cmf\",\"https:\\\/\\\/www.pinterest.com\\\/WMCMF\\\/publicaciones\\\/\",\"https:\\\/\\\/x.com\\\/cmf_w\",\"https:\\\/\\\/www.youtube.com\\\/@WMCMF\"]}]}<\/script>\n<!-- \/ Yoast SEO plugin. -->","yoast_head_json":{"title":"La importancia de los valores: Construyendo cimientos s\u00f3lidos en casa y en la escuela - 2026","description":"Los valores son pilares fundamentales en la formaci\u00f3n integral de los individuos, y su desarrollo comienza en el seno familiar.","robots":{"index":"index","follow":"follow","max-snippet":"max-snippet:-1","max-image-preview":"max-image-preview:large","max-video-preview":"max-video-preview:-1"},"canonical":"https:\/\/webdelmaestrocmf.com\/portal\/la-importancia-de-los-valores-construyendo-cimientos-solidos-en-casa-y-en-la-escuela\/","og_locale":"es_ES","og_type":"article","og_title":"La importancia de los valores: Construyendo cimientos s\u00f3lidos en casa y en la escuela - 2026","og_description":"Los valores son pilares fundamentales en la formaci\u00f3n integral de los individuos, y su desarrollo comienza en el seno familiar.","og_url":"https:\/\/webdelmaestrocmf.com\/portal\/la-importancia-de-los-valores-construyendo-cimientos-solidos-en-casa-y-en-la-escuela\/","og_site_name":"Web del Maestro CMF","article_publisher":"https:\/\/www.facebook.com\/WebdelMaestroCMF\/","article_author":"https:\/\/www.facebook.com\/WebdelMaestroCMF\/","article_published_time":"2023-05-29T01:09:11+00:00","article_modified_time":"2023-05-29T01:20:31+00:00","og_image":[{"width":900,"height":556,"url":"https:\/\/i0.wp.com\/webdelmaestrocmf.com\/portal\/wp-content\/uploads\/2023\/05\/A12B3C4D-2023-05-28T211245.720.jpg?fit=900%2C556&ssl=1","type":"image\/jpeg"}],"author":"Web del Maestro CMF","twitter_card":"summary_large_image","twitter_creator":"@cmf_w","twitter_site":"@cmf_w","schema":{"@context":"https:\/\/schema.org","@graph":[{"@type":"ScholarlyArticle","@id":"https:\/\/webdelmaestrocmf.com\/portal\/la-importancia-de-los-valores-construyendo-cimientos-solidos-en-casa-y-en-la-escuela\/#article","isPartOf":{"@id":"https:\/\/webdelmaestrocmf.com\/portal\/la-importancia-de-los-valores-construyendo-cimientos-solidos-en-casa-y-en-la-escuela\/"},"author":{"name":"Web del Maestro CMF","@id":"https:\/\/webdelmaestrocmf.com\/portal\/#\/schema\/person\/1072a2ed7bd960df8ef99a551fa35dc5"},"headline":"La importancia de los valores: Construyendo cimientos s\u00f3lidos en casa y en la escuela","datePublished":"2023-05-29T01:09:11+00:00","dateModified":"2023-05-29T01:20:31+00:00","mainEntityOfPage":{"@id":"https:\/\/webdelmaestrocmf.com\/portal\/la-importancia-de-los-valores-construyendo-cimientos-solidos-en-casa-y-en-la-escuela\/"},"wordCount":2702,"commentCount":0,"publisher":{"@id":"https:\/\/webdelmaestrocmf.com\/portal\/#organization"},"image":{"@id":"https:\/\/webdelmaestrocmf.com\/portal\/la-importancia-de-los-valores-construyendo-cimientos-solidos-en-casa-y-en-la-escuela\/#primaryimage"},"thumbnailUrl":"https:\/\/webdelmaestrocmf.com\/portal\/wp-content\/uploads\/2023\/05\/A12B3C4D-2023-05-28T211245.720.jpg","keywords":["CASA","cimientos","construyendo","escuela","IMPORTANCIA","s\u00f3lidos","valores","Valores en casa","valores en la escuela"],"articleSection":["Recursos","Valores"],"inLanguage":"es","potentialAction":[{"@type":"CommentAction","name":"Comment","target":["https:\/\/webdelmaestrocmf.com\/portal\/la-importancia-de-los-valores-construyendo-cimientos-solidos-en-casa-y-en-la-escuela\/#respond"]}]},{"@type":"WebPage","@id":"https:\/\/webdelmaestrocmf.com\/portal\/la-importancia-de-los-valores-construyendo-cimientos-solidos-en-casa-y-en-la-escuela\/","url":"https:\/\/webdelmaestrocmf.com\/portal\/la-importancia-de-los-valores-construyendo-cimientos-solidos-en-casa-y-en-la-escuela\/","name":"La importancia de los valores: Construyendo cimientos s\u00f3lidos en casa y en la escuela - 2026","isPartOf":{"@id":"https:\/\/webdelmaestrocmf.com\/portal\/#website"},"primaryImageOfPage":{"@id":"https:\/\/webdelmaestrocmf.com\/portal\/la-importancia-de-los-valores-construyendo-cimientos-solidos-en-casa-y-en-la-escuela\/#primaryimage"},"image":{"@id":"https:\/\/webdelmaestrocmf.com\/portal\/la-importancia-de-los-valores-construyendo-cimientos-solidos-en-casa-y-en-la-escuela\/#primaryimage"},"thumbnailUrl":"https:\/\/webdelmaestrocmf.com\/portal\/wp-content\/uploads\/2023\/05\/A12B3C4D-2023-05-28T211245.720.jpg","datePublished":"2023-05-29T01:09:11+00:00","dateModified":"2023-05-29T01:20:31+00:00","description":"Los valores son pilares fundamentales en la formaci\u00f3n integral de los individuos, y su desarrollo comienza en el seno familiar.","breadcrumb":{"@id":"https:\/\/webdelmaestrocmf.com\/portal\/la-importancia-de-los-valores-construyendo-cimientos-solidos-en-casa-y-en-la-escuela\/#breadcrumb"},"inLanguage":"es","potentialAction":[{"@type":"ReadAction","target":["https:\/\/webdelmaestrocmf.com\/portal\/la-importancia-de-los-valores-construyendo-cimientos-solidos-en-casa-y-en-la-escuela\/"]}]},{"@type":"ImageObject","inLanguage":"es","@id":"https:\/\/webdelmaestrocmf.com\/portal\/la-importancia-de-los-valores-construyendo-cimientos-solidos-en-casa-y-en-la-escuela\/#primaryimage","url":"https:\/\/webdelmaestrocmf.com\/portal\/wp-content\/uploads\/2023\/05\/A12B3C4D-2023-05-28T211245.720.jpg","contentUrl":"https:\/\/webdelmaestrocmf.com\/portal\/wp-content\/uploads\/2023\/05\/A12B3C4D-2023-05-28T211245.720.jpg","width":900,"height":556},{"@type":"BreadcrumbList","@id":"https:\/\/webdelmaestrocmf.com\/portal\/la-importancia-de-los-valores-construyendo-cimientos-solidos-en-casa-y-en-la-escuela\/#breadcrumb","itemListElement":[{"@type":"ListItem","position":1,"name":"Portada","item":"https:\/\/webdelmaestrocmf.com\/portal\/"},{"@type":"ListItem","position":2,"name":"Recursos","item":"https:\/\/webdelmaestrocmf.com\/portal\/category\/pedagogia\/"},{"@type":"ListItem","position":3,"name":"La importancia de los valores: Construyendo cimientos s\u00f3lidos en casa y en la escuela"}]},{"@type":"WebSite","@id":"https:\/\/webdelmaestrocmf.com\/portal\/#website","url":"https:\/\/webdelmaestrocmf.com\/portal\/","name":"Web del Maestro CMF","description":"Maestros al servicio de la educaci\u00f3n","publisher":{"@id":"https:\/\/webdelmaestrocmf.com\/portal\/#organization"},"alternateName":"WMCMF","potentialAction":[{"@type":"SearchAction","target":{"@type":"EntryPoint","urlTemplate":"https:\/\/webdelmaestrocmf.com\/portal\/?s={search_term_string}"},"query-input":{"@type":"PropertyValueSpecification","valueRequired":true,"valueName":"search_term_string"}}],"inLanguage":"es"},{"@type":"Organization","@id":"https:\/\/webdelmaestrocmf.com\/portal\/#organization","name":"Web del Maestro CMF","alternateName":"WMCMF","url":"https:\/\/webdelmaestrocmf.com\/portal\/","logo":{"@type":"ImageObject","inLanguage":"es","@id":"https:\/\/webdelmaestrocmf.com\/portal\/#\/schema\/logo\/image\/","url":"https:\/\/webdelmaestrocmf.com\/portal\/wp-content\/uploads\/2023\/01\/logo-wmcmf-2.png","contentUrl":"https:\/\/webdelmaestrocmf.com\/portal\/wp-content\/uploads\/2023\/01\/logo-wmcmf-2.png","width":200,"height":60,"caption":"Web del Maestro CMF"},"image":{"@id":"https:\/\/webdelmaestrocmf.com\/portal\/#\/schema\/logo\/image\/"},"sameAs":["https:\/\/www.facebook.com\/WebdelMaestroCMF\/","https:\/\/x.com\/cmf_w","https:\/\/www.pinterest.com\/WMCMF\/","https:\/\/www.linkedin.com\/company\/web-del-maestro-cmf\/","https:\/\/www.instagram.com\/wmcmf\/","https:\/\/www.youtube.com\/channel\/UCDPSvjbdodE5sHnC3OxutHw","https:\/\/mastodon.social\/@wmcmf","https:\/\/www.tiktok.com\/@webdelmaestrocmf"]},{"@type":"Person","@id":"https:\/\/webdelmaestrocmf.com\/portal\/#\/schema\/person\/1072a2ed7bd960df8ef99a551fa35dc5","name":"Web del Maestro CMF","image":{"@type":"ImageObject","inLanguage":"es","@id":"https:\/\/secure.gravatar.com\/avatar\/23291dd5b5ae1077dcff3dbb04c3e02bd28403fa75af6d8787d5e97c5bbbe30b?s=96&d=mm&r=g","url":"https:\/\/secure.gravatar.com\/avatar\/23291dd5b5ae1077dcff3dbb04c3e02bd28403fa75af6d8787d5e97c5bbbe30b?s=96&d=mm&r=g","contentUrl":"https:\/\/secure.gravatar.com\/avatar\/23291dd5b5ae1077dcff3dbb04c3e02bd28403fa75af6d8787d5e97c5bbbe30b?s=96&d=mm&r=g","caption":"Web del Maestro CMF"},"description":"Esta Web se cre\u00f3 sin fines de lucro, con fines educativos, cient\u00edficos y acad\u00e9micos, para personas que tengan dificultades y\/o inconvenientes en visualizar el material original. El objetivo es entregar recursos, compartir experiencias y materiales que ayuden a los padres de familia, maestros y estudiantes en su actualizaci\u00f3n y formaci\u00f3n permanente, en bien de la Educaci\u00f3n.","sameAs":["http:\/\/webdelmaestrocmf.com\/portal","https:\/\/www.facebook.com\/WebdelMaestroCMF\/","https:\/\/www.instagram.com\/wmcmf\/","https:\/\/cl.linkedin.com\/company\/web-del-maestro-cmf","https:\/\/www.pinterest.com\/WMCMF\/publicaciones\/","https:\/\/x.com\/cmf_w","https:\/\/www.youtube.com\/@WMCMF"]}]}},"jetpack_featured_media_url":"https:\/\/webdelmaestrocmf.com\/portal\/wp-content\/uploads\/2023\/05\/A12B3C4D-2023-05-28T211245.720.jpg","jetpack_sharing_enabled":true,"jetpack-related-posts":[{"id":113394,"url":"https:\/\/webdelmaestrocmf.com\/portal\/el-reclamo-de-un-maestro-a-los-padres-ensenar-valores-tambien-es-su-tarea-no-envien-a-la-escuela-ninos-irresponsables-irrespetuosos-o-con-mala-higiene\/","url_meta":{"origin":89536,"position":0},"title":"El reclamo de un maestro a los padres: ense\u00f1ar valores tambi\u00e9n es su tarea. \u00abNo env\u00eden a la escuela ni\u00f1os irresponsables, irrespetuosos o con mala higiene\u00bb","author":"Web del Maestro CMF","date":"10 noviembre, 2025","format":false,"excerpt":"En una carta que se volvi\u00f3 viral, un maestro pidi\u00f3 a los padres no enviar a la escuela ni\u00f1os irresponsables, irrespetuosos o con mala higiene. Su mensaje, aunque duro, refleja un malestar profundo y silencioso que recorre las aulas: el de los docentes que deben asumir responsabilidades que no les\u2026","rel":"","context":"En \u00abRecursos\u00bb","block_context":{"text":"Recursos","link":"https:\/\/webdelmaestrocmf.com\/portal\/category\/pedagogia\/"},"img":{"alt_text":"","src":"https:\/\/i0.wp.com\/webdelmaestrocmf.com\/portal\/wp-content\/uploads\/2025\/11\/Portada-descarga-7.jpg?resize=350%2C200&ssl=1","width":350,"height":200,"srcset":"https:\/\/i0.wp.com\/webdelmaestrocmf.com\/portal\/wp-content\/uploads\/2025\/11\/Portada-descarga-7.jpg?resize=350%2C200&ssl=1 1x, https:\/\/i0.wp.com\/webdelmaestrocmf.com\/portal\/wp-content\/uploads\/2025\/11\/Portada-descarga-7.jpg?resize=525%2C300&ssl=1 1.5x, https:\/\/i0.wp.com\/webdelmaestrocmf.com\/portal\/wp-content\/uploads\/2025\/11\/Portada-descarga-7.jpg?resize=700%2C400&ssl=1 2x"},"classes":[]},{"id":119987,"url":"https:\/\/webdelmaestrocmf.com\/portal\/leon-xiv-la-familia-sera-siempre-la-primera-escuela-de-humanidad-en-la-que-se-aprende-antes-que-en-cualquier-otro-lugar\/","url_meta":{"origin":89536,"position":1},"title":"Le\u00f3n XIV: \u00abLa familia ser\u00e1 siempre la primera escuela de humanidad en la que se aprende, antes que en cualquier otro lugar\u00bb","author":"Web del Maestro CMF","date":"8 junio, 2026","format":false,"excerpt":"El papa Le\u00f3n XIV defendi\u00f3 ante el Parlamento espa\u00f1ol a la familia como primera escuela de humanidad, valores y convivencia, advirtiendo que ninguna tecnolog\u00eda ni instituci\u00f3n puede reemplazar completamente el aprendizaje humano del hogar.","rel":"","context":"En \u00abEntrevistas\u00bb","block_context":{"text":"Entrevistas","link":"https:\/\/webdelmaestrocmf.com\/portal\/category\/noticias\/entrevistas\/"},"img":{"alt_text":"","src":"https:\/\/i0.wp.com\/webdelmaestrocmf.com\/portal\/wp-content\/uploads\/2026\/06\/1AA-Banner-1-portada-imagen-10-1-copia-14-1.webp?resize=350%2C200&ssl=1","width":350,"height":200,"srcset":"https:\/\/i0.wp.com\/webdelmaestrocmf.com\/portal\/wp-content\/uploads\/2026\/06\/1AA-Banner-1-portada-imagen-10-1-copia-14-1.webp?resize=350%2C200&ssl=1 1x, https:\/\/i0.wp.com\/webdelmaestrocmf.com\/portal\/wp-content\/uploads\/2026\/06\/1AA-Banner-1-portada-imagen-10-1-copia-14-1.webp?resize=525%2C300&ssl=1 1.5x, https:\/\/i0.wp.com\/webdelmaestrocmf.com\/portal\/wp-content\/uploads\/2026\/06\/1AA-Banner-1-portada-imagen-10-1-copia-14-1.webp?resize=700%2C400&ssl=1 2x, https:\/\/i0.wp.com\/webdelmaestrocmf.com\/portal\/wp-content\/uploads\/2026\/06\/1AA-Banner-1-portada-imagen-10-1-copia-14-1.webp?resize=1050%2C600&ssl=1 3x"},"classes":[]},{"id":108880,"url":"https:\/\/webdelmaestrocmf.com\/portal\/tambien-hay-padres-que-educan-y-se-nota\/","url_meta":{"origin":89536,"position":2},"title":"Tambi\u00e9n hay padres que educan, y se nota","author":"Web del Maestro CMF","date":"18 mayo, 2025","format":false,"excerpt":"En medio de un panorama en el que muchos docentes sienten que la responsabilidad de formar a los estudiantes recae exclusivamente sobre sus hombros, es fundamental reconocer a quienes, desde casa, hacen su parte. No todos los padres delegan, no todos justifican conductas inadecuadas, no todos se desentienden. Tambi\u00e9n hay\u2026","rel":"","context":"En \u00abBienestar Familiar\u00bb","block_context":{"text":"Bienestar Familiar","link":"https:\/\/webdelmaestrocmf.com\/portal\/category\/pedagogia\/bienestar-familiar\/"},"img":{"alt_text":"","src":"https:\/\/i0.wp.com\/webdelmaestrocmf.com\/portal\/wp-content\/uploads\/2025\/05\/1A-Banner-1-portada-imagen-10-1-62.jpg?resize=350%2C200&ssl=1","width":350,"height":200,"srcset":"https:\/\/i0.wp.com\/webdelmaestrocmf.com\/portal\/wp-content\/uploads\/2025\/05\/1A-Banner-1-portada-imagen-10-1-62.jpg?resize=350%2C200&ssl=1 1x, https:\/\/i0.wp.com\/webdelmaestrocmf.com\/portal\/wp-content\/uploads\/2025\/05\/1A-Banner-1-portada-imagen-10-1-62.jpg?resize=525%2C300&ssl=1 1.5x, https:\/\/i0.wp.com\/webdelmaestrocmf.com\/portal\/wp-content\/uploads\/2025\/05\/1A-Banner-1-portada-imagen-10-1-62.jpg?resize=700%2C400&ssl=1 2x"},"classes":[]},{"id":117810,"url":"https:\/\/webdelmaestrocmf.com\/portal\/el-llamado-urgente-de-un-docente-cuando-la-educacion-empieza-en-casa-y-no-esta-ocurriendo\/","url_meta":{"origin":89536,"position":3},"title":"El llamado urgente de un docente: cuando la educaci\u00f3n empieza en casa y no est\u00e1 ocurriendo","author":"Web del Maestro CMF","date":"15 abril, 2026","format":false,"excerpt":"Un docente alerta sobre la crisis en el aula: indisciplina, falta de l\u00edmites y escaso acompa\u00f1amiento familiar. Advierte que sin educaci\u00f3n en casa, la escuela no logra formar ni sostener aprendizajes s\u00f3lidos en estudiantes actuales.","rel":"","context":"En \u00abNoticias Internacionales\u00bb","block_context":{"text":"Noticias Internacionales","link":"https:\/\/webdelmaestrocmf.com\/portal\/category\/noticias-internacionales\/"},"img":{"alt_text":"","src":"https:\/\/i0.wp.com\/webdelmaestrocmf.com\/portal\/wp-content\/uploads\/2026\/04\/1AA-Banner-1-portada-imagen-10-1-copia-19-1.webp?resize=350%2C200&ssl=1","width":350,"height":200,"srcset":"https:\/\/i0.wp.com\/webdelmaestrocmf.com\/portal\/wp-content\/uploads\/2026\/04\/1AA-Banner-1-portada-imagen-10-1-copia-19-1.webp?resize=350%2C200&ssl=1 1x, https:\/\/i0.wp.com\/webdelmaestrocmf.com\/portal\/wp-content\/uploads\/2026\/04\/1AA-Banner-1-portada-imagen-10-1-copia-19-1.webp?resize=525%2C300&ssl=1 1.5x, https:\/\/i0.wp.com\/webdelmaestrocmf.com\/portal\/wp-content\/uploads\/2026\/04\/1AA-Banner-1-portada-imagen-10-1-copia-19-1.webp?resize=700%2C400&ssl=1 2x, https:\/\/i0.wp.com\/webdelmaestrocmf.com\/portal\/wp-content\/uploads\/2026\/04\/1AA-Banner-1-portada-imagen-10-1-copia-19-1.webp?resize=1050%2C600&ssl=1 3x"},"classes":[]},{"id":107143,"url":"https:\/\/webdelmaestrocmf.com\/portal\/preguntas-que-debes-hacerle-a-tu-hijo-al-final-del-ano-escolar-en-lugar-de-pasaste-de-ano\/","url_meta":{"origin":89536,"position":4},"title":"Preguntas que debes hacerle a tu hijo al final del a\u00f1o escolar en lugar de \u00ab\u00bfPasaste de A\u00f1o?\u00bb","author":"Web del Maestro CMF","date":"12 diciembre, 2024","format":false,"excerpt":"El cierre de un ciclo escolar es un momento crucial para los ni\u00f1os, no solo por las calificaciones, sino tambi\u00e9n por el aprendizaje emocional, social y personal que han experimentado. Sin embargo, muchas veces, como padres, tendemos a reducir este momento a una pregunta directa: \u201c\u00bfPasaste de a\u00f1o?\u201d Aunque es\u2026","rel":"","context":"En \u00abBienestar Familiar\u00bb","block_context":{"text":"Bienestar Familiar","link":"https:\/\/webdelmaestrocmf.com\/portal\/category\/pedagogia\/bienestar-familiar\/"},"img":{"alt_text":"","src":"https:\/\/i0.wp.com\/webdelmaestrocmf.com\/portal\/wp-content\/uploads\/2024\/12\/Banner-1-portada-imagen-10-1-17.jpg?resize=350%2C200&ssl=1","width":350,"height":200,"srcset":"https:\/\/i0.wp.com\/webdelmaestrocmf.com\/portal\/wp-content\/uploads\/2024\/12\/Banner-1-portada-imagen-10-1-17.jpg?resize=350%2C200&ssl=1 1x, https:\/\/i0.wp.com\/webdelmaestrocmf.com\/portal\/wp-content\/uploads\/2024\/12\/Banner-1-portada-imagen-10-1-17.jpg?resize=525%2C300&ssl=1 1.5x, https:\/\/i0.wp.com\/webdelmaestrocmf.com\/portal\/wp-content\/uploads\/2024\/12\/Banner-1-portada-imagen-10-1-17.jpg?resize=700%2C400&ssl=1 2x"},"classes":[]},{"id":39781,"url":"https:\/\/webdelmaestrocmf.com\/portal\/la-autoridad-el-respeto-y-la-obediencia-en-la-casa-y-en-la-escuela-iii-parte\/","url_meta":{"origin":89536,"position":5},"title":"La autoridad, el respeto y la obediencia en la casa y en la escuela (III Parte)","author":"Web del Maestro CMF","date":"2 septiembre, 2019","format":false,"excerpt":"Al iniciar esta tercera parte, quiz\u00e1 conviene recordar la etimolog\u00eda de la palabra autoridad. \u201cEl verbo latino augere (aumentar, hacer crecer) devela su centralidad en el campo de una educaci\u00f3n concebida como relaci\u00f3n interpersonal favorecedora de un despliegue hacia la mejora\u201d. Sabemos que los ni\u00f1os y j\u00f3venes crecen con referentes\u2026","rel":"","context":"En \u00abYo opino - WMCMF\u00bb","block_context":{"text":"Yo opino - WMCMF","link":"https:\/\/webdelmaestrocmf.com\/portal\/category\/jamb\/"},"img":{"alt_text":"","src":"https:\/\/i0.wp.com\/webdelmaestrocmf.com\/portal\/wp-content\/uploads\/2019\/09\/maxresdefault-1.jpg?resize=350%2C200&ssl=1","width":350,"height":200,"srcset":"https:\/\/i0.wp.com\/webdelmaestrocmf.com\/portal\/wp-content\/uploads\/2019\/09\/maxresdefault-1.jpg?resize=350%2C200&ssl=1 1x, https:\/\/i0.wp.com\/webdelmaestrocmf.com\/portal\/wp-content\/uploads\/2019\/09\/maxresdefault-1.jpg?resize=525%2C300&ssl=1 1.5x, https:\/\/i0.wp.com\/webdelmaestrocmf.com\/portal\/wp-content\/uploads\/2019\/09\/maxresdefault-1.jpg?resize=700%2C400&ssl=1 2x, https:\/\/i0.wp.com\/webdelmaestrocmf.com\/portal\/wp-content\/uploads\/2019\/09\/maxresdefault-1.jpg?resize=1050%2C600&ssl=1 3x"},"classes":[]}],"_links":{"self":[{"href":"https:\/\/webdelmaestrocmf.com\/portal\/wp-json\/wp\/v2\/posts\/89536","targetHints":{"allow":["GET"]}}],"collection":[{"href":"https:\/\/webdelmaestrocmf.com\/portal\/wp-json\/wp\/v2\/posts"}],"about":[{"href":"https:\/\/webdelmaestrocmf.com\/portal\/wp-json\/wp\/v2\/types\/post"}],"author":[{"embeddable":true,"href":"https:\/\/webdelmaestrocmf.com\/portal\/wp-json\/wp\/v2\/users\/1"}],"replies":[{"embeddable":true,"href":"https:\/\/webdelmaestrocmf.com\/portal\/wp-json\/wp\/v2\/comments?post=89536"}],"version-history":[{"count":0,"href":"https:\/\/webdelmaestrocmf.com\/portal\/wp-json\/wp\/v2\/posts\/89536\/revisions"}],"wp:featuredmedia":[{"embeddable":true,"href":"https:\/\/webdelmaestrocmf.com\/portal\/wp-json\/wp\/v2\/media\/89542"}],"wp:attachment":[{"href":"https:\/\/webdelmaestrocmf.com\/portal\/wp-json\/wp\/v2\/media?parent=89536"}],"wp:term":[{"taxonomy":"category","embeddable":true,"href":"https:\/\/webdelmaestrocmf.com\/portal\/wp-json\/wp\/v2\/categories?post=89536"},{"taxonomy":"post_tag","embeddable":true,"href":"https:\/\/webdelmaestrocmf.com\/portal\/wp-json\/wp\/v2\/tags?post=89536"}],"curies":[{"name":"wp","href":"https:\/\/api.w.org\/{rel}","templated":true}]}}