{"id":88590,"date":"2023-05-06T19:55:05","date_gmt":"2023-05-06T23:55:05","guid":{"rendered":"https:\/\/webdelmaestrocmf.com\/portal\/?p=88590"},"modified":"2023-10-31T10:41:55","modified_gmt":"2023-10-31T13:41:55","slug":"elaboracion-del-programa-analitico-paso-a-paso","status":"publish","type":"post","link":"https:\/\/webdelmaestrocmf.com\/portal\/elaboracion-del-programa-analitico-paso-a-paso\/","title":{"rendered":"Elaboraci\u00f3n del Programa Anal\u00edtico Paso a Paso"},"content":{"rendered":"<p style=\"text-align: justify;\"><strong>Queremos compartirles dos documentos en PDF sobre la \u00abElaboraci\u00f3n del Programa Anal\u00edtico\u00bb, realizados por los profesores Sergio Tob\u00f3n y Santos Rivera. Les recordamos que esta informaci\u00f3n estar\u00e1 disponible para descargar en la parte final del art\u00edculo. Esperamos que sea de utilidad.<\/strong><\/p>\n<p><!--more--><\/p>\n<p style=\"text-align: justify;\">El programa anal\u00edtico consiste en el dise\u00f1o flexible de la formaci\u00f3n de las y los alumnos propuesta por el colectivo docente para un ciclo escolar, tomando en cuenta los contenidos y procesos de desarrollo de aprendizaje (PDA) incluidos por la SEP en el Programa Sint\u00e9tico, en una fase y grado, a partir de la contextualizaci\u00f3n (identificaci\u00f3n y an\u00e1lisis de los problemas de la comunidad, como tambi\u00e9n la cultura y procesos sociales) y la incorporaci\u00f3n de nuevos contenidos y\/o PDA, cuando esto sea necesario, para afrontar las necesidades del entorno.<\/p>\n<p>Art\u00edculo relacionado: <a title=\"Ir a WMCMF\" href=\"https:\/\/webdelmaestrocmf.com\/portal\/programa-sintetico-programa-analitico-y-programa-del-maestro\/\" target=\"_blank\" rel=\"noopener\">Programa sint\u00e9tico, Programa anal\u00edtico y Programa del maestro<\/a><\/p>\n<p style=\"text-align: justify;\">Las ideas expuestas en este documento, son una sugerencia para dise\u00f1ar el Programa Anal\u00edtico desde la autonom\u00eda profesional otorgada al colectivo docente, con pensamiento cr\u00edtico. Es por ello que, se brindan opciones para enriquecer este programa, tomando como base lo que est\u00e1 establecido en los documentos oficiales. Estas ideas han surgido del trabajo con diferentes zonas escolares y escuelas, a partir del an\u00e1lisis y deliberaci\u00f3n, y se comparten como una propuesta.<\/p>\n<h5 style=\"text-align: justify;\">Prop\u00f3sitos<\/h5>\n<p style=\"text-align: justify; padding-left: 40px;\">1. Elaborar el Programa Anal\u00edtico de la escuela, por parte del colectivo escolar, a trav\u00e9s de un proceso deliberativo surgido durante el debate y el trabajo colaborativo.<\/p>\n<p style=\"text-align: justify; padding-left: 40px;\">2. Autoevaluar el Programa Anal\u00edtico dise\u00f1ado por el colectivo escolar utilizando como herramienta la \u201cEscalera del Programa Anal\u00edtico\u201d, con la finalidad de proponer mejoras en su dise\u00f1o.<\/p>\n<h5 style=\"text-align: left;\">\u00bfQuieres saber c\u00f3mo se elabora un Programa Anal\u00edtico de Educaci\u00f3n B\u00e1sica y secundaria efectivo?<\/h5>\n<p style=\"text-align: justify;\">A continuaci\u00f3n, te presentamos los pasos necesarios para crear un programa de educaci\u00f3n b\u00e1sica que proporcione a los estudiantes las habilidades y conocimientos necesarios para tener \u00e9xito en su vida acad\u00e9mica y personal.<\/p>\n<p style=\"padding-left: 40px; text-align: justify;\"><strong>1. Definir objetivos educativos claros y medibles: <\/strong>El primer paso para elaborar un programa anal\u00edtico efectivo es definir los objetivos educativos que se quieren lograr.\u00a0Estos objetivos deben ser claros, espec\u00edficos y medibles. Es importante tener en cuenta las necesidades y expectativas de los estudiantes, as\u00ed como las demandas del mercado laboral.<\/p>\n<p style=\"padding-left: 40px; text-align: justify;\"><strong>2. Seleccionar los contenidos apropiados:\u00a0<\/strong>Una vez definidos los objetivos, se procede a seleccionar los contenidos que se van a ense\u00f1ar en cada nivel del programa.\u00a0Estos contenidos deben estar alineados con los objetivos educativos y ser adecuados para la edad y el nivel de desarrollo de los estudiantes.<\/p>\n<p style=\"padding-left: 40px; text-align: justify;\"><strong>3. Establecer las gu\u00edas de ense\u00f1anza y evaluaci\u00f3n:\u00a0<\/strong>Una vez definidos los contenidos, se elaboran las gu\u00edas de ense\u00f1anza y\u00a0<strong>evaluaci\u00f3n<\/strong> que se utilizar\u00e1n para implementar el programa.\u00a0Estas gu\u00edas deben ser claras, precisas y f\u00e1ciles de entender para los docentes y los estudiantes. Tambi\u00e9n deben incluir actividades de aprendizaje y estrategias de evaluaci\u00f3n que permitan medir el progreso de los estudiantes en relaci\u00f3n con los objetivos educativos.<\/p>\n<p style=\"padding-left: 40px; text-align: justify;\"><strong>4. Revisar y ajustar el programa de manera continua: <\/strong>Es importante llevar a cabo un proceso de revisi\u00f3n y evaluaci\u00f3n continua del programa para asegurar su efectividad y relevancia.\u00a0Esto implica analizar los resultados de las evaluaciones, recopilar feedback de los estudiantes y docentes, y hacer los ajustes necesarios para mejorar el programa.<\/p>\n<p style=\"padding-left: 40px; text-align: justify;\"><strong>5. Capacitar a los docentes y administradores: <\/strong>Por \u00faltimo, es importante capacitar a los docentes y administradores para que puedan implementar el programa de manera efectiva y asegurar que se cumplan los objetivos educativos establecidos.<\/p>\n<div class=\"wp-block-image\" style=\"text-align: justify;\"><img loading=\"lazy\" decoding=\"async\" class=\"alignnone size-full wp-image-88591\" src=\"https:\/\/webdelmaestrocmf.com\/portal\/wp-content\/uploads\/2023\/05\/A12B3C4DCV2-16.jpg\" alt=\"\" width=\"800\" height=\"440\" srcset=\"https:\/\/webdelmaestrocmf.com\/portal\/wp-content\/uploads\/2023\/05\/A12B3C4DCV2-16.jpg 800w, https:\/\/webdelmaestrocmf.com\/portal\/wp-content\/uploads\/2023\/05\/A12B3C4DCV2-16-300x165.jpg 300w, https:\/\/webdelmaestrocmf.com\/portal\/wp-content\/uploads\/2023\/05\/A12B3C4DCV2-16-768x422.jpg 768w, https:\/\/webdelmaestrocmf.com\/portal\/wp-content\/uploads\/2023\/05\/A12B3C4DCV2-16-110x61.jpg 110w, https:\/\/webdelmaestrocmf.com\/portal\/wp-content\/uploads\/2023\/05\/A12B3C4DCV2-16-200x110.jpg 200w, https:\/\/webdelmaestrocmf.com\/portal\/wp-content\/uploads\/2023\/05\/A12B3C4DCV2-16-380x209.jpg 380w, https:\/\/webdelmaestrocmf.com\/portal\/wp-content\/uploads\/2023\/05\/A12B3C4DCV2-16-255x140.jpg 255w, https:\/\/webdelmaestrocmf.com\/portal\/wp-content\/uploads\/2023\/05\/A12B3C4DCV2-16-550x303.jpg 550w\" sizes=\"auto, (max-width: 800px) 100vw, 800px\" \/><\/div>\n<h5 style=\"text-align: justify;\">Conclusi\u00f3n<\/h5>\n<p style=\"text-align: justify;\">Finalmente, se lleva a cabo un proceso de revisi\u00f3n y\u00a0<strong>evaluaci\u00f3n<\/strong>\u00a0continua del programa para asegurar su efectividad y relevancia.<\/p>\n<p style=\"text-align: justify;\">Esto implica analizar los resultados de las evaluaciones, recopilar feedback de los estudiantes y docentes, y hacer los ajustes necesarios para mejorar el programa.<\/p>\n<p style=\"text-align: justify;\">En \u00faltimas, elaborar un Programa Anal\u00edtico de Educaci\u00f3n B\u00e1sica efectivo requiere un proceso riguroso y bien estructurado que involucre a expertos en educaci\u00f3n y especialistas en la materia.<\/p>\n<p style=\"text-align: justify;\">Al definir objetivos educativos claros, alinear contenidos y gu\u00edas de ense\u00f1anza y evaluaci\u00f3n, y llevar a cabo una revisi\u00f3n y evaluaci\u00f3n continua, se puede garantizar que el programa sea efectivo y relevante para los estudiantes.<\/p>\n<p><!--Comentario en html--><\/p>\n<p><!--Comentario en html--><\/p>\n<h5 style=\"text-align: justify;\">Referencias<\/h5>\n<ul style=\"text-align: justify;\">\n<li>Ministerio de Educaci\u00f3n de Chile (2018). Programas de Estudio de Educaci\u00f3n B\u00e1sica. Chile: Mineduc.<\/li>\n<li>Ministerio de Educaci\u00f3n de Espa\u00f1a (2015). Ley Org\u00e1nica 2\/2006, de 3 de mayo, de Educaci\u00f3n. Espa\u00f1a: MEC.<\/li>\n<li>Ministerio de Educaci\u00f3n de Espa\u00f1a (2015). Real Decreto 1105\/2014, de 26 de diciembre, por el que se establece el curr\u00edculo b\u00e1sico de la Educaci\u00f3n Secundaria Obligatoria. Espa\u00f1a: MEC.<\/li>\n<li>Secretar\u00eda de Educaci\u00f3n P\u00fablica (2011). Programa de Educaci\u00f3n Preescolar 2011. M\u00e9xico: SEP.<\/li>\n<li>Secretar\u00eda de Educaci\u00f3n P\u00fablica (2011). Programa de Estudios de Educaci\u00f3n Primaria 2011. M\u00e9xico: SEP.<\/li>\n<li>Secretar\u00eda de Educaci\u00f3n P\u00fablica (2011). Programa de Estudios de Educaci\u00f3n Secundaria 2011. M\u00e9xico: SEP<\/li>\n<\/ul>\n<h5>Elaboraci\u00f3n del Programa Anal\u00edtico Paso a Paso (Sergio Tob\u00f3n)<\/h5>\n<p><iframe loading=\"lazy\" title=\"Programa anal\u00edtico\" src=\"https:\/\/drive.google.com\/file\/d\/1llWmuJ0SrXU1yk-YNvNyevwqkjlzJ6_t\/preview\" width=\"100%\" height=\"600\"><span data-mce-type=\"bookmark\" style=\"display: inline-block; width: 0px; overflow: hidden; line-height: 0;\" class=\"mce_SELRES_start\">\ufeff<\/span><span data-mce-type=\"bookmark\" style=\"display: inline-block; width: 0px; overflow: hidden; line-height: 0;\" class=\"mce_SELRES_start\">\ufeff<\/span><\/iframe><\/p>\n<p><!--Comentario en html--><\/p>\n<p><!--Comentario en html--><\/p>\n<h5>Elaboraci\u00f3n del Programa Anal\u00edtico. C\u00f3mo hacerlo Paso a Paso (Profr. Santos Rivera)<\/h5>\n<p><iframe loading=\"lazy\" title=\"Programa anal\u00edtico\" src=\"https:\/\/drive.google.com\/file\/d\/1jRJFfaoKAil4HhPDSWrW3N2nfaR81yF7\/preview\" width=\"100%\" height=\"600\"><\/iframe><\/p>\n<p><!--Comentario en html--><\/p>\n<p style=\"text-align: center;\">ENLACE DE LECTURA:\u00a0\u00a0<a href=\"https:\/\/mega.nz\/folder\/byQVCAxT#XQG-fsolzjmvKKR2rgLhxQ\" target=\"_blank\" rel=\"noopener\">ELABORACI\u00d3N DEL PROGRAMA ANAL\u00cdTICO PASO A PASO<\/a><\/p>\n\t\t<div class=\"pk-inline-posts\">\n\t\t\t\n\t\t\t<div class=\"pk-inline-posts-container pk-inline-posts-template-list\"\n\t\t\t\tdata-columns=\"1\">\n\t\t\t\t\t\t<article id=\"post-118538\" class=\"post-118538 post type-post status-publish format-standard has-post-thumbnail category-descargas-manuales-pdf category-pedagogia category-tea tag-aprendizaje tag-aula tag-crisis-educativa tag-docentes tag-educacion-3 tag-escuela tag-pedagogia-3 tag-reflexion-docente-2 tag-rol-docente tag-sistema-educativo cs-entry cs-video-wrap\">\n\t\t\t<div class=\"pk-post-outer\">\n\n\t\t\t\t\t\t\t\t<div class=\"pk-post-inner\">\n\t\t\t\t\t<div class=\"entry-thumbnail\">\n\t\t\t\t\t\t<div class=\"pk-overlay pk-overlay-ratio pk-ratio-landscape\">\n\t\t\t\t\t\t\t<div class=\"pk-overlay-background\">\n\t\t\t\t\t\t\t\t<a href=\"https:\/\/webdelmaestrocmf.com\/portal\/nuevo-recurso-clave-para-el-aula-descarga-una-lista-de-control-para-la-deteccion-inicial-del-tea-trastorno-del-espectro-autista\/\" class=\"pk-overlay-link\">\n\t\t\t\t\t\t\t\t\t<img loading=\"lazy\" decoding=\"async\" width=\"300\" height=\"225\" src=\"https:\/\/webdelmaestrocmf.com\/portal\/wp-content\/uploads\/2026\/05\/1AA-Banner-1-portada-imagen-10-1-copia-1-300x225.webp\" class=\"attachment-pk-thumbnail size-pk-thumbnail wp-post-image\" alt=\"\" \/>\t\t\t\t\t\t\t\t<\/a>\n\t\t\t\t\t\t\t<\/div>\n\t\t\t\t\t\t<\/div>\n\t\t\t\t\t<\/div>\n\t\t\t\t<\/div>\n\t\t\t\t\n\t\t\t\t<div class=\"pk-post-inner\">\n\t\t\t\t\t<header>\n\t\t\t\t\t\t<h3 class=\"pk-title\"><a href=\"https:\/\/webdelmaestrocmf.com\/portal\/nuevo-recurso-clave-para-el-aula-descarga-una-lista-de-control-para-la-deteccion-inicial-del-tea-trastorno-del-espectro-autista\/\" rel=\"bookmark\">Nuevo recurso clave para el aula: descarga una lista de control para la detecci\u00f3n inicial del TEA (Trastorno del Espectro Autista)<\/a><\/h3>\t\t\t\t\t<\/header><!-- .entry-header -->\n\t\t\t\t<\/div><!-- .post-inner -->\n\n\t\t\t<\/div><!-- .post-outer -->\n\t\t<\/article>\n\t\t\t<article id=\"post-101267\" class=\"post-101267 post type-post status-publish format-standard has-post-thumbnail category-calculo category-descargas-manuales-pdf category-pedagogia tag-calculo tag-desarrollar tag-guia tag-mental tag-ninos cs-entry cs-video-wrap\">\n\t\t\t<div class=\"pk-post-outer\">\n\n\t\t\t\t\t\t\t\t<div class=\"pk-post-inner\">\n\t\t\t\t\t<div class=\"entry-thumbnail\">\n\t\t\t\t\t\t<div class=\"pk-overlay pk-overlay-ratio pk-ratio-landscape\">\n\t\t\t\t\t\t\t<div class=\"pk-overlay-background\">\n\t\t\t\t\t\t\t\t<a href=\"https:\/\/webdelmaestrocmf.com\/portal\/guia-para-desarrollar-el-calculo-mental-en-ninos\/\" class=\"pk-overlay-link\">\n\t\t\t\t\t\t\t\t\t<img loading=\"lazy\" decoding=\"async\" width=\"300\" height=\"225\" src=\"https:\/\/webdelmaestrocmf.com\/portal\/wp-content\/uploads\/2023\/11\/1AA-Banner-1-portada-imagen-10-1-copia-1-300x225.webp\" class=\"attachment-pk-thumbnail size-pk-thumbnail wp-post-image\" alt=\"\" \/>\t\t\t\t\t\t\t\t<\/a>\n\t\t\t\t\t\t\t<\/div>\n\t\t\t\t\t\t<\/div>\n\t\t\t\t\t<\/div>\n\t\t\t\t<\/div>\n\t\t\t\t\n\t\t\t\t<div class=\"pk-post-inner\">\n\t\t\t\t\t<header>\n\t\t\t\t\t\t<h3 class=\"pk-title\"><a href=\"https:\/\/webdelmaestrocmf.com\/portal\/guia-para-desarrollar-el-calculo-mental-en-ninos\/\" rel=\"bookmark\">Gu\u00eda pr\u00e1ctica para desarrollar el c\u00e1lculo mental en ni\u00f1os: descarga los tres cuadernillos de c\u00e1lculo mental<\/a><\/h3>\t\t\t\t\t<\/header><!-- .entry-header -->\n\t\t\t\t<\/div><!-- .post-inner -->\n\n\t\t\t<\/div><!-- .post-outer -->\n\t\t<\/article>\n\t\t\t<article id=\"post-95551\" class=\"post-95551 post type-post status-publish format-standard has-post-thumbnail category-deficit-de-atencion category-descargas-manuales-pdf category-pedagogia tag-actividades-al-aire-libre tag-actividades-en-casa tag-actividades-escolares tag-ambiente-de-aprendizaje tag-atencion tag-atencion-plena tag-comprension-lectora tag-concentracion tag-desarrollo-cognitivo tag-educacion tag-ejercicios-de-atencion tag-ejercicios-de-respiracion tag-estrategias-educativas tag-habilidades-de-atencio tag-herramientas-visuales tag-juegos-de-atencion tag-juegos-de-mesa tag-lectura-conjunta tag-limitar-tiempo-de-pantalla tag-mindfulness tag-ninos-distraidos tag-organizacion tag-pausas-activas tag-rompecabezas tag-rutinas tag-tareas-domesticas tag-tdah tag-tecnicas-de-concentracion tag-tiempo-de-silencio cs-entry cs-video-wrap\">\n\t\t\t<div class=\"pk-post-outer\">\n\n\t\t\t\t\t\t\t\t<div class=\"pk-post-inner\">\n\t\t\t\t\t<div class=\"entry-thumbnail\">\n\t\t\t\t\t\t<div class=\"pk-overlay pk-overlay-ratio pk-ratio-landscape\">\n\t\t\t\t\t\t\t<div class=\"pk-overlay-background\">\n\t\t\t\t\t\t\t\t<a href=\"https:\/\/webdelmaestrocmf.com\/portal\/como-educar-a-ninos-distraidos-o-despistados-que-se-puede-hacer-en-clase\/\" class=\"pk-overlay-link\">\n\t\t\t\t\t\t\t\t\t<img loading=\"lazy\" decoding=\"async\" width=\"300\" height=\"225\" src=\"https:\/\/webdelmaestrocmf.com\/portal\/wp-content\/uploads\/2023\/09\/1A-Banner-1-portada-imagen-10-1-copia-1-300x225.jpg\" class=\"attachment-pk-thumbnail size-pk-thumbnail wp-post-image\" alt=\"\" \/>\t\t\t\t\t\t\t\t<\/a>\n\t\t\t\t\t\t\t<\/div>\n\t\t\t\t\t\t<\/div>\n\t\t\t\t\t<\/div>\n\t\t\t\t<\/div>\n\t\t\t\t\n\t\t\t\t<div class=\"pk-post-inner\">\n\t\t\t\t\t<header>\n\t\t\t\t\t\t<h3 class=\"pk-title\"><a href=\"https:\/\/webdelmaestrocmf.com\/portal\/como-educar-a-ninos-distraidos-o-despistados-que-se-puede-hacer-en-clase\/\" rel=\"bookmark\">C\u00f3mo educar a ni\u00f1os distra\u00eddos o despistados. \u00bfQu\u00e9 se puede hacer en clase? Descarga las 80 actividades para trabajar la atenci\u00f3n en clases<\/a><\/h3>\t\t\t\t\t<\/header><!-- .entry-header -->\n\t\t\t\t<\/div><!-- .post-inner -->\n\n\t\t\t<\/div><!-- .post-outer -->\n\t\t<\/article>\n\t\t\t\t<\/div>\n\t\t<\/div>\n\t\t\n","protected":false},"excerpt":{"rendered":"Queremos compartirles dos documentos en PDF sobre la \u00abElaboraci\u00f3n del Programa Anal\u00edtico\u00bb, realizados por los profesores Sergio Tob\u00f3n&hellip;","protected":false},"author":1,"featured_media":88596,"comment_status":"open","ping_status":"closed","sticky":false,"template":"","format":"standard","meta":{"csco_display_header_overlay":false,"csco_singular_sidebar":"default","csco_page_header_type":"default","csco_page_load_nextpost":"default","csco_post_video_location":[],"csco_post_video_location_hash":"","csco_post_video_url":"","csco_post_video_bg_start_time":0,"csco_post_video_bg_end_time":0,"csco_post_video_bg_volume":false,"_jetpack_memberships_contains_paid_content":false,"footnotes":""},"categories":[2004,16198,735],"tags":[15052,22476,22477,1970,22479,22478,22475,15863,1817,17809],"class_list":{"0":"post-88590","1":"post","2":"type-post","3":"status-publish","4":"format-standard","5":"has-post-thumbnail","7":"category-descargas-manuales-pdf","8":"category-programa-analitico","9":"category-pedagogia","10":"tag-analitico","11":"tag-como-elaborar-el-programa-analitico","12":"tag-ejemplos-de-programa-analitico","13":"tag-elaboracion","14":"tag-guia-de-programa-analitico","15":"tag-integracion-del-programa-analitico","16":"tag-materiales-para-desarrollar-el-programa-analitico","17":"tag-paso-a-paso","18":"tag-programa","19":"tag-programa-analitico","20":"cs-entry","21":"cs-video-wrap"},"yoast_head":"<!-- This site is optimized with the Yoast SEO plugin v27.5 - https:\/\/yoast.com\/product\/yoast-seo-wordpress\/ -->\n<title>Elaboraci\u00f3n del Programa Anal\u00edtico Paso a Paso - 2026<\/title>\n<meta name=\"description\" content=\"El programa anal\u00edtico consiste en el dise\u00f1o flexible de la formaci\u00f3n de las y los alumnos propuesta por el colectivo docente...\" \/>\n<meta name=\"robots\" content=\"index, follow, max-snippet:-1, max-image-preview:large, max-video-preview:-1\" \/>\n<link rel=\"canonical\" href=\"https:\/\/webdelmaestrocmf.com\/portal\/elaboracion-del-programa-analitico-paso-a-paso\/\" \/>\n<meta property=\"og:locale\" content=\"es_ES\" \/>\n<meta property=\"og:type\" content=\"article\" \/>\n<meta property=\"og:title\" content=\"Elaboraci\u00f3n del Programa Anal\u00edtico Paso a Paso - 2026\" \/>\n<meta property=\"og:description\" content=\"El programa anal\u00edtico consiste en el dise\u00f1o flexible de la formaci\u00f3n de las y los alumnos propuesta por el colectivo docente...\" \/>\n<meta property=\"og:url\" content=\"https:\/\/webdelmaestrocmf.com\/portal\/elaboracion-del-programa-analitico-paso-a-paso\/\" \/>\n<meta property=\"og:site_name\" content=\"Web del Maestro CMF\" \/>\n<meta property=\"article:publisher\" content=\"https:\/\/www.facebook.com\/WebdelMaestroCMF\/\" \/>\n<meta property=\"article:author\" content=\"https:\/\/www.facebook.com\/WebdelMaestroCMF\/\" \/>\n<meta property=\"article:published_time\" content=\"2023-05-06T23:55:05+00:00\" \/>\n<meta property=\"article:modified_time\" content=\"2023-10-31T13:41:55+00:00\" \/>\n<meta property=\"og:image\" content=\"https:\/\/webdelmaestrocmf.com\/portal\/wp-content\/uploads\/2023\/05\/A12B3C4D-57.jpg\" \/>\n\t<meta property=\"og:image:width\" content=\"900\" \/>\n\t<meta property=\"og:image:height\" content=\"556\" \/>\n\t<meta property=\"og:image:type\" content=\"image\/jpeg\" \/>\n<meta name=\"author\" content=\"Web del Maestro CMF\" \/>\n<meta name=\"twitter:card\" content=\"summary_large_image\" \/>\n<meta name=\"twitter:creator\" content=\"@cmf_w\" \/>\n<meta name=\"twitter:site\" content=\"@cmf_w\" \/>\n<script type=\"application\/ld+json\" class=\"yoast-schema-graph\">{\"@context\":\"https:\\\/\\\/schema.org\",\"@graph\":[{\"@type\":\"ScholarlyArticle\",\"@id\":\"https:\\\/\\\/webdelmaestrocmf.com\\\/portal\\\/elaboracion-del-programa-analitico-paso-a-paso\\\/#article\",\"isPartOf\":{\"@id\":\"https:\\\/\\\/webdelmaestrocmf.com\\\/portal\\\/elaboracion-del-programa-analitico-paso-a-paso\\\/\"},\"author\":{\"name\":\"Web del Maestro CMF\",\"@id\":\"https:\\\/\\\/webdelmaestrocmf.com\\\/portal\\\/#\\\/schema\\\/person\\\/1072a2ed7bd960df8ef99a551fa35dc5\"},\"headline\":\"Elaboraci\u00f3n del Programa Anal\u00edtico Paso a Paso\",\"datePublished\":\"2023-05-06T23:55:05+00:00\",\"dateModified\":\"2023-10-31T13:41:55+00:00\",\"mainEntityOfPage\":{\"@id\":\"https:\\\/\\\/webdelmaestrocmf.com\\\/portal\\\/elaboracion-del-programa-analitico-paso-a-paso\\\/\"},\"wordCount\":906,\"commentCount\":1,\"publisher\":{\"@id\":\"https:\\\/\\\/webdelmaestrocmf.com\\\/portal\\\/#organization\"},\"image\":{\"@id\":\"https:\\\/\\\/webdelmaestrocmf.com\\\/portal\\\/elaboracion-del-programa-analitico-paso-a-paso\\\/#primaryimage\"},\"thumbnailUrl\":\"https:\\\/\\\/webdelmaestrocmf.com\\\/portal\\\/wp-content\\\/uploads\\\/2023\\\/05\\\/A12B3C4D-57.jpg\",\"keywords\":[\"anal\u00edtico\",\"C\u00f3mo elaborar el Programa Anal\u00edtico\",\"ejemplos de Programa Anal\u00edtico\",\"ELABORACI\u00d3N\",\"Gu\u00eda de Programa Anal\u00edtico\",\"Integraci\u00f3n del programa anal\u00edtico\",\"Materiales para desarrollar el programa anal\u00edtico\",\"paso a paso\",\"PROGRAMA\",\"Programa anal\u00edtico\"],\"articleSection\":[\"Descargas Manuales PDF\",\"Programa Anal\u00edtico\",\"Recursos\"],\"inLanguage\":\"es\",\"potentialAction\":[{\"@type\":\"CommentAction\",\"name\":\"Comment\",\"target\":[\"https:\\\/\\\/webdelmaestrocmf.com\\\/portal\\\/elaboracion-del-programa-analitico-paso-a-paso\\\/#respond\"]}]},{\"@type\":\"WebPage\",\"@id\":\"https:\\\/\\\/webdelmaestrocmf.com\\\/portal\\\/elaboracion-del-programa-analitico-paso-a-paso\\\/\",\"url\":\"https:\\\/\\\/webdelmaestrocmf.com\\\/portal\\\/elaboracion-del-programa-analitico-paso-a-paso\\\/\",\"name\":\"Elaboraci\u00f3n del Programa Anal\u00edtico Paso a Paso - 2026\",\"isPartOf\":{\"@id\":\"https:\\\/\\\/webdelmaestrocmf.com\\\/portal\\\/#website\"},\"primaryImageOfPage\":{\"@id\":\"https:\\\/\\\/webdelmaestrocmf.com\\\/portal\\\/elaboracion-del-programa-analitico-paso-a-paso\\\/#primaryimage\"},\"image\":{\"@id\":\"https:\\\/\\\/webdelmaestrocmf.com\\\/portal\\\/elaboracion-del-programa-analitico-paso-a-paso\\\/#primaryimage\"},\"thumbnailUrl\":\"https:\\\/\\\/webdelmaestrocmf.com\\\/portal\\\/wp-content\\\/uploads\\\/2023\\\/05\\\/A12B3C4D-57.jpg\",\"datePublished\":\"2023-05-06T23:55:05+00:00\",\"dateModified\":\"2023-10-31T13:41:55+00:00\",\"description\":\"El programa anal\u00edtico consiste en el dise\u00f1o flexible de la formaci\u00f3n de las y los alumnos propuesta por el colectivo docente...\",\"breadcrumb\":{\"@id\":\"https:\\\/\\\/webdelmaestrocmf.com\\\/portal\\\/elaboracion-del-programa-analitico-paso-a-paso\\\/#breadcrumb\"},\"inLanguage\":\"es\",\"potentialAction\":[{\"@type\":\"ReadAction\",\"target\":[\"https:\\\/\\\/webdelmaestrocmf.com\\\/portal\\\/elaboracion-del-programa-analitico-paso-a-paso\\\/\"]}]},{\"@type\":\"ImageObject\",\"inLanguage\":\"es\",\"@id\":\"https:\\\/\\\/webdelmaestrocmf.com\\\/portal\\\/elaboracion-del-programa-analitico-paso-a-paso\\\/#primaryimage\",\"url\":\"https:\\\/\\\/webdelmaestrocmf.com\\\/portal\\\/wp-content\\\/uploads\\\/2023\\\/05\\\/A12B3C4D-57.jpg\",\"contentUrl\":\"https:\\\/\\\/webdelmaestrocmf.com\\\/portal\\\/wp-content\\\/uploads\\\/2023\\\/05\\\/A12B3C4D-57.jpg\",\"width\":900,\"height\":556,\"caption\":\"Programa Anal\u00edtico\"},{\"@type\":\"BreadcrumbList\",\"@id\":\"https:\\\/\\\/webdelmaestrocmf.com\\\/portal\\\/elaboracion-del-programa-analitico-paso-a-paso\\\/#breadcrumb\",\"itemListElement\":[{\"@type\":\"ListItem\",\"position\":1,\"name\":\"Portada\",\"item\":\"https:\\\/\\\/webdelmaestrocmf.com\\\/portal\\\/\"},{\"@type\":\"ListItem\",\"position\":2,\"name\":\"Recursos\",\"item\":\"https:\\\/\\\/webdelmaestrocmf.com\\\/portal\\\/category\\\/pedagogia\\\/\"},{\"@type\":\"ListItem\",\"position\":3,\"name\":\"Elaboraci\u00f3n del Programa Anal\u00edtico Paso a Paso\"}]},{\"@type\":\"WebSite\",\"@id\":\"https:\\\/\\\/webdelmaestrocmf.com\\\/portal\\\/#website\",\"url\":\"https:\\\/\\\/webdelmaestrocmf.com\\\/portal\\\/\",\"name\":\"Web del Maestro CMF\",\"description\":\"Maestros al servicio de la educaci\u00f3n\",\"publisher\":{\"@id\":\"https:\\\/\\\/webdelmaestrocmf.com\\\/portal\\\/#organization\"},\"alternateName\":\"WMCMF\",\"potentialAction\":[{\"@type\":\"SearchAction\",\"target\":{\"@type\":\"EntryPoint\",\"urlTemplate\":\"https:\\\/\\\/webdelmaestrocmf.com\\\/portal\\\/?s={search_term_string}\"},\"query-input\":{\"@type\":\"PropertyValueSpecification\",\"valueRequired\":true,\"valueName\":\"search_term_string\"}}],\"inLanguage\":\"es\"},{\"@type\":\"Organization\",\"@id\":\"https:\\\/\\\/webdelmaestrocmf.com\\\/portal\\\/#organization\",\"name\":\"Web del Maestro CMF\",\"alternateName\":\"WMCMF\",\"url\":\"https:\\\/\\\/webdelmaestrocmf.com\\\/portal\\\/\",\"logo\":{\"@type\":\"ImageObject\",\"inLanguage\":\"es\",\"@id\":\"https:\\\/\\\/webdelmaestrocmf.com\\\/portal\\\/#\\\/schema\\\/logo\\\/image\\\/\",\"url\":\"https:\\\/\\\/webdelmaestrocmf.com\\\/portal\\\/wp-content\\\/uploads\\\/2023\\\/01\\\/logo-wmcmf-2.png\",\"contentUrl\":\"https:\\\/\\\/webdelmaestrocmf.com\\\/portal\\\/wp-content\\\/uploads\\\/2023\\\/01\\\/logo-wmcmf-2.png\",\"width\":200,\"height\":60,\"caption\":\"Web del Maestro CMF\"},\"image\":{\"@id\":\"https:\\\/\\\/webdelmaestrocmf.com\\\/portal\\\/#\\\/schema\\\/logo\\\/image\\\/\"},\"sameAs\":[\"https:\\\/\\\/www.facebook.com\\\/WebdelMaestroCMF\\\/\",\"https:\\\/\\\/x.com\\\/cmf_w\",\"https:\\\/\\\/www.pinterest.com\\\/WMCMF\\\/\",\"https:\\\/\\\/www.linkedin.com\\\/company\\\/web-del-maestro-cmf\\\/\",\"https:\\\/\\\/www.instagram.com\\\/wmcmf\\\/\",\"https:\\\/\\\/www.youtube.com\\\/channel\\\/UCDPSvjbdodE5sHnC3OxutHw\",\"https:\\\/\\\/mastodon.social\\\/@wmcmf\",\"https:\\\/\\\/www.tiktok.com\\\/@webdelmaestrocmf\"]},{\"@type\":\"Person\",\"@id\":\"https:\\\/\\\/webdelmaestrocmf.com\\\/portal\\\/#\\\/schema\\\/person\\\/1072a2ed7bd960df8ef99a551fa35dc5\",\"name\":\"Web del Maestro CMF\",\"image\":{\"@type\":\"ImageObject\",\"inLanguage\":\"es\",\"@id\":\"https:\\\/\\\/secure.gravatar.com\\\/avatar\\\/23291dd5b5ae1077dcff3dbb04c3e02bd28403fa75af6d8787d5e97c5bbbe30b?s=96&d=mm&r=g\",\"url\":\"https:\\\/\\\/secure.gravatar.com\\\/avatar\\\/23291dd5b5ae1077dcff3dbb04c3e02bd28403fa75af6d8787d5e97c5bbbe30b?s=96&d=mm&r=g\",\"contentUrl\":\"https:\\\/\\\/secure.gravatar.com\\\/avatar\\\/23291dd5b5ae1077dcff3dbb04c3e02bd28403fa75af6d8787d5e97c5bbbe30b?s=96&d=mm&r=g\",\"caption\":\"Web del Maestro CMF\"},\"description\":\"Esta Web se cre\u00f3 sin fines de lucro, con fines educativos, cient\u00edficos y acad\u00e9micos, para personas que tengan dificultades y\\\/o inconvenientes en visualizar el material original. El objetivo es entregar recursos, compartir experiencias y materiales que ayuden a los padres de familia, maestros y estudiantes en su actualizaci\u00f3n y formaci\u00f3n permanente, en bien de la Educaci\u00f3n.\",\"sameAs\":[\"http:\\\/\\\/webdelmaestrocmf.com\\\/portal\",\"https:\\\/\\\/www.facebook.com\\\/WebdelMaestroCMF\\\/\",\"https:\\\/\\\/www.instagram.com\\\/wmcmf\\\/\",\"https:\\\/\\\/cl.linkedin.com\\\/company\\\/web-del-maestro-cmf\",\"https:\\\/\\\/www.pinterest.com\\\/WMCMF\\\/publicaciones\\\/\",\"https:\\\/\\\/x.com\\\/cmf_w\",\"https:\\\/\\\/www.youtube.com\\\/@WMCMF\"]}]}<\/script>\n<!-- \/ Yoast SEO plugin. -->","yoast_head_json":{"title":"Elaboraci\u00f3n del Programa Anal\u00edtico Paso a Paso - 2026","description":"El programa anal\u00edtico consiste en el dise\u00f1o flexible de la formaci\u00f3n de las y los alumnos propuesta por el colectivo docente...","robots":{"index":"index","follow":"follow","max-snippet":"max-snippet:-1","max-image-preview":"max-image-preview:large","max-video-preview":"max-video-preview:-1"},"canonical":"https:\/\/webdelmaestrocmf.com\/portal\/elaboracion-del-programa-analitico-paso-a-paso\/","og_locale":"es_ES","og_type":"article","og_title":"Elaboraci\u00f3n del Programa Anal\u00edtico Paso a Paso - 2026","og_description":"El programa anal\u00edtico consiste en el dise\u00f1o flexible de la formaci\u00f3n de las y los alumnos propuesta por el colectivo docente...","og_url":"https:\/\/webdelmaestrocmf.com\/portal\/elaboracion-del-programa-analitico-paso-a-paso\/","og_site_name":"Web del Maestro CMF","article_publisher":"https:\/\/www.facebook.com\/WebdelMaestroCMF\/","article_author":"https:\/\/www.facebook.com\/WebdelMaestroCMF\/","article_published_time":"2023-05-06T23:55:05+00:00","article_modified_time":"2023-10-31T13:41:55+00:00","og_image":[{"width":900,"height":556,"url":"https:\/\/webdelmaestrocmf.com\/portal\/wp-content\/uploads\/2023\/05\/A12B3C4D-57.jpg","type":"image\/jpeg"}],"author":"Web del Maestro CMF","twitter_card":"summary_large_image","twitter_creator":"@cmf_w","twitter_site":"@cmf_w","schema":{"@context":"https:\/\/schema.org","@graph":[{"@type":"ScholarlyArticle","@id":"https:\/\/webdelmaestrocmf.com\/portal\/elaboracion-del-programa-analitico-paso-a-paso\/#article","isPartOf":{"@id":"https:\/\/webdelmaestrocmf.com\/portal\/elaboracion-del-programa-analitico-paso-a-paso\/"},"author":{"name":"Web del Maestro CMF","@id":"https:\/\/webdelmaestrocmf.com\/portal\/#\/schema\/person\/1072a2ed7bd960df8ef99a551fa35dc5"},"headline":"Elaboraci\u00f3n del Programa Anal\u00edtico Paso a Paso","datePublished":"2023-05-06T23:55:05+00:00","dateModified":"2023-10-31T13:41:55+00:00","mainEntityOfPage":{"@id":"https:\/\/webdelmaestrocmf.com\/portal\/elaboracion-del-programa-analitico-paso-a-paso\/"},"wordCount":906,"commentCount":1,"publisher":{"@id":"https:\/\/webdelmaestrocmf.com\/portal\/#organization"},"image":{"@id":"https:\/\/webdelmaestrocmf.com\/portal\/elaboracion-del-programa-analitico-paso-a-paso\/#primaryimage"},"thumbnailUrl":"https:\/\/webdelmaestrocmf.com\/portal\/wp-content\/uploads\/2023\/05\/A12B3C4D-57.jpg","keywords":["anal\u00edtico","C\u00f3mo elaborar el Programa Anal\u00edtico","ejemplos de Programa Anal\u00edtico","ELABORACI\u00d3N","Gu\u00eda de Programa Anal\u00edtico","Integraci\u00f3n del programa anal\u00edtico","Materiales para desarrollar el programa anal\u00edtico","paso a paso","PROGRAMA","Programa anal\u00edtico"],"articleSection":["Descargas Manuales PDF","Programa Anal\u00edtico","Recursos"],"inLanguage":"es","potentialAction":[{"@type":"CommentAction","name":"Comment","target":["https:\/\/webdelmaestrocmf.com\/portal\/elaboracion-del-programa-analitico-paso-a-paso\/#respond"]}]},{"@type":"WebPage","@id":"https:\/\/webdelmaestrocmf.com\/portal\/elaboracion-del-programa-analitico-paso-a-paso\/","url":"https:\/\/webdelmaestrocmf.com\/portal\/elaboracion-del-programa-analitico-paso-a-paso\/","name":"Elaboraci\u00f3n del Programa Anal\u00edtico Paso a Paso - 2026","isPartOf":{"@id":"https:\/\/webdelmaestrocmf.com\/portal\/#website"},"primaryImageOfPage":{"@id":"https:\/\/webdelmaestrocmf.com\/portal\/elaboracion-del-programa-analitico-paso-a-paso\/#primaryimage"},"image":{"@id":"https:\/\/webdelmaestrocmf.com\/portal\/elaboracion-del-programa-analitico-paso-a-paso\/#primaryimage"},"thumbnailUrl":"https:\/\/webdelmaestrocmf.com\/portal\/wp-content\/uploads\/2023\/05\/A12B3C4D-57.jpg","datePublished":"2023-05-06T23:55:05+00:00","dateModified":"2023-10-31T13:41:55+00:00","description":"El programa anal\u00edtico consiste en el dise\u00f1o flexible de la formaci\u00f3n de las y los alumnos propuesta por el colectivo docente...","breadcrumb":{"@id":"https:\/\/webdelmaestrocmf.com\/portal\/elaboracion-del-programa-analitico-paso-a-paso\/#breadcrumb"},"inLanguage":"es","potentialAction":[{"@type":"ReadAction","target":["https:\/\/webdelmaestrocmf.com\/portal\/elaboracion-del-programa-analitico-paso-a-paso\/"]}]},{"@type":"ImageObject","inLanguage":"es","@id":"https:\/\/webdelmaestrocmf.com\/portal\/elaboracion-del-programa-analitico-paso-a-paso\/#primaryimage","url":"https:\/\/webdelmaestrocmf.com\/portal\/wp-content\/uploads\/2023\/05\/A12B3C4D-57.jpg","contentUrl":"https:\/\/webdelmaestrocmf.com\/portal\/wp-content\/uploads\/2023\/05\/A12B3C4D-57.jpg","width":900,"height":556,"caption":"Programa Anal\u00edtico"},{"@type":"BreadcrumbList","@id":"https:\/\/webdelmaestrocmf.com\/portal\/elaboracion-del-programa-analitico-paso-a-paso\/#breadcrumb","itemListElement":[{"@type":"ListItem","position":1,"name":"Portada","item":"https:\/\/webdelmaestrocmf.com\/portal\/"},{"@type":"ListItem","position":2,"name":"Recursos","item":"https:\/\/webdelmaestrocmf.com\/portal\/category\/pedagogia\/"},{"@type":"ListItem","position":3,"name":"Elaboraci\u00f3n del Programa Anal\u00edtico Paso a Paso"}]},{"@type":"WebSite","@id":"https:\/\/webdelmaestrocmf.com\/portal\/#website","url":"https:\/\/webdelmaestrocmf.com\/portal\/","name":"Web del Maestro CMF","description":"Maestros al servicio de la educaci\u00f3n","publisher":{"@id":"https:\/\/webdelmaestrocmf.com\/portal\/#organization"},"alternateName":"WMCMF","potentialAction":[{"@type":"SearchAction","target":{"@type":"EntryPoint","urlTemplate":"https:\/\/webdelmaestrocmf.com\/portal\/?s={search_term_string}"},"query-input":{"@type":"PropertyValueSpecification","valueRequired":true,"valueName":"search_term_string"}}],"inLanguage":"es"},{"@type":"Organization","@id":"https:\/\/webdelmaestrocmf.com\/portal\/#organization","name":"Web del Maestro CMF","alternateName":"WMCMF","url":"https:\/\/webdelmaestrocmf.com\/portal\/","logo":{"@type":"ImageObject","inLanguage":"es","@id":"https:\/\/webdelmaestrocmf.com\/portal\/#\/schema\/logo\/image\/","url":"https:\/\/webdelmaestrocmf.com\/portal\/wp-content\/uploads\/2023\/01\/logo-wmcmf-2.png","contentUrl":"https:\/\/webdelmaestrocmf.com\/portal\/wp-content\/uploads\/2023\/01\/logo-wmcmf-2.png","width":200,"height":60,"caption":"Web del Maestro CMF"},"image":{"@id":"https:\/\/webdelmaestrocmf.com\/portal\/#\/schema\/logo\/image\/"},"sameAs":["https:\/\/www.facebook.com\/WebdelMaestroCMF\/","https:\/\/x.com\/cmf_w","https:\/\/www.pinterest.com\/WMCMF\/","https:\/\/www.linkedin.com\/company\/web-del-maestro-cmf\/","https:\/\/www.instagram.com\/wmcmf\/","https:\/\/www.youtube.com\/channel\/UCDPSvjbdodE5sHnC3OxutHw","https:\/\/mastodon.social\/@wmcmf","https:\/\/www.tiktok.com\/@webdelmaestrocmf"]},{"@type":"Person","@id":"https:\/\/webdelmaestrocmf.com\/portal\/#\/schema\/person\/1072a2ed7bd960df8ef99a551fa35dc5","name":"Web del Maestro CMF","image":{"@type":"ImageObject","inLanguage":"es","@id":"https:\/\/secure.gravatar.com\/avatar\/23291dd5b5ae1077dcff3dbb04c3e02bd28403fa75af6d8787d5e97c5bbbe30b?s=96&d=mm&r=g","url":"https:\/\/secure.gravatar.com\/avatar\/23291dd5b5ae1077dcff3dbb04c3e02bd28403fa75af6d8787d5e97c5bbbe30b?s=96&d=mm&r=g","contentUrl":"https:\/\/secure.gravatar.com\/avatar\/23291dd5b5ae1077dcff3dbb04c3e02bd28403fa75af6d8787d5e97c5bbbe30b?s=96&d=mm&r=g","caption":"Web del Maestro CMF"},"description":"Esta Web se cre\u00f3 sin fines de lucro, con fines educativos, cient\u00edficos y acad\u00e9micos, para personas que tengan dificultades y\/o inconvenientes en visualizar el material original. El objetivo es entregar recursos, compartir experiencias y materiales que ayuden a los padres de familia, maestros y estudiantes en su actualizaci\u00f3n y formaci\u00f3n permanente, en bien de la Educaci\u00f3n.","sameAs":["http:\/\/webdelmaestrocmf.com\/portal","https:\/\/www.facebook.com\/WebdelMaestroCMF\/","https:\/\/www.instagram.com\/wmcmf\/","https:\/\/cl.linkedin.com\/company\/web-del-maestro-cmf","https:\/\/www.pinterest.com\/WMCMF\/publicaciones\/","https:\/\/x.com\/cmf_w","https:\/\/www.youtube.com\/@WMCMF"]}]}},"jetpack_featured_media_url":"https:\/\/webdelmaestrocmf.com\/portal\/wp-content\/uploads\/2023\/05\/A12B3C4D-57.jpg","jetpack_sharing_enabled":true,"jetpack-related-posts":[{"id":90836,"url":"https:\/\/webdelmaestrocmf.com\/portal\/programa-analitico-para-todos-los-grados-materiales-para-apoyar-la-elaboracion\/","url_meta":{"origin":88590,"position":0},"title":"Programa anal\u00edtico para todos los grados: Materiales para apoyar la elaboraci\u00f3n","author":"Web del Maestro CMF","date":"20 julio, 2023","format":false,"excerpt":"El Programa Anal\u00edtico es una estrategia educativa que se centra en la planeaci\u00f3n flexible del proceso de formaci\u00f3n para un ciclo escolar, espec\u00edficamente por fase y grado, con el objetivo de contextualizar los contenidos de los programas sint\u00e9ticos a los problemas y la identidad cultural de la comunidad en la\u2026","rel":"","context":"En \u00abPrograma Anal\u00edtico\u00bb","block_context":{"text":"Programa Anal\u00edtico","link":"https:\/\/webdelmaestrocmf.com\/portal\/category\/pedagogia\/programa-analitico\/"},"img":{"alt_text":"Programa anal\u00edtico","src":"https:\/\/i0.wp.com\/webdelmaestrocmf.com\/portal\/wp-content\/uploads\/2023\/07\/A12B3C4D-19.jpg?resize=350%2C200&ssl=1","width":350,"height":200,"srcset":"https:\/\/i0.wp.com\/webdelmaestrocmf.com\/portal\/wp-content\/uploads\/2023\/07\/A12B3C4D-19.jpg?resize=350%2C200&ssl=1 1x, https:\/\/i0.wp.com\/webdelmaestrocmf.com\/portal\/wp-content\/uploads\/2023\/07\/A12B3C4D-19.jpg?resize=525%2C300&ssl=1 1.5x, https:\/\/i0.wp.com\/webdelmaestrocmf.com\/portal\/wp-content\/uploads\/2023\/07\/A12B3C4D-19.jpg?resize=700%2C400&ssl=1 2x"},"classes":[]},{"id":85860,"url":"https:\/\/webdelmaestrocmf.com\/portal\/elaboracion-del-programa-analitico-avance-del-contenido-para-el-libro-del-docente-el-diseno-creativo\/","url_meta":{"origin":88590,"position":1},"title":"Elaboraci\u00f3n del Programa Anal\u00edtico: Avance del contenido para el libro del docente. El dise\u00f1o creativo","author":"Web del Maestro CMF","date":"19 marzo, 2023","format":false,"excerpt":"El programa anal\u00edtico es una estrategia para la contextualizaci\u00f3n que los maestros, como colectivo escolar, llevan a cabo a partir de los programas sint\u00e9ticos, de acuerdo con las condiciones de su situaci\u00f3n comunitaria, escolar y, en particular, de su grupo escolar. En el entendido de que un cambio curricular cobra\u2026","rel":"","context":"En \u00abDescargas Manuales PDF\u00bb","block_context":{"text":"Descargas Manuales PDF","link":"https:\/\/webdelmaestrocmf.com\/portal\/category\/pedagogia\/descargas-manuales-pdf\/"},"img":{"alt_text":"","src":"https:\/\/i0.wp.com\/webdelmaestrocmf.com\/portal\/wp-content\/uploads\/2023\/03\/A12B3C4D-21.jpg?resize=350%2C200&ssl=1","width":350,"height":200,"srcset":"https:\/\/i0.wp.com\/webdelmaestrocmf.com\/portal\/wp-content\/uploads\/2023\/03\/A12B3C4D-21.jpg?resize=350%2C200&ssl=1 1x, https:\/\/i0.wp.com\/webdelmaestrocmf.com\/portal\/wp-content\/uploads\/2023\/03\/A12B3C4D-21.jpg?resize=525%2C300&ssl=1 1.5x, https:\/\/i0.wp.com\/webdelmaestrocmf.com\/portal\/wp-content\/uploads\/2023\/03\/A12B3C4D-21.jpg?resize=700%2C400&ssl=1 2x"},"classes":[]},{"id":112375,"url":"https:\/\/webdelmaestrocmf.com\/portal\/realiza-tu-programa-analitico-con-ia-en-menos-de-20-minutos-con-este-tutorial\/","url_meta":{"origin":88590,"position":2},"title":"Realiza tu programa anal\u00edtico con IA en menos de 20 minutos con este tutorial","author":"Web del Maestro CMF","date":"1 octubre, 2025","format":false,"excerpt":"Con inteligencia artificial los docentes pueden crear su programa anal\u00edtico en minutos, optimizando tiempo, estrategias y planificaci\u00f3n escolar efectiva.","rel":"","context":"En \u00abTecnolog\u00eda\u00bb","block_context":{"text":"Tecnolog\u00eda","link":"https:\/\/webdelmaestrocmf.com\/portal\/category\/tecnologia\/"},"img":{"alt_text":"","src":"https:\/\/i0.wp.com\/webdelmaestrocmf.com\/portal\/wp-content\/uploads\/2025\/10\/1A-Banner-1-portada-imagen-10-1-copia-3.jpg?resize=350%2C200&ssl=1","width":350,"height":200,"srcset":"https:\/\/i0.wp.com\/webdelmaestrocmf.com\/portal\/wp-content\/uploads\/2025\/10\/1A-Banner-1-portada-imagen-10-1-copia-3.jpg?resize=350%2C200&ssl=1 1x, https:\/\/i0.wp.com\/webdelmaestrocmf.com\/portal\/wp-content\/uploads\/2025\/10\/1A-Banner-1-portada-imagen-10-1-copia-3.jpg?resize=525%2C300&ssl=1 1.5x, https:\/\/i0.wp.com\/webdelmaestrocmf.com\/portal\/wp-content\/uploads\/2025\/10\/1A-Banner-1-portada-imagen-10-1-copia-3.jpg?resize=700%2C400&ssl=1 2x"},"classes":[]},{"id":82398,"url":"https:\/\/webdelmaestrocmf.com\/portal\/propuesta-didactica-codiseno-del-programa-analitico-para-el-taller-intensivo-de-formacion-continua-para-docentes-del-3-al-6-de-enero-de-2023\/","url_meta":{"origin":88590,"position":3},"title":"Propuesta did\u00e1ctica codise\u00f1o del Programa Anal\u00edtico para el Taller Intensivo de Formaci\u00f3n Continua para docentes","author":"Web del Maestro CMF","date":"5 enero, 2023","format":false,"excerpt":"El mandato popular expresado en las elecciones de 2018 instal\u00f3 un gobierno cuyo actuar est\u00e1 orientado a la transformaci\u00f3n de la vida p\u00fablica nacional que, en el campo de la educaci\u00f3n, deriv\u00f3 en la construcci\u00f3n de la Nueva Escuela Mexicana. En esta, ustedes son agentes fundamentales del proceso educativo y\u2026","rel":"","context":"En \u00abDescargas Manuales PDF\u00bb","block_context":{"text":"Descargas Manuales PDF","link":"https:\/\/webdelmaestrocmf.com\/portal\/category\/pedagogia\/descargas-manuales-pdf\/"},"img":{"alt_text":"","src":"https:\/\/i0.wp.com\/webdelmaestrocmf.com\/portal\/wp-content\/uploads\/2023\/01\/1-26.jpg?resize=350%2C200&ssl=1","width":350,"height":200,"srcset":"https:\/\/i0.wp.com\/webdelmaestrocmf.com\/portal\/wp-content\/uploads\/2023\/01\/1-26.jpg?resize=350%2C200&ssl=1 1x, https:\/\/i0.wp.com\/webdelmaestrocmf.com\/portal\/wp-content\/uploads\/2023\/01\/1-26.jpg?resize=525%2C300&ssl=1 1.5x, https:\/\/i0.wp.com\/webdelmaestrocmf.com\/portal\/wp-content\/uploads\/2023\/01\/1-26.jpg?resize=700%2C400&ssl=1 2x"},"classes":[]},{"id":85869,"url":"https:\/\/webdelmaestrocmf.com\/portal\/como-elaborar-un-programa-analitico\/","url_meta":{"origin":88590,"position":4},"title":"Como elaborar un Programa Anal\u00edtico","author":"Web del Maestro CMF","date":"19 marzo, 2023","format":false,"excerpt":"El Programa Anal\u00edtico de Educaci\u00f3n B\u00e1sica y secundaria es un plan de estudios dise\u00f1ado para guiar el aprendizaje de los estudiantes en los niveles de educaci\u00f3n primaria y secundaria. Este programa establece los objetivos de aprendizaje y los contenidos que los estudiantes deben dominar en cada grado escolar. Objetivo del\u2026","rel":"","context":"En \u00abDescargas Manuales PDF\u00bb","block_context":{"text":"Descargas Manuales PDF","link":"https:\/\/webdelmaestrocmf.com\/portal\/category\/pedagogia\/descargas-manuales-pdf\/"},"img":{"alt_text":"Programa","src":"https:\/\/i0.wp.com\/webdelmaestrocmf.com\/portal\/wp-content\/uploads\/2023\/03\/A12B3C4D-20.jpg?resize=350%2C200&ssl=1","width":350,"height":200,"srcset":"https:\/\/i0.wp.com\/webdelmaestrocmf.com\/portal\/wp-content\/uploads\/2023\/03\/A12B3C4D-20.jpg?resize=350%2C200&ssl=1 1x, https:\/\/i0.wp.com\/webdelmaestrocmf.com\/portal\/wp-content\/uploads\/2023\/03\/A12B3C4D-20.jpg?resize=525%2C300&ssl=1 1.5x, https:\/\/i0.wp.com\/webdelmaestrocmf.com\/portal\/wp-content\/uploads\/2023\/03\/A12B3C4D-20.jpg?resize=700%2C400&ssl=1 2x"},"classes":[]},{"id":95923,"url":"https:\/\/webdelmaestrocmf.com\/portal\/los-elementos-que-integran-el-programa-analitico\/","url_meta":{"origin":88590,"position":5},"title":"Los elementos que integran el programa anal\u00edtico","author":"Web del Maestro CMF","date":"25 enero, 2024","format":false,"excerpt":"El programa anal\u00edtico es un documento que describe la organizaci\u00f3n y el desarrollo del trabajo educativo en una escuela. Este documento se elabora de manera colaborativa por todos los maestros de la escuela y se basa en un diagn\u00f3stico de la realidad de la escuela, la comunidad y el contexto\u2026","rel":"","context":"En \u00abPrograma Anal\u00edtico\u00bb","block_context":{"text":"Programa Anal\u00edtico","link":"https:\/\/webdelmaestrocmf.com\/portal\/category\/pedagogia\/programa-analitico\/"},"img":{"alt_text":"programa anal\u00edtico","src":"https:\/\/i0.wp.com\/webdelmaestrocmf.com\/portal\/wp-content\/uploads\/2023\/09\/Banner-1-portada-imagen-10-33.jpg?resize=350%2C200&ssl=1","width":350,"height":200,"srcset":"https:\/\/i0.wp.com\/webdelmaestrocmf.com\/portal\/wp-content\/uploads\/2023\/09\/Banner-1-portada-imagen-10-33.jpg?resize=350%2C200&ssl=1 1x, https:\/\/i0.wp.com\/webdelmaestrocmf.com\/portal\/wp-content\/uploads\/2023\/09\/Banner-1-portada-imagen-10-33.jpg?resize=525%2C300&ssl=1 1.5x, https:\/\/i0.wp.com\/webdelmaestrocmf.com\/portal\/wp-content\/uploads\/2023\/09\/Banner-1-portada-imagen-10-33.jpg?resize=700%2C400&ssl=1 2x"},"classes":[]}],"_links":{"self":[{"href":"https:\/\/webdelmaestrocmf.com\/portal\/wp-json\/wp\/v2\/posts\/88590","targetHints":{"allow":["GET"]}}],"collection":[{"href":"https:\/\/webdelmaestrocmf.com\/portal\/wp-json\/wp\/v2\/posts"}],"about":[{"href":"https:\/\/webdelmaestrocmf.com\/portal\/wp-json\/wp\/v2\/types\/post"}],"author":[{"embeddable":true,"href":"https:\/\/webdelmaestrocmf.com\/portal\/wp-json\/wp\/v2\/users\/1"}],"replies":[{"embeddable":true,"href":"https:\/\/webdelmaestrocmf.com\/portal\/wp-json\/wp\/v2\/comments?post=88590"}],"version-history":[{"count":0,"href":"https:\/\/webdelmaestrocmf.com\/portal\/wp-json\/wp\/v2\/posts\/88590\/revisions"}],"wp:featuredmedia":[{"embeddable":true,"href":"https:\/\/webdelmaestrocmf.com\/portal\/wp-json\/wp\/v2\/media\/88596"}],"wp:attachment":[{"href":"https:\/\/webdelmaestrocmf.com\/portal\/wp-json\/wp\/v2\/media?parent=88590"}],"wp:term":[{"taxonomy":"category","embeddable":true,"href":"https:\/\/webdelmaestrocmf.com\/portal\/wp-json\/wp\/v2\/categories?post=88590"},{"taxonomy":"post_tag","embeddable":true,"href":"https:\/\/webdelmaestrocmf.com\/portal\/wp-json\/wp\/v2\/tags?post=88590"}],"curies":[{"name":"wp","href":"https:\/\/api.w.org\/{rel}","templated":true}]}}