{"id":88092,"date":"2023-04-26T19:24:53","date_gmt":"2023-04-26T23:24:53","guid":{"rendered":"https:\/\/webdelmaestrocmf.com\/portal\/?p=88092"},"modified":"2023-08-13T23:45:20","modified_gmt":"2023-08-14T03:45:20","slug":"proponen-que-la-primaria-y-secundaria-no-sean-obligatorias-en-argentina","status":"publish","type":"post","link":"https:\/\/webdelmaestrocmf.com\/portal\/proponen-que-la-primaria-y-secundaria-no-sean-obligatorias-en-argentina\/","title":{"rendered":"Proponen que la Primaria y Secundaria no sean obligatorias en Argentina"},"content":{"rendered":"<p style=\"text-align: justify;\"><strong>\u00abJavier Milei quiere terminar con la educaci\u00f3n primaria y secundaria obligatoria\u00bb ese es uno de los titulares que se puede leer en el portal P\u00e1gina 12.<\/strong><\/p>\n<p><!--more--><\/p>\n<p style=\"text-align: justify;\">El candidato de Libertad Avanza cit\u00f3 a Macri y dijo que \u00absi quer\u00e9s estudiar y no ten\u00e9s plata, vas a una escuela p\u00fablica\u00bb. Esa propuesta, que ejecut\u00f3 Pinochet durante la dictadura, ampli\u00f3 la brecha de calidad entre las escuelas privadas y las estatales en Chile.<\/p>\n<p style=\"text-align: justify;\">El candidato presidencial por la\u00a0<b>Libertad Avanza,\u00a0Javier Milei<\/b>, propuso<b>\u00a0eliminar la obligatoriedad en el sistema educativo\u00a0<\/b>y<b>\u00a0modificar el sistema p\u00fablico<\/b>\u00a0para brindar ese derecho a partir de\u00a0<b>la entrega de \u00abvouchers\u00bb<\/b>, para que quienes quieran estudiar elijan si ir a una escuela p\u00fablica o a una instituci\u00f3n privada en un sistema de competencia entre ambos sistemas y entre cada una de las instituciones educativas.<\/p>\n<p style=\"text-align: justify;\">\u00abEl Estado es un bicho que saca los recursos por la fuerza\u00bb, sostuvo Milei al hablar de la obligatorierad escolar y asegur\u00f3 que\u00a0<b>se trata de \u00abun problema de controlar a los seres humanos e imponer un patr\u00f3n moral\u00bb.\u00a0<\/b><\/p>\n<p style=\"text-align: justify;\">Milei se manifest\u00f3 en contra de sostener la obligatoriedad escolar durante una entrevista en radio Mitre.\u00a0<b>\u00ab\u00bfLa educaci\u00f3n p\u00fablica no tiene que ser obligatoria?\u00bb<\/b>, pregunt\u00f3 la periodista. \u00ab\u00bfVos quer\u00e9s obligar a un ser humano a que haga algo? No les est\u00e1 yendo muy bien con la obligatoriedad porque la gente va dejando en el camino. El sistema de la obligaci\u00f3n no funciona\u00bb, asegur\u00f3 el candidato a presidente.<\/p>\n<p style=\"text-align: justify;\">El debate surgi\u00f3 a partir del desarrollo por parte del\u00a0<b>candidato de la Libertad Avanza<\/b>\u00a0del cambio que propondr\u00eda para el sistema educativo. \u00abEl sistema como est\u00e1 no funciona. Lo que yo digo es hay que cambiar el sistema.\u00a0<b>En el fondo, \u00bfqu\u00e9 es el Estado? El Estado es un seguro<\/b>\u00ab, reflexion\u00f3 Milei en\u00a0<b>su codificaci\u00f3n de la realidad desde la perspectiva de mercado.\u00a0\u00a0<\/b><\/p>\n<h5 style=\"text-align: justify;\">La cita espont\u00e1nea a Mauricio Macri<\/h5>\n<p style=\"text-align: justify;\">En ese sentido, y citando a su autor de cabecera<b>\u00a0Friedrich Hayek<\/b>, Milei se\u00f1al\u00f3 que\u00a0<b>\u00abla gente quiere el seguro (el Estado), quiere esos bienes, porque los est\u00e1 pagando a trav\u00e9s de los impuestos<\/b>. Entonces, \u00bfc\u00f3mo hago para asegurarme que sea lo m\u00e1s parecido a la provisi\u00f3n que me dar\u00eda el mercado?\u00a0<b>Lo que ten\u00e9s que hacer es repartir vouchers\u00bb.\u00a0<\/b><\/p>\n<p style=\"text-align: justify;\">El candidato ultraliberal asegur\u00f3 que \u00abnadie se va a quedar fuera del sistema\u00bb e insisti\u00f3 en su idea, con\u00a0<b>una cita espont\u00e1nea a Mauricio Macri:<\/b>\u00a0\u00abLos recursos te los doy. Vos quer\u00e9s estudiar hoy y no ten\u00e9s plata, \u00bfQu\u00e9 hac\u00e9s? Vas a una escuela p\u00fablica?\u00bb. Pero confi\u00f3 en que con\u00a0<b>el sistema de \u00abvouchers\u00bb, \u00abla diferencia es no sos reh\u00e9n del sistema de adoctrinamiento del Estado\u00bb<\/b>, al poder elegir entre una instituci\u00f3n p\u00fablica o privada.<\/p>\n<p><img loading=\"lazy\" decoding=\"async\" class=\"alignnone size-full wp-image-88094\" src=\"https:\/\/webdelmaestrocmf.com\/portal\/wp-content\/uploads\/2023\/04\/ZA12B3C4D-87-47.jpg\" alt=\"\" width=\"700\" height=\"365\" srcset=\"https:\/\/webdelmaestrocmf.com\/portal\/wp-content\/uploads\/2023\/04\/ZA12B3C4D-87-47.jpg 700w, https:\/\/webdelmaestrocmf.com\/portal\/wp-content\/uploads\/2023\/04\/ZA12B3C4D-87-47-300x156.jpg 300w, https:\/\/webdelmaestrocmf.com\/portal\/wp-content\/uploads\/2023\/04\/ZA12B3C4D-87-47-110x57.jpg 110w, https:\/\/webdelmaestrocmf.com\/portal\/wp-content\/uploads\/2023\/04\/ZA12B3C4D-87-47-200x104.jpg 200w, https:\/\/webdelmaestrocmf.com\/portal\/wp-content\/uploads\/2023\/04\/ZA12B3C4D-87-47-380x198.jpg 380w, https:\/\/webdelmaestrocmf.com\/portal\/wp-content\/uploads\/2023\/04\/ZA12B3C4D-87-47-255x133.jpg 255w, https:\/\/webdelmaestrocmf.com\/portal\/wp-content\/uploads\/2023\/04\/ZA12B3C4D-87-47-550x287.jpg 550w\" sizes=\"auto, (max-width: 700px) 100vw, 700px\" \/><\/p>\n<p style=\"text-align: justify;\"><b>\u00abEn Estados Unidos ten\u00e9s universidades p\u00fablicas que cobran\u00bb<\/b>, ejemplific\u00f3 Milei, quien al inicio de la entrevista\u00a0<b>se apoy\u00f3 en los resultados de las\u00a0<a href=\"https:\/\/www.pagina12.com.ar\/diario\/sociedad\/3-235012-2013-12-05.html\" target=\"_blank\" rel=\"noopener\">pruebas PISA<\/a>\u00a0para sostener que \u00abla educaci\u00f3n es un desatre\u00bb<\/b>, pero\u00a0<b>olvid\u00f3 citar el sistema p\u00fablico de nivel universitario<\/b>, que tiene en la<u>\u00a0Universidad de Buenos Aires\u00a0<\/u>niveles de reconocimiento regional e\u00a0iberoamericano.<\/p>\n<p style=\"text-align: justify;\">\u00abTen\u00e9s un voucher ahora si vos quer\u00e9s estudiar, estudi\u00e1s, no es que no vas a tener la posibilidad\u00bb, concluy\u00f3 su idea sobre el cambio de sistema educativo y abri\u00f3 un debate sobre sostener o no la obligatoriedad.<u>\u00a0\u00abEso de andar poniendo pistolas en la cabeza a la gente para obligarla, a m\u00ed no me gusta\u00bb<\/u>,\u00a0<b>defini\u00f3 Milei<\/b>\u00a0el derecho a la educaci\u00f3n.<b><u><\/u><\/b><\/p>\n<h5 style=\"text-align: justify;\">C\u00f3mo es el sistema de vouchers de Milei<\/h5>\n<p style=\"text-align: justify;\"><b>El sistema de \u201cvouchers o cupones\u201d fue planteado por el monetarista Milton Friedman<\/b>\u00a0como una manera de suprimir esa \u201cisla de socialismo en el mar del libre mercado\u201d, haciendo referencia al sistema educativo norteamericano. La entrega de los \u201cvouchers\u201d y, por ende, de los fondos p\u00fablicos, variar\u00eda en consonancia con la cantidad de alumnos. Esa herramienta incentivar\u00eda a los elencos directivos de las escuelas a competir entre ellas para captar m\u00e1s estudiantes.\u00a0<u>De acuerdo con esa visi\u00f3n, la competencia elevar\u00eda la calidad del servicio educativo<\/u>.<\/p>\n<p><iframe loading=\"lazy\" title=\"MILEI sobre la EDUCACI\u00d3N P\u00daBLICA\" width=\"1200\" height=\"675\" src=\"https:\/\/www.youtube.com\/embed\/sz5Bv-u3qtE?feature=oembed\" frameborder=\"0\" allow=\"accelerometer; autoplay; clipboard-write; encrypted-media; gyroscope; picture-in-picture; web-share\" allowfullscreen><\/iframe><\/p>\n<p style=\"text-align: justify;\">Los defensores de esa mercantilizaci\u00f3n educativa resaltan la plena vigencia del derecho a elecci\u00f3n del consumidor. En esa l\u00ednea, Edwin West planteaba que \u201cun voucher educacional financiado a trav\u00e9s de los impuestos es un pago efectuado por el gobierno a una escuela elegida por el padre del ni\u00f1o\u201d.<\/p>\n<p style=\"text-align: justify;\"><b>El sistema fue puesto en marcha en Chile por la dictadura de Pinochet,<\/b>\u00a0fan\u00e1tica de las propuestas de Fridman, pero los resultados del experimento chileno permiten cuestionar las supuestas ventajas de ese paradigma educativo.\u00a0<u>La reforma pinochetista intensific\u00f3 la segregaci\u00f3n cultural en perjuicio de los sectores m\u00e1s empobrecidos<\/u>. La ampliaci\u00f3n de la brecha de calidad entre las escuelas privadas y las municipales fue una de las tantas consecuencias tangibles.<\/p>\n<p style=\"text-align: justify;\">Las devaluadas escuelas p\u00fablicas quedaron como el \u00fanico reducto para los estudiantes m\u00e1s vulnerables que no son \u201cseleccionados\u201d por los establecimientos privados.<\/p>\n<p style=\"text-align: justify;\">Pablo Mu\u00f1oz y Amaia Redondo se\u00f1alan en\u00a0<i>Desigualdad y logro acad\u00e9mico en Chile<\/i>\u00a0que \u201ccomenz\u00f3 un masivo ingreso de escuelas privadas subvencionadas, cuya participaci\u00f3n en el total de matr\u00edculas aument\u00f3 del 30 por ciento en 1986 al 48 por ciento en 2008\u201d.\u00a0<b><u>As\u00ed la d\u00e9cada del noventa fue testigo del cierre de 31 escuelas municipales<\/u><\/b>. La contracara de ese proceso fue la creaci\u00f3n de 523 nuevas escuelas particulares subvencionadas y 310 particulares pagas.<\/p>\n<p style=\"text-align: justify;\">Las sucesivas revueltas estudiantiles que llevaron al actual gobierno en Chile son una muestra clara de ad\u00f3nde lleva el sistema.<\/p>\n<p><strong>Este contenido ha sido publicado originalmente por P\u00e1gina 12 en la siguiente direcci\u00f3n: <a href=\"https:\/\/www.pagina12.com.ar\/542750-javier-milei-en-contra-de-la-educacion-obligatoria\" target=\"_blank\" rel=\"noopener\">pagina12.com.ar<\/a><\/strong><\/p>\n\t\t<div class=\"pk-inline-posts\">\n\t\t\t\n\t\t\t<div class=\"pk-inline-posts-container pk-inline-posts-template-list\"\n\t\t\t\tdata-columns=\"1\">\n\t\t\t\t\t\t<article id=\"post-114355\" class=\"post-114355 post type-post status-publish format-standard has-post-thumbnail category-docentes category-noticias-pedagogia category-pedagogia tag-derechos-del-nino tag-docentes-en-redes-sociales tag-educacion-responsable tag-etica-docente tag-legislacion-educativa tag-privacidad-infantil tag-profesores-influencers tag-proteccion-de-datos tag-uso-de-imagen cs-entry cs-video-wrap\">\n\t\t\t<div class=\"pk-post-outer\">\n\n\t\t\t\t\t\t\t\t<div class=\"pk-post-inner\">\n\t\t\t\t\t<div class=\"entry-thumbnail\">\n\t\t\t\t\t\t<div class=\"pk-overlay pk-overlay-ratio pk-ratio-landscape\">\n\t\t\t\t\t\t\t<div class=\"pk-overlay-background\">\n\t\t\t\t\t\t\t\t<a href=\"https:\/\/webdelmaestrocmf.com\/portal\/atencion-profesores-tiktokers-por-que-no-pueden-usar-imagenes-fotos-de-sus-estudiantes-en-redes-sociales-personales\/\" class=\"pk-overlay-link\">\n\t\t\t\t\t\t\t\t\t<img loading=\"lazy\" decoding=\"async\" width=\"300\" height=\"225\" src=\"https:\/\/webdelmaestrocmf.com\/portal\/wp-content\/uploads\/2025\/12\/1A-Banner-1-portada-imagen-10-1-copia-1-18-300x225.webp\" class=\"attachment-pk-thumbnail size-pk-thumbnail wp-post-image\" alt=\"\" \/>\t\t\t\t\t\t\t\t<\/a>\n\t\t\t\t\t\t\t<\/div>\n\t\t\t\t\t\t<\/div>\n\t\t\t\t\t<\/div>\n\t\t\t\t<\/div>\n\t\t\t\t\n\t\t\t\t<div class=\"pk-post-inner\">\n\t\t\t\t\t<header>\n\t\t\t\t\t\t<h3 class=\"pk-title\"><a href=\"https:\/\/webdelmaestrocmf.com\/portal\/atencion-profesores-tiktokers-por-que-no-pueden-usar-imagenes-fotos-de-sus-estudiantes-en-redes-sociales-personales\/\" rel=\"bookmark\">Atenci\u00f3n, profesores tiktokers: por qu\u00e9 no pueden usar im\u00e1genes (fotos) de sus estudiantes en redes sociales personales<\/a><\/h3>\t\t\t\t\t<\/header><!-- .entry-header -->\n\t\t\t\t<\/div><!-- .post-inner -->\n\n\t\t\t<\/div><!-- .post-outer -->\n\t\t<\/article>\n\t\t\t\t<\/div>\n\t\t<\/div>\n\t\t\n","protected":false},"excerpt":{"rendered":"\u00abJavier Milei quiere terminar con la educaci\u00f3n primaria y secundaria obligatoria\u00bb ese es uno de los titulares que&hellip;","protected":false},"author":1,"featured_media":88096,"comment_status":"open","ping_status":"closed","sticky":false,"template":"","format":"standard","meta":{"csco_display_header_overlay":false,"csco_singular_sidebar":"default","csco_page_header_type":"default","csco_page_load_nextpost":"default","csco_post_video_location":[],"csco_post_video_location_hash":"","csco_post_video_url":"","csco_post_video_bg_start_time":0,"csco_post_video_bg_end_time":0,"csco_post_video_bg_volume":false,"_jetpack_memberships_contains_paid_content":false,"footnotes":""},"categories":[5375,735],"tags":[955,16141,16142,2587,16140,714],"class_list":{"0":"post-88092","1":"post","2":"type-post","3":"status-publish","4":"format-standard","5":"has-post-thumbnail","7":"category-noticias-pedagogia","8":"category-pedagogia","9":"tag-argentina","10":"tag-no-sean","11":"tag-obligatorias","12":"tag-primaria","13":"tag-proponen","14":"tag-secundaria","15":"cs-entry","16":"cs-video-wrap"},"yoast_head":"<!-- This site is optimized with the Yoast SEO plugin v27.5 - https:\/\/yoast.com\/product\/yoast-seo-wordpress\/ -->\n<title>Proponen que la Primaria y Secundaria no sean obligatorias en Argentina - 2026<\/title>\n<meta name=\"description\" content=\"&quot;Javier Milei quiere terminar con la educaci\u00f3n primaria y secundaria obligatoria&quot; ese es uno de los titulares que se puede leer...\" \/>\n<meta name=\"robots\" content=\"index, follow, max-snippet:-1, max-image-preview:large, max-video-preview:-1\" \/>\n<link rel=\"canonical\" href=\"https:\/\/webdelmaestrocmf.com\/portal\/proponen-que-la-primaria-y-secundaria-no-sean-obligatorias-en-argentina\/\" \/>\n<meta property=\"og:locale\" content=\"es_ES\" \/>\n<meta property=\"og:type\" content=\"article\" \/>\n<meta property=\"og:title\" content=\"Proponen que la Primaria y Secundaria no sean obligatorias en Argentina - 2026\" \/>\n<meta property=\"og:description\" content=\"&quot;Javier Milei quiere terminar con la educaci\u00f3n primaria y secundaria obligatoria&quot; ese es uno de los titulares que se puede leer...\" \/>\n<meta property=\"og:url\" content=\"https:\/\/webdelmaestrocmf.com\/portal\/proponen-que-la-primaria-y-secundaria-no-sean-obligatorias-en-argentina\/\" \/>\n<meta property=\"og:site_name\" content=\"Web del Maestro CMF\" \/>\n<meta property=\"article:publisher\" content=\"https:\/\/www.facebook.com\/WebdelMaestroCMF\/\" \/>\n<meta property=\"article:author\" content=\"https:\/\/www.facebook.com\/WebdelMaestroCMF\/\" \/>\n<meta property=\"article:published_time\" content=\"2023-04-26T23:24:53+00:00\" \/>\n<meta property=\"article:modified_time\" content=\"2023-08-14T03:45:20+00:00\" \/>\n<meta property=\"og:image\" content=\"https:\/\/i0.wp.com\/webdelmaestrocmf.com\/portal\/wp-content\/uploads\/2023\/04\/A12B3C4D-35.jpg?fit=900%2C556&ssl=1\" \/>\n\t<meta property=\"og:image:width\" content=\"900\" \/>\n\t<meta property=\"og:image:height\" content=\"556\" \/>\n\t<meta property=\"og:image:type\" content=\"image\/jpeg\" \/>\n<meta name=\"author\" content=\"Web del Maestro CMF\" \/>\n<meta name=\"twitter:card\" content=\"summary_large_image\" \/>\n<meta name=\"twitter:creator\" content=\"@cmf_w\" \/>\n<meta name=\"twitter:site\" content=\"@cmf_w\" \/>\n<script type=\"application\/ld+json\" class=\"yoast-schema-graph\">{\"@context\":\"https:\\\/\\\/schema.org\",\"@graph\":[{\"@type\":\"ScholarlyArticle\",\"@id\":\"https:\\\/\\\/webdelmaestrocmf.com\\\/portal\\\/proponen-que-la-primaria-y-secundaria-no-sean-obligatorias-en-argentina\\\/#article\",\"isPartOf\":{\"@id\":\"https:\\\/\\\/webdelmaestrocmf.com\\\/portal\\\/proponen-que-la-primaria-y-secundaria-no-sean-obligatorias-en-argentina\\\/\"},\"author\":{\"name\":\"Web del Maestro CMF\",\"@id\":\"https:\\\/\\\/webdelmaestrocmf.com\\\/portal\\\/#\\\/schema\\\/person\\\/1072a2ed7bd960df8ef99a551fa35dc5\"},\"headline\":\"Proponen que la Primaria y Secundaria no sean obligatorias en Argentina\",\"datePublished\":\"2023-04-26T23:24:53+00:00\",\"dateModified\":\"2023-08-14T03:45:20+00:00\",\"mainEntityOfPage\":{\"@id\":\"https:\\\/\\\/webdelmaestrocmf.com\\\/portal\\\/proponen-que-la-primaria-y-secundaria-no-sean-obligatorias-en-argentina\\\/\"},\"wordCount\":987,\"commentCount\":0,\"publisher\":{\"@id\":\"https:\\\/\\\/webdelmaestrocmf.com\\\/portal\\\/#organization\"},\"image\":{\"@id\":\"https:\\\/\\\/webdelmaestrocmf.com\\\/portal\\\/proponen-que-la-primaria-y-secundaria-no-sean-obligatorias-en-argentina\\\/#primaryimage\"},\"thumbnailUrl\":\"https:\\\/\\\/webdelmaestrocmf.com\\\/portal\\\/wp-content\\\/uploads\\\/2023\\\/04\\\/A12B3C4D-35.jpg\",\"keywords\":[\"Argentina\",\"no sean\",\"obligatorias\",\"PRIMARIA\",\"Proponen\",\"SECUNDARIA\"],\"articleSection\":[\"Noticias\",\"Recursos\"],\"inLanguage\":\"es\",\"potentialAction\":[{\"@type\":\"CommentAction\",\"name\":\"Comment\",\"target\":[\"https:\\\/\\\/webdelmaestrocmf.com\\\/portal\\\/proponen-que-la-primaria-y-secundaria-no-sean-obligatorias-en-argentina\\\/#respond\"]}]},{\"@type\":\"WebPage\",\"@id\":\"https:\\\/\\\/webdelmaestrocmf.com\\\/portal\\\/proponen-que-la-primaria-y-secundaria-no-sean-obligatorias-en-argentina\\\/\",\"url\":\"https:\\\/\\\/webdelmaestrocmf.com\\\/portal\\\/proponen-que-la-primaria-y-secundaria-no-sean-obligatorias-en-argentina\\\/\",\"name\":\"Proponen que la Primaria y Secundaria no sean obligatorias en Argentina - 2026\",\"isPartOf\":{\"@id\":\"https:\\\/\\\/webdelmaestrocmf.com\\\/portal\\\/#website\"},\"primaryImageOfPage\":{\"@id\":\"https:\\\/\\\/webdelmaestrocmf.com\\\/portal\\\/proponen-que-la-primaria-y-secundaria-no-sean-obligatorias-en-argentina\\\/#primaryimage\"},\"image\":{\"@id\":\"https:\\\/\\\/webdelmaestrocmf.com\\\/portal\\\/proponen-que-la-primaria-y-secundaria-no-sean-obligatorias-en-argentina\\\/#primaryimage\"},\"thumbnailUrl\":\"https:\\\/\\\/webdelmaestrocmf.com\\\/portal\\\/wp-content\\\/uploads\\\/2023\\\/04\\\/A12B3C4D-35.jpg\",\"datePublished\":\"2023-04-26T23:24:53+00:00\",\"dateModified\":\"2023-08-14T03:45:20+00:00\",\"description\":\"\\\"Javier Milei quiere terminar con la educaci\u00f3n primaria y secundaria obligatoria\\\" ese es uno de los titulares que se puede leer...\",\"breadcrumb\":{\"@id\":\"https:\\\/\\\/webdelmaestrocmf.com\\\/portal\\\/proponen-que-la-primaria-y-secundaria-no-sean-obligatorias-en-argentina\\\/#breadcrumb\"},\"inLanguage\":\"es\",\"potentialAction\":[{\"@type\":\"ReadAction\",\"target\":[\"https:\\\/\\\/webdelmaestrocmf.com\\\/portal\\\/proponen-que-la-primaria-y-secundaria-no-sean-obligatorias-en-argentina\\\/\"]}]},{\"@type\":\"ImageObject\",\"inLanguage\":\"es\",\"@id\":\"https:\\\/\\\/webdelmaestrocmf.com\\\/portal\\\/proponen-que-la-primaria-y-secundaria-no-sean-obligatorias-en-argentina\\\/#primaryimage\",\"url\":\"https:\\\/\\\/webdelmaestrocmf.com\\\/portal\\\/wp-content\\\/uploads\\\/2023\\\/04\\\/A12B3C4D-35.jpg\",\"contentUrl\":\"https:\\\/\\\/webdelmaestrocmf.com\\\/portal\\\/wp-content\\\/uploads\\\/2023\\\/04\\\/A12B3C4D-35.jpg\",\"width\":900,\"height\":556},{\"@type\":\"BreadcrumbList\",\"@id\":\"https:\\\/\\\/webdelmaestrocmf.com\\\/portal\\\/proponen-que-la-primaria-y-secundaria-no-sean-obligatorias-en-argentina\\\/#breadcrumb\",\"itemListElement\":[{\"@type\":\"ListItem\",\"position\":1,\"name\":\"Portada\",\"item\":\"https:\\\/\\\/webdelmaestrocmf.com\\\/portal\\\/\"},{\"@type\":\"ListItem\",\"position\":2,\"name\":\"Recursos\",\"item\":\"https:\\\/\\\/webdelmaestrocmf.com\\\/portal\\\/category\\\/pedagogia\\\/\"},{\"@type\":\"ListItem\",\"position\":3,\"name\":\"Proponen que la Primaria y Secundaria no sean obligatorias en Argentina\"}]},{\"@type\":\"WebSite\",\"@id\":\"https:\\\/\\\/webdelmaestrocmf.com\\\/portal\\\/#website\",\"url\":\"https:\\\/\\\/webdelmaestrocmf.com\\\/portal\\\/\",\"name\":\"Web del Maestro CMF\",\"description\":\"Maestros al servicio de la educaci\u00f3n\",\"publisher\":{\"@id\":\"https:\\\/\\\/webdelmaestrocmf.com\\\/portal\\\/#organization\"},\"alternateName\":\"WMCMF\",\"potentialAction\":[{\"@type\":\"SearchAction\",\"target\":{\"@type\":\"EntryPoint\",\"urlTemplate\":\"https:\\\/\\\/webdelmaestrocmf.com\\\/portal\\\/?s={search_term_string}\"},\"query-input\":{\"@type\":\"PropertyValueSpecification\",\"valueRequired\":true,\"valueName\":\"search_term_string\"}}],\"inLanguage\":\"es\"},{\"@type\":\"Organization\",\"@id\":\"https:\\\/\\\/webdelmaestrocmf.com\\\/portal\\\/#organization\",\"name\":\"Web del Maestro CMF\",\"alternateName\":\"WMCMF\",\"url\":\"https:\\\/\\\/webdelmaestrocmf.com\\\/portal\\\/\",\"logo\":{\"@type\":\"ImageObject\",\"inLanguage\":\"es\",\"@id\":\"https:\\\/\\\/webdelmaestrocmf.com\\\/portal\\\/#\\\/schema\\\/logo\\\/image\\\/\",\"url\":\"https:\\\/\\\/webdelmaestrocmf.com\\\/portal\\\/wp-content\\\/uploads\\\/2023\\\/01\\\/logo-wmcmf-2.png\",\"contentUrl\":\"https:\\\/\\\/webdelmaestrocmf.com\\\/portal\\\/wp-content\\\/uploads\\\/2023\\\/01\\\/logo-wmcmf-2.png\",\"width\":200,\"height\":60,\"caption\":\"Web del Maestro CMF\"},\"image\":{\"@id\":\"https:\\\/\\\/webdelmaestrocmf.com\\\/portal\\\/#\\\/schema\\\/logo\\\/image\\\/\"},\"sameAs\":[\"https:\\\/\\\/www.facebook.com\\\/WebdelMaestroCMF\\\/\",\"https:\\\/\\\/x.com\\\/cmf_w\",\"https:\\\/\\\/www.pinterest.com\\\/WMCMF\\\/\",\"https:\\\/\\\/www.linkedin.com\\\/company\\\/web-del-maestro-cmf\\\/\",\"https:\\\/\\\/www.instagram.com\\\/wmcmf\\\/\",\"https:\\\/\\\/www.youtube.com\\\/channel\\\/UCDPSvjbdodE5sHnC3OxutHw\",\"https:\\\/\\\/mastodon.social\\\/@wmcmf\",\"https:\\\/\\\/www.tiktok.com\\\/@webdelmaestrocmf\"]},{\"@type\":\"Person\",\"@id\":\"https:\\\/\\\/webdelmaestrocmf.com\\\/portal\\\/#\\\/schema\\\/person\\\/1072a2ed7bd960df8ef99a551fa35dc5\",\"name\":\"Web del Maestro CMF\",\"image\":{\"@type\":\"ImageObject\",\"inLanguage\":\"es\",\"@id\":\"https:\\\/\\\/secure.gravatar.com\\\/avatar\\\/23291dd5b5ae1077dcff3dbb04c3e02bd28403fa75af6d8787d5e97c5bbbe30b?s=96&d=mm&r=g\",\"url\":\"https:\\\/\\\/secure.gravatar.com\\\/avatar\\\/23291dd5b5ae1077dcff3dbb04c3e02bd28403fa75af6d8787d5e97c5bbbe30b?s=96&d=mm&r=g\",\"contentUrl\":\"https:\\\/\\\/secure.gravatar.com\\\/avatar\\\/23291dd5b5ae1077dcff3dbb04c3e02bd28403fa75af6d8787d5e97c5bbbe30b?s=96&d=mm&r=g\",\"caption\":\"Web del Maestro CMF\"},\"description\":\"Esta Web se cre\u00f3 sin fines de lucro, con fines educativos, cient\u00edficos y acad\u00e9micos, para personas que tengan dificultades y\\\/o inconvenientes en visualizar el material original. El objetivo es entregar recursos, compartir experiencias y materiales que ayuden a los padres de familia, maestros y estudiantes en su actualizaci\u00f3n y formaci\u00f3n permanente, en bien de la Educaci\u00f3n.\",\"sameAs\":[\"http:\\\/\\\/webdelmaestrocmf.com\\\/portal\",\"https:\\\/\\\/www.facebook.com\\\/WebdelMaestroCMF\\\/\",\"https:\\\/\\\/www.instagram.com\\\/wmcmf\\\/\",\"https:\\\/\\\/cl.linkedin.com\\\/company\\\/web-del-maestro-cmf\",\"https:\\\/\\\/www.pinterest.com\\\/WMCMF\\\/publicaciones\\\/\",\"https:\\\/\\\/x.com\\\/cmf_w\",\"https:\\\/\\\/www.youtube.com\\\/@WMCMF\"]}]}<\/script>\n<!-- \/ Yoast SEO plugin. -->","yoast_head_json":{"title":"Proponen que la Primaria y Secundaria no sean obligatorias en Argentina - 2026","description":"\"Javier Milei quiere terminar con la educaci\u00f3n primaria y secundaria obligatoria\" ese es uno de los titulares que se puede leer...","robots":{"index":"index","follow":"follow","max-snippet":"max-snippet:-1","max-image-preview":"max-image-preview:large","max-video-preview":"max-video-preview:-1"},"canonical":"https:\/\/webdelmaestrocmf.com\/portal\/proponen-que-la-primaria-y-secundaria-no-sean-obligatorias-en-argentina\/","og_locale":"es_ES","og_type":"article","og_title":"Proponen que la Primaria y Secundaria no sean obligatorias en Argentina - 2026","og_description":"\"Javier Milei quiere terminar con la educaci\u00f3n primaria y secundaria obligatoria\" ese es uno de los titulares que se puede leer...","og_url":"https:\/\/webdelmaestrocmf.com\/portal\/proponen-que-la-primaria-y-secundaria-no-sean-obligatorias-en-argentina\/","og_site_name":"Web del Maestro CMF","article_publisher":"https:\/\/www.facebook.com\/WebdelMaestroCMF\/","article_author":"https:\/\/www.facebook.com\/WebdelMaestroCMF\/","article_published_time":"2023-04-26T23:24:53+00:00","article_modified_time":"2023-08-14T03:45:20+00:00","og_image":[{"width":900,"height":556,"url":"https:\/\/i0.wp.com\/webdelmaestrocmf.com\/portal\/wp-content\/uploads\/2023\/04\/A12B3C4D-35.jpg?fit=900%2C556&ssl=1","type":"image\/jpeg"}],"author":"Web del Maestro CMF","twitter_card":"summary_large_image","twitter_creator":"@cmf_w","twitter_site":"@cmf_w","schema":{"@context":"https:\/\/schema.org","@graph":[{"@type":"ScholarlyArticle","@id":"https:\/\/webdelmaestrocmf.com\/portal\/proponen-que-la-primaria-y-secundaria-no-sean-obligatorias-en-argentina\/#article","isPartOf":{"@id":"https:\/\/webdelmaestrocmf.com\/portal\/proponen-que-la-primaria-y-secundaria-no-sean-obligatorias-en-argentina\/"},"author":{"name":"Web del Maestro CMF","@id":"https:\/\/webdelmaestrocmf.com\/portal\/#\/schema\/person\/1072a2ed7bd960df8ef99a551fa35dc5"},"headline":"Proponen que la Primaria y Secundaria no sean obligatorias en Argentina","datePublished":"2023-04-26T23:24:53+00:00","dateModified":"2023-08-14T03:45:20+00:00","mainEntityOfPage":{"@id":"https:\/\/webdelmaestrocmf.com\/portal\/proponen-que-la-primaria-y-secundaria-no-sean-obligatorias-en-argentina\/"},"wordCount":987,"commentCount":0,"publisher":{"@id":"https:\/\/webdelmaestrocmf.com\/portal\/#organization"},"image":{"@id":"https:\/\/webdelmaestrocmf.com\/portal\/proponen-que-la-primaria-y-secundaria-no-sean-obligatorias-en-argentina\/#primaryimage"},"thumbnailUrl":"https:\/\/webdelmaestrocmf.com\/portal\/wp-content\/uploads\/2023\/04\/A12B3C4D-35.jpg","keywords":["Argentina","no sean","obligatorias","PRIMARIA","Proponen","SECUNDARIA"],"articleSection":["Noticias","Recursos"],"inLanguage":"es","potentialAction":[{"@type":"CommentAction","name":"Comment","target":["https:\/\/webdelmaestrocmf.com\/portal\/proponen-que-la-primaria-y-secundaria-no-sean-obligatorias-en-argentina\/#respond"]}]},{"@type":"WebPage","@id":"https:\/\/webdelmaestrocmf.com\/portal\/proponen-que-la-primaria-y-secundaria-no-sean-obligatorias-en-argentina\/","url":"https:\/\/webdelmaestrocmf.com\/portal\/proponen-que-la-primaria-y-secundaria-no-sean-obligatorias-en-argentina\/","name":"Proponen que la Primaria y Secundaria no sean obligatorias en Argentina - 2026","isPartOf":{"@id":"https:\/\/webdelmaestrocmf.com\/portal\/#website"},"primaryImageOfPage":{"@id":"https:\/\/webdelmaestrocmf.com\/portal\/proponen-que-la-primaria-y-secundaria-no-sean-obligatorias-en-argentina\/#primaryimage"},"image":{"@id":"https:\/\/webdelmaestrocmf.com\/portal\/proponen-que-la-primaria-y-secundaria-no-sean-obligatorias-en-argentina\/#primaryimage"},"thumbnailUrl":"https:\/\/webdelmaestrocmf.com\/portal\/wp-content\/uploads\/2023\/04\/A12B3C4D-35.jpg","datePublished":"2023-04-26T23:24:53+00:00","dateModified":"2023-08-14T03:45:20+00:00","description":"\"Javier Milei quiere terminar con la educaci\u00f3n primaria y secundaria obligatoria\" ese es uno de los titulares que se puede leer...","breadcrumb":{"@id":"https:\/\/webdelmaestrocmf.com\/portal\/proponen-que-la-primaria-y-secundaria-no-sean-obligatorias-en-argentina\/#breadcrumb"},"inLanguage":"es","potentialAction":[{"@type":"ReadAction","target":["https:\/\/webdelmaestrocmf.com\/portal\/proponen-que-la-primaria-y-secundaria-no-sean-obligatorias-en-argentina\/"]}]},{"@type":"ImageObject","inLanguage":"es","@id":"https:\/\/webdelmaestrocmf.com\/portal\/proponen-que-la-primaria-y-secundaria-no-sean-obligatorias-en-argentina\/#primaryimage","url":"https:\/\/webdelmaestrocmf.com\/portal\/wp-content\/uploads\/2023\/04\/A12B3C4D-35.jpg","contentUrl":"https:\/\/webdelmaestrocmf.com\/portal\/wp-content\/uploads\/2023\/04\/A12B3C4D-35.jpg","width":900,"height":556},{"@type":"BreadcrumbList","@id":"https:\/\/webdelmaestrocmf.com\/portal\/proponen-que-la-primaria-y-secundaria-no-sean-obligatorias-en-argentina\/#breadcrumb","itemListElement":[{"@type":"ListItem","position":1,"name":"Portada","item":"https:\/\/webdelmaestrocmf.com\/portal\/"},{"@type":"ListItem","position":2,"name":"Recursos","item":"https:\/\/webdelmaestrocmf.com\/portal\/category\/pedagogia\/"},{"@type":"ListItem","position":3,"name":"Proponen que la Primaria y Secundaria no sean obligatorias en Argentina"}]},{"@type":"WebSite","@id":"https:\/\/webdelmaestrocmf.com\/portal\/#website","url":"https:\/\/webdelmaestrocmf.com\/portal\/","name":"Web del Maestro CMF","description":"Maestros al servicio de la educaci\u00f3n","publisher":{"@id":"https:\/\/webdelmaestrocmf.com\/portal\/#organization"},"alternateName":"WMCMF","potentialAction":[{"@type":"SearchAction","target":{"@type":"EntryPoint","urlTemplate":"https:\/\/webdelmaestrocmf.com\/portal\/?s={search_term_string}"},"query-input":{"@type":"PropertyValueSpecification","valueRequired":true,"valueName":"search_term_string"}}],"inLanguage":"es"},{"@type":"Organization","@id":"https:\/\/webdelmaestrocmf.com\/portal\/#organization","name":"Web del Maestro CMF","alternateName":"WMCMF","url":"https:\/\/webdelmaestrocmf.com\/portal\/","logo":{"@type":"ImageObject","inLanguage":"es","@id":"https:\/\/webdelmaestrocmf.com\/portal\/#\/schema\/logo\/image\/","url":"https:\/\/webdelmaestrocmf.com\/portal\/wp-content\/uploads\/2023\/01\/logo-wmcmf-2.png","contentUrl":"https:\/\/webdelmaestrocmf.com\/portal\/wp-content\/uploads\/2023\/01\/logo-wmcmf-2.png","width":200,"height":60,"caption":"Web del Maestro CMF"},"image":{"@id":"https:\/\/webdelmaestrocmf.com\/portal\/#\/schema\/logo\/image\/"},"sameAs":["https:\/\/www.facebook.com\/WebdelMaestroCMF\/","https:\/\/x.com\/cmf_w","https:\/\/www.pinterest.com\/WMCMF\/","https:\/\/www.linkedin.com\/company\/web-del-maestro-cmf\/","https:\/\/www.instagram.com\/wmcmf\/","https:\/\/www.youtube.com\/channel\/UCDPSvjbdodE5sHnC3OxutHw","https:\/\/mastodon.social\/@wmcmf","https:\/\/www.tiktok.com\/@webdelmaestrocmf"]},{"@type":"Person","@id":"https:\/\/webdelmaestrocmf.com\/portal\/#\/schema\/person\/1072a2ed7bd960df8ef99a551fa35dc5","name":"Web del Maestro CMF","image":{"@type":"ImageObject","inLanguage":"es","@id":"https:\/\/secure.gravatar.com\/avatar\/23291dd5b5ae1077dcff3dbb04c3e02bd28403fa75af6d8787d5e97c5bbbe30b?s=96&d=mm&r=g","url":"https:\/\/secure.gravatar.com\/avatar\/23291dd5b5ae1077dcff3dbb04c3e02bd28403fa75af6d8787d5e97c5bbbe30b?s=96&d=mm&r=g","contentUrl":"https:\/\/secure.gravatar.com\/avatar\/23291dd5b5ae1077dcff3dbb04c3e02bd28403fa75af6d8787d5e97c5bbbe30b?s=96&d=mm&r=g","caption":"Web del Maestro CMF"},"description":"Esta Web se cre\u00f3 sin fines de lucro, con fines educativos, cient\u00edficos y acad\u00e9micos, para personas que tengan dificultades y\/o inconvenientes en visualizar el material original. El objetivo es entregar recursos, compartir experiencias y materiales que ayuden a los padres de familia, maestros y estudiantes en su actualizaci\u00f3n y formaci\u00f3n permanente, en bien de la Educaci\u00f3n.","sameAs":["http:\/\/webdelmaestrocmf.com\/portal","https:\/\/www.facebook.com\/WebdelMaestroCMF\/","https:\/\/www.instagram.com\/wmcmf\/","https:\/\/cl.linkedin.com\/company\/web-del-maestro-cmf","https:\/\/www.pinterest.com\/WMCMF\/publicaciones\/","https:\/\/x.com\/cmf_w","https:\/\/www.youtube.com\/@WMCMF"]}]}},"jetpack_featured_media_url":"https:\/\/webdelmaestrocmf.com\/portal\/wp-content\/uploads\/2023\/04\/A12B3C4D-35.jpg","jetpack_sharing_enabled":true,"jetpack-related-posts":[{"id":113995,"url":"https:\/\/webdelmaestrocmf.com\/portal\/se-conocio-la-reforma-educativa-de-javier-milei-para-la-argentina\/","url_meta":{"origin":88092,"position":0},"title":"Se conoci\u00f3 la reforma educativa de Javier Milei para la Argentina","author":"Web del Maestro CMF","date":"12 diciembre, 2025","format":false,"excerpt":"La reforma educativa de Javier Milei propone vouchers, homeschooling, evaluaciones nacionales y protagonismo de las familias","rel":"","context":"En \u00abNoticias Internacionales\u00bb","block_context":{"text":"Noticias Internacionales","link":"https:\/\/webdelmaestrocmf.com\/portal\/category\/noticias-internacionales\/"},"img":{"alt_text":"","src":"https:\/\/i0.wp.com\/webdelmaestrocmf.com\/portal\/wp-content\/uploads\/2025\/12\/1A-Banner-1-portada-imagen-10-1-copia-1-8.webp?resize=350%2C200&ssl=1","width":350,"height":200,"srcset":"https:\/\/i0.wp.com\/webdelmaestrocmf.com\/portal\/wp-content\/uploads\/2025\/12\/1A-Banner-1-portada-imagen-10-1-copia-1-8.webp?resize=350%2C200&ssl=1 1x, https:\/\/i0.wp.com\/webdelmaestrocmf.com\/portal\/wp-content\/uploads\/2025\/12\/1A-Banner-1-portada-imagen-10-1-copia-1-8.webp?resize=525%2C300&ssl=1 1.5x, https:\/\/i0.wp.com\/webdelmaestrocmf.com\/portal\/wp-content\/uploads\/2025\/12\/1A-Banner-1-portada-imagen-10-1-copia-1-8.webp?resize=700%2C400&ssl=1 2x"},"classes":[]},{"id":112182,"url":"https:\/\/webdelmaestrocmf.com\/portal\/lo-peor-ya-paso-las-claves-del-discurso-en-el-que-javier-milei-apelo-a-la-paciencia-de-los-argentinos\/","url_meta":{"origin":88092,"position":1},"title":"\u00abLo peor ya pas\u00f3\u00bb: Las claves del discurso en el que Javier Milei apel\u00f3 a la paciencia de los argentinos","author":"Web del Maestro CMF","date":"17 septiembre, 2025","format":false,"excerpt":"El mandatario trasandino present\u00f3 ayer el presupuesto 2026, sorprendiendo con anuncios de mayor gasto en educaci\u00f3n, salud, jubilaciones y discapacidad.","rel":"","context":"En \u00abNoticias Internacionales\u00bb","block_context":{"text":"Noticias Internacionales","link":"https:\/\/webdelmaestrocmf.com\/portal\/category\/noticias-internacionales\/"},"img":{"alt_text":"","src":"https:\/\/i0.wp.com\/webdelmaestrocmf.com\/portal\/wp-content\/uploads\/2025\/09\/1A-Banner-1-portada-imagen-10-1-copia-2025-09-17T125221.865.webp?resize=350%2C200&ssl=1","width":350,"height":200,"srcset":"https:\/\/i0.wp.com\/webdelmaestrocmf.com\/portal\/wp-content\/uploads\/2025\/09\/1A-Banner-1-portada-imagen-10-1-copia-2025-09-17T125221.865.webp?resize=350%2C200&ssl=1 1x, https:\/\/i0.wp.com\/webdelmaestrocmf.com\/portal\/wp-content\/uploads\/2025\/09\/1A-Banner-1-portada-imagen-10-1-copia-2025-09-17T125221.865.webp?resize=525%2C300&ssl=1 1.5x, https:\/\/i0.wp.com\/webdelmaestrocmf.com\/portal\/wp-content\/uploads\/2025\/09\/1A-Banner-1-portada-imagen-10-1-copia-2025-09-17T125221.865.webp?resize=700%2C400&ssl=1 2x"},"classes":[]},{"id":118267,"url":"https:\/\/webdelmaestrocmf.com\/portal\/china-elimino-el-lucro-en-la-educacion-obligatoria-las-escuelas-privadas-para-ninos-de-6-a-15-anos-pueden-existir-pero-no-pueden-generar-ganancias-o-lucrar-con-la-educacion\/","url_meta":{"origin":88092,"position":2},"title":"China elimin\u00f3 el lucro en la educaci\u00f3n obligatoria: las escuelas privadas para ni\u00f1os de 6 a 15 a\u00f1os pueden existir, pero no pueden generar ganancias o lucrar con la educaci\u00f3n","author":"Web del Maestro CMF","date":"25 abril, 2026","format":false,"excerpt":"China proh\u00edbe el lucro en la educaci\u00f3n obligatoria para garantizar equidad y acceso. La medida redefine la educaci\u00f3n privada, prioriza el bienestar estudiantil y abre un debate global sobre el rol del mercado.","rel":"","context":"En \u00abNoticias Internacionales\u00bb","block_context":{"text":"Noticias Internacionales","link":"https:\/\/webdelmaestrocmf.com\/portal\/category\/noticias-internacionales\/"},"img":{"alt_text":"","src":"https:\/\/i0.wp.com\/webdelmaestrocmf.com\/portal\/wp-content\/uploads\/2026\/04\/1AA-Banner-1-portada-imagen-10-1-copia-11-2.webp?resize=350%2C200&ssl=1","width":350,"height":200,"srcset":"https:\/\/i0.wp.com\/webdelmaestrocmf.com\/portal\/wp-content\/uploads\/2026\/04\/1AA-Banner-1-portada-imagen-10-1-copia-11-2.webp?resize=350%2C200&ssl=1 1x, https:\/\/i0.wp.com\/webdelmaestrocmf.com\/portal\/wp-content\/uploads\/2026\/04\/1AA-Banner-1-portada-imagen-10-1-copia-11-2.webp?resize=525%2C300&ssl=1 1.5x, https:\/\/i0.wp.com\/webdelmaestrocmf.com\/portal\/wp-content\/uploads\/2026\/04\/1AA-Banner-1-portada-imagen-10-1-copia-11-2.webp?resize=700%2C400&ssl=1 2x, https:\/\/i0.wp.com\/webdelmaestrocmf.com\/portal\/wp-content\/uploads\/2026\/04\/1AA-Banner-1-portada-imagen-10-1-copia-11-2.webp?resize=1050%2C600&ssl=1 3x"},"classes":[]},{"id":115317,"url":"https:\/\/webdelmaestrocmf.com\/portal\/atencion-alumnos-de-primaria-y-secundaria-deberan-tener-el-80-de-asistencia-para-pasar-de-ano\/","url_meta":{"origin":88092,"position":3},"title":"Atenci\u00f3n: alumnos de primaria y secundaria deber\u00e1n tener el 80% de asistencia para pasar de a\u00f1o.","author":"Web del Maestro CMF","date":"12 febrero, 2026","format":false,"excerpt":"El Gobierno de Mendoza, a trav\u00e9s de la Direcci\u00f3n General de Escuelas, estableci\u00f3 que los alumnos de primaria y secundaria que no alcancen el 80% de asistencia durante el a\u00f1o deber\u00e1n rendir todas las materias en las mesas de diciembre.\u2060","rel":"","context":"En \u00abNoticias Internacionales\u00bb","block_context":{"text":"Noticias Internacionales","link":"https:\/\/webdelmaestrocmf.com\/portal\/category\/noticias-internacionales\/"},"img":{"alt_text":"","src":"https:\/\/i0.wp.com\/webdelmaestrocmf.com\/portal\/wp-content\/uploads\/2026\/02\/1-60.jpg?resize=350%2C200&ssl=1","width":350,"height":200,"srcset":"https:\/\/i0.wp.com\/webdelmaestrocmf.com\/portal\/wp-content\/uploads\/2026\/02\/1-60.jpg?resize=350%2C200&ssl=1 1x, https:\/\/i0.wp.com\/webdelmaestrocmf.com\/portal\/wp-content\/uploads\/2026\/02\/1-60.jpg?resize=525%2C300&ssl=1 1.5x, https:\/\/i0.wp.com\/webdelmaestrocmf.com\/portal\/wp-content\/uploads\/2026\/02\/1-60.jpg?resize=700%2C400&ssl=1 2x, https:\/\/i0.wp.com\/webdelmaestrocmf.com\/portal\/wp-content\/uploads\/2026\/02\/1-60.jpg?resize=1050%2C600&ssl=1 3x"},"classes":[]},{"id":112857,"url":"https:\/\/webdelmaestrocmf.com\/portal\/china-reactiva-su-plan-educativo-de-habilidades-para-la-vida-clases-obligatorias-de-limpieza-y-cocina-en-las-escuelas\/","url_meta":{"origin":88092,"position":4},"title":"China reactiva su plan educativo de \u201chabilidades para la vida\u201d: clases obligatorias de limpieza y cocina en las escuelas","author":"Web del Maestro CMF","date":"27 octubre, 2025","format":false,"excerpt":"China reactiv\u00f3 en 2025 su plan educativo de 2020 que ense\u00f1a limpieza y cocina en escuelas para fomentar autonom\u00eda y responsabilidad infantil.","rel":"","context":"En \u00abNoticias Internacionales\u00bb","block_context":{"text":"Noticias Internacionales","link":"https:\/\/webdelmaestrocmf.com\/portal\/category\/noticias-internacionales\/"},"img":{"alt_text":"","src":"https:\/\/i0.wp.com\/webdelmaestrocmf.com\/portal\/wp-content\/uploads\/2025\/10\/1AA-Banner-1-portada-imagen-10-1-copia-1.webp?resize=350%2C200&ssl=1","width":350,"height":200,"srcset":"https:\/\/i0.wp.com\/webdelmaestrocmf.com\/portal\/wp-content\/uploads\/2025\/10\/1AA-Banner-1-portada-imagen-10-1-copia-1.webp?resize=350%2C200&ssl=1 1x, https:\/\/i0.wp.com\/webdelmaestrocmf.com\/portal\/wp-content\/uploads\/2025\/10\/1AA-Banner-1-portada-imagen-10-1-copia-1.webp?resize=525%2C300&ssl=1 1.5x, https:\/\/i0.wp.com\/webdelmaestrocmf.com\/portal\/wp-content\/uploads\/2025\/10\/1AA-Banner-1-portada-imagen-10-1-copia-1.webp?resize=700%2C400&ssl=1 2x, https:\/\/i0.wp.com\/webdelmaestrocmf.com\/portal\/wp-content\/uploads\/2025\/10\/1AA-Banner-1-portada-imagen-10-1-copia-1.webp?resize=1050%2C600&ssl=1 3x"},"classes":[]},{"id":109097,"url":"https:\/\/webdelmaestrocmf.com\/portal\/sep-confirma-cambios-en-calendario-escolar-2025-2026-asi-quedan-las-clases-para-primaria-y-secundaria\/","url_meta":{"origin":88092,"position":5},"title":"SEP confirma cambios en calendario escolar 2025- 2026; as\u00ed quedan las clases para primaria y secundaria","author":"Web del Maestro CMF","date":"1 junio, 2025","format":false,"excerpt":"El calendario escolar 2025-2026 de la Secretar\u00eda de Educaci\u00f3n P\u00fablica (SEP) traer\u00e1 ajustes importantes para estudiantes, docentes y familias de todo el pa\u00eds. Entre las principales novedades, destaca la incorporaci\u00f3n de una semana adicional de vacaciones. Estos son los principales cambios confirmados: La SEP present\u00f3 el anteproyecto del nuevo calendario\u2026","rel":"","context":"En \u00abCalendario\u00bb","block_context":{"text":"Calendario","link":"https:\/\/webdelmaestrocmf.com\/portal\/category\/pedagogia\/calendario\/"},"img":{"alt_text":"","src":"https:\/\/i0.wp.com\/webdelmaestrocmf.com\/portal\/wp-content\/uploads\/2025\/06\/1A-Banner-1-portada-imagen-10-1-1.jpg?resize=350%2C200&ssl=1","width":350,"height":200,"srcset":"https:\/\/i0.wp.com\/webdelmaestrocmf.com\/portal\/wp-content\/uploads\/2025\/06\/1A-Banner-1-portada-imagen-10-1-1.jpg?resize=350%2C200&ssl=1 1x, https:\/\/i0.wp.com\/webdelmaestrocmf.com\/portal\/wp-content\/uploads\/2025\/06\/1A-Banner-1-portada-imagen-10-1-1.jpg?resize=525%2C300&ssl=1 1.5x, https:\/\/i0.wp.com\/webdelmaestrocmf.com\/portal\/wp-content\/uploads\/2025\/06\/1A-Banner-1-portada-imagen-10-1-1.jpg?resize=700%2C400&ssl=1 2x"},"classes":[]}],"_links":{"self":[{"href":"https:\/\/webdelmaestrocmf.com\/portal\/wp-json\/wp\/v2\/posts\/88092","targetHints":{"allow":["GET"]}}],"collection":[{"href":"https:\/\/webdelmaestrocmf.com\/portal\/wp-json\/wp\/v2\/posts"}],"about":[{"href":"https:\/\/webdelmaestrocmf.com\/portal\/wp-json\/wp\/v2\/types\/post"}],"author":[{"embeddable":true,"href":"https:\/\/webdelmaestrocmf.com\/portal\/wp-json\/wp\/v2\/users\/1"}],"replies":[{"embeddable":true,"href":"https:\/\/webdelmaestrocmf.com\/portal\/wp-json\/wp\/v2\/comments?post=88092"}],"version-history":[{"count":0,"href":"https:\/\/webdelmaestrocmf.com\/portal\/wp-json\/wp\/v2\/posts\/88092\/revisions"}],"wp:featuredmedia":[{"embeddable":true,"href":"https:\/\/webdelmaestrocmf.com\/portal\/wp-json\/wp\/v2\/media\/88096"}],"wp:attachment":[{"href":"https:\/\/webdelmaestrocmf.com\/portal\/wp-json\/wp\/v2\/media?parent=88092"}],"wp:term":[{"taxonomy":"category","embeddable":true,"href":"https:\/\/webdelmaestrocmf.com\/portal\/wp-json\/wp\/v2\/categories?post=88092"},{"taxonomy":"post_tag","embeddable":true,"href":"https:\/\/webdelmaestrocmf.com\/portal\/wp-json\/wp\/v2\/tags?post=88092"}],"curies":[{"name":"wp","href":"https:\/\/api.w.org\/{rel}","templated":true}]}}