{"id":87827,"date":"2023-04-22T13:46:01","date_gmt":"2023-04-22T17:46:01","guid":{"rendered":"https:\/\/webdelmaestrocmf.com\/portal\/?p=87827"},"modified":"2023-04-22T13:46:01","modified_gmt":"2023-04-22T17:46:01","slug":"papa-francisco-escucha-una-y-otra-vez-los-consejos-de-los-mas-ancianos-para-escribir-paginas-nuevas","status":"publish","type":"post","link":"https:\/\/webdelmaestrocmf.com\/portal\/papa-francisco-escucha-una-y-otra-vez-los-consejos-de-los-mas-ancianos-para-escribir-paginas-nuevas\/","title":{"rendered":"Papa Francisco: Escucha una y otra vez los consejos de los m\u00e1s ancianos para escribir p\u00e1ginas nuevas"},"content":{"rendered":"<h5 style=\"text-align: justify;\">El Papa Francisco aconsej\u00f3 a los j\u00f3venes durante su visita a Canad\u00e1 que, lo que han heredado de los antepasados, de su pueblo, de sus padres, de su historia,\u00a0 deben trabajar para gan\u00e1rselo y poseerlo, y todos <strong>\u201clos necesitamos, necesitamos su creatividad, sus sue\u00f1os y su valent\u00eda, su simpat\u00eda y sus sonrisas, su alegr\u00eda contagiosa y tambi\u00e9n esa pizca de locura que ustedes saben llevar a cada situaci\u00f3n, y que ayuda a salir del sopor de la rutina y de los esquemas repetitivos en los que a veces encasillamos la vida\u201d.<\/strong><\/h5>\n<p><!--more--><\/p>\n<p style=\"text-align: justify;\">Y el camino para tratar con la juventud \u201cque siempre est\u00e1 de moda\u201d (Fernando Savater) es el de la educaci\u00f3n y el trabajo. <strong>Dos bases de la \u201cnueva civilizaci\u00f3n\u201d que los educadores transitamos de manera tan singular e importante cada d\u00eda, y siempre con gente diferente a\u00f1o a a\u00f1o.<\/strong><\/p>\n<h5>El encuentro televisado entre el Papa Francisco y un grupo de j\u00f3venes (01\u00b4 35\u201d)<\/h5>\n<h5 style=\"text-align: left;\"><\/h5>\n<p><iframe loading=\"lazy\" title=\"El encuentro televisado entre el  Papa Francisco y un grupo de j\u00f3venes\" width=\"1200\" height=\"675\" src=\"https:\/\/www.youtube.com\/embed\/_E9_YFzHYWI?feature=oembed\" frameborder=\"0\" allow=\"accelerometer; autoplay; clipboard-write; encrypted-media; gyroscope; picture-in-picture; web-share\" allowfullscreen><\/iframe><\/p>\n<p style=\"text-align: justify;\">En esta publicaci\u00f3n compartimos algunos pensamientos desde el llamado que hizo el papa Francisco en su enc\u00edclica Fratelli Tutti: <strong>\u201cUstedes, j\u00f3venes \u2014sobre todo ustedes\u2014, frente a la tendencia dominante de permanecer indiferentes y mostrarse intolerantes con los dem\u00e1s, hasta el punto de avalar guerras y conflictos, est\u00e1n llamados a \u00abreaccionar con un nuevo sue\u00f1o de fraternidad y de amistad social que no se quede en las palabras\u00bb\u201d.(<\/strong>FT 6), y que consideramos podr\u00eda ser un buen recurso para abrir el di\u00e1logo y la reflexi\u00f3n sobre la importancia de escuchar, aconsejar y animar a los j\u00f3venes, a corresponsabilizarse en la creaci\u00f3n de una nueva civilizaci\u00f3n y del cuidado de la Casa Com\u00fan, cuando dispongamos de tiempo en nuestros hogares y nuestras escuelas, para el crecimiento integral de los futuros gestores de nuestro mundo.<\/p>\n<div class=\"pk-content-block pk-block-bg pk-block-bg-inverse\" style=\"text-align: justify;\"><em>\u201cNo basta vivir de rentas, es necesario volver a ganarse lo que se ha recibido como don.\u201d<\/p>\n<p><\/em><em>\u201cNo temas escuchar una y otra vez los consejos de los m\u00e1s ancianos, abrazar tu historia para escribir p\u00e1ginas nuevas, apasionarte, tomar posici\u00f3n frente a los hechos y a las personas, arriesgarte.\u201d<\/p>\n<p><\/em><em>\u201cTu vocaci\u00f3n es tender hacia lo alto, sin dejarte tirar abajo por quien quiere hacerte creer que es mejor pensar s\u00f3lo en ti mismo y usar el tiempo que tienes \u00fanicamente para tu diversi\u00f3n y tus intereses.\u201d<\/p>\n<p><\/em><em>\u201cNo est\u00e1s hecho para \u00abir tirando\u00bb, para pasar las jornadas equilibrando deberes y placeres, est\u00e1s hecho para volar alto, hacia los deseos m\u00e1s verdaderos y hermosos que tienes en el coraz\u00f3n.\u201d<\/p>\n<p><\/em><em>\u201cNo pienses que los grandes sue\u00f1os de la vida sean cielos inalcanzables. Est\u00e1s hecho para levantar el vuelo, para abrazar la valent\u00eda de la verdad y promover la belleza de la justicia, para \u00abelevar tu temple moral, ser compasivo, servir a los dem\u00e1s y construir relaciones\u00bb, para sembrar paz y cuidado donde te encuentres; para encender el entusiasmo de los que te rodean; para ir m\u00e1s all\u00e1, no para igualarlo todo.\u201d<\/p>\n<p><\/em><em>\u201cSiempre est\u00e1 acechando esa \u00abfuerza de gravedad espiritual\u00bb que empuja para tirarnos abajo, para paralizar los deseos, para debilitar la alegr\u00eda.\u201d<\/p>\n<p><\/em><em>\u00abEntonces, piensa en la golondrina que no deja que los vientos contrarios o los cambios de temperatura le impidan ir de un lado a otro de la tierra; a veces elige caminos que no son directos, acepta desviaciones, se adapta a ciertos vientos; pero siempre mantiene clara la meta, siempre va a su destino.\u201d<\/p>\n<p><\/em><em>\u201cEncontrar\u00e1s gente que intentar\u00e1 borrar tus sue\u00f1os, que te dir\u00e1 que te conformes con poco, que luches s\u00f3lo por lo que te conviene.\u201d<\/p>\n<p><\/em><em>\u201cSi te rindes ya has perdido de antemano, porque el futuro est\u00e1 en tus manos.\u201d<\/p>\n<p><\/em><em>\u201cEst\u00e1 en tus manos la comunidad que te ha generado, el ambiente en el que vives, la esperanza de tus coet\u00e1neos, de los que, a\u00fan sin ped\u00edrtelo, esperan de ti el bien original e irrepetible que puedes introducir en la historia, porque \u00abcada uno de nosotros es \u00fanico\u00bb.\u201d<\/p>\n<p><\/em><em>\u201cEl mundo que habitas es la riqueza que has heredado, \u00e1malo, como te ha amado quien te ha dado la vida y las alegr\u00edas m\u00e1s grandes.\u201d<\/p>\n<p><\/em><em>\u201cEs Dios quien te llama a tender siempre hacia lo alto.\u201d<\/p>\n<p><\/em><em>\u201cCuando alces la mirada al Crucificado. Entender\u00e1s que Jes\u00fas desde la cruz no te se\u00f1ala con el dedo, sino que te abraza y te anima, porque cree en ti aun cuando t\u00fa mismo has dejado de creer en ti.\u201d<\/p>\n<p><\/em><em>\u201cNo pierdas nunca la esperanza, lucha, dalo todo y no te arrepentir\u00e1s.\u201d<\/p>\n<p><\/em><em>\u201cSigue adelante el camino, \u00abun paso tras otro hacia lo mejor\u00bb. Instala el navegador de tu existencia hacia una meta grande, \u00a1hacia lo alto!\u201d<\/p>\n<p><\/em><em>\u201cEn los momentos de tristeza y desconsuelo, piensa que existes para ir hacia la luz cada d\u00eda. No s\u00f3lo el d\u00eda de tu nacimiento, cuando no dependi\u00f3 de ti, sino cada d\u00eda.\u201d<\/p>\n<p><\/em><em>\u201cCotidianamente est\u00e1s llamado a llevar una luz nueva al mundo, la de tus ojos, la de tu sonrisa, la del bien que t\u00fa y s\u00f3lo t\u00fa puedes aportar.\u201d<\/p>\n<p><\/em><em>\u201cPara ir hacia la luz, hay que luchar cada d\u00eda con la oscuridad.\u201d<\/p>\n<p><\/em><em>\u201cS\u00ed, hay una lucha cotidiana entre la luz y las tinieblas, que no sucede afuera, en un lugar cualquiera, sino dentro de cada uno de nosotros.\u201d<\/p>\n<p><\/em><em>\u201cEl camino de la luz requiere valientes decisiones del coraz\u00f3n contra la oscuridad de las falsedades, requiere \u00abdesarrollar buenas costumbres para vivir bien\u00bb), que no se sigan estelas luminosas que desaparecen fugazmente, fuegos artificiales que s\u00f3lo dejan humo.\u201d<\/p>\n<p><\/em><em>\u201cLos \u00abespejismos, parodias de la felicidad\u00bb, son la tiniebla m\u00e1s densa que se introduce en el alma de los j\u00f3venes cuando falsos profetas apagan en ellos la luz de la fe, de la esperanza y del amor\u00bb.\u201d<\/p>\n<p><\/em><em>\u201cT\u00fa eres luz del mundo y lo ser\u00e1s cada vez m\u00e1s si luchas por alejar del coraz\u00f3n la triste oscuridad del mal.\u201d<\/p>\n<p><\/em><em>\u201cPara ser luz, hay que adquirir un arte continuo: \u00absuperar las dificultades y las contradicciones por medio de una b\u00fasqueda continua de soluciones\u00bb.\u201d<\/p>\n<p><\/em><em>\u201cSer luz requiere el arte de separar cada d\u00eda la luz de las tinieblas.\u201d<\/p>\n<p><\/em><em>\u201cPara crear un mundo bueno, hay que separar la luz de las tinieblas.\u201d<\/p>\n<p><\/em><em>\u201cSi queremos ser mejores, tenemos que aprender a distinguir la luz de las tinieblas.\u201d<\/p>\n<p><\/em><em>\u201cSi te preguntas \u00bfqu\u00e9 es lo que me parece luminoso y seductor, pero despu\u00e9s me deja dentro un gran vac\u00edo? \u00a1Estas son las tinieblas!\u201d<\/p>\n<p><\/em><em>\u201cSi te preguntas \u00bfqu\u00e9 es lo que me hace bien y me deja paz en el coraz\u00f3n, aunque antes me haya pedido que saliera de ciertas comodidades y que dominara ciertos instintos? \u00a1Esta es la luz!\u201d<\/p>\n<p><\/em><em>\u201cLa libertad nos permite separar dentro de nosotros la luz de las tinieblas, que nos hace decir \u00abno\u00bb a las tentaciones del mal y \u00abs\u00ed\u00bb a las ocasiones de bien.\u201d<\/p>\n<p><\/em><em>\u201cLibertad que no es hacer todo lo que me parece y me gusta; no es aquello que puedo hacer a pesar de los otros, sino\u00a0por\u00a0los otros; no es un total arbitrio, sino\u00a0responsabilidad.\u201d<\/p>\n<p><\/em><em>\u201cLos j\u00f3venes hacen grandes cosas juntos, no solos. Porque ustedes j\u00f3venes son como las estrellas del cielo, que aqu\u00ed brillan de manera espl\u00e9ndida, su belleza nace del conjunto, de las constelaciones que forman y que iluminan y orientan las noches del mundo.\u201d<\/p>\n<p><\/em><em>\u201cLos j\u00f3venes est\u00e1n llamados a las alturas del cielo y a resplandecer en la tierra, est\u00e1n hechos para brillar juntos.\u201d<\/p>\n<p><\/em><em>\u201cEs necesario permitir a los j\u00f3venes que formen grupos, que est\u00e9n en movimiento. No pueden pasar las jornadas aislados, rehenes de un tel\u00e9fono.\u201d<\/p>\n<p><\/em><em>\u201cTodo deporte conjuga disciplina y creatividad, t\u00e1ctica y f\u00edsico; pero lo que hace la diferencia siempre es el esp\u00edritu de equipo, presupuesto indispensable para afrontar las imprevisibles circunstancias del juego.\u201d<\/p>\n<p><\/em><em>\u201cHacer equipo significa creer que para alcanzar grandes objetivos no se puede avanzar solos; es necesario moverse juntos, tener la paciencia de combinar pases y movimientos para tejer estrategias de juego.\u201d<\/p>\n<p><\/em><em>\u201cHacer equipo significa dejar espacio a los dem\u00e1s, salir r\u00e1pidamente cuando es el propio turno y alentar a los compa\u00f1eros. \u00a1Este es el esp\u00edritu de equipo!\u201d<\/p>\n<p><\/em><em>\u201cJ\u00f3venes caminen hacia lo alto, vayan cada d\u00eda hacia la luz, hagan equipo.\u201d<\/p>\n<p><\/em><em>\u201cLes deseo que, escuchando a los ancianos y recurriendo a la riqueza de sus tradiciones y de vuestra libertad, abracen el Evangelio custodiado y transmitido por sus antepasados, y que encuentren el rostro Inuk de Jesucristo.\u201d<\/em><\/div>\n<p style=\"text-align: justify;\">Estas frases han sido (algunas) <strong>adaptadas para ser un recurso educativo sin distinci\u00f3n de credo ni religi\u00f3n,<\/strong> recordando que <strong>los j\u00f3venes tienen que ser escuchados<\/strong>, cuando <em>\u201cconstatamos con tristeza que en muchas regiones las tensiones y las amenazas aumentan, y a veces los conflictos estallan. Pero esto a menudo sucede porque <strong>no se trabaja el propio coraz\u00f3n<\/strong>, porque se permite que en las relaciones con los dem\u00e1s las distancias se agranden, y de este mismo modo las diferencias \u00e9tnicas, culturales, religiosas y de otro tipo <strong>se convierten en problemas y temores que a\u00edslan,<\/strong> y no en oportunidades para crecer juntos<\/em>. <em>Y cuando parecen ser m\u00e1s fuertes que la fraternidad que nos une, se corre el riesgo del enfrentamiento\u00bb<\/em>.<\/p>\n<p style=\"text-align: justify;\">El texto original est\u00e1 en este enlace:\u00a0 <a href=\"https:\/\/www.vatican.va\/content\/francesco\/es\/speeches\/2022\/july\/documents\/20220729-giovani-anziani-iqaluit.html\" target=\"_blank\" rel=\"noopener\"><strong>VIAJE APOST\u00d3LICO A CANAD\u00c1: ENCUENTRO CON LOS J\u00d3VENES Y LOS ANCIANOS EN LA PLAZA DE LA ESCUELA DE IQALUIT (29 DE JULIO DE 2022) | FRANCISCO<\/strong><\/a><\/p>\n<p style=\"text-align: center;\"><em>\u00abVemos que no son suficientes las recetas simplistas o los vanos optimismos. Conocemos el poder transformador de la educaci\u00f3n: educar es apostar y dar al presente la esperanza que rompe los determinismos y fatalismos con los que el ego\u00edsmo de los fuertes, el conformismo de los d\u00e9biles y la ideolog\u00eda de los ut\u00f3picos quieren imponerse tantas veces como el \u00fanico camino posible\u00bb.<\/em><\/p>\n<p style=\"text-align: right;\"><strong>REDACCI\u00d3N WEB DEL MAESTRO CMF<\/strong><\/p>\n\t\t<div class=\"pk-inline-posts\">\n\t\t\t\n\t\t\t<div class=\"pk-inline-posts-container pk-inline-posts-template-list\"\n\t\t\t\tdata-columns=\"1\">\n\t\t\t\t\t\t<article id=\"post-117930\" class=\"post-117930 post type-post status-publish format-standard has-post-thumbnail category-pastoral category-noticias-internacionales category-papa-leon-xiv tag-conflictos tag-derechos-humanos tag-educacion-en-valores-2 tag-etica-3 tag-justicia-social tag-liderazgo tag-papa-2 tag-paz tag-reflexion-2 tag-solidaridad cs-entry cs-video-wrap\">\n\t\t\t<div class=\"pk-post-outer\">\n\n\t\t\t\t\t\t\t\t<div class=\"pk-post-inner\">\n\t\t\t\t\t<div class=\"entry-thumbnail\">\n\t\t\t\t\t\t<div class=\"pk-overlay pk-overlay-ratio pk-ratio-landscape\">\n\t\t\t\t\t\t\t<div class=\"pk-overlay-background\">\n\t\t\t\t\t\t\t\t<a href=\"https:\/\/webdelmaestrocmf.com\/portal\/papa-leon-xiv-el-mundo-esta-siendo-destruido-por-unos-pocos-tiranos-en-referencia-a-trump\/\" class=\"pk-overlay-link\">\n\t\t\t\t\t\t\t\t\t<img loading=\"lazy\" decoding=\"async\" width=\"300\" height=\"225\" src=\"https:\/\/webdelmaestrocmf.com\/portal\/wp-content\/uploads\/2026\/04\/1AA-Banner-1-portada-imagen-10-1-copia-30-300x225.webp\" class=\"attachment-pk-thumbnail size-pk-thumbnail wp-post-image\" alt=\"\" \/>\t\t\t\t\t\t\t\t<\/a>\n\t\t\t\t\t\t\t<\/div>\n\t\t\t\t\t\t<\/div>\n\t\t\t\t\t<\/div>\n\t\t\t\t<\/div>\n\t\t\t\t\n\t\t\t\t<div class=\"pk-post-inner\">\n\t\t\t\t\t<header>\n\t\t\t\t\t\t<h3 class=\"pk-title\"><a href=\"https:\/\/webdelmaestrocmf.com\/portal\/papa-leon-xiv-el-mundo-esta-siendo-destruido-por-unos-pocos-tiranos-en-referencia-a-trump\/\" rel=\"bookmark\">Papa Le\u00f3n XIV: \u201cEl mundo est\u00e1 siendo destruido por unos pocos tiranos\u201d, en referencia a Trump<\/a><\/h3>\t\t\t\t\t<\/header><!-- .entry-header -->\n\t\t\t\t<\/div><!-- .post-inner -->\n\n\t\t\t<\/div><!-- .post-outer -->\n\t\t<\/article>\n\t\t\t\t<\/div>\n\t\t<\/div>\n\t\t\n","protected":false},"excerpt":{"rendered":"El Papa Francisco aconsej\u00f3 a los j\u00f3venes durante su visita a Canad\u00e1 que, lo que han heredado de&hellip;","protected":false},"author":1,"featured_media":87829,"comment_status":"open","ping_status":"closed","sticky":false,"template":"","format":"standard","meta":{"csco_display_header_overlay":false,"csco_singular_sidebar":"default","csco_page_header_type":"default","csco_page_load_nextpost":"default","csco_post_video_location":[],"csco_post_video_location_hash":"","csco_post_video_url":"","csco_post_video_bg_start_time":0,"csco_post_video_bg_end_time":0,"csco_post_video_bg_volume":false,"_jetpack_memberships_contains_paid_content":false,"footnotes":""},"categories":[431,467],"tags":[1899,4679,5742,1453,1483,2164,6751,16102,218,1084,1576,1284],"class_list":{"0":"post-87827","1":"post","2":"type-post","3":"status-publish","4":"format-standard","5":"has-post-thumbnail","7":"category-pastoral","8":"category-papa-francisco","9":"tag-comunicacion","10":"tag-corresponsabilidad","11":"tag-fe","12":"tag-herencia","13":"tag-jovenes","14":"tag-libertad","15":"tag-lucha","16":"tag-mundo-mejor","17":"tag-papa-francisco","18":"tag-resiliencia","19":"tag-respeto","20":"tag-video","21":"cs-entry","22":"cs-video-wrap"},"yoast_head":"<!-- This site is optimized with the Yoast SEO plugin v27.5 - https:\/\/yoast.com\/product\/yoast-seo-wordpress\/ -->\n<title>Papa Francisco: Escucha una y otra vez los consejos de los m\u00e1s ancianos para escribir p\u00e1ginas nuevas - 2026<\/title>\n<meta name=\"description\" content=\"El Papa Francisco aconsej\u00f3 a los j\u00f3venes durante su visita a Canad\u00e1 que, lo que han heredado de los antepasados, de su pueblo...\" \/>\n<meta name=\"robots\" content=\"index, follow, max-snippet:-1, max-image-preview:large, max-video-preview:-1\" \/>\n<link rel=\"canonical\" href=\"https:\/\/webdelmaestrocmf.com\/portal\/papa-francisco-escucha-una-y-otra-vez-los-consejos-de-los-mas-ancianos-para-escribir-paginas-nuevas\/\" \/>\n<meta property=\"og:locale\" content=\"es_ES\" \/>\n<meta property=\"og:type\" content=\"article\" \/>\n<meta property=\"og:title\" content=\"Papa Francisco: Escucha una y otra vez los consejos de los m\u00e1s ancianos para escribir p\u00e1ginas nuevas - 2026\" \/>\n<meta property=\"og:description\" content=\"El Papa Francisco aconsej\u00f3 a los j\u00f3venes durante su visita a Canad\u00e1 que, lo que han heredado de los antepasados, de su pueblo...\" \/>\n<meta property=\"og:url\" content=\"https:\/\/webdelmaestrocmf.com\/portal\/papa-francisco-escucha-una-y-otra-vez-los-consejos-de-los-mas-ancianos-para-escribir-paginas-nuevas\/\" \/>\n<meta property=\"og:site_name\" content=\"Web del Maestro CMF\" \/>\n<meta property=\"article:publisher\" content=\"https:\/\/www.facebook.com\/WebdelMaestroCMF\/\" \/>\n<meta property=\"article:author\" content=\"https:\/\/www.facebook.com\/WebdelMaestroCMF\/\" \/>\n<meta property=\"article:published_time\" content=\"2023-04-22T17:46:01+00:00\" \/>\n<meta property=\"og:image\" content=\"https:\/\/i0.wp.com\/webdelmaestrocmf.com\/portal\/wp-content\/uploads\/2023\/04\/A12B3C4D-22.jpg?fit=900%2C556&ssl=1\" \/>\n\t<meta property=\"og:image:width\" content=\"900\" \/>\n\t<meta property=\"og:image:height\" content=\"556\" \/>\n\t<meta property=\"og:image:type\" content=\"image\/jpeg\" \/>\n<meta name=\"author\" content=\"Web del Maestro CMF\" \/>\n<meta name=\"twitter:card\" content=\"summary_large_image\" \/>\n<meta name=\"twitter:creator\" content=\"@cmf_w\" \/>\n<meta name=\"twitter:site\" content=\"@cmf_w\" \/>\n<script type=\"application\/ld+json\" class=\"yoast-schema-graph\">{\"@context\":\"https:\\\/\\\/schema.org\",\"@graph\":[{\"@type\":\"ScholarlyArticle\",\"@id\":\"https:\\\/\\\/webdelmaestrocmf.com\\\/portal\\\/papa-francisco-escucha-una-y-otra-vez-los-consejos-de-los-mas-ancianos-para-escribir-paginas-nuevas\\\/#article\",\"isPartOf\":{\"@id\":\"https:\\\/\\\/webdelmaestrocmf.com\\\/portal\\\/papa-francisco-escucha-una-y-otra-vez-los-consejos-de-los-mas-ancianos-para-escribir-paginas-nuevas\\\/\"},\"author\":{\"name\":\"Web del Maestro CMF\",\"@id\":\"https:\\\/\\\/webdelmaestrocmf.com\\\/portal\\\/#\\\/schema\\\/person\\\/1072a2ed7bd960df8ef99a551fa35dc5\"},\"headline\":\"Papa Francisco: Escucha una y otra vez los consejos de los m\u00e1s ancianos para escribir p\u00e1ginas nuevas\",\"datePublished\":\"2023-04-22T17:46:01+00:00\",\"mainEntityOfPage\":{\"@id\":\"https:\\\/\\\/webdelmaestrocmf.com\\\/portal\\\/papa-francisco-escucha-una-y-otra-vez-los-consejos-de-los-mas-ancianos-para-escribir-paginas-nuevas\\\/\"},\"wordCount\":1701,\"commentCount\":0,\"publisher\":{\"@id\":\"https:\\\/\\\/webdelmaestrocmf.com\\\/portal\\\/#organization\"},\"image\":{\"@id\":\"https:\\\/\\\/webdelmaestrocmf.com\\\/portal\\\/papa-francisco-escucha-una-y-otra-vez-los-consejos-de-los-mas-ancianos-para-escribir-paginas-nuevas\\\/#primaryimage\"},\"thumbnailUrl\":\"https:\\\/\\\/webdelmaestrocmf.com\\\/portal\\\/wp-content\\\/uploads\\\/2023\\\/04\\\/A12B3C4D-22.jpg\",\"keywords\":[\"COMUNICACI\u00d3N\",\"CORRESPONSABILIDAD\",\"Fe\",\"Herencia\",\"j\u00f3venes\",\"LIBERTAD\",\"lucha\",\"Mundo mejor\",\"Papa Francisco\",\"resiliencia\",\"RESPETO\",\"video\"],\"articleSection\":[\"Mundo cart\u00f3lico\",\"Papa Francisco\"],\"inLanguage\":\"es\",\"potentialAction\":[{\"@type\":\"CommentAction\",\"name\":\"Comment\",\"target\":[\"https:\\\/\\\/webdelmaestrocmf.com\\\/portal\\\/papa-francisco-escucha-una-y-otra-vez-los-consejos-de-los-mas-ancianos-para-escribir-paginas-nuevas\\\/#respond\"]}]},{\"@type\":\"WebPage\",\"@id\":\"https:\\\/\\\/webdelmaestrocmf.com\\\/portal\\\/papa-francisco-escucha-una-y-otra-vez-los-consejos-de-los-mas-ancianos-para-escribir-paginas-nuevas\\\/\",\"url\":\"https:\\\/\\\/webdelmaestrocmf.com\\\/portal\\\/papa-francisco-escucha-una-y-otra-vez-los-consejos-de-los-mas-ancianos-para-escribir-paginas-nuevas\\\/\",\"name\":\"Papa Francisco: Escucha una y otra vez los consejos de los m\u00e1s ancianos para escribir p\u00e1ginas nuevas - 2026\",\"isPartOf\":{\"@id\":\"https:\\\/\\\/webdelmaestrocmf.com\\\/portal\\\/#website\"},\"primaryImageOfPage\":{\"@id\":\"https:\\\/\\\/webdelmaestrocmf.com\\\/portal\\\/papa-francisco-escucha-una-y-otra-vez-los-consejos-de-los-mas-ancianos-para-escribir-paginas-nuevas\\\/#primaryimage\"},\"image\":{\"@id\":\"https:\\\/\\\/webdelmaestrocmf.com\\\/portal\\\/papa-francisco-escucha-una-y-otra-vez-los-consejos-de-los-mas-ancianos-para-escribir-paginas-nuevas\\\/#primaryimage\"},\"thumbnailUrl\":\"https:\\\/\\\/webdelmaestrocmf.com\\\/portal\\\/wp-content\\\/uploads\\\/2023\\\/04\\\/A12B3C4D-22.jpg\",\"datePublished\":\"2023-04-22T17:46:01+00:00\",\"description\":\"El Papa Francisco aconsej\u00f3 a los j\u00f3venes durante su visita a Canad\u00e1 que, lo que han heredado de los antepasados, de su pueblo...\",\"breadcrumb\":{\"@id\":\"https:\\\/\\\/webdelmaestrocmf.com\\\/portal\\\/papa-francisco-escucha-una-y-otra-vez-los-consejos-de-los-mas-ancianos-para-escribir-paginas-nuevas\\\/#breadcrumb\"},\"inLanguage\":\"es\",\"potentialAction\":[{\"@type\":\"ReadAction\",\"target\":[\"https:\\\/\\\/webdelmaestrocmf.com\\\/portal\\\/papa-francisco-escucha-una-y-otra-vez-los-consejos-de-los-mas-ancianos-para-escribir-paginas-nuevas\\\/\"]}]},{\"@type\":\"ImageObject\",\"inLanguage\":\"es\",\"@id\":\"https:\\\/\\\/webdelmaestrocmf.com\\\/portal\\\/papa-francisco-escucha-una-y-otra-vez-los-consejos-de-los-mas-ancianos-para-escribir-paginas-nuevas\\\/#primaryimage\",\"url\":\"https:\\\/\\\/webdelmaestrocmf.com\\\/portal\\\/wp-content\\\/uploads\\\/2023\\\/04\\\/A12B3C4D-22.jpg\",\"contentUrl\":\"https:\\\/\\\/webdelmaestrocmf.com\\\/portal\\\/wp-content\\\/uploads\\\/2023\\\/04\\\/A12B3C4D-22.jpg\",\"width\":900,\"height\":556},{\"@type\":\"BreadcrumbList\",\"@id\":\"https:\\\/\\\/webdelmaestrocmf.com\\\/portal\\\/papa-francisco-escucha-una-y-otra-vez-los-consejos-de-los-mas-ancianos-para-escribir-paginas-nuevas\\\/#breadcrumb\",\"itemListElement\":[{\"@type\":\"ListItem\",\"position\":1,\"name\":\"Portada\",\"item\":\"https:\\\/\\\/webdelmaestrocmf.com\\\/portal\\\/\"},{\"@type\":\"ListItem\",\"position\":2,\"name\":\"Mundo cart\u00f3lico\",\"item\":\"https:\\\/\\\/webdelmaestrocmf.com\\\/portal\\\/category\\\/pastoral\\\/\"},{\"@type\":\"ListItem\",\"position\":3,\"name\":\"Papa Francisco: Escucha una y otra vez los consejos de los m\u00e1s ancianos para escribir p\u00e1ginas nuevas\"}]},{\"@type\":\"WebSite\",\"@id\":\"https:\\\/\\\/webdelmaestrocmf.com\\\/portal\\\/#website\",\"url\":\"https:\\\/\\\/webdelmaestrocmf.com\\\/portal\\\/\",\"name\":\"Web del Maestro CMF\",\"description\":\"Maestros al servicio de la educaci\u00f3n\",\"publisher\":{\"@id\":\"https:\\\/\\\/webdelmaestrocmf.com\\\/portal\\\/#organization\"},\"alternateName\":\"WMCMF\",\"potentialAction\":[{\"@type\":\"SearchAction\",\"target\":{\"@type\":\"EntryPoint\",\"urlTemplate\":\"https:\\\/\\\/webdelmaestrocmf.com\\\/portal\\\/?s={search_term_string}\"},\"query-input\":{\"@type\":\"PropertyValueSpecification\",\"valueRequired\":true,\"valueName\":\"search_term_string\"}}],\"inLanguage\":\"es\"},{\"@type\":\"Organization\",\"@id\":\"https:\\\/\\\/webdelmaestrocmf.com\\\/portal\\\/#organization\",\"name\":\"Web del Maestro CMF\",\"alternateName\":\"WMCMF\",\"url\":\"https:\\\/\\\/webdelmaestrocmf.com\\\/portal\\\/\",\"logo\":{\"@type\":\"ImageObject\",\"inLanguage\":\"es\",\"@id\":\"https:\\\/\\\/webdelmaestrocmf.com\\\/portal\\\/#\\\/schema\\\/logo\\\/image\\\/\",\"url\":\"https:\\\/\\\/webdelmaestrocmf.com\\\/portal\\\/wp-content\\\/uploads\\\/2023\\\/01\\\/logo-wmcmf-2.png\",\"contentUrl\":\"https:\\\/\\\/webdelmaestrocmf.com\\\/portal\\\/wp-content\\\/uploads\\\/2023\\\/01\\\/logo-wmcmf-2.png\",\"width\":200,\"height\":60,\"caption\":\"Web del Maestro CMF\"},\"image\":{\"@id\":\"https:\\\/\\\/webdelmaestrocmf.com\\\/portal\\\/#\\\/schema\\\/logo\\\/image\\\/\"},\"sameAs\":[\"https:\\\/\\\/www.facebook.com\\\/WebdelMaestroCMF\\\/\",\"https:\\\/\\\/x.com\\\/cmf_w\",\"https:\\\/\\\/www.pinterest.com\\\/WMCMF\\\/\",\"https:\\\/\\\/www.linkedin.com\\\/company\\\/web-del-maestro-cmf\\\/\",\"https:\\\/\\\/www.instagram.com\\\/wmcmf\\\/\",\"https:\\\/\\\/www.youtube.com\\\/channel\\\/UCDPSvjbdodE5sHnC3OxutHw\",\"https:\\\/\\\/mastodon.social\\\/@wmcmf\",\"https:\\\/\\\/www.tiktok.com\\\/@webdelmaestrocmf\"]},{\"@type\":\"Person\",\"@id\":\"https:\\\/\\\/webdelmaestrocmf.com\\\/portal\\\/#\\\/schema\\\/person\\\/1072a2ed7bd960df8ef99a551fa35dc5\",\"name\":\"Web del Maestro CMF\",\"image\":{\"@type\":\"ImageObject\",\"inLanguage\":\"es\",\"@id\":\"https:\\\/\\\/secure.gravatar.com\\\/avatar\\\/23291dd5b5ae1077dcff3dbb04c3e02bd28403fa75af6d8787d5e97c5bbbe30b?s=96&d=mm&r=g\",\"url\":\"https:\\\/\\\/secure.gravatar.com\\\/avatar\\\/23291dd5b5ae1077dcff3dbb04c3e02bd28403fa75af6d8787d5e97c5bbbe30b?s=96&d=mm&r=g\",\"contentUrl\":\"https:\\\/\\\/secure.gravatar.com\\\/avatar\\\/23291dd5b5ae1077dcff3dbb04c3e02bd28403fa75af6d8787d5e97c5bbbe30b?s=96&d=mm&r=g\",\"caption\":\"Web del Maestro CMF\"},\"description\":\"Esta Web se cre\u00f3 sin fines de lucro, con fines educativos, cient\u00edficos y acad\u00e9micos, para personas que tengan dificultades y\\\/o inconvenientes en visualizar el material original. El objetivo es entregar recursos, compartir experiencias y materiales que ayuden a los padres de familia, maestros y estudiantes en su actualizaci\u00f3n y formaci\u00f3n permanente, en bien de la Educaci\u00f3n.\",\"sameAs\":[\"http:\\\/\\\/webdelmaestrocmf.com\\\/portal\",\"https:\\\/\\\/www.facebook.com\\\/WebdelMaestroCMF\\\/\",\"https:\\\/\\\/www.instagram.com\\\/wmcmf\\\/\",\"https:\\\/\\\/cl.linkedin.com\\\/company\\\/web-del-maestro-cmf\",\"https:\\\/\\\/www.pinterest.com\\\/WMCMF\\\/publicaciones\\\/\",\"https:\\\/\\\/x.com\\\/cmf_w\",\"https:\\\/\\\/www.youtube.com\\\/@WMCMF\"]}]}<\/script>\n<!-- \/ Yoast SEO plugin. -->","yoast_head_json":{"title":"Papa Francisco: Escucha una y otra vez los consejos de los m\u00e1s ancianos para escribir p\u00e1ginas nuevas - 2026","description":"El Papa Francisco aconsej\u00f3 a los j\u00f3venes durante su visita a Canad\u00e1 que, lo que han heredado de los antepasados, de su pueblo...","robots":{"index":"index","follow":"follow","max-snippet":"max-snippet:-1","max-image-preview":"max-image-preview:large","max-video-preview":"max-video-preview:-1"},"canonical":"https:\/\/webdelmaestrocmf.com\/portal\/papa-francisco-escucha-una-y-otra-vez-los-consejos-de-los-mas-ancianos-para-escribir-paginas-nuevas\/","og_locale":"es_ES","og_type":"article","og_title":"Papa Francisco: Escucha una y otra vez los consejos de los m\u00e1s ancianos para escribir p\u00e1ginas nuevas - 2026","og_description":"El Papa Francisco aconsej\u00f3 a los j\u00f3venes durante su visita a Canad\u00e1 que, lo que han heredado de los antepasados, de su pueblo...","og_url":"https:\/\/webdelmaestrocmf.com\/portal\/papa-francisco-escucha-una-y-otra-vez-los-consejos-de-los-mas-ancianos-para-escribir-paginas-nuevas\/","og_site_name":"Web del Maestro CMF","article_publisher":"https:\/\/www.facebook.com\/WebdelMaestroCMF\/","article_author":"https:\/\/www.facebook.com\/WebdelMaestroCMF\/","article_published_time":"2023-04-22T17:46:01+00:00","og_image":[{"width":900,"height":556,"url":"https:\/\/i0.wp.com\/webdelmaestrocmf.com\/portal\/wp-content\/uploads\/2023\/04\/A12B3C4D-22.jpg?fit=900%2C556&ssl=1","type":"image\/jpeg"}],"author":"Web del Maestro CMF","twitter_card":"summary_large_image","twitter_creator":"@cmf_w","twitter_site":"@cmf_w","schema":{"@context":"https:\/\/schema.org","@graph":[{"@type":"ScholarlyArticle","@id":"https:\/\/webdelmaestrocmf.com\/portal\/papa-francisco-escucha-una-y-otra-vez-los-consejos-de-los-mas-ancianos-para-escribir-paginas-nuevas\/#article","isPartOf":{"@id":"https:\/\/webdelmaestrocmf.com\/portal\/papa-francisco-escucha-una-y-otra-vez-los-consejos-de-los-mas-ancianos-para-escribir-paginas-nuevas\/"},"author":{"name":"Web del Maestro CMF","@id":"https:\/\/webdelmaestrocmf.com\/portal\/#\/schema\/person\/1072a2ed7bd960df8ef99a551fa35dc5"},"headline":"Papa Francisco: Escucha una y otra vez los consejos de los m\u00e1s ancianos para escribir p\u00e1ginas nuevas","datePublished":"2023-04-22T17:46:01+00:00","mainEntityOfPage":{"@id":"https:\/\/webdelmaestrocmf.com\/portal\/papa-francisco-escucha-una-y-otra-vez-los-consejos-de-los-mas-ancianos-para-escribir-paginas-nuevas\/"},"wordCount":1701,"commentCount":0,"publisher":{"@id":"https:\/\/webdelmaestrocmf.com\/portal\/#organization"},"image":{"@id":"https:\/\/webdelmaestrocmf.com\/portal\/papa-francisco-escucha-una-y-otra-vez-los-consejos-de-los-mas-ancianos-para-escribir-paginas-nuevas\/#primaryimage"},"thumbnailUrl":"https:\/\/webdelmaestrocmf.com\/portal\/wp-content\/uploads\/2023\/04\/A12B3C4D-22.jpg","keywords":["COMUNICACI\u00d3N","CORRESPONSABILIDAD","Fe","Herencia","j\u00f3venes","LIBERTAD","lucha","Mundo mejor","Papa Francisco","resiliencia","RESPETO","video"],"articleSection":["Mundo cart\u00f3lico","Papa Francisco"],"inLanguage":"es","potentialAction":[{"@type":"CommentAction","name":"Comment","target":["https:\/\/webdelmaestrocmf.com\/portal\/papa-francisco-escucha-una-y-otra-vez-los-consejos-de-los-mas-ancianos-para-escribir-paginas-nuevas\/#respond"]}]},{"@type":"WebPage","@id":"https:\/\/webdelmaestrocmf.com\/portal\/papa-francisco-escucha-una-y-otra-vez-los-consejos-de-los-mas-ancianos-para-escribir-paginas-nuevas\/","url":"https:\/\/webdelmaestrocmf.com\/portal\/papa-francisco-escucha-una-y-otra-vez-los-consejos-de-los-mas-ancianos-para-escribir-paginas-nuevas\/","name":"Papa Francisco: Escucha una y otra vez los consejos de los m\u00e1s ancianos para escribir p\u00e1ginas nuevas - 2026","isPartOf":{"@id":"https:\/\/webdelmaestrocmf.com\/portal\/#website"},"primaryImageOfPage":{"@id":"https:\/\/webdelmaestrocmf.com\/portal\/papa-francisco-escucha-una-y-otra-vez-los-consejos-de-los-mas-ancianos-para-escribir-paginas-nuevas\/#primaryimage"},"image":{"@id":"https:\/\/webdelmaestrocmf.com\/portal\/papa-francisco-escucha-una-y-otra-vez-los-consejos-de-los-mas-ancianos-para-escribir-paginas-nuevas\/#primaryimage"},"thumbnailUrl":"https:\/\/webdelmaestrocmf.com\/portal\/wp-content\/uploads\/2023\/04\/A12B3C4D-22.jpg","datePublished":"2023-04-22T17:46:01+00:00","description":"El Papa Francisco aconsej\u00f3 a los j\u00f3venes durante su visita a Canad\u00e1 que, lo que han heredado de los antepasados, de su pueblo...","breadcrumb":{"@id":"https:\/\/webdelmaestrocmf.com\/portal\/papa-francisco-escucha-una-y-otra-vez-los-consejos-de-los-mas-ancianos-para-escribir-paginas-nuevas\/#breadcrumb"},"inLanguage":"es","potentialAction":[{"@type":"ReadAction","target":["https:\/\/webdelmaestrocmf.com\/portal\/papa-francisco-escucha-una-y-otra-vez-los-consejos-de-los-mas-ancianos-para-escribir-paginas-nuevas\/"]}]},{"@type":"ImageObject","inLanguage":"es","@id":"https:\/\/webdelmaestrocmf.com\/portal\/papa-francisco-escucha-una-y-otra-vez-los-consejos-de-los-mas-ancianos-para-escribir-paginas-nuevas\/#primaryimage","url":"https:\/\/webdelmaestrocmf.com\/portal\/wp-content\/uploads\/2023\/04\/A12B3C4D-22.jpg","contentUrl":"https:\/\/webdelmaestrocmf.com\/portal\/wp-content\/uploads\/2023\/04\/A12B3C4D-22.jpg","width":900,"height":556},{"@type":"BreadcrumbList","@id":"https:\/\/webdelmaestrocmf.com\/portal\/papa-francisco-escucha-una-y-otra-vez-los-consejos-de-los-mas-ancianos-para-escribir-paginas-nuevas\/#breadcrumb","itemListElement":[{"@type":"ListItem","position":1,"name":"Portada","item":"https:\/\/webdelmaestrocmf.com\/portal\/"},{"@type":"ListItem","position":2,"name":"Mundo cart\u00f3lico","item":"https:\/\/webdelmaestrocmf.com\/portal\/category\/pastoral\/"},{"@type":"ListItem","position":3,"name":"Papa Francisco: Escucha una y otra vez los consejos de los m\u00e1s ancianos para escribir p\u00e1ginas nuevas"}]},{"@type":"WebSite","@id":"https:\/\/webdelmaestrocmf.com\/portal\/#website","url":"https:\/\/webdelmaestrocmf.com\/portal\/","name":"Web del Maestro CMF","description":"Maestros al servicio de la educaci\u00f3n","publisher":{"@id":"https:\/\/webdelmaestrocmf.com\/portal\/#organization"},"alternateName":"WMCMF","potentialAction":[{"@type":"SearchAction","target":{"@type":"EntryPoint","urlTemplate":"https:\/\/webdelmaestrocmf.com\/portal\/?s={search_term_string}"},"query-input":{"@type":"PropertyValueSpecification","valueRequired":true,"valueName":"search_term_string"}}],"inLanguage":"es"},{"@type":"Organization","@id":"https:\/\/webdelmaestrocmf.com\/portal\/#organization","name":"Web del Maestro CMF","alternateName":"WMCMF","url":"https:\/\/webdelmaestrocmf.com\/portal\/","logo":{"@type":"ImageObject","inLanguage":"es","@id":"https:\/\/webdelmaestrocmf.com\/portal\/#\/schema\/logo\/image\/","url":"https:\/\/webdelmaestrocmf.com\/portal\/wp-content\/uploads\/2023\/01\/logo-wmcmf-2.png","contentUrl":"https:\/\/webdelmaestrocmf.com\/portal\/wp-content\/uploads\/2023\/01\/logo-wmcmf-2.png","width":200,"height":60,"caption":"Web del Maestro CMF"},"image":{"@id":"https:\/\/webdelmaestrocmf.com\/portal\/#\/schema\/logo\/image\/"},"sameAs":["https:\/\/www.facebook.com\/WebdelMaestroCMF\/","https:\/\/x.com\/cmf_w","https:\/\/www.pinterest.com\/WMCMF\/","https:\/\/www.linkedin.com\/company\/web-del-maestro-cmf\/","https:\/\/www.instagram.com\/wmcmf\/","https:\/\/www.youtube.com\/channel\/UCDPSvjbdodE5sHnC3OxutHw","https:\/\/mastodon.social\/@wmcmf","https:\/\/www.tiktok.com\/@webdelmaestrocmf"]},{"@type":"Person","@id":"https:\/\/webdelmaestrocmf.com\/portal\/#\/schema\/person\/1072a2ed7bd960df8ef99a551fa35dc5","name":"Web del Maestro CMF","image":{"@type":"ImageObject","inLanguage":"es","@id":"https:\/\/secure.gravatar.com\/avatar\/23291dd5b5ae1077dcff3dbb04c3e02bd28403fa75af6d8787d5e97c5bbbe30b?s=96&d=mm&r=g","url":"https:\/\/secure.gravatar.com\/avatar\/23291dd5b5ae1077dcff3dbb04c3e02bd28403fa75af6d8787d5e97c5bbbe30b?s=96&d=mm&r=g","contentUrl":"https:\/\/secure.gravatar.com\/avatar\/23291dd5b5ae1077dcff3dbb04c3e02bd28403fa75af6d8787d5e97c5bbbe30b?s=96&d=mm&r=g","caption":"Web del Maestro CMF"},"description":"Esta Web se cre\u00f3 sin fines de lucro, con fines educativos, cient\u00edficos y acad\u00e9micos, para personas que tengan dificultades y\/o inconvenientes en visualizar el material original. El objetivo es entregar recursos, compartir experiencias y materiales que ayuden a los padres de familia, maestros y estudiantes en su actualizaci\u00f3n y formaci\u00f3n permanente, en bien de la Educaci\u00f3n.","sameAs":["http:\/\/webdelmaestrocmf.com\/portal","https:\/\/www.facebook.com\/WebdelMaestroCMF\/","https:\/\/www.instagram.com\/wmcmf\/","https:\/\/cl.linkedin.com\/company\/web-del-maestro-cmf","https:\/\/www.pinterest.com\/WMCMF\/publicaciones\/","https:\/\/x.com\/cmf_w","https:\/\/www.youtube.com\/@WMCMF"]}]}},"jetpack_featured_media_url":"https:\/\/webdelmaestrocmf.com\/portal\/wp-content\/uploads\/2023\/04\/A12B3C4D-22.jpg","jetpack_sharing_enabled":true,"jetpack-related-posts":[{"id":16311,"url":"https:\/\/webdelmaestrocmf.com\/portal\/papa-francisco-jovenes-dejen-una-huella-marque-la-historia\/","url_meta":{"origin":87827,"position":0},"title":"Papa Francisco: j\u00f3venes \u201cdejen una huella que marque la historia\u201d","author":"Web del Maestro CMF","date":"22 marzo, 2017","format":false,"excerpt":"El Papa Francisco env\u00eda un video mensaje, que ROME REPORTS ha colgado en YouTube, y que compartimos con fines educativos \u2013 pastorales; sobre la Jornada Mundial de la Juventud. Un mensaje que anima a los j\u00f3venes a expresar sus planteamientos, sus sue\u00f1os e ideales, para romper los muros del inmovilismo\u2026","rel":"","context":"En \u00abMundo cart\u00f3lico\u00bb","block_context":{"text":"Mundo cart\u00f3lico","link":"https:\/\/webdelmaestrocmf.com\/portal\/category\/pastoral\/"},"img":{"alt_text":"","src":"https:\/\/i0.wp.com\/webdelmaestrocmf.com\/portal\/wp-content\/uploads\/2017\/10\/1ss.jpg?resize=350%2C200&ssl=1","width":350,"height":200,"srcset":"https:\/\/i0.wp.com\/webdelmaestrocmf.com\/portal\/wp-content\/uploads\/2017\/10\/1ss.jpg?resize=350%2C200&ssl=1 1x, https:\/\/i0.wp.com\/webdelmaestrocmf.com\/portal\/wp-content\/uploads\/2017\/10\/1ss.jpg?resize=525%2C300&ssl=1 1.5x"},"classes":[]},{"id":16752,"url":"https:\/\/webdelmaestrocmf.com\/portal\/ustedes-los-jovenes-los-tienen-futuro\/","url_meta":{"origin":87827,"position":1},"title":"Papa Francisco: \u00ab\u00a1ustedes, los j\u00f3venes, son los que tienen el futuro!\u00bb","author":"Web del Maestro CMF","date":"5 abril, 2017","format":false,"excerpt":"Con estas palabras el Papa Francisco se dirigi\u00f3 a los j\u00f3venes en su habitual mensaje mensual, animando a que todos roguemos por ellos, junto con \u00e9l, para \u201cque sepan responder con generosidad a su propia vocaci\u00f3n, y movilizarse por las grandes causas del mundo\u201d. FRANCISCO:\u00a0 S\u00e9 que ustedes, los j\u00f3venes,\u2026","rel":"","context":"En \u00abMundo cart\u00f3lico\u00bb","block_context":{"text":"Mundo cart\u00f3lico","link":"https:\/\/webdelmaestrocmf.com\/portal\/category\/pastoral\/"},"img":{"alt_text":"","src":"https:\/\/i0.wp.com\/webdelmaestrocmf.com\/portal\/wp-content\/uploads\/2017\/10\/1ss.jpg?resize=350%2C200&ssl=1","width":350,"height":200,"srcset":"https:\/\/i0.wp.com\/webdelmaestrocmf.com\/portal\/wp-content\/uploads\/2017\/10\/1ss.jpg?resize=350%2C200&ssl=1 1x, https:\/\/i0.wp.com\/webdelmaestrocmf.com\/portal\/wp-content\/uploads\/2017\/10\/1ss.jpg?resize=525%2C300&ssl=1 1.5x"},"classes":[]},{"id":22050,"url":"https:\/\/webdelmaestrocmf.com\/portal\/papa-los-jovenes-narcisismo-produce-tristeza-maquillarse-alma\/","url_meta":{"origin":87827,"position":2},"title":"Papa a los j\u00f3venes: el narcisismo produce tristeza porque es maquillarse el alma","author":"Web del Maestro CMF","date":"14 septiembre, 2017","format":false,"excerpt":"Esta es la\u00a0alegr\u00eda que se desat\u00f3\u00a0cuando Francisco entr\u00f3 en el Aula Pablo VI. Sin embargo, el Papa lleg\u00f3 un poco tarde y tan solo se detuvo para bendecir a los ni\u00f1os peque\u00f1os... Aunque estos dos fueron m\u00e1s despiertos que los dem\u00e1s y salieron as\u00ed a su encuentro. El Papa se\u2026","rel":"","context":"En \u00abMundo cart\u00f3lico\u00bb","block_context":{"text":"Mundo cart\u00f3lico","link":"https:\/\/webdelmaestrocmf.com\/portal\/category\/pastoral\/"},"img":{"alt_text":"","src":"https:\/\/i0.wp.com\/webdelmaestrocmf.com\/portal\/wp-content\/uploads\/2017\/10\/1ss.jpg?resize=350%2C200&ssl=1","width":350,"height":200,"srcset":"https:\/\/i0.wp.com\/webdelmaestrocmf.com\/portal\/wp-content\/uploads\/2017\/10\/1ss.jpg?resize=350%2C200&ssl=1 1x, https:\/\/i0.wp.com\/webdelmaestrocmf.com\/portal\/wp-content\/uploads\/2017\/10\/1ss.jpg?resize=525%2C300&ssl=1 1.5x"},"classes":[]},{"id":26575,"url":"https:\/\/webdelmaestrocmf.com\/portal\/papa-francisco-invita-los-jovenes-participar-internet-la-preparacion-del-sinodo\/","url_meta":{"origin":87827,"position":3},"title":"Papa Francisco invita a los j\u00f3venes a participar por internet en la preparaci\u00f3n del s\u00ednodo","author":"Web del Maestro CMF","date":"21 febrero, 2018","format":false,"excerpt":"En marzo, unos 300 j\u00f3venes se reunir\u00e1n en Roma para aportar ideas y preparar el pr\u00f3ximo S\u00ednodo. \u00c9ste se celebrar\u00e1 en octubre y tratar\u00e1 precisamente sobre la Iglesia y los j\u00f3venes. Por eso, en el \u00c1ngelus, el Papa pidi\u00f3 a todos los j\u00f3venes que participen en el encuentro de marzo\u2026","rel":"","context":"En \u00abMundo cart\u00f3lico\u00bb","block_context":{"text":"Mundo cart\u00f3lico","link":"https:\/\/webdelmaestrocmf.com\/portal\/category\/pastoral\/"},"img":{"alt_text":"","src":"https:\/\/i0.wp.com\/webdelmaestrocmf.com\/portal\/wp-content\/uploads\/2018\/02\/papa-francisco.jpg?resize=350%2C200&ssl=1","width":350,"height":200,"srcset":"https:\/\/i0.wp.com\/webdelmaestrocmf.com\/portal\/wp-content\/uploads\/2018\/02\/papa-francisco.jpg?resize=350%2C200&ssl=1 1x, https:\/\/i0.wp.com\/webdelmaestrocmf.com\/portal\/wp-content\/uploads\/2018\/02\/papa-francisco.jpg?resize=525%2C300&ssl=1 1.5x, https:\/\/i0.wp.com\/webdelmaestrocmf.com\/portal\/wp-content\/uploads\/2018\/02\/papa-francisco.jpg?resize=700%2C400&ssl=1 2x, https:\/\/i0.wp.com\/webdelmaestrocmf.com\/portal\/wp-content\/uploads\/2018\/02\/papa-francisco.jpg?resize=1050%2C600&ssl=1 3x"},"classes":[]},{"id":74932,"url":"https:\/\/webdelmaestrocmf.com\/portal\/universitarios-preguntan-al-papa-francisco-por-que-algunos-lo-tildan-de-comunista\/","url_meta":{"origin":87827,"position":4},"title":"Universitarios preguntan al Papa Francisco por qu\u00e9 algunos lo tildan de comunista","author":"Web del Maestro CMF","date":"2 marzo, 2022","format":false,"excerpt":"El Papa Francisco se encontr\u00f3 virtualmente, en un evento promovido por la Universidad Loyola de Chicago y la Pontificia Comisi\u00f3n para Am\u00e9rica Latina (CAL), con estudiantes universitarios de toda Am\u00e9rica para hablar sobre el fen\u00f3meno de la migraci\u00f3n y c\u00f3mo construir puentes Norte-Sur. Participaron en esta reuni\u00f3n sala de zoom\u2026","rel":"","context":"En \u00abMundo cart\u00f3lico\u00bb","block_context":{"text":"Mundo cart\u00f3lico","link":"https:\/\/webdelmaestrocmf.com\/portal\/category\/pastoral\/"},"img":{"alt_text":"","src":"https:\/\/i0.wp.com\/webdelmaestrocmf.com\/portal\/wp-content\/uploads\/2022\/03\/1-3.jpg?resize=350%2C200&ssl=1","width":350,"height":200,"srcset":"https:\/\/i0.wp.com\/webdelmaestrocmf.com\/portal\/wp-content\/uploads\/2022\/03\/1-3.jpg?resize=350%2C200&ssl=1 1x, https:\/\/i0.wp.com\/webdelmaestrocmf.com\/portal\/wp-content\/uploads\/2022\/03\/1-3.jpg?resize=525%2C300&ssl=1 1.5x, https:\/\/i0.wp.com\/webdelmaestrocmf.com\/portal\/wp-content\/uploads\/2022\/03\/1-3.jpg?resize=700%2C400&ssl=1 2x, https:\/\/i0.wp.com\/webdelmaestrocmf.com\/portal\/wp-content\/uploads\/2022\/03\/1-3.jpg?resize=1050%2C600&ssl=1 3x"},"classes":[]},{"id":47170,"url":"https:\/\/webdelmaestrocmf.com\/portal\/papa-francisco-pide-orar-por-los-profesores-y-estudiantes-que-tienen-que-trabajar-bastante-para-realizar-lecciones-a-traves-de-internet\/","url_meta":{"origin":87827,"position":5},"title":"Papa Francisco pide orar por los profesores y estudiantes que tienen que trabajar bastante para realizar lecciones a trav\u00e9s de internet","author":"Web del Maestro CMF","date":"14 mayo, 2020","format":false,"excerpt":"En muchos pa\u00edses, profesores y estudiantes se han visto obligados a culminar el a\u00f1o acad\u00e9mico, a iniciar o continuar sus clases desde sus casas. La crisis sanitaria causada por el Covid 19 ha obligado a replantear el proceso de ense\u00f1anza \u2013 aprendizaje. La tecnolog\u00eda digital ha sido adoptada como una\u2026","rel":"","context":"En \u00abMundo cart\u00f3lico\u00bb","block_context":{"text":"Mundo cart\u00f3lico","link":"https:\/\/webdelmaestrocmf.com\/portal\/category\/pastoral\/"},"img":{"alt_text":"","src":"https:\/\/i0.wp.com\/webdelmaestrocmf.com\/portal\/wp-content\/uploads\/2020\/05\/1a-27.jpg?resize=350%2C200&ssl=1","width":350,"height":200,"srcset":"https:\/\/i0.wp.com\/webdelmaestrocmf.com\/portal\/wp-content\/uploads\/2020\/05\/1a-27.jpg?resize=350%2C200&ssl=1 1x, https:\/\/i0.wp.com\/webdelmaestrocmf.com\/portal\/wp-content\/uploads\/2020\/05\/1a-27.jpg?resize=525%2C300&ssl=1 1.5x, https:\/\/i0.wp.com\/webdelmaestrocmf.com\/portal\/wp-content\/uploads\/2020\/05\/1a-27.jpg?resize=700%2C400&ssl=1 2x, https:\/\/i0.wp.com\/webdelmaestrocmf.com\/portal\/wp-content\/uploads\/2020\/05\/1a-27.jpg?resize=1050%2C600&ssl=1 3x"},"classes":[]}],"_links":{"self":[{"href":"https:\/\/webdelmaestrocmf.com\/portal\/wp-json\/wp\/v2\/posts\/87827","targetHints":{"allow":["GET"]}}],"collection":[{"href":"https:\/\/webdelmaestrocmf.com\/portal\/wp-json\/wp\/v2\/posts"}],"about":[{"href":"https:\/\/webdelmaestrocmf.com\/portal\/wp-json\/wp\/v2\/types\/post"}],"author":[{"embeddable":true,"href":"https:\/\/webdelmaestrocmf.com\/portal\/wp-json\/wp\/v2\/users\/1"}],"replies":[{"embeddable":true,"href":"https:\/\/webdelmaestrocmf.com\/portal\/wp-json\/wp\/v2\/comments?post=87827"}],"version-history":[{"count":0,"href":"https:\/\/webdelmaestrocmf.com\/portal\/wp-json\/wp\/v2\/posts\/87827\/revisions"}],"wp:featuredmedia":[{"embeddable":true,"href":"https:\/\/webdelmaestrocmf.com\/portal\/wp-json\/wp\/v2\/media\/87829"}],"wp:attachment":[{"href":"https:\/\/webdelmaestrocmf.com\/portal\/wp-json\/wp\/v2\/media?parent=87827"}],"wp:term":[{"taxonomy":"category","embeddable":true,"href":"https:\/\/webdelmaestrocmf.com\/portal\/wp-json\/wp\/v2\/categories?post=87827"},{"taxonomy":"post_tag","embeddable":true,"href":"https:\/\/webdelmaestrocmf.com\/portal\/wp-json\/wp\/v2\/tags?post=87827"}],"curies":[{"name":"wp","href":"https:\/\/api.w.org\/{rel}","templated":true}]}}