{"id":87379,"date":"2023-04-14T18:48:25","date_gmt":"2023-04-14T22:48:25","guid":{"rendered":"https:\/\/webdelmaestrocmf.com\/portal\/?p=87379"},"modified":"2023-04-15T10:52:29","modified_gmt":"2023-04-15T14:52:29","slug":"pilares-de-la-educacion-moderna","status":"publish","type":"post","link":"https:\/\/webdelmaestrocmf.com\/portal\/pilares-de-la-educacion-moderna\/","title":{"rendered":"Pilares de la educaci\u00f3n moderna"},"content":{"rendered":"<h5 style=\"text-align: justify;\"><strong>Los pilares de la educaci\u00f3n en el nuevo modelo educativo del siglo XXI<\/strong>. En el a\u00f1o 1996, se public\u00f3 el libro La educaci\u00f3n encierra un tesoro, el cual recoge un informe preparado por la Comisi\u00f3n Internacional sobre la Educaci\u00f3n para el siglo XXI de la UNESCO, presidida por Jacques Delors. En dicha publicaci\u00f3n se establecen los pilares de la educaci\u00f3n en el nuevo modelo educativo que han guiado la gesti\u00f3n educativa a nivel global. En la elaboraci\u00f3n de esta obra participaron catorce eminentes personalidades del mundo, procedentes de diversos medios culturales y profesionales.<\/h5>\n<p><!--more--><\/p>\n<p style=\"text-align: justify;\">Conoce m\u00e1s sobre este interesante tema, a continuaci\u00f3n.<\/p>\n<h5 style=\"text-align: justify;\"><span id=\"sobre-los-pilares-de-la-educacioacuten-en-el-nuevo-modelo-educativo\">Sobre los pilares de la educaci\u00f3n en el nuevo modelo educativo<\/span><\/h5>\n<p style=\"text-align: justify;\">Esta publicaci\u00f3n, junto con<a href=\"https:\/\/webdelmaestrocmf.com\/portal\/los-siete-saberes-necesarios-para-la-educacion-del-futuro-ii\/\" target=\"_blank\" rel=\"noopener\">\u00a0<em>Los siete saberes necesarios para la Educaci\u00f3n del futuro<\/em><\/a>, escrita por Edgar Mor\u00edn, sustentaron la posterior Declaraci\u00f3n mundial sobre la educaci\u00f3n superior en el siglo XXI: Visi\u00f3n y acci\u00f3n, producida dos a\u00f1os m\u00e1s tarde en la Conferencia Mundial realizada por la UNESCO, en Par\u00eds.<\/p>\n<p style=\"text-align: justify;\">Entonces, se sentaron las bases para una\u00a0<strong>reforma educativa<\/strong>\u00a0en el desarrollo de una cultura escolar que derrotara las cegueras del conocimiento, con base en los cuatro\u00a0<strong>pilares de la educaci\u00f3n en el\u00a0nuevo modelo educativo<\/strong>.<\/p>\n<h5 style=\"text-align: justify;\"><span id=\"iquestqueacute-son-los-pilares-de-la-educacioacuten-en-el-nuevo-modelo-educativo\">\u00bfQu\u00e9 son los pilares de la educaci\u00f3n en el nuevo modelo educativo?<\/span><\/h5>\n<p style=\"text-align: justify;\">Se entienden como las bases o fines que se persiguen alcanzar en los sistemas educativos. Aunque se trata de un sistema estandarizado, existen pa\u00edses que amoldan los principios envueltos en los\u00a0<strong>pilares de la educaci\u00f3n en el nuevo modelo educativo<\/strong>, de acuerdo a sus necesidades y a lo que esperan lograr como sociedad, por lo que se orientan en los\u00a0<strong>aprendizajes claves<\/strong>\u00a0o\u00a0<strong>aprendizaje esperados<\/strong>\u00a0de los alumnos.<\/p>\n<p style=\"text-align: justify;\">Hay que recordar que la educaci\u00f3n es, entre todos los aspectos, uno de los que mayor incidencia en el futuro social tiene, por lo que el\u00a0<strong>planteamiento curricular\u00a0<\/strong>tiene gran efecto en el desarrollo de las sociedades.<\/p>\n<p style=\"text-align: justify;\">Un ejemplo de esto es la\u00a0<strong>Nueva Escuela Mexicana<\/strong>\u00a0&#8211;\u00a0<strong>NEM\u00a0<\/strong>que promueve el civismo, la historia y la inclusi\u00f3n familiar.<\/p>\n<h5 style=\"text-align: justify;\"><span id=\"los-cuatro-pilares-de-la-educacioacuten-en-el-modelo-delors\">Los cuatro pilares de la educaci\u00f3n en el modelo Delors<\/span><\/h5>\n<p style=\"text-align: justify;\">Las naciones firmantes de la Declaraci\u00f3n mundial sobre la educaci\u00f3n superior en el siglo XXI, se comprometieron a implantar un sistema educativo global inspirado por los siguientes\u00a0<strong>pilares de la educaci\u00f3n<\/strong>:<\/p>\n<ol>\n<li style=\"text-align: justify;\"><strong><span id=\"aprender-a-conocer\">Aprender a conocer:\u00a0<\/span><\/strong>Que invita a comprender el mundo que nos rodea reconociendo su complejidad mediante el ejercicio de un pensamiento inclusivo y no fragmentado.<\/li>\n<li style=\"text-align: justify;\"><strong><span id=\"aprender-a-hacer\">Aprender a hacer:\u00a0<\/span><\/strong>Que propone formar personas que puedan influir sobre su propio entorno y est\u00e9n dispuestas a trabajar en equipo para mejorar la calidad de vida de las comunidades.<\/li>\n<li style=\"text-align: justify;\"><strong><span id=\"aprender-a-vivir-juntos\">Aprender a vivir juntos:\u00a0<\/span><\/strong>Que conlleva el desarrollo de la cultura de la paz, basada en el reconocimiento de la diversidad y la igualdad.<\/li>\n<li style=\"text-align: justify;\"><strong><span id=\"aprender-a-ser\">Aprender a ser:\u00a0<\/span><\/strong>Que implica facilitar el desarrollo de la autonom\u00eda, la iniciativa, la\u00a0creatividad y la innovaci\u00f3n, complementada con valores asociados con la justicia y el compromiso social.<\/li>\n<\/ol>\n<p style=\"padding-left: 40px; text-align: justify;\">Desde luego, la satisfacci\u00f3n de estos\u00a0<strong>cuatro pilares de la educaci\u00f3n<\/strong>, conlleva el desarrollo de estrategias que han modificado la forma como aprendemos.<\/p>\n<p style=\"text-align: justify;\">Por esta raz\u00f3n, algunos expertos consideran que los\u00a0<strong>cuatro pilares fundamentales<\/strong>, identificados inicialmente por la UNESCO, se han transformado en\u00a0<strong>cinco pilares<\/strong>, agregando el \u201cAprender a aprender\u201d, como fundamento para la producci\u00f3n\u00a0<strong>acad\u00e9mica<\/strong>\u00a0de conocimientos en este nuevo contexto.<\/p>\n<p>Art\u00edculo relacionado:<\/p>\n<blockquote class=\"wp-embedded-content\" data-secret=\"ywCBzIc30w\"><p><a href=\"https:\/\/webdelmaestrocmf.com\/portal\/5-pilares-de-la-educacion-unesco\/\">5 pilares de la educaci\u00f3n &#8211; UNESCO<\/a><\/p><\/blockquote>\n<p><iframe loading=\"lazy\" class=\"wp-embedded-content\" sandbox=\"allow-scripts\" security=\"restricted\" style=\"position: absolute; clip: rect(1px, 1px, 1px, 1px);\" title=\"\u00ab5 pilares de la educaci\u00f3n &#8211; UNESCO\u00bb \u2014 Web del Maestro CMF\" src=\"https:\/\/webdelmaestrocmf.com\/portal\/5-pilares-de-la-educacion-unesco\/embed\/#?secret=Wttus6Iufc#?secret=ywCBzIc30w\" data-secret=\"ywCBzIc30w\" width=\"600\" height=\"338\" frameborder=\"0\" marginwidth=\"0\" marginheight=\"0\" scrolling=\"no\"><\/iframe><\/p>\n<h5 style=\"text-align: left;\"><span id=\"aprender-a-aprender-el-primero-de-los-pilares-de-la-educacioacuten-en-el-nuevo-modelo-educativo\">Aprender a aprender, el primero de los pilares de la educaci\u00f3n en el nuevo modelo educativo<\/span><\/h5>\n<p style=\"text-align: justify;\">Actualmente, el primero de los pilares<strong>\u00a0<\/strong>en el nuevo modelo educativo \u201cAprender a aprender\u201d, ha inspirado el dise\u00f1o de modelos como el\u00a0<strong>aprendizaje colaborativo<\/strong>, cuya base para la construcci\u00f3n de conocimientos es la interacci\u00f3n.<\/p>\n<p style=\"text-align: justify;\">En este aspecto, la Comisi\u00f3n Europea ha descrito el \u201caprender a aprender\u201d como: \u00abLa capacidad para proseguir y persistir en el aprendizaje, lo cual supone que los estudiantes construyan conocimiento a partir de sus\u00a0<strong>aprendizajes<\/strong>\u00a0y experiencias vitales\u00bb. De esta forma, se privilegia el aprendizaje como una actividad vivencial.<\/p>\n<p style=\"text-align: justify;\">Los\u00a0<strong>pilares de la educaci\u00f3n en el nuevo modelo educativo<\/strong>, fundamentan\u00a0<strong>aprendizajes claves<\/strong>.<\/p>\n<p style=\"text-align: justify;\">De acuerdo con esta nueva forma de aprendizaje, que rompe los esquemas tradicionales de la educaci\u00f3n fragmentada y memor\u00edstica, los estudiantes desarrollan:<\/p>\n<ul style=\"text-align: justify;\">\n<li>La capacidad para motivarse por aprender y la autoconfianza.<\/li>\n<li>El conocimiento y control de los propios procesos de aprendizaje para ajustarlos a los tiempos y a las demandas que conducen al aprendizaje.<\/li>\n<\/ul>\n<p style=\"text-align: justify;\">De manera que, la inclusi\u00f3n, la autorregulaci\u00f3n y la autonom\u00eda del estudiante se convierten en principios pedag\u00f3gicos, para el desarrollo del proceso de ense\u00f1anza, desde la educaci\u00f3n\u00a0<strong>preescolar<\/strong>, la\u00a0<strong>educaci\u00f3n b\u00e1sica<\/strong>, hasta la universitaria.<\/p>\n<p>Art\u00edculo relacionado:<\/p>\n<blockquote class=\"wp-embedded-content\" data-secret=\"J4iY3fpVGO\"><p><a href=\"https:\/\/webdelmaestrocmf.com\/portal\/los-cuatro-pilares-de-la-educacion\/\">Los cuatro pilares de la educaci\u00f3n<\/a><\/p><\/blockquote>\n<p><iframe loading=\"lazy\" class=\"wp-embedded-content\" sandbox=\"allow-scripts\" security=\"restricted\" style=\"position: absolute; clip: rect(1px, 1px, 1px, 1px);\" title=\"\u00abLos cuatro pilares de la educaci\u00f3n\u00bb \u2014 Web del Maestro CMF\" src=\"https:\/\/webdelmaestrocmf.com\/portal\/los-cuatro-pilares-de-la-educacion\/embed\/#?secret=p4j5GmQ6OK#?secret=J4iY3fpVGO\" data-secret=\"J4iY3fpVGO\" width=\"600\" height=\"338\" frameborder=\"0\" marginwidth=\"0\" marginheight=\"0\" scrolling=\"no\"><\/iframe><\/p>\n<h5 style=\"text-align: justify;\"><span id=\"los-cincos-pilares-de-la-educacioacuten-en-el-nuevo-modelo-educativo\">Los cincos pilares de la educaci\u00f3n en el nuevo modelo educativo<\/span><\/h5>\n<p style=\"text-align: justify;\">Tras las reformas educativas, se ha logrado en la actualidad basar muchos de los sistemas educativos a nivel global en\u00a0<strong>cinco pilares de la educaci\u00f3n en el nuevo modelo educativo<\/strong>.<\/p>\n<p style=\"text-align: justify;\">Los ejes de acci\u00f3n de estas bases se centran en:<\/p>\n<ul style=\"text-align: justify;\">\n<li>Escuela al centro.<\/li>\n<li>Planteamiento curricular.<\/li>\n<li>Formaci\u00f3n y desarrollo profesional docente.<\/li>\n<li>Inclusi\u00f3n y equidad.<\/li>\n<li>Gobernanza del sistema educativo.<\/li>\n<\/ul>\n<p style=\"text-align: justify;\">Veamos, de qu\u00e9 trata cada uno de estos aspectos.<\/p>\n<ol>\n<li style=\"text-align: justify;\"><strong><span id=\"planteamiento-curricular\">Planteamiento curricular: <\/span><\/strong>El punto de las influencias\u00a0<strong>curriculares<\/strong>\u00a0es el equivalente a la visi\u00f3n de \u201cAprender a aprender\u201d, con la que se espera que la poblaci\u00f3n estudiantil sea capaz de adquirir aprendizajes significativos que le permitan generar respuestas y resolver conflictos en la cotidianidad.<\/li>\n<li style=\"text-align: justify;\">De modo que, las asignaturas estudiadas tengan repercusi\u00f3n directa sobre los intereses o situaciones que puedan generarse en el d\u00eda a d\u00eda de los alumnos como parte de la sociedad.<\/li>\n<li style=\"text-align: justify;\">En este sentido, se busca estimular el conocimiento sobre: el idioma natal e idiomas extranjeros, las lenguas ind\u00edgenas, las matem\u00e1ticas, explorar las nociones reales sobre el mundo (natural y social), apreciaci\u00f3n de las artes, ejecuci\u00f3n de actividad f\u00edsica, desarrollo de habilidades socioemocionales, que involucran el autoconocimiento, saber\u00a0<strong>vivir juntos<\/strong>, y el trabajo en equipo.<\/li>\n<li style=\"text-align: justify;\"><strong><span id=\"la-escuela-al-centro\">La escuela al centro:\u00a0<\/span><\/strong>Se trata de darle valor y dignificar el trabajo de los planteles, a trav\u00e9s de la autonom\u00eda de su proceso de gesti\u00f3n, manejo de sus recursos, infraestructuras adecuadas y la incorporaci\u00f3n de una plantilla docente a la altura.<\/li>\n<li style=\"text-align: justify;\">Lo que nos lleva a otro de los\u00a0<strong>pilares de la educaci\u00f3n en el nuevo modelo educativo<\/strong>, el de la formaci\u00f3n docente.<\/li>\n<li style=\"text-align: justify;\"><strong><span id=\"formacioacuten-y-desarrollo-profesional-docente\">Formaci\u00f3n y desarrollo profesional docente:\u00a0<\/span><\/strong>Involucra todos los procesos mediante los cuales se busca estimular y contribuir a la formaci\u00f3n docente, para que puedan desarrollarse en dos aspectos fundamentales:<\/li>\n<li style=\"list-style-type: none;\">\n<ul>\n<li>En el \u00e1rea de su especialidad.<\/li>\n<li>En la forma de propiciar el aprendizaje en los estudiantes.<\/li>\n<\/ul>\n<\/li>\n<li style=\"text-align: justify;\">En ese sentido,\u00a0las categor\u00edas en el \u00e1mbito educativo est\u00e9n basadas en el m\u00e9rito profesional.<\/li>\n<li style=\"text-align: justify;\"><strong><span id=\"equidad-e-inclusioacuten\">Equidad e inclusi\u00f3n: <\/span><\/strong>Se relaciona con los principios de igual social y al derecho a la educaci\u00f3n sin considerar raza, g\u00e9nero, condici\u00f3n f\u00edsica o cualquier otro aspecto que pueda servir para discriminar.<\/li>\n<li style=\"text-align: justify;\">Bajo este nuevo modelo educativo todas las personas disponen de la oportunidad de pertenecer a una comunidad escolar.<\/li>\n<li style=\"text-align: justify;\"><strong><span id=\"gobernanza-del-sistema-educativo\">Gobernanza del sistema educativo:\u00a0<\/span><\/strong>El \u00faltimo de los\u00a0<strong>pilares de la educaci\u00f3n en el nuevo modelo educativo\u00a0<\/strong>supone la participaci\u00f3n que tendr\u00e1n actores como el gobierno, las autoridades educativas, la comunidad en general y los padres o representantes en la consolidaci\u00f3n de los avances educativos.<\/li>\n<\/ol>\n<h5>Los pilares de la educaci\u00f3n moderna<\/h5>\n<p style=\"text-align: justify;\">La educaci\u00f3n moderna se ha convertido en un tema de gran importancia en todo el mundo. La educaci\u00f3n se considera la base del progreso y el desarrollo de cualquier sociedad. Con el paso del tiempo, los pilares de la educaci\u00f3n moderna han evolucionado, y en este art\u00edculo, vamos a analizar los principales pilares de la educaci\u00f3n moderna.<\/p>\n<p><img loading=\"lazy\" decoding=\"async\" class=\"alignnone size-full wp-image-87388\" src=\"https:\/\/webdelmaestrocmf.com\/portal\/wp-content\/uploads\/2023\/04\/ZA12B3C4D-87.jpg\" alt=\"\" width=\"700\" height=\"365\" srcset=\"https:\/\/webdelmaestrocmf.com\/portal\/wp-content\/uploads\/2023\/04\/ZA12B3C4D-87.jpg 700w, https:\/\/webdelmaestrocmf.com\/portal\/wp-content\/uploads\/2023\/04\/ZA12B3C4D-87-300x156.jpg 300w, https:\/\/webdelmaestrocmf.com\/portal\/wp-content\/uploads\/2023\/04\/ZA12B3C4D-87-110x57.jpg 110w, https:\/\/webdelmaestrocmf.com\/portal\/wp-content\/uploads\/2023\/04\/ZA12B3C4D-87-200x104.jpg 200w, https:\/\/webdelmaestrocmf.com\/portal\/wp-content\/uploads\/2023\/04\/ZA12B3C4D-87-380x198.jpg 380w, https:\/\/webdelmaestrocmf.com\/portal\/wp-content\/uploads\/2023\/04\/ZA12B3C4D-87-255x133.jpg 255w, https:\/\/webdelmaestrocmf.com\/portal\/wp-content\/uploads\/2023\/04\/ZA12B3C4D-87-550x287.jpg 550w\" sizes=\"auto, (max-width: 700px) 100vw, 700px\" \/><\/p>\n<ol>\n<li style=\"text-align: justify;\"><strong>Educaci\u00f3n inclusiva:<\/strong> La educaci\u00f3n moderna debe ser inclusiva, es decir, debe estar disponible para todas las personas sin importar su raza, g\u00e9nero, orientaci\u00f3n sexual, religi\u00f3n, origen socioecon\u00f3mico o discapacidad. La inclusi\u00f3n en la educaci\u00f3n es un <strong>derecho humano fundamental.<\/strong><\/li>\n<li style=\"text-align: justify;\"><strong>Tecnolog\u00eda:<\/strong> La tecnolog\u00eda es un pilar importante de la educaci\u00f3n moderna. Los avances tecnol\u00f3gicos han transformado la forma en que se ense\u00f1a y se aprende. Las herramientas digitales y la tecnolog\u00eda en el aula pueden mejorar la experiencia de aprendizaje y aumentar el acceso a la educaci\u00f3n.<\/li>\n<li style=\"text-align: justify;\"><strong>Creatividad:<\/strong> La educaci\u00f3n moderna debe fomentar la creatividad. Los estudiantes deben tener la oportunidad de explorar y descubrir su propia creatividad, lo que les permitir\u00e1 desarrollar habilidades \u00fanicas y encontrar soluciones innovadoras a los problemas.<\/li>\n<li style=\"text-align: justify;\"><strong>Habilidades sociales y emocionales:<\/strong> Los estudiantes deben desarrollar habilidades sociales y emocionales para ser exitosos en el mundo moderno. Estas habilidades incluyen la capacidad de comunicarse efectivamente, trabajar en equipo, resolver conflictos y manejar el estr\u00e9s.<\/li>\n<li style=\"text-align: justify;\"><strong>Educaci\u00f3n basada en competencias:<\/strong> La educaci\u00f3n moderna debe estar basada en competencias. En lugar de enfocarse en la memorizaci\u00f3n de informaci\u00f3n, la educaci\u00f3n debe enfocarse en el desarrollo de habilidades y competencias pr\u00e1cticas que puedan aplicarse en situaciones del mundo real.<\/li>\n<li style=\"text-align: justify;\"><strong>Aprendizaje personalizado:<\/strong> La educaci\u00f3n moderna debe ser personalizada y adaptada a las necesidades y habilidades individuales de cada estudiante. El aprendizaje personalizado puede mejorar la motivaci\u00f3n y el rendimiento de los estudiantes.<\/li>\n<li style=\"text-align: justify;\"><strong>Enfoque pr\u00e1ctico:<\/strong> La educaci\u00f3n moderna debe tener un enfoque pr\u00e1ctico. Los estudiantes deben tener la oportunidad de aplicar lo que aprenden en situaciones reales, lo que les permitir\u00e1 desarrollar habilidades pr\u00e1cticas y relevantes.<\/li>\n<li style=\"text-align: justify;\"><strong>Pensamiento cr\u00edtico:<\/strong> La educaci\u00f3n moderna debe fomentar el pensamiento cr\u00edtico. Los estudiantes deben ser capaces de analizar y evaluar informaci\u00f3n de manera cr\u00edtica, lo que les permitir\u00e1 tomar decisiones informadas y resolver problemas de manera efectiva.<\/li>\n<li style=\"text-align: justify;\"><strong>Educaci\u00f3n interdisciplinaria:<\/strong> La educaci\u00f3n moderna debe ser interdisciplinaria. Los estudiantes deben tener la oportunidad de aprender sobre una variedad de temas desde una variedad de perspectivas diferentes, lo que les permitir\u00e1 comprender mejor la complejidad del mundo moderno.<\/li>\n<li style=\"text-align: justify;\"><strong>Aprendizaje a lo largo de la vida:<\/strong> La educaci\u00f3n moderna debe fomentar el aprendizaje a lo largo de toda la vida. Los estudiantes deben estar preparados para aprender continuamente, adaptarse a los cambios en el mundo y adquirir nuevas habilidades a lo largo de sus carreras.<\/li>\n<li style=\"text-align: justify;\"><strong>Enfoque global:<\/strong> La educaci\u00f3n moderna debe tener un enfoque global. Los estudiantes deben tener la oportunidad de aprender sobre diferentes culturas y perspectivas, lo que les permitir\u00e1 comprender mejor el mundo y desarrollar habilidades interculturales<\/li>\n<\/ol>\n<p>Art\u00edculo relacionado:<\/p>\n<blockquote class=\"wp-embedded-content\" data-secret=\"dhZM5bKihB\"><p><a href=\"https:\/\/webdelmaestrocmf.com\/portal\/estos-son-cinco-pilares-de-la-felicidad-en-el-nino\/\">Estos son cinco pilares de la felicidad en el ni\u00f1o<\/a><\/p><\/blockquote>\n<p><iframe loading=\"lazy\" class=\"wp-embedded-content\" sandbox=\"allow-scripts\" security=\"restricted\" style=\"position: absolute; clip: rect(1px, 1px, 1px, 1px);\" title=\"\u00abEstos son cinco pilares de la felicidad en el ni\u00f1o\u00bb \u2014 Web del Maestro CMF\" src=\"https:\/\/webdelmaestrocmf.com\/portal\/estos-son-cinco-pilares-de-la-felicidad-en-el-nino\/embed\/#?secret=dUf06atACT#?secret=dhZM5bKihB\" data-secret=\"dhZM5bKihB\" width=\"600\" height=\"338\" frameborder=\"0\" marginwidth=\"0\" marginheight=\"0\" scrolling=\"no\"><\/iframe><\/p>\n<p><strong>Este contenido ha sido publicado originalmente por EuroInnova en la siguiente direcci\u00f3n: <a href=\"https:\/\/www.euroinnova.edu.es\/blog\/pilares-de-la-educacion-nuevo-modelo-educativo\" target=\"_blank\" rel=\"noopener\">euroinnova.edu.es<\/a><\/strong><\/p>\n<p style=\"text-align: center;\">Recomendamos a la Comunidad Educativa Digital tener en cuenta que, el enlace y\/o la carpeta en donde est\u00e1n alojados los libros, recursos y\/o materiales, no es administrado por la Web del Maestro CMF, pueda ser que en cuesti\u00f3n de d\u00edas (o seg\u00fan el tiempo transcurrido desde su publicaci\u00f3n), los enlaces no funcionen y el material ya no se encuentre disponible. Gracias por su comprensi\u00f3n.<\/p>\n<p style=\"text-align: center;\">ENLACE DE LECTURA:\u00a0<a href=\"https:\/\/mega.nz\/folder\/H75wEDiK#BfFG7kYt2J_BEQx9YnN2YA\" target=\"_blank\" rel=\"noopener\">LOS PILARES DE LA EDUCACI\u00d3N DEL FUTURO<\/a><\/p>\n<p>Si te sirvi\u00f3 el material, ap\u00f3yanos con un clic. Nos ayudar\u00e1 a mantener el servicio.<br \/>\n\u00a1Comparte y as\u00ed m\u00e1s docentes utilizar\u00e1n estos recursos gratis! Muchas gracias.<\/p>\n<p><img decoding=\"async\" src=\"https:\/\/webdelmaestrocmf.com\/portal\/wp-content\/uploads\/2023\/04\/banner_des.png\" \/><\/p>\n\n","protected":false},"excerpt":{"rendered":"Los pilares de la educaci\u00f3n en el nuevo modelo educativo del siglo XXI. En el a\u00f1o 1996, se&hellip;","protected":false},"author":1,"featured_media":87389,"comment_status":"open","ping_status":"closed","sticky":false,"template":"","format":"standard","meta":{"csco_display_header_overlay":false,"csco_singular_sidebar":"default","csco_page_header_type":"default","csco_page_load_nextpost":"default","csco_post_video_location":[],"csco_post_video_location_hash":"","csco_post_video_url":"","csco_post_video_bg_start_time":0,"csco_post_video_bg_end_time":0,"csco_post_video_bg_volume":false,"_jetpack_memberships_contains_paid_content":false,"footnotes":""},"categories":[16022,735],"tags":[55,1681,1989],"class_list":{"0":"post-87379","1":"post","2":"type-post","3":"status-publish","4":"format-standard","5":"has-post-thumbnail","7":"category-pilares-educacion","8":"category-pedagogia","9":"tag-educacion","10":"tag-moderna","11":"tag-pilares","12":"cs-entry","13":"cs-video-wrap"},"yoast_head":"<!-- This site is optimized with the Yoast SEO plugin v27.5 - https:\/\/yoast.com\/product\/yoast-seo-wordpress\/ -->\n<title>Pilares de la educaci\u00f3n moderna - 2026<\/title>\n<meta name=\"description\" content=\"Comunidad de Maestros, Docentes y Profesores, en donde encontrar\u00e1s material, informaci\u00f3n y noticias del \u00e1mbito nacional y mundial.\" \/>\n<meta name=\"robots\" content=\"index, follow, max-snippet:-1, max-image-preview:large, max-video-preview:-1\" \/>\n<link rel=\"canonical\" href=\"https:\/\/webdelmaestrocmf.com\/portal\/pilares-de-la-educacion-moderna\/\" \/>\n<meta property=\"og:locale\" content=\"es_ES\" \/>\n<meta property=\"og:type\" content=\"article\" \/>\n<meta property=\"og:title\" content=\"Pilares de la educaci\u00f3n moderna - 2026\" \/>\n<meta property=\"og:description\" content=\"Comunidad de Maestros, Docentes y Profesores, en donde encontrar\u00e1s material, informaci\u00f3n y noticias del \u00e1mbito nacional y mundial.\" \/>\n<meta property=\"og:url\" content=\"https:\/\/webdelmaestrocmf.com\/portal\/pilares-de-la-educacion-moderna\/\" \/>\n<meta property=\"og:site_name\" content=\"Web del Maestro CMF\" \/>\n<meta property=\"article:publisher\" content=\"https:\/\/www.facebook.com\/WebdelMaestroCMF\/\" \/>\n<meta property=\"article:author\" content=\"https:\/\/www.facebook.com\/WebdelMaestroCMF\/\" \/>\n<meta property=\"article:published_time\" content=\"2023-04-14T22:48:25+00:00\" \/>\n<meta property=\"article:modified_time\" content=\"2023-04-15T14:52:29+00:00\" \/>\n<meta property=\"og:image\" content=\"https:\/\/i0.wp.com\/webdelmaestrocmf.com\/portal\/wp-content\/uploads\/2023\/04\/A12B3C4D-3-4.jpg?fit=900%2C556&ssl=1\" \/>\n\t<meta property=\"og:image:width\" content=\"900\" \/>\n\t<meta property=\"og:image:height\" content=\"556\" \/>\n\t<meta property=\"og:image:type\" content=\"image\/jpeg\" \/>\n<meta name=\"author\" content=\"Web del Maestro CMF\" \/>\n<meta name=\"twitter:card\" content=\"summary_large_image\" \/>\n<meta name=\"twitter:creator\" content=\"@cmf_w\" \/>\n<meta name=\"twitter:site\" content=\"@cmf_w\" \/>\n<script type=\"application\/ld+json\" class=\"yoast-schema-graph\">{\"@context\":\"https:\\\/\\\/schema.org\",\"@graph\":[{\"@type\":\"ScholarlyArticle\",\"@id\":\"https:\\\/\\\/webdelmaestrocmf.com\\\/portal\\\/pilares-de-la-educacion-moderna\\\/#article\",\"isPartOf\":{\"@id\":\"https:\\\/\\\/webdelmaestrocmf.com\\\/portal\\\/pilares-de-la-educacion-moderna\\\/\"},\"author\":{\"name\":\"Web del Maestro CMF\",\"@id\":\"https:\\\/\\\/webdelmaestrocmf.com\\\/portal\\\/#\\\/schema\\\/person\\\/1072a2ed7bd960df8ef99a551fa35dc5\"},\"headline\":\"Pilares de la educaci\u00f3n moderna\",\"datePublished\":\"2023-04-14T22:48:25+00:00\",\"dateModified\":\"2023-04-15T14:52:29+00:00\",\"mainEntityOfPage\":{\"@id\":\"https:\\\/\\\/webdelmaestrocmf.com\\\/portal\\\/pilares-de-la-educacion-moderna\\\/\"},\"wordCount\":1944,\"commentCount\":0,\"publisher\":{\"@id\":\"https:\\\/\\\/webdelmaestrocmf.com\\\/portal\\\/#organization\"},\"image\":{\"@id\":\"https:\\\/\\\/webdelmaestrocmf.com\\\/portal\\\/pilares-de-la-educacion-moderna\\\/#primaryimage\"},\"thumbnailUrl\":\"https:\\\/\\\/webdelmaestrocmf.com\\\/portal\\\/wp-content\\\/uploads\\\/2023\\\/04\\\/A12B3C4D-3-4.jpg\",\"keywords\":[\"EDUCACI\u00d3N\",\"MODERNA\",\"PILARES\"],\"articleSection\":[\"Pilares educaci\u00f3n\",\"Recursos\"],\"inLanguage\":\"es\",\"potentialAction\":[{\"@type\":\"CommentAction\",\"name\":\"Comment\",\"target\":[\"https:\\\/\\\/webdelmaestrocmf.com\\\/portal\\\/pilares-de-la-educacion-moderna\\\/#respond\"]}]},{\"@type\":\"WebPage\",\"@id\":\"https:\\\/\\\/webdelmaestrocmf.com\\\/portal\\\/pilares-de-la-educacion-moderna\\\/\",\"url\":\"https:\\\/\\\/webdelmaestrocmf.com\\\/portal\\\/pilares-de-la-educacion-moderna\\\/\",\"name\":\"Pilares de la educaci\u00f3n moderna - 2026\",\"isPartOf\":{\"@id\":\"https:\\\/\\\/webdelmaestrocmf.com\\\/portal\\\/#website\"},\"primaryImageOfPage\":{\"@id\":\"https:\\\/\\\/webdelmaestrocmf.com\\\/portal\\\/pilares-de-la-educacion-moderna\\\/#primaryimage\"},\"image\":{\"@id\":\"https:\\\/\\\/webdelmaestrocmf.com\\\/portal\\\/pilares-de-la-educacion-moderna\\\/#primaryimage\"},\"thumbnailUrl\":\"https:\\\/\\\/webdelmaestrocmf.com\\\/portal\\\/wp-content\\\/uploads\\\/2023\\\/04\\\/A12B3C4D-3-4.jpg\",\"datePublished\":\"2023-04-14T22:48:25+00:00\",\"dateModified\":\"2023-04-15T14:52:29+00:00\",\"description\":\"Comunidad de Maestros, Docentes y Profesores, en donde encontrar\u00e1s material, informaci\u00f3n y noticias del \u00e1mbito nacional y mundial.\",\"breadcrumb\":{\"@id\":\"https:\\\/\\\/webdelmaestrocmf.com\\\/portal\\\/pilares-de-la-educacion-moderna\\\/#breadcrumb\"},\"inLanguage\":\"es\",\"potentialAction\":[{\"@type\":\"ReadAction\",\"target\":[\"https:\\\/\\\/webdelmaestrocmf.com\\\/portal\\\/pilares-de-la-educacion-moderna\\\/\"]}]},{\"@type\":\"ImageObject\",\"inLanguage\":\"es\",\"@id\":\"https:\\\/\\\/webdelmaestrocmf.com\\\/portal\\\/pilares-de-la-educacion-moderna\\\/#primaryimage\",\"url\":\"https:\\\/\\\/webdelmaestrocmf.com\\\/portal\\\/wp-content\\\/uploads\\\/2023\\\/04\\\/A12B3C4D-3-4.jpg\",\"contentUrl\":\"https:\\\/\\\/webdelmaestrocmf.com\\\/portal\\\/wp-content\\\/uploads\\\/2023\\\/04\\\/A12B3C4D-3-4.jpg\",\"width\":900,\"height\":556},{\"@type\":\"BreadcrumbList\",\"@id\":\"https:\\\/\\\/webdelmaestrocmf.com\\\/portal\\\/pilares-de-la-educacion-moderna\\\/#breadcrumb\",\"itemListElement\":[{\"@type\":\"ListItem\",\"position\":1,\"name\":\"Portada\",\"item\":\"https:\\\/\\\/webdelmaestrocmf.com\\\/portal\\\/\"},{\"@type\":\"ListItem\",\"position\":2,\"name\":\"Recursos\",\"item\":\"https:\\\/\\\/webdelmaestrocmf.com\\\/portal\\\/category\\\/pedagogia\\\/\"},{\"@type\":\"ListItem\",\"position\":3,\"name\":\"Pilares de la educaci\u00f3n moderna\"}]},{\"@type\":\"WebSite\",\"@id\":\"https:\\\/\\\/webdelmaestrocmf.com\\\/portal\\\/#website\",\"url\":\"https:\\\/\\\/webdelmaestrocmf.com\\\/portal\\\/\",\"name\":\"Web del Maestro CMF\",\"description\":\"Maestros al servicio de la educaci\u00f3n\",\"publisher\":{\"@id\":\"https:\\\/\\\/webdelmaestrocmf.com\\\/portal\\\/#organization\"},\"alternateName\":\"WMCMF\",\"potentialAction\":[{\"@type\":\"SearchAction\",\"target\":{\"@type\":\"EntryPoint\",\"urlTemplate\":\"https:\\\/\\\/webdelmaestrocmf.com\\\/portal\\\/?s={search_term_string}\"},\"query-input\":{\"@type\":\"PropertyValueSpecification\",\"valueRequired\":true,\"valueName\":\"search_term_string\"}}],\"inLanguage\":\"es\"},{\"@type\":\"Organization\",\"@id\":\"https:\\\/\\\/webdelmaestrocmf.com\\\/portal\\\/#organization\",\"name\":\"Web del Maestro CMF\",\"alternateName\":\"WMCMF\",\"url\":\"https:\\\/\\\/webdelmaestrocmf.com\\\/portal\\\/\",\"logo\":{\"@type\":\"ImageObject\",\"inLanguage\":\"es\",\"@id\":\"https:\\\/\\\/webdelmaestrocmf.com\\\/portal\\\/#\\\/schema\\\/logo\\\/image\\\/\",\"url\":\"https:\\\/\\\/webdelmaestrocmf.com\\\/portal\\\/wp-content\\\/uploads\\\/2023\\\/01\\\/logo-wmcmf-2.png\",\"contentUrl\":\"https:\\\/\\\/webdelmaestrocmf.com\\\/portal\\\/wp-content\\\/uploads\\\/2023\\\/01\\\/logo-wmcmf-2.png\",\"width\":200,\"height\":60,\"caption\":\"Web del Maestro CMF\"},\"image\":{\"@id\":\"https:\\\/\\\/webdelmaestrocmf.com\\\/portal\\\/#\\\/schema\\\/logo\\\/image\\\/\"},\"sameAs\":[\"https:\\\/\\\/www.facebook.com\\\/WebdelMaestroCMF\\\/\",\"https:\\\/\\\/x.com\\\/cmf_w\",\"https:\\\/\\\/www.pinterest.com\\\/WMCMF\\\/\",\"https:\\\/\\\/www.linkedin.com\\\/company\\\/web-del-maestro-cmf\\\/\",\"https:\\\/\\\/www.instagram.com\\\/wmcmf\\\/\",\"https:\\\/\\\/www.youtube.com\\\/channel\\\/UCDPSvjbdodE5sHnC3OxutHw\",\"https:\\\/\\\/mastodon.social\\\/@wmcmf\",\"https:\\\/\\\/www.tiktok.com\\\/@webdelmaestrocmf\"]},{\"@type\":\"Person\",\"@id\":\"https:\\\/\\\/webdelmaestrocmf.com\\\/portal\\\/#\\\/schema\\\/person\\\/1072a2ed7bd960df8ef99a551fa35dc5\",\"name\":\"Web del Maestro CMF\",\"image\":{\"@type\":\"ImageObject\",\"inLanguage\":\"es\",\"@id\":\"https:\\\/\\\/secure.gravatar.com\\\/avatar\\\/23291dd5b5ae1077dcff3dbb04c3e02bd28403fa75af6d8787d5e97c5bbbe30b?s=96&d=mm&r=g\",\"url\":\"https:\\\/\\\/secure.gravatar.com\\\/avatar\\\/23291dd5b5ae1077dcff3dbb04c3e02bd28403fa75af6d8787d5e97c5bbbe30b?s=96&d=mm&r=g\",\"contentUrl\":\"https:\\\/\\\/secure.gravatar.com\\\/avatar\\\/23291dd5b5ae1077dcff3dbb04c3e02bd28403fa75af6d8787d5e97c5bbbe30b?s=96&d=mm&r=g\",\"caption\":\"Web del Maestro CMF\"},\"description\":\"Esta Web se cre\u00f3 sin fines de lucro, con fines educativos, cient\u00edficos y acad\u00e9micos, para personas que tengan dificultades y\\\/o inconvenientes en visualizar el material original. El objetivo es entregar recursos, compartir experiencias y materiales que ayuden a los padres de familia, maestros y estudiantes en su actualizaci\u00f3n y formaci\u00f3n permanente, en bien de la Educaci\u00f3n.\",\"sameAs\":[\"http:\\\/\\\/webdelmaestrocmf.com\\\/portal\",\"https:\\\/\\\/www.facebook.com\\\/WebdelMaestroCMF\\\/\",\"https:\\\/\\\/www.instagram.com\\\/wmcmf\\\/\",\"https:\\\/\\\/cl.linkedin.com\\\/company\\\/web-del-maestro-cmf\",\"https:\\\/\\\/www.pinterest.com\\\/WMCMF\\\/publicaciones\\\/\",\"https:\\\/\\\/x.com\\\/cmf_w\",\"https:\\\/\\\/www.youtube.com\\\/@WMCMF\"]}]}<\/script>\n<!-- \/ Yoast SEO plugin. -->","yoast_head_json":{"title":"Pilares de la educaci\u00f3n moderna - 2026","description":"Comunidad de Maestros, Docentes y Profesores, en donde encontrar\u00e1s material, informaci\u00f3n y noticias del \u00e1mbito nacional y mundial.","robots":{"index":"index","follow":"follow","max-snippet":"max-snippet:-1","max-image-preview":"max-image-preview:large","max-video-preview":"max-video-preview:-1"},"canonical":"https:\/\/webdelmaestrocmf.com\/portal\/pilares-de-la-educacion-moderna\/","og_locale":"es_ES","og_type":"article","og_title":"Pilares de la educaci\u00f3n moderna - 2026","og_description":"Comunidad de Maestros, Docentes y Profesores, en donde encontrar\u00e1s material, informaci\u00f3n y noticias del \u00e1mbito nacional y mundial.","og_url":"https:\/\/webdelmaestrocmf.com\/portal\/pilares-de-la-educacion-moderna\/","og_site_name":"Web del Maestro CMF","article_publisher":"https:\/\/www.facebook.com\/WebdelMaestroCMF\/","article_author":"https:\/\/www.facebook.com\/WebdelMaestroCMF\/","article_published_time":"2023-04-14T22:48:25+00:00","article_modified_time":"2023-04-15T14:52:29+00:00","og_image":[{"width":900,"height":556,"url":"https:\/\/i0.wp.com\/webdelmaestrocmf.com\/portal\/wp-content\/uploads\/2023\/04\/A12B3C4D-3-4.jpg?fit=900%2C556&ssl=1","type":"image\/jpeg"}],"author":"Web del Maestro CMF","twitter_card":"summary_large_image","twitter_creator":"@cmf_w","twitter_site":"@cmf_w","schema":{"@context":"https:\/\/schema.org","@graph":[{"@type":"ScholarlyArticle","@id":"https:\/\/webdelmaestrocmf.com\/portal\/pilares-de-la-educacion-moderna\/#article","isPartOf":{"@id":"https:\/\/webdelmaestrocmf.com\/portal\/pilares-de-la-educacion-moderna\/"},"author":{"name":"Web del Maestro CMF","@id":"https:\/\/webdelmaestrocmf.com\/portal\/#\/schema\/person\/1072a2ed7bd960df8ef99a551fa35dc5"},"headline":"Pilares de la educaci\u00f3n moderna","datePublished":"2023-04-14T22:48:25+00:00","dateModified":"2023-04-15T14:52:29+00:00","mainEntityOfPage":{"@id":"https:\/\/webdelmaestrocmf.com\/portal\/pilares-de-la-educacion-moderna\/"},"wordCount":1944,"commentCount":0,"publisher":{"@id":"https:\/\/webdelmaestrocmf.com\/portal\/#organization"},"image":{"@id":"https:\/\/webdelmaestrocmf.com\/portal\/pilares-de-la-educacion-moderna\/#primaryimage"},"thumbnailUrl":"https:\/\/webdelmaestrocmf.com\/portal\/wp-content\/uploads\/2023\/04\/A12B3C4D-3-4.jpg","keywords":["EDUCACI\u00d3N","MODERNA","PILARES"],"articleSection":["Pilares educaci\u00f3n","Recursos"],"inLanguage":"es","potentialAction":[{"@type":"CommentAction","name":"Comment","target":["https:\/\/webdelmaestrocmf.com\/portal\/pilares-de-la-educacion-moderna\/#respond"]}]},{"@type":"WebPage","@id":"https:\/\/webdelmaestrocmf.com\/portal\/pilares-de-la-educacion-moderna\/","url":"https:\/\/webdelmaestrocmf.com\/portal\/pilares-de-la-educacion-moderna\/","name":"Pilares de la educaci\u00f3n moderna - 2026","isPartOf":{"@id":"https:\/\/webdelmaestrocmf.com\/portal\/#website"},"primaryImageOfPage":{"@id":"https:\/\/webdelmaestrocmf.com\/portal\/pilares-de-la-educacion-moderna\/#primaryimage"},"image":{"@id":"https:\/\/webdelmaestrocmf.com\/portal\/pilares-de-la-educacion-moderna\/#primaryimage"},"thumbnailUrl":"https:\/\/webdelmaestrocmf.com\/portal\/wp-content\/uploads\/2023\/04\/A12B3C4D-3-4.jpg","datePublished":"2023-04-14T22:48:25+00:00","dateModified":"2023-04-15T14:52:29+00:00","description":"Comunidad de Maestros, Docentes y Profesores, en donde encontrar\u00e1s material, informaci\u00f3n y noticias del \u00e1mbito nacional y mundial.","breadcrumb":{"@id":"https:\/\/webdelmaestrocmf.com\/portal\/pilares-de-la-educacion-moderna\/#breadcrumb"},"inLanguage":"es","potentialAction":[{"@type":"ReadAction","target":["https:\/\/webdelmaestrocmf.com\/portal\/pilares-de-la-educacion-moderna\/"]}]},{"@type":"ImageObject","inLanguage":"es","@id":"https:\/\/webdelmaestrocmf.com\/portal\/pilares-de-la-educacion-moderna\/#primaryimage","url":"https:\/\/webdelmaestrocmf.com\/portal\/wp-content\/uploads\/2023\/04\/A12B3C4D-3-4.jpg","contentUrl":"https:\/\/webdelmaestrocmf.com\/portal\/wp-content\/uploads\/2023\/04\/A12B3C4D-3-4.jpg","width":900,"height":556},{"@type":"BreadcrumbList","@id":"https:\/\/webdelmaestrocmf.com\/portal\/pilares-de-la-educacion-moderna\/#breadcrumb","itemListElement":[{"@type":"ListItem","position":1,"name":"Portada","item":"https:\/\/webdelmaestrocmf.com\/portal\/"},{"@type":"ListItem","position":2,"name":"Recursos","item":"https:\/\/webdelmaestrocmf.com\/portal\/category\/pedagogia\/"},{"@type":"ListItem","position":3,"name":"Pilares de la educaci\u00f3n moderna"}]},{"@type":"WebSite","@id":"https:\/\/webdelmaestrocmf.com\/portal\/#website","url":"https:\/\/webdelmaestrocmf.com\/portal\/","name":"Web del Maestro CMF","description":"Maestros al servicio de la educaci\u00f3n","publisher":{"@id":"https:\/\/webdelmaestrocmf.com\/portal\/#organization"},"alternateName":"WMCMF","potentialAction":[{"@type":"SearchAction","target":{"@type":"EntryPoint","urlTemplate":"https:\/\/webdelmaestrocmf.com\/portal\/?s={search_term_string}"},"query-input":{"@type":"PropertyValueSpecification","valueRequired":true,"valueName":"search_term_string"}}],"inLanguage":"es"},{"@type":"Organization","@id":"https:\/\/webdelmaestrocmf.com\/portal\/#organization","name":"Web del Maestro CMF","alternateName":"WMCMF","url":"https:\/\/webdelmaestrocmf.com\/portal\/","logo":{"@type":"ImageObject","inLanguage":"es","@id":"https:\/\/webdelmaestrocmf.com\/portal\/#\/schema\/logo\/image\/","url":"https:\/\/webdelmaestrocmf.com\/portal\/wp-content\/uploads\/2023\/01\/logo-wmcmf-2.png","contentUrl":"https:\/\/webdelmaestrocmf.com\/portal\/wp-content\/uploads\/2023\/01\/logo-wmcmf-2.png","width":200,"height":60,"caption":"Web del Maestro CMF"},"image":{"@id":"https:\/\/webdelmaestrocmf.com\/portal\/#\/schema\/logo\/image\/"},"sameAs":["https:\/\/www.facebook.com\/WebdelMaestroCMF\/","https:\/\/x.com\/cmf_w","https:\/\/www.pinterest.com\/WMCMF\/","https:\/\/www.linkedin.com\/company\/web-del-maestro-cmf\/","https:\/\/www.instagram.com\/wmcmf\/","https:\/\/www.youtube.com\/channel\/UCDPSvjbdodE5sHnC3OxutHw","https:\/\/mastodon.social\/@wmcmf","https:\/\/www.tiktok.com\/@webdelmaestrocmf"]},{"@type":"Person","@id":"https:\/\/webdelmaestrocmf.com\/portal\/#\/schema\/person\/1072a2ed7bd960df8ef99a551fa35dc5","name":"Web del Maestro CMF","image":{"@type":"ImageObject","inLanguage":"es","@id":"https:\/\/secure.gravatar.com\/avatar\/23291dd5b5ae1077dcff3dbb04c3e02bd28403fa75af6d8787d5e97c5bbbe30b?s=96&d=mm&r=g","url":"https:\/\/secure.gravatar.com\/avatar\/23291dd5b5ae1077dcff3dbb04c3e02bd28403fa75af6d8787d5e97c5bbbe30b?s=96&d=mm&r=g","contentUrl":"https:\/\/secure.gravatar.com\/avatar\/23291dd5b5ae1077dcff3dbb04c3e02bd28403fa75af6d8787d5e97c5bbbe30b?s=96&d=mm&r=g","caption":"Web del Maestro CMF"},"description":"Esta Web se cre\u00f3 sin fines de lucro, con fines educativos, cient\u00edficos y acad\u00e9micos, para personas que tengan dificultades y\/o inconvenientes en visualizar el material original. El objetivo es entregar recursos, compartir experiencias y materiales que ayuden a los padres de familia, maestros y estudiantes en su actualizaci\u00f3n y formaci\u00f3n permanente, en bien de la Educaci\u00f3n.","sameAs":["http:\/\/webdelmaestrocmf.com\/portal","https:\/\/www.facebook.com\/WebdelMaestroCMF\/","https:\/\/www.instagram.com\/wmcmf\/","https:\/\/cl.linkedin.com\/company\/web-del-maestro-cmf","https:\/\/www.pinterest.com\/WMCMF\/publicaciones\/","https:\/\/x.com\/cmf_w","https:\/\/www.youtube.com\/@WMCMF"]}]}},"jetpack_featured_media_url":"https:\/\/webdelmaestrocmf.com\/portal\/wp-content\/uploads\/2023\/04\/A12B3C4D-3-4.jpg","jetpack_sharing_enabled":true,"jetpack-related-posts":[{"id":67616,"url":"https:\/\/webdelmaestrocmf.com\/portal\/5-pilares-de-la-educacion-unesco\/","url_meta":{"origin":87379,"position":0},"title":"5 pilares de la educaci\u00f3n &#8211; UNESCO","author":"Web del Maestro CMF","date":"2 marzo, 2024","format":false,"excerpt":"Los \"cuatro\" pilares de la educaci\u00f3n fueron propuestos por la Comisi\u00f3n Internacional sobre la Educaci\u00f3n para el Siglo XXI, presidida por Jacques Delors, en su informe \"La educaci\u00f3n encierra un tesoro\". Pero en esta ocasi\u00f3n les proporcionaremos una actualizaci\u00f3n o una nueva versi\u00f3n realizada por la UNESCO: \"5 pilares de\u2026","rel":"","context":"En \u00abDocentes\u00bb","block_context":{"text":"Docentes","link":"https:\/\/webdelmaestrocmf.com\/portal\/category\/pedagogia\/docentes\/"},"img":{"alt_text":"pilares de la educaci\u00f3n","src":"https:\/\/i0.wp.com\/webdelmaestrocmf.com\/portal\/wp-content\/uploads\/2023\/11\/Banner-1-portada-imagen-10-1-5.jpg?resize=350%2C200&ssl=1","width":350,"height":200,"srcset":"https:\/\/i0.wp.com\/webdelmaestrocmf.com\/portal\/wp-content\/uploads\/2023\/11\/Banner-1-portada-imagen-10-1-5.jpg?resize=350%2C200&ssl=1 1x, https:\/\/i0.wp.com\/webdelmaestrocmf.com\/portal\/wp-content\/uploads\/2023\/11\/Banner-1-portada-imagen-10-1-5.jpg?resize=525%2C300&ssl=1 1.5x, https:\/\/i0.wp.com\/webdelmaestrocmf.com\/portal\/wp-content\/uploads\/2023\/11\/Banner-1-portada-imagen-10-1-5.jpg?resize=700%2C400&ssl=1 2x"},"classes":[]},{"id":90531,"url":"https:\/\/webdelmaestrocmf.com\/portal\/libros-para-el-maestro-de-la-nueva-escuela-mexicana\/","url_meta":{"origin":87379,"position":1},"title":"Libros para el maestro de la Nueva Escuela Mexicana","author":"Web del Maestro CMF","date":"14 julio, 2023","format":false,"excerpt":"La nueva escuela mexicana es una propuesta de transformaci\u00f3n educativa implementada en M\u00e9xico con el objetivo de mejorar la calidad y equidad en la educaci\u00f3n. Como parte de esta iniciativa, se han desarrollado una serie de materiales y recursos para apoyar a los maestros en su labor docente, entre ellos\u2026","rel":"","context":"En \u00abDescargas Manuales PDF\u00bb","block_context":{"text":"Descargas Manuales PDF","link":"https:\/\/webdelmaestrocmf.com\/portal\/category\/pedagogia\/descargas-manuales-pdf\/"},"img":{"alt_text":"","src":"https:\/\/i0.wp.com\/webdelmaestrocmf.com\/portal\/wp-content\/uploads\/2023\/07\/A12B3C4D-2023-07-14T114942.426.jpg?resize=350%2C200&ssl=1","width":350,"height":200,"srcset":"https:\/\/i0.wp.com\/webdelmaestrocmf.com\/portal\/wp-content\/uploads\/2023\/07\/A12B3C4D-2023-07-14T114942.426.jpg?resize=350%2C200&ssl=1 1x, https:\/\/i0.wp.com\/webdelmaestrocmf.com\/portal\/wp-content\/uploads\/2023\/07\/A12B3C4D-2023-07-14T114942.426.jpg?resize=525%2C300&ssl=1 1.5x, https:\/\/i0.wp.com\/webdelmaestrocmf.com\/portal\/wp-content\/uploads\/2023\/07\/A12B3C4D-2023-07-14T114942.426.jpg?resize=700%2C400&ssl=1 2x"},"classes":[]},{"id":19890,"url":"https:\/\/webdelmaestrocmf.com\/portal\/nueve-pilares-una-transformacion-los-metodos-aprendizaje\/","url_meta":{"origin":87379,"position":2},"title":"Pilares para una transformaci\u00f3n en los m\u00e9todos de aprendizaje","author":"Web del Maestro CMF","date":"1 marzo, 2020","format":false,"excerpt":"Un estudio de once colegios, entre p\u00fablicos y privados, de lugares y contextos socioecon\u00f3micos diversos de la geograf\u00eda espa\u00f1ola, ha servido a Ainara Zubillaga, directora de educaci\u00f3n de la Fundaci\u00f3n COTEC (organizaci\u00f3n privada que promueve la innovaci\u00f3n como motor de desarrollo econ\u00f3mico y social), manifestar la necesidad de una transformaci\u00f3n\u2026","rel":"","context":"En \u00abYo opino - WMCMF\u00bb","block_context":{"text":"Yo opino - WMCMF","link":"https:\/\/webdelmaestrocmf.com\/portal\/category\/jamb\/"},"img":{"alt_text":"","src":"https:\/\/i0.wp.com\/webdelmaestrocmf.com\/portal\/wp-content\/uploads\/2019\/07\/1-104.jpg?resize=350%2C200&ssl=1","width":350,"height":200,"srcset":"https:\/\/i0.wp.com\/webdelmaestrocmf.com\/portal\/wp-content\/uploads\/2019\/07\/1-104.jpg?resize=350%2C200&ssl=1 1x, https:\/\/i0.wp.com\/webdelmaestrocmf.com\/portal\/wp-content\/uploads\/2019\/07\/1-104.jpg?resize=525%2C300&ssl=1 1.5x, https:\/\/i0.wp.com\/webdelmaestrocmf.com\/portal\/wp-content\/uploads\/2019\/07\/1-104.jpg?resize=700%2C400&ssl=1 2x, https:\/\/i0.wp.com\/webdelmaestrocmf.com\/portal\/wp-content\/uploads\/2019\/07\/1-104.jpg?resize=1050%2C600&ssl=1 3x"},"classes":[]},{"id":16512,"url":"https:\/\/webdelmaestrocmf.com\/portal\/los-cuatro-pilares-de-la-educacion-inculcar-el-gusto-y-el-placer-de-aprender\/","url_meta":{"origin":87379,"position":3},"title":"Los cuatro pilares de la educacion: inculcar el gusto y el placer de aprender","author":"Web del Maestro CMF","date":"29 marzo, 2019","format":false,"excerpt":"Hay diversidad de opiniones sobre la cantidad y cualidad de los fundamentos o bases en que debe apoyarse la educaci\u00f3n. Una muy buena explicaci\u00f3n y s\u00edntesis sobre el planteamiento de Jacques Delors, en torno a cuatro aprendizajes fundamentales, que la UNESCO traz\u00f3 en el Informe Internacional sobre la Educaci\u00f3n del\u2026","rel":"","context":"En \u00abDocentes\u00bb","block_context":{"text":"Docentes","link":"https:\/\/webdelmaestrocmf.com\/portal\/category\/pedagogia\/docentes\/"},"img":{"alt_text":"","src":"https:\/\/i0.wp.com\/webdelmaestrocmf.com\/portal\/wp-content\/uploads\/2019\/03\/1-copia.jpg?resize=350%2C200&ssl=1","width":350,"height":200,"srcset":"https:\/\/i0.wp.com\/webdelmaestrocmf.com\/portal\/wp-content\/uploads\/2019\/03\/1-copia.jpg?resize=350%2C200&ssl=1 1x, https:\/\/i0.wp.com\/webdelmaestrocmf.com\/portal\/wp-content\/uploads\/2019\/03\/1-copia.jpg?resize=525%2C300&ssl=1 1.5x, https:\/\/i0.wp.com\/webdelmaestrocmf.com\/portal\/wp-content\/uploads\/2019\/03\/1-copia.jpg?resize=700%2C400&ssl=1 2x, https:\/\/i0.wp.com\/webdelmaestrocmf.com\/portal\/wp-content\/uploads\/2019\/03\/1-copia.jpg?resize=1050%2C600&ssl=1 3x"},"classes":[]},{"id":107660,"url":"https:\/\/webdelmaestrocmf.com\/portal\/cinco-pilares-para-transformar-tu-institucion-educativa-en-un-referente\/","url_meta":{"origin":87379,"position":4},"title":"Cinco pilares para transformar tu instituci\u00f3n educativa en un referente","author":"Web del Maestro CMF","date":"24 enero, 2025","format":false,"excerpt":"La educaci\u00f3n est\u00e1 en constante evoluci\u00f3n, y los retos que enfrentan las instituciones educativas en este siglo exigen transformaciones profundas y sostenibles. La clave para destacar en el panorama educativo actual no radica solo en adoptar nuevas tecnolog\u00edas, sino en implementar estrategias que respondan tanto a las demandas del mercado\u2026","rel":"","context":"En \u00abDocentes\u00bb","block_context":{"text":"Docentes","link":"https:\/\/webdelmaestrocmf.com\/portal\/category\/pedagogia\/docentes\/"},"img":{"alt_text":"","src":"https:\/\/i0.wp.com\/webdelmaestrocmf.com\/portal\/wp-content\/uploads\/2025\/01\/1A-Banner-1-portada-imagen-10-1-35.jpg?resize=350%2C200&ssl=1","width":350,"height":200,"srcset":"https:\/\/i0.wp.com\/webdelmaestrocmf.com\/portal\/wp-content\/uploads\/2025\/01\/1A-Banner-1-portada-imagen-10-1-35.jpg?resize=350%2C200&ssl=1 1x, https:\/\/i0.wp.com\/webdelmaestrocmf.com\/portal\/wp-content\/uploads\/2025\/01\/1A-Banner-1-portada-imagen-10-1-35.jpg?resize=525%2C300&ssl=1 1.5x, https:\/\/i0.wp.com\/webdelmaestrocmf.com\/portal\/wp-content\/uploads\/2025\/01\/1A-Banner-1-portada-imagen-10-1-35.jpg?resize=700%2C400&ssl=1 2x"},"classes":[]},{"id":47537,"url":"https:\/\/webdelmaestrocmf.com\/portal\/los-pilares-o-principios-clave-del-aprendizaje-online-o-educacion-virtual\/","url_meta":{"origin":87379,"position":5},"title":"Los pilares o principios clave del aprendizaje online o educaci\u00f3n virtual","author":"Web del Maestro CMF","date":"1 junio, 2020","format":false,"excerpt":"A continuaci\u00f3n compartimos \u00fanicamente con fines educativos la publicaci\u00f3n del Blog \"APRENDER PARA ENSE\u00d1AR - INNOVACI\u00d3N DOCENTE Y TIC EN LA UNIVERSIDAD DE DEUSTO\" en donde hacen una an\u00e1lisis de sobre los \"Principios Pedag\u00f3gicos en la educaci\u00f3n a distancia\" escrito por \"Sonia Arranz\". Esperamos que el siguiente material se de\u2026","rel":"","context":"En \u00abInformativo\u00bb","block_context":{"text":"Informativo","link":"https:\/\/webdelmaestrocmf.com\/portal\/category\/tecnologia\/informativo-tecnologia\/"},"img":{"alt_text":"","src":"https:\/\/i0.wp.com\/webdelmaestrocmf.com\/portal\/wp-content\/uploads\/2020\/06\/1.jpg?resize=350%2C200&ssl=1","width":350,"height":200,"srcset":"https:\/\/i0.wp.com\/webdelmaestrocmf.com\/portal\/wp-content\/uploads\/2020\/06\/1.jpg?resize=350%2C200&ssl=1 1x, https:\/\/i0.wp.com\/webdelmaestrocmf.com\/portal\/wp-content\/uploads\/2020\/06\/1.jpg?resize=525%2C300&ssl=1 1.5x, https:\/\/i0.wp.com\/webdelmaestrocmf.com\/portal\/wp-content\/uploads\/2020\/06\/1.jpg?resize=700%2C400&ssl=1 2x, https:\/\/i0.wp.com\/webdelmaestrocmf.com\/portal\/wp-content\/uploads\/2020\/06\/1.jpg?resize=1050%2C600&ssl=1 3x"},"classes":[]}],"_links":{"self":[{"href":"https:\/\/webdelmaestrocmf.com\/portal\/wp-json\/wp\/v2\/posts\/87379","targetHints":{"allow":["GET"]}}],"collection":[{"href":"https:\/\/webdelmaestrocmf.com\/portal\/wp-json\/wp\/v2\/posts"}],"about":[{"href":"https:\/\/webdelmaestrocmf.com\/portal\/wp-json\/wp\/v2\/types\/post"}],"author":[{"embeddable":true,"href":"https:\/\/webdelmaestrocmf.com\/portal\/wp-json\/wp\/v2\/users\/1"}],"replies":[{"embeddable":true,"href":"https:\/\/webdelmaestrocmf.com\/portal\/wp-json\/wp\/v2\/comments?post=87379"}],"version-history":[{"count":0,"href":"https:\/\/webdelmaestrocmf.com\/portal\/wp-json\/wp\/v2\/posts\/87379\/revisions"}],"wp:featuredmedia":[{"embeddable":true,"href":"https:\/\/webdelmaestrocmf.com\/portal\/wp-json\/wp\/v2\/media\/87389"}],"wp:attachment":[{"href":"https:\/\/webdelmaestrocmf.com\/portal\/wp-json\/wp\/v2\/media?parent=87379"}],"wp:term":[{"taxonomy":"category","embeddable":true,"href":"https:\/\/webdelmaestrocmf.com\/portal\/wp-json\/wp\/v2\/categories?post=87379"},{"taxonomy":"post_tag","embeddable":true,"href":"https:\/\/webdelmaestrocmf.com\/portal\/wp-json\/wp\/v2\/tags?post=87379"}],"curies":[{"name":"wp","href":"https:\/\/api.w.org\/{rel}","templated":true}]}}