{"id":87343,"date":"2023-04-13T21:09:48","date_gmt":"2023-04-14T01:09:48","guid":{"rendered":"https:\/\/webdelmaestrocmf.com\/portal\/?p=87343"},"modified":"2023-05-09T11:38:32","modified_gmt":"2023-05-09T15:38:32","slug":"ya-estamos-en-la-educacion-educacion-4-0","status":"publish","type":"post","link":"https:\/\/webdelmaestrocmf.com\/portal\/ya-estamos-en-la-educacion-educacion-4-0\/","title":{"rendered":"Ya estamos en la Educaci\u00f3n Educaci\u00f3n 4.0"},"content":{"rendered":"<h5 style=\"text-align: justify;\">El mundo est\u00e1 viviendo importantes momentos de transformaciones. En la educaci\u00f3n, la aplicaci\u00f3n de metodolog\u00edas y t\u00e9cnicas innovadoras de aprendizaje, as\u00ed como las nuevas formas de evaluaci\u00f3n, constituyen la base de un nuevo modelo educativo din\u00e1mico y cambiante.\u00a0Este proceso de innovaci\u00f3n ha apostado a lo largo del tiempo por el desarrollo y transformaci\u00f3n de la ciencia y la tecnolog\u00eda, hasta evolucionar a la actual Educaci\u00f3n 4.0.\u00a0Aunque, hoy en d\u00eda algunos autores tambi\u00e9n hablan de la educaci\u00f3n 5.0, enfoc\u00e1ndose en una educaci\u00f3n m\u00e1s humana, a\u00fan est\u00e1 en pa\u00f1ales, por lo que la educaci\u00f3n 4.0 constituye el presente.<\/h5>\n<p><!--more--><\/p>\n<p style=\"text-align: justify;\">Por ello, en este art\u00edculo nos enfocaremos en reflexionar sobre \u00bfSer\u00e1 la Educaci\u00f3n 4.0 la respuesta para el futuro?<\/p>\n<h5 class=\"wp-block-heading\" style=\"text-align: justify;\">\u00bfC\u00f3mo ha evolucionado la educaci\u00f3n?<\/h5>\n<p style=\"text-align: justify;\">Mucho ha cambiado la Educaci\u00f3n, desde la 1.0 a la 4.0.<\/p>\n<p style=\"text-align: justify;\">Pero, como bien dicen:\u00a0<strong>\u201csolo el cambio es constante\u201d,<\/strong>\u00a0y a lo largo de este viaje se han generado nuevas formas de aprender, abordar los problemas y crear las soluciones necesarias hacia el futuro.<\/p>\n<p style=\"text-align: justify;\">Por ello, vamos a examinar c\u00f3mo ha ido evolucionando la educaci\u00f3n en la incorporaci\u00f3n del uso de la tecnolog\u00eda.<\/p>\n<h5 class=\"wp-block-heading\" style=\"text-align: justify; padding-left: 40px;\"><span id=\"Educacion_10\" class=\"ez-toc-section\"><\/span>Educaci\u00f3n 1.0<\/h5>\n<p style=\"text-align: justify; padding-left: 40px;\">Todo inicia con la educaci\u00f3n tradicional centrada en la evaluaci\u00f3n a trav\u00e9s de ex\u00e1menes y trabajo individual, la cual fue conocida como la\u00a0<strong>Educaci\u00f3n 1.0.<\/strong><\/p>\n<p style=\"text-align: justify; padding-left: 40px;\">La educaci\u00f3n 1.0 se enmarca en un modelo de ense\u00f1anza pedag\u00f3gico\u00a0<a href=\"https:\/\/www.evirtualplus.com\/creando-un-curso-virtual-teorias-de-aprendizaje\/#El_Conductismo_como_teoria_de_aprendizaje\" target=\"_blank\" rel=\"noreferrer noopener\">conductista<\/a>, basada en las 3R:<\/p>\n<p style=\"text-align: justify; padding-left: 40px;\">Los estudiantes\u00a0<strong>Reciben\u00a0<\/strong>el contenido escuchando al profesor,\u00a0<strong>Replican\u00a0<\/strong>la informaci\u00f3n<strong>\u00a0<\/strong>tomando notas y estudiando, y\u00a0<strong>Responden\u00a0<\/strong>lo memorizado en la evaluaci\u00f3n.<\/p>\n<h5 class=\"wp-block-heading\" style=\"text-align: justify; padding-left: 40px;\"><span id=\"Educacion_20\" class=\"ez-toc-section\"><\/span>Educaci\u00f3n 2.0<\/h5>\n<p style=\"text-align: justify; padding-left: 40px;\">Si recordamos un poco, desde el inicio del nuevo milenio, la tecnolog\u00eda comenz\u00f3 a infiltrarse masivamente en el proceso educativo, y tanto los estudiantes como los maestros comenzaron a utilizar las TICs de manera b\u00e1sica. Esta fue conocida como\u00a0<strong>Educaci\u00f3n 2.0<\/strong>.<\/p>\n<p style=\"text-align: justify; padding-left: 40px;\">La educaci\u00f3n 2.0 se clasifica como un enfoque\u00a0<strong><a href=\"https:\/\/es.wikipedia.org\/wiki\/Andragog%C3%ADa\" target=\"_blank\" rel=\"noreferrer noopener\">andrag\u00f3gico<\/a>\u00a0y constructivista<\/strong>\u00a0de la ense\u00f1anza y el aprendizaje y est\u00e1 basado en las\u00a0<strong>3C<\/strong>:\u00a0<strong>comunicar, contribuir y colaborar.<\/strong><\/p>\n<h5 class=\"wp-block-heading\" style=\"text-align: justify; padding-left: 40px;\"><span id=\"Educacion_30\" class=\"ez-toc-section\"><\/span>Educaci\u00f3n 3.0<\/h5>\n<p style=\"text-align: justify; padding-left: 40px;\">A medida que avanzaba el uso de la tecnolog\u00eda,\u00a0esta fue incluyendo la infiltraci\u00f3n\u00a0a gran escala de la Internet por parte de los usuarios y con ello el uso cotidiano en el aula, como apoyo a las clases presenciales, as\u00ed como un medio de interacci\u00f3n y conexi\u00f3n, constituyendo as\u00ed la era de la\u00a0<strong>Educaci\u00f3n 3.0<\/strong>.<\/p>\n<p style=\"text-align: justify; padding-left: 40px;\">Es decir, en esta etapa, los estudiantes ahora ten\u00edan su propio acceso a la informaci\u00f3n, la opci\u00f3n de aprender virtualmente y plataformas para conectarse f\u00e1cilmente con profesores y otros estudiantes.<\/p>\n<p style=\"text-align: justify; padding-left: 40px;\">Por lo que, la educaci\u00f3n 3.0 adopt\u00f3 un enfoque\u00a0<a href=\"https:\/\/es.wikipedia.org\/wiki\/Heutagog%C3%ADa\" target=\"_blank\" rel=\"noreferrer noopener\">heutag\u00f3gico<\/a>\u00a0y\u00a0<a href=\"https:\/\/webdelmaestrocmf.com\/portal\/aprendizaje-basado-en-proyectos-y-conectivismo\/\" target=\"_blank\" rel=\"noreferrer noopener\">conectivista<\/a>\u00a0de la ense\u00f1anza y el aprendizaje basado en las\u00a0<strong>3C:<\/strong>\u00a0<strong>conectores, creadores y\u00a0<a href=\"https:\/\/webdelmaestrocmf.com\/portal\/como-aplicar-el-aprendizaje-constructivista-en-la-educacion-virtual\/\" target=\"_blank\" rel=\"noreferrer noopener\">constructivistas<\/a>.<\/strong><\/p>\n<p style=\"text-align: justify; padding-left: 40px;\">En definitiva,\u00a0<strong>la educaci\u00f3n 3.0 adopta una \u00f3ptica de interconexi\u00f3n<\/strong>, donde los alumnos ten\u00edan acceso directo a una variedad de fuentes de informaci\u00f3n diferentes.<\/p>\n<h5 class=\"wp-block-heading\" style=\"text-align: justify; padding-left: 40px;\"><span id=\"Educacion_40\" class=\"ez-toc-section\"><\/span>Educaci\u00f3n 4.0.<\/h5>\n<p style=\"text-align: justify; padding-left: 40px;\">Todo ello, alent\u00f3 el desarrollo de una<strong>\u00a0forma m\u00e1s personalizada de aprender,<\/strong>\u00a0donde se valora la\u00a0<strong>independencia del estudiante para adquirir conocimientos y la forma \u00fanica en que cada alumno alcanza dicho aprendizaje.<\/strong><\/p>\n<p style=\"text-align: justify; padding-left: 40px;\">En esta nueva era, la tecnolog\u00eda ejerce un papel primordial, no solo en el proceso de interconexi\u00f3n, sino que, gracias a su inteligencia, es capaz de<strong>\u00a0analizar individualmente a cada estudiante y\u00a0adaptar los contenidos\u00a0a su forma \u00fanica de aprender.<\/strong><\/p>\n<p style=\"text-align: justify; padding-left: 40px;\">Naciendo con ello lo conocido como\u00a0<strong>Educaci\u00f3n 4.0<\/strong>.<\/p>\n<div class=\"wp-block-image\" style=\"text-align: justify;\">\n<figure class=\"aligncenter size-full\"><img loading=\"lazy\" decoding=\"async\" class=\"alignnone size-full wp-image-87348\" src=\"https:\/\/webdelmaestrocmf.com\/portal\/wp-content\/uploads\/2023\/04\/A12B3C4D2-1-2.jpg\" alt=\"\" width=\"800\" height=\"440\" srcset=\"https:\/\/webdelmaestrocmf.com\/portal\/wp-content\/uploads\/2023\/04\/A12B3C4D2-1-2.jpg 800w, https:\/\/webdelmaestrocmf.com\/portal\/wp-content\/uploads\/2023\/04\/A12B3C4D2-1-2-300x165.jpg 300w, https:\/\/webdelmaestrocmf.com\/portal\/wp-content\/uploads\/2023\/04\/A12B3C4D2-1-2-768x422.jpg 768w, https:\/\/webdelmaestrocmf.com\/portal\/wp-content\/uploads\/2023\/04\/A12B3C4D2-1-2-110x61.jpg 110w, https:\/\/webdelmaestrocmf.com\/portal\/wp-content\/uploads\/2023\/04\/A12B3C4D2-1-2-200x110.jpg 200w, https:\/\/webdelmaestrocmf.com\/portal\/wp-content\/uploads\/2023\/04\/A12B3C4D2-1-2-380x209.jpg 380w, https:\/\/webdelmaestrocmf.com\/portal\/wp-content\/uploads\/2023\/04\/A12B3C4D2-1-2-255x140.jpg 255w, https:\/\/webdelmaestrocmf.com\/portal\/wp-content\/uploads\/2023\/04\/A12B3C4D2-1-2-550x303.jpg 550w\" sizes=\"auto, (max-width: 800px) 100vw, 800px\" \/><\/figure>\n<\/div>\n<h5 class=\"wp-block-heading\" style=\"text-align: justify;\"><span id=\"%C2%BFQue_es_la_educacion_40\" class=\"ez-toc-section\"><\/span>\u00bfQu\u00e9 es la educaci\u00f3n 4.0?<\/h5>\n<p style=\"text-align: justify;\">Par dar una definici\u00f3n formal, de acuerdo a Navarrete 2021:<\/p>\n<div class=\"pk-content-block pk-block-bg pk-block-bg-inverse\" style=\"text-align: center;\">Se entiende por educaci\u00f3n 4.0 aquella que promueve la aplicaci\u00f3n de recursos f\u00edsicos y digitales que aporten soluciones innovadoras a los retos actuales y futuros de la sociedad.<\/div>\n<p style=\"text-align: justify;\">Sin embargo, Martel Frederic la ha descrito con estas palabras:\u00a0<strong>\u201cLa educaci\u00f3n en la era de la inteligencia\u201d.<\/strong><\/p>\n<p style=\"text-align: justify;\">\u00bfQu\u00e9 quiere decir esto?<\/p>\n<p style=\"text-align: justify;\">En palabras de Martel : \u201cQue el t\u00e9rmino\u00a0<strong>\u2018Smart\u2019<\/strong>\u00a0se est\u00e1 convirtiendo simplemente en un sin\u00f3nimo de la palabra internet.\u00bb<\/p>\n<p style=\"text-align: justify;\">Es decir, se est\u00e1 dando una mutaci\u00f3n fundamental de la web hacia el futuro, por lo que, estamos viendo\u00a0<strong>el cambio de la era de la informaci\u00f3n y la comunicaci\u00f3n hacia el internet del conocimiento.<\/strong><\/p>\n<p style=\"text-align: justify;\">En el \u00e1rea educativa, implica un enfoque hacia el aprendizaje, que\u00a0<strong>se alinea con la cuarta revoluci\u00f3n industrial<\/strong>\u00a0<strong>y trata de transformar el futuro de la educaci\u00f3n utilizando tecnolog\u00eda avanzada y la automatizaci\u00f3n.<\/strong><\/p>\n<p style=\"text-align: justify;\">Esta revoluci\u00f3n industrial se centra en la tecnolog\u00eda inteligente, la inteligencia artificial (IA) y la rob\u00f3tica, las cuales impactan nuestra vida cotidiana.<\/p>\n<p style=\"text-align: justify;\">Es importante se\u00f1alar que,\u00a0<strong>la educaci\u00f3n 4.0 no se basa espec\u00edficamente en los contenidos<\/strong>,\u00a0<strong>sino en las competencias del alumno.<\/strong><\/p>\n<p style=\"text-align: justify;\">Aunque reconoce el papel de los docentes en los procesos educativos y su contribuci\u00f3n a la mejora de la educaci\u00f3n, se centra en elementos como\u00a0<strong>la autodirecci\u00f3n, la autoevaluaci\u00f3n y el trabajo en equipo<\/strong>\u00a0como la base fundamental de este nuevo enfoque.<\/p>\n<div class=\"pk-content-block pk-block-bg pk-block-bg-inverse\" style=\"text-align: center;\">La creatividad es la base de la Educaci\u00f3n 4.0. ya que enfatiza la necesidad de preparar a los estudiantes para asumir los nuevos desaf\u00edos.<\/div>\n<p style=\"text-align: justify;\">Por lo tanto,\u00a0<strong>los estudiantes deben ser expertos en las habilidades establecidas por la tecnolog\u00eda que cambia r\u00e1pidamente.<\/strong><\/p>\n<p style=\"text-align: justify;\">Asimismo, deben ser guiados, pero no instruidos; por ello la informaci\u00f3n debe hacerse accesible, para que ellos mismos construyan su experiencia de aprendizaje.<\/p>\n<h5 class=\"wp-block-heading\" style=\"text-align: justify;\"><span id=\"Modelos_que_intervienen_en_la_Educacion_40\" class=\"ez-toc-section\"><\/span>Modelos que intervienen en la Educaci\u00f3n 4.0<\/h5>\n<p style=\"text-align: justify;\">La generaci\u00f3n del conocimiento en la Educaci\u00f3n 4.0 trasciende la pedagog\u00eda y la andragog\u00eda hacia un enfoque que combina de:\u00a0<strong>heutagog\u00eda, paragog\u00eda y cibergog\u00eda<\/strong>.<\/p>\n<h5 class=\"wp-block-heading\" style=\"text-align: justify;\"><span id=\"Heutagogia\" class=\"ez-toc-section\"><\/span>Heutagog\u00eda<\/h5>\n<p style=\"text-align: justify;\">A trav\u00e9s de la heutagog\u00eda, la Educaci\u00f3n 4.0 promueve el\u00a0<strong>autoaprendizaje basado en principios humanistas y constructivistas<\/strong>\u00a0centrados en el alumno para aprender y ense\u00f1ar.<\/p>\n<p style=\"text-align: justify;\">Se fomenta la autorreflexi\u00f3n y la metacognici\u00f3n, o la comprensi\u00f3n del propio proceso de aprendizaje.<\/p>\n<h5 class=\"wp-block-heading\" style=\"text-align: justify;\"><span id=\"Paragogia\" class=\"ez-toc-section\"><\/span>Paragog\u00eda<\/h5>\n<p style=\"text-align: justify;\">Paragog\u00eda es un concepto antiguo que se ha replanteado con la llegada de la Educaci\u00f3n 4.0; el cual apunta a la base del\u00a0<strong><a href=\"https:\/\/webdelmaestrocmf.com\/portal\/aprendizaje-colaborativo-aprendizaje-cooperativo-ambito-educativo\/\" target=\"_blank\" rel=\"noreferrer noopener\">aprendizaje colaborativo<\/a><\/strong>.<\/p>\n<p style=\"text-align: justify;\">Se refiere al conjunto de t\u00e9cnicas de ense\u00f1anza que favorecen el aprendizaje entre pares.<\/p>\n<h5 class=\"wp-block-heading\" style=\"text-align: justify;\"><span id=\"Cibergogia\" class=\"ez-toc-section\"><\/span>Cibergog\u00eda<\/h5>\n<p style=\"text-align: justify;\">Asimismo, la cibergog\u00eda ha surgido debido a los avances tecnol\u00f3gicos y la evoluci\u00f3n de internet que han favorecido la oferta educativa.<\/p>\n<p style=\"text-align: justify;\"><a href=\"https:\/\/www.scopus.com\/record\/display.uri?eid=2-s2.0-85088931630&amp;origin=inward&amp;txGid=de8ff0d877a8e167dbb06961227fd90c&amp;featureToggles=FEATURE_NEW_DOC_DETAILS_EXPORT:1\" target=\"_blank\" rel=\"noreferrer noopener nofollow\">W. Daud<\/a>\u00a0define la cibergog\u00eda como estrategias de aprendizaje promovidas por las TIC que ofrecen\u00a0<strong>experiencias de aprendizaje que van m\u00e1s all\u00e1 de los l\u00edmites de tiempo y espacio.<\/strong><\/p>\n<p style=\"text-align: justify;\"><img loading=\"lazy\" decoding=\"async\" class=\"alignnone size-full wp-image-87349\" src=\"https:\/\/webdelmaestrocmf.com\/portal\/wp-content\/uploads\/2023\/04\/lkjhgfd.png\" alt=\"\" width=\"720\" height=\"650\" srcset=\"https:\/\/webdelmaestrocmf.com\/portal\/wp-content\/uploads\/2023\/04\/lkjhgfd.png 720w, https:\/\/webdelmaestrocmf.com\/portal\/wp-content\/uploads\/2023\/04\/lkjhgfd-300x271.png 300w, https:\/\/webdelmaestrocmf.com\/portal\/wp-content\/uploads\/2023\/04\/lkjhgfd-110x99.png 110w, https:\/\/webdelmaestrocmf.com\/portal\/wp-content\/uploads\/2023\/04\/lkjhgfd-200x181.png 200w, https:\/\/webdelmaestrocmf.com\/portal\/wp-content\/uploads\/2023\/04\/lkjhgfd-380x343.png 380w, https:\/\/webdelmaestrocmf.com\/portal\/wp-content\/uploads\/2023\/04\/lkjhgfd-255x230.png 255w, https:\/\/webdelmaestrocmf.com\/portal\/wp-content\/uploads\/2023\/04\/lkjhgfd-550x497.png 550w\" sizes=\"auto, (max-width: 720px) 100vw, 720px\" \/><\/p>\n<h5 class=\"wp-block-heading\" style=\"text-align: justify;\"><span id=\"%C2%BFCuales_son_las_caracteristicas_de_la_educacion_40\" class=\"ez-toc-section\"><\/span>\u00bfCu\u00e1les son las caracter\u00edsticas de la educaci\u00f3n 4.0?<\/h5>\n<p style=\"text-align: justify;\">La educaci\u00f3n 4.0 tiene una serie de caracter\u00edsticas distintivas, entre las que tenemos:<\/p>\n<h5 class=\"wp-block-heading\" style=\"text-align: justify;\"><span id=\"Aprendizaje_mas_personalizado\" class=\"ez-toc-section\"><\/span>Aprendizaje m\u00e1s personalizado<\/h5>\n<p style=\"text-align: justify;\">La educaci\u00f3n 4.0 valora la\u00a0<strong>individualidad\u00a0<\/strong>de cada alumno y su\u00a0<strong>propio ritmo de aprendizaje.<\/strong><\/p>\n<p style=\"text-align: justify;\">Ya que, generar espacios tecnol\u00f3gicos que permitan tener una\u00a0<strong>forma personalizada de ense\u00f1ar<\/strong>,\u00a0generar\u00e1 un mayor impacto en los estudiantes para lograr alcanzar aprendizaje, m\u00e1s f\u00e1cilmente.<\/p>\n<p style=\"text-align: justify;\">Con la inteligencia artificial y la informaci\u00f3n casi infinita de la nube, existen numerosas herramientas disponibles que modifican todo el proceso de ense\u00f1anza seg\u00fan las necesidades individuales del ritmo de aprendizaje de cada alumno.<\/p>\n<h5 class=\"wp-block-heading\" style=\"text-align: justify;\"><span id=\"Aprendizaje_por_retroalimentacion\" class=\"ez-toc-section\"><\/span>Aprendizaje por retroalimentaci\u00f3n<\/h5>\n<p style=\"text-align: justify;\">Hace uso de las anal\u00edticas de aprendizaje o tambi\u00e9n conocido como\u00a0\u00a0Big Data, bas\u00e1ndose en datos estad\u00edsticos derivados del propio progreso del estudiante.<\/p>\n<p style=\"text-align: justify;\">Para ello, se utiliza los reportes de datos suministrados por las plataformas educativas, derivados del propio progreso del estudiante.<\/p>\n<p style=\"text-align: justify;\">Es decir, la tecnolog\u00eda recaba suficiente informaci\u00f3n que nos permiten saber qu\u00e9 contenidos han sido los m\u00e1s vistos, las tareas que se han realizado, los problemas a los que se han tenido que enfrentar los estudiantes, qu\u00e9 aspectos del curso o de la plataforma han generado las mayores dificultades.<\/p>\n<p style=\"text-align: justify;\">Todo ello, nos ayuda a poder<strong> identificar f\u00e1cilmente las fortalezas y debilidades de los estudiantes y brindar retroalimentaci\u00f3n instant\u00e1nea.<\/strong><\/p>\n<h5 class=\"wp-block-heading\" style=\"text-align: justify;\"><span id=\"Ubicuidad\" class=\"ez-toc-section\"><\/span>Ubicuidad<\/h5>\n<p style=\"text-align: justify;\">La piedra angular de la Educaci\u00f3n 4.0 es la\u00a0ubicuidad, es decir, hacer que el\u00a0<strong>aprendizaje est\u00e9 disponible en cualquier lugar y en cualquier momento.<\/strong><\/p>\n<p style=\"text-align: justify;\">Al mismo tiempo, el concepto de\u00a0<a href=\"https:\/\/webdelmaestrocmf.com\/portal\/estrategias-para-la-educacion-hibrida-prepara-tus-clases-con-estas-guias-de-actividades\/\" target=\"_blank\" rel=\"noreferrer noopener\">educaci\u00f3n h\u00edbrida<\/a>\u00a0se est\u00e1 afianzando como modelo educativo, permitiendo que los estudiantes puedan participar activamente en el aprendizaje m\u00e1s all\u00e1 de las aulas.<\/p>\n<p style=\"text-align: justify;\">Todo ello apunta, a que estos tipos de modelos terminar\u00e1n dominando tanto el aprendizaje pr\u00e1ctico como el experiencial.<\/p>\n<p style=\"text-align: justify;\">Por tanto, los alumnos\u00a0<strong>pueden continuar su formaci\u00f3n a lo largo de su vida<\/strong>, adapt\u00e1ndola a sus necesidades en cuanto a espacio y tiempo.<\/p>\n<h5 class=\"wp-block-heading\" style=\"text-align: justify;\"><span id=\"Mayor_abanico_de_herramientas_educativas\" class=\"ez-toc-section\"><\/span>Mayor abanico de herramientas educativas<\/h5>\n<p style=\"text-align: justify;\">La educaci\u00f3n 4.0 ofrece estrategias para armar una ruta clara a los estudiantes en su aprendizaje.<\/p>\n<p style=\"text-align: justify;\">Para ello incorpora herramientas y t\u00e9cnicas innovadoras que les ser\u00e1n \u00fatiles para lograr lo esperado.<\/p>\n<p style=\"text-align: justify;\">El\u00a0<a href=\"https:\/\/webdelmaestrocmf.com\/portal\/flipped-classroom-o-clase-invertida-constructivismo-y-el-uso-de-las-tics\/\" target=\"_blank\" rel=\"noreferrer noopener\">flipped learning<\/a>\u00a0y\u00a0<a href=\"https:\/\/webdelmaestrocmf.com\/portal\/microaprendizaje-una-tecnica-los-segundos-cuenten-aprender\/\" target=\"_blank\" rel=\"noreferrer noopener\">microlearning<\/a>, son algunas de las que se pueden mencionar.<\/p>\n<p style=\"text-align: justify;\">Esto significa que los nuevos\u00a0dise\u00f1os instruccionales\u00a0ayudar\u00e1n a los estudiantes a elegir las opciones a trav\u00e9s de las cuales quieren aprender.<\/p>\n<h5 class=\"wp-block-heading\" style=\"text-align: justify;\"><span id=\"Aprendizaje_basado_en_proyectos\" class=\"ez-toc-section\"><\/span>Aprendizaje basado en proyectos<\/h5>\n<p style=\"text-align: justify;\">El enfoque\u00a0<a href=\"https:\/\/webdelmaestrocmf.com\/portal\/7-claves-para-trabajar-el-aprendizaje-basado-en-proyectos-en-la-escuela-descargue-el-libro-completo\/\" target=\"_blank\" rel=\"noreferrer noopener\">basado en proyectos<\/a>\u00a0de la Educaci\u00f3n 4.0, convierte el aprendizaje en un proceso divertido e interesante.<\/p>\n<p style=\"text-align: justify;\">Este modelo, no se enfoca mucho en el conocimiento te\u00f3rico, sino que busca principalmente\u00a0<strong>desarrollar habilidades cr\u00edticas para los estudiantes<\/strong>.<\/p>\n<p style=\"text-align: justify;\">Estas habilidades incluyen la\u00a0<strong>gesti\u00f3n del tiempo, capacidades de organizaci\u00f3n y de colaboraci\u00f3n<\/strong>; cualidades que los prepara para su futuro al adquirir un empleo.<\/p>\n<h5 class=\"wp-block-heading\" style=\"text-align: justify;\"><span id=\"Nuevas_formas_de_evaluar\" class=\"ez-toc-section\"><\/span>Nuevas formas de evaluar<\/h5>\n<p style=\"text-align: justify;\">Los ex\u00e1menes han sido las peores pesadillas para muchos estudiantes durante a\u00f1os.<\/p>\n<p style=\"text-align: justify;\">De hecho, diversos expertos argumentan que los ex\u00e1menes no son pr\u00e1cticos, ya que\u00a0<strong>los estudiantes se abarrotan de conceptos que olvidan al d\u00eda siguiente de presentar la prueba<\/strong>.<\/p>\n<p style=\"text-align: justify;\">Una forma m\u00e1s pr\u00e1ctica de\u00a0evaluaci\u00f3n\u00a0surge con la Educaci\u00f3n 4.0, en la cual se deben incorporar tanto\u00a0evaluaciones en l\u00ednea, como presenciales.<\/p>\n<p style=\"text-align: justify;\">Pero, en lugar de evaluar solo mediante test de preguntas y respuestas te\u00f3ricas, los estudiantes son evaluados mediante proyectos, y trabajos de campo.<\/p>\n<p style=\"text-align: justify;\">Art\u00edculo relacionado:<\/p>\n<blockquote class=\"wp-embedded-content\" data-secret=\"3HW0n4FnEd\"><p><a href=\"https:\/\/webdelmaestrocmf.com\/portal\/reinventando-el-examen-tradicional-por-los-examenes-creativos\/\">Reinventando el Examen tradicional por los Ex\u00e1menes creativos<\/a><\/p><\/blockquote>\n<p><iframe loading=\"lazy\" class=\"wp-embedded-content\" sandbox=\"allow-scripts\" security=\"restricted\" style=\"position: absolute; clip: rect(1px, 1px, 1px, 1px);\" title=\"\u00abReinventando el Examen tradicional por los Ex\u00e1menes creativos\u00bb \u2014 Web del Maestro CMF\" src=\"https:\/\/webdelmaestrocmf.com\/portal\/reinventando-el-examen-tradicional-por-los-examenes-creativos\/embed\/#?secret=5RJaDxbLzi#?secret=3HW0n4FnEd\" data-secret=\"3HW0n4FnEd\" width=\"600\" height=\"338\" frameborder=\"0\" marginwidth=\"0\" marginheight=\"0\" scrolling=\"no\"><\/iframe><\/p>\n<h5 class=\"wp-block-heading\" style=\"text-align: justify;\"><span id=\"%C2%BFPor_que_las_instituciones_educativas_necesitan_un_curriculo_40\" class=\"ez-toc-section\"><\/span>\u00bfPor qu\u00e9 las instituciones educativas necesitan un curr\u00edculo 4.0?<\/h5>\n<p style=\"text-align: justify;\">Primero, comencemos diciendo que, seg\u00fan el\u00a0<a href=\"https:\/\/www3.weforum.org\/docs\/WEF_Future_of_Jobs.pdf\" target=\"_blank\" rel=\"noreferrer noopener\">Foro Econ\u00f3mico Mundial<\/a>, el\u00a0<strong>65% de los ni\u00f1os que ahora ingresan a la escuela primaria realizar\u00e1n trabajos que a\u00fan no existen.<\/strong><\/p>\n<p style=\"text-align: justify;\">La Industria 4.0 est\u00e1 transformando radicalmente el panorama laboral, as\u00ed como los futuros requisitos de habilidades para los puestos de trabajo.<\/p>\n<p style=\"text-align: justify;\">Esta\u00a0<strong>demanda de nuevas habilidades ser\u00e1 un desaf\u00edo para la educaci\u00f3n 4.0<\/strong>, ya que preparar\u00e1 a los j\u00f3venes del ma\u00f1ana para desarrollar dichas competencias.<\/p>\n<p style=\"text-align: justify;\">Es decir, las investigaciones nos muestran que la educaci\u00f3n debe seguir el ritmo del mundo, a fin de que tengan los conocimientos y destrezas que necesita el futuro.<\/p>\n<p style=\"text-align: justify;\">La Educaci\u00f3n 4.0 asegura que la experiencia de aprendizaje, ofrezca espacios similares a la experiencia laboral. Creando entornos simulados, mediante el uso de tecnolog\u00edas y herramientas propias de la Educaci\u00f3n 4.0.<\/p>\n<p style=\"text-align: justify;\">La educaci\u00f3n 4.0, por lo tanto,\u00a0promete\u00a0<strong>un enfoque m\u00e1s realista y pr\u00e1ctico para el aprendizaje<\/strong>, a fin de generar excelentes resultados de aprendizaje.<\/p>\n<p style=\"text-align: justify;\">Adem\u00e1s, es importante mantenerse al d\u00eda con el mundo cambiante, y la educaci\u00f3n 4.0 es un enfoque que implementado en todas las instituciones educativas podr\u00eda garantizarlo.<\/p>\n<p style=\"text-align: justify;\">Esta educaci\u00f3n no es m\u00e1s que el\u00a0<strong>modelo de estudio del futuro<\/strong>, ya que se trata de evolucionar con los tiempos, y\u00a0<strong>para las instituciones de educaci\u00f3n superior, esto significa comprender lo que se requiere de sus futuros egresados<\/strong>.<\/p>\n<h5 class=\"wp-block-heading\" style=\"text-align: justify;\"><span id=\"%C2%BFComo_pueden_las_instituciones_educativas_preparar_a_los_estudiantes_para_la_educacion_40\" class=\"ez-toc-section\"><\/span>\u00bfC\u00f3mo pueden las instituciones educativas preparar a los estudiantes para la educaci\u00f3n 4.0?<\/h5>\n<p style=\"text-align: justify;\">Un m\u00e9todo para hacerlo es\u00a0<strong>fomentar un aprendizaje a distancia acelerado<\/strong>, ya que, la idea es que los estudiantes aprendan conocimientos te\u00f3ricos de forma remota utilizando medios digitales, al tiempo que se garantiza adquirir habilidades pr\u00e1cticas cara a cara.<\/p>\n<p style=\"text-align: justify;\">Esta sugiere ser una forma de aprendizaje m\u00e1s flexible, pero requiere responsabilidad y buena gesti\u00f3n del tiempo; habilidades necesarias hacia el futuro, debido al aumento de la econom\u00eda independiente.<\/p>\n<p style=\"text-align: justify;\">Por ello se requiere:<\/p>\n<ol style=\"text-align: justify;\" type=\"1\">\n<li><strong>Remodelaci\u00f3n del Curr\u00edculo enfocados hacia el futuro:\u00a0<\/strong>Las instituciones educativas, especialmente las de nivel superior, requieren\u00a0<strong>un plan de estudios basado en habilidades blandas y en tecnolog\u00eda emergente<\/strong>.<br \/>\nPuesto que, los empleadores se est\u00e1n quedando sin mano de obra calificada y conf\u00edan en las universidades e instituciones educativas para mejorar las habilidades de la fuerza laboral actual.<\/li>\n<li><strong>Cimentando competencias digitales:\u00a0<\/strong>Se debe dar el gran salto y enfocarse en<strong>\u00a0capacitar a sus docentes para desarrollar habilidades digitales<\/strong>, a fin de desarrollar estudiantes completamente capaces para su lugar de trabajo. Las habilidades blandas deben volverse indispensables con una combinaci\u00f3n de resoluci\u00f3n de problemas, habilidades sociales y habilidades de proceso<\/li>\n<\/ol>\n<h5 class=\"wp-block-heading\" style=\"text-align: justify;\"><span id=\"%C2%BFComo_beneficia_al_docente_la_educacion_40\" class=\"ez-toc-section\"><\/span>\u00bfC\u00f3mo beneficia al docente la educaci\u00f3n 4.0?<\/h5>\n<p style=\"text-align: justify;\">Puede que los educadores sientan que la filosof\u00eda de Educaci\u00f3n 4.0 de aprendizaje personalizado solo significa m\u00e1s trabajo para ellos, pero este no es realmente el caso.<\/p>\n<p style=\"text-align: justify;\">La educaci\u00f3n 4.0 beneficia a los maestros y educadores en las instituciones educativas porque estructura el aprendizaje, a fin de que puedan atender mejor las necesidades espec\u00edficas de sus estudiantes.<\/p>\n<p style=\"text-align: justify;\">Los maestros finalmente pueden ense\u00f1ar a los estudiantes, en lugar de correr detr\u00e1s del plan de estudios.<\/p>\n<p style=\"text-align: justify;\">Gracias a la Educaci\u00f3n 4.0, el uso de herramientas y tecnolog\u00eda facilita al profesor poder brindarles a los alumnos m\u00e1s atenci\u00f3n de aprendizaje personalizado.<\/p>\n<p style=\"text-align: justify;\"><strong>La educaci\u00f3n 4.0 est\u00e1 dise\u00f1ada para que los maestros se sientan empoderados y sean mejores en sus trabajos<\/strong>, lo que a su vez repercute en los resultados de aprendizaje de sus estudiantes.<\/p>\n<h5 class=\"wp-block-heading\" style=\"text-align: justify;\"><span id=\"Conclusion\" class=\"ez-toc-section\"><\/span>Conclusi\u00f3n<\/h5>\n<p style=\"text-align: justify;\">El impacto de la revoluci\u00f3n industrial en la educaci\u00f3n, particularmente en la Educaci\u00f3n 4.0,\u00a0<strong>exige transformaciones digitales a la par de la era tecnol\u00f3gica, para atender las necesidades de la sociedad.<\/strong><\/p>\n<p style=\"text-align: justify;\">Como docente, debemos reflexionar sobre \u00bfCu\u00e1l es la raz\u00f3n por la que muchos educadores a\u00fan est\u00e1n trabajando con la Educaci\u00f3n 1.0, en lugar de planificar e implementar Educaci\u00f3n 4.0?<\/p>\n<p style=\"text-align: justify;\">Para lograrlo, la corresponsabilidad del docente en la construcci\u00f3n de este nuevo modelo requiere de esfuerzos para adaptarse a esta din\u00e1mica. La did\u00e1ctica, su propia formaci\u00f3n y profesionalizaci\u00f3n, as\u00ed como, la adquisici\u00f3n continua de conocimientos. Todo ello con el uso de herramientas tecnol\u00f3gicas dentro y fuera del aula como un eje transversal.<\/p>\n<p style=\"text-align: justify;\">Por lo tanto, las universidades y los colegios deber\u00edan prepararse para esta transformaci\u00f3n masiva de incorporar dise\u00f1os instruccionales impulsados por la tecnolog\u00eda en los planes de estudios con la ayuda de expertos en el \u00e1rea.<\/p>\n<p style=\"text-align: justify;\">Brindar a la fuerza laboral de hoy y del ma\u00f1ana, las herramientas adecuadas que ayudar\u00e1n a\u00a0<strong>crear una sociedad multifac\u00e9tica donde todos desempe\u00f1en bien su papel<\/strong>, contribuyendo a un modelo de educaci\u00f3n autosostenible, hacia las generaciones venideras.<\/p>\n<p><strong>Este contenido ha sido publicado originalmente por EvirtualPlus en la siguiente direcci\u00f3n: <a href=\"https:\/\/www.evirtualplus.com\/educacion-4-0\/\" target=\"_blank\" rel=\"noopener\">evirtualplus.com<\/a><\/strong><\/p>\n<p style=\"text-align: center;\">Recomendamos a la Comunidad Educativa Digital tener en cuenta que, el enlace y\/o la carpeta en donde est\u00e1n alojados los libros, recursos y\/o materiales, no es administrado por la Web del Maestro CMF, pueda ser que en cuesti\u00f3n de d\u00edas (o seg\u00fan el tiempo transcurrido desde su publicaci\u00f3n), los enlaces no funcionen y el material ya no se encuentre disponible. Gracias por su comprensi\u00f3n.<\/p>\n<p style=\"text-align: center;\">ENLACE DE LECTURA: <a href=\"https:\/\/mega.nz\/file\/22wxBbJS#2l9djOGhQVHdk9cUzghvySHM9fHHdwwQ5oA58UXsvIc\" target=\"_blank\" rel=\"noopener\">M\u00c9TODO BASADO EN EDUCACI\u00d3N 4.0 PARA MEJORAR EL APRENDIZAJE<\/a><\/p>\n<p style=\"text-align: center;\"><strong>Si te sirvi\u00f3 el material, ap\u00f3yanos con un clic. Nos ayudar\u00e1 a mantener el servicio.<\/strong><br \/>\n\u00a1Comparte y as\u00ed m\u00e1s docentes utilizar\u00e1n estos recursos gratis! Muchas gracias.<\/p>\n<p style=\"text-align: center;\"><img decoding=\"async\" src=\"https:\/\/webdelmaestrocmf.com\/portal\/wp-content\/uploads\/2023\/04\/banner_des.png\" \/><\/p>\n\t\t<div class=\"pk-inline-posts\">\n\t\t\t\n\t\t\t<div class=\"pk-inline-posts-container pk-inline-posts-template-list\"\n\t\t\t\tdata-columns=\"1\">\n\t\t\t\t\t\t<article id=\"post-115274\" class=\"post-115274 post type-post status-publish format-standard has-post-thumbnail category-informativo-tecnologia category-tecnologia tag-autonomia-estudiantil tag-creatividad tag-educacion-2 tag-formacion-escolar tag-innovacion-educativa-2 tag-inteligencia-artificial tag-pedagogia-2 tag-pensamiento-critico-2 tag-tecnologia-educativa-2 cs-entry cs-video-wrap\">\n\t\t\t<div class=\"pk-post-outer\">\n\n\t\t\t\t\t\t\t\t<div class=\"pk-post-inner\">\n\t\t\t\t\t<div class=\"entry-thumbnail\">\n\t\t\t\t\t\t<div class=\"pk-overlay pk-overlay-ratio pk-ratio-landscape\">\n\t\t\t\t\t\t\t<div class=\"pk-overlay-background\">\n\t\t\t\t\t\t\t\t<a href=\"https:\/\/webdelmaestrocmf.com\/portal\/la-rebelion-del-lapiz-ni-tecnofobia-ni-tecnofilia-en-la-escuela-un-video-desato-un-profundo-debate-entre-el-discurso-y-la-practica-frente-al-uso-de-la-tecnologia-y-la-ia\/\" class=\"pk-overlay-link\">\n\t\t\t\t\t\t\t\t\t<img loading=\"lazy\" decoding=\"async\" width=\"300\" height=\"225\" src=\"https:\/\/webdelmaestrocmf.com\/portal\/wp-content\/uploads\/2026\/02\/1A-Banner-1-portada-imagen-10-1-copia-6-2-300x225.webp\" class=\"attachment-pk-thumbnail size-pk-thumbnail wp-post-image\" alt=\"\" \/>\t\t\t\t\t\t\t\t<\/a>\n\t\t\t\t\t\t\t<\/div>\n\t\t\t\t\t\t<\/div>\n\t\t\t\t\t<\/div>\n\t\t\t\t<\/div>\n\t\t\t\t\n\t\t\t\t<div class=\"pk-post-inner\">\n\t\t\t\t\t<header>\n\t\t\t\t\t\t<h3 class=\"pk-title\"><a href=\"https:\/\/webdelmaestrocmf.com\/portal\/la-rebelion-del-lapiz-ni-tecnofobia-ni-tecnofilia-en-la-escuela-un-video-desato-un-profundo-debate-entre-el-discurso-y-la-practica-frente-al-uso-de-la-tecnologia-y-la-ia\/\" rel=\"bookmark\">La rebeli\u00f3n del l\u00e1piz: ni tecnofobia ni tecnofilia en la escuela. Un video desat\u00f3 un profundo debate entre el discurso y la pr\u00e1ctica frente al uso de la tecnolog\u00eda y la IA<\/a><\/h3>\t\t\t\t\t<\/header><!-- .entry-header -->\n\t\t\t\t<\/div><!-- .post-inner -->\n\n\t\t\t<\/div><!-- .post-outer -->\n\t\t<\/article>\n\t\t\t\t<\/div>\n\t\t<\/div>\n\t\t\n","protected":false},"excerpt":{"rendered":"El mundo est\u00e1 viviendo importantes momentos de transformaciones. En la educaci\u00f3n, la aplicaci\u00f3n de metodolog\u00edas y t\u00e9cnicas innovadoras&hellip;","protected":false},"author":1,"featured_media":87351,"comment_status":"open","ping_status":"closed","sticky":false,"template":"","format":"standard","meta":{"csco_display_header_overlay":false,"csco_singular_sidebar":"default","csco_page_header_type":"default","csco_page_load_nextpost":"default","csco_post_video_location":[],"csco_post_video_location_hash":"","csco_post_video_url":"","csco_post_video_bg_start_time":0,"csco_post_video_bg_end_time":0,"csco_post_video_bg_volume":false,"_jetpack_memberships_contains_paid_content":false,"footnotes":""},"categories":[1805,737],"tags":[55,16019,16020,16021,16018],"class_list":{"0":"post-87343","1":"post","2":"type-post","3":"status-publish","4":"format-standard","5":"has-post-thumbnail","7":"category-informativo-tecnologia","8":"category-tecnologia","9":"tag-educacion","10":"tag-educacion-1-0","11":"tag-educacion-2-0","12":"tag-educacion-3-0","13":"tag-educacion-4-0","14":"cs-entry","15":"cs-video-wrap"},"yoast_head":"<!-- This site is optimized with the Yoast SEO plugin v27.5 - https:\/\/yoast.com\/product\/yoast-seo-wordpress\/ -->\n<title>Ya estamos en la Educaci\u00f3n Educaci\u00f3n 4.0 - 2026<\/title>\n<meta name=\"description\" content=\"El mundo est\u00e1 viviendo importantes momentos de transformaciones. En la educaci\u00f3n, la aplicaci\u00f3n de metodolog\u00edas y t\u00e9cnicas...\" \/>\n<meta name=\"robots\" content=\"index, follow, max-snippet:-1, max-image-preview:large, max-video-preview:-1\" \/>\n<link rel=\"canonical\" href=\"https:\/\/webdelmaestrocmf.com\/portal\/ya-estamos-en-la-educacion-educacion-4-0\/\" \/>\n<meta property=\"og:locale\" content=\"es_ES\" \/>\n<meta property=\"og:type\" content=\"article\" \/>\n<meta property=\"og:title\" content=\"Ya estamos en la Educaci\u00f3n Educaci\u00f3n 4.0 - 2026\" \/>\n<meta property=\"og:description\" content=\"El mundo est\u00e1 viviendo importantes momentos de transformaciones. En la educaci\u00f3n, la aplicaci\u00f3n de metodolog\u00edas y t\u00e9cnicas...\" \/>\n<meta property=\"og:url\" content=\"https:\/\/webdelmaestrocmf.com\/portal\/ya-estamos-en-la-educacion-educacion-4-0\/\" \/>\n<meta property=\"og:site_name\" content=\"Web del Maestro CMF\" \/>\n<meta property=\"article:publisher\" content=\"https:\/\/www.facebook.com\/WebdelMaestroCMF\/\" \/>\n<meta property=\"article:author\" content=\"https:\/\/www.facebook.com\/WebdelMaestroCMF\/\" \/>\n<meta property=\"article:published_time\" content=\"2023-04-14T01:09:48+00:00\" \/>\n<meta property=\"article:modified_time\" content=\"2023-05-09T15:38:32+00:00\" \/>\n<meta property=\"og:image\" content=\"https:\/\/i0.wp.com\/webdelmaestrocmf.com\/portal\/wp-content\/uploads\/2023\/04\/A12B3C4D-2-4.jpg?fit=900%2C556&ssl=1\" \/>\n\t<meta property=\"og:image:width\" content=\"900\" \/>\n\t<meta property=\"og:image:height\" content=\"556\" \/>\n\t<meta property=\"og:image:type\" content=\"image\/jpeg\" \/>\n<meta name=\"author\" content=\"Web del Maestro CMF\" \/>\n<meta name=\"twitter:card\" content=\"summary_large_image\" \/>\n<meta name=\"twitter:creator\" content=\"@cmf_w\" \/>\n<meta name=\"twitter:site\" content=\"@cmf_w\" \/>\n<script type=\"application\/ld+json\" class=\"yoast-schema-graph\">{\"@context\":\"https:\\\/\\\/schema.org\",\"@graph\":[{\"@type\":\"ScholarlyArticle\",\"@id\":\"https:\\\/\\\/webdelmaestrocmf.com\\\/portal\\\/ya-estamos-en-la-educacion-educacion-4-0\\\/#article\",\"isPartOf\":{\"@id\":\"https:\\\/\\\/webdelmaestrocmf.com\\\/portal\\\/ya-estamos-en-la-educacion-educacion-4-0\\\/\"},\"author\":{\"name\":\"Web del Maestro CMF\",\"@id\":\"https:\\\/\\\/webdelmaestrocmf.com\\\/portal\\\/#\\\/schema\\\/person\\\/1072a2ed7bd960df8ef99a551fa35dc5\"},\"headline\":\"Ya estamos en la Educaci\u00f3n Educaci\u00f3n 4.0\",\"datePublished\":\"2023-04-14T01:09:48+00:00\",\"dateModified\":\"2023-05-09T15:38:32+00:00\",\"mainEntityOfPage\":{\"@id\":\"https:\\\/\\\/webdelmaestrocmf.com\\\/portal\\\/ya-estamos-en-la-educacion-educacion-4-0\\\/\"},\"wordCount\":2646,\"commentCount\":0,\"publisher\":{\"@id\":\"https:\\\/\\\/webdelmaestrocmf.com\\\/portal\\\/#organization\"},\"image\":{\"@id\":\"https:\\\/\\\/webdelmaestrocmf.com\\\/portal\\\/ya-estamos-en-la-educacion-educacion-4-0\\\/#primaryimage\"},\"thumbnailUrl\":\"https:\\\/\\\/webdelmaestrocmf.com\\\/portal\\\/wp-content\\\/uploads\\\/2023\\\/04\\\/A12B3C4D-2-4.jpg\",\"keywords\":[\"EDUCACI\u00d3N\",\"Educaci\u00f3n 1.0\",\"Educaci\u00f3n 2.0\",\"Educaci\u00f3n 3.0\",\"Educaci\u00f3n 4.0\"],\"articleSection\":[\"Informativo\",\"Tecnolog\u00eda\"],\"inLanguage\":\"es\",\"potentialAction\":[{\"@type\":\"CommentAction\",\"name\":\"Comment\",\"target\":[\"https:\\\/\\\/webdelmaestrocmf.com\\\/portal\\\/ya-estamos-en-la-educacion-educacion-4-0\\\/#respond\"]}]},{\"@type\":\"WebPage\",\"@id\":\"https:\\\/\\\/webdelmaestrocmf.com\\\/portal\\\/ya-estamos-en-la-educacion-educacion-4-0\\\/\",\"url\":\"https:\\\/\\\/webdelmaestrocmf.com\\\/portal\\\/ya-estamos-en-la-educacion-educacion-4-0\\\/\",\"name\":\"Ya estamos en la Educaci\u00f3n Educaci\u00f3n 4.0 - 2026\",\"isPartOf\":{\"@id\":\"https:\\\/\\\/webdelmaestrocmf.com\\\/portal\\\/#website\"},\"primaryImageOfPage\":{\"@id\":\"https:\\\/\\\/webdelmaestrocmf.com\\\/portal\\\/ya-estamos-en-la-educacion-educacion-4-0\\\/#primaryimage\"},\"image\":{\"@id\":\"https:\\\/\\\/webdelmaestrocmf.com\\\/portal\\\/ya-estamos-en-la-educacion-educacion-4-0\\\/#primaryimage\"},\"thumbnailUrl\":\"https:\\\/\\\/webdelmaestrocmf.com\\\/portal\\\/wp-content\\\/uploads\\\/2023\\\/04\\\/A12B3C4D-2-4.jpg\",\"datePublished\":\"2023-04-14T01:09:48+00:00\",\"dateModified\":\"2023-05-09T15:38:32+00:00\",\"description\":\"El mundo est\u00e1 viviendo importantes momentos de transformaciones. En la educaci\u00f3n, la aplicaci\u00f3n de metodolog\u00edas y t\u00e9cnicas...\",\"breadcrumb\":{\"@id\":\"https:\\\/\\\/webdelmaestrocmf.com\\\/portal\\\/ya-estamos-en-la-educacion-educacion-4-0\\\/#breadcrumb\"},\"inLanguage\":\"es\",\"potentialAction\":[{\"@type\":\"ReadAction\",\"target\":[\"https:\\\/\\\/webdelmaestrocmf.com\\\/portal\\\/ya-estamos-en-la-educacion-educacion-4-0\\\/\"]}]},{\"@type\":\"ImageObject\",\"inLanguage\":\"es\",\"@id\":\"https:\\\/\\\/webdelmaestrocmf.com\\\/portal\\\/ya-estamos-en-la-educacion-educacion-4-0\\\/#primaryimage\",\"url\":\"https:\\\/\\\/webdelmaestrocmf.com\\\/portal\\\/wp-content\\\/uploads\\\/2023\\\/04\\\/A12B3C4D-2-4.jpg\",\"contentUrl\":\"https:\\\/\\\/webdelmaestrocmf.com\\\/portal\\\/wp-content\\\/uploads\\\/2023\\\/04\\\/A12B3C4D-2-4.jpg\",\"width\":900,\"height\":556},{\"@type\":\"BreadcrumbList\",\"@id\":\"https:\\\/\\\/webdelmaestrocmf.com\\\/portal\\\/ya-estamos-en-la-educacion-educacion-4-0\\\/#breadcrumb\",\"itemListElement\":[{\"@type\":\"ListItem\",\"position\":1,\"name\":\"Portada\",\"item\":\"https:\\\/\\\/webdelmaestrocmf.com\\\/portal\\\/\"},{\"@type\":\"ListItem\",\"position\":2,\"name\":\"Tecnolog\u00eda\",\"item\":\"https:\\\/\\\/webdelmaestrocmf.com\\\/portal\\\/category\\\/tecnologia\\\/\"},{\"@type\":\"ListItem\",\"position\":3,\"name\":\"Ya estamos en la Educaci\u00f3n Educaci\u00f3n 4.0\"}]},{\"@type\":\"WebSite\",\"@id\":\"https:\\\/\\\/webdelmaestrocmf.com\\\/portal\\\/#website\",\"url\":\"https:\\\/\\\/webdelmaestrocmf.com\\\/portal\\\/\",\"name\":\"Web del Maestro CMF\",\"description\":\"Maestros al servicio de la educaci\u00f3n\",\"publisher\":{\"@id\":\"https:\\\/\\\/webdelmaestrocmf.com\\\/portal\\\/#organization\"},\"alternateName\":\"WMCMF\",\"potentialAction\":[{\"@type\":\"SearchAction\",\"target\":{\"@type\":\"EntryPoint\",\"urlTemplate\":\"https:\\\/\\\/webdelmaestrocmf.com\\\/portal\\\/?s={search_term_string}\"},\"query-input\":{\"@type\":\"PropertyValueSpecification\",\"valueRequired\":true,\"valueName\":\"search_term_string\"}}],\"inLanguage\":\"es\"},{\"@type\":\"Organization\",\"@id\":\"https:\\\/\\\/webdelmaestrocmf.com\\\/portal\\\/#organization\",\"name\":\"Web del Maestro CMF\",\"alternateName\":\"WMCMF\",\"url\":\"https:\\\/\\\/webdelmaestrocmf.com\\\/portal\\\/\",\"logo\":{\"@type\":\"ImageObject\",\"inLanguage\":\"es\",\"@id\":\"https:\\\/\\\/webdelmaestrocmf.com\\\/portal\\\/#\\\/schema\\\/logo\\\/image\\\/\",\"url\":\"https:\\\/\\\/webdelmaestrocmf.com\\\/portal\\\/wp-content\\\/uploads\\\/2023\\\/01\\\/logo-wmcmf-2.png\",\"contentUrl\":\"https:\\\/\\\/webdelmaestrocmf.com\\\/portal\\\/wp-content\\\/uploads\\\/2023\\\/01\\\/logo-wmcmf-2.png\",\"width\":200,\"height\":60,\"caption\":\"Web del Maestro CMF\"},\"image\":{\"@id\":\"https:\\\/\\\/webdelmaestrocmf.com\\\/portal\\\/#\\\/schema\\\/logo\\\/image\\\/\"},\"sameAs\":[\"https:\\\/\\\/www.facebook.com\\\/WebdelMaestroCMF\\\/\",\"https:\\\/\\\/x.com\\\/cmf_w\",\"https:\\\/\\\/www.pinterest.com\\\/WMCMF\\\/\",\"https:\\\/\\\/www.linkedin.com\\\/company\\\/web-del-maestro-cmf\\\/\",\"https:\\\/\\\/www.instagram.com\\\/wmcmf\\\/\",\"https:\\\/\\\/www.youtube.com\\\/channel\\\/UCDPSvjbdodE5sHnC3OxutHw\",\"https:\\\/\\\/mastodon.social\\\/@wmcmf\",\"https:\\\/\\\/www.tiktok.com\\\/@webdelmaestrocmf\"]},{\"@type\":\"Person\",\"@id\":\"https:\\\/\\\/webdelmaestrocmf.com\\\/portal\\\/#\\\/schema\\\/person\\\/1072a2ed7bd960df8ef99a551fa35dc5\",\"name\":\"Web del Maestro CMF\",\"image\":{\"@type\":\"ImageObject\",\"inLanguage\":\"es\",\"@id\":\"https:\\\/\\\/secure.gravatar.com\\\/avatar\\\/23291dd5b5ae1077dcff3dbb04c3e02bd28403fa75af6d8787d5e97c5bbbe30b?s=96&d=mm&r=g\",\"url\":\"https:\\\/\\\/secure.gravatar.com\\\/avatar\\\/23291dd5b5ae1077dcff3dbb04c3e02bd28403fa75af6d8787d5e97c5bbbe30b?s=96&d=mm&r=g\",\"contentUrl\":\"https:\\\/\\\/secure.gravatar.com\\\/avatar\\\/23291dd5b5ae1077dcff3dbb04c3e02bd28403fa75af6d8787d5e97c5bbbe30b?s=96&d=mm&r=g\",\"caption\":\"Web del Maestro CMF\"},\"description\":\"Esta Web se cre\u00f3 sin fines de lucro, con fines educativos, cient\u00edficos y acad\u00e9micos, para personas que tengan dificultades y\\\/o inconvenientes en visualizar el material original. El objetivo es entregar recursos, compartir experiencias y materiales que ayuden a los padres de familia, maestros y estudiantes en su actualizaci\u00f3n y formaci\u00f3n permanente, en bien de la Educaci\u00f3n.\",\"sameAs\":[\"http:\\\/\\\/webdelmaestrocmf.com\\\/portal\",\"https:\\\/\\\/www.facebook.com\\\/WebdelMaestroCMF\\\/\",\"https:\\\/\\\/www.instagram.com\\\/wmcmf\\\/\",\"https:\\\/\\\/cl.linkedin.com\\\/company\\\/web-del-maestro-cmf\",\"https:\\\/\\\/www.pinterest.com\\\/WMCMF\\\/publicaciones\\\/\",\"https:\\\/\\\/x.com\\\/cmf_w\",\"https:\\\/\\\/www.youtube.com\\\/@WMCMF\"]}]}<\/script>\n<!-- \/ Yoast SEO plugin. -->","yoast_head_json":{"title":"Ya estamos en la Educaci\u00f3n Educaci\u00f3n 4.0 - 2026","description":"El mundo est\u00e1 viviendo importantes momentos de transformaciones. En la educaci\u00f3n, la aplicaci\u00f3n de metodolog\u00edas y t\u00e9cnicas...","robots":{"index":"index","follow":"follow","max-snippet":"max-snippet:-1","max-image-preview":"max-image-preview:large","max-video-preview":"max-video-preview:-1"},"canonical":"https:\/\/webdelmaestrocmf.com\/portal\/ya-estamos-en-la-educacion-educacion-4-0\/","og_locale":"es_ES","og_type":"article","og_title":"Ya estamos en la Educaci\u00f3n Educaci\u00f3n 4.0 - 2026","og_description":"El mundo est\u00e1 viviendo importantes momentos de transformaciones. En la educaci\u00f3n, la aplicaci\u00f3n de metodolog\u00edas y t\u00e9cnicas...","og_url":"https:\/\/webdelmaestrocmf.com\/portal\/ya-estamos-en-la-educacion-educacion-4-0\/","og_site_name":"Web del Maestro CMF","article_publisher":"https:\/\/www.facebook.com\/WebdelMaestroCMF\/","article_author":"https:\/\/www.facebook.com\/WebdelMaestroCMF\/","article_published_time":"2023-04-14T01:09:48+00:00","article_modified_time":"2023-05-09T15:38:32+00:00","og_image":[{"width":900,"height":556,"url":"https:\/\/i0.wp.com\/webdelmaestrocmf.com\/portal\/wp-content\/uploads\/2023\/04\/A12B3C4D-2-4.jpg?fit=900%2C556&ssl=1","type":"image\/jpeg"}],"author":"Web del Maestro CMF","twitter_card":"summary_large_image","twitter_creator":"@cmf_w","twitter_site":"@cmf_w","schema":{"@context":"https:\/\/schema.org","@graph":[{"@type":"ScholarlyArticle","@id":"https:\/\/webdelmaestrocmf.com\/portal\/ya-estamos-en-la-educacion-educacion-4-0\/#article","isPartOf":{"@id":"https:\/\/webdelmaestrocmf.com\/portal\/ya-estamos-en-la-educacion-educacion-4-0\/"},"author":{"name":"Web del Maestro CMF","@id":"https:\/\/webdelmaestrocmf.com\/portal\/#\/schema\/person\/1072a2ed7bd960df8ef99a551fa35dc5"},"headline":"Ya estamos en la Educaci\u00f3n Educaci\u00f3n 4.0","datePublished":"2023-04-14T01:09:48+00:00","dateModified":"2023-05-09T15:38:32+00:00","mainEntityOfPage":{"@id":"https:\/\/webdelmaestrocmf.com\/portal\/ya-estamos-en-la-educacion-educacion-4-0\/"},"wordCount":2646,"commentCount":0,"publisher":{"@id":"https:\/\/webdelmaestrocmf.com\/portal\/#organization"},"image":{"@id":"https:\/\/webdelmaestrocmf.com\/portal\/ya-estamos-en-la-educacion-educacion-4-0\/#primaryimage"},"thumbnailUrl":"https:\/\/webdelmaestrocmf.com\/portal\/wp-content\/uploads\/2023\/04\/A12B3C4D-2-4.jpg","keywords":["EDUCACI\u00d3N","Educaci\u00f3n 1.0","Educaci\u00f3n 2.0","Educaci\u00f3n 3.0","Educaci\u00f3n 4.0"],"articleSection":["Informativo","Tecnolog\u00eda"],"inLanguage":"es","potentialAction":[{"@type":"CommentAction","name":"Comment","target":["https:\/\/webdelmaestrocmf.com\/portal\/ya-estamos-en-la-educacion-educacion-4-0\/#respond"]}]},{"@type":"WebPage","@id":"https:\/\/webdelmaestrocmf.com\/portal\/ya-estamos-en-la-educacion-educacion-4-0\/","url":"https:\/\/webdelmaestrocmf.com\/portal\/ya-estamos-en-la-educacion-educacion-4-0\/","name":"Ya estamos en la Educaci\u00f3n Educaci\u00f3n 4.0 - 2026","isPartOf":{"@id":"https:\/\/webdelmaestrocmf.com\/portal\/#website"},"primaryImageOfPage":{"@id":"https:\/\/webdelmaestrocmf.com\/portal\/ya-estamos-en-la-educacion-educacion-4-0\/#primaryimage"},"image":{"@id":"https:\/\/webdelmaestrocmf.com\/portal\/ya-estamos-en-la-educacion-educacion-4-0\/#primaryimage"},"thumbnailUrl":"https:\/\/webdelmaestrocmf.com\/portal\/wp-content\/uploads\/2023\/04\/A12B3C4D-2-4.jpg","datePublished":"2023-04-14T01:09:48+00:00","dateModified":"2023-05-09T15:38:32+00:00","description":"El mundo est\u00e1 viviendo importantes momentos de transformaciones. En la educaci\u00f3n, la aplicaci\u00f3n de metodolog\u00edas y t\u00e9cnicas...","breadcrumb":{"@id":"https:\/\/webdelmaestrocmf.com\/portal\/ya-estamos-en-la-educacion-educacion-4-0\/#breadcrumb"},"inLanguage":"es","potentialAction":[{"@type":"ReadAction","target":["https:\/\/webdelmaestrocmf.com\/portal\/ya-estamos-en-la-educacion-educacion-4-0\/"]}]},{"@type":"ImageObject","inLanguage":"es","@id":"https:\/\/webdelmaestrocmf.com\/portal\/ya-estamos-en-la-educacion-educacion-4-0\/#primaryimage","url":"https:\/\/webdelmaestrocmf.com\/portal\/wp-content\/uploads\/2023\/04\/A12B3C4D-2-4.jpg","contentUrl":"https:\/\/webdelmaestrocmf.com\/portal\/wp-content\/uploads\/2023\/04\/A12B3C4D-2-4.jpg","width":900,"height":556},{"@type":"BreadcrumbList","@id":"https:\/\/webdelmaestrocmf.com\/portal\/ya-estamos-en-la-educacion-educacion-4-0\/#breadcrumb","itemListElement":[{"@type":"ListItem","position":1,"name":"Portada","item":"https:\/\/webdelmaestrocmf.com\/portal\/"},{"@type":"ListItem","position":2,"name":"Tecnolog\u00eda","item":"https:\/\/webdelmaestrocmf.com\/portal\/category\/tecnologia\/"},{"@type":"ListItem","position":3,"name":"Ya estamos en la Educaci\u00f3n Educaci\u00f3n 4.0"}]},{"@type":"WebSite","@id":"https:\/\/webdelmaestrocmf.com\/portal\/#website","url":"https:\/\/webdelmaestrocmf.com\/portal\/","name":"Web del Maestro CMF","description":"Maestros al servicio de la educaci\u00f3n","publisher":{"@id":"https:\/\/webdelmaestrocmf.com\/portal\/#organization"},"alternateName":"WMCMF","potentialAction":[{"@type":"SearchAction","target":{"@type":"EntryPoint","urlTemplate":"https:\/\/webdelmaestrocmf.com\/portal\/?s={search_term_string}"},"query-input":{"@type":"PropertyValueSpecification","valueRequired":true,"valueName":"search_term_string"}}],"inLanguage":"es"},{"@type":"Organization","@id":"https:\/\/webdelmaestrocmf.com\/portal\/#organization","name":"Web del Maestro CMF","alternateName":"WMCMF","url":"https:\/\/webdelmaestrocmf.com\/portal\/","logo":{"@type":"ImageObject","inLanguage":"es","@id":"https:\/\/webdelmaestrocmf.com\/portal\/#\/schema\/logo\/image\/","url":"https:\/\/webdelmaestrocmf.com\/portal\/wp-content\/uploads\/2023\/01\/logo-wmcmf-2.png","contentUrl":"https:\/\/webdelmaestrocmf.com\/portal\/wp-content\/uploads\/2023\/01\/logo-wmcmf-2.png","width":200,"height":60,"caption":"Web del Maestro CMF"},"image":{"@id":"https:\/\/webdelmaestrocmf.com\/portal\/#\/schema\/logo\/image\/"},"sameAs":["https:\/\/www.facebook.com\/WebdelMaestroCMF\/","https:\/\/x.com\/cmf_w","https:\/\/www.pinterest.com\/WMCMF\/","https:\/\/www.linkedin.com\/company\/web-del-maestro-cmf\/","https:\/\/www.instagram.com\/wmcmf\/","https:\/\/www.youtube.com\/channel\/UCDPSvjbdodE5sHnC3OxutHw","https:\/\/mastodon.social\/@wmcmf","https:\/\/www.tiktok.com\/@webdelmaestrocmf"]},{"@type":"Person","@id":"https:\/\/webdelmaestrocmf.com\/portal\/#\/schema\/person\/1072a2ed7bd960df8ef99a551fa35dc5","name":"Web del Maestro CMF","image":{"@type":"ImageObject","inLanguage":"es","@id":"https:\/\/secure.gravatar.com\/avatar\/23291dd5b5ae1077dcff3dbb04c3e02bd28403fa75af6d8787d5e97c5bbbe30b?s=96&d=mm&r=g","url":"https:\/\/secure.gravatar.com\/avatar\/23291dd5b5ae1077dcff3dbb04c3e02bd28403fa75af6d8787d5e97c5bbbe30b?s=96&d=mm&r=g","contentUrl":"https:\/\/secure.gravatar.com\/avatar\/23291dd5b5ae1077dcff3dbb04c3e02bd28403fa75af6d8787d5e97c5bbbe30b?s=96&d=mm&r=g","caption":"Web del Maestro CMF"},"description":"Esta Web se cre\u00f3 sin fines de lucro, con fines educativos, cient\u00edficos y acad\u00e9micos, para personas que tengan dificultades y\/o inconvenientes en visualizar el material original. El objetivo es entregar recursos, compartir experiencias y materiales que ayuden a los padres de familia, maestros y estudiantes en su actualizaci\u00f3n y formaci\u00f3n permanente, en bien de la Educaci\u00f3n.","sameAs":["http:\/\/webdelmaestrocmf.com\/portal","https:\/\/www.facebook.com\/WebdelMaestroCMF\/","https:\/\/www.instagram.com\/wmcmf\/","https:\/\/cl.linkedin.com\/company\/web-del-maestro-cmf","https:\/\/www.pinterest.com\/WMCMF\/publicaciones\/","https:\/\/x.com\/cmf_w","https:\/\/www.youtube.com\/@WMCMF"]}]}},"jetpack_featured_media_url":"https:\/\/webdelmaestrocmf.com\/portal\/wp-content\/uploads\/2023\/04\/A12B3C4D-2-4.jpg","jetpack_sharing_enabled":true,"jetpack-related-posts":[{"id":107287,"url":"https:\/\/webdelmaestrocmf.com\/portal\/las-revoluciones-educativas-un-analisis-de-las-etapas-de-la-evolucion-en-la-ensenanza\/","url_meta":{"origin":87343,"position":0},"title":"Las revoluciones educativas: un an\u00e1lisis de las etapas de la evoluci\u00f3n en la ense\u00f1anza","author":"Web del Maestro CMF","date":"29 diciembre, 2024","format":false,"excerpt":"La educaci\u00f3n, como pilar fundamental de cualquier sociedad, ha experimentado m\u00faltiples transformaciones a lo largo de los siglos. Desde los modelos m\u00e1s tradicionales, donde el maestro era el centro del proceso, hasta los enfoques m\u00e1s modernos que integran tecnolog\u00edas avanzadas, cada etapa ha sido parte de una evoluci\u00f3n para mejorar\u2026","rel":"","context":"En \u00abPedagog\u00eda\u00bb","block_context":{"text":"Pedagog\u00eda","link":"https:\/\/webdelmaestrocmf.com\/portal\/category\/pedagogia\/educacion-pedagogia\/"},"img":{"alt_text":"","src":"https:\/\/i0.wp.com\/webdelmaestrocmf.com\/portal\/wp-content\/uploads\/2024\/12\/Banner-1-portada-imagen-10-1-48.jpg?resize=350%2C200&ssl=1","width":350,"height":200,"srcset":"https:\/\/i0.wp.com\/webdelmaestrocmf.com\/portal\/wp-content\/uploads\/2024\/12\/Banner-1-portada-imagen-10-1-48.jpg?resize=350%2C200&ssl=1 1x, https:\/\/i0.wp.com\/webdelmaestrocmf.com\/portal\/wp-content\/uploads\/2024\/12\/Banner-1-portada-imagen-10-1-48.jpg?resize=525%2C300&ssl=1 1.5x, https:\/\/i0.wp.com\/webdelmaestrocmf.com\/portal\/wp-content\/uploads\/2024\/12\/Banner-1-portada-imagen-10-1-48.jpg?resize=700%2C400&ssl=1 2x"},"classes":[]},{"id":56070,"url":"https:\/\/webdelmaestrocmf.com\/portal\/david-auris-universidad-inteligente-4-0\/","url_meta":{"origin":87343,"position":1},"title":"[David Auris] Universidad inteligente 4.0","author":"Web del Maestro CMF","date":"18 diciembre, 2020","format":false,"excerpt":"\u00bfLa universidad es el pomposo edificio, limitado a conferir t\u00edtulos o es aquel espacio h\u00edbrido, abocado a afinar nuestro pensamiento? Como una mutaci\u00f3n inevitable, gracias a la inteligencia artificial, las universidades est\u00e1n forzadas a transformase, desde el terreno electr\u00f3nico al teatro de la innovaci\u00f3n digital. Los cambios bruscos de la\u2026","rel":"","context":"En \u00abZ-Colaborador-David-Auris\u00bb","block_context":{"text":"Z-Colaborador-David-Auris","link":"https:\/\/webdelmaestrocmf.com\/portal\/category\/colaborador\/z-colaborador-david-auris\/"},"img":{"alt_text":"","src":"https:\/\/i0.wp.com\/webdelmaestrocmf.com\/portal\/wp-content\/uploads\/2020\/12\/1-copia-51.jpg?resize=350%2C200&ssl=1","width":350,"height":200,"srcset":"https:\/\/i0.wp.com\/webdelmaestrocmf.com\/portal\/wp-content\/uploads\/2020\/12\/1-copia-51.jpg?resize=350%2C200&ssl=1 1x, https:\/\/i0.wp.com\/webdelmaestrocmf.com\/portal\/wp-content\/uploads\/2020\/12\/1-copia-51.jpg?resize=525%2C300&ssl=1 1.5x, https:\/\/i0.wp.com\/webdelmaestrocmf.com\/portal\/wp-content\/uploads\/2020\/12\/1-copia-51.jpg?resize=700%2C400&ssl=1 2x, https:\/\/i0.wp.com\/webdelmaestrocmf.com\/portal\/wp-content\/uploads\/2020\/12\/1-copia-51.jpg?resize=1050%2C600&ssl=1 3x"},"classes":[]},{"id":108445,"url":"https:\/\/webdelmaestrocmf.com\/portal\/100-conceptos-clave-para-transformar-la-educacion-con-tecnologia-descarga-la-guia-pdf\/","url_meta":{"origin":87343,"position":2},"title":"100 conceptos clave para transformar la educaci\u00f3n con tecnolog\u00eda: descarga la gu\u00eda PDF","author":"Web del Maestro CMF","date":"23 marzo, 2025","format":false,"excerpt":"La transformaci\u00f3n digital en la educaci\u00f3n va mucho m\u00e1s all\u00e1 de integrar nuevas herramientas tecnol\u00f3gicas: implica comprender a fondo los conceptos que est\u00e1n redefiniendo la ense\u00f1anza. En este nuevo contexto, comprender el lenguaje de la educaci\u00f3n en l\u00ednea es indispensable para cualquier docente que quiera avanzar con seguridad en su\u2026","rel":"","context":"En \u00abDescarga\u00bb","block_context":{"text":"Descarga","link":"https:\/\/webdelmaestrocmf.com\/portal\/category\/descarga\/"},"img":{"alt_text":"","src":"https:\/\/i0.wp.com\/webdelmaestrocmf.com\/portal\/wp-content\/uploads\/2025\/03\/1A-Banner-1-portada-imagen-10-1-6-1.jpg?resize=350%2C200&ssl=1","width":350,"height":200,"srcset":"https:\/\/i0.wp.com\/webdelmaestrocmf.com\/portal\/wp-content\/uploads\/2025\/03\/1A-Banner-1-portada-imagen-10-1-6-1.jpg?resize=350%2C200&ssl=1 1x, https:\/\/i0.wp.com\/webdelmaestrocmf.com\/portal\/wp-content\/uploads\/2025\/03\/1A-Banner-1-portada-imagen-10-1-6-1.jpg?resize=525%2C300&ssl=1 1.5x, https:\/\/i0.wp.com\/webdelmaestrocmf.com\/portal\/wp-content\/uploads\/2025\/03\/1A-Banner-1-portada-imagen-10-1-6-1.jpg?resize=700%2C400&ssl=1 2x"},"classes":[]},{"id":110484,"url":"https:\/\/webdelmaestrocmf.com\/portal\/libro-para-docentes-teoria-y-educacion-una-mirada-critica-a-la-pedagogia-desde-la-epistemologia-y-la-ontologia\/","url_meta":{"origin":87343,"position":3},"title":"Libro para docentes \u00abTeor\u00eda y educaci\u00f3n: una mirada cr\u00edtica a la pedagog\u00eda desde la epistemolog\u00eda y la ontolog\u00eda\u00bb","author":"Web del Maestro CMF","date":"25 junio, 2025","format":false,"excerpt":"Una obra fundamental para repensar la pedagog\u00eda desde sus ra\u00edces filos\u00f3ficas y afrontar los desaf\u00edos educativos del presente","rel":"","context":"En \u00abDescarga\u00bb","block_context":{"text":"Descarga","link":"https:\/\/webdelmaestrocmf.com\/portal\/category\/descarga\/"},"img":{"alt_text":"","src":"https:\/\/i0.wp.com\/webdelmaestrocmf.com\/portal\/wp-content\/uploads\/2025\/06\/1A-Banner-1-portada-imagen-10-1-copia-8.webp?resize=350%2C200&ssl=1","width":350,"height":200,"srcset":"https:\/\/i0.wp.com\/webdelmaestrocmf.com\/portal\/wp-content\/uploads\/2025\/06\/1A-Banner-1-portada-imagen-10-1-copia-8.webp?resize=350%2C200&ssl=1 1x, https:\/\/i0.wp.com\/webdelmaestrocmf.com\/portal\/wp-content\/uploads\/2025\/06\/1A-Banner-1-portada-imagen-10-1-copia-8.webp?resize=525%2C300&ssl=1 1.5x, https:\/\/i0.wp.com\/webdelmaestrocmf.com\/portal\/wp-content\/uploads\/2025\/06\/1A-Banner-1-portada-imagen-10-1-copia-8.webp?resize=700%2C400&ssl=1 2x"},"classes":[]},{"id":110415,"url":"https:\/\/webdelmaestrocmf.com\/portal\/docente-y-didactica-acercamientos-polemicos-una-guia-fundamental-para-transformar-la-ensenanza\/","url_meta":{"origin":87343,"position":4},"title":"\u201cDocente y did\u00e1ctica: Acercamientos pol\u00e9micos\u201d: una gu\u00eda fundamental para transformar la ense\u00f1anza","author":"Web del Maestro CMF","date":"24 junio, 2025","format":false,"excerpt":"Una obra imprescindible para repensar la ense\u00f1anza y renovar la pr\u00e1ctica docente en tiempos de cambio.","rel":"","context":"En \u00abDescarga\u00bb","block_context":{"text":"Descarga","link":"https:\/\/webdelmaestrocmf.com\/portal\/category\/descarga\/"},"img":{"alt_text":"","src":"https:\/\/i0.wp.com\/webdelmaestrocmf.com\/portal\/wp-content\/uploads\/2025\/06\/1A-Banner-1-portada-imagen-10-1-copia-5.webp?resize=350%2C200&ssl=1","width":350,"height":200,"srcset":"https:\/\/i0.wp.com\/webdelmaestrocmf.com\/portal\/wp-content\/uploads\/2025\/06\/1A-Banner-1-portada-imagen-10-1-copia-5.webp?resize=350%2C200&ssl=1 1x, https:\/\/i0.wp.com\/webdelmaestrocmf.com\/portal\/wp-content\/uploads\/2025\/06\/1A-Banner-1-portada-imagen-10-1-copia-5.webp?resize=525%2C300&ssl=1 1.5x, https:\/\/i0.wp.com\/webdelmaestrocmf.com\/portal\/wp-content\/uploads\/2025\/06\/1A-Banner-1-portada-imagen-10-1-copia-5.webp?resize=700%2C400&ssl=1 2x"},"classes":[]},{"id":111232,"url":"https:\/\/webdelmaestrocmf.com\/portal\/edubook-inteligencia-artificial-generativa-enfoques-practicos-para-docentes\/","url_meta":{"origin":87343,"position":5},"title":"EduBooK: Inteligencia Artificial Generativa \u2013 Enfoques pr\u00e1cticos para docentes","author":"Web del Maestro CMF","date":"15 julio, 2025","format":false,"excerpt":"El EDUBOOK ofrece herramientas concretas, ejemplos reales y reflexiones","rel":"","context":"En \u00abDescarga\u00bb","block_context":{"text":"Descarga","link":"https:\/\/webdelmaestrocmf.com\/portal\/category\/descarga\/"},"img":{"alt_text":"","src":"https:\/\/i0.wp.com\/webdelmaestrocmf.com\/portal\/wp-content\/uploads\/2025\/07\/1A-Banner-1-portada-imagen-10-1-copia-52.webp?resize=350%2C200&ssl=1","width":350,"height":200,"srcset":"https:\/\/i0.wp.com\/webdelmaestrocmf.com\/portal\/wp-content\/uploads\/2025\/07\/1A-Banner-1-portada-imagen-10-1-copia-52.webp?resize=350%2C200&ssl=1 1x, https:\/\/i0.wp.com\/webdelmaestrocmf.com\/portal\/wp-content\/uploads\/2025\/07\/1A-Banner-1-portada-imagen-10-1-copia-52.webp?resize=525%2C300&ssl=1 1.5x, https:\/\/i0.wp.com\/webdelmaestrocmf.com\/portal\/wp-content\/uploads\/2025\/07\/1A-Banner-1-portada-imagen-10-1-copia-52.webp?resize=700%2C400&ssl=1 2x"},"classes":[]}],"_links":{"self":[{"href":"https:\/\/webdelmaestrocmf.com\/portal\/wp-json\/wp\/v2\/posts\/87343","targetHints":{"allow":["GET"]}}],"collection":[{"href":"https:\/\/webdelmaestrocmf.com\/portal\/wp-json\/wp\/v2\/posts"}],"about":[{"href":"https:\/\/webdelmaestrocmf.com\/portal\/wp-json\/wp\/v2\/types\/post"}],"author":[{"embeddable":true,"href":"https:\/\/webdelmaestrocmf.com\/portal\/wp-json\/wp\/v2\/users\/1"}],"replies":[{"embeddable":true,"href":"https:\/\/webdelmaestrocmf.com\/portal\/wp-json\/wp\/v2\/comments?post=87343"}],"version-history":[{"count":0,"href":"https:\/\/webdelmaestrocmf.com\/portal\/wp-json\/wp\/v2\/posts\/87343\/revisions"}],"wp:featuredmedia":[{"embeddable":true,"href":"https:\/\/webdelmaestrocmf.com\/portal\/wp-json\/wp\/v2\/media\/87351"}],"wp:attachment":[{"href":"https:\/\/webdelmaestrocmf.com\/portal\/wp-json\/wp\/v2\/media?parent=87343"}],"wp:term":[{"taxonomy":"category","embeddable":true,"href":"https:\/\/webdelmaestrocmf.com\/portal\/wp-json\/wp\/v2\/categories?post=87343"},{"taxonomy":"post_tag","embeddable":true,"href":"https:\/\/webdelmaestrocmf.com\/portal\/wp-json\/wp\/v2\/tags?post=87343"}],"curies":[{"name":"wp","href":"https:\/\/api.w.org\/{rel}","templated":true}]}}