{"id":87249,"date":"2023-04-12T19:13:43","date_gmt":"2023-04-12T23:13:43","guid":{"rendered":"https:\/\/webdelmaestrocmf.com\/portal\/?p=87249"},"modified":"2023-04-13T10:05:46","modified_gmt":"2023-04-13T14:05:46","slug":"calendario-escolar-2022-2023-sep-cuales-son-los-cambios-y-como-quedaron-las-nuevas-fechas","status":"publish","type":"post","link":"https:\/\/webdelmaestrocmf.com\/portal\/calendario-escolar-2022-2023-sep-cuales-son-los-cambios-y-como-quedaron-las-nuevas-fechas\/","title":{"rendered":"Calendario escolar 2022-2023 SEP: \u00bfCu\u00e1les son los cambios y c\u00f3mo quedaron las nuevas fechas?"},"content":{"rendered":"<h5 class=\"art__hdl__opn\" style=\"text-align: justify;\">Conoce los d\u00edas d\u00edas festivos, puentes, feriados y vacaciones del mes de abril del 2023 para los estudiantes de la SEP.<\/h5>\n<p><!--more--><\/p>\n<h5 style=\"text-align: justify;\">El calendario escolar 2022-2023\u00a0de la Secretar\u00eda de Educaci\u00f3n P\u00fablica (SEP) ha sido modificado, las autoridades educativas incorporaron nuevas fechas y eliminaros unas m\u00e1s correspondientes a los puentes, fines de semana largos y actividades que se llevar\u00e1n a cabo al regresar de las vacaciones de Semana Santa, aqu\u00ed\u00a0te diremos c\u00f3mo qued\u00f3 para que lo tomes en cuenta.<\/h5>\n<p style=\"text-align: justify;\"><strong>\u00bfCu\u00e1les son los cambios en el calendario escolar de la SEP?<\/strong><\/p>\n<p class=\"\" style=\"text-align: justify;\">La\u00a0<b>SEP\u00a0<\/b>anunci\u00f3 tres importantes cambios en el\u00a0<b>calendario escolar<\/b>\u00a0correspondiente al periodo 2022-2023 que rige a estudiantes que cursan el preescolar, primaria y secundaria, con el objetivo de ajustar y reorganizar las formaciones contin\u00faas que han tenido los docentes. Cabe se\u00f1alar que los 190 d\u00edas de clases se mantendr\u00e1n pese a las modificaciones efectuadas, a continuaci\u00f3n te los compartimos.<\/p>\n<ul>\n<li><b>Primer cambio<\/b>: El Taller Intensivo de Formaci\u00f3n Continua contemplado del 5 al 9 de junio se aplaz\u00f3 y las nuevas fechas se aplicar\u00e1n del 20 al 26 de julio, de tal forma, que ahora quedar\u00e1 contemplado para el final del ciclo escolar.<\/li>\n<li><b>Segundo cambio<\/b>: El Taller Intensivo de Formaci\u00f3n Continua para Docentes con presencia de estudiantes contemplado en el calendario escolar del 3 al 7 de julio y del 10 al 14 del mismo mes, quedar\u00e1n eliminadas.<\/li>\n<li><b>Tercer cambio<\/b>: El \u00faltimo d\u00eda de clases oficiales para los alumnos de la educaci\u00f3n b\u00e1sica esta contemplado para el mi\u00e9rcoles 26 de julio del 2023.<\/li>\n<\/ul>\n<blockquote class=\"twitter-tweet\">\n<p dir=\"ltr\" lang=\"es\">El Calendario Escolar 2022-2023 se ha modificado en respuesta a diversas solicitudes en ese sentido, lo cual no cambia los 190 d\u00edas escolares, la conclusi\u00f3n de clases ser\u00e1 para el 19 de julio y el fin del ciclo para el 26 de julio como estaba programado. <a href=\"https:\/\/t.co\/XmP2AzPdQU\">pic.twitter.com\/XmP2AzPdQU<\/a><\/p>\n<p>\u2014 SEP M\u00e9xico (@SEP_mx) <a href=\"https:\/\/twitter.com\/SEP_mx\/status\/1641892466331734031?ref_src=twsrc%5Etfw\">March 31, 2023<\/a><\/p><\/blockquote>\n<p><script async src=\"https:\/\/platform.twitter.com\/widgets.js\" charset=\"utf-8\"><\/script><\/p>\n<h5 style=\"text-align: justify;\">Junta del Consejo T\u00e9cnico Escolar 2023<\/h5>\n<ul>\n<li>27 de enero de 2023<\/li>\n<li>24 de febrero de 2023<\/li>\n<li>31 de marzo de 2023<\/li>\n<li>28 de abril de 2023<\/li>\n<li>26 de mayo de 2023<\/li>\n<li>30 de junio de 2023<\/li>\n<\/ul>\n<h5 style=\"text-align: justify;\">Feriados para estudiantes de la SEP en 2023<\/h5>\n<ul>\n<li><b>27 de enero 2023:\u00a0<\/b>Junta del Consejo T\u00e9cnico Escolar<\/li>\n<li><b>6 de febrero 2023:\u00a0<\/b>Suspensi\u00f3n de labores<\/li>\n<li><b>17 de marzo 2023:\u00a0<\/b>Junta administrativa, ser\u00e1 un megapuente que va del 17 al 20 del mes<\/li>\n<li><b>31 de marzo 2023:\u00a0<\/b>Junta del Consejo T\u00e9cnico Escolar<\/li>\n<li><b>28 de abril 2023:\u00a0<\/b>Junta del Consejo T\u00e9cnico Escolar<\/li>\n<li><b>1 de mayo 2023:<\/b>\u00a0D\u00eda del Trabajo, segundo megapuente<\/li>\n<li><b>5 de mayo 2023:<\/b>\u00a0Batalla de Puebla<\/li>\n<li><b>15 de mayo 2023:\u00a0<\/b>D\u00eda del Maestro<\/li>\n<li><b>26 de mayo 2023:\u00a0<\/b>Junta del Consejo T\u00e9cnico Escolar<\/li>\n<li><b>30 de junio 2023:\u00a0<\/b>Junta del Consejo T\u00e9cnico Escolar<\/li>\n<\/ul>\n<h5 style=\"text-align: justify;\">D\u00edas de asueto para estudiantes de la SEP 2023<\/h5>\n<ul>\n<li><b>6 de febrero de 2023:<\/b>\u00a0D\u00eda de la Constituci\u00f3n<\/li>\n<li><b>20 de marzo de 2023:<\/b>\u00a0Natalicio de Benito Ju\u00e1rez<\/li>\n<li><b>1 de mayo de 2023:<\/b>\u00a0D\u00eda del Trabajo<\/li>\n<li><b>5 de mayo de 2023:\u00a0<\/b>Batalla de Puebla<\/li>\n<li><b>15 de mayo de 2023:<\/b>\u00a0D\u00eda del Maestro<\/li>\n<\/ul>\n<h5 style=\"text-align: justify;\">Todos los puentes festivos ciclo escolar 2022-2023<\/h5>\n<ul>\n<li>El\u00a0<b>segundo megapuente escolar<\/b>\u00a0ser\u00e1 hasta el 28 de abril con motivo de la Junta del Consejo T\u00e9cnico Escolar<b>;<\/b>\u00a0el \u00faltimo d\u00eda de clases ser\u00e1 el jueves 27 y regresar\u00e1n hasta el martes 2 de mayo, ya que el primero es D\u00eda del Trabajo, ser\u00e1n cuatro d\u00edas de descanso.<\/li>\n<li>El\u00a0<b>tercer puente escolar\u00a0<\/b>ser\u00e1 el viernes 5 de mayo con motivo de la Batalla de Puebla; el \u00faltimo d\u00eda de clases ser\u00e1 el jueves 4 y volver\u00e1n a sus centros educativos el lunes 8 de mayo.<\/li>\n<li>El\u00a0<b>cuarto puente escolar<\/b>\u00a0esta programado para el lunes 15 de mayo con motivo del D\u00eda del Maestro; los estudiantes ir\u00e1n el viernes 12 a clases y volver\u00e1n hasta el martes 16, siendo tres d\u00edas de descanso.<\/li>\n<li>El\u00a0<b>quinto puente escola<\/b>r ser\u00e1 el viernes 26 de mayo por la Junta del Consejo T\u00e9cnico Escolar; el \u00faltimo d\u00eda de clases ser\u00e1 el jueves 25 y regresar\u00e1n el lunes 29.<\/li>\n<li>El\u00a0<b>pen\u00faltimo fin de semana largo\u00a0<\/b>que tendr\u00e1n los estudiantes ser\u00e1 el viernes 30 de junio con motivo de la Junta del Consejo T\u00e9cnico Escolar; el \u00faltimo d\u00eda de clases se program\u00f3 para el jueves 29 y regresar\u00e1n el 3 de julio.<\/li>\n<li>Se agrega el\u00a0<b>viernes 19 de junio<\/b>\u00a0como puente exclusivamente para los estudiantes de Jalisco.<\/li>\n<\/ul>\n<h5 style=\"text-align: justify;\">Fechas importantes en el calendario de la SEP<\/h5>\n<ul>\n<li><b>Segundo periodo vacacional<\/b>: 3 al 14 de abril de 2023.<\/li>\n<li><b>Fin de curso 2022-2023:\u00a0<\/b>26 de julio de 2023<\/li>\n<li><b>Entrega de boletas de evaluaci\u00f3n a madres, padres y tutores:\u00a0<\/b>21, 23 y 24 de julio de 2023<\/li>\n<li><b>Preinscripci\u00f3n a preescolar, primer grado de primaria y primer grado de secundaria<\/b>: 1, 2, 3, 7, 8, 9, 10, 13, 14 y 15 de febrero de 2023.<\/li>\n<\/ul>\n<p><a href=\"https:\/\/webdelmaestrocmf.com\/portal\/wp-content\/uploads\/2023\/04\/Captura-de-pantalla-2023-04-12-190041.jpg\"><img loading=\"lazy\" decoding=\"async\" class=\"alignnone size-full wp-image-87250\" src=\"https:\/\/webdelmaestrocmf.com\/portal\/wp-content\/uploads\/2023\/04\/Captura-de-pantalla-2023-04-12-190041.jpg\" alt=\"\" width=\"1003\" height=\"822\" srcset=\"https:\/\/webdelmaestrocmf.com\/portal\/wp-content\/uploads\/2023\/04\/Captura-de-pantalla-2023-04-12-190041.jpg 1003w, https:\/\/webdelmaestrocmf.com\/portal\/wp-content\/uploads\/2023\/04\/Captura-de-pantalla-2023-04-12-190041-300x246.jpg 300w, https:\/\/webdelmaestrocmf.com\/portal\/wp-content\/uploads\/2023\/04\/Captura-de-pantalla-2023-04-12-190041-768x629.jpg 768w, https:\/\/webdelmaestrocmf.com\/portal\/wp-content\/uploads\/2023\/04\/Captura-de-pantalla-2023-04-12-190041-110x90.jpg 110w, https:\/\/webdelmaestrocmf.com\/portal\/wp-content\/uploads\/2023\/04\/Captura-de-pantalla-2023-04-12-190041-200x164.jpg 200w, https:\/\/webdelmaestrocmf.com\/portal\/wp-content\/uploads\/2023\/04\/Captura-de-pantalla-2023-04-12-190041-380x311.jpg 380w, https:\/\/webdelmaestrocmf.com\/portal\/wp-content\/uploads\/2023\/04\/Captura-de-pantalla-2023-04-12-190041-255x209.jpg 255w, https:\/\/webdelmaestrocmf.com\/portal\/wp-content\/uploads\/2023\/04\/Captura-de-pantalla-2023-04-12-190041-550x451.jpg 550w, https:\/\/webdelmaestrocmf.com\/portal\/wp-content\/uploads\/2023\/04\/Captura-de-pantalla-2023-04-12-190041-800x656.jpg 800w\" sizes=\"auto, (max-width: 1003px) 100vw, 1003px\" \/><\/a><\/p>\n<h5 class=\"art__hdl__tl\" style=\"text-align: justify;\">Calendario SEP abril 2023: d\u00edas festivos, puentes, feriados y vacaciones<\/h5>\n<p class=\"\" style=\"text-align: justify;\">El\u00a0<b>calendario de la SEP<\/b>\u00a0correspondiente al\u00a0<b>ciclo 2022-2023<\/b>, resalta que para este\u00a0<b>mes de abril<\/b>\u00a0del 2023, los estudiantes que cursan la\u00a0<b>Educaci\u00f3n B\u00e1sica<\/b>\u00a0tendr\u00e1n algunos d\u00edas de descanso y feriados, de tal forma que podr\u00e1n dejar tan s\u00f3lo por unos d\u00edas sus actividades escolares para salir a divertirse o viajar con sus familiares, en\u00a0<b>AS M\u00e9xico<\/b>\u00a0te compartimos las fechas exactas en que habr\u00e1 festivos, puentes y feriados.<\/p>\n<h5 style=\"text-align: justify;\">Fechas festivas, puentes y feriados de abril 2023<\/h5>\n<p class=\"\" style=\"text-align: justify;\">El mes de abril iniciar\u00e1 con el\u00a0<b>segundo periodo vacacional<\/b>\u00a0del a\u00f1o tambi\u00e9n conocido como\u00a0<i>\u201clas vacaciones de Semana Santa\u201d<\/i>, que duran hasta el viernes 14 de abril, sin embargo, los estudiantes tendr\u00e1n que regresar a sus centros escolares hasta el lunes 17 del mes en curso. Despu\u00e9s de las dos semanas de descansos, los alumnos que se rigen con el calendario de la SEP gozar\u00e1n de un fin de semana largo programado para el viernes 28 con motivo de la Junta del Consejo T\u00e9cnico Escolar 2023.<\/p>\n<p class=\"\" style=\"text-align: justify;\"><b>\u00a1Toma nota!\u00a0<\/b>Porque el megapuente de abril contempla a dos fechas el d\u00eda viernes 28 de abril por la Junta del Consejo T\u00e9cnico Escolar y el lunes 1 de mayo con motivo del D\u00eda del Trabajo, por lo cual, los estudiantes tendr\u00e1n cuatro d\u00edas consecutivos sin clases y deber\u00e1n regresar hasta el martes 2 de mayo.<\/p>\n<h5 style=\"text-align: justify;\">Fechas importantes en el calendario de la SEP<\/h5>\n<ul>\n<li><u><b>Segundo periodo vacacional<\/b><\/u><u>: 3 al 14 de abril de 2023.<\/u><\/li>\n<li><b>Fin de curso 2022-2023:\u00a0<\/b>18 de julio de 2023<\/li>\n<li><b>Entrega de boletas de evaluaci\u00f3n a madres, padres y tutores:\u00a0<\/b>21, 23 y 24 de julio de 2023<\/li>\n<li><b>Preinscripci\u00f3n a preescolar, primer grado de primaria y primer grado de secundaria<\/b>: 1, 2, 3, 7, 8, 9, 10, 13, 14 y 15 de febrero de 2023.<\/li>\n<\/ul>\n<h5 style=\"text-align: justify;\">Feriados para estudiantes de la SEP en 2023<\/h5>\n<ul>\n<li><b>27 de enero 2023:\u00a0<\/b>Junta del Consejo T\u00e9cnico Escolar<\/li>\n<li><b>6 de febrero 2023:\u00a0<\/b>Suspensi\u00f3n de labores<\/li>\n<li><b>17 de marzo 2023:\u00a0<\/b>Junta administrativa, ser\u00e1 un megapuente que va del 17 al 20 del mes<\/li>\n<li><b>31 de marzo 2023:\u00a0<\/b>Junta del Consejo T\u00e9cnico Escolar<\/li>\n<li><u><b>28 de abril 2023:\u00a0<\/b><\/u><u>Junta del Consejo T\u00e9cnico Escolar<\/u><\/li>\n<li><b>1 de mayo 2023:<\/b>\u00a0D\u00eda del Trabajo, segundo megapuente<\/li>\n<li><b>5 de mayo 2023:<\/b>\u00a0Batalla de Puebla<\/li>\n<li><b>15 de mayo 2023:\u00a0<\/b>D\u00eda del Maestro<\/li>\n<li><b>26 de mayo 2023:\u00a0<\/b>Junta del Consejo T\u00e9cnico Escolar<\/li>\n<li><b>30 de junio 2023:\u00a0<\/b>Junta del Consejo T\u00e9cnico Escolar<\/li>\n<\/ul>\n<h5 style=\"text-align: justify;\">D\u00edas de asueto para estudiantes de la SEP 2023<\/h5>\n<ul>\n<li><b>6 de febrero de 2023:<\/b>\u00a0D\u00eda de la Constituci\u00f3n<\/li>\n<li><b>20 de marzo de 2023:<\/b>\u00a0Natalicio de Benito Ju\u00e1rez<\/li>\n<li><b>1 de mayo de 2023:<\/b>\u00a0D\u00eda del Trabajo<\/li>\n<li><b>5 de mayo de 2023:\u00a0<\/b>Batalla de Puebla<\/li>\n<li><b>15 de mayo de 2023:<\/b>\u00a0D\u00eda del Maestro<\/li>\n<\/ul>\n<h5 style=\"text-align: justify;\">Junta del Consejo T\u00e9cnico Escolar 2023<\/h5>\n<ul>\n<li>27 de enero de 2023<\/li>\n<li>24 de febrero de 2023<\/li>\n<li>31 de marzo de 2023<\/li>\n<li><u><b>28 de abril de 2023<\/b><\/u><\/li>\n<li>26 de mayo de 2023<\/li>\n<li>30 de junio de 2023<\/li>\n<\/ul>\n<h5 style=\"text-align: justify;\">Todos los puentes festivos ciclo escolar 2022-2023<\/h5>\n<ul>\n<li style=\"text-align: justify;\">El\u00a0<b>segundo megapuente escolar<\/b>\u00a0ser\u00e1 hasta el 28 de abril con motivo de la Junta del Consejo T\u00e9cnico Escolar<b>;<\/b>\u00a0el \u00faltimo d\u00eda de clases ser\u00e1 el jueves 27 y regresar\u00e1n hasta el martes 2 de mayo, ya que el primero es D\u00eda del Trabajo, ser\u00e1n cuatro d\u00edas de descanso.<\/li>\n<li style=\"text-align: justify;\">El\u00a0<b>tercer puente escolar\u00a0<\/b>ser\u00e1 el viernes 5 de mayo con motivo de la Batalla de Puebla; el \u00faltimo d\u00eda de clases ser\u00e1 el jueves 4 y volver\u00e1n a sus centros educativos el lunes 8 de mayo.<\/li>\n<li style=\"text-align: justify;\">El\u00a0<b>cuarto puente escolar<\/b>\u00a0esta programado para el lunes 15 de mayo con motivo del D\u00eda del Maestro; los estudiantes ir\u00e1n el viernes 12 a clases y volver\u00e1n hasta el martes 16, siendo tres d\u00edas de descanso.<\/li>\n<li style=\"text-align: justify;\">El\u00a0<b>quinto puente escola<\/b>r ser\u00e1 el viernes 26 de mayo por la Junta del Consejo T\u00e9cnico Escolar; el \u00faltimo d\u00eda de clases ser\u00e1 el jueves 25 y regresar\u00e1n el lunes 29.<\/li>\n<li style=\"text-align: justify;\">El\u00a0<b>pen\u00faltimo fin de semana largo\u00a0<\/b>que tendr\u00e1n los estudiantes ser\u00e1 el viernes 30 de junio con motivo de la Junta del Consejo T\u00e9cnico Escolar; el \u00faltimo d\u00eda de clases se program\u00f3 para el jueves 29 y regresar\u00e1n el 3 de julio.<\/li>\n<li style=\"text-align: justify;\">Se agrega el\u00a0<b>viernes 19 de junio<\/b>\u00a0como puente exclusivamente para los estudiantes de Jalisco.<\/li>\n<\/ul>\n<p><strong>Este contenido ha sido publicado originalmente por AS en la siguiente direcci\u00f3n: <a href=\"https:\/\/mexico.as.com\/actualidad\/calendario-escolar-2022-2023-sep-cuales-son-los-cambios-y-como-quedaron-las-nuevas-fechas-n\/\" target=\"_blank\" rel=\"noopener\">mexico.as.com<\/a><\/strong><\/p>\n<p style=\"text-align: center;\">Recomendamos a la Comunidad Educativa Digital tener en cuenta que, el enlace y\/o la carpeta en donde est\u00e1n alojados los libros, recursos y\/o materiales, no es administrado por la Web del Maestro CMF, pueda ser que en cuesti\u00f3n de d\u00edas (o seg\u00fan el tiempo transcurrido desde su publicaci\u00f3n), los enlaces no funcionen y el material ya no se encuentre disponible. Gracias por su comprensi\u00f3n.<\/p>\n<p style=\"text-align: center;\">ENLACE DE LECTURA: <a href=\"https:\/\/mega.nz\/folder\/CjwDkLRB#1UnSfYLkR9gYZ0HXTJbfcQ\" target=\"_blank\" rel=\"noopener\">DESCARGA EL CALENDARIO 2022 &#8211; 2023 EN FORMATO PDF<\/a><\/p>\n<p>Si te sirvi\u00f3 el material, ap\u00f3yanos con un clic. Nos ayudar\u00e1 a mantener el servicio.<br \/>\n\u00a1Comparte y as\u00ed m\u00e1s docentes utilizar\u00e1n estos recursos gratis! Muchas gracias.<\/p>\n<p><img decoding=\"async\" src=\"https:\/\/webdelmaestrocmf.com\/portal\/wp-content\/uploads\/2023\/04\/banner_des.png\" \/><\/p>\n\t\t<div class=\"pk-inline-posts\">\n\t\t\t\n\t\t\t<div class=\"pk-inline-posts-container pk-inline-posts-template-list\"\n\t\t\t\tdata-columns=\"1\">\n\t\t\t\t\t\t<article id=\"post-115017\" class=\"post-115017 post type-post status-publish format-standard has-post-thumbnail category-calendario category-descarga category-pedagogia tag-calendario-2026 tag-calendario-de-escritorio tag-calendario-para-imprimir tag-herramientas-docentes tag-material-imprimible tag-organizacion-del-tiempo tag-planificacion-anual tag-productividad tag-recursos-educativos cs-entry cs-video-wrap\">\n\t\t\t<div class=\"pk-post-outer\">\n\n\t\t\t\t\t\t\t\t<div class=\"pk-post-inner\">\n\t\t\t\t\t<div class=\"entry-thumbnail\">\n\t\t\t\t\t\t<div class=\"pk-overlay pk-overlay-ratio pk-ratio-landscape\">\n\t\t\t\t\t\t\t<div class=\"pk-overlay-background\">\n\t\t\t\t\t\t\t\t<a href=\"https:\/\/webdelmaestrocmf.com\/portal\/calendario-de-escritorio-2026-para-imprimir-organizacion-visual-y-funcional-todo-el-ano\/\" class=\"pk-overlay-link\">\n\t\t\t\t\t\t\t\t\t<img loading=\"lazy\" decoding=\"async\" width=\"300\" height=\"225\" src=\"https:\/\/webdelmaestrocmf.com\/portal\/wp-content\/uploads\/2026\/01\/1A-Banner-1-portada-imagen-10-1-copia-1-12-300x225.webp\" class=\"attachment-pk-thumbnail size-pk-thumbnail wp-post-image\" alt=\"\" \/>\t\t\t\t\t\t\t\t<\/a>\n\t\t\t\t\t\t\t<\/div>\n\t\t\t\t\t\t<\/div>\n\t\t\t\t\t<\/div>\n\t\t\t\t<\/div>\n\t\t\t\t\n\t\t\t\t<div class=\"pk-post-inner\">\n\t\t\t\t\t<header>\n\t\t\t\t\t\t<h3 class=\"pk-title\"><a href=\"https:\/\/webdelmaestrocmf.com\/portal\/calendario-de-escritorio-2026-para-imprimir-organizacion-visual-y-funcional-todo-el-ano\/\" rel=\"bookmark\">Calendario de Escritorio 2026 para Imprimir: Organizaci\u00f3n Visual y Funcional Todo el A\u00f1o<\/a><\/h3>\t\t\t\t\t<\/header><!-- .entry-header -->\n\t\t\t\t<\/div><!-- .post-inner -->\n\n\t\t\t<\/div><!-- .post-outer -->\n\t\t<\/article>\n\t\t\t\t<\/div>\n\t\t<\/div>\n\t\t\n","protected":false},"excerpt":{"rendered":"Conoce los d\u00edas d\u00edas festivos, puentes, feriados y vacaciones del mes de abril del 2023 para los estudiantes&hellip;","protected":false},"author":1,"featured_media":87256,"comment_status":"open","ping_status":"closed","sticky":false,"template":"","format":"standard","meta":{"csco_display_header_overlay":false,"csco_singular_sidebar":"default","csco_page_header_type":"default","csco_page_load_nextpost":"default","csco_post_video_location":[],"csco_post_video_location_hash":"","csco_post_video_url":"","csco_post_video_bg_start_time":0,"csco_post_video_bg_end_time":0,"csco_post_video_bg_volume":false,"_jetpack_memberships_contains_paid_content":false,"footnotes":""},"categories":[16009,735],"tags":[16010,4764,2438,608,13884,1868,16011,5869],"class_list":{"0":"post-87249","1":"post","2":"type-post","3":"status-publish","4":"format-standard","5":"has-post-thumbnail","7":"category-calendario","8":"category-pedagogia","9":"tag-2022-2023","10":"tag-calendario","11":"tag-cambios","12":"tag-escolar","13":"tag-fechas","14":"tag-nuevas","15":"tag-quedaron","16":"tag-sep","17":"cs-entry","18":"cs-video-wrap"},"yoast_head":"<!-- This site is optimized with the Yoast SEO plugin v27.5 - https:\/\/yoast.com\/product\/yoast-seo-wordpress\/ -->\n<title>Calendario escolar 2022-2023 SEP: \u00bfCu\u00e1les son los cambios y c\u00f3mo quedaron las nuevas fechas? - 2026<\/title>\n<meta name=\"description\" content=\"Conoce los d\u00edas d\u00edas festivos, puentes, feriados y vacaciones del mes de abril del 2023 para los estudiantes de la SEP.\" \/>\n<meta name=\"robots\" content=\"index, follow, max-snippet:-1, max-image-preview:large, max-video-preview:-1\" \/>\n<link rel=\"canonical\" href=\"https:\/\/webdelmaestrocmf.com\/portal\/calendario-escolar-2022-2023-sep-cuales-son-los-cambios-y-como-quedaron-las-nuevas-fechas\/\" \/>\n<meta property=\"og:locale\" content=\"es_ES\" \/>\n<meta property=\"og:type\" content=\"article\" \/>\n<meta property=\"og:title\" content=\"Calendario escolar 2022-2023 SEP: \u00bfCu\u00e1les son los cambios y c\u00f3mo quedaron las nuevas fechas? - 2026\" \/>\n<meta property=\"og:description\" content=\"Conoce los d\u00edas d\u00edas festivos, puentes, feriados y vacaciones del mes de abril del 2023 para los estudiantes de la SEP.\" \/>\n<meta property=\"og:url\" content=\"https:\/\/webdelmaestrocmf.com\/portal\/calendario-escolar-2022-2023-sep-cuales-son-los-cambios-y-como-quedaron-las-nuevas-fechas\/\" \/>\n<meta property=\"og:site_name\" content=\"Web del Maestro CMF\" \/>\n<meta property=\"article:publisher\" content=\"https:\/\/www.facebook.com\/WebdelMaestroCMF\/\" \/>\n<meta property=\"article:author\" content=\"https:\/\/www.facebook.com\/WebdelMaestroCMF\/\" \/>\n<meta property=\"article:published_time\" content=\"2023-04-12T23:13:43+00:00\" \/>\n<meta property=\"article:modified_time\" content=\"2023-04-13T14:05:46+00:00\" \/>\n<meta property=\"og:image\" content=\"https:\/\/i0.wp.com\/webdelmaestrocmf.com\/portal\/wp-content\/uploads\/2023\/04\/A12B3C4D-1-3.jpg?fit=900%2C556&ssl=1\" \/>\n\t<meta property=\"og:image:width\" content=\"900\" \/>\n\t<meta property=\"og:image:height\" content=\"556\" \/>\n\t<meta property=\"og:image:type\" content=\"image\/jpeg\" \/>\n<meta name=\"author\" content=\"Web del Maestro CMF\" \/>\n<meta name=\"twitter:card\" content=\"summary_large_image\" \/>\n<meta name=\"twitter:creator\" content=\"@cmf_w\" \/>\n<meta name=\"twitter:site\" content=\"@cmf_w\" \/>\n<script type=\"application\/ld+json\" class=\"yoast-schema-graph\">{\"@context\":\"https:\\\/\\\/schema.org\",\"@graph\":[{\"@type\":\"ScholarlyArticle\",\"@id\":\"https:\\\/\\\/webdelmaestrocmf.com\\\/portal\\\/calendario-escolar-2022-2023-sep-cuales-son-los-cambios-y-como-quedaron-las-nuevas-fechas\\\/#article\",\"isPartOf\":{\"@id\":\"https:\\\/\\\/webdelmaestrocmf.com\\\/portal\\\/calendario-escolar-2022-2023-sep-cuales-son-los-cambios-y-como-quedaron-las-nuevas-fechas\\\/\"},\"author\":{\"name\":\"Web del Maestro CMF\",\"@id\":\"https:\\\/\\\/webdelmaestrocmf.com\\\/portal\\\/#\\\/schema\\\/person\\\/1072a2ed7bd960df8ef99a551fa35dc5\"},\"headline\":\"Calendario escolar 2022-2023 SEP: \u00bfCu\u00e1les son los cambios y c\u00f3mo quedaron las nuevas fechas?\",\"datePublished\":\"2023-04-12T23:13:43+00:00\",\"dateModified\":\"2023-04-13T14:05:46+00:00\",\"mainEntityOfPage\":{\"@id\":\"https:\\\/\\\/webdelmaestrocmf.com\\\/portal\\\/calendario-escolar-2022-2023-sep-cuales-son-los-cambios-y-como-quedaron-las-nuevas-fechas\\\/\"},\"wordCount\":1567,\"commentCount\":1,\"publisher\":{\"@id\":\"https:\\\/\\\/webdelmaestrocmf.com\\\/portal\\\/#organization\"},\"image\":{\"@id\":\"https:\\\/\\\/webdelmaestrocmf.com\\\/portal\\\/calendario-escolar-2022-2023-sep-cuales-son-los-cambios-y-como-quedaron-las-nuevas-fechas\\\/#primaryimage\"},\"thumbnailUrl\":\"https:\\\/\\\/webdelmaestrocmf.com\\\/portal\\\/wp-content\\\/uploads\\\/2023\\\/04\\\/A12B3C4D-1-3.jpg\",\"keywords\":[\"2022-2023\",\"Calendario\",\"CAMBIOS\",\"ESCOLAR\",\"fechas\",\"NUEVAS\",\"quedaron\",\"SEP\"],\"articleSection\":[\"Calendario\",\"Recursos\"],\"inLanguage\":\"es\",\"potentialAction\":[{\"@type\":\"CommentAction\",\"name\":\"Comment\",\"target\":[\"https:\\\/\\\/webdelmaestrocmf.com\\\/portal\\\/calendario-escolar-2022-2023-sep-cuales-son-los-cambios-y-como-quedaron-las-nuevas-fechas\\\/#respond\"]}]},{\"@type\":\"WebPage\",\"@id\":\"https:\\\/\\\/webdelmaestrocmf.com\\\/portal\\\/calendario-escolar-2022-2023-sep-cuales-son-los-cambios-y-como-quedaron-las-nuevas-fechas\\\/\",\"url\":\"https:\\\/\\\/webdelmaestrocmf.com\\\/portal\\\/calendario-escolar-2022-2023-sep-cuales-son-los-cambios-y-como-quedaron-las-nuevas-fechas\\\/\",\"name\":\"Calendario escolar 2022-2023 SEP: \u00bfCu\u00e1les son los cambios y c\u00f3mo quedaron las nuevas fechas? - 2026\",\"isPartOf\":{\"@id\":\"https:\\\/\\\/webdelmaestrocmf.com\\\/portal\\\/#website\"},\"primaryImageOfPage\":{\"@id\":\"https:\\\/\\\/webdelmaestrocmf.com\\\/portal\\\/calendario-escolar-2022-2023-sep-cuales-son-los-cambios-y-como-quedaron-las-nuevas-fechas\\\/#primaryimage\"},\"image\":{\"@id\":\"https:\\\/\\\/webdelmaestrocmf.com\\\/portal\\\/calendario-escolar-2022-2023-sep-cuales-son-los-cambios-y-como-quedaron-las-nuevas-fechas\\\/#primaryimage\"},\"thumbnailUrl\":\"https:\\\/\\\/webdelmaestrocmf.com\\\/portal\\\/wp-content\\\/uploads\\\/2023\\\/04\\\/A12B3C4D-1-3.jpg\",\"datePublished\":\"2023-04-12T23:13:43+00:00\",\"dateModified\":\"2023-04-13T14:05:46+00:00\",\"description\":\"Conoce los d\u00edas d\u00edas festivos, puentes, feriados y vacaciones del mes de abril del 2023 para los estudiantes de la SEP.\",\"breadcrumb\":{\"@id\":\"https:\\\/\\\/webdelmaestrocmf.com\\\/portal\\\/calendario-escolar-2022-2023-sep-cuales-son-los-cambios-y-como-quedaron-las-nuevas-fechas\\\/#breadcrumb\"},\"inLanguage\":\"es\",\"potentialAction\":[{\"@type\":\"ReadAction\",\"target\":[\"https:\\\/\\\/webdelmaestrocmf.com\\\/portal\\\/calendario-escolar-2022-2023-sep-cuales-son-los-cambios-y-como-quedaron-las-nuevas-fechas\\\/\"]}]},{\"@type\":\"ImageObject\",\"inLanguage\":\"es\",\"@id\":\"https:\\\/\\\/webdelmaestrocmf.com\\\/portal\\\/calendario-escolar-2022-2023-sep-cuales-son-los-cambios-y-como-quedaron-las-nuevas-fechas\\\/#primaryimage\",\"url\":\"https:\\\/\\\/webdelmaestrocmf.com\\\/portal\\\/wp-content\\\/uploads\\\/2023\\\/04\\\/A12B3C4D-1-3.jpg\",\"contentUrl\":\"https:\\\/\\\/webdelmaestrocmf.com\\\/portal\\\/wp-content\\\/uploads\\\/2023\\\/04\\\/A12B3C4D-1-3.jpg\",\"width\":900,\"height\":556},{\"@type\":\"BreadcrumbList\",\"@id\":\"https:\\\/\\\/webdelmaestrocmf.com\\\/portal\\\/calendario-escolar-2022-2023-sep-cuales-son-los-cambios-y-como-quedaron-las-nuevas-fechas\\\/#breadcrumb\",\"itemListElement\":[{\"@type\":\"ListItem\",\"position\":1,\"name\":\"Portada\",\"item\":\"https:\\\/\\\/webdelmaestrocmf.com\\\/portal\\\/\"},{\"@type\":\"ListItem\",\"position\":2,\"name\":\"Recursos\",\"item\":\"https:\\\/\\\/webdelmaestrocmf.com\\\/portal\\\/category\\\/pedagogia\\\/\"},{\"@type\":\"ListItem\",\"position\":3,\"name\":\"Calendario escolar 2022-2023 SEP: \u00bfCu\u00e1les son los cambios y c\u00f3mo quedaron las nuevas fechas?\"}]},{\"@type\":\"WebSite\",\"@id\":\"https:\\\/\\\/webdelmaestrocmf.com\\\/portal\\\/#website\",\"url\":\"https:\\\/\\\/webdelmaestrocmf.com\\\/portal\\\/\",\"name\":\"Web del Maestro CMF\",\"description\":\"Maestros al servicio de la educaci\u00f3n\",\"publisher\":{\"@id\":\"https:\\\/\\\/webdelmaestrocmf.com\\\/portal\\\/#organization\"},\"alternateName\":\"WMCMF\",\"potentialAction\":[{\"@type\":\"SearchAction\",\"target\":{\"@type\":\"EntryPoint\",\"urlTemplate\":\"https:\\\/\\\/webdelmaestrocmf.com\\\/portal\\\/?s={search_term_string}\"},\"query-input\":{\"@type\":\"PropertyValueSpecification\",\"valueRequired\":true,\"valueName\":\"search_term_string\"}}],\"inLanguage\":\"es\"},{\"@type\":\"Organization\",\"@id\":\"https:\\\/\\\/webdelmaestrocmf.com\\\/portal\\\/#organization\",\"name\":\"Web del Maestro CMF\",\"alternateName\":\"WMCMF\",\"url\":\"https:\\\/\\\/webdelmaestrocmf.com\\\/portal\\\/\",\"logo\":{\"@type\":\"ImageObject\",\"inLanguage\":\"es\",\"@id\":\"https:\\\/\\\/webdelmaestrocmf.com\\\/portal\\\/#\\\/schema\\\/logo\\\/image\\\/\",\"url\":\"https:\\\/\\\/webdelmaestrocmf.com\\\/portal\\\/wp-content\\\/uploads\\\/2023\\\/01\\\/logo-wmcmf-2.png\",\"contentUrl\":\"https:\\\/\\\/webdelmaestrocmf.com\\\/portal\\\/wp-content\\\/uploads\\\/2023\\\/01\\\/logo-wmcmf-2.png\",\"width\":200,\"height\":60,\"caption\":\"Web del Maestro CMF\"},\"image\":{\"@id\":\"https:\\\/\\\/webdelmaestrocmf.com\\\/portal\\\/#\\\/schema\\\/logo\\\/image\\\/\"},\"sameAs\":[\"https:\\\/\\\/www.facebook.com\\\/WebdelMaestroCMF\\\/\",\"https:\\\/\\\/x.com\\\/cmf_w\",\"https:\\\/\\\/www.pinterest.com\\\/WMCMF\\\/\",\"https:\\\/\\\/www.linkedin.com\\\/company\\\/web-del-maestro-cmf\\\/\",\"https:\\\/\\\/www.instagram.com\\\/wmcmf\\\/\",\"https:\\\/\\\/www.youtube.com\\\/channel\\\/UCDPSvjbdodE5sHnC3OxutHw\",\"https:\\\/\\\/mastodon.social\\\/@wmcmf\",\"https:\\\/\\\/www.tiktok.com\\\/@webdelmaestrocmf\"]},{\"@type\":\"Person\",\"@id\":\"https:\\\/\\\/webdelmaestrocmf.com\\\/portal\\\/#\\\/schema\\\/person\\\/1072a2ed7bd960df8ef99a551fa35dc5\",\"name\":\"Web del Maestro CMF\",\"image\":{\"@type\":\"ImageObject\",\"inLanguage\":\"es\",\"@id\":\"https:\\\/\\\/secure.gravatar.com\\\/avatar\\\/23291dd5b5ae1077dcff3dbb04c3e02bd28403fa75af6d8787d5e97c5bbbe30b?s=96&d=mm&r=g\",\"url\":\"https:\\\/\\\/secure.gravatar.com\\\/avatar\\\/23291dd5b5ae1077dcff3dbb04c3e02bd28403fa75af6d8787d5e97c5bbbe30b?s=96&d=mm&r=g\",\"contentUrl\":\"https:\\\/\\\/secure.gravatar.com\\\/avatar\\\/23291dd5b5ae1077dcff3dbb04c3e02bd28403fa75af6d8787d5e97c5bbbe30b?s=96&d=mm&r=g\",\"caption\":\"Web del Maestro CMF\"},\"description\":\"Esta Web se cre\u00f3 sin fines de lucro, con fines educativos, cient\u00edficos y acad\u00e9micos, para personas que tengan dificultades y\\\/o inconvenientes en visualizar el material original. El objetivo es entregar recursos, compartir experiencias y materiales que ayuden a los padres de familia, maestros y estudiantes en su actualizaci\u00f3n y formaci\u00f3n permanente, en bien de la Educaci\u00f3n.\",\"sameAs\":[\"http:\\\/\\\/webdelmaestrocmf.com\\\/portal\",\"https:\\\/\\\/www.facebook.com\\\/WebdelMaestroCMF\\\/\",\"https:\\\/\\\/www.instagram.com\\\/wmcmf\\\/\",\"https:\\\/\\\/cl.linkedin.com\\\/company\\\/web-del-maestro-cmf\",\"https:\\\/\\\/www.pinterest.com\\\/WMCMF\\\/publicaciones\\\/\",\"https:\\\/\\\/x.com\\\/cmf_w\",\"https:\\\/\\\/www.youtube.com\\\/@WMCMF\"]}]}<\/script>\n<!-- \/ Yoast SEO plugin. -->","yoast_head_json":{"title":"Calendario escolar 2022-2023 SEP: \u00bfCu\u00e1les son los cambios y c\u00f3mo quedaron las nuevas fechas? - 2026","description":"Conoce los d\u00edas d\u00edas festivos, puentes, feriados y vacaciones del mes de abril del 2023 para los estudiantes de la SEP.","robots":{"index":"index","follow":"follow","max-snippet":"max-snippet:-1","max-image-preview":"max-image-preview:large","max-video-preview":"max-video-preview:-1"},"canonical":"https:\/\/webdelmaestrocmf.com\/portal\/calendario-escolar-2022-2023-sep-cuales-son-los-cambios-y-como-quedaron-las-nuevas-fechas\/","og_locale":"es_ES","og_type":"article","og_title":"Calendario escolar 2022-2023 SEP: \u00bfCu\u00e1les son los cambios y c\u00f3mo quedaron las nuevas fechas? - 2026","og_description":"Conoce los d\u00edas d\u00edas festivos, puentes, feriados y vacaciones del mes de abril del 2023 para los estudiantes de la SEP.","og_url":"https:\/\/webdelmaestrocmf.com\/portal\/calendario-escolar-2022-2023-sep-cuales-son-los-cambios-y-como-quedaron-las-nuevas-fechas\/","og_site_name":"Web del Maestro CMF","article_publisher":"https:\/\/www.facebook.com\/WebdelMaestroCMF\/","article_author":"https:\/\/www.facebook.com\/WebdelMaestroCMF\/","article_published_time":"2023-04-12T23:13:43+00:00","article_modified_time":"2023-04-13T14:05:46+00:00","og_image":[{"width":900,"height":556,"url":"https:\/\/i0.wp.com\/webdelmaestrocmf.com\/portal\/wp-content\/uploads\/2023\/04\/A12B3C4D-1-3.jpg?fit=900%2C556&ssl=1","type":"image\/jpeg"}],"author":"Web del Maestro CMF","twitter_card":"summary_large_image","twitter_creator":"@cmf_w","twitter_site":"@cmf_w","schema":{"@context":"https:\/\/schema.org","@graph":[{"@type":"ScholarlyArticle","@id":"https:\/\/webdelmaestrocmf.com\/portal\/calendario-escolar-2022-2023-sep-cuales-son-los-cambios-y-como-quedaron-las-nuevas-fechas\/#article","isPartOf":{"@id":"https:\/\/webdelmaestrocmf.com\/portal\/calendario-escolar-2022-2023-sep-cuales-son-los-cambios-y-como-quedaron-las-nuevas-fechas\/"},"author":{"name":"Web del Maestro CMF","@id":"https:\/\/webdelmaestrocmf.com\/portal\/#\/schema\/person\/1072a2ed7bd960df8ef99a551fa35dc5"},"headline":"Calendario escolar 2022-2023 SEP: \u00bfCu\u00e1les son los cambios y c\u00f3mo quedaron las nuevas fechas?","datePublished":"2023-04-12T23:13:43+00:00","dateModified":"2023-04-13T14:05:46+00:00","mainEntityOfPage":{"@id":"https:\/\/webdelmaestrocmf.com\/portal\/calendario-escolar-2022-2023-sep-cuales-son-los-cambios-y-como-quedaron-las-nuevas-fechas\/"},"wordCount":1567,"commentCount":1,"publisher":{"@id":"https:\/\/webdelmaestrocmf.com\/portal\/#organization"},"image":{"@id":"https:\/\/webdelmaestrocmf.com\/portal\/calendario-escolar-2022-2023-sep-cuales-son-los-cambios-y-como-quedaron-las-nuevas-fechas\/#primaryimage"},"thumbnailUrl":"https:\/\/webdelmaestrocmf.com\/portal\/wp-content\/uploads\/2023\/04\/A12B3C4D-1-3.jpg","keywords":["2022-2023","Calendario","CAMBIOS","ESCOLAR","fechas","NUEVAS","quedaron","SEP"],"articleSection":["Calendario","Recursos"],"inLanguage":"es","potentialAction":[{"@type":"CommentAction","name":"Comment","target":["https:\/\/webdelmaestrocmf.com\/portal\/calendario-escolar-2022-2023-sep-cuales-son-los-cambios-y-como-quedaron-las-nuevas-fechas\/#respond"]}]},{"@type":"WebPage","@id":"https:\/\/webdelmaestrocmf.com\/portal\/calendario-escolar-2022-2023-sep-cuales-son-los-cambios-y-como-quedaron-las-nuevas-fechas\/","url":"https:\/\/webdelmaestrocmf.com\/portal\/calendario-escolar-2022-2023-sep-cuales-son-los-cambios-y-como-quedaron-las-nuevas-fechas\/","name":"Calendario escolar 2022-2023 SEP: \u00bfCu\u00e1les son los cambios y c\u00f3mo quedaron las nuevas fechas? - 2026","isPartOf":{"@id":"https:\/\/webdelmaestrocmf.com\/portal\/#website"},"primaryImageOfPage":{"@id":"https:\/\/webdelmaestrocmf.com\/portal\/calendario-escolar-2022-2023-sep-cuales-son-los-cambios-y-como-quedaron-las-nuevas-fechas\/#primaryimage"},"image":{"@id":"https:\/\/webdelmaestrocmf.com\/portal\/calendario-escolar-2022-2023-sep-cuales-son-los-cambios-y-como-quedaron-las-nuevas-fechas\/#primaryimage"},"thumbnailUrl":"https:\/\/webdelmaestrocmf.com\/portal\/wp-content\/uploads\/2023\/04\/A12B3C4D-1-3.jpg","datePublished":"2023-04-12T23:13:43+00:00","dateModified":"2023-04-13T14:05:46+00:00","description":"Conoce los d\u00edas d\u00edas festivos, puentes, feriados y vacaciones del mes de abril del 2023 para los estudiantes de la SEP.","breadcrumb":{"@id":"https:\/\/webdelmaestrocmf.com\/portal\/calendario-escolar-2022-2023-sep-cuales-son-los-cambios-y-como-quedaron-las-nuevas-fechas\/#breadcrumb"},"inLanguage":"es","potentialAction":[{"@type":"ReadAction","target":["https:\/\/webdelmaestrocmf.com\/portal\/calendario-escolar-2022-2023-sep-cuales-son-los-cambios-y-como-quedaron-las-nuevas-fechas\/"]}]},{"@type":"ImageObject","inLanguage":"es","@id":"https:\/\/webdelmaestrocmf.com\/portal\/calendario-escolar-2022-2023-sep-cuales-son-los-cambios-y-como-quedaron-las-nuevas-fechas\/#primaryimage","url":"https:\/\/webdelmaestrocmf.com\/portal\/wp-content\/uploads\/2023\/04\/A12B3C4D-1-3.jpg","contentUrl":"https:\/\/webdelmaestrocmf.com\/portal\/wp-content\/uploads\/2023\/04\/A12B3C4D-1-3.jpg","width":900,"height":556},{"@type":"BreadcrumbList","@id":"https:\/\/webdelmaestrocmf.com\/portal\/calendario-escolar-2022-2023-sep-cuales-son-los-cambios-y-como-quedaron-las-nuevas-fechas\/#breadcrumb","itemListElement":[{"@type":"ListItem","position":1,"name":"Portada","item":"https:\/\/webdelmaestrocmf.com\/portal\/"},{"@type":"ListItem","position":2,"name":"Recursos","item":"https:\/\/webdelmaestrocmf.com\/portal\/category\/pedagogia\/"},{"@type":"ListItem","position":3,"name":"Calendario escolar 2022-2023 SEP: \u00bfCu\u00e1les son los cambios y c\u00f3mo quedaron las nuevas fechas?"}]},{"@type":"WebSite","@id":"https:\/\/webdelmaestrocmf.com\/portal\/#website","url":"https:\/\/webdelmaestrocmf.com\/portal\/","name":"Web del Maestro CMF","description":"Maestros al servicio de la educaci\u00f3n","publisher":{"@id":"https:\/\/webdelmaestrocmf.com\/portal\/#organization"},"alternateName":"WMCMF","potentialAction":[{"@type":"SearchAction","target":{"@type":"EntryPoint","urlTemplate":"https:\/\/webdelmaestrocmf.com\/portal\/?s={search_term_string}"},"query-input":{"@type":"PropertyValueSpecification","valueRequired":true,"valueName":"search_term_string"}}],"inLanguage":"es"},{"@type":"Organization","@id":"https:\/\/webdelmaestrocmf.com\/portal\/#organization","name":"Web del Maestro CMF","alternateName":"WMCMF","url":"https:\/\/webdelmaestrocmf.com\/portal\/","logo":{"@type":"ImageObject","inLanguage":"es","@id":"https:\/\/webdelmaestrocmf.com\/portal\/#\/schema\/logo\/image\/","url":"https:\/\/webdelmaestrocmf.com\/portal\/wp-content\/uploads\/2023\/01\/logo-wmcmf-2.png","contentUrl":"https:\/\/webdelmaestrocmf.com\/portal\/wp-content\/uploads\/2023\/01\/logo-wmcmf-2.png","width":200,"height":60,"caption":"Web del Maestro CMF"},"image":{"@id":"https:\/\/webdelmaestrocmf.com\/portal\/#\/schema\/logo\/image\/"},"sameAs":["https:\/\/www.facebook.com\/WebdelMaestroCMF\/","https:\/\/x.com\/cmf_w","https:\/\/www.pinterest.com\/WMCMF\/","https:\/\/www.linkedin.com\/company\/web-del-maestro-cmf\/","https:\/\/www.instagram.com\/wmcmf\/","https:\/\/www.youtube.com\/channel\/UCDPSvjbdodE5sHnC3OxutHw","https:\/\/mastodon.social\/@wmcmf","https:\/\/www.tiktok.com\/@webdelmaestrocmf"]},{"@type":"Person","@id":"https:\/\/webdelmaestrocmf.com\/portal\/#\/schema\/person\/1072a2ed7bd960df8ef99a551fa35dc5","name":"Web del Maestro CMF","image":{"@type":"ImageObject","inLanguage":"es","@id":"https:\/\/secure.gravatar.com\/avatar\/23291dd5b5ae1077dcff3dbb04c3e02bd28403fa75af6d8787d5e97c5bbbe30b?s=96&d=mm&r=g","url":"https:\/\/secure.gravatar.com\/avatar\/23291dd5b5ae1077dcff3dbb04c3e02bd28403fa75af6d8787d5e97c5bbbe30b?s=96&d=mm&r=g","contentUrl":"https:\/\/secure.gravatar.com\/avatar\/23291dd5b5ae1077dcff3dbb04c3e02bd28403fa75af6d8787d5e97c5bbbe30b?s=96&d=mm&r=g","caption":"Web del Maestro CMF"},"description":"Esta Web se cre\u00f3 sin fines de lucro, con fines educativos, cient\u00edficos y acad\u00e9micos, para personas que tengan dificultades y\/o inconvenientes en visualizar el material original. El objetivo es entregar recursos, compartir experiencias y materiales que ayuden a los padres de familia, maestros y estudiantes en su actualizaci\u00f3n y formaci\u00f3n permanente, en bien de la Educaci\u00f3n.","sameAs":["http:\/\/webdelmaestrocmf.com\/portal","https:\/\/www.facebook.com\/WebdelMaestroCMF\/","https:\/\/www.instagram.com\/wmcmf\/","https:\/\/cl.linkedin.com\/company\/web-del-maestro-cmf","https:\/\/www.pinterest.com\/WMCMF\/publicaciones\/","https:\/\/x.com\/cmf_w","https:\/\/www.youtube.com\/@WMCMF"]}]}},"jetpack_featured_media_url":"https:\/\/webdelmaestrocmf.com\/portal\/wp-content\/uploads\/2023\/04\/A12B3C4D-1-3.jpg","jetpack_sharing_enabled":true,"jetpack-related-posts":[{"id":109097,"url":"https:\/\/webdelmaestrocmf.com\/portal\/sep-confirma-cambios-en-calendario-escolar-2025-2026-asi-quedan-las-clases-para-primaria-y-secundaria\/","url_meta":{"origin":87249,"position":0},"title":"SEP confirma cambios en calendario escolar 2025- 2026; as\u00ed quedan las clases para primaria y secundaria","author":"Web del Maestro CMF","date":"1 junio, 2025","format":false,"excerpt":"El calendario escolar 2025-2026 de la Secretar\u00eda de Educaci\u00f3n P\u00fablica (SEP) traer\u00e1 ajustes importantes para estudiantes, docentes y familias de todo el pa\u00eds. Entre las principales novedades, destaca la incorporaci\u00f3n de una semana adicional de vacaciones. Estos son los principales cambios confirmados: La SEP present\u00f3 el anteproyecto del nuevo calendario\u2026","rel":"","context":"En \u00abCalendario\u00bb","block_context":{"text":"Calendario","link":"https:\/\/webdelmaestrocmf.com\/portal\/category\/pedagogia\/calendario\/"},"img":{"alt_text":"","src":"https:\/\/i0.wp.com\/webdelmaestrocmf.com\/portal\/wp-content\/uploads\/2025\/06\/1A-Banner-1-portada-imagen-10-1-1.jpg?resize=350%2C200&ssl=1","width":350,"height":200,"srcset":"https:\/\/i0.wp.com\/webdelmaestrocmf.com\/portal\/wp-content\/uploads\/2025\/06\/1A-Banner-1-portada-imagen-10-1-1.jpg?resize=350%2C200&ssl=1 1x, https:\/\/i0.wp.com\/webdelmaestrocmf.com\/portal\/wp-content\/uploads\/2025\/06\/1A-Banner-1-portada-imagen-10-1-1.jpg?resize=525%2C300&ssl=1 1.5x, https:\/\/i0.wp.com\/webdelmaestrocmf.com\/portal\/wp-content\/uploads\/2025\/06\/1A-Banner-1-portada-imagen-10-1-1.jpg?resize=700%2C400&ssl=1 2x"},"classes":[]},{"id":79004,"url":"https:\/\/webdelmaestrocmf.com\/portal\/guias-para-la-fase-intensiva-de-consejo-tecnico-escolar-ciclo-escolar-2022-2023\/","url_meta":{"origin":87249,"position":1},"title":"Gu\u00edas para la Fase intensiva de Consejo T\u00e9cnico Escolar ciclo escolar 2022-2023","author":"Web del Maestro CMF","date":"1 agosto, 2022","format":false,"excerpt":"A\u00fan no comienzan las vacaciones para muchos y ya comienzan los pendientes de trabajo para este ciclo escolar 2022-2023. Y que con la entrada de los nuevos programas de estudio la prioridad de la SEP es que los docentes de M\u00e9xico se vayan familiarizando con estos planes de estudio. Es\u2026","rel":"","context":"En \u00abDescargas Manuales PDF\u00bb","block_context":{"text":"Descargas Manuales PDF","link":"https:\/\/webdelmaestrocmf.com\/portal\/category\/pedagogia\/descargas-manuales-pdf\/"},"img":{"alt_text":"","src":"https:\/\/i0.wp.com\/webdelmaestrocmf.com\/portal\/wp-content\/uploads\/2022\/08\/1-2.jpg?resize=350%2C200&ssl=1","width":350,"height":200,"srcset":"https:\/\/i0.wp.com\/webdelmaestrocmf.com\/portal\/wp-content\/uploads\/2022\/08\/1-2.jpg?resize=350%2C200&ssl=1 1x, https:\/\/i0.wp.com\/webdelmaestrocmf.com\/portal\/wp-content\/uploads\/2022\/08\/1-2.jpg?resize=525%2C300&ssl=1 1.5x, https:\/\/i0.wp.com\/webdelmaestrocmf.com\/portal\/wp-content\/uploads\/2022\/08\/1-2.jpg?resize=700%2C400&ssl=1 2x"},"classes":[]},{"id":114761,"url":"https:\/\/webdelmaestrocmf.com\/portal\/descarga-el-calendario-escolar-sep-2025-2026-una-herramienta-clave-para-la-organizacion-docente-y-escolar\/","url_meta":{"origin":87249,"position":2},"title":"Descarga el Calendario Escolar SEP 2025-2026: una herramienta clave para la organizaci\u00f3n docente y escolar","author":"Web del Maestro CMF","date":"14 enero, 2026","format":false,"excerpt":"Herramienta editable y gratuita que organiza fechas clave, reduce carga docente y facilita una planificaci\u00f3n escolar clara y eficiente oficial.","rel":"","context":"En \u00abCalendario\u00bb","block_context":{"text":"Calendario","link":"https:\/\/webdelmaestrocmf.com\/portal\/category\/pedagogia\/calendario\/"},"img":{"alt_text":"","src":"https:\/\/i0.wp.com\/webdelmaestrocmf.com\/portal\/wp-content\/uploads\/2026\/01\/1A-Banner-1-portada-imagen-10-1-copia-1.jpg?resize=350%2C200&ssl=1","width":350,"height":200,"srcset":"https:\/\/i0.wp.com\/webdelmaestrocmf.com\/portal\/wp-content\/uploads\/2026\/01\/1A-Banner-1-portada-imagen-10-1-copia-1.jpg?resize=350%2C200&ssl=1 1x, https:\/\/i0.wp.com\/webdelmaestrocmf.com\/portal\/wp-content\/uploads\/2026\/01\/1A-Banner-1-portada-imagen-10-1-copia-1.jpg?resize=525%2C300&ssl=1 1.5x, https:\/\/i0.wp.com\/webdelmaestrocmf.com\/portal\/wp-content\/uploads\/2026\/01\/1A-Banner-1-portada-imagen-10-1-copia-1.jpg?resize=700%2C400&ssl=1 2x"},"classes":[]},{"id":105974,"url":"https:\/\/webdelmaestrocmf.com\/portal\/calendario-escolar-oficial-del-ciclo-escolar-2024-2025\/","url_meta":{"origin":87249,"position":3},"title":"Calendario escolar oficial del ciclo escolar 2024 \u2013 2025","author":"Web del Maestro CMF","date":"11 junio, 2024","format":false,"excerpt":"Es un placer para nosotros compartir con todos ustedes el Calendario Escolar Oficial del Ciclo Escolar 2024 \u2013 2025, el cual ha sido publicado en el Diario Oficial de la Federaci\u00f3n (DOF). Este calendario es fundamental para la organizaci\u00f3n y planificaci\u00f3n de nuestras actividades educativas durante el pr\u00f3ximo a\u00f1o escolar.\u2026","rel":"","context":"En \u00abCalendario\u00bb","block_context":{"text":"Calendario","link":"https:\/\/webdelmaestrocmf.com\/portal\/category\/pedagogia\/calendario\/"},"img":{"alt_text":"","src":"https:\/\/i0.wp.com\/webdelmaestrocmf.com\/portal\/wp-content\/uploads\/2024\/06\/Banner-1-portada-imagen-10-1-2024-06-11T114426.418.jpg?resize=350%2C200&ssl=1","width":350,"height":200,"srcset":"https:\/\/i0.wp.com\/webdelmaestrocmf.com\/portal\/wp-content\/uploads\/2024\/06\/Banner-1-portada-imagen-10-1-2024-06-11T114426.418.jpg?resize=350%2C200&ssl=1 1x, https:\/\/i0.wp.com\/webdelmaestrocmf.com\/portal\/wp-content\/uploads\/2024\/06\/Banner-1-portada-imagen-10-1-2024-06-11T114426.418.jpg?resize=525%2C300&ssl=1 1.5x, https:\/\/i0.wp.com\/webdelmaestrocmf.com\/portal\/wp-content\/uploads\/2024\/06\/Banner-1-portada-imagen-10-1-2024-06-11T114426.418.jpg?resize=700%2C400&ssl=1 2x"},"classes":[]},{"id":92457,"url":"https:\/\/webdelmaestrocmf.com\/portal\/agenda-escolar-2023-2024-para-maestros-calendario-escolar-sep-horario-periodico-mural-cumpleanos-eventos-escolares-etc\/","url_meta":{"origin":87249,"position":4},"title":"Agenda escolar 2023-2024 para Docentes: Calendario Escolar SEP, horarios, etc","author":"Web del Maestro CMF","date":"16 agosto, 2023","format":false,"excerpt":"En el complejo y din\u00e1mico entorno educativo, la labor de un maestro va m\u00e1s all\u00e1 de la simple transmisi\u00f3n de conocimientos. La planificaci\u00f3n, la comunicaci\u00f3n efectiva y la gesti\u00f3n eficiente del tiempo son componentes esenciales para ofrecer una educaci\u00f3n de calidad. En este contexto, las agendas escolares para maestros emergen\u2026","rel":"","context":"En \u00abAgenda\u00bb","block_context":{"text":"Agenda","link":"https:\/\/webdelmaestrocmf.com\/portal\/category\/pedagogia\/agenda\/"},"img":{"alt_text":"","src":"https:\/\/i0.wp.com\/webdelmaestrocmf.com\/portal\/wp-content\/uploads\/2023\/08\/A12B3C4D-12.jpg?resize=350%2C200&ssl=1","width":350,"height":200,"srcset":"https:\/\/i0.wp.com\/webdelmaestrocmf.com\/portal\/wp-content\/uploads\/2023\/08\/A12B3C4D-12.jpg?resize=350%2C200&ssl=1 1x, https:\/\/i0.wp.com\/webdelmaestrocmf.com\/portal\/wp-content\/uploads\/2023\/08\/A12B3C4D-12.jpg?resize=525%2C300&ssl=1 1.5x, https:\/\/i0.wp.com\/webdelmaestrocmf.com\/portal\/wp-content\/uploads\/2023\/08\/A12B3C4D-12.jpg?resize=700%2C400&ssl=1 2x"},"classes":[]},{"id":91297,"url":"https:\/\/webdelmaestrocmf.com\/portal\/nueva-agenda-escolar-para-docentes-2023-2024\/","url_meta":{"origin":87249,"position":5},"title":"Nueva agenda escolar para docentes 2023 &#8211; 2024","author":"Web del Maestro CMF","date":"3 agosto, 2023","format":false,"excerpt":"\u00a1Bienvenidos a la Agenda Escolar 2023 - 2024 para docentes! En este a\u00f1o acad\u00e9mico, nos embarcamos en un emocionante viaje educativo, donde la planificaci\u00f3n y organizaci\u00f3n son clave para el \u00e9xito en el aula. La Agenda Escolar es una herramienta fundamental que acompa\u00f1ar\u00e1 a nuestros docentes en su labor pedag\u00f3gica,\u2026","rel":"","context":"En \u00abAgenda\u00bb","block_context":{"text":"Agenda","link":"https:\/\/webdelmaestrocmf.com\/portal\/category\/pedagogia\/agenda\/"},"img":{"alt_text":"","src":"https:\/\/i0.wp.com\/webdelmaestrocmf.com\/portal\/wp-content\/uploads\/2023\/08\/A12B3C4D-27.jpg?resize=350%2C200&ssl=1","width":350,"height":200,"srcset":"https:\/\/i0.wp.com\/webdelmaestrocmf.com\/portal\/wp-content\/uploads\/2023\/08\/A12B3C4D-27.jpg?resize=350%2C200&ssl=1 1x, https:\/\/i0.wp.com\/webdelmaestrocmf.com\/portal\/wp-content\/uploads\/2023\/08\/A12B3C4D-27.jpg?resize=525%2C300&ssl=1 1.5x, https:\/\/i0.wp.com\/webdelmaestrocmf.com\/portal\/wp-content\/uploads\/2023\/08\/A12B3C4D-27.jpg?resize=700%2C400&ssl=1 2x"},"classes":[]}],"_links":{"self":[{"href":"https:\/\/webdelmaestrocmf.com\/portal\/wp-json\/wp\/v2\/posts\/87249","targetHints":{"allow":["GET"]}}],"collection":[{"href":"https:\/\/webdelmaestrocmf.com\/portal\/wp-json\/wp\/v2\/posts"}],"about":[{"href":"https:\/\/webdelmaestrocmf.com\/portal\/wp-json\/wp\/v2\/types\/post"}],"author":[{"embeddable":true,"href":"https:\/\/webdelmaestrocmf.com\/portal\/wp-json\/wp\/v2\/users\/1"}],"replies":[{"embeddable":true,"href":"https:\/\/webdelmaestrocmf.com\/portal\/wp-json\/wp\/v2\/comments?post=87249"}],"version-history":[{"count":0,"href":"https:\/\/webdelmaestrocmf.com\/portal\/wp-json\/wp\/v2\/posts\/87249\/revisions"}],"wp:featuredmedia":[{"embeddable":true,"href":"https:\/\/webdelmaestrocmf.com\/portal\/wp-json\/wp\/v2\/media\/87256"}],"wp:attachment":[{"href":"https:\/\/webdelmaestrocmf.com\/portal\/wp-json\/wp\/v2\/media?parent=87249"}],"wp:term":[{"taxonomy":"category","embeddable":true,"href":"https:\/\/webdelmaestrocmf.com\/portal\/wp-json\/wp\/v2\/categories?post=87249"},{"taxonomy":"post_tag","embeddable":true,"href":"https:\/\/webdelmaestrocmf.com\/portal\/wp-json\/wp\/v2\/tags?post=87249"}],"curies":[{"name":"wp","href":"https:\/\/api.w.org\/{rel}","templated":true}]}}