{"id":86288,"date":"2024-05-05T21:00:19","date_gmt":"2024-05-06T01:00:19","guid":{"rendered":"https:\/\/webdelmaestrocmf.com\/portal\/?p=86288"},"modified":"2024-05-05T22:55:43","modified_gmt":"2024-05-06T02:55:43","slug":"inteligencias-multiples-para-el-aula-de-howard-gardner-y-thomas-armstrong","status":"publish","type":"post","link":"https:\/\/webdelmaestrocmf.com\/portal\/inteligencias-multiples-para-el-aula-de-howard-gardner-y-thomas-armstrong\/","title":{"rendered":"Inteligencias m\u00faltiples: H. Gardner, T. Armstrong y D. Goleman"},"content":{"rendered":"<p style=\"text-align: justify;\"><strong>En este art\u00edculo, exploraremos con detenimiento la teor\u00eda de las inteligencias m\u00faltiples, un resumen de su historia y las contribuciones de Howard Gardner. Tambi\u00e9n examinaremos las ocho tipos de inteligencias seg\u00fan su propuesta, su aplicaci\u00f3n en el aula, las aportaciones de otros expertos como Thomas Armstrong y Daniel Goleman, tambi\u00e9n trataremos la relaci\u00f3n de las inteligencias m\u00faltiples y el aprendizaje, compartiremos los test m\u00e1s usados sobre inteligencias m\u00faltiples. Finalmente, analizaremos las cr\u00edticas que ha suscitado esta teor\u00eda, arrojando luz sobre un tema que contin\u00faa siendo objeto de un fascinante debate en el mundo de la educaci\u00f3n.<\/strong><!--more--><\/p>\n<p style=\"text-align: justify;\">La teor\u00eda de las inteligencias m\u00faltiples, propuesta por el psic\u00f3logo estadounidense Howard Gardner, ha revolucionado nuestra comprensi\u00f3n de la inteligencia y su influencia en la educaci\u00f3n. Gardner postula que la inteligencia humana no es un atributo \u00fanico, sino una amalgama de diversas capacidades cognitivas independientes. Estas capacidades, conocidas como \u00abinteligencias\u00bb, se manifiestan de maneras diversas en las personas, otorg\u00e1ndoles la capacidad de resolver problemas, aprender y crecer en distintos aspectos de la vida.<\/p>\n<p style=\"text-align: justify;\">El impacto de la teor\u00eda de las<strong> inteligencias m\u00faltiples de Gardner<\/strong> en el campo de la educaci\u00f3n ha sido profundo. Ha generado un cambio en la forma en que los educadores abordan la ense\u00f1anza y la evaluaci\u00f3n de los estudiantes. En lugar de centrarse en un \u00fanico tipo de inteligencia, los docentes que adoptan esta teor\u00eda se esfuerzan por brindar a sus alumnos oportunidades para desarrollar todas sus inteligencias, reconociendo que cada individuo posee fortalezas y habilidades en diversas \u00e1reas.<\/p>\n<h2>Resumen hist\u00f3rico de c\u00f3mo surgieron las teor\u00edas de las inteligencias m\u00faltiples<\/h2>\n<p style=\"text-align: justify;\" data-sourcepos=\"11:1-11:349\">Las ideas sobre la inteligencia humana han ido evolucionando a lo largo de la historia. En la antig\u00fcedad, se consideraba que la inteligencia era un rasgo unitario, que se med\u00eda a trav\u00e9s de pruebas de razonamiento l\u00f3gico y matem\u00e1tico. Sin embargo, a partir del siglo XX, los psic\u00f3logos comenzaron a cuestionar esta visi\u00f3n estrecha de la inteligencia.<\/p>\n<p style=\"text-align: justify;\">La teor\u00eda de las inteligencias m\u00faltiples surgi\u00f3 en la d\u00e9cada de 1980 como una respuesta a la concepci\u00f3n tradicional de la inteligencia, que se centraba principalmente en las habilidades matem\u00e1ticas y ling\u00fc\u00edsticas. Howard Gardner, psic\u00f3logo y profesor de la Universidad de Harvard, desarroll\u00f3 esta teor\u00eda en su libro \u00abFrames of Mind\u00bb (1983), argumentando que la inteligencia no puede ser reducida a una sola capacidad, sino que existen m\u00faltiples formas de inteligencia, cada una con su propio conjunto de habilidades.<\/p>\n<p style=\"text-align: justify;\" data-sourcepos=\"13:1-13:345\">Howard Gardner public\u00f3 su <strong>libro<\/strong> <b>Frames of Mind: The Theory of Multiple Intelligences (Libro de las Teor\u00eda de las inteligencias M\u00faltiples)<\/b>, en el que propuso una nueva teor\u00eda de la inteligencia que romp\u00eda con el paradigma tradicional. Gardner sosten\u00eda que la inteligencia humana no es un rasgo unitario, sino que est\u00e1 compuesta por una variedad de capacidades cognitivas independientes.<\/p>\n<ul>\n<li data-sourcepos=\"13:1-13:345\">En el siguiente enlace, podr\u00e1 adquirir el <strong>libro<\/strong> de <a title=\"Ir a amazon\" href=\"https:\/\/www.amazon.com\/-\/es\/Howard-Gardner\/dp\/0465024335\" target=\"_blank\" rel=\"noopener\">\u00abFrames of Mind\u00bb de Howard Gardner<\/a>,<\/li>\n<li data-sourcepos=\"13:1-13:345\">En el siguiente enlace podr\u00e1 ampliar la informaci\u00f3n sobre el resumen hist\u00f3rico: <a title=\"Ir a wikipedia\" href=\"https:\/\/es.wikipedia.org\/wiki\/Teor%C3%ADa_de_las_inteligencias_m%C3%BAltiples\" target=\"_blank\" rel=\"noopener\">Inteligencias m\u00faltiples<\/a><\/li>\n<\/ul>\n<h3>\u00bfQu\u00e9 son las inteligencias m\u00faltiples?<\/h3>\n<p style=\"text-align: justify;\">Las inteligencias m\u00faltiples son un modelo que reconoce la diversidad de habilidades y capacidades humanas. Seg\u00fan Gardner, la inteligencia se manifiesta en ocho formas diferentes, que incluyen la inteligencia ling\u00fc\u00edstica, l\u00f3gico-matem\u00e1tica, espacial, musical, corporal-kinest\u00e9sica, interpersonal, intrapersonal y naturalista. Cada una de estas inteligencias representa una manera \u00fanica de entender y afrontar el mundo.<\/p>\n<h3>\u00bfQu\u00e9 propone Howard Gardner?<\/h3>\n<p style=\"text-align: justify;\">Howard Gardner propone una perspectiva revolucionaria que desaf\u00eda la idea convencional de la inteligencia \u00fanica. Su teor\u00eda sugiere que la educaci\u00f3n debe adaptarse para abordar estas diferentes inteligencias, reconociendo que los individuos pueden destacar en \u00e1reas diversas. Gardner enfatiza que las inteligencias m\u00faltiples no son simplemente talentos aislados, sino sistemas complejos de habilidades cognitivas y emocionales.<\/p>\n<p><iframe loading=\"lazy\" title=\"Inteligencias m\u00faltiples Howard Gardner\" src=\"https:\/\/drive.google.com\/file\/d\/1tf_QKJW42q4pu92cjvq9VtRpxTHH2Sep\/preview\" width=\"100%\" height=\"480\" data-mce-fragment=\"1\"><span data-mce-type=\"bookmark\" style=\"display: inline-block; width: 0px; overflow: hidden; line-height: 0;\" class=\"mce_SELRES_start\">\ufeff<\/span><span data-mce-type=\"bookmark\" style=\"display: inline-block; width: 0px; overflow: hidden; line-height: 0;\" class=\"mce_SELRES_start\">\ufeff<\/span><span data-mce-type=\"bookmark\" style=\"display: inline-block; width: 0px; overflow: hidden; line-height: 0;\" class=\"mce_SELRES_start\">\ufeff<\/span><span data-mce-type=\"bookmark\" style=\"display: inline-block; width: 0px; overflow: hidden; line-height: 0;\" class=\"mce_SELRES_start\">\ufeff<\/span><\/iframe><\/p>\n<h3>\u00bfCu\u00e1les son los ocho tipos de inteligencias m\u00faltiples?<\/h3>\n<p style=\"text-align: justify;\">Los tipos de inteligencias m\u00faltiples que propuso Howard Gardner son:<\/p>\n<ol style=\"text-align: justify;\">\n<li><strong>Inteligencia Ling\u00fc\u00edstica:<\/strong> Habilidad para usar palabras de manera efectiva, como escritores, oradores y poetas.<\/li>\n<li><strong>Inteligencia L\u00f3gico-Matem\u00e1tica:<\/strong> Capacidad para resolver problemas l\u00f3gicos y matem\u00e1ticos de manera eficiente.<\/li>\n<li><strong>Inteligencia Espacial:<\/strong> Habilidad para percibir el mundo visualmente y comprender relaciones espaciales.<\/li>\n<li><strong>Inteligencia Musical:<\/strong> Sensibilidad y capacidad para apreciar, crear y reproducir m\u00fasica.<\/li>\n<li><strong>Inteligencia Corporal-Kinest\u00e9sica:<\/strong> Habilidad en actividades f\u00edsicas y destreza en el uso del cuerpo.<\/li>\n<li><strong>Inteligencia Interpersonal:<\/strong> Habilidad para comprender y relacionarse con los dem\u00e1s.<\/li>\n<li><strong>Inteligencia Intrapersonal:<\/strong> Conciencia y comprensi\u00f3n de uno mismo, incluyendo las emociones y motivaciones personales.<\/li>\n<li><strong>Inteligencia Naturalista:<\/strong> Conexi\u00f3n con la naturaleza y capacidad para identificar y clasificar elementos naturales.<\/li>\n<\/ol>\n<ul>\n<li style=\"text-align: justify;\">Para obtener informaci\u00f3n detallada sobre cada una de las inteligencias desarrolladas, le invitamos a hacer clic en el siguiente enlace: <a title=\"Ir a WMCMF\" href=\"https:\/\/webdelmaestrocmf.com\/portal\/como-aplicar-la-teoria-de-las-inteligencias-multiples-en-el-aula\/\" target=\"_blank\" rel=\"noopener\">C\u00f3mo aplicar la teor\u00eda de las Inteligencias M\u00faltiples en el aula<\/a><\/li>\n<li>Si desea llevar a cabo actividades relacionadas con las inteligencias m\u00faltiples, le invitamos a hacerlo a trav\u00e9s del enlace proporcionado a continuaci\u00f3n: <a title=\"Ir a WMCMF\" href=\"https:\/\/webdelmaestrocmf.com\/portal\/actividades-desarrollar-las-inteligencias-multiples-aula-hogar\/\">Actividades para desarrollar las inteligencias m\u00faltiples en el aula.<\/a><\/li>\n<\/ul>\n<p><img loading=\"lazy\" decoding=\"async\" class=\"alignnone wp-image-99203 size-full\" title=\"Inteligencias m\u00faltiples\" src=\"https:\/\/webdelmaestrocmf.com\/portal\/wp-content\/uploads\/2023\/03\/AF6QYNmoW0AA4t6-11.jpg\" alt=\"Inteligencias m\u00faltiples\" width=\"800\" height=\"418\" srcset=\"https:\/\/webdelmaestrocmf.com\/portal\/wp-content\/uploads\/2023\/03\/AF6QYNmoW0AA4t6-11.jpg 800w, https:\/\/webdelmaestrocmf.com\/portal\/wp-content\/uploads\/2023\/03\/AF6QYNmoW0AA4t6-11-300x157.jpg 300w, https:\/\/webdelmaestrocmf.com\/portal\/wp-content\/uploads\/2023\/03\/AF6QYNmoW0AA4t6-11-768x401.jpg 768w, https:\/\/webdelmaestrocmf.com\/portal\/wp-content\/uploads\/2023\/03\/AF6QYNmoW0AA4t6-11-380x199.jpg 380w, https:\/\/webdelmaestrocmf.com\/portal\/wp-content\/uploads\/2023\/03\/AF6QYNmoW0AA4t6-11-550x287.jpg 550w\" sizes=\"auto, (max-width: 800px) 100vw, 800px\" \/><\/p>\n<h3>Las inteligencias m\u00faltiples y la educaci\u00f3n<\/h3>\n<p style=\"text-align: justify;\">La teor\u00eda de las inteligencias m\u00faltiples tiene un impacto significativo en la educaci\u00f3n. Al reconocer la diversidad de las inteligencias, los educadores pueden personalizar el proceso de aprendizaje para satisfacer las necesidades individuales de los estudiantes. Esto fomenta un enfoque educativo m\u00e1s inclusivo y equitativo.<\/p>\n<h3>\u00bfC\u00f3mo pueden los docentes aplicar la teor\u00eda de las inteligencias m\u00faltiples en el aula?<\/h3>\n<p style=\"text-align: justify;\">Los docentes pueden aplicar la teor\u00eda de las inteligencias m\u00faltiples de diversas maneras, como:<\/p>\n<ul style=\"text-align: justify;\">\n<li>Diversificar las actividades de aprendizaje para abordar diferentes inteligencias.<\/li>\n<li>Fomentar la colaboraci\u00f3n entre estudiantes para desarrollar la inteligencia interpersonal.<\/li>\n<li>Proporcionar oportunidades para la autoevaluaci\u00f3n y la reflexi\u00f3n (inteligencia intrapersonal).<\/li>\n<li>Integrar la m\u00fasica, el arte y la expresi\u00f3n corporal en el plan de estudios.<\/li>\n<\/ul>\n<h3 style=\"text-align: justify;\">\u00bfCu\u00e1les son las ventajas de aplicar la teor\u00eda de las inteligencias m\u00faltiples en el aula?<\/h3>\n<p style=\"text-align: justify;\">La aplicaci\u00f3n de esta teor\u00eda en la ense\u00f1anza tiene ventajas significativas, como:<\/p>\n<ul>\n<li style=\"text-align: justify;\">Mayor motivaci\u00f3n y compromiso de los estudiantes.<\/li>\n<li style=\"text-align: justify;\">Desarrollo de habilidades sociales y emocionales.<\/li>\n<li style=\"text-align: justify;\">Fomento de un ambiente de aprendizaje inclusivo.<\/li>\n<li style=\"text-align: justify;\">Reconocimiento de las habilidades individuales de los estudiantes.<\/li>\n<\/ul>\n<h3>\u00bfC\u00f3mo se manifiestan en los alumnos?<\/h3>\n<p style=\"text-align: justify;\">Las inteligencias m\u00faltiples se manifiestan de diferentes maneras en los estudiantes. Por ejemplo, un estudiante con inteligencia musical puede destacarse en la m\u00fasica, mientras que otro con inteligencia espacial puede sobresalir en matem\u00e1ticas y ciencias. Es importante observar y apoyar estas manifestaciones individuales para maximizar el potencial de cada estudiante.<\/p>\n<h3>\u00bfQui\u00e9n es Thomas Armstrong y qu\u00e9 aportaciones hizo?<\/h3>\n<p style=\"text-align: justify;\">Thomas Armstrong es un autor y educador conocido por su trabajo en la aplicaci\u00f3n de la teor\u00eda de las inteligencias m\u00faltiples en la educaci\u00f3n. Sus libros, como \u00abIn Their Own Way: Discovering and Encouraging Your Child&#8217;s Multiple Intelligences,\u00bb han ayudado a los padres y educadores a comprender y aplicar esta teor\u00eda en la crianza y la ense\u00f1anza.<\/p>\n<ul>\n<li style=\"text-align: justify;\">En el siguiente enlace, podr\u00e1 adquirir el libro de <a title=\"Ir a amazon\" href=\"https:\/\/www.amazon.com\/Their-Own-Way-Discovering-Intelligences\/dp\/1585420514\" target=\"_blank\" rel=\"noopener\">In Their Own Way\u00bb de Thomas Armstrong<\/a><\/li>\n<\/ul>\n<p><iframe loading=\"lazy\" title=\"Inteligencias m\u00faltiples\" src=\"https:\/\/drive.google.com\/file\/d\/1Ihs26TSNXVlBBBPmCCLVDYX9wwK2Aaq2\/preview\" width=\"100%\" height=\"480\" data-mce-fragment=\"1\"><span data-mce-type=\"bookmark\" style=\"display: inline-block; width: 0px; overflow: hidden; line-height: 0;\" class=\"mce_SELRES_start\">\ufeff<\/span><span data-mce-type=\"bookmark\" style=\"display: inline-block; width: 0px; overflow: hidden; line-height: 0;\" class=\"mce_SELRES_start\">\ufeff<\/span><\/iframe><\/p>\n<h3>Ejemplos de inteligencias m\u00faltiples<\/h3>\n<p style=\"text-align: justify;\">Un ejemplo de inteligencia m\u00faltiple en acci\u00f3n podr\u00eda ser un ni\u00f1o que sobresale en la m\u00fasica (inteligencia musical) y que tambi\u00e9n tiene una habilidad excepcional para comprender y relacionarse con sus compa\u00f1eros (inteligencia interpersonal). Otro ejemplo podr\u00eda ser un estudiante que demuestra una inteligencia espacial sobresaliente al visualizar y resolver problemas geom\u00e9tricos de manera creativa.<\/p>\n<h3>\u00bfQui\u00e9n es Daniel Goleman y qu\u00e9 aportaciones hizo a las inteligencias m\u00faltiples?<\/h3>\n<p style=\"text-align: justify;\" data-sourcepos=\"3:1-3:298\">Daniel Goleman es un psic\u00f3logo y escritor estadounidense, conocido por su trabajo en inteligencia emocional. En su libro \u00abInteligencia Emocional\u00bb (1995), Goleman define la inteligencia emocional como \u00abla capacidad para reconocer, comprender y manejar nuestras propias emociones y las de los dem\u00e1s\u00bb.<\/p>\n<p style=\"text-align: justify;\" data-sourcepos=\"5:1-5:326\">Goleman sostiene que la inteligencia emocional es tan importante como la inteligencia cognitiva para el \u00e9xito en la vida. Las personas con una alta inteligencia emocional son m\u00e1s capaces de controlar sus emociones, motivarse a s\u00ed mismas, establecer y mantener relaciones positivas, y resolver conflictos de forma constructiva.<\/p>\n<h4 style=\"padding-left: 40px; text-align: justify;\" data-sourcepos=\"7:1-7:57\"><strong>Aportaciones de Goleman a las inteligencias m\u00faltiples<\/strong><\/h4>\n<p style=\"padding-left: 40px; text-align: justify;\" data-sourcepos=\"9:1-9:76\">Goleman ha hecho dos aportaciones importantes a las inteligencias m\u00faltiples:<\/p>\n<ul>\n<li style=\"list-style-type: none;\">\n<ul data-sourcepos=\"11:1-13:0\">\n<li data-sourcepos=\"11:1-11:235\"><strong>Ha resaltado la importancia de la inteligencia emocional en el desarrollo humano.<\/strong>\u00a0La teor\u00eda de las inteligencias m\u00faltiples reconoce la importancia de las habilidades emocionales, pero Goleman ha enfatizado a\u00fan m\u00e1s su importancia.<\/li>\n<li data-sourcepos=\"12:1-13:0\"><strong>Ha propuesto que la inteligencia emocional es una inteligencia independiente.<\/strong>\u00a0Gardner originalmente incluy\u00f3 la inteligencia interpersonal y la intrapersonal como partes de la inteligencia intrapersonal. Goleman, sin embargo, sostiene que la inteligencia emocional es una inteligencia independiente, con sus propias fortalezas y debilidades.<\/li>\n<li style=\"text-align: justify;\">En el siguiente enlace, podr\u00e1 adquirir el libro de <a title=\"Ir a amazon\" href=\"https:\/\/www.amazon.com\/-\/es\/Daniel-Goleman\/dp\/055338371X\">\u00abEmotional Intelligence\u00bb de Daniel Goleman<\/a><\/li>\n<\/ul>\n<\/li>\n<\/ul>\n<p><iframe loading=\"lazy\" title=\"Inteligencias emocional\" src=\"https:\/\/docs.google.com\/file\/d\/0B9As1a9K4TIhQXNOSDZHclFfSlE\/preview?resourceKey=0-u-HtyQ3l3vnWngZsIj97Bg\" width=\"100%\" height=\"480\"><span data-mce-type=\"bookmark\" style=\"display: inline-block; width: 0px; overflow: hidden; line-height: 0;\" class=\"mce_SELRES_start\">\ufeff<\/span><span data-mce-type=\"bookmark\" style=\"display: inline-block; width: 0px; overflow: hidden; line-height: 0;\" class=\"mce_SELRES_start\">\ufeff<\/span><\/iframe><\/p>\n<h3>Inteligencias m\u00faltiples y aprendizaje<\/h3>\n<p style=\"text-align: justify;\">La relaci\u00f3n entre las inteligencias m\u00faltiples y el aprendizaje es profunda. Al adaptar la ense\u00f1anza a las diversas inteligencias de los estudiantes, se promueve un proceso de aprendizaje m\u00e1s efectivo y significativo. Los estudiantes se sienten m\u00e1s conectados con el contenido y pueden desarrollar un mayor sentido de autoeficacia.<\/p>\n<h3>Test de inteligencias m\u00faltiples<\/h3>\n<p style=\"text-align: justify;\">Existen varios tests y herramientas para identificar las inteligencias m\u00faltiples en individuos. Algunas de estas evaluaciones incluyen cuestionarios y actividades que ayudan a identificar las \u00e1reas en las que una persona puede sobresalir. Estos instrumentos son valiosos para los educadores y padres en la adaptaci\u00f3n de la ense\u00f1anza.<\/p>\n<ul>\n<li style=\"text-align: justify;\">Si est\u00e1s en busca de un test o pruebas en PDF de inteligencias m\u00faltiples en formato PDF, te sugerimos visitar este enlace: <a title=\"Ir a mega\" href=\"https:\/\/mega.nz\/folder\/rMVRAK5I#8jgvbgSkKbzgV97C_lYC2g\" target=\"_blank\" rel=\"noopener\">C\u00f3mo aplicar la teor\u00eda de las inteligencias m\u00faltiples.<\/a><\/li>\n<\/ul>\n<h3>Cr\u00edticas a la Teor\u00eda<\/h3>\n<p style=\"text-align: justify;\">Las cr\u00edticas a la Teor\u00eda de las Inteligencias M\u00faltiples se centran en la falta de evidencia emp\u00edrica contundente que respalde la idea de que existen m\u00faltiples formas de inteligencia independientes. Algunos psic\u00f3logos argumentan que la teor\u00eda de Howard Gardner se basa en gran medida en razonamientos te\u00f3ricos y carece de la robustez cient\u00edfica necesaria. Adem\u00e1s, la definici\u00f3n misma de inteligencia seg\u00fan esta teor\u00eda es amplia y subjetiva, lo que dificulta su medici\u00f3n y aplicaci\u00f3n en la pr\u00e1ctica.<\/p>\n<p style=\"text-align: justify;\">Por otro lado, los defensores de la teor\u00eda argumentan que, a pesar de las cr\u00edticas, ha tenido un impacto positivo en la educaci\u00f3n al promover un enfoque m\u00e1s hol\u00edstico y personalizado en el aprendizaje. La Teor\u00eda de las Inteligencias M\u00faltiples ha ayudado a educadores a reconocer y valorar la diversidad de habilidades y talentos en los estudiantes, fomentando un ambiente de aprendizaje m\u00e1s inclusivo y centrado en el desarrollo de las capacidades individuales. Aunque es importante seguir investigando y mejorando la teor\u00eda, su influencia en la pedagog\u00eda ha sido significativa<\/p>\n<h4 style=\"padding-left: 40px;\"><strong>Inteligencias M\u00faltiples Neuromito<\/strong><\/h4>\n<p style=\"padding-left: 40px; text-align: justify;\" data-sourcepos=\"9:1-9:283\">La respuesta a esta pregunta no es sencilla. Por un lado, es cierto que la teor\u00eda de las inteligencias m\u00faltiples no est\u00e1 respaldada por evidencia neurocient\u00edfica s\u00f3lida. Los estudios que se han realizado sobre la teor\u00eda han sido limitados y no han proporcionado pruebas concluyentes.<\/p>\n<p style=\"padding-left: 40px; text-align: justify;\" data-sourcepos=\"11:1-11:296\">Por otro lado, es importante tener en cuenta que la teor\u00eda de las inteligencias m\u00faltiples es un modelo descriptivo, no un modelo explicativo. La teor\u00eda no intenta explicar c\u00f3mo funciona la inteligencia, sino simplemente describir las diferentes formas en que las personas pueden ser inteligentes.<\/p>\n<p style=\"padding-left: 40px; text-align: justify;\" data-sourcepos=\"13:1-13:274\">En este sentido, la teor\u00eda de las inteligencias m\u00faltiples puede ser \u00fatil para comprender la diversidad de las capacidades humanas. Al reconocer que existen diferentes tipos de inteligencia, la teor\u00eda puede ayudar a las personas a encontrar sus fortalezas y a desarrollarlas.<\/p>\n<h4 style=\"padding-left: 40px; text-align: justify;\" data-sourcepos=\"15:1-15:28\"><strong>Implicaciones educativas<\/strong><\/h4>\n<p style=\"padding-left: 40px; text-align: justify;\" data-sourcepos=\"17:1-17:203\">La teor\u00eda de las inteligencias m\u00faltiples ha tenido un impacto significativo en la educaci\u00f3n. Muchos profesores han adoptado la teor\u00eda como un marco para la planificaci\u00f3n de la ense\u00f1anza y el aprendizaje.<\/p>\n<p style=\"padding-left: 40px; text-align: justify;\" data-sourcepos=\"19:1-19:73\">La teor\u00eda de las inteligencias m\u00faltiples puede ayudar a los profesores a:<\/p>\n<ul style=\"text-align: justify;\">\n<li style=\"list-style-type: none;\">\n<ul data-sourcepos=\"21:1-24:0\">\n<li data-sourcepos=\"21:1-21:116\">Ofrecer oportunidades de aprendizaje que sean relevantes para las diferentes inteligencias de los estudiantes.<\/li>\n<li data-sourcepos=\"22:1-22:80\">Fomentar el desarrollo de las diferentes inteligencias de los estudiantes.<\/li>\n<li data-sourcepos=\"23:1-24:0\">Evitar la etiquetaci\u00f3n de los estudiantes como \u00abinteligentes\u00bb o \u00abno inteligentes\u00bb.<\/li>\n<\/ul>\n<\/li>\n<\/ul>\n<p style=\"padding-left: 40px; text-align: justify;\" data-sourcepos=\"25:1-25:265\">Sin embargo, es importante tener en cuenta que la teor\u00eda de las inteligencias m\u00faltiples no es una panacea para los problemas educativos. La teor\u00eda no es un sustituto de una buena ense\u00f1anza, y no puede garantizar que todos los estudiantes tengan \u00e9xito en la escuela.<\/p>\n<h3>Conclusi\u00f3n<\/h3>\n<p style=\"text-align: justify;\">La teor\u00eda de las inteligencias m\u00faltiples de Howard Gardner ha revolucionado la educaci\u00f3n al reconocer la diversidad de capacidades humanas. Esta teor\u00eda ha empoderado a educadores para abordar las necesidades individuales de los estudiantes y fomentar un aprendizaje m\u00e1s inclusivo. A pesar de las cr\u00edticas, su impacto positivo en la educaci\u00f3n es innegable.<\/p>\n<h3>Recursos adicionales<\/h3>\n<p style=\"text-align: justify;\">Si deseas profundizar en el tema de las inteligencias m\u00faltiples, te recomendamos consultar libros como <a title=\"Ir a amazon\" href=\"https:\/\/www.amazon.com\/-\/es\/Howard-Gardner\/dp\/0465024335\" target=\"_blank\" rel=\"noopener\">\u00abFrames of Mind\u00bb de Howard Gardner<\/a>, <a title=\"Ir a amazon\" href=\"https:\/\/www.amazon.com\/Their-Own-Way-Discovering-Intelligences\/dp\/1585420514\">\u00abIn Their Own Way\u00bb de Thomas Armstrong<\/a> y <a title=\"Ir a amazon\" href=\"https:\/\/www.amazon.com\/-\/es\/Daniel-Goleman\/dp\/055338371X\">\u00abEmotional Intelligence\u00bb de Daniel Goleman<\/a>. Adem\u00e1s, existen numerosos estudios e investigaciones acad\u00e9micas que exploran en detalle esta teor\u00eda y su aplicaci\u00f3n en la educaci\u00f3n.<\/p>\n<p style=\"text-align: center;\"><strong>ENLACE DE LECTURA: <\/strong>1: <a title=\"Ir a Google drive\" href=\"https:\/\/drive.google.com\/file\/d\/1tf_QKJW42q4pu92cjvq9VtRpxTHH2Sep\/view\" target=\"_blank\" rel=\"noopener\">HOWARD GARDNER &#8211; INTELIGENCIAS M\u00daLTIPLES PDF<\/a>\u00a0| 2: <a title=\"Ir a Google drive\" href=\"https:\/\/drive.google.com\/file\/d\/1Ihs26TSNXVlBBBPmCCLVDYX9wwK2Aaq2\/view\" target=\"_blank\" rel=\"noopener\">THOMAS ARMSTRONG &#8211; INTELIGENCIAS M\u00daLTIPLES EN EL AULA<\/a> | 3: <a title=\"Ir a Google drive\" href=\"https:\/\/docs.google.com\/file\/d\/0B9As1a9K4TIhQXNOSDZHclFfSlE\/edit?resourcekey=0-u-HtyQ3l3vnWngZsIj97Bg\" target=\"_blank\" rel=\"noopener\">INTELIGENCIAS EMOCIONAL &#8211; DANIEL GOLEMAN<\/a><\/p>\n\t\t<div class=\"pk-inline-posts\">\n\t\t\t\n\t\t\t<div class=\"pk-inline-posts-container pk-inline-posts-template-list\"\n\t\t\t\tdata-columns=\"1\">\n\t\t\t\t\t\t<article id=\"post-31801\" class=\"post-31801 post type-post status-publish format-standard has-post-thumbnail category-inteligencias-multiples category-pedagogia tag-aula tag-estrategias-clave tag-guia-para-docentes tag-inteligencias tag-inteligencias-multiples tag-inteligencias-multiples-en-el-aula tag-multiples cs-entry cs-video-wrap\">\n\t\t\t<div class=\"pk-post-outer\">\n\n\t\t\t\t\t\t\t\t<div class=\"pk-post-inner\">\n\t\t\t\t\t<div class=\"entry-thumbnail\">\n\t\t\t\t\t\t<div class=\"pk-overlay pk-overlay-ratio pk-ratio-landscape\">\n\t\t\t\t\t\t\t<div class=\"pk-overlay-background\">\n\t\t\t\t\t\t\t\t<a href=\"https:\/\/webdelmaestrocmf.com\/portal\/guia-para-docentes-las-inteligencias-multiples-en-el-aula\/\" class=\"pk-overlay-link\">\n\t\t\t\t\t\t\t\t\t<img loading=\"lazy\" decoding=\"async\" width=\"300\" height=\"225\" src=\"https:\/\/webdelmaestrocmf.com\/portal\/wp-content\/uploads\/2020\/11\/Banner-1-portada-imagen-10-1-15-300x225.jpg\" class=\"attachment-pk-thumbnail size-pk-thumbnail wp-post-image\" alt=\"inteligencias m\u00faltiples\" \/>\t\t\t\t\t\t\t\t<\/a>\n\t\t\t\t\t\t\t<\/div>\n\t\t\t\t\t\t<\/div>\n\t\t\t\t\t<\/div>\n\t\t\t\t<\/div>\n\t\t\t\t\n\t\t\t\t<div class=\"pk-post-inner\">\n\t\t\t\t\t<header>\n\t\t\t\t\t\t<h3 class=\"pk-title\"><a href=\"https:\/\/webdelmaestrocmf.com\/portal\/guia-para-docentes-las-inteligencias-multiples-en-el-aula\/\" rel=\"bookmark\">Gu\u00eda para docentes sobre las inteligencias m\u00faltiples en el aula<\/a><\/h3>\t\t\t\t\t<\/header><!-- .entry-header -->\n\t\t\t\t<\/div><!-- .post-inner -->\n\n\t\t\t<\/div><!-- .post-outer -->\n\t\t<\/article>\n\t\t\t<article id=\"post-118051\" class=\"post-118051 post type-post status-publish format-standard has-post-thumbnail category-lectoescritura category-leer category-libros category-pedagogia tag-aula tag-comprension-lectora tag-creatividad tag-dia-del-libro tag-docentes tag-fichas-educativas tag-lectura tag-manualidades tag-material-didactico tag-recursos-educativos cs-entry cs-video-wrap\">\n\t\t\t<div class=\"pk-post-outer\">\n\n\t\t\t\t\t\t\t\t<div class=\"pk-post-inner\">\n\t\t\t\t\t<div class=\"entry-thumbnail\">\n\t\t\t\t\t\t<div class=\"pk-overlay pk-overlay-ratio pk-ratio-landscape\">\n\t\t\t\t\t\t\t<div class=\"pk-overlay-background\">\n\t\t\t\t\t\t\t\t<a href=\"https:\/\/webdelmaestrocmf.com\/portal\/dia-del-libro-23-de-abril-descarga-las-actividades-recursos-fichas-manualidades-y-materiales-motivadores-para-transformar-la-lectura-en-el-aula\/\" class=\"pk-overlay-link\">\n\t\t\t\t\t\t\t\t\t<img loading=\"lazy\" decoding=\"async\" width=\"300\" height=\"225\" src=\"https:\/\/webdelmaestrocmf.com\/portal\/wp-content\/uploads\/2026\/04\/1AA-Banner-1-portada-imagen-10-1-copia-23-300x225.webp\" class=\"attachment-pk-thumbnail size-pk-thumbnail wp-post-image\" alt=\"\" \/>\t\t\t\t\t\t\t\t<\/a>\n\t\t\t\t\t\t\t<\/div>\n\t\t\t\t\t\t<\/div>\n\t\t\t\t\t<\/div>\n\t\t\t\t<\/div>\n\t\t\t\t\n\t\t\t\t<div class=\"pk-post-inner\">\n\t\t\t\t\t<header>\n\t\t\t\t\t\t<h3 class=\"pk-title\"><a href=\"https:\/\/webdelmaestrocmf.com\/portal\/dia-del-libro-23-de-abril-descarga-las-actividades-recursos-fichas-manualidades-y-materiales-motivadores-para-transformar-la-lectura-en-el-aula\/\" rel=\"bookmark\">D\u00eda del Libro (23 de abril): Descarga las actividades, recursos, fichas, manualidades, materiales y pulseras motivadores para transformar la lectura en el aula<\/a><\/h3>\t\t\t\t\t<\/header><!-- .entry-header -->\n\t\t\t\t<\/div><!-- .post-inner -->\n\n\t\t\t<\/div><!-- .post-outer -->\n\t\t<\/article>\n\t\t\t<article id=\"post-118127\" class=\"post-118127 post type-post status-publish format-standard has-post-thumbnail category-descarga category-libros category-pedagogia tag-aula tag-docentes tag-educacion-2 tag-evaluacion-2 tag-formacion-docente tag-innovacion-2 tag-inteligencia-artificial tag-planificacion-3 tag-recursos-educativos tag-tecnologia-educativa-2 cs-entry cs-video-wrap\">\n\t\t\t<div class=\"pk-post-outer\">\n\n\t\t\t\t\t\t\t\t<div class=\"pk-post-inner\">\n\t\t\t\t\t<div class=\"entry-thumbnail\">\n\t\t\t\t\t\t<div class=\"pk-overlay pk-overlay-ratio pk-ratio-landscape\">\n\t\t\t\t\t\t\t<div class=\"pk-overlay-background\">\n\t\t\t\t\t\t\t\t<a href=\"https:\/\/webdelmaestrocmf.com\/portal\/guia-completa-de-claude-que-es-esta-guia-y-por-que-es-relevante-para-los-docentes\/\" class=\"pk-overlay-link\">\n\t\t\t\t\t\t\t\t\t<img loading=\"lazy\" decoding=\"async\" width=\"300\" height=\"225\" src=\"https:\/\/webdelmaestrocmf.com\/portal\/wp-content\/uploads\/2026\/04\/1AA-Banner-1-portada-imagen-10-1-copia-32-300x225.webp\" class=\"attachment-pk-thumbnail size-pk-thumbnail wp-post-image\" alt=\"\" \/>\t\t\t\t\t\t\t\t<\/a>\n\t\t\t\t\t\t\t<\/div>\n\t\t\t\t\t\t<\/div>\n\t\t\t\t\t<\/div>\n\t\t\t\t<\/div>\n\t\t\t\t\n\t\t\t\t<div class=\"pk-post-inner\">\n\t\t\t\t\t<header>\n\t\t\t\t\t\t<h3 class=\"pk-title\"><a href=\"https:\/\/webdelmaestrocmf.com\/portal\/guia-completa-de-claude-que-es-esta-guia-y-por-que-es-relevante-para-los-docentes\/\" rel=\"bookmark\">Descarga la gu\u00eda completa de Claude en PDF: \u00bfQu\u00e9 es esta gu\u00eda y por qu\u00e9 es relevante para los docentes?<\/a><\/h3>\t\t\t\t\t<\/header><!-- .entry-header -->\n\t\t\t\t<\/div><!-- .post-inner -->\n\n\t\t\t<\/div><!-- .post-outer -->\n\t\t<\/article>\n\t\t\t\t<\/div>\n\t\t<\/div>\n\t\t\n","protected":false},"excerpt":{"rendered":"En este art\u00edculo, exploraremos con detenimiento la teor\u00eda de las inteligencias m\u00faltiples, un resumen de su historia y&hellip;","protected":false},"author":1,"featured_media":105336,"comment_status":"open","ping_status":"closed","sticky":false,"template":"","format":"standard","meta":{"csco_display_header_overlay":false,"csco_singular_sidebar":"default","csco_page_header_type":"default","csco_page_load_nextpost":"default","csco_post_video_location":[],"csco_post_video_location_hash":"","csco_post_video_url":"","csco_post_video_bg_start_time":0,"csco_post_video_bg_end_time":0,"csco_post_video_bg_volume":false,"_jetpack_memberships_contains_paid_content":false,"footnotes":""},"categories":[612,504,735],"tags":[610,611],"class_list":{"0":"post-86288","1":"post","2":"type-post","3":"status-publish","4":"format-standard","5":"has-post-thumbnail","7":"category-inteligencias-multiples","8":"category-libros","9":"category-pedagogia","10":"tag-howard-gardner","11":"tag-inteligencias-multiples","12":"cs-entry","13":"cs-video-wrap"},"yoast_head":"<!-- This site is optimized with the Yoast SEO plugin v27.5 - https:\/\/yoast.com\/product\/yoast-seo-wordpress\/ -->\n<title>Inteligencias m\u00faltiples: H. Gardner, T. Armstrong y D. Goleman - 2026<\/title>\n<meta name=\"description\" content=\"Descubra c\u00f3mo la Teor\u00eda de las Inteligencias M\u00faltiples de Howard Gardner ha cambiado la forma en que los educadores abordan la ense\u00f1anza.\" \/>\n<meta name=\"robots\" content=\"index, follow, max-snippet:-1, max-image-preview:large, max-video-preview:-1\" \/>\n<link rel=\"canonical\" href=\"https:\/\/webdelmaestrocmf.com\/portal\/inteligencias-multiples-para-el-aula-de-howard-gardner-y-thomas-armstrong\/\" \/>\n<meta property=\"og:locale\" content=\"es_ES\" \/>\n<meta property=\"og:type\" content=\"article\" \/>\n<meta property=\"og:title\" content=\"Inteligencias m\u00faltiples: H. Gardner, T. Armstrong y D. Goleman - 2026\" \/>\n<meta property=\"og:description\" content=\"Descubra c\u00f3mo la Teor\u00eda de las Inteligencias M\u00faltiples de Howard Gardner ha cambiado la forma en que los educadores abordan la ense\u00f1anza.\" \/>\n<meta property=\"og:url\" content=\"https:\/\/webdelmaestrocmf.com\/portal\/inteligencias-multiples-para-el-aula-de-howard-gardner-y-thomas-armstrong\/\" \/>\n<meta property=\"og:site_name\" content=\"Web del Maestro CMF\" \/>\n<meta property=\"article:publisher\" content=\"https:\/\/www.facebook.com\/WebdelMaestroCMF\/\" \/>\n<meta property=\"article:author\" content=\"https:\/\/www.facebook.com\/WebdelMaestroCMF\/\" \/>\n<meta property=\"article:published_time\" content=\"2024-05-06T01:00:19+00:00\" \/>\n<meta property=\"article:modified_time\" content=\"2024-05-06T02:55:43+00:00\" \/>\n<meta property=\"og:image\" content=\"https:\/\/webdelmaestrocmf.com\/portal\/wp-content\/uploads\/2023\/11\/Banner-1-portada-imagen-10-1-13.jpg\" \/>\n\t<meta property=\"og:image:width\" content=\"1024\" \/>\n\t<meta property=\"og:image:height\" content=\"1024\" \/>\n\t<meta property=\"og:image:type\" content=\"image\/jpeg\" \/>\n<meta name=\"author\" content=\"Web del Maestro CMF\" \/>\n<meta name=\"twitter:card\" content=\"summary_large_image\" \/>\n<meta name=\"twitter:creator\" content=\"@cmf_w\" \/>\n<meta name=\"twitter:site\" content=\"@cmf_w\" \/>\n<script type=\"application\/ld+json\" class=\"yoast-schema-graph\">{\"@context\":\"https:\\\/\\\/schema.org\",\"@graph\":[{\"@type\":\"ScholarlyArticle\",\"@id\":\"https:\\\/\\\/webdelmaestrocmf.com\\\/portal\\\/inteligencias-multiples-para-el-aula-de-howard-gardner-y-thomas-armstrong\\\/#article\",\"isPartOf\":{\"@id\":\"https:\\\/\\\/webdelmaestrocmf.com\\\/portal\\\/inteligencias-multiples-para-el-aula-de-howard-gardner-y-thomas-armstrong\\\/\"},\"author\":{\"name\":\"Web del Maestro CMF\",\"@id\":\"https:\\\/\\\/webdelmaestrocmf.com\\\/portal\\\/#\\\/schema\\\/person\\\/1072a2ed7bd960df8ef99a551fa35dc5\"},\"headline\":\"Inteligencias m\u00faltiples: H. Gardner, T. Armstrong y D. Goleman\",\"datePublished\":\"2024-05-06T01:00:19+00:00\",\"dateModified\":\"2024-05-06T02:55:43+00:00\",\"mainEntityOfPage\":{\"@id\":\"https:\\\/\\\/webdelmaestrocmf.com\\\/portal\\\/inteligencias-multiples-para-el-aula-de-howard-gardner-y-thomas-armstrong\\\/\"},\"wordCount\":2301,\"commentCount\":0,\"publisher\":{\"@id\":\"https:\\\/\\\/webdelmaestrocmf.com\\\/portal\\\/#organization\"},\"image\":{\"@id\":\"https:\\\/\\\/webdelmaestrocmf.com\\\/portal\\\/inteligencias-multiples-para-el-aula-de-howard-gardner-y-thomas-armstrong\\\/#primaryimage\"},\"thumbnailUrl\":\"https:\\\/\\\/webdelmaestrocmf.com\\\/portal\\\/wp-content\\\/uploads\\\/2023\\\/11\\\/Banner-1-portada-imagen-10-1-13.jpg\",\"keywords\":[\"HOWARD GARDNER\",\"Inteligencias m\u00faltiples\"],\"articleSection\":[\"Inteligencias m\u00faltiples\",\"Libros\",\"Recursos\"],\"inLanguage\":\"es\",\"potentialAction\":[{\"@type\":\"CommentAction\",\"name\":\"Comment\",\"target\":[\"https:\\\/\\\/webdelmaestrocmf.com\\\/portal\\\/inteligencias-multiples-para-el-aula-de-howard-gardner-y-thomas-armstrong\\\/#respond\"]}]},{\"@type\":\"WebPage\",\"@id\":\"https:\\\/\\\/webdelmaestrocmf.com\\\/portal\\\/inteligencias-multiples-para-el-aula-de-howard-gardner-y-thomas-armstrong\\\/\",\"url\":\"https:\\\/\\\/webdelmaestrocmf.com\\\/portal\\\/inteligencias-multiples-para-el-aula-de-howard-gardner-y-thomas-armstrong\\\/\",\"name\":\"Inteligencias m\u00faltiples: H. Gardner, T. Armstrong y D. Goleman - 2026\",\"isPartOf\":{\"@id\":\"https:\\\/\\\/webdelmaestrocmf.com\\\/portal\\\/#website\"},\"primaryImageOfPage\":{\"@id\":\"https:\\\/\\\/webdelmaestrocmf.com\\\/portal\\\/inteligencias-multiples-para-el-aula-de-howard-gardner-y-thomas-armstrong\\\/#primaryimage\"},\"image\":{\"@id\":\"https:\\\/\\\/webdelmaestrocmf.com\\\/portal\\\/inteligencias-multiples-para-el-aula-de-howard-gardner-y-thomas-armstrong\\\/#primaryimage\"},\"thumbnailUrl\":\"https:\\\/\\\/webdelmaestrocmf.com\\\/portal\\\/wp-content\\\/uploads\\\/2023\\\/11\\\/Banner-1-portada-imagen-10-1-13.jpg\",\"datePublished\":\"2024-05-06T01:00:19+00:00\",\"dateModified\":\"2024-05-06T02:55:43+00:00\",\"description\":\"Descubra c\u00f3mo la Teor\u00eda de las Inteligencias M\u00faltiples de Howard Gardner ha cambiado la forma en que los educadores abordan la ense\u00f1anza.\",\"breadcrumb\":{\"@id\":\"https:\\\/\\\/webdelmaestrocmf.com\\\/portal\\\/inteligencias-multiples-para-el-aula-de-howard-gardner-y-thomas-armstrong\\\/#breadcrumb\"},\"inLanguage\":\"es\",\"potentialAction\":[{\"@type\":\"ReadAction\",\"target\":[\"https:\\\/\\\/webdelmaestrocmf.com\\\/portal\\\/inteligencias-multiples-para-el-aula-de-howard-gardner-y-thomas-armstrong\\\/\"]}]},{\"@type\":\"ImageObject\",\"inLanguage\":\"es\",\"@id\":\"https:\\\/\\\/webdelmaestrocmf.com\\\/portal\\\/inteligencias-multiples-para-el-aula-de-howard-gardner-y-thomas-armstrong\\\/#primaryimage\",\"url\":\"https:\\\/\\\/webdelmaestrocmf.com\\\/portal\\\/wp-content\\\/uploads\\\/2023\\\/11\\\/Banner-1-portada-imagen-10-1-13.jpg\",\"contentUrl\":\"https:\\\/\\\/webdelmaestrocmf.com\\\/portal\\\/wp-content\\\/uploads\\\/2023\\\/11\\\/Banner-1-portada-imagen-10-1-13.jpg\",\"width\":1024,\"height\":1024},{\"@type\":\"BreadcrumbList\",\"@id\":\"https:\\\/\\\/webdelmaestrocmf.com\\\/portal\\\/inteligencias-multiples-para-el-aula-de-howard-gardner-y-thomas-armstrong\\\/#breadcrumb\",\"itemListElement\":[{\"@type\":\"ListItem\",\"position\":1,\"name\":\"Portada\",\"item\":\"https:\\\/\\\/webdelmaestrocmf.com\\\/portal\\\/\"},{\"@type\":\"ListItem\",\"position\":2,\"name\":\"Recursos\",\"item\":\"https:\\\/\\\/webdelmaestrocmf.com\\\/portal\\\/category\\\/pedagogia\\\/\"},{\"@type\":\"ListItem\",\"position\":3,\"name\":\"Inteligencias m\u00faltiples: H. Gardner, T. Armstrong y D. Goleman\"}]},{\"@type\":\"WebSite\",\"@id\":\"https:\\\/\\\/webdelmaestrocmf.com\\\/portal\\\/#website\",\"url\":\"https:\\\/\\\/webdelmaestrocmf.com\\\/portal\\\/\",\"name\":\"Web del Maestro CMF\",\"description\":\"Maestros al servicio de la educaci\u00f3n\",\"publisher\":{\"@id\":\"https:\\\/\\\/webdelmaestrocmf.com\\\/portal\\\/#organization\"},\"alternateName\":\"WMCMF\",\"potentialAction\":[{\"@type\":\"SearchAction\",\"target\":{\"@type\":\"EntryPoint\",\"urlTemplate\":\"https:\\\/\\\/webdelmaestrocmf.com\\\/portal\\\/?s={search_term_string}\"},\"query-input\":{\"@type\":\"PropertyValueSpecification\",\"valueRequired\":true,\"valueName\":\"search_term_string\"}}],\"inLanguage\":\"es\"},{\"@type\":\"Organization\",\"@id\":\"https:\\\/\\\/webdelmaestrocmf.com\\\/portal\\\/#organization\",\"name\":\"Web del Maestro CMF\",\"alternateName\":\"WMCMF\",\"url\":\"https:\\\/\\\/webdelmaestrocmf.com\\\/portal\\\/\",\"logo\":{\"@type\":\"ImageObject\",\"inLanguage\":\"es\",\"@id\":\"https:\\\/\\\/webdelmaestrocmf.com\\\/portal\\\/#\\\/schema\\\/logo\\\/image\\\/\",\"url\":\"https:\\\/\\\/webdelmaestrocmf.com\\\/portal\\\/wp-content\\\/uploads\\\/2023\\\/01\\\/logo-wmcmf-2.png\",\"contentUrl\":\"https:\\\/\\\/webdelmaestrocmf.com\\\/portal\\\/wp-content\\\/uploads\\\/2023\\\/01\\\/logo-wmcmf-2.png\",\"width\":200,\"height\":60,\"caption\":\"Web del Maestro CMF\"},\"image\":{\"@id\":\"https:\\\/\\\/webdelmaestrocmf.com\\\/portal\\\/#\\\/schema\\\/logo\\\/image\\\/\"},\"sameAs\":[\"https:\\\/\\\/www.facebook.com\\\/WebdelMaestroCMF\\\/\",\"https:\\\/\\\/x.com\\\/cmf_w\",\"https:\\\/\\\/www.pinterest.com\\\/WMCMF\\\/\",\"https:\\\/\\\/www.linkedin.com\\\/company\\\/web-del-maestro-cmf\\\/\",\"https:\\\/\\\/www.instagram.com\\\/wmcmf\\\/\",\"https:\\\/\\\/www.youtube.com\\\/channel\\\/UCDPSvjbdodE5sHnC3OxutHw\",\"https:\\\/\\\/mastodon.social\\\/@wmcmf\",\"https:\\\/\\\/www.tiktok.com\\\/@webdelmaestrocmf\"]},{\"@type\":\"Person\",\"@id\":\"https:\\\/\\\/webdelmaestrocmf.com\\\/portal\\\/#\\\/schema\\\/person\\\/1072a2ed7bd960df8ef99a551fa35dc5\",\"name\":\"Web del Maestro CMF\",\"image\":{\"@type\":\"ImageObject\",\"inLanguage\":\"es\",\"@id\":\"https:\\\/\\\/secure.gravatar.com\\\/avatar\\\/23291dd5b5ae1077dcff3dbb04c3e02bd28403fa75af6d8787d5e97c5bbbe30b?s=96&d=mm&r=g\",\"url\":\"https:\\\/\\\/secure.gravatar.com\\\/avatar\\\/23291dd5b5ae1077dcff3dbb04c3e02bd28403fa75af6d8787d5e97c5bbbe30b?s=96&d=mm&r=g\",\"contentUrl\":\"https:\\\/\\\/secure.gravatar.com\\\/avatar\\\/23291dd5b5ae1077dcff3dbb04c3e02bd28403fa75af6d8787d5e97c5bbbe30b?s=96&d=mm&r=g\",\"caption\":\"Web del Maestro CMF\"},\"description\":\"Esta Web se cre\u00f3 sin fines de lucro, con fines educativos, cient\u00edficos y acad\u00e9micos, para personas que tengan dificultades y\\\/o inconvenientes en visualizar el material original. El objetivo es entregar recursos, compartir experiencias y materiales que ayuden a los padres de familia, maestros y estudiantes en su actualizaci\u00f3n y formaci\u00f3n permanente, en bien de la Educaci\u00f3n.\",\"sameAs\":[\"http:\\\/\\\/webdelmaestrocmf.com\\\/portal\",\"https:\\\/\\\/www.facebook.com\\\/WebdelMaestroCMF\\\/\",\"https:\\\/\\\/www.instagram.com\\\/wmcmf\\\/\",\"https:\\\/\\\/cl.linkedin.com\\\/company\\\/web-del-maestro-cmf\",\"https:\\\/\\\/www.pinterest.com\\\/WMCMF\\\/publicaciones\\\/\",\"https:\\\/\\\/x.com\\\/cmf_w\",\"https:\\\/\\\/www.youtube.com\\\/@WMCMF\"]}]}<\/script>\n<!-- \/ Yoast SEO plugin. -->","yoast_head_json":{"title":"Inteligencias m\u00faltiples: H. Gardner, T. Armstrong y D. Goleman - 2026","description":"Descubra c\u00f3mo la Teor\u00eda de las Inteligencias M\u00faltiples de Howard Gardner ha cambiado la forma en que los educadores abordan la ense\u00f1anza.","robots":{"index":"index","follow":"follow","max-snippet":"max-snippet:-1","max-image-preview":"max-image-preview:large","max-video-preview":"max-video-preview:-1"},"canonical":"https:\/\/webdelmaestrocmf.com\/portal\/inteligencias-multiples-para-el-aula-de-howard-gardner-y-thomas-armstrong\/","og_locale":"es_ES","og_type":"article","og_title":"Inteligencias m\u00faltiples: H. Gardner, T. Armstrong y D. Goleman - 2026","og_description":"Descubra c\u00f3mo la Teor\u00eda de las Inteligencias M\u00faltiples de Howard Gardner ha cambiado la forma en que los educadores abordan la ense\u00f1anza.","og_url":"https:\/\/webdelmaestrocmf.com\/portal\/inteligencias-multiples-para-el-aula-de-howard-gardner-y-thomas-armstrong\/","og_site_name":"Web del Maestro CMF","article_publisher":"https:\/\/www.facebook.com\/WebdelMaestroCMF\/","article_author":"https:\/\/www.facebook.com\/WebdelMaestroCMF\/","article_published_time":"2024-05-06T01:00:19+00:00","article_modified_time":"2024-05-06T02:55:43+00:00","og_image":[{"width":1024,"height":1024,"url":"https:\/\/webdelmaestrocmf.com\/portal\/wp-content\/uploads\/2023\/11\/Banner-1-portada-imagen-10-1-13.jpg","type":"image\/jpeg"}],"author":"Web del Maestro CMF","twitter_card":"summary_large_image","twitter_creator":"@cmf_w","twitter_site":"@cmf_w","schema":{"@context":"https:\/\/schema.org","@graph":[{"@type":"ScholarlyArticle","@id":"https:\/\/webdelmaestrocmf.com\/portal\/inteligencias-multiples-para-el-aula-de-howard-gardner-y-thomas-armstrong\/#article","isPartOf":{"@id":"https:\/\/webdelmaestrocmf.com\/portal\/inteligencias-multiples-para-el-aula-de-howard-gardner-y-thomas-armstrong\/"},"author":{"name":"Web del Maestro CMF","@id":"https:\/\/webdelmaestrocmf.com\/portal\/#\/schema\/person\/1072a2ed7bd960df8ef99a551fa35dc5"},"headline":"Inteligencias m\u00faltiples: H. Gardner, T. Armstrong y D. Goleman","datePublished":"2024-05-06T01:00:19+00:00","dateModified":"2024-05-06T02:55:43+00:00","mainEntityOfPage":{"@id":"https:\/\/webdelmaestrocmf.com\/portal\/inteligencias-multiples-para-el-aula-de-howard-gardner-y-thomas-armstrong\/"},"wordCount":2301,"commentCount":0,"publisher":{"@id":"https:\/\/webdelmaestrocmf.com\/portal\/#organization"},"image":{"@id":"https:\/\/webdelmaestrocmf.com\/portal\/inteligencias-multiples-para-el-aula-de-howard-gardner-y-thomas-armstrong\/#primaryimage"},"thumbnailUrl":"https:\/\/webdelmaestrocmf.com\/portal\/wp-content\/uploads\/2023\/11\/Banner-1-portada-imagen-10-1-13.jpg","keywords":["HOWARD GARDNER","Inteligencias m\u00faltiples"],"articleSection":["Inteligencias m\u00faltiples","Libros","Recursos"],"inLanguage":"es","potentialAction":[{"@type":"CommentAction","name":"Comment","target":["https:\/\/webdelmaestrocmf.com\/portal\/inteligencias-multiples-para-el-aula-de-howard-gardner-y-thomas-armstrong\/#respond"]}]},{"@type":"WebPage","@id":"https:\/\/webdelmaestrocmf.com\/portal\/inteligencias-multiples-para-el-aula-de-howard-gardner-y-thomas-armstrong\/","url":"https:\/\/webdelmaestrocmf.com\/portal\/inteligencias-multiples-para-el-aula-de-howard-gardner-y-thomas-armstrong\/","name":"Inteligencias m\u00faltiples: H. Gardner, T. Armstrong y D. Goleman - 2026","isPartOf":{"@id":"https:\/\/webdelmaestrocmf.com\/portal\/#website"},"primaryImageOfPage":{"@id":"https:\/\/webdelmaestrocmf.com\/portal\/inteligencias-multiples-para-el-aula-de-howard-gardner-y-thomas-armstrong\/#primaryimage"},"image":{"@id":"https:\/\/webdelmaestrocmf.com\/portal\/inteligencias-multiples-para-el-aula-de-howard-gardner-y-thomas-armstrong\/#primaryimage"},"thumbnailUrl":"https:\/\/webdelmaestrocmf.com\/portal\/wp-content\/uploads\/2023\/11\/Banner-1-portada-imagen-10-1-13.jpg","datePublished":"2024-05-06T01:00:19+00:00","dateModified":"2024-05-06T02:55:43+00:00","description":"Descubra c\u00f3mo la Teor\u00eda de las Inteligencias M\u00faltiples de Howard Gardner ha cambiado la forma en que los educadores abordan la ense\u00f1anza.","breadcrumb":{"@id":"https:\/\/webdelmaestrocmf.com\/portal\/inteligencias-multiples-para-el-aula-de-howard-gardner-y-thomas-armstrong\/#breadcrumb"},"inLanguage":"es","potentialAction":[{"@type":"ReadAction","target":["https:\/\/webdelmaestrocmf.com\/portal\/inteligencias-multiples-para-el-aula-de-howard-gardner-y-thomas-armstrong\/"]}]},{"@type":"ImageObject","inLanguage":"es","@id":"https:\/\/webdelmaestrocmf.com\/portal\/inteligencias-multiples-para-el-aula-de-howard-gardner-y-thomas-armstrong\/#primaryimage","url":"https:\/\/webdelmaestrocmf.com\/portal\/wp-content\/uploads\/2023\/11\/Banner-1-portada-imagen-10-1-13.jpg","contentUrl":"https:\/\/webdelmaestrocmf.com\/portal\/wp-content\/uploads\/2023\/11\/Banner-1-portada-imagen-10-1-13.jpg","width":1024,"height":1024},{"@type":"BreadcrumbList","@id":"https:\/\/webdelmaestrocmf.com\/portal\/inteligencias-multiples-para-el-aula-de-howard-gardner-y-thomas-armstrong\/#breadcrumb","itemListElement":[{"@type":"ListItem","position":1,"name":"Portada","item":"https:\/\/webdelmaestrocmf.com\/portal\/"},{"@type":"ListItem","position":2,"name":"Recursos","item":"https:\/\/webdelmaestrocmf.com\/portal\/category\/pedagogia\/"},{"@type":"ListItem","position":3,"name":"Inteligencias m\u00faltiples: H. Gardner, T. Armstrong y D. Goleman"}]},{"@type":"WebSite","@id":"https:\/\/webdelmaestrocmf.com\/portal\/#website","url":"https:\/\/webdelmaestrocmf.com\/portal\/","name":"Web del Maestro CMF","description":"Maestros al servicio de la educaci\u00f3n","publisher":{"@id":"https:\/\/webdelmaestrocmf.com\/portal\/#organization"},"alternateName":"WMCMF","potentialAction":[{"@type":"SearchAction","target":{"@type":"EntryPoint","urlTemplate":"https:\/\/webdelmaestrocmf.com\/portal\/?s={search_term_string}"},"query-input":{"@type":"PropertyValueSpecification","valueRequired":true,"valueName":"search_term_string"}}],"inLanguage":"es"},{"@type":"Organization","@id":"https:\/\/webdelmaestrocmf.com\/portal\/#organization","name":"Web del Maestro CMF","alternateName":"WMCMF","url":"https:\/\/webdelmaestrocmf.com\/portal\/","logo":{"@type":"ImageObject","inLanguage":"es","@id":"https:\/\/webdelmaestrocmf.com\/portal\/#\/schema\/logo\/image\/","url":"https:\/\/webdelmaestrocmf.com\/portal\/wp-content\/uploads\/2023\/01\/logo-wmcmf-2.png","contentUrl":"https:\/\/webdelmaestrocmf.com\/portal\/wp-content\/uploads\/2023\/01\/logo-wmcmf-2.png","width":200,"height":60,"caption":"Web del Maestro CMF"},"image":{"@id":"https:\/\/webdelmaestrocmf.com\/portal\/#\/schema\/logo\/image\/"},"sameAs":["https:\/\/www.facebook.com\/WebdelMaestroCMF\/","https:\/\/x.com\/cmf_w","https:\/\/www.pinterest.com\/WMCMF\/","https:\/\/www.linkedin.com\/company\/web-del-maestro-cmf\/","https:\/\/www.instagram.com\/wmcmf\/","https:\/\/www.youtube.com\/channel\/UCDPSvjbdodE5sHnC3OxutHw","https:\/\/mastodon.social\/@wmcmf","https:\/\/www.tiktok.com\/@webdelmaestrocmf"]},{"@type":"Person","@id":"https:\/\/webdelmaestrocmf.com\/portal\/#\/schema\/person\/1072a2ed7bd960df8ef99a551fa35dc5","name":"Web del Maestro CMF","image":{"@type":"ImageObject","inLanguage":"es","@id":"https:\/\/secure.gravatar.com\/avatar\/23291dd5b5ae1077dcff3dbb04c3e02bd28403fa75af6d8787d5e97c5bbbe30b?s=96&d=mm&r=g","url":"https:\/\/secure.gravatar.com\/avatar\/23291dd5b5ae1077dcff3dbb04c3e02bd28403fa75af6d8787d5e97c5bbbe30b?s=96&d=mm&r=g","contentUrl":"https:\/\/secure.gravatar.com\/avatar\/23291dd5b5ae1077dcff3dbb04c3e02bd28403fa75af6d8787d5e97c5bbbe30b?s=96&d=mm&r=g","caption":"Web del Maestro CMF"},"description":"Esta Web se cre\u00f3 sin fines de lucro, con fines educativos, cient\u00edficos y acad\u00e9micos, para personas que tengan dificultades y\/o inconvenientes en visualizar el material original. El objetivo es entregar recursos, compartir experiencias y materiales que ayuden a los padres de familia, maestros y estudiantes en su actualizaci\u00f3n y formaci\u00f3n permanente, en bien de la Educaci\u00f3n.","sameAs":["http:\/\/webdelmaestrocmf.com\/portal","https:\/\/www.facebook.com\/WebdelMaestroCMF\/","https:\/\/www.instagram.com\/wmcmf\/","https:\/\/cl.linkedin.com\/company\/web-del-maestro-cmf","https:\/\/www.pinterest.com\/WMCMF\/publicaciones\/","https:\/\/x.com\/cmf_w","https:\/\/www.youtube.com\/@WMCMF"]}]}},"jetpack_featured_media_url":"https:\/\/webdelmaestrocmf.com\/portal\/wp-content\/uploads\/2023\/11\/Banner-1-portada-imagen-10-1-13.jpg","jetpack_sharing_enabled":true,"jetpack-related-posts":[{"id":64695,"url":"https:\/\/webdelmaestrocmf.com\/portal\/calendario-de-inteligencias-multiples-de-enero-a-diciembre\/","url_meta":{"origin":86288,"position":0},"title":"Calendario de Inteligencias M\u00faltiples de enero a diciembre","author":"Web del Maestro CMF","date":"23 mayo, 2022","format":false,"excerpt":"La\u00a0Teor\u00eda de las Inteligencias M\u00faltiples\u00a0fue ideada por el psic\u00f3logo estadounidense\u00a0Howard Gardner como contrapeso al paradigma de una inteligencia \u00fanica. Gardner propuso que la vida humana requiere del desarrollo de varios tipos de inteligencia. As\u00ed pues, Gardner no entra en contradicci\u00f3n con la definici\u00f3n cient\u00edfica de la inteligencia, como la \u00abcapacidad\u2026","rel":"","context":"En \u00abInteligencias m\u00faltiples\u00bb","block_context":{"text":"Inteligencias m\u00faltiples","link":"https:\/\/webdelmaestrocmf.com\/portal\/category\/pedagogia\/inteligencias-multiples\/"},"img":{"alt_text":"","src":"https:\/\/i0.wp.com\/webdelmaestrocmf.com\/portal\/wp-content\/uploads\/2021\/07\/1-5.jpg?resize=350%2C200&ssl=1","width":350,"height":200,"srcset":"https:\/\/i0.wp.com\/webdelmaestrocmf.com\/portal\/wp-content\/uploads\/2021\/07\/1-5.jpg?resize=350%2C200&ssl=1 1x, https:\/\/i0.wp.com\/webdelmaestrocmf.com\/portal\/wp-content\/uploads\/2021\/07\/1-5.jpg?resize=525%2C300&ssl=1 1.5x, https:\/\/i0.wp.com\/webdelmaestrocmf.com\/portal\/wp-content\/uploads\/2021\/07\/1-5.jpg?resize=700%2C400&ssl=1 2x, https:\/\/i0.wp.com\/webdelmaestrocmf.com\/portal\/wp-content\/uploads\/2021\/07\/1-5.jpg?resize=1050%2C600&ssl=1 3x"},"classes":[]},{"id":20556,"url":"https:\/\/webdelmaestrocmf.com\/portal\/12-desafios-implantar-las-inteligencias-multiples-infografia\/","url_meta":{"origin":86288,"position":1},"title":"12 desaf\u00edos para implementar las inteligencias m\u00faltiples","author":"Web del Maestro CMF","date":"21 marzo, 2022","format":false,"excerpt":"La\u00a0teor\u00eda de las inteligencias m\u00faltiples de\u00a0Howard Gardner\u00a0propone que existen\u00a0diferentes tipos inteligencias que est\u00e1n presentes en todas las personas, siendo una de ellas\u00a0la que sobresale o predomina. Antes de esta teor\u00eda se pensaba\u00a0en la inteligencia como una entidad \u00fanica, relacionada b\u00e1sicamente con la capacidad para resolver problemas y que puede \u201cmedirse\u201d\u2026","rel":"","context":"En \u00abInteligencias m\u00faltiples\u00bb","block_context":{"text":"Inteligencias m\u00faltiples","link":"https:\/\/webdelmaestrocmf.com\/portal\/category\/pedagogia\/inteligencias-multiples\/"},"img":{"alt_text":"","src":"https:\/\/i0.wp.com\/webdelmaestrocmf.com\/portal\/wp-content\/uploads\/2022\/03\/1-44.jpg?resize=350%2C200&ssl=1","width":350,"height":200,"srcset":"https:\/\/i0.wp.com\/webdelmaestrocmf.com\/portal\/wp-content\/uploads\/2022\/03\/1-44.jpg?resize=350%2C200&ssl=1 1x, https:\/\/i0.wp.com\/webdelmaestrocmf.com\/portal\/wp-content\/uploads\/2022\/03\/1-44.jpg?resize=525%2C300&ssl=1 1.5x, https:\/\/i0.wp.com\/webdelmaestrocmf.com\/portal\/wp-content\/uploads\/2022\/03\/1-44.jpg?resize=700%2C400&ssl=1 2x, https:\/\/i0.wp.com\/webdelmaestrocmf.com\/portal\/wp-content\/uploads\/2022\/03\/1-44.jpg?resize=1050%2C600&ssl=1 3x"},"classes":[]},{"id":24986,"url":"https:\/\/webdelmaestrocmf.com\/portal\/los-test-que-miden-el-coeficiente-intelectual-no-sirven\/","url_meta":{"origin":86288,"position":2},"title":"Howard Gardner: Los test que miden el coeficiente intelectual, no sirven","author":"Web del Maestro CMF","date":"8 febrero, 2022","format":false,"excerpt":"La interpretaci\u00f3n de los test de inteligencia ha cambiado mucho en las \u00faltimas d\u00e9cadas. Frente a la tradicional clasificaci\u00f3n de las personas seg\u00fan sus resultados, actualmente los psic\u00f3logos conciben la inteligencia como algo global, a lo que denominan inteligencias m\u00faltiples; una persona no es una cifra. El WISC y el\u2026","rel":"","context":"En \u00abEntrevistas\u00bb","block_context":{"text":"Entrevistas","link":"https:\/\/webdelmaestrocmf.com\/portal\/category\/noticias\/entrevistas\/"},"img":{"alt_text":"","src":"https:\/\/i0.wp.com\/webdelmaestrocmf.com\/portal\/wp-content\/uploads\/2018\/01\/2-19.jpg?resize=350%2C200&ssl=1","width":350,"height":200,"srcset":"https:\/\/i0.wp.com\/webdelmaestrocmf.com\/portal\/wp-content\/uploads\/2018\/01\/2-19.jpg?resize=350%2C200&ssl=1 1x, https:\/\/i0.wp.com\/webdelmaestrocmf.com\/portal\/wp-content\/uploads\/2018\/01\/2-19.jpg?resize=525%2C300&ssl=1 1.5x, https:\/\/i0.wp.com\/webdelmaestrocmf.com\/portal\/wp-content\/uploads\/2018\/01\/2-19.jpg?resize=700%2C400&ssl=1 2x, https:\/\/i0.wp.com\/webdelmaestrocmf.com\/portal\/wp-content\/uploads\/2018\/01\/2-19.jpg?resize=1050%2C600&ssl=1 3x"},"classes":[]},{"id":66829,"url":"https:\/\/webdelmaestrocmf.com\/portal\/alexander-ortiz-existen-multiples-inteligencias-humanas-o-en-realidad-es-solo-una\/","url_meta":{"origin":86288,"position":3},"title":"[Alexander Ortiz] \u00bfExisten m\u00faltiples inteligencias humanas o en realidad es solo una?","author":"Web del Maestro CMF","date":"20 agosto, 2021","format":false,"excerpt":"La idea de fraccionar al ser humano en m\u00faltiples destrezas, habilidades, aptitudes y\/o capacidades no es nueva en la historia de la humanidad. Siempre han existido autores que han propuesto varios indicadores o facultades humanas. A lo largo de la historia de la humanidad el n\u00famero de aptitudes ha venido\u2026","rel":"","context":"En \u00abZ-Colaboradores\u00bb","block_context":{"text":"Z-Colaboradores","link":"https:\/\/webdelmaestrocmf.com\/portal\/category\/colaborador\/"},"img":{"alt_text":"","src":"https:\/\/i0.wp.com\/webdelmaestrocmf.com\/portal\/wp-content\/uploads\/2021\/08\/1-139.jpg?resize=350%2C200&ssl=1","width":350,"height":200,"srcset":"https:\/\/i0.wp.com\/webdelmaestrocmf.com\/portal\/wp-content\/uploads\/2021\/08\/1-139.jpg?resize=350%2C200&ssl=1 1x, https:\/\/i0.wp.com\/webdelmaestrocmf.com\/portal\/wp-content\/uploads\/2021\/08\/1-139.jpg?resize=525%2C300&ssl=1 1.5x, https:\/\/i0.wp.com\/webdelmaestrocmf.com\/portal\/wp-content\/uploads\/2021\/08\/1-139.jpg?resize=700%2C400&ssl=1 2x, https:\/\/i0.wp.com\/webdelmaestrocmf.com\/portal\/wp-content\/uploads\/2021\/08\/1-139.jpg?resize=1050%2C600&ssl=1 3x"},"classes":[]},{"id":22200,"url":"https:\/\/webdelmaestrocmf.com\/portal\/guias-didacticas-inteligencias-multiples\/","url_meta":{"origin":86288,"position":4},"title":"Ayuda docente: Gu\u00edas did\u00e1cticas para inteligencias m\u00faltiples","author":"Web del Maestro CMF","date":"17 septiembre, 2021","format":false,"excerpt":"Muchos profesores y centros educativos trabajan actualmente con la filosof\u00eda y las metodolog\u00edas que se derivan de la Teor\u00eda de las Inteligencias M\u00faltiples creada por Howard Gardner, premio Pr\u00edncipe de Asturias de las ciencias sociales en 2011. Con el fin de apoyar el trabajo de los docentes en el desarrollo\u2026","rel":"","context":"En \u00abInteligencias m\u00faltiples\u00bb","block_context":{"text":"Inteligencias m\u00faltiples","link":"https:\/\/webdelmaestrocmf.com\/portal\/category\/pedagogia\/inteligencias-multiples\/"},"img":{"alt_text":"","src":"https:\/\/i0.wp.com\/webdelmaestrocmf.com\/portal\/wp-content\/uploads\/2021\/09\/1-15.jpeg?resize=350%2C200&ssl=1","width":350,"height":200,"srcset":"https:\/\/i0.wp.com\/webdelmaestrocmf.com\/portal\/wp-content\/uploads\/2021\/09\/1-15.jpeg?resize=350%2C200&ssl=1 1x, https:\/\/i0.wp.com\/webdelmaestrocmf.com\/portal\/wp-content\/uploads\/2021\/09\/1-15.jpeg?resize=525%2C300&ssl=1 1.5x, https:\/\/i0.wp.com\/webdelmaestrocmf.com\/portal\/wp-content\/uploads\/2021\/09\/1-15.jpeg?resize=700%2C400&ssl=1 2x"},"classes":[]},{"id":8823,"url":"https:\/\/webdelmaestrocmf.com\/portal\/como-aplicar-la-teoria-de-las-inteligencias-multiples-en-el-aula\/","url_meta":{"origin":86288,"position":5},"title":"C\u00f3mo aplicar la teor\u00eda de las inteligencias m\u00faltiples en el aula","author":"Web del Maestro CMF","date":"24 mayo, 2024","format":false,"excerpt":"La educaci\u00f3n es un viaje hacia el conocimiento y el desarrollo personal. En este viaje, cada estudiante es \u00fanico, con talentos y habilidades que merecen ser cultivados. La Teor\u00eda de las Inteligencias M\u00faltiples, propuesta por Howard Gardner, ofrece una perspectiva revolucionaria sobre la diversidad de las capacidades humanas. En este\u2026","rel":"","context":"En \u00abInteligencias m\u00faltiples\u00bb","block_context":{"text":"Inteligencias m\u00faltiples","link":"https:\/\/webdelmaestrocmf.com\/portal\/category\/pedagogia\/inteligencias-multiples\/"},"img":{"alt_text":"Inteligencias M\u00faltiples","src":"https:\/\/i0.wp.com\/webdelmaestrocmf.com\/portal\/wp-content\/uploads\/2023\/11\/Banner-1-portada-imagen-10-1-2024-05-24T125226.951.jpg?resize=350%2C200&ssl=1","width":350,"height":200,"srcset":"https:\/\/i0.wp.com\/webdelmaestrocmf.com\/portal\/wp-content\/uploads\/2023\/11\/Banner-1-portada-imagen-10-1-2024-05-24T125226.951.jpg?resize=350%2C200&ssl=1 1x, https:\/\/i0.wp.com\/webdelmaestrocmf.com\/portal\/wp-content\/uploads\/2023\/11\/Banner-1-portada-imagen-10-1-2024-05-24T125226.951.jpg?resize=525%2C300&ssl=1 1.5x, https:\/\/i0.wp.com\/webdelmaestrocmf.com\/portal\/wp-content\/uploads\/2023\/11\/Banner-1-portada-imagen-10-1-2024-05-24T125226.951.jpg?resize=700%2C400&ssl=1 2x"},"classes":[]}],"_links":{"self":[{"href":"https:\/\/webdelmaestrocmf.com\/portal\/wp-json\/wp\/v2\/posts\/86288","targetHints":{"allow":["GET"]}}],"collection":[{"href":"https:\/\/webdelmaestrocmf.com\/portal\/wp-json\/wp\/v2\/posts"}],"about":[{"href":"https:\/\/webdelmaestrocmf.com\/portal\/wp-json\/wp\/v2\/types\/post"}],"author":[{"embeddable":true,"href":"https:\/\/webdelmaestrocmf.com\/portal\/wp-json\/wp\/v2\/users\/1"}],"replies":[{"embeddable":true,"href":"https:\/\/webdelmaestrocmf.com\/portal\/wp-json\/wp\/v2\/comments?post=86288"}],"version-history":[{"count":0,"href":"https:\/\/webdelmaestrocmf.com\/portal\/wp-json\/wp\/v2\/posts\/86288\/revisions"}],"wp:featuredmedia":[{"embeddable":true,"href":"https:\/\/webdelmaestrocmf.com\/portal\/wp-json\/wp\/v2\/media\/105336"}],"wp:attachment":[{"href":"https:\/\/webdelmaestrocmf.com\/portal\/wp-json\/wp\/v2\/media?parent=86288"}],"wp:term":[{"taxonomy":"category","embeddable":true,"href":"https:\/\/webdelmaestrocmf.com\/portal\/wp-json\/wp\/v2\/categories?post=86288"},{"taxonomy":"post_tag","embeddable":true,"href":"https:\/\/webdelmaestrocmf.com\/portal\/wp-json\/wp\/v2\/tags?post=86288"}],"curies":[{"name":"wp","href":"https:\/\/api.w.org\/{rel}","templated":true}]}}