{"id":86206,"date":"2024-12-17T12:00:50","date_gmt":"2024-12-17T15:00:50","guid":{"rendered":"https:\/\/webdelmaestrocmf.com\/portal\/?p=86206"},"modified":"2025-08-04T09:34:21","modified_gmt":"2025-08-04T13:34:21","slug":"la-filosofia-en-el-aula-importancia-de-la-ensenanza-de-la-filosofia-en-la-educacion-basica-y-media","status":"publish","type":"post","link":"https:\/\/webdelmaestrocmf.com\/portal\/la-filosofia-en-el-aula-importancia-de-la-ensenanza-de-la-filosofia-en-la-educacion-basica-y-media\/","title":{"rendered":"\u00bfPor qu\u00e9 muchos estados o pa\u00edses eliminaron el curso de filosof\u00eda de la curr\u00edcula acad\u00e9mica?"},"content":{"rendered":"<p style=\"text-align: justify;\" data-sourcepos=\"5:1-5:440\">La filosof\u00eda, por siglos considerada la madre de todas las ciencias, ha sido un pilar fundamental en la formaci\u00f3n de pensadores y l\u00edderes. Sin embargo, en las \u00faltimas d\u00e9cadas, hemos sido testigos de una creciente tendencia a marginar esta disciplina de los curr\u00edculos escolares.<!--more--><\/p>\n<p style=\"text-align: justify;\" data-sourcepos=\"5:1-5:440\">Este art\u00edculo explorar\u00e1 las razones detr\u00e1s de esta preocupante situaci\u00f3n, as\u00ed como las consecuencias de esta decisi\u00f3n para la educaci\u00f3n y la sociedad en general.<\/p>\n<h2 style=\"text-align: left;\" data-sourcepos=\"7:1-7:62\"><strong>La Filosof\u00eda\u00a0<\/strong><\/h2>\n<p style=\"text-align: justify;\" data-sourcepos=\"9:1-9:231\">La filosof\u00eda no es solo una materia abstracta o te\u00f3rica; es una herramienta esencial para el desarrollo integral del individuo. Al fomentar el pensamiento cr\u00edtico, la reflexi\u00f3n y la b\u00fasqueda de la verdad, la filosof\u00eda contribuye a:<\/p>\n<ul style=\"text-align: justify;\" data-sourcepos=\"11:1-15:0\">\n<li data-sourcepos=\"11:1-11:173\"><strong>Desarrollar habilidades cognitivas:<\/strong> La filosof\u00eda estimula el razonamiento l\u00f3gico, la resoluci\u00f3n de problemas y la capacidad de analizar informaci\u00f3n de manera objetiva.<\/li>\n<li data-sourcepos=\"12:1-12:153\"><strong>Fomentar la creatividad:<\/strong> Al cuestionar las premisas establecidas y buscar nuevas perspectivas, la filosof\u00eda impulsa la imaginaci\u00f3n y la innovaci\u00f3n.<\/li>\n<li data-sourcepos=\"13:1-13:169\"><strong>Promover la empat\u00eda y la tolerancia:<\/strong> El estudio de diferentes corrientes filos\u00f3ficas y culturas ayuda a comprender y valorar la diversidad de ideas y experiencias.<\/li>\n<li data-sourcepos=\"14:1-15:0\"><strong>Cultivar la ciudadan\u00eda activa:<\/strong> La filosof\u00eda fomenta el compromiso c\u00edvico y la participaci\u00f3n en la vida p\u00fablica, al proporcionar las herramientas necesarias para analizar y evaluar las cuestiones sociales y pol\u00edticas.<\/li>\n<\/ul>\n<h2 style=\"text-align: left;\" data-sourcepos=\"16:1-16:55\"><strong>\u00bfPor qu\u00e9 se elimina la filosof\u00eda de los curr\u00edculos?<\/strong><\/h2>\n<p style=\"text-align: justify;\" data-sourcepos=\"18:1-18:95\">Las razones detr\u00e1s de la disminuci\u00f3n de la ense\u00f1anza de la filosof\u00eda son m\u00faltiples y complejas:<\/p>\n<ul style=\"text-align: justify;\" data-sourcepos=\"20:1-24:0\">\n<li data-sourcepos=\"20:1-20:239\"><strong>Enfoque en lo pr\u00e1ctico:<\/strong> La creciente demanda por profesionales t\u00e9cnicos y cient\u00edficos ha llevado a un mayor \u00e9nfasis en las disciplinas STEM (ciencia, tecnolog\u00eda, ingenier\u00eda y matem\u00e1ticas), relegando a la filosof\u00eda a un segundo plano.<\/li>\n<li data-sourcepos=\"21:1-21:259\"><strong>Presi\u00f3n por los resultados:<\/strong> La evaluaci\u00f3n estandarizada y el enfoque en los resultados cuantitativos han llevado a priorizar aquellas disciplinas que son m\u00e1s f\u00e1ciles de evaluar y que se perciben como m\u00e1s directamente relacionadas con el \u00e9xito acad\u00e9mico.<\/li>\n<li data-sourcepos=\"22:1-22:293\"><strong>Recortes presupuestarios:<\/strong> Las crisis econ\u00f3micas y los recortes en la educaci\u00f3n han obligado a muchos sistemas educativos a tomar decisiones dif\u00edciles, y la filosof\u00eda, al no ser considerada una materia esencial para el desarrollo econ\u00f3mico, suele ser una de las primeras en ser eliminada.<\/li>\n<li data-sourcepos=\"23:1-24:0\"><strong>Falta de valorizaci\u00f3n:<\/strong> En algunos casos, existe una falta de reconocimiento del valor de la filosof\u00eda y de su contribuci\u00f3n al desarrollo humano.<\/li>\n<\/ul>\n<h2 style=\"text-align: left;\" data-sourcepos=\"25:1-25:46\"><strong>Las consecuencias de eliminar la filosof\u00eda<\/strong><\/h2>\n<p style=\"text-align: justify;\" data-sourcepos=\"27:1-27:117\">La eliminaci\u00f3n de la filosof\u00eda de los curr\u00edculos tiene consecuencias a largo plazo para los individuos y la sociedad:<\/p>\n<ul style=\"text-align: justify;\" data-sourcepos=\"29:1-32:0\">\n<li data-sourcepos=\"29:1-29:172\"><strong>Estudiantes menos cr\u00edticos:<\/strong> Sin la formaci\u00f3n filos\u00f3fica, los estudiantes pueden ser m\u00e1s susceptibles a la manipulaci\u00f3n y menos capaces de tomar decisiones informadas.<\/li>\n<li data-sourcepos=\"30:1-30:182\"><strong>Ciudadanos menos comprometidos:<\/strong> La falta de pensamiento cr\u00edtico y de una comprensi\u00f3n profunda de los valores democr\u00e1ticos puede llevar a una ciudadan\u00eda ap\u00e1tica y desinteresada.<\/li>\n<li data-sourcepos=\"31:1-32:0\"><strong>Sociedades menos justas:<\/strong> Una sociedad sin ciudadanos capaces de pensar de manera cr\u00edtica y \u00e9tica es m\u00e1s vulnerable a la injusticia y la desigualdad.<\/li>\n<\/ul>\n<p style=\"text-align: justify;\" data-sourcepos=\"33:1-33:14\"><strong>Conclusi\u00f3n<\/strong><\/p>\n<p style=\"text-align: justify;\" data-sourcepos=\"35:1-35:385\">La filosof\u00eda es un bien invaluable que debe ser preservado y promovido en la educaci\u00f3n. Al eliminar la filosof\u00eda de los curr\u00edculos, estamos renunciando a una parte fundamental de nuestra humanidad y condenando a las futuras generaciones a una vida menos plena y significativa. Es hora de reconocer el valor de la filosof\u00eda y de luchar por su reincorporaci\u00f3n en los sistemas educativos.<\/p>\n<h2 style=\"text-align: left;\"><strong>Libro \u201cLa Filosof\u00eda en el Aula\u00bb de Matthew Lipman<\/strong><\/h2>\n<p style=\"text-align: justify;\">\u00abLa Filosof\u00eda en el Aula\u00bb de Matthew Lipman, A.M. Sharp y F.S. Oscanyan es un libro que aborda la importancia de la ense\u00f1anza de la filosof\u00eda en la educaci\u00f3n b\u00e1sica y media.<\/p>\n<p style=\"text-align: justify;\">Los autores proponen que la filosof\u00eda puede ser una herramienta valiosa para fomentar el pensamiento cr\u00edtico, la creatividad y el di\u00e1logo en los estudiantes.<\/p>\n<p style=\"text-align: justify;\">A trav\u00e9s de la presentaci\u00f3n de una serie de ejemplos de di\u00e1logos filos\u00f3ficos en el aula, los autores muestran c\u00f3mo la ense\u00f1anza de la filosof\u00eda puede ser accesible y relevante para los estudiantes de todas las edades y niveles educativos.<\/p>\n<p style=\"text-align: justify;\">Adem\u00e1s, ofrecen una serie de pautas y sugerencias para la implementaci\u00f3n de la filosof\u00eda en el aula, incluyendo el uso de literatura infantil y juvenil para generar preguntas filos\u00f3ficas y debates.<\/p>\n<p><img loading=\"lazy\" decoding=\"async\" class=\"alignnone size-large wp-image-86209\" src=\"https:\/\/webdelmaestrocmf.com\/portal\/wp-content\/uploads\/2023\/03\/A12B3C4D2-34-1024x563.jpg\" alt=\"\" width=\"1024\" height=\"563\" srcset=\"https:\/\/webdelmaestrocmf.com\/portal\/wp-content\/uploads\/2023\/03\/A12B3C4D2-34-1024x563.jpg 1024w, https:\/\/webdelmaestrocmf.com\/portal\/wp-content\/uploads\/2023\/03\/A12B3C4D2-34-300x165.jpg 300w, https:\/\/webdelmaestrocmf.com\/portal\/wp-content\/uploads\/2023\/03\/A12B3C4D2-34-768x422.jpg 768w, https:\/\/webdelmaestrocmf.com\/portal\/wp-content\/uploads\/2023\/03\/A12B3C4D2-34-110x61.jpg 110w, https:\/\/webdelmaestrocmf.com\/portal\/wp-content\/uploads\/2023\/03\/A12B3C4D2-34-200x110.jpg 200w, https:\/\/webdelmaestrocmf.com\/portal\/wp-content\/uploads\/2023\/03\/A12B3C4D2-34-380x209.jpg 380w, https:\/\/webdelmaestrocmf.com\/portal\/wp-content\/uploads\/2023\/03\/A12B3C4D2-34-255x140.jpg 255w, https:\/\/webdelmaestrocmf.com\/portal\/wp-content\/uploads\/2023\/03\/A12B3C4D2-34-550x303.jpg 550w, https:\/\/webdelmaestrocmf.com\/portal\/wp-content\/uploads\/2023\/03\/A12B3C4D2-34-800x440.jpg 800w, https:\/\/webdelmaestrocmf.com\/portal\/wp-content\/uploads\/2023\/03\/A12B3C4D2-34.jpg 1100w\" sizes=\"auto, (max-width: 1024px) 100vw, 1024px\" \/><\/p>\n<p style=\"text-align: justify;\">Esta edici\u00f3n habla del aprendizaje y desarrollo de los ni\u00f1os y de su incorporaci\u00f3n a la vida adulta. parece que todos hemos llegado al convencimiento de que la tarea fundamental de los ni\u00f1os en el sistema educativo es aprender a pensar, a lo que se podr\u00eda a\u00f1adir aprender a aprender.<\/p>\n<p style=\"text-align: justify;\">El programa Filosof\u00eda para Ni\u00f1os es una de las propuestas m\u00e1s s\u00f3lidamente elaboradas en este objetivo y este libro de Lipman constituye, sin duda, la mejor exposici\u00f3n de su teor\u00eda.<\/p>\n<p><iframe loading=\"lazy\" src=\"https:\/\/drive.google.com\/file\/d\/1nCVX7SqzD4lqlmZbkZmUJ3owtg9IYOGl\/preview\" width=\"100%\" height=\"600\"><span data-mce-type=\"bookmark\" style=\"display: inline-block; width: 0px; overflow: hidden; line-height: 0;\" class=\"mce_SELRES_start\">\ufeff<\/span><\/iframe><\/p>\n<p style=\"text-align: center;\">Recomendamos a la Comunidad Educativa Digital tener en cuenta que, el enlace y\/o la carpeta en donde est\u00e1n alojados los libros, recursos y\/o materiales, no es administrado por la Web del Maestro CMF, pueda ser que en cuesti\u00f3n de d\u00edas (o seg\u00fan el tiempo transcurrido desde su publicaci\u00f3n), los enlaces no funcionen y el material ya no se encuentre disponible. Gracias por su comprensi\u00f3n.<\/p>\n<p style=\"text-align: center;\">ENLACE DE LECTURA: <a href=\"https:\/\/drive.google.com\/file\/d\/1nCVX7SqzD4lqlmZbkZmUJ3owtg9IYOGl\/view\" target=\"_blank\" rel=\"noopener\">LA FILOSOF\u00cdA EN EL AULA<\/a><\/p>\n<p style=\"text-align: center;\"><strong>Si te sirvi\u00f3 el material, ap\u00f3yanos con un clic. Nos ayudar\u00e1 a mantener el servicio.<\/strong><br \/>\u00a1Comparte y as\u00ed m\u00e1s docentes utilizar\u00e1n estos recursos gratis! Muchas gracias.<\/p>\n\t\t<div class=\"pk-inline-posts\">\n\t\t\t\n\t\t\t<div class=\"pk-inline-posts-container pk-inline-posts-template-list\"\n\t\t\t\tdata-columns=\"1\">\n\t\t\t\t\t\t<article id=\"post-118051\" class=\"post-118051 post type-post status-publish format-standard has-post-thumbnail category-lectoescritura category-leer category-libros category-pedagogia tag-aula tag-comprension-lectora tag-creatividad tag-dia-del-libro tag-docentes tag-fichas-educativas tag-lectura tag-manualidades tag-material-didactico tag-recursos-educativos cs-entry cs-video-wrap\">\n\t\t\t<div class=\"pk-post-outer\">\n\n\t\t\t\t\t\t\t\t<div class=\"pk-post-inner\">\n\t\t\t\t\t<div class=\"entry-thumbnail\">\n\t\t\t\t\t\t<div class=\"pk-overlay pk-overlay-ratio pk-ratio-landscape\">\n\t\t\t\t\t\t\t<div class=\"pk-overlay-background\">\n\t\t\t\t\t\t\t\t<a href=\"https:\/\/webdelmaestrocmf.com\/portal\/dia-del-libro-23-de-abril-descarga-las-actividades-recursos-fichas-manualidades-y-materiales-motivadores-para-transformar-la-lectura-en-el-aula\/\" class=\"pk-overlay-link\">\n\t\t\t\t\t\t\t\t\t<img loading=\"lazy\" decoding=\"async\" width=\"300\" height=\"225\" src=\"https:\/\/webdelmaestrocmf.com\/portal\/wp-content\/uploads\/2026\/04\/1AA-Banner-1-portada-imagen-10-1-copia-23-300x225.webp\" class=\"attachment-pk-thumbnail size-pk-thumbnail wp-post-image\" alt=\"\" \/>\t\t\t\t\t\t\t\t<\/a>\n\t\t\t\t\t\t\t<\/div>\n\t\t\t\t\t\t<\/div>\n\t\t\t\t\t<\/div>\n\t\t\t\t<\/div>\n\t\t\t\t\n\t\t\t\t<div class=\"pk-post-inner\">\n\t\t\t\t\t<header>\n\t\t\t\t\t\t<h3 class=\"pk-title\"><a href=\"https:\/\/webdelmaestrocmf.com\/portal\/dia-del-libro-23-de-abril-descarga-las-actividades-recursos-fichas-manualidades-y-materiales-motivadores-para-transformar-la-lectura-en-el-aula\/\" rel=\"bookmark\">D\u00eda del Libro (23 de abril): Descarga las actividades, recursos, fichas, manualidades, materiales y pulseras motivadores para transformar la lectura en el aula<\/a><\/h3>\t\t\t\t\t<\/header><!-- .entry-header -->\n\t\t\t\t<\/div><!-- .post-inner -->\n\n\t\t\t<\/div><!-- .post-outer -->\n\t\t<\/article>\n\t\t\t<article id=\"post-118127\" class=\"post-118127 post type-post status-publish format-standard has-post-thumbnail category-descarga category-libros category-pedagogia tag-aula tag-docentes tag-educacion-2 tag-evaluacion-2 tag-formacion-docente tag-innovacion-2 tag-inteligencia-artificial tag-planificacion-3 tag-recursos-educativos tag-tecnologia-educativa-2 cs-entry cs-video-wrap\">\n\t\t\t<div class=\"pk-post-outer\">\n\n\t\t\t\t\t\t\t\t<div class=\"pk-post-inner\">\n\t\t\t\t\t<div class=\"entry-thumbnail\">\n\t\t\t\t\t\t<div class=\"pk-overlay pk-overlay-ratio pk-ratio-landscape\">\n\t\t\t\t\t\t\t<div class=\"pk-overlay-background\">\n\t\t\t\t\t\t\t\t<a href=\"https:\/\/webdelmaestrocmf.com\/portal\/guia-completa-de-claude-que-es-esta-guia-y-por-que-es-relevante-para-los-docentes\/\" class=\"pk-overlay-link\">\n\t\t\t\t\t\t\t\t\t<img loading=\"lazy\" decoding=\"async\" width=\"300\" height=\"225\" src=\"https:\/\/webdelmaestrocmf.com\/portal\/wp-content\/uploads\/2026\/04\/1AA-Banner-1-portada-imagen-10-1-copia-32-300x225.webp\" class=\"attachment-pk-thumbnail size-pk-thumbnail wp-post-image\" alt=\"\" \/>\t\t\t\t\t\t\t\t<\/a>\n\t\t\t\t\t\t\t<\/div>\n\t\t\t\t\t\t<\/div>\n\t\t\t\t\t<\/div>\n\t\t\t\t<\/div>\n\t\t\t\t\n\t\t\t\t<div class=\"pk-post-inner\">\n\t\t\t\t\t<header>\n\t\t\t\t\t\t<h3 class=\"pk-title\"><a href=\"https:\/\/webdelmaestrocmf.com\/portal\/guia-completa-de-claude-que-es-esta-guia-y-por-que-es-relevante-para-los-docentes\/\" rel=\"bookmark\">Descarga la gu\u00eda completa de Claude en PDF: \u00bfQu\u00e9 es esta gu\u00eda y por qu\u00e9 es relevante para los docentes?<\/a><\/h3>\t\t\t\t\t<\/header><!-- .entry-header -->\n\t\t\t\t<\/div><!-- .post-inner -->\n\n\t\t\t<\/div><!-- .post-outer -->\n\t\t<\/article>\n\t\t\t<article id=\"post-98052\" class=\"post-98052 post type-post status-publish format-standard has-post-thumbnail category-educacion-emocional category-libros category-pedagogia tag-aula tag-beneficios-de-la-educacion-emocional tag-como-ensenar-educacion-emocional tag-educacion-emocional tag-educacion-emocional-en-el-aula tag-educacion-emocional-en-primaria tag-secundaria cs-entry cs-video-wrap\">\n\t\t\t<div class=\"pk-post-outer\">\n\n\t\t\t\t\t\t\t\t<div class=\"pk-post-inner\">\n\t\t\t\t\t<div class=\"entry-thumbnail\">\n\t\t\t\t\t\t<div class=\"pk-overlay pk-overlay-ratio pk-ratio-landscape\">\n\t\t\t\t\t\t\t<div class=\"pk-overlay-background\">\n\t\t\t\t\t\t\t\t<a href=\"https:\/\/webdelmaestrocmf.com\/portal\/educacion-emocional-por-que-es-importante-y-como-implementarla-en-primaria-y-secundaria\/\" class=\"pk-overlay-link\">\n\t\t\t\t\t\t\t\t\t<img loading=\"lazy\" decoding=\"async\" width=\"300\" height=\"225\" src=\"https:\/\/webdelmaestrocmf.com\/portal\/wp-content\/uploads\/2026\/03\/1AA-Banner-1-portada-imagen-10-1-copia-1-6-300x225.webp\" class=\"attachment-pk-thumbnail size-pk-thumbnail wp-post-image\" alt=\"\" \/>\t\t\t\t\t\t\t\t<\/a>\n\t\t\t\t\t\t\t<\/div>\n\t\t\t\t\t\t<\/div>\n\t\t\t\t\t<\/div>\n\t\t\t\t<\/div>\n\t\t\t\t\n\t\t\t\t<div class=\"pk-post-inner\">\n\t\t\t\t\t<header>\n\t\t\t\t\t\t<h3 class=\"pk-title\"><a href=\"https:\/\/webdelmaestrocmf.com\/portal\/educacion-emocional-por-que-es-importante-y-como-implementarla-en-primaria-y-secundaria\/\" rel=\"bookmark\">Educaci\u00f3n emocional: descarga el cuaderno de regulaci\u00f3n emocional para primaria, herramientas pr\u00e1cticas para secundaria y una gu\u00eda completa para el docente<\/a><\/h3>\t\t\t\t\t<\/header><!-- .entry-header -->\n\t\t\t\t<\/div><!-- .post-inner -->\n\n\t\t\t<\/div><!-- .post-outer -->\n\t\t<\/article>\n\t\t\t\t<\/div>\n\t\t<\/div>\n\t\t\n\n\n<p><\/p>\n","protected":false},"excerpt":{"rendered":"La filosof\u00eda, por siglos considerada la madre de todas las ciencias, ha sido un pilar fundamental en la&hellip;","protected":false},"author":1,"featured_media":107173,"comment_status":"open","ping_status":"closed","sticky":false,"template":"","format":"standard","meta":{"csco_display_header_overlay":false,"csco_singular_sidebar":"default","csco_page_header_type":"default","csco_page_load_nextpost":"default","csco_post_video_location":[],"csco_post_video_location_hash":"","csco_post_video_url":"","csco_post_video_bg_start_time":0,"csco_post_video_bg_end_time":0,"csco_post_video_bg_volume":false,"_jetpack_memberships_contains_paid_content":false,"footnotes":""},"categories":[504,735],"tags":[2295,596,4088,1233,73,2220,217,5454,2556,55,2010,16261,867,15905,96,2515,15746,1303,2317,1185,15744,1760,15745,5625,16260,15747,1571,3988],"class_list":{"0":"post-86206","1":"post","2":"type-post","3":"status-publish","4":"format-standard","5":"has-post-thumbnail","7":"category-libros","8":"category-pedagogia","9":"tag-academica","10":"tag-aula","11":"tag-autores","12":"tag-basica","13":"tag-creatividad","14":"tag-curricula","15":"tag-dialogo","16":"tag-dialogos","17":"tag-edades","18":"tag-educacion","19":"tag-ejemplos","20":"tag-eliminaron","21":"tag-ensenanza","22":"tag-estados","23":"tag-estudiantes","24":"tag-filosofia","25":"tag-filosoficos","26":"tag-fomentar","27":"tag-herramienta","28":"tag-importancia","29":"tag-la-filosofia-en-el-aula","30":"tag-libro","31":"tag-matthew-lipman","32":"tag-media","33":"tag-muchos","34":"tag-niveles-educativos","35":"tag-paises","36":"tag-pensamiento-critico","37":"cs-entry","38":"cs-video-wrap"},"yoast_head":"<!-- This site is optimized with the Yoast SEO plugin v27.5 - https:\/\/yoast.com\/product\/yoast-seo-wordpress\/ -->\n<title>\u00bfPor qu\u00e9 muchos estados o pa\u00edses eliminaron el curso de filosof\u00eda de la curr\u00edcula acad\u00e9mica? - 2026<\/title>\n<meta name=\"description\" content=\"Esta edici\u00f3n habla del aprendizaje y desarrollo de los ni\u00f1os y de su incorporaci\u00f3n a la vida adulta. parece que todos...\" \/>\n<meta name=\"robots\" content=\"index, follow, max-snippet:-1, max-image-preview:large, max-video-preview:-1\" \/>\n<link rel=\"canonical\" href=\"https:\/\/webdelmaestrocmf.com\/portal\/la-filosofia-en-el-aula-importancia-de-la-ensenanza-de-la-filosofia-en-la-educacion-basica-y-media\/\" \/>\n<meta property=\"og:locale\" content=\"es_ES\" \/>\n<meta property=\"og:type\" content=\"article\" \/>\n<meta property=\"og:title\" content=\"\u00bfPor qu\u00e9 muchos estados o pa\u00edses eliminaron el curso de filosof\u00eda de la curr\u00edcula acad\u00e9mica? - 2026\" \/>\n<meta property=\"og:description\" content=\"Esta edici\u00f3n habla del aprendizaje y desarrollo de los ni\u00f1os y de su incorporaci\u00f3n a la vida adulta. parece que todos...\" \/>\n<meta property=\"og:url\" content=\"https:\/\/webdelmaestrocmf.com\/portal\/la-filosofia-en-el-aula-importancia-de-la-ensenanza-de-la-filosofia-en-la-educacion-basica-y-media\/\" \/>\n<meta property=\"og:site_name\" content=\"Web del Maestro CMF\" \/>\n<meta property=\"article:publisher\" content=\"https:\/\/www.facebook.com\/WebdelMaestroCMF\/\" \/>\n<meta property=\"article:author\" content=\"https:\/\/www.facebook.com\/WebdelMaestroCMF\/\" \/>\n<meta property=\"article:published_time\" content=\"2024-12-17T15:00:50+00:00\" \/>\n<meta property=\"article:modified_time\" content=\"2025-08-04T13:34:21+00:00\" \/>\n<meta property=\"og:image\" content=\"https:\/\/webdelmaestrocmf.com\/portal\/wp-content\/uploads\/2023\/05\/Banner-1-portada-imagen-10-1-2.png\" \/>\n\t<meta property=\"og:image:width\" content=\"1024\" \/>\n\t<meta property=\"og:image:height\" content=\"1024\" \/>\n\t<meta property=\"og:image:type\" content=\"image\/png\" \/>\n<meta name=\"author\" content=\"Web del Maestro CMF\" \/>\n<meta name=\"twitter:card\" content=\"summary_large_image\" \/>\n<meta name=\"twitter:creator\" content=\"@cmf_w\" \/>\n<meta name=\"twitter:site\" content=\"@cmf_w\" \/>\n<script type=\"application\/ld+json\" class=\"yoast-schema-graph\">{\"@context\":\"https:\\\/\\\/schema.org\",\"@graph\":[{\"@type\":\"ScholarlyArticle\",\"@id\":\"https:\\\/\\\/webdelmaestrocmf.com\\\/portal\\\/la-filosofia-en-el-aula-importancia-de-la-ensenanza-de-la-filosofia-en-la-educacion-basica-y-media\\\/#article\",\"isPartOf\":{\"@id\":\"https:\\\/\\\/webdelmaestrocmf.com\\\/portal\\\/la-filosofia-en-el-aula-importancia-de-la-ensenanza-de-la-filosofia-en-la-educacion-basica-y-media\\\/\"},\"author\":{\"name\":\"Web del Maestro CMF\",\"@id\":\"https:\\\/\\\/webdelmaestrocmf.com\\\/portal\\\/#\\\/schema\\\/person\\\/1072a2ed7bd960df8ef99a551fa35dc5\"},\"headline\":\"\u00bfPor qu\u00e9 muchos estados o pa\u00edses eliminaron el curso de filosof\u00eda de la curr\u00edcula acad\u00e9mica?\",\"datePublished\":\"2024-12-17T15:00:50+00:00\",\"dateModified\":\"2025-08-04T13:34:21+00:00\",\"mainEntityOfPage\":{\"@id\":\"https:\\\/\\\/webdelmaestrocmf.com\\\/portal\\\/la-filosofia-en-el-aula-importancia-de-la-ensenanza-de-la-filosofia-en-la-educacion-basica-y-media\\\/\"},\"wordCount\":997,\"commentCount\":0,\"publisher\":{\"@id\":\"https:\\\/\\\/webdelmaestrocmf.com\\\/portal\\\/#organization\"},\"image\":{\"@id\":\"https:\\\/\\\/webdelmaestrocmf.com\\\/portal\\\/la-filosofia-en-el-aula-importancia-de-la-ensenanza-de-la-filosofia-en-la-educacion-basica-y-media\\\/#primaryimage\"},\"thumbnailUrl\":\"https:\\\/\\\/webdelmaestrocmf.com\\\/portal\\\/wp-content\\\/uploads\\\/2023\\\/05\\\/Banner-1-portada-imagen-10-1-2.png\",\"keywords\":[\"ACAD\u00c9MICA\",\"aula\",\"AUTORES\",\"B\u00c1SICA\",\"creatividad\",\"curr\u00edcula\",\"DIALOGO\",\"di\u00e1logos\",\"EDADES\",\"EDUCACI\u00d3N\",\"EJEMPLOS\",\"eliminaron\",\"ENSE\u00d1ANZA\",\"estados\",\"estudiantes\",\"FILOSOF\u00cdA\",\"filos\u00f3ficos\",\"FOMENTAR\",\"HERRAMIENTA\",\"IMPORTANCIA\",\"La Filosof\u00eda en el Aula\",\"LIBRO\",\"Matthew Lipman\",\"media\",\"muchos\",\"niveles educativos\",\"pa\u00edses\",\"PENSAMIENTO CR\u00cdTICO\"],\"articleSection\":[\"Libros\",\"Recursos\"],\"inLanguage\":\"es\",\"potentialAction\":[{\"@type\":\"CommentAction\",\"name\":\"Comment\",\"target\":[\"https:\\\/\\\/webdelmaestrocmf.com\\\/portal\\\/la-filosofia-en-el-aula-importancia-de-la-ensenanza-de-la-filosofia-en-la-educacion-basica-y-media\\\/#respond\"]}]},{\"@type\":\"WebPage\",\"@id\":\"https:\\\/\\\/webdelmaestrocmf.com\\\/portal\\\/la-filosofia-en-el-aula-importancia-de-la-ensenanza-de-la-filosofia-en-la-educacion-basica-y-media\\\/\",\"url\":\"https:\\\/\\\/webdelmaestrocmf.com\\\/portal\\\/la-filosofia-en-el-aula-importancia-de-la-ensenanza-de-la-filosofia-en-la-educacion-basica-y-media\\\/\",\"name\":\"\u00bfPor qu\u00e9 muchos estados o pa\u00edses eliminaron el curso de filosof\u00eda de la curr\u00edcula acad\u00e9mica? - 2026\",\"isPartOf\":{\"@id\":\"https:\\\/\\\/webdelmaestrocmf.com\\\/portal\\\/#website\"},\"primaryImageOfPage\":{\"@id\":\"https:\\\/\\\/webdelmaestrocmf.com\\\/portal\\\/la-filosofia-en-el-aula-importancia-de-la-ensenanza-de-la-filosofia-en-la-educacion-basica-y-media\\\/#primaryimage\"},\"image\":{\"@id\":\"https:\\\/\\\/webdelmaestrocmf.com\\\/portal\\\/la-filosofia-en-el-aula-importancia-de-la-ensenanza-de-la-filosofia-en-la-educacion-basica-y-media\\\/#primaryimage\"},\"thumbnailUrl\":\"https:\\\/\\\/webdelmaestrocmf.com\\\/portal\\\/wp-content\\\/uploads\\\/2023\\\/05\\\/Banner-1-portada-imagen-10-1-2.png\",\"datePublished\":\"2024-12-17T15:00:50+00:00\",\"dateModified\":\"2025-08-04T13:34:21+00:00\",\"description\":\"Esta edici\u00f3n habla del aprendizaje y desarrollo de los ni\u00f1os y de su incorporaci\u00f3n a la vida adulta. parece que todos...\",\"breadcrumb\":{\"@id\":\"https:\\\/\\\/webdelmaestrocmf.com\\\/portal\\\/la-filosofia-en-el-aula-importancia-de-la-ensenanza-de-la-filosofia-en-la-educacion-basica-y-media\\\/#breadcrumb\"},\"inLanguage\":\"es\",\"potentialAction\":[{\"@type\":\"ReadAction\",\"target\":[\"https:\\\/\\\/webdelmaestrocmf.com\\\/portal\\\/la-filosofia-en-el-aula-importancia-de-la-ensenanza-de-la-filosofia-en-la-educacion-basica-y-media\\\/\"]}]},{\"@type\":\"ImageObject\",\"inLanguage\":\"es\",\"@id\":\"https:\\\/\\\/webdelmaestrocmf.com\\\/portal\\\/la-filosofia-en-el-aula-importancia-de-la-ensenanza-de-la-filosofia-en-la-educacion-basica-y-media\\\/#primaryimage\",\"url\":\"https:\\\/\\\/webdelmaestrocmf.com\\\/portal\\\/wp-content\\\/uploads\\\/2023\\\/05\\\/Banner-1-portada-imagen-10-1-2.png\",\"contentUrl\":\"https:\\\/\\\/webdelmaestrocmf.com\\\/portal\\\/wp-content\\\/uploads\\\/2023\\\/05\\\/Banner-1-portada-imagen-10-1-2.png\",\"width\":1024,\"height\":1024},{\"@type\":\"BreadcrumbList\",\"@id\":\"https:\\\/\\\/webdelmaestrocmf.com\\\/portal\\\/la-filosofia-en-el-aula-importancia-de-la-ensenanza-de-la-filosofia-en-la-educacion-basica-y-media\\\/#breadcrumb\",\"itemListElement\":[{\"@type\":\"ListItem\",\"position\":1,\"name\":\"Portada\",\"item\":\"https:\\\/\\\/webdelmaestrocmf.com\\\/portal\\\/\"},{\"@type\":\"ListItem\",\"position\":2,\"name\":\"Recursos\",\"item\":\"https:\\\/\\\/webdelmaestrocmf.com\\\/portal\\\/category\\\/pedagogia\\\/\"},{\"@type\":\"ListItem\",\"position\":3,\"name\":\"\u00bfPor qu\u00e9 muchos estados o pa\u00edses eliminaron el curso de filosof\u00eda de la curr\u00edcula acad\u00e9mica?\"}]},{\"@type\":\"WebSite\",\"@id\":\"https:\\\/\\\/webdelmaestrocmf.com\\\/portal\\\/#website\",\"url\":\"https:\\\/\\\/webdelmaestrocmf.com\\\/portal\\\/\",\"name\":\"Web del Maestro CMF\",\"description\":\"Maestros al servicio de la educaci\u00f3n\",\"publisher\":{\"@id\":\"https:\\\/\\\/webdelmaestrocmf.com\\\/portal\\\/#organization\"},\"alternateName\":\"WMCMF\",\"potentialAction\":[{\"@type\":\"SearchAction\",\"target\":{\"@type\":\"EntryPoint\",\"urlTemplate\":\"https:\\\/\\\/webdelmaestrocmf.com\\\/portal\\\/?s={search_term_string}\"},\"query-input\":{\"@type\":\"PropertyValueSpecification\",\"valueRequired\":true,\"valueName\":\"search_term_string\"}}],\"inLanguage\":\"es\"},{\"@type\":\"Organization\",\"@id\":\"https:\\\/\\\/webdelmaestrocmf.com\\\/portal\\\/#organization\",\"name\":\"Web del Maestro CMF\",\"alternateName\":\"WMCMF\",\"url\":\"https:\\\/\\\/webdelmaestrocmf.com\\\/portal\\\/\",\"logo\":{\"@type\":\"ImageObject\",\"inLanguage\":\"es\",\"@id\":\"https:\\\/\\\/webdelmaestrocmf.com\\\/portal\\\/#\\\/schema\\\/logo\\\/image\\\/\",\"url\":\"https:\\\/\\\/webdelmaestrocmf.com\\\/portal\\\/wp-content\\\/uploads\\\/2023\\\/01\\\/logo-wmcmf-2.png\",\"contentUrl\":\"https:\\\/\\\/webdelmaestrocmf.com\\\/portal\\\/wp-content\\\/uploads\\\/2023\\\/01\\\/logo-wmcmf-2.png\",\"width\":200,\"height\":60,\"caption\":\"Web del Maestro CMF\"},\"image\":{\"@id\":\"https:\\\/\\\/webdelmaestrocmf.com\\\/portal\\\/#\\\/schema\\\/logo\\\/image\\\/\"},\"sameAs\":[\"https:\\\/\\\/www.facebook.com\\\/WebdelMaestroCMF\\\/\",\"https:\\\/\\\/x.com\\\/cmf_w\",\"https:\\\/\\\/www.pinterest.com\\\/WMCMF\\\/\",\"https:\\\/\\\/www.linkedin.com\\\/company\\\/web-del-maestro-cmf\\\/\",\"https:\\\/\\\/www.instagram.com\\\/wmcmf\\\/\",\"https:\\\/\\\/www.youtube.com\\\/channel\\\/UCDPSvjbdodE5sHnC3OxutHw\",\"https:\\\/\\\/mastodon.social\\\/@wmcmf\",\"https:\\\/\\\/www.tiktok.com\\\/@webdelmaestrocmf\"]},{\"@type\":\"Person\",\"@id\":\"https:\\\/\\\/webdelmaestrocmf.com\\\/portal\\\/#\\\/schema\\\/person\\\/1072a2ed7bd960df8ef99a551fa35dc5\",\"name\":\"Web del Maestro CMF\",\"image\":{\"@type\":\"ImageObject\",\"inLanguage\":\"es\",\"@id\":\"https:\\\/\\\/secure.gravatar.com\\\/avatar\\\/23291dd5b5ae1077dcff3dbb04c3e02bd28403fa75af6d8787d5e97c5bbbe30b?s=96&d=mm&r=g\",\"url\":\"https:\\\/\\\/secure.gravatar.com\\\/avatar\\\/23291dd5b5ae1077dcff3dbb04c3e02bd28403fa75af6d8787d5e97c5bbbe30b?s=96&d=mm&r=g\",\"contentUrl\":\"https:\\\/\\\/secure.gravatar.com\\\/avatar\\\/23291dd5b5ae1077dcff3dbb04c3e02bd28403fa75af6d8787d5e97c5bbbe30b?s=96&d=mm&r=g\",\"caption\":\"Web del Maestro CMF\"},\"description\":\"Esta Web se cre\u00f3 sin fines de lucro, con fines educativos, cient\u00edficos y acad\u00e9micos, para personas que tengan dificultades y\\\/o inconvenientes en visualizar el material original. El objetivo es entregar recursos, compartir experiencias y materiales que ayuden a los padres de familia, maestros y estudiantes en su actualizaci\u00f3n y formaci\u00f3n permanente, en bien de la Educaci\u00f3n.\",\"sameAs\":[\"http:\\\/\\\/webdelmaestrocmf.com\\\/portal\",\"https:\\\/\\\/www.facebook.com\\\/WebdelMaestroCMF\\\/\",\"https:\\\/\\\/www.instagram.com\\\/wmcmf\\\/\",\"https:\\\/\\\/cl.linkedin.com\\\/company\\\/web-del-maestro-cmf\",\"https:\\\/\\\/www.pinterest.com\\\/WMCMF\\\/publicaciones\\\/\",\"https:\\\/\\\/x.com\\\/cmf_w\",\"https:\\\/\\\/www.youtube.com\\\/@WMCMF\"]}]}<\/script>\n<!-- \/ Yoast SEO plugin. -->","yoast_head_json":{"title":"\u00bfPor qu\u00e9 muchos estados o pa\u00edses eliminaron el curso de filosof\u00eda de la curr\u00edcula acad\u00e9mica? - 2026","description":"Esta edici\u00f3n habla del aprendizaje y desarrollo de los ni\u00f1os y de su incorporaci\u00f3n a la vida adulta. parece que todos...","robots":{"index":"index","follow":"follow","max-snippet":"max-snippet:-1","max-image-preview":"max-image-preview:large","max-video-preview":"max-video-preview:-1"},"canonical":"https:\/\/webdelmaestrocmf.com\/portal\/la-filosofia-en-el-aula-importancia-de-la-ensenanza-de-la-filosofia-en-la-educacion-basica-y-media\/","og_locale":"es_ES","og_type":"article","og_title":"\u00bfPor qu\u00e9 muchos estados o pa\u00edses eliminaron el curso de filosof\u00eda de la curr\u00edcula acad\u00e9mica? - 2026","og_description":"Esta edici\u00f3n habla del aprendizaje y desarrollo de los ni\u00f1os y de su incorporaci\u00f3n a la vida adulta. parece que todos...","og_url":"https:\/\/webdelmaestrocmf.com\/portal\/la-filosofia-en-el-aula-importancia-de-la-ensenanza-de-la-filosofia-en-la-educacion-basica-y-media\/","og_site_name":"Web del Maestro CMF","article_publisher":"https:\/\/www.facebook.com\/WebdelMaestroCMF\/","article_author":"https:\/\/www.facebook.com\/WebdelMaestroCMF\/","article_published_time":"2024-12-17T15:00:50+00:00","article_modified_time":"2025-08-04T13:34:21+00:00","og_image":[{"width":1024,"height":1024,"url":"https:\/\/webdelmaestrocmf.com\/portal\/wp-content\/uploads\/2023\/05\/Banner-1-portada-imagen-10-1-2.png","type":"image\/png"}],"author":"Web del Maestro CMF","twitter_card":"summary_large_image","twitter_creator":"@cmf_w","twitter_site":"@cmf_w","schema":{"@context":"https:\/\/schema.org","@graph":[{"@type":"ScholarlyArticle","@id":"https:\/\/webdelmaestrocmf.com\/portal\/la-filosofia-en-el-aula-importancia-de-la-ensenanza-de-la-filosofia-en-la-educacion-basica-y-media\/#article","isPartOf":{"@id":"https:\/\/webdelmaestrocmf.com\/portal\/la-filosofia-en-el-aula-importancia-de-la-ensenanza-de-la-filosofia-en-la-educacion-basica-y-media\/"},"author":{"name":"Web del Maestro CMF","@id":"https:\/\/webdelmaestrocmf.com\/portal\/#\/schema\/person\/1072a2ed7bd960df8ef99a551fa35dc5"},"headline":"\u00bfPor qu\u00e9 muchos estados o pa\u00edses eliminaron el curso de filosof\u00eda de la curr\u00edcula acad\u00e9mica?","datePublished":"2024-12-17T15:00:50+00:00","dateModified":"2025-08-04T13:34:21+00:00","mainEntityOfPage":{"@id":"https:\/\/webdelmaestrocmf.com\/portal\/la-filosofia-en-el-aula-importancia-de-la-ensenanza-de-la-filosofia-en-la-educacion-basica-y-media\/"},"wordCount":997,"commentCount":0,"publisher":{"@id":"https:\/\/webdelmaestrocmf.com\/portal\/#organization"},"image":{"@id":"https:\/\/webdelmaestrocmf.com\/portal\/la-filosofia-en-el-aula-importancia-de-la-ensenanza-de-la-filosofia-en-la-educacion-basica-y-media\/#primaryimage"},"thumbnailUrl":"https:\/\/webdelmaestrocmf.com\/portal\/wp-content\/uploads\/2023\/05\/Banner-1-portada-imagen-10-1-2.png","keywords":["ACAD\u00c9MICA","aula","AUTORES","B\u00c1SICA","creatividad","curr\u00edcula","DIALOGO","di\u00e1logos","EDADES","EDUCACI\u00d3N","EJEMPLOS","eliminaron","ENSE\u00d1ANZA","estados","estudiantes","FILOSOF\u00cdA","filos\u00f3ficos","FOMENTAR","HERRAMIENTA","IMPORTANCIA","La Filosof\u00eda en el Aula","LIBRO","Matthew Lipman","media","muchos","niveles educativos","pa\u00edses","PENSAMIENTO CR\u00cdTICO"],"articleSection":["Libros","Recursos"],"inLanguage":"es","potentialAction":[{"@type":"CommentAction","name":"Comment","target":["https:\/\/webdelmaestrocmf.com\/portal\/la-filosofia-en-el-aula-importancia-de-la-ensenanza-de-la-filosofia-en-la-educacion-basica-y-media\/#respond"]}]},{"@type":"WebPage","@id":"https:\/\/webdelmaestrocmf.com\/portal\/la-filosofia-en-el-aula-importancia-de-la-ensenanza-de-la-filosofia-en-la-educacion-basica-y-media\/","url":"https:\/\/webdelmaestrocmf.com\/portal\/la-filosofia-en-el-aula-importancia-de-la-ensenanza-de-la-filosofia-en-la-educacion-basica-y-media\/","name":"\u00bfPor qu\u00e9 muchos estados o pa\u00edses eliminaron el curso de filosof\u00eda de la curr\u00edcula acad\u00e9mica? - 2026","isPartOf":{"@id":"https:\/\/webdelmaestrocmf.com\/portal\/#website"},"primaryImageOfPage":{"@id":"https:\/\/webdelmaestrocmf.com\/portal\/la-filosofia-en-el-aula-importancia-de-la-ensenanza-de-la-filosofia-en-la-educacion-basica-y-media\/#primaryimage"},"image":{"@id":"https:\/\/webdelmaestrocmf.com\/portal\/la-filosofia-en-el-aula-importancia-de-la-ensenanza-de-la-filosofia-en-la-educacion-basica-y-media\/#primaryimage"},"thumbnailUrl":"https:\/\/webdelmaestrocmf.com\/portal\/wp-content\/uploads\/2023\/05\/Banner-1-portada-imagen-10-1-2.png","datePublished":"2024-12-17T15:00:50+00:00","dateModified":"2025-08-04T13:34:21+00:00","description":"Esta edici\u00f3n habla del aprendizaje y desarrollo de los ni\u00f1os y de su incorporaci\u00f3n a la vida adulta. parece que todos...","breadcrumb":{"@id":"https:\/\/webdelmaestrocmf.com\/portal\/la-filosofia-en-el-aula-importancia-de-la-ensenanza-de-la-filosofia-en-la-educacion-basica-y-media\/#breadcrumb"},"inLanguage":"es","potentialAction":[{"@type":"ReadAction","target":["https:\/\/webdelmaestrocmf.com\/portal\/la-filosofia-en-el-aula-importancia-de-la-ensenanza-de-la-filosofia-en-la-educacion-basica-y-media\/"]}]},{"@type":"ImageObject","inLanguage":"es","@id":"https:\/\/webdelmaestrocmf.com\/portal\/la-filosofia-en-el-aula-importancia-de-la-ensenanza-de-la-filosofia-en-la-educacion-basica-y-media\/#primaryimage","url":"https:\/\/webdelmaestrocmf.com\/portal\/wp-content\/uploads\/2023\/05\/Banner-1-portada-imagen-10-1-2.png","contentUrl":"https:\/\/webdelmaestrocmf.com\/portal\/wp-content\/uploads\/2023\/05\/Banner-1-portada-imagen-10-1-2.png","width":1024,"height":1024},{"@type":"BreadcrumbList","@id":"https:\/\/webdelmaestrocmf.com\/portal\/la-filosofia-en-el-aula-importancia-de-la-ensenanza-de-la-filosofia-en-la-educacion-basica-y-media\/#breadcrumb","itemListElement":[{"@type":"ListItem","position":1,"name":"Portada","item":"https:\/\/webdelmaestrocmf.com\/portal\/"},{"@type":"ListItem","position":2,"name":"Recursos","item":"https:\/\/webdelmaestrocmf.com\/portal\/category\/pedagogia\/"},{"@type":"ListItem","position":3,"name":"\u00bfPor qu\u00e9 muchos estados o pa\u00edses eliminaron el curso de filosof\u00eda de la curr\u00edcula acad\u00e9mica?"}]},{"@type":"WebSite","@id":"https:\/\/webdelmaestrocmf.com\/portal\/#website","url":"https:\/\/webdelmaestrocmf.com\/portal\/","name":"Web del Maestro CMF","description":"Maestros al servicio de la educaci\u00f3n","publisher":{"@id":"https:\/\/webdelmaestrocmf.com\/portal\/#organization"},"alternateName":"WMCMF","potentialAction":[{"@type":"SearchAction","target":{"@type":"EntryPoint","urlTemplate":"https:\/\/webdelmaestrocmf.com\/portal\/?s={search_term_string}"},"query-input":{"@type":"PropertyValueSpecification","valueRequired":true,"valueName":"search_term_string"}}],"inLanguage":"es"},{"@type":"Organization","@id":"https:\/\/webdelmaestrocmf.com\/portal\/#organization","name":"Web del Maestro CMF","alternateName":"WMCMF","url":"https:\/\/webdelmaestrocmf.com\/portal\/","logo":{"@type":"ImageObject","inLanguage":"es","@id":"https:\/\/webdelmaestrocmf.com\/portal\/#\/schema\/logo\/image\/","url":"https:\/\/webdelmaestrocmf.com\/portal\/wp-content\/uploads\/2023\/01\/logo-wmcmf-2.png","contentUrl":"https:\/\/webdelmaestrocmf.com\/portal\/wp-content\/uploads\/2023\/01\/logo-wmcmf-2.png","width":200,"height":60,"caption":"Web del Maestro CMF"},"image":{"@id":"https:\/\/webdelmaestrocmf.com\/portal\/#\/schema\/logo\/image\/"},"sameAs":["https:\/\/www.facebook.com\/WebdelMaestroCMF\/","https:\/\/x.com\/cmf_w","https:\/\/www.pinterest.com\/WMCMF\/","https:\/\/www.linkedin.com\/company\/web-del-maestro-cmf\/","https:\/\/www.instagram.com\/wmcmf\/","https:\/\/www.youtube.com\/channel\/UCDPSvjbdodE5sHnC3OxutHw","https:\/\/mastodon.social\/@wmcmf","https:\/\/www.tiktok.com\/@webdelmaestrocmf"]},{"@type":"Person","@id":"https:\/\/webdelmaestrocmf.com\/portal\/#\/schema\/person\/1072a2ed7bd960df8ef99a551fa35dc5","name":"Web del Maestro CMF","image":{"@type":"ImageObject","inLanguage":"es","@id":"https:\/\/secure.gravatar.com\/avatar\/23291dd5b5ae1077dcff3dbb04c3e02bd28403fa75af6d8787d5e97c5bbbe30b?s=96&d=mm&r=g","url":"https:\/\/secure.gravatar.com\/avatar\/23291dd5b5ae1077dcff3dbb04c3e02bd28403fa75af6d8787d5e97c5bbbe30b?s=96&d=mm&r=g","contentUrl":"https:\/\/secure.gravatar.com\/avatar\/23291dd5b5ae1077dcff3dbb04c3e02bd28403fa75af6d8787d5e97c5bbbe30b?s=96&d=mm&r=g","caption":"Web del Maestro CMF"},"description":"Esta Web se cre\u00f3 sin fines de lucro, con fines educativos, cient\u00edficos y acad\u00e9micos, para personas que tengan dificultades y\/o inconvenientes en visualizar el material original. El objetivo es entregar recursos, compartir experiencias y materiales que ayuden a los padres de familia, maestros y estudiantes en su actualizaci\u00f3n y formaci\u00f3n permanente, en bien de la Educaci\u00f3n.","sameAs":["http:\/\/webdelmaestrocmf.com\/portal","https:\/\/www.facebook.com\/WebdelMaestroCMF\/","https:\/\/www.instagram.com\/wmcmf\/","https:\/\/cl.linkedin.com\/company\/web-del-maestro-cmf","https:\/\/www.pinterest.com\/WMCMF\/publicaciones\/","https:\/\/x.com\/cmf_w","https:\/\/www.youtube.com\/@WMCMF"]}]}},"jetpack_featured_media_url":"https:\/\/webdelmaestrocmf.com\/portal\/wp-content\/uploads\/2023\/05\/Banner-1-portada-imagen-10-1-2.png","jetpack_sharing_enabled":true,"jetpack-related-posts":[{"id":62859,"url":"https:\/\/webdelmaestrocmf.com\/portal\/miguel-varela-construccion-de-las-bases-de-un-buen-sistema-educativo\/","url_meta":{"origin":86206,"position":0},"title":"[Miguel Varela] Construcci\u00f3n de las Bases de un Buen Sistema Educativo","author":"Web del Maestro CMF","date":"12 mayo, 2021","format":false,"excerpt":"Sostienen los estudiosos de la sociolog\u00eda educativa que uno de los componentes claves en una sociedad de avanzada es su sistema educativo. Sobre este recae el presente y el futuro de un pueblo. Es a trav\u00e9s del mismo que se forjan ciudadanos con cultura general, preparados, con el conocimiento y\u00a0\u2026","rel":"","context":"En \u00abZ-Colaboradores\u00bb","block_context":{"text":"Z-Colaboradores","link":"https:\/\/webdelmaestrocmf.com\/portal\/category\/colaborador\/"},"img":{"alt_text":"","src":"https:\/\/i0.wp.com\/webdelmaestrocmf.com\/portal\/wp-content\/uploads\/2021\/05\/1-copia-14.jpg?resize=350%2C200&ssl=1","width":350,"height":200,"srcset":"https:\/\/i0.wp.com\/webdelmaestrocmf.com\/portal\/wp-content\/uploads\/2021\/05\/1-copia-14.jpg?resize=350%2C200&ssl=1 1x, https:\/\/i0.wp.com\/webdelmaestrocmf.com\/portal\/wp-content\/uploads\/2021\/05\/1-copia-14.jpg?resize=525%2C300&ssl=1 1.5x, https:\/\/i0.wp.com\/webdelmaestrocmf.com\/portal\/wp-content\/uploads\/2021\/05\/1-copia-14.jpg?resize=700%2C400&ssl=1 2x, https:\/\/i0.wp.com\/webdelmaestrocmf.com\/portal\/wp-content\/uploads\/2021\/05\/1-copia-14.jpg?resize=1050%2C600&ssl=1 3x"},"classes":[]},{"id":30787,"url":"https:\/\/webdelmaestrocmf.com\/portal\/los-ninos-filosofos-de-hoy-seran-los-ciudadanos-criticos-del-manana\/","url_meta":{"origin":86206,"position":1},"title":"Jordi Nomen: Los ni\u00f1os fil\u00f3sofos de hoy ser\u00e1n los ciudadanos cr\u00edticos del ma\u00f1ana","author":"Web del Maestro CMF","date":"12 diciembre, 2022","format":"video","excerpt":"El profesor de Filosof\u00eda y Ciencias Sociales Jordi Nomen (1965), es jefe del Departamento de Humanidades de la escuela Sadako en Barcelona (Espa\u00f1a); que es una escuela comprometida en \u201cuna transformaci\u00f3n educativa integral de todo su proyecto educativo con la voluntad de llevar a los alumnos al centro del proceso\u2026","rel":"","context":"En \u00abCharlas\u00bb","block_context":{"text":"Charlas","link":"https:\/\/webdelmaestrocmf.com\/portal\/category\/charlas\/"},"img":{"alt_text":"","src":"https:\/\/i0.wp.com\/webdelmaestrocmf.com\/portal\/wp-content\/uploads\/2022\/12\/a1.jpg?resize=350%2C200&ssl=1","width":350,"height":200,"srcset":"https:\/\/i0.wp.com\/webdelmaestrocmf.com\/portal\/wp-content\/uploads\/2022\/12\/a1.jpg?resize=350%2C200&ssl=1 1x, https:\/\/i0.wp.com\/webdelmaestrocmf.com\/portal\/wp-content\/uploads\/2022\/12\/a1.jpg?resize=525%2C300&ssl=1 1.5x, https:\/\/i0.wp.com\/webdelmaestrocmf.com\/portal\/wp-content\/uploads\/2022\/12\/a1.jpg?resize=700%2C400&ssl=1 2x"},"classes":[]},{"id":70074,"url":"https:\/\/webdelmaestrocmf.com\/portal\/la-filosofia-puede-ser-el-mejor-antidoto-contra-la-estupidez-y-contra-el-dogmatismo\/","url_meta":{"origin":86206,"position":2},"title":"Eduardo Infante: La filosof\u00eda puede ser el mejor ant\u00eddoto contra la estupidez y contra el dogmatismo","author":"Web del Maestro CMF","date":"13 febrero, 2023","format":"video","excerpt":"El profesor Eduardo Infante (Huelva, Espa\u00f1a 1977, licenciado en Humanidades por la Universidad de Huelva y en Filosof\u00eda por la Universidad Pontificia de Salamanca, dicta sus clases en Twitter, en los parques, y en las calles de Gij\u00f3n, y es autor del bestseller internacional Filosof\u00eda en la calle. Y en\u2026","rel":"","context":"En \u00abCharlas\u00bb","block_context":{"text":"Charlas","link":"https:\/\/webdelmaestrocmf.com\/portal\/category\/charlas\/"},"img":{"alt_text":"","src":"https:\/\/i0.wp.com\/webdelmaestrocmf.com\/portal\/wp-content\/uploads\/2021\/10\/1-10.jpeg?resize=350%2C200&ssl=1","width":350,"height":200},"classes":[]},{"id":26432,"url":"https:\/\/webdelmaestrocmf.com\/portal\/25-frases-de-fernando-savater-para-reflexionar-sobre-la-educacion-la-filosofia-y-los-valores\/","url_meta":{"origin":86206,"position":3},"title":"25 frases de Fernando Savater, para reflexionar sobre la educaci\u00f3n, la filosof\u00eda y los valores","author":"Web del Maestro CMF","date":"18 mayo, 2019","format":false,"excerpt":"Para quienes estamos en el mundo de la educaci\u00f3n ya sea por ser padres de familia y\/o profesores, habremos escuchado sobre la necesidad de una \u201ceducaci\u00f3n en valores\u201d para evitar las \u201ccrisis de valores\u201d y no caer en el \u201crelativismo moral\u201d exagerado. \u201cSi todo vale o si nadie puede establecer\u2026","rel":"","context":"En \u00abEntrevistas\u00bb","block_context":{"text":"Entrevistas","link":"https:\/\/webdelmaestrocmf.com\/portal\/category\/noticias\/entrevistas\/"},"img":{"alt_text":"","src":"https:\/\/i0.wp.com\/webdelmaestrocmf.com\/portal\/wp-content\/uploads\/2018\/02\/3-3.jpg?resize=350%2C200&ssl=1","width":350,"height":200,"srcset":"https:\/\/i0.wp.com\/webdelmaestrocmf.com\/portal\/wp-content\/uploads\/2018\/02\/3-3.jpg?resize=350%2C200&ssl=1 1x, https:\/\/i0.wp.com\/webdelmaestrocmf.com\/portal\/wp-content\/uploads\/2018\/02\/3-3.jpg?resize=525%2C300&ssl=1 1.5x, https:\/\/i0.wp.com\/webdelmaestrocmf.com\/portal\/wp-content\/uploads\/2018\/02\/3-3.jpg?resize=700%2C400&ssl=1 2x, https:\/\/i0.wp.com\/webdelmaestrocmf.com\/portal\/wp-content\/uploads\/2018\/02\/3-3.jpg?resize=1050%2C600&ssl=1 3x"},"classes":[]},{"id":80458,"url":"https:\/\/webdelmaestrocmf.com\/portal\/baul-del-docente-la-importancia-de-las-humanidades-en-la-educacion\/","url_meta":{"origin":86206,"position":4},"title":"[Ba\u00fal del Docente] La importancia de las humanidades en la educaci\u00f3n","author":"Web del Maestro CMF","date":"20 septiembre, 2022","format":false,"excerpt":"Estimados docentes: Cultivar el conocimiento de las humanidades -literatura, historia, m\u00fasica, arte, filosof\u00eda, cine, otras- es necesario para dar trasfondo a la personalidad de nuestros estudiantes. No quiere decir que todos deban desarrollar un inter\u00e9s personal y futuro en alguna de estas disciplinas. Pero s\u00ed que, a pesar de que\u2026","rel":"","context":"En \u00abZ-Colaboradores\u00bb","block_context":{"text":"Z-Colaboradores","link":"https:\/\/webdelmaestrocmf.com\/portal\/category\/colaborador\/"},"img":{"alt_text":"","src":"https:\/\/i0.wp.com\/webdelmaestrocmf.com\/portal\/wp-content\/uploads\/2022\/09\/1-60.jpg?resize=350%2C200&ssl=1","width":350,"height":200,"srcset":"https:\/\/i0.wp.com\/webdelmaestrocmf.com\/portal\/wp-content\/uploads\/2022\/09\/1-60.jpg?resize=350%2C200&ssl=1 1x, https:\/\/i0.wp.com\/webdelmaestrocmf.com\/portal\/wp-content\/uploads\/2022\/09\/1-60.jpg?resize=525%2C300&ssl=1 1.5x, https:\/\/i0.wp.com\/webdelmaestrocmf.com\/portal\/wp-content\/uploads\/2022\/09\/1-60.jpg?resize=700%2C400&ssl=1 2x"},"classes":[]},{"id":81377,"url":"https:\/\/webdelmaestrocmf.com\/portal\/baul-del-docente-la-importancia-de-las-humanidades-en-la-educacion-2\/","url_meta":{"origin":86206,"position":5},"title":"[Ba\u00fal del Docente] La importancia de las humanidades en la educaci\u00f3n","author":"Web del Maestro CMF","date":"7 noviembre, 2022","format":false,"excerpt":"Estimados docentes: Cultivar el conocimiento de las humanidades -literatura, historia, m\u00fasica, arte, filosof\u00eda, cine, otras- es necesario para dar trasfondo a la personalidad de nuestros estudiantes. No quiere decir que todos deban desarrollar un inter\u00e9s personal y futuro en alguna de estas disciplinas. Pero s\u00ed que, a pesar de que\u2026","rel":"","context":"En \u00abZ-Colaboradores\u00bb","block_context":{"text":"Z-Colaboradores","link":"https:\/\/webdelmaestrocmf.com\/portal\/category\/colaborador\/"},"img":{"alt_text":"","src":"https:\/\/i0.wp.com\/webdelmaestrocmf.com\/portal\/wp-content\/uploads\/2022\/11\/1-6.jpg?resize=350%2C200&ssl=1","width":350,"height":200,"srcset":"https:\/\/i0.wp.com\/webdelmaestrocmf.com\/portal\/wp-content\/uploads\/2022\/11\/1-6.jpg?resize=350%2C200&ssl=1 1x, https:\/\/i0.wp.com\/webdelmaestrocmf.com\/portal\/wp-content\/uploads\/2022\/11\/1-6.jpg?resize=525%2C300&ssl=1 1.5x, https:\/\/i0.wp.com\/webdelmaestrocmf.com\/portal\/wp-content\/uploads\/2022\/11\/1-6.jpg?resize=700%2C400&ssl=1 2x"},"classes":[]}],"_links":{"self":[{"href":"https:\/\/webdelmaestrocmf.com\/portal\/wp-json\/wp\/v2\/posts\/86206","targetHints":{"allow":["GET"]}}],"collection":[{"href":"https:\/\/webdelmaestrocmf.com\/portal\/wp-json\/wp\/v2\/posts"}],"about":[{"href":"https:\/\/webdelmaestrocmf.com\/portal\/wp-json\/wp\/v2\/types\/post"}],"author":[{"embeddable":true,"href":"https:\/\/webdelmaestrocmf.com\/portal\/wp-json\/wp\/v2\/users\/1"}],"replies":[{"embeddable":true,"href":"https:\/\/webdelmaestrocmf.com\/portal\/wp-json\/wp\/v2\/comments?post=86206"}],"version-history":[{"count":1,"href":"https:\/\/webdelmaestrocmf.com\/portal\/wp-json\/wp\/v2\/posts\/86206\/revisions"}],"predecessor-version":[{"id":111732,"href":"https:\/\/webdelmaestrocmf.com\/portal\/wp-json\/wp\/v2\/posts\/86206\/revisions\/111732"}],"wp:featuredmedia":[{"embeddable":true,"href":"https:\/\/webdelmaestrocmf.com\/portal\/wp-json\/wp\/v2\/media\/107173"}],"wp:attachment":[{"href":"https:\/\/webdelmaestrocmf.com\/portal\/wp-json\/wp\/v2\/media?parent=86206"}],"wp:term":[{"taxonomy":"category","embeddable":true,"href":"https:\/\/webdelmaestrocmf.com\/portal\/wp-json\/wp\/v2\/categories?post=86206"},{"taxonomy":"post_tag","embeddable":true,"href":"https:\/\/webdelmaestrocmf.com\/portal\/wp-json\/wp\/v2\/tags?post=86206"}],"curies":[{"name":"wp","href":"https:\/\/api.w.org\/{rel}","templated":true}]}}