{"id":85365,"date":"2023-03-07T19:43:06","date_gmt":"2023-03-07T22:43:06","guid":{"rendered":"https:\/\/webdelmaestrocmf.com\/portal\/?p=85365"},"modified":"2025-02-27T23:31:29","modified_gmt":"2025-02-28T02:31:29","slug":"carpeta-pedagogica-2023-para-los-niveles-de-inicial-primaria-y-secundaria-archivo-editable-en-word-y-pdf","status":"publish","type":"post","link":"https:\/\/webdelmaestrocmf.com\/portal\/carpeta-pedagogica-2023-para-los-niveles-de-inicial-primaria-y-secundaria-archivo-editable-en-word-y-pdf\/","title":{"rendered":"Carpeta pedag\u00f3gica: Inicial, Primaria y Secundaria"},"content":{"rendered":"<p style=\"text-align: justify;\" data-sourcepos=\"5:1-5:317\">La Carpeta Pedag\u00f3gica 2024 es una herramienta fundamental para la planificaci\u00f3n y gesti\u00f3n del proceso educativo en los niveles inicial, primaria y secundaria. <!--more--><\/p>\n<p style=\"text-align: justify;\" data-sourcepos=\"5:1-5:317\">Esta gu\u00eda completa te ayudar\u00e1 a organizar tu trabajo docente de manera eficiente y efectiva, brind\u00e1ndote recursos y estrategias para el \u00e9xito del aprendizaje.<\/p>\n<h2 style=\"text-align: left;\" data-sourcepos=\"7:1-7:52\"><strong>Componentes esenciales de la Carpeta Pedag\u00f3gica:<\/strong><\/h2>\n<ol style=\"text-align: justify;\" data-sourcepos=\"9:1-36:0\">\n<li data-sourcepos=\"9:1-15:0\">\n<h3 style=\"text-align: left;\" data-sourcepos=\"9:4-9:51\"><strong>Informaci\u00f3n personal y del centro educativo:<\/strong><\/h3>\n<ul data-sourcepos=\"10:5-15:0\">\n<li data-sourcepos=\"10:5-10:35\">Datos personales del docente.<\/li>\n<li data-sourcepos=\"11:5-11:83\">Informaci\u00f3n del centro educativo: nombre, ubicaci\u00f3n, niveles educativos, etc.<\/li>\n<li data-sourcepos=\"12:5-12:31\">Calendario escolar anual.<\/li>\n<li data-sourcepos=\"13:5-13:24\">Horario de clases.<\/li>\n<li data-sourcepos=\"14:5-15:0\">Listado de alumnos y sus datos de contacto.<\/li>\n<\/ul>\n<\/li>\n<li data-sourcepos=\"16:1-21:0\">\n<h3 style=\"text-align: left;\" data-sourcepos=\"16:4-16:32\"><strong>Planificaci\u00f3n curricular:<\/strong><\/h3>\n<ul data-sourcepos=\"17:5-21:0\">\n<li data-sourcepos=\"17:5-17:44\">Curr\u00edculo oficial por nivel educativo.<\/li>\n<li data-sourcepos=\"18:5-18:89\">Planificaci\u00f3n anual por asignatura: objetivos, contenidos, metodolog\u00eda, evaluaci\u00f3n.<\/li>\n<li data-sourcepos=\"19:5-19:45\">Planificaciones de unidades did\u00e1cticas.<\/li>\n<li data-sourcepos=\"20:5-21:0\">Secuencias did\u00e1cticas.<\/li>\n<\/ul>\n<\/li>\n<li data-sourcepos=\"22:1-26:0\">\n<h3 style=\"text-align: left;\" data-sourcepos=\"22:4-22:27\"><strong>Recursos did\u00e1cticos:<\/strong><\/h3>\n<ul data-sourcepos=\"23:5-26:0\">\n<li data-sourcepos=\"23:5-23:96\">Materiales de apoyo para las clases: libros, textos, l\u00e1minas, recursos audiovisuales, etc.<\/li>\n<li data-sourcepos=\"24:5-24:45\">Fichas de actividades para los alumnos.<\/li>\n<li data-sourcepos=\"25:5-26:0\">Recursos digitales y plataformas educativas.<\/li>\n<\/ul>\n<\/li>\n<li data-sourcepos=\"27:1-31:0\">\n<h3 style=\"text-align: left;\" data-sourcepos=\"27:4-27:34\"><strong>Evaluaci\u00f3n del aprendizaje:<\/strong><\/h3>\n<ul data-sourcepos=\"28:5-31:0\">\n<li data-sourcepos=\"28:5-28:72\">Instrumentos de evaluaci\u00f3n: pruebas, cuestionarios, r\u00fabricas, etc.<\/li>\n<li data-sourcepos=\"29:5-29:75\">Registro de calificaciones y seguimiento del progreso de los alumnos.<\/li>\n<li data-sourcepos=\"30:5-31:0\">Informes de evaluaci\u00f3n a los padres de familia.<\/li>\n<\/ul>\n<\/li>\n<li data-sourcepos=\"32:1-36:0\">\n<h3 style=\"text-align: left;\" data-sourcepos=\"32:4-32:24\"><strong>Gesti\u00f3n del aula:<\/strong><\/h3>\n<ul data-sourcepos=\"33:5-36:0\">\n<li data-sourcepos=\"33:5-33:56\">Normas de convivencia y comportamiento en el aula.<\/li>\n<li data-sourcepos=\"34:5-34:51\">Estrategias para la resoluci\u00f3n de conflictos.<\/li>\n<li data-sourcepos=\"35:5-36:0\">Planificaci\u00f3n de actividades extracurriculares.<\/li>\n<\/ul>\n<\/li>\n<\/ol>\n<h2 style=\"text-align: left;\" data-sourcepos=\"43:1-43:20\"><strong>Recomendaciones:<\/strong><\/h2>\n<p style=\"padding-left: 40px; text-align: justify;\"><strong>Personaliza tu Carpeta Pedag\u00f3gica<\/strong>: adapta la estructura y los contenidos a las necesidades de tu nivel educativo, asignatura y contexto escolar.<\/p>\n<p style=\"padding-left: 40px; text-align: justify;\"><strong>Mant\u00e9n la Carpeta Pedag\u00f3gica actualizada<\/strong>: incorpora nuevos recursos, planificaciones y evaluaciones de manera regular.<\/p>\n<p style=\"padding-left: 40px; text-align: justify;\"><strong>Comparte tu Carpeta Pedag\u00f3gica con otros docentes<\/strong>: colabora con tus colegas y enriquece tu pr\u00e1ctica docente.<\/p>\n<h2 style=\"text-align: left;\" data-sourcepos=\"49:1-49:15\"><strong>Conclusi\u00f3n:<\/strong><\/h2>\n<p style=\"text-align: justify;\" data-sourcepos=\"51:1-51:292\">La Carpeta Pedag\u00f3gica 2024 es una herramienta invaluable para el desarrollo de una labor docente eficaz y creativa. Implement\u00e1ndola de manera efectiva, podr\u00e1s mejorar la planificaci\u00f3n, organizaci\u00f3n y evaluaci\u00f3n del proceso educativo, impactando positivamente en el aprendizaje de tus alumnos.<\/p>\n<h2 style=\"text-align: left;\" data-sourcepos=\"53:1-53:13\"><strong>Recuerda:<\/strong><\/h2>\n<ul style=\"text-align: justify;\" data-sourcepos=\"55:1-57:0\">\n<li data-sourcepos=\"55:1-55:83\"><strong>Esta gu\u00eda es solo un punto de partida<\/strong>: ad\u00e1ptala a tus necesidades y contexto.<\/li>\n<li data-sourcepos=\"56:1-57:0\"><strong>No dudes en buscar apoyo y recursos adicionales<\/strong>: existen diversas instituciones y plataformas que te pueden ayudar.<\/li>\n<\/ul>\n<p style=\"text-align: justify;\" data-sourcepos=\"58:1-58:42\">\u00a1Te deseo un exitoso a\u00f1o escolar 2024!<\/p>\n<p style=\"text-align: center;\">Recomendamos a la Comunidad Educativa Digital tener en cuenta que, el enlace y\/o la carpeta en donde est\u00e1n alojados los libros, recursos y\/o materiales, no es administrado por la Web del Maestro CMF, pueda ser que en cuesti\u00f3n de d\u00edas (o seg\u00fan el tiempo transcurrido desde su publicaci\u00f3n), los enlaces no funcionen y el material ya no se encuentre disponible. Gracias por su comprensi\u00f3n.<\/p>\n<p style=\"text-align: center;\">ENLACE DE LECTURA: 1. <a href=\"https:\/\/webdelmaestrocmf.com\/portal\/carpeta-pedagogica-en-el-nivel-inicial-descarga-word\/\" target=\"_blank\" rel=\"noopener\">CARPETA PEDAG\u00d3GICA INICIAL<\/a> | 2. <a href=\"https:\/\/webdelmaestrocmf.com\/portal\/3-plantillas-de-carpeta-pedagogica-para-educacion-primaria\/\" target=\"_blank\" rel=\"noopener\">CARPETA PEDAG\u00d3GICA PRIMARIA<\/a> | 3. <a href=\"https:\/\/webdelmaestrocmf.com\/portal\/carpeta-pedagogica-2018-para-inicial-primaria-y-secundaria\/\" target=\"_blank\" rel=\"noopener\">CARPETA PEDAG\u00d3GICA SECUNDARIA<\/a><\/p>\n\t\t<div class=\"pk-inline-posts\">\n\t\t\t\n\t\t\t<div class=\"pk-inline-posts-container pk-inline-posts-template-list\"\n\t\t\t\tdata-columns=\"1\">\n\t\t\t\t\t\t<article id=\"post-101267\" class=\"post-101267 post type-post status-publish format-standard has-post-thumbnail category-calculo category-descargas-manuales-pdf category-pedagogia tag-calculo tag-desarrollar tag-guia tag-mental tag-ninos cs-entry cs-video-wrap\">\n\t\t\t<div class=\"pk-post-outer\">\n\n\t\t\t\t\t\t\t\t<div class=\"pk-post-inner\">\n\t\t\t\t\t<div class=\"entry-thumbnail\">\n\t\t\t\t\t\t<div class=\"pk-overlay pk-overlay-ratio pk-ratio-landscape\">\n\t\t\t\t\t\t\t<div class=\"pk-overlay-background\">\n\t\t\t\t\t\t\t\t<a href=\"https:\/\/webdelmaestrocmf.com\/portal\/guia-para-desarrollar-el-calculo-mental-en-ninos\/\" class=\"pk-overlay-link\">\n\t\t\t\t\t\t\t\t\t<img loading=\"lazy\" decoding=\"async\" width=\"300\" height=\"225\" src=\"https:\/\/webdelmaestrocmf.com\/portal\/wp-content\/uploads\/2023\/11\/1AA-Banner-1-portada-imagen-10-1-copia-1-300x225.webp\" class=\"attachment-pk-thumbnail size-pk-thumbnail wp-post-image\" alt=\"\" \/>\t\t\t\t\t\t\t\t<\/a>\n\t\t\t\t\t\t\t<\/div>\n\t\t\t\t\t\t<\/div>\n\t\t\t\t\t<\/div>\n\t\t\t\t<\/div>\n\t\t\t\t\n\t\t\t\t<div class=\"pk-post-inner\">\n\t\t\t\t\t<header>\n\t\t\t\t\t\t<h3 class=\"pk-title\"><a href=\"https:\/\/webdelmaestrocmf.com\/portal\/guia-para-desarrollar-el-calculo-mental-en-ninos\/\" rel=\"bookmark\">Gu\u00eda pr\u00e1ctica para desarrollar el c\u00e1lculo mental en ni\u00f1os: descarga los tres cuadernillos de c\u00e1lculo mental<\/a><\/h3>\t\t\t\t\t<\/header><!-- .entry-header -->\n\t\t\t\t<\/div><!-- .post-inner -->\n\n\t\t\t<\/div><!-- .post-outer -->\n\t\t<\/article>\n\t\t\t<article id=\"post-95551\" class=\"post-95551 post type-post status-publish format-standard has-post-thumbnail category-deficit-de-atencion category-descargas-manuales-pdf category-pedagogia tag-actividades-al-aire-libre tag-actividades-en-casa tag-actividades-escolares tag-ambiente-de-aprendizaje tag-atencion tag-atencion-plena tag-comprension-lectora tag-concentracion tag-desarrollo-cognitivo tag-educacion tag-ejercicios-de-atencion tag-ejercicios-de-respiracion tag-estrategias-educativas tag-habilidades-de-atencio tag-herramientas-visuales tag-juegos-de-atencion tag-juegos-de-mesa tag-lectura-conjunta tag-limitar-tiempo-de-pantalla tag-mindfulness tag-ninos-distraidos tag-organizacion tag-pausas-activas tag-rompecabezas tag-rutinas tag-tareas-domesticas tag-tdah tag-tecnicas-de-concentracion tag-tiempo-de-silencio cs-entry cs-video-wrap\">\n\t\t\t<div class=\"pk-post-outer\">\n\n\t\t\t\t\t\t\t\t<div class=\"pk-post-inner\">\n\t\t\t\t\t<div class=\"entry-thumbnail\">\n\t\t\t\t\t\t<div class=\"pk-overlay pk-overlay-ratio pk-ratio-landscape\">\n\t\t\t\t\t\t\t<div class=\"pk-overlay-background\">\n\t\t\t\t\t\t\t\t<a href=\"https:\/\/webdelmaestrocmf.com\/portal\/como-educar-a-ninos-distraidos-o-despistados-que-se-puede-hacer-en-clase\/\" class=\"pk-overlay-link\">\n\t\t\t\t\t\t\t\t\t<img loading=\"lazy\" decoding=\"async\" width=\"300\" height=\"225\" src=\"https:\/\/webdelmaestrocmf.com\/portal\/wp-content\/uploads\/2023\/09\/1A-Banner-1-portada-imagen-10-1-copia-1-300x225.jpg\" class=\"attachment-pk-thumbnail size-pk-thumbnail wp-post-image\" alt=\"\" \/>\t\t\t\t\t\t\t\t<\/a>\n\t\t\t\t\t\t\t<\/div>\n\t\t\t\t\t\t<\/div>\n\t\t\t\t\t<\/div>\n\t\t\t\t<\/div>\n\t\t\t\t\n\t\t\t\t<div class=\"pk-post-inner\">\n\t\t\t\t\t<header>\n\t\t\t\t\t\t<h3 class=\"pk-title\"><a href=\"https:\/\/webdelmaestrocmf.com\/portal\/como-educar-a-ninos-distraidos-o-despistados-que-se-puede-hacer-en-clase\/\" rel=\"bookmark\">C\u00f3mo educar a ni\u00f1os distra\u00eddos o despistados. \u00bfQu\u00e9 se puede hacer en clase? Descarga las 80 actividades para trabajar la atenci\u00f3n en clases<\/a><\/h3>\t\t\t\t\t<\/header><!-- .entry-header -->\n\t\t\t\t<\/div><!-- .post-inner -->\n\n\t\t\t<\/div><!-- .post-outer -->\n\t\t<\/article>\n\t\t\t<article id=\"post-20592\" class=\"post-20592 post type-post status-publish format-standard has-post-thumbnail category-descarga category-descargas-manuales-pdf category-estres category-pedagogia tag-docentes tag-educadores tag-guia tag-mindfulness tag-practica cs-entry cs-video-wrap\">\n\t\t\t<div class=\"pk-post-outer\">\n\n\t\t\t\t\t\t\t\t<div class=\"pk-post-inner\">\n\t\t\t\t\t<div class=\"entry-thumbnail\">\n\t\t\t\t\t\t<div class=\"pk-overlay pk-overlay-ratio pk-ratio-landscape\">\n\t\t\t\t\t\t\t<div class=\"pk-overlay-background\">\n\t\t\t\t\t\t\t\t<a href=\"https:\/\/webdelmaestrocmf.com\/portal\/mindfulness-guia-practica-docentes-educadores\/\" class=\"pk-overlay-link\">\n\t\t\t\t\t\t\t\t\t<img loading=\"lazy\" decoding=\"async\" width=\"300\" height=\"225\" src=\"https:\/\/webdelmaestrocmf.com\/portal\/wp-content\/uploads\/2020\/03\/1AA-Banner-1-portada-imagen-10-1-copia-4-300x225.webp\" class=\"attachment-pk-thumbnail size-pk-thumbnail wp-post-image\" alt=\"\" \/>\t\t\t\t\t\t\t\t<\/a>\n\t\t\t\t\t\t\t<\/div>\n\t\t\t\t\t\t<\/div>\n\t\t\t\t\t<\/div>\n\t\t\t\t<\/div>\n\t\t\t\t\n\t\t\t\t<div class=\"pk-post-inner\">\n\t\t\t\t\t<header>\n\t\t\t\t\t\t<h3 class=\"pk-title\"><a href=\"https:\/\/webdelmaestrocmf.com\/portal\/mindfulness-guia-practica-docentes-educadores\/\" rel=\"bookmark\">Mindfulness: Gu\u00eda pr\u00e1ctica para docentes y educadores<\/a><\/h3>\t\t\t\t\t<\/header><!-- .entry-header -->\n\t\t\t\t<\/div><!-- .post-inner -->\n\n\t\t\t<\/div><!-- .post-outer -->\n\t\t<\/article>\n\t\t\t\t<\/div>\n\t\t<\/div>\n\t\t\n","protected":false},"excerpt":{"rendered":"La Carpeta Pedag\u00f3gica 2024 es una herramienta fundamental para la planificaci\u00f3n y gesti\u00f3n del proceso educativo en los&hellip;","protected":false},"author":1,"featured_media":104362,"comment_status":"open","ping_status":"closed","sticky":false,"template":"","format":"standard","meta":{"csco_display_header_overlay":false,"csco_singular_sidebar":"default","csco_page_header_type":"default","csco_page_load_nextpost":"default","csco_post_video_location":[],"csco_post_video_location_hash":"","csco_post_video_url":"","csco_post_video_bg_start_time":0,"csco_post_video_bg_end_time":0,"csco_post_video_bg_volume":false,"_jetpack_memberships_contains_paid_content":false,"footnotes":""},"categories":[2004,735],"tags":[2061,3387,3819,15243,2587,714],"class_list":{"0":"post-85365","1":"post","2":"type-post","3":"status-publish","4":"format-standard","5":"has-post-thumbnail","7":"category-descargas-manuales-pdf","8":"category-pedagogia","9":"tag-carpeta","10":"tag-inicial","11":"tag-niveles","12":"tag-pedagogica-2023","13":"tag-primaria","14":"tag-secundaria","15":"cs-entry","16":"cs-video-wrap"},"yoast_head":"<!-- This site is optimized with the Yoast SEO plugin v27.5 - https:\/\/yoast.com\/product\/yoast-seo-wordpress\/ -->\n<title>Carpeta pedag\u00f3gica: Inicial, Primaria y Secundaria - 2026<\/title>\n<meta name=\"description\" content=\"La Carpeta Pedag\u00f3gica 2024 es una herramienta fundamental para la planificaci\u00f3n y gesti\u00f3n del proceso educativo en los niveles...\" \/>\n<meta name=\"robots\" content=\"index, follow, max-snippet:-1, max-image-preview:large, max-video-preview:-1\" \/>\n<link rel=\"canonical\" href=\"https:\/\/webdelmaestrocmf.com\/portal\/carpeta-pedagogica-2023-para-los-niveles-de-inicial-primaria-y-secundaria-archivo-editable-en-word-y-pdf\/\" \/>\n<meta property=\"og:locale\" content=\"es_ES\" \/>\n<meta property=\"og:type\" content=\"article\" \/>\n<meta property=\"og:title\" content=\"Carpeta pedag\u00f3gica: Inicial, Primaria y Secundaria - 2026\" \/>\n<meta property=\"og:description\" content=\"La Carpeta Pedag\u00f3gica 2024 es una herramienta fundamental para la planificaci\u00f3n y gesti\u00f3n del proceso educativo en los niveles...\" \/>\n<meta property=\"og:url\" content=\"https:\/\/webdelmaestrocmf.com\/portal\/carpeta-pedagogica-2023-para-los-niveles-de-inicial-primaria-y-secundaria-archivo-editable-en-word-y-pdf\/\" \/>\n<meta property=\"og:site_name\" content=\"Web del Maestro CMF\" \/>\n<meta property=\"article:publisher\" content=\"https:\/\/www.facebook.com\/WebdelMaestroCMF\/\" \/>\n<meta property=\"article:author\" content=\"https:\/\/www.facebook.com\/WebdelMaestroCMF\/\" \/>\n<meta property=\"article:published_time\" content=\"2023-03-07T22:43:06+00:00\" \/>\n<meta property=\"article:modified_time\" content=\"2025-02-28T02:31:29+00:00\" \/>\n<meta property=\"og:image\" content=\"https:\/\/webdelmaestrocmf.com\/portal\/wp-content\/uploads\/2023\/03\/Banner-1-portada-imagen-10-1-26.jpg\" \/>\n\t<meta property=\"og:image:width\" content=\"1024\" \/>\n\t<meta property=\"og:image:height\" content=\"1024\" \/>\n\t<meta property=\"og:image:type\" content=\"image\/jpeg\" \/>\n<meta name=\"author\" content=\"Web del Maestro CMF\" \/>\n<meta name=\"twitter:card\" content=\"summary_large_image\" \/>\n<meta name=\"twitter:creator\" content=\"@cmf_w\" \/>\n<meta name=\"twitter:site\" content=\"@cmf_w\" \/>\n<script type=\"application\/ld+json\" class=\"yoast-schema-graph\">{\"@context\":\"https:\\\/\\\/schema.org\",\"@graph\":[{\"@type\":\"ScholarlyArticle\",\"@id\":\"https:\\\/\\\/webdelmaestrocmf.com\\\/portal\\\/carpeta-pedagogica-2023-para-los-niveles-de-inicial-primaria-y-secundaria-archivo-editable-en-word-y-pdf\\\/#article\",\"isPartOf\":{\"@id\":\"https:\\\/\\\/webdelmaestrocmf.com\\\/portal\\\/carpeta-pedagogica-2023-para-los-niveles-de-inicial-primaria-y-secundaria-archivo-editable-en-word-y-pdf\\\/\"},\"author\":{\"name\":\"Web del Maestro CMF\",\"@id\":\"https:\\\/\\\/webdelmaestrocmf.com\\\/portal\\\/#\\\/schema\\\/person\\\/1072a2ed7bd960df8ef99a551fa35dc5\"},\"headline\":\"Carpeta pedag\u00f3gica: Inicial, Primaria y Secundaria\",\"datePublished\":\"2023-03-07T22:43:06+00:00\",\"dateModified\":\"2025-02-28T02:31:29+00:00\",\"mainEntityOfPage\":{\"@id\":\"https:\\\/\\\/webdelmaestrocmf.com\\\/portal\\\/carpeta-pedagogica-2023-para-los-niveles-de-inicial-primaria-y-secundaria-archivo-editable-en-word-y-pdf\\\/\"},\"wordCount\":447,\"commentCount\":2,\"publisher\":{\"@id\":\"https:\\\/\\\/webdelmaestrocmf.com\\\/portal\\\/#organization\"},\"image\":{\"@id\":\"https:\\\/\\\/webdelmaestrocmf.com\\\/portal\\\/carpeta-pedagogica-2023-para-los-niveles-de-inicial-primaria-y-secundaria-archivo-editable-en-word-y-pdf\\\/#primaryimage\"},\"thumbnailUrl\":\"https:\\\/\\\/webdelmaestrocmf.com\\\/portal\\\/wp-content\\\/uploads\\\/2023\\\/03\\\/Banner-1-portada-imagen-10-1-26.jpg\",\"keywords\":[\"CARPETA\",\"INICIAL\",\"NIVELES\",\"pedag\u00f3gica 2023\",\"PRIMARIA\",\"SECUNDARIA\"],\"articleSection\":[\"Descargas Manuales PDF\",\"Recursos\"],\"inLanguage\":\"es\",\"potentialAction\":[{\"@type\":\"CommentAction\",\"name\":\"Comment\",\"target\":[\"https:\\\/\\\/webdelmaestrocmf.com\\\/portal\\\/carpeta-pedagogica-2023-para-los-niveles-de-inicial-primaria-y-secundaria-archivo-editable-en-word-y-pdf\\\/#respond\"]}]},{\"@type\":\"WebPage\",\"@id\":\"https:\\\/\\\/webdelmaestrocmf.com\\\/portal\\\/carpeta-pedagogica-2023-para-los-niveles-de-inicial-primaria-y-secundaria-archivo-editable-en-word-y-pdf\\\/\",\"url\":\"https:\\\/\\\/webdelmaestrocmf.com\\\/portal\\\/carpeta-pedagogica-2023-para-los-niveles-de-inicial-primaria-y-secundaria-archivo-editable-en-word-y-pdf\\\/\",\"name\":\"Carpeta pedag\u00f3gica: Inicial, Primaria y Secundaria - 2026\",\"isPartOf\":{\"@id\":\"https:\\\/\\\/webdelmaestrocmf.com\\\/portal\\\/#website\"},\"primaryImageOfPage\":{\"@id\":\"https:\\\/\\\/webdelmaestrocmf.com\\\/portal\\\/carpeta-pedagogica-2023-para-los-niveles-de-inicial-primaria-y-secundaria-archivo-editable-en-word-y-pdf\\\/#primaryimage\"},\"image\":{\"@id\":\"https:\\\/\\\/webdelmaestrocmf.com\\\/portal\\\/carpeta-pedagogica-2023-para-los-niveles-de-inicial-primaria-y-secundaria-archivo-editable-en-word-y-pdf\\\/#primaryimage\"},\"thumbnailUrl\":\"https:\\\/\\\/webdelmaestrocmf.com\\\/portal\\\/wp-content\\\/uploads\\\/2023\\\/03\\\/Banner-1-portada-imagen-10-1-26.jpg\",\"datePublished\":\"2023-03-07T22:43:06+00:00\",\"dateModified\":\"2025-02-28T02:31:29+00:00\",\"description\":\"La Carpeta Pedag\u00f3gica 2024 es una herramienta fundamental para la planificaci\u00f3n y gesti\u00f3n del proceso educativo en los niveles...\",\"breadcrumb\":{\"@id\":\"https:\\\/\\\/webdelmaestrocmf.com\\\/portal\\\/carpeta-pedagogica-2023-para-los-niveles-de-inicial-primaria-y-secundaria-archivo-editable-en-word-y-pdf\\\/#breadcrumb\"},\"inLanguage\":\"es\",\"potentialAction\":[{\"@type\":\"ReadAction\",\"target\":[\"https:\\\/\\\/webdelmaestrocmf.com\\\/portal\\\/carpeta-pedagogica-2023-para-los-niveles-de-inicial-primaria-y-secundaria-archivo-editable-en-word-y-pdf\\\/\"]}]},{\"@type\":\"ImageObject\",\"inLanguage\":\"es\",\"@id\":\"https:\\\/\\\/webdelmaestrocmf.com\\\/portal\\\/carpeta-pedagogica-2023-para-los-niveles-de-inicial-primaria-y-secundaria-archivo-editable-en-word-y-pdf\\\/#primaryimage\",\"url\":\"https:\\\/\\\/webdelmaestrocmf.com\\\/portal\\\/wp-content\\\/uploads\\\/2023\\\/03\\\/Banner-1-portada-imagen-10-1-26.jpg\",\"contentUrl\":\"https:\\\/\\\/webdelmaestrocmf.com\\\/portal\\\/wp-content\\\/uploads\\\/2023\\\/03\\\/Banner-1-portada-imagen-10-1-26.jpg\",\"width\":1024,\"height\":1024},{\"@type\":\"BreadcrumbList\",\"@id\":\"https:\\\/\\\/webdelmaestrocmf.com\\\/portal\\\/carpeta-pedagogica-2023-para-los-niveles-de-inicial-primaria-y-secundaria-archivo-editable-en-word-y-pdf\\\/#breadcrumb\",\"itemListElement\":[{\"@type\":\"ListItem\",\"position\":1,\"name\":\"Portada\",\"item\":\"https:\\\/\\\/webdelmaestrocmf.com\\\/portal\\\/\"},{\"@type\":\"ListItem\",\"position\":2,\"name\":\"Recursos\",\"item\":\"https:\\\/\\\/webdelmaestrocmf.com\\\/portal\\\/category\\\/pedagogia\\\/\"},{\"@type\":\"ListItem\",\"position\":3,\"name\":\"Carpeta pedag\u00f3gica: Inicial, Primaria y Secundaria\"}]},{\"@type\":\"WebSite\",\"@id\":\"https:\\\/\\\/webdelmaestrocmf.com\\\/portal\\\/#website\",\"url\":\"https:\\\/\\\/webdelmaestrocmf.com\\\/portal\\\/\",\"name\":\"Web del Maestro CMF\",\"description\":\"Maestros al servicio de la educaci\u00f3n\",\"publisher\":{\"@id\":\"https:\\\/\\\/webdelmaestrocmf.com\\\/portal\\\/#organization\"},\"alternateName\":\"WMCMF\",\"potentialAction\":[{\"@type\":\"SearchAction\",\"target\":{\"@type\":\"EntryPoint\",\"urlTemplate\":\"https:\\\/\\\/webdelmaestrocmf.com\\\/portal\\\/?s={search_term_string}\"},\"query-input\":{\"@type\":\"PropertyValueSpecification\",\"valueRequired\":true,\"valueName\":\"search_term_string\"}}],\"inLanguage\":\"es\"},{\"@type\":\"Organization\",\"@id\":\"https:\\\/\\\/webdelmaestrocmf.com\\\/portal\\\/#organization\",\"name\":\"Web del Maestro CMF\",\"alternateName\":\"WMCMF\",\"url\":\"https:\\\/\\\/webdelmaestrocmf.com\\\/portal\\\/\",\"logo\":{\"@type\":\"ImageObject\",\"inLanguage\":\"es\",\"@id\":\"https:\\\/\\\/webdelmaestrocmf.com\\\/portal\\\/#\\\/schema\\\/logo\\\/image\\\/\",\"url\":\"https:\\\/\\\/webdelmaestrocmf.com\\\/portal\\\/wp-content\\\/uploads\\\/2023\\\/01\\\/logo-wmcmf-2.png\",\"contentUrl\":\"https:\\\/\\\/webdelmaestrocmf.com\\\/portal\\\/wp-content\\\/uploads\\\/2023\\\/01\\\/logo-wmcmf-2.png\",\"width\":200,\"height\":60,\"caption\":\"Web del Maestro CMF\"},\"image\":{\"@id\":\"https:\\\/\\\/webdelmaestrocmf.com\\\/portal\\\/#\\\/schema\\\/logo\\\/image\\\/\"},\"sameAs\":[\"https:\\\/\\\/www.facebook.com\\\/WebdelMaestroCMF\\\/\",\"https:\\\/\\\/x.com\\\/cmf_w\",\"https:\\\/\\\/www.pinterest.com\\\/WMCMF\\\/\",\"https:\\\/\\\/www.linkedin.com\\\/company\\\/web-del-maestro-cmf\\\/\",\"https:\\\/\\\/www.instagram.com\\\/wmcmf\\\/\",\"https:\\\/\\\/www.youtube.com\\\/channel\\\/UCDPSvjbdodE5sHnC3OxutHw\",\"https:\\\/\\\/mastodon.social\\\/@wmcmf\",\"https:\\\/\\\/www.tiktok.com\\\/@webdelmaestrocmf\"]},{\"@type\":\"Person\",\"@id\":\"https:\\\/\\\/webdelmaestrocmf.com\\\/portal\\\/#\\\/schema\\\/person\\\/1072a2ed7bd960df8ef99a551fa35dc5\",\"name\":\"Web del Maestro CMF\",\"image\":{\"@type\":\"ImageObject\",\"inLanguage\":\"es\",\"@id\":\"https:\\\/\\\/secure.gravatar.com\\\/avatar\\\/23291dd5b5ae1077dcff3dbb04c3e02bd28403fa75af6d8787d5e97c5bbbe30b?s=96&d=mm&r=g\",\"url\":\"https:\\\/\\\/secure.gravatar.com\\\/avatar\\\/23291dd5b5ae1077dcff3dbb04c3e02bd28403fa75af6d8787d5e97c5bbbe30b?s=96&d=mm&r=g\",\"contentUrl\":\"https:\\\/\\\/secure.gravatar.com\\\/avatar\\\/23291dd5b5ae1077dcff3dbb04c3e02bd28403fa75af6d8787d5e97c5bbbe30b?s=96&d=mm&r=g\",\"caption\":\"Web del Maestro CMF\"},\"description\":\"Esta Web se cre\u00f3 sin fines de lucro, con fines educativos, cient\u00edficos y acad\u00e9micos, para personas que tengan dificultades y\\\/o inconvenientes en visualizar el material original. El objetivo es entregar recursos, compartir experiencias y materiales que ayuden a los padres de familia, maestros y estudiantes en su actualizaci\u00f3n y formaci\u00f3n permanente, en bien de la Educaci\u00f3n.\",\"sameAs\":[\"http:\\\/\\\/webdelmaestrocmf.com\\\/portal\",\"https:\\\/\\\/www.facebook.com\\\/WebdelMaestroCMF\\\/\",\"https:\\\/\\\/www.instagram.com\\\/wmcmf\\\/\",\"https:\\\/\\\/cl.linkedin.com\\\/company\\\/web-del-maestro-cmf\",\"https:\\\/\\\/www.pinterest.com\\\/WMCMF\\\/publicaciones\\\/\",\"https:\\\/\\\/x.com\\\/cmf_w\",\"https:\\\/\\\/www.youtube.com\\\/@WMCMF\"]}]}<\/script>\n<!-- \/ Yoast SEO plugin. -->","yoast_head_json":{"title":"Carpeta pedag\u00f3gica: Inicial, Primaria y Secundaria - 2026","description":"La Carpeta Pedag\u00f3gica 2024 es una herramienta fundamental para la planificaci\u00f3n y gesti\u00f3n del proceso educativo en los niveles...","robots":{"index":"index","follow":"follow","max-snippet":"max-snippet:-1","max-image-preview":"max-image-preview:large","max-video-preview":"max-video-preview:-1"},"canonical":"https:\/\/webdelmaestrocmf.com\/portal\/carpeta-pedagogica-2023-para-los-niveles-de-inicial-primaria-y-secundaria-archivo-editable-en-word-y-pdf\/","og_locale":"es_ES","og_type":"article","og_title":"Carpeta pedag\u00f3gica: Inicial, Primaria y Secundaria - 2026","og_description":"La Carpeta Pedag\u00f3gica 2024 es una herramienta fundamental para la planificaci\u00f3n y gesti\u00f3n del proceso educativo en los niveles...","og_url":"https:\/\/webdelmaestrocmf.com\/portal\/carpeta-pedagogica-2023-para-los-niveles-de-inicial-primaria-y-secundaria-archivo-editable-en-word-y-pdf\/","og_site_name":"Web del Maestro CMF","article_publisher":"https:\/\/www.facebook.com\/WebdelMaestroCMF\/","article_author":"https:\/\/www.facebook.com\/WebdelMaestroCMF\/","article_published_time":"2023-03-07T22:43:06+00:00","article_modified_time":"2025-02-28T02:31:29+00:00","og_image":[{"width":1024,"height":1024,"url":"https:\/\/webdelmaestrocmf.com\/portal\/wp-content\/uploads\/2023\/03\/Banner-1-portada-imagen-10-1-26.jpg","type":"image\/jpeg"}],"author":"Web del Maestro CMF","twitter_card":"summary_large_image","twitter_creator":"@cmf_w","twitter_site":"@cmf_w","schema":{"@context":"https:\/\/schema.org","@graph":[{"@type":"ScholarlyArticle","@id":"https:\/\/webdelmaestrocmf.com\/portal\/carpeta-pedagogica-2023-para-los-niveles-de-inicial-primaria-y-secundaria-archivo-editable-en-word-y-pdf\/#article","isPartOf":{"@id":"https:\/\/webdelmaestrocmf.com\/portal\/carpeta-pedagogica-2023-para-los-niveles-de-inicial-primaria-y-secundaria-archivo-editable-en-word-y-pdf\/"},"author":{"name":"Web del Maestro CMF","@id":"https:\/\/webdelmaestrocmf.com\/portal\/#\/schema\/person\/1072a2ed7bd960df8ef99a551fa35dc5"},"headline":"Carpeta pedag\u00f3gica: Inicial, Primaria y Secundaria","datePublished":"2023-03-07T22:43:06+00:00","dateModified":"2025-02-28T02:31:29+00:00","mainEntityOfPage":{"@id":"https:\/\/webdelmaestrocmf.com\/portal\/carpeta-pedagogica-2023-para-los-niveles-de-inicial-primaria-y-secundaria-archivo-editable-en-word-y-pdf\/"},"wordCount":447,"commentCount":2,"publisher":{"@id":"https:\/\/webdelmaestrocmf.com\/portal\/#organization"},"image":{"@id":"https:\/\/webdelmaestrocmf.com\/portal\/carpeta-pedagogica-2023-para-los-niveles-de-inicial-primaria-y-secundaria-archivo-editable-en-word-y-pdf\/#primaryimage"},"thumbnailUrl":"https:\/\/webdelmaestrocmf.com\/portal\/wp-content\/uploads\/2023\/03\/Banner-1-portada-imagen-10-1-26.jpg","keywords":["CARPETA","INICIAL","NIVELES","pedag\u00f3gica 2023","PRIMARIA","SECUNDARIA"],"articleSection":["Descargas Manuales PDF","Recursos"],"inLanguage":"es","potentialAction":[{"@type":"CommentAction","name":"Comment","target":["https:\/\/webdelmaestrocmf.com\/portal\/carpeta-pedagogica-2023-para-los-niveles-de-inicial-primaria-y-secundaria-archivo-editable-en-word-y-pdf\/#respond"]}]},{"@type":"WebPage","@id":"https:\/\/webdelmaestrocmf.com\/portal\/carpeta-pedagogica-2023-para-los-niveles-de-inicial-primaria-y-secundaria-archivo-editable-en-word-y-pdf\/","url":"https:\/\/webdelmaestrocmf.com\/portal\/carpeta-pedagogica-2023-para-los-niveles-de-inicial-primaria-y-secundaria-archivo-editable-en-word-y-pdf\/","name":"Carpeta pedag\u00f3gica: Inicial, Primaria y Secundaria - 2026","isPartOf":{"@id":"https:\/\/webdelmaestrocmf.com\/portal\/#website"},"primaryImageOfPage":{"@id":"https:\/\/webdelmaestrocmf.com\/portal\/carpeta-pedagogica-2023-para-los-niveles-de-inicial-primaria-y-secundaria-archivo-editable-en-word-y-pdf\/#primaryimage"},"image":{"@id":"https:\/\/webdelmaestrocmf.com\/portal\/carpeta-pedagogica-2023-para-los-niveles-de-inicial-primaria-y-secundaria-archivo-editable-en-word-y-pdf\/#primaryimage"},"thumbnailUrl":"https:\/\/webdelmaestrocmf.com\/portal\/wp-content\/uploads\/2023\/03\/Banner-1-portada-imagen-10-1-26.jpg","datePublished":"2023-03-07T22:43:06+00:00","dateModified":"2025-02-28T02:31:29+00:00","description":"La Carpeta Pedag\u00f3gica 2024 es una herramienta fundamental para la planificaci\u00f3n y gesti\u00f3n del proceso educativo en los niveles...","breadcrumb":{"@id":"https:\/\/webdelmaestrocmf.com\/portal\/carpeta-pedagogica-2023-para-los-niveles-de-inicial-primaria-y-secundaria-archivo-editable-en-word-y-pdf\/#breadcrumb"},"inLanguage":"es","potentialAction":[{"@type":"ReadAction","target":["https:\/\/webdelmaestrocmf.com\/portal\/carpeta-pedagogica-2023-para-los-niveles-de-inicial-primaria-y-secundaria-archivo-editable-en-word-y-pdf\/"]}]},{"@type":"ImageObject","inLanguage":"es","@id":"https:\/\/webdelmaestrocmf.com\/portal\/carpeta-pedagogica-2023-para-los-niveles-de-inicial-primaria-y-secundaria-archivo-editable-en-word-y-pdf\/#primaryimage","url":"https:\/\/webdelmaestrocmf.com\/portal\/wp-content\/uploads\/2023\/03\/Banner-1-portada-imagen-10-1-26.jpg","contentUrl":"https:\/\/webdelmaestrocmf.com\/portal\/wp-content\/uploads\/2023\/03\/Banner-1-portada-imagen-10-1-26.jpg","width":1024,"height":1024},{"@type":"BreadcrumbList","@id":"https:\/\/webdelmaestrocmf.com\/portal\/carpeta-pedagogica-2023-para-los-niveles-de-inicial-primaria-y-secundaria-archivo-editable-en-word-y-pdf\/#breadcrumb","itemListElement":[{"@type":"ListItem","position":1,"name":"Portada","item":"https:\/\/webdelmaestrocmf.com\/portal\/"},{"@type":"ListItem","position":2,"name":"Recursos","item":"https:\/\/webdelmaestrocmf.com\/portal\/category\/pedagogia\/"},{"@type":"ListItem","position":3,"name":"Carpeta pedag\u00f3gica: Inicial, Primaria y Secundaria"}]},{"@type":"WebSite","@id":"https:\/\/webdelmaestrocmf.com\/portal\/#website","url":"https:\/\/webdelmaestrocmf.com\/portal\/","name":"Web del Maestro CMF","description":"Maestros al servicio de la educaci\u00f3n","publisher":{"@id":"https:\/\/webdelmaestrocmf.com\/portal\/#organization"},"alternateName":"WMCMF","potentialAction":[{"@type":"SearchAction","target":{"@type":"EntryPoint","urlTemplate":"https:\/\/webdelmaestrocmf.com\/portal\/?s={search_term_string}"},"query-input":{"@type":"PropertyValueSpecification","valueRequired":true,"valueName":"search_term_string"}}],"inLanguage":"es"},{"@type":"Organization","@id":"https:\/\/webdelmaestrocmf.com\/portal\/#organization","name":"Web del Maestro CMF","alternateName":"WMCMF","url":"https:\/\/webdelmaestrocmf.com\/portal\/","logo":{"@type":"ImageObject","inLanguage":"es","@id":"https:\/\/webdelmaestrocmf.com\/portal\/#\/schema\/logo\/image\/","url":"https:\/\/webdelmaestrocmf.com\/portal\/wp-content\/uploads\/2023\/01\/logo-wmcmf-2.png","contentUrl":"https:\/\/webdelmaestrocmf.com\/portal\/wp-content\/uploads\/2023\/01\/logo-wmcmf-2.png","width":200,"height":60,"caption":"Web del Maestro CMF"},"image":{"@id":"https:\/\/webdelmaestrocmf.com\/portal\/#\/schema\/logo\/image\/"},"sameAs":["https:\/\/www.facebook.com\/WebdelMaestroCMF\/","https:\/\/x.com\/cmf_w","https:\/\/www.pinterest.com\/WMCMF\/","https:\/\/www.linkedin.com\/company\/web-del-maestro-cmf\/","https:\/\/www.instagram.com\/wmcmf\/","https:\/\/www.youtube.com\/channel\/UCDPSvjbdodE5sHnC3OxutHw","https:\/\/mastodon.social\/@wmcmf","https:\/\/www.tiktok.com\/@webdelmaestrocmf"]},{"@type":"Person","@id":"https:\/\/webdelmaestrocmf.com\/portal\/#\/schema\/person\/1072a2ed7bd960df8ef99a551fa35dc5","name":"Web del Maestro CMF","image":{"@type":"ImageObject","inLanguage":"es","@id":"https:\/\/secure.gravatar.com\/avatar\/23291dd5b5ae1077dcff3dbb04c3e02bd28403fa75af6d8787d5e97c5bbbe30b?s=96&d=mm&r=g","url":"https:\/\/secure.gravatar.com\/avatar\/23291dd5b5ae1077dcff3dbb04c3e02bd28403fa75af6d8787d5e97c5bbbe30b?s=96&d=mm&r=g","contentUrl":"https:\/\/secure.gravatar.com\/avatar\/23291dd5b5ae1077dcff3dbb04c3e02bd28403fa75af6d8787d5e97c5bbbe30b?s=96&d=mm&r=g","caption":"Web del Maestro CMF"},"description":"Esta Web se cre\u00f3 sin fines de lucro, con fines educativos, cient\u00edficos y acad\u00e9micos, para personas que tengan dificultades y\/o inconvenientes en visualizar el material original. El objetivo es entregar recursos, compartir experiencias y materiales que ayuden a los padres de familia, maestros y estudiantes en su actualizaci\u00f3n y formaci\u00f3n permanente, en bien de la Educaci\u00f3n.","sameAs":["http:\/\/webdelmaestrocmf.com\/portal","https:\/\/www.facebook.com\/WebdelMaestroCMF\/","https:\/\/www.instagram.com\/wmcmf\/","https:\/\/cl.linkedin.com\/company\/web-del-maestro-cmf","https:\/\/www.pinterest.com\/WMCMF\/publicaciones\/","https:\/\/x.com\/cmf_w","https:\/\/www.youtube.com\/@WMCMF"]}]}},"jetpack_featured_media_url":"https:\/\/webdelmaestrocmf.com\/portal\/wp-content\/uploads\/2023\/03\/Banner-1-portada-imagen-10-1-26.jpg","jetpack_sharing_enabled":true,"jetpack-related-posts":[{"id":103694,"url":"https:\/\/webdelmaestrocmf.com\/portal\/3-plantillas-de-carpeta-pedagogica-para-educacion-primaria\/","url_meta":{"origin":85365,"position":0},"title":"3 plantillas de Carpeta Pedag\u00f3gica para Educaci\u00f3n Primaria","author":"Web del Maestro CMF","date":"11 febrero, 2024","format":false,"excerpt":"La carpeta pedag\u00f3gica es un instrumento fundamental para la planificaci\u00f3n y organizaci\u00f3n del proceso educativo en el nivel primario. Se trata de un repositorio que re\u00fane informaci\u00f3n vital sobre la planificaci\u00f3n curricular, las estrategias de ense\u00f1anza, el seguimiento del aprendizaje de los alumnos y la evaluaci\u00f3n de su progreso. Esta\u2026","rel":"","context":"En \u00abCarpeta\u00bb","block_context":{"text":"Carpeta","link":"https:\/\/webdelmaestrocmf.com\/portal\/category\/pedagogia\/carpeta\/"},"img":{"alt_text":"carpeta pedag\u00f3gica primaria","src":"https:\/\/i0.wp.com\/webdelmaestrocmf.com\/portal\/wp-content\/uploads\/2024\/02\/Banner-1-portada-imagen-10-1-11.jpg?resize=350%2C200&ssl=1","width":350,"height":200,"srcset":"https:\/\/i0.wp.com\/webdelmaestrocmf.com\/portal\/wp-content\/uploads\/2024\/02\/Banner-1-portada-imagen-10-1-11.jpg?resize=350%2C200&ssl=1 1x, https:\/\/i0.wp.com\/webdelmaestrocmf.com\/portal\/wp-content\/uploads\/2024\/02\/Banner-1-portada-imagen-10-1-11.jpg?resize=525%2C300&ssl=1 1.5x, https:\/\/i0.wp.com\/webdelmaestrocmf.com\/portal\/wp-content\/uploads\/2024\/02\/Banner-1-portada-imagen-10-1-11.jpg?resize=700%2C400&ssl=1 2x"},"classes":[]},{"id":103637,"url":"https:\/\/webdelmaestrocmf.com\/portal\/carpeta-pedagogica-en-el-nivel-inicial-descarga-word\/","url_meta":{"origin":85365,"position":1},"title":"Carpeta Pedag\u00f3gica en el Nivel Inicial | Descarga | Word","author":"Web del Maestro CMF","date":"9 febrero, 2024","format":false,"excerpt":"La Carpeta Pedag\u00f3gica es un instrumento fundamental para la planificaci\u00f3n y el desarrollo del proceso educativo en el Nivel Inicial. Es un espacio f\u00edsico o virtual que permite al docente organizar y registrar la informaci\u00f3n relevante a su pr\u00e1ctica pedag\u00f3gica, incluyendo la planificaci\u00f3n curricular, las actividades realizadas, los aprendizajes logrados\u2026","rel":"","context":"En \u00abCarpeta\u00bb","block_context":{"text":"Carpeta","link":"https:\/\/webdelmaestrocmf.com\/portal\/category\/pedagogia\/carpeta\/"},"img":{"alt_text":"","src":"https:\/\/i0.wp.com\/webdelmaestrocmf.com\/portal\/wp-content\/uploads\/2024\/02\/Banner-1-portada-imagen-10-1-14-1.jpg?resize=350%2C200&ssl=1","width":350,"height":200,"srcset":"https:\/\/i0.wp.com\/webdelmaestrocmf.com\/portal\/wp-content\/uploads\/2024\/02\/Banner-1-portada-imagen-10-1-14-1.jpg?resize=350%2C200&ssl=1 1x, https:\/\/i0.wp.com\/webdelmaestrocmf.com\/portal\/wp-content\/uploads\/2024\/02\/Banner-1-portada-imagen-10-1-14-1.jpg?resize=525%2C300&ssl=1 1.5x, https:\/\/i0.wp.com\/webdelmaestrocmf.com\/portal\/wp-content\/uploads\/2024\/02\/Banner-1-portada-imagen-10-1-14-1.jpg?resize=700%2C400&ssl=1 2x"},"classes":[]},{"id":46919,"url":"https:\/\/webdelmaestrocmf.com\/portal\/modelo-de-carpeta-pedagogica-para-el-ano-lectivo-2020-inicial-primaria-y-secundaria-2\/","url_meta":{"origin":85365,"position":2},"title":"Modelo de Carpeta pedag\u00f3gica: Inicial, Primaria y Secundaria","author":"Web del Maestro CMF","date":"4 mayo, 2020","format":false,"excerpt":"Es un instrumento de trabajo, primordial e imprescindible del docente, que permite viabilizar de manera adecuada y pertinente las acciones educativas. Es un documento normativo en la medida que contiene los lineamientos de la pol\u00edtica educativa actual, adecuadas y contextualizadas a una realidad sociocultural determinada, que orienta de manera eficiente\u2026","rel":"","context":"En \u00abDescargas Manuales PDF\u00bb","block_context":{"text":"Descargas Manuales PDF","link":"https:\/\/webdelmaestrocmf.com\/portal\/category\/pedagogia\/descargas-manuales-pdf\/"},"img":{"alt_text":"","src":"https:\/\/i0.wp.com\/webdelmaestrocmf.com\/portal\/wp-content\/uploads\/2020\/05\/1-11.jpg?resize=350%2C200&ssl=1","width":350,"height":200,"srcset":"https:\/\/i0.wp.com\/webdelmaestrocmf.com\/portal\/wp-content\/uploads\/2020\/05\/1-11.jpg?resize=350%2C200&ssl=1 1x, https:\/\/i0.wp.com\/webdelmaestrocmf.com\/portal\/wp-content\/uploads\/2020\/05\/1-11.jpg?resize=525%2C300&ssl=1 1.5x, https:\/\/i0.wp.com\/webdelmaestrocmf.com\/portal\/wp-content\/uploads\/2020\/05\/1-11.jpg?resize=700%2C400&ssl=1 2x, https:\/\/i0.wp.com\/webdelmaestrocmf.com\/portal\/wp-content\/uploads\/2020\/05\/1-11.jpg?resize=1050%2C600&ssl=1 3x"},"classes":[]},{"id":43844,"url":"https:\/\/webdelmaestrocmf.com\/portal\/modelo-de-carpeta-pedagogica-para-el-ano-lectivo-2020-inicial-primaria-y-secundaria\/","url_meta":{"origin":85365,"position":3},"title":"Modelo de carpeta pedag\u00f3gica para este a\u00f1o lectivo","author":"Web del Maestro CMF","date":"22 diciembre, 2023","format":false,"excerpt":"La carpeta pedag\u00f3gica es un instrumento de trabajo, primordial e imprescindible del docente, que permite viabilizar de manera adecuada y pertinente las acciones educativas. Es un documento normativo en la medida que contiene los lineamientos de la pol\u00edtica educativa actual, adecuadas y contextualizadas a una realidad sociocultural determinada, que orienta\u2026","rel":"","context":"En \u00abDescargas Manuales PDF\u00bb","block_context":{"text":"Descargas Manuales PDF","link":"https:\/\/webdelmaestrocmf.com\/portal\/category\/pedagogia\/descargas-manuales-pdf\/"},"img":{"alt_text":"carpeta pedag\u00f3gica","src":"https:\/\/i0.wp.com\/webdelmaestrocmf.com\/portal\/wp-content\/uploads\/2020\/02\/1-66.jpg?resize=350%2C200&ssl=1","width":350,"height":200,"srcset":"https:\/\/i0.wp.com\/webdelmaestrocmf.com\/portal\/wp-content\/uploads\/2020\/02\/1-66.jpg?resize=350%2C200&ssl=1 1x, https:\/\/i0.wp.com\/webdelmaestrocmf.com\/portal\/wp-content\/uploads\/2020\/02\/1-66.jpg?resize=525%2C300&ssl=1 1.5x, https:\/\/i0.wp.com\/webdelmaestrocmf.com\/portal\/wp-content\/uploads\/2020\/02\/1-66.jpg?resize=700%2C400&ssl=1 2x, https:\/\/i0.wp.com\/webdelmaestrocmf.com\/portal\/wp-content\/uploads\/2020\/02\/1-66.jpg?resize=1050%2C600&ssl=1 3x"},"classes":[]},{"id":26946,"url":"https:\/\/webdelmaestrocmf.com\/portal\/carpeta-pedagogica-2018-para-inicial-primaria-y-secundaria\/","url_meta":{"origin":85365,"position":4},"title":"Descarga los dos modelos editables de Carpeta pedag\u00f3gica 2026","author":"Web del Maestro CMF","date":"19 abril, 2026","format":false,"excerpt":"La carpeta docente es un portafolio que re\u00fane evidencias, reflexiones y progresos del profesor. Permite evaluar, mejorar la pr\u00e1ctica, acreditar logros y dar sentido formativo al proceso educativo profesional.","rel":"","context":"En \u00abDescargas Manuales PDF\u00bb","block_context":{"text":"Descargas Manuales PDF","link":"https:\/\/webdelmaestrocmf.com\/portal\/category\/pedagogia\/descargas-manuales-pdf\/"},"img":{"alt_text":"","src":"https:\/\/i0.wp.com\/webdelmaestrocmf.com\/portal\/wp-content\/uploads\/2021\/03\/Banner-1-portada-imagen-10-1-6.jpg?resize=350%2C200&ssl=1","width":350,"height":200,"srcset":"https:\/\/i0.wp.com\/webdelmaestrocmf.com\/portal\/wp-content\/uploads\/2021\/03\/Banner-1-portada-imagen-10-1-6.jpg?resize=350%2C200&ssl=1 1x, https:\/\/i0.wp.com\/webdelmaestrocmf.com\/portal\/wp-content\/uploads\/2021\/03\/Banner-1-portada-imagen-10-1-6.jpg?resize=525%2C300&ssl=1 1.5x, https:\/\/i0.wp.com\/webdelmaestrocmf.com\/portal\/wp-content\/uploads\/2021\/03\/Banner-1-portada-imagen-10-1-6.jpg?resize=700%2C400&ssl=1 2x"},"classes":[]},{"id":75444,"url":"https:\/\/webdelmaestrocmf.com\/portal\/carpetas-pedagogicas-de-todos-los-grados-de-primaria\/","url_meta":{"origin":85365,"position":5},"title":"Carpetas pedag\u00f3gicas de todos los grados de primaria","author":"Web del Maestro CMF","date":"13 marzo, 2022","format":false,"excerpt":"Sabemos que la carpeta pedag\u00f3gica del docentes es muy importante para cada uno de nosotros los docentes, pues en ella se re\u00fane toda la informaci\u00f3n de nuestra aula y de todas las cosas que se har\u00e1n con nuestros alumnos todo el a\u00f1o lectivo. Este portafolio docente para el nivel de\u2026","rel":"","context":"En \u00abDescargas Manuales PDF\u00bb","block_context":{"text":"Descargas Manuales PDF","link":"https:\/\/webdelmaestrocmf.com\/portal\/category\/pedagogia\/descargas-manuales-pdf\/"},"img":{"alt_text":"","src":"https:\/\/i0.wp.com\/webdelmaestrocmf.com\/portal\/wp-content\/uploads\/2022\/03\/1ss-32.jpg?resize=350%2C200&ssl=1","width":350,"height":200,"srcset":"https:\/\/i0.wp.com\/webdelmaestrocmf.com\/portal\/wp-content\/uploads\/2022\/03\/1ss-32.jpg?resize=350%2C200&ssl=1 1x, https:\/\/i0.wp.com\/webdelmaestrocmf.com\/portal\/wp-content\/uploads\/2022\/03\/1ss-32.jpg?resize=525%2C300&ssl=1 1.5x, https:\/\/i0.wp.com\/webdelmaestrocmf.com\/portal\/wp-content\/uploads\/2022\/03\/1ss-32.jpg?resize=700%2C400&ssl=1 2x, https:\/\/i0.wp.com\/webdelmaestrocmf.com\/portal\/wp-content\/uploads\/2022\/03\/1ss-32.jpg?resize=1050%2C600&ssl=1 3x"},"classes":[]}],"_links":{"self":[{"href":"https:\/\/webdelmaestrocmf.com\/portal\/wp-json\/wp\/v2\/posts\/85365","targetHints":{"allow":["GET"]}}],"collection":[{"href":"https:\/\/webdelmaestrocmf.com\/portal\/wp-json\/wp\/v2\/posts"}],"about":[{"href":"https:\/\/webdelmaestrocmf.com\/portal\/wp-json\/wp\/v2\/types\/post"}],"author":[{"embeddable":true,"href":"https:\/\/webdelmaestrocmf.com\/portal\/wp-json\/wp\/v2\/users\/1"}],"replies":[{"embeddable":true,"href":"https:\/\/webdelmaestrocmf.com\/portal\/wp-json\/wp\/v2\/comments?post=85365"}],"version-history":[{"count":2,"href":"https:\/\/webdelmaestrocmf.com\/portal\/wp-json\/wp\/v2\/posts\/85365\/revisions"}],"predecessor-version":[{"id":108161,"href":"https:\/\/webdelmaestrocmf.com\/portal\/wp-json\/wp\/v2\/posts\/85365\/revisions\/108161"}],"wp:featuredmedia":[{"embeddable":true,"href":"https:\/\/webdelmaestrocmf.com\/portal\/wp-json\/wp\/v2\/media\/104362"}],"wp:attachment":[{"href":"https:\/\/webdelmaestrocmf.com\/portal\/wp-json\/wp\/v2\/media?parent=85365"}],"wp:term":[{"taxonomy":"category","embeddable":true,"href":"https:\/\/webdelmaestrocmf.com\/portal\/wp-json\/wp\/v2\/categories?post=85365"},{"taxonomy":"post_tag","embeddable":true,"href":"https:\/\/webdelmaestrocmf.com\/portal\/wp-json\/wp\/v2\/tags?post=85365"}],"curies":[{"name":"wp","href":"https:\/\/api.w.org\/{rel}","templated":true}]}}