{"id":84979,"date":"2023-03-01T22:50:10","date_gmt":"2023-03-02T01:50:10","guid":{"rendered":"https:\/\/webdelmaestrocmf.com\/portal\/?p=84979"},"modified":"2023-03-02T10:54:55","modified_gmt":"2023-03-02T13:54:55","slug":"calendario-de-inteligencias-multiples-del-mes-de-marzo-2023-adaptado-a-infantil","status":"publish","type":"post","link":"https:\/\/webdelmaestrocmf.com\/portal\/calendario-de-inteligencias-multiples-del-mes-de-marzo-2023-adaptado-a-infantil\/","title":{"rendered":"Calendario de Inteligencias M\u00faltiples del mes de marzo 2023 adaptado a Infantil"},"content":{"rendered":"<h5 style=\"text-align: justify;\">Las inteligencias m\u00faltiples son un marco te\u00f3rico propuesto por el psic\u00f3logo Howard Gardner que sugiere que cada persona tiene diferentes tipos de inteligencias, que van m\u00e1s all\u00e1 de la inteligencia acad\u00e9mica tradicional. Estas inteligencias incluyen habilidades en \u00e1reas como la musicalidad, la inteligencia interpersonal, la inteligencia intrapersonal, la capacidad espacial, la inteligencia ling\u00fc\u00edstica, la inteligencia l\u00f3gica-matem\u00e1tica y la inteligencia corporal-kinest\u00e9sica.<\/h5>\n<p><!--more--><\/p>\n<h5 style=\"text-align: justify;\">La importancia de las inteligencias m\u00faltiples radica en que nos permite entender que no todos aprendemos de la misma manera. Al reconocer las diferentes fortalezas y habilidades de los estudiantes, los educadores pueden adaptar sus m\u00e9todos de ense\u00f1anza para satisfacer las necesidades de cada individuo. Esto puede mejorar significativamente la efectividad del aprendizaje y la retenci\u00f3n de informaci\u00f3n.<\/h5>\n<p style=\"text-align: justify;\">Adem\u00e1s, la teor\u00eda de las inteligencias m\u00faltiples puede ayudar a las personas a comprender mejor sus propios talentos y habilidades, y a desarrollar una mayor autoconciencia y autoestima. Al aceptar que existen diferentes tipos de inteligencia, las personas pueden dejar de sentirse limitadas por su capacidad en una sola \u00e1rea y explorar su potencial en otras \u00e1reas.<\/p>\n<p style=\"text-align: justify;\">La teor\u00eda de las inteligencias m\u00faltiples es particularmente importante en el contexto de la educaci\u00f3n infantil, ya que los ni\u00f1os en esta etapa est\u00e1n en pleno desarrollo cognitivo y emocional, y est\u00e1n explorando y descubriendo sus habilidades y talentos. Al reconocer y fomentar las diferentes inteligencias, los educadores pueden ayudar a los ni\u00f1os a desarrollar su potencial y a tener \u00e9xito en el aprendizaje y en la vida.<\/p>\n<p style=\"text-align: justify;\">En esta etapa, es fundamental que los educadores reconozcan y fomenten las diferentes inteligencias de los ni\u00f1os, ya que cada ni\u00f1o aprende y se desarrolla de manera \u00fanica. Al hacerlo, se pueden crear experiencias de aprendizaje m\u00e1s significativas y personalizadas para cada ni\u00f1o, lo que puede ayudar a mejorar su motivaci\u00f3n, compromiso y retenci\u00f3n de la informaci\u00f3n.<\/p>\n<p><img loading=\"lazy\" decoding=\"async\" class=\"alignnone size-large wp-image-84980\" src=\"https:\/\/webdelmaestrocmf.com\/portal\/wp-content\/uploads\/2023\/03\/Captura-de-Pantalla-2023-03-01-a-las-22.48.29-1024x579.png\" alt=\"\" width=\"1024\" height=\"579\" srcset=\"https:\/\/webdelmaestrocmf.com\/portal\/wp-content\/uploads\/2023\/03\/Captura-de-Pantalla-2023-03-01-a-las-22.48.29-1024x579.png 1024w, https:\/\/webdelmaestrocmf.com\/portal\/wp-content\/uploads\/2023\/03\/Captura-de-Pantalla-2023-03-01-a-las-22.48.29-300x170.png 300w, https:\/\/webdelmaestrocmf.com\/portal\/wp-content\/uploads\/2023\/03\/Captura-de-Pantalla-2023-03-01-a-las-22.48.29-768x434.png 768w, https:\/\/webdelmaestrocmf.com\/portal\/wp-content\/uploads\/2023\/03\/Captura-de-Pantalla-2023-03-01-a-las-22.48.29-380x215.png 380w, https:\/\/webdelmaestrocmf.com\/portal\/wp-content\/uploads\/2023\/03\/Captura-de-Pantalla-2023-03-01-a-las-22.48.29-800x453.png 800w, https:\/\/webdelmaestrocmf.com\/portal\/wp-content\/uploads\/2023\/03\/Captura-de-Pantalla-2023-03-01-a-las-22.48.29-1160x656.png 1160w, https:\/\/webdelmaestrocmf.com\/portal\/wp-content\/uploads\/2023\/03\/Captura-de-Pantalla-2023-03-01-a-las-22.48.29.png 1432w\" sizes=\"auto, (max-width: 1024px) 100vw, 1024px\" \/><\/p>\n<p style=\"text-align: center;\">Recomendamos a la Comunidad Educativa Digital tener en cuenta que, el enlace y\/o la carpeta en donde est\u00e1n alojados los libros, recursos y\/o materiales, no es administrado por la Web del Maestro CMF, pueda ser que en cuesti\u00f3n de d\u00edas (o seg\u00fan el tiempo transcurrido desde su publicaci\u00f3n), los enlaces no funcionen y el material ya no se encuentre disponible. Gracias por su comprensi\u00f3n.<\/p>\n<h3>ENLACE DE LECTURA:<\/h3>\n<p style=\"text-align: center;\">Comparte y as\u00ed m\u00e1s docentes utilizaron estos recursos gratis! Muchas gracias.<\/p>\n<p style=\"text-align: center;\"><a href=\"https:\/\/mega.nz\/folder\/2npS1JxT#o9FHQ8Hrw7iMU98NeU9now\" target=\"_blank\" rel=\"noopener\">CALENDARIO DE INTELIGENCIAS M\u00daLTIPLES DEL MES DE MARZO 2023 ADAPTADO A INFANTIL<\/a><\/p>\n\t\t<div class=\"pk-inline-posts\">\n\t\t\t\n\t\t\t<div class=\"pk-inline-posts-container pk-inline-posts-template-list\"\n\t\t\t\tdata-columns=\"1\">\n\t\t\t\t\t\t<article id=\"post-31801\" class=\"post-31801 post type-post status-publish format-standard has-post-thumbnail category-inteligencias-multiples category-pedagogia tag-aula tag-estrategias-clave tag-guia-para-docentes tag-inteligencias tag-inteligencias-multiples tag-inteligencias-multiples-en-el-aula tag-multiples cs-entry cs-video-wrap\">\n\t\t\t<div class=\"pk-post-outer\">\n\n\t\t\t\t\t\t\t\t<div class=\"pk-post-inner\">\n\t\t\t\t\t<div class=\"entry-thumbnail\">\n\t\t\t\t\t\t<div class=\"pk-overlay pk-overlay-ratio pk-ratio-landscape\">\n\t\t\t\t\t\t\t<div class=\"pk-overlay-background\">\n\t\t\t\t\t\t\t\t<a href=\"https:\/\/webdelmaestrocmf.com\/portal\/guia-para-docentes-las-inteligencias-multiples-en-el-aula\/\" class=\"pk-overlay-link\">\n\t\t\t\t\t\t\t\t\t<img loading=\"lazy\" decoding=\"async\" width=\"300\" height=\"225\" src=\"https:\/\/webdelmaestrocmf.com\/portal\/wp-content\/uploads\/2020\/11\/Banner-1-portada-imagen-10-1-15-300x225.jpg\" class=\"attachment-pk-thumbnail size-pk-thumbnail wp-post-image\" alt=\"inteligencias m\u00faltiples\" \/>\t\t\t\t\t\t\t\t<\/a>\n\t\t\t\t\t\t\t<\/div>\n\t\t\t\t\t\t<\/div>\n\t\t\t\t\t<\/div>\n\t\t\t\t<\/div>\n\t\t\t\t\n\t\t\t\t<div class=\"pk-post-inner\">\n\t\t\t\t\t<header>\n\t\t\t\t\t\t<h3 class=\"pk-title\"><a href=\"https:\/\/webdelmaestrocmf.com\/portal\/guia-para-docentes-las-inteligencias-multiples-en-el-aula\/\" rel=\"bookmark\">Gu\u00eda para docentes sobre las inteligencias m\u00faltiples en el aula<\/a><\/h3>\t\t\t\t\t<\/header><!-- .entry-header -->\n\t\t\t\t<\/div><!-- .post-inner -->\n\n\t\t\t<\/div><!-- .post-outer -->\n\t\t<\/article>\n\t\t\t\t<\/div>\n\t\t<\/div>\n\t\t\n","protected":false},"excerpt":{"rendered":"Las inteligencias m\u00faltiples son un marco te\u00f3rico propuesto por el psic\u00f3logo Howard Gardner que sugiere que cada persona&hellip;","protected":false},"author":1,"featured_media":84982,"comment_status":"open","ping_status":"closed","sticky":false,"template":"","format":"standard","meta":{"csco_display_header_overlay":false,"csco_singular_sidebar":"","csco_page_header_type":"","csco_page_load_nextpost":"","csco_post_video_location":[],"csco_post_video_location_hash":"","csco_post_video_url":"","csco_post_video_bg_start_time":0,"csco_post_video_bg_end_time":0,"csco_post_video_bg_volume":false,"_jetpack_memberships_contains_paid_content":false,"footnotes":""},"categories":[612,735],"tags":[14424,15214,4764,2680,995,3364,4978,996],"class_list":{"0":"post-84979","1":"post","2":"type-post","3":"status-publish","4":"format-standard","5":"has-post-thumbnail","7":"category-inteligencias-multiples","8":"category-pedagogia","9":"tag-14424","10":"tag-adaptado","11":"tag-calendario","12":"tag-infantil","13":"tag-inteligencias","14":"tag-marzo","15":"tag-mes","16":"tag-multiples","17":"cs-entry","18":"cs-video-wrap"},"yoast_head":"<!-- This site is optimized with the Yoast SEO plugin v27.5 - https:\/\/yoast.com\/product\/yoast-seo-wordpress\/ -->\n<title>Calendario de Inteligencias M\u00faltiples del mes de marzo 2023 adaptado a Infantil - 2026<\/title>\n<meta name=\"description\" content=\"Las inteligencias m\u00faltiples son un marco te\u00f3rico propuesto por el psic\u00f3logo Howard Gardner que sugiere que cada persona tiene...\" \/>\n<meta name=\"robots\" content=\"index, follow, max-snippet:-1, max-image-preview:large, max-video-preview:-1\" \/>\n<link rel=\"canonical\" href=\"https:\/\/webdelmaestrocmf.com\/portal\/calendario-de-inteligencias-multiples-del-mes-de-marzo-2023-adaptado-a-infantil\/\" \/>\n<meta property=\"og:locale\" content=\"es_ES\" \/>\n<meta property=\"og:type\" content=\"article\" \/>\n<meta property=\"og:title\" content=\"Calendario de Inteligencias M\u00faltiples del mes de marzo 2023 adaptado a Infantil - 2026\" \/>\n<meta property=\"og:description\" content=\"Las inteligencias m\u00faltiples son un marco te\u00f3rico propuesto por el psic\u00f3logo Howard Gardner que sugiere que cada persona tiene...\" \/>\n<meta property=\"og:url\" content=\"https:\/\/webdelmaestrocmf.com\/portal\/calendario-de-inteligencias-multiples-del-mes-de-marzo-2023-adaptado-a-infantil\/\" \/>\n<meta property=\"og:site_name\" content=\"Web del Maestro CMF\" \/>\n<meta property=\"article:publisher\" content=\"https:\/\/www.facebook.com\/WebdelMaestroCMF\/\" \/>\n<meta property=\"article:author\" content=\"https:\/\/www.facebook.com\/WebdelMaestroCMF\/\" \/>\n<meta property=\"article:published_time\" content=\"2023-03-02T01:50:10+00:00\" \/>\n<meta property=\"article:modified_time\" content=\"2023-03-02T13:54:55+00:00\" \/>\n<meta property=\"og:image\" content=\"https:\/\/i0.wp.com\/webdelmaestrocmf.com\/portal\/wp-content\/uploads\/2023\/03\/1ABW.jpg?fit=900%2C556&ssl=1\" \/>\n\t<meta property=\"og:image:width\" content=\"900\" \/>\n\t<meta property=\"og:image:height\" content=\"556\" \/>\n\t<meta property=\"og:image:type\" content=\"image\/jpeg\" \/>\n<meta name=\"author\" content=\"Web del Maestro CMF\" \/>\n<meta name=\"twitter:card\" content=\"summary_large_image\" \/>\n<meta name=\"twitter:creator\" content=\"@cmf_w\" \/>\n<meta name=\"twitter:site\" content=\"@cmf_w\" \/>\n<script type=\"application\/ld+json\" class=\"yoast-schema-graph\">{\"@context\":\"https:\\\/\\\/schema.org\",\"@graph\":[{\"@type\":\"ScholarlyArticle\",\"@id\":\"https:\\\/\\\/webdelmaestrocmf.com\\\/portal\\\/calendario-de-inteligencias-multiples-del-mes-de-marzo-2023-adaptado-a-infantil\\\/#article\",\"isPartOf\":{\"@id\":\"https:\\\/\\\/webdelmaestrocmf.com\\\/portal\\\/calendario-de-inteligencias-multiples-del-mes-de-marzo-2023-adaptado-a-infantil\\\/\"},\"author\":{\"name\":\"Web del Maestro CMF\",\"@id\":\"https:\\\/\\\/webdelmaestrocmf.com\\\/portal\\\/#\\\/schema\\\/person\\\/1072a2ed7bd960df8ef99a551fa35dc5\"},\"headline\":\"Calendario de Inteligencias M\u00faltiples del mes de marzo 2023 adaptado a Infantil\",\"datePublished\":\"2023-03-02T01:50:10+00:00\",\"dateModified\":\"2023-03-02T13:54:55+00:00\",\"mainEntityOfPage\":{\"@id\":\"https:\\\/\\\/webdelmaestrocmf.com\\\/portal\\\/calendario-de-inteligencias-multiples-del-mes-de-marzo-2023-adaptado-a-infantil\\\/\"},\"wordCount\":444,\"commentCount\":0,\"publisher\":{\"@id\":\"https:\\\/\\\/webdelmaestrocmf.com\\\/portal\\\/#organization\"},\"image\":{\"@id\":\"https:\\\/\\\/webdelmaestrocmf.com\\\/portal\\\/calendario-de-inteligencias-multiples-del-mes-de-marzo-2023-adaptado-a-infantil\\\/#primaryimage\"},\"thumbnailUrl\":\"https:\\\/\\\/webdelmaestrocmf.com\\\/portal\\\/wp-content\\\/uploads\\\/2023\\\/03\\\/1ABW.jpg\",\"keywords\":[\"2023\",\"adaptado\",\"Calendario\",\"INFANTIL\",\"INTELIGENCIAS\",\"MARZO\",\"mes\",\"M\u00daLTIPLES\"],\"articleSection\":[\"Inteligencias m\u00faltiples\",\"Recursos\"],\"inLanguage\":\"es\",\"potentialAction\":[{\"@type\":\"CommentAction\",\"name\":\"Comment\",\"target\":[\"https:\\\/\\\/webdelmaestrocmf.com\\\/portal\\\/calendario-de-inteligencias-multiples-del-mes-de-marzo-2023-adaptado-a-infantil\\\/#respond\"]}]},{\"@type\":\"WebPage\",\"@id\":\"https:\\\/\\\/webdelmaestrocmf.com\\\/portal\\\/calendario-de-inteligencias-multiples-del-mes-de-marzo-2023-adaptado-a-infantil\\\/\",\"url\":\"https:\\\/\\\/webdelmaestrocmf.com\\\/portal\\\/calendario-de-inteligencias-multiples-del-mes-de-marzo-2023-adaptado-a-infantil\\\/\",\"name\":\"Calendario de Inteligencias M\u00faltiples del mes de marzo 2023 adaptado a Infantil - 2026\",\"isPartOf\":{\"@id\":\"https:\\\/\\\/webdelmaestrocmf.com\\\/portal\\\/#website\"},\"primaryImageOfPage\":{\"@id\":\"https:\\\/\\\/webdelmaestrocmf.com\\\/portal\\\/calendario-de-inteligencias-multiples-del-mes-de-marzo-2023-adaptado-a-infantil\\\/#primaryimage\"},\"image\":{\"@id\":\"https:\\\/\\\/webdelmaestrocmf.com\\\/portal\\\/calendario-de-inteligencias-multiples-del-mes-de-marzo-2023-adaptado-a-infantil\\\/#primaryimage\"},\"thumbnailUrl\":\"https:\\\/\\\/webdelmaestrocmf.com\\\/portal\\\/wp-content\\\/uploads\\\/2023\\\/03\\\/1ABW.jpg\",\"datePublished\":\"2023-03-02T01:50:10+00:00\",\"dateModified\":\"2023-03-02T13:54:55+00:00\",\"description\":\"Las inteligencias m\u00faltiples son un marco te\u00f3rico propuesto por el psic\u00f3logo Howard Gardner que sugiere que cada persona tiene...\",\"breadcrumb\":{\"@id\":\"https:\\\/\\\/webdelmaestrocmf.com\\\/portal\\\/calendario-de-inteligencias-multiples-del-mes-de-marzo-2023-adaptado-a-infantil\\\/#breadcrumb\"},\"inLanguage\":\"es\",\"potentialAction\":[{\"@type\":\"ReadAction\",\"target\":[\"https:\\\/\\\/webdelmaestrocmf.com\\\/portal\\\/calendario-de-inteligencias-multiples-del-mes-de-marzo-2023-adaptado-a-infantil\\\/\"]}]},{\"@type\":\"ImageObject\",\"inLanguage\":\"es\",\"@id\":\"https:\\\/\\\/webdelmaestrocmf.com\\\/portal\\\/calendario-de-inteligencias-multiples-del-mes-de-marzo-2023-adaptado-a-infantil\\\/#primaryimage\",\"url\":\"https:\\\/\\\/webdelmaestrocmf.com\\\/portal\\\/wp-content\\\/uploads\\\/2023\\\/03\\\/1ABW.jpg\",\"contentUrl\":\"https:\\\/\\\/webdelmaestrocmf.com\\\/portal\\\/wp-content\\\/uploads\\\/2023\\\/03\\\/1ABW.jpg\",\"width\":900,\"height\":556},{\"@type\":\"BreadcrumbList\",\"@id\":\"https:\\\/\\\/webdelmaestrocmf.com\\\/portal\\\/calendario-de-inteligencias-multiples-del-mes-de-marzo-2023-adaptado-a-infantil\\\/#breadcrumb\",\"itemListElement\":[{\"@type\":\"ListItem\",\"position\":1,\"name\":\"Portada\",\"item\":\"https:\\\/\\\/webdelmaestrocmf.com\\\/portal\\\/\"},{\"@type\":\"ListItem\",\"position\":2,\"name\":\"Recursos\",\"item\":\"https:\\\/\\\/webdelmaestrocmf.com\\\/portal\\\/category\\\/pedagogia\\\/\"},{\"@type\":\"ListItem\",\"position\":3,\"name\":\"Calendario de Inteligencias M\u00faltiples del mes de marzo 2023 adaptado a Infantil\"}]},{\"@type\":\"WebSite\",\"@id\":\"https:\\\/\\\/webdelmaestrocmf.com\\\/portal\\\/#website\",\"url\":\"https:\\\/\\\/webdelmaestrocmf.com\\\/portal\\\/\",\"name\":\"Web del Maestro CMF\",\"description\":\"Maestros al servicio de la educaci\u00f3n\",\"publisher\":{\"@id\":\"https:\\\/\\\/webdelmaestrocmf.com\\\/portal\\\/#organization\"},\"alternateName\":\"WMCMF\",\"potentialAction\":[{\"@type\":\"SearchAction\",\"target\":{\"@type\":\"EntryPoint\",\"urlTemplate\":\"https:\\\/\\\/webdelmaestrocmf.com\\\/portal\\\/?s={search_term_string}\"},\"query-input\":{\"@type\":\"PropertyValueSpecification\",\"valueRequired\":true,\"valueName\":\"search_term_string\"}}],\"inLanguage\":\"es\"},{\"@type\":\"Organization\",\"@id\":\"https:\\\/\\\/webdelmaestrocmf.com\\\/portal\\\/#organization\",\"name\":\"Web del Maestro CMF\",\"alternateName\":\"WMCMF\",\"url\":\"https:\\\/\\\/webdelmaestrocmf.com\\\/portal\\\/\",\"logo\":{\"@type\":\"ImageObject\",\"inLanguage\":\"es\",\"@id\":\"https:\\\/\\\/webdelmaestrocmf.com\\\/portal\\\/#\\\/schema\\\/logo\\\/image\\\/\",\"url\":\"https:\\\/\\\/webdelmaestrocmf.com\\\/portal\\\/wp-content\\\/uploads\\\/2023\\\/01\\\/logo-wmcmf-2.png\",\"contentUrl\":\"https:\\\/\\\/webdelmaestrocmf.com\\\/portal\\\/wp-content\\\/uploads\\\/2023\\\/01\\\/logo-wmcmf-2.png\",\"width\":200,\"height\":60,\"caption\":\"Web del Maestro CMF\"},\"image\":{\"@id\":\"https:\\\/\\\/webdelmaestrocmf.com\\\/portal\\\/#\\\/schema\\\/logo\\\/image\\\/\"},\"sameAs\":[\"https:\\\/\\\/www.facebook.com\\\/WebdelMaestroCMF\\\/\",\"https:\\\/\\\/x.com\\\/cmf_w\",\"https:\\\/\\\/www.pinterest.com\\\/WMCMF\\\/\",\"https:\\\/\\\/www.linkedin.com\\\/company\\\/web-del-maestro-cmf\\\/\",\"https:\\\/\\\/www.instagram.com\\\/wmcmf\\\/\",\"https:\\\/\\\/www.youtube.com\\\/channel\\\/UCDPSvjbdodE5sHnC3OxutHw\",\"https:\\\/\\\/mastodon.social\\\/@wmcmf\",\"https:\\\/\\\/www.tiktok.com\\\/@webdelmaestrocmf\"]},{\"@type\":\"Person\",\"@id\":\"https:\\\/\\\/webdelmaestrocmf.com\\\/portal\\\/#\\\/schema\\\/person\\\/1072a2ed7bd960df8ef99a551fa35dc5\",\"name\":\"Web del Maestro CMF\",\"image\":{\"@type\":\"ImageObject\",\"inLanguage\":\"es\",\"@id\":\"https:\\\/\\\/secure.gravatar.com\\\/avatar\\\/23291dd5b5ae1077dcff3dbb04c3e02bd28403fa75af6d8787d5e97c5bbbe30b?s=96&d=mm&r=g\",\"url\":\"https:\\\/\\\/secure.gravatar.com\\\/avatar\\\/23291dd5b5ae1077dcff3dbb04c3e02bd28403fa75af6d8787d5e97c5bbbe30b?s=96&d=mm&r=g\",\"contentUrl\":\"https:\\\/\\\/secure.gravatar.com\\\/avatar\\\/23291dd5b5ae1077dcff3dbb04c3e02bd28403fa75af6d8787d5e97c5bbbe30b?s=96&d=mm&r=g\",\"caption\":\"Web del Maestro CMF\"},\"description\":\"Esta Web se cre\u00f3 sin fines de lucro, con fines educativos, cient\u00edficos y acad\u00e9micos, para personas que tengan dificultades y\\\/o inconvenientes en visualizar el material original. El objetivo es entregar recursos, compartir experiencias y materiales que ayuden a los padres de familia, maestros y estudiantes en su actualizaci\u00f3n y formaci\u00f3n permanente, en bien de la Educaci\u00f3n.\",\"sameAs\":[\"http:\\\/\\\/webdelmaestrocmf.com\\\/portal\",\"https:\\\/\\\/www.facebook.com\\\/WebdelMaestroCMF\\\/\",\"https:\\\/\\\/www.instagram.com\\\/wmcmf\\\/\",\"https:\\\/\\\/cl.linkedin.com\\\/company\\\/web-del-maestro-cmf\",\"https:\\\/\\\/www.pinterest.com\\\/WMCMF\\\/publicaciones\\\/\",\"https:\\\/\\\/x.com\\\/cmf_w\",\"https:\\\/\\\/www.youtube.com\\\/@WMCMF\"]}]}<\/script>\n<!-- \/ Yoast SEO plugin. -->","yoast_head_json":{"title":"Calendario de Inteligencias M\u00faltiples del mes de marzo 2023 adaptado a Infantil - 2026","description":"Las inteligencias m\u00faltiples son un marco te\u00f3rico propuesto por el psic\u00f3logo Howard Gardner que sugiere que cada persona tiene...","robots":{"index":"index","follow":"follow","max-snippet":"max-snippet:-1","max-image-preview":"max-image-preview:large","max-video-preview":"max-video-preview:-1"},"canonical":"https:\/\/webdelmaestrocmf.com\/portal\/calendario-de-inteligencias-multiples-del-mes-de-marzo-2023-adaptado-a-infantil\/","og_locale":"es_ES","og_type":"article","og_title":"Calendario de Inteligencias M\u00faltiples del mes de marzo 2023 adaptado a Infantil - 2026","og_description":"Las inteligencias m\u00faltiples son un marco te\u00f3rico propuesto por el psic\u00f3logo Howard Gardner que sugiere que cada persona tiene...","og_url":"https:\/\/webdelmaestrocmf.com\/portal\/calendario-de-inteligencias-multiples-del-mes-de-marzo-2023-adaptado-a-infantil\/","og_site_name":"Web del Maestro CMF","article_publisher":"https:\/\/www.facebook.com\/WebdelMaestroCMF\/","article_author":"https:\/\/www.facebook.com\/WebdelMaestroCMF\/","article_published_time":"2023-03-02T01:50:10+00:00","article_modified_time":"2023-03-02T13:54:55+00:00","og_image":[{"width":900,"height":556,"url":"https:\/\/i0.wp.com\/webdelmaestrocmf.com\/portal\/wp-content\/uploads\/2023\/03\/1ABW.jpg?fit=900%2C556&ssl=1","type":"image\/jpeg"}],"author":"Web del Maestro CMF","twitter_card":"summary_large_image","twitter_creator":"@cmf_w","twitter_site":"@cmf_w","schema":{"@context":"https:\/\/schema.org","@graph":[{"@type":"ScholarlyArticle","@id":"https:\/\/webdelmaestrocmf.com\/portal\/calendario-de-inteligencias-multiples-del-mes-de-marzo-2023-adaptado-a-infantil\/#article","isPartOf":{"@id":"https:\/\/webdelmaestrocmf.com\/portal\/calendario-de-inteligencias-multiples-del-mes-de-marzo-2023-adaptado-a-infantil\/"},"author":{"name":"Web del Maestro CMF","@id":"https:\/\/webdelmaestrocmf.com\/portal\/#\/schema\/person\/1072a2ed7bd960df8ef99a551fa35dc5"},"headline":"Calendario de Inteligencias M\u00faltiples del mes de marzo 2023 adaptado a Infantil","datePublished":"2023-03-02T01:50:10+00:00","dateModified":"2023-03-02T13:54:55+00:00","mainEntityOfPage":{"@id":"https:\/\/webdelmaestrocmf.com\/portal\/calendario-de-inteligencias-multiples-del-mes-de-marzo-2023-adaptado-a-infantil\/"},"wordCount":444,"commentCount":0,"publisher":{"@id":"https:\/\/webdelmaestrocmf.com\/portal\/#organization"},"image":{"@id":"https:\/\/webdelmaestrocmf.com\/portal\/calendario-de-inteligencias-multiples-del-mes-de-marzo-2023-adaptado-a-infantil\/#primaryimage"},"thumbnailUrl":"https:\/\/webdelmaestrocmf.com\/portal\/wp-content\/uploads\/2023\/03\/1ABW.jpg","keywords":["2023","adaptado","Calendario","INFANTIL","INTELIGENCIAS","MARZO","mes","M\u00daLTIPLES"],"articleSection":["Inteligencias m\u00faltiples","Recursos"],"inLanguage":"es","potentialAction":[{"@type":"CommentAction","name":"Comment","target":["https:\/\/webdelmaestrocmf.com\/portal\/calendario-de-inteligencias-multiples-del-mes-de-marzo-2023-adaptado-a-infantil\/#respond"]}]},{"@type":"WebPage","@id":"https:\/\/webdelmaestrocmf.com\/portal\/calendario-de-inteligencias-multiples-del-mes-de-marzo-2023-adaptado-a-infantil\/","url":"https:\/\/webdelmaestrocmf.com\/portal\/calendario-de-inteligencias-multiples-del-mes-de-marzo-2023-adaptado-a-infantil\/","name":"Calendario de Inteligencias M\u00faltiples del mes de marzo 2023 adaptado a Infantil - 2026","isPartOf":{"@id":"https:\/\/webdelmaestrocmf.com\/portal\/#website"},"primaryImageOfPage":{"@id":"https:\/\/webdelmaestrocmf.com\/portal\/calendario-de-inteligencias-multiples-del-mes-de-marzo-2023-adaptado-a-infantil\/#primaryimage"},"image":{"@id":"https:\/\/webdelmaestrocmf.com\/portal\/calendario-de-inteligencias-multiples-del-mes-de-marzo-2023-adaptado-a-infantil\/#primaryimage"},"thumbnailUrl":"https:\/\/webdelmaestrocmf.com\/portal\/wp-content\/uploads\/2023\/03\/1ABW.jpg","datePublished":"2023-03-02T01:50:10+00:00","dateModified":"2023-03-02T13:54:55+00:00","description":"Las inteligencias m\u00faltiples son un marco te\u00f3rico propuesto por el psic\u00f3logo Howard Gardner que sugiere que cada persona tiene...","breadcrumb":{"@id":"https:\/\/webdelmaestrocmf.com\/portal\/calendario-de-inteligencias-multiples-del-mes-de-marzo-2023-adaptado-a-infantil\/#breadcrumb"},"inLanguage":"es","potentialAction":[{"@type":"ReadAction","target":["https:\/\/webdelmaestrocmf.com\/portal\/calendario-de-inteligencias-multiples-del-mes-de-marzo-2023-adaptado-a-infantil\/"]}]},{"@type":"ImageObject","inLanguage":"es","@id":"https:\/\/webdelmaestrocmf.com\/portal\/calendario-de-inteligencias-multiples-del-mes-de-marzo-2023-adaptado-a-infantil\/#primaryimage","url":"https:\/\/webdelmaestrocmf.com\/portal\/wp-content\/uploads\/2023\/03\/1ABW.jpg","contentUrl":"https:\/\/webdelmaestrocmf.com\/portal\/wp-content\/uploads\/2023\/03\/1ABW.jpg","width":900,"height":556},{"@type":"BreadcrumbList","@id":"https:\/\/webdelmaestrocmf.com\/portal\/calendario-de-inteligencias-multiples-del-mes-de-marzo-2023-adaptado-a-infantil\/#breadcrumb","itemListElement":[{"@type":"ListItem","position":1,"name":"Portada","item":"https:\/\/webdelmaestrocmf.com\/portal\/"},{"@type":"ListItem","position":2,"name":"Recursos","item":"https:\/\/webdelmaestrocmf.com\/portal\/category\/pedagogia\/"},{"@type":"ListItem","position":3,"name":"Calendario de Inteligencias M\u00faltiples del mes de marzo 2023 adaptado a Infantil"}]},{"@type":"WebSite","@id":"https:\/\/webdelmaestrocmf.com\/portal\/#website","url":"https:\/\/webdelmaestrocmf.com\/portal\/","name":"Web del Maestro CMF","description":"Maestros al servicio de la educaci\u00f3n","publisher":{"@id":"https:\/\/webdelmaestrocmf.com\/portal\/#organization"},"alternateName":"WMCMF","potentialAction":[{"@type":"SearchAction","target":{"@type":"EntryPoint","urlTemplate":"https:\/\/webdelmaestrocmf.com\/portal\/?s={search_term_string}"},"query-input":{"@type":"PropertyValueSpecification","valueRequired":true,"valueName":"search_term_string"}}],"inLanguage":"es"},{"@type":"Organization","@id":"https:\/\/webdelmaestrocmf.com\/portal\/#organization","name":"Web del Maestro CMF","alternateName":"WMCMF","url":"https:\/\/webdelmaestrocmf.com\/portal\/","logo":{"@type":"ImageObject","inLanguage":"es","@id":"https:\/\/webdelmaestrocmf.com\/portal\/#\/schema\/logo\/image\/","url":"https:\/\/webdelmaestrocmf.com\/portal\/wp-content\/uploads\/2023\/01\/logo-wmcmf-2.png","contentUrl":"https:\/\/webdelmaestrocmf.com\/portal\/wp-content\/uploads\/2023\/01\/logo-wmcmf-2.png","width":200,"height":60,"caption":"Web del Maestro CMF"},"image":{"@id":"https:\/\/webdelmaestrocmf.com\/portal\/#\/schema\/logo\/image\/"},"sameAs":["https:\/\/www.facebook.com\/WebdelMaestroCMF\/","https:\/\/x.com\/cmf_w","https:\/\/www.pinterest.com\/WMCMF\/","https:\/\/www.linkedin.com\/company\/web-del-maestro-cmf\/","https:\/\/www.instagram.com\/wmcmf\/","https:\/\/www.youtube.com\/channel\/UCDPSvjbdodE5sHnC3OxutHw","https:\/\/mastodon.social\/@wmcmf","https:\/\/www.tiktok.com\/@webdelmaestrocmf"]},{"@type":"Person","@id":"https:\/\/webdelmaestrocmf.com\/portal\/#\/schema\/person\/1072a2ed7bd960df8ef99a551fa35dc5","name":"Web del Maestro CMF","image":{"@type":"ImageObject","inLanguage":"es","@id":"https:\/\/secure.gravatar.com\/avatar\/23291dd5b5ae1077dcff3dbb04c3e02bd28403fa75af6d8787d5e97c5bbbe30b?s=96&d=mm&r=g","url":"https:\/\/secure.gravatar.com\/avatar\/23291dd5b5ae1077dcff3dbb04c3e02bd28403fa75af6d8787d5e97c5bbbe30b?s=96&d=mm&r=g","contentUrl":"https:\/\/secure.gravatar.com\/avatar\/23291dd5b5ae1077dcff3dbb04c3e02bd28403fa75af6d8787d5e97c5bbbe30b?s=96&d=mm&r=g","caption":"Web del Maestro CMF"},"description":"Esta Web se cre\u00f3 sin fines de lucro, con fines educativos, cient\u00edficos y acad\u00e9micos, para personas que tengan dificultades y\/o inconvenientes en visualizar el material original. El objetivo es entregar recursos, compartir experiencias y materiales que ayuden a los padres de familia, maestros y estudiantes en su actualizaci\u00f3n y formaci\u00f3n permanente, en bien de la Educaci\u00f3n.","sameAs":["http:\/\/webdelmaestrocmf.com\/portal","https:\/\/www.facebook.com\/WebdelMaestroCMF\/","https:\/\/www.instagram.com\/wmcmf\/","https:\/\/cl.linkedin.com\/company\/web-del-maestro-cmf","https:\/\/www.pinterest.com\/WMCMF\/publicaciones\/","https:\/\/x.com\/cmf_w","https:\/\/www.youtube.com\/@WMCMF"]}]}},"jetpack_featured_media_url":"https:\/\/webdelmaestrocmf.com\/portal\/wp-content\/uploads\/2023\/03\/1ABW.jpg","jetpack_sharing_enabled":true,"jetpack-related-posts":[{"id":20256,"url":"https:\/\/webdelmaestrocmf.com\/portal\/actividades-desarrollar-las-inteligencias-multiples-aula-hogar\/","url_meta":{"origin":84979,"position":0},"title":"Actividades para desarrollar las inteligencias m\u00faltiples en el aula","author":"Web del Maestro CMF","date":"13 octubre, 2021","format":false,"excerpt":"La aplicaci\u00f3n de la teor\u00eda de las inteligencias m\u00faltiples en el \u00e1mbito escolar se basa en que, al existir diversas inteligencias, deben utilizarse tambi\u00e9n estrategias educativas diferentes y personalizadas para ense\u00f1ar, seg\u00fan el tipo de inteligencia que predomine en el alumno o atendiendo a cu\u00e1l se quiera trabajar: verbal, visual-espacial,\u2026","rel":"","context":"En \u00abInteligencias m\u00faltiples\u00bb","block_context":{"text":"Inteligencias m\u00faltiples","link":"https:\/\/webdelmaestrocmf.com\/portal\/category\/pedagogia\/inteligencias-multiples\/"},"img":{"alt_text":"Actividades inteligencias m\u00faltiples","src":"https:\/\/i0.wp.com\/webdelmaestrocmf.com\/portal\/wp-content\/uploads\/2019\/12\/1-104.jpg?resize=350%2C200&ssl=1","width":350,"height":200,"srcset":"https:\/\/i0.wp.com\/webdelmaestrocmf.com\/portal\/wp-content\/uploads\/2019\/12\/1-104.jpg?resize=350%2C200&ssl=1 1x, https:\/\/i0.wp.com\/webdelmaestrocmf.com\/portal\/wp-content\/uploads\/2019\/12\/1-104.jpg?resize=525%2C300&ssl=1 1.5x, https:\/\/i0.wp.com\/webdelmaestrocmf.com\/portal\/wp-content\/uploads\/2019\/12\/1-104.jpg?resize=700%2C400&ssl=1 2x, https:\/\/i0.wp.com\/webdelmaestrocmf.com\/portal\/wp-content\/uploads\/2019\/12\/1-104.jpg?resize=1050%2C600&ssl=1 3x"},"classes":[]},{"id":64695,"url":"https:\/\/webdelmaestrocmf.com\/portal\/calendario-de-inteligencias-multiples-de-enero-a-diciembre\/","url_meta":{"origin":84979,"position":1},"title":"Calendario de Inteligencias M\u00faltiples de enero a diciembre","author":"Web del Maestro CMF","date":"23 mayo, 2022","format":false,"excerpt":"La\u00a0Teor\u00eda de las Inteligencias M\u00faltiples\u00a0fue ideada por el psic\u00f3logo estadounidense\u00a0Howard Gardner como contrapeso al paradigma de una inteligencia \u00fanica. Gardner propuso que la vida humana requiere del desarrollo de varios tipos de inteligencia. As\u00ed pues, Gardner no entra en contradicci\u00f3n con la definici\u00f3n cient\u00edfica de la inteligencia, como la \u00abcapacidad\u2026","rel":"","context":"En \u00abInteligencias m\u00faltiples\u00bb","block_context":{"text":"Inteligencias m\u00faltiples","link":"https:\/\/webdelmaestrocmf.com\/portal\/category\/pedagogia\/inteligencias-multiples\/"},"img":{"alt_text":"","src":"https:\/\/i0.wp.com\/webdelmaestrocmf.com\/portal\/wp-content\/uploads\/2021\/07\/1-5.jpg?resize=350%2C200&ssl=1","width":350,"height":200,"srcset":"https:\/\/i0.wp.com\/webdelmaestrocmf.com\/portal\/wp-content\/uploads\/2021\/07\/1-5.jpg?resize=350%2C200&ssl=1 1x, https:\/\/i0.wp.com\/webdelmaestrocmf.com\/portal\/wp-content\/uploads\/2021\/07\/1-5.jpg?resize=525%2C300&ssl=1 1.5x, https:\/\/i0.wp.com\/webdelmaestrocmf.com\/portal\/wp-content\/uploads\/2021\/07\/1-5.jpg?resize=700%2C400&ssl=1 2x, https:\/\/i0.wp.com\/webdelmaestrocmf.com\/portal\/wp-content\/uploads\/2021\/07\/1-5.jpg?resize=1050%2C600&ssl=1 3x"},"classes":[]},{"id":31801,"url":"https:\/\/webdelmaestrocmf.com\/portal\/guia-para-docentes-las-inteligencias-multiples-en-el-aula\/","url_meta":{"origin":84979,"position":2},"title":"Gu\u00eda para docentes sobre las inteligencias m\u00faltiples en el aula","author":"Web del Maestro CMF","date":"29 abril, 2026","format":false,"excerpt":"La teor\u00eda de las inteligencias m\u00faltiples redefine la educaci\u00f3n al reconocer diversas habilidades en los estudiantes, permitiendo personalizar la ense\u00f1anza, fomentar la inclusi\u00f3n y potenciar el desarrollo integral en el aula.","rel":"","context":"En \u00abInteligencias m\u00faltiples\u00bb","block_context":{"text":"Inteligencias m\u00faltiples","link":"https:\/\/webdelmaestrocmf.com\/portal\/category\/pedagogia\/inteligencias-multiples\/"},"img":{"alt_text":"inteligencias m\u00faltiples","src":"https:\/\/i0.wp.com\/webdelmaestrocmf.com\/portal\/wp-content\/uploads\/2020\/11\/Banner-1-portada-imagen-10-1-15.jpg?resize=350%2C200&ssl=1","width":350,"height":200,"srcset":"https:\/\/i0.wp.com\/webdelmaestrocmf.com\/portal\/wp-content\/uploads\/2020\/11\/Banner-1-portada-imagen-10-1-15.jpg?resize=350%2C200&ssl=1 1x, https:\/\/i0.wp.com\/webdelmaestrocmf.com\/portal\/wp-content\/uploads\/2020\/11\/Banner-1-portada-imagen-10-1-15.jpg?resize=525%2C300&ssl=1 1.5x, https:\/\/i0.wp.com\/webdelmaestrocmf.com\/portal\/wp-content\/uploads\/2020\/11\/Banner-1-portada-imagen-10-1-15.jpg?resize=700%2C400&ssl=1 2x"},"classes":[]},{"id":8823,"url":"https:\/\/webdelmaestrocmf.com\/portal\/como-aplicar-la-teoria-de-las-inteligencias-multiples-en-el-aula\/","url_meta":{"origin":84979,"position":3},"title":"C\u00f3mo aplicar la teor\u00eda de las inteligencias m\u00faltiples en el aula","author":"Web del Maestro CMF","date":"24 mayo, 2024","format":false,"excerpt":"La educaci\u00f3n es un viaje hacia el conocimiento y el desarrollo personal. En este viaje, cada estudiante es \u00fanico, con talentos y habilidades que merecen ser cultivados. La Teor\u00eda de las Inteligencias M\u00faltiples, propuesta por Howard Gardner, ofrece una perspectiva revolucionaria sobre la diversidad de las capacidades humanas. En este\u2026","rel":"","context":"En \u00abInteligencias m\u00faltiples\u00bb","block_context":{"text":"Inteligencias m\u00faltiples","link":"https:\/\/webdelmaestrocmf.com\/portal\/category\/pedagogia\/inteligencias-multiples\/"},"img":{"alt_text":"Inteligencias M\u00faltiples","src":"https:\/\/i0.wp.com\/webdelmaestrocmf.com\/portal\/wp-content\/uploads\/2023\/11\/Banner-1-portada-imagen-10-1-2024-05-24T125226.951.jpg?resize=350%2C200&ssl=1","width":350,"height":200,"srcset":"https:\/\/i0.wp.com\/webdelmaestrocmf.com\/portal\/wp-content\/uploads\/2023\/11\/Banner-1-portada-imagen-10-1-2024-05-24T125226.951.jpg?resize=350%2C200&ssl=1 1x, https:\/\/i0.wp.com\/webdelmaestrocmf.com\/portal\/wp-content\/uploads\/2023\/11\/Banner-1-portada-imagen-10-1-2024-05-24T125226.951.jpg?resize=525%2C300&ssl=1 1.5x, https:\/\/i0.wp.com\/webdelmaestrocmf.com\/portal\/wp-content\/uploads\/2023\/11\/Banner-1-portada-imagen-10-1-2024-05-24T125226.951.jpg?resize=700%2C400&ssl=1 2x"},"classes":[]},{"id":86288,"url":"https:\/\/webdelmaestrocmf.com\/portal\/inteligencias-multiples-para-el-aula-de-howard-gardner-y-thomas-armstrong\/","url_meta":{"origin":84979,"position":4},"title":"Inteligencias m\u00faltiples: H. Gardner, T. Armstrong y D. Goleman","author":"Web del Maestro CMF","date":"5 mayo, 2024","format":false,"excerpt":"En este art\u00edculo, exploraremos con detenimiento la teor\u00eda de las inteligencias m\u00faltiples, un resumen de su historia y las contribuciones de Howard Gardner. Tambi\u00e9n examinaremos las ocho tipos de inteligencias seg\u00fan su propuesta, su aplicaci\u00f3n en el aula, las aportaciones de otros expertos como Thomas Armstrong y Daniel Goleman, tambi\u00e9n\u2026","rel":"","context":"En \u00abInteligencias m\u00faltiples\u00bb","block_context":{"text":"Inteligencias m\u00faltiples","link":"https:\/\/webdelmaestrocmf.com\/portal\/category\/pedagogia\/inteligencias-multiples\/"},"img":{"alt_text":"","src":"https:\/\/i0.wp.com\/webdelmaestrocmf.com\/portal\/wp-content\/uploads\/2023\/11\/Banner-1-portada-imagen-10-1-13.jpg?resize=350%2C200&ssl=1","width":350,"height":200,"srcset":"https:\/\/i0.wp.com\/webdelmaestrocmf.com\/portal\/wp-content\/uploads\/2023\/11\/Banner-1-portada-imagen-10-1-13.jpg?resize=350%2C200&ssl=1 1x, https:\/\/i0.wp.com\/webdelmaestrocmf.com\/portal\/wp-content\/uploads\/2023\/11\/Banner-1-portada-imagen-10-1-13.jpg?resize=525%2C300&ssl=1 1.5x, https:\/\/i0.wp.com\/webdelmaestrocmf.com\/portal\/wp-content\/uploads\/2023\/11\/Banner-1-portada-imagen-10-1-13.jpg?resize=700%2C400&ssl=1 2x"},"classes":[]},{"id":20556,"url":"https:\/\/webdelmaestrocmf.com\/portal\/12-desafios-implantar-las-inteligencias-multiples-infografia\/","url_meta":{"origin":84979,"position":5},"title":"12 desaf\u00edos para implementar las inteligencias m\u00faltiples","author":"Web del Maestro CMF","date":"21 marzo, 2022","format":false,"excerpt":"La\u00a0teor\u00eda de las inteligencias m\u00faltiples de\u00a0Howard Gardner\u00a0propone que existen\u00a0diferentes tipos inteligencias que est\u00e1n presentes en todas las personas, siendo una de ellas\u00a0la que sobresale o predomina. Antes de esta teor\u00eda se pensaba\u00a0en la inteligencia como una entidad \u00fanica, relacionada b\u00e1sicamente con la capacidad para resolver problemas y que puede \u201cmedirse\u201d\u2026","rel":"","context":"En \u00abInteligencias m\u00faltiples\u00bb","block_context":{"text":"Inteligencias m\u00faltiples","link":"https:\/\/webdelmaestrocmf.com\/portal\/category\/pedagogia\/inteligencias-multiples\/"},"img":{"alt_text":"","src":"https:\/\/i0.wp.com\/webdelmaestrocmf.com\/portal\/wp-content\/uploads\/2022\/03\/1-44.jpg?resize=350%2C200&ssl=1","width":350,"height":200,"srcset":"https:\/\/i0.wp.com\/webdelmaestrocmf.com\/portal\/wp-content\/uploads\/2022\/03\/1-44.jpg?resize=350%2C200&ssl=1 1x, https:\/\/i0.wp.com\/webdelmaestrocmf.com\/portal\/wp-content\/uploads\/2022\/03\/1-44.jpg?resize=525%2C300&ssl=1 1.5x, https:\/\/i0.wp.com\/webdelmaestrocmf.com\/portal\/wp-content\/uploads\/2022\/03\/1-44.jpg?resize=700%2C400&ssl=1 2x, https:\/\/i0.wp.com\/webdelmaestrocmf.com\/portal\/wp-content\/uploads\/2022\/03\/1-44.jpg?resize=1050%2C600&ssl=1 3x"},"classes":[]}],"_links":{"self":[{"href":"https:\/\/webdelmaestrocmf.com\/portal\/wp-json\/wp\/v2\/posts\/84979","targetHints":{"allow":["GET"]}}],"collection":[{"href":"https:\/\/webdelmaestrocmf.com\/portal\/wp-json\/wp\/v2\/posts"}],"about":[{"href":"https:\/\/webdelmaestrocmf.com\/portal\/wp-json\/wp\/v2\/types\/post"}],"author":[{"embeddable":true,"href":"https:\/\/webdelmaestrocmf.com\/portal\/wp-json\/wp\/v2\/users\/1"}],"replies":[{"embeddable":true,"href":"https:\/\/webdelmaestrocmf.com\/portal\/wp-json\/wp\/v2\/comments?post=84979"}],"version-history":[{"count":0,"href":"https:\/\/webdelmaestrocmf.com\/portal\/wp-json\/wp\/v2\/posts\/84979\/revisions"}],"wp:featuredmedia":[{"embeddable":true,"href":"https:\/\/webdelmaestrocmf.com\/portal\/wp-json\/wp\/v2\/media\/84982"}],"wp:attachment":[{"href":"https:\/\/webdelmaestrocmf.com\/portal\/wp-json\/wp\/v2\/media?parent=84979"}],"wp:term":[{"taxonomy":"category","embeddable":true,"href":"https:\/\/webdelmaestrocmf.com\/portal\/wp-json\/wp\/v2\/categories?post=84979"},{"taxonomy":"post_tag","embeddable":true,"href":"https:\/\/webdelmaestrocmf.com\/portal\/wp-json\/wp\/v2\/tags?post=84979"}],"curies":[{"name":"wp","href":"https:\/\/api.w.org\/{rel}","templated":true}]}}