{"id":84759,"date":"2023-02-25T19:04:19","date_gmt":"2023-02-25T22:04:19","guid":{"rendered":"https:\/\/webdelmaestrocmf.com\/portal\/?p=84759"},"modified":"2023-08-15T23:56:13","modified_gmt":"2023-08-16T03:56:13","slug":"y-si-reemplazamos-las-normas-de-convivencia-por-acuerdos-de-convivencia","status":"publish","type":"post","link":"https:\/\/webdelmaestrocmf.com\/portal\/y-si-reemplazamos-las-normas-de-convivencia-por-acuerdos-de-convivencia\/","title":{"rendered":"\u00bfY si reemplazamos las NORMAS de convivencia por ACUERDOS de convivencia?"},"content":{"rendered":"<h5 style=\"text-align: justify;\">En un contexto donde los alumnos experimentan la falta de sanciones, llega a tener repercusiones para la vida actual y futura en el paso por una escolaridad. Estas situaciones demandan medidas de prevenci\u00f3n e intervenci\u00f3n que, aunque centradas fundamentalmente en la escuela, deben implicar a todos los miembros de la comunidad educativa, incluyendo los padres, por ello es necesario establecer acuerdos que regulen la convivencia en los centros escolares y todos intervengan en la elaboraci\u00f3n para que tengan el conocimiento de ellos tomando en cuenta las necesidades de cada escuela, mediante las pr\u00e1cticas de la convivencia para la democracia, esto es, por medio de acciones para trabajar con los dem\u00e1s con el prop\u00f3sito de resolver los conflictos de manera armoniosa y equitativa mediante el di\u00e1logo.<\/h5>\n<p><!--more--><\/p>\n<h5 style=\"text-align: justify;\">Cada d\u00eda, en la vida cotidiana de la escuela, alumnos, docentes y directivos tienen obligaciones que cumplir y derechos que ejercer y hacer respetar. Cada uno tiene que obedecer a quien tiene autoridad sobre \u00e9l y tambi\u00e9n tiene que convivir con sus compa\u00f1eros y con todas las personas que forman parte de la comunidad educativa \u2013y que tienen necesidades e intereses particulares. Todas estas situaciones originan problemas y conflictos.<\/h5>\n<p style=\"text-align: justify;\">La educaci\u00f3n para la paz sostiene que para consolidad la paz positiva, la resoluci\u00f3n de los conflictos debe incluir la participaci\u00f3n directa o indirecta de las partes en litigio y de la comunidad en la que se desarrollan. Y, sobre todo, la propuesta de soluci\u00f3n debe ser justa en relaci\u00f3n con los intereses de todas las partes involucradas en el conflicto.<\/p>\n<p style=\"text-align: justify;\">Conforme a mi experiencia, los docentes queremos ense\u00f1ar y tener el control de los alumnos como lo hicieron con nosotros hace algunos a\u00f1os, con gritos, castigos, llamadas de atenci\u00f3n, exhibiciones frente a los compa\u00f1eros, suspensiones etc. Siendo el docente la autoridad dentro del sal\u00f3n de clase y quien aplica las alternativas de control y ense\u00f1anza. Sin darnos cuenta de que esto ya no funciona o tal vez s\u00ed, pero no se buscan otras alternativas de soluci\u00f3n. Y la conducta que manifiesta el alumno es moment\u00e1nea se controla, pero despu\u00e9s vuelve a lo mismo y cuando pasa al siguiente grado escolar se tiene etiquetado como alumno problema y la maestra con quien le toca trabajar lo empieza a conocer de la manera en c\u00f3mo se lo presentaron sin dar la oportunidad de conocerlo desde otra perspectiva, al igual pasa con sus compa\u00f1eros, al conocerlo de grados anteriores empiezan a tratarlo de manera diferente a mencionar sus caracter\u00edsticas y el alumno comienza a ser excluido del grupo.<\/p>\n<p style=\"text-align: justify;\">Es por ello que la Convivencia Escolar es una posibilidad para transformar a la escuela, a las aulas y que los docentes vean tambi\u00e9n que es una manera diferente de sentir, de escuchar a los alumnos as\u00ed como conocer su manera de pensar, crear un ambiente de confianza, de seguridad, en el que ellos se sientan que forman parte de \u00e9l, un espacio en el cual existan los valores del respeto, la responsabilidad, la solidaridad, la justicia, la igualdad a pesar de las condiciones de historia familiar que el alumno presente.<\/p>\n<p style=\"text-align: justify;\">Creo tambi\u00e9n que si como docentes intentamos transformar los espacios en el que laboramos, no tendr\u00edamos tensiones y desacuerdos con los padres de familia y si trabaj\u00e1ramos en equipo modificando nuestra manera de relacionarnos como adultos los alumnos imitar\u00edan la forma de relacionarse con sus compa\u00f1eros.<\/p>\n<p style=\"text-align: justify;\">Adem\u00e1s el proceso ense\u00f1anza se facilitar\u00eda en gran manera, aprovechar lo que los alumnos conocen sobre la tem\u00e1tica a trabajar al sentir que el aula es un espacio agradable, que son bienvenidos, seguros que pueden expresarse con libertad y sin temores de burla que puedan ser ellos mismos, al trabajar en equipo es importante que los alumnos identifiquen sus habilidades, para lo que son buenos y con la ayuda de otro o del maestro a superar sus debilidades.<\/p>\n<p style=\"text-align: justify;\">Para los alumnos la convivencia es un espacio de esparcimiento, en el que se lleva comida y se comparte, como el d\u00eda del ni\u00f1o por ejemplo, idea err\u00f3nea que por mucho tiempo se ha empleado, si logramos cambiar esa idea que tienen los ni\u00f1os sobre convivencia y que tipo es la que se quiere tener en el aula y se va construyendo de manera conjunta entender\u00e1n que es una manera de estar con el otro aceptarlo tal y como es, respetarlo y que todos necesitamos de todos y que la Convivencia es resultado de las relaciones de toda la comunidad escolar.<\/p>\n<p><img loading=\"lazy\" decoding=\"async\" class=\"alignnone size-full wp-image-84760\" src=\"https:\/\/webdelmaestrocmf.com\/portal\/wp-content\/uploads\/2023\/02\/1ABCd-9.jpg\" alt=\"\" width=\"800\" height=\"420\" srcset=\"https:\/\/webdelmaestrocmf.com\/portal\/wp-content\/uploads\/2023\/02\/1ABCd-9.jpg 800w, https:\/\/webdelmaestrocmf.com\/portal\/wp-content\/uploads\/2023\/02\/1ABCd-9-300x158.jpg 300w, https:\/\/webdelmaestrocmf.com\/portal\/wp-content\/uploads\/2023\/02\/1ABCd-9-768x403.jpg 768w, https:\/\/webdelmaestrocmf.com\/portal\/wp-content\/uploads\/2023\/02\/1ABCd-9-380x200.jpg 380w\" sizes=\"auto, (max-width: 800px) 100vw, 800px\" \/><\/p>\n<h5 style=\"text-align: justify;\">MATERIALES Y M\u00c9TODOS<\/h5>\n<p style=\"text-align: justify;\">El trabajo ser\u00e1 desde la etnograf\u00eda educativa, con el prop\u00f3sito de describir la manera en c\u00f3mo se pone en pr\u00e1ctica la democracia en la vida cotidiana que tiene lugar en el aula y en la escuela\u00a0 por lo que se llevar\u00e1 a cabo observaci\u00f3n de las sesiones de clase para una mejor comprensi\u00f3n de las caracter\u00edsticas de la convivencia arm\u00f3nica y de los conflictos que surgen, as\u00ed como de las formas en que el docente los trata; adem\u00e1s se har\u00e1n entrevistas a docentes y estudiantes para conocer los puntos de vista que subyacen a las acciones y que permiten explicarlas con mayor profundidad.<\/p>\n<h5 style=\"text-align: justify;\">RESULTADOS Y DISCUSI\u00d3N<\/h5>\n<p style=\"text-align: justify;\">Respecto a si es posible construir democr\u00e1ticamente toda la normativa escolar desde el aula, cabe decir que ello no es estrictamente necesario para poder hablar de proceso de construcci\u00f3n democr\u00e1tica de las normas, aunque s\u00ed deseable y con posibilidad de avance gradual hacia tal logro, cuando as\u00ed se constituye en objetivo de trabajo en el centro. Es decir, el alumnado puede ir construyendo normas necesarias para la convivencia en el aula y en el centro, como a modo de ejemplo, levantar la mano antes de hablar; exigir el derecho a ser respetado, respetar al otro para poder exigir ese derecho; escuchar; entrar y salir de clase al modo de personas que crecen: con tranquilidad; exigir el derecho al respeto del espacio com\u00fan que le pertenece, respetar los espacios comunes; etc. y con ello, preparar los contenidos de participaci\u00f3n en espacios de la estructura formal del sistema, como Juntas de Evaluaci\u00f3n que analizan la din\u00e1mica de aula, avances, logros&#8230;Juntas de Delegados y Jefes de Estudio que analizasen los grados de participaci\u00f3n y acuerdos tomados, de la repercusi\u00f3n del di\u00e1logo establecido en las aulas, y en definitiva donde se manifestase la importancia y funcionalidad de la palabra del alumnado. Ello indudablemente, contribuir\u00eda con un clima que ayudase en la construcci\u00f3n real de una comunidad democr\u00e1tica escolar, y que podr\u00eda permitir la participaci\u00f3n en la elaboraci\u00f3n de las normas y acuerdos en los que tambi\u00e9n otros agentes de la comunidad educativa participan, como a modo de ejemplo, confecci\u00f3n de horario, de calendario, distribuci\u00f3n del uso de instalaciones, elecci\u00f3n de actividades extraescolares, etc&#8230; pues al fin, qu\u00e9 es una norma m\u00e1s que un acuerdo o convecci\u00f3n que regula la manifestaci\u00f3n de cierta conducta. De ah\u00ed la importancia del procedimiento, de la asunci\u00f3n de acuerdos, y de los valores que la sustentan.<\/p>\n<p style=\"text-align: justify;\">La escuela es una instituci\u00f3n que congrega a personas y estamos inmersos en la convivencia, ya que esta \u00faltima est\u00e1 siempre presente en una organizaci\u00f3n social. No podemos dejar de con-vivir, ya que la esencia misma de las instituciones es que las personas se organizan e interact\u00faan en forma permanente.<\/p>\n<p style=\"text-align: justify;\">Convivencia democr\u00e1tica implica la participaci\u00f3n y la corresponsabilidad en la construcci\u00f3n y seguimiento de los acuerdos que regulan la vida colectiva. Adem\u00e1s, tiene una fuerte relaci\u00f3n con la forma en que se gestionan los desacuerdos y los conflictos que surgen en el grupo, de tal forma que las soluciones sean desde la v\u00eda pac\u00edfica, priorizando el di\u00e1logo, la negociaci\u00f3n, la comunicaci\u00f3n, el consenso, la participaci\u00f3n, la deliberaci\u00f3n, la toma de decisiones encaminadas al bien com\u00fan. Es imprescindible el reconocimiento de los alumnos como sujetos de derechos y deberes, capaces de participar en las decisiones y de convivir en apego a los principios democr\u00e1ticos.<\/p>\n<p style=\"text-align: justify;\">Una caracter\u00edstica del Plan de estudios (2011); es su <em>orientaci\u00f3n hacia el desarrollo de actitudes, pr\u00e1cticas y valores sustentados en los principios de la democracia: el respeto a la legalidad, la igualdad, la libertad con responsabilidad, la participaci\u00f3n, el di\u00e1logo y la b\u00fasqueda de acuerdos; la tolerancia, la inclusi\u00f3n y la pluralidad, as\u00ed como una \u00e9tica basada en los principios del Estado laico, que son el marco de la educaci\u00f3n humanista y cient\u00edfica que establece el Art\u00edculo Tercero Constitucional<\/em>. Una estrategia de convivencia escolar es la creaci\u00f3n de acuerdos que permitan construir entre todos los actores, el contexto de convivencia que el establecimiento requiere para hacer posible las aspiraciones, valores e ideales contenidos en su Ruta de Mejora. Es decir, partir de un marco general construido por todos y que es responsabilidad de todos, dentro del cual se insertan las obligaciones que los estudiantes tienen respecto a un rol que es complementario con otros para lograr los objetivos institucionales. Lo anterior permite generar el clima de relaciones necesario para favorecer el desarrollo y aprendizaje de los estudiantes.<\/p>\n<p style=\"text-align: justify;\">La educaci\u00f3n debe estar basada en valores morales que suponen la comprensi\u00f3n y adquisici\u00f3n de conceptos y formas de actuar de acuerdo con valores sociales de responsabilidad, solidaridad, participaci\u00f3n, respeto, justicia, deben conducir a un desarrollo de una moral aut\u00f3noma, que conlleve una verdadera actitud democr\u00e1tica. Este es el objeto que se persigue al incluir el eje de valores en el curr\u00edculo de la escuela b\u00e1sica, a fin de fomentar la reflexi\u00f3n permanente sobre situaciones que contribuyan a crear actitudes criticas frente a nuestra sociedad.<\/p>\n<p style=\"text-align: justify;\">Es por ello que es importante fomentar entre los alumnos la integraci\u00f3n grupal, la confianza, la cooperaci\u00f3n y el cumplimiento de normas, a fin de contribuir al reconocimiento, valoraci\u00f3n y aceptaci\u00f3n de sus capacidades f\u00edsicas y sociales, gustos e intereses, tanto de forma individual como en colectivo, lo que les permitir\u00e1 generar una noci\u00f3n de pertenencia con el grupo, convivir y trabajar con sus pares, asumiendo actitudes de confianza y cooperaci\u00f3n en un ambiente de respeto y cumplimiento de normas.<\/p>\n<p style=\"text-align: justify;\">En mi experiencia docente, he observado, que en las escuelas el reglamento es elaborado por el director y reproduce para que los docentes lo den a firmar a los padres de familia, utiliz\u00e1ndolo como requisito de inscripci\u00f3n al nuevo ciclo escolar. En el transcurso del tiempo si el alumno comete una falta recurren al reglamento para reparar el da\u00f1o y en algunos casos simplemente se queda archivado en los expedientes de los alumnos, podemos darnos cuenta de que por a\u00f1os, el reglamento s\u00f3lo es utilizado como mero requisito de inscripci\u00f3n, sin dar utilidad porque no fue elaborado de manera colegiada, que realmente cumpla con las necesidades de la escuela mucho menos con la finalidad de fortalecer la convivencia escolar vista como una construcci\u00f3n cotidiana, reconociendo que es una tarea compleja, pero es necesaria y posible y se constituye en una rica y valiosa experiencia educativa, dado que el aula y la escuela son los primeros espacios p\u00fablicos de participaci\u00f3n de las j\u00f3venes generaciones.<\/p>\n<p style=\"text-align: justify;\">En una escuela de la zona escolar P 157, el director como l\u00edder de la instituci\u00f3n, reconoci\u00f3\u00a0 que las manifestaciones de\u00a0 violencia de su escuela tiene una relaci\u00f3n la gesti\u00f3n de la disciplina, entre m\u00e1s inconsistente o m\u00e1s r\u00edgida, m\u00e1s violencia se genera<\/p>\n<p style=\"text-align: justify;\">Tom\u00f3 la decisi\u00f3n de llegar a acuerdos en forma consensuada con docentes y padres de familia sensibiliz\u00e1ndolos como personas adultas que tienen a cargo la formaci\u00f3n de los alumnos, aceptando que es necesario llegar a acuerdos que favorezcan la convivencia dentro de la instituci\u00f3n y si cada quien realiza lo que le corresponde los conflictos se transforman.<\/p>\n<p style=\"text-align: justify;\">La intenci\u00f3n es abrir un espacio de di\u00e1logo considerado como un acto moral tomando en cuenta el respeto a los valores y a los principios democr\u00e1ticos<\/p>\n<p style=\"text-align: justify;\">Los acuerdos del aula<\/p>\n<p style=\"text-align: justify;\">El aula de clases es semejante a un hogar, donde existe valores, normas, armon\u00eda\u00a0 cari\u00f1o, etc. Esto lo menciono porque los maestros pasan la mitad del tiempo en la escuela con sus alumnos y es donde se llevan a cabo una serie de sucesos que marcan la vida de una persona.<\/p>\n<p style=\"text-align: justify;\">Los acuerdos en el aula son muy importantes que se lleven a cabo, estos son los que marcaran el ambiente del aprendizaje de los alumnos. Desde el inicio de clases debemos establecer acuerdos con los alumnos, para tener un buen ambiente de trabajo y ambos actores (maestros y alumnos) pongan de su parte.<\/p>\n<p style=\"text-align: justify;\">Con base en las observaciones y en las entrevistas, los acuerdos elaborados en el aula y con los alumnos no son funcionales, debido a que los docentes nuevamente solo lo realizan por requisito y lo mantienen pegado por ser una actividad del Plan de Convivencia.<\/p>\n<p style=\"text-align: justify;\">En las aulas los docentes elaboran los acuerdos con sus alumnos escribi\u00e9ndolos en papel bond e incluso algunos\u00a0 compran los acuerdos ya elaborados con im\u00e1genes y permanece pegado en alguna parte del sal\u00f3n para que est\u00e9n visibles, sin embargo es necesario dar la importancia debida a \u00e9l para que sean funcionales y recordar a los alumnos, que regir\u00e1 la convivencia dentro de ella.<\/p>\n<p style=\"text-align: justify;\">Al trabajar con los alumnos, como Promotora de Convivencia he observado que los acuerdos que se han establecido no son funcionales sin embargo al inicio de mi actividad establezco acuerdos con ellos para poder entendernos y trabajar de manera adecuada.<\/p>\n<p style=\"text-align: justify;\">El proceso inicia con la pregunta \u00bfqu\u00e9 necesitamos para poder comunicarnos y entendernos?, algunos alumnos empiezan a hablar al mismo tiempo y a decir lo que piensan, los interrumpo y pido de favor que levanten la mano, porque de esa manera no me es posible entenderlos, entonces los alumnos guardan silencio, levantan las manos y esperan su turno para participar:<\/p>\n<ol style=\"text-align: justify;\">\n<li>\u201cponer atenci\u00f3n\u201d<\/li>\n<li>\u201cno interrumpir al que est\u00e1 hablando\u201d<\/li>\n<li>\u201crespetar\u201d<\/li>\n<li>\u201cNo burlarse de los dem\u00e1s\u201d<\/li>\n<li>\u201cEsperar el turno para hablar\u201d<\/li>\n<\/ol>\n<p style=\"text-align: justify;\">Mientras los dem\u00e1s escuchan con atenci\u00f3n a lo que los compa\u00f1eros comentan.<\/p>\n<p style=\"text-align: justify;\">Menciono, que todo lo que acaban de decir es correcto y eso nos va ayudar para podernos entender y trabajar. As\u00ed que lo anotaremos en el pizarr\u00f3n y ellos en su cuaderno para que no se les olvide.<\/p>\n<p style=\"text-align: justify;\">Acuerdos:<\/p>\n<ul style=\"text-align: justify;\">\n<li>Tratarnos con respeto, entendiendo que ello implica evitar burlarnos de los comentarios que los compa\u00f1eros realicen.<\/li>\n<li>Levantar la mano para tomar la palabra y esperar a que mi compa\u00f1ero termine su comentario para no interrumpirlo.<\/li>\n<li>Poner atenci\u00f3n a los comentarios de los compa\u00f1eros y saber su manera de pensar.<\/li>\n<li>En caso de no estar de acuerdo en algunas decisiones se someter\u00e1 a una asamblea de aula.<\/li>\n<\/ul>\n<p style=\"text-align: justify;\">Los acuerdos anteriores quedan presentes en los alumnos, que cuando regreso a su sal\u00f3n a trabajar reconocen los acuerdos que tenemos y tratan de respetarlos, para trabajar adecuadamente sin necesidad de gritos y castigos.<\/p>\n<p style=\"text-align: justify;\">Entendiendo que las sanciones y castigos no funcionan, ya que adem\u00e1s no se pueden aplicar puesto que los padres y madres pueden acusar a la escuela, sus directivos y maestros con \u00ablos Derechos Humanos\u00bb, y lo peor del caso es que cuando se le llama a los padres y madres de familia, ellos y ellas no suelen apoyar lo que se les solicita, por el contrario se quejan de que son los docentes los culpables de las actitudes y conductas de sus hijos e hijas, y que el problema es que no les saben ense\u00f1ar.<\/p>\n<p style=\"text-align: justify;\">La autoridad del maestro no puede desaparecer. Jos\u00e9 Melero sostiene que las dos ra\u00edces de la violencia y de la conflictividad escolar son el autoritarismo de la instituci\u00f3n, que origina tensi\u00f3n y rebeld\u00eda; y la p\u00e9rdida de poder del maestro o profesor (J. Melero, 1993).<\/p>\n<p style=\"text-align: justify;\">Esta crisis disciplinaria se debe a varias razones, por un lado hemos ido construyendo una sociedad m\u00e1s democr\u00e1tica en la que el autoritarismo como v\u00eda de relaci\u00f3n entre los que se consideran la autoridad y los subordinados, ya no es aceptada como la mejor v\u00eda para relacionarse, ni entre el estado y sus ciudadanos, ni entre los maestros\u00a0 y sus estudiantes. De hecho el avance hacia la construcci\u00f3n de un sistema democr\u00e1tico en el pa\u00eds, ha implicado cuestionar severamente las actitudes que conllevan a que los ni\u00f1os y las ni\u00f1as obedezcan sin repelar y haciendo lo que se les solicita.<\/p>\n<p style=\"text-align: justify;\">Sabemos que el conflicto es inherente a las relaciones humanas. Resolverlo de manera pac\u00edfica est\u00e1 en el centro de la convivencia democr\u00e1tica puesto que esto implica la relaci\u00f3n con la diversidad, con los distintos. Aprender a resolver los conflictos por la v\u00eda del di\u00e1logo implica la construcci\u00f3n de una convivencia pac\u00edfica en la que los intereses y las necesidades de las partes sean puestos a discusi\u00f3n.<\/p>\n<p style=\"text-align: justify;\">En este sentido, A. Magendzo (2003); invita a dar un sentido m\u00e1s amplio a los contenidos acad\u00e9micos y a las habilidades que se desarrollan en la escuela: Se trata de que los estudiantes y tambi\u00e9n los docentes aprendan a emplear la argumentaci\u00f3n como herramienta para convencer razonadamente o de persuadir afectivamente a los dem\u00e1s a cerca de la validez de sus posiciones. En este sentido es importante que fortalezcan sus habilidades comunicativas, sino que tambi\u00e9n el desarrollo de un pensamiento aut\u00f3nomo, estructurado reflexivamente y con disposici\u00f3n a la cr\u00edtica y al di\u00e1logo.<\/p>\n<p style=\"text-align: justify;\">En general se ha ido avanzando de manera que hoy se busca que los ni\u00f1os y ni\u00f1as aprendan a regularse, a comportarse como deben sobre la base de que deben tener un reglamento en las escuelas, mismo que deben cumplir y que fija las reglas de convivencia escolar. Hemos tambi\u00e9n construido la noci\u00f3n de \u00abderechos\u00bb y con ellos la posibilidad de que los ni\u00f1os y ni\u00f1as se defiendan frente al abuso de los mayores, ya sea verbal, f\u00edsico, psicol\u00f3gico, y adem\u00e1s en contra de cualquier tipo de discriminaci\u00f3n: g\u00e9nero, clase social, etnia, orientaci\u00f3n sexual.<\/p>\n<p style=\"text-align: justify;\">Para Aguilar Bobadilla (2009) Considera a la escuela ideal, intercultural, pluralista e inclusiva; una escuela en la que se tolere, reconozca y valore la diversidad cultural que propicie relaciones basadas en actitudes democr\u00e1ticas, de responsabilidad social; as\u00ed como orientada a la incorporaci\u00f3n, retenci\u00f3n y logros educativos de los sujetos que ingresan a la escuela con el prop\u00f3sito de mantenerlos en el sistema y de esa forma de hacer frente a la desigualdad.<\/p>\n<h5 style=\"text-align: justify;\">CONCLUSIONES<\/h5>\n<p style=\"text-align: justify;\">La manera de convivir se aprende en cada espacio en que se comparte la vida con otros y se ense\u00f1a principalmente conviviendo. Es inevitable ense\u00f1ar a convivir, debido a que estamos siempre en la con-vivencia. Las escuelas son peque\u00f1as sociedades, porque poseen una organizaci\u00f3n y estructura determinada, con normas de convivencia, sistemas de reglas que regulan las interacciones. De all\u00ed que, como educadores, nos resulta importante preguntarnos cu\u00e1l es la importancia que deseamos dar a la convivencia, porque de ella depender\u00e1 el modo de convivir que aprendan nuestros estudiante en raz\u00f3n de los resultados que esperamos obtener a partir de dicha convivencia en cada centro educativo.<\/p>\n<p style=\"text-align: justify;\">Es importante considerar los\u00a0 principios pedag\u00f3gicos son condiciones esenciales para la implementaci\u00f3n del curr\u00edculo, la transformaci\u00f3n de la pr\u00e1ctica docente, el logro de los aprendizajes y la mejora de la calidad educativa.<\/p>\n<p style=\"text-align: justify;\">Es una labor de un trabajo colegiado, ser constantes y estar comprometidos en beneficio de los alumnos y\u00a0 la calidad del servicio educativo que se desee brindar.<\/p>\n<p style=\"text-align: justify;\">La familia es la primera escuela a la que asisten los ni\u00f1os y donde se debe educar en normas, es obligaci\u00f3n de \u00e9sta transmitir las primeras reglas de relaci\u00f3n que procuren una buena convivencia en los primeros a\u00f1os de la vida. La escuela es la segunda escuela donde nuestros ni\u00f1os y ni\u00f1as obtienen nuevas experiencias en el modo de convivir.<\/p>\n<p style=\"text-align: justify;\">Cuando un colectivo decide cuales deben ser las normas que lo regulan, es necesario que sean reconocidas y asumidas por todos sus miembros, y la \u00fanica forma de garantizar su reconocimiento es haciendo part\u00edcipes de su gesti\u00f3n (elaboraci\u00f3n, aplicaci\u00f3n, seguimiento, revisi\u00f3n) a las personas implicadas.<\/p>\n<h5 style=\"text-align: justify;\">LITERATURA CITADA<\/h5>\n<ul style=\"text-align: justify;\">\n<li>Magendzo, A. (2003). <em>\u201cCurr\u00edculum, convivencia escolar y calidad educativa\u201d,<\/em> Monograf\u00edas virtuales. Ciudadan\u00eda, democracia y valores en sociedades plurales. Organizaci\u00f3n de Estados Iberoamericanos para la Educaci\u00f3n, la Ciencia y la Cultura, n\u00fam. 2.<\/li>\n<li>Melero, J. (1993). <em>Conflictividad y violencia en los centros escolares<\/em>, Madrid, Siglo XXI.<\/li>\n<li>Ortega, R. (2006). <em>La Convivencia: qu\u00e9 es y c\u00f3mo se aborda, <\/em>Consejer\u00eda, Gra\u00f3, Barcelona.<\/li>\n<li>Pujol\u00e1s, P. (2008). <em>9 ideas clave: El aprendizaje cooperativo<\/em>. Barcelona. Gra\u00f3.<\/li>\n<li>Plan de Estudios. (2011). Educaci\u00f3n B\u00e1sica, Secretar\u00eda de Educaci\u00f3n P\u00fablica, M\u00e9xico, Distrito Federal.<\/li>\n<\/ul>\n<p><strong>Publicado como ART\u00cdCULO CIENT\u00cdFICO en Ra Ximhai 12(3): 207-213.<\/strong><\/p>\n<p style=\"text-align: center;\">Recomendamos a la Comunidad Educativa Digital tener en cuenta que, el enlace y\/o la carpeta en donde est\u00e1n alojados los libros, recursos y\/o materiales, no es administrado por la Web del Maestro CMF, pueda ser que en cuesti\u00f3n de d\u00edas (o seg\u00fan el tiempo transcurrido desde su publicaci\u00f3n), los enlaces no funcionen y el material ya no se encuentre disponible. Gracias por su comprensi\u00f3n.<\/p>\n<h3>ENLACE DE LECTURA:<\/h3>\n<p style=\"text-align: center;\">\u00a1Comparte y as\u00ed m\u00e1s docentes utilizar\u00e1n estos recursos\u00a0gratis! Muchas gracias.<\/p>\n<p style=\"text-align: center;\"><a href=\"https:\/\/mega.nz\/folder\/v34nhIIJ#wIcBN7Rhw20g7oCpv5TmMw\" target=\"_blank\" rel=\"noopener\">ENLACE ENCONTRADO EN GOOGLE DRIVE:<\/a><\/p>\n\t\t<div class=\"pk-inline-posts\">\n\t\t\t\n\t\t\t<div class=\"pk-inline-posts-container pk-inline-posts-template-list\"\n\t\t\t\tdata-columns=\"1\">\n\t\t\t\t\t\t<article id=\"post-118538\" class=\"post-118538 post type-post status-publish format-standard has-post-thumbnail category-descargas-manuales-pdf category-pedagogia category-tea tag-aprendizaje tag-aula tag-crisis-educativa tag-docentes tag-educacion-3 tag-escuela tag-pedagogia-3 tag-reflexion-docente-2 tag-rol-docente tag-sistema-educativo cs-entry cs-video-wrap\">\n\t\t\t<div class=\"pk-post-outer\">\n\n\t\t\t\t\t\t\t\t<div class=\"pk-post-inner\">\n\t\t\t\t\t<div class=\"entry-thumbnail\">\n\t\t\t\t\t\t<div class=\"pk-overlay pk-overlay-ratio pk-ratio-landscape\">\n\t\t\t\t\t\t\t<div class=\"pk-overlay-background\">\n\t\t\t\t\t\t\t\t<a href=\"https:\/\/webdelmaestrocmf.com\/portal\/nuevo-recurso-clave-para-el-aula-descarga-una-lista-de-control-para-la-deteccion-inicial-del-tea-trastorno-del-espectro-autista\/\" class=\"pk-overlay-link\">\n\t\t\t\t\t\t\t\t\t<img loading=\"lazy\" decoding=\"async\" width=\"300\" height=\"225\" src=\"https:\/\/webdelmaestrocmf.com\/portal\/wp-content\/uploads\/2026\/05\/1AA-Banner-1-portada-imagen-10-1-copia-1-300x225.webp\" class=\"attachment-pk-thumbnail size-pk-thumbnail wp-post-image\" alt=\"\" \/>\t\t\t\t\t\t\t\t<\/a>\n\t\t\t\t\t\t\t<\/div>\n\t\t\t\t\t\t<\/div>\n\t\t\t\t\t<\/div>\n\t\t\t\t<\/div>\n\t\t\t\t\n\t\t\t\t<div class=\"pk-post-inner\">\n\t\t\t\t\t<header>\n\t\t\t\t\t\t<h3 class=\"pk-title\"><a href=\"https:\/\/webdelmaestrocmf.com\/portal\/nuevo-recurso-clave-para-el-aula-descarga-una-lista-de-control-para-la-deteccion-inicial-del-tea-trastorno-del-espectro-autista\/\" rel=\"bookmark\">Nuevo recurso clave para el aula: descarga una lista de control para la detecci\u00f3n inicial del TEA (Trastorno del Espectro Autista)<\/a><\/h3>\t\t\t\t\t<\/header><!-- .entry-header -->\n\t\t\t\t<\/div><!-- .post-inner -->\n\n\t\t\t<\/div><!-- .post-outer -->\n\t\t<\/article>\n\t\t\t\t<\/div>\n\t\t<\/div>\n\t\t\n","protected":false},"excerpt":{"rendered":"En un contexto donde los alumnos experimentan la falta de sanciones, llega a tener repercusiones para la vida&hellip;","protected":false},"author":1,"featured_media":92409,"comment_status":"open","ping_status":"closed","sticky":false,"template":"","format":"standard","meta":{"csco_display_header_overlay":false,"csco_singular_sidebar":"","csco_page_header_type":"","csco_page_load_nextpost":"","csco_post_video_location":[],"csco_post_video_location_hash":"","csco_post_video_url":"","csco_post_video_bg_start_time":0,"csco_post_video_bg_end_time":0,"csco_post_video_bg_volume":false,"_jetpack_memberships_contains_paid_content":false,"footnotes":""},"categories":[2004,735],"tags":[14422,1697,2147,6420,217,1041,15191],"class_list":{"0":"post-84759","1":"post","2":"type-post","3":"status-publish","4":"format-standard","5":"has-post-thumbnail","7":"category-descargas-manuales-pdf","8":"category-pedagogia","9":"tag-acuerdos","10":"tag-conflictos","11":"tag-convivencia","12":"tag-democracia","13":"tag-dialogo","14":"tag-normas","15":"tag-reemplazamos","16":"cs-entry","17":"cs-video-wrap"},"yoast_head":"<!-- This site is optimized with the Yoast SEO plugin v27.5 - https:\/\/yoast.com\/product\/yoast-seo-wordpress\/ -->\n<title>\u00bfY si reemplazamos las NORMAS de convivencia por ACUERDOS de convivencia? - 2026<\/title>\n<meta name=\"description\" content=\"En un contexto donde los alumnos experimentan la falta de sanciones, llega a tener repercusiones para la vida actual y futura...\" \/>\n<meta name=\"robots\" content=\"index, follow, max-snippet:-1, max-image-preview:large, max-video-preview:-1\" \/>\n<link rel=\"canonical\" href=\"https:\/\/webdelmaestrocmf.com\/portal\/y-si-reemplazamos-las-normas-de-convivencia-por-acuerdos-de-convivencia\/\" \/>\n<meta property=\"og:locale\" content=\"es_ES\" \/>\n<meta property=\"og:type\" content=\"article\" \/>\n<meta property=\"og:title\" content=\"\u00bfY si reemplazamos las NORMAS de convivencia por ACUERDOS de convivencia? - 2026\" \/>\n<meta property=\"og:description\" content=\"En un contexto donde los alumnos experimentan la falta de sanciones, llega a tener repercusiones para la vida actual y futura...\" \/>\n<meta property=\"og:url\" content=\"https:\/\/webdelmaestrocmf.com\/portal\/y-si-reemplazamos-las-normas-de-convivencia-por-acuerdos-de-convivencia\/\" \/>\n<meta property=\"og:site_name\" content=\"Web del Maestro CMF\" \/>\n<meta property=\"article:publisher\" content=\"https:\/\/www.facebook.com\/WebdelMaestroCMF\/\" \/>\n<meta property=\"article:author\" content=\"https:\/\/www.facebook.com\/WebdelMaestroCMF\/\" \/>\n<meta property=\"article:published_time\" content=\"2023-02-25T22:04:19+00:00\" \/>\n<meta property=\"article:modified_time\" content=\"2023-08-16T03:56:13+00:00\" \/>\n<meta property=\"og:image\" content=\"https:\/\/i0.wp.com\/webdelmaestrocmf.com\/portal\/wp-content\/uploads\/2023\/02\/A12B3C4D-58.jpg?fit=900%2C556&ssl=1\" \/>\n\t<meta property=\"og:image:width\" content=\"900\" \/>\n\t<meta property=\"og:image:height\" content=\"556\" \/>\n\t<meta property=\"og:image:type\" content=\"image\/jpeg\" \/>\n<meta name=\"author\" content=\"Web del Maestro CMF\" \/>\n<meta name=\"twitter:card\" content=\"summary_large_image\" \/>\n<meta name=\"twitter:creator\" content=\"@cmf_w\" \/>\n<meta name=\"twitter:site\" content=\"@cmf_w\" \/>\n<script type=\"application\/ld+json\" class=\"yoast-schema-graph\">{\"@context\":\"https:\\\/\\\/schema.org\",\"@graph\":[{\"@type\":\"ScholarlyArticle\",\"@id\":\"https:\\\/\\\/webdelmaestrocmf.com\\\/portal\\\/y-si-reemplazamos-las-normas-de-convivencia-por-acuerdos-de-convivencia\\\/#article\",\"isPartOf\":{\"@id\":\"https:\\\/\\\/webdelmaestrocmf.com\\\/portal\\\/y-si-reemplazamos-las-normas-de-convivencia-por-acuerdos-de-convivencia\\\/\"},\"author\":{\"name\":\"Web del Maestro CMF\",\"@id\":\"https:\\\/\\\/webdelmaestrocmf.com\\\/portal\\\/#\\\/schema\\\/person\\\/1072a2ed7bd960df8ef99a551fa35dc5\"},\"headline\":\"\u00bfY si reemplazamos las NORMAS de convivencia por ACUERDOS de convivencia?\",\"datePublished\":\"2023-02-25T22:04:19+00:00\",\"dateModified\":\"2023-08-16T03:56:13+00:00\",\"mainEntityOfPage\":{\"@id\":\"https:\\\/\\\/webdelmaestrocmf.com\\\/portal\\\/y-si-reemplazamos-las-normas-de-convivencia-por-acuerdos-de-convivencia\\\/\"},\"wordCount\":3689,\"commentCount\":0,\"publisher\":{\"@id\":\"https:\\\/\\\/webdelmaestrocmf.com\\\/portal\\\/#organization\"},\"image\":{\"@id\":\"https:\\\/\\\/webdelmaestrocmf.com\\\/portal\\\/y-si-reemplazamos-las-normas-de-convivencia-por-acuerdos-de-convivencia\\\/#primaryimage\"},\"thumbnailUrl\":\"https:\\\/\\\/webdelmaestrocmf.com\\\/portal\\\/wp-content\\\/uploads\\\/2023\\\/02\\\/A12B3C4D-58.jpg\",\"keywords\":[\"Acuerdos\",\"CONFLICTOS\",\"CONVIVENCIA\",\"DEMOCRACIA\",\"DIALOGO\",\"normas\",\"reemplazamos\"],\"articleSection\":[\"Descargas Manuales PDF\",\"Recursos\"],\"inLanguage\":\"es\",\"potentialAction\":[{\"@type\":\"CommentAction\",\"name\":\"Comment\",\"target\":[\"https:\\\/\\\/webdelmaestrocmf.com\\\/portal\\\/y-si-reemplazamos-las-normas-de-convivencia-por-acuerdos-de-convivencia\\\/#respond\"]}]},{\"@type\":\"WebPage\",\"@id\":\"https:\\\/\\\/webdelmaestrocmf.com\\\/portal\\\/y-si-reemplazamos-las-normas-de-convivencia-por-acuerdos-de-convivencia\\\/\",\"url\":\"https:\\\/\\\/webdelmaestrocmf.com\\\/portal\\\/y-si-reemplazamos-las-normas-de-convivencia-por-acuerdos-de-convivencia\\\/\",\"name\":\"\u00bfY si reemplazamos las NORMAS de convivencia por ACUERDOS de convivencia? - 2026\",\"isPartOf\":{\"@id\":\"https:\\\/\\\/webdelmaestrocmf.com\\\/portal\\\/#website\"},\"primaryImageOfPage\":{\"@id\":\"https:\\\/\\\/webdelmaestrocmf.com\\\/portal\\\/y-si-reemplazamos-las-normas-de-convivencia-por-acuerdos-de-convivencia\\\/#primaryimage\"},\"image\":{\"@id\":\"https:\\\/\\\/webdelmaestrocmf.com\\\/portal\\\/y-si-reemplazamos-las-normas-de-convivencia-por-acuerdos-de-convivencia\\\/#primaryimage\"},\"thumbnailUrl\":\"https:\\\/\\\/webdelmaestrocmf.com\\\/portal\\\/wp-content\\\/uploads\\\/2023\\\/02\\\/A12B3C4D-58.jpg\",\"datePublished\":\"2023-02-25T22:04:19+00:00\",\"dateModified\":\"2023-08-16T03:56:13+00:00\",\"description\":\"En un contexto donde los alumnos experimentan la falta de sanciones, llega a tener repercusiones para la vida actual y futura...\",\"breadcrumb\":{\"@id\":\"https:\\\/\\\/webdelmaestrocmf.com\\\/portal\\\/y-si-reemplazamos-las-normas-de-convivencia-por-acuerdos-de-convivencia\\\/#breadcrumb\"},\"inLanguage\":\"es\",\"potentialAction\":[{\"@type\":\"ReadAction\",\"target\":[\"https:\\\/\\\/webdelmaestrocmf.com\\\/portal\\\/y-si-reemplazamos-las-normas-de-convivencia-por-acuerdos-de-convivencia\\\/\"]}]},{\"@type\":\"ImageObject\",\"inLanguage\":\"es\",\"@id\":\"https:\\\/\\\/webdelmaestrocmf.com\\\/portal\\\/y-si-reemplazamos-las-normas-de-convivencia-por-acuerdos-de-convivencia\\\/#primaryimage\",\"url\":\"https:\\\/\\\/webdelmaestrocmf.com\\\/portal\\\/wp-content\\\/uploads\\\/2023\\\/02\\\/A12B3C4D-58.jpg\",\"contentUrl\":\"https:\\\/\\\/webdelmaestrocmf.com\\\/portal\\\/wp-content\\\/uploads\\\/2023\\\/02\\\/A12B3C4D-58.jpg\",\"width\":900,\"height\":556},{\"@type\":\"BreadcrumbList\",\"@id\":\"https:\\\/\\\/webdelmaestrocmf.com\\\/portal\\\/y-si-reemplazamos-las-normas-de-convivencia-por-acuerdos-de-convivencia\\\/#breadcrumb\",\"itemListElement\":[{\"@type\":\"ListItem\",\"position\":1,\"name\":\"Portada\",\"item\":\"https:\\\/\\\/webdelmaestrocmf.com\\\/portal\\\/\"},{\"@type\":\"ListItem\",\"position\":2,\"name\":\"Recursos\",\"item\":\"https:\\\/\\\/webdelmaestrocmf.com\\\/portal\\\/category\\\/pedagogia\\\/\"},{\"@type\":\"ListItem\",\"position\":3,\"name\":\"\u00bfY si reemplazamos las NORMAS de convivencia por ACUERDOS de convivencia?\"}]},{\"@type\":\"WebSite\",\"@id\":\"https:\\\/\\\/webdelmaestrocmf.com\\\/portal\\\/#website\",\"url\":\"https:\\\/\\\/webdelmaestrocmf.com\\\/portal\\\/\",\"name\":\"Web del Maestro CMF\",\"description\":\"Maestros al servicio de la educaci\u00f3n\",\"publisher\":{\"@id\":\"https:\\\/\\\/webdelmaestrocmf.com\\\/portal\\\/#organization\"},\"alternateName\":\"WMCMF\",\"potentialAction\":[{\"@type\":\"SearchAction\",\"target\":{\"@type\":\"EntryPoint\",\"urlTemplate\":\"https:\\\/\\\/webdelmaestrocmf.com\\\/portal\\\/?s={search_term_string}\"},\"query-input\":{\"@type\":\"PropertyValueSpecification\",\"valueRequired\":true,\"valueName\":\"search_term_string\"}}],\"inLanguage\":\"es\"},{\"@type\":\"Organization\",\"@id\":\"https:\\\/\\\/webdelmaestrocmf.com\\\/portal\\\/#organization\",\"name\":\"Web del Maestro CMF\",\"alternateName\":\"WMCMF\",\"url\":\"https:\\\/\\\/webdelmaestrocmf.com\\\/portal\\\/\",\"logo\":{\"@type\":\"ImageObject\",\"inLanguage\":\"es\",\"@id\":\"https:\\\/\\\/webdelmaestrocmf.com\\\/portal\\\/#\\\/schema\\\/logo\\\/image\\\/\",\"url\":\"https:\\\/\\\/webdelmaestrocmf.com\\\/portal\\\/wp-content\\\/uploads\\\/2023\\\/01\\\/logo-wmcmf-2.png\",\"contentUrl\":\"https:\\\/\\\/webdelmaestrocmf.com\\\/portal\\\/wp-content\\\/uploads\\\/2023\\\/01\\\/logo-wmcmf-2.png\",\"width\":200,\"height\":60,\"caption\":\"Web del Maestro CMF\"},\"image\":{\"@id\":\"https:\\\/\\\/webdelmaestrocmf.com\\\/portal\\\/#\\\/schema\\\/logo\\\/image\\\/\"},\"sameAs\":[\"https:\\\/\\\/www.facebook.com\\\/WebdelMaestroCMF\\\/\",\"https:\\\/\\\/x.com\\\/cmf_w\",\"https:\\\/\\\/www.pinterest.com\\\/WMCMF\\\/\",\"https:\\\/\\\/www.linkedin.com\\\/company\\\/web-del-maestro-cmf\\\/\",\"https:\\\/\\\/www.instagram.com\\\/wmcmf\\\/\",\"https:\\\/\\\/www.youtube.com\\\/channel\\\/UCDPSvjbdodE5sHnC3OxutHw\",\"https:\\\/\\\/mastodon.social\\\/@wmcmf\",\"https:\\\/\\\/www.tiktok.com\\\/@webdelmaestrocmf\"]},{\"@type\":\"Person\",\"@id\":\"https:\\\/\\\/webdelmaestrocmf.com\\\/portal\\\/#\\\/schema\\\/person\\\/1072a2ed7bd960df8ef99a551fa35dc5\",\"name\":\"Web del Maestro CMF\",\"image\":{\"@type\":\"ImageObject\",\"inLanguage\":\"es\",\"@id\":\"https:\\\/\\\/secure.gravatar.com\\\/avatar\\\/23291dd5b5ae1077dcff3dbb04c3e02bd28403fa75af6d8787d5e97c5bbbe30b?s=96&d=mm&r=g\",\"url\":\"https:\\\/\\\/secure.gravatar.com\\\/avatar\\\/23291dd5b5ae1077dcff3dbb04c3e02bd28403fa75af6d8787d5e97c5bbbe30b?s=96&d=mm&r=g\",\"contentUrl\":\"https:\\\/\\\/secure.gravatar.com\\\/avatar\\\/23291dd5b5ae1077dcff3dbb04c3e02bd28403fa75af6d8787d5e97c5bbbe30b?s=96&d=mm&r=g\",\"caption\":\"Web del Maestro CMF\"},\"description\":\"Esta Web se cre\u00f3 sin fines de lucro, con fines educativos, cient\u00edficos y acad\u00e9micos, para personas que tengan dificultades y\\\/o inconvenientes en visualizar el material original. El objetivo es entregar recursos, compartir experiencias y materiales que ayuden a los padres de familia, maestros y estudiantes en su actualizaci\u00f3n y formaci\u00f3n permanente, en bien de la Educaci\u00f3n.\",\"sameAs\":[\"http:\\\/\\\/webdelmaestrocmf.com\\\/portal\",\"https:\\\/\\\/www.facebook.com\\\/WebdelMaestroCMF\\\/\",\"https:\\\/\\\/www.instagram.com\\\/wmcmf\\\/\",\"https:\\\/\\\/cl.linkedin.com\\\/company\\\/web-del-maestro-cmf\",\"https:\\\/\\\/www.pinterest.com\\\/WMCMF\\\/publicaciones\\\/\",\"https:\\\/\\\/x.com\\\/cmf_w\",\"https:\\\/\\\/www.youtube.com\\\/@WMCMF\"]}]}<\/script>\n<!-- \/ Yoast SEO plugin. -->","yoast_head_json":{"title":"\u00bfY si reemplazamos las NORMAS de convivencia por ACUERDOS de convivencia? - 2026","description":"En un contexto donde los alumnos experimentan la falta de sanciones, llega a tener repercusiones para la vida actual y futura...","robots":{"index":"index","follow":"follow","max-snippet":"max-snippet:-1","max-image-preview":"max-image-preview:large","max-video-preview":"max-video-preview:-1"},"canonical":"https:\/\/webdelmaestrocmf.com\/portal\/y-si-reemplazamos-las-normas-de-convivencia-por-acuerdos-de-convivencia\/","og_locale":"es_ES","og_type":"article","og_title":"\u00bfY si reemplazamos las NORMAS de convivencia por ACUERDOS de convivencia? - 2026","og_description":"En un contexto donde los alumnos experimentan la falta de sanciones, llega a tener repercusiones para la vida actual y futura...","og_url":"https:\/\/webdelmaestrocmf.com\/portal\/y-si-reemplazamos-las-normas-de-convivencia-por-acuerdos-de-convivencia\/","og_site_name":"Web del Maestro CMF","article_publisher":"https:\/\/www.facebook.com\/WebdelMaestroCMF\/","article_author":"https:\/\/www.facebook.com\/WebdelMaestroCMF\/","article_published_time":"2023-02-25T22:04:19+00:00","article_modified_time":"2023-08-16T03:56:13+00:00","og_image":[{"width":900,"height":556,"url":"https:\/\/i0.wp.com\/webdelmaestrocmf.com\/portal\/wp-content\/uploads\/2023\/02\/A12B3C4D-58.jpg?fit=900%2C556&ssl=1","type":"image\/jpeg"}],"author":"Web del Maestro CMF","twitter_card":"summary_large_image","twitter_creator":"@cmf_w","twitter_site":"@cmf_w","schema":{"@context":"https:\/\/schema.org","@graph":[{"@type":"ScholarlyArticle","@id":"https:\/\/webdelmaestrocmf.com\/portal\/y-si-reemplazamos-las-normas-de-convivencia-por-acuerdos-de-convivencia\/#article","isPartOf":{"@id":"https:\/\/webdelmaestrocmf.com\/portal\/y-si-reemplazamos-las-normas-de-convivencia-por-acuerdos-de-convivencia\/"},"author":{"name":"Web del Maestro CMF","@id":"https:\/\/webdelmaestrocmf.com\/portal\/#\/schema\/person\/1072a2ed7bd960df8ef99a551fa35dc5"},"headline":"\u00bfY si reemplazamos las NORMAS de convivencia por ACUERDOS de convivencia?","datePublished":"2023-02-25T22:04:19+00:00","dateModified":"2023-08-16T03:56:13+00:00","mainEntityOfPage":{"@id":"https:\/\/webdelmaestrocmf.com\/portal\/y-si-reemplazamos-las-normas-de-convivencia-por-acuerdos-de-convivencia\/"},"wordCount":3689,"commentCount":0,"publisher":{"@id":"https:\/\/webdelmaestrocmf.com\/portal\/#organization"},"image":{"@id":"https:\/\/webdelmaestrocmf.com\/portal\/y-si-reemplazamos-las-normas-de-convivencia-por-acuerdos-de-convivencia\/#primaryimage"},"thumbnailUrl":"https:\/\/webdelmaestrocmf.com\/portal\/wp-content\/uploads\/2023\/02\/A12B3C4D-58.jpg","keywords":["Acuerdos","CONFLICTOS","CONVIVENCIA","DEMOCRACIA","DIALOGO","normas","reemplazamos"],"articleSection":["Descargas Manuales PDF","Recursos"],"inLanguage":"es","potentialAction":[{"@type":"CommentAction","name":"Comment","target":["https:\/\/webdelmaestrocmf.com\/portal\/y-si-reemplazamos-las-normas-de-convivencia-por-acuerdos-de-convivencia\/#respond"]}]},{"@type":"WebPage","@id":"https:\/\/webdelmaestrocmf.com\/portal\/y-si-reemplazamos-las-normas-de-convivencia-por-acuerdos-de-convivencia\/","url":"https:\/\/webdelmaestrocmf.com\/portal\/y-si-reemplazamos-las-normas-de-convivencia-por-acuerdos-de-convivencia\/","name":"\u00bfY si reemplazamos las NORMAS de convivencia por ACUERDOS de convivencia? - 2026","isPartOf":{"@id":"https:\/\/webdelmaestrocmf.com\/portal\/#website"},"primaryImageOfPage":{"@id":"https:\/\/webdelmaestrocmf.com\/portal\/y-si-reemplazamos-las-normas-de-convivencia-por-acuerdos-de-convivencia\/#primaryimage"},"image":{"@id":"https:\/\/webdelmaestrocmf.com\/portal\/y-si-reemplazamos-las-normas-de-convivencia-por-acuerdos-de-convivencia\/#primaryimage"},"thumbnailUrl":"https:\/\/webdelmaestrocmf.com\/portal\/wp-content\/uploads\/2023\/02\/A12B3C4D-58.jpg","datePublished":"2023-02-25T22:04:19+00:00","dateModified":"2023-08-16T03:56:13+00:00","description":"En un contexto donde los alumnos experimentan la falta de sanciones, llega a tener repercusiones para la vida actual y futura...","breadcrumb":{"@id":"https:\/\/webdelmaestrocmf.com\/portal\/y-si-reemplazamos-las-normas-de-convivencia-por-acuerdos-de-convivencia\/#breadcrumb"},"inLanguage":"es","potentialAction":[{"@type":"ReadAction","target":["https:\/\/webdelmaestrocmf.com\/portal\/y-si-reemplazamos-las-normas-de-convivencia-por-acuerdos-de-convivencia\/"]}]},{"@type":"ImageObject","inLanguage":"es","@id":"https:\/\/webdelmaestrocmf.com\/portal\/y-si-reemplazamos-las-normas-de-convivencia-por-acuerdos-de-convivencia\/#primaryimage","url":"https:\/\/webdelmaestrocmf.com\/portal\/wp-content\/uploads\/2023\/02\/A12B3C4D-58.jpg","contentUrl":"https:\/\/webdelmaestrocmf.com\/portal\/wp-content\/uploads\/2023\/02\/A12B3C4D-58.jpg","width":900,"height":556},{"@type":"BreadcrumbList","@id":"https:\/\/webdelmaestrocmf.com\/portal\/y-si-reemplazamos-las-normas-de-convivencia-por-acuerdos-de-convivencia\/#breadcrumb","itemListElement":[{"@type":"ListItem","position":1,"name":"Portada","item":"https:\/\/webdelmaestrocmf.com\/portal\/"},{"@type":"ListItem","position":2,"name":"Recursos","item":"https:\/\/webdelmaestrocmf.com\/portal\/category\/pedagogia\/"},{"@type":"ListItem","position":3,"name":"\u00bfY si reemplazamos las NORMAS de convivencia por ACUERDOS de convivencia?"}]},{"@type":"WebSite","@id":"https:\/\/webdelmaestrocmf.com\/portal\/#website","url":"https:\/\/webdelmaestrocmf.com\/portal\/","name":"Web del Maestro CMF","description":"Maestros al servicio de la educaci\u00f3n","publisher":{"@id":"https:\/\/webdelmaestrocmf.com\/portal\/#organization"},"alternateName":"WMCMF","potentialAction":[{"@type":"SearchAction","target":{"@type":"EntryPoint","urlTemplate":"https:\/\/webdelmaestrocmf.com\/portal\/?s={search_term_string}"},"query-input":{"@type":"PropertyValueSpecification","valueRequired":true,"valueName":"search_term_string"}}],"inLanguage":"es"},{"@type":"Organization","@id":"https:\/\/webdelmaestrocmf.com\/portal\/#organization","name":"Web del Maestro CMF","alternateName":"WMCMF","url":"https:\/\/webdelmaestrocmf.com\/portal\/","logo":{"@type":"ImageObject","inLanguage":"es","@id":"https:\/\/webdelmaestrocmf.com\/portal\/#\/schema\/logo\/image\/","url":"https:\/\/webdelmaestrocmf.com\/portal\/wp-content\/uploads\/2023\/01\/logo-wmcmf-2.png","contentUrl":"https:\/\/webdelmaestrocmf.com\/portal\/wp-content\/uploads\/2023\/01\/logo-wmcmf-2.png","width":200,"height":60,"caption":"Web del Maestro CMF"},"image":{"@id":"https:\/\/webdelmaestrocmf.com\/portal\/#\/schema\/logo\/image\/"},"sameAs":["https:\/\/www.facebook.com\/WebdelMaestroCMF\/","https:\/\/x.com\/cmf_w","https:\/\/www.pinterest.com\/WMCMF\/","https:\/\/www.linkedin.com\/company\/web-del-maestro-cmf\/","https:\/\/www.instagram.com\/wmcmf\/","https:\/\/www.youtube.com\/channel\/UCDPSvjbdodE5sHnC3OxutHw","https:\/\/mastodon.social\/@wmcmf","https:\/\/www.tiktok.com\/@webdelmaestrocmf"]},{"@type":"Person","@id":"https:\/\/webdelmaestrocmf.com\/portal\/#\/schema\/person\/1072a2ed7bd960df8ef99a551fa35dc5","name":"Web del Maestro CMF","image":{"@type":"ImageObject","inLanguage":"es","@id":"https:\/\/secure.gravatar.com\/avatar\/23291dd5b5ae1077dcff3dbb04c3e02bd28403fa75af6d8787d5e97c5bbbe30b?s=96&d=mm&r=g","url":"https:\/\/secure.gravatar.com\/avatar\/23291dd5b5ae1077dcff3dbb04c3e02bd28403fa75af6d8787d5e97c5bbbe30b?s=96&d=mm&r=g","contentUrl":"https:\/\/secure.gravatar.com\/avatar\/23291dd5b5ae1077dcff3dbb04c3e02bd28403fa75af6d8787d5e97c5bbbe30b?s=96&d=mm&r=g","caption":"Web del Maestro CMF"},"description":"Esta Web se cre\u00f3 sin fines de lucro, con fines educativos, cient\u00edficos y acad\u00e9micos, para personas que tengan dificultades y\/o inconvenientes en visualizar el material original. El objetivo es entregar recursos, compartir experiencias y materiales que ayuden a los padres de familia, maestros y estudiantes en su actualizaci\u00f3n y formaci\u00f3n permanente, en bien de la Educaci\u00f3n.","sameAs":["http:\/\/webdelmaestrocmf.com\/portal","https:\/\/www.facebook.com\/WebdelMaestroCMF\/","https:\/\/www.instagram.com\/wmcmf\/","https:\/\/cl.linkedin.com\/company\/web-del-maestro-cmf","https:\/\/www.pinterest.com\/WMCMF\/publicaciones\/","https:\/\/x.com\/cmf_w","https:\/\/www.youtube.com\/@WMCMF"]}]}},"jetpack_featured_media_url":"https:\/\/webdelmaestrocmf.com\/portal\/wp-content\/uploads\/2023\/02\/A12B3C4D-58.jpg","jetpack_sharing_enabled":true,"jetpack-related-posts":[{"id":117850,"url":"https:\/\/webdelmaestrocmf.com\/portal\/directora-aplica-medida-disciplinaria-que-obliga-a-estudiantes-a-limpiar-y-barrer-y-padres-presentan-denuncia\/","url_meta":{"origin":84759,"position":0},"title":"Directora aplica medida disciplinaria que obliga a estudiantes a limpiar y barrer, y padres presentan denuncia","author":"Web del Maestro CMF","date":"16 abril, 2026","format":false,"excerpt":"Los alumnos fueron asignados a barrer el patio y ordenar espacios comunes como parte de una acci\u00f3n correctiva orientada a la responsabilidad.","rel":"","context":"En \u00abNoticias Internacionales\u00bb","block_context":{"text":"Noticias Internacionales","link":"https:\/\/webdelmaestrocmf.com\/portal\/category\/noticias-internacionales\/"},"img":{"alt_text":"","src":"https:\/\/i0.wp.com\/webdelmaestrocmf.com\/portal\/wp-content\/uploads\/2026\/04\/1AA-Banner-1-portada-imagen-10-1-copia-21.webp?resize=350%2C200&ssl=1","width":350,"height":200,"srcset":"https:\/\/i0.wp.com\/webdelmaestrocmf.com\/portal\/wp-content\/uploads\/2026\/04\/1AA-Banner-1-portada-imagen-10-1-copia-21.webp?resize=350%2C200&ssl=1 1x, https:\/\/i0.wp.com\/webdelmaestrocmf.com\/portal\/wp-content\/uploads\/2026\/04\/1AA-Banner-1-portada-imagen-10-1-copia-21.webp?resize=525%2C300&ssl=1 1.5x, https:\/\/i0.wp.com\/webdelmaestrocmf.com\/portal\/wp-content\/uploads\/2026\/04\/1AA-Banner-1-portada-imagen-10-1-copia-21.webp?resize=700%2C400&ssl=1 2x, https:\/\/i0.wp.com\/webdelmaestrocmf.com\/portal\/wp-content\/uploads\/2026\/04\/1AA-Banner-1-portada-imagen-10-1-copia-21.webp?resize=1050%2C600&ssl=1 3x"},"classes":[]},{"id":116658,"url":"https:\/\/webdelmaestrocmf.com\/portal\/colombia-corte-de-cabello-disciplina-escolar-y-derechos-fundamentales\/","url_meta":{"origin":84759,"position":1},"title":"Colombia: corte de cabello, disciplina escolar y derechos fundamentales","author":"Web del Maestro CMF","date":"20 marzo, 2026","format":false,"excerpt":"Caso en Colombia: expulsan a ni\u00f1o por su corte de cabello, generando debate sobre disciplina escolar y posible vulneraci\u00f3n del derecho al libre desarrollo de la personalidad.","rel":"","context":"En \u00abNoticias Internacionales\u00bb","block_context":{"text":"Noticias Internacionales","link":"https:\/\/webdelmaestrocmf.com\/portal\/category\/noticias-internacionales\/"},"img":{"alt_text":"","src":"https:\/\/i0.wp.com\/webdelmaestrocmf.com\/portal\/wp-content\/uploads\/2026\/03\/1AA-Banner-1-portada-imagen-10-1-copia-5-1.webp?resize=350%2C200&ssl=1","width":350,"height":200,"srcset":"https:\/\/i0.wp.com\/webdelmaestrocmf.com\/portal\/wp-content\/uploads\/2026\/03\/1AA-Banner-1-portada-imagen-10-1-copia-5-1.webp?resize=350%2C200&ssl=1 1x, https:\/\/i0.wp.com\/webdelmaestrocmf.com\/portal\/wp-content\/uploads\/2026\/03\/1AA-Banner-1-portada-imagen-10-1-copia-5-1.webp?resize=525%2C300&ssl=1 1.5x, https:\/\/i0.wp.com\/webdelmaestrocmf.com\/portal\/wp-content\/uploads\/2026\/03\/1AA-Banner-1-portada-imagen-10-1-copia-5-1.webp?resize=700%2C400&ssl=1 2x, https:\/\/i0.wp.com\/webdelmaestrocmf.com\/portal\/wp-content\/uploads\/2026\/03\/1AA-Banner-1-portada-imagen-10-1-copia-5-1.webp?resize=1050%2C600&ssl=1 3x"},"classes":[]},{"id":60052,"url":"https:\/\/webdelmaestrocmf.com\/portal\/lineamientos-para-la-convivencia-escolar-2021\/","url_meta":{"origin":84759,"position":2},"title":"Lineamientos para la convivencia escolar","author":"Web del Maestro CMF","date":"3 marzo, 2021","format":false,"excerpt":"La educaci\u00f3n tiene el compromiso de contribuir con la formaci\u00f3n de una sociedad pac\u00edfica, inclusiva y democr\u00e1tica, que promueva el respeto a los derechos humanos, el ejercicio pleno de la ciudadan\u00eda y el rechazo a cualquier forma de violencia o discriminaci\u00f3n. Todo proceso educativo que aspire a una formaci\u00f3n integral\u2026","rel":"","context":"En \u00abDescargas Manuales PDF\u00bb","block_context":{"text":"Descargas Manuales PDF","link":"https:\/\/webdelmaestrocmf.com\/portal\/category\/pedagogia\/descargas-manuales-pdf\/"},"img":{"alt_text":"","src":"https:\/\/i0.wp.com\/webdelmaestrocmf.com\/portal\/wp-content\/uploads\/2021\/03\/1-copia-4.jpg?resize=350%2C200&ssl=1","width":350,"height":200,"srcset":"https:\/\/i0.wp.com\/webdelmaestrocmf.com\/portal\/wp-content\/uploads\/2021\/03\/1-copia-4.jpg?resize=350%2C200&ssl=1 1x, https:\/\/i0.wp.com\/webdelmaestrocmf.com\/portal\/wp-content\/uploads\/2021\/03\/1-copia-4.jpg?resize=525%2C300&ssl=1 1.5x, https:\/\/i0.wp.com\/webdelmaestrocmf.com\/portal\/wp-content\/uploads\/2021\/03\/1-copia-4.jpg?resize=700%2C400&ssl=1 2x, https:\/\/i0.wp.com\/webdelmaestrocmf.com\/portal\/wp-content\/uploads\/2021\/03\/1-copia-4.jpg?resize=1050%2C600&ssl=1 3x"},"classes":[]},{"id":13543,"url":"https:\/\/webdelmaestrocmf.com\/portal\/conflictos-aula-docente-mediador-ante-las-conductas-violentas\/","url_meta":{"origin":84759,"position":3},"title":"El docente como mediador ante las conductas violentas y conflictos","author":"Web del Maestro CMF","date":"24 noviembre, 2021","format":false,"excerpt":"No pocos de los conflictos sociales y las soluciones, terminan bien, por eso suelen ser un mal marco referencial para educar a los ni\u00f1os y j\u00f3venes. Maite Vallet de Teach&Team, propone \u201cque la escuela programe la ense\u00f1anza de la resoluci\u00f3n de conflictos por la v\u00eda pac\u00edfica, potenciando el papel del\u2026","rel":"","context":"En \u00abLas m\u00e1s vistas\u00bb","block_context":{"text":"Las m\u00e1s vistas","link":"https:\/\/webdelmaestrocmf.com\/portal\/category\/pedagogia\/visitadas\/"},"img":{"alt_text":"","src":"https:\/\/i0.wp.com\/webdelmaestrocmf.com\/portal\/wp-content\/uploads\/2018\/08\/1QfER.jpg?resize=350%2C200&ssl=1","width":350,"height":200,"srcset":"https:\/\/i0.wp.com\/webdelmaestrocmf.com\/portal\/wp-content\/uploads\/2018\/08\/1QfER.jpg?resize=350%2C200&ssl=1 1x, https:\/\/i0.wp.com\/webdelmaestrocmf.com\/portal\/wp-content\/uploads\/2018\/08\/1QfER.jpg?resize=525%2C300&ssl=1 1.5x, https:\/\/i0.wp.com\/webdelmaestrocmf.com\/portal\/wp-content\/uploads\/2018\/08\/1QfER.jpg?resize=700%2C400&ssl=1 2x, https:\/\/i0.wp.com\/webdelmaestrocmf.com\/portal\/wp-content\/uploads\/2018\/08\/1QfER.jpg?resize=1050%2C600&ssl=1 3x"},"classes":[]},{"id":59634,"url":"https:\/\/webdelmaestrocmf.com\/portal\/normas-de-convivencia-para-las-clases-virtuales-2021\/","url_meta":{"origin":84759,"position":4},"title":"Normas de convivencia en la escuela durante el COVID 19","author":"Web del Maestro CMF","date":"21 febrero, 2021","format":false,"excerpt":"Con el objetivo de hacer de las clases virtuales un espacio de aprendizaje basado en valores y virtudes como el respeto, la tolerancia y la empat\u00eda, es necesario establecer normas de sana convivencia y autocuidado. El objetivo de las normas virtuales es la promoci\u00f3n de una buena convivencia entre docentes\u2026","rel":"","context":"En \u00abDescargas Manuales PDF\u00bb","block_context":{"text":"Descargas Manuales PDF","link":"https:\/\/webdelmaestrocmf.com\/portal\/category\/pedagogia\/descargas-manuales-pdf\/"},"img":{"alt_text":"","src":"https:\/\/i0.wp.com\/webdelmaestrocmf.com\/portal\/wp-content\/uploads\/2021\/02\/1-copia-61.jpg?resize=350%2C200&ssl=1","width":350,"height":200,"srcset":"https:\/\/i0.wp.com\/webdelmaestrocmf.com\/portal\/wp-content\/uploads\/2021\/02\/1-copia-61.jpg?resize=350%2C200&ssl=1 1x, https:\/\/i0.wp.com\/webdelmaestrocmf.com\/portal\/wp-content\/uploads\/2021\/02\/1-copia-61.jpg?resize=525%2C300&ssl=1 1.5x, https:\/\/i0.wp.com\/webdelmaestrocmf.com\/portal\/wp-content\/uploads\/2021\/02\/1-copia-61.jpg?resize=700%2C400&ssl=1 2x, https:\/\/i0.wp.com\/webdelmaestrocmf.com\/portal\/wp-content\/uploads\/2021\/02\/1-copia-61.jpg?resize=1050%2C600&ssl=1 3x"},"classes":[]},{"id":108302,"url":"https:\/\/webdelmaestrocmf.com\/portal\/convivencia-colegial-ha-mejorado-tras-prohibicion-del-uso-de-celular\/","url_meta":{"origin":84759,"position":5},"title":"Convivencia colegial ha mejorado tras prohibici\u00f3n del uso de celular","author":"Web del Maestro CMF","date":"9 marzo, 2025","format":false,"excerpt":"El Global Education Monitoring Report, de la Unesco, alerta que los ni\u00f1os tardan 20 minutos en volver a concentrarse si se distraen con el tel\u00e9fono. Muchas administraciones p\u00fablicas inciden en que la convivencia escolar ha mejorado. La prohibici\u00f3n de los tel\u00e9fonos celulares en los centros educativos ha llegado a todas\u2026","rel":"","context":"En \u00abNoticias Internacionales\u00bb","block_context":{"text":"Noticias Internacionales","link":"https:\/\/webdelmaestrocmf.com\/portal\/category\/noticias-internacionales\/"},"img":{"alt_text":"","src":"https:\/\/i0.wp.com\/webdelmaestrocmf.com\/portal\/wp-content\/uploads\/2025\/03\/1A-Banner-1-portada-imagen-10-1-2025-03-09T184137.443.jpg?resize=350%2C200&ssl=1","width":350,"height":200,"srcset":"https:\/\/i0.wp.com\/webdelmaestrocmf.com\/portal\/wp-content\/uploads\/2025\/03\/1A-Banner-1-portada-imagen-10-1-2025-03-09T184137.443.jpg?resize=350%2C200&ssl=1 1x, https:\/\/i0.wp.com\/webdelmaestrocmf.com\/portal\/wp-content\/uploads\/2025\/03\/1A-Banner-1-portada-imagen-10-1-2025-03-09T184137.443.jpg?resize=525%2C300&ssl=1 1.5x, https:\/\/i0.wp.com\/webdelmaestrocmf.com\/portal\/wp-content\/uploads\/2025\/03\/1A-Banner-1-portada-imagen-10-1-2025-03-09T184137.443.jpg?resize=700%2C400&ssl=1 2x"},"classes":[]}],"_links":{"self":[{"href":"https:\/\/webdelmaestrocmf.com\/portal\/wp-json\/wp\/v2\/posts\/84759","targetHints":{"allow":["GET"]}}],"collection":[{"href":"https:\/\/webdelmaestrocmf.com\/portal\/wp-json\/wp\/v2\/posts"}],"about":[{"href":"https:\/\/webdelmaestrocmf.com\/portal\/wp-json\/wp\/v2\/types\/post"}],"author":[{"embeddable":true,"href":"https:\/\/webdelmaestrocmf.com\/portal\/wp-json\/wp\/v2\/users\/1"}],"replies":[{"embeddable":true,"href":"https:\/\/webdelmaestrocmf.com\/portal\/wp-json\/wp\/v2\/comments?post=84759"}],"version-history":[{"count":0,"href":"https:\/\/webdelmaestrocmf.com\/portal\/wp-json\/wp\/v2\/posts\/84759\/revisions"}],"wp:featuredmedia":[{"embeddable":true,"href":"https:\/\/webdelmaestrocmf.com\/portal\/wp-json\/wp\/v2\/media\/92409"}],"wp:attachment":[{"href":"https:\/\/webdelmaestrocmf.com\/portal\/wp-json\/wp\/v2\/media?parent=84759"}],"wp:term":[{"taxonomy":"category","embeddable":true,"href":"https:\/\/webdelmaestrocmf.com\/portal\/wp-json\/wp\/v2\/categories?post=84759"},{"taxonomy":"post_tag","embeddable":true,"href":"https:\/\/webdelmaestrocmf.com\/portal\/wp-json\/wp\/v2\/tags?post=84759"}],"curies":[{"name":"wp","href":"https:\/\/api.w.org\/{rel}","templated":true}]}}