{"id":84728,"date":"2023-02-24T19:09:13","date_gmt":"2023-02-24T22:09:13","guid":{"rendered":"https:\/\/webdelmaestrocmf.com\/portal\/?p=84728"},"modified":"2023-02-25T10:50:10","modified_gmt":"2023-02-25T13:50:10","slug":"los-cuatro-campos-formativos-del-nuevo-plan-de-estudios-2023","status":"publish","type":"post","link":"https:\/\/webdelmaestrocmf.com\/portal\/los-cuatro-campos-formativos-del-nuevo-plan-de-estudios-2023\/","title":{"rendered":"Los cuatro Campos Formativos del nuevo Plan de Estudios 2023"},"content":{"rendered":"<h5 style=\"text-align: justify;\">El Plan de estudios de la Nueva Escuela Mexicana contempla dentro de su estructura cuatro campos formativos, los cuales son: Lenguajes; Saberes y Pensamiento Cient\u00edfico; \u00c9tica, Naturaleza y Sociedades; y De lo Humano y lo Comunitario.<\/h5>\n<p style=\"text-align: justify;\"><!--more--><\/p>\n<h5 style=\"text-align: justify;\">En este art\u00edculo te explicamos qu\u00e9 es un Campo Formativo y te compartimos un resumen de cada uno de ellos.<\/h5>\n<p style=\"text-align: justify;\">Un Campo Formativo se entiende como la pluralidad de saberes y conocimientos que permiten acercarse a la realidad que se pretende estudiar. De esta manera, los contenidos de los programas de estudios son una disposici\u00f3n de conocimientos y saberes en un campo formativo que cobran sentido m\u00e1s all\u00e1 de su significado particular en la relaci\u00f3n que se establezca entre ellos y los ejes articuladores, los cuales vinculan el conocimiento con hechos concretos de la realidad mediante problematizaciones o temas generales de estudio.<\/p>\n<p style=\"text-align: justify;\">Es importante se\u00f1alar que la educaci\u00f3n basada en asignaturas propicia la fragmentaci\u00f3n de la ense\u00f1anza y el aprendizaje as\u00ed como de los conocimientos y la did\u00e1ctica. Por su parte al trabajar un curr\u00edculo basado en Campos Formativos se favorece una interacci\u00f3n en la que se generan, se discuten y se comparten diferentes saberes entre los integrantes de la comunidad escolar para fortalecer sus lazos desde un horizonte plural, as\u00ed como una perspectiva interdisciplinaria<\/p>\n<p style=\"text-align: justify;\">Entrada relacionada:<\/p>\n<blockquote class=\"wp-embedded-content\" data-secret=\"4thCwBlJro\"><p><a href=\"https:\/\/webdelmaestrocmf.com\/portal\/los-campos-de-formacion-para-la-educacion-basica-y-sus-finalidades\/\">Los campos de formaci\u00f3n para la Educaci\u00f3n B\u00e1sica y sus finalidades<\/a><\/p><\/blockquote>\n<p><iframe loading=\"lazy\" class=\"wp-embedded-content\" sandbox=\"allow-scripts\" security=\"restricted\" style=\"position: absolute; clip: rect(1px, 1px, 1px, 1px);\" title=\"\u00abLos campos de formaci\u00f3n para la Educaci\u00f3n B\u00e1sica y sus finalidades\u00bb \u2014 Web del Maestro CMF\" src=\"https:\/\/webdelmaestrocmf.com\/portal\/los-campos-de-formacion-para-la-educacion-basica-y-sus-finalidades\/embed\/#?secret=Gl5B32PdQY#?secret=4thCwBlJro\" data-secret=\"4thCwBlJro\" width=\"600\" height=\"338\" frameborder=\"0\" marginwidth=\"0\" marginheight=\"0\" scrolling=\"no\"><\/iframe><\/p>\n<h5 style=\"text-align: justify;\">Los cuatro campos formativos del plan de estudios<\/h5>\n<p style=\"text-align: justify;\">La Nueva Escuela Mexicana integra en su estructura curricular los campos de Lenguajes; Saberes y Pensamiento Cient\u00edfico; \u00c9tica, Naturaleza y Sociedades; y De lo Humano y lo Comunitario. A continuaci\u00f3n te compartimos un resumen con lo m\u00e1s importante de cada uno de ellos.<\/p>\n<p style=\"text-align: justify;\"><a href=\"https:\/\/webdelmaestrocmf.com\/portal\/wp-content\/uploads\/2023\/02\/1ABCd-7.jpg\" target=\"_blank\" rel=\"noopener\"><img loading=\"lazy\" decoding=\"async\" class=\"alignnone size-full wp-image-84729\" src=\"https:\/\/webdelmaestrocmf.com\/portal\/wp-content\/uploads\/2023\/02\/1ABCd-7.jpg\" alt=\"\" width=\"800\" height=\"420\" srcset=\"https:\/\/webdelmaestrocmf.com\/portal\/wp-content\/uploads\/2023\/02\/1ABCd-7.jpg 800w, https:\/\/webdelmaestrocmf.com\/portal\/wp-content\/uploads\/2023\/02\/1ABCd-7-300x158.jpg 300w, https:\/\/webdelmaestrocmf.com\/portal\/wp-content\/uploads\/2023\/02\/1ABCd-7-768x403.jpg 768w, https:\/\/webdelmaestrocmf.com\/portal\/wp-content\/uploads\/2023\/02\/1ABCd-7-380x200.jpg 380w\" sizes=\"auto, (max-width: 800px) 100vw, 800px\" \/><\/a><\/p>\n<h5 style=\"padding-left: 40px; text-align: justify;\">1. Lenguajes<\/h5>\n<p style=\"padding-left: 40px; text-align: justify;\">Los lenguajes son construcciones cognitivas, sociales y din\u00e1micas que las personas utilizan desde su nacimiento para expresar, conocer, pensar, aprender, representar, comunicar, interpretar y nombrar el mundo, as\u00ed como compartir necesidades, emociones, sentimientos, experiencias e ideas.<\/p>\n<p style=\"padding-left: 40px; text-align: justify;\">El campo formativo de Lenguajes est\u00e1 orientado a que ni\u00f1as, ni\u00f1os y adolescentes adquieran y desarrollen la expresi\u00f3n y la comunicaci\u00f3n de sus formas de ser y estar en el mundo mediante la oralidad, la escucha, lectura, escritura, sensorialidad, percepci\u00f3n y composici\u00f3n de diversas producciones \u2014orales, escritas, sonoras, visuales, corporales o h\u00e1pticas.<\/p>\n<h5 style=\"padding-left: 40px; text-align: justify;\">2. Saberes y pensamiento cient\u00edfico<\/h5>\n<p style=\"padding-left: 40px; text-align: justify;\">Conforme ni\u00f1as, ni\u00f1os y adolescentes interact\u00faan con el mundo, desarrollan experiencias y construyen saberes que se ampl\u00edan y diversifican, por lo que es importante reconocer que existen diferentes caminos para construir conocimientos, usarlos y compartirlos.<\/p>\n<p style=\"padding-left: 40px; text-align: justify;\">El campo formativo de saberes y pensamiento cient\u00edfico tiene\u00a0 como finalidad que los estudiantes logren la comprensi\u00f3n necesaria \u00a0para explicar procesos y fen\u00f3menos naturales en su relaci\u00f3n con lo social por medio de la indagaci\u00f3n interpretaci\u00f3n, experimentaci\u00f3n, sistematizaci\u00f3n, representaci\u00f3n con modelos y argumentaci\u00f3n de tales fen\u00f3menos.<\/p>\n<p style=\"padding-left: 40px; text-align: justify;\">As\u00ed mismo, se busca que los alumnos practiquen relaciones sociales igualitarias e interculturales y que logren la apropiaci\u00f3n y uso de lenguaje cient\u00edfico y t\u00e9cnico como medio de comunicaci\u00f3n oral, escrita, gr\u00e1fica y digital, para establecer nuevas relaciones, construir conocimientos y explicar modelos.<\/p>\n<h5 style=\"padding-left: 40px; text-align: justify;\">3. \u00c9tica, naturaleza y sociedades<\/h5>\n<p style=\"padding-left: 40px; text-align: justify;\">Este campo aborda la relaci\u00f3n del ser humano con la sociedad y la naturaleza desde la comprensi\u00f3n cr\u00edtica de los procesos sociales, pol\u00edticos, naturales y culturales en diversas comunidades situadas hist\u00f3rica y geogr\u00e1ficamente.<\/p>\n<p style=\"padding-left: 40px; text-align: justify;\">Tiene como finalidad que\u00a0 al terminar la educaci\u00f3n b\u00e1sica los alumnos desarrollen habilidades para indagar y reflexionar sobre\u00a0 aspectos relacionados con la crisis ambiental, las relaciones entre culturas, la igualdad de g\u00e9nero y los derechos de las ni\u00f1as, ni\u00f1os y adolescentes.<\/p>\n<p style=\"padding-left: 40px; text-align: justify;\">De la misma manera, el campo formativo de \u00c9tica, Naturaleza y Sociedades, est\u00e1 orientado a que los estudiantes adquieran y desarrollen sentido de pertenencia e identidad personal y colectiva, reconocimiento de las diversas sociedades y culturas para ejercer el pensamiento cr\u00edtico, convicciones, principios \u00e9ticos y valores democr\u00e1ticos, responsabilidad en el cuidado y conservaci\u00f3n de la naturaleza, as\u00ed como una conciencia hist\u00f3rica y geogr\u00e1fica.<\/p>\n<h5 style=\"padding-left: 40px; text-align: justify;\">4. De lo humano y lo comunitario<\/h5>\n<p style=\"padding-left: 40px; text-align: justify;\">Este campo reconoce que el ser humano interact\u00faa con su comunidad mediante un proceso din\u00e1mico y continuo de construcci\u00f3n personal y social, y de participaci\u00f3n aut\u00e9ntica. Tiene como finalidad que ni\u00f1as, ni\u00f1os y adolescentes construyan su identidad personal y desarrollen sus potencialidades (afectivas, motrices, creativas, de interacci\u00f3n y soluci\u00f3n de problemas), reconociendo, valorando y respetando las de otras personas.<\/p>\n<p style=\"padding-left: 40px; text-align: justify;\">Adem\u00e1s, con el campo formativo De lo Humano y lo Comunitario, se pretende que fortalezcan las capacidades perceptivo, socio y f\u00edsico-motrices, reflexionen y comprendan su vida emocional y afectiva, as\u00ed como la de las dem\u00e1s personas, que promuevan ambientes de convivencia sana y pac\u00edfica, tomen decisiones orientadas a modificar comportamientos y situaciones que violenten su integridad f\u00edsico-emocional y la de otras personas, y que generen sentido de comunidad y fortalezcan el de pertenencia.<\/p>\n<p><iframe loading=\"lazy\" src=\"https:\/\/drive.google.com\/file\/d\/1xumYGnuHtH90EUJRI1ylVd-4Z3Z1C2Nf\/preview\" width=\"100%\" height=\"600\"><span data-mce-type=\"bookmark\" style=\"display: inline-block; width: 0px; overflow: hidden; line-height: 0;\" class=\"mce_SELRES_start\">\ufeff<\/span><\/iframe><\/p>\n<p>Entrada relacionada:<\/p>\n<blockquote class=\"wp-embedded-content\" data-secret=\"8oqWTUu1G7\"><p><a href=\"https:\/\/webdelmaestrocmf.com\/portal\/los-campos-formativos-de-la-educacion-basica\/\">Los Campos Formativos de la Educaci\u00f3n B\u00e1sica<\/a><\/p><\/blockquote>\n<p><iframe loading=\"lazy\" class=\"wp-embedded-content\" sandbox=\"allow-scripts\" security=\"restricted\" style=\"position: absolute; clip: rect(1px, 1px, 1px, 1px);\" title=\"\u00abLos Campos Formativos de la Educaci\u00f3n B\u00e1sica\u00bb \u2014 Web del Maestro CMF\" src=\"https:\/\/webdelmaestrocmf.com\/portal\/los-campos-formativos-de-la-educacion-basica\/embed\/#?secret=RjmGRRfhoM#?secret=8oqWTUu1G7\" data-secret=\"8oqWTUu1G7\" width=\"600\" height=\"338\" frameborder=\"0\" marginwidth=\"0\" marginheight=\"0\" scrolling=\"no\"><\/iframe><\/p>\n<p style=\"text-align: left;\"><strong>Este contenido ha sido publicado originalmente por Docentes al D\u00eda en la siguiente direcci\u00f3n: <a href=\"https:\/\/docentesaldia.com\/2023\/01\/31\/los-4-campos-formativos-del-nuevo-plan-de-estudios\/\" target=\"_blank\" rel=\"noopener\">docentesaldia.com<\/a><\/strong><\/p>\n<p style=\"text-align: center;\">Recomendamos a la Comunidad Educativa Digital tener en cuenta que, el enlace y\/o la carpeta en donde est\u00e1n alojados los libros, recursos y\/o materiales, no es administrado por la Web del Maestro CMF, pueda ser que en cuesti\u00f3n de d\u00edas (o seg\u00fan el tiempo transcurrido desde su publicaci\u00f3n), los enlaces no funcionen y el material ya no se encuentre disponible. Gracias por su comprensi\u00f3n.<\/p>\n<h3>ENLACE DE LECTURA:<\/h3>\n<p style=\"text-align: center;\">\u00a1Comparte y as\u00ed m\u00e1s docentes utilizar\u00e1n estos recursos\u00a0gratis! Muchas gracias.<\/p>\n<p style=\"text-align: center;\"><a href=\"https:\/\/drive.google.com\/file\/d\/1xumYGnuHtH90EUJRI1ylVd-4Z3Z1C2Nf\/view?usp=sharing\" target=\"_blank\" rel=\"noopener\">LOS CUATRO CAMPOS FORMATIVOS DEL NUEVO PLAN DE ESTUDIOS 2023<\/a><\/p>\n\t\t<div class=\"pk-inline-posts\">\n\t\t\t\n\t\t\t<div class=\"pk-inline-posts-container pk-inline-posts-template-list\"\n\t\t\t\tdata-columns=\"1\">\n\t\t\t\t\t\t<article id=\"post-118538\" class=\"post-118538 post type-post status-publish format-standard has-post-thumbnail category-descargas-manuales-pdf category-pedagogia category-tea tag-aprendizaje tag-aula tag-crisis-educativa tag-docentes tag-educacion-3 tag-escuela tag-pedagogia-3 tag-reflexion-docente-2 tag-rol-docente tag-sistema-educativo cs-entry cs-video-wrap\">\n\t\t\t<div class=\"pk-post-outer\">\n\n\t\t\t\t\t\t\t\t<div class=\"pk-post-inner\">\n\t\t\t\t\t<div class=\"entry-thumbnail\">\n\t\t\t\t\t\t<div class=\"pk-overlay pk-overlay-ratio pk-ratio-landscape\">\n\t\t\t\t\t\t\t<div class=\"pk-overlay-background\">\n\t\t\t\t\t\t\t\t<a href=\"https:\/\/webdelmaestrocmf.com\/portal\/nuevo-recurso-clave-para-el-aula-descarga-una-lista-de-control-para-la-deteccion-inicial-del-tea-trastorno-del-espectro-autista\/\" class=\"pk-overlay-link\">\n\t\t\t\t\t\t\t\t\t<img loading=\"lazy\" decoding=\"async\" width=\"300\" height=\"225\" src=\"https:\/\/webdelmaestrocmf.com\/portal\/wp-content\/uploads\/2026\/05\/1AA-Banner-1-portada-imagen-10-1-copia-1-300x225.webp\" class=\"attachment-pk-thumbnail size-pk-thumbnail wp-post-image\" alt=\"\" \/>\t\t\t\t\t\t\t\t<\/a>\n\t\t\t\t\t\t\t<\/div>\n\t\t\t\t\t\t<\/div>\n\t\t\t\t\t<\/div>\n\t\t\t\t<\/div>\n\t\t\t\t\n\t\t\t\t<div class=\"pk-post-inner\">\n\t\t\t\t\t<header>\n\t\t\t\t\t\t<h3 class=\"pk-title\"><a href=\"https:\/\/webdelmaestrocmf.com\/portal\/nuevo-recurso-clave-para-el-aula-descarga-una-lista-de-control-para-la-deteccion-inicial-del-tea-trastorno-del-espectro-autista\/\" rel=\"bookmark\">Nuevo recurso clave para el aula: descarga una lista de control para la detecci\u00f3n inicial del TEA (Trastorno del Espectro Autista)<\/a><\/h3>\t\t\t\t\t<\/header><!-- .entry-header -->\n\t\t\t\t<\/div><!-- .post-inner -->\n\n\t\t\t<\/div><!-- .post-outer -->\n\t\t<\/article>\n\t\t\t\t<\/div>\n\t\t<\/div>\n\t\t\n","protected":false},"excerpt":{"rendered":"El Plan de estudios de la Nueva Escuela Mexicana contempla dentro de su estructura cuatro campos formativos, los&hellip;","protected":false},"author":1,"featured_media":84736,"comment_status":"open","ping_status":"closed","sticky":false,"template":"","format":"standard","meta":{"csco_display_header_overlay":false,"csco_singular_sidebar":"","csco_page_header_type":"","csco_page_load_nextpost":"","csco_post_video_location":[],"csco_post_video_location_hash":"","csco_post_video_url":"","csco_post_video_bg_start_time":0,"csco_post_video_bg_end_time":0,"csco_post_video_bg_volume":false,"_jetpack_memberships_contains_paid_content":false,"footnotes":""},"categories":[2004,735],"tags":[14424,15190,1988,1212,3156,2096],"class_list":{"0":"post-84728","1":"post","2":"type-post","3":"status-publish","4":"format-standard","5":"has-post-thumbnail","7":"category-descargas-manuales-pdf","8":"category-pedagogia","9":"tag-14424","10":"tag-campos-formativos","11":"tag-cuatro","12":"tag-estudios","13":"tag-nuevo","14":"tag-plan","15":"cs-entry","16":"cs-video-wrap"},"yoast_head":"<!-- This site is optimized with the Yoast SEO plugin v27.5 - https:\/\/yoast.com\/product\/yoast-seo-wordpress\/ -->\n<title>Los cuatro Campos Formativos del nuevo Plan de Estudios 2023 - 2026<\/title>\n<meta name=\"description\" content=\"Comunidad de Maestros, Docentes y Profesores, en donde encontrar\u00e1s material, informaci\u00f3n y noticias del \u00e1mbito nacional y mundial.\" \/>\n<meta name=\"robots\" content=\"index, follow, max-snippet:-1, max-image-preview:large, max-video-preview:-1\" \/>\n<link rel=\"canonical\" href=\"https:\/\/webdelmaestrocmf.com\/portal\/los-cuatro-campos-formativos-del-nuevo-plan-de-estudios-2023\/\" \/>\n<meta property=\"og:locale\" content=\"es_ES\" \/>\n<meta property=\"og:type\" content=\"article\" \/>\n<meta property=\"og:title\" content=\"Los cuatro Campos Formativos del nuevo Plan de Estudios 2023 - 2026\" \/>\n<meta property=\"og:description\" content=\"Comunidad de Maestros, Docentes y Profesores, en donde encontrar\u00e1s material, informaci\u00f3n y noticias del \u00e1mbito nacional y mundial.\" \/>\n<meta property=\"og:url\" content=\"https:\/\/webdelmaestrocmf.com\/portal\/los-cuatro-campos-formativos-del-nuevo-plan-de-estudios-2023\/\" \/>\n<meta property=\"og:site_name\" content=\"Web del Maestro CMF\" \/>\n<meta property=\"article:publisher\" content=\"https:\/\/www.facebook.com\/WebdelMaestroCMF\/\" \/>\n<meta property=\"article:author\" content=\"https:\/\/www.facebook.com\/WebdelMaestroCMF\/\" \/>\n<meta property=\"article:published_time\" content=\"2023-02-24T22:09:13+00:00\" \/>\n<meta property=\"article:modified_time\" content=\"2023-02-25T13:50:10+00:00\" \/>\n<meta property=\"og:image\" content=\"https:\/\/i0.wp.com\/webdelmaestrocmf.com\/portal\/wp-content\/uploads\/2023\/02\/1ABCd-8.jpg?fit=900%2C556&ssl=1\" \/>\n\t<meta property=\"og:image:width\" content=\"900\" \/>\n\t<meta property=\"og:image:height\" content=\"556\" \/>\n\t<meta property=\"og:image:type\" content=\"image\/jpeg\" \/>\n<meta name=\"author\" content=\"Web del Maestro CMF\" \/>\n<meta name=\"twitter:card\" content=\"summary_large_image\" \/>\n<meta name=\"twitter:creator\" content=\"@cmf_w\" \/>\n<meta name=\"twitter:site\" content=\"@cmf_w\" \/>\n<script type=\"application\/ld+json\" class=\"yoast-schema-graph\">{\"@context\":\"https:\\\/\\\/schema.org\",\"@graph\":[{\"@type\":\"ScholarlyArticle\",\"@id\":\"https:\\\/\\\/webdelmaestrocmf.com\\\/portal\\\/los-cuatro-campos-formativos-del-nuevo-plan-de-estudios-2023\\\/#article\",\"isPartOf\":{\"@id\":\"https:\\\/\\\/webdelmaestrocmf.com\\\/portal\\\/los-cuatro-campos-formativos-del-nuevo-plan-de-estudios-2023\\\/\"},\"author\":{\"name\":\"Web del Maestro CMF\",\"@id\":\"https:\\\/\\\/webdelmaestrocmf.com\\\/portal\\\/#\\\/schema\\\/person\\\/1072a2ed7bd960df8ef99a551fa35dc5\"},\"headline\":\"Los cuatro Campos Formativos del nuevo Plan de Estudios 2023\",\"datePublished\":\"2023-02-24T22:09:13+00:00\",\"dateModified\":\"2023-02-25T13:50:10+00:00\",\"mainEntityOfPage\":{\"@id\":\"https:\\\/\\\/webdelmaestrocmf.com\\\/portal\\\/los-cuatro-campos-formativos-del-nuevo-plan-de-estudios-2023\\\/\"},\"wordCount\":972,\"commentCount\":0,\"publisher\":{\"@id\":\"https:\\\/\\\/webdelmaestrocmf.com\\\/portal\\\/#organization\"},\"image\":{\"@id\":\"https:\\\/\\\/webdelmaestrocmf.com\\\/portal\\\/los-cuatro-campos-formativos-del-nuevo-plan-de-estudios-2023\\\/#primaryimage\"},\"thumbnailUrl\":\"https:\\\/\\\/webdelmaestrocmf.com\\\/portal\\\/wp-content\\\/uploads\\\/2023\\\/02\\\/1ABCd-8.jpg\",\"keywords\":[\"2023\",\"Campos Formativos\",\"CUATRO\",\"ESTUDIOS\",\"NUEVO\",\"PLAN\"],\"articleSection\":[\"Descargas Manuales PDF\",\"Recursos\"],\"inLanguage\":\"es\",\"potentialAction\":[{\"@type\":\"CommentAction\",\"name\":\"Comment\",\"target\":[\"https:\\\/\\\/webdelmaestrocmf.com\\\/portal\\\/los-cuatro-campos-formativos-del-nuevo-plan-de-estudios-2023\\\/#respond\"]}]},{\"@type\":\"WebPage\",\"@id\":\"https:\\\/\\\/webdelmaestrocmf.com\\\/portal\\\/los-cuatro-campos-formativos-del-nuevo-plan-de-estudios-2023\\\/\",\"url\":\"https:\\\/\\\/webdelmaestrocmf.com\\\/portal\\\/los-cuatro-campos-formativos-del-nuevo-plan-de-estudios-2023\\\/\",\"name\":\"Los cuatro Campos Formativos del nuevo Plan de Estudios 2023 - 2026\",\"isPartOf\":{\"@id\":\"https:\\\/\\\/webdelmaestrocmf.com\\\/portal\\\/#website\"},\"primaryImageOfPage\":{\"@id\":\"https:\\\/\\\/webdelmaestrocmf.com\\\/portal\\\/los-cuatro-campos-formativos-del-nuevo-plan-de-estudios-2023\\\/#primaryimage\"},\"image\":{\"@id\":\"https:\\\/\\\/webdelmaestrocmf.com\\\/portal\\\/los-cuatro-campos-formativos-del-nuevo-plan-de-estudios-2023\\\/#primaryimage\"},\"thumbnailUrl\":\"https:\\\/\\\/webdelmaestrocmf.com\\\/portal\\\/wp-content\\\/uploads\\\/2023\\\/02\\\/1ABCd-8.jpg\",\"datePublished\":\"2023-02-24T22:09:13+00:00\",\"dateModified\":\"2023-02-25T13:50:10+00:00\",\"description\":\"Comunidad de Maestros, Docentes y Profesores, en donde encontrar\u00e1s material, informaci\u00f3n y noticias del \u00e1mbito nacional y mundial.\",\"breadcrumb\":{\"@id\":\"https:\\\/\\\/webdelmaestrocmf.com\\\/portal\\\/los-cuatro-campos-formativos-del-nuevo-plan-de-estudios-2023\\\/#breadcrumb\"},\"inLanguage\":\"es\",\"potentialAction\":[{\"@type\":\"ReadAction\",\"target\":[\"https:\\\/\\\/webdelmaestrocmf.com\\\/portal\\\/los-cuatro-campos-formativos-del-nuevo-plan-de-estudios-2023\\\/\"]}]},{\"@type\":\"ImageObject\",\"inLanguage\":\"es\",\"@id\":\"https:\\\/\\\/webdelmaestrocmf.com\\\/portal\\\/los-cuatro-campos-formativos-del-nuevo-plan-de-estudios-2023\\\/#primaryimage\",\"url\":\"https:\\\/\\\/webdelmaestrocmf.com\\\/portal\\\/wp-content\\\/uploads\\\/2023\\\/02\\\/1ABCd-8.jpg\",\"contentUrl\":\"https:\\\/\\\/webdelmaestrocmf.com\\\/portal\\\/wp-content\\\/uploads\\\/2023\\\/02\\\/1ABCd-8.jpg\",\"width\":900,\"height\":556},{\"@type\":\"BreadcrumbList\",\"@id\":\"https:\\\/\\\/webdelmaestrocmf.com\\\/portal\\\/los-cuatro-campos-formativos-del-nuevo-plan-de-estudios-2023\\\/#breadcrumb\",\"itemListElement\":[{\"@type\":\"ListItem\",\"position\":1,\"name\":\"Portada\",\"item\":\"https:\\\/\\\/webdelmaestrocmf.com\\\/portal\\\/\"},{\"@type\":\"ListItem\",\"position\":2,\"name\":\"Recursos\",\"item\":\"https:\\\/\\\/webdelmaestrocmf.com\\\/portal\\\/category\\\/pedagogia\\\/\"},{\"@type\":\"ListItem\",\"position\":3,\"name\":\"Los cuatro Campos Formativos del nuevo Plan de Estudios 2023\"}]},{\"@type\":\"WebSite\",\"@id\":\"https:\\\/\\\/webdelmaestrocmf.com\\\/portal\\\/#website\",\"url\":\"https:\\\/\\\/webdelmaestrocmf.com\\\/portal\\\/\",\"name\":\"Web del Maestro CMF\",\"description\":\"Maestros al servicio de la educaci\u00f3n\",\"publisher\":{\"@id\":\"https:\\\/\\\/webdelmaestrocmf.com\\\/portal\\\/#organization\"},\"alternateName\":\"WMCMF\",\"potentialAction\":[{\"@type\":\"SearchAction\",\"target\":{\"@type\":\"EntryPoint\",\"urlTemplate\":\"https:\\\/\\\/webdelmaestrocmf.com\\\/portal\\\/?s={search_term_string}\"},\"query-input\":{\"@type\":\"PropertyValueSpecification\",\"valueRequired\":true,\"valueName\":\"search_term_string\"}}],\"inLanguage\":\"es\"},{\"@type\":\"Organization\",\"@id\":\"https:\\\/\\\/webdelmaestrocmf.com\\\/portal\\\/#organization\",\"name\":\"Web del Maestro CMF\",\"alternateName\":\"WMCMF\",\"url\":\"https:\\\/\\\/webdelmaestrocmf.com\\\/portal\\\/\",\"logo\":{\"@type\":\"ImageObject\",\"inLanguage\":\"es\",\"@id\":\"https:\\\/\\\/webdelmaestrocmf.com\\\/portal\\\/#\\\/schema\\\/logo\\\/image\\\/\",\"url\":\"https:\\\/\\\/webdelmaestrocmf.com\\\/portal\\\/wp-content\\\/uploads\\\/2023\\\/01\\\/logo-wmcmf-2.png\",\"contentUrl\":\"https:\\\/\\\/webdelmaestrocmf.com\\\/portal\\\/wp-content\\\/uploads\\\/2023\\\/01\\\/logo-wmcmf-2.png\",\"width\":200,\"height\":60,\"caption\":\"Web del Maestro CMF\"},\"image\":{\"@id\":\"https:\\\/\\\/webdelmaestrocmf.com\\\/portal\\\/#\\\/schema\\\/logo\\\/image\\\/\"},\"sameAs\":[\"https:\\\/\\\/www.facebook.com\\\/WebdelMaestroCMF\\\/\",\"https:\\\/\\\/x.com\\\/cmf_w\",\"https:\\\/\\\/www.pinterest.com\\\/WMCMF\\\/\",\"https:\\\/\\\/www.linkedin.com\\\/company\\\/web-del-maestro-cmf\\\/\",\"https:\\\/\\\/www.instagram.com\\\/wmcmf\\\/\",\"https:\\\/\\\/www.youtube.com\\\/channel\\\/UCDPSvjbdodE5sHnC3OxutHw\",\"https:\\\/\\\/mastodon.social\\\/@wmcmf\",\"https:\\\/\\\/www.tiktok.com\\\/@webdelmaestrocmf\"]},{\"@type\":\"Person\",\"@id\":\"https:\\\/\\\/webdelmaestrocmf.com\\\/portal\\\/#\\\/schema\\\/person\\\/1072a2ed7bd960df8ef99a551fa35dc5\",\"name\":\"Web del Maestro CMF\",\"image\":{\"@type\":\"ImageObject\",\"inLanguage\":\"es\",\"@id\":\"https:\\\/\\\/secure.gravatar.com\\\/avatar\\\/23291dd5b5ae1077dcff3dbb04c3e02bd28403fa75af6d8787d5e97c5bbbe30b?s=96&d=mm&r=g\",\"url\":\"https:\\\/\\\/secure.gravatar.com\\\/avatar\\\/23291dd5b5ae1077dcff3dbb04c3e02bd28403fa75af6d8787d5e97c5bbbe30b?s=96&d=mm&r=g\",\"contentUrl\":\"https:\\\/\\\/secure.gravatar.com\\\/avatar\\\/23291dd5b5ae1077dcff3dbb04c3e02bd28403fa75af6d8787d5e97c5bbbe30b?s=96&d=mm&r=g\",\"caption\":\"Web del Maestro CMF\"},\"description\":\"Esta Web se cre\u00f3 sin fines de lucro, con fines educativos, cient\u00edficos y acad\u00e9micos, para personas que tengan dificultades y\\\/o inconvenientes en visualizar el material original. El objetivo es entregar recursos, compartir experiencias y materiales que ayuden a los padres de familia, maestros y estudiantes en su actualizaci\u00f3n y formaci\u00f3n permanente, en bien de la Educaci\u00f3n.\",\"sameAs\":[\"http:\\\/\\\/webdelmaestrocmf.com\\\/portal\",\"https:\\\/\\\/www.facebook.com\\\/WebdelMaestroCMF\\\/\",\"https:\\\/\\\/www.instagram.com\\\/wmcmf\\\/\",\"https:\\\/\\\/cl.linkedin.com\\\/company\\\/web-del-maestro-cmf\",\"https:\\\/\\\/www.pinterest.com\\\/WMCMF\\\/publicaciones\\\/\",\"https:\\\/\\\/x.com\\\/cmf_w\",\"https:\\\/\\\/www.youtube.com\\\/@WMCMF\"]}]}<\/script>\n<!-- \/ Yoast SEO plugin. -->","yoast_head_json":{"title":"Los cuatro Campos Formativos del nuevo Plan de Estudios 2023 - 2026","description":"Comunidad de Maestros, Docentes y Profesores, en donde encontrar\u00e1s material, informaci\u00f3n y noticias del \u00e1mbito nacional y mundial.","robots":{"index":"index","follow":"follow","max-snippet":"max-snippet:-1","max-image-preview":"max-image-preview:large","max-video-preview":"max-video-preview:-1"},"canonical":"https:\/\/webdelmaestrocmf.com\/portal\/los-cuatro-campos-formativos-del-nuevo-plan-de-estudios-2023\/","og_locale":"es_ES","og_type":"article","og_title":"Los cuatro Campos Formativos del nuevo Plan de Estudios 2023 - 2026","og_description":"Comunidad de Maestros, Docentes y Profesores, en donde encontrar\u00e1s material, informaci\u00f3n y noticias del \u00e1mbito nacional y mundial.","og_url":"https:\/\/webdelmaestrocmf.com\/portal\/los-cuatro-campos-formativos-del-nuevo-plan-de-estudios-2023\/","og_site_name":"Web del Maestro CMF","article_publisher":"https:\/\/www.facebook.com\/WebdelMaestroCMF\/","article_author":"https:\/\/www.facebook.com\/WebdelMaestroCMF\/","article_published_time":"2023-02-24T22:09:13+00:00","article_modified_time":"2023-02-25T13:50:10+00:00","og_image":[{"width":900,"height":556,"url":"https:\/\/i0.wp.com\/webdelmaestrocmf.com\/portal\/wp-content\/uploads\/2023\/02\/1ABCd-8.jpg?fit=900%2C556&ssl=1","type":"image\/jpeg"}],"author":"Web del Maestro CMF","twitter_card":"summary_large_image","twitter_creator":"@cmf_w","twitter_site":"@cmf_w","schema":{"@context":"https:\/\/schema.org","@graph":[{"@type":"ScholarlyArticle","@id":"https:\/\/webdelmaestrocmf.com\/portal\/los-cuatro-campos-formativos-del-nuevo-plan-de-estudios-2023\/#article","isPartOf":{"@id":"https:\/\/webdelmaestrocmf.com\/portal\/los-cuatro-campos-formativos-del-nuevo-plan-de-estudios-2023\/"},"author":{"name":"Web del Maestro CMF","@id":"https:\/\/webdelmaestrocmf.com\/portal\/#\/schema\/person\/1072a2ed7bd960df8ef99a551fa35dc5"},"headline":"Los cuatro Campos Formativos del nuevo Plan de Estudios 2023","datePublished":"2023-02-24T22:09:13+00:00","dateModified":"2023-02-25T13:50:10+00:00","mainEntityOfPage":{"@id":"https:\/\/webdelmaestrocmf.com\/portal\/los-cuatro-campos-formativos-del-nuevo-plan-de-estudios-2023\/"},"wordCount":972,"commentCount":0,"publisher":{"@id":"https:\/\/webdelmaestrocmf.com\/portal\/#organization"},"image":{"@id":"https:\/\/webdelmaestrocmf.com\/portal\/los-cuatro-campos-formativos-del-nuevo-plan-de-estudios-2023\/#primaryimage"},"thumbnailUrl":"https:\/\/webdelmaestrocmf.com\/portal\/wp-content\/uploads\/2023\/02\/1ABCd-8.jpg","keywords":["2023","Campos Formativos","CUATRO","ESTUDIOS","NUEVO","PLAN"],"articleSection":["Descargas Manuales PDF","Recursos"],"inLanguage":"es","potentialAction":[{"@type":"CommentAction","name":"Comment","target":["https:\/\/webdelmaestrocmf.com\/portal\/los-cuatro-campos-formativos-del-nuevo-plan-de-estudios-2023\/#respond"]}]},{"@type":"WebPage","@id":"https:\/\/webdelmaestrocmf.com\/portal\/los-cuatro-campos-formativos-del-nuevo-plan-de-estudios-2023\/","url":"https:\/\/webdelmaestrocmf.com\/portal\/los-cuatro-campos-formativos-del-nuevo-plan-de-estudios-2023\/","name":"Los cuatro Campos Formativos del nuevo Plan de Estudios 2023 - 2026","isPartOf":{"@id":"https:\/\/webdelmaestrocmf.com\/portal\/#website"},"primaryImageOfPage":{"@id":"https:\/\/webdelmaestrocmf.com\/portal\/los-cuatro-campos-formativos-del-nuevo-plan-de-estudios-2023\/#primaryimage"},"image":{"@id":"https:\/\/webdelmaestrocmf.com\/portal\/los-cuatro-campos-formativos-del-nuevo-plan-de-estudios-2023\/#primaryimage"},"thumbnailUrl":"https:\/\/webdelmaestrocmf.com\/portal\/wp-content\/uploads\/2023\/02\/1ABCd-8.jpg","datePublished":"2023-02-24T22:09:13+00:00","dateModified":"2023-02-25T13:50:10+00:00","description":"Comunidad de Maestros, Docentes y Profesores, en donde encontrar\u00e1s material, informaci\u00f3n y noticias del \u00e1mbito nacional y mundial.","breadcrumb":{"@id":"https:\/\/webdelmaestrocmf.com\/portal\/los-cuatro-campos-formativos-del-nuevo-plan-de-estudios-2023\/#breadcrumb"},"inLanguage":"es","potentialAction":[{"@type":"ReadAction","target":["https:\/\/webdelmaestrocmf.com\/portal\/los-cuatro-campos-formativos-del-nuevo-plan-de-estudios-2023\/"]}]},{"@type":"ImageObject","inLanguage":"es","@id":"https:\/\/webdelmaestrocmf.com\/portal\/los-cuatro-campos-formativos-del-nuevo-plan-de-estudios-2023\/#primaryimage","url":"https:\/\/webdelmaestrocmf.com\/portal\/wp-content\/uploads\/2023\/02\/1ABCd-8.jpg","contentUrl":"https:\/\/webdelmaestrocmf.com\/portal\/wp-content\/uploads\/2023\/02\/1ABCd-8.jpg","width":900,"height":556},{"@type":"BreadcrumbList","@id":"https:\/\/webdelmaestrocmf.com\/portal\/los-cuatro-campos-formativos-del-nuevo-plan-de-estudios-2023\/#breadcrumb","itemListElement":[{"@type":"ListItem","position":1,"name":"Portada","item":"https:\/\/webdelmaestrocmf.com\/portal\/"},{"@type":"ListItem","position":2,"name":"Recursos","item":"https:\/\/webdelmaestrocmf.com\/portal\/category\/pedagogia\/"},{"@type":"ListItem","position":3,"name":"Los cuatro Campos Formativos del nuevo Plan de Estudios 2023"}]},{"@type":"WebSite","@id":"https:\/\/webdelmaestrocmf.com\/portal\/#website","url":"https:\/\/webdelmaestrocmf.com\/portal\/","name":"Web del Maestro CMF","description":"Maestros al servicio de la educaci\u00f3n","publisher":{"@id":"https:\/\/webdelmaestrocmf.com\/portal\/#organization"},"alternateName":"WMCMF","potentialAction":[{"@type":"SearchAction","target":{"@type":"EntryPoint","urlTemplate":"https:\/\/webdelmaestrocmf.com\/portal\/?s={search_term_string}"},"query-input":{"@type":"PropertyValueSpecification","valueRequired":true,"valueName":"search_term_string"}}],"inLanguage":"es"},{"@type":"Organization","@id":"https:\/\/webdelmaestrocmf.com\/portal\/#organization","name":"Web del Maestro CMF","alternateName":"WMCMF","url":"https:\/\/webdelmaestrocmf.com\/portal\/","logo":{"@type":"ImageObject","inLanguage":"es","@id":"https:\/\/webdelmaestrocmf.com\/portal\/#\/schema\/logo\/image\/","url":"https:\/\/webdelmaestrocmf.com\/portal\/wp-content\/uploads\/2023\/01\/logo-wmcmf-2.png","contentUrl":"https:\/\/webdelmaestrocmf.com\/portal\/wp-content\/uploads\/2023\/01\/logo-wmcmf-2.png","width":200,"height":60,"caption":"Web del Maestro CMF"},"image":{"@id":"https:\/\/webdelmaestrocmf.com\/portal\/#\/schema\/logo\/image\/"},"sameAs":["https:\/\/www.facebook.com\/WebdelMaestroCMF\/","https:\/\/x.com\/cmf_w","https:\/\/www.pinterest.com\/WMCMF\/","https:\/\/www.linkedin.com\/company\/web-del-maestro-cmf\/","https:\/\/www.instagram.com\/wmcmf\/","https:\/\/www.youtube.com\/channel\/UCDPSvjbdodE5sHnC3OxutHw","https:\/\/mastodon.social\/@wmcmf","https:\/\/www.tiktok.com\/@webdelmaestrocmf"]},{"@type":"Person","@id":"https:\/\/webdelmaestrocmf.com\/portal\/#\/schema\/person\/1072a2ed7bd960df8ef99a551fa35dc5","name":"Web del Maestro CMF","image":{"@type":"ImageObject","inLanguage":"es","@id":"https:\/\/secure.gravatar.com\/avatar\/23291dd5b5ae1077dcff3dbb04c3e02bd28403fa75af6d8787d5e97c5bbbe30b?s=96&d=mm&r=g","url":"https:\/\/secure.gravatar.com\/avatar\/23291dd5b5ae1077dcff3dbb04c3e02bd28403fa75af6d8787d5e97c5bbbe30b?s=96&d=mm&r=g","contentUrl":"https:\/\/secure.gravatar.com\/avatar\/23291dd5b5ae1077dcff3dbb04c3e02bd28403fa75af6d8787d5e97c5bbbe30b?s=96&d=mm&r=g","caption":"Web del Maestro CMF"},"description":"Esta Web se cre\u00f3 sin fines de lucro, con fines educativos, cient\u00edficos y acad\u00e9micos, para personas que tengan dificultades y\/o inconvenientes en visualizar el material original. El objetivo es entregar recursos, compartir experiencias y materiales que ayuden a los padres de familia, maestros y estudiantes en su actualizaci\u00f3n y formaci\u00f3n permanente, en bien de la Educaci\u00f3n.","sameAs":["http:\/\/webdelmaestrocmf.com\/portal","https:\/\/www.facebook.com\/WebdelMaestroCMF\/","https:\/\/www.instagram.com\/wmcmf\/","https:\/\/cl.linkedin.com\/company\/web-del-maestro-cmf","https:\/\/www.pinterest.com\/WMCMF\/publicaciones\/","https:\/\/x.com\/cmf_w","https:\/\/www.youtube.com\/@WMCMF"]}]}},"jetpack_featured_media_url":"https:\/\/webdelmaestrocmf.com\/portal\/wp-content\/uploads\/2023\/02\/1ABCd-8.jpg","jetpack_sharing_enabled":true,"jetpack-related-posts":[{"id":103831,"url":"https:\/\/webdelmaestrocmf.com\/portal\/plan-de-estudios-2022-en-el-marco-de-la-nem\/","url_meta":{"origin":84728,"position":0},"title":"Plan de estudios 2022 en el Marco de la NEM","author":"Web del Maestro CMF","date":"14 febrero, 2024","format":false,"excerpt":"El Plan de Estudios 2022, implementado en el marco de la Nueva Escuela Mexicana (NEM), representa una transformaci\u00f3n significativa en la educaci\u00f3n mexicana. Este plan busca formar ciudadanos cr\u00edticos, creativos, responsables y solidarios, capaces de enfrentar los desaf\u00edos del siglo XXI. Art\u00edculo relacionado:\u00a0Los campos de formaci\u00f3n para la Educaci\u00f3n B\u00e1sica\u2026","rel":"","context":"En \u00abDescargas Manuales PDF\u00bb","block_context":{"text":"Descargas Manuales PDF","link":"https:\/\/webdelmaestrocmf.com\/portal\/category\/pedagogia\/descargas-manuales-pdf\/"},"img":{"alt_text":"plan de estudios","src":"https:\/\/i0.wp.com\/webdelmaestrocmf.com\/portal\/wp-content\/uploads\/2024\/02\/Banner-1-portada-imagen-10-1-17.jpg?resize=350%2C200&ssl=1","width":350,"height":200,"srcset":"https:\/\/i0.wp.com\/webdelmaestrocmf.com\/portal\/wp-content\/uploads\/2024\/02\/Banner-1-portada-imagen-10-1-17.jpg?resize=350%2C200&ssl=1 1x, https:\/\/i0.wp.com\/webdelmaestrocmf.com\/portal\/wp-content\/uploads\/2024\/02\/Banner-1-portada-imagen-10-1-17.jpg?resize=525%2C300&ssl=1 1.5x, https:\/\/i0.wp.com\/webdelmaestrocmf.com\/portal\/wp-content\/uploads\/2024\/02\/Banner-1-portada-imagen-10-1-17.jpg?resize=700%2C400&ssl=1 2x"},"classes":[]},{"id":86152,"url":"https:\/\/webdelmaestrocmf.com\/portal\/campo-formativo-saberes-y-pensamiento-cientifico-resumen\/","url_meta":{"origin":84728,"position":1},"title":"Campo Formativo Saberes y Pensamiento Cient\u00edfico: Resumen","author":"Web del Maestro CMF","date":"24 marzo, 2023","format":false,"excerpt":"El Plan de Estudios de la Nueva Escuela Mexicana integra el Campo Formativo Saberes y Pensamiento Cient\u00edfico, con el cual se busca favorecer el desarrollo de conocimientos para la comprensi\u00f3n y transformaci\u00f3n del entorno. Si quieres saber m\u00e1s de este Campo, en seguida te compartimos un\u00a0resumen\u00a0con las generalidades y las\u2026","rel":"","context":"En \u00abDescargas Manuales PDF\u00bb","block_context":{"text":"Descargas Manuales PDF","link":"https:\/\/webdelmaestrocmf.com\/portal\/category\/pedagogia\/descargas-manuales-pdf\/"},"img":{"alt_text":"Cient\u00edfico","src":"https:\/\/i0.wp.com\/webdelmaestrocmf.com\/portal\/wp-content\/uploads\/2023\/03\/A12B3C4D-24-1.jpg?resize=350%2C200&ssl=1","width":350,"height":200,"srcset":"https:\/\/i0.wp.com\/webdelmaestrocmf.com\/portal\/wp-content\/uploads\/2023\/03\/A12B3C4D-24-1.jpg?resize=350%2C200&ssl=1 1x, https:\/\/i0.wp.com\/webdelmaestrocmf.com\/portal\/wp-content\/uploads\/2023\/03\/A12B3C4D-24-1.jpg?resize=525%2C300&ssl=1 1.5x, https:\/\/i0.wp.com\/webdelmaestrocmf.com\/portal\/wp-content\/uploads\/2023\/03\/A12B3C4D-24-1.jpg?resize=700%2C400&ssl=1 2x"},"classes":[]},{"id":83447,"url":"https:\/\/webdelmaestrocmf.com\/portal\/cuales-son-los-ejes-articuladores-del-plan-de-estudios\/","url_meta":{"origin":84728,"position":2},"title":"\u00bfCu\u00e1les son los Ejes Articuladores del Plan de Estudios?","author":"Web del Maestro CMF","date":"29 enero, 2023","format":false,"excerpt":"Los ejes articuladores son puntos de encuentro entre la did\u00e1ctica del profesor y la profesora con el saber de la vida cotidiana de las y los estudiantes. Una sugerencia que se plantea en las Orientaciones para la Tercera Sesi\u00f3n Ordinaria de Consejo T\u00e9cnico Escolar y el Taller Intensivo de Formaci\u00f3n\u2026","rel":"","context":"En \u00abDescargas Manuales PDF\u00bb","block_context":{"text":"Descargas Manuales PDF","link":"https:\/\/webdelmaestrocmf.com\/portal\/category\/pedagogia\/descargas-manuales-pdf\/"},"img":{"alt_text":"","src":"https:\/\/i0.wp.com\/webdelmaestrocmf.com\/portal\/wp-content\/uploads\/2023\/01\/1a-1.jpeg?resize=350%2C200&ssl=1","width":350,"height":200,"srcset":"https:\/\/i0.wp.com\/webdelmaestrocmf.com\/portal\/wp-content\/uploads\/2023\/01\/1a-1.jpeg?resize=350%2C200&ssl=1 1x, https:\/\/i0.wp.com\/webdelmaestrocmf.com\/portal\/wp-content\/uploads\/2023\/01\/1a-1.jpeg?resize=525%2C300&ssl=1 1.5x, https:\/\/i0.wp.com\/webdelmaestrocmf.com\/portal\/wp-content\/uploads\/2023\/01\/1a-1.jpeg?resize=700%2C400&ssl=1 2x"},"classes":[]},{"id":61188,"url":"https:\/\/webdelmaestrocmf.com\/portal\/los-campos-de-formacion-para-la-educacion-basica-y-sus-finalidades\/","url_meta":{"origin":84728,"position":3},"title":"Los campos de formaci\u00f3n para la Educaci\u00f3n B\u00e1sica y sus finalidades","author":"Web del Maestro CMF","date":"30 marzo, 2021","format":false,"excerpt":"La educaci\u00f3n b\u00e1sica, a trav\u00e9s de sus tres niveles educativos, plantea propuestas formativas que contribuyen con el desarrollo de competencias a partir del logro de los est\u00e1ndares curriculares y los aprendizajes esperados. Las propuestas formativas constituyen una diversidad de oportunidades que se articulan y distribuyen a lo largo de la\u2026","rel":"","context":"En \u00abPedagog\u00eda\u00bb","block_context":{"text":"Pedagog\u00eda","link":"https:\/\/webdelmaestrocmf.com\/portal\/category\/pedagogia\/educacion-pedagogia\/"},"img":{"alt_text":"Educaci\u00f3n B\u00e1sica","src":"https:\/\/i0.wp.com\/webdelmaestrocmf.com\/portal\/wp-content\/uploads\/2021\/03\/1-162.jpg?resize=350%2C200&ssl=1","width":350,"height":200,"srcset":"https:\/\/i0.wp.com\/webdelmaestrocmf.com\/portal\/wp-content\/uploads\/2021\/03\/1-162.jpg?resize=350%2C200&ssl=1 1x, https:\/\/i0.wp.com\/webdelmaestrocmf.com\/portal\/wp-content\/uploads\/2021\/03\/1-162.jpg?resize=525%2C300&ssl=1 1.5x, https:\/\/i0.wp.com\/webdelmaestrocmf.com\/portal\/wp-content\/uploads\/2021\/03\/1-162.jpg?resize=700%2C400&ssl=1 2x, https:\/\/i0.wp.com\/webdelmaestrocmf.com\/portal\/wp-content\/uploads\/2021\/03\/1-162.jpg?resize=1050%2C600&ssl=1 3x"},"classes":[]},{"id":90972,"url":"https:\/\/webdelmaestrocmf.com\/portal\/programa-sintetico-preescolar-fase-2-para-1%e2%81%b0-2o-y-3%e2%81%b0-grado\/","url_meta":{"origin":84728,"position":4},"title":"Programa sint\u00e9tico preescolar fase 2 para 1\u2070, 2\u00ba Y 3\u2070 grado","author":"Web del Maestro CMF","date":"24 julio, 2023","format":false,"excerpt":"Este programa parte del reconocimiento de la profesionalidad de las y los docentes, quienes a trav\u00e9s de su formaci\u00f3n pedag\u00f3gica y de las experiencias que han vivido durante su paso por el sistema educativo, les permiten comprender, interpretar, pero sobre todo construir estrategias para trabajar con sus estudiantes en situaciones\u2026","rel":"","context":"En \u00abPrograma sinetico\u00bb","block_context":{"text":"Programa sinetico","link":"https:\/\/webdelmaestrocmf.com\/portal\/category\/pedagogia\/programa-sinetico\/"},"img":{"alt_text":"","src":"https:\/\/i0.wp.com\/webdelmaestrocmf.com\/portal\/wp-content\/uploads\/2023\/07\/A12B3C4D-1-2.jpg?resize=350%2C200&ssl=1","width":350,"height":200,"srcset":"https:\/\/i0.wp.com\/webdelmaestrocmf.com\/portal\/wp-content\/uploads\/2023\/07\/A12B3C4D-1-2.jpg?resize=350%2C200&ssl=1 1x, https:\/\/i0.wp.com\/webdelmaestrocmf.com\/portal\/wp-content\/uploads\/2023\/07\/A12B3C4D-1-2.jpg?resize=525%2C300&ssl=1 1.5x, https:\/\/i0.wp.com\/webdelmaestrocmf.com\/portal\/wp-content\/uploads\/2023\/07\/A12B3C4D-1-2.jpg?resize=700%2C400&ssl=1 2x"},"classes":[]},{"id":82398,"url":"https:\/\/webdelmaestrocmf.com\/portal\/propuesta-didactica-codiseno-del-programa-analitico-para-el-taller-intensivo-de-formacion-continua-para-docentes-del-3-al-6-de-enero-de-2023\/","url_meta":{"origin":84728,"position":5},"title":"Propuesta did\u00e1ctica codise\u00f1o del Programa Anal\u00edtico para el Taller Intensivo de Formaci\u00f3n Continua para docentes","author":"Web del Maestro CMF","date":"5 enero, 2023","format":false,"excerpt":"El mandato popular expresado en las elecciones de 2018 instal\u00f3 un gobierno cuyo actuar est\u00e1 orientado a la transformaci\u00f3n de la vida p\u00fablica nacional que, en el campo de la educaci\u00f3n, deriv\u00f3 en la construcci\u00f3n de la Nueva Escuela Mexicana. En esta, ustedes son agentes fundamentales del proceso educativo y\u2026","rel":"","context":"En \u00abDescargas Manuales PDF\u00bb","block_context":{"text":"Descargas Manuales PDF","link":"https:\/\/webdelmaestrocmf.com\/portal\/category\/pedagogia\/descargas-manuales-pdf\/"},"img":{"alt_text":"","src":"https:\/\/i0.wp.com\/webdelmaestrocmf.com\/portal\/wp-content\/uploads\/2023\/01\/1-26.jpg?resize=350%2C200&ssl=1","width":350,"height":200,"srcset":"https:\/\/i0.wp.com\/webdelmaestrocmf.com\/portal\/wp-content\/uploads\/2023\/01\/1-26.jpg?resize=350%2C200&ssl=1 1x, https:\/\/i0.wp.com\/webdelmaestrocmf.com\/portal\/wp-content\/uploads\/2023\/01\/1-26.jpg?resize=525%2C300&ssl=1 1.5x, https:\/\/i0.wp.com\/webdelmaestrocmf.com\/portal\/wp-content\/uploads\/2023\/01\/1-26.jpg?resize=700%2C400&ssl=1 2x"},"classes":[]}],"_links":{"self":[{"href":"https:\/\/webdelmaestrocmf.com\/portal\/wp-json\/wp\/v2\/posts\/84728","targetHints":{"allow":["GET"]}}],"collection":[{"href":"https:\/\/webdelmaestrocmf.com\/portal\/wp-json\/wp\/v2\/posts"}],"about":[{"href":"https:\/\/webdelmaestrocmf.com\/portal\/wp-json\/wp\/v2\/types\/post"}],"author":[{"embeddable":true,"href":"https:\/\/webdelmaestrocmf.com\/portal\/wp-json\/wp\/v2\/users\/1"}],"replies":[{"embeddable":true,"href":"https:\/\/webdelmaestrocmf.com\/portal\/wp-json\/wp\/v2\/comments?post=84728"}],"version-history":[{"count":0,"href":"https:\/\/webdelmaestrocmf.com\/portal\/wp-json\/wp\/v2\/posts\/84728\/revisions"}],"wp:featuredmedia":[{"embeddable":true,"href":"https:\/\/webdelmaestrocmf.com\/portal\/wp-json\/wp\/v2\/media\/84736"}],"wp:attachment":[{"href":"https:\/\/webdelmaestrocmf.com\/portal\/wp-json\/wp\/v2\/media?parent=84728"}],"wp:term":[{"taxonomy":"category","embeddable":true,"href":"https:\/\/webdelmaestrocmf.com\/portal\/wp-json\/wp\/v2\/categories?post=84728"},{"taxonomy":"post_tag","embeddable":true,"href":"https:\/\/webdelmaestrocmf.com\/portal\/wp-json\/wp\/v2\/tags?post=84728"}],"curies":[{"name":"wp","href":"https:\/\/api.w.org\/{rel}","templated":true}]}}