{"id":84709,"date":"2023-02-23T23:07:18","date_gmt":"2023-02-24T02:07:18","guid":{"rendered":"https:\/\/webdelmaestrocmf.com\/portal\/?p=84709"},"modified":"2023-02-25T21:55:41","modified_gmt":"2023-02-26T00:55:41","slug":"capacidades-y-desempenos-por-areas-2023-minedu","status":"publish","type":"post","link":"https:\/\/webdelmaestrocmf.com\/portal\/capacidades-y-desempenos-por-areas-2023-minedu\/","title":{"rendered":"Capacidades y Desempe\u00f1os por \u00c1reas 2023 &#8211; MINEDU"},"content":{"rendered":"<h5 style=\"text-align: justify;\">El Curr\u00edculo Nacional de la Educaci\u00f3n B\u00e1sica que presentamos establece los aprendizajes que se espera logren los estudiantes como resultado de su formaci\u00f3n b\u00e1sica, en concordancia con los fines y principios de la educaci\u00f3n peruana, el Proyecto Educativo Nacional y los objetivos de la Educaci\u00f3n B\u00e1sica.<\/h5>\n<p><!--more--><\/p>\n<h5 style=\"text-align: justify;\">En ese sentido, el Curr\u00edculo Nacional de la Educaci\u00f3n B\u00e1sica prioriza los valores y la educaci\u00f3n ciudadana de los estudiantes para poner en ejercicio sus derechos y deberes, as\u00ed como el desarrollo de competencias que les permitan responder a las demandas de nuestro tiempo apuntando al desarrollo sostenible, asociadas al manejo del ingl\u00e9s, la educaci\u00f3n para el trabajo y las TIC, adem\u00e1s de apostar por una formaci\u00f3n integral que fortalezca los aprendizajes vinculados al arte y la cultura, la educaci\u00f3n f\u00edsica para la salud, en una perspectiva intercultural, ambiental e inclusiva que respeta las caracter\u00edsticas de los estudiantes, sus intereses y aptitudes.<\/h5>\n<p style=\"text-align: justify;\">Las capacidades son recursos para actuar de manera competente. Estos recursos son los conocimientos, habilidades y actitudes que los estudiantes utilizan para afrontar una situaci\u00f3n determinada. Estas capacidades suponen operaciones menores implicadas en las competencias, que son operaciones m\u00e1s complejas.<\/p>\n<p style=\"text-align: justify;\">Los Desempe\u00f1os son descripciones espec\u00edficas de lo que hacen los estudiantes respecto a los niveles de desarrollo de las competencias (est\u00e1ndares de aprendizaje). Son observables en una diversidad de situaciones o contextos. No tienen car\u00e1cter exhaustivo, m\u00e1s bien ilustran actuaciones que los estudiantes demuestran cuando est\u00e1n en proceso de alcanzar el nivel esperado de la competencia o cuando han logrado este nivel.<\/p>\n<p>Taxonom\u00eda de Capacidades y Desempe\u00f1os:<\/p>\n<ul>\n<li>Expresi\u00f3n y comprensi\u00f3n oral<\/li>\n<li>Comprensi\u00f3n de textos<\/li>\n<li>Producci\u00f3n de textos<\/li>\n<\/ul>\n<p><iframe loading=\"lazy\" src=\"https:\/\/drive.google.com\/file\/d\/1RE3WTeEJTM44QZ-S3aj0Z_6wp0CXdpCf\/preview\" width=\"100%\" height=\"600\"><span data-mce-type=\"bookmark\" style=\"display: inline-block; width: 0px; overflow: hidden; line-height: 0;\" class=\"mce_SELRES_start\">\ufeff<\/span><\/iframe><\/p>\n<p>&nbsp;<\/p>\n<p style=\"text-align: center;\">Recomendamos a la Comunidad Educativa Digital tener en cuenta que, el enlace y\/o la carpeta en donde est\u00e1n alojados los libros, recursos y\/o materiales, no es administrado por la Web del Maestro CMF, pueda ser que en cuesti\u00f3n de d\u00edas (o seg\u00fan el tiempo transcurrido desde su publicaci\u00f3n), los enlaces no funcionen y el material ya no se encuentre disponible. Gracias por su comprensi\u00f3n.<\/p>\n<h3>ENLACE DE LECTURA:<\/h3>\n<p style=\"text-align: center;\">Comparte y as\u00ed m\u00e1s docentes utilizaron estos recursos gratis! Muchas gracias.<\/p>\n<p style=\"text-align: center;\"><a href=\"https:\/\/mega.nz\/folder\/3yoSkbYC#6hws6B2x2SANIef0A3mCiA\" target=\"_blank\" rel=\"noopener\">CAPACIDADES Y DESEMPE\u00d1OS POR AREAS 2023 \u2013 MINEDU<\/a><\/p>\n\t\t<div class=\"pk-inline-posts\">\n\t\t\t\n\t\t\t<div class=\"pk-inline-posts-container pk-inline-posts-template-list\"\n\t\t\t\tdata-columns=\"1\">\n\t\t\t\t\t\t<article id=\"post-108026\" class=\"post-108026 post type-post status-publish format-standard has-post-thumbnail category-descargas-manuales-pdf category-pedagogia tag-docentes tag-guia tag-implementar tag-transversalidad cs-entry cs-video-wrap\">\n\t\t\t<div class=\"pk-post-outer\">\n\n\t\t\t\t\t\t\t\t<div class=\"pk-post-inner\">\n\t\t\t\t\t<div class=\"entry-thumbnail\">\n\t\t\t\t\t\t<div class=\"pk-overlay pk-overlay-ratio pk-ratio-landscape\">\n\t\t\t\t\t\t\t<div class=\"pk-overlay-background\">\n\t\t\t\t\t\t\t\t<a href=\"https:\/\/webdelmaestrocmf.com\/portal\/como-implementar-la-transversalidad-guia-para-docentes\/\" class=\"pk-overlay-link\">\n\t\t\t\t\t\t\t\t\t<img loading=\"lazy\" decoding=\"async\" width=\"300\" height=\"225\" src=\"https:\/\/webdelmaestrocmf.com\/portal\/wp-content\/uploads\/2025\/02\/1A-Banner-1-portada-imagen-10-1-77-300x225.jpg\" class=\"attachment-pk-thumbnail size-pk-thumbnail wp-post-image\" alt=\"\" \/>\t\t\t\t\t\t\t\t<\/a>\n\t\t\t\t\t\t\t<\/div>\n\t\t\t\t\t\t<\/div>\n\t\t\t\t\t<\/div>\n\t\t\t\t<\/div>\n\t\t\t\t\n\t\t\t\t<div class=\"pk-post-inner\">\n\t\t\t\t\t<header>\n\t\t\t\t\t\t<h3 class=\"pk-title\"><a href=\"https:\/\/webdelmaestrocmf.com\/portal\/como-implementar-la-transversalidad-guia-para-docentes\/\" rel=\"bookmark\">C\u00f3mo implementar la transversalidad: Gu\u00eda para docentes<\/a><\/h3>\t\t\t\t\t<\/header><!-- .entry-header -->\n\t\t\t\t<\/div><!-- .post-inner -->\n\n\t\t\t<\/div><!-- .post-outer -->\n\t\t<\/article>\n\t\t\t\t<\/div>\n\t\t<\/div>\n\t\t\n","protected":false},"excerpt":{"rendered":"El Curr\u00edculo Nacional de la Educaci\u00f3n B\u00e1sica que presentamos establece los aprendizajes que se espera logren los estudiantes&hellip;","protected":false},"author":1,"featured_media":84714,"comment_status":"open","ping_status":"closed","sticky":false,"template":"","format":"standard","meta":{"_jetpack_newsletter_access":"","_jetpack_dont_email_post_to_subs":false,"_jetpack_newsletter_tier_id":0,"_jetpack_memberships_contains_paywalled_content":false,"csco_display_header_overlay":false,"csco_singular_sidebar":"","csco_page_header_type":"","csco_page_load_nextpost":"","csco_post_video_location":[],"csco_post_video_location_hash":"","csco_post_video_url":"","csco_post_video_bg_start_time":0,"csco_post_video_bg_end_time":0,"csco_post_video_bg_volume":false,"_jetpack_feature_clip_id":0,"_jetpack_memberships_contains_paid_content":false,"footnotes":"","jetpack_post_was_ever_published":false},"categories":[2004,735],"tags":[3838,1556,14800],"class_list":["post-84709","post","type-post","status-publish","format-standard","has-post-thumbnail","category-descargas-manuales-pdf","category-pedagogia","tag-areas","tag-capacidades","tag-desempenos","cs-entry","cs-video-wrap"],"yoast_head":"<!-- This site is optimized with the Yoast SEO plugin v28.1 - https:\/\/yoast.com\/product\/yoast-seo-wordpress\/ -->\n<title>Capacidades y Desempe\u00f1os por \u00c1reas 2023 - MINEDU - 2026<\/title>\n<meta name=\"description\" content=\"Comunidad de Maestros, Docentes y Profesores, en donde encontrar\u00e1s material, informaci\u00f3n y noticias del \u00e1mbito nacional y mundial.\" \/>\n<meta name=\"robots\" content=\"index, follow, max-snippet:-1, max-image-preview:large, max-video-preview:-1\" \/>\n<link rel=\"canonical\" href=\"https:\/\/webdelmaestrocmf.com\/portal\/capacidades-y-desempenos-por-areas-2023-minedu\/\" \/>\n<meta property=\"og:locale\" content=\"es_ES\" \/>\n<meta property=\"og:type\" content=\"article\" \/>\n<meta property=\"og:title\" content=\"Capacidades y Desempe\u00f1os por \u00c1reas 2023 - MINEDU - 2026\" \/>\n<meta property=\"og:description\" content=\"Comunidad de Maestros, Docentes y Profesores, en donde encontrar\u00e1s material, informaci\u00f3n y noticias del \u00e1mbito nacional y mundial.\" \/>\n<meta property=\"og:url\" content=\"https:\/\/webdelmaestrocmf.com\/portal\/capacidades-y-desempenos-por-areas-2023-minedu\/\" \/>\n<meta property=\"og:site_name\" content=\"Web del Maestro CMF\" \/>\n<meta property=\"article:publisher\" content=\"https:\/\/www.facebook.com\/WebdelMaestroCMF\/\" \/>\n<meta property=\"article:author\" content=\"https:\/\/www.facebook.com\/WebdelMaestroCMF\/\" \/>\n<meta property=\"article:published_time\" content=\"2023-02-24T02:07:18+00:00\" \/>\n<meta property=\"article:modified_time\" content=\"2023-02-26T00:55:41+00:00\" \/>\n<meta property=\"og:image\" content=\"https:\/\/i0.wp.com\/webdelmaestrocmf.com\/portal\/wp-content\/uploads\/2023\/02\/1abcd-4.jpg?fit=900%2C556&ssl=1\" \/>\n\t<meta property=\"og:image:width\" content=\"900\" \/>\n\t<meta property=\"og:image:height\" content=\"556\" \/>\n\t<meta property=\"og:image:type\" content=\"image\/jpeg\" \/>\n<meta name=\"author\" content=\"Web del Maestro CMF\" \/>\n<meta name=\"twitter:card\" content=\"summary_large_image\" \/>\n<meta name=\"twitter:creator\" content=\"@cmf_w\" \/>\n<meta name=\"twitter:site\" content=\"@cmf_w\" \/>\n<script type=\"application\/ld+json\" class=\"yoast-schema-graph\">{\"@context\":\"https:\\\/\\\/schema.org\",\"@graph\":[{\"@type\":\"ScholarlyArticle\",\"@id\":\"https:\\\/\\\/webdelmaestrocmf.com\\\/portal\\\/capacidades-y-desempenos-por-areas-2023-minedu\\\/#article\",\"isPartOf\":{\"@id\":\"https:\\\/\\\/webdelmaestrocmf.com\\\/portal\\\/capacidades-y-desempenos-por-areas-2023-minedu\\\/\"},\"author\":{\"name\":\"Web del Maestro CMF\",\"@id\":\"https:\\\/\\\/webdelmaestrocmf.com\\\/portal\\\/#\\\/schema\\\/person\\\/1072a2ed7bd960df8ef99a551fa35dc5\"},\"headline\":\"Capacidades y Desempe\u00f1os por \u00c1reas 2023 &#8211; MINEDU\",\"datePublished\":\"2023-02-24T02:07:18+00:00\",\"dateModified\":\"2023-02-26T00:55:41+00:00\",\"mainEntityOfPage\":{\"@id\":\"https:\\\/\\\/webdelmaestrocmf.com\\\/portal\\\/capacidades-y-desempenos-por-areas-2023-minedu\\\/\"},\"wordCount\":403,\"commentCount\":0,\"publisher\":{\"@id\":\"https:\\\/\\\/webdelmaestrocmf.com\\\/portal\\\/#organization\"},\"image\":{\"@id\":\"https:\\\/\\\/webdelmaestrocmf.com\\\/portal\\\/capacidades-y-desempenos-por-areas-2023-minedu\\\/#primaryimage\"},\"thumbnailUrl\":\"https:\\\/\\\/webdelmaestrocmf.com\\\/portal\\\/wp-content\\\/uploads\\\/2023\\\/02\\\/1abcd-4.jpg\",\"keywords\":[\"\u00e1reas\",\"CAPACIDADES\",\"Desempe\u00f1os\"],\"articleSection\":[\"Descargas Manuales PDF\",\"Recursos\"],\"inLanguage\":\"es\",\"potentialAction\":[{\"@type\":\"CommentAction\",\"name\":\"Comment\",\"target\":[\"https:\\\/\\\/webdelmaestrocmf.com\\\/portal\\\/capacidades-y-desempenos-por-areas-2023-minedu\\\/#respond\"]}]},{\"@type\":\"WebPage\",\"@id\":\"https:\\\/\\\/webdelmaestrocmf.com\\\/portal\\\/capacidades-y-desempenos-por-areas-2023-minedu\\\/\",\"url\":\"https:\\\/\\\/webdelmaestrocmf.com\\\/portal\\\/capacidades-y-desempenos-por-areas-2023-minedu\\\/\",\"name\":\"Capacidades y Desempe\u00f1os por \u00c1reas 2023 - MINEDU - 2026\",\"isPartOf\":{\"@id\":\"https:\\\/\\\/webdelmaestrocmf.com\\\/portal\\\/#website\"},\"primaryImageOfPage\":{\"@id\":\"https:\\\/\\\/webdelmaestrocmf.com\\\/portal\\\/capacidades-y-desempenos-por-areas-2023-minedu\\\/#primaryimage\"},\"image\":{\"@id\":\"https:\\\/\\\/webdelmaestrocmf.com\\\/portal\\\/capacidades-y-desempenos-por-areas-2023-minedu\\\/#primaryimage\"},\"thumbnailUrl\":\"https:\\\/\\\/webdelmaestrocmf.com\\\/portal\\\/wp-content\\\/uploads\\\/2023\\\/02\\\/1abcd-4.jpg\",\"datePublished\":\"2023-02-24T02:07:18+00:00\",\"dateModified\":\"2023-02-26T00:55:41+00:00\",\"description\":\"Comunidad de Maestros, Docentes y Profesores, en donde encontrar\u00e1s material, informaci\u00f3n y noticias del \u00e1mbito nacional y mundial.\",\"breadcrumb\":{\"@id\":\"https:\\\/\\\/webdelmaestrocmf.com\\\/portal\\\/capacidades-y-desempenos-por-areas-2023-minedu\\\/#breadcrumb\"},\"inLanguage\":\"es\",\"potentialAction\":[{\"@type\":\"ReadAction\",\"target\":[\"https:\\\/\\\/webdelmaestrocmf.com\\\/portal\\\/capacidades-y-desempenos-por-areas-2023-minedu\\\/\"]}]},{\"@type\":\"ImageObject\",\"inLanguage\":\"es\",\"@id\":\"https:\\\/\\\/webdelmaestrocmf.com\\\/portal\\\/capacidades-y-desempenos-por-areas-2023-minedu\\\/#primaryimage\",\"url\":\"https:\\\/\\\/webdelmaestrocmf.com\\\/portal\\\/wp-content\\\/uploads\\\/2023\\\/02\\\/1abcd-4.jpg\",\"contentUrl\":\"https:\\\/\\\/webdelmaestrocmf.com\\\/portal\\\/wp-content\\\/uploads\\\/2023\\\/02\\\/1abcd-4.jpg\",\"width\":900,\"height\":556},{\"@type\":\"BreadcrumbList\",\"@id\":\"https:\\\/\\\/webdelmaestrocmf.com\\\/portal\\\/capacidades-y-desempenos-por-areas-2023-minedu\\\/#breadcrumb\",\"itemListElement\":[{\"@type\":\"ListItem\",\"position\":1,\"name\":\"Portada\",\"item\":\"https:\\\/\\\/webdelmaestrocmf.com\\\/portal\\\/\"},{\"@type\":\"ListItem\",\"position\":2,\"name\":\"Recursos\",\"item\":\"https:\\\/\\\/webdelmaestrocmf.com\\\/portal\\\/category\\\/pedagogia\\\/\"},{\"@type\":\"ListItem\",\"position\":3,\"name\":\"Capacidades y Desempe\u00f1os por \u00c1reas 2023 &#8211; MINEDU\"}]},{\"@type\":\"WebSite\",\"@id\":\"https:\\\/\\\/webdelmaestrocmf.com\\\/portal\\\/#website\",\"url\":\"https:\\\/\\\/webdelmaestrocmf.com\\\/portal\\\/\",\"name\":\"Web del Maestro CMF\",\"description\":\"Maestros al servicio de la educaci\u00f3n\",\"publisher\":{\"@id\":\"https:\\\/\\\/webdelmaestrocmf.com\\\/portal\\\/#organization\"},\"alternateName\":\"WMCMF\",\"potentialAction\":[{\"@type\":\"SearchAction\",\"target\":{\"@type\":\"EntryPoint\",\"urlTemplate\":\"https:\\\/\\\/webdelmaestrocmf.com\\\/portal\\\/?s={search_term_string}\"},\"query-input\":{\"@type\":\"PropertyValueSpecification\",\"valueRequired\":true,\"valueName\":\"search_term_string\"}}],\"inLanguage\":\"es\"},{\"@type\":\"Organization\",\"@id\":\"https:\\\/\\\/webdelmaestrocmf.com\\\/portal\\\/#organization\",\"name\":\"Web del Maestro CMF\",\"alternateName\":\"WMCMF\",\"url\":\"https:\\\/\\\/webdelmaestrocmf.com\\\/portal\\\/\",\"logo\":{\"@type\":\"ImageObject\",\"inLanguage\":\"es\",\"@id\":\"https:\\\/\\\/webdelmaestrocmf.com\\\/portal\\\/#\\\/schema\\\/logo\\\/image\\\/\",\"url\":\"https:\\\/\\\/webdelmaestrocmf.com\\\/portal\\\/wp-content\\\/uploads\\\/2023\\\/01\\\/logo-wmcmf-2.png\",\"contentUrl\":\"https:\\\/\\\/webdelmaestrocmf.com\\\/portal\\\/wp-content\\\/uploads\\\/2023\\\/01\\\/logo-wmcmf-2.png\",\"width\":200,\"height\":60,\"caption\":\"Web del Maestro CMF\"},\"image\":{\"@id\":\"https:\\\/\\\/webdelmaestrocmf.com\\\/portal\\\/#\\\/schema\\\/logo\\\/image\\\/\"},\"sameAs\":[\"https:\\\/\\\/www.facebook.com\\\/WebdelMaestroCMF\\\/\",\"https:\\\/\\\/x.com\\\/cmf_w\",\"https:\\\/\\\/www.pinterest.com\\\/WMCMF\\\/\",\"https:\\\/\\\/www.linkedin.com\\\/company\\\/web-del-maestro-cmf\\\/\",\"https:\\\/\\\/www.instagram.com\\\/wmcmf\\\/\",\"https:\\\/\\\/www.youtube.com\\\/channel\\\/UCDPSvjbdodE5sHnC3OxutHw\",\"https:\\\/\\\/mastodon.social\\\/@wmcmf\",\"https:\\\/\\\/www.tiktok.com\\\/@webdelmaestrocmf\"]},{\"@type\":\"Person\",\"@id\":\"https:\\\/\\\/webdelmaestrocmf.com\\\/portal\\\/#\\\/schema\\\/person\\\/1072a2ed7bd960df8ef99a551fa35dc5\",\"name\":\"Web del Maestro CMF\",\"image\":{\"@type\":\"ImageObject\",\"inLanguage\":\"es\",\"@id\":\"https:\\\/\\\/secure.gravatar.com\\\/avatar\\\/23291dd5b5ae1077dcff3dbb04c3e02bd28403fa75af6d8787d5e97c5bbbe30b?s=96&d=mm&r=g\",\"url\":\"https:\\\/\\\/secure.gravatar.com\\\/avatar\\\/23291dd5b5ae1077dcff3dbb04c3e02bd28403fa75af6d8787d5e97c5bbbe30b?s=96&d=mm&r=g\",\"contentUrl\":\"https:\\\/\\\/secure.gravatar.com\\\/avatar\\\/23291dd5b5ae1077dcff3dbb04c3e02bd28403fa75af6d8787d5e97c5bbbe30b?s=96&d=mm&r=g\",\"caption\":\"Web del Maestro CMF\"},\"description\":\"Esta Web se cre\u00f3 sin fines de lucro, con fines educativos, cient\u00edficos y acad\u00e9micos, para personas que tengan dificultades y\\\/o inconvenientes en visualizar el material original. El objetivo es entregar recursos, compartir experiencias y materiales que ayuden a los padres de familia, maestros y estudiantes en su actualizaci\u00f3n y formaci\u00f3n permanente, en bien de la Educaci\u00f3n.\",\"sameAs\":[\"http:\\\/\\\/webdelmaestrocmf.com\\\/portal\",\"https:\\\/\\\/www.facebook.com\\\/WebdelMaestroCMF\\\/\",\"https:\\\/\\\/www.instagram.com\\\/wmcmf\\\/\",\"https:\\\/\\\/cl.linkedin.com\\\/company\\\/web-del-maestro-cmf\",\"https:\\\/\\\/www.pinterest.com\\\/WMCMF\\\/publicaciones\\\/\",\"https:\\\/\\\/x.com\\\/cmf_w\",\"https:\\\/\\\/www.youtube.com\\\/@WMCMF\"]}]}<\/script>\n<!-- \/ Yoast SEO plugin. -->","yoast_head_json":{"title":"Capacidades y Desempe\u00f1os por \u00c1reas 2023 - MINEDU - 2026","description":"Comunidad de Maestros, Docentes y Profesores, en donde encontrar\u00e1s material, informaci\u00f3n y noticias del \u00e1mbito nacional y mundial.","robots":{"index":"index","follow":"follow","max-snippet":"max-snippet:-1","max-image-preview":"max-image-preview:large","max-video-preview":"max-video-preview:-1"},"canonical":"https:\/\/webdelmaestrocmf.com\/portal\/capacidades-y-desempenos-por-areas-2023-minedu\/","og_locale":"es_ES","og_type":"article","og_title":"Capacidades y Desempe\u00f1os por \u00c1reas 2023 - MINEDU - 2026","og_description":"Comunidad de Maestros, Docentes y Profesores, en donde encontrar\u00e1s material, informaci\u00f3n y noticias del \u00e1mbito nacional y mundial.","og_url":"https:\/\/webdelmaestrocmf.com\/portal\/capacidades-y-desempenos-por-areas-2023-minedu\/","og_site_name":"Web del Maestro CMF","article_publisher":"https:\/\/www.facebook.com\/WebdelMaestroCMF\/","article_author":"https:\/\/www.facebook.com\/WebdelMaestroCMF\/","article_published_time":"2023-02-24T02:07:18+00:00","article_modified_time":"2023-02-26T00:55:41+00:00","og_image":[{"width":900,"height":556,"url":"https:\/\/i0.wp.com\/webdelmaestrocmf.com\/portal\/wp-content\/uploads\/2023\/02\/1abcd-4.jpg?fit=900%2C556&ssl=1","type":"image\/jpeg"}],"author":"Web del Maestro CMF","twitter_card":"summary_large_image","twitter_creator":"@cmf_w","twitter_site":"@cmf_w","schema":{"@context":"https:\/\/schema.org","@graph":[{"@type":"ScholarlyArticle","@id":"https:\/\/webdelmaestrocmf.com\/portal\/capacidades-y-desempenos-por-areas-2023-minedu\/#article","isPartOf":{"@id":"https:\/\/webdelmaestrocmf.com\/portal\/capacidades-y-desempenos-por-areas-2023-minedu\/"},"author":{"name":"Web del Maestro CMF","@id":"https:\/\/webdelmaestrocmf.com\/portal\/#\/schema\/person\/1072a2ed7bd960df8ef99a551fa35dc5"},"headline":"Capacidades y Desempe\u00f1os por \u00c1reas 2023 &#8211; MINEDU","datePublished":"2023-02-24T02:07:18+00:00","dateModified":"2023-02-26T00:55:41+00:00","mainEntityOfPage":{"@id":"https:\/\/webdelmaestrocmf.com\/portal\/capacidades-y-desempenos-por-areas-2023-minedu\/"},"wordCount":403,"commentCount":0,"publisher":{"@id":"https:\/\/webdelmaestrocmf.com\/portal\/#organization"},"image":{"@id":"https:\/\/webdelmaestrocmf.com\/portal\/capacidades-y-desempenos-por-areas-2023-minedu\/#primaryimage"},"thumbnailUrl":"https:\/\/webdelmaestrocmf.com\/portal\/wp-content\/uploads\/2023\/02\/1abcd-4.jpg","keywords":["\u00e1reas","CAPACIDADES","Desempe\u00f1os"],"articleSection":["Descargas Manuales PDF","Recursos"],"inLanguage":"es","potentialAction":[{"@type":"CommentAction","name":"Comment","target":["https:\/\/webdelmaestrocmf.com\/portal\/capacidades-y-desempenos-por-areas-2023-minedu\/#respond"]}]},{"@type":"WebPage","@id":"https:\/\/webdelmaestrocmf.com\/portal\/capacidades-y-desempenos-por-areas-2023-minedu\/","url":"https:\/\/webdelmaestrocmf.com\/portal\/capacidades-y-desempenos-por-areas-2023-minedu\/","name":"Capacidades y Desempe\u00f1os por \u00c1reas 2023 - MINEDU - 2026","isPartOf":{"@id":"https:\/\/webdelmaestrocmf.com\/portal\/#website"},"primaryImageOfPage":{"@id":"https:\/\/webdelmaestrocmf.com\/portal\/capacidades-y-desempenos-por-areas-2023-minedu\/#primaryimage"},"image":{"@id":"https:\/\/webdelmaestrocmf.com\/portal\/capacidades-y-desempenos-por-areas-2023-minedu\/#primaryimage"},"thumbnailUrl":"https:\/\/webdelmaestrocmf.com\/portal\/wp-content\/uploads\/2023\/02\/1abcd-4.jpg","datePublished":"2023-02-24T02:07:18+00:00","dateModified":"2023-02-26T00:55:41+00:00","description":"Comunidad de Maestros, Docentes y Profesores, en donde encontrar\u00e1s material, informaci\u00f3n y noticias del \u00e1mbito nacional y mundial.","breadcrumb":{"@id":"https:\/\/webdelmaestrocmf.com\/portal\/capacidades-y-desempenos-por-areas-2023-minedu\/#breadcrumb"},"inLanguage":"es","potentialAction":[{"@type":"ReadAction","target":["https:\/\/webdelmaestrocmf.com\/portal\/capacidades-y-desempenos-por-areas-2023-minedu\/"]}]},{"@type":"ImageObject","inLanguage":"es","@id":"https:\/\/webdelmaestrocmf.com\/portal\/capacidades-y-desempenos-por-areas-2023-minedu\/#primaryimage","url":"https:\/\/webdelmaestrocmf.com\/portal\/wp-content\/uploads\/2023\/02\/1abcd-4.jpg","contentUrl":"https:\/\/webdelmaestrocmf.com\/portal\/wp-content\/uploads\/2023\/02\/1abcd-4.jpg","width":900,"height":556},{"@type":"BreadcrumbList","@id":"https:\/\/webdelmaestrocmf.com\/portal\/capacidades-y-desempenos-por-areas-2023-minedu\/#breadcrumb","itemListElement":[{"@type":"ListItem","position":1,"name":"Portada","item":"https:\/\/webdelmaestrocmf.com\/portal\/"},{"@type":"ListItem","position":2,"name":"Recursos","item":"https:\/\/webdelmaestrocmf.com\/portal\/category\/pedagogia\/"},{"@type":"ListItem","position":3,"name":"Capacidades y Desempe\u00f1os por \u00c1reas 2023 &#8211; MINEDU"}]},{"@type":"WebSite","@id":"https:\/\/webdelmaestrocmf.com\/portal\/#website","url":"https:\/\/webdelmaestrocmf.com\/portal\/","name":"Web del Maestro CMF","description":"Maestros al servicio de la educaci\u00f3n","publisher":{"@id":"https:\/\/webdelmaestrocmf.com\/portal\/#organization"},"alternateName":"WMCMF","potentialAction":[{"@type":"SearchAction","target":{"@type":"EntryPoint","urlTemplate":"https:\/\/webdelmaestrocmf.com\/portal\/?s={search_term_string}"},"query-input":{"@type":"PropertyValueSpecification","valueRequired":true,"valueName":"search_term_string"}}],"inLanguage":"es"},{"@type":"Organization","@id":"https:\/\/webdelmaestrocmf.com\/portal\/#organization","name":"Web del Maestro CMF","alternateName":"WMCMF","url":"https:\/\/webdelmaestrocmf.com\/portal\/","logo":{"@type":"ImageObject","inLanguage":"es","@id":"https:\/\/webdelmaestrocmf.com\/portal\/#\/schema\/logo\/image\/","url":"https:\/\/webdelmaestrocmf.com\/portal\/wp-content\/uploads\/2023\/01\/logo-wmcmf-2.png","contentUrl":"https:\/\/webdelmaestrocmf.com\/portal\/wp-content\/uploads\/2023\/01\/logo-wmcmf-2.png","width":200,"height":60,"caption":"Web del Maestro CMF"},"image":{"@id":"https:\/\/webdelmaestrocmf.com\/portal\/#\/schema\/logo\/image\/"},"sameAs":["https:\/\/www.facebook.com\/WebdelMaestroCMF\/","https:\/\/x.com\/cmf_w","https:\/\/www.pinterest.com\/WMCMF\/","https:\/\/www.linkedin.com\/company\/web-del-maestro-cmf\/","https:\/\/www.instagram.com\/wmcmf\/","https:\/\/www.youtube.com\/channel\/UCDPSvjbdodE5sHnC3OxutHw","https:\/\/mastodon.social\/@wmcmf","https:\/\/www.tiktok.com\/@webdelmaestrocmf"]},{"@type":"Person","@id":"https:\/\/webdelmaestrocmf.com\/portal\/#\/schema\/person\/1072a2ed7bd960df8ef99a551fa35dc5","name":"Web del Maestro CMF","image":{"@type":"ImageObject","inLanguage":"es","@id":"https:\/\/secure.gravatar.com\/avatar\/23291dd5b5ae1077dcff3dbb04c3e02bd28403fa75af6d8787d5e97c5bbbe30b?s=96&d=mm&r=g","url":"https:\/\/secure.gravatar.com\/avatar\/23291dd5b5ae1077dcff3dbb04c3e02bd28403fa75af6d8787d5e97c5bbbe30b?s=96&d=mm&r=g","contentUrl":"https:\/\/secure.gravatar.com\/avatar\/23291dd5b5ae1077dcff3dbb04c3e02bd28403fa75af6d8787d5e97c5bbbe30b?s=96&d=mm&r=g","caption":"Web del Maestro CMF"},"description":"Esta Web se cre\u00f3 sin fines de lucro, con fines educativos, cient\u00edficos y acad\u00e9micos, para personas que tengan dificultades y\/o inconvenientes en visualizar el material original. El objetivo es entregar recursos, compartir experiencias y materiales que ayuden a los padres de familia, maestros y estudiantes en su actualizaci\u00f3n y formaci\u00f3n permanente, en bien de la Educaci\u00f3n.","sameAs":["http:\/\/webdelmaestrocmf.com\/portal","https:\/\/www.facebook.com\/WebdelMaestroCMF\/","https:\/\/www.instagram.com\/wmcmf\/","https:\/\/cl.linkedin.com\/company\/web-del-maestro-cmf","https:\/\/www.pinterest.com\/WMCMF\/publicaciones\/","https:\/\/x.com\/cmf_w","https:\/\/www.youtube.com\/@WMCMF"]}]}},"jetpack_featured_media_url":"https:\/\/webdelmaestrocmf.com\/portal\/wp-content\/uploads\/2023\/02\/1abcd-4.jpg","jetpack_sharing_enabled":true,"jetpack-related-posts":[{"id":33126,"url":"https:\/\/webdelmaestrocmf.com\/portal\/competencias-capacidades-estandares-y-desempenos-segun-el-curriculo-nacional-actualizado\/","url_meta":{"origin":84709,"position":0},"title":"Competencia, capacidades, est\u00e1ndares y desempe\u00f1os seg\u00fan el Curr\u00edculo Nacional","author":"Web del Maestro CMF","date":"25 julio, 2021","format":false,"excerpt":"El Curr\u00edculo Nacional de la Educaci\u00f3n B\u00e1sica que presentamos establece los aprendizajes que se espera logren los estudiantes como resultado de su formaci\u00f3n b\u00e1sica, en concordancia con los fines y principios de la educaci\u00f3n peruana, el Proyecto Educativo Nacional y los objetivos de la Educaci\u00f3n B\u00e1sica. En ese sentido, el\u2026","rel":"","context":"En \u00abDescargas Manuales PDF\u00bb","block_context":{"text":"Descargas Manuales PDF","link":"https:\/\/webdelmaestrocmf.com\/portal\/category\/pedagogia\/descargas-manuales-pdf\/"},"img":{"alt_text":"Curr\u00edculo Nacional","src":"https:\/\/i0.wp.com\/webdelmaestrocmf.com\/portal\/wp-content\/uploads\/2019\/07\/1WEDRT.jpg?resize=350%2C200&ssl=1","width":350,"height":200,"srcset":"https:\/\/i0.wp.com\/webdelmaestrocmf.com\/portal\/wp-content\/uploads\/2019\/07\/1WEDRT.jpg?resize=350%2C200&ssl=1 1x, https:\/\/i0.wp.com\/webdelmaestrocmf.com\/portal\/wp-content\/uploads\/2019\/07\/1WEDRT.jpg?resize=525%2C300&ssl=1 1.5x, https:\/\/i0.wp.com\/webdelmaestrocmf.com\/portal\/wp-content\/uploads\/2019\/07\/1WEDRT.jpg?resize=700%2C400&ssl=1 2x, https:\/\/i0.wp.com\/webdelmaestrocmf.com\/portal\/wp-content\/uploads\/2019\/07\/1WEDRT.jpg?resize=1050%2C600&ssl=1 3x"},"classes":[]},{"id":26113,"url":"https:\/\/webdelmaestrocmf.com\/portal\/los-aprendizajes-clave\/","url_meta":{"origin":84709,"position":1},"title":"\u00bfQu\u00e9 son los aprendizajes clave?","author":"Web del Maestro CMF","date":"29 enero, 2018","format":"video","excerpt":"Un aprendizaje clave es un conjunto de conocimientos, pr\u00e1cticas, habilidades, actitudes y valores fundamentales que contribuyen sustancialmente al crecimiento integral del estudiante, los cuales se desarrollan espec\u00edficamente en la escuela y que, de no ser aprendidos, dejar\u00edan carencias dif\u00edciles de compensar en aspectos cruciales para su vida. El logro de\u2026","rel":"","context":"En \u00abVideo I\u00bb","block_context":{"text":"Video I","link":"https:\/\/webdelmaestrocmf.com\/portal\/category\/video\/"},"img":{"alt_text":"","src":"https:\/\/i0.wp.com\/webdelmaestrocmf.com\/portal\/wp-content\/uploads\/2018\/01\/1-84.jpg?resize=350%2C200&ssl=1","width":350,"height":200,"srcset":"https:\/\/i0.wp.com\/webdelmaestrocmf.com\/portal\/wp-content\/uploads\/2018\/01\/1-84.jpg?resize=350%2C200&ssl=1 1x, https:\/\/i0.wp.com\/webdelmaestrocmf.com\/portal\/wp-content\/uploads\/2018\/01\/1-84.jpg?resize=525%2C300&ssl=1 1.5x, https:\/\/i0.wp.com\/webdelmaestrocmf.com\/portal\/wp-content\/uploads\/2018\/01\/1-84.jpg?resize=700%2C400&ssl=1 2x, https:\/\/i0.wp.com\/webdelmaestrocmf.com\/portal\/wp-content\/uploads\/2018\/01\/1-84.jpg?resize=1050%2C600&ssl=1 3x"},"classes":[]},{"id":88819,"url":"https:\/\/webdelmaestrocmf.com\/portal\/enfoque-por-competencias-en-el-curriculo-nacional-tema-de-ascenso-docente\/","url_meta":{"origin":84709,"position":2},"title":"Enfoque por Competencias en el Curr\u00edculo Nacional + Tema de ascenso docente","author":"Web del Maestro CMF","date":"10 mayo, 2023","format":false,"excerpt":"El concepto de competencia es el pilar del desarrollo curricular y el incentivo tras el proceso de cambio. Se define como \u201cel desarrollo de las capacidades complejas que permiten a los estudiantes pensar y actuar en diversos \u00e1mbitos [\u2026]. Consiste en la adquisici\u00f3n de conocimiento a trav\u00e9s de la acci\u00f3n,\u2026","rel":"","context":"En \u00abCompetencias\u00bb","block_context":{"text":"Competencias","link":"https:\/\/webdelmaestrocmf.com\/portal\/category\/pedagogia\/competencias\/"},"img":{"alt_text":"","src":"https:\/\/i0.wp.com\/webdelmaestrocmf.com\/portal\/wp-content\/uploads\/2023\/05\/A12B3C4D-73.jpg?resize=350%2C200&ssl=1","width":350,"height":200,"srcset":"https:\/\/i0.wp.com\/webdelmaestrocmf.com\/portal\/wp-content\/uploads\/2023\/05\/A12B3C4D-73.jpg?resize=350%2C200&ssl=1 1x, https:\/\/i0.wp.com\/webdelmaestrocmf.com\/portal\/wp-content\/uploads\/2023\/05\/A12B3C4D-73.jpg?resize=525%2C300&ssl=1 1.5x, https:\/\/i0.wp.com\/webdelmaestrocmf.com\/portal\/wp-content\/uploads\/2023\/05\/A12B3C4D-73.jpg?resize=700%2C400&ssl=1 2x"},"classes":[]},{"id":104935,"url":"https:\/\/webdelmaestrocmf.com\/portal\/matriz-de-estandares-competencias-capacidades-y-desempenos-arte-y-cultura\/","url_meta":{"origin":84709,"position":3},"title":"Matriz de est\u00e1ndares, competencias, capacidades y desempe\u00f1os para el \u00e1rea de arte y cultura","author":"Web del Maestro CMF","date":"15 marzo, 2024","format":false,"excerpt":"La Matriz de Est\u00e1ndares, Competencias, Capacidades y Desempe\u00f1os es una herramienta fundamental para la planificaci\u00f3n y evaluaci\u00f3n del aprendizaje en el \u00e1rea de Arte y Cultura. Es un documento oficial del Ministerio de Educaci\u00f3n del Per\u00fa que define los logros que los estudiantes deben alcanzar en cada grado de la\u2026","rel":"","context":"En \u00abDescargas Manuales PDF\u00bb","block_context":{"text":"Descargas Manuales PDF","link":"https:\/\/webdelmaestrocmf.com\/portal\/category\/pedagogia\/descargas-manuales-pdf\/"},"img":{"alt_text":"","src":"https:\/\/i0.wp.com\/webdelmaestrocmf.com\/portal\/wp-content\/uploads\/2024\/03\/Banner-1-portada-imagen-10-1-15-1.jpg?resize=350%2C200&ssl=1","width":350,"height":200,"srcset":"https:\/\/i0.wp.com\/webdelmaestrocmf.com\/portal\/wp-content\/uploads\/2024\/03\/Banner-1-portada-imagen-10-1-15-1.jpg?resize=350%2C200&ssl=1 1x, https:\/\/i0.wp.com\/webdelmaestrocmf.com\/portal\/wp-content\/uploads\/2024\/03\/Banner-1-portada-imagen-10-1-15-1.jpg?resize=525%2C300&ssl=1 1.5x, https:\/\/i0.wp.com\/webdelmaestrocmf.com\/portal\/wp-content\/uploads\/2024\/03\/Banner-1-portada-imagen-10-1-15-1.jpg?resize=700%2C400&ssl=1 2x"},"classes":[]},{"id":103831,"url":"https:\/\/webdelmaestrocmf.com\/portal\/plan-de-estudios-2022-en-el-marco-de-la-nem\/","url_meta":{"origin":84709,"position":4},"title":"Plan de estudios 2022 en el Marco de la NEM","author":"Web del Maestro CMF","date":"14 febrero, 2024","format":false,"excerpt":"El Plan de Estudios 2022, implementado en el marco de la Nueva Escuela Mexicana (NEM), representa una transformaci\u00f3n significativa en la educaci\u00f3n mexicana. Este plan busca formar ciudadanos cr\u00edticos, creativos, responsables y solidarios, capaces de enfrentar los desaf\u00edos del siglo XXI. Art\u00edculo relacionado:\u00a0Los campos de formaci\u00f3n para la Educaci\u00f3n B\u00e1sica\u2026","rel":"","context":"En \u00abDescargas Manuales PDF\u00bb","block_context":{"text":"Descargas Manuales PDF","link":"https:\/\/webdelmaestrocmf.com\/portal\/category\/pedagogia\/descargas-manuales-pdf\/"},"img":{"alt_text":"plan de estudios","src":"https:\/\/i0.wp.com\/webdelmaestrocmf.com\/portal\/wp-content\/uploads\/2024\/02\/Banner-1-portada-imagen-10-1-17.jpg?resize=350%2C200&ssl=1","width":350,"height":200,"srcset":"https:\/\/i0.wp.com\/webdelmaestrocmf.com\/portal\/wp-content\/uploads\/2024\/02\/Banner-1-portada-imagen-10-1-17.jpg?resize=350%2C200&ssl=1 1x, https:\/\/i0.wp.com\/webdelmaestrocmf.com\/portal\/wp-content\/uploads\/2024\/02\/Banner-1-portada-imagen-10-1-17.jpg?resize=525%2C300&ssl=1 1.5x, https:\/\/i0.wp.com\/webdelmaestrocmf.com\/portal\/wp-content\/uploads\/2024\/02\/Banner-1-portada-imagen-10-1-17.jpg?resize=700%2C400&ssl=1 2x"},"classes":[]},{"id":18969,"url":"https:\/\/webdelmaestrocmf.com\/portal\/como-disenar-un-curriculo-por-competencias-en-10-pasos\/","url_meta":{"origin":84709,"position":5},"title":"C\u00f3mo dise\u00f1ar un curr\u00edculo por competencias en 10 pasos","author":"Web del Maestro CMF","date":"7 junio, 2019","format":false,"excerpt":"Dise\u00f1ar un curr\u00edculo por competencias es esencial para destacar en el competitivo mundo laboral actual. En este proceso de creaci\u00f3n, es fundamental seguir un enfoque estructurado. Los docentes interesados en la educaci\u00f3n por competencias, deben tener una comprensi\u00f3n clara de los antecedentes, definici\u00f3n y evoluci\u00f3n del t\u00e9rmino competencia, as\u00ed como\u2026","rel":"","context":"En \u00abAprendizaje competencias\u00bb","block_context":{"text":"Aprendizaje competencias","link":"https:\/\/webdelmaestrocmf.com\/portal\/category\/pedagogia\/aprendizaje-competencias\/"},"img":{"alt_text":"","src":"https:\/\/i0.wp.com\/webdelmaestrocmf.com\/portal\/wp-content\/uploads\/2019\/06\/1c.jpg?resize=350%2C200&ssl=1","width":350,"height":200,"srcset":"https:\/\/i0.wp.com\/webdelmaestrocmf.com\/portal\/wp-content\/uploads\/2019\/06\/1c.jpg?resize=350%2C200&ssl=1 1x, https:\/\/i0.wp.com\/webdelmaestrocmf.com\/portal\/wp-content\/uploads\/2019\/06\/1c.jpg?resize=525%2C300&ssl=1 1.5x, https:\/\/i0.wp.com\/webdelmaestrocmf.com\/portal\/wp-content\/uploads\/2019\/06\/1c.jpg?resize=700%2C400&ssl=1 2x, https:\/\/i0.wp.com\/webdelmaestrocmf.com\/portal\/wp-content\/uploads\/2019\/06\/1c.jpg?resize=1050%2C600&ssl=1 3x"},"classes":[]}],"_links":{"self":[{"href":"https:\/\/webdelmaestrocmf.com\/portal\/wp-json\/wp\/v2\/posts\/84709","targetHints":{"allow":["GET"]}}],"collection":[{"href":"https:\/\/webdelmaestrocmf.com\/portal\/wp-json\/wp\/v2\/posts"}],"about":[{"href":"https:\/\/webdelmaestrocmf.com\/portal\/wp-json\/wp\/v2\/types\/post"}],"author":[{"embeddable":true,"href":"https:\/\/webdelmaestrocmf.com\/portal\/wp-json\/wp\/v2\/users\/1"}],"replies":[{"embeddable":true,"href":"https:\/\/webdelmaestrocmf.com\/portal\/wp-json\/wp\/v2\/comments?post=84709"}],"version-history":[{"count":0,"href":"https:\/\/webdelmaestrocmf.com\/portal\/wp-json\/wp\/v2\/posts\/84709\/revisions"}],"wp:featuredmedia":[{"embeddable":true,"href":"https:\/\/webdelmaestrocmf.com\/portal\/wp-json\/wp\/v2\/media\/84714"}],"wp:attachment":[{"href":"https:\/\/webdelmaestrocmf.com\/portal\/wp-json\/wp\/v2\/media?parent=84709"}],"wp:term":[{"taxonomy":"category","embeddable":true,"href":"https:\/\/webdelmaestrocmf.com\/portal\/wp-json\/wp\/v2\/categories?post=84709"},{"taxonomy":"post_tag","embeddable":true,"href":"https:\/\/webdelmaestrocmf.com\/portal\/wp-json\/wp\/v2\/tags?post=84709"}],"curies":[{"name":"wp","href":"https:\/\/api.w.org\/{rel}","templated":true}]}}