{"id":83772,"date":"2023-02-04T19:28:44","date_gmt":"2023-02-04T22:28:44","guid":{"rendered":"https:\/\/webdelmaestrocmf.com\/portal\/?p=83772"},"modified":"2023-10-05T12:19:14","modified_gmt":"2023-10-05T15:19:14","slug":"mapa-conceptual-de-los-modelos-pedagogicos-tradicional-romantico-conductista-cognitivo-y-social-cognitivo","status":"publish","type":"post","link":"https:\/\/webdelmaestrocmf.com\/portal\/mapa-conceptual-de-los-modelos-pedagogicos-tradicional-romantico-conductista-cognitivo-y-social-cognitivo\/","title":{"rendered":"Mapa conceptual de los Modelos Pedag\u00f3gicos: Tradicional, Rom\u00e1ntico, Conductista, Cognitivo y Social-Cognitivo"},"content":{"rendered":"<p style=\"text-align: justify;\"><strong><span class=\"wysiwyg-font-size-medium\">As\u00ed como existen diferencias en la conceptualizaci\u00f3n y definici\u00f3n de los modelos pedag\u00f3gicos, t<\/span><span class=\"wysiwyg-font-size-medium\">ambi\u00e9n existen divergencias frente a los diferentes tipos de modelos existentes. <\/span><span class=\"wysiwyg-font-size-medium\">Para Louis Not, los modelos pedag\u00f3gicos se limitan a dos, los heteroestructurantes, que engloban las pedagog\u00edas cl\u00e1sicas o tradicionales, y los autoestrcuturantes, donde hacen su aparici\u00f3n pedagog\u00edas ligadas con la escuela activa o el constructivismo. <\/span><\/strong><!--more--><\/p>\n<p style=\"text-align: justify;\"><span class=\"wysiwyg-font-size-medium\">Pero para\u00a0<\/span><span class=\"wysiwyg-font-size-medium\">otros autores, los modelos abarcan m\u00e1s tendencias, como para Rafael Fl\u00f3rez Ochoa, quien expone que los modelos pedag\u00f3gicos se sit\u00faan en una gama mucho m\u00e1s amplia en la que se incluyen el modelo pedag\u00f3gico tradicional, el rom\u00e1ntico (experiencial o naturalista), el modelo<\/span><span class=\"wysiwyg-font-size-medium\">\u00a0pedag\u00f3gico conductista, el cognitivo, constructivista y el pedag\u00f3gico social. A estos modelos se les pueden sumar otros tantos dependiendo la postura desde la que los autores se sit\u00faen.<\/span><\/p>\n<p style=\"text-align: justify;\">Conocer los diferentes modelos pedag\u00f3gicos es indispensable para cualquier educador, ya que de esta forma se cuentan con diferentes puntos de vista acerca de c\u00f3mo se da el aprendizaje. De igual manera, se enriquece el conocimiento del docente, as\u00ed como su capacidad para apreciar desde distintos enfoques los fen\u00f3menos que suceden en el proceso educativo.<\/p>\n<p style=\"text-align: justify;\">Los principales modelos pedag\u00f3gicos utilizados en la educaci\u00f3n son:<\/p>\n<h5 style=\"text-align: justify;\">MODELO PEDAG\u00d3GICO TRADICIONAL<\/h5>\n<p style=\"text-align: justify;\">El papel protagonista de este modelo recae en el profesor, quien es visto como un transmisor del conocimiento, el alumno por su parte tiene un rol pasivo, recibiendo los contenidos.<\/p>\n<p style=\"text-align: justify;\">La metodolog\u00eda empleada es principalmente verbalista (el docente dicta la clase mientras los alumnos escuchan) y memor\u00edstica ya que propone que el aprendizaje se logra a trav\u00e9s de la repetici\u00f3n de ejercicios, aunque se deja de lado el significado o utilidad que puede tener lo aprendido.<\/p>\n<p style=\"text-align: justify;\">El ambiente de aprendizaje es r\u00edgido y basado en la disciplina, no se permite la cr\u00edtica y el profesor asume la figura de autoridad. La evaluaci\u00f3n se centra en lo sumativo, por lo que se eval\u00faa al final del proceso, en el cual el estudiante debe demostrar lo que aprendi\u00f3, normalmente mediante un examen oral o escrito, para as\u00ed asignarle una calificaci\u00f3n y determinar si aprob\u00f3 o no.<\/p>\n<p style=\"text-align: justify;\">Te recomendamos tambi\u00e9n: Cuadro comparativo de las principales corrientes y teor\u00edas pedag\u00f3gicas<\/p>\n<p>Enlace relacionado: <a href=\"https:\/\/webdelmaestrocmf.com\/portal\/estos-son-los-modelos-de-aprendizaje-mas-destacados-cual-le-gustaria-aplicar\/\" target=\"_blank\" rel=\"noopener\">Estos son los modelos de aprendizaje m\u00e1s destacados \u00bfCu\u00e1l le gustar\u00eda aplicar?<\/a><\/p>\n<h5 style=\"text-align: justify;\">MODELO PEDAG\u00d3GICO CONDUCTISTA<\/h5>\n<p style=\"text-align: justify;\">En este modelo la transmisi\u00f3n y acumulaci\u00f3n de saberes tienen un papel primordial, la metodolog\u00eda de ense\u00f1anza tiende a ser principalmente expositiva-demostrativa, por lo que el centro del proceso es el profesor y el rol del estudiante sigue siendo pasivo.<\/p>\n<p style=\"text-align: justify;\">El aprendizaje en el modelo conductista se define como la adquisici\u00f3n de hechos, destrezas y conceptos que ocurren, mediante el entrenamiento, la repetici\u00f3n, la exposici\u00f3n y la pr\u00e1ctica guiada por parte del docente. Se caracteriza tambi\u00e9n por el uso de refuerzos (premios) para favorecer el desempe\u00f1o.<\/p>\n<p style=\"text-align: justify;\">Se considera tambi\u00e9n que el aprendizaje se manifiesta cuando existe un cambio de conducta observable. La evaluaci\u00f3n es principalmente sumativa, se eval\u00faa el proceso, pero se hace \u00e9nfasis en el producto final para determinar si el alumno aprueba o reprueba.<\/p>\n<p><a href=\"https:\/\/webdelmaestrocmf.com\/portal\/wp-content\/uploads\/2023\/02\/1-11.jpg\"><img loading=\"lazy\" decoding=\"async\" class=\"alignnone wp-image-83773 size-large\" src=\"https:\/\/webdelmaestrocmf.com\/portal\/wp-content\/uploads\/2023\/02\/1-11-1024x538.jpg\" alt=\"Modelos Pedag\u00f3gicos\" width=\"1024\" height=\"538\" srcset=\"https:\/\/webdelmaestrocmf.com\/portal\/wp-content\/uploads\/2023\/02\/1-11-1024x538.jpg 1024w, https:\/\/webdelmaestrocmf.com\/portal\/wp-content\/uploads\/2023\/02\/1-11-300x158.jpg 300w, https:\/\/webdelmaestrocmf.com\/portal\/wp-content\/uploads\/2023\/02\/1-11-768x403.jpg 768w, https:\/\/webdelmaestrocmf.com\/portal\/wp-content\/uploads\/2023\/02\/1-11-380x200.jpg 380w, https:\/\/webdelmaestrocmf.com\/portal\/wp-content\/uploads\/2023\/02\/1-11-800x420.jpg 800w, https:\/\/webdelmaestrocmf.com\/portal\/wp-content\/uploads\/2023\/02\/1-11-1160x609.jpg 1160w, https:\/\/webdelmaestrocmf.com\/portal\/wp-content\/uploads\/2023\/02\/1-11.jpg 1500w\" sizes=\"auto, (max-width: 1024px) 100vw, 1024px\" \/><\/a><\/p>\n<h5 style=\"text-align: justify;\">MODELO PEDAG\u00d3GICO EXPERIENCIAL-ROM\u00c1NTICO<\/h5>\n<p style=\"text-align: justify;\">Este modelo se centra en el humanismo, ya que se concibe el desarrollo de los ni\u00f1os como un proceso natural y espont\u00e1neo, por lo que los contenidos y temas a estudiar no tienen una secuencia preestablecida, sino que parten de la libertad, los intereses y necesidades de los estudiantes.<\/p>\n<p style=\"text-align: justify;\">En este sentido, el papel de sujeto activo lo toman los alumnos por lo que aprenden haciendo y el docente se vuelve un agente auxiliar que interviene solamente cuando se requiere.<\/p>\n<p style=\"text-align: justify;\">En congruencia con las premisas de este modelo, se recomienda que no se eval\u00fae, pero de ser necesario hacerlo se propone una valoraci\u00f3n m\u00e1s cualitativa, enfocada en el seguimiento del desarrollo individual de los estudiantes.<\/p>\n<p>Enlace relacionado: <a href=\"https:\/\/webdelmaestrocmf.com\/portal\/miguel-angel-gallegos-los-modelos-educativos-deben-replantearse-ante-las-nuevas-formas-de-trabajo\/\" target=\"_blank\" rel=\"noopener\">[Miguel \u00c1ngel Gallegos] Los modelos educativos deben replantearse ante las nuevas formas de trabajo<\/a><\/p>\n<h5 style=\"text-align: justify;\">MODELO PEDAG\u00d3GICO COGNITIVISTA-DESARROLLISTA<\/h5>\n<p style=\"text-align: justify;\">A diferencia de los modelos anteriores, no busca la acumulaci\u00f3n de conocimientos, sino contribuir al desarrollo intelectual (progresivo y secuencial) a trav\u00e9s de la mediaci\u00f3n del profesor.<\/p>\n<p style=\"text-align: justify;\">La metodolog\u00eda de ense\u00f1anza es variada y centrada en el proceso de aprendizaje, teniendo como objetivo el desarrollo de habilidades partiendo de los conocimientos previos de los estudiantes.<\/p>\n<p style=\"text-align: justify;\">El rol del docente es el de facilitador-mediador, y el papel protagonista recae en el alumno. La evaluaci\u00f3n es formativa y sumativa, teniendo en cuenta el proceso y tambi\u00e9n el resultado.<\/p>\n<h5 style=\"text-align: justify;\">MODELO PEDAG\u00d3GICO CONSTRUCTIVISTA<\/h5>\n<p style=\"text-align: justify;\">Basado en las ideas de autores como Piaget y Vygotsky, entre otros, es uno de los modelos de mayor aceptaci\u00f3n en la actualidad, el centro del proceso es el alumno quien se convierte en protagonista de su propio aprendizaje.<\/p>\n<p style=\"text-align: justify;\">El papel del docente es el de orientador, identificando las necesidades de los estudiantes, promoviendo el desarrollo del pensamiento cr\u00edtico, creativo y reflexivo a trav\u00e9s del planteamiento de tareas y preguntas que contribuyan a la resoluci\u00f3n de problemas aut\u00e9nticos. El alumno participa activamente y propone soluciones, por lo que adquiere cada vez mayor autonom\u00eda.<\/p>\n<p>Tema relacionado:\u00a0<a href=\"https:\/\/webdelmaestrocmf.com\/portal\/cual-es-el-origen-de-las-corrientes-del-pensamiento-pedagogico\/\" target=\"_blank\" rel=\"noopener\">Cu\u00e1l es el origen de las corrientes del pensamiento pedag\u00f3gico<\/a><\/p>\n<p style=\"text-align: justify;\">De igual forma, el trabajo colaborativo, los saberes previos, as\u00ed como el contexto son primordiales para la construcci\u00f3n del aprendizaje, por lo que se privilegia el planteamiento de casos o problemas en entornos reales y significativos.<\/p>\n<p style=\"text-align: justify;\">La evaluaci\u00f3n es principalmente formativa, ligada a una retroalimentaci\u00f3n permanente que contribuye a la mejora del aprendizaje as\u00ed como del propio proceso de ense\u00f1anza.<\/p>\n<p>Enlace relacionado: <a href=\"https:\/\/webdelmaestrocmf.com\/portal\/principios-pedagogicos-esenciales-para-la-docencia\/\" target=\"_blank\" rel=\"noopener\">Principios Pedag\u00f3gicos esenciales para la docencia<\/a><\/p>\n<p style=\"text-align: center;\">Recomendamos a la Comunidad Educativa Digital tener en cuenta que, el enlace y\/o la carpeta en donde est\u00e1n alojados los libros, recursos y\/o materiales, no es administrado por la Web del Maestro CMF, pueda ser que en cuesti\u00f3n de d\u00edas (o seg\u00fan el tiempo transcurrido desde su publicaci\u00f3n), los enlaces no funcionen y el material ya no se encuentre disponible. Gracias por su comprensi\u00f3n.<\/p>\n<p style=\"text-align: center;\"><strong>ENLACE DE LECTURA: 1.<\/strong> <a href=\"https:\/\/image.isu.pub\/200518000054-18f54bea26e0bc8578ac9a3b9683cbcd\/jpg\/page_1.jpg\" target=\"_blank\" rel=\"noopener\">MAPA CONCEPTUAL DE LOS MODELOS PEDAG\u00d3GICOS<\/a> | 2. <a href=\"https:\/\/mega.nz\/folder\/GyZUhIiB#dgiq6vUOnN2ciranIRs8vw\" target=\"_blank\" rel=\"noopener\">MAPA CONCEPTUAL DE LOS MODELOS PEDAG\u00d3GICOS: TRADICIONAL, ROM\u00c1NTICO, CONDUCTISTA, COGNITIVO Y SOCIAL-COGNITIVO<\/a><\/p>\n<p style=\"text-align: center;\"><strong>Si te sirvi\u00f3 el material, ap\u00f3yanos con un clic. Nos ayudar\u00e1 a mantener el servicio. \u00a1Comparte y as\u00ed m\u00e1s docentes utilizar\u00e1n estos recursos gratis! Muchas gracias.<\/strong><\/p>\n<p><img decoding=\"async\" src=\"https:\/\/webdelmaestrocmf.com\/portal\/wp-content\/uploads\/2023\/04\/banner_des.png\" \/><\/p>\n\t\t<div class=\"pk-inline-posts\">\n\t\t\t\n\t\t\t<div class=\"pk-inline-posts-container pk-inline-posts-template-list\"\n\t\t\t\tdata-columns=\"1\">\n\t\t\t\t\t\t<article id=\"post-101267\" class=\"post-101267 post type-post status-publish format-standard has-post-thumbnail category-calculo category-descargas-manuales-pdf category-pedagogia tag-calculo tag-desarrollar tag-guia tag-mental tag-ninos cs-entry cs-video-wrap\">\n\t\t\t<div class=\"pk-post-outer\">\n\n\t\t\t\t\t\t\t\t<div class=\"pk-post-inner\">\n\t\t\t\t\t<div class=\"entry-thumbnail\">\n\t\t\t\t\t\t<div class=\"pk-overlay pk-overlay-ratio pk-ratio-landscape\">\n\t\t\t\t\t\t\t<div class=\"pk-overlay-background\">\n\t\t\t\t\t\t\t\t<a href=\"https:\/\/webdelmaestrocmf.com\/portal\/guia-para-desarrollar-el-calculo-mental-en-ninos\/\" class=\"pk-overlay-link\">\n\t\t\t\t\t\t\t\t\t<img loading=\"lazy\" decoding=\"async\" width=\"300\" height=\"225\" src=\"https:\/\/webdelmaestrocmf.com\/portal\/wp-content\/uploads\/2023\/11\/1AA-Banner-1-portada-imagen-10-1-copia-1-300x225.webp\" class=\"attachment-pk-thumbnail size-pk-thumbnail wp-post-image\" alt=\"\" \/>\t\t\t\t\t\t\t\t<\/a>\n\t\t\t\t\t\t\t<\/div>\n\t\t\t\t\t\t<\/div>\n\t\t\t\t\t<\/div>\n\t\t\t\t<\/div>\n\t\t\t\t\n\t\t\t\t<div class=\"pk-post-inner\">\n\t\t\t\t\t<header>\n\t\t\t\t\t\t<h3 class=\"pk-title\"><a href=\"https:\/\/webdelmaestrocmf.com\/portal\/guia-para-desarrollar-el-calculo-mental-en-ninos\/\" rel=\"bookmark\">Gu\u00eda pr\u00e1ctica para desarrollar el c\u00e1lculo mental en ni\u00f1os: descarga los tres cuadernillos de c\u00e1lculo mental<\/a><\/h3>\t\t\t\t\t<\/header><!-- .entry-header -->\n\t\t\t\t<\/div><!-- .post-inner -->\n\n\t\t\t<\/div><!-- .post-outer -->\n\t\t<\/article>\n\t\t\t<article id=\"post-95551\" class=\"post-95551 post type-post status-publish format-standard has-post-thumbnail category-deficit-de-atencion category-descargas-manuales-pdf category-pedagogia tag-actividades-al-aire-libre tag-actividades-en-casa tag-actividades-escolares tag-ambiente-de-aprendizaje tag-atencion tag-atencion-plena tag-comprension-lectora tag-concentracion tag-desarrollo-cognitivo tag-educacion tag-ejercicios-de-atencion tag-ejercicios-de-respiracion tag-estrategias-educativas tag-habilidades-de-atencio tag-herramientas-visuales tag-juegos-de-atencion tag-juegos-de-mesa tag-lectura-conjunta tag-limitar-tiempo-de-pantalla tag-mindfulness tag-ninos-distraidos tag-organizacion tag-pausas-activas tag-rompecabezas tag-rutinas tag-tareas-domesticas tag-tdah tag-tecnicas-de-concentracion tag-tiempo-de-silencio cs-entry cs-video-wrap\">\n\t\t\t<div class=\"pk-post-outer\">\n\n\t\t\t\t\t\t\t\t<div class=\"pk-post-inner\">\n\t\t\t\t\t<div class=\"entry-thumbnail\">\n\t\t\t\t\t\t<div class=\"pk-overlay pk-overlay-ratio pk-ratio-landscape\">\n\t\t\t\t\t\t\t<div class=\"pk-overlay-background\">\n\t\t\t\t\t\t\t\t<a href=\"https:\/\/webdelmaestrocmf.com\/portal\/como-educar-a-ninos-distraidos-o-despistados-que-se-puede-hacer-en-clase\/\" class=\"pk-overlay-link\">\n\t\t\t\t\t\t\t\t\t<img loading=\"lazy\" decoding=\"async\" width=\"300\" height=\"225\" src=\"https:\/\/webdelmaestrocmf.com\/portal\/wp-content\/uploads\/2023\/09\/1A-Banner-1-portada-imagen-10-1-copia-1-300x225.jpg\" class=\"attachment-pk-thumbnail size-pk-thumbnail wp-post-image\" alt=\"\" \/>\t\t\t\t\t\t\t\t<\/a>\n\t\t\t\t\t\t\t<\/div>\n\t\t\t\t\t\t<\/div>\n\t\t\t\t\t<\/div>\n\t\t\t\t<\/div>\n\t\t\t\t\n\t\t\t\t<div class=\"pk-post-inner\">\n\t\t\t\t\t<header>\n\t\t\t\t\t\t<h3 class=\"pk-title\"><a href=\"https:\/\/webdelmaestrocmf.com\/portal\/como-educar-a-ninos-distraidos-o-despistados-que-se-puede-hacer-en-clase\/\" rel=\"bookmark\">C\u00f3mo educar a ni\u00f1os distra\u00eddos o despistados. \u00bfQu\u00e9 se puede hacer en clase? Descarga las 80 actividades para trabajar la atenci\u00f3n en clases<\/a><\/h3>\t\t\t\t\t<\/header><!-- .entry-header -->\n\t\t\t\t<\/div><!-- .post-inner -->\n\n\t\t\t<\/div><!-- .post-outer -->\n\t\t<\/article>\n\t\t\t<article id=\"post-20592\" class=\"post-20592 post type-post status-publish format-standard has-post-thumbnail category-descarga category-descargas-manuales-pdf category-estres category-pedagogia tag-docentes tag-educadores tag-guia tag-mindfulness tag-practica cs-entry cs-video-wrap\">\n\t\t\t<div class=\"pk-post-outer\">\n\n\t\t\t\t\t\t\t\t<div class=\"pk-post-inner\">\n\t\t\t\t\t<div class=\"entry-thumbnail\">\n\t\t\t\t\t\t<div class=\"pk-overlay pk-overlay-ratio pk-ratio-landscape\">\n\t\t\t\t\t\t\t<div class=\"pk-overlay-background\">\n\t\t\t\t\t\t\t\t<a href=\"https:\/\/webdelmaestrocmf.com\/portal\/mindfulness-guia-practica-docentes-educadores\/\" class=\"pk-overlay-link\">\n\t\t\t\t\t\t\t\t\t<img loading=\"lazy\" decoding=\"async\" width=\"300\" height=\"225\" src=\"https:\/\/webdelmaestrocmf.com\/portal\/wp-content\/uploads\/2020\/03\/1AA-Banner-1-portada-imagen-10-1-copia-4-300x225.webp\" class=\"attachment-pk-thumbnail size-pk-thumbnail wp-post-image\" alt=\"\" \/>\t\t\t\t\t\t\t\t<\/a>\n\t\t\t\t\t\t\t<\/div>\n\t\t\t\t\t\t<\/div>\n\t\t\t\t\t<\/div>\n\t\t\t\t<\/div>\n\t\t\t\t\n\t\t\t\t<div class=\"pk-post-inner\">\n\t\t\t\t\t<header>\n\t\t\t\t\t\t<h3 class=\"pk-title\"><a href=\"https:\/\/webdelmaestrocmf.com\/portal\/mindfulness-guia-practica-docentes-educadores\/\" rel=\"bookmark\">Mindfulness: Gu\u00eda pr\u00e1ctica para docentes y educadores<\/a><\/h3>\t\t\t\t\t<\/header><!-- .entry-header -->\n\t\t\t\t<\/div><!-- .post-inner -->\n\n\t\t\t<\/div><!-- .post-outer -->\n\t\t<\/article>\n\t\t\t\t<\/div>\n\t\t<\/div>\n\t\t\n","protected":false},"excerpt":{"rendered":"As\u00ed como existen diferencias en la conceptualizaci\u00f3n y definici\u00f3n de los modelos pedag\u00f3gicos, tambi\u00e9n existen divergencias frente a&hellip;","protected":false},"author":1,"featured_media":83775,"comment_status":"open","ping_status":"closed","sticky":false,"template":"","format":"standard","meta":{"csco_display_header_overlay":false,"csco_singular_sidebar":"default","csco_page_header_type":"default","csco_page_load_nextpost":"default","csco_post_video_location":[],"csco_post_video_location_hash":"","csco_post_video_url":"","csco_post_video_bg_start_time":0,"csco_post_video_bg_end_time":0,"csco_post_video_bg_volume":false,"_jetpack_memberships_contains_paid_content":false,"footnotes":""},"categories":[2004,735],"tags":[5109,5108,2739,2153],"class_list":{"0":"post-83772","1":"post","2":"type-post","3":"status-publish","4":"format-standard","5":"has-post-thumbnail","7":"category-descargas-manuales-pdf","8":"category-pedagogia","9":"tag-conceptual","10":"tag-mapa","11":"tag-modelos","12":"tag-pedagogicos","13":"cs-entry","14":"cs-video-wrap"},"yoast_head":"<!-- This site is optimized with the Yoast SEO plugin v27.5 - https:\/\/yoast.com\/product\/yoast-seo-wordpress\/ -->\n<title>Mapa conceptual de los Modelos Pedag\u00f3gicos: Tradicional, Rom\u00e1ntico, Conductista, Cognitivo y Social-Cognitivo - 2026<\/title>\n<meta name=\"description\" content=\"As\u00ed como existen diferencias en la conceptualizaci\u00f3n y definici\u00f3n de los modelos pedag\u00f3gicos, tambi\u00e9n existen divergencias...\" \/>\n<meta name=\"robots\" content=\"index, follow, max-snippet:-1, max-image-preview:large, max-video-preview:-1\" \/>\n<link rel=\"canonical\" href=\"https:\/\/webdelmaestrocmf.com\/portal\/mapa-conceptual-de-los-modelos-pedagogicos-tradicional-romantico-conductista-cognitivo-y-social-cognitivo\/\" \/>\n<meta property=\"og:locale\" content=\"es_ES\" \/>\n<meta property=\"og:type\" content=\"article\" \/>\n<meta property=\"og:title\" content=\"Mapa conceptual de los Modelos Pedag\u00f3gicos: Tradicional, Rom\u00e1ntico, Conductista, Cognitivo y Social-Cognitivo - 2026\" \/>\n<meta property=\"og:description\" content=\"As\u00ed como existen diferencias en la conceptualizaci\u00f3n y definici\u00f3n de los modelos pedag\u00f3gicos, tambi\u00e9n existen divergencias...\" \/>\n<meta property=\"og:url\" content=\"https:\/\/webdelmaestrocmf.com\/portal\/mapa-conceptual-de-los-modelos-pedagogicos-tradicional-romantico-conductista-cognitivo-y-social-cognitivo\/\" \/>\n<meta property=\"og:site_name\" content=\"Web del Maestro CMF\" \/>\n<meta property=\"article:publisher\" content=\"https:\/\/www.facebook.com\/WebdelMaestroCMF\/\" \/>\n<meta property=\"article:author\" content=\"https:\/\/www.facebook.com\/WebdelMaestroCMF\/\" \/>\n<meta property=\"article:published_time\" content=\"2023-02-04T22:28:44+00:00\" \/>\n<meta property=\"article:modified_time\" content=\"2023-10-05T15:19:14+00:00\" \/>\n<meta property=\"og:image\" content=\"https:\/\/i0.wp.com\/webdelmaestrocmf.com\/portal\/wp-content\/uploads\/2023\/02\/1-12.jpg?fit=900%2C556&ssl=1\" \/>\n\t<meta property=\"og:image:width\" content=\"900\" \/>\n\t<meta property=\"og:image:height\" content=\"556\" \/>\n\t<meta property=\"og:image:type\" content=\"image\/jpeg\" \/>\n<meta name=\"author\" content=\"Web del Maestro CMF\" \/>\n<meta name=\"twitter:card\" content=\"summary_large_image\" \/>\n<meta name=\"twitter:creator\" content=\"@cmf_w\" \/>\n<meta name=\"twitter:site\" content=\"@cmf_w\" \/>\n<script type=\"application\/ld+json\" class=\"yoast-schema-graph\">{\"@context\":\"https:\\\/\\\/schema.org\",\"@graph\":[{\"@type\":\"ScholarlyArticle\",\"@id\":\"https:\\\/\\\/webdelmaestrocmf.com\\\/portal\\\/mapa-conceptual-de-los-modelos-pedagogicos-tradicional-romantico-conductista-cognitivo-y-social-cognitivo\\\/#article\",\"isPartOf\":{\"@id\":\"https:\\\/\\\/webdelmaestrocmf.com\\\/portal\\\/mapa-conceptual-de-los-modelos-pedagogicos-tradicional-romantico-conductista-cognitivo-y-social-cognitivo\\\/\"},\"author\":{\"name\":\"Web del Maestro CMF\",\"@id\":\"https:\\\/\\\/webdelmaestrocmf.com\\\/portal\\\/#\\\/schema\\\/person\\\/1072a2ed7bd960df8ef99a551fa35dc5\"},\"headline\":\"Mapa conceptual de los Modelos Pedag\u00f3gicos: Tradicional, Rom\u00e1ntico, Conductista, Cognitivo y Social-Cognitivo\",\"datePublished\":\"2023-02-04T22:28:44+00:00\",\"dateModified\":\"2023-10-05T15:19:14+00:00\",\"mainEntityOfPage\":{\"@id\":\"https:\\\/\\\/webdelmaestrocmf.com\\\/portal\\\/mapa-conceptual-de-los-modelos-pedagogicos-tradicional-romantico-conductista-cognitivo-y-social-cognitivo\\\/\"},\"wordCount\":1122,\"commentCount\":1,\"publisher\":{\"@id\":\"https:\\\/\\\/webdelmaestrocmf.com\\\/portal\\\/#organization\"},\"image\":{\"@id\":\"https:\\\/\\\/webdelmaestrocmf.com\\\/portal\\\/mapa-conceptual-de-los-modelos-pedagogicos-tradicional-romantico-conductista-cognitivo-y-social-cognitivo\\\/#primaryimage\"},\"thumbnailUrl\":\"https:\\\/\\\/webdelmaestrocmf.com\\\/portal\\\/wp-content\\\/uploads\\\/2023\\\/02\\\/1-12.jpg\",\"keywords\":[\"conceptual\",\"mapa\",\"MODELOS\",\"PEDAG\u00d3GICOS\"],\"articleSection\":[\"Descargas Manuales PDF\",\"Recursos\"],\"inLanguage\":\"es\",\"potentialAction\":[{\"@type\":\"CommentAction\",\"name\":\"Comment\",\"target\":[\"https:\\\/\\\/webdelmaestrocmf.com\\\/portal\\\/mapa-conceptual-de-los-modelos-pedagogicos-tradicional-romantico-conductista-cognitivo-y-social-cognitivo\\\/#respond\"]}]},{\"@type\":\"WebPage\",\"@id\":\"https:\\\/\\\/webdelmaestrocmf.com\\\/portal\\\/mapa-conceptual-de-los-modelos-pedagogicos-tradicional-romantico-conductista-cognitivo-y-social-cognitivo\\\/\",\"url\":\"https:\\\/\\\/webdelmaestrocmf.com\\\/portal\\\/mapa-conceptual-de-los-modelos-pedagogicos-tradicional-romantico-conductista-cognitivo-y-social-cognitivo\\\/\",\"name\":\"Mapa conceptual de los Modelos Pedag\u00f3gicos: Tradicional, Rom\u00e1ntico, Conductista, Cognitivo y Social-Cognitivo - 2026\",\"isPartOf\":{\"@id\":\"https:\\\/\\\/webdelmaestrocmf.com\\\/portal\\\/#website\"},\"primaryImageOfPage\":{\"@id\":\"https:\\\/\\\/webdelmaestrocmf.com\\\/portal\\\/mapa-conceptual-de-los-modelos-pedagogicos-tradicional-romantico-conductista-cognitivo-y-social-cognitivo\\\/#primaryimage\"},\"image\":{\"@id\":\"https:\\\/\\\/webdelmaestrocmf.com\\\/portal\\\/mapa-conceptual-de-los-modelos-pedagogicos-tradicional-romantico-conductista-cognitivo-y-social-cognitivo\\\/#primaryimage\"},\"thumbnailUrl\":\"https:\\\/\\\/webdelmaestrocmf.com\\\/portal\\\/wp-content\\\/uploads\\\/2023\\\/02\\\/1-12.jpg\",\"datePublished\":\"2023-02-04T22:28:44+00:00\",\"dateModified\":\"2023-10-05T15:19:14+00:00\",\"description\":\"As\u00ed como existen diferencias en la conceptualizaci\u00f3n y definici\u00f3n de los modelos pedag\u00f3gicos, tambi\u00e9n existen divergencias...\",\"breadcrumb\":{\"@id\":\"https:\\\/\\\/webdelmaestrocmf.com\\\/portal\\\/mapa-conceptual-de-los-modelos-pedagogicos-tradicional-romantico-conductista-cognitivo-y-social-cognitivo\\\/#breadcrumb\"},\"inLanguage\":\"es\",\"potentialAction\":[{\"@type\":\"ReadAction\",\"target\":[\"https:\\\/\\\/webdelmaestrocmf.com\\\/portal\\\/mapa-conceptual-de-los-modelos-pedagogicos-tradicional-romantico-conductista-cognitivo-y-social-cognitivo\\\/\"]}]},{\"@type\":\"ImageObject\",\"inLanguage\":\"es\",\"@id\":\"https:\\\/\\\/webdelmaestrocmf.com\\\/portal\\\/mapa-conceptual-de-los-modelos-pedagogicos-tradicional-romantico-conductista-cognitivo-y-social-cognitivo\\\/#primaryimage\",\"url\":\"https:\\\/\\\/webdelmaestrocmf.com\\\/portal\\\/wp-content\\\/uploads\\\/2023\\\/02\\\/1-12.jpg\",\"contentUrl\":\"https:\\\/\\\/webdelmaestrocmf.com\\\/portal\\\/wp-content\\\/uploads\\\/2023\\\/02\\\/1-12.jpg\",\"width\":900,\"height\":556,\"caption\":\"Modelos Pedag\u00f3gicos\"},{\"@type\":\"BreadcrumbList\",\"@id\":\"https:\\\/\\\/webdelmaestrocmf.com\\\/portal\\\/mapa-conceptual-de-los-modelos-pedagogicos-tradicional-romantico-conductista-cognitivo-y-social-cognitivo\\\/#breadcrumb\",\"itemListElement\":[{\"@type\":\"ListItem\",\"position\":1,\"name\":\"Portada\",\"item\":\"https:\\\/\\\/webdelmaestrocmf.com\\\/portal\\\/\"},{\"@type\":\"ListItem\",\"position\":2,\"name\":\"Recursos\",\"item\":\"https:\\\/\\\/webdelmaestrocmf.com\\\/portal\\\/category\\\/pedagogia\\\/\"},{\"@type\":\"ListItem\",\"position\":3,\"name\":\"Mapa conceptual de los Modelos Pedag\u00f3gicos: Tradicional, Rom\u00e1ntico, Conductista, Cognitivo y Social-Cognitivo\"}]},{\"@type\":\"WebSite\",\"@id\":\"https:\\\/\\\/webdelmaestrocmf.com\\\/portal\\\/#website\",\"url\":\"https:\\\/\\\/webdelmaestrocmf.com\\\/portal\\\/\",\"name\":\"Web del Maestro CMF\",\"description\":\"Maestros al servicio de la educaci\u00f3n\",\"publisher\":{\"@id\":\"https:\\\/\\\/webdelmaestrocmf.com\\\/portal\\\/#organization\"},\"alternateName\":\"WMCMF\",\"potentialAction\":[{\"@type\":\"SearchAction\",\"target\":{\"@type\":\"EntryPoint\",\"urlTemplate\":\"https:\\\/\\\/webdelmaestrocmf.com\\\/portal\\\/?s={search_term_string}\"},\"query-input\":{\"@type\":\"PropertyValueSpecification\",\"valueRequired\":true,\"valueName\":\"search_term_string\"}}],\"inLanguage\":\"es\"},{\"@type\":\"Organization\",\"@id\":\"https:\\\/\\\/webdelmaestrocmf.com\\\/portal\\\/#organization\",\"name\":\"Web del Maestro CMF\",\"alternateName\":\"WMCMF\",\"url\":\"https:\\\/\\\/webdelmaestrocmf.com\\\/portal\\\/\",\"logo\":{\"@type\":\"ImageObject\",\"inLanguage\":\"es\",\"@id\":\"https:\\\/\\\/webdelmaestrocmf.com\\\/portal\\\/#\\\/schema\\\/logo\\\/image\\\/\",\"url\":\"https:\\\/\\\/webdelmaestrocmf.com\\\/portal\\\/wp-content\\\/uploads\\\/2023\\\/01\\\/logo-wmcmf-2.png\",\"contentUrl\":\"https:\\\/\\\/webdelmaestrocmf.com\\\/portal\\\/wp-content\\\/uploads\\\/2023\\\/01\\\/logo-wmcmf-2.png\",\"width\":200,\"height\":60,\"caption\":\"Web del Maestro CMF\"},\"image\":{\"@id\":\"https:\\\/\\\/webdelmaestrocmf.com\\\/portal\\\/#\\\/schema\\\/logo\\\/image\\\/\"},\"sameAs\":[\"https:\\\/\\\/www.facebook.com\\\/WebdelMaestroCMF\\\/\",\"https:\\\/\\\/x.com\\\/cmf_w\",\"https:\\\/\\\/www.pinterest.com\\\/WMCMF\\\/\",\"https:\\\/\\\/www.linkedin.com\\\/company\\\/web-del-maestro-cmf\\\/\",\"https:\\\/\\\/www.instagram.com\\\/wmcmf\\\/\",\"https:\\\/\\\/www.youtube.com\\\/channel\\\/UCDPSvjbdodE5sHnC3OxutHw\",\"https:\\\/\\\/mastodon.social\\\/@wmcmf\",\"https:\\\/\\\/www.tiktok.com\\\/@webdelmaestrocmf\"]},{\"@type\":\"Person\",\"@id\":\"https:\\\/\\\/webdelmaestrocmf.com\\\/portal\\\/#\\\/schema\\\/person\\\/1072a2ed7bd960df8ef99a551fa35dc5\",\"name\":\"Web del Maestro CMF\",\"image\":{\"@type\":\"ImageObject\",\"inLanguage\":\"es\",\"@id\":\"https:\\\/\\\/secure.gravatar.com\\\/avatar\\\/23291dd5b5ae1077dcff3dbb04c3e02bd28403fa75af6d8787d5e97c5bbbe30b?s=96&d=mm&r=g\",\"url\":\"https:\\\/\\\/secure.gravatar.com\\\/avatar\\\/23291dd5b5ae1077dcff3dbb04c3e02bd28403fa75af6d8787d5e97c5bbbe30b?s=96&d=mm&r=g\",\"contentUrl\":\"https:\\\/\\\/secure.gravatar.com\\\/avatar\\\/23291dd5b5ae1077dcff3dbb04c3e02bd28403fa75af6d8787d5e97c5bbbe30b?s=96&d=mm&r=g\",\"caption\":\"Web del Maestro CMF\"},\"description\":\"Esta Web se cre\u00f3 sin fines de lucro, con fines educativos, cient\u00edficos y acad\u00e9micos, para personas que tengan dificultades y\\\/o inconvenientes en visualizar el material original. El objetivo es entregar recursos, compartir experiencias y materiales que ayuden a los padres de familia, maestros y estudiantes en su actualizaci\u00f3n y formaci\u00f3n permanente, en bien de la Educaci\u00f3n.\",\"sameAs\":[\"http:\\\/\\\/webdelmaestrocmf.com\\\/portal\",\"https:\\\/\\\/www.facebook.com\\\/WebdelMaestroCMF\\\/\",\"https:\\\/\\\/www.instagram.com\\\/wmcmf\\\/\",\"https:\\\/\\\/cl.linkedin.com\\\/company\\\/web-del-maestro-cmf\",\"https:\\\/\\\/www.pinterest.com\\\/WMCMF\\\/publicaciones\\\/\",\"https:\\\/\\\/x.com\\\/cmf_w\",\"https:\\\/\\\/www.youtube.com\\\/@WMCMF\"]}]}<\/script>\n<!-- \/ Yoast SEO plugin. -->","yoast_head_json":{"title":"Mapa conceptual de los Modelos Pedag\u00f3gicos: Tradicional, Rom\u00e1ntico, Conductista, Cognitivo y Social-Cognitivo - 2026","description":"As\u00ed como existen diferencias en la conceptualizaci\u00f3n y definici\u00f3n de los modelos pedag\u00f3gicos, tambi\u00e9n existen divergencias...","robots":{"index":"index","follow":"follow","max-snippet":"max-snippet:-1","max-image-preview":"max-image-preview:large","max-video-preview":"max-video-preview:-1"},"canonical":"https:\/\/webdelmaestrocmf.com\/portal\/mapa-conceptual-de-los-modelos-pedagogicos-tradicional-romantico-conductista-cognitivo-y-social-cognitivo\/","og_locale":"es_ES","og_type":"article","og_title":"Mapa conceptual de los Modelos Pedag\u00f3gicos: Tradicional, Rom\u00e1ntico, Conductista, Cognitivo y Social-Cognitivo - 2026","og_description":"As\u00ed como existen diferencias en la conceptualizaci\u00f3n y definici\u00f3n de los modelos pedag\u00f3gicos, tambi\u00e9n existen divergencias...","og_url":"https:\/\/webdelmaestrocmf.com\/portal\/mapa-conceptual-de-los-modelos-pedagogicos-tradicional-romantico-conductista-cognitivo-y-social-cognitivo\/","og_site_name":"Web del Maestro CMF","article_publisher":"https:\/\/www.facebook.com\/WebdelMaestroCMF\/","article_author":"https:\/\/www.facebook.com\/WebdelMaestroCMF\/","article_published_time":"2023-02-04T22:28:44+00:00","article_modified_time":"2023-10-05T15:19:14+00:00","og_image":[{"width":900,"height":556,"url":"https:\/\/i0.wp.com\/webdelmaestrocmf.com\/portal\/wp-content\/uploads\/2023\/02\/1-12.jpg?fit=900%2C556&ssl=1","type":"image\/jpeg"}],"author":"Web del Maestro CMF","twitter_card":"summary_large_image","twitter_creator":"@cmf_w","twitter_site":"@cmf_w","schema":{"@context":"https:\/\/schema.org","@graph":[{"@type":"ScholarlyArticle","@id":"https:\/\/webdelmaestrocmf.com\/portal\/mapa-conceptual-de-los-modelos-pedagogicos-tradicional-romantico-conductista-cognitivo-y-social-cognitivo\/#article","isPartOf":{"@id":"https:\/\/webdelmaestrocmf.com\/portal\/mapa-conceptual-de-los-modelos-pedagogicos-tradicional-romantico-conductista-cognitivo-y-social-cognitivo\/"},"author":{"name":"Web del Maestro CMF","@id":"https:\/\/webdelmaestrocmf.com\/portal\/#\/schema\/person\/1072a2ed7bd960df8ef99a551fa35dc5"},"headline":"Mapa conceptual de los Modelos Pedag\u00f3gicos: Tradicional, Rom\u00e1ntico, Conductista, Cognitivo y Social-Cognitivo","datePublished":"2023-02-04T22:28:44+00:00","dateModified":"2023-10-05T15:19:14+00:00","mainEntityOfPage":{"@id":"https:\/\/webdelmaestrocmf.com\/portal\/mapa-conceptual-de-los-modelos-pedagogicos-tradicional-romantico-conductista-cognitivo-y-social-cognitivo\/"},"wordCount":1122,"commentCount":1,"publisher":{"@id":"https:\/\/webdelmaestrocmf.com\/portal\/#organization"},"image":{"@id":"https:\/\/webdelmaestrocmf.com\/portal\/mapa-conceptual-de-los-modelos-pedagogicos-tradicional-romantico-conductista-cognitivo-y-social-cognitivo\/#primaryimage"},"thumbnailUrl":"https:\/\/webdelmaestrocmf.com\/portal\/wp-content\/uploads\/2023\/02\/1-12.jpg","keywords":["conceptual","mapa","MODELOS","PEDAG\u00d3GICOS"],"articleSection":["Descargas Manuales PDF","Recursos"],"inLanguage":"es","potentialAction":[{"@type":"CommentAction","name":"Comment","target":["https:\/\/webdelmaestrocmf.com\/portal\/mapa-conceptual-de-los-modelos-pedagogicos-tradicional-romantico-conductista-cognitivo-y-social-cognitivo\/#respond"]}]},{"@type":"WebPage","@id":"https:\/\/webdelmaestrocmf.com\/portal\/mapa-conceptual-de-los-modelos-pedagogicos-tradicional-romantico-conductista-cognitivo-y-social-cognitivo\/","url":"https:\/\/webdelmaestrocmf.com\/portal\/mapa-conceptual-de-los-modelos-pedagogicos-tradicional-romantico-conductista-cognitivo-y-social-cognitivo\/","name":"Mapa conceptual de los Modelos Pedag\u00f3gicos: Tradicional, Rom\u00e1ntico, Conductista, Cognitivo y Social-Cognitivo - 2026","isPartOf":{"@id":"https:\/\/webdelmaestrocmf.com\/portal\/#website"},"primaryImageOfPage":{"@id":"https:\/\/webdelmaestrocmf.com\/portal\/mapa-conceptual-de-los-modelos-pedagogicos-tradicional-romantico-conductista-cognitivo-y-social-cognitivo\/#primaryimage"},"image":{"@id":"https:\/\/webdelmaestrocmf.com\/portal\/mapa-conceptual-de-los-modelos-pedagogicos-tradicional-romantico-conductista-cognitivo-y-social-cognitivo\/#primaryimage"},"thumbnailUrl":"https:\/\/webdelmaestrocmf.com\/portal\/wp-content\/uploads\/2023\/02\/1-12.jpg","datePublished":"2023-02-04T22:28:44+00:00","dateModified":"2023-10-05T15:19:14+00:00","description":"As\u00ed como existen diferencias en la conceptualizaci\u00f3n y definici\u00f3n de los modelos pedag\u00f3gicos, tambi\u00e9n existen divergencias...","breadcrumb":{"@id":"https:\/\/webdelmaestrocmf.com\/portal\/mapa-conceptual-de-los-modelos-pedagogicos-tradicional-romantico-conductista-cognitivo-y-social-cognitivo\/#breadcrumb"},"inLanguage":"es","potentialAction":[{"@type":"ReadAction","target":["https:\/\/webdelmaestrocmf.com\/portal\/mapa-conceptual-de-los-modelos-pedagogicos-tradicional-romantico-conductista-cognitivo-y-social-cognitivo\/"]}]},{"@type":"ImageObject","inLanguage":"es","@id":"https:\/\/webdelmaestrocmf.com\/portal\/mapa-conceptual-de-los-modelos-pedagogicos-tradicional-romantico-conductista-cognitivo-y-social-cognitivo\/#primaryimage","url":"https:\/\/webdelmaestrocmf.com\/portal\/wp-content\/uploads\/2023\/02\/1-12.jpg","contentUrl":"https:\/\/webdelmaestrocmf.com\/portal\/wp-content\/uploads\/2023\/02\/1-12.jpg","width":900,"height":556,"caption":"Modelos Pedag\u00f3gicos"},{"@type":"BreadcrumbList","@id":"https:\/\/webdelmaestrocmf.com\/portal\/mapa-conceptual-de-los-modelos-pedagogicos-tradicional-romantico-conductista-cognitivo-y-social-cognitivo\/#breadcrumb","itemListElement":[{"@type":"ListItem","position":1,"name":"Portada","item":"https:\/\/webdelmaestrocmf.com\/portal\/"},{"@type":"ListItem","position":2,"name":"Recursos","item":"https:\/\/webdelmaestrocmf.com\/portal\/category\/pedagogia\/"},{"@type":"ListItem","position":3,"name":"Mapa conceptual de los Modelos Pedag\u00f3gicos: Tradicional, Rom\u00e1ntico, Conductista, Cognitivo y Social-Cognitivo"}]},{"@type":"WebSite","@id":"https:\/\/webdelmaestrocmf.com\/portal\/#website","url":"https:\/\/webdelmaestrocmf.com\/portal\/","name":"Web del Maestro CMF","description":"Maestros al servicio de la educaci\u00f3n","publisher":{"@id":"https:\/\/webdelmaestrocmf.com\/portal\/#organization"},"alternateName":"WMCMF","potentialAction":[{"@type":"SearchAction","target":{"@type":"EntryPoint","urlTemplate":"https:\/\/webdelmaestrocmf.com\/portal\/?s={search_term_string}"},"query-input":{"@type":"PropertyValueSpecification","valueRequired":true,"valueName":"search_term_string"}}],"inLanguage":"es"},{"@type":"Organization","@id":"https:\/\/webdelmaestrocmf.com\/portal\/#organization","name":"Web del Maestro CMF","alternateName":"WMCMF","url":"https:\/\/webdelmaestrocmf.com\/portal\/","logo":{"@type":"ImageObject","inLanguage":"es","@id":"https:\/\/webdelmaestrocmf.com\/portal\/#\/schema\/logo\/image\/","url":"https:\/\/webdelmaestrocmf.com\/portal\/wp-content\/uploads\/2023\/01\/logo-wmcmf-2.png","contentUrl":"https:\/\/webdelmaestrocmf.com\/portal\/wp-content\/uploads\/2023\/01\/logo-wmcmf-2.png","width":200,"height":60,"caption":"Web del Maestro CMF"},"image":{"@id":"https:\/\/webdelmaestrocmf.com\/portal\/#\/schema\/logo\/image\/"},"sameAs":["https:\/\/www.facebook.com\/WebdelMaestroCMF\/","https:\/\/x.com\/cmf_w","https:\/\/www.pinterest.com\/WMCMF\/","https:\/\/www.linkedin.com\/company\/web-del-maestro-cmf\/","https:\/\/www.instagram.com\/wmcmf\/","https:\/\/www.youtube.com\/channel\/UCDPSvjbdodE5sHnC3OxutHw","https:\/\/mastodon.social\/@wmcmf","https:\/\/www.tiktok.com\/@webdelmaestrocmf"]},{"@type":"Person","@id":"https:\/\/webdelmaestrocmf.com\/portal\/#\/schema\/person\/1072a2ed7bd960df8ef99a551fa35dc5","name":"Web del Maestro CMF","image":{"@type":"ImageObject","inLanguage":"es","@id":"https:\/\/secure.gravatar.com\/avatar\/23291dd5b5ae1077dcff3dbb04c3e02bd28403fa75af6d8787d5e97c5bbbe30b?s=96&d=mm&r=g","url":"https:\/\/secure.gravatar.com\/avatar\/23291dd5b5ae1077dcff3dbb04c3e02bd28403fa75af6d8787d5e97c5bbbe30b?s=96&d=mm&r=g","contentUrl":"https:\/\/secure.gravatar.com\/avatar\/23291dd5b5ae1077dcff3dbb04c3e02bd28403fa75af6d8787d5e97c5bbbe30b?s=96&d=mm&r=g","caption":"Web del Maestro CMF"},"description":"Esta Web se cre\u00f3 sin fines de lucro, con fines educativos, cient\u00edficos y acad\u00e9micos, para personas que tengan dificultades y\/o inconvenientes en visualizar el material original. El objetivo es entregar recursos, compartir experiencias y materiales que ayuden a los padres de familia, maestros y estudiantes en su actualizaci\u00f3n y formaci\u00f3n permanente, en bien de la Educaci\u00f3n.","sameAs":["http:\/\/webdelmaestrocmf.com\/portal","https:\/\/www.facebook.com\/WebdelMaestroCMF\/","https:\/\/www.instagram.com\/wmcmf\/","https:\/\/cl.linkedin.com\/company\/web-del-maestro-cmf","https:\/\/www.pinterest.com\/WMCMF\/publicaciones\/","https:\/\/x.com\/cmf_w","https:\/\/www.youtube.com\/@WMCMF"]}]}},"jetpack_featured_media_url":"https:\/\/webdelmaestrocmf.com\/portal\/wp-content\/uploads\/2023\/02\/1-12.jpg","jetpack_sharing_enabled":true,"jetpack-related-posts":[{"id":86200,"url":"https:\/\/webdelmaestrocmf.com\/portal\/los-modelos-pedagogicos-mapa-conceptual\/","url_meta":{"origin":83772,"position":0},"title":"Los modelos pedag\u00f3gicos | Mapa conceptual","author":"Web del Maestro CMF","date":"24 marzo, 2023","format":false,"excerpt":"\u00bfPuede la forma de ense\u00f1ar influir en el desarrollo de los alumnos? Todo el proceso de ense\u00f1anza y aprendizaje a lo largo de la historia se ha desarrollado en torno a una cosa:\u00a0el tipo de persona y sociedad que queremos conseguir, y aqu\u00ed es donde entran en juego los llamados\u2026","rel":"","context":"En \u00abModelos\u00bb","block_context":{"text":"Modelos","link":"https:\/\/webdelmaestrocmf.com\/portal\/category\/pedagogia\/modelos\/"},"img":{"alt_text":"","src":"https:\/\/i0.wp.com\/webdelmaestrocmf.com\/portal\/wp-content\/uploads\/2023\/03\/A12B3C4D-39.jpg?resize=350%2C200&ssl=1","width":350,"height":200,"srcset":"https:\/\/i0.wp.com\/webdelmaestrocmf.com\/portal\/wp-content\/uploads\/2023\/03\/A12B3C4D-39.jpg?resize=350%2C200&ssl=1 1x, https:\/\/i0.wp.com\/webdelmaestrocmf.com\/portal\/wp-content\/uploads\/2023\/03\/A12B3C4D-39.jpg?resize=525%2C300&ssl=1 1.5x, https:\/\/i0.wp.com\/webdelmaestrocmf.com\/portal\/wp-content\/uploads\/2023\/03\/A12B3C4D-39.jpg?resize=700%2C400&ssl=1 2x"},"classes":[]},{"id":67150,"url":"https:\/\/webdelmaestrocmf.com\/portal\/alexander-ortiz-por-que-es-necesario-un-aprendizaje-neuroconfigurador-para-el-desarrollo-del-pensamiento\/","url_meta":{"origin":83772,"position":1},"title":"[Alexander Ortiz] \u00bfPor qu\u00e9 es necesario un aprendizaje neuroconfigurador para el desarrollo del pensamiento?","author":"Web del Maestro CMF","date":"27 agosto, 2021","format":false,"excerpt":"La Teor\u00eda Hol\u00edstico Configuracional constituye una aproximaci\u00f3n epistemol\u00f3gica, te\u00f3rica y metodol\u00f3gica a los procesos sociales, interpretados como procesos de desarrollo humano, que parte del reconocimiento de que estos procesos en tanto realidad objetiva constituyen espacios de construcci\u00f3n de significados y sentidos, entre los sujetos implicados. Ahora bien, no existe pedagog\u00eda\u2026","rel":"","context":"En \u00abZ-Colaboradores\u00bb","block_context":{"text":"Z-Colaboradores","link":"https:\/\/webdelmaestrocmf.com\/portal\/category\/colaborador\/"},"img":{"alt_text":"","src":"https:\/\/i0.wp.com\/webdelmaestrocmf.com\/portal\/wp-content\/uploads\/2021\/08\/1-191.jpg?resize=350%2C200&ssl=1","width":350,"height":200,"srcset":"https:\/\/i0.wp.com\/webdelmaestrocmf.com\/portal\/wp-content\/uploads\/2021\/08\/1-191.jpg?resize=350%2C200&ssl=1 1x, https:\/\/i0.wp.com\/webdelmaestrocmf.com\/portal\/wp-content\/uploads\/2021\/08\/1-191.jpg?resize=525%2C300&ssl=1 1.5x, https:\/\/i0.wp.com\/webdelmaestrocmf.com\/portal\/wp-content\/uploads\/2021\/08\/1-191.jpg?resize=700%2C400&ssl=1 2x, https:\/\/i0.wp.com\/webdelmaestrocmf.com\/portal\/wp-content\/uploads\/2021\/08\/1-191.jpg?resize=1050%2C600&ssl=1 3x"},"classes":[]},{"id":89680,"url":"https:\/\/webdelmaestrocmf.com\/portal\/el-modelo-pedagogico-de-los-4-cerebros\/","url_meta":{"origin":83772,"position":2},"title":"El Modelo Pedag\u00f3gico de los 4 Cerebros","author":"Web del Maestro CMF","date":"31 mayo, 2023","format":false,"excerpt":"En el mundo educativo, cada estudiante tiene su propio estilo de aprendizaje y preferencias cognitivas \u00fanicas. Reconociendo esta diversidad, el Modelo Pedag\u00f3gico de los 4 Cerebros (MPCC) ofrece un enfoque revolucionario que busca maximizar el potencial de cada individuo en el proceso de ense\u00f1anza y aprendizaje. Basado en la teor\u00eda\u2026","rel":"","context":"En \u00abModelos\u00bb","block_context":{"text":"Modelos","link":"https:\/\/webdelmaestrocmf.com\/portal\/category\/pedagogia\/modelos\/"},"img":{"alt_text":"","src":"https:\/\/i0.wp.com\/webdelmaestrocmf.com\/portal\/wp-content\/uploads\/2023\/05\/A12B3C4D-2023-05-31T203513.246.jpg?resize=350%2C200&ssl=1","width":350,"height":200,"srcset":"https:\/\/i0.wp.com\/webdelmaestrocmf.com\/portal\/wp-content\/uploads\/2023\/05\/A12B3C4D-2023-05-31T203513.246.jpg?resize=350%2C200&ssl=1 1x, https:\/\/i0.wp.com\/webdelmaestrocmf.com\/portal\/wp-content\/uploads\/2023\/05\/A12B3C4D-2023-05-31T203513.246.jpg?resize=525%2C300&ssl=1 1.5x, https:\/\/i0.wp.com\/webdelmaestrocmf.com\/portal\/wp-content\/uploads\/2023\/05\/A12B3C4D-2023-05-31T203513.246.jpg?resize=700%2C400&ssl=1 2x"},"classes":[]},{"id":90505,"url":"https:\/\/webdelmaestrocmf.com\/portal\/cual-es-el-origen-de-las-corrientes-del-pensamiento-pedagogico\/","url_meta":{"origin":83772,"position":3},"title":"Cu\u00e1l es el origen de las corrientes del pensamiento pedag\u00f3gico","author":"Web del Maestro CMF","date":"13 julio, 2023","format":false,"excerpt":"El estudio y la pr\u00e1ctica de la educaci\u00f3n han sido influenciados por una variedad de corrientes del pensamiento pedag\u00f3gico a lo largo de la historia. Estas corrientes representan diferentes enfoques filos\u00f3ficos y te\u00f3ricos que han dado forma a la manera en que entendemos y abordamos la educaci\u00f3n. Desde los fil\u00f3sofos\u2026","rel":"","context":"En \u00abCorrientes pedag\u00f3gicas\u00bb","block_context":{"text":"Corrientes pedag\u00f3gicas","link":"https:\/\/webdelmaestrocmf.com\/portal\/category\/pedagogia\/corrientes-pedagogicas\/"},"img":{"alt_text":"pensamiento pedag\u00f3gico","src":"https:\/\/i0.wp.com\/webdelmaestrocmf.com\/portal\/wp-content\/uploads\/2023\/07\/A12B3C4D-2023-07-13T202647.347.jpg?resize=350%2C200&ssl=1","width":350,"height":200,"srcset":"https:\/\/i0.wp.com\/webdelmaestrocmf.com\/portal\/wp-content\/uploads\/2023\/07\/A12B3C4D-2023-07-13T202647.347.jpg?resize=350%2C200&ssl=1 1x, https:\/\/i0.wp.com\/webdelmaestrocmf.com\/portal\/wp-content\/uploads\/2023\/07\/A12B3C4D-2023-07-13T202647.347.jpg?resize=525%2C300&ssl=1 1.5x, https:\/\/i0.wp.com\/webdelmaestrocmf.com\/portal\/wp-content\/uploads\/2023\/07\/A12B3C4D-2023-07-13T202647.347.jpg?resize=700%2C400&ssl=1 2x"},"classes":[]},{"id":115147,"url":"https:\/\/webdelmaestrocmf.com\/portal\/tipos-de-aulas-pedagogicas-claves-para-analizar-elegir-y-combinar-enfoques-en-la-practica-docente\/","url_meta":{"origin":83772,"position":4},"title":"Tipos de aulas pedag\u00f3gicas: claves para analizar, elegir y combinar enfoques en la pr\u00e1ctica docente","author":"Web del Maestro CMF","date":"5 febrero, 2026","format":false,"excerpt":"Analizar los tipos de aulas pedag\u00f3gicas permite al docente tomar decisiones conscientes, contextualizadas y profesionales para mejorar el aprendizaje real.","rel":"","context":"En \u00abAula Invertida\u00bb","block_context":{"text":"Aula Invertida","link":"https:\/\/webdelmaestrocmf.com\/portal\/category\/pedagogia\/aula-invertida\/"},"img":{"alt_text":"","src":"https:\/\/i0.wp.com\/webdelmaestrocmf.com\/portal\/wp-content\/uploads\/2026\/02\/1A-Banner-1-portada-imagen-10-1-copia-9.webp?resize=350%2C200&ssl=1","width":350,"height":200,"srcset":"https:\/\/i0.wp.com\/webdelmaestrocmf.com\/portal\/wp-content\/uploads\/2026\/02\/1A-Banner-1-portada-imagen-10-1-copia-9.webp?resize=350%2C200&ssl=1 1x, https:\/\/i0.wp.com\/webdelmaestrocmf.com\/portal\/wp-content\/uploads\/2026\/02\/1A-Banner-1-portada-imagen-10-1-copia-9.webp?resize=525%2C300&ssl=1 1.5x, https:\/\/i0.wp.com\/webdelmaestrocmf.com\/portal\/wp-content\/uploads\/2026\/02\/1A-Banner-1-portada-imagen-10-1-copia-9.webp?resize=700%2C400&ssl=1 2x"},"classes":[]},{"id":118433,"url":"https:\/\/webdelmaestrocmf.com\/portal\/9-de-cada-10-maestros-confirman-que-los-alumnos-ya-no-prestan-atencion-en-clase\/","url_meta":{"origin":83772,"position":5},"title":"9 de cada 10 maestros confirman que los alumnos ya no prestan atenci\u00f3n en clase","author":"Web del Maestro CMF","date":"28 abril, 2026","format":false,"excerpt":"La falta de atenci\u00f3n en el aula no es desinter\u00e9s, sino resultado de cerebros hiperestimulados. La ense\u00f1anza debe ajustarse a estudiantes que no sostienen la atenci\u00f3n m\u00e1s de diez minutos.","rel":"","context":"En \u00abNoticias Internacionales\u00bb","block_context":{"text":"Noticias Internacionales","link":"https:\/\/webdelmaestrocmf.com\/portal\/category\/noticias-internacionales\/"},"img":{"alt_text":"","src":"https:\/\/i0.wp.com\/webdelmaestrocmf.com\/portal\/wp-content\/uploads\/2026\/04\/1AA-Banner-1-portada-imagen-10-1-copia-1-10.webp?resize=350%2C200&ssl=1","width":350,"height":200,"srcset":"https:\/\/i0.wp.com\/webdelmaestrocmf.com\/portal\/wp-content\/uploads\/2026\/04\/1AA-Banner-1-portada-imagen-10-1-copia-1-10.webp?resize=350%2C200&ssl=1 1x, https:\/\/i0.wp.com\/webdelmaestrocmf.com\/portal\/wp-content\/uploads\/2026\/04\/1AA-Banner-1-portada-imagen-10-1-copia-1-10.webp?resize=525%2C300&ssl=1 1.5x, https:\/\/i0.wp.com\/webdelmaestrocmf.com\/portal\/wp-content\/uploads\/2026\/04\/1AA-Banner-1-portada-imagen-10-1-copia-1-10.webp?resize=700%2C400&ssl=1 2x, https:\/\/i0.wp.com\/webdelmaestrocmf.com\/portal\/wp-content\/uploads\/2026\/04\/1AA-Banner-1-portada-imagen-10-1-copia-1-10.webp?resize=1050%2C600&ssl=1 3x"},"classes":[]}],"_links":{"self":[{"href":"https:\/\/webdelmaestrocmf.com\/portal\/wp-json\/wp\/v2\/posts\/83772","targetHints":{"allow":["GET"]}}],"collection":[{"href":"https:\/\/webdelmaestrocmf.com\/portal\/wp-json\/wp\/v2\/posts"}],"about":[{"href":"https:\/\/webdelmaestrocmf.com\/portal\/wp-json\/wp\/v2\/types\/post"}],"author":[{"embeddable":true,"href":"https:\/\/webdelmaestrocmf.com\/portal\/wp-json\/wp\/v2\/users\/1"}],"replies":[{"embeddable":true,"href":"https:\/\/webdelmaestrocmf.com\/portal\/wp-json\/wp\/v2\/comments?post=83772"}],"version-history":[{"count":0,"href":"https:\/\/webdelmaestrocmf.com\/portal\/wp-json\/wp\/v2\/posts\/83772\/revisions"}],"wp:featuredmedia":[{"embeddable":true,"href":"https:\/\/webdelmaestrocmf.com\/portal\/wp-json\/wp\/v2\/media\/83775"}],"wp:attachment":[{"href":"https:\/\/webdelmaestrocmf.com\/portal\/wp-json\/wp\/v2\/media?parent=83772"}],"wp:term":[{"taxonomy":"category","embeddable":true,"href":"https:\/\/webdelmaestrocmf.com\/portal\/wp-json\/wp\/v2\/categories?post=83772"},{"taxonomy":"post_tag","embeddable":true,"href":"https:\/\/webdelmaestrocmf.com\/portal\/wp-json\/wp\/v2\/tags?post=83772"}],"curies":[{"name":"wp","href":"https:\/\/api.w.org\/{rel}","templated":true}]}}