{"id":83553,"date":"2023-01-30T22:50:15","date_gmt":"2023-01-31T01:50:15","guid":{"rendered":"https:\/\/webdelmaestrocmf.com\/portal\/?p=83553"},"modified":"2023-01-31T11:05:06","modified_gmt":"2023-01-31T14:05:06","slug":"curso-educar-en-positivo-con-alvaro-bilbao","status":"publish","type":"post","link":"https:\/\/webdelmaestrocmf.com\/portal\/curso-educar-en-positivo-con-alvaro-bilbao\/","title":{"rendered":"El mejor curso de educaci\u00f3n y disciplina positiva con \u00c1lvaro Bilbao"},"content":{"rendered":"<h5 style=\"text-align: justify;\">Devuelve la calma a tu casa con la certeza de saber que est\u00e1s haciendo lo mejor para ellos.<\/h5>\n<p style=\"text-align: justify;\"><!--more--><\/p>\n<h5 style=\"text-align: justify;\">En esta formaci\u00f3n, pongo a tu servicio mis m\u00e1s de 20 a\u00f1os de experiencia como neuropsic\u00f3logo infantil y 9 a\u00f1os como pap\u00e1 de tres ni\u00f1os peque\u00f1os.<\/h5>\n<h5 style=\"text-align: justify;\">Voy a ayudarte a poner en pr\u00e1ctica el estilo de educaci\u00f3n m\u00e1s efectivo para acabar de una vez por todas con los gritos y las peleas.<\/h5>\n<p style=\"text-align: justify;\">Quiero ense\u00f1arte todo lo que de verdad funciona, lo que yo aplico en mi d\u00eda a d\u00eda y lo que he impartido a los padres de The Children Center de Nueva York.<\/p>\n<p style=\"text-align: justify;\">Porque educar en positivo transformar\u00e1 para siempre la relaci\u00f3n con tus hijos, ayud\u00e1ndoles a crecer como personas.<\/p>\n<p style=\"text-align: justify;\"><iframe loading=\"lazy\" title=\"YouTube video player\" src=\"https:\/\/www.youtube.com\/embed\/zPqnmbXdnMI\" width=\"100%\" height=\"400\" frameborder=\"0\" allowfullscreen=\"allowfullscreen\"><span data-mce-type=\"bookmark\" style=\"display: inline-block; width: 0px; overflow: hidden; line-height: 0;\" class=\"mce_SELRES_start\">\ufeff<\/span><\/iframe><\/p>\n<p style=\"text-align: left;\">Cuando acabes este curso online\u2026<\/p>\n<ul style=\"text-align: justify;\">\n<li style=\"text-align: left;\">Ser\u00e1s capaz de corregir a tus hijos de una manera firme y cari\u00f1osa a la vez<\/li>\n<li style=\"text-align: left;\">Sabr\u00e1s prevenir y gestionar rabietas de una forma efectiva<\/li>\n<li style=\"text-align: left;\">Sabr\u00e1s c\u00f3mo actuar ante los enfados y faltas de respeto<\/li>\n<li>Sabr\u00e1s c\u00f3mo resolver conflictos con tus hijos de forma positiva<\/li>\n<li>Sentir\u00e1s seguridad en tu papel como padre o madre<\/li>\n<li>Podr\u00e1s construir con tus hijos la relaci\u00f3n que siempre has so\u00f1ado<\/li>\n<\/ul>\n<h5 style=\"text-align: justify;\">Contenido del Curso<\/h5>\n<p style=\"text-align: justify;\">PARTE 1: Cambiando nuestra manera de ver la educaci\u00f3n5 Lecciones<\/p>\n<ul style=\"text-align: justify;\">\n<li>Contenido de la Tema<\/li>\n<li>Presentaci\u00f3n<\/li>\n<li>No dejes que el estr\u00e9s te haga perder los nervios<\/li>\n<li>Materiales del curso!!!<\/li>\n<li>La tabla de madera<\/li>\n<li>Por qu\u00e9 gritar no es efectivo<\/li>\n<\/ul>\n<p style=\"text-align: justify;\">PARTE 2: Estrategias efectivas para prevenir y resolver conflictos16 Lecciones<\/p>\n<ul style=\"text-align: justify;\">\n<li>Contenido de la Tema<\/li>\n<li>Introducci\u00f3n Segunda parte del curso<\/li>\n<li>En la mayor\u00eda de los casos\u2026<\/li>\n<li>Ten expectativas realistas<\/li>\n<li>Comprensi\u00f3n y di\u00e1logo<\/li>\n<li>Diferencias entre castigos y normas<\/li>\n<li>Por qu\u00e9 los castigos no funcionan<\/li>\n<li>C\u00f3mo poner normas<\/li>\n<li>Tipos de castigos<\/li>\n<li>Alternativas a los castigos<\/li>\n<li>C\u00f3mo poner l\u00edmites sin dramas<\/li>\n<li>Ayudar al ni\u00f1o<\/li>\n<li>Diferencias entre premios recompensas y refuerzos<\/li>\n<li>Cu\u00e1ndo y c\u00f3mo reforzar de forma eficaz<\/li>\n<li>Refuerzos del cambio<\/li>\n<li>Refuerzos ineficaces<\/li>\n<li>Comunicaci\u00f3n positiva<\/li>\n<\/ul>\n<p><img loading=\"lazy\" decoding=\"async\" class=\"alignnone size-large wp-image-83557\" src=\"https:\/\/webdelmaestrocmf.com\/portal\/wp-content\/uploads\/2023\/01\/1-23-1024x576.jpeg\" alt=\"\" width=\"1024\" height=\"576\" srcset=\"https:\/\/webdelmaestrocmf.com\/portal\/wp-content\/uploads\/2023\/01\/1-23-1024x576.jpeg 1024w, https:\/\/webdelmaestrocmf.com\/portal\/wp-content\/uploads\/2023\/01\/1-23-300x169.jpeg 300w, https:\/\/webdelmaestrocmf.com\/portal\/wp-content\/uploads\/2023\/01\/1-23-768x432.jpeg 768w, https:\/\/webdelmaestrocmf.com\/portal\/wp-content\/uploads\/2023\/01\/1-23-380x214.jpeg 380w, https:\/\/webdelmaestrocmf.com\/portal\/wp-content\/uploads\/2023\/01\/1-23-800x450.jpeg 800w, https:\/\/webdelmaestrocmf.com\/portal\/wp-content\/uploads\/2023\/01\/1-23-1160x653.jpeg 1160w, https:\/\/webdelmaestrocmf.com\/portal\/wp-content\/uploads\/2023\/01\/1-23.jpeg 1280w\" sizes=\"auto, (max-width: 1024px) 100vw, 1024px\" \/><\/p>\n<p style=\"text-align: justify;\">PARTE 3: Ejemplos pr\u00e1cticos y reales13 Lecciones<\/p>\n<ul style=\"text-align: justify;\">\n<li>Contenido de la Tema<\/li>\n<li>Intro: Ejemplos pr\u00e1cticos y reales<\/li>\n<li>Gestionando las rabietas<\/li>\n<li>Cuando ceder en una rabieta<\/li>\n<li>Los 5 SIes y los 5 NOes para ayudar a un ni\u00f1o a superar una rabieta<\/li>\n<li>Qu\u00e9 hacer si tu hijo te pega<\/li>\n<li>Qu\u00e9 hacer si tu hijo te falta al respeto<\/li>\n<li>Discusiones por la tele<\/li>\n<li>Qu\u00e9 haces ti tu hijo no sigue una norma<\/li>\n<li>Esta es la palabra que utilizo para parar peleas entre hermanos<\/li>\n<li>4 palabras que te ayudar\u00e1n a prevenir comportamientos en el futuro<\/li>\n<li>Te he dicho un mill\u00f3n de veces<\/li>\n<li>8 claves para que las cenas no sean un drama<\/li>\n<li>3 Juegos para comer de todo<\/li>\n<\/ul>\n<p style=\"text-align: justify;\">PARTE 4: Estrategias eficaces para situaciones de emergencia5 Lecciones<\/p>\n<ul style=\"text-align: justify;\">\n<li>Contenido de la Tema<\/li>\n<li>Introducci\u00f3n parte 4<\/li>\n<li>En lugar de apretar\u2026suelta<\/li>\n<li>Establece un protocolo de emergencia<\/li>\n<li>Como te puedo ayudar<\/li>\n<li>Acudir cuando le llamas<\/li>\n<\/ul>\n<p style=\"text-align: justify;\">PARTE 5: Estrategias eficaces para problemas frecuentes12 Lecciones<\/p>\n<ul>\n<li style=\"text-align: justify;\">Contenido de la Tema<\/li>\n<li style=\"text-align: justify;\">Intro soluciones eficaces para problemas frecuentes<\/li>\n<li style=\"text-align: justify;\">Ir a la cama 1<\/li>\n<li style=\"text-align: justify;\">Ir a la cama 2<\/li>\n<li style=\"text-align: justify;\">Entendiendo al ni\u00f1o con mucho car\u00e1cter<\/li>\n<li style=\"text-align: justify;\">9 Estrategias para ayudar a un ni\u00f1o con mucho car\u00e1cter<\/li>\n<li style=\"text-align: justify;\">Comprendiendo al ni\u00f1o gru\u00f1\u00f3n<\/li>\n<li style=\"text-align: justify;\">Ayudando al ni\u00f1o gru\u00f1\u00f3n \u2013 Parte 1<\/li>\n<li style=\"text-align: justify;\">Ayudando al ni\u00f1o gru\u00f1\u00f3n \u2013 Parte 2<\/li>\n<li style=\"text-align: justify;\">C\u00f3mo actuar en las peleas entre hermanos<\/li>\n<li style=\"text-align: justify;\">Peleas entre hermanos \u2013 Parte 1<\/li>\n<li style=\"text-align: justify;\">Peleas entre hermanos \u2013 Parte 2<\/li>\n<li style=\"text-align: justify;\">Despedida. Enhorabuena! Has terminado el curso!!<\/li>\n<\/ul>\n<p><strong>Este contenido ha sido publicado originalmente por \u00c1lvaro Bilbao en la siguiente direcci\u00f3n: <a href=\"https:\/\/alvarobilbao.com\/curso-educar-en-positivo?fbclid=IwAR3ud1WIYMXM5a3Hj6uVs-Sg1IQ2bmXHeWTTHxNfhF7FTOyH_KgHd3LkroA\" target=\"_blank\" rel=\"noopener\">alvarobilbao.com<\/a><\/strong><\/p>\n<p style=\"text-align: center;\">Recomendamos a la Comunidad Educativa Digital tener en cuenta que, el enlace y\/o la carpeta en donde est\u00e1n alojados los libros, recursos y\/o materiales, no es administrado por la Web del Maestro CMF, pueda ser que en cuesti\u00f3n de d\u00edas (o seg\u00fan el tiempo transcurrido desde su publicaci\u00f3n), los enlaces no funcionen y el material ya no se encuentre disponible. Gracias por su comprensi\u00f3n.<\/p>\n<h3>ENLACE DE LECTURA:<\/h3>\n<p style=\"text-align: center;\">Comparte y as\u00ed m\u00e1s docentes utilizaron estos recursos gratis! Muchas gracias.<\/p>\n<p style=\"text-align: center;\"><a href=\"https:\/\/alvarobilbao.com\/curso-educar-en-positivo?fbclid=IwAR3ud1WIYMXM5a3Hj6uVs-Sg1IQ2bmXHeWTTHxNfhF7FTOyH_KgHd3LkroA\" target=\"_blank\" rel=\"noopener\">ENLACE DEL CURSO EDUCAR EN POSITIVO<\/a><\/p>\n\t\t<div class=\"pk-inline-posts\">\n\t\t\t\n\t\t\t<div class=\"pk-inline-posts-container pk-inline-posts-template-list\"\n\t\t\t\tdata-columns=\"1\">\n\t\t\t\t\t\t<article id=\"post-31801\" class=\"post-31801 post type-post status-publish format-standard has-post-thumbnail category-inteligencias-multiples category-pedagogia tag-aula tag-estrategias-clave tag-guia-para-docentes tag-inteligencias tag-inteligencias-multiples tag-inteligencias-multiples-en-el-aula tag-multiples cs-entry cs-video-wrap\">\n\t\t\t<div class=\"pk-post-outer\">\n\n\t\t\t\t\t\t\t\t<div class=\"pk-post-inner\">\n\t\t\t\t\t<div class=\"entry-thumbnail\">\n\t\t\t\t\t\t<div class=\"pk-overlay pk-overlay-ratio pk-ratio-landscape\">\n\t\t\t\t\t\t\t<div class=\"pk-overlay-background\">\n\t\t\t\t\t\t\t\t<a href=\"https:\/\/webdelmaestrocmf.com\/portal\/guia-para-docentes-las-inteligencias-multiples-en-el-aula\/\" class=\"pk-overlay-link\">\n\t\t\t\t\t\t\t\t\t<img loading=\"lazy\" decoding=\"async\" width=\"300\" height=\"225\" src=\"https:\/\/webdelmaestrocmf.com\/portal\/wp-content\/uploads\/2020\/11\/Banner-1-portada-imagen-10-1-15-300x225.jpg\" class=\"attachment-pk-thumbnail size-pk-thumbnail wp-post-image\" alt=\"inteligencias m\u00faltiples\" \/>\t\t\t\t\t\t\t\t<\/a>\n\t\t\t\t\t\t\t<\/div>\n\t\t\t\t\t\t<\/div>\n\t\t\t\t\t<\/div>\n\t\t\t\t<\/div>\n\t\t\t\t\n\t\t\t\t<div class=\"pk-post-inner\">\n\t\t\t\t\t<header>\n\t\t\t\t\t\t<h3 class=\"pk-title\"><a href=\"https:\/\/webdelmaestrocmf.com\/portal\/guia-para-docentes-las-inteligencias-multiples-en-el-aula\/\" rel=\"bookmark\">Gu\u00eda para docentes sobre las inteligencias m\u00faltiples en el aula<\/a><\/h3>\t\t\t\t\t<\/header><!-- .entry-header -->\n\t\t\t\t<\/div><!-- .post-inner -->\n\n\t\t\t<\/div><!-- .post-outer -->\n\t\t<\/article>\n\t\t\t\t<\/div>\n\t\t<\/div>\n\t\t\n","protected":false},"excerpt":{"rendered":"Devuelve la calma a tu casa con la certeza de saber que est\u00e1s haciendo lo mejor para ellos.","protected":false},"author":1,"featured_media":83559,"comment_status":"open","ping_status":"closed","sticky":false,"template":"","format":"standard","meta":{"csco_display_header_overlay":false,"csco_singular_sidebar":"","csco_page_header_type":"","csco_page_load_nextpost":"","csco_post_video_location":[],"csco_post_video_location_hash":"","csco_post_video_url":"","csco_post_video_bg_start_time":0,"csco_post_video_bg_end_time":0,"csco_post_video_bg_volume":false,"_jetpack_memberships_contains_paid_content":false,"footnotes":""},"categories":[1171,735],"tags":[1109,1720,606,55,1719,2810],"class_list":{"0":"post-83553","1":"post","2":"type-post","3":"status-publish","4":"format-standard","5":"has-post-thumbnail","7":"category-cursos","8":"category-pedagogia","9":"tag-alvaro-bilbao","10":"tag-curso","11":"tag-disciplina","12":"tag-educacion","13":"tag-mejor","14":"tag-positiva","15":"cs-entry","16":"cs-video-wrap"},"yoast_head":"<!-- This site is optimized with the Yoast SEO plugin v27.5 - https:\/\/yoast.com\/product\/yoast-seo-wordpress\/ -->\n<title>El mejor curso de educaci\u00f3n y disciplina positiva con \u00c1lvaro Bilbao - 2026<\/title>\n<meta name=\"description\" content=\"Devuelve la calma a tu casa con la certeza de saber que est\u00e1s haciendo lo mejor para ellos.En esta formaci\u00f3n, pongo a tu servicio...\" \/>\n<meta name=\"robots\" content=\"index, follow, max-snippet:-1, max-image-preview:large, max-video-preview:-1\" \/>\n<link rel=\"canonical\" href=\"https:\/\/webdelmaestrocmf.com\/portal\/curso-educar-en-positivo-con-alvaro-bilbao\/\" \/>\n<meta property=\"og:locale\" content=\"es_ES\" \/>\n<meta property=\"og:type\" content=\"article\" \/>\n<meta property=\"og:title\" content=\"El mejor curso de educaci\u00f3n y disciplina positiva con \u00c1lvaro Bilbao - 2026\" \/>\n<meta property=\"og:description\" content=\"Devuelve la calma a tu casa con la certeza de saber que est\u00e1s haciendo lo mejor para ellos.En esta formaci\u00f3n, pongo a tu servicio...\" \/>\n<meta property=\"og:url\" content=\"https:\/\/webdelmaestrocmf.com\/portal\/curso-educar-en-positivo-con-alvaro-bilbao\/\" \/>\n<meta property=\"og:site_name\" content=\"Web del Maestro CMF\" \/>\n<meta property=\"article:publisher\" content=\"https:\/\/www.facebook.com\/WebdelMaestroCMF\/\" \/>\n<meta property=\"article:author\" content=\"https:\/\/www.facebook.com\/WebdelMaestroCMF\/\" \/>\n<meta property=\"article:published_time\" content=\"2023-01-31T01:50:15+00:00\" \/>\n<meta property=\"article:modified_time\" content=\"2023-01-31T14:05:06+00:00\" \/>\n<meta property=\"og:image\" content=\"https:\/\/i0.wp.com\/webdelmaestrocmf.com\/portal\/wp-content\/uploads\/2023\/01\/1-79.jpg?fit=900%2C556&ssl=1\" \/>\n\t<meta property=\"og:image:width\" content=\"900\" \/>\n\t<meta property=\"og:image:height\" content=\"556\" \/>\n\t<meta property=\"og:image:type\" content=\"image\/jpeg\" \/>\n<meta name=\"author\" content=\"Web del Maestro CMF\" \/>\n<meta name=\"twitter:card\" content=\"summary_large_image\" \/>\n<meta name=\"twitter:creator\" content=\"@cmf_w\" \/>\n<meta name=\"twitter:site\" content=\"@cmf_w\" \/>\n<script type=\"application\/ld+json\" class=\"yoast-schema-graph\">{\"@context\":\"https:\\\/\\\/schema.org\",\"@graph\":[{\"@type\":\"ScholarlyArticle\",\"@id\":\"https:\\\/\\\/webdelmaestrocmf.com\\\/portal\\\/curso-educar-en-positivo-con-alvaro-bilbao\\\/#article\",\"isPartOf\":{\"@id\":\"https:\\\/\\\/webdelmaestrocmf.com\\\/portal\\\/curso-educar-en-positivo-con-alvaro-bilbao\\\/\"},\"author\":{\"name\":\"Web del Maestro CMF\",\"@id\":\"https:\\\/\\\/webdelmaestrocmf.com\\\/portal\\\/#\\\/schema\\\/person\\\/1072a2ed7bd960df8ef99a551fa35dc5\"},\"headline\":\"El mejor curso de educaci\u00f3n y disciplina positiva con \u00c1lvaro Bilbao\",\"datePublished\":\"2023-01-31T01:50:15+00:00\",\"dateModified\":\"2023-01-31T14:05:06+00:00\",\"mainEntityOfPage\":{\"@id\":\"https:\\\/\\\/webdelmaestrocmf.com\\\/portal\\\/curso-educar-en-positivo-con-alvaro-bilbao\\\/\"},\"wordCount\":702,\"commentCount\":0,\"publisher\":{\"@id\":\"https:\\\/\\\/webdelmaestrocmf.com\\\/portal\\\/#organization\"},\"image\":{\"@id\":\"https:\\\/\\\/webdelmaestrocmf.com\\\/portal\\\/curso-educar-en-positivo-con-alvaro-bilbao\\\/#primaryimage\"},\"thumbnailUrl\":\"https:\\\/\\\/webdelmaestrocmf.com\\\/portal\\\/wp-content\\\/uploads\\\/2023\\\/01\\\/1-79.jpg\",\"keywords\":[\"\u00c1lvaro Bilbao\",\"CURSO\",\"DISCIPLINA\",\"EDUCACI\u00d3N\",\"MEJOR\",\"POSITIVA\"],\"articleSection\":[\"Cursos\",\"Recursos\"],\"inLanguage\":\"es\",\"potentialAction\":[{\"@type\":\"CommentAction\",\"name\":\"Comment\",\"target\":[\"https:\\\/\\\/webdelmaestrocmf.com\\\/portal\\\/curso-educar-en-positivo-con-alvaro-bilbao\\\/#respond\"]}]},{\"@type\":\"WebPage\",\"@id\":\"https:\\\/\\\/webdelmaestrocmf.com\\\/portal\\\/curso-educar-en-positivo-con-alvaro-bilbao\\\/\",\"url\":\"https:\\\/\\\/webdelmaestrocmf.com\\\/portal\\\/curso-educar-en-positivo-con-alvaro-bilbao\\\/\",\"name\":\"El mejor curso de educaci\u00f3n y disciplina positiva con \u00c1lvaro Bilbao - 2026\",\"isPartOf\":{\"@id\":\"https:\\\/\\\/webdelmaestrocmf.com\\\/portal\\\/#website\"},\"primaryImageOfPage\":{\"@id\":\"https:\\\/\\\/webdelmaestrocmf.com\\\/portal\\\/curso-educar-en-positivo-con-alvaro-bilbao\\\/#primaryimage\"},\"image\":{\"@id\":\"https:\\\/\\\/webdelmaestrocmf.com\\\/portal\\\/curso-educar-en-positivo-con-alvaro-bilbao\\\/#primaryimage\"},\"thumbnailUrl\":\"https:\\\/\\\/webdelmaestrocmf.com\\\/portal\\\/wp-content\\\/uploads\\\/2023\\\/01\\\/1-79.jpg\",\"datePublished\":\"2023-01-31T01:50:15+00:00\",\"dateModified\":\"2023-01-31T14:05:06+00:00\",\"description\":\"Devuelve la calma a tu casa con la certeza de saber que est\u00e1s haciendo lo mejor para ellos.En esta formaci\u00f3n, pongo a tu servicio...\",\"breadcrumb\":{\"@id\":\"https:\\\/\\\/webdelmaestrocmf.com\\\/portal\\\/curso-educar-en-positivo-con-alvaro-bilbao\\\/#breadcrumb\"},\"inLanguage\":\"es\",\"potentialAction\":[{\"@type\":\"ReadAction\",\"target\":[\"https:\\\/\\\/webdelmaestrocmf.com\\\/portal\\\/curso-educar-en-positivo-con-alvaro-bilbao\\\/\"]}]},{\"@type\":\"ImageObject\",\"inLanguage\":\"es\",\"@id\":\"https:\\\/\\\/webdelmaestrocmf.com\\\/portal\\\/curso-educar-en-positivo-con-alvaro-bilbao\\\/#primaryimage\",\"url\":\"https:\\\/\\\/webdelmaestrocmf.com\\\/portal\\\/wp-content\\\/uploads\\\/2023\\\/01\\\/1-79.jpg\",\"contentUrl\":\"https:\\\/\\\/webdelmaestrocmf.com\\\/portal\\\/wp-content\\\/uploads\\\/2023\\\/01\\\/1-79.jpg\",\"width\":900,\"height\":556},{\"@type\":\"BreadcrumbList\",\"@id\":\"https:\\\/\\\/webdelmaestrocmf.com\\\/portal\\\/curso-educar-en-positivo-con-alvaro-bilbao\\\/#breadcrumb\",\"itemListElement\":[{\"@type\":\"ListItem\",\"position\":1,\"name\":\"Portada\",\"item\":\"https:\\\/\\\/webdelmaestrocmf.com\\\/portal\\\/\"},{\"@type\":\"ListItem\",\"position\":2,\"name\":\"Recursos\",\"item\":\"https:\\\/\\\/webdelmaestrocmf.com\\\/portal\\\/category\\\/pedagogia\\\/\"},{\"@type\":\"ListItem\",\"position\":3,\"name\":\"El mejor curso de educaci\u00f3n y disciplina positiva con \u00c1lvaro Bilbao\"}]},{\"@type\":\"WebSite\",\"@id\":\"https:\\\/\\\/webdelmaestrocmf.com\\\/portal\\\/#website\",\"url\":\"https:\\\/\\\/webdelmaestrocmf.com\\\/portal\\\/\",\"name\":\"Web del Maestro CMF\",\"description\":\"Maestros al servicio de la educaci\u00f3n\",\"publisher\":{\"@id\":\"https:\\\/\\\/webdelmaestrocmf.com\\\/portal\\\/#organization\"},\"alternateName\":\"WMCMF\",\"potentialAction\":[{\"@type\":\"SearchAction\",\"target\":{\"@type\":\"EntryPoint\",\"urlTemplate\":\"https:\\\/\\\/webdelmaestrocmf.com\\\/portal\\\/?s={search_term_string}\"},\"query-input\":{\"@type\":\"PropertyValueSpecification\",\"valueRequired\":true,\"valueName\":\"search_term_string\"}}],\"inLanguage\":\"es\"},{\"@type\":\"Organization\",\"@id\":\"https:\\\/\\\/webdelmaestrocmf.com\\\/portal\\\/#organization\",\"name\":\"Web del Maestro CMF\",\"alternateName\":\"WMCMF\",\"url\":\"https:\\\/\\\/webdelmaestrocmf.com\\\/portal\\\/\",\"logo\":{\"@type\":\"ImageObject\",\"inLanguage\":\"es\",\"@id\":\"https:\\\/\\\/webdelmaestrocmf.com\\\/portal\\\/#\\\/schema\\\/logo\\\/image\\\/\",\"url\":\"https:\\\/\\\/webdelmaestrocmf.com\\\/portal\\\/wp-content\\\/uploads\\\/2023\\\/01\\\/logo-wmcmf-2.png\",\"contentUrl\":\"https:\\\/\\\/webdelmaestrocmf.com\\\/portal\\\/wp-content\\\/uploads\\\/2023\\\/01\\\/logo-wmcmf-2.png\",\"width\":200,\"height\":60,\"caption\":\"Web del Maestro CMF\"},\"image\":{\"@id\":\"https:\\\/\\\/webdelmaestrocmf.com\\\/portal\\\/#\\\/schema\\\/logo\\\/image\\\/\"},\"sameAs\":[\"https:\\\/\\\/www.facebook.com\\\/WebdelMaestroCMF\\\/\",\"https:\\\/\\\/x.com\\\/cmf_w\",\"https:\\\/\\\/www.pinterest.com\\\/WMCMF\\\/\",\"https:\\\/\\\/www.linkedin.com\\\/company\\\/web-del-maestro-cmf\\\/\",\"https:\\\/\\\/www.instagram.com\\\/wmcmf\\\/\",\"https:\\\/\\\/www.youtube.com\\\/channel\\\/UCDPSvjbdodE5sHnC3OxutHw\",\"https:\\\/\\\/mastodon.social\\\/@wmcmf\",\"https:\\\/\\\/www.tiktok.com\\\/@webdelmaestrocmf\"]},{\"@type\":\"Person\",\"@id\":\"https:\\\/\\\/webdelmaestrocmf.com\\\/portal\\\/#\\\/schema\\\/person\\\/1072a2ed7bd960df8ef99a551fa35dc5\",\"name\":\"Web del Maestro CMF\",\"image\":{\"@type\":\"ImageObject\",\"inLanguage\":\"es\",\"@id\":\"https:\\\/\\\/secure.gravatar.com\\\/avatar\\\/23291dd5b5ae1077dcff3dbb04c3e02bd28403fa75af6d8787d5e97c5bbbe30b?s=96&d=mm&r=g\",\"url\":\"https:\\\/\\\/secure.gravatar.com\\\/avatar\\\/23291dd5b5ae1077dcff3dbb04c3e02bd28403fa75af6d8787d5e97c5bbbe30b?s=96&d=mm&r=g\",\"contentUrl\":\"https:\\\/\\\/secure.gravatar.com\\\/avatar\\\/23291dd5b5ae1077dcff3dbb04c3e02bd28403fa75af6d8787d5e97c5bbbe30b?s=96&d=mm&r=g\",\"caption\":\"Web del Maestro CMF\"},\"description\":\"Esta Web se cre\u00f3 sin fines de lucro, con fines educativos, cient\u00edficos y acad\u00e9micos, para personas que tengan dificultades y\\\/o inconvenientes en visualizar el material original. El objetivo es entregar recursos, compartir experiencias y materiales que ayuden a los padres de familia, maestros y estudiantes en su actualizaci\u00f3n y formaci\u00f3n permanente, en bien de la Educaci\u00f3n.\",\"sameAs\":[\"http:\\\/\\\/webdelmaestrocmf.com\\\/portal\",\"https:\\\/\\\/www.facebook.com\\\/WebdelMaestroCMF\\\/\",\"https:\\\/\\\/www.instagram.com\\\/wmcmf\\\/\",\"https:\\\/\\\/cl.linkedin.com\\\/company\\\/web-del-maestro-cmf\",\"https:\\\/\\\/www.pinterest.com\\\/WMCMF\\\/publicaciones\\\/\",\"https:\\\/\\\/x.com\\\/cmf_w\",\"https:\\\/\\\/www.youtube.com\\\/@WMCMF\"]}]}<\/script>\n<!-- \/ Yoast SEO plugin. -->","yoast_head_json":{"title":"El mejor curso de educaci\u00f3n y disciplina positiva con \u00c1lvaro Bilbao - 2026","description":"Devuelve la calma a tu casa con la certeza de saber que est\u00e1s haciendo lo mejor para ellos.En esta formaci\u00f3n, pongo a tu servicio...","robots":{"index":"index","follow":"follow","max-snippet":"max-snippet:-1","max-image-preview":"max-image-preview:large","max-video-preview":"max-video-preview:-1"},"canonical":"https:\/\/webdelmaestrocmf.com\/portal\/curso-educar-en-positivo-con-alvaro-bilbao\/","og_locale":"es_ES","og_type":"article","og_title":"El mejor curso de educaci\u00f3n y disciplina positiva con \u00c1lvaro Bilbao - 2026","og_description":"Devuelve la calma a tu casa con la certeza de saber que est\u00e1s haciendo lo mejor para ellos.En esta formaci\u00f3n, pongo a tu servicio...","og_url":"https:\/\/webdelmaestrocmf.com\/portal\/curso-educar-en-positivo-con-alvaro-bilbao\/","og_site_name":"Web del Maestro CMF","article_publisher":"https:\/\/www.facebook.com\/WebdelMaestroCMF\/","article_author":"https:\/\/www.facebook.com\/WebdelMaestroCMF\/","article_published_time":"2023-01-31T01:50:15+00:00","article_modified_time":"2023-01-31T14:05:06+00:00","og_image":[{"width":900,"height":556,"url":"https:\/\/i0.wp.com\/webdelmaestrocmf.com\/portal\/wp-content\/uploads\/2023\/01\/1-79.jpg?fit=900%2C556&ssl=1","type":"image\/jpeg"}],"author":"Web del Maestro CMF","twitter_card":"summary_large_image","twitter_creator":"@cmf_w","twitter_site":"@cmf_w","schema":{"@context":"https:\/\/schema.org","@graph":[{"@type":"ScholarlyArticle","@id":"https:\/\/webdelmaestrocmf.com\/portal\/curso-educar-en-positivo-con-alvaro-bilbao\/#article","isPartOf":{"@id":"https:\/\/webdelmaestrocmf.com\/portal\/curso-educar-en-positivo-con-alvaro-bilbao\/"},"author":{"name":"Web del Maestro CMF","@id":"https:\/\/webdelmaestrocmf.com\/portal\/#\/schema\/person\/1072a2ed7bd960df8ef99a551fa35dc5"},"headline":"El mejor curso de educaci\u00f3n y disciplina positiva con \u00c1lvaro Bilbao","datePublished":"2023-01-31T01:50:15+00:00","dateModified":"2023-01-31T14:05:06+00:00","mainEntityOfPage":{"@id":"https:\/\/webdelmaestrocmf.com\/portal\/curso-educar-en-positivo-con-alvaro-bilbao\/"},"wordCount":702,"commentCount":0,"publisher":{"@id":"https:\/\/webdelmaestrocmf.com\/portal\/#organization"},"image":{"@id":"https:\/\/webdelmaestrocmf.com\/portal\/curso-educar-en-positivo-con-alvaro-bilbao\/#primaryimage"},"thumbnailUrl":"https:\/\/webdelmaestrocmf.com\/portal\/wp-content\/uploads\/2023\/01\/1-79.jpg","keywords":["\u00c1lvaro Bilbao","CURSO","DISCIPLINA","EDUCACI\u00d3N","MEJOR","POSITIVA"],"articleSection":["Cursos","Recursos"],"inLanguage":"es","potentialAction":[{"@type":"CommentAction","name":"Comment","target":["https:\/\/webdelmaestrocmf.com\/portal\/curso-educar-en-positivo-con-alvaro-bilbao\/#respond"]}]},{"@type":"WebPage","@id":"https:\/\/webdelmaestrocmf.com\/portal\/curso-educar-en-positivo-con-alvaro-bilbao\/","url":"https:\/\/webdelmaestrocmf.com\/portal\/curso-educar-en-positivo-con-alvaro-bilbao\/","name":"El mejor curso de educaci\u00f3n y disciplina positiva con \u00c1lvaro Bilbao - 2026","isPartOf":{"@id":"https:\/\/webdelmaestrocmf.com\/portal\/#website"},"primaryImageOfPage":{"@id":"https:\/\/webdelmaestrocmf.com\/portal\/curso-educar-en-positivo-con-alvaro-bilbao\/#primaryimage"},"image":{"@id":"https:\/\/webdelmaestrocmf.com\/portal\/curso-educar-en-positivo-con-alvaro-bilbao\/#primaryimage"},"thumbnailUrl":"https:\/\/webdelmaestrocmf.com\/portal\/wp-content\/uploads\/2023\/01\/1-79.jpg","datePublished":"2023-01-31T01:50:15+00:00","dateModified":"2023-01-31T14:05:06+00:00","description":"Devuelve la calma a tu casa con la certeza de saber que est\u00e1s haciendo lo mejor para ellos.En esta formaci\u00f3n, pongo a tu servicio...","breadcrumb":{"@id":"https:\/\/webdelmaestrocmf.com\/portal\/curso-educar-en-positivo-con-alvaro-bilbao\/#breadcrumb"},"inLanguage":"es","potentialAction":[{"@type":"ReadAction","target":["https:\/\/webdelmaestrocmf.com\/portal\/curso-educar-en-positivo-con-alvaro-bilbao\/"]}]},{"@type":"ImageObject","inLanguage":"es","@id":"https:\/\/webdelmaestrocmf.com\/portal\/curso-educar-en-positivo-con-alvaro-bilbao\/#primaryimage","url":"https:\/\/webdelmaestrocmf.com\/portal\/wp-content\/uploads\/2023\/01\/1-79.jpg","contentUrl":"https:\/\/webdelmaestrocmf.com\/portal\/wp-content\/uploads\/2023\/01\/1-79.jpg","width":900,"height":556},{"@type":"BreadcrumbList","@id":"https:\/\/webdelmaestrocmf.com\/portal\/curso-educar-en-positivo-con-alvaro-bilbao\/#breadcrumb","itemListElement":[{"@type":"ListItem","position":1,"name":"Portada","item":"https:\/\/webdelmaestrocmf.com\/portal\/"},{"@type":"ListItem","position":2,"name":"Recursos","item":"https:\/\/webdelmaestrocmf.com\/portal\/category\/pedagogia\/"},{"@type":"ListItem","position":3,"name":"El mejor curso de educaci\u00f3n y disciplina positiva con \u00c1lvaro Bilbao"}]},{"@type":"WebSite","@id":"https:\/\/webdelmaestrocmf.com\/portal\/#website","url":"https:\/\/webdelmaestrocmf.com\/portal\/","name":"Web del Maestro CMF","description":"Maestros al servicio de la educaci\u00f3n","publisher":{"@id":"https:\/\/webdelmaestrocmf.com\/portal\/#organization"},"alternateName":"WMCMF","potentialAction":[{"@type":"SearchAction","target":{"@type":"EntryPoint","urlTemplate":"https:\/\/webdelmaestrocmf.com\/portal\/?s={search_term_string}"},"query-input":{"@type":"PropertyValueSpecification","valueRequired":true,"valueName":"search_term_string"}}],"inLanguage":"es"},{"@type":"Organization","@id":"https:\/\/webdelmaestrocmf.com\/portal\/#organization","name":"Web del Maestro CMF","alternateName":"WMCMF","url":"https:\/\/webdelmaestrocmf.com\/portal\/","logo":{"@type":"ImageObject","inLanguage":"es","@id":"https:\/\/webdelmaestrocmf.com\/portal\/#\/schema\/logo\/image\/","url":"https:\/\/webdelmaestrocmf.com\/portal\/wp-content\/uploads\/2023\/01\/logo-wmcmf-2.png","contentUrl":"https:\/\/webdelmaestrocmf.com\/portal\/wp-content\/uploads\/2023\/01\/logo-wmcmf-2.png","width":200,"height":60,"caption":"Web del Maestro CMF"},"image":{"@id":"https:\/\/webdelmaestrocmf.com\/portal\/#\/schema\/logo\/image\/"},"sameAs":["https:\/\/www.facebook.com\/WebdelMaestroCMF\/","https:\/\/x.com\/cmf_w","https:\/\/www.pinterest.com\/WMCMF\/","https:\/\/www.linkedin.com\/company\/web-del-maestro-cmf\/","https:\/\/www.instagram.com\/wmcmf\/","https:\/\/www.youtube.com\/channel\/UCDPSvjbdodE5sHnC3OxutHw","https:\/\/mastodon.social\/@wmcmf","https:\/\/www.tiktok.com\/@webdelmaestrocmf"]},{"@type":"Person","@id":"https:\/\/webdelmaestrocmf.com\/portal\/#\/schema\/person\/1072a2ed7bd960df8ef99a551fa35dc5","name":"Web del Maestro CMF","image":{"@type":"ImageObject","inLanguage":"es","@id":"https:\/\/secure.gravatar.com\/avatar\/23291dd5b5ae1077dcff3dbb04c3e02bd28403fa75af6d8787d5e97c5bbbe30b?s=96&d=mm&r=g","url":"https:\/\/secure.gravatar.com\/avatar\/23291dd5b5ae1077dcff3dbb04c3e02bd28403fa75af6d8787d5e97c5bbbe30b?s=96&d=mm&r=g","contentUrl":"https:\/\/secure.gravatar.com\/avatar\/23291dd5b5ae1077dcff3dbb04c3e02bd28403fa75af6d8787d5e97c5bbbe30b?s=96&d=mm&r=g","caption":"Web del Maestro CMF"},"description":"Esta Web se cre\u00f3 sin fines de lucro, con fines educativos, cient\u00edficos y acad\u00e9micos, para personas que tengan dificultades y\/o inconvenientes en visualizar el material original. El objetivo es entregar recursos, compartir experiencias y materiales que ayuden a los padres de familia, maestros y estudiantes en su actualizaci\u00f3n y formaci\u00f3n permanente, en bien de la Educaci\u00f3n.","sameAs":["http:\/\/webdelmaestrocmf.com\/portal","https:\/\/www.facebook.com\/WebdelMaestroCMF\/","https:\/\/www.instagram.com\/wmcmf\/","https:\/\/cl.linkedin.com\/company\/web-del-maestro-cmf","https:\/\/www.pinterest.com\/WMCMF\/publicaciones\/","https:\/\/x.com\/cmf_w","https:\/\/www.youtube.com\/@WMCMF"]}]}},"jetpack_featured_media_url":"https:\/\/webdelmaestrocmf.com\/portal\/wp-content\/uploads\/2023\/01\/1-79.jpg","jetpack_sharing_enabled":true,"jetpack-related-posts":[{"id":109269,"url":"https:\/\/webdelmaestrocmf.com\/portal\/alvaro-bilbao-hemos-olvidado-que-a-los-ninos-hay-que-educarlos-y-que-necesitan-normas\/","url_meta":{"origin":83553,"position":0},"title":"\u00c1lvaro Bilbao: \u00abHemos olvidado que a los ni\u00f1os hay que educarlos y que necesitan normas\u00bb","author":"Web del Maestro CMF","date":"9 junio, 2025","format":false,"excerpt":"\u00c1lvaro Bilbao es doctor en Psicolog\u00eda, neuropsic\u00f3logo y especialista en el funcionamiento del cerebro infantil. Autor de varios libros, como El cerebro del ni\u00f1o explicado a los padres, se ha convertido en un referente en temas de neuroeducaci\u00f3n, crianza positiva y desarrollo infantil. A trav\u00e9s de su trabajo, combina la\u2026","rel":"","context":"En \u00abEntrevistas\u00bb","block_context":{"text":"Entrevistas","link":"https:\/\/webdelmaestrocmf.com\/portal\/category\/noticias\/entrevistas\/"},"img":{"alt_text":"","src":"https:\/\/i0.wp.com\/webdelmaestrocmf.com\/portal\/wp-content\/uploads\/2025\/06\/1A-Banner-1-portada-imagen-10-1-27.jpg?resize=350%2C200&ssl=1","width":350,"height":200,"srcset":"https:\/\/i0.wp.com\/webdelmaestrocmf.com\/portal\/wp-content\/uploads\/2025\/06\/1A-Banner-1-portada-imagen-10-1-27.jpg?resize=350%2C200&ssl=1 1x, https:\/\/i0.wp.com\/webdelmaestrocmf.com\/portal\/wp-content\/uploads\/2025\/06\/1A-Banner-1-portada-imagen-10-1-27.jpg?resize=525%2C300&ssl=1 1.5x, https:\/\/i0.wp.com\/webdelmaestrocmf.com\/portal\/wp-content\/uploads\/2025\/06\/1A-Banner-1-portada-imagen-10-1-27.jpg?resize=700%2C400&ssl=1 2x"},"classes":[]},{"id":111128,"url":"https:\/\/webdelmaestrocmf.com\/portal\/alvaro-bilbao-si-no-pones-normas-el-nino-crecera-con-mucha-falta-de-confianza-sin-saber-resolver-problemas-ni-respetar-normas-sociales\/","url_meta":{"origin":83553,"position":1},"title":"\u00c1lvaro Bilbao: \u201cSi no pones normas, el ni\u00f1o crecer\u00e1 con mucha falta de confianza, sin saber resolver problemas ni respetar normas sociales\u201d","author":"Web del Maestro CMF","date":"11 julio, 2025","format":false,"excerpt":"El autor de \u2018El cerebro del ni\u00f1o explicado a los padres\u2019 alerta de un modelo de crianza desequilibrado: \u201cHemos olvidado que a los ni\u00f1os hay que educarlos\u201d","rel":"","context":"En \u00abEntrevistas\u00bb","block_context":{"text":"Entrevistas","link":"https:\/\/webdelmaestrocmf.com\/portal\/category\/noticias\/entrevistas\/"},"img":{"alt_text":"","src":"https:\/\/i0.wp.com\/webdelmaestrocmf.com\/portal\/wp-content\/uploads\/2025\/07\/1A-Banner-1-portada-imagen-10-1-copia-41.webp?resize=350%2C200&ssl=1","width":350,"height":200,"srcset":"https:\/\/i0.wp.com\/webdelmaestrocmf.com\/portal\/wp-content\/uploads\/2025\/07\/1A-Banner-1-portada-imagen-10-1-copia-41.webp?resize=350%2C200&ssl=1 1x, https:\/\/i0.wp.com\/webdelmaestrocmf.com\/portal\/wp-content\/uploads\/2025\/07\/1A-Banner-1-portada-imagen-10-1-copia-41.webp?resize=525%2C300&ssl=1 1.5x, https:\/\/i0.wp.com\/webdelmaestrocmf.com\/portal\/wp-content\/uploads\/2025\/07\/1A-Banner-1-portada-imagen-10-1-copia-41.webp?resize=700%2C400&ssl=1 2x"},"classes":[]},{"id":92287,"url":"https:\/\/webdelmaestrocmf.com\/portal\/alvaro-bilbao-quiza-no-podemos-cambiar-la-sociedad-en-la-que-vivimos-pero-si-quitarle-el-movil-al-nino\/","url_meta":{"origin":83553,"position":2},"title":"\u00c1lvaro Bilbao: Quiz\u00e1 no podemos cambiar la sociedad en la que vivimos, pero si quitarle el m\u00f3vil al ni\u00f1o","author":"Web del Maestro CMF","date":"15 agosto, 2023","format":false,"excerpt":"El doctor en Psicolog\u00eda por la Universidad de Deusto y licenciado en Neuropsicolog\u00eda por el Hospital Johns Hopkins de Baltimore, \u00c1lvaro Bilbao (Bilbao, 1976), declara que se form\u00f3 en Programaci\u00f3n Neuroling\u00fc\u00edstica y en Disciplina Positiva, -que \u00e9l llama comunicaci\u00f3n y educaci\u00f3n positiva-, y que le ha ayudado conectar mejor con\u2026","rel":"","context":"En \u00abEntrevistas\u00bb","block_context":{"text":"Entrevistas","link":"https:\/\/webdelmaestrocmf.com\/portal\/category\/noticias\/entrevistas\/"},"img":{"alt_text":"\u00c1lvaro Bilbao","src":"https:\/\/i0.wp.com\/webdelmaestrocmf.com\/portal\/wp-content\/uploads\/2023\/08\/A12B3C4D-10-1.jpg?resize=350%2C200&ssl=1","width":350,"height":200,"srcset":"https:\/\/i0.wp.com\/webdelmaestrocmf.com\/portal\/wp-content\/uploads\/2023\/08\/A12B3C4D-10-1.jpg?resize=350%2C200&ssl=1 1x, https:\/\/i0.wp.com\/webdelmaestrocmf.com\/portal\/wp-content\/uploads\/2023\/08\/A12B3C4D-10-1.jpg?resize=525%2C300&ssl=1 1.5x, https:\/\/i0.wp.com\/webdelmaestrocmf.com\/portal\/wp-content\/uploads\/2023\/08\/A12B3C4D-10-1.jpg?resize=700%2C400&ssl=1 2x"},"classes":[]},{"id":32266,"url":"https:\/\/webdelmaestrocmf.com\/portal\/los-ninos-aprenden-a-regular-sus-emociones-a-traves-de-los-modelos-que-ven-en-sus-padres\/","url_meta":{"origin":83553,"position":3},"title":"\u00c1lvaro Bilbao: Los ni\u00f1os aprenden a regular sus emociones a trav\u00e9s de los modelos que ven en sus padres","author":"Web del Maestro CMF","date":"30 marzo, 2022","format":"video","excerpt":"El neurospic\u00f3logo espa\u00f1ol, \u00c1lvaro Bilbao, es doctor en Psicolog\u00eda de la Salud se form\u00f3 en el Hospital Johns Hopkins de Baltimore (USA) y en el Royal Hospital for Neurodisability de Londres. Ha dedicado varios a\u00f1os de mi vida a investigar las claves del cuidado del cerebro y a divulgar sus\u2026","rel":"","context":"En \u00abCharlas\u00bb","block_context":{"text":"Charlas","link":"https:\/\/webdelmaestrocmf.com\/portal\/category\/charlas\/"},"img":{"alt_text":"","src":"https:\/\/i0.wp.com\/webdelmaestrocmf.com\/portal\/wp-content\/uploads\/2022\/03\/1A-Banner-1-portada-imagen-10-1-7.jpg?resize=350%2C200&ssl=1","width":350,"height":200,"srcset":"https:\/\/i0.wp.com\/webdelmaestrocmf.com\/portal\/wp-content\/uploads\/2022\/03\/1A-Banner-1-portada-imagen-10-1-7.jpg?resize=350%2C200&ssl=1 1x, https:\/\/i0.wp.com\/webdelmaestrocmf.com\/portal\/wp-content\/uploads\/2022\/03\/1A-Banner-1-portada-imagen-10-1-7.jpg?resize=525%2C300&ssl=1 1.5x, https:\/\/i0.wp.com\/webdelmaestrocmf.com\/portal\/wp-content\/uploads\/2022\/03\/1A-Banner-1-portada-imagen-10-1-7.jpg?resize=700%2C400&ssl=1 2x"},"classes":[]},{"id":73741,"url":"https:\/\/webdelmaestrocmf.com\/portal\/alvaro-bilbao-es-importante-que-los-ninos-pasen-los-seis-primeros-anos-de-su-vida-sin-tecnologia\/","url_meta":{"origin":83553,"position":4},"title":"\u00c1lvaro Bilbao: Es importante que los ni\u00f1os pasen los seis primeros a\u00f1os de su vida sin tecnolog\u00eda","author":"Web del Maestro CMF","date":"17 julio, 2022","format":false,"excerpt":"El neuropsic\u00f3logo \u00c1lvaro Bilbao (Bilbao, 1976) obtuvo su t\u00edtulo profesional en la Universidad de Deusto (Espa\u00f1a) y es licenciado por el Hospital Johns Hopkins de Baltimore (USA) y el Royal Hospital for Neurodisability (Inglaterra). Es conferenciante, formador y escritor, desde su experiencia que de esposo y padre -seg\u00fan afirma en\u2026","rel":"","context":"En \u00abEntrevistas\u00bb","block_context":{"text":"Entrevistas","link":"https:\/\/webdelmaestrocmf.com\/portal\/category\/noticias\/entrevistas\/"},"img":{"alt_text":"","src":"https:\/\/i0.wp.com\/webdelmaestrocmf.com\/portal\/wp-content\/uploads\/2022\/01\/2-8.jpg?resize=350%2C200&ssl=1","width":350,"height":200,"srcset":"https:\/\/i0.wp.com\/webdelmaestrocmf.com\/portal\/wp-content\/uploads\/2022\/01\/2-8.jpg?resize=350%2C200&ssl=1 1x, https:\/\/i0.wp.com\/webdelmaestrocmf.com\/portal\/wp-content\/uploads\/2022\/01\/2-8.jpg?resize=525%2C300&ssl=1 1.5x, https:\/\/i0.wp.com\/webdelmaestrocmf.com\/portal\/wp-content\/uploads\/2022\/01\/2-8.jpg?resize=700%2C400&ssl=1 2x, https:\/\/i0.wp.com\/webdelmaestrocmf.com\/portal\/wp-content\/uploads\/2022\/01\/2-8.jpg?resize=1050%2C600&ssl=1 3x"},"classes":[]},{"id":23791,"url":"https:\/\/webdelmaestrocmf.com\/portal\/siempre-mejor-leer-cuento-papel-estar-mirando-una-pantalla\/","url_meta":{"origin":83553,"position":5},"title":"\u00c1lvaro Bilbao: Siempre es mejor leer un cuento en papel que estar mirando una pantalla","author":"Web del Maestro CMF","date":"2 agosto, 2023","format":false,"excerpt":"Leer en papel mejora la comprensi\u00f3n, la memoria y la concentraci\u00f3n, mientras que las pantallas favorecen la distracci\u00f3n y la lectura superficial, afectando el aprendizaje profundo en estudiantes de todas las edades.","rel":"","context":"En \u00abEntrevistas\u00bb","block_context":{"text":"Entrevistas","link":"https:\/\/webdelmaestrocmf.com\/portal\/category\/noticias\/entrevistas\/"},"img":{"alt_text":"Bilbao","src":"https:\/\/i0.wp.com\/webdelmaestrocmf.com\/portal\/wp-content\/uploads\/2017\/11\/A12B3C4D-13.jpg?resize=350%2C200&ssl=1","width":350,"height":200,"srcset":"https:\/\/i0.wp.com\/webdelmaestrocmf.com\/portal\/wp-content\/uploads\/2017\/11\/A12B3C4D-13.jpg?resize=350%2C200&ssl=1 1x, https:\/\/i0.wp.com\/webdelmaestrocmf.com\/portal\/wp-content\/uploads\/2017\/11\/A12B3C4D-13.jpg?resize=525%2C300&ssl=1 1.5x, https:\/\/i0.wp.com\/webdelmaestrocmf.com\/portal\/wp-content\/uploads\/2017\/11\/A12B3C4D-13.jpg?resize=700%2C400&ssl=1 2x"},"classes":[]}],"_links":{"self":[{"href":"https:\/\/webdelmaestrocmf.com\/portal\/wp-json\/wp\/v2\/posts\/83553","targetHints":{"allow":["GET"]}}],"collection":[{"href":"https:\/\/webdelmaestrocmf.com\/portal\/wp-json\/wp\/v2\/posts"}],"about":[{"href":"https:\/\/webdelmaestrocmf.com\/portal\/wp-json\/wp\/v2\/types\/post"}],"author":[{"embeddable":true,"href":"https:\/\/webdelmaestrocmf.com\/portal\/wp-json\/wp\/v2\/users\/1"}],"replies":[{"embeddable":true,"href":"https:\/\/webdelmaestrocmf.com\/portal\/wp-json\/wp\/v2\/comments?post=83553"}],"version-history":[{"count":0,"href":"https:\/\/webdelmaestrocmf.com\/portal\/wp-json\/wp\/v2\/posts\/83553\/revisions"}],"wp:featuredmedia":[{"embeddable":true,"href":"https:\/\/webdelmaestrocmf.com\/portal\/wp-json\/wp\/v2\/media\/83559"}],"wp:attachment":[{"href":"https:\/\/webdelmaestrocmf.com\/portal\/wp-json\/wp\/v2\/media?parent=83553"}],"wp:term":[{"taxonomy":"category","embeddable":true,"href":"https:\/\/webdelmaestrocmf.com\/portal\/wp-json\/wp\/v2\/categories?post=83553"},{"taxonomy":"post_tag","embeddable":true,"href":"https:\/\/webdelmaestrocmf.com\/portal\/wp-json\/wp\/v2\/tags?post=83553"}],"curies":[{"name":"wp","href":"https:\/\/api.w.org\/{rel}","templated":true}]}}