{"id":83503,"date":"2023-01-29T23:20:15","date_gmt":"2023-01-30T02:20:15","guid":{"rendered":"https:\/\/webdelmaestrocmf.com\/portal\/?p=83503"},"modified":"2023-01-30T10:41:58","modified_gmt":"2023-01-30T13:41:58","slug":"las-tendencias-educativas-y-tecnologicas-que-marcaran-2023","status":"publish","type":"post","link":"https:\/\/webdelmaestrocmf.com\/portal\/las-tendencias-educativas-y-tecnologicas-que-marcaran-2023\/","title":{"rendered":"Las tendencias educativas y tecnol\u00f3gicas que marcar\u00e1n 2023"},"content":{"rendered":"<h5 style=\"text-align: justify;\">El metaverso es una de las tendencias tecnol\u00f3gicas que m\u00e1s ha atra\u00eddo la atenci\u00f3n durante los \u00faltimos meses, tambi\u00e9n aplicada al entorno educativo: su potencial para ofrecer un aprendizaje inmersivo que permita aprender desde la experiencia ha hecho que se hayan puesto en marcha las primeras pruebas piloto en todo tipo de instituciones educativas. Pero no es la \u00fanica tendencia tecnol\u00f3gica que marcar\u00e1 el nuevo a\u00f1o. Las apps personalizadas, el machine learning o la necesidad de prestar mayor atenci\u00f3n a la seguridad en la red ser\u00e1n tambi\u00e9n protagonistas.<\/h5>\n<p><!--more--><\/p>\n<p style=\"text-align: justify;\">A prop\u00f3sito del D\u00eda Internacional de la Educaci\u00f3n, que la Asamblea General de las Naciones Unidas proclam\u00f3 el 24 de enero, dan a conocer 5 tendencias educativas tecnol\u00f3gicas que marcar\u00e1n 2023.<\/p>\n<ol style=\"text-align: justify;\">\n<li><strong>Educaci\u00f3n h\u00edbrida:<\/strong>\u00a0Las clases que alternan la modalidad presencial y a distancia aprovechan las ventajas de ambos modelos. Particularmente, el aprendizaje a distancia favorece la asincron\u00eda, portabilidad y digitalizaci\u00f3n, potenciando as\u00ed el uso de plataformas y apps para modelos y planes did\u00e1cticos m\u00e1s eficientes, que apelan a necesidades presentes y futuras.<\/li>\n<li><strong>Apps personalizadas y s\u00faper apps:<\/strong>\u00a0Las \u2018s\u00faper apps\u2019 contienen numerosos servicios en una sola aplicaci\u00f3n, es como tener varias apps en una sola. Para los estudiantes, Duolingo es una opci\u00f3n de app personalizada para aprender idiomas que, al combinar lo mejor de la inteligencia artificial y las ciencias ling\u00fc\u00edsticas, adapta las lecciones al desempe\u00f1o de cada estudiante para ayudarle a aprender a su propio ritmo. Adem\u00e1s, cuenta tambi\u00e9n con Duolingo Math, aplicaci\u00f3n dedicada espec\u00edficamente a la ense\u00f1anza de conceptos b\u00e1sicos de matem\u00e1ticas y Duolingo ABC, \u00a0que se centra en ense\u00f1ar a los ni\u00f1os a leer y escribir en su lengua materna<\/li>\n<li><strong>Inteligencia artificial (IA):<\/strong>\u00a0Adem\u00e1s de ser una herramienta \u00fatil para automatizar tareas, como calificar de manera m\u00e1s r\u00e1pida\u00a0 o desarrollar tareas administrativas, al\u00a0 integrarse con otras tecnolog\u00edas permite adaptar la educaci\u00f3n a cada alumno, propiciando la hiper personalizaci\u00f3n en la ense\u00f1anza. De esta forma, los estudiantes tienen la posibilidad de explorar las clases acorde a sus necesidades, y disminuir la frustraci\u00f3n.<\/li>\n<li><strong>Metaverso, realidad virtual y realidad aumentada:\u00a0<\/strong>Estas tecnolog\u00edas ofrecen un aprendizaje inmersivo que permite aprender desde la experiencia, creando una simulaci\u00f3n de un entorno por computadora o a partir de fotograf\u00eda o video. Las personas pueden aprender de\u00a0 forma m\u00e1s interactiva involucrando todos\u00a0 sus sentidos y estimulando su creatividad.Recientemente, Duolingo fue la primera plataforma de aprendizaje de idiomas en tener presencia en Roblox, un universo virtual en donde las personas pueden crear mundos virtuales, jugar en ellos y compartir experiencias con amigos; tambi\u00e9n ha tenido presencia en Decentraland, un mundo virtual accionado por blockchain.<\/li>\n<li><strong>Gamificaci\u00f3n:\u00a0<\/strong>Consiste en integrar juegos en el entorno educativo ya que el aprendizaje l\u00fadico aumenta la atenci\u00f3n y motivaci\u00f3n de los estudiantes, les permite desarrollar competencias socioemocionales e interactuar de forma activa y espont\u00e1nea. Duolingo se caracteriza por contar con clases gamificadas que ayudan a que el estudiante se sienta m\u00e1s motivado a completar el curso que est\u00e9 haciendo.<\/li>\n<\/ol>\n<p><img loading=\"lazy\" decoding=\"async\" class=\"alignnone size-large wp-image-83504\" src=\"https:\/\/webdelmaestrocmf.com\/portal\/wp-content\/uploads\/2023\/01\/1-23-1024x1024.png\" alt=\"\" width=\"1024\" height=\"1024\" srcset=\"https:\/\/webdelmaestrocmf.com\/portal\/wp-content\/uploads\/2023\/01\/1-23-1024x1024.png 1024w, https:\/\/webdelmaestrocmf.com\/portal\/wp-content\/uploads\/2023\/01\/1-23-300x300.png 300w, https:\/\/webdelmaestrocmf.com\/portal\/wp-content\/uploads\/2023\/01\/1-23-150x150.png 150w, https:\/\/webdelmaestrocmf.com\/portal\/wp-content\/uploads\/2023\/01\/1-23-768x768.png 768w, https:\/\/webdelmaestrocmf.com\/portal\/wp-content\/uploads\/2023\/01\/1-23-80x80.png 80w, https:\/\/webdelmaestrocmf.com\/portal\/wp-content\/uploads\/2023\/01\/1-23-110x110.png 110w, https:\/\/webdelmaestrocmf.com\/portal\/wp-content\/uploads\/2023\/01\/1-23-380x380.png 380w, https:\/\/webdelmaestrocmf.com\/portal\/wp-content\/uploads\/2023\/01\/1-23-800x800.png 800w, https:\/\/webdelmaestrocmf.com\/portal\/wp-content\/uploads\/2023\/01\/1-23.png 1080w\" sizes=\"auto, (max-width: 1024px) 100vw, 1024px\" \/><\/p>\n<p style=\"text-align: justify;\">\u201cNos emociona trabajar en conjunto con los docentes\u00a0 para llevar a todos los salones de clases la posibilidad de aprender idiomas mediante funcionalidades dise\u00f1adas para maximizar la efectividad de la ense\u00f1anza y el aprendizaje de los estudiantes\u201d, comenta la Dra. Cindy Blanco, Cient\u00edfica senior de aprendizaje en Duolingo.<\/p>\n<p><strong>Este contenido ha sido publicado originalmente por Am\u00e9rica Economica en la siguiente direcci\u00f3n: <a href=\"https:\/\/www.americaeconomia.com\/educacion-carrera\/tecnologia-innovacion\/5-tendencias-educativas-tecnologicas-que-marcaran-2023#:~:text=Metaverso%2C%20realidad%20virtual%20y%20realidad,partir%20de%20fotograf%C3%ADa%20o%20video.\" target=\"_blank\" rel=\"noopener\">aamericaeconomia.com<\/a><\/strong><\/p>\n\t\t<div class=\"pk-inline-posts\">\n\t\t\t\n\t\t\t<div class=\"pk-inline-posts-container pk-inline-posts-template-list\"\n\t\t\t\tdata-columns=\"1\">\n\t\t\t\t\t\t<article id=\"post-99319\" class=\"post-99319 post type-post status-publish format-standard has-post-thumbnail category-pedagogia category-software category-tecnologia category-tendencias tag-convertir-un-pdf-a-word tag-descarga tag-edita tag-edita-pdf tag-editar-pdf tag-editar-pdf-en-linea tag-editar-pdf-gratis tag-editar-pdf-online tag-editar-pdf-online-gratis tag-editor-de-pdf tag-editor-pdf-gratis tag-editor-pdf-gratuito tag-editor-pdf-online tag-modifica tag-modifica-un-pdf tag-modificar-pdf tag-soda-pdf cs-entry cs-video-wrap\">\n\t\t\t<div class=\"pk-post-outer\">\n\n\t\t\t\t\t\t\t\t<div class=\"pk-post-inner\">\n\t\t\t\t\t<div class=\"entry-thumbnail\">\n\t\t\t\t\t\t<div class=\"pk-overlay pk-overlay-ratio pk-ratio-landscape\">\n\t\t\t\t\t\t\t<div class=\"pk-overlay-background\">\n\t\t\t\t\t\t\t\t<a href=\"https:\/\/webdelmaestrocmf.com\/portal\/edita-descarga-modifica-un-pdf-a-tu-antojo\/\" class=\"pk-overlay-link\">\n\t\t\t\t\t\t\t\t\t<img loading=\"lazy\" decoding=\"async\" width=\"300\" height=\"225\" src=\"https:\/\/webdelmaestrocmf.com\/portal\/wp-content\/uploads\/2023\/11\/A12B3C4D-11-300x225.jpg\" class=\"attachment-pk-thumbnail size-pk-thumbnail wp-post-image\" alt=\"edita PDF\" \/>\t\t\t\t\t\t\t\t<\/a>\n\t\t\t\t\t\t\t<\/div>\n\t\t\t\t\t\t<\/div>\n\t\t\t\t\t<\/div>\n\t\t\t\t<\/div>\n\t\t\t\t\n\t\t\t\t<div class=\"pk-post-inner\">\n\t\t\t\t\t<header>\n\t\t\t\t\t\t<h3 class=\"pk-title\"><a href=\"https:\/\/webdelmaestrocmf.com\/portal\/edita-descarga-modifica-un-pdf-a-tu-antojo\/\" rel=\"bookmark\">Edita, descarga, modifica un PDF a tu antojo<\/a><\/h3>\t\t\t\t\t<\/header><!-- .entry-header -->\n\t\t\t\t<\/div><!-- .post-inner -->\n\n\t\t\t<\/div><!-- .post-outer -->\n\t\t<\/article>\n\t\t\t\t<\/div>\n\t\t<\/div>\n\t\t\n","protected":false},"excerpt":{"rendered":"El metaverso es una de las tendencias tecnol\u00f3gicas que m\u00e1s ha atra\u00eddo la atenci\u00f3n durante los \u00faltimos meses,&hellip;","protected":false},"author":1,"featured_media":83506,"comment_status":"open","ping_status":"closed","sticky":false,"template":"","format":"standard","meta":{"csco_display_header_overlay":false,"csco_singular_sidebar":"","csco_page_header_type":"","csco_page_load_nextpost":"","csco_post_video_location":[],"csco_post_video_location_hash":"","csco_post_video_url":"","csco_post_video_bg_start_time":0,"csco_post_video_bg_end_time":0,"csco_post_video_bg_volume":false,"_jetpack_memberships_contains_paid_content":false,"footnotes":""},"categories":[735,4590],"tags":[14424,180,15119,837,1666],"class_list":{"0":"post-83503","1":"post","2":"type-post","3":"status-publish","4":"format-standard","5":"has-post-thumbnail","7":"category-pedagogia","8":"category-tendencias","9":"tag-14424","10":"tag-educativas","11":"tag-marcaran","12":"tag-tecnologicas","13":"tag-tendencias","14":"cs-entry","15":"cs-video-wrap"},"yoast_head":"<!-- This site is optimized with the Yoast SEO plugin v27.5 - https:\/\/yoast.com\/product\/yoast-seo-wordpress\/ -->\n<title>Las tendencias educativas y tecnol\u00f3gicas que marcar\u00e1n 2023 - 2026<\/title>\n<meta name=\"description\" content=\"El metaverso es una de las tendencias tecnol\u00f3gicas que m\u00e1s ha atra\u00eddo la atenci\u00f3n durante los \u00faltimos meses, tambi\u00e9n aplicada...\" \/>\n<meta name=\"robots\" content=\"index, follow, max-snippet:-1, max-image-preview:large, max-video-preview:-1\" \/>\n<link rel=\"canonical\" href=\"https:\/\/webdelmaestrocmf.com\/portal\/las-tendencias-educativas-y-tecnologicas-que-marcaran-2023\/\" \/>\n<meta property=\"og:locale\" content=\"es_ES\" \/>\n<meta property=\"og:type\" content=\"article\" \/>\n<meta property=\"og:title\" content=\"Las tendencias educativas y tecnol\u00f3gicas que marcar\u00e1n 2023 - 2026\" \/>\n<meta property=\"og:description\" content=\"El metaverso es una de las tendencias tecnol\u00f3gicas que m\u00e1s ha atra\u00eddo la atenci\u00f3n durante los \u00faltimos meses, tambi\u00e9n aplicada...\" \/>\n<meta property=\"og:url\" content=\"https:\/\/webdelmaestrocmf.com\/portal\/las-tendencias-educativas-y-tecnologicas-que-marcaran-2023\/\" \/>\n<meta property=\"og:site_name\" content=\"Web del Maestro CMF\" \/>\n<meta property=\"article:publisher\" content=\"https:\/\/www.facebook.com\/WebdelMaestroCMF\/\" \/>\n<meta property=\"article:author\" content=\"https:\/\/www.facebook.com\/WebdelMaestroCMF\/\" \/>\n<meta property=\"article:published_time\" content=\"2023-01-30T02:20:15+00:00\" \/>\n<meta property=\"article:modified_time\" content=\"2023-01-30T13:41:58+00:00\" \/>\n<meta property=\"og:image\" content=\"https:\/\/i0.wp.com\/webdelmaestrocmf.com\/portal\/wp-content\/uploads\/2023\/01\/1-75.jpg?fit=900%2C556&ssl=1\" \/>\n\t<meta property=\"og:image:width\" content=\"900\" \/>\n\t<meta property=\"og:image:height\" content=\"556\" \/>\n\t<meta property=\"og:image:type\" content=\"image\/jpeg\" \/>\n<meta name=\"author\" content=\"Web del Maestro CMF\" \/>\n<meta name=\"twitter:card\" content=\"summary_large_image\" \/>\n<meta name=\"twitter:creator\" content=\"@cmf_w\" \/>\n<meta name=\"twitter:site\" content=\"@cmf_w\" \/>\n<script type=\"application\/ld+json\" class=\"yoast-schema-graph\">{\"@context\":\"https:\\\/\\\/schema.org\",\"@graph\":[{\"@type\":\"ScholarlyArticle\",\"@id\":\"https:\\\/\\\/webdelmaestrocmf.com\\\/portal\\\/las-tendencias-educativas-y-tecnologicas-que-marcaran-2023\\\/#article\",\"isPartOf\":{\"@id\":\"https:\\\/\\\/webdelmaestrocmf.com\\\/portal\\\/las-tendencias-educativas-y-tecnologicas-que-marcaran-2023\\\/\"},\"author\":{\"name\":\"Web del Maestro CMF\",\"@id\":\"https:\\\/\\\/webdelmaestrocmf.com\\\/portal\\\/#\\\/schema\\\/person\\\/1072a2ed7bd960df8ef99a551fa35dc5\"},\"headline\":\"Las tendencias educativas y tecnol\u00f3gicas que marcar\u00e1n 2023\",\"datePublished\":\"2023-01-30T02:20:15+00:00\",\"dateModified\":\"2023-01-30T13:41:58+00:00\",\"mainEntityOfPage\":{\"@id\":\"https:\\\/\\\/webdelmaestrocmf.com\\\/portal\\\/las-tendencias-educativas-y-tecnologicas-que-marcaran-2023\\\/\"},\"wordCount\":617,\"commentCount\":0,\"publisher\":{\"@id\":\"https:\\\/\\\/webdelmaestrocmf.com\\\/portal\\\/#organization\"},\"image\":{\"@id\":\"https:\\\/\\\/webdelmaestrocmf.com\\\/portal\\\/las-tendencias-educativas-y-tecnologicas-que-marcaran-2023\\\/#primaryimage\"},\"thumbnailUrl\":\"https:\\\/\\\/webdelmaestrocmf.com\\\/portal\\\/wp-content\\\/uploads\\\/2023\\\/01\\\/1-75.jpg\",\"keywords\":[\"2023\",\"EDUCATIVAS\",\"marcar\u00e1n\",\"TECNOL\u00d3GICAS\",\"TENDENCIAS\"],\"articleSection\":[\"Recursos\",\"Tendencias\"],\"inLanguage\":\"es\",\"potentialAction\":[{\"@type\":\"CommentAction\",\"name\":\"Comment\",\"target\":[\"https:\\\/\\\/webdelmaestrocmf.com\\\/portal\\\/las-tendencias-educativas-y-tecnologicas-que-marcaran-2023\\\/#respond\"]}]},{\"@type\":\"WebPage\",\"@id\":\"https:\\\/\\\/webdelmaestrocmf.com\\\/portal\\\/las-tendencias-educativas-y-tecnologicas-que-marcaran-2023\\\/\",\"url\":\"https:\\\/\\\/webdelmaestrocmf.com\\\/portal\\\/las-tendencias-educativas-y-tecnologicas-que-marcaran-2023\\\/\",\"name\":\"Las tendencias educativas y tecnol\u00f3gicas que marcar\u00e1n 2023 - 2026\",\"isPartOf\":{\"@id\":\"https:\\\/\\\/webdelmaestrocmf.com\\\/portal\\\/#website\"},\"primaryImageOfPage\":{\"@id\":\"https:\\\/\\\/webdelmaestrocmf.com\\\/portal\\\/las-tendencias-educativas-y-tecnologicas-que-marcaran-2023\\\/#primaryimage\"},\"image\":{\"@id\":\"https:\\\/\\\/webdelmaestrocmf.com\\\/portal\\\/las-tendencias-educativas-y-tecnologicas-que-marcaran-2023\\\/#primaryimage\"},\"thumbnailUrl\":\"https:\\\/\\\/webdelmaestrocmf.com\\\/portal\\\/wp-content\\\/uploads\\\/2023\\\/01\\\/1-75.jpg\",\"datePublished\":\"2023-01-30T02:20:15+00:00\",\"dateModified\":\"2023-01-30T13:41:58+00:00\",\"description\":\"El metaverso es una de las tendencias tecnol\u00f3gicas que m\u00e1s ha atra\u00eddo la atenci\u00f3n durante los \u00faltimos meses, tambi\u00e9n aplicada...\",\"breadcrumb\":{\"@id\":\"https:\\\/\\\/webdelmaestrocmf.com\\\/portal\\\/las-tendencias-educativas-y-tecnologicas-que-marcaran-2023\\\/#breadcrumb\"},\"inLanguage\":\"es\",\"potentialAction\":[{\"@type\":\"ReadAction\",\"target\":[\"https:\\\/\\\/webdelmaestrocmf.com\\\/portal\\\/las-tendencias-educativas-y-tecnologicas-que-marcaran-2023\\\/\"]}]},{\"@type\":\"ImageObject\",\"inLanguage\":\"es\",\"@id\":\"https:\\\/\\\/webdelmaestrocmf.com\\\/portal\\\/las-tendencias-educativas-y-tecnologicas-que-marcaran-2023\\\/#primaryimage\",\"url\":\"https:\\\/\\\/webdelmaestrocmf.com\\\/portal\\\/wp-content\\\/uploads\\\/2023\\\/01\\\/1-75.jpg\",\"contentUrl\":\"https:\\\/\\\/webdelmaestrocmf.com\\\/portal\\\/wp-content\\\/uploads\\\/2023\\\/01\\\/1-75.jpg\",\"width\":900,\"height\":556},{\"@type\":\"BreadcrumbList\",\"@id\":\"https:\\\/\\\/webdelmaestrocmf.com\\\/portal\\\/las-tendencias-educativas-y-tecnologicas-que-marcaran-2023\\\/#breadcrumb\",\"itemListElement\":[{\"@type\":\"ListItem\",\"position\":1,\"name\":\"Portada\",\"item\":\"https:\\\/\\\/webdelmaestrocmf.com\\\/portal\\\/\"},{\"@type\":\"ListItem\",\"position\":2,\"name\":\"Recursos\",\"item\":\"https:\\\/\\\/webdelmaestrocmf.com\\\/portal\\\/category\\\/pedagogia\\\/\"},{\"@type\":\"ListItem\",\"position\":3,\"name\":\"Las tendencias educativas y tecnol\u00f3gicas que marcar\u00e1n 2023\"}]},{\"@type\":\"WebSite\",\"@id\":\"https:\\\/\\\/webdelmaestrocmf.com\\\/portal\\\/#website\",\"url\":\"https:\\\/\\\/webdelmaestrocmf.com\\\/portal\\\/\",\"name\":\"Web del Maestro CMF\",\"description\":\"Maestros al servicio de la educaci\u00f3n\",\"publisher\":{\"@id\":\"https:\\\/\\\/webdelmaestrocmf.com\\\/portal\\\/#organization\"},\"alternateName\":\"WMCMF\",\"potentialAction\":[{\"@type\":\"SearchAction\",\"target\":{\"@type\":\"EntryPoint\",\"urlTemplate\":\"https:\\\/\\\/webdelmaestrocmf.com\\\/portal\\\/?s={search_term_string}\"},\"query-input\":{\"@type\":\"PropertyValueSpecification\",\"valueRequired\":true,\"valueName\":\"search_term_string\"}}],\"inLanguage\":\"es\"},{\"@type\":\"Organization\",\"@id\":\"https:\\\/\\\/webdelmaestrocmf.com\\\/portal\\\/#organization\",\"name\":\"Web del Maestro CMF\",\"alternateName\":\"WMCMF\",\"url\":\"https:\\\/\\\/webdelmaestrocmf.com\\\/portal\\\/\",\"logo\":{\"@type\":\"ImageObject\",\"inLanguage\":\"es\",\"@id\":\"https:\\\/\\\/webdelmaestrocmf.com\\\/portal\\\/#\\\/schema\\\/logo\\\/image\\\/\",\"url\":\"https:\\\/\\\/webdelmaestrocmf.com\\\/portal\\\/wp-content\\\/uploads\\\/2023\\\/01\\\/logo-wmcmf-2.png\",\"contentUrl\":\"https:\\\/\\\/webdelmaestrocmf.com\\\/portal\\\/wp-content\\\/uploads\\\/2023\\\/01\\\/logo-wmcmf-2.png\",\"width\":200,\"height\":60,\"caption\":\"Web del Maestro CMF\"},\"image\":{\"@id\":\"https:\\\/\\\/webdelmaestrocmf.com\\\/portal\\\/#\\\/schema\\\/logo\\\/image\\\/\"},\"sameAs\":[\"https:\\\/\\\/www.facebook.com\\\/WebdelMaestroCMF\\\/\",\"https:\\\/\\\/x.com\\\/cmf_w\",\"https:\\\/\\\/www.pinterest.com\\\/WMCMF\\\/\",\"https:\\\/\\\/www.linkedin.com\\\/company\\\/web-del-maestro-cmf\\\/\",\"https:\\\/\\\/www.instagram.com\\\/wmcmf\\\/\",\"https:\\\/\\\/www.youtube.com\\\/channel\\\/UCDPSvjbdodE5sHnC3OxutHw\",\"https:\\\/\\\/mastodon.social\\\/@wmcmf\",\"https:\\\/\\\/www.tiktok.com\\\/@webdelmaestrocmf\"]},{\"@type\":\"Person\",\"@id\":\"https:\\\/\\\/webdelmaestrocmf.com\\\/portal\\\/#\\\/schema\\\/person\\\/1072a2ed7bd960df8ef99a551fa35dc5\",\"name\":\"Web del Maestro CMF\",\"image\":{\"@type\":\"ImageObject\",\"inLanguage\":\"es\",\"@id\":\"https:\\\/\\\/secure.gravatar.com\\\/avatar\\\/23291dd5b5ae1077dcff3dbb04c3e02bd28403fa75af6d8787d5e97c5bbbe30b?s=96&d=mm&r=g\",\"url\":\"https:\\\/\\\/secure.gravatar.com\\\/avatar\\\/23291dd5b5ae1077dcff3dbb04c3e02bd28403fa75af6d8787d5e97c5bbbe30b?s=96&d=mm&r=g\",\"contentUrl\":\"https:\\\/\\\/secure.gravatar.com\\\/avatar\\\/23291dd5b5ae1077dcff3dbb04c3e02bd28403fa75af6d8787d5e97c5bbbe30b?s=96&d=mm&r=g\",\"caption\":\"Web del Maestro CMF\"},\"description\":\"Esta Web se cre\u00f3 sin fines de lucro, con fines educativos, cient\u00edficos y acad\u00e9micos, para personas que tengan dificultades y\\\/o inconvenientes en visualizar el material original. El objetivo es entregar recursos, compartir experiencias y materiales que ayuden a los padres de familia, maestros y estudiantes en su actualizaci\u00f3n y formaci\u00f3n permanente, en bien de la Educaci\u00f3n.\",\"sameAs\":[\"http:\\\/\\\/webdelmaestrocmf.com\\\/portal\",\"https:\\\/\\\/www.facebook.com\\\/WebdelMaestroCMF\\\/\",\"https:\\\/\\\/www.instagram.com\\\/wmcmf\\\/\",\"https:\\\/\\\/cl.linkedin.com\\\/company\\\/web-del-maestro-cmf\",\"https:\\\/\\\/www.pinterest.com\\\/WMCMF\\\/publicaciones\\\/\",\"https:\\\/\\\/x.com\\\/cmf_w\",\"https:\\\/\\\/www.youtube.com\\\/@WMCMF\"]}]}<\/script>\n<!-- \/ Yoast SEO plugin. -->","yoast_head_json":{"title":"Las tendencias educativas y tecnol\u00f3gicas que marcar\u00e1n 2023 - 2026","description":"El metaverso es una de las tendencias tecnol\u00f3gicas que m\u00e1s ha atra\u00eddo la atenci\u00f3n durante los \u00faltimos meses, tambi\u00e9n aplicada...","robots":{"index":"index","follow":"follow","max-snippet":"max-snippet:-1","max-image-preview":"max-image-preview:large","max-video-preview":"max-video-preview:-1"},"canonical":"https:\/\/webdelmaestrocmf.com\/portal\/las-tendencias-educativas-y-tecnologicas-que-marcaran-2023\/","og_locale":"es_ES","og_type":"article","og_title":"Las tendencias educativas y tecnol\u00f3gicas que marcar\u00e1n 2023 - 2026","og_description":"El metaverso es una de las tendencias tecnol\u00f3gicas que m\u00e1s ha atra\u00eddo la atenci\u00f3n durante los \u00faltimos meses, tambi\u00e9n aplicada...","og_url":"https:\/\/webdelmaestrocmf.com\/portal\/las-tendencias-educativas-y-tecnologicas-que-marcaran-2023\/","og_site_name":"Web del Maestro CMF","article_publisher":"https:\/\/www.facebook.com\/WebdelMaestroCMF\/","article_author":"https:\/\/www.facebook.com\/WebdelMaestroCMF\/","article_published_time":"2023-01-30T02:20:15+00:00","article_modified_time":"2023-01-30T13:41:58+00:00","og_image":[{"width":900,"height":556,"url":"https:\/\/i0.wp.com\/webdelmaestrocmf.com\/portal\/wp-content\/uploads\/2023\/01\/1-75.jpg?fit=900%2C556&ssl=1","type":"image\/jpeg"}],"author":"Web del Maestro CMF","twitter_card":"summary_large_image","twitter_creator":"@cmf_w","twitter_site":"@cmf_w","schema":{"@context":"https:\/\/schema.org","@graph":[{"@type":"ScholarlyArticle","@id":"https:\/\/webdelmaestrocmf.com\/portal\/las-tendencias-educativas-y-tecnologicas-que-marcaran-2023\/#article","isPartOf":{"@id":"https:\/\/webdelmaestrocmf.com\/portal\/las-tendencias-educativas-y-tecnologicas-que-marcaran-2023\/"},"author":{"name":"Web del Maestro CMF","@id":"https:\/\/webdelmaestrocmf.com\/portal\/#\/schema\/person\/1072a2ed7bd960df8ef99a551fa35dc5"},"headline":"Las tendencias educativas y tecnol\u00f3gicas que marcar\u00e1n 2023","datePublished":"2023-01-30T02:20:15+00:00","dateModified":"2023-01-30T13:41:58+00:00","mainEntityOfPage":{"@id":"https:\/\/webdelmaestrocmf.com\/portal\/las-tendencias-educativas-y-tecnologicas-que-marcaran-2023\/"},"wordCount":617,"commentCount":0,"publisher":{"@id":"https:\/\/webdelmaestrocmf.com\/portal\/#organization"},"image":{"@id":"https:\/\/webdelmaestrocmf.com\/portal\/las-tendencias-educativas-y-tecnologicas-que-marcaran-2023\/#primaryimage"},"thumbnailUrl":"https:\/\/webdelmaestrocmf.com\/portal\/wp-content\/uploads\/2023\/01\/1-75.jpg","keywords":["2023","EDUCATIVAS","marcar\u00e1n","TECNOL\u00d3GICAS","TENDENCIAS"],"articleSection":["Recursos","Tendencias"],"inLanguage":"es","potentialAction":[{"@type":"CommentAction","name":"Comment","target":["https:\/\/webdelmaestrocmf.com\/portal\/las-tendencias-educativas-y-tecnologicas-que-marcaran-2023\/#respond"]}]},{"@type":"WebPage","@id":"https:\/\/webdelmaestrocmf.com\/portal\/las-tendencias-educativas-y-tecnologicas-que-marcaran-2023\/","url":"https:\/\/webdelmaestrocmf.com\/portal\/las-tendencias-educativas-y-tecnologicas-que-marcaran-2023\/","name":"Las tendencias educativas y tecnol\u00f3gicas que marcar\u00e1n 2023 - 2026","isPartOf":{"@id":"https:\/\/webdelmaestrocmf.com\/portal\/#website"},"primaryImageOfPage":{"@id":"https:\/\/webdelmaestrocmf.com\/portal\/las-tendencias-educativas-y-tecnologicas-que-marcaran-2023\/#primaryimage"},"image":{"@id":"https:\/\/webdelmaestrocmf.com\/portal\/las-tendencias-educativas-y-tecnologicas-que-marcaran-2023\/#primaryimage"},"thumbnailUrl":"https:\/\/webdelmaestrocmf.com\/portal\/wp-content\/uploads\/2023\/01\/1-75.jpg","datePublished":"2023-01-30T02:20:15+00:00","dateModified":"2023-01-30T13:41:58+00:00","description":"El metaverso es una de las tendencias tecnol\u00f3gicas que m\u00e1s ha atra\u00eddo la atenci\u00f3n durante los \u00faltimos meses, tambi\u00e9n aplicada...","breadcrumb":{"@id":"https:\/\/webdelmaestrocmf.com\/portal\/las-tendencias-educativas-y-tecnologicas-que-marcaran-2023\/#breadcrumb"},"inLanguage":"es","potentialAction":[{"@type":"ReadAction","target":["https:\/\/webdelmaestrocmf.com\/portal\/las-tendencias-educativas-y-tecnologicas-que-marcaran-2023\/"]}]},{"@type":"ImageObject","inLanguage":"es","@id":"https:\/\/webdelmaestrocmf.com\/portal\/las-tendencias-educativas-y-tecnologicas-que-marcaran-2023\/#primaryimage","url":"https:\/\/webdelmaestrocmf.com\/portal\/wp-content\/uploads\/2023\/01\/1-75.jpg","contentUrl":"https:\/\/webdelmaestrocmf.com\/portal\/wp-content\/uploads\/2023\/01\/1-75.jpg","width":900,"height":556},{"@type":"BreadcrumbList","@id":"https:\/\/webdelmaestrocmf.com\/portal\/las-tendencias-educativas-y-tecnologicas-que-marcaran-2023\/#breadcrumb","itemListElement":[{"@type":"ListItem","position":1,"name":"Portada","item":"https:\/\/webdelmaestrocmf.com\/portal\/"},{"@type":"ListItem","position":2,"name":"Recursos","item":"https:\/\/webdelmaestrocmf.com\/portal\/category\/pedagogia\/"},{"@type":"ListItem","position":3,"name":"Las tendencias educativas y tecnol\u00f3gicas que marcar\u00e1n 2023"}]},{"@type":"WebSite","@id":"https:\/\/webdelmaestrocmf.com\/portal\/#website","url":"https:\/\/webdelmaestrocmf.com\/portal\/","name":"Web del Maestro CMF","description":"Maestros al servicio de la educaci\u00f3n","publisher":{"@id":"https:\/\/webdelmaestrocmf.com\/portal\/#organization"},"alternateName":"WMCMF","potentialAction":[{"@type":"SearchAction","target":{"@type":"EntryPoint","urlTemplate":"https:\/\/webdelmaestrocmf.com\/portal\/?s={search_term_string}"},"query-input":{"@type":"PropertyValueSpecification","valueRequired":true,"valueName":"search_term_string"}}],"inLanguage":"es"},{"@type":"Organization","@id":"https:\/\/webdelmaestrocmf.com\/portal\/#organization","name":"Web del Maestro CMF","alternateName":"WMCMF","url":"https:\/\/webdelmaestrocmf.com\/portal\/","logo":{"@type":"ImageObject","inLanguage":"es","@id":"https:\/\/webdelmaestrocmf.com\/portal\/#\/schema\/logo\/image\/","url":"https:\/\/webdelmaestrocmf.com\/portal\/wp-content\/uploads\/2023\/01\/logo-wmcmf-2.png","contentUrl":"https:\/\/webdelmaestrocmf.com\/portal\/wp-content\/uploads\/2023\/01\/logo-wmcmf-2.png","width":200,"height":60,"caption":"Web del Maestro CMF"},"image":{"@id":"https:\/\/webdelmaestrocmf.com\/portal\/#\/schema\/logo\/image\/"},"sameAs":["https:\/\/www.facebook.com\/WebdelMaestroCMF\/","https:\/\/x.com\/cmf_w","https:\/\/www.pinterest.com\/WMCMF\/","https:\/\/www.linkedin.com\/company\/web-del-maestro-cmf\/","https:\/\/www.instagram.com\/wmcmf\/","https:\/\/www.youtube.com\/channel\/UCDPSvjbdodE5sHnC3OxutHw","https:\/\/mastodon.social\/@wmcmf","https:\/\/www.tiktok.com\/@webdelmaestrocmf"]},{"@type":"Person","@id":"https:\/\/webdelmaestrocmf.com\/portal\/#\/schema\/person\/1072a2ed7bd960df8ef99a551fa35dc5","name":"Web del Maestro CMF","image":{"@type":"ImageObject","inLanguage":"es","@id":"https:\/\/secure.gravatar.com\/avatar\/23291dd5b5ae1077dcff3dbb04c3e02bd28403fa75af6d8787d5e97c5bbbe30b?s=96&d=mm&r=g","url":"https:\/\/secure.gravatar.com\/avatar\/23291dd5b5ae1077dcff3dbb04c3e02bd28403fa75af6d8787d5e97c5bbbe30b?s=96&d=mm&r=g","contentUrl":"https:\/\/secure.gravatar.com\/avatar\/23291dd5b5ae1077dcff3dbb04c3e02bd28403fa75af6d8787d5e97c5bbbe30b?s=96&d=mm&r=g","caption":"Web del Maestro CMF"},"description":"Esta Web se cre\u00f3 sin fines de lucro, con fines educativos, cient\u00edficos y acad\u00e9micos, para personas que tengan dificultades y\/o inconvenientes en visualizar el material original. El objetivo es entregar recursos, compartir experiencias y materiales que ayuden a los padres de familia, maestros y estudiantes en su actualizaci\u00f3n y formaci\u00f3n permanente, en bien de la Educaci\u00f3n.","sameAs":["http:\/\/webdelmaestrocmf.com\/portal","https:\/\/www.facebook.com\/WebdelMaestroCMF\/","https:\/\/www.instagram.com\/wmcmf\/","https:\/\/cl.linkedin.com\/company\/web-del-maestro-cmf","https:\/\/www.pinterest.com\/WMCMF\/publicaciones\/","https:\/\/x.com\/cmf_w","https:\/\/www.youtube.com\/@WMCMF"]}]}},"jetpack_featured_media_url":"https:\/\/webdelmaestrocmf.com\/portal\/wp-content\/uploads\/2023\/01\/1-75.jpg","jetpack_sharing_enabled":true,"jetpack-related-posts":[{"id":76696,"url":"https:\/\/webdelmaestrocmf.com\/portal\/5-tendencias-en-tecnologia-educativa-que-estan-por-venir-maestro-esta-preparado-cuales-domina\/","url_meta":{"origin":83503,"position":0},"title":"5 tendencias en tecnolog\u00eda educativa que est\u00e1n por venir. Maestro \u00bfEst\u00e1 preparado? \u00bfCu\u00e1les domina?","author":"Web del Maestro CMF","date":"27 abril, 2022","format":false,"excerpt":"En el pasado, se han implementado varias tendencias en el sector de la educaci\u00f3n con diversos grados de \u00e9xito, pero las tendencias que trajeron los \u00faltimos a\u00f1os en el sector han cambiado por completo la din\u00e1mica del sector y seguramente est\u00e1n aqu\u00ed para quedarse en el futuro previsible. Desde la\u2026","rel":"","context":"En \u00abInformativo\u00bb","block_context":{"text":"Informativo","link":"https:\/\/webdelmaestrocmf.com\/portal\/category\/tecnologia\/informativo-tecnologia\/"},"img":{"alt_text":"","src":"https:\/\/i0.wp.com\/webdelmaestrocmf.com\/portal\/wp-content\/uploads\/2022\/04\/1aa-9.jpg?resize=350%2C200&ssl=1","width":350,"height":200,"srcset":"https:\/\/i0.wp.com\/webdelmaestrocmf.com\/portal\/wp-content\/uploads\/2022\/04\/1aa-9.jpg?resize=350%2C200&ssl=1 1x, https:\/\/i0.wp.com\/webdelmaestrocmf.com\/portal\/wp-content\/uploads\/2022\/04\/1aa-9.jpg?resize=525%2C300&ssl=1 1.5x, https:\/\/i0.wp.com\/webdelmaestrocmf.com\/portal\/wp-content\/uploads\/2022\/04\/1aa-9.jpg?resize=700%2C400&ssl=1 2x, https:\/\/i0.wp.com\/webdelmaestrocmf.com\/portal\/wp-content\/uploads\/2022\/04\/1aa-9.jpg?resize=1050%2C600&ssl=1 3x"},"classes":[]},{"id":92226,"url":"https:\/\/webdelmaestrocmf.com\/portal\/nuevas-tendencias-en-tecnologias-de-informacion-que-profesiones-creamos-para-el-futuro\/","url_meta":{"origin":83503,"position":1},"title":"Nuevas tendencias en tecnolog\u00edas de informaci\u00f3n: \u00bfqu\u00e9 profesiones creamos para el futuro?","author":"Web del Maestro CMF","date":"14 agosto, 2023","format":false,"excerpt":"En el vertiginoso avance de la era tecnol\u00f3gica, las tendencias en tecnolog\u00edas de la informaci\u00f3n est\u00e1n trazando un futuro repleto de oportunidades y desaf\u00edos. A medida que la digitalizaci\u00f3n y la innovaci\u00f3n contin\u00faan moldeando nuestra sociedad, surge una pregunta crucial: \u00bfqu\u00e9 profesiones est\u00e1n surgiendo para abordar las nuevas demandas y\u2026","rel":"","context":"En \u00abNoticias\u00bb","block_context":{"text":"Noticias","link":"https:\/\/webdelmaestrocmf.com\/portal\/category\/pedagogia\/noticias-pedagogia\/"},"img":{"alt_text":"","src":"https:\/\/i0.wp.com\/webdelmaestrocmf.com\/portal\/wp-content\/uploads\/2023\/08\/A12B3C4D-7-1.jpg?resize=350%2C200&ssl=1","width":350,"height":200,"srcset":"https:\/\/i0.wp.com\/webdelmaestrocmf.com\/portal\/wp-content\/uploads\/2023\/08\/A12B3C4D-7-1.jpg?resize=350%2C200&ssl=1 1x, https:\/\/i0.wp.com\/webdelmaestrocmf.com\/portal\/wp-content\/uploads\/2023\/08\/A12B3C4D-7-1.jpg?resize=525%2C300&ssl=1 1.5x, https:\/\/i0.wp.com\/webdelmaestrocmf.com\/portal\/wp-content\/uploads\/2023\/08\/A12B3C4D-7-1.jpg?resize=700%2C400&ssl=1 2x"},"classes":[]},{"id":107454,"url":"https:\/\/webdelmaestrocmf.com\/portal\/tendencias-que-redefiniran-la-educacion-en-2025-microaprendizaje-ia-abp-rv-ra-y-habilidades-blandas\/","url_meta":{"origin":83503,"position":2},"title":"Tendencias que redefinir\u00e1n la educaci\u00f3n en 2025: Microaprendizaje, IA, ABP, RV, RA y Habilidades blandas","author":"Web del Maestro CMF","date":"12 enero, 2025","format":false,"excerpt":"La educaci\u00f3n est\u00e1 experimentando una transformaci\u00f3n sin precedentes gracias a los avances tecnol\u00f3gicos, las nuevas metodolog\u00edas y la adaptaci\u00f3n a las necesidades cambiantes de los estudiantes. Esta evoluci\u00f3n no solo est\u00e1 modificando las herramientas y estrategias dentro del aula, sino que tambi\u00e9n est\u00e1 redefiniendo la manera en que los estudiantes\u2026","rel":"","context":"En \u00abEducaci\u00f3n STEM\u00bb","block_context":{"text":"Educaci\u00f3n STEM","link":"https:\/\/webdelmaestrocmf.com\/portal\/category\/pedagogia\/educacion-stem\/"},"img":{"alt_text":"","src":"https:\/\/i0.wp.com\/webdelmaestrocmf.com\/portal\/wp-content\/uploads\/2025\/01\/1A-Banner-1-portada-imagen-10-1-17.jpg?resize=350%2C200&ssl=1","width":350,"height":200,"srcset":"https:\/\/i0.wp.com\/webdelmaestrocmf.com\/portal\/wp-content\/uploads\/2025\/01\/1A-Banner-1-portada-imagen-10-1-17.jpg?resize=350%2C200&ssl=1 1x, https:\/\/i0.wp.com\/webdelmaestrocmf.com\/portal\/wp-content\/uploads\/2025\/01\/1A-Banner-1-portada-imagen-10-1-17.jpg?resize=525%2C300&ssl=1 1.5x, https:\/\/i0.wp.com\/webdelmaestrocmf.com\/portal\/wp-content\/uploads\/2025\/01\/1A-Banner-1-portada-imagen-10-1-17.jpg?resize=700%2C400&ssl=1 2x"},"classes":[]},{"id":58297,"url":"https:\/\/webdelmaestrocmf.com\/portal\/transformacion-digital-estas-son-las-siete-tendencias-en-educacion-que-emergieron-con-la-pandemia\/","url_meta":{"origin":83503,"position":3},"title":"Transformaci\u00f3n digital: estas son las siete tendencias en educaci\u00f3n que emergieron con la pandemia y que los docentes deben dominar para sus clases presenciales","author":"Web del Maestro CMF","date":"26 diciembre, 2021","format":false,"excerpt":"Cada revoluci\u00f3n industrial fue catalizada por una importante evoluci\u00f3n tecnol\u00f3gica. Hoy no es diferente. Con el 90 por ciento de los datos del mundo producidos en los \u00faltimos dos a\u00f1os y m\u00e1s de 26 mil millones de dispositivos inteligentes en circulaci\u00f3n, estamos viviendo en una era de innovaci\u00f3n tecnol\u00f3gica sin\u2026","rel":"","context":"En \u00abNoticias\u00bb","block_context":{"text":"Noticias","link":"https:\/\/webdelmaestrocmf.com\/portal\/category\/pedagogia\/noticias-pedagogia\/"},"img":{"alt_text":"","src":"https:\/\/i0.wp.com\/webdelmaestrocmf.com\/portal\/wp-content\/uploads\/2021\/01\/1-167.jpg?resize=350%2C200&ssl=1","width":350,"height":200,"srcset":"https:\/\/i0.wp.com\/webdelmaestrocmf.com\/portal\/wp-content\/uploads\/2021\/01\/1-167.jpg?resize=350%2C200&ssl=1 1x, https:\/\/i0.wp.com\/webdelmaestrocmf.com\/portal\/wp-content\/uploads\/2021\/01\/1-167.jpg?resize=525%2C300&ssl=1 1.5x, https:\/\/i0.wp.com\/webdelmaestrocmf.com\/portal\/wp-content\/uploads\/2021\/01\/1-167.jpg?resize=700%2C400&ssl=1 2x, https:\/\/i0.wp.com\/webdelmaestrocmf.com\/portal\/wp-content\/uploads\/2021\/01\/1-167.jpg?resize=1050%2C600&ssl=1 3x"},"classes":[]},{"id":17484,"url":"https:\/\/webdelmaestrocmf.com\/portal\/gran-reto-las-instituciones-educativas-generacion-z-millennials\/","url_meta":{"origin":83503,"position":4},"title":"Otro gran reto para las instituciones educativas: generaci\u00f3n X, Y, Z y T","author":"Web del Maestro CMF","date":"25 abril, 2017","format":false,"excerpt":"El art\u00edculo de Fernando P\u00e9rez, publicado en ABC (Espa\u00f1a) y que compartimos con fines educativos- pastorales, nos presenta el nuevo reto de la educaci\u00f3n: analizar la influencia de los nuevos factores de cambio, que ponen en valor las tendencias m\u00e1s relevantes y significativas en el desembarco de la \u201cCuarta Revoluci\u00f3n\u2026","rel":"","context":"En \u00abSin categor\u00eda\u00bb","block_context":{"text":"Sin categor\u00eda","link":"https:\/\/webdelmaestrocmf.com\/portal\/category\/sin-categoria-es\/"},"img":{"alt_text":"","src":"https:\/\/i0.wp.com\/webdelmaestrocmf.com\/portal\/wp-content\/uploads\/2017\/04\/A12B3C4D-60.jpg?resize=350%2C200&ssl=1","width":350,"height":200,"srcset":"https:\/\/i0.wp.com\/webdelmaestrocmf.com\/portal\/wp-content\/uploads\/2017\/04\/A12B3C4D-60.jpg?resize=350%2C200&ssl=1 1x, https:\/\/i0.wp.com\/webdelmaestrocmf.com\/portal\/wp-content\/uploads\/2017\/04\/A12B3C4D-60.jpg?resize=525%2C300&ssl=1 1.5x, https:\/\/i0.wp.com\/webdelmaestrocmf.com\/portal\/wp-content\/uploads\/2017\/04\/A12B3C4D-60.jpg?resize=700%2C400&ssl=1 2x"},"classes":[]},{"id":108089,"url":"https:\/\/webdelmaestrocmf.com\/portal\/las-habilidades-mas-demandadas-para-el-2030\/","url_meta":{"origin":83503,"position":5},"title":"Las habilidades m\u00e1s demandadas para el 2030","author":"Web del Maestro CMF","date":"23 febrero, 2025","format":false,"excerpt":"Estos aspectos permitir\u00e1 no solo mejorar la ense\u00f1anza, sino tambi\u00e9n garantizar que las pr\u00f3ximas generaciones cuenten con los recursos necesarios para enfrentar los desaf\u00edos del futuro","rel":"","context":"En \u00abHabilidades\u00bb","block_context":{"text":"Habilidades","link":"https:\/\/webdelmaestrocmf.com\/portal\/category\/pedagogia\/habilidades\/"},"img":{"alt_text":"","src":"https:\/\/i0.wp.com\/webdelmaestrocmf.com\/portal\/wp-content\/uploads\/2025\/02\/1A-Banner-1-portada-imagen-10-1-92.jpg?resize=350%2C200&ssl=1","width":350,"height":200,"srcset":"https:\/\/i0.wp.com\/webdelmaestrocmf.com\/portal\/wp-content\/uploads\/2025\/02\/1A-Banner-1-portada-imagen-10-1-92.jpg?resize=350%2C200&ssl=1 1x, https:\/\/i0.wp.com\/webdelmaestrocmf.com\/portal\/wp-content\/uploads\/2025\/02\/1A-Banner-1-portada-imagen-10-1-92.jpg?resize=525%2C300&ssl=1 1.5x, https:\/\/i0.wp.com\/webdelmaestrocmf.com\/portal\/wp-content\/uploads\/2025\/02\/1A-Banner-1-portada-imagen-10-1-92.jpg?resize=700%2C400&ssl=1 2x"},"classes":[]}],"_links":{"self":[{"href":"https:\/\/webdelmaestrocmf.com\/portal\/wp-json\/wp\/v2\/posts\/83503","targetHints":{"allow":["GET"]}}],"collection":[{"href":"https:\/\/webdelmaestrocmf.com\/portal\/wp-json\/wp\/v2\/posts"}],"about":[{"href":"https:\/\/webdelmaestrocmf.com\/portal\/wp-json\/wp\/v2\/types\/post"}],"author":[{"embeddable":true,"href":"https:\/\/webdelmaestrocmf.com\/portal\/wp-json\/wp\/v2\/users\/1"}],"replies":[{"embeddable":true,"href":"https:\/\/webdelmaestrocmf.com\/portal\/wp-json\/wp\/v2\/comments?post=83503"}],"version-history":[{"count":0,"href":"https:\/\/webdelmaestrocmf.com\/portal\/wp-json\/wp\/v2\/posts\/83503\/revisions"}],"wp:featuredmedia":[{"embeddable":true,"href":"https:\/\/webdelmaestrocmf.com\/portal\/wp-json\/wp\/v2\/media\/83506"}],"wp:attachment":[{"href":"https:\/\/webdelmaestrocmf.com\/portal\/wp-json\/wp\/v2\/media?parent=83503"}],"wp:term":[{"taxonomy":"category","embeddable":true,"href":"https:\/\/webdelmaestrocmf.com\/portal\/wp-json\/wp\/v2\/categories?post=83503"},{"taxonomy":"post_tag","embeddable":true,"href":"https:\/\/webdelmaestrocmf.com\/portal\/wp-json\/wp\/v2\/tags?post=83503"}],"curies":[{"name":"wp","href":"https:\/\/api.w.org\/{rel}","templated":true}]}}